{"id":81264,"date":"2019-04-01T16:06:21","date_gmt":"2019-04-01T14:06:21","guid":{"rendered":"http:\/\/www.radiopiu.net\/wordpress\/?p=81264"},"modified":"2019-04-02T10:51:27","modified_gmt":"2019-04-02T08:51:27","slug":"cortina-addestramento-sagf-cnsas-in-valanga","status":"publish","type":"post","link":"https:\/\/www.radiopiu.net\/wordpress\/cortina-addestramento-sagf-cnsas-in-valanga\/","title":{"rendered":"CORTINA: ADDESTRAMENTO SAGF-CNSAS IN VALANGA"},"content":{"rendered":"<h2><\/h2>\n<p><strong><a class=\"dt-pswp-item\" href=\"http:\/\/www.radiopiu.net\/wordpress\/wp-content\/uploads\/2019\/04\/IMG-20190401-WA0000-1.jpg\" data-dt-img-description=\"\" data-large_image_width=\"1599\" data-large_image_height=\"823\"><img loading=\"lazy\" decoding=\"async\" class=\"alignnone size-large wp-image-81259\" src=\"http:\/\/www.radiopiu.net\/wordpress\/wp-content\/uploads\/2019\/04\/IMG-20190401-WA0000-1-1024x527.jpg\" alt=\"\" width=\"1024\" height=\"527\" srcset=\"https:\/\/www.radiopiu.net\/wordpress\/wp-content\/uploads\/2019\/04\/IMG-20190401-WA0000-1-1024x527.jpg 1024w, https:\/\/www.radiopiu.net\/wordpress\/wp-content\/uploads\/2019\/04\/IMG-20190401-WA0000-1-300x154.jpg 300w, https:\/\/www.radiopiu.net\/wordpress\/wp-content\/uploads\/2019\/04\/IMG-20190401-WA0000-1-768x395.jpg 768w, https:\/\/www.radiopiu.net\/wordpress\/wp-content\/uploads\/2019\/04\/IMG-20190401-WA0000-1.jpg 1599w\" sizes=\"auto, (max-width: 1024px) 100vw, 1024px\" \/><\/a>CORTINA\u00a0 <\/strong>Sabato scorso il Col Gallina sul Passo Falzarego \u00e8 stato lo scenario dell&#8217;addestramento congiunto Sagf &#8211; Cnsas, mirato all&#8217;affinamento delle operazioni condivise tra i due enti, chiamati a intervenire fianco a fianco in caso di valanga, l&#8217;emergenza in assoluto pi\u00f9 impegnativa per la rapidit\u00e0 richiesta, la difficolt\u00e0 nelle comunicazioni e per il numero elevato di soccorritori in campo con diverse mansioni da regolare. Dopo un primo ripasso frontale delle procedure, le manovre si sono spostate all&#8217;aperto, con la simulazione di 4 probabili scialpinisti travolti &#8211; 2 con dispositivi Artva, 1 con Recco, 1 senza &#8211; e un testimone superstite a fornire le uniche informazioni. Allertati come realmente avviene, soccorritori e unit\u00e0 cinofile si sono messi a disposizione dei due direttori di valanga, di Soccorso alpino e Sagf, procedendo nelle varie fasi dell&#8217;intervento: disposizione delle sentinelle per valutare il rischio di ulteriori distacchi, ricerca con i cani, vista &#8211; udito, con l&#8217;Artva e con il Recco, diverse tipologie di sondaggio, disseppellimento. &#8220;\u00c8 stata un&#8217;esercitazione importante, frutto dell&#8217;ormai consolidato lavoro di squadra &#8211; ha sottolineato il comandante provinciale della Guardia di finanza Gaetano Giacchi, alla sua seconda esercitazione invernale a Cortina dopo quella del 17 marzo 2018 &#8211; non ho potuto che notare la grande cordialit\u00e0 esistente tra i due enti e l&#8217;affiatamento, requisiti fondamentali per il raggiungimento degli obiettivi stilati nel protocollo siglato il 23 settembre 2016, nell&#8217;interesse reciproco e soprattutto della collettivit\u00e0. Un&#8217;attivit\u00e0 rilevante per rinsaldare la sinergia in entrambe le Stazioni del Sagf, Cortina e Auronzo, e tra Sagf e Cnsas, per rafforzare e affinare le gi\u00e0 elevatissime capacit\u00e0 dei nostri uomini, per consolidare coordinamento e rapidit\u00e0 dei soccorritori entro una cornice di sicurezza innanzitutto per loro stessi&#8221;. Nel concludere elogiando il continuo duro addestramento che richiede in tutti i soccorritori sacrificio, vocazione e passione, il comandante Giachi ha ricordato il prossimo addestramento congiunto, previsto a giugno con il coinvolgimento della Sezione aerea di Bolzano della Guardia di finanza.<\/p>\n\n\t\t\t<style type='text\/css'>\n\t\t\t\t#gallery-1 {\n\t\t\t\t\tmargin: auto;\n\t\t\t\t}\n\t\t\t\t#gallery-1 .gallery-item {\n\t\t\t\t\tfloat: left;\n\t\t\t\t\tmargin-top: 10px;\n\t\t\t\t\ttext-align: center;\n\t\t\t\t\twidth: 33%;\n\t\t\t\t}\n\t\t\t\t#gallery-1 img {\n\t\t\t\t\tborder: 2px solid #cfcfcf;\n\t\t\t\t}\n\t\t\t\t#gallery-1 .gallery-caption {\n\t\t\t\t\tmargin-left: 0;\n\t\t\t\t}\n\t\t\t\t\/* see gallery_shortcode() in wp-includes\/media.php *\/\n\t\t\t<\/style>\n\t\t<div id='gallery-1' class='dt-gallery-container gallery galleryid-81264 gallery-columns-3 gallery-size-thumbnail'><dl class='gallery-item'>\n\t\t\t\t<dt class='gallery-icon landscape'>\n\t\t\t\t\t<a class=\"rollover\" href='https:\/\/www.radiopiu.net\/wordpress\/giornale-radiopiu-02-aprile-2019-direttore-mirko-mezzacasa\/img-20190401-wa0005\/'><img loading=\"lazy\" decoding=\"async\" width=\"150\" height=\"150\" src=\"https:\/\/www.radiopiu.net\/wordpress\/wp-content\/uploads\/2019\/04\/IMG-20190401-WA0005-150x150.jpg\" class=\"attachment-thumbnail size-thumbnail\" alt=\"\" \/><\/a>\n\t\t\t\t<\/dt><\/dl><dl class='gallery-item'>\n\t\t\t\t<dt class='gallery-icon landscape'>\n\t\t\t\t\t<a class=\"rollover\" href='https:\/\/www.radiopiu.net\/wordpress\/giornale-radiopiu-02-aprile-2019-direttore-mirko-mezzacasa\/img-20190401-wa0003\/'><img loading=\"lazy\" decoding=\"async\" width=\"150\" height=\"150\" src=\"https:\/\/www.radiopiu.net\/wordpress\/wp-content\/uploads\/2019\/04\/IMG-20190401-WA0003-150x150.jpg\" class=\"attachment-thumbnail size-thumbnail\" alt=\"\" \/><\/a>\n\t\t\t\t<\/dt><\/dl><dl class='gallery-item'>\n\t\t\t\t<dt class='gallery-icon landscape'>\n\t\t\t\t\t<a class=\"rollover\" href='https:\/\/www.radiopiu.net\/wordpress\/giornale-radiopiu-02-aprile-2019-direttore-mirko-mezzacasa\/img-20190401-wa0001-2\/'><img loading=\"lazy\" decoding=\"async\" width=\"150\" height=\"150\" src=\"https:\/\/www.radiopiu.net\/wordpress\/wp-content\/uploads\/2019\/04\/IMG-20190401-WA0001-1-150x150.jpg\" class=\"attachment-thumbnail size-thumbnail\" alt=\"\" \/><\/a>\n\t\t\t\t<\/dt><\/dl><br style=\"clear: both\" \/>\n\t\t\t<\/div>\n\n","protected":false},"excerpt":{"rendered":"<p>CORTINA\u00a0 Sabato scorso il Col Gallina sul Passo Falzarego \u00e8 stato lo scenario dell&#8217;addestramento congiunto Sagf &#8211; Cnsas, mirato all&#8217;affinamento delle operazioni condivise tra i due enti, chiamati a intervenire fianco a fianco in caso di valanga, l&#8217;emergenza in assoluto pi\u00f9 impegnativa per la rapidit\u00e0 richiesta, la difficolt\u00e0 nelle comunicazioni e per il numero elevato&hellip;<\/p>\n","protected":false},"author":1,"featured_media":81261,"comment_status":"closed","ping_status":"closed","sticky":false,"template":"","format":"standard","meta":{"_monsterinsights_skip_tracking":false,"_monsterinsights_sitenote_active":false,"_monsterinsights_sitenote_note":"","_monsterinsights_sitenote_category":0,"footnotes":""},"categories":[51,49],"tags":[],"class_list":["post-81264","post","type-post","status-publish","format-standard","has-post-thumbnail","hentry","category-evidenza-top","category-news-18","category-51","category-49","description-off"],"img_url":"https:\/\/www.radiopiu.net\/wordpress\/wp-content\/uploads\/2019\/04\/IMG-20190401-WA0003.jpg","_links":{"self":[{"href":"https:\/\/www.radiopiu.net\/wordpress\/wp-json\/wp\/v2\/posts\/81264","targetHints":{"allow":["GET"]}}],"collection":[{"href":"https:\/\/www.radiopiu.net\/wordpress\/wp-json\/wp\/v2\/posts"}],"about":[{"href":"https:\/\/www.radiopiu.net\/wordpress\/wp-json\/wp\/v2\/types\/post"}],"author":[{"embeddable":true,"href":"https:\/\/www.radiopiu.net\/wordpress\/wp-json\/wp\/v2\/users\/1"}],"replies":[{"embeddable":true,"href":"https:\/\/www.radiopiu.net\/wordpress\/wp-json\/wp\/v2\/comments?post=81264"}],"version-history":[{"count":0,"href":"https:\/\/www.radiopiu.net\/wordpress\/wp-json\/wp\/v2\/posts\/81264\/revisions"}],"wp:featuredmedia":[{"embeddable":true,"href":"https:\/\/www.radiopiu.net\/wordpress\/wp-json\/wp\/v2\/media\/81261"}],"wp:attachment":[{"href":"https:\/\/www.radiopiu.net\/wordpress\/wp-json\/wp\/v2\/media?parent=81264"}],"wp:term":[{"taxonomy":"category","embeddable":true,"href":"https:\/\/www.radiopiu.net\/wordpress\/wp-json\/wp\/v2\/categories?post=81264"},{"taxonomy":"post_tag","embeddable":true,"href":"https:\/\/www.radiopiu.net\/wordpress\/wp-json\/wp\/v2\/tags?post=81264"}],"curies":[{"name":"wp","href":"https:\/\/api.w.org\/{rel}","templated":true}]}}