{"id":81286,"date":"2019-04-02T10:00:57","date_gmt":"2019-04-02T08:00:57","guid":{"rendered":"http:\/\/www.radiopiu.net\/wordpress\/?p=81286"},"modified":"2019-04-03T05:43:07","modified_gmt":"2019-04-03T03:43:07","slug":"da-domani-3-famiglie-di-altrettante-abitazioni-su-5-fanno-ritorno-a-casa-dopo-levacuazione-per-il-masso-di-bries","status":"publish","type":"post","link":"https:\/\/www.radiopiu.net\/wordpress\/da-domani-3-famiglie-di-altrettante-abitazioni-su-5-fanno-ritorno-a-casa-dopo-levacuazione-per-il-masso-di-bries\/","title":{"rendered":"DA OGGI 3 FAMIGLIE DI ALTRETTANTE ABITAZIONI (SU 5) FANNO RITORNO A CASA DOPO L&#8217;EVACUAZIONE PER IL MASSO DI BRIES"},"content":{"rendered":"<p>&nbsp;<\/p>\n<p><strong>AGORDO<\/strong> I sessanta giorni lavorativi non sono trascorsi, ma da oggi 3 famiglie rientreranno nelle loro abitazioni a Bries di Agordo, si tratta delle tre abitazioni sulla sinistra venendo da Agordo dopo la centrale Enel, finalmente porte aperte anche nell&#8217;attivit\u00e0 artigianale-commerciale di Andrea Da Ronch. Per altre due abitazioni ancora qualche giorno di attesa. La casa della famiglia Tormen tra l&#8217;altro ha riscontrato anche dei danni alla rete fognaria e alle reti tecnologiche che saranno ripristinate. Solo successivamente ci sar\u00e0 la riapertura della regionale 203 agordina tra Agordo e Taibon chiusa dallo scorso 1 febbraio. Prevista una deroga per l&#8217;attivit\u00e0 della famiglia Case, che potr\u00e0 accedere a piazzali e locali. La notizia \u00e8 stata data dal sindaco di Agordo, Sisto Da Roit che non ha mancato di ringraziare la Provincia per come hanno rispettato i tempi e condotto i lavori.<\/p>\n<p>&nbsp;<\/p>\n","protected":false},"excerpt":{"rendered":"<p>&nbsp; AGORDO I sessanta giorni lavorativi non sono trascorsi, ma da oggi 3 famiglie rientreranno nelle loro abitazioni a Bries di Agordo, si tratta delle tre abitazioni sulla sinistra venendo da Agordo dopo la centrale Enel, finalmente porte aperte anche nell&#8217;attivit\u00e0 artigianale-commerciale di Andrea Da Ronch. Per altre due abitazioni ancora qualche giorno di attesa.&hellip;<\/p>\n","protected":false},"author":1,"featured_media":77671,"comment_status":"closed","ping_status":"closed","sticky":false,"template":"","format":"standard","meta":{"_monsterinsights_skip_tracking":false,"_monsterinsights_sitenote_active":false,"_monsterinsights_sitenote_note":"","_monsterinsights_sitenote_category":0,"footnotes":""},"categories":[51,49],"tags":[],"class_list":["post-81286","post","type-post","status-publish","format-standard","has-post-thumbnail","hentry","category-evidenza-top","category-news-18","category-51","category-49","description-off"],"img_url":"https:\/\/www.radiopiu.net\/wordpress\/wp-content\/uploads\/2019\/02\/b4806c1d-73d6-4fe5-b33e-b6949b95fa89.jpg","_links":{"self":[{"href":"https:\/\/www.radiopiu.net\/wordpress\/wp-json\/wp\/v2\/posts\/81286","targetHints":{"allow":["GET"]}}],"collection":[{"href":"https:\/\/www.radiopiu.net\/wordpress\/wp-json\/wp\/v2\/posts"}],"about":[{"href":"https:\/\/www.radiopiu.net\/wordpress\/wp-json\/wp\/v2\/types\/post"}],"author":[{"embeddable":true,"href":"https:\/\/www.radiopiu.net\/wordpress\/wp-json\/wp\/v2\/users\/1"}],"replies":[{"embeddable":true,"href":"https:\/\/www.radiopiu.net\/wordpress\/wp-json\/wp\/v2\/comments?post=81286"}],"version-history":[{"count":0,"href":"https:\/\/www.radiopiu.net\/wordpress\/wp-json\/wp\/v2\/posts\/81286\/revisions"}],"wp:featuredmedia":[{"embeddable":true,"href":"https:\/\/www.radiopiu.net\/wordpress\/wp-json\/wp\/v2\/media\/77671"}],"wp:attachment":[{"href":"https:\/\/www.radiopiu.net\/wordpress\/wp-json\/wp\/v2\/media?parent=81286"}],"wp:term":[{"taxonomy":"category","embeddable":true,"href":"https:\/\/www.radiopiu.net\/wordpress\/wp-json\/wp\/v2\/categories?post=81286"},{"taxonomy":"post_tag","embeddable":true,"href":"https:\/\/www.radiopiu.net\/wordpress\/wp-json\/wp\/v2\/tags?post=81286"}],"curies":[{"name":"wp","href":"https:\/\/api.w.org\/{rel}","templated":true}]}}