{"id":81363,"date":"2024-10-17T05:45:40","date_gmt":"2024-10-17T03:45:40","guid":{"rendered":"http:\/\/www.radiopiu.net\/wordpress\/?p=81363"},"modified":"2024-10-17T06:16:14","modified_gmt":"2024-10-17T04:16:14","slug":"segnalazione-meteog","status":"publish","type":"post","link":"https:\/\/www.radiopiu.net\/wordpress\/segnalazione-meteog\/","title":{"rendered":"Meteo. Maltempo in arrivo. Allerta gialla"},"content":{"rendered":"<p>**<\/p>\n<p>&nbsp;<\/p>\n<p><img loading=\"lazy\" decoding=\"async\" class=\"alignleft\" src=\"https:\/\/www.radiopiu.net\/wordpress\/wp-content\/uploads\/2018\/08\/instabilita.jpg\" width=\"258\" height=\"155\" \/>Le previsioni meteo indicano che tra oggi, mercoled\u00ec 16, e domenica 20 la regione sar\u00e0 interessata dal persistere di una circolazione ciclonica con frequenti precipitazioni. Una prima fase pi\u00f9 intensa \u00e8 associata al passaggio di un veloce impulso perturbato tra la serata di domani, gioved\u00ec 17 e la mattinata di venerd\u00ec 18; sono previste precipitazioni diffuse, pi\u00f9 consistenti sulle zone montane e pedemontane, con fenomeni anche a carattere di rovescio o locale temporale (tra Prealpi e pianura) e con quantitativi da consistenti a localmente abbondanti sulle zone montane e pedemontane, in particolare sulle Prealpi. Alla luce delle previsioni, il Centro Funzionale Decentrato della Protezione Civile regionale ha emesso un avviso di criticit\u00e0 idrogeologica e idraulica valido da domani, gioved\u00ec 17 alle ore 18:00, fino a venerd\u00ec 18 alle ore 18:00. \u00c8 dichiarato lo stato di attenzione (allerta gialla). \u00c8 possibile innesco di frane superficiali e colate rapide sui settori montani, pedemontani, collinari delle zone in allerta; possibile innalzamento dei livelli della rete idrografica secondaria<\/p>\n<p>&nbsp;<\/p>\n<p>___<\/p>\n","protected":false},"excerpt":{"rendered":"<p>** &nbsp; Le previsioni meteo indicano che tra oggi, mercoled\u00ec 16, e domenica 20 la regione sar\u00e0 interessata dal persistere di una circolazione ciclonica con frequenti precipitazioni. Una prima fase pi\u00f9 intensa \u00e8 associata al passaggio di un veloce impulso perturbato tra la serata di domani, gioved\u00ec 17 e la mattinata di venerd\u00ec 18; sono&hellip;<\/p>\n","protected":false},"author":1,"featured_media":57488,"comment_status":"closed","ping_status":"closed","sticky":false,"template":"","format":"standard","meta":{"_monsterinsights_skip_tracking":false,"_monsterinsights_sitenote_active":false,"_monsterinsights_sitenote_note":"","_monsterinsights_sitenote_category":0,"footnotes":""},"categories":[51,49],"tags":[],"class_list":["post-81363","post","type-post","status-publish","format-standard","has-post-thumbnail","hentry","category-evidenza-top","category-news-18","category-51","category-49","description-off"],"img_url":"https:\/\/www.radiopiu.net\/wordpress\/wp-content\/uploads\/2018\/08\/instabilita.jpg","_links":{"self":[{"href":"https:\/\/www.radiopiu.net\/wordpress\/wp-json\/wp\/v2\/posts\/81363","targetHints":{"allow":["GET"]}}],"collection":[{"href":"https:\/\/www.radiopiu.net\/wordpress\/wp-json\/wp\/v2\/posts"}],"about":[{"href":"https:\/\/www.radiopiu.net\/wordpress\/wp-json\/wp\/v2\/types\/post"}],"author":[{"embeddable":true,"href":"https:\/\/www.radiopiu.net\/wordpress\/wp-json\/wp\/v2\/users\/1"}],"replies":[{"embeddable":true,"href":"https:\/\/www.radiopiu.net\/wordpress\/wp-json\/wp\/v2\/comments?post=81363"}],"version-history":[{"count":2,"href":"https:\/\/www.radiopiu.net\/wordpress\/wp-json\/wp\/v2\/posts\/81363\/revisions"}],"predecessor-version":[{"id":414802,"href":"https:\/\/www.radiopiu.net\/wordpress\/wp-json\/wp\/v2\/posts\/81363\/revisions\/414802"}],"wp:featuredmedia":[{"embeddable":true,"href":"https:\/\/www.radiopiu.net\/wordpress\/wp-json\/wp\/v2\/media\/57488"}],"wp:attachment":[{"href":"https:\/\/www.radiopiu.net\/wordpress\/wp-json\/wp\/v2\/media?parent=81363"}],"wp:term":[{"taxonomy":"category","embeddable":true,"href":"https:\/\/www.radiopiu.net\/wordpress\/wp-json\/wp\/v2\/categories?post=81363"},{"taxonomy":"post_tag","embeddable":true,"href":"https:\/\/www.radiopiu.net\/wordpress\/wp-json\/wp\/v2\/tags?post=81363"}],"curies":[{"name":"wp","href":"https:\/\/api.w.org\/{rel}","templated":true}]}}