{"id":81476,"date":"2019-04-03T15:34:11","date_gmt":"2019-04-03T13:34:11","guid":{"rendered":"http:\/\/www.radiopiu.net\/wordpress\/?p=81476"},"modified":"2019-04-03T16:31:18","modified_gmt":"2019-04-03T14:31:18","slug":"danilo-sacco-per-pollicino-oggi-alla-radio-e-sabato-a-sedico","status":"publish","type":"post","link":"https:\/\/www.radiopiu.net\/wordpress\/danilo-sacco-per-pollicino-oggi-alla-radio-e-sabato-a-sedico\/","title":{"rendered":"DANILO SACCO PER POLLICINO, OGGI ALLA RADIO E SABATO A SEDICO"},"content":{"rendered":"<p><strong><span style=\"color: #ff0000;\">L&#8217;INTERVISTA, DI MIRKO MEZZACASA<\/span><\/strong><\/p>\n<audio class=\"wp-audio-shortcode\" id=\"audio-81476-1\" preload=\"none\" style=\"width: 100%;\" controls=\"controls\"><source type=\"audio\/mpeg\" src=\"http:\/\/www.radiopiu.net\/wordpress\/wp-content\/uploads\/2019\/04\/DANILO2.mp3?_=1\" \/><a href=\"http:\/\/www.radiopiu.net\/wordpress\/wp-content\/uploads\/2019\/04\/DANILO2.mp3\">http:\/\/www.radiopiu.net\/wordpress\/wp-content\/uploads\/2019\/04\/DANILO2.mp3<\/a><\/audio>\n<p>&nbsp;<\/p>\n<p><strong><a class=\"dt-pswp-item\" href=\"http:\/\/www.radiopiu.net\/wordpress\/wp-content\/uploads\/2019\/03\/danilo-sacco-003-1.jpg\" data-dt-img-description=\"\" data-large_image_width=\"465\" data-large_image_height=\"1324\"><img loading=\"lazy\" decoding=\"async\" class=\"wp-image-78216 alignleft\" src=\"http:\/\/www.radiopiu.net\/wordpress\/wp-content\/uploads\/2019\/03\/danilo-sacco-003-1-360x1024.jpg\" alt=\"\" width=\"103\" height=\"293\" srcset=\"https:\/\/www.radiopiu.net\/wordpress\/wp-content\/uploads\/2019\/03\/danilo-sacco-003-1-360x1024.jpg 360w, https:\/\/www.radiopiu.net\/wordpress\/wp-content\/uploads\/2019\/03\/danilo-sacco-003-1-105x300.jpg 105w, https:\/\/www.radiopiu.net\/wordpress\/wp-content\/uploads\/2019\/03\/danilo-sacco-003-1.jpg 465w\" sizes=\"auto, (max-width: 103px) 100vw, 103px\" \/><\/a>SEDICO\u00a0 \u00a0<\/strong>E&#8217; Danilo Sacco l&#8217;artista scelto dal Comitato Pollicino per festeggiare degnamente anche a Sedico i dieci anni dall&#8217;inaugurazione di Casa Pollicino, a Petrosani. E quindi sabato 6 aprile , il cantante per quasi vent&#8217;anni dei Nomadi si esibir\u00e0 al Palaskating (ex Bocciodromo) di Sedico. \u201dGli amici coorganizzatori del WREvents, dopo il Pian dei Castaldi Music Festival hanno pensato a fare qualcosa di speciale per questa nostra importante ricorrenza &#8211; spiega Morena Pavei , presidentessa del Comitato Pollicino &#8211; e la scelta \u00e8 caduta quasi in maniera naturale su una persona, pi\u00f9 che un artista, che \u00e8 fortemente in linea con i nostri principi di solidariet\u00e0, amicizia e umanit\u00e0\u201d Danilo Sacco, detto anche Kakuen, Nomade nella polvere del vento, sapr\u00e0 alternare alcuni brani del suo nuovo disco alle canzoni che hanno fatto la sua storia , accompagnato da una band di 5 elementi, tra i quali spiccano Valerio Giambelli, gi\u00e0 chitarrista dei torinesi Statuto e il tastierista &#8211; fisarmonicista Andrea Mei, autore di moltissime canzoni dei Nomadi e non solo. Le prevendite on line sono gi\u00e0 disponibili sul sito <a class=\"moz-txt-link-abbreviated\" href=\"http:\/\/www.billetto.it\">www.billetto.it<\/a>.<\/p>\n<p>Informazioni ulteriori sul sito specifico dedicato all&#8217;evento <a class=\"moz-txt-link-freetext\" href=\"http:\/\/concertodanilosacco.wrevents.it\/\">http:\/\/concertodanilosacco.wrevents.it\/<\/a><\/p>\n<blockquote><p><em> Durante la serata all&#8217;esterno del palaskating sar\u00e0 in funzione un fornitissimo chiosco, aperto dal pomeriggio per accogliere anche i molti fans provenienti da tutto il triveneto e non solo. Gli organizzatori infatti hanno confermato di avere gi\u00e0 prenotazioni anche da Bergamo e Novellara (MO), due roccaforti storiche del cosiddetto \u201cpopolo Nomade\u201d<\/em><\/p><\/blockquote>\n<p>&nbsp;<\/p>\n","protected":false},"excerpt":{"rendered":"<p>L&#8217;INTERVISTA, DI MIRKO MEZZACASA &nbsp; SEDICO\u00a0 \u00a0E&#8217; Danilo Sacco l&#8217;artista scelto dal Comitato Pollicino per festeggiare degnamente anche a Sedico i dieci anni dall&#8217;inaugurazione di Casa Pollicino, a Petrosani. E quindi sabato 6 aprile , il cantante per quasi vent&#8217;anni dei Nomadi si esibir\u00e0 al Palaskating (ex Bocciodromo) di Sedico. \u201dGli amici coorganizzatori del WREvents,&hellip;<\/p>\n","protected":false},"author":1,"featured_media":81477,"comment_status":"closed","ping_status":"closed","sticky":false,"template":"","format":"standard","meta":{"_monsterinsights_skip_tracking":false,"_monsterinsights_sitenote_active":false,"_monsterinsights_sitenote_note":"","_monsterinsights_sitenote_category":0,"footnotes":""},"categories":[49,84],"tags":[],"class_list":["post-81476","post","type-post","status-publish","format-standard","has-post-thumbnail","hentry","category-news-18","category-speciali","category-49","category-84","description-off"],"img_url":"https:\/\/www.radiopiu.net\/wordpress\/wp-content\/uploads\/2019\/04\/53478439_2335909819776748_2411400678145523712_n.jpg","_links":{"self":[{"href":"https:\/\/www.radiopiu.net\/wordpress\/wp-json\/wp\/v2\/posts\/81476","targetHints":{"allow":["GET"]}}],"collection":[{"href":"https:\/\/www.radiopiu.net\/wordpress\/wp-json\/wp\/v2\/posts"}],"about":[{"href":"https:\/\/www.radiopiu.net\/wordpress\/wp-json\/wp\/v2\/types\/post"}],"author":[{"embeddable":true,"href":"https:\/\/www.radiopiu.net\/wordpress\/wp-json\/wp\/v2\/users\/1"}],"replies":[{"embeddable":true,"href":"https:\/\/www.radiopiu.net\/wordpress\/wp-json\/wp\/v2\/comments?post=81476"}],"version-history":[{"count":0,"href":"https:\/\/www.radiopiu.net\/wordpress\/wp-json\/wp\/v2\/posts\/81476\/revisions"}],"wp:featuredmedia":[{"embeddable":true,"href":"https:\/\/www.radiopiu.net\/wordpress\/wp-json\/wp\/v2\/media\/81477"}],"wp:attachment":[{"href":"https:\/\/www.radiopiu.net\/wordpress\/wp-json\/wp\/v2\/media?parent=81476"}],"wp:term":[{"taxonomy":"category","embeddable":true,"href":"https:\/\/www.radiopiu.net\/wordpress\/wp-json\/wp\/v2\/categories?post=81476"},{"taxonomy":"post_tag","embeddable":true,"href":"https:\/\/www.radiopiu.net\/wordpress\/wp-json\/wp\/v2\/tags?post=81476"}],"curies":[{"name":"wp","href":"https:\/\/api.w.org\/{rel}","templated":true}]}}