{"id":81512,"date":"2019-04-03T17:57:40","date_gmt":"2019-04-03T15:57:40","guid":{"rendered":"http:\/\/www.radiopiu.net\/wordpress\/?p=81512"},"modified":"2019-04-03T17:57:40","modified_gmt":"2019-04-03T15:57:40","slug":"nel-dopo-vaia-mai-piu-come-prima-allarme-meteo-parla-massaro","status":"publish","type":"post","link":"https:\/\/www.radiopiu.net\/wordpress\/nel-dopo-vaia-mai-piu-come-prima-allarme-meteo-parla-massaro\/","title":{"rendered":"NEL DOPO VAIA MAI PIU&#8217; COME PRIMA. ALLARME METEO, PARLA MASSARO"},"content":{"rendered":"<p><b><a class=\"dt-pswp-item\" href=\"http:\/\/www.radiopiu.net\/wordpress\/wp-content\/uploads\/2018\/08\/instabilita.jpg\" data-dt-img-description=\"\" data-large_image_width=\"1280\" data-large_image_height=\"768\"><img loading=\"lazy\" decoding=\"async\" class=\"wp-image-57488 alignleft\" src=\"http:\/\/www.radiopiu.net\/wordpress\/wp-content\/uploads\/2018\/08\/instabilita-1024x614.jpg\" alt=\"\" width=\"150\" height=\"90\" srcset=\"https:\/\/www.radiopiu.net\/wordpress\/wp-content\/uploads\/2018\/08\/instabilita-1024x614.jpg 1024w, https:\/\/www.radiopiu.net\/wordpress\/wp-content\/uploads\/2018\/08\/instabilita-300x180.jpg 300w, https:\/\/www.radiopiu.net\/wordpress\/wp-content\/uploads\/2018\/08\/instabilita-768x461.jpg 768w, https:\/\/www.radiopiu.net\/wordpress\/wp-content\/uploads\/2018\/08\/instabilita.jpg 1280w\" sizes=\"auto, (max-width: 150px) 100vw, 150px\" \/><\/a>AVVISO METEO: <\/b>Tra oggi e la mattinata di domani precipitazioni soprattutto sulle zone montane e pedemontane, dove sono previsti quantitativi da abbondanti (60-100 mm) a molto abbondanti (100-150 mm) su Prealpi e Dolomiti con possibili locali massimi di 150-200 mm. Fase intensa nella giornata odierna con rovesci e temporali e venti forti dai quadranti meridionali. Nevicate copiose in montagna specie in alta quota (1800-2000 m), di entit\u00e0 via via minore a quote inferiori.<\/p>\n<p>&nbsp;<\/p>\n<p>&nbsp;<\/p>\n<p>&nbsp;<\/p>\n<h2>L&#8217;INTERVENTO\u00a0 DEL SINDACO JACOPO MASSARO<\/h2>\n<audio class=\"wp-audio-shortcode\" id=\"audio-81512-1\" preload=\"none\" style=\"width: 100%;\" controls=\"controls\"><source type=\"audio\/mpeg\" src=\"http:\/\/www.radiopiu.net\/wordpress\/wp-content\/uploads\/2019\/04\/massaro.mp3?_=1\" \/><a href=\"http:\/\/www.radiopiu.net\/wordpress\/wp-content\/uploads\/2019\/04\/massaro.mp3\">http:\/\/www.radiopiu.net\/wordpress\/wp-content\/uploads\/2019\/04\/massaro.mp3<\/a><\/audio>\n<p>&nbsp;<\/p>\n<p>&nbsp;<\/p>\n<p>&nbsp;<\/p>\n<blockquote>\n<p class=\"western\"><b>MALTEMPO IN ARRIVO IN VENETO CON VENTO, PIOGGIA E NEVE. PROTEZIONE CIVILE REGIONE EMETTE AVVISO DI CONDIZIONI METEO AVVERSE. <\/b><\/p>\n<p class=\"western\"><strong>VENEZIA<\/strong>\u00a0 Un\u2019ondata di maltempo di notevole intensit\u00e0 sta per interessare il Veneto. Porter\u00e0 precipitazioni estese, a tratti intense, con quantitativi abbondanti o localmente molto abbondanti; copiose nevicate in alta quota e localmente a quote inferiori; venti forti in quota e, a tratti, sulla costa. Alla luce di queste previsioni, il Centro Funzionale Decentrato della Protezione Civile della Regione del Veneto ha emesso un avviso di condizioni meteo avverse per criticit\u00e0 idraulica e idrogeologica, per nevicate e per vento forte. <b>Lo Stato di Attenzione per Criticit\u00e0 Idraulica sulla Rete Principale<\/b> \u00e8 dichiarato, dalle ore 8 di oggi\u00a0 alle ore 14 di domani. <b>Emesso anche un Avviso di Criticit\u00e0 Valanghe con Allerta Gialla a partire da oggi<\/b>, sia sulle Dolomiti che sulle Prealpi. La quota neve sar\u00e0 in discesa progressiva fino a 700-800 metri. In alcune aree, gli accumuli potranno raggiungere il metro di spessore.<\/p>\n<\/blockquote>\n<p>&nbsp;<\/p>\n<p>&nbsp;<\/p>\n<p>&nbsp;<\/p>\n<p>&nbsp;<\/p>\n<h2>CONDIZIONI METEO AVVERSE, VENETO STRADE SI PREPARA<\/h2>\n<p><a class=\"dt-pswp-item\" href=\"http:\/\/www.radiopiu.net\/wordpress\/wp-content\/uploads\/2015\/11\/strada_3.jpg\" data-dt-img-description=\"\" data-large_image_width=\"225\" data-large_image_height=\"225\"><img loading=\"lazy\" decoding=\"async\" class=\"wp-image-13451 alignleft\" src=\"http:\/\/www.radiopiu.net\/wordpress\/wp-content\/uploads\/2015\/11\/strada_3.jpg\" alt=\"\" width=\"86\" height=\"86\" \/><\/a>Con riferimento alle attuali previsioni meteo avverse, comportanti rilevanti apporti nevosi a partire dalle quote superiori a 1500\u00a0 metri, Veneto Strade informa che, in modo particolare dalla seconda met\u00e0 della giornata di domani gioved\u00ec 04 aprile 2019, a causa del possibile aumento del pericolo valanghivo \u00e8 molto probabile insorga la necessit\u00e0 di interdire la transitabilit\u00e0 stradale sui Passi Dolomitici. Per consentire lo sgombero neve in sicurezza, saranno possibili chiusure temporanee su altri tratti stradali<\/p>\n<p>&nbsp;<\/p>\n<p>&nbsp;<\/p>\n<p>&nbsp;<\/p>\n<h2><span style=\"color: #ff0000;\">DALLA PREFETTURA<\/span><\/h2>\n<p><strong>ATTESO FORTE PEGGIORAMENTO DELLE CONDIZIONI METEREOLOGICHE\u00a0 NEL BELLUNESE: MASSIMA ATTENZIONE IN TUTTA LA PROVINCIA <\/strong><strong>\u00a0<\/strong>In vista del preannunciato peggioramento delle condizioni meteo che interesser\u00e0 tutto il Bellunese fino a venerd\u00ec &#8211; con picchi del fenomeno avverso attualmente previsti a partire dal pomeriggio di domani, gioved\u00ec 4 aprile, e fino alla tarda mattinata della giornata successiva, venerd\u00ec 5 aprile -, con apposita riunione dell\u2019Unit\u00e0 di crisi in Prefettura \u00e8 stato allertato il sistema di protezione civile provinciale. Sono\u00a0 infatti attese nel territorio provinciale precipitazioni particolarmente abbondanti e, specie in quota (1400-1700 m), nevicate copiose, di entit\u00e0 via via minore a quote inferiori, tali da determinare un possibile aumento del rischio valanghivo. Alla luce di tali indicazioni il Prefetto, Francesco Esposito, ha richiesto a tutte le componenti del sistema provinciale di protezione civile nonch\u00e9 ai Sindaci, la massima attenzione e il costante monitoraggio della situazione, specie nei punti che, sulla base delle pianificazioni comunali di emergenza e delle devastazioni di fine ottobre, sono maggiormente a rischio. Il Prefetto ha poi chiesto ai Sindaci di diramare ulteriori informazioni e indicazioni alle rispettive comunit\u00e0 sulla base di altri eventuali fattori di rischio specifici di ciascun singolo territorio comunale e degli sviluppi della situazione. Inoltre, all\u2019esito della riunione odierna del Comitato Operativo di Viabilit\u00e0, il Prefetto ha disposto la limitazione al transito ai mezzi pesanti superiori alle 3,5 t. lungo i seguenti tratti di strada, dalle ore 11.00 di gioved\u00ec 4 aprile alle ore 12.00 di venerd\u00ec 5 aprile: &#8211; SS. 51 di Alemagna: dal km 108+000 in loc. Fiames al Km 118 + 150 loc. Cimabanche; &#8211; SS 52 Carnica:\u00a0 dal km 102 + 350 loc. Valgrande al km 110+100 loc. Passo M. Croce; dal km 71+600 loc. Lorenzago al km. 64+200 loc. Passo Mauria<\/p>\n<p>&nbsp;<\/p>\n","protected":false},"excerpt":{"rendered":"<p>AVVISO METEO: Tra oggi e la mattinata di domani precipitazioni soprattutto sulle zone montane e pedemontane, dove sono previsti quantitativi da abbondanti (60-100 mm) a molto abbondanti (100-150 mm) su Prealpi e Dolomiti con possibili locali massimi di 150-200 mm. Fase intensa nella giornata odierna con rovesci e temporali e venti forti dai quadranti meridionali.&hellip;<\/p>\n","protected":false},"author":1,"featured_media":50334,"comment_status":"closed","ping_status":"closed","sticky":false,"template":"","format":"standard","meta":{"_monsterinsights_skip_tracking":false,"_monsterinsights_sitenote_active":false,"_monsterinsights_sitenote_note":"","_monsterinsights_sitenote_category":0,"footnotes":""},"categories":[49],"tags":[],"class_list":["post-81512","post","type-post","status-publish","format-standard","has-post-thumbnail","hentry","category-news-18","category-49","description-off"],"img_url":"https:\/\/www.radiopiu.net\/wordpress\/wp-content\/uploads\/2018\/06\/temporale.jpg","_links":{"self":[{"href":"https:\/\/www.radiopiu.net\/wordpress\/wp-json\/wp\/v2\/posts\/81512","targetHints":{"allow":["GET"]}}],"collection":[{"href":"https:\/\/www.radiopiu.net\/wordpress\/wp-json\/wp\/v2\/posts"}],"about":[{"href":"https:\/\/www.radiopiu.net\/wordpress\/wp-json\/wp\/v2\/types\/post"}],"author":[{"embeddable":true,"href":"https:\/\/www.radiopiu.net\/wordpress\/wp-json\/wp\/v2\/users\/1"}],"replies":[{"embeddable":true,"href":"https:\/\/www.radiopiu.net\/wordpress\/wp-json\/wp\/v2\/comments?post=81512"}],"version-history":[{"count":0,"href":"https:\/\/www.radiopiu.net\/wordpress\/wp-json\/wp\/v2\/posts\/81512\/revisions"}],"wp:featuredmedia":[{"embeddable":true,"href":"https:\/\/www.radiopiu.net\/wordpress\/wp-json\/wp\/v2\/media\/50334"}],"wp:attachment":[{"href":"https:\/\/www.radiopiu.net\/wordpress\/wp-json\/wp\/v2\/media?parent=81512"}],"wp:term":[{"taxonomy":"category","embeddable":true,"href":"https:\/\/www.radiopiu.net\/wordpress\/wp-json\/wp\/v2\/categories?post=81512"},{"taxonomy":"post_tag","embeddable":true,"href":"https:\/\/www.radiopiu.net\/wordpress\/wp-json\/wp\/v2\/tags?post=81512"}],"curies":[{"name":"wp","href":"https:\/\/api.w.org\/{rel}","templated":true}]}}