{"id":81694,"date":"2019-04-06T06:01:40","date_gmt":"2019-04-06T04:01:40","guid":{"rendered":"http:\/\/www.radiopiu.net\/wordpress\/?p=81694"},"modified":"2019-04-06T10:22:30","modified_gmt":"2019-04-06T08:22:30","slug":"giornale-radiopiu-06-aprile-2019-direttore-mirko-mezzacasa","status":"publish","type":"post","link":"https:\/\/www.radiopiu.net\/wordpress\/giornale-radiopiu-06-aprile-2019-direttore-mirko-mezzacasa\/","title":{"rendered":"GIORNALE RADIOPIU 06 APRILE 2019 DIRETTORE MIRKO MEZZACASA"},"content":{"rendered":"<p>Situazione strade provinciali e regionali in Provincia di Belluno in gestione a Veneto Strade S.p.A. nel Bellunese.<br \/>\nAggiornamento al 06\/04\/2019 ore 09.00. Si comunica che vengono riaperti al transito i seguenti tratti stradali:<br \/>\n&#8211; S.P. 1 bis \u201cMadonna del Piave\u201d diramazione Vas \u2013 Segusino, \u00a0S.P. 49 \u201cdi Misurina\u201d<\/p>\n<p><strong>Rimangono chiusi i seguenti tratti stradali: <\/strong>&#8211; S.R. 48 \u201cdelle Dolomiti\u201d\u00a0 Passo Pordoi),\u00a0 &#8211; S.R. 48 \u201cdelle Dolomiti\u201d\u00a0 localit\u00e0 Pian di Falzarego \u00a0S.P. 619 \u201cdi Vigo di Cadore\u201d\u00a0 \u00a0S.P. 638 \u201cdel Passo Giau\u201d\u00a0 &#8211; S.P. 641 \u201cdel passo Fedaia\u201d \u00a0S.P. 24 \u201cdel passo Val Parola\u201d<\/p>\n<p>&nbsp;<\/p>\n<p>&nbsp;<\/p>\n<p><strong>Un milione<\/strong> di euro \u00e8 quanto il Comune di Rocca Pietore chiede a Laura Internicola per le offese alla popolazione su facebook nei giorni dopo l&#8217;uragano Vaia, lo ha confermato gi\u00e0 ieri mattina alla radio il sindaco Andrea De Bernadin.<\/p>\n<p>Il presidente dalla <strong>commissione olimpica<\/strong> Morariu ha ricevuto ieri la lettera di impegno per la candidatura olimpica, \u00e8 stata consegnata dal sottosegretario Giorgetti, un impegno che si concretizza in 415 milioni di euro, il 24 giugno il voto a Losanna, cauto il presidente del Coni.<\/p>\n<p><strong>Paso <\/strong><strong>Ahmetovic<\/strong>, il croato che accoltello&#8217; il consigliere comunale Bruno Longo \u00e8 stato condannato a 6 anni e 6 mesi di carcere per tentato omicidio e dovr\u00e0 risarcire la vittima con 30 mila euro, in carcere a Treviso ci rimarr\u00e0 almeno per un anno poi ci sar\u00e0 il processo di appello, il pubblico ministero Roberta Gallego aveva richiesto 8 anni di reclusione.<\/p>\n<p>Potrebbe essere stato un <strong>fulmine la causa<\/strong> dell&#8217;incendio al deposito attrezzi del sindaco di Gosaldo Giocondo Dalle Feste (20 mila euro di danni), avrebbe centrato in pieno il pannello fotovoltaico che ha scatenato le fiamme.<\/p>\n<p>Buone notizie per la proloco di Caviola,il <strong>Comune di Falcade<\/strong> ha stanziato 35 mila euro come contributo per la gestione degli uffici turistici e per l&#8217;organizzazione degli eventi di paese.<\/p>\n<p>&nbsp;<\/p>\n<p>&nbsp;<\/p>\n<h1>CERTO CHE MI RICANDIDO, HO ANCORA MOLTO DA FARE<\/h1>\n<p><a class=\"dt-pswp-item\" href=\"http:\/\/www.radiopiu.net\/wordpress\/wp-content\/uploads\/2015\/10\/roberto-padrin-2.jpg\" data-dt-img-description=\"\" data-large_image_width=\"201\" data-large_image_height=\"237\"><img loading=\"lazy\" decoding=\"async\" class=\"size-full wp-image-11554 alignleft\" src=\"http:\/\/www.radiopiu.net\/wordpress\/wp-content\/uploads\/2015\/10\/roberto-padrin-2.jpg\" alt=\"\" width=\"201\" height=\"237\" \/><\/a><\/p>\n<p>&nbsp;<\/p>\n<p>&nbsp;<\/p>\n<p>&nbsp;<\/p>\n<p>Da Longarone la notizia: <strong>Roberto Padrin<\/strong> si ricandida a sindaco per il terzo mandato dopo i successi del 2009 e del 2014.<\/p>\n<p><strong>AI MICROFONI DI RADIO PIU&#8217; ROBERTO PADRIN<\/strong><\/p>\n<audio class=\"wp-audio-shortcode\" id=\"audio-81694-1\" preload=\"none\" style=\"width: 100%;\" controls=\"controls\"><source type=\"audio\/mpeg\" src=\"http:\/\/www.radiopiu.net\/wordpress\/wp-content\/uploads\/2019\/04\/padrin.mp3?_=1\" \/><a href=\"http:\/\/www.radiopiu.net\/wordpress\/wp-content\/uploads\/2019\/04\/padrin.mp3\">http:\/\/www.radiopiu.net\/wordpress\/wp-content\/uploads\/2019\/04\/padrin.mp3<\/a><\/audio>\n<p>&nbsp;<\/p>\n<p>&nbsp;<\/p>\n<p>&nbsp;<\/p>\n<h2>DISSERVIZI ENEL A RIVAMONTE<\/h2>\n<p><strong>RIVAMONTE<\/strong> Ieri alle 13 la Prefettura ha comunicato il superamento dell&#8217;emergenza maltempo e la \u00a0chiusura della Sala Operativa Provinciale, ma per\u00a0 gli abitanti delle frazioni Tos, Valchesina e Angoletta\u00a0 non \u00e8 andata nello stesso modo visto che di problemi ne hanno avuto fino a ieri sera alle 21.46. Infatti l&#8217;energia elettrica \u00e8 mancata ieri mattina alle 3 fino alle 14 del pomeriggio e dopo una partentesi (accensione dei generatori) \u00e8 di nuovo mancata dalle 18.30 fino a sera. Nel corso dell&#8217;ondata di maltempo sono 2000 le utenze rimaste senza corrente. I passi dolomitici non sono stati ancora aperti, non tutti, ieri una valanga ha interessato la strada per Passo Pordoi. I Vigili del fuoco hanno effettuato una ventina di interventi, soprattutto per la rimozione di piante cadute sulle strade. Frana di almeno 25 metri cubi dal Monte Miesna a\u00a0 Canal nel feltrino, sfiorata una casa e gli abitanti protestano chiedendo un disgaggio definitivo. A Rasai di Seren del Grappa nell&#8217;area davanti agli impianti sportivi si \u00e8 creato il solito laghetto. Elevato il rischio di valanghe, sconsigliato il fuori pista e le escursioni in genere. A Rocca Pietore nessun problema sui versanti rimasti privi di alberi cos\u00ec come a Livinallongo dove per\u00f2 un albero \u00e8 caduto su una casa senza creare grandi danni, danneggiata un&#8217;auto parcheggiata. Oltre un metro di neve ad Arabba, Cortina, Malga Losch di Frassen\u00e8 il record 106 centimetri sui Monti Alti di Ornella a 2200 metri.<\/p>\n<h2><strong>NEVE AL SUOLO<\/strong><\/h2>\n<blockquote class=\"wp-embedded-content\" data-secret=\"k8LZYQKDr0\"><p><a href=\"https:\/\/www.radiopiu.net\/wordpress\/neve-al-suolo-8\/\">Neve al suolo<\/a><\/p><\/blockquote>\n<p><iframe loading=\"lazy\" class=\"wp-embedded-content\" sandbox=\"allow-scripts\" security=\"restricted\" style=\"position: absolute; clip: rect(1px, 1px, 1px, 1px);\" src=\"https:\/\/www.radiopiu.net\/wordpress\/neve-al-suolo-8\/embed\/#?secret=k8LZYQKDr0\" data-secret=\"k8LZYQKDr0\" width=\"600\" height=\"338\" title=\"&#8220;Neve al suolo&#8221; &#8212; Radio Pi\u00f9\" frameborder=\"0\" marginwidth=\"0\" marginheight=\"0\" scrolling=\"no\"><\/iframe><\/p>\n<p>&nbsp;<\/p>\n<p>&nbsp;<\/p>\n<blockquote><p><strong>dalla QUESTURA ATTENZIONE AL MALWARE ESTORSIVO GOOTKIT!<\/strong><br \/>\nUna nuova ondata di malware tramite email di spam hanno raggiunto diverse utenze PEC o PEO ( Posta Elettronica Ordinaria) della pubblica amministrazione. Esse fanno riferimento all&#8217;INAIL (Istituto Nazionale contro gli Infortuni sul Lavoro, al Tribunale di Napoli e alla societ\u00e0 di trasporto Bartolini. I messaggi, scritti in un buon italiano, presentano due oggetti diversi, uno riferito ad una fantomatica procedura esecutiva immobiliare,<span class=\"text_exposed_show\"> l&#8217;altro ad un sollecito di \u00e8pagamento di una fattura. Tali malware contengono un file zippato del tipo DOCM contenente il virus, e una volta aperto tale file compare la richiesta di estorsione. Come di consueto prestate attenzione e aggiornate l&#8217;antivirus del vostro pc.<\/span><\/p>\n<p>&nbsp;<\/p><\/blockquote>\n<p>&nbsp;<\/p>\n<blockquote>\n<p align=\"JUSTIFY\"><em><span style=\"font-family: Arial, sans-serif;\"><a class=\"dt-pswp-item\" href=\"http:\/\/www.radiopiu.net\/wordpress\/wp-content\/uploads\/2018\/08\/ACQUA.jpeg\" data-dt-img-description=\"\" data-large_image_width=\"1280\" data-large_image_height=\"768\"><img loading=\"lazy\" decoding=\"async\" class=\"wp-image-57052 alignleft\" src=\"http:\/\/www.radiopiu.net\/wordpress\/wp-content\/uploads\/2018\/08\/ACQUA.jpeg\" alt=\"\" width=\"199\" height=\"119\" srcset=\"https:\/\/www.radiopiu.net\/wordpress\/wp-content\/uploads\/2018\/08\/ACQUA.jpeg 1280w, https:\/\/www.radiopiu.net\/wordpress\/wp-content\/uploads\/2018\/08\/ACQUA-300x180.jpeg 300w, https:\/\/www.radiopiu.net\/wordpress\/wp-content\/uploads\/2018\/08\/ACQUA-768x461.jpeg 768w, https:\/\/www.radiopiu.net\/wordpress\/wp-content\/uploads\/2018\/08\/ACQUA-1024x614.jpeg 1024w\" sizes=\"auto, (max-width: 199px) 100vw, 199px\" \/><\/a><strong>Gestione Servizi Pubblici informa che, per lavori alla rete idrica comunale,\u00a0 MARTEDI\u00a0 9 APRILE dalle 8 a FINE LAVORI, potrebbe mancare l&#8217;acqua a LA VALLE AGORDINA in TUTTO IL COMUNE tranne nelle localit\u00e0 LA MUDA e TORNER.<\/strong><\/span><\/em><\/p>\n<p align=\"JUSTIFY\"><em><span style=\"font-family: Arial, sans-serif;\">Gestione Servizi Pubblici informa che a Livinallongo del Col di Lana in localit\u00e0 Livin\u00e8 l&#8217;acqua erogata dall&#8217;acquedotto non \u00e8 potabile e pu\u00f2 essere usata per scopi alimentari solo previa bollitura<\/span><\/em><\/p>\n<\/blockquote>\n<p>&nbsp;<\/p>\n<p>&nbsp;<\/p>\n<p>&nbsp;<\/p>\n<p>&nbsp;<\/p>\n<p>&nbsp;<\/p>\n<div class=\"page-title-head hgroup\">\n<h1 class=\"entry-title\">SVERSAMENTO DI ESTERE IRRITANTE, AUTISTA IN OSPEDALE<\/h1>\n<\/div>\n<p><strong><a class=\"dt-pswp-item\" href=\"http:\/\/www.radiopiu.net\/wordpress\/wp-content\/uploads\/2019\/04\/IMG_20190405_121101_632_wm-1.jpg\" data-dt-img-description=\"\" data-large_image_width=\"1280\" data-large_image_height=\"960\"><img loading=\"lazy\" decoding=\"async\" class=\"wp-image-81738 alignleft\" src=\"http:\/\/www.radiopiu.net\/wordpress\/wp-content\/uploads\/2019\/04\/IMG_20190405_121101_632_wm-1-1024x768.jpg\" alt=\"\" width=\"148\" height=\"111\" srcset=\"https:\/\/www.radiopiu.net\/wordpress\/wp-content\/uploads\/2019\/04\/IMG_20190405_121101_632_wm-1-1024x768.jpg 1024w, https:\/\/www.radiopiu.net\/wordpress\/wp-content\/uploads\/2019\/04\/IMG_20190405_121101_632_wm-1-300x225.jpg 300w, https:\/\/www.radiopiu.net\/wordpress\/wp-content\/uploads\/2019\/04\/IMG_20190405_121101_632_wm-1-768x576.jpg 768w, https:\/\/www.radiopiu.net\/wordpress\/wp-content\/uploads\/2019\/04\/IMG_20190405_121101_632_wm-1.jpg 1280w\" sizes=\"auto, (max-width: 148px) 100vw, 148px\" \/><\/a>BELLUNO<\/strong> Erano le 930 di ieri mattina quando i Vigili del fuoco in assetto Nbcr sono intervenuti in\u00a0 Via Vittorio Veneto nel deposito logistico di un\u00a0 corriere per lo sversamento parziale \u00a0di <em>metilmetalcrilato,\u00a0<\/em>causato durante le operazioni di scarico del fusto da un camion. \u00a0L\u2019autista del mezzo R,L. 51 anni si Santa Giustina \u00e8 stato \u00a0portato in ospedale per aver respirato dei fumi della sostanza fuoriuscita, gi\u00e0 dimesso in serata. I vigili del fuoco accorsi da Belluno con tre squadre tra cui il nucleo NBCR (Nucleare Biologico Chimico Radiologico), hanno tamponato la perdita e messo in sicurezza il fusto. Successivamente la squadra ha effettuato il travaso della sostanza \u00a0su un altro contenitore.<\/p>\n<p>&nbsp;<\/p>\n<p>&nbsp;<\/p>\n<h2>TISPOL:IN PROVINCIA IN 24 ORE 54 VIOLAZIONI AL CODICE DELLA STRADA, SANZIONI PER 20 MILA EURO E 136 PUNTI BRUCIATI<\/h2>\n<h2><a class=\"dt-pswp-item\" href=\"http:\/\/www.radiopiu.net\/wordpress\/wp-content\/uploads\/2019\/04\/WhatsApp-Image-2019-04-06-at-10.17.43.jpeg\" data-dt-img-description=\"\" data-large_image_width=\"1599\" data-large_image_height=\"799\"><img loading=\"lazy\" decoding=\"async\" class=\"alignnone size-large wp-image-81834\" src=\"http:\/\/www.radiopiu.net\/wordpress\/wp-content\/uploads\/2019\/04\/WhatsApp-Image-2019-04-06-at-10.17.43-1024x512.jpeg\" alt=\"\" width=\"1024\" height=\"512\" srcset=\"https:\/\/www.radiopiu.net\/wordpress\/wp-content\/uploads\/2019\/04\/WhatsApp-Image-2019-04-06-at-10.17.43-1024x512.jpeg 1024w, https:\/\/www.radiopiu.net\/wordpress\/wp-content\/uploads\/2019\/04\/WhatsApp-Image-2019-04-06-at-10.17.43-300x150.jpeg 300w, https:\/\/www.radiopiu.net\/wordpress\/wp-content\/uploads\/2019\/04\/WhatsApp-Image-2019-04-06-at-10.17.43-768x384.jpeg 768w, https:\/\/www.radiopiu.net\/wordpress\/wp-content\/uploads\/2019\/04\/WhatsApp-Image-2019-04-06-at-10.17.43.jpeg 1599w\" sizes=\"auto, (max-width: 1024px) 100vw, 1024px\" \/><\/a><\/h2>\n<h2><\/h2>\n<h2><\/h2>\n<p>&nbsp;<\/p>\n<p>&nbsp;<\/p>\n<blockquote><p>&nbsp;<\/p><\/blockquote>\n<h2>ECCO QUEL CHE RESTA DEL DEPOSITO ATTREZZI DEL SINDACO GIOCONDO DALLE FESTE<\/h2>\n<h2>Il dipinto \u00e8 di Valentino Argelli 1992 restaurato da Walter Savio anno 2006<\/h2>\n<p><a class=\"dt-pswp-item\" href=\"http:\/\/www.radiopiu.net\/wordpress\/wp-content\/uploads\/2019\/04\/WhatsApp-Image-2019-04-05-at-17.51.09.jpeg\" data-dt-img-description=\"\" data-large_image_width=\"1600\" data-large_image_height=\"1200\"><img loading=\"lazy\" decoding=\"async\" class=\"alignnone size-large wp-image-81797\" src=\"http:\/\/www.radiopiu.net\/wordpress\/wp-content\/uploads\/2019\/04\/WhatsApp-Image-2019-04-05-at-17.51.09-1024x768.jpeg\" alt=\"\" width=\"1024\" height=\"768\" srcset=\"https:\/\/www.radiopiu.net\/wordpress\/wp-content\/uploads\/2019\/04\/WhatsApp-Image-2019-04-05-at-17.51.09-1024x768.jpeg 1024w, https:\/\/www.radiopiu.net\/wordpress\/wp-content\/uploads\/2019\/04\/WhatsApp-Image-2019-04-05-at-17.51.09-300x225.jpeg 300w, https:\/\/www.radiopiu.net\/wordpress\/wp-content\/uploads\/2019\/04\/WhatsApp-Image-2019-04-05-at-17.51.09-768x576.jpeg 768w, https:\/\/www.radiopiu.net\/wordpress\/wp-content\/uploads\/2019\/04\/WhatsApp-Image-2019-04-05-at-17.51.09.jpeg 1600w\" sizes=\"auto, (max-width: 1024px) 100vw, 1024px\" \/><\/a><\/p>\n<p>&nbsp;<\/p>\n<p>&nbsp;<\/p>\n<h1>IERI ALLA RADIO<\/h1>\n<blockquote class=\"wp-embedded-content\" data-secret=\"TM8vjE56PI\"><p><a href=\"https:\/\/www.radiopiu.net\/wordpress\/nella-notte-brucia-il-ricovero-attrezzi-del-sindaco\/\">NELLA NOTTE BRUCIA IL RICOVERO ATTREZZI DEL SINDACO DANNI PER 20 MILA EURO NON ASSICURATI<\/a><\/p><\/blockquote>\n<p><iframe loading=\"lazy\" class=\"wp-embedded-content\" sandbox=\"allow-scripts\" security=\"restricted\" style=\"position: absolute; clip: rect(1px, 1px, 1px, 1px);\" src=\"https:\/\/www.radiopiu.net\/wordpress\/nella-notte-brucia-il-ricovero-attrezzi-del-sindaco\/embed\/#?secret=TM8vjE56PI\" data-secret=\"TM8vjE56PI\" width=\"600\" height=\"338\" title=\"&#8220;NELLA NOTTE BRUCIA IL RICOVERO ATTREZZI DEL SINDACO DANNI PER 20 MILA EURO NON ASSICURATI&#8221; &#8212; Radio Pi\u00f9\" frameborder=\"0\" marginwidth=\"0\" marginheight=\"0\" scrolling=\"no\"><\/iframe><\/p>\n<p>&nbsp;<\/p>\n<p>&nbsp;<\/p>\n<p>&nbsp;<\/p>\n<h2>BANDA ULTRALARGA 573 MILIONI DI EURO PER CONNETTERE AREE INTERNE E MONTANE<\/h2>\n<blockquote><p><em><a class=\"dt-pswp-item\" href=\"http:\/\/www.radiopiu.net\/wordpress\/wp-content\/uploads\/2018\/12\/argentera_ferrere-3.jpg\" data-dt-img-description=\"\" data-large_image_width=\"865\" data-large_image_height=\"330\"><img loading=\"lazy\" decoding=\"async\" class=\"alignnone size-full wp-image-71005\" src=\"http:\/\/www.radiopiu.net\/wordpress\/wp-content\/uploads\/2018\/12\/argentera_ferrere-3.jpg\" alt=\"\" width=\"865\" height=\"330\" srcset=\"https:\/\/www.radiopiu.net\/wordpress\/wp-content\/uploads\/2018\/12\/argentera_ferrere-3.jpg 865w, https:\/\/www.radiopiu.net\/wordpress\/wp-content\/uploads\/2018\/12\/argentera_ferrere-3-300x114.jpg 300w, https:\/\/www.radiopiu.net\/wordpress\/wp-content\/uploads\/2018\/12\/argentera_ferrere-3-768x293.jpg 768w\" sizes=\"auto, (max-width: 865px) 100vw, 865px\" \/><\/a>&#8220;Sono molto soddisfatto dell&#8217;annuncio fatto ieri dalla Commissaria europea Corina Cretu, che coordina le politiche regionali, relativa allo stanziamento di 573 milioni di euro di fondi europei per lo sviluppo del Piano banda ultralarga, che gi\u00e0 vede Regioni e Stato investire oltre 3 miliardi di euro per cablare, e cambiare, il Paese. E dunque per superare un gap strutturale di sviluppo che ha nelle reti di telecomunicazioni lo snodo e la struttura abilitante per nuovi servizi della pubblica amministrazione e delle imprese. Nell&#8217;incontro che ho avuto ieri con la Commissaria Cretu, a Ivrea, assieme all&#8217;Europarlamentare Bresso, ho avuto la conferma che questo stanziamento di fondi europei rientra nella precisa strategia che la Commissione ha montato negli ultimi anni, con l&#8217;attenzione forte per le aree rurali e montane, che ha portato il Parlamento ad approvare nel 2018 una specifica Risoluzione che dovr\u00e0 portare a una concreta Agenda Montagna dell&#8217;UE&#8221;.<\/em><\/p><\/blockquote>\n<p>Lo afferma il Presidente nazionale Uncem Marco Bussone, a poche ore dall&#8217;incontro con la Commissaria, al Castello di Parella. Innovazione e telecomunicazioni al centro dello sviluppo locale, vettore di crescita e benessere. Come scrive CorCom, 573 milioni di euro, che fanno capo alla politica di coesione, potranno essere utilizzati a copertura del 60% dei costi delle iniziative che riguarderanno le aree in cui l&#8217;accesso all&#8217;Internet veloce non \u00e8 attualmente disponibile. E stando alle stime della Commissione potranno interessare oltre 7mila comuni italiani, per un totale di 12,5 milioni di abitanti, e quasi 1 milione di imprese.<\/p>\n<p>&nbsp;<\/p>\n<p>&nbsp;<\/p>\n<h2><\/h2>\n<div class=\"page-title-head hgroup\">\n<h1 class=\"entry-title\">DE VAL RISPONDE AD AVOSCAN ANCHE SULLA TUTELA DELLA SORGENTE VAL D\u2019ORT<\/h1>\n<\/div>\n<div class=\"page-title-breadcrumbs\">\n<blockquote><p>\u00ab<em>Il Comune\u00a0 &#8211; dice il sindaco Moreno De Val &#8211; non ha disatteso alcuna prescrizione, oppure<\/em><em>\u00a0le forze dell<\/em><em>\u2019<\/em><em>ordine avrebbero sospeso immediatamente i lavori. Il Signor Avoscan ha tutto il diritto di contestare l<\/em><em>\u2019<\/em><em>operato della nostra amministrazione, ma quello che riporta alla stampa e nella sua ultima petizione sono fatti che non corrispondono al vero, <\/em><em>\u00a0non sono suffragati da nessun accesso agli atti n<\/em><em>\u00e9<\/em> <em>da nessun altro documento<\/em><em>\u00bb<\/em><\/p><\/blockquote>\n<p><strong>SAN TOMASO<\/strong>\u00a0 Nella petizione lanciata online\u00a0 sul sito Change.org, Francesco Avoscan sostiene che <em>\u201cLa sorgente ha da tempo delle criticit\u00e0, aumentate recentemente dal trasporto di ingenti quantit\u00e0 di materiale alluvionale a monte della medesima sorgente per volere dell&#8217;amministrazione\u00a0 per un progetto di bonifica con recupero di un&#8217;area in localit\u00e0 Al Pian. Progetto peraltro oggetto di prescrizioni disattese dal Comune\u201d. <\/em>Affermazione che non \u00e8 stata gradita dal sindaco di San Tomaso che non esita a ribattere parola per parola,\u00a0\u00a0 il primo cittadino interviene anche a seguito di vari attacchi alla Giunta da parte del concittadino Avoscan.<\/p>\n<p><strong>di Moreno De Val\u00a0<\/strong><\/p>\n<blockquote><p><em><a class=\"dt-pswp-item\" href=\"http:\/\/www.radiopiu.net\/wordpress\/wp-content\/uploads\/2016\/05\/De_Val_Moreno_Sindaco.jpg\" data-dt-img-description=\"\" data-large_image_width=\"200\" data-large_image_height=\"228\"><img loading=\"lazy\" decoding=\"async\" class=\" wp-image-19619 alignleft\" src=\"http:\/\/www.radiopiu.net\/wordpress\/wp-content\/uploads\/2016\/05\/De_Val_Moreno_Sindaco.jpg\" alt=\"\" width=\"142\" height=\"162\" \/><\/a>\u00abL\u2019unica prescrizione imposta dall\u2019ULSS e relativa ai lavori comunali\u00a0 \u00e8 quella di predisporre lo scarico per allontanare le acque superficiali dalla bonifica verso il versante opposto alla sorgente . Avoscan\u00a0 ha tutto il diritto di contestare l\u2019operato dell&#8217;attuale amministrazione, ma quello che riporta alla stampa e nella sua ultima petizione sono fatti che non corrispondono al vero non sono suffragati da nessun accesso agli atti n\u00e9 da nessun altro documento. La bonifica ambientale, dotata di nulla osta da parte della Regione, \u00e8 stata autorizzata il 4 aprile 2018 ed \u00e8 suffragata da una relazione geologica del 19 marzo dello stesso anno, che tiene in considerazione le distanze dalle opere di presa e delle acque superficiali. Inoltre, dopo la segnalazione da parte dell&#8217;Avoscan ai Carabinieri Forestali, il 29 novembre 2018 \u00e8 stato eseguito un sopralluogo da parte dell\u2019Arma, dell\u2019Arpav, Ulss, Servizio Igiene e di Bim Gsp,\u00a0 \u00a0hanno rilevato che il materiale alluvionale depositato in emergenza (come permesso da norme e regolamenti in occasioni eccezionali come lo \u00e8 stato con l&#8217;uragano Vaia)\u00a0 \u00a0\u00e8 stato\u00a0 sottoposto ad analisi e non sono emerse criticit\u00e0 ambientale rispetto alle soglie di contaminazione indicate dalla normativa vigente. Aver avuto la fortuna di poter utilizzare quell\u2019area\u00a0 ha permesso di mettere in sicurezza case e torrenti ove il materiale si era depositato. E, dunque, passare da irrispettosi dell\u2019ambiente ha\u00a0 del paradossale. Ribadisco che, a prescindere\u00a0 c\u2019\u00e8 sempre piena disponibilit\u00e0 a incontrare i paesani di persona e ad intervenire subito insieme per risolvere i problemi. Questo nell&#8217;esclusivo interesse di San Tomaso\u00bb.<\/em><\/p><\/blockquote>\n<p><strong>DALLA RASSEGNA STAMPA LOCALE MORENO DE VAL<\/strong><\/p>\n<\/div>\n<audio class=\"wp-audio-shortcode\" id=\"audio-81694-2\" preload=\"none\" style=\"width: 100%;\" controls=\"controls\"><source type=\"audio\/mpeg\" src=\"http:\/\/www.radiopiu.net\/wordpress\/wp-content\/uploads\/2019\/04\/moreno-de-val.mp3?_=2\" \/><a href=\"http:\/\/www.radiopiu.net\/wordpress\/wp-content\/uploads\/2019\/04\/moreno-de-val.mp3\">http:\/\/www.radiopiu.net\/wordpress\/wp-content\/uploads\/2019\/04\/moreno-de-val.mp3<\/a><\/audio>\n<p>&nbsp;<\/p>\n<p>&nbsp;<\/p>\n<p><strong>L&#8217;ARTICOLO PRECEDENTE, DAL NOTIZIARIO DI IERI<\/strong><\/p>\n<blockquote class=\"wp-embedded-content\" data-secret=\"r6qU3CwcL6\"><p><a href=\"http:\/\/www.radiopiu.net\/wordpress\/san-tomaso-senzacqua-una-petizione-da-inviare-a-gsp\/\">SAN TOMASO SENZ&#8217;ACQUA: UNA PETIZIONE DA INVIARE A GSP<\/a><\/p><\/blockquote>\n<p><iframe loading=\"lazy\" class=\"wp-embedded-content\" sandbox=\"allow-scripts\" security=\"restricted\" style=\"position: absolute; clip: rect(1px, 1px, 1px, 1px);\" src=\"http:\/\/www.radiopiu.net\/wordpress\/san-tomaso-senzacqua-una-petizione-da-inviare-a-gsp\/embed\/#?secret=r6qU3CwcL6\" data-secret=\"r6qU3CwcL6\" width=\"600\" height=\"338\" title=\"&#8220;SAN TOMASO SENZ&#8217;ACQUA: UNA PETIZIONE DA INVIARE A GSP&#8221; &#8212; Radio Pi\u00f9\" frameborder=\"0\" marginwidth=\"0\" marginheight=\"0\" scrolling=\"no\"><\/iframe><\/p>\n<p>&nbsp;<\/p>\n<p>&nbsp;<\/p>\n<p>&nbsp;<\/p>\n<h2>LA RIFLESSIONE, DALLA FUSIONE DEI COMUNI ALLE SPEREQUAZIONI DEI FONDI DI CONFINE<\/h2>\n<p><strong>AGORDO<\/strong> Ospitiamo un intervento di Cesare Dal B\u00f2 per il Gruppo politico Conca Agordina nato con lo scopo di coinvolgere gli agordini su tematiche di interesse generale. Nelle riunioni e nei convegni effettuati nel corso degli ultimi tre anni sono state invitate persone di diverso orientamento politico. Tra i temi trattati anche quelli relativi alla fusione dei Comuni e ai fondi Brancher, oggi Fondi Comuni Confinanti.<\/p>\n<p><strong>di Cesare Dal B\u00f2<\/strong><\/p>\n<blockquote><p><em><a class=\"dt-pswp-item\" href=\"http:\/\/www.radiopiu.net\/wordpress\/wp-content\/uploads\/2016\/05\/cesare-dal-bo.jpg\" data-dt-img-description=\"\" data-large_image_width=\"367\" data-large_image_height=\"450\"><img loading=\"lazy\" decoding=\"async\" class=\"wp-image-19553 alignleft\" src=\"http:\/\/www.radiopiu.net\/wordpress\/wp-content\/uploads\/2016\/05\/cesare-dal-bo.jpg\" alt=\"\" width=\"103\" height=\"126\" \/><\/a>&#8220;L&#8217;analisi puntuale dei dati economici evidenzi\u00f2 quanto fosse conveniente la fusione tra Comuni con l&#8217;intento di fornire non solo servizi migliori ai cittadini con costi minori ma anche di permettere la composizione di maggioranze operative di pi\u00f9 ampio respiro capaci di affrontare con maggiore competenza sfide sempre pi\u00f9 difficili che le Amministrazioni comunali si trovano ad affrontare. E&#8217; noto a tutti che i Comuni, in particolare i pi\u00f9 piccoli, fanno sempre pi\u00f9 fatica a gestire la &#8220;cosa pubblica&#8221; per mille motivi: economici, burocratici, legislativi, per l&#8217;esiguit\u00e0 del personale dipendente, per la difficolt\u00e0 di accedere a cofinanziamenti, per la fatica di trovare cittadini disposti ad entrare nelle liste, per l&#8217;incertezza di raggiungere il quorum in caso di lista unica e via dicendo. Lo stesso Comune di Agordo deve servirsi di un segretario &#8221; a scavalco&#8221; perch\u00e8 non pu\u00f2 permettersi il costo economico di un segretario tutto per s\u00e8. L&#8217;Agordino conta ormai meno di 20.000 abitanti e ostinarsi a mantenere 16 Comuni peraltro discriminati da vantaggi economici non equanimi appare sempre meno sostenibile. Dovremo arrivare possibilmente ad un numero di Comuni tale che permetta a tutti gli agordini di fruire dei vantaggi dei fondi di confine che andrebbero a sommarsi ad ulteriori benefici economici previsti per le fusioni tra Comuni. Non pi\u00f9 Comuni agordini di prima fascia, seconda fascia o &#8220;figli di nessuno&#8221;. Soltanto Comuni con pari opportunit\u00e0 e con idee collimanti sui problemi di interesse generale. Se penso alla polemica scaturita sui fondi da destinare all\u2019ospedale di Agordo e in particolare per il Pronto Soccorso le cui inadeguate condizioni logistiche sono note a tutti mi viene il magone. Per il nostro ospedale non si dovrebbero trovare i fondi soltanto per ristrutturare il Pronto Soccorso ma anche quelli per sistemare il piano primo ove collocare degnamente Fisioterapia, Poliambulatorio e quel che resta del Laboratorio. Anticipare quindi i soldi che la Regione avrebbe intenzione di stanziare pi\u00f9 avanti nel rispetto del proprio crono programma basato su priorit\u00e0 gi\u00e0 fissate \u00a0con l\u2019impegno di rifonderli successivamente in tempi, modalit\u00e0 e finalit\u00e0 da concordare. Tutto ci\u00f2 \u00e8 possibile con la ricerca pragmatica di un confronto costruttivo con la Regione Veneto abbandonando le contrapposizioni politiche o di principio che non portano da nessuna parte se non ad un ritardo ingiustificabile di esigenze indilazionabili&#8221;.<\/em><\/p><\/blockquote>\n<p>&nbsp;<\/p>\n<p>&nbsp;<\/p>\n<p>&nbsp;<\/p>\n<h2>1 MILIONE DI EURO, LO CHIEDE L&#8217;INSULTATO COMUNE DI ROCCA PIETORE.<\/h2>\n<p><strong><a class=\"dt-pswp-item\" href=\"http:\/\/www.radiopiu.net\/wordpress\/wp-content\/uploads\/2018\/11\/serrai-sottoguda-ph.moreno.geremetta.jpg\" data-dt-img-description=\"\" data-large_image_width=\"1600\" data-large_image_height=\"2400\"><img loading=\"lazy\" decoding=\"async\" class=\"wp-image-66550 alignleft\" src=\"http:\/\/www.radiopiu.net\/wordpress\/wp-content\/uploads\/2018\/11\/serrai-sottoguda-ph.moreno.geremetta-683x1024.jpg\" alt=\"\" width=\"129\" height=\"193\" srcset=\"https:\/\/www.radiopiu.net\/wordpress\/wp-content\/uploads\/2018\/11\/serrai-sottoguda-ph.moreno.geremetta-683x1024.jpg 683w, https:\/\/www.radiopiu.net\/wordpress\/wp-content\/uploads\/2018\/11\/serrai-sottoguda-ph.moreno.geremetta-200x300.jpg 200w, https:\/\/www.radiopiu.net\/wordpress\/wp-content\/uploads\/2018\/11\/serrai-sottoguda-ph.moreno.geremetta-768x1152.jpg 768w, https:\/\/www.radiopiu.net\/wordpress\/wp-content\/uploads\/2018\/11\/serrai-sottoguda-ph.moreno.geremetta.jpg 1600w\" sizes=\"auto, (max-width: 129px) 100vw, 129px\" \/><\/a>ROCCA PIETORE<\/strong> Nelle aule del tribunale prender\u00e0 avvio a breve la causa intentata\u00a0<strong>dal Comune di Rocca Pietore<\/strong>\u00a0contro la donna bresciana che su facebook ha offeso i rocchesani nei giorni del post Vaia.\u00a0 Il sindaco Andrea De Bernardin\u00a0 gi\u00e0 aveva denunciato la donna ai Carabinieri di Caprile. L\u2019amministrazione chiede un risarcimento da 1 milione di euro per la ricostruzione di Rocca Pietore.<\/p>\n<p><strong>IL SINDACO ANDREA DE BERNARDIN<\/strong><\/p>\n<audio class=\"wp-audio-shortcode\" id=\"audio-81694-3\" preload=\"none\" style=\"width: 100%;\" controls=\"controls\"><source type=\"audio\/mpeg\" src=\"http:\/\/www.radiopiu.net\/wordpress\/wp-content\/uploads\/2019\/04\/andrea.mp3?_=3\" \/><a href=\"http:\/\/www.radiopiu.net\/wordpress\/wp-content\/uploads\/2019\/04\/andrea.mp3\">http:\/\/www.radiopiu.net\/wordpress\/wp-content\/uploads\/2019\/04\/andrea.mp3<\/a><\/audio>\n<p>&nbsp;<\/p>\n<p>&nbsp;<\/p>\n<p>&nbsp;<\/p>\n<h2>SISTO DA ROIT e SIRO DE BIASIO CONVOCANO IL CONSIGLIO COMUNALE.<\/h2>\n<p><strong>AGORDO<\/strong> Si chiude una legislatura, cinque anni importanti per Sisto Da Roit che ha guidato la squadra da palazzo Marconi. Mercoledi alle 18.45 penultimo consiglio comunale, a fine aprile il bilancio ed a maggio si vota. Il primo cittadino in una precedente riunione ha promesso che non mancher\u00e0 di dire alcune sue importanti opinioni o meglio di togliersi i classici sassolini dalla scarpa. Le occasioni non mancheranno, all&#8217;ordine del giorno c&#8217;\u00e8 il bilancio, le convenzioni, i lavori all&#8217;ex deposito dei carri bombolai, la banda ultra larga ed anche l&#8217;azienda speciale Agordo Servizi.<\/p>\n<p><strong>ALLEGHE<\/strong> Siro De Biasio dopo lo sfogo di fine mandato dove \u00e8 emersa l&#8217;amarezza del primo cittadino (vedi notiziario di ieri) si prepara ad incontrare i suoi consiglieri, mercoledi alle 18.30 in Municipio. All&#8217;ordine del giorno l&#8217;assegnazione contributo, il bilancio di previsione e il piano di valorizzazione del patrimonio immobiliare.<\/p>\n<p>&nbsp;<\/p>\n<p>&nbsp;<\/p>\n<p>&nbsp;<\/p>\n<h2>QUANDO IN LUXOTTICA L&#8217;ARGOMENTO DEL GIORNO E&#8217;&#8230;LA CHIAVETTA PENSIONATA.<\/h2>\n<div><strong>AGORDO<\/strong> Pare che l&#8217;argomento del giorno ad Agordo\u00a0 ieri sia stata\u00a0 la sostituzione delle macchinette del caff\u00e8, prevista gradualmente dall&#8217;Azienda nell&#8217;arco delle prossime settimane. In teoria non sarebbe una notizia di particolare interesse ma ha colpito\u00a0 i lavoratori perch\u00e9 i futuri distributori di bevande e snack non funzioneranno pi\u00f9 con la classica &#8220;chiavetta del caff\u00e8&#8221; bens\u00ec con un badge (tesserino con banda magnetica).<\/div>\n<blockquote>\n<div><em><a class=\"dt-pswp-item\" href=\"http:\/\/www.radiopiu.net\/wordpress\/wp-content\/uploads\/2019\/04\/WhatsApp-Image-2019-04-05-at-10.25.30.jpeg\" data-dt-img-description=\"\" data-large_image_width=\"1200\" data-large_image_height=\"1600\"><img loading=\"lazy\" decoding=\"async\" class=\"wp-image-81704 alignleft\" src=\"http:\/\/www.radiopiu.net\/wordpress\/wp-content\/uploads\/2019\/04\/WhatsApp-Image-2019-04-05-at-10.25.30-768x1024.jpeg\" alt=\"\" width=\"186\" height=\"248\" srcset=\"https:\/\/www.radiopiu.net\/wordpress\/wp-content\/uploads\/2019\/04\/WhatsApp-Image-2019-04-05-at-10.25.30-768x1024.jpeg 768w, https:\/\/www.radiopiu.net\/wordpress\/wp-content\/uploads\/2019\/04\/WhatsApp-Image-2019-04-05-at-10.25.30-225x300.jpeg 225w, https:\/\/www.radiopiu.net\/wordpress\/wp-content\/uploads\/2019\/04\/WhatsApp-Image-2019-04-05-at-10.25.30.jpeg 1200w\" sizes=\"auto, (max-width: 186px) 100vw, 186px\" \/><\/a>&#8220;I nuovi distributori &#8211; dice Emilio Bez della Rsu Uiltec &#8211;\u00a0 avranno integrato un lettore di banda magnetica che permetter\u00e0 di utilizzare il proprio badge aziendale per acquistare bevande e snack; il credito potr\u00e0 essere caricato sul badge allo stesso modo che sull&#8217;attuale chiavetta. La domanda che si pongono\u00a0 i nostri colleghi \u00e8 se non fosse pi\u00f9 semplice mantenere in uso l&#8217;attuale chiavetta che ci accompagna da decenni: semplice, affidabile (c&#8217;\u00e8 chi utilizza la stessa chiavetta da moltissimi anni) e anonima. Su questo ultimo punto l&#8217;Azienda ha fin da subito chiarito con la RSU che l&#8217;utilizzo del badge sulle macchinette del caff\u00e8 \u00e8 completamente anonimo al pari della chiavetta&#8221;.<\/em><\/div>\n<\/blockquote>\n<div>Molti non sono favorevoli ad utilizzare il proprio badge personale anche per motivi pratici, ad esempio la banale possibilit\u00e0 di offrire un caff\u00e8 a qualche collega: prestare la chiavetta a chi va in pausa \u00e8 un conto, prestare il proprio tesserino non \u00e8 esattamente la stessa cosa.<\/div>\n<div><\/div>\n<div><em>&#8220;In realt\u00e0\u00a0 &#8211; continua Bez\u00a0 &#8211; non sar\u00e0 affatto necessario servirsi del proprio badge se non lo si ritiene opportuno. Saranno infatti disponibili i nuovi badge anonimi da utilizzare per i distributori di bevande: si potr\u00e0 quindi scambiare la propria chiavetta con un nuovo badge &#8220;neutro&#8221;, trasferirvi il credito residuo e poi utilizzarlo tranquillamente su qualsiasi macchinetta dello stabilimento. Una soluzione valida e molto semplice gi\u00e0 introdotta a Rovereto, in quanto era stata richiesta dalla RSU di quello stabilimento, e che abbiamo voluto anche qui in Agordo&#8221;<\/em><\/div>\n<p>&nbsp;<\/p>\n<p>&nbsp;<\/p>\n<p>&nbsp;<\/p>\n<h2><\/h2>\n<p>&nbsp;<\/p>\n<p>&nbsp;<\/p>\n<p>&nbsp;<\/p>\n<h2>&#8220;BASTA POLEMICHE E SI LAVORI PER IL TERRITORIO&#8221;, LO DICE DE CARLO A SAVIANE<\/h2>\n<p>audio dalla rassegna stampa<\/p>\n<audio class=\"wp-audio-shortcode\" id=\"audio-81694-4\" preload=\"none\" style=\"width: 100%;\" controls=\"controls\"><source type=\"audio\/mpeg\" src=\"http:\/\/www.radiopiu.net\/wordpress\/wp-content\/uploads\/2019\/04\/DE-CARLO-1.mp3?_=4\" \/><a href=\"http:\/\/www.radiopiu.net\/wordpress\/wp-content\/uploads\/2019\/04\/DE-CARLO-1.mp3\">http:\/\/www.radiopiu.net\/wordpress\/wp-content\/uploads\/2019\/04\/DE-CARLO-1.mp3<\/a><\/audio>\n<p>&nbsp;<\/p>\n<p><em><a class=\"dt-pswp-item\" href=\"http:\/\/www.radiopiu.net\/wordpress\/wp-content\/uploads\/2019\/03\/DE-CARLO.jpg\" data-dt-img-description=\"\" data-large_image_width=\"471\" data-large_image_height=\"471\"><img loading=\"lazy\" decoding=\"async\" class=\"wp-image-78825 alignleft\" src=\"http:\/\/www.radiopiu.net\/wordpress\/wp-content\/uploads\/2019\/03\/DE-CARLO.jpg\" alt=\"\" width=\"166\" height=\"166\" srcset=\"https:\/\/www.radiopiu.net\/wordpress\/wp-content\/uploads\/2019\/03\/DE-CARLO.jpg 471w, https:\/\/www.radiopiu.net\/wordpress\/wp-content\/uploads\/2019\/03\/DE-CARLO-150x150.jpg 150w, https:\/\/www.radiopiu.net\/wordpress\/wp-content\/uploads\/2019\/03\/DE-CARLO-300x300.jpg 300w\" sizes=\"auto, (max-width: 166px) 100vw, 166px\" \/><\/a>\u201cVorrei tranquillizzare il senatore Saviane: qui nessuno vuole farsi bello o prendersi meriti di altri. Stiamo tutti lavorando per arrivare a un risultato fondamentale per il territorio del Comelico e della provincia di Belluno, e credo non sia il tempo delle polemiche, ma di lavorare tutti insieme per questo scopo\u201d:<\/em> Cos\u00ec il deputato di Fratelli d&#8217;Italia, Luca De Carlo, risponde al senatore leghista Paolo Saviane, che ha attaccato i \u201ccolleghi intervenuti solo a livello mediatico, senza aver concretizzato nulla\u201d sulla questione del collegamento sciistico Comelico-Pusteria. <em>\u201cSe Saviane intendeva rivolgersi a me, vorrei evidenziargli come, dal mio ruolo di parlamentare di opposizione, mi sono sempre messo a disposizione di tutti, senza criticare il lavoro degli altri\u201d, sottolinea De Carlo. \u201cIo non faccio politica contro qualcuno, ma il mio unico scopo \u00e8 il bene del mio territorio. In questo spirito, Saviane deve ammettere che ho sostenuto in Parlamento anche le iniziative della Lega che erano nell&#8217;accordo di coalizione e che ritengo possano avere effetti positivi per il Bellunese\u201d.<\/em><br \/>\nA inizio mandato ricorda De Carlo,\u00a0 si era costituito un gruppo di lavoro bellunese, per portare avanti le proposte utili al territorio, iniziativa accolta benissimo a Belluno, ma poi evidentemente dispersa tra le stanze romane. <em>&#8220;A me &#8211; dice De Carlo &#8211;\u00a0 per fare il bene della mia montagna, poco interessa del colore politico. Nei limiti del mio ruolo, ho collaborato benissimo con Federico D&#8217;Inc\u00e0, che \u00e8 stato l&#8217;unico a raccogliere l&#8217;appello alla collaborazione che avevo lanciato, senza mai cercare di sopravanzarlo od oscurarlo. Se qualcuno pensa che solo perch\u00e9 non sono al governo dovrei attaccare la maggioranza, pensa male. La politica, per me, quando \u00e8 possibile, deve puntare ad includere, mai ad escludere. Su questa questione mi sono sempre posto in maniera propositiva e positiva: nei miei incontri, nei miei interventi, nei miei scritti, nei miei discorsi al bar con i comeliani, non si trover\u00e0 una sola accusa verso le forze di governo. Se poi la mia colpa \u00e8 quella di stare vicino alla gente del Comelico, al territorio bellunese, all&#8217;economia turistica della nostre montagne, beh&#8230; mi dichiaro subito e con piacere colpevole di questi reati\u201d.<\/em><\/p>\n<p>&nbsp;<\/p>\n<p>&nbsp;<\/p>\n<p>&nbsp;<\/p>\n<h2><a class=\"dt-pswp-item\" href=\"http:\/\/www.radiopiu.net\/wordpress\/wp-content\/uploads\/2019\/04\/56452006_10215957390881313_9045903837860200448_n.jpg\" data-dt-img-description=\"\" data-large_image_width=\"960\" data-large_image_height=\"640\"><img loading=\"lazy\" decoding=\"async\" class=\"wp-image-81818 alignleft\" src=\"http:\/\/www.radiopiu.net\/wordpress\/wp-content\/uploads\/2019\/04\/56452006_10215957390881313_9045903837860200448_n.jpg\" alt=\"\" width=\"299\" height=\"199\" srcset=\"https:\/\/www.radiopiu.net\/wordpress\/wp-content\/uploads\/2019\/04\/56452006_10215957390881313_9045903837860200448_n.jpg 960w, https:\/\/www.radiopiu.net\/wordpress\/wp-content\/uploads\/2019\/04\/56452006_10215957390881313_9045903837860200448_n-300x200.jpg 300w, https:\/\/www.radiopiu.net\/wordpress\/wp-content\/uploads\/2019\/04\/56452006_10215957390881313_9045903837860200448_n-768x512.jpg 768w\" sizes=\"auto, (max-width: 299px) 100vw, 299px\" \/><\/a><\/h2>\n<h2><\/h2>\n<h2>MUSICA DI SPERANZA PER LA NOSTRA MONTAGNA, DI ROSY BORTOLUZZI<\/h2>\n<h1><span style=\"color: #0000ff;\"><a style=\"color: #0000ff;\" href=\"https:\/\/m.facebook.com\/story.php?story_fbid=10215956095168921&amp;id=1643646066&amp;sfnsn=cwwa&amp;funlid=yuOT6cJ5YkLmGfx4\">CLICCA QUI<\/a><\/span><\/h1>\n<h2><\/h2>\n<p>&nbsp;<\/p>\n<p>&nbsp;<\/p>\n<p>&nbsp;<\/p>\n<p>&nbsp;<\/p>\n<blockquote>\n<p style=\"text-align: left;\">\n<\/blockquote>\n<h2>IL POSTICIPO DEL ROGO DELLA VECIA, SCELTA IDEALE A PIAIER<\/h2>\n<p><strong>BELLUNO<\/strong> Dal bar da Mary al testamento e non mancher\u00e0 lo spettacolo pirotecnico. Il rogo ci sar\u00e0, non c&#8217;\u00e8 pi\u00f9 l&#8217;allarme incendio<\/p>\n<p>di DAMIANO TORMEN<\/p>\n<audio class=\"wp-audio-shortcode\" id=\"audio-81694-5\" preload=\"none\" style=\"width: 100%;\" controls=\"controls\"><source type=\"audio\/mpeg\" src=\"http:\/\/www.radiopiu.net\/wordpress\/wp-content\/uploads\/2019\/04\/DAMIANO-VECIA.mp3?_=5\" \/><a href=\"http:\/\/www.radiopiu.net\/wordpress\/wp-content\/uploads\/2019\/04\/DAMIANO-VECIA.mp3\">http:\/\/www.radiopiu.net\/wordpress\/wp-content\/uploads\/2019\/04\/DAMIANO-VECIA.mp3<\/a><\/audio>\n<p>&nbsp;<\/p>\n<p>&nbsp;<\/p>\n<p>&nbsp;<\/p>\n<h2>AGGIUDICATA LA GARA PER I LAVORI ALL&#8217;OSPEDALE<\/h2>\n<p><strong>LAMON\u00a0<\/strong> Sono stati aggiudicati i lavori di realizzazione di un impianto di protezione dalle scariche atmosferiche all\u2019ospedale di Lamon, per un importo di quasi 60.000 euro, all\u2019 Impresa Radar Srl di Noventa Padovana che ha presentato la migliore offerta in sede di procedura negoziata svoltasi lo scorso 27 marzo.\u00a0Si prevede che l\u2019 intervento di adeguamento impiantistico della struttura che permetter\u00e0 la messa in sicurezza dell\u2019ospedale di Lamon in caso eventi metereologici avversi con scariche atmosferiche, si concluder\u00e0 entro l\u2019anno.<\/p>\n<p>&nbsp;<\/p>\n<p>&nbsp;<\/p>\n<h2>LA MUSICA NEL RICORDO DI MARTINA PREMIA IL FAGOTTO DI AUGUSTO<\/h2>\n<p><strong>BELLUNO<\/strong> Il concorso musicale\u00a0 Citt\u00e0 di Belluno \u00e8 stato firmato dal musicista Augusto Zelio Palumbo di 16 anni\u00a0 con il suo fagotto.<\/p>\n<p>di ROBERTO BONA<\/p>\n<audio class=\"wp-audio-shortcode\" id=\"audio-81694-6\" preload=\"none\" style=\"width: 100%;\" controls=\"controls\"><source type=\"audio\/mpeg\" src=\"http:\/\/www.radiopiu.net\/wordpress\/wp-content\/uploads\/2019\/04\/roberto-teatro.mp3?_=6\" \/><a href=\"http:\/\/www.radiopiu.net\/wordpress\/wp-content\/uploads\/2019\/04\/roberto-teatro.mp3\">http:\/\/www.radiopiu.net\/wordpress\/wp-content\/uploads\/2019\/04\/roberto-teatro.mp3<\/a><\/audio>\n\n\t\t\t<style type='text\/css'>\n\t\t\t\t#gallery-1 {\n\t\t\t\t\tmargin: auto;\n\t\t\t\t}\n\t\t\t\t#gallery-1 .gallery-item {\n\t\t\t\t\tfloat: left;\n\t\t\t\t\tmargin-top: 10px;\n\t\t\t\t\ttext-align: center;\n\t\t\t\t\twidth: 33%;\n\t\t\t\t}\n\t\t\t\t#gallery-1 img {\n\t\t\t\t\tborder: 2px solid #cfcfcf;\n\t\t\t\t}\n\t\t\t\t#gallery-1 .gallery-caption {\n\t\t\t\t\tmargin-left: 0;\n\t\t\t\t}\n\t\t\t\t\/* see gallery_shortcode() in wp-includes\/media.php *\/\n\t\t\t<\/style>\n\t\t<div id='gallery-1' class='dt-gallery-container gallery galleryid-81694 gallery-columns-3 gallery-size-thumbnail'><dl class='gallery-item'>\n\t\t\t\t<dt class='gallery-icon landscape'>\n\t\t\t\t\t<a class=\"rollover\" href='https:\/\/www.radiopiu.net\/wordpress\/dal-15-aprile-novita-alla-radio-piu\/whatsapp-image-2019-04-05-at-09-36-49\/'><img loading=\"lazy\" decoding=\"async\" width=\"150\" height=\"150\" src=\"https:\/\/www.radiopiu.net\/wordpress\/wp-content\/uploads\/2019\/04\/WhatsApp-Image-2019-04-05-at-09.36.49-150x150.jpeg\" class=\"attachment-thumbnail size-thumbnail\" alt=\"\" \/><\/a>\n\t\t\t\t<\/dt><\/dl><dl class='gallery-item'>\n\t\t\t\t<dt class='gallery-icon portrait'>\n\t\t\t\t\t<a class=\"rollover\" href='https:\/\/www.radiopiu.net\/wordpress\/dal-15-aprile-novita-alla-radio-piu\/whatsapp-image-2019-04-05-at-09-36-40\/'><img loading=\"lazy\" decoding=\"async\" width=\"150\" height=\"150\" src=\"https:\/\/www.radiopiu.net\/wordpress\/wp-content\/uploads\/2019\/04\/WhatsApp-Image-2019-04-05-at-09.36.40-150x150.jpeg\" class=\"attachment-thumbnail size-thumbnail\" alt=\"\" \/><\/a>\n\t\t\t\t<\/dt><\/dl><dl class='gallery-item'>\n\t\t\t\t<dt class='gallery-icon landscape'>\n\t\t\t\t\t<a class=\"rollover\" href='https:\/\/www.radiopiu.net\/wordpress\/dal-15-aprile-novita-alla-radio-piu\/whatsapp-image-2019-04-05-at-09-36-59\/'><img loading=\"lazy\" decoding=\"async\" width=\"150\" height=\"150\" src=\"https:\/\/www.radiopiu.net\/wordpress\/wp-content\/uploads\/2019\/04\/WhatsApp-Image-2019-04-05-at-09.36.59-150x150.jpeg\" class=\"attachment-thumbnail size-thumbnail\" alt=\"\" \/><\/a>\n\t\t\t\t<\/dt><\/dl><br style=\"clear: both\" \/>\n\t\t\t<\/div>\n\n<p>&nbsp;<\/p>\n<p>&nbsp;<\/p>\n<p>&nbsp;<\/p>\n<h2>LA SAGRA DE PASCA&#8230; ALZA LA VOCE<\/h2>\n<p><strong><a class=\"dt-pswp-item\" href=\"http:\/\/www.radiopiu.net\/wordpress\/wp-content\/uploads\/2019\/03\/WhatsApp-Image-2019-03-13-at-12.08.13.jpeg\" data-dt-img-description=\"\" data-large_image_width=\"900\" data-large_image_height=\"1600\"><img loading=\"lazy\" decoding=\"async\" class=\"wp-image-79054 alignleft\" src=\"http:\/\/www.radiopiu.net\/wordpress\/wp-content\/uploads\/2019\/03\/WhatsApp-Image-2019-03-13-at-12.08.13-576x1024.jpeg\" alt=\"\" width=\"155\" height=\"276\" srcset=\"https:\/\/www.radiopiu.net\/wordpress\/wp-content\/uploads\/2019\/03\/WhatsApp-Image-2019-03-13-at-12.08.13-576x1024.jpeg 576w, https:\/\/www.radiopiu.net\/wordpress\/wp-content\/uploads\/2019\/03\/WhatsApp-Image-2019-03-13-at-12.08.13-169x300.jpeg 169w, https:\/\/www.radiopiu.net\/wordpress\/wp-content\/uploads\/2019\/03\/WhatsApp-Image-2019-03-13-at-12.08.13-768x1365.jpeg 768w, https:\/\/www.radiopiu.net\/wordpress\/wp-content\/uploads\/2019\/03\/WhatsApp-Image-2019-03-13-at-12.08.13.jpeg 900w\" sizes=\"auto, (max-width: 155px) 100vw, 155px\" \/><\/a>TAIBON<\/strong> Inizier\u00e0 giovedi 18 aprile la sagra de Pasca a Taibon Agordino, 4 giorni di divertimento, buona cucina musica ma anche eventi come i\u00a0 quattro della serata introduttiva ormai svelati dall&#8217;organizzazione: Gruppo Sportivo, Proloco, Donatori del Sangue. Infatti giovedi con la collaborazione di RADIOPIU sar\u00e0 presentato il torneo agordino di calcio, sul palco saliranno per le premiazioni volontari del soccorso e sportivi e al termine i ragazzi dei Belluno Alza la voce riempiranno il tendone riscaldato con le loro voci. La serata avr\u00e0 come sempre un contenuto benefico, infatti il comitato organizzatore, ha deciso di devolvere tutto il ricavato della Smatriciana solidale, ai vigili del fuoco volontari di Agordo.<\/p>\n<blockquote><p><strong><a class=\"dt-pswp-item\" href=\"http:\/\/www.radiopiu.net\/wordpress\/wp-content\/uploads\/2019\/04\/WhatsApp-Image-2019-04-05-at-15.26.16.jpeg\" data-dt-img-description=\"\" data-large_image_width=\"1132\" data-large_image_height=\"1600\"><img loading=\"lazy\" decoding=\"async\" class=\"wp-image-81807 alignleft\" src=\"http:\/\/www.radiopiu.net\/wordpress\/wp-content\/uploads\/2019\/04\/WhatsApp-Image-2019-04-05-at-15.26.16-724x1024.jpeg\" alt=\"\" width=\"164\" height=\"232\" srcset=\"https:\/\/www.radiopiu.net\/wordpress\/wp-content\/uploads\/2019\/04\/WhatsApp-Image-2019-04-05-at-15.26.16-724x1024.jpeg 724w, https:\/\/www.radiopiu.net\/wordpress\/wp-content\/uploads\/2019\/04\/WhatsApp-Image-2019-04-05-at-15.26.16-212x300.jpeg 212w, https:\/\/www.radiopiu.net\/wordpress\/wp-content\/uploads\/2019\/04\/WhatsApp-Image-2019-04-05-at-15.26.16-768x1086.jpeg 768w, https:\/\/www.radiopiu.net\/wordpress\/wp-content\/uploads\/2019\/04\/WhatsApp-Image-2019-04-05-at-15.26.16.jpeg 1132w\" sizes=\"auto, (max-width: 164px) 100vw, 164px\" \/><\/a>PROGRAMMA<\/strong>: 19 cena pro-pompieri, prezzo 10 euro piatto unico. 20.30 Presentazione del torneo agordino di calcio e sorteggio per la preparazione del calendario, saranno svelate le sedi dei quarti, semifinali e finali.\u00a0 Dalle 21.30 riconoscimento ai vigili del fuoco di Belluno-Agordo e al Soccorso Alpino per l&#8217;eroico salvataggio di Michel e Andrea sulle Pale si San Lucano nel giorno del pauroso incendio di fine ottobre. A seguire premiazione delle ragazze dell&#8217;Alleghe Hockey Girls fresche campionesse d&#8217;Italia della massima serie. Dalle 22 gli artisti bellunesi in concerto.<\/p><\/blockquote>\n<p>&nbsp;<\/p>\n<p>&nbsp;<\/p>\n<p>&nbsp;<\/p>\n<p>&nbsp;<\/p>\n<h2><\/h2>\n<h2><\/h2>\n<h2><\/h2>\n<p>&nbsp;<\/p>\n<h2>L\u2019ASSEMBLEA DEI GRUPPI \u201cINSIEME SI PU\u00d2\u201d APPROVA IL BILANCIO 2018<\/h2>\n<p><strong><a class=\"dt-pswp-item\" href=\"http:\/\/www.radiopiu.net\/wordpress\/wp-content\/uploads\/2019\/04\/assemblea.png\" data-dt-img-description=\"\" data-large_image_width=\"759\" data-large_image_height=\"511\"><img loading=\"lazy\" decoding=\"async\" class=\"wp-image-81761 alignleft\" src=\"http:\/\/www.radiopiu.net\/wordpress\/wp-content\/uploads\/2019\/04\/assemblea.png\" alt=\"\" width=\"227\" height=\"153\" srcset=\"https:\/\/www.radiopiu.net\/wordpress\/wp-content\/uploads\/2019\/04\/assemblea.png 759w, https:\/\/www.radiopiu.net\/wordpress\/wp-content\/uploads\/2019\/04\/assemblea-300x202.png 300w\" sizes=\"auto, (max-width: 227px) 100vw, 227px\" \/><\/a>BELLUNO<\/strong> L\u2019Assemblea dei Gruppi \u201cInsieme si pu\u00f2\u2026\u201d\u00a0 a Cavarzano \u00e8 stata un momento storico per l\u2019associazione: dopo averla fondata nel 1983, fatta crescere e consolidata nel tempo, il direttore Pier Giorgio Da Rold ha annunciato ai presenti il suo imminente pensionamento. \u201cQuesto significa un ritiro formale dal lavoro ufficiale con l\u2019associazione\u201d, ha detto, \u201cma sicuramente non la fine del coinvolgimento personale per la causa nella quale credo e crediamo tutti, cio\u00e8 che impegnandoci insieme possiamo costruire passo dopo passo un mondo migliore\u201d. Il direttore ha poi passato il testimone al suo successore, Daniele Giaffredo, consegnandogli simbolicamente tre oggetti: una lampada, con l\u2019augurio di tenere sempre accesa la scintilla della tolleranza e dell\u2019accoglienza; una bussola, per non perdere la direzione che porta all\u2019impegno in favore degli ultimi; una bacinella ed un asciugamano, ad indicare il servizio umile e concreto nei confronti degli altri. Prima di questo passaggio di consegne finale, l\u2019Assemblea dei Gruppi aveva approvato all\u2019unanimit\u00e0 il bilancio economico consuntivo 2018 e il bilancio di previsione 2019. Dall\u2019analisi delle cifre risulta che lo scorso anno sono transitati attraverso l\u2019Associazione 1.757.344,05 euro, a cui si aggiungono altri 108.468 euro gestiti autonomamente dai 60 Gruppi operativi, per un totale generale di 1.865.812,05 euro.\u00a0 Nel 2018, in particolare, si sono portati avanti interventi nei settori dell\u2019infanzia, dell\u2019istruzione e della formazione, della sicurezza alimentare e dell\u2019approvvigionamento di acqua, della salute, della disabilit\u00e0, dell\u2019agro-forestazione e dello sviluppo umano. La principale destinazione dei fondi \u00e8 l\u2019Uganda, dove Insieme si pu\u00f2 ha due sedi permanenti nella capitale Kampala e nel distretto di Moroto e quindi pu\u00f2 seguire direttamente la realizzazione di diversi progetti. Oltre all\u2019Uganda, l\u2019Associazione ha operato in altri 27 Paesi del mondo distribuiti su 4 continenti, per un totale di 35 istituti scolastici e 7 strutture sanitarie sostenuti, di circa 50.000 kg di cibo e 107.500 tazze di latte distribuiti soprattutto a bambini malnutriti, di 15 pozzi perforati per rendere l\u2019acqua potabile un diritto accessibile a pi\u00f9 persone possibili. Inoltre nel 2018 sono stati sostenuti a distanza 2.034 bambini e ragazzi in 13 Paesi, garantendo loro tre diritti fondamentali come il nutrimento, la salute e l\u2019istruzione. Non sono mancati neppure i fondi destinati a dare risposta ai bisogni delle famiglie locali che non riescono a fare la spesa, a pagare le spese mediche o le bollette pi\u00f9 importanti. Nel corso dell\u2019anno, l&#8217;intervento economico complessivo per fronteggiare la &#8220;povert\u00e0 a casa nostra&#8221; \u00e8 stato pari a 120.826,51 euro.\u00a0 Durante l\u2019Assemblea sono stati esposti ai presenti i principali progetti realizzati nel 2018, gli interventi di educazione e formazione che hanno superato quota 200 ed hanno coinvolto bambini, ragazzi e adulti di tutta la Provincia, il nuovo sito dell\u2019Associazione on-line da gennaio. Infine \u00e8 stato votato all\u2019unanimit\u00e0 l\u2019ingresso del nuovo Gruppo \u201cISP 2.0\u201d. Gi\u00e0 dal nome si capisce quale sia la caratteristica comune dei suoi membri: sono tutti ragazzi giovani, di et\u00e0 compresa tra i 15 e i 26 anni. Il Gruppo non ha base territoriale: l\u2019intento \u00e8 di coinvolgere i giovani della Provincia o i ragazzi che hanno fatto un\u2019esperienza di volontariato con l\u2019Associazione per realizzare attivit\u00e0 nuove (alcune sono gi\u00e0 in cantiere per il 2019), promosse dai giovani per i giovani.<\/p>\n<p>&nbsp;<\/p>\n<p>&nbsp;<\/p>\n<p>&nbsp;<\/p>\n<h2>DAL 15 APRILE NOVITA&#8217; . . .\u00a0 ALLA RADIO PIU&#8217;<\/h2>\n<p><strong><a class=\"dt-pswp-item\" href=\"http:\/\/www.radiopiu.net\/wordpress\/wp-content\/uploads\/2017\/04\/MyRadioPiu_miaidea.png\" data-dt-img-description=\"\" data-large_image_width=\"483\" data-large_image_height=\"374\"><img loading=\"lazy\" decoding=\"async\" class=\"wp-image-30709 alignleft\" src=\"http:\/\/www.radiopiu.net\/wordpress\/wp-content\/uploads\/2017\/04\/MyRadioPiu_miaidea.png\" alt=\"\" width=\"96\" height=\"74\" \/><\/a>TAIBON<\/strong> Da lunedi 15 aprile il palinsesto di RADIOPIU si arricchisce di due nuovi programmi.\u00a0 Tutti i giorni fino all&#8217;11 maggio alle 9 del mattino e alle 20.30 &#8220;I misteri di Alleghe&#8221; un format radiofonico nuovo con l&#8217;attore ROBERTO FAORO. Il lunedi e il venerdi alle 14.00 e 20.30 il ritorno della storica voce femminile degli anni Ottanta PAOLA LANCIATO con un programma dedicato ai viaggi.<\/p>\n<blockquote><p>&nbsp;<\/p>\n<p><strong><a class=\"dt-pswp-item\" href=\"http:\/\/www.radiopiu.net\/wordpress\/wp-content\/uploads\/2019\/04\/WhatsApp-Image-2019-04-05-at-11.30.01.jpeg\" data-dt-img-description=\"\" data-large_image_width=\"725\" data-large_image_height=\"1024\"><img loading=\"lazy\" decoding=\"async\" class=\"wp-image-81695 alignleft\" src=\"http:\/\/www.radiopiu.net\/wordpress\/wp-content\/uploads\/2019\/04\/WhatsApp-Image-2019-04-05-at-11.30.01-725x1024.jpeg\" alt=\"\" width=\"81\" height=\"114\" srcset=\"https:\/\/www.radiopiu.net\/wordpress\/wp-content\/uploads\/2019\/04\/WhatsApp-Image-2019-04-05-at-11.30.01.jpeg 725w, https:\/\/www.radiopiu.net\/wordpress\/wp-content\/uploads\/2019\/04\/WhatsApp-Image-2019-04-05-at-11.30.01-212x300.jpeg 212w\" sizes=\"auto, (max-width: 81px) 100vw, 81px\" \/><\/a>ROBERTO FAORO<\/strong>: &#8220;Ho giocato a carte con l&#8217;assassino&#8221; \u00e8 tra l&#8217;altro uno spettacolo con la regia di Francesco Bortolini, l&#8217;attore Roberto Faoro da un&#8217;idea di Antonio Fiabane. Spettacolo che molti anni fa aveva ottenuto un clamoroso successo ad Agordo, sabato 27 aprile alle 21 e domenica 28 aprile alle 18 sar\u00e0 replicato alla Casa della Gioventu&#8217; di Caviola. Da lunedi radio piu&#8217; trasmette 27 puntate radiofoniche, ogni giorno alle 9 e alle 20.30<\/p><\/blockquote>\n<p>LA SIGLA&#8230;<\/p>\n<audio class=\"wp-audio-shortcode\" id=\"audio-81694-7\" preload=\"none\" style=\"width: 100%;\" controls=\"controls\"><source type=\"audio\/mpeg\" src=\"http:\/\/www.radiopiu.net\/wordpress\/wp-content\/uploads\/2019\/04\/SIGLA-MISTERI-ALLEGHE.mp3?_=7\" \/><a href=\"http:\/\/www.radiopiu.net\/wordpress\/wp-content\/uploads\/2019\/04\/SIGLA-MISTERI-ALLEGHE.mp3\">http:\/\/www.radiopiu.net\/wordpress\/wp-content\/uploads\/2019\/04\/SIGLA-MISTERI-ALLEGHE.mp3<\/a><\/audio>\n<blockquote><p>&nbsp;<\/p>\n<p><strong><a class=\"dt-pswp-item\" href=\"http:\/\/www.radiopiu.net\/wordpress\/wp-content\/uploads\/2019\/04\/55692774_277427973175299_3767213736280981504_n.jpg\" data-dt-img-description=\"\" data-large_image_width=\"960\" data-large_image_height=\"956\"><img loading=\"lazy\" decoding=\"async\" class=\"wp-image-81698 alignleft\" src=\"http:\/\/www.radiopiu.net\/wordpress\/wp-content\/uploads\/2019\/04\/55692774_277427973175299_3767213736280981504_n.jpg\" alt=\"\" width=\"87\" height=\"87\" srcset=\"https:\/\/www.radiopiu.net\/wordpress\/wp-content\/uploads\/2019\/04\/55692774_277427973175299_3767213736280981504_n.jpg 960w, https:\/\/www.radiopiu.net\/wordpress\/wp-content\/uploads\/2019\/04\/55692774_277427973175299_3767213736280981504_n-150x150.jpg 150w, https:\/\/www.radiopiu.net\/wordpress\/wp-content\/uploads\/2019\/04\/55692774_277427973175299_3767213736280981504_n-300x300.jpg 300w, https:\/\/www.radiopiu.net\/wordpress\/wp-content\/uploads\/2019\/04\/55692774_277427973175299_3767213736280981504_n-768x765.jpg 768w\" sizes=\"auto, (max-width: 87px) 100vw, 87px\" \/><\/a><\/strong><\/p>\n<p><strong>PAOLA LANCIATO<\/strong> &#8220;Zaino da viaggio al femminile&#8221; \u00e8 un viaggio tra luoghi incantevoli del nostro Paese&#8221;. Idee spunti e appunti curiosando tra borghi e natura, storia e leggenda in giro per l&#8217;italia.<\/p><\/blockquote>\n<p>LA SIGLA&#8230;<\/p>\n<audio class=\"wp-audio-shortcode\" id=\"audio-81694-8\" preload=\"none\" style=\"width: 100%;\" controls=\"controls\"><source type=\"audio\/mpeg\" src=\"http:\/\/www.radiopiu.net\/wordpress\/wp-content\/uploads\/2019\/04\/SIGLA-PAOLA.mp3?_=8\" \/><a href=\"http:\/\/www.radiopiu.net\/wordpress\/wp-content\/uploads\/2019\/04\/SIGLA-PAOLA.mp3\">http:\/\/www.radiopiu.net\/wordpress\/wp-content\/uploads\/2019\/04\/SIGLA-PAOLA.mp3<\/a><\/audio>\n<p>&nbsp;<\/p>\n<p>&nbsp;<\/p>\n<p>&nbsp;<\/p>\n<p>&nbsp;<\/p>\n<h2>TUMORI E CARDIOPATIE, COME PREVENIRE<\/h2>\n<p><strong><a class=\"dt-pswp-item\" href=\"http:\/\/www.radiopiu.net\/wordpress\/wp-content\/uploads\/2019\/04\/Diapositiva3.jpg\" data-dt-img-description=\"\" data-large_image_width=\"793\" data-large_image_height=\"1122\"><img loading=\"lazy\" decoding=\"async\" class=\"wp-image-81756 alignleft\" src=\"http:\/\/www.radiopiu.net\/wordpress\/wp-content\/uploads\/2019\/04\/Diapositiva3-724x1024.jpg\" alt=\"\" width=\"161\" height=\"228\" srcset=\"https:\/\/www.radiopiu.net\/wordpress\/wp-content\/uploads\/2019\/04\/Diapositiva3-724x1024.jpg 724w, https:\/\/www.radiopiu.net\/wordpress\/wp-content\/uploads\/2019\/04\/Diapositiva3-212x300.jpg 212w, https:\/\/www.radiopiu.net\/wordpress\/wp-content\/uploads\/2019\/04\/Diapositiva3-768x1087.jpg 768w, https:\/\/www.radiopiu.net\/wordpress\/wp-content\/uploads\/2019\/04\/Diapositiva3.jpg 793w\" sizes=\"auto, (max-width: 161px) 100vw, 161px\" \/><\/a>FELTRE<\/strong> Nell\u2019ambito del ciclo dei Mercoled\u00ec della salute, domani\u00a0 alle 18 nella sala convegni dell\u2019ospedale di Feltre, si parler\u00e0 degli stili di vita utili a prevenire tumori e cardiopatie con il direttore della cardiologia di Feltre Davide Pastorelli e il\u00a0 cardiologo di Belluno Luigi Tarantini. Il Cancro e le Malattie cardiovascolari rappresentano su scala mondiale le principali cause di mortalit\u00e0 e morbilit\u00e0 con costi esorbitanti in termini di vite umane e risorse economiche. Tumori e Cardiopatie pur aumentando con l\u2019et\u00e0 hanno un differente profilo d\u2019incidenza, essendo il cancro la principale causa di morte nella fascia adulta tra i 40-70 anni. Mantenere un buono stato di salute pertanto \u00e8 fondamentale per il benessere delle persone assistite e l\u2019efficacia\/efficienza dei sistemi socio-sanitari poich\u00e9, grazie all\u2019anticipazione diagnostica e ai progressi terapeutici degli ultimi decenni, quasi tutti i\u00a0 tumori sono ora curabili ed alcuni con buone prospettive di sopravvivenza a lungo\u00a0 termine. L\u2019aumento dei pazienti guariti o sopravvissuti alla malattia oncologica\u00a0 \u00e8 infatti in costante crescita e rappresenta una \u201cnuova\u201d tipologia di pazienti in cui\u00a0 l\u2019associazione tra MCV e tumori \u00e8 frequente, suggerendo che la relazione tra le\u00a0 due patologie \u00e8 pi\u00f9 che casuale.<\/p>\n<p>&nbsp;<\/p>\n<p>&nbsp;<\/p>\n<p>&nbsp;<\/p>\n<h2><\/h2>\n<h2><\/h2>\n<h2><\/h2>\n<h2><\/h2>\n<h2>SETTIMANA DELLA DONNA, DALL&#8217;11 APRILE<\/h2>\n<p><strong>FELTRE<\/strong> In occasione della settimana della donna indetta dal network degli ospedali con bollini rosa ONDA, l&#8217;ospedale di Feltre propone una serie di iniziative rivolte alle donne, nelle varie fasi della loro vita. Il primo appuntamento \u00e8 per l\u2019<strong>11 aprile<\/strong> dalle 16 alle 17 in sala convegni con il gastroenterologo Flavio Valiante e la dietista Ester Lovat che parleranno di \u201cDonne e intolleranze alimentari\u201d. L\u2019incontro \u00e8 aperto a un piccolo gruppo per assicurare una scambio attivo con le partecipanti. <strong>Sabato 13 aprile<\/strong>, visto il gradimento dell\u2019iniziativa dello scorso anno, si propongono due appunatmenti con la make-up artist Serena Zatta per una prova pratica nell&#8217;atrio dell&#8217;ospedale in due turni: uno alle 14.30 dedicato a mamme e figlie adolescenti, come momento da vivere insieme, e uno alle 17.00 per le donne in menopausa. Il titolo \u00e8 &#8220;Ricomincio da me. Riscoprirsi belle per tornare a piacersi&#8221;. Alle partecipanti sar\u00e0 insegnato a prendersi cura di s\u00e9 anche con piccoli trucchi per sentirsi meglio. Il Mercoled\u00ec della salute, in programma <strong>mercoled\u00ec 17 aprile<\/strong> alle 18.00 nella sala convegni dell&#8217;ospedale di Feltre, per celebrare il passaggio del Giro d\u2019Italia nel feltrino, sar\u00e0 dedicato a \u201cDonna, ciclismo e cuore\u201d ed \u00e8 realizzato in collaborazione con il Comitato di tappa di Feltre. Interverranno il direttore della cardiologia di Feltre, Aldo Bonso, il responsabile della Cardiologia riabilitativa e dello sport, Christian Piergentili, e la ciclista professionista Lara Vieceli moderati da Anna Valerio del Comitato di tappa e addetta stampa della Sportful Dolomiti race. <strong>Gioved\u00ec 18 aprile<\/strong> alle 10.00 in sala convegni sar\u00e0 proiettato uno spezzone del film \u201cTully\u201d sul delicato momento del ritorno a casa dopo il parto, e se ne discuter\u00e0 con l\u2019\u00e9quipe del Consultorio familiare di Feltre.<\/p>\n<p>&nbsp;<\/p>\n<p>&nbsp;<\/p>\n<p>&nbsp;<\/p>\n<p>&nbsp;<\/p>\n<h2>GIARDINI DELLA SCUOLA A MISURA DI BAMBINO<\/h2>\n<p><strong><a class=\"dt-pswp-item\" href=\"http:\/\/www.radiopiu.net\/wordpress\/wp-content\/uploads\/2019\/04\/IC-FELTRE-Moving-School-2.jpg\" data-dt-img-description=\"\" data-large_image_width=\"3000\" data-large_image_height=\"4000\"><img loading=\"lazy\" decoding=\"async\" class=\"wp-image-81708 alignleft\" src=\"http:\/\/www.radiopiu.net\/wordpress\/wp-content\/uploads\/2019\/04\/IC-FELTRE-Moving-School-2-768x1024.jpg\" alt=\"\" width=\"154\" height=\"206\" srcset=\"https:\/\/www.radiopiu.net\/wordpress\/wp-content\/uploads\/2019\/04\/IC-FELTRE-Moving-School-2-768x1024.jpg 768w, https:\/\/www.radiopiu.net\/wordpress\/wp-content\/uploads\/2019\/04\/IC-FELTRE-Moving-School-2-225x300.jpg 225w\" sizes=\"auto, (max-width: 154px) 100vw, 154px\" \/><\/a>FELTRE\u00a0<\/strong> Spostare le rose dal cortile per fare spazio a canestri, altalene, capanne e attrezzatura per l&#8217;arrampicata. Senza arrivare alle velleit\u00e0 di Morticia Addams, che nel telefilm in bianco e nero recideva i fiori e teneva gli steli in bella vista, alla primaria di Foen dell&#8217;Istituto Comprensivo\u00a0 di Feltre, i bambini lanciano idee sulla \u201cRiqualificazione dei giardini scolastici\u201d, progetto sostenuto dal settore USL promozione alla salute e dall\u2019associazione \u201cMoving School\u201d. Il punto di vista \u00e8 quello di pensare ai giardini della scuola non pi\u00f9 solo come spazio verde, ma anche come luogo vitale per la didattica. Nei giorni scorsi si \u00e8 tenuta la manifestazione a cui hanno partecipato anche l&#8217;assessore comunale alle Politiche sociali Debora Nicoletto, il responsabile dei progetti Uls Alberto Lovat, i genitori e i rappresentanti di \u201cMoving School\u201d. \u201cL\u2019obiettivo del progetto \u00e8 di lavorare sulla trasformazione del cortile con uno scopo preciso e con un risultato concreto da raggiungere \u2013 spiegano le maestre \u2013 <a class=\"dt-pswp-item\" href=\"http:\/\/www.radiopiu.net\/wordpress\/wp-content\/uploads\/2019\/04\/IC-FELTRE-Moving-School.jpg\" data-dt-img-description=\"\" data-large_image_width=\"1600\" data-large_image_height=\"800\"><img loading=\"lazy\" decoding=\"async\" class=\"wp-image-81709 alignright\" src=\"http:\/\/www.radiopiu.net\/wordpress\/wp-content\/uploads\/2019\/04\/IC-FELTRE-Moving-School-1024x512.jpg\" alt=\"\" width=\"295\" height=\"148\" srcset=\"https:\/\/www.radiopiu.net\/wordpress\/wp-content\/uploads\/2019\/04\/IC-FELTRE-Moving-School-1024x512.jpg 1024w, https:\/\/www.radiopiu.net\/wordpress\/wp-content\/uploads\/2019\/04\/IC-FELTRE-Moving-School-300x150.jpg 300w, https:\/\/www.radiopiu.net\/wordpress\/wp-content\/uploads\/2019\/04\/IC-FELTRE-Moving-School-768x384.jpg 768w, https:\/\/www.radiopiu.net\/wordpress\/wp-content\/uploads\/2019\/04\/IC-FELTRE-Moving-School.jpg 1600w\" sizes=\"auto, (max-width: 295px) 100vw, 295px\" \/><\/a>L\u2019esplorazione, l\u2019azione, la critica, le proposte, costituiscono, tutti e ciascuno, opportunit\u00e0 di sviluppo di capacit\u00e0, competenze e conoscenze che bene si integrano con la didattica curricolare. Il fine \u00e8 quello di promuovere la qualit\u00e0 degli spazi dove i ragazzi trascorrono molto tempo, sensibilizzare genitori, cittadini e amministratori locali\u201d. Durante l&#8217;incontro, i bambini hanno potuto esporre dei plastici realizzati precedentemente con tabelle a segnare le preferenze riguardo ai giochi. In cortile i bambini hanno potuto quindi sperimentare alcune attivit\u00e0 proposte dal gruppo di \u201cMoving School\u201d per favorire la pratica quotidiana del movimento durante le pause scolastiche: in classe (moving lesson) e durante le ore di educazione motoria (paracadute, palle di spugna piccole e grandi). Anche la merenda della ricreazione \u00e8 stata \u201cparticolare\u201d: a base di formaggio e patate lesse, e dolci fatti in casa dai genitori.<\/p>\n<p>&nbsp;<\/p>\n<p>&nbsp;<\/p>\n<p>&nbsp;<\/p>\n<p>&nbsp;<\/p>\n<h2><a class=\"dt-pswp-item\" href=\"http:\/\/www.radiopiu.net\/wordpress\/wp-content\/uploads\/2018\/09\/appuntamenti.jpeg\" data-dt-img-description=\"\" data-large_image_width=\"800\" data-large_image_height=\"100\"><img loading=\"lazy\" decoding=\"async\" class=\"alignnone wp-image-61958 size-full\" src=\"http:\/\/www.radiopiu.net\/wordpress\/wp-content\/uploads\/2018\/09\/appuntamenti.jpeg\" alt=\"\" width=\"800\" height=\"100\" srcset=\"https:\/\/www.radiopiu.net\/wordpress\/wp-content\/uploads\/2018\/09\/appuntamenti.jpeg 800w, https:\/\/www.radiopiu.net\/wordpress\/wp-content\/uploads\/2018\/09\/appuntamenti-300x38.jpeg 300w, https:\/\/www.radiopiu.net\/wordpress\/wp-content\/uploads\/2018\/09\/appuntamenti-768x96.jpeg 768w\" sizes=\"auto, (max-width: 800px) 100vw, 800px\" \/><\/a><\/h2>\n<p>&nbsp;<\/p>\n<blockquote><p><strong><em>I volontari del GAV e dell\u2019Associazione Nazionale Carabinieri nei giorni 5-6-7 aprile saranno in Piazza Libert\u00e0 ad Agordo per la vendita delle Uova di Pasqua per AIL\u00a0<\/em><\/strong><\/p><\/blockquote>\n<h2><\/h2>\n<h2><\/h2>\n<h2>MATTEO RENZI A SEDICO PER PRESENTARE IL SUO LIBRO<\/h2>\n<p>audio ROGER DE MENECH DAL NOTIZIARIO DI RADIO PIU<\/p>\n<audio class=\"wp-audio-shortcode\" id=\"audio-81694-9\" preload=\"none\" style=\"width: 100%;\" controls=\"controls\"><source type=\"audio\/mpeg\" src=\"http:\/\/www.radiopiu.net\/wordpress\/wp-content\/uploads\/2019\/04\/roger.mp3?_=9\" \/><a href=\"http:\/\/www.radiopiu.net\/wordpress\/wp-content\/uploads\/2019\/04\/roger.mp3\">http:\/\/www.radiopiu.net\/wordpress\/wp-content\/uploads\/2019\/04\/roger.mp3<\/a><\/audio>\n<p><strong>SEDICO<\/strong> Oggi a villa Patt di Sedico, Matteo Renzi presenta il suo ultimo libro, &#8220;Un&#8217;altra strada. Idee per l&#8217;Italia di domani&#8221;, edito da Marsilio. L\u2019ex presidente del Consiglio dei ministri sar\u00e0 accompagnato dal deputato bellunese Roger De Menech<\/p>\n<p>&nbsp;<\/p>\n<p>&nbsp;<\/p>\n<p>&nbsp;<\/p>\n<h2>PRIMA EDIZIONE DELLA RASSEGNA TEATRO AMATORIALE, L&#8217;ULTIMO DEI 4 SPETTACOLI AL TEATRO SAN GAETANO<\/h2>\n<p><strong>BELLUNO<\/strong> Le inziative della proloco\u00a0 Castionese. I pro e contro della nuova coppia aperta, parit\u00e0 ideologica spesso fasulla.<\/p>\n<p>di DAMIANO TORMEN<\/p>\n<audio class=\"wp-audio-shortcode\" id=\"audio-81694-10\" preload=\"none\" style=\"width: 100%;\" controls=\"controls\"><source type=\"audio\/mpeg\" src=\"http:\/\/www.radiopiu.net\/wordpress\/wp-content\/uploads\/2019\/04\/DAMIANO-CORIANDOLO.mp3?_=10\" \/><a href=\"http:\/\/www.radiopiu.net\/wordpress\/wp-content\/uploads\/2019\/04\/DAMIANO-CORIANDOLO.mp3\">http:\/\/www.radiopiu.net\/wordpress\/wp-content\/uploads\/2019\/04\/DAMIANO-CORIANDOLO.mp3<\/a><\/audio>\n<p>&nbsp;<\/p>\n<p>&nbsp;<\/p>\n<p>&nbsp;<\/p>\n<h3><strong>DOPPIO CONCERTO PER LA SAGRA DEI\u00a0\u00a0FISCIOT<\/strong><\/h3>\n<p><strong><span style=\"font-family: georgia, times, times new roman, serif;\">BELLUNO<\/span><\/strong> <em><span style=\"font-family: georgia, times, times new roman, serif;\">Domani in<\/span><span style=\"font-family: georgia, times, times new roman, serif;\"> Piazza Duomo alle\u00a0 <\/span><span style=\"font-family: georgia, times, times new roman, serif;\">\u00a010:45 <\/span><span style=\"font-family: georgia, times, times new roman, serif;\">Concerto della Filarmonica di Belluno diretta dai maestri Andrea Gasperin e Sandro De Marchi.<\/span><span style=\"font-family: georgia, times, times new roman, serif;\"> 14:30 <\/span><span style=\"font-family: georgia, times, times new roman, serif;\">Concerto della Banda Citt\u00e0 di Feltre diretta dal maestro Ivan Villanova.\u00a0<\/span><\/em><\/p>\n<p>&nbsp;<\/p>\n<p>&nbsp;<\/p>\n<p>&nbsp;<\/p>\n<h2>AL TEATRO CON IL PROGETTO DI PREVENZIONE &#8220;CHIAMIAMOLO AZZARDO&#8221;<\/h2>\n<blockquote><p>Mercoledi al Giovanni 23esimo, giovedi a Feltre e venerdi 12 aprile a Cortina. Dalle 11 lo spettacolo Mister Jackpot di Tom Corradini, l<span style=\"font-family: Calibri, sans-serif;\"><span style=\"font-size: medium;\">\u2019ultima replica, serale, sar\u00e0 rivolta alla popolazione generale venerd\u00ec 12 aprile alle ore 21.00 presso la sala teatro Giovanni XXIII a Belluno. <\/span><\/span><\/p><\/blockquote>\n<p align=\"JUSTIFY\"><span style=\"font-family: Calibri, sans-serif;\"><span style=\"font-size: medium;\"><strong><a class=\"dt-pswp-item\" href=\"http:\/\/www.radiopiu.net\/wordpress\/wp-content\/uploads\/2019\/04\/Mister.jpg\" data-dt-img-description=\"\" data-large_image_width=\"960\" data-large_image_height=\"639\"><img loading=\"lazy\" decoding=\"async\" class=\"wp-image-81572 alignleft\" src=\"http:\/\/www.radiopiu.net\/wordpress\/wp-content\/uploads\/2019\/04\/Mister.jpg\" alt=\"\" width=\"242\" height=\"161\" srcset=\"https:\/\/www.radiopiu.net\/wordpress\/wp-content\/uploads\/2019\/04\/Mister.jpg 960w, https:\/\/www.radiopiu.net\/wordpress\/wp-content\/uploads\/2019\/04\/Mister-300x200.jpg 300w, https:\/\/www.radiopiu.net\/wordpress\/wp-content\/uploads\/2019\/04\/Mister-768x511.jpg 768w\" sizes=\"auto, (max-width: 242px) 100vw, 242px\" \/><\/a>BELLUNO<\/strong> Il gioco d\u2019azzardo rappresenta negli ultimi anni un\u2019attivit\u00e0 in continua crescita non solo nel mondo degli adulti. Da uno studio del 2014 del Dipartimento Politiche Antidroga del Ministero della Salute risulta che il 3,7% della popolazione scolastica compresa tra i 15 e i 19 anni ha sviluppato u<\/span><\/span><span style=\"font-family: Calibri, sans-serif;\"><span style=\"font-size: medium;\">n problema di Gioco d\u2019Azzardo Patologico.<\/span><\/span><\/p>\n<p>&nbsp;<\/p>\n<p>&nbsp;<\/p>\n<h2><\/h2>\n<h2><\/h2>\n<h2><\/h2>\n<h2><\/h2>\n<h2>BARATTO OSPITE DEL ROTARY SUI TRAFFICANTI SOCIAL<\/h2>\n<p><strong>BELLUNO<\/strong> Giovedi alle 19.30 al centro Giovanni 23esimo incontro con\u00a0 il Rotary Club di Belluno\u00a0 \u201cTrafficanti social: il ruolo di internet nel traffico di migranti e nella tratta di esseri umani\u201d. Interverr\u00e0 Gabriele Baratto, ricercatore senior presso il gruppo \u201ceCrime\u201d della Facolt\u00e0 di Giurisprudenza \u2013 Universit\u00e0 di Trento.<\/p>\n<p>&nbsp;<\/p>\n<p>&nbsp;<\/p>\n<h2>LA CANAPA NEI PROGRAMMI DELLA PROVINCIA<\/h2>\n<p><strong>BELLUNO<\/strong> Venerdi 12 aprile alle 15 a\u00a0 Palazzo Piloni in sala affreschi la Provincia propone un incontro sulla canapicoltura, fare innovazione con la tradizione, un&#8217;opportunit\u00e0 di sviluppo per il bellunese. Interventi di Gabriella Buffa, Manuela Pierobon, Elisa Scalabrin, Alessandra Zuin. Testimonianze di Matteo Gracis, Marco Della Rosa e Flavio Kaiserman<\/p>\n<h2><\/h2>\n<p><strong>IN TELEVISIONE\u00a0<\/strong> Lo speciale &#8220;La montagna di Ilio&#8221; di Michela Coppari andr\u00e0 in onda su Telebelluno domenica alle 18.20, lunedi alle 20.45 e martedi alle 16. Martedi alle 19.40 su Teledolomiti.<\/p>\n<p>&nbsp;<\/p>\n<p>&nbsp;<\/p>\n<p>&nbsp;<\/p>\n<p><a class=\"dt-pswp-item\" href=\"http:\/\/www.radiopiu.net\/wordpress\/wp-content\/uploads\/2018\/09\/viabilita.jpeg\" data-dt-img-description=\"\" data-large_image_width=\"800\" data-large_image_height=\"100\"><img loading=\"lazy\" decoding=\"async\" class=\"alignnone size-full wp-image-61954\" src=\"http:\/\/www.radiopiu.net\/wordpress\/wp-content\/uploads\/2018\/09\/viabilita.jpeg\" alt=\"\" width=\"800\" height=\"100\" srcset=\"https:\/\/www.radiopiu.net\/wordpress\/wp-content\/uploads\/2018\/09\/viabilita.jpeg 800w, https:\/\/www.radiopiu.net\/wordpress\/wp-content\/uploads\/2018\/09\/viabilita-300x38.jpeg 300w, https:\/\/www.radiopiu.net\/wordpress\/wp-content\/uploads\/2018\/09\/viabilita-768x96.jpeg 768w\" sizes=\"auto, (max-width: 800px) 100vw, 800px\" \/><\/a><\/p>\n<p><strong>PROVINCIALE 2 VALLE DEL MIS<\/strong> Dal 6 al 12 aprile senso unico alternato con semaforo tra Pian Falcina e Pascoli.<\/p>\n<p><strong>REGIONALE 203 AGORDINA<\/strong> Dall&#8217;8 al 10 aprile, dalle 20 della sera alle 6 del mattino in galleria a Listolade senso unico alternato regolato da semaforo<\/p>\n<p><strong>\u00a0PROVINCIALE 347 DEL DURAN <\/strong>\u00a0Fino al 19 aprile tra CIbiana e Venas divieto di transito ai mezzi di massa superiore a 3,5 tonellate. Inoltre INTERDIZIONE TOTALE DELLA TRANSITABILITA&#8217; STRADALE NEI GIORNI LAVORATIVI (ESCLUSO SABATO E DOMENICA): DALLE 7.45 alle 9.45, dalle 10.15 alle 12.15, dalle 14 alle 15.30, dalle 16 alle 17.30<\/p>\n<p><strong>REGIONALE 203 AGORDINA\u00a0 <\/strong>Fino al 12 APRILE dalle 8 alle 17 senso unico alternato\u00a0 a monte del&#8217;abitato di Caprile<\/p>\n<p>&nbsp;<\/p>\n<p>&nbsp;<\/p>\n<h2><a class=\"dt-pswp-item\" href=\"http:\/\/www.radiopiu.net\/wordpress\/wp-content\/uploads\/2018\/09\/sport.jpg\" data-dt-img-description=\"\" data-large_image_width=\"800\" data-large_image_height=\"100\"><img loading=\"lazy\" decoding=\"async\" class=\"alignnone size-full wp-image-60761\" src=\"http:\/\/www.radiopiu.net\/wordpress\/wp-content\/uploads\/2018\/09\/sport.jpg\" alt=\"\" width=\"800\" height=\"100\" srcset=\"https:\/\/www.radiopiu.net\/wordpress\/wp-content\/uploads\/2018\/09\/sport.jpg 800w, https:\/\/www.radiopiu.net\/wordpress\/wp-content\/uploads\/2018\/09\/sport-300x38.jpg 300w, https:\/\/www.radiopiu.net\/wordpress\/wp-content\/uploads\/2018\/09\/sport-768x96.jpg 768w\" sizes=\"auto, (max-width: 800px) 100vw, 800px\" \/><\/a><\/h2>\n<h2><\/h2>\n<blockquote>\n<h2>IL FINE SETTIMANA CALCISTICO<\/h2>\n<p>di MARCO GAZ<\/p>\n<p>Continuano i campionati del settore giovanile dell&#8217;Agordina. La Juniores di Piergiorgio De Bastiani scende in campo oggi pomeriggio alle 15:30 quando all&#8217;Ivano Dorigo di Agordo si scontrer\u00e0 con la Plavis. Sempre ad Agordo, ma domani alle 10, giocano anche gli allievi di Orzetti che se la vedranno con il Ponet Nelle Alpi. Oggi alle 15:30 i Giovanissimi di De Lazzer giocheranno in trasferta contro il Castion.<br \/>\nDomani, alle 15:30, in campo anche la prima squadra dell&#8217;Agordina e il Fiori Barp Mas che Radio Pi\u00f9 Segui\u00e0 in diretta all&#8217;interno di \u201cDomenica + Sport\u201d. Agordina in trasferta contro il San Michele Salsa, Fiori Barp in casa contro il Cordignano.<\/p><\/blockquote>\n<p>&nbsp;<\/p>\n<h2>KIITOS PYRY<\/h2>\n<p><a class=\"dt-pswp-item\" href=\"http:\/\/www.radiopiu.net\/wordpress\/wp-content\/uploads\/2019\/04\/D3S_2538.jpg\" data-dt-img-description=\"\" data-large_image_width=\"3251\" data-large_image_height=\"2167\"><img loading=\"lazy\" decoding=\"async\" class=\"wp-image-81768 alignleft\" src=\"http:\/\/www.radiopiu.net\/wordpress\/wp-content\/uploads\/2019\/04\/D3S_2538-1024x683.jpg\" alt=\"\" width=\"198\" height=\"132\" srcset=\"https:\/\/www.radiopiu.net\/wordpress\/wp-content\/uploads\/2019\/04\/D3S_2538-1024x683.jpg 1024w, https:\/\/www.radiopiu.net\/wordpress\/wp-content\/uploads\/2019\/04\/D3S_2538-300x200.jpg 300w, https:\/\/www.radiopiu.net\/wordpress\/wp-content\/uploads\/2019\/04\/D3S_2538-768x512.jpg 768w\" sizes=\"auto, (max-width: 198px) 100vw, 198px\" \/><\/a>Pyry Escola lascia Alleghe, dalla prossima stagione la societ\u00e0 agordina dovr\u00e0 affidarsi ad un altro allenatore. L&#8217;altra sera Pyry ha salutato i ragazzi, dai pi\u00f9 piccoli ai grandi della IHL,<\/p>\n<blockquote><p><em>IL MESSAGGIO<\/em><\/p>\n<p><em>&#8220;L&#8217;Alleghe Hockey ringrazia di cuore il coach Pyry Eskola. Il suo lavoro in questi 4 anni di proficua collaborazione \u00e8 stato molto importante per la crescita dei ragazzi, ha lavorato con professionalit\u00e0 portando novit\u00e0 ed entusiasmo a tutti i livelli.Facciamo un grosso in bocca al lupo a Pyry per il suo futuro professionale&#8221;.<\/em><\/p><\/blockquote>\n<p>&nbsp;<\/p>\n<p>&nbsp;<\/p>\n<div class=\"page-title-head hgroup\">\n<h1 class=\"entry-title\"><a class=\"dt-pswp-item\" href=\"http:\/\/www.radiopiu.net\/wordpress\/wp-content\/uploads\/2019\/04\/56390507_2256804187911912_9119394872938201088_n.jpg\" data-dt-img-description=\"\" data-large_image_width=\"960\" data-large_image_height=\"720\"><img loading=\"lazy\" decoding=\"async\" class=\"wp-image-81691 alignleft\" src=\"http:\/\/www.radiopiu.net\/wordpress\/wp-content\/uploads\/2019\/04\/56390507_2256804187911912_9119394872938201088_n.jpg\" alt=\"\" width=\"196\" height=\"147\" srcset=\"https:\/\/www.radiopiu.net\/wordpress\/wp-content\/uploads\/2019\/04\/56390507_2256804187911912_9119394872938201088_n.jpg 960w, https:\/\/www.radiopiu.net\/wordpress\/wp-content\/uploads\/2019\/04\/56390507_2256804187911912_9119394872938201088_n-300x225.jpg 300w, https:\/\/www.radiopiu.net\/wordpress\/wp-content\/uploads\/2019\/04\/56390507_2256804187911912_9119394872938201088_n-768x576.jpg 768w\" sizes=\"auto, (max-width: 196px) 100vw, 196px\" \/><\/a><\/h1>\n<\/div>\n<h1>LE CAMPIONESSE ALLEGHESI A BUDAPEST<\/h1>\n<div class=\"page-title-breadcrumbs\">Domani inizieranno i mondiali di prima divisione grupp A a Budapest, le\u00a0 Civette in rosa \u00a0che vestiranno la maglia azzurra \u00a0sono ben otto e tutte campionesse d\u2019Italia 2019: Elisa Biondi, Mara Da Rech, Eleonora Dalpra\u2019, Linda De Rocco, Mia Campo Bagatin, Nadia Mattivi, Rebecca Roccella e Federica Zandegiacomo.<\/div>\n<blockquote>\n<div class=\"page-title-breadcrumbs\"><strong>I<\/strong> <strong>primi due impegni delle Azzurre: il 7 aprile alle 20.30 ITALIA-AUSTRIA l\u20198 aprile alle 13.30 ITALIA-DANIMARCA<\/strong><\/div>\n<\/blockquote>\n<p>&nbsp;<\/p>\n<p>&nbsp;<\/p>\n<p>&nbsp;<\/p>\n<h1>Presentazione Campionati italiani Cadetti Allievi di corsa in montagna 2019<\/h1>\n<blockquote><p><em>I campionati italiani individuali regionali di corsa in montagna Allievi-Cadetti, organizzati da Belluno Atletica, si terranno a Limana il prossimo 2 giugno<\/em><\/p><\/blockquote>\n<p><span style=\"color: #000000; font-family: verdana, sans-serif;\"><strong><a class=\"dt-pswp-item\" href=\"http:\/\/www.radiopiu.net\/wordpress\/wp-content\/uploads\/2019\/04\/Valpiana-Limana-2019-Ilaria-Dal-Magro-GabrieleDeNard-Luca-Cagnati.jpg\" data-dt-img-description=\"\" data-large_image_width=\"1920\" data-large_image_height=\"1080\"><img loading=\"lazy\" decoding=\"async\" class=\"wp-image-81757 alignleft\" src=\"http:\/\/www.radiopiu.net\/wordpress\/wp-content\/uploads\/2019\/04\/Valpiana-Limana-2019-Ilaria-Dal-Magro-GabrieleDeNard-Luca-Cagnati-1024x576.jpg\" alt=\"\" width=\"249\" height=\"140\" srcset=\"https:\/\/www.radiopiu.net\/wordpress\/wp-content\/uploads\/2019\/04\/Valpiana-Limana-2019-Ilaria-Dal-Magro-GabrieleDeNard-Luca-Cagnati-1024x576.jpg 1024w, https:\/\/www.radiopiu.net\/wordpress\/wp-content\/uploads\/2019\/04\/Valpiana-Limana-2019-Ilaria-Dal-Magro-GabrieleDeNard-Luca-Cagnati-300x169.jpg 300w, https:\/\/www.radiopiu.net\/wordpress\/wp-content\/uploads\/2019\/04\/Valpiana-Limana-2019-Ilaria-Dal-Magro-GabrieleDeNard-Luca-Cagnati-768x432.jpg 768w, https:\/\/www.radiopiu.net\/wordpress\/wp-content\/uploads\/2019\/04\/Valpiana-Limana-2019-Ilaria-Dal-Magro-GabrieleDeNard-Luca-Cagnati.jpg 1920w\" sizes=\"auto, (max-width: 249px) 100vw, 249px\" \/><\/a>LIMANA<\/strong> Sono stati definiti i <b>tracciati, <\/b>\u00a0percorsi spettacolari, parte su prato parte su sentieri, che presentano pendenze non proibitive e che per\u00f2, alla distanza, potrebbero rivelarsi ostici.\u00a0 <\/span><span style=\"color: #000000; font-family: verdana, sans-serif;\">I percorsi tricolori sono stati testati nei giorni scorsi da tre atleti bellunesi che hanno scritto e stanno scrivendo pagine importanti della corsa in montagna italiana e internazionale. Si tratta di <b>Gabriele De Nard<\/b>, per tanti anni capitano degli azzurri del cross (17 partecipazioni agli Europei, tre titoli assoluti individuali) ma anche campione del mondo di corsa in montagna a nella categoria Juniores (Gap \u2013 Francia 1993), <b>Luca Cagnati<\/b> (oro a squadre ai Mondiali 2015) e <b>Ilaria Dal Magro<\/b> (campionessa italiana Junior nel 2012 e Promesse nel 2015). I tre azzurri sono testimonial dell&#8217;evento e sono protagonisti del video promozionale dell&#8217;appuntamento tricolore. <\/span><\/p>\n<p><strong>IL PERCORSO: LE ANTICIPAZIONI ALLA RADIO, CON LUCA CAGNATI\u00a0<\/strong><\/p>\n<audio class=\"wp-audio-shortcode\" id=\"audio-81694-11\" preload=\"none\" style=\"width: 100%;\" controls=\"controls\"><source type=\"audio\/mpeg\" src=\"http:\/\/www.radiopiu.net\/wordpress\/wp-content\/uploads\/2019\/04\/luca-cagnati.mp3?_=11\" \/><a href=\"http:\/\/www.radiopiu.net\/wordpress\/wp-content\/uploads\/2019\/04\/luca-cagnati.mp3\">http:\/\/www.radiopiu.net\/wordpress\/wp-content\/uploads\/2019\/04\/luca-cagnati.mp3<\/a><\/audio>\n<p>&nbsp;<\/p>\n<h2>ECCO LA PRESENTAZIONE UFFICIALE SU YOUTUBE<br \/>\nLuca Cagnati, Gabriele De Nart, Ilaria Dal Magro<\/h2>\n<p><iframe loading=\"lazy\" title=\"Presentazione Campionati italiani Cadetti Allievi di corsa in montagna 2019\" width=\"1200\" height=\"675\" src=\"https:\/\/www.youtube.com\/embed\/HPfVTeAEBic?start=5&#038;feature=oembed\" frameborder=\"0\" allow=\"accelerometer; autoplay; clipboard-write; encrypted-media; gyroscope; picture-in-picture\" allowfullscreen><\/iframe><\/p>\n<p>&nbsp;<\/p>\n<p>&nbsp;<\/p>\n<p>&nbsp;<\/p>\n<p>&nbsp;<\/p>\n<h2>INCONTRANDO LA NATURA CON LA PEDONATA NEL RICORDO DI ANTONELLA E MICHELE<\/h2>\n<p><a class=\"dt-pswp-item\" href=\"http:\/\/www.radiopiu.net\/wordpress\/wp-content\/uploads\/2019\/04\/Volantino-Pedoanata-7apr19-1.jpg\" data-dt-img-description=\"\" data-large_image_width=\"1485\" data-large_image_height=\"2100\"><img loading=\"lazy\" decoding=\"async\" class=\"wp-image-81762 alignleft\" src=\"http:\/\/www.radiopiu.net\/wordpress\/wp-content\/uploads\/2019\/04\/Volantino-Pedoanata-7apr19-1-724x1024.jpg\" alt=\"\" width=\"167\" height=\"236\" srcset=\"https:\/\/www.radiopiu.net\/wordpress\/wp-content\/uploads\/2019\/04\/Volantino-Pedoanata-7apr19-1-724x1024.jpg 724w, https:\/\/www.radiopiu.net\/wordpress\/wp-content\/uploads\/2019\/04\/Volantino-Pedoanata-7apr19-1-212x300.jpg 212w, https:\/\/www.radiopiu.net\/wordpress\/wp-content\/uploads\/2019\/04\/Volantino-Pedoanata-7apr19-1-768x1086.jpg 768w, https:\/\/www.radiopiu.net\/wordpress\/wp-content\/uploads\/2019\/04\/Volantino-Pedoanata-7apr19-1.jpg 1485w\" sizes=\"auto, (max-width: 167px) 100vw, 167px\" \/><\/a>E\u2019 attesa domenica 7 aprile una delle classiche pedonate bellunesi di primavera \u201cIncontro con la natura\u201d valevole per il XXV trofeo Antonella e Michele che sar\u00e0 assegnato al gruppo pi\u00f9 numeroso. Questa pedonata che si ripete da oltre quarantanni in una localit\u00e0 sempre diversa del Comune di Sospirolo, alla scoperta dei luoghi pi\u00f9 caratteristici, che non mancano nel paese delle leggende. Le due antiche chiesette di S.Michele e S.Giluliana che custodiscono l\u2019accesso del Canal del Mis, la soleggiata pedemontana ai piedi del monte Sperone faranno da splendida cornice ai marciatori. La partenza e arrivo si terranno nel piccolo borgo di Pascoli, dove \u00e8 possibile visitare l\u2019antica e suggestiva chiesetta. Due i percorsi rispettivamente uno di 4 km circa, facile e percorribile con ogni mezzo, e uno di 9 km. pi\u00f9 impegnativo ma anche pi\u00f9 affascinante. Iscrizioni dalle 8 alle 9,30 allo storico locale \u201cda Cencio e Vittoria\u201d situato poco prima dell\u2019imbocco della Valle del Mis, sulla sx provenendo da Mis, in fronte alla chiesetta di San Michele, da dove prender\u00e0 il via la pedonata. Iscrizioni a 5 \u00a0\u20ac con simpatico omaggio. Ricco Ristoro per tutti i partecipanti, Premi ai gruppi pi\u00f9 numerosi ed altri a sorteggio tra i partecipanti. Collaborano il Comitato frazionale di Pascoli \u2013 Volpez, quello di Col Molin e l\u2019AIB Sospirolo, sar\u00e0 presente il centro mobile di assistenza di Vol.A.<\/p>\n<p>&nbsp;<\/p>\n<p>&nbsp;<\/p>\n<h3><a class=\"dt-pswp-item\" href=\"http:\/\/www.radiopiu.net\/wordpress\/wp-content\/uploads\/2018\/09\/WhatsApp-Image-2018-09-20-at-16.04.06.jpeg\" data-dt-img-description=\"\" data-large_image_width=\"800\" data-large_image_height=\"100\"><img loading=\"lazy\" decoding=\"async\" class=\"alignnone wp-image-61378 size-full\" src=\"http:\/\/www.radiopiu.net\/wordpress\/wp-content\/uploads\/2018\/09\/WhatsApp-Image-2018-09-20-at-16.04.06.jpeg\" alt=\"\" width=\"800\" height=\"100\" srcset=\"https:\/\/www.radiopiu.net\/wordpress\/wp-content\/uploads\/2018\/09\/WhatsApp-Image-2018-09-20-at-16.04.06.jpeg 800w, https:\/\/www.radiopiu.net\/wordpress\/wp-content\/uploads\/2018\/09\/WhatsApp-Image-2018-09-20-at-16.04.06-300x38.jpeg 300w, https:\/\/www.radiopiu.net\/wordpress\/wp-content\/uploads\/2018\/09\/WhatsApp-Image-2018-09-20-at-16.04.06-768x96.jpeg 768w\" sizes=\"auto, (max-width: 800px) 100vw, 800px\" \/><\/a><\/h3>\n<p><center><b>Sabato 6<\/b><\/center><b>Tempo atteso: <\/b>Nella notte possibile presenza di nubi basse piuttosto insistenti, specie nelle valli prealpine. In giornata schiarite anche ampie, locali modesti addensamenti cumuliformi e nubi alte. Clima diurno pi\u00f9 mite per il soleggiamento, ancora relativamente fresco in quota.<br \/>\n<b>Precipitazioni: <\/b>Assenti, al pi\u00f9 limitate a qualche isolato piovasco pomeridiano (10%), eventualmente senza accumuli apprezzabili.<br \/>\n<b>Temperature: <\/b>Minime in calo nelle valli, specie in caso di ampie schiarite notturne, stazionarie in quota; massime in aumento nelle valli in funzione del soleggiamento, stazionarie in quota. Su Prealpi a 1500 m min 1\u00b0C max 5\u00b0C, a 2000 m min -1\u00b0C max 2\u00b0C. Su Dolomiti a 2000 m min -1\u00b0C max 3\u00b0C, a 3000 m min -5\u00b0C max -3\u00b0C.<br \/>\n<b>Venti: <\/b>Nelle valli perlopi\u00f9 deboli di direzione variabile; in quota perlopi\u00f9 deboli in rotazione da Nord-Ovest a Sud-Ovest, a 5-10 km\/h a 2000 m, 10-20 km\/h a 3000 m.<\/p>\n<hr \/>\n<p><center><b>Domenica 7<\/b><\/center><b>Tempo atteso: <\/b>Giornata perlopi\u00f9 nuvolosa sia per nubi alte e medio-alte spesso estese che per cumuli diurni a moderato sviluppo, specie sulle Prealpi. Clima diurno relativamente fresco.<br \/>\n<b>Precipitazioni: <\/b>Al mattino assenti (0%); al pomeriggio\/sera non escluso qualche isolato piovasco o breve rovescio (30\/40%), eventualmente nevoso a 1600\/1800 m, a quote inferiori solo in caso di singoli rovesci pi\u00f9 duraturi.<br \/>\n<b>Temperature: <\/b>Nelle valli minime stazionarie o in calo solo in caso di assenza di nubi basse e massime in rialzo; in quota stazionarie. Su Prealpi a 1500 m min 2\u00b0C max 6\u00b0C, a 2000 m min 0\u00b0C max 3\u00b0C. Su Dolomiti a 2000 m min -1\u00b0C max 2\u00b0C, a 3000 m min -6\u00b0C max -4\u00b0C.<br \/>\n<b>Venti: <\/b>Nelle valli perlopi\u00f9 deboli di direzione variabile; in quota perlopi\u00f9 deboli da Est Sud-Est, a 5-10 km\/h a 2000 m, 10-20 km\/h a 3000 m.<\/p>\n<hr \/>\n<p><center><b>Lunedi 8<\/b><\/center>Ancora tempo in prevalenza nuvoloso anche per nubi medio-basse, con aumento della nuvolosit\u00e0 al pomeriggio\/sera e possibili deboli precipitazioni, eventualmente nevose a 1800\/1900 m. Temperature in rialzo specie in quota. Venti deboli sud-orientali.<\/p>\n<hr \/>\n<p><center><b>Martedi 9<\/b><\/center>Possibili iniziali condizioni di tempo moderatamente perturbato, con precipitazioni a tratti diffuse al mattino e poi in esaurimento, perlopi\u00f9 deboli o al pi\u00f9 moderate, nevose a 1400\/1700 m. Miglioramento al pomeriggio\/sera. Clima diurno un po&#8217; pi\u00f9 fresco. Previsore: G.M.<\/p>\n<p>&nbsp;<\/p>\n","protected":false},"excerpt":{"rendered":"<p>Situazione strade provinciali e regionali in Provincia di Belluno in gestione a Veneto Strade S.p.A. nel Bellunese. Aggiornamento al 06\/04\/2019 ore 09.00. Si comunica che vengono riaperti al transito i seguenti tratti stradali: &#8211; S.P. 1 bis \u201cMadonna del Piave\u201d diramazione Vas \u2013 Segusino, \u00a0S.P. 49 \u201cdi Misurina\u201d Rimangono chiusi i seguenti tratti stradali: &#8211;&hellip;<\/p>\n","protected":false},"author":1,"featured_media":81669,"comment_status":"closed","ping_status":"closed","sticky":false,"template":"","format":"standard","meta":{"_monsterinsights_skip_tracking":false,"_monsterinsights_sitenote_active":false,"_monsterinsights_sitenote_note":"","_monsterinsights_sitenote_category":0,"footnotes":""},"categories":[86],"tags":[],"class_list":["post-81694","post","type-post","status-publish","format-standard","has-post-thumbnail","hentry","category-gr","category-86","description-off"],"img_url":"https:\/\/www.radiopiu.net\/wordpress\/wp-content\/uploads\/2019\/04\/WhatsApp-Image-2019-04-05-at-07.33.20.jpeg","_links":{"self":[{"href":"https:\/\/www.radiopiu.net\/wordpress\/wp-json\/wp\/v2\/posts\/81694","targetHints":{"allow":["GET"]}}],"collection":[{"href":"https:\/\/www.radiopiu.net\/wordpress\/wp-json\/wp\/v2\/posts"}],"about":[{"href":"https:\/\/www.radiopiu.net\/wordpress\/wp-json\/wp\/v2\/types\/post"}],"author":[{"embeddable":true,"href":"https:\/\/www.radiopiu.net\/wordpress\/wp-json\/wp\/v2\/users\/1"}],"replies":[{"embeddable":true,"href":"https:\/\/www.radiopiu.net\/wordpress\/wp-json\/wp\/v2\/comments?post=81694"}],"version-history":[{"count":0,"href":"https:\/\/www.radiopiu.net\/wordpress\/wp-json\/wp\/v2\/posts\/81694\/revisions"}],"wp:featuredmedia":[{"embeddable":true,"href":"https:\/\/www.radiopiu.net\/wordpress\/wp-json\/wp\/v2\/media\/81669"}],"wp:attachment":[{"href":"https:\/\/www.radiopiu.net\/wordpress\/wp-json\/wp\/v2\/media?parent=81694"}],"wp:term":[{"taxonomy":"category","embeddable":true,"href":"https:\/\/www.radiopiu.net\/wordpress\/wp-json\/wp\/v2\/categories?post=81694"},{"taxonomy":"post_tag","embeddable":true,"href":"https:\/\/www.radiopiu.net\/wordpress\/wp-json\/wp\/v2\/tags?post=81694"}],"curies":[{"name":"wp","href":"https:\/\/api.w.org\/{rel}","templated":true}]}}