{"id":81767,"date":"2019-04-06T06:00:53","date_gmt":"2019-04-06T04:00:53","guid":{"rendered":"http:\/\/www.radiopiu.net\/wordpress\/?p=81767"},"modified":"2019-04-06T06:44:08","modified_gmt":"2019-04-06T04:44:08","slug":"kiitos-pyry","status":"publish","type":"post","link":"https:\/\/www.radiopiu.net\/wordpress\/kiitos-pyry\/","title":{"rendered":"KIITOS PYRY"},"content":{"rendered":"<p>Pyry Escola lascia Alleghe, dalla prossima stagione la societ\u00e0 agordina dovr\u00e0 affidarsi ad un altro allenatore. L&#8217;altra sera Pyry ha salutato i ragazzi, dai pi\u00f9 piccoli ai grandi della IHL,<\/p>\n<blockquote><p><em>IL MESSAGGIO<\/em><\/p>\n<p><em>&#8220;L&#8217;Alleghe Hockey ringrazia di cuore\u00a0 Pyry Eskola. Il suo lavoro in questi 4 anni di proficua collaborazione \u00e8 stato molto importante per la crescita dei ragazzi, ha lavorato con professionalit\u00e0 portando novit\u00e0 ed entusiasmo a tutti i livelli.Facciamo un grosso in bocca al lupo a Pyry per il suo futuro professionale&#8221;.<\/em><\/p><\/blockquote>\n","protected":false},"excerpt":{"rendered":"<p>Pyry Escola lascia Alleghe, dalla prossima stagione la societ\u00e0 agordina dovr\u00e0 affidarsi ad un altro allenatore. L&#8217;altra sera Pyry ha salutato i ragazzi, dai pi\u00f9 piccoli ai grandi della IHL, IL MESSAGGIO &#8220;L&#8217;Alleghe Hockey ringrazia di cuore\u00a0 Pyry Eskola. Il suo lavoro in questi 4 anni di proficua collaborazione \u00e8 stato molto importante per la&hellip;<\/p>\n","protected":false},"author":1,"featured_media":81768,"comment_status":"closed","ping_status":"closed","sticky":false,"template":"","format":"standard","meta":{"_monsterinsights_skip_tracking":false,"_monsterinsights_sitenote_active":false,"_monsterinsights_sitenote_note":"","_monsterinsights_sitenote_category":0,"footnotes":""},"categories":[49,72],"tags":[],"class_list":["post-81767","post","type-post","status-publish","format-standard","has-post-thumbnail","hentry","category-news-18","category-sport","category-49","category-72","description-off"],"img_url":"https:\/\/www.radiopiu.net\/wordpress\/wp-content\/uploads\/2019\/04\/D3S_2538.jpg","_links":{"self":[{"href":"https:\/\/www.radiopiu.net\/wordpress\/wp-json\/wp\/v2\/posts\/81767","targetHints":{"allow":["GET"]}}],"collection":[{"href":"https:\/\/www.radiopiu.net\/wordpress\/wp-json\/wp\/v2\/posts"}],"about":[{"href":"https:\/\/www.radiopiu.net\/wordpress\/wp-json\/wp\/v2\/types\/post"}],"author":[{"embeddable":true,"href":"https:\/\/www.radiopiu.net\/wordpress\/wp-json\/wp\/v2\/users\/1"}],"replies":[{"embeddable":true,"href":"https:\/\/www.radiopiu.net\/wordpress\/wp-json\/wp\/v2\/comments?post=81767"}],"version-history":[{"count":0,"href":"https:\/\/www.radiopiu.net\/wordpress\/wp-json\/wp\/v2\/posts\/81767\/revisions"}],"wp:featuredmedia":[{"embeddable":true,"href":"https:\/\/www.radiopiu.net\/wordpress\/wp-json\/wp\/v2\/media\/81768"}],"wp:attachment":[{"href":"https:\/\/www.radiopiu.net\/wordpress\/wp-json\/wp\/v2\/media?parent=81767"}],"wp:term":[{"taxonomy":"category","embeddable":true,"href":"https:\/\/www.radiopiu.net\/wordpress\/wp-json\/wp\/v2\/categories?post=81767"},{"taxonomy":"post_tag","embeddable":true,"href":"https:\/\/www.radiopiu.net\/wordpress\/wp-json\/wp\/v2\/tags?post=81767"}],"curies":[{"name":"wp","href":"https:\/\/api.w.org\/{rel}","templated":true}]}}