{"id":82007,"date":"2019-04-08T15:44:14","date_gmt":"2019-04-08T13:44:14","guid":{"rendered":"http:\/\/www.radiopiu.net\/wordpress\/?p=82007"},"modified":"2019-04-09T05:21:39","modified_gmt":"2019-04-09T03:21:39","slug":"il-dirigente-scolastico-alla-cesa-de-jan","status":"publish","type":"post","link":"https:\/\/www.radiopiu.net\/wordpress\/il-dirigente-scolastico-alla-cesa-de-jan\/","title":{"rendered":"IL DIRIGENTE SCOLASTICO ALLA CESA DE JAN"},"content":{"rendered":"<h2><\/h2>\n<p><strong><a class=\"dt-pswp-item\" href=\"http:\/\/www.radiopiu.net\/wordpress\/wp-content\/uploads\/2019\/03\/icona-cesadejan-1.jpg\" data-dt-img-description=\"\" data-large_image_width=\"500\" data-large_image_height=\"500\"><img loading=\"lazy\" decoding=\"async\" class=\"size-medium wp-image-78198 alignleft\" src=\"http:\/\/www.radiopiu.net\/wordpress\/wp-content\/uploads\/2019\/03\/icona-cesadejan-1-300x300.jpg\" alt=\"\" width=\"300\" height=\"300\" srcset=\"https:\/\/www.radiopiu.net\/wordpress\/wp-content\/uploads\/2019\/03\/icona-cesadejan-1-300x300.jpg 300w, https:\/\/www.radiopiu.net\/wordpress\/wp-content\/uploads\/2019\/03\/icona-cesadejan-1-150x150.jpg 150w, https:\/\/www.radiopiu.net\/wordpress\/wp-content\/uploads\/2019\/03\/icona-cesadejan-1.jpg 500w\" sizes=\"auto, (max-width: 300px) 100vw, 300px\" \/><\/a>COLLE SANTA LUCIA<\/strong> L\u2019Istitut Cultural Ladin Cesa de Jan ha incontrato \u00a0Gianni De Bastiani, Dirigente dell\u2019Ufficio<br \/>\nScolastico Territoriale di Belluno, figura un tempo conosciuta come \u201cil Provveditore agli studi\u201d. All\u2019incontro, svoltosi negli antichi locali della Cesa de Jan , oltre al Dirigente e al professor Chiozzi, suo collaboratore, hanno partecipato la Presidente dell\u2019Istituto Elsa Zardini \u201cSoriza\u201d, il Vice- Presidente Paolo Frena \u201cBonata\u201d e il Direttore Denni Dorigo \u201cdel Moro\u201d. Con orgoglio \u00e8 stata illustrata l\u2019esperienza pi\u00f9 che positiva riguardante l\u2019insegnamento della lingua ladina nelle scuole di Livinallongo e Cortina d\u2019Ampezzo. In particolare il Dirigente ha potuto rendersi conto dello sforzo economico che ogni anno l\u2019Istituto affronta per garantire la presenza di un insegnate qualificato in tutte le classi della Scuola Primaria e Secondaria di Livinallongo e in una classe della Primaria Duca d\u2019Aosta di Cortina d\u2019Ampezzo. \u00c9 stato poi evidenziato come la legge 482 del 1999, che prevede l\u2019uso della lingua minoritaria nella scuola, risulti essere, ad oggi, una strumento vecchio e per molti aspetti superato: c\u2019\u00e8 la necessit\u00e0 di un intervento legislativo che preveda la possibilit\u00e0 di introdurre il ladino curricolare e l\u2019istituzione delle relative cattedre.<\/p>\n<blockquote><p>Dagli esponenti dell\u2019Ufficio Scolastico \u00e8 arrivato l\u2019invito ad una maggior collaborazione per l\u2019attivazione delle progettualit\u00e0 riguardanti l\u2019uso veicolare della lingua ladina, secondo la metodologia CLIL, progetti attualmente finanziati con i Fondi Comuni Confinanti. L\u2019Istituto Ladino ha manifestato la propria disponibilit\u00e0 a collaborare in tal senso con i diversi Istituti Comprensivi, sottolineando tuttavia che il modello scolastico a cui mirano le nostre comunit\u00e0, \u00e8 la scuola paritetica attualmente in vigore nelle vicine valli ladine del Sudtirolo.<\/p><\/blockquote>\n<p>L\u2019incontro si \u00e8 concluso con l\u2019auspicio di poter costruire nuove collaborazioni, anche sovra regionali, affinch\u00e9 le scuole possano essere sempre pi\u00f9 competitive e attrattive anche nei confronti delle comunit\u00e0 limitrofe. L\u2019obiettivo principale, oltre a quello di conservare la propria cultura e la propria identit\u00e0 anche attraverso l\u2019attivit\u00e0 didattica, \u00e8 senz\u2019altro quella di salvaguardare la presenza nei\u00a0 paesi della scuola che, oltre ad essere un servizio fondamentale per le famiglie, \u00e8 di vitale importanza per il futuro delle comunit\u00e0.<\/p>\n","protected":false},"excerpt":{"rendered":"<p>COLLE SANTA LUCIA L\u2019Istitut Cultural Ladin Cesa de Jan ha incontrato \u00a0Gianni De Bastiani, Dirigente dell\u2019Ufficio Scolastico Territoriale di Belluno, figura un tempo conosciuta come \u201cil Provveditore agli studi\u201d. All\u2019incontro, svoltosi negli antichi locali della Cesa de Jan , oltre al Dirigente e al professor Chiozzi, suo collaboratore, hanno partecipato la Presidente dell\u2019Istituto Elsa Zardini&hellip;<\/p>\n","protected":false},"author":1,"featured_media":78198,"comment_status":"closed","ping_status":"closed","sticky":false,"template":"","format":"standard","meta":{"_monsterinsights_skip_tracking":false,"_monsterinsights_sitenote_active":false,"_monsterinsights_sitenote_note":"","_monsterinsights_sitenote_category":0,"footnotes":""},"categories":[51,49],"tags":[],"class_list":["post-82007","post","type-post","status-publish","format-standard","has-post-thumbnail","hentry","category-evidenza-top","category-news-18","category-51","category-49","description-off"],"img_url":"https:\/\/www.radiopiu.net\/wordpress\/wp-content\/uploads\/2019\/03\/icona-cesadejan-1.jpg","_links":{"self":[{"href":"https:\/\/www.radiopiu.net\/wordpress\/wp-json\/wp\/v2\/posts\/82007","targetHints":{"allow":["GET"]}}],"collection":[{"href":"https:\/\/www.radiopiu.net\/wordpress\/wp-json\/wp\/v2\/posts"}],"about":[{"href":"https:\/\/www.radiopiu.net\/wordpress\/wp-json\/wp\/v2\/types\/post"}],"author":[{"embeddable":true,"href":"https:\/\/www.radiopiu.net\/wordpress\/wp-json\/wp\/v2\/users\/1"}],"replies":[{"embeddable":true,"href":"https:\/\/www.radiopiu.net\/wordpress\/wp-json\/wp\/v2\/comments?post=82007"}],"version-history":[{"count":0,"href":"https:\/\/www.radiopiu.net\/wordpress\/wp-json\/wp\/v2\/posts\/82007\/revisions"}],"wp:featuredmedia":[{"embeddable":true,"href":"https:\/\/www.radiopiu.net\/wordpress\/wp-json\/wp\/v2\/media\/78198"}],"wp:attachment":[{"href":"https:\/\/www.radiopiu.net\/wordpress\/wp-json\/wp\/v2\/media?parent=82007"}],"wp:term":[{"taxonomy":"category","embeddable":true,"href":"https:\/\/www.radiopiu.net\/wordpress\/wp-json\/wp\/v2\/categories?post=82007"},{"taxonomy":"post_tag","embeddable":true,"href":"https:\/\/www.radiopiu.net\/wordpress\/wp-json\/wp\/v2\/tags?post=82007"}],"curies":[{"name":"wp","href":"https:\/\/api.w.org\/{rel}","templated":true}]}}