{"id":82017,"date":"2019-04-08T15:52:43","date_gmt":"2019-04-08T13:52:43","guid":{"rendered":"http:\/\/www.radiopiu.net\/wordpress\/?p=82017"},"modified":"2019-04-09T16:18:45","modified_gmt":"2019-04-09T14:18:45","slug":"borse-di-studio-per-gli-studenti-di-rocca-pietore","status":"publish","type":"post","link":"https:\/\/www.radiopiu.net\/wordpress\/borse-di-studio-per-gli-studenti-di-rocca-pietore\/","title":{"rendered":"BORSE DI STUDIO PER GLI STUDENTI DI ROCCA PIETORE"},"content":{"rendered":"<p align=\"CENTER\"><em><span style=\"color: #83caff;\"><span style=\"font-family: Candara, sans-serif;\"><span style=\"font-size: large;\"><b>L&#8217;associazione Levi-Montalcini richiede progetti sulla Val Pettorina<\/b><\/span><\/span><\/span><\/em><\/p>\n<p align=\"JUSTIFY\"><span style=\"font-family: Corbel, sans-serif;\"><span style=\"font-size: medium;\"><a class=\"dt-pswp-item\" href=\"http:\/\/www.radiopiu.net\/wordpress\/wp-content\/uploads\/2019\/04\/Rocca-Pietore-colpita-dal-maltempo-foto-di-Roberto-Bristot-lab.-Inquadrati.jpg\" data-dt-img-description=\"\" data-large_image_width=\"1600\" data-large_image_height=\"900\"><img loading=\"lazy\" decoding=\"async\" class=\"size-medium wp-image-82020 alignleft\" src=\"http:\/\/www.radiopiu.net\/wordpress\/wp-content\/uploads\/2019\/04\/Rocca-Pietore-colpita-dal-maltempo-foto-di-Roberto-Bristot-lab.-Inquadrati-300x169.jpg\" alt=\"\" width=\"300\" height=\"169\" srcset=\"https:\/\/www.radiopiu.net\/wordpress\/wp-content\/uploads\/2019\/04\/Rocca-Pietore-colpita-dal-maltempo-foto-di-Roberto-Bristot-lab.-Inquadrati-300x169.jpg 300w, https:\/\/www.radiopiu.net\/wordpress\/wp-content\/uploads\/2019\/04\/Rocca-Pietore-colpita-dal-maltempo-foto-di-Roberto-Bristot-lab.-Inquadrati-768x432.jpg 768w, https:\/\/www.radiopiu.net\/wordpress\/wp-content\/uploads\/2019\/04\/Rocca-Pietore-colpita-dal-maltempo-foto-di-Roberto-Bristot-lab.-Inquadrati-1024x576.jpg 1024w, https:\/\/www.radiopiu.net\/wordpress\/wp-content\/uploads\/2019\/04\/Rocca-Pietore-colpita-dal-maltempo-foto-di-Roberto-Bristot-lab.-Inquadrati.jpg 1600w\" sizes=\"auto, (max-width: 300px) 100vw, 300px\" \/><\/a><strong>ROCCA PIETORE <\/strong><\/span><\/span><span style=\"font-family: Corbel, sans-serif;\"><span style=\"font-size: medium;\">L&#8217;<\/span><\/span><span style=\"font-family: Corbel, sans-serif;\"><span style=\"font-size: medium;\"><b>associazione Levi-Montalcini<\/b><\/span><\/span><b>\u00a0<\/b><span style=\"color: #000000;\"><span style=\"font-family: Corbel, sans-serif;\"><span style=\"font-size: medium;\">mette a bando<\/span><\/span><\/span><span style=\"font-family: Corbel, sans-serif;\"><span style=\"font-size: medium;\"> due borse di studio per l&#8217;anno scolastico 2018-19\u00a0 destinate ai circa sessanta studenti, con residenza nel comune di Rocca Pietore, delle <\/span><\/span><span style=\"font-family: Corbel, sans-serif;\"><span style=\"font-size: medium;\"><b>scuole secondarie di II grado<\/b><\/span><\/span><span style=\"font-family: Corbel, sans-serif;\"><span style=\"font-size: medium;\"> e agli <\/span><\/span><span style=\"font-family: Corbel, sans-serif;\"><span style=\"font-size: medium;\"><b>universitari<\/b><\/span><\/span><span style=\"font-family: Corbel, sans-serif;\"><span style=\"font-size: medium;\">. <\/span><\/span><span style=\"font-family: Corbel, sans-serif;\"><span style=\"font-size: medium;\">Una lodevole iniziativa quella dell&#8217;associazione con sede a Torino, volta a offrire<\/span><\/span><span style=\"color: #000000;\"><span style=\"font-family: Corbel, sans-serif;\"><span style=\"font-size: medium;\"> ai giovani, tramite centri di orientamento, sostegno e supporto per la scelta degli studi o dell&#8217;attivit\u00e0 lavorativa da intraprendere<\/span><\/span><\/span><span style=\"font-family: Corbel, sans-serif;\"><span style=\"font-size: medium;\">. <\/span><\/span><span style=\"font-family: Corbel, sans-serif;\"><span style=\"font-size: medium;\">L&#8217;interesse \u00e8 rivolto in questo caso ai giovani del comune bellunese, tra i pi\u00f9 colpiti dalla recente calamit\u00e0. La partecipazione al bando \u00e8 riservata a studenti delle scuole secondarie di II grado di qualsivoglia indirizzo e studenti universitari con corso di studi regolare. Non sono ammessi, invece, percettori di altre borse di studio nel corrente anno scolastico. <\/span><\/span><span style=\"font-family: Corbel, sans-serif;\"><span style=\"font-size: medium;\">Tutti i partecipanti dovranno presentare <\/span><\/span><span style=\"font-family: Corbel, sans-serif;\"><span style=\"font-size: medium;\"><b>un progetto focalizzato sulla Val Pettorina<\/b><\/span><\/span><span style=\"font-family: Corbel, sans-serif;\"><span style=\"font-size: medium;\"> con la finalit\u00e0 di analizzare e approfondire aspetti che possano rientrare in alcuni macro argomenti: la <\/span><\/span><span style=\"font-family: Corbel, sans-serif;\"><span style=\"font-size: medium;\"><b>storia-cultura ladina e tradizioni<\/b><\/span><\/span><span style=\"font-family: Corbel, sans-serif;\"><span style=\"font-size: medium;\"> nelle loro diverse sfumature; <\/span><\/span><span style=\"font-family: Corbel, sans-serif;\"><span style=\"font-size: medium;\"><b>cultura e tradizione produttiva locale<\/b><\/span><\/span><span style=\"font-family: Corbel, sans-serif;\"><span style=\"font-size: medium;\"> (recupero dell\u2019agricoltura e della pastorizia in alta montagna, artigianato, cultura dell\u2019accoglienza integrata nel sistema valle). Ancora, r<\/span><\/span><span style=\"font-family: Corbel, sans-serif;\"><span style=\"font-size: medium;\"><b>ilancio ambientale e paesaggistico<\/b><\/span><\/span><span style=\"font-family: Corbel, sans-serif;\"><span style=\"font-size: medium;\"> dopo la catastrofe ambientale di ottobre (corsi d\u2019acqua e parti boschive, tracciatura dei sentieri, recupero degli alpeggi). Infine, <\/span><\/span><span style=\"font-family: Corbel, sans-serif;\"><span style=\"font-size: medium;\"><b>sostenibilit\u00e0 ambientale e sviluppo del turismo<\/b><\/span><\/span><span style=\"font-family: Corbel, sans-serif;\"><span style=\"font-size: medium;\"> (benessere e ambiente, turismo ecosostenibile e lento (il ritorno dei giovani), nuove forme di ricettivit\u00e0 (albergo diffuso e borgo albergo), recupero della cultura montana nell&#8217;enogastronomia, turismo di alta quota. <\/span><\/span><span style=\"font-family: Corbel, sans-serif;\"><span style=\"font-size: medium;\">Sono previsti 500 euro a borsa per gli studenti delle scuole secondarie di II grado e 1.000 euro per gli universitari. <\/span><\/span><span style=\"font-family: Corbel, sans-serif;\"><span style=\"font-size: medium;\">La commissione sar\u00e0 composta da coloro che hanno finanziato la pubblicazione del libro \u201cLa casa in mezzo al prato in Boscoverde di Rocca Pietore\u201d e dal sindaco del Comune di Rocca Pietore. <\/span><\/span><span style=\"font-family: Corbel, sans-serif;\"><span style=\"font-size: medium;\">Entro il 29 ottobre verr\u00e0 organizzato uno specifico evento per la consegna delle borse di studio<\/span><\/span><span style=\"font-family: Corbel, sans-serif;\">.<\/span><\/p>\n<p align=\"JUSTIFY\">\n<p align=\"JUSTIFY\">\n<p align=\"JUSTIFY\">\n<p align=\"JUSTIFY\">LA NUOVA LAVAGNA MULTIMEDIALE AD ANZU&#8217;, GESTO DI SOLIDARIETA&#8217;<\/p>\n<p><strong><a class=\"dt-pswp-item\" href=\"http:\/\/www.radiopiu.net\/wordpress\/wp-content\/uploads\/2019\/04\/IC-FELTRE-Lim-Anz\u00f9-1.jpg\" data-dt-img-description=\"\" data-large_image_width=\"1080\" data-large_image_height=\"740\"><img loading=\"lazy\" decoding=\"async\" class=\"size-medium wp-image-82024 alignleft\" src=\"http:\/\/www.radiopiu.net\/wordpress\/wp-content\/uploads\/2019\/04\/IC-FELTRE-Lim-Anz\u00f9-1-300x206.jpg\" alt=\"\" width=\"300\" height=\"206\" srcset=\"https:\/\/www.radiopiu.net\/wordpress\/wp-content\/uploads\/2019\/04\/IC-FELTRE-Lim-Anz\u00f9-1-300x206.jpg 300w, https:\/\/www.radiopiu.net\/wordpress\/wp-content\/uploads\/2019\/04\/IC-FELTRE-Lim-Anz\u00f9-1-768x526.jpg 768w, https:\/\/www.radiopiu.net\/wordpress\/wp-content\/uploads\/2019\/04\/IC-FELTRE-Lim-Anz\u00f9-1-1024x702.jpg 1024w, https:\/\/www.radiopiu.net\/wordpress\/wp-content\/uploads\/2019\/04\/IC-FELTRE-Lim-Anz\u00f9-1.jpg 1080w\" sizes=\"auto, (max-width: 300px) 100vw, 300px\" \/><\/a>FELTRE<\/strong>\u00a0 E&#8217; stata inaugurata con una festa alla quale ha partecipato anche il sindaco di Feltre, Paolo Perenzin, la nuova lavagna multimediale &#8220;Lim&#8221;\u00a0 donata alla scuola dell&#8217;Infanzia di Anz\u00f9, dell&#8217;IC di Feltre, frutto della solidariet\u00e0 di genitori, BCC Prealpi e Alpini Gruppo ANA Monte Miesna che hanno completato il tutto donando anche proiettore, computer e definendo l&#8217;allestimento dell&#8217;aula. Alla cerimonia, oltre al sindaco Perenzin, sono intervenuti il capogruppo Monte Miesna e promotore della donazione, Corrado Marcolin, la maestra Enrica Colmanet in qualit\u00e0 di Referente per le Scuole Infanzia e in rappresentanza del dirigente scolastico, il parroco di Anz\u00f9 Don Firmino Moretton, il direttore filiale BCC Prealpi di Sedico, Fabio Coan, ed Efrem Zannini in rappresentanza della unit\u00e0 di protezione civile ANA di Feltre. \u201cL&#8217;occasione \u2013 spiegano le maestre \u2013 ci ha permesso di attuare il progetto di continuit\u00e0 con la Scuola Primaria di Nemeggio (sono arrivati i bambinidi prima iscritti l&#8217;anno scorso da noi accompagnati dalla maestra Daniela Cingolani). Un evento che ha unito non solo due scuole appartenenti a due istituti diversi ma che ha sancito la collaborazione tra scuole, genitori e Alpini, indispensabile per la vita di piccole comunit\u00e0 come le nostre\u201d. Durante l&#8217;alzabandiera gli alunni delle due scuole hanno intonato l&#8217;Inno di Mameli ed eseguito i canti &#8220;Sul cappello&#8221; e &#8220;Monte Grappa&#8221; in onore degli Alpini. Prima del taglio del nastro, infine, i bambini di Anz\u00f9 hanno regalato agli Alpini un quadro realizzato su compensato e dipinto interamente da loro con i colori della bandiera italiana.<\/p>\n\n\t\t\t<style type='text\/css'>\n\t\t\t\t#gallery-1 {\n\t\t\t\t\tmargin: auto;\n\t\t\t\t}\n\t\t\t\t#gallery-1 .gallery-item {\n\t\t\t\t\tfloat: left;\n\t\t\t\t\tmargin-top: 10px;\n\t\t\t\t\ttext-align: center;\n\t\t\t\t\twidth: 33%;\n\t\t\t\t}\n\t\t\t\t#gallery-1 img {\n\t\t\t\t\tborder: 2px solid #cfcfcf;\n\t\t\t\t}\n\t\t\t\t#gallery-1 .gallery-caption {\n\t\t\t\t\tmargin-left: 0;\n\t\t\t\t}\n\t\t\t\t\/* see gallery_shortcode() in wp-includes\/media.php *\/\n\t\t\t<\/style>\n\t\t<div id='gallery-1' class='dt-gallery-container gallery galleryid-82017 gallery-columns-3 gallery-size-thumbnail'><dl class='gallery-item'>\n\t\t\t\t<dt class='gallery-icon landscape'>\n\t\t\t\t\t<a class=\"rollover\" href='https:\/\/www.radiopiu.net\/wordpress\/giornale-radiopiu-09-aprile-2019-direttore-mirko-mezzacasa\/ic-feltre-lim-anzu-2\/'><img loading=\"lazy\" decoding=\"async\" width=\"150\" height=\"150\" src=\"https:\/\/www.radiopiu.net\/wordpress\/wp-content\/uploads\/2019\/04\/IC-FELTRE-Lim-Anz\u00f9-2-150x150.jpg\" class=\"attachment-thumbnail size-thumbnail\" alt=\"\" \/><\/a>\n\t\t\t\t<\/dt><\/dl><dl class='gallery-item'>\n\t\t\t\t<dt class='gallery-icon landscape'>\n\t\t\t\t\t<a class=\"rollover\" href='https:\/\/www.radiopiu.net\/wordpress\/giornale-radiopiu-09-aprile-2019-direttore-mirko-mezzacasa\/ic-feltre-lim-anzu-3\/'><img loading=\"lazy\" decoding=\"async\" width=\"150\" height=\"150\" src=\"https:\/\/www.radiopiu.net\/wordpress\/wp-content\/uploads\/2019\/04\/IC-FELTRE-Lim-Anz\u00f9-3-150x150.jpg\" class=\"attachment-thumbnail size-thumbnail\" alt=\"\" \/><\/a>\n\t\t\t\t<\/dt><\/dl><dl class='gallery-item'>\n\t\t\t\t<dt class='gallery-icon landscape'>\n\t\t\t\t\t<a class=\"rollover\" href='https:\/\/www.radiopiu.net\/wordpress\/giornale-radiopiu-09-aprile-2019-direttore-mirko-mezzacasa\/ic-feltre-lim-anzu\/'><img loading=\"lazy\" decoding=\"async\" width=\"150\" height=\"150\" src=\"https:\/\/www.radiopiu.net\/wordpress\/wp-content\/uploads\/2019\/04\/IC-FELTRE-Lim-Anz\u00f9-150x150.jpg\" class=\"attachment-thumbnail size-thumbnail\" alt=\"\" \/><\/a>\n\t\t\t\t<\/dt><\/dl><br style=\"clear: both\" \/>\n\t\t\t<\/div>\n\n<p>M<\/p>\n","protected":false},"excerpt":{"rendered":"<p>L&#8217;associazione Levi-Montalcini richiede progetti sulla Val Pettorina ROCCA PIETORE L&#8217;associazione Levi-Montalcini\u00a0mette a bando due borse di studio per l&#8217;anno scolastico 2018-19\u00a0 destinate ai circa sessanta studenti, con residenza nel comune di Rocca Pietore, delle scuole secondarie di II grado e agli universitari. Una lodevole iniziativa quella dell&#8217;associazione con sede a Torino, volta a offrire ai&hellip;<\/p>\n","protected":false},"author":1,"featured_media":82020,"comment_status":"closed","ping_status":"closed","sticky":false,"template":"","format":"standard","meta":{"_monsterinsights_skip_tracking":false,"_monsterinsights_sitenote_active":false,"_monsterinsights_sitenote_note":"","_monsterinsights_sitenote_category":0,"footnotes":""},"categories":[51,49],"tags":[],"class_list":["post-82017","post","type-post","status-publish","format-standard","has-post-thumbnail","hentry","category-evidenza-top","category-news-18","category-51","category-49","description-off"],"img_url":"https:\/\/www.radiopiu.net\/wordpress\/wp-content\/uploads\/2019\/04\/Rocca-Pietore-colpita-dal-maltempo-foto-di-Roberto-Bristot-lab.-Inquadrati.jpg","_links":{"self":[{"href":"https:\/\/www.radiopiu.net\/wordpress\/wp-json\/wp\/v2\/posts\/82017","targetHints":{"allow":["GET"]}}],"collection":[{"href":"https:\/\/www.radiopiu.net\/wordpress\/wp-json\/wp\/v2\/posts"}],"about":[{"href":"https:\/\/www.radiopiu.net\/wordpress\/wp-json\/wp\/v2\/types\/post"}],"author":[{"embeddable":true,"href":"https:\/\/www.radiopiu.net\/wordpress\/wp-json\/wp\/v2\/users\/1"}],"replies":[{"embeddable":true,"href":"https:\/\/www.radiopiu.net\/wordpress\/wp-json\/wp\/v2\/comments?post=82017"}],"version-history":[{"count":0,"href":"https:\/\/www.radiopiu.net\/wordpress\/wp-json\/wp\/v2\/posts\/82017\/revisions"}],"wp:featuredmedia":[{"embeddable":true,"href":"https:\/\/www.radiopiu.net\/wordpress\/wp-json\/wp\/v2\/media\/82020"}],"wp:attachment":[{"href":"https:\/\/www.radiopiu.net\/wordpress\/wp-json\/wp\/v2\/media?parent=82017"}],"wp:term":[{"taxonomy":"category","embeddable":true,"href":"https:\/\/www.radiopiu.net\/wordpress\/wp-json\/wp\/v2\/categories?post=82017"},{"taxonomy":"post_tag","embeddable":true,"href":"https:\/\/www.radiopiu.net\/wordpress\/wp-json\/wp\/v2\/tags?post=82017"}],"curies":[{"name":"wp","href":"https:\/\/api.w.org\/{rel}","templated":true}]}}