{"id":82043,"date":"2019-04-08T18:19:14","date_gmt":"2019-04-08T16:19:14","guid":{"rendered":"http:\/\/www.radiopiu.net\/wordpress\/?p=82043"},"modified":"2019-04-09T16:18:27","modified_gmt":"2019-04-09T14:18:27","slug":"danilo-de-toni-candidato-a-sindaco-nel-dopo-de-biasio","status":"publish","type":"post","link":"https:\/\/www.radiopiu.net\/wordpress\/danilo-de-toni-candidato-a-sindaco-nel-dopo-de-biasio\/","title":{"rendered":"DANILO DE TONI, CANDIDATO A SINDACO NEL DOPO DE BIASIO"},"content":{"rendered":"<p><span style=\"color: #ff0000;\">LA NOTIZIA<\/span><\/p>\n<p><strong>ALLEGHE<\/strong> E&#8217;<em><strong> Danilo De Toni\u00a0<\/strong> (primo a destra in piedi) <\/em>il candidato a sindaco della lista &#8220;Alleghe Domani&#8221;. Con il candidato a primo cittadino che vanta gi\u00e0 una certa esperienza amministrativa come consigliere comunale, i candidati a consigliere:<strong><em> 1 PAOLA BALDISSERA,\u00a0 2 GUERRINO BELLENZIER, 3 MANUEL DA TOS, ,4 ALAN DAVARE, 5 GIOVANNI PAOLO DE BERNARDIN, 6 LARA DE SILVESTRO, 7 FRANCESCO DELL\u2019OLIVO, 8 CHRISTIAN POLLAZZON, 9 OMAR SIRENA, 10 STEFANO SOIA<\/em><\/strong><\/p>\n<p><a class=\"dt-pswp-item\" href=\"http:\/\/www.radiopiu.net\/wordpress\/wp-content\/uploads\/2019\/04\/Alleghe-Domani.jpg\" data-dt-img-description=\"\" data-large_image_width=\"5202\" data-large_image_height=\"3465\"><img loading=\"lazy\" decoding=\"async\" class=\"alignnone wp-image-82042 size-large\" src=\"http:\/\/www.radiopiu.net\/wordpress\/wp-content\/uploads\/2019\/04\/Alleghe-Domani-1024x682.jpg\" alt=\"\" width=\"1024\" height=\"682\" srcset=\"https:\/\/www.radiopiu.net\/wordpress\/wp-content\/uploads\/2019\/04\/Alleghe-Domani-1024x682.jpg 1024w, https:\/\/www.radiopiu.net\/wordpress\/wp-content\/uploads\/2019\/04\/Alleghe-Domani-300x200.jpg 300w, https:\/\/www.radiopiu.net\/wordpress\/wp-content\/uploads\/2019\/04\/Alleghe-Domani-768x512.jpg 768w\" sizes=\"auto, (max-width: 1024px) 100vw, 1024px\" \/><\/a><\/p>\n<p><span style=\"color: #ff0000;\">LA PRESENTAZIONE<\/span><\/p>\n<p style=\"text-align: left;\"><a class=\"dt-pswp-item\" href=\"http:\/\/www.radiopiu.net\/wordpress\/wp-content\/uploads\/2019\/04\/WhatsApp-Image-2019-04-08-at-19.09.31.jpeg\" data-dt-img-description=\"\" data-large_image_width=\"1599\" data-large_image_height=\"799\"><img loading=\"lazy\" decoding=\"async\" class=\" wp-image-82074 alignleft\" src=\"http:\/\/www.radiopiu.net\/wordpress\/wp-content\/uploads\/2019\/04\/WhatsApp-Image-2019-04-08-at-19.09.31-300x150.jpeg\" alt=\"\" width=\"270\" height=\"135\" srcset=\"https:\/\/www.radiopiu.net\/wordpress\/wp-content\/uploads\/2019\/04\/WhatsApp-Image-2019-04-08-at-19.09.31-300x150.jpeg 300w, https:\/\/www.radiopiu.net\/wordpress\/wp-content\/uploads\/2019\/04\/WhatsApp-Image-2019-04-08-at-19.09.31-768x384.jpeg 768w, https:\/\/www.radiopiu.net\/wordpress\/wp-content\/uploads\/2019\/04\/WhatsApp-Image-2019-04-08-at-19.09.31-1024x512.jpeg 1024w, https:\/\/www.radiopiu.net\/wordpress\/wp-content\/uploads\/2019\/04\/WhatsApp-Image-2019-04-08-at-19.09.31.jpeg 1599w\" sizes=\"auto, (max-width: 270px) 100vw, 270px\" \/><\/a>Il 26 maggio 2019 si svolgeranno le elezioni per eleggere il nuovo Consiglio che amministrer\u00e0 il comune di Alleghe\u00a0 &#8211; si legge nella nota di presentazione &#8211;\u00a0 sar\u00e0 per chi eletto un impegno pesante considerando le difficolt\u00e0 conseguenti a normative spesso complicate e poco chiare, le responsabilit\u00e0 e le disponibilit\u00e0 finanziarie<br \/>\nsempre pi\u00f9 risicate . Nonostante ci\u00f2 un gruppo di persone ha deciso di affrontare questa sfida convinte della necessit\u00e0 di dover ridare vigore ai nostri paesi che negli ultimi anni hanno segnato una regressione conseguenza questa anche della denatalit\u00e0 e dello spopolamento. Spopolamento molte volte determinato, soprattutto nei giovani, dalla ricerca di impieghi in settori per i quali in nostro territorio non offre opportunit\u00e0 o alla ricerca di residenze pi\u00f9 vicine ai luoghi di lavoro e con maggiori servizi. E\u2019 nata cos\u00ec la lista civica Alleghe Domani perch\u00e9 queste persone che hanno accettato di mettersi in gioco candidandosi al mio fianco con la disponibilit\u00e0 di dedicare tempo e competenze credono che Alleghe possa ripartire che possa ritornare un paese ove grazie al turismo possano crearsi opportunit\u00e0 di lavoro per i giovani che non vogliano emigrare. Solo cos\u00ec Alleghe potr\u00e0 rinascere. Questa squadra eterogenea \u00e8 composta da alcuni soggetti che hanno gi\u00e0 vissuto\u00a0 l\u2019esperienza amministrativa e altri giovani, volti nuovi che se eletti avranno modo di conoscere i meccanismi della pubblica amministrazione e divenire in futuro, si auspica, protagonisti della vita amministrativa del comune di Alleghe. Sar\u00e0 quindi compito degli amministratori gestire e riqualificare il territorio sotto l\u2019aspetto strutturale ma anche sociale e culturale nell\u2019interesse dei concittadini che dovranno ritrovare nel \u201c Comune\u201d e quindi negli stessi amministratori e negli uffici competenti il punto di riferimento per ogni loro necessit\u00e0.<\/p>\n<p><span style=\"color: #ff0000;\">NOTE PROGRAMMATICHE<\/span><\/p>\n<p>Molte sono quindi le opere e le iniziative necessarie per il raggiungimento di questi obiettivi partendo dall\u2019intervento fondamentale riguardante il ripristino dei danni causati dall\u2019evento del 28\/29 ottobre 2018: l\u2019asportazione del materiale dal lago di Alleghe e dalle aste dei torrenti Cordevole e suoi affluenti con riqualificazione dei versanti spondali e studio di interventi manutentivi degli alvei in accordo con gli organi nazionali, regionali e con le amministrazioni dei comuni confinanti, alla riqualificazione dell\u2019intero perimetro del lago di Alleghe con realizzazione nuovi percorsi pedonali ciclabili ripavimentazioni e arredo urbano, alla realizzazione di un nuovo fabbricato in zona Vallazza da adibire a magazzino comunale, e sede accorpata di tre associazioni operative: Vigili del fuoco, Croce Verde, Soccorso Alpino, alla realizzazione sempre nell\u2019area Vallazza di un\u2019area di parcheggi a raso riqualificando l\u2019area camper, alla realizzazione del marciapiede da Caprile a Sac ( almeno nei punti pi\u00f9 critici), al completamento dell\u2019impianto di illuminazione della passeggiata da Alleghe a Caprile, al ripristino di tutte le mulattiere con la creazione di aree di sosta attrezzate, al reperimento nelle varie frazioni di aree per la realizzazione di nuovi parcheggi, alla sostituzione delle barriere stradali e dei parapetti danneggiati lungo strade e marciapiedi, al rifacimento di pavimentazioni ammalorate di strade e piazze, alla sostituzione su tutto il territorio della segnaletica obsoleta e all\u2019installazione all\u2019ingresso di Alleghe di segnaletica luminosa indicante la disponibilit\u00e0 di parcheggio, alla sistemazione della strada Foppe \u2013Sala, al ripristino dei presidi antincendio su tutte le frazioni, all\u2019individuazione di un\u2019area per la realizzazione di una piazzola occasionale (con eventuale funzione elisoccorso notturno), alla riqualificazione del campo di bocce di Caprile e del campo da tennis di Masar\u00e8, all\u2019installazione delle tende oscuranti sulle vetrate della palestra di Caprile.<\/p>\n<p><span style=\"color: #ff0000;\">LE PRIME CONCLUSIONI<\/span><\/p>\n<p>E\u2019 questo solo un parziale elenco delle necessit\u00e0 di Alleghe che stante la legislazione attuale, non potr\u00e0 essere affrontato con le sole risorse dell\u2019Ente a causa del problema dei vincoli di legge del bilancio dei Comuni, ma dovr\u00e0 essere oggetto di ricerca di finanziamenti esterni. Sar\u00e0 quindi impegno degli amministratori attivarsi in tutte le sedi opportune per cogliere le opportunit\u00e0 che di volta in volta si presenteranno : finanziamenti Europei , bandi Regionali ( il pi\u00f9 delle volte con quota di cofinanziamento), Fondi dei Comuni di Confine ( ove Alleghe \u00e8 in posizione subalterna essendo in seconda fascia).<\/p>\n","protected":false},"excerpt":{"rendered":"<p>LA NOTIZIA ALLEGHE E&#8217; Danilo De Toni\u00a0 (primo a destra in piedi) il candidato a sindaco della lista &#8220;Alleghe Domani&#8221;. Con il candidato a primo cittadino che vanta gi\u00e0 una certa esperienza amministrativa come consigliere comunale, i candidati a consigliere: 1 PAOLA BALDISSERA,\u00a0 2 GUERRINO BELLENZIER, 3 MANUEL DA TOS, ,4 ALAN DAVARE, 5 GIOVANNI&hellip;<\/p>\n","protected":false},"author":1,"featured_media":82042,"comment_status":"closed","ping_status":"closed","sticky":false,"template":"","format":"standard","meta":{"_monsterinsights_skip_tracking":false,"_monsterinsights_sitenote_active":false,"_monsterinsights_sitenote_note":"","_monsterinsights_sitenote_category":0,"footnotes":""},"categories":[51,49],"tags":[],"class_list":["post-82043","post","type-post","status-publish","format-standard","has-post-thumbnail","hentry","category-evidenza-top","category-news-18","category-51","category-49","description-off"],"img_url":"https:\/\/www.radiopiu.net\/wordpress\/wp-content\/uploads\/2019\/04\/Alleghe-Domani.jpg","_links":{"self":[{"href":"https:\/\/www.radiopiu.net\/wordpress\/wp-json\/wp\/v2\/posts\/82043","targetHints":{"allow":["GET"]}}],"collection":[{"href":"https:\/\/www.radiopiu.net\/wordpress\/wp-json\/wp\/v2\/posts"}],"about":[{"href":"https:\/\/www.radiopiu.net\/wordpress\/wp-json\/wp\/v2\/types\/post"}],"author":[{"embeddable":true,"href":"https:\/\/www.radiopiu.net\/wordpress\/wp-json\/wp\/v2\/users\/1"}],"replies":[{"embeddable":true,"href":"https:\/\/www.radiopiu.net\/wordpress\/wp-json\/wp\/v2\/comments?post=82043"}],"version-history":[{"count":0,"href":"https:\/\/www.radiopiu.net\/wordpress\/wp-json\/wp\/v2\/posts\/82043\/revisions"}],"wp:featuredmedia":[{"embeddable":true,"href":"https:\/\/www.radiopiu.net\/wordpress\/wp-json\/wp\/v2\/media\/82042"}],"wp:attachment":[{"href":"https:\/\/www.radiopiu.net\/wordpress\/wp-json\/wp\/v2\/media?parent=82043"}],"wp:term":[{"taxonomy":"category","embeddable":true,"href":"https:\/\/www.radiopiu.net\/wordpress\/wp-json\/wp\/v2\/categories?post=82043"},{"taxonomy":"post_tag","embeddable":true,"href":"https:\/\/www.radiopiu.net\/wordpress\/wp-json\/wp\/v2\/tags?post=82043"}],"curies":[{"name":"wp","href":"https:\/\/api.w.org\/{rel}","templated":true}]}}