{"id":82126,"date":"2019-04-09T14:45:09","date_gmt":"2019-04-09T12:45:09","guid":{"rendered":"http:\/\/www.radiopiu.net\/wordpress\/?p=82126"},"modified":"2019-04-10T06:56:26","modified_gmt":"2019-04-10T04:56:26","slug":"investe-un-13enne-si-ferma-qualche-istante-e-poi-riparte","status":"publish","type":"post","link":"https:\/\/www.radiopiu.net\/wordpress\/investe-un-13enne-si-ferma-qualche-istante-e-poi-riparte\/","title":{"rendered":"INVESTE UN 13ENNE, SI FERMA QUALCHE ISTANTE E POI RIPARTE"},"content":{"rendered":"<p><strong>CORTINA<\/strong> Ha investito un tredicenne e si \u00e8 allontanato dal sinistro, per questo un uomo di 56 anni ampezzano \u00e8 stato denunciato in stato di libert\u00e0 per lesioni e omissione di soccorso. Lo scorso 5 aprile alle 13 l&#8217;uomo investiva il ragazzino all&#8217;uscita della scuola di Valle di Cadore provocandogli ferite guaribili in 20 giorni. Prima si \u00e8 fermato, ma per qualche istante per poi ingranare la prima e ripartire. I Carabinieri di San Vito di Cadore sulla scorta delle indicazioni fornite da alcuni testimoni lo hanno denunciato.<\/p>\n<p>&nbsp;<\/p>\n","protected":false},"excerpt":{"rendered":"<p>CORTINA Ha investito un tredicenne e si \u00e8 allontanato dal sinistro, per questo un uomo di 56 anni ampezzano \u00e8 stato denunciato in stato di libert\u00e0 per lesioni e omissione di soccorso. Lo scorso 5 aprile alle 13 l&#8217;uomo investiva il ragazzino all&#8217;uscita della scuola di Valle di Cadore provocandogli ferite guaribili in 20 giorni.&hellip;<\/p>\n","protected":false},"author":1,"featured_media":0,"comment_status":"closed","ping_status":"closed","sticky":false,"template":"","format":"standard","meta":{"_monsterinsights_skip_tracking":false,"_monsterinsights_sitenote_active":false,"_monsterinsights_sitenote_note":"","_monsterinsights_sitenote_category":0,"footnotes":""},"categories":[51,49],"tags":[],"class_list":["post-82126","post","type-post","status-publish","format-standard","hentry","category-evidenza-top","category-news-18","category-51","category-49","description-off"],"img_url":false,"_links":{"self":[{"href":"https:\/\/www.radiopiu.net\/wordpress\/wp-json\/wp\/v2\/posts\/82126","targetHints":{"allow":["GET"]}}],"collection":[{"href":"https:\/\/www.radiopiu.net\/wordpress\/wp-json\/wp\/v2\/posts"}],"about":[{"href":"https:\/\/www.radiopiu.net\/wordpress\/wp-json\/wp\/v2\/types\/post"}],"author":[{"embeddable":true,"href":"https:\/\/www.radiopiu.net\/wordpress\/wp-json\/wp\/v2\/users\/1"}],"replies":[{"embeddable":true,"href":"https:\/\/www.radiopiu.net\/wordpress\/wp-json\/wp\/v2\/comments?post=82126"}],"version-history":[{"count":0,"href":"https:\/\/www.radiopiu.net\/wordpress\/wp-json\/wp\/v2\/posts\/82126\/revisions"}],"wp:attachment":[{"href":"https:\/\/www.radiopiu.net\/wordpress\/wp-json\/wp\/v2\/media?parent=82126"}],"wp:term":[{"taxonomy":"category","embeddable":true,"href":"https:\/\/www.radiopiu.net\/wordpress\/wp-json\/wp\/v2\/categories?post=82126"},{"taxonomy":"post_tag","embeddable":true,"href":"https:\/\/www.radiopiu.net\/wordpress\/wp-json\/wp\/v2\/tags?post=82126"}],"curies":[{"name":"wp","href":"https:\/\/api.w.org\/{rel}","templated":true}]}}