{"id":82135,"date":"2019-04-10T06:15:14","date_gmt":"2019-04-10T04:15:14","guid":{"rendered":"http:\/\/www.radiopiu.net\/wordpress\/?p=82135"},"modified":"2019-04-10T13:35:16","modified_gmt":"2019-04-10T11:35:16","slug":"giornale-radiopiu-10-aprile-2019-direttore-mirko-mezzacasa","status":"publish","type":"post","link":"https:\/\/www.radiopiu.net\/wordpress\/giornale-radiopiu-10-aprile-2019-direttore-mirko-mezzacasa\/","title":{"rendered":"GIORNALE RADIOPIU 10 APRILE 2019 DIRETTORE MIRKO MEZZACASA"},"content":{"rendered":"<p>Un altro sasso finisce in strada, altra <strong>tragedia sfiorata a Falcade<\/strong> al bivio per i passi Valles e San Pellegrino lungo la provinciale 346. Da oggi via al monitoraggio interessata la Provincia e il consigliere Massimo Bortoluzzi. Episodio simile a quello di Bries ad Agordo anche se il grosso masso si \u00e8 staccato da un&#8217;altezza diversa, non dalla montagna (Framont) come il primo febbraio scorso. <em>\u00abVivere in montagna ci fa capire che il rischio zero non pu\u00f2 esistere &#8211; dice Bortoluzzi- e chi si muove sulle strade sa che i sassi possono cadere, come le frane, pur con tanto lavoro di prevenzione come quello che stiamo facendo\u00bb.\u00a0<\/em><\/p>\n<p>L&#8217;evento <strong>barche illuminate a rischio<\/strong>, le condizioni del lago, la possibilit\u00e0 che non vengano messo a mollo i pedal\u00f2 per i turisti e per l&#8217;evento, sono la minaccia per uno degli eventi pi\u00f9 partecipati dell&#8217;estate agordina. Nei prossimi giorni la decisione, pessimismo del presidente Michele De Toni dopo l&#8217;incontro di venerdi con gli operatori turistici.<\/p>\n<p>220 milioni di euro sono i soldi che il Governo ha dato alla Regione per<strong> l&#8217;emergenza Vaia<\/strong> per paravalanghe, pulizie dei laghi e interventi sulle strade. Venti milioni per privati ed imprese che hanno subito danni<\/p>\n<p>I candidati per la presidenza della<strong> Confcommercio<\/strong> sono due: Paolo Doglioni e Massimo Simionato le elezioni il prossimo 6 maggio.<\/p>\n<p>A settembre sui banchi di scuola<strong> 524 studenti in meno<\/strong>, \u00e8 la riduzione degli iscritti secondo un&#8217;inchiesta del Corriere delle Alpi, inevitabile la riduzione delle classi.<\/p>\n<p>&nbsp;<\/p>\n<p>&nbsp;<\/p>\n<p>&nbsp;<\/p>\n<div class=\"page-title title-left solid-bg breadcrumbs-mobile-off page-title-responsive-enabled\">\n<div class=\"wf-wrap\">\n<div class=\"page-title-head hgroup\"><\/div>\n<div class=\"page-title-breadcrumbs\">\n<h2>INVESTE UN 13ENNE, SI FERMA QUALCHE ISTANTE E POI RIPARTE<\/h2>\n<p><strong>SAN VITO<\/strong> Ha investito un tredicenne e si \u00e8 allontanato dal sinistro, per questo un uomo di 56 anni ampezzano \u00e8 stato denunciato in stato di libert\u00e0 per lesioni e omissione di soccorso. Lo scorso 5 aprile alle 13 l\u2019uomo investiva il ragazzino all\u2019uscita della scuola d San Vito\u00a0 provocandogli ferite guaribili in 20 giorni. Prima si \u00e8 fermato, ma per qualche istante per poi ingranare la prima e ripartire. I Carabinieri di San Vito di Cadore sulla scorta delle indicazioni fornite da alcuni testimoni lo hanno denunciato.<\/p>\n<p>&nbsp;<\/p>\n<\/div>\n<\/div>\n<\/div>\n<p>&nbsp;<\/p>\n<div class=\"page-title title-left solid-bg breadcrumbs-mobile-off page-title-responsive-enabled\">\n<div class=\"wf-wrap\">\n<div class=\"page-title-head hgroup\"><\/div>\n<div class=\"page-title-breadcrumbs\">\n<h2>VIOLA L\u2019OBBLIGO DI PRESENTAZIONE E FINISCE IN CARCERE<\/h2>\n<p><strong>BELLUNO<\/strong> I Carabinieri di Belluno hanno fermato e condotto in carcere a Baldenich P.D. 37enne padovano di Piombino Dese, ma\u00a0 domiciliato a Belluno poich\u00e9 ha pi\u00f9 volte violato la misura di presentazione alla polizia giudiziaria, di qui l\u2019ordine di carcerazione eseguito dai militari.<\/p>\n<\/div>\n<\/div>\n<\/div>\n<p>&nbsp;<\/p>\n<p>&nbsp;<\/p>\n<p>&nbsp;<\/p>\n<p>&nbsp;<\/p>\n<h2>TRE ALBANESI A &#8220;NERO&#8221; IN UN&#8217;AZIENDA DI SANTA GIUSTINA<\/h2>\n<p>Sanzione di 27 mila euro<\/p>\n<p><a class=\"dt-pswp-item\" href=\"http:\/\/www.radiopiu.net\/wordpress\/wp-content\/uploads\/2019\/04\/WhatsApp-Image-2019-04-09-at-16.02.56.jpeg\" data-dt-img-description=\"\" data-large_image_width=\"1024\" data-large_image_height=\"768\"><img loading=\"lazy\" decoding=\"async\" class=\" wp-image-82140 alignleft\" src=\"http:\/\/www.radiopiu.net\/wordpress\/wp-content\/uploads\/2019\/04\/WhatsApp-Image-2019-04-09-at-16.02.56-300x225.jpeg\" alt=\"\" width=\"211\" height=\"158\" srcset=\"https:\/\/www.radiopiu.net\/wordpress\/wp-content\/uploads\/2019\/04\/WhatsApp-Image-2019-04-09-at-16.02.56-300x225.jpeg 300w, https:\/\/www.radiopiu.net\/wordpress\/wp-content\/uploads\/2019\/04\/WhatsApp-Image-2019-04-09-at-16.02.56-768x576.jpeg 768w, https:\/\/www.radiopiu.net\/wordpress\/wp-content\/uploads\/2019\/04\/WhatsApp-Image-2019-04-09-at-16.02.56.jpeg 1024w\" sizes=\"auto, (max-width: 211px) 100vw, 211px\" \/><\/a><strong>BELLUNO<\/strong> L&#8217;Ispettorato del lavoro \u00e8 gi\u00e0 al lavoro per quantificare le sanzioni amministrative nei confronti di un&#8217;azienda di allevamento di bovini di Santa Giustina gestita da un societ\u00e0 di Trebaseleghe (Padova) che aveva alle dipendenze tre cittadini albanesi sprovvisti di contratto di cui due irregolari sul territorio italiano. L&#8217;operazione \u00e8 stata completata dai Carabinieri Forestali della stazione di Feltre congiuntamente ai militari del nucleo ispettorato del lavoro di Belluno. I tre albanesi sono stati accompagnati presso gli uffici per la loro identificazione avviando contestualmente le procedure per l espulsione. L&#8217;azienda \u00e8 stata sanzionata dagli uomini del Nil per 27 mila euro, saranno valutati inoltre eventuali risvolti penali.<\/p>\n<p>&nbsp;<\/p>\n<div class=\"page-title title-left solid-bg breadcrumbs-mobile-off page-title-responsive-enabled\">\n<div class=\"wf-wrap\">\n<div class=\"page-title-head hgroup\"><\/div>\n<\/div>\n<\/div>\n<p>&nbsp;<\/p>\n<p>&nbsp;<\/p>\n<div class=\"page-title title-left solid-bg breadcrumbs-mobile-off page-title-responsive-enabled\">\n<div class=\"wf-wrap\">\n<div class=\"page-title-head hgroup\">\n<h2 class=\"entry-title\">2,4 ALL\u2019ETILOMETRO, LA PATENTE DIVENTA UN RICORDO E L\u2019AUTO PURE<\/h2>\n<\/div>\n<div class=\"page-title-breadcrumbs\">\n<p><strong>BELLUNO<\/strong> Un altro triste record per un 32enne della Valbelluna fermato al volante di una Opel in stato di ebrezza. Al controllo dell\u2019etilometro il tasso alcoolico \u00e8 risultato del 2,4 quasi cinque volte il consentito (0,50). Patente ritirata e auto sequestrata.<\/p>\n<\/div>\n<\/div>\n<\/div>\n<p>&nbsp;<\/p>\n<h2><\/h2>\n<p>&nbsp;<\/p>\n<h2>ANCORA TRUFFE VIA INTERNET<\/h2>\n<p><strong>BELLUNO<\/strong> Due denunce ad altrettanti truffatori della rete internet, entrambi in stato di libert\u00e0. G.E. 45 anni residente in provincia di Milano si \u00e8 fatto versare sul proprio conto tramite bonifico 600 euro per la vendita di una macchina fotografica mai consegnata. R.F. 37 anni di Vibo Valentia sul sito internet airb&amp;b metteva a disposizione un appartamento a Cortina facendosi versare la caparra per 500 euro da una 19enne romana, per una appartamento \u201cfantasma\u201d. I due truffatori sono stati smascherati dai Carabinieri.<\/p>\n<h2><\/h2>\n<blockquote><p>&nbsp;<\/p><\/blockquote>\n<h2><\/h2>\n<h2><\/h2>\n<blockquote><p>&nbsp;<\/p><\/blockquote>\n<h2>COME A BRIES &#8220;ANCHE STAVOLTA E&#8217; ANDATA BENE&#8221;<\/h2>\n<blockquote><p><em>\u00abVivere in montagna ci fa capire che il rischio zero non pu\u00f2 esistere &#8211; dice il consigliere provinciale\u00a0 Massimo Bortoluzzi- e chi si muove sulle strade sa che i sassi possono cadere, come le frane, pur con tanto lavoro di prevenzione come quello che stiamo facendo\u00bb.\u00a0<\/em><\/p><\/blockquote>\n<p><strong><a class=\"dt-pswp-item\" href=\"http:\/\/www.radiopiu.net\/wordpress\/wp-content\/uploads\/2019\/04\/WhatsApp-Image-2019-04-10-at-06.02.28.jpeg\" data-dt-img-description=\"\" data-large_image_width=\"1599\" data-large_image_height=\"799\"><img loading=\"lazy\" decoding=\"async\" class=\"wp-image-82179 alignleft\" src=\"http:\/\/www.radiopiu.net\/wordpress\/wp-content\/uploads\/2019\/04\/WhatsApp-Image-2019-04-10-at-06.02.28-300x150.jpeg\" alt=\"\" width=\"228\" height=\"114\" srcset=\"https:\/\/www.radiopiu.net\/wordpress\/wp-content\/uploads\/2019\/04\/WhatsApp-Image-2019-04-10-at-06.02.28-300x150.jpeg 300w, https:\/\/www.radiopiu.net\/wordpress\/wp-content\/uploads\/2019\/04\/WhatsApp-Image-2019-04-10-at-06.02.28-768x384.jpeg 768w, https:\/\/www.radiopiu.net\/wordpress\/wp-content\/uploads\/2019\/04\/WhatsApp-Image-2019-04-10-at-06.02.28-1024x512.jpeg 1024w, https:\/\/www.radiopiu.net\/wordpress\/wp-content\/uploads\/2019\/04\/WhatsApp-Image-2019-04-10-at-06.02.28.jpeg 1599w\" sizes=\"auto, (max-width: 228px) 100vw, 228px\" \/><\/a>FALCADE<\/strong> E&#8217; andata bene anche questa volta, come il 1 febbraio a Bries di Agordo. Il grosso masso si stacca (anche se in questo caso da pochi metri dall&#8217;asfalto e non dalla montagna come ad Agordo dal Framont) supera le protezioni e s&#8217;adagia a bordo strada, nell&#8217;area di norma adibita al montaggio e smontaggio delle catene. L&#8217;episodio al primo tornante salendo da Falcade verso il Passo Valles e Passo San Pellegrino proprio in prossimit\u00e0 del bivio per i due valichi. Per i falcadini non e&#8217; una cosa nuova come ricorda Piero<em> &#8220;Su quella curva (prima di fare il muro)mi ricordo che c\u2019era sempre un operaio dell\u2019 Anas che puliva la strada dai sassi&#8221;<\/em> In questa occasione ovviamente lo spazzino avrebbe avuto qualche problema a spostare il materiale&#8230; Alla fine la conclusione \u00e8 la solita, ormai una &#8220;moda&#8221; nell&#8217;Agordino disastrato da Vaia: &#8220;Anche questa volta e&#8217; andata bene&#8221;.<\/p>\n<blockquote><p><strong>LE FOTO SONO STATE PUBBLICATE DA TIZIANA SALTON SULLA PAGINA FACEBOOK &#8220;SEI DI FALCADE SE&#8221;<\/strong><\/p><\/blockquote>\n\n\t\t\t<style type='text\/css'>\n\t\t\t\t#gallery-1 {\n\t\t\t\t\tmargin: auto;\n\t\t\t\t}\n\t\t\t\t#gallery-1 .gallery-item {\n\t\t\t\t\tfloat: left;\n\t\t\t\t\tmargin-top: 10px;\n\t\t\t\t\ttext-align: center;\n\t\t\t\t\twidth: 33%;\n\t\t\t\t}\n\t\t\t\t#gallery-1 img {\n\t\t\t\t\tborder: 2px solid #cfcfcf;\n\t\t\t\t}\n\t\t\t\t#gallery-1 .gallery-caption {\n\t\t\t\t\tmargin-left: 0;\n\t\t\t\t}\n\t\t\t\t\/* see gallery_shortcode() in wp-includes\/media.php *\/\n\t\t\t<\/style>\n\t\t<div id='gallery-1' class='dt-gallery-container gallery galleryid-82135 gallery-columns-3 gallery-size-thumbnail'><dl class='gallery-item'>\n\t\t\t\t<dt class='gallery-icon portrait'>\n\t\t\t\t\t<a class=\"rollover\" href='https:\/\/www.radiopiu.net\/wordpress\/come-a-bries-anche-stavolta-e-andata-bene\/56408505_859750507705696_7599657056441729024_n\/'><img loading=\"lazy\" decoding=\"async\" width=\"150\" height=\"150\" src=\"https:\/\/www.radiopiu.net\/wordpress\/wp-content\/uploads\/2019\/04\/56408505_859750507705696_7599657056441729024_n-150x150.jpg\" class=\"attachment-thumbnail size-thumbnail\" alt=\"\" \/><\/a>\n\t\t\t\t<\/dt><\/dl><dl class='gallery-item'>\n\t\t\t\t<dt class='gallery-icon portrait'>\n\t\t\t\t\t<a class=\"rollover\" href='https:\/\/www.radiopiu.net\/wordpress\/come-a-bries-anche-stavolta-e-andata-bene\/57053768_859750477705699_1543632605054763008_n\/'><img loading=\"lazy\" decoding=\"async\" width=\"150\" height=\"150\" src=\"https:\/\/www.radiopiu.net\/wordpress\/wp-content\/uploads\/2019\/04\/57053768_859750477705699_1543632605054763008_n-150x150.jpg\" class=\"attachment-thumbnail size-thumbnail\" alt=\"\" \/><\/a>\n\t\t\t\t<\/dt><\/dl><dl class='gallery-item'>\n\t\t\t\t<dt class='gallery-icon portrait'>\n\t\t\t\t\t<a class=\"rollover\" href='https:\/\/www.radiopiu.net\/wordpress\/come-a-bries-anche-stavolta-e-andata-bene\/56610478_859750457705701_3859258248393654272_n\/'><img loading=\"lazy\" decoding=\"async\" width=\"150\" height=\"150\" src=\"https:\/\/www.radiopiu.net\/wordpress\/wp-content\/uploads\/2019\/04\/56610478_859750457705701_3859258248393654272_n-150x150.jpg\" class=\"attachment-thumbnail size-thumbnail\" alt=\"\" \/><\/a>\n\t\t\t\t<\/dt><\/dl><br style=\"clear: both\" \/>\n\t\t\t<\/div>\n\n<p>&nbsp;<\/p>\n<p>&nbsp;<\/p>\n<p>&nbsp;<\/p>\n<p>&nbsp;<\/p>\n<p>&nbsp;<\/p>\n<h2 align=\"JUSTIFY\">AUGURI ALLA POLIZIA DI STATO, OGGI IL COMPLEANNO<\/h2>\n<p><strong><a class=\"dt-pswp-item\" href=\"http:\/\/www.radiopiu.net\/wordpress\/wp-content\/uploads\/2018\/09\/POLIZIA-2.jpg\" data-dt-img-description=\"\" data-large_image_width=\"768\" data-large_image_height=\"512\"><img loading=\"lazy\" decoding=\"async\" class=\"size-medium wp-image-60259 alignleft\" src=\"http:\/\/www.radiopiu.net\/wordpress\/wp-content\/uploads\/2018\/09\/POLIZIA-2-300x200.jpg\" alt=\"\" width=\"300\" height=\"200\" srcset=\"https:\/\/www.radiopiu.net\/wordpress\/wp-content\/uploads\/2018\/09\/POLIZIA-2-300x200.jpg 300w, https:\/\/www.radiopiu.net\/wordpress\/wp-content\/uploads\/2018\/09\/POLIZIA-2.jpg 768w\" sizes=\"auto, (max-width: 300px) 100vw, 300px\" \/><\/a>BELLUNO<\/strong> Sar\u00e0 celebrato oggii il 167\u00b0 anniversario della fondazione della Polizia di Stato, il cui titolo celebrativo sar\u00e0 anche per quest&#8217;anno &#8220;ESSERCI SEMPRE&#8221;. Il programma prevede che nella giornata odierna il Questore di Belluno, unitamente al Prefetto deporranno una corona di alloro alla lapide che ricorda i caduti della Polizia di Stato sita presso la caserma Raniero. Successivamente alle ore 11.00 all\u2019interno della splendida cornice di Palazzo Fulcis di Belluno si terr\u00e0 la cerimonia dove, alla presenza delle autorit\u00e0 provinciali sar\u00e0 premiato il personale della Polizia di Stato che si \u00e8 distinto in operazioni di polizia giudiziaria e soccorso pubblico. L&#8217;evento terminer\u00e0 con un brindisi di saluto nel chiostro di Palazzo Fulcis. Per l\u2019occasione, alle ore 9.00 un pullman della \u201cDolomitibus\u201d, societ\u00e0 con cui da tempo la Questura collabora in attivit\u00e0 educative indirizzate ai ragazzi, raggiunger\u00e0 la scuola primaria di Trichiana per trasportare due classi di studenti di quell\u2019istituto in piazza dei Martiri di Belluno, dove ad attenderli ci saranno gli uomini della Polizia Stradale e della Polizia Scientifica che li intratterranno per tutta la mattinata con percorsi di educazione stradale e altre attivit\u00e0 che, attraverso il gioco, illustreranno ai ragazzi il lavoro della Polizia di Stato. In caso di pioggia le attivit\u00e0 saranno svolte all\u2019interno della Caserma Raniero. Al termine dell\u2019incontro verr\u00e0 offerta ai piccoli ospiti una merenda e un ricordo della giornata trascorsa insieme. Durante la cerimonia saranno consegnati diversi riconoscimenti a poliziotti che si sono distinti per particolari operazioni o atti di valore. In occasione della celebrazione saranno pure forniti i dati relativi all\u2019attivit\u00e0 della Polizia di Stato in provincia di Belluno nell\u2019anno trascorso dalla ricorrenza del 166\u00b0 anniversario (aprile 2018) a oggi.<\/p>\n<p>&nbsp;<\/p>\n<p>&nbsp;<\/p>\n<p>&nbsp;<\/p>\n<p align=\"JUSTIFY\"><em><span style=\"font-family: Arial, sans-serif;\"><a class=\"dt-pswp-item\" href=\"http:\/\/www.radiopiu.net\/wordpress\/wp-content\/uploads\/2018\/08\/ACQUA.jpeg\" data-dt-img-description=\"\" data-large_image_width=\"1280\" data-large_image_height=\"768\"><img loading=\"lazy\" decoding=\"async\" class=\"wp-image-57052 alignleft\" src=\"http:\/\/www.radiopiu.net\/wordpress\/wp-content\/uploads\/2018\/08\/ACQUA.jpeg\" alt=\"\" width=\"125\" height=\"75\" srcset=\"https:\/\/www.radiopiu.net\/wordpress\/wp-content\/uploads\/2018\/08\/ACQUA.jpeg 1280w, https:\/\/www.radiopiu.net\/wordpress\/wp-content\/uploads\/2018\/08\/ACQUA-300x180.jpeg 300w, https:\/\/www.radiopiu.net\/wordpress\/wp-content\/uploads\/2018\/08\/ACQUA-768x461.jpeg 768w, https:\/\/www.radiopiu.net\/wordpress\/wp-content\/uploads\/2018\/08\/ACQUA-1024x614.jpeg 1024w\" sizes=\"auto, (max-width: 125px) 100vw, 125px\" \/><\/a><\/span><\/em><em><span style=\"font-family: Arial, sans-serif;\">Gestione Servizi Pubblici informa che a Livinallongo del Col di Lana in localit\u00e0 Livin\u00e8 l&#8217;acqua erogata dall&#8217;acquedotto non \u00e8 potabile e pu\u00f2 essere usata per scopi alimentari solo previa bollitura<\/span><\/em><\/p>\n<p>&nbsp;<\/p>\n<p>&nbsp;<\/p>\n<p>&nbsp;<\/p>\n<h2>LAGO DI ALLEGHE IN CONDIZIONI CRITICHE, A RISCHIO L&#8217;EVENTO BARCHE ILLUMINATE.<\/h2>\n<p><a class=\"dt-pswp-item\" href=\"http:\/\/www.radiopiu.net\/wordpress\/wp-content\/uploads\/2018\/11\/7b96501b-b005-4187-9e36-4885ba367d45.jpg\" data-dt-img-description=\"\" data-large_image_width=\"640\" data-large_image_height=\"478\"><img loading=\"lazy\" decoding=\"async\" class=\" wp-image-65965 alignleft\" src=\"http:\/\/www.radiopiu.net\/wordpress\/wp-content\/uploads\/2018\/11\/7b96501b-b005-4187-9e36-4885ba367d45-300x224.jpg\" alt=\"\" width=\"261\" height=\"195\" srcset=\"https:\/\/www.radiopiu.net\/wordpress\/wp-content\/uploads\/2018\/11\/7b96501b-b005-4187-9e36-4885ba367d45-300x224.jpg 300w, https:\/\/www.radiopiu.net\/wordpress\/wp-content\/uploads\/2018\/11\/7b96501b-b005-4187-9e36-4885ba367d45.jpg 640w\" sizes=\"auto, (max-width: 261px) 100vw, 261px\" \/><\/a><strong>ALLEGHE<\/strong> Il comitato Organizzatore Barche Illuminate sul Lago di Alleghe, si \u00e8 riunito\u00a0 per discutere l\u2019organizzazione della manifestazione 2019. Dal confronto ne \u00e8 scaturita la volont\u00e0 di proseguire con la manifestazione anche per il 2019. Si sono raggiunti gi\u00e0 ottimi numeri di iscrizione pari a 7 o 8 imbarcazioni. La discussione, per\u00f2, si \u00e8 letteralmente arenata\u2026ed \u00e8 proprio il caso di dirlo, sulla possibilit\u00e0 di disporre dei pedal\u00f2 che gentilmente ci venivano concessi per il traino delle imbarcazioni, perch\u00e9 la ditta stessa che ne gestisce il noleggio, non sa se potr\u00e0 varare i natanti questa estate.<\/p>\n<blockquote><p><em>Il lungolago di Alleghe, infatti, si trova in pessimo stato, con il fondale ridotto a meno di 1 metro e con numerosi tronchi che fuoriescono dal pelo del lago e dal fango stesso, rendendo la navigazione difficile e pericolosa. Inoltre, anche il molo \u00e8 stato danneggiato pesantemente dalla tempesta e dal passaggio di ruspe per lo sgombero del fango, post Vaia.<\/em><\/p><\/blockquote>\n<p>Infine, il Comitato si \u00e8 detto preoccupato in quanto l\u2019estate \u00e8 alle porte e non ci sono interventi previsti dentro il lago, tantomeno per recuperare almeno il legname, vero ostacolo alla navigazione dei natanti. Per questo, in attesa che di conoscere delle possibili soluzioni, che per\u00f2 non sono state individuate nella riunione di venerd\u00ec scorso, il comitato si \u00e8 riservato di non confermare la manifestazione per 2019.<\/p>\n<p><strong>L&#8217;INTERVISTA AL PRESIDENTE MICHELE DE TONI<\/strong><\/p>\n<audio class=\"wp-audio-shortcode\" id=\"audio-82135-1\" preload=\"none\" style=\"width: 100%;\" controls=\"controls\"><source type=\"audio\/mpeg\" src=\"http:\/\/www.radiopiu.net\/wordpress\/wp-content\/uploads\/2019\/04\/MICHELE-LAGO.mp3?_=1\" \/><a href=\"http:\/\/www.radiopiu.net\/wordpress\/wp-content\/uploads\/2019\/04\/MICHELE-LAGO.mp3\">http:\/\/www.radiopiu.net\/wordpress\/wp-content\/uploads\/2019\/04\/MICHELE-LAGO.mp3<\/a><\/audio>\n<p>&nbsp;<\/p>\n<p>&nbsp;<\/p>\n<p>&nbsp;<\/p>\n<p>&nbsp;<\/p>\n<h3>FODOM VENDE IL LEGNAME A UNA DITTA SUD TIROLESE CON RIALZI D&#8217;ASTA DAL 45 AL 100 PER CENTO. LA SODDISFAZIONE DEL SINDACO<\/h3>\n<p><a class=\"dt-pswp-item\" href=\"http:\/\/www.radiopiu.net\/wordpress\/wp-content\/uploads\/2018\/11\/alberi.jpg\" data-dt-img-description=\"\" data-large_image_width=\"1280\" data-large_image_height=\"850\"><img loading=\"lazy\" decoding=\"async\" class=\" wp-image-66798 alignleft\" src=\"http:\/\/www.radiopiu.net\/wordpress\/wp-content\/uploads\/2018\/11\/alberi-300x199.jpg\" alt=\"\" width=\"178\" height=\"118\" srcset=\"https:\/\/www.radiopiu.net\/wordpress\/wp-content\/uploads\/2018\/11\/alberi-300x199.jpg 300w, https:\/\/www.radiopiu.net\/wordpress\/wp-content\/uploads\/2018\/11\/alberi-768x510.jpg 768w, https:\/\/www.radiopiu.net\/wordpress\/wp-content\/uploads\/2018\/11\/alberi-1024x680.jpg 1024w, https:\/\/www.radiopiu.net\/wordpress\/wp-content\/uploads\/2018\/11\/alberi.jpg 1280w\" sizes=\"auto, (max-width: 178px) 100vw, 178px\" \/><\/a>22MILA METRI CUBI DI LEGNAME VENDUTO A FODOM NELLE ZONE NON SOGGETTE A PERICOLO VALANGHE, UN TERZO DEL LEGNAME COMUNALE PER QUASI MEZZO MILIONE DI EURO CON UN RIALZO DEL 70% SULLA BASE D&#8217;ASTA. QUANTITATIVO ECCEZIONALE DI SCHIANTI IN ZONE NON SEMPRE FACILI DA RAGGIUNGERE. 1500 VIAGGI DI CAMION.PRESTO ALTRI 6 LOTTI ALL&#8217;ASTA,\u00a0 DOMANI AL TAULAC ALLE 20.30 L&#8217;INCONTRO CON I PRIVATI. <em>&#8220;Per definire &#8211; dice Grones &#8211; modalit\u00e0 coordinate di vendita del legname e delle operazioni di esbosco e pulizia del territorio&#8221;<\/em><\/p>\n<p><strong>INTERVISTA AL SINDACO DI LIVINALLONGO LEANDRO GRONES<\/strong><\/p>\n<audio class=\"wp-audio-shortcode\" id=\"audio-82135-2\" preload=\"none\" style=\"width: 100%;\" controls=\"controls\"><source type=\"audio\/mpeg\" src=\"http:\/\/www.radiopiu.net\/wordpress\/wp-content\/uploads\/2019\/04\/LEANDRO.mp3?_=2\" \/><a href=\"http:\/\/www.radiopiu.net\/wordpress\/wp-content\/uploads\/2019\/04\/LEANDRO.mp3\">http:\/\/www.radiopiu.net\/wordpress\/wp-content\/uploads\/2019\/04\/LEANDRO.mp3<\/a><\/audio>\n<p>&nbsp;<\/p>\n<p>&nbsp;<\/p>\n<blockquote>\n<h2>Primo incontro del tavolo contro lo spopolamento delle terre alte, coordinato dal Comune di Belluno.<\/h2>\n<p><strong>BELLUNO<\/strong> Ronce 2020 potrebbe diventare un progetto pilota, Belluno Alpina ha dato il via alla discussione, e&#8217; il comitato nato con lo scopo di mettere un freno allo spopolamento delle terre alte del Comune di Belluno. Il tavolo a Palazzo Rosso<\/p>\n<p><a class=\"dt-pswp-item\" href=\"http:\/\/www.radiopiu.net\/wordpress\/wp-content\/uploads\/2019\/04\/WhatsApp-Image-2019-04-10-at-06.02.34.jpeg\" data-dt-img-description=\"\" data-large_image_width=\"1599\" data-large_image_height=\"799\"><img loading=\"lazy\" decoding=\"async\" class=\"alignnone wp-image-82180 size-full\" src=\"http:\/\/www.radiopiu.net\/wordpress\/wp-content\/uploads\/2019\/04\/WhatsApp-Image-2019-04-10-at-06.02.34.jpeg\" alt=\"\" width=\"1599\" height=\"799\" srcset=\"https:\/\/www.radiopiu.net\/wordpress\/wp-content\/uploads\/2019\/04\/WhatsApp-Image-2019-04-10-at-06.02.34.jpeg 1599w, https:\/\/www.radiopiu.net\/wordpress\/wp-content\/uploads\/2019\/04\/WhatsApp-Image-2019-04-10-at-06.02.34-300x150.jpeg 300w, https:\/\/www.radiopiu.net\/wordpress\/wp-content\/uploads\/2019\/04\/WhatsApp-Image-2019-04-10-at-06.02.34-768x384.jpeg 768w, https:\/\/www.radiopiu.net\/wordpress\/wp-content\/uploads\/2019\/04\/WhatsApp-Image-2019-04-10-at-06.02.34-1024x512.jpeg 1024w\" sizes=\"auto, (max-width: 1599px) 100vw, 1599px\" \/><\/a><\/p><\/blockquote>\n<h2>Gli interventi:<\/h2>\n<p>L&#8217;ASSESSORE BIAGIO GIANNONE<\/p>\n<audio class=\"wp-audio-shortcode\" id=\"audio-82135-3\" preload=\"none\" style=\"width: 100%;\" controls=\"controls\"><source type=\"audio\/mpeg\" src=\"http:\/\/www.radiopiu.net\/wordpress\/wp-content\/uploads\/2019\/04\/Giannone-Tavolo-antispopolamento.mp3?_=3\" \/><a href=\"http:\/\/www.radiopiu.net\/wordpress\/wp-content\/uploads\/2019\/04\/Giannone-Tavolo-antispopolamento.mp3\">http:\/\/www.radiopiu.net\/wordpress\/wp-content\/uploads\/2019\/04\/Giannone-Tavolo-antispopolamento.mp3<\/a><\/audio>\n<p>GIMMY DAL FARRA REFERENTE BELLUNO ALPINA<\/p>\n<audio class=\"wp-audio-shortcode\" id=\"audio-82135-4\" preload=\"none\" style=\"width: 100%;\" controls=\"controls\"><source type=\"audio\/mpeg\" src=\"http:\/\/www.radiopiu.net\/wordpress\/wp-content\/uploads\/2019\/04\/Gimmy-Dal-Farra-Referente-Belluno-Alpina-Tavolo-antispopolamento-1.mp3?_=4\" \/><a href=\"http:\/\/www.radiopiu.net\/wordpress\/wp-content\/uploads\/2019\/04\/Gimmy-Dal-Farra-Referente-Belluno-Alpina-Tavolo-antispopolamento-1.mp3\">http:\/\/www.radiopiu.net\/wordpress\/wp-content\/uploads\/2019\/04\/Gimmy-Dal-Farra-Referente-Belluno-Alpina-Tavolo-antispopolamento-1.mp3<\/a><\/audio>\n<p>PROPOSTE, GIMMY DAL FARRA<\/p>\n<audio class=\"wp-audio-shortcode\" id=\"audio-82135-5\" preload=\"none\" style=\"width: 100%;\" controls=\"controls\"><source type=\"audio\/mpeg\" src=\"http:\/\/www.radiopiu.net\/wordpress\/wp-content\/uploads\/2019\/04\/Gimmy-Dal-Farra-Referente-Belluno-Alpina-Proposte.mp3?_=5\" \/><a href=\"http:\/\/www.radiopiu.net\/wordpress\/wp-content\/uploads\/2019\/04\/Gimmy-Dal-Farra-Referente-Belluno-Alpina-Proposte.mp3\">http:\/\/www.radiopiu.net\/wordpress\/wp-content\/uploads\/2019\/04\/Gimmy-Dal-Farra-Referente-Belluno-Alpina-Proposte.mp3<\/a><\/audio>\n<p>&nbsp;<\/p>\n<p>&nbsp;<\/p>\n<p>&nbsp;<\/p>\n<p>&nbsp;<\/p>\n<h3>LA RISPOSTA DELLA ULSS1 ALLE CRITICHE DAL CADORE<\/h3>\n<blockquote><p><em>A seguito della questione sollevata dal Sindaco di Santo Stefano di Cadore, Alessandra Buzzo, riguardante i servizi psichiatrici dell\u2019ULSS 1 in Cadore la Ulss1 precisa.<\/em><\/p><\/blockquote>\n<p><strong>BELLUNO<\/strong> La situazione dei dirigenti medici di psichiatria presso l\u2019ULSS 1 vede attualmente una carenza di 3 unit\u00e0 che salir\u00e0 a 5 con i prossimi pensionamenti. I due concorsi che si sono svolti, rispettivamente, all\u2019inizio dell\u2019anno 2018 e di quest\u2019anno, non hanno portato a nessuna assunzione, in quanto i medici in graduatoria non hanno accettato l\u2019incarico. Per garantire comunque una risposta adeguata alle necessit\u00e0 del Cadore l\u201911 marzo 2019 si \u00e8 tenuto un incontro con i Sindaci del Cadore per la presentazione, del piano di riorganizzazione dell\u2019Unit\u00e0 Operativa di Psichiatria di Pieve di Cadore, finalizzato alla valorizzazione ed al potenziamento dell\u2019attivit\u00e0 territoriale nell\u2019ambito cadorino nelle sue varie articolazioni, volto alla continuit\u00e0 delle cure e all\u2019assistenza dell\u2019utenza, nonch\u00e9 all\u2019incremento dell\u2019integrazione socio-sanitaria in materia di salute mentale. Il progetto di riorganizzazione ha ottenuto la condivisione da parte delle Amministrazioni Locali dei Comuni territorialmente afferenti alla sede sub-distrettuale del Cadore. Per quanto attiene all\u2019 impegno dei dirigenti medici psichiatri presso l\u2019Unit\u00e0 Operativa di Psichiatria di Belluno, si richiama come il Servizio Psichiatrico di Diagnosi e Cura &#8211; SPDC &#8211; di Belluno, sia il reparto ospedaliero destinato ad accogliere i pazienti provenienti dal territorio del Cadore per gestire i ricoveri ordinari, sia volontari che in trattamento sanitario obbigatorio.<\/p>\n<p>&nbsp;<\/p>\n<p>&nbsp;<\/p>\n<p>&nbsp;<\/p>\n<p>&nbsp;<\/p>\n<h2>TARGHE ESTERE. ALTRA RISPOSTA NEGATIVA OGGI<\/h2>\n<blockquote><p>Zero risposte ai cittadini ingiustamente multati <em>De Menech: \u00abGoverno imbarazzante. Unico scopo \u00e8 fare cassa\u00bb<\/em><\/p><\/blockquote>\n<p>AUDIO DALLA RASSEGNA STAMPA<\/p>\n<audio class=\"wp-audio-shortcode\" id=\"audio-82135-6\" preload=\"none\" style=\"width: 100%;\" controls=\"controls\"><source type=\"audio\/mpeg\" src=\"http:\/\/www.radiopiu.net\/wordpress\/wp-content\/uploads\/2019\/04\/ROGER.mp3?_=6\" \/><a href=\"http:\/\/www.radiopiu.net\/wordpress\/wp-content\/uploads\/2019\/04\/ROGER.mp3\">http:\/\/www.radiopiu.net\/wordpress\/wp-content\/uploads\/2019\/04\/ROGER.mp3<\/a><\/audio>\n<p>&nbsp;<\/p>\n<p><strong><a class=\"dt-pswp-item\" href=\"http:\/\/www.radiopiu.net\/wordpress\/wp-content\/uploads\/2018\/05\/Roger_De_Menech_daticamera.jpg\" data-dt-img-description=\"\" data-large_image_width=\"165\" data-large_image_height=\"228\"><img loading=\"lazy\" decoding=\"async\" class=\"size-full wp-image-49599 alignleft\" src=\"http:\/\/www.radiopiu.net\/wordpress\/wp-content\/uploads\/2018\/05\/Roger_De_Menech_daticamera.jpg\" alt=\"\" width=\"165\" height=\"228\" \/><\/a>ROMA <\/strong>\u00abLa risposta che il governo ha fornito attraverso il sottosegretario Jacopo Morrone \u00e8 a dir poco imbarazzante. Salvini fa di ogni erba un fascio e tratta i lavoratori transfrontalieri, gli emigranti e gli studenti all\u2019estero come evasori fiscali. Per le migliaia di famiglie bellunesi con un\u2019attivit\u00e0 in Europa il problema rimane, ma non rinunciamo a una battaglia di giustizia\u00bb. Il deputato bellunese Roger De Menech riporta il dibattito in aula sulla richiesta del Partito democratico fatta al governo di affrontare il problema dei cittadini italiani che, per lavoro, di studio o familiari e personali, circolano in Italia con auto aventi targhe straniere. Per i bellunesi &#8211; che a migliaia nei decenni scorsi hanno avviato imprese in Germania, Austria, Svizzera e Slovenia, che sono emigrati nelle miniere di Belgio e Francia, che studiano fuori dall\u2019Italia in cerca di opportunit\u00e0 migliori rispetto a quelle che riesce a fornire questo Paese &#8211; \u00ab\u00e8 una beffa\u00bb, accusa De Menech. \u00abNon solo hanno dovuto lasciare la propria terra, ma per Salvini e compagnia hanno la colpa di mantenere un legame forte con il Paese di origine, attraverso la cittadinanza\u00bb. \u00abDi fronte a un quesito specifico in cui si chiedeva se e quali iniziative specifiche il governo volesse adottare, il sottosegretario si \u00e8 limitato a leggere testualmente la norma. \u00c8 evidente che il governo non ha alcuna intenzione di affrontare il problema che riguarda quasi seimila lavoratori frontalieri che hanno rapporti con San Marino e altre migliaia di persone residenti nelle province di confine\u00bb. \u00abSiamo tutti d\u2019accordo di voler contrastare l\u2019elusione da parte di chi cerca di non pagare le tasse in Italia\u00bb, puntualizza il deputato, \u00abma qui stiamo parlando di cittadini, studenti, lavoratori dipendenti e imprenditori, che subiscono multe da 700 a 2.800 euro col rischio di sequestro del veicolo perch\u00e9 guidano un&#8217;auto aziendale, perch\u00e9 magari hanno attivit\u00e0 all&#8217;esterno o vi si trovano momentaneamente per ragioni di studio. Oppure perch\u00e9 fanno parte di famiglie composta da cittadini italiani e stranieri. \u00c8 giusto che queste persone vengano trattate come delinquenti? Io pensiamo di no, ma evidente il sottosegretario Morrone e il ministro Salvini, che nelle scorse settimane aveva gi\u00e0 fatto capire non voler intervenire sul punto, la pensano diversamente\u00bb.<\/p>\n<p>&nbsp;<\/p>\n<p>&nbsp;<\/p>\n<p>&nbsp;<\/p>\n<p>&nbsp;<\/p>\n<p align=\"JUSTIFY\"><span style=\"font-size: large;\"><b>MALTEMPO. IL COMMISSARIO NOMINA I SOGGETTI ATTUATORI INCARICATI DI SPENDERE I PRIMI 220 MILIONI DI EURO DI FINANZIAMENTI SUI TERRITORI FERITI DALLA TEMPESTA VAIA<\/b><\/span><\/p>\n<p><span style=\"font-size: medium;\"><strong><a class=\"dt-pswp-item\" href=\"http:\/\/www.radiopiu.net\/wordpress\/wp-content\/uploads\/2019\/04\/Rocca-Pietore-colpita-dal-maltempo-foto-di-Roberto-Bristot-lab.-Inquadrati.jpg\" data-dt-img-description=\"\" data-large_image_width=\"1600\" data-large_image_height=\"900\"><img loading=\"lazy\" decoding=\"async\" class=\"size-medium wp-image-82020 alignleft\" src=\"http:\/\/www.radiopiu.net\/wordpress\/wp-content\/uploads\/2019\/04\/Rocca-Pietore-colpita-dal-maltempo-foto-di-Roberto-Bristot-lab.-Inquadrati-300x169.jpg\" alt=\"\" width=\"300\" height=\"169\" srcset=\"https:\/\/www.radiopiu.net\/wordpress\/wp-content\/uploads\/2019\/04\/Rocca-Pietore-colpita-dal-maltempo-foto-di-Roberto-Bristot-lab.-Inquadrati-300x169.jpg 300w, https:\/\/www.radiopiu.net\/wordpress\/wp-content\/uploads\/2019\/04\/Rocca-Pietore-colpita-dal-maltempo-foto-di-Roberto-Bristot-lab.-Inquadrati-768x432.jpg 768w, https:\/\/www.radiopiu.net\/wordpress\/wp-content\/uploads\/2019\/04\/Rocca-Pietore-colpita-dal-maltempo-foto-di-Roberto-Bristot-lab.-Inquadrati-1024x576.jpg 1024w, https:\/\/www.radiopiu.net\/wordpress\/wp-content\/uploads\/2019\/04\/Rocca-Pietore-colpita-dal-maltempo-foto-di-Roberto-Bristot-lab.-Inquadrati.jpg 1600w\" sizes=\"auto, (max-width: 300px) 100vw, 300px\" \/><\/a>VENEZIA<\/strong> <\/span><span style=\"font-size: medium;\">Il Commissario delegato ai primi interventi urgenti di Protezione Civile per il maltempo di fine ottobre 2018 ha emesso una ordinanza nella quale vengono designati i nuovi soggetti attuatori incaricati di realizzare i primi interventi definiti dal Piano del Commissario per il 2019. <\/span><span style=\"font-size: medium;\">La somma complessiva \u00e8 pari a 220 milioni di euro, dei quali 195.621.778 euro destinati ad interventi da realizzare nel corso di quest\u2019anno, con cantieri da avviare entro il 30 settembre, e 25 milioni di euro di accantonamento per i contributi destinati a privati e attivit\u00e0 produttive che hanno subito danni dal maltempo eccezionale di fine autunno. <\/span><span style=\"font-size: medium;\">Soggetti attuatori sono stati nominati anche i dirigenti tecnici dell&#8217; amministrazione Provinciale di Belluno, mentre, per quanto concerne il Soggetto Attuatore per il Rischio Valanghivo viene incaricato Italo Saccardo, Dirigente del \u201cCentro Servizi\u201d ARPAV. <\/span><span style=\"font-size: medium;\">Veneto Strade \u00e8 stata, inoltre, individuata come stazione appaltante per gli interventi di protezione dei versanti interessati dagli schianti boschivi, che rientrano nella parte del piano relativa alla prevenzione del rischio valanghivo in base al quale si prevede di aprire 21 cantieri per un importo pari a 69.269.217,60 euro. <\/span><span style=\"font-size: medium;\">L\u2019ordinanza dispone ancora di erogare ai Comuni colpiti dagli effetti della tempesta Vaia l\u2019anticipazione del 30 per cento dell\u2019importo assegnato, pari a 2.157.399 euro, per l\u2019avvio di decine di cantieri in tutti i territori provinciali interessati dal maltempo autunnale. Va ricordato che 50 milioni di euro per far fronte ai primi danni, inclusi quelli a privati e imprese, sono gi\u00e0 in liquidazione a completamento degli acconti di prima emergenza. <\/span><span style=\"font-size: medium;\">Il Commissario prevede, infine, di individuare nuovi soggetti attuatori tra i Comuni che saranno individuati progressivamente, attraverso le prossime ordinanze, per accelerare e favorire l\u2019avvio di tutte le opere. Va ricordato, infatti, che i cantieri complessivamente previsti dal Piano del Commissario solo per il 2019 sono 350 in tutto il territorio veneto, principalmente concentrati nella provincia di Belluno. <\/span><\/p>\n<p>&nbsp;<\/p>\n<p>&nbsp;<\/p>\n<p>&nbsp;<\/p>\n<p>&nbsp;<\/p>\n<h2>NO A NUOVE DEROGHE SULLA DEDUCIBILITA&#8217; DELLE AUTO AZIENDALI, BOND SCRIVE AGLI EUROPARLAMENTARI.<\/h2>\n<p><a class=\"dt-pswp-item\" href=\"http:\/\/www.radiopiu.net\/wordpress\/wp-content\/uploads\/2019\/02\/bond1-e1550408229859.jpg\" data-dt-img-description=\"\" data-large_image_width=\"720\" data-large_image_height=\"416\"><img loading=\"lazy\" decoding=\"async\" class=\"wp-image-75798 alignleft\" src=\"http:\/\/www.radiopiu.net\/wordpress\/wp-content\/uploads\/2019\/02\/bond1-e1550408229859-300x173.jpg\" alt=\"\" width=\"156\" height=\"90\" srcset=\"https:\/\/www.radiopiu.net\/wordpress\/wp-content\/uploads\/2019\/02\/bond1-e1550408229859-300x173.jpg 300w, https:\/\/www.radiopiu.net\/wordpress\/wp-content\/uploads\/2019\/02\/bond1-e1550408229859.jpg 720w\" sizes=\"auto, (max-width: 156px) 100vw, 156px\" \/><\/a><\/p>\n<p>&nbsp;<\/p>\n<p>&nbsp;<\/p>\n<p>AUDIO<\/p>\n<audio class=\"wp-audio-shortcode\" id=\"audio-82135-7\" preload=\"none\" style=\"width: 100%;\" controls=\"controls\"><source type=\"audio\/mpeg\" src=\"http:\/\/www.radiopiu.net\/wordpress\/wp-content\/uploads\/2019\/04\/bond.mp3?_=7\" \/><a href=\"http:\/\/www.radiopiu.net\/wordpress\/wp-content\/uploads\/2019\/04\/bond.mp3\">http:\/\/www.radiopiu.net\/wordpress\/wp-content\/uploads\/2019\/04\/bond.mp3<\/a><\/audio>\n<p>&nbsp;<\/p>\n<p>&nbsp;<\/p>\n<p>&nbsp;<\/p>\n<p>&nbsp;<\/p>\n<p>&nbsp;<\/p>\n<h2 align=\"JUSTIFY\">A TAIBON E AGORDO L&#8217;INIZIATIVA REGIONALE &#8220;SCUOLA SICURA&#8221;<\/h2>\n<blockquote>\n<p align=\"JUSTIFY\"><strong><em>Alle scuole elementari di Taibon e Agordo: il prossimo 22 maggio<\/em><\/strong><\/p>\n<\/blockquote>\n<p align=\"JUSTIFY\"><span style=\"font-size: medium;\"><strong><a class=\"dt-pswp-item\" href=\"http:\/\/www.radiopiu.net\/wordpress\/wp-content\/uploads\/2019\/04\/TAIBON.jpg\" data-dt-img-description=\"\" data-large_image_width=\"960\" data-large_image_height=\"530\"><img loading=\"lazy\" decoding=\"async\" class=\"size-medium wp-image-82153 alignleft\" src=\"http:\/\/www.radiopiu.net\/wordpress\/wp-content\/uploads\/2019\/04\/TAIBON-300x166.jpg\" alt=\"\" width=\"300\" height=\"166\" srcset=\"https:\/\/www.radiopiu.net\/wordpress\/wp-content\/uploads\/2019\/04\/TAIBON-300x166.jpg 300w, https:\/\/www.radiopiu.net\/wordpress\/wp-content\/uploads\/2019\/04\/TAIBON-768x424.jpg 768w, https:\/\/www.radiopiu.net\/wordpress\/wp-content\/uploads\/2019\/04\/TAIBON.jpg 960w\" sizes=\"auto, (max-width: 300px) 100vw, 300px\" \/><\/a>VENEZIA<\/strong> Prende il via venerd\u00ec 12 aprile 2019 dalla scuola primaria \u201cSan Francesco\u201d di Montecchio Maggiore a Vicenza la nuova edizione di \u201cScuola Sicura\u201d, il progetto ideato dall\u2019assessorato regionale alla protezione civile e dedicato alle scuole del Veneto, dal 2016 oramai diventato tradizionale appuntamento per l\u2019educazione ai comportamenti sicuri e alla prevenzione dai rischi. Sono previsti otto tappe nelle quali saranno coinvolte scuole di tutte le province venete. Tra le sedi anche alcuni Comuni che avrebbero dovuto ospitare la manifestazione nell\u2019edizione dello scorso autunno, ma le date furono rinviate a causa dell\u2019eccezionale ondata di maltempo. <\/span><span style=\"font-size: medium;\">Al termine della giornata a tutti i ragazzi verr\u00e0 consegnato un volumetto, che contiene le principali regole e i rischi da conoscere, oltre ai riferimenti locali di Protezione Civile. Un\u2019ampia sintesi dell\u2019esercitazione sar\u00e0 riportata sul sito dedicato, www.scuolasicuraveneto.it, nel quale ogni tappa, come nelle precedenti edizioni, sar\u00e0 raccontata attraverso una galleria fotografica.<\/span><\/p>\n<h3>OGGI IL PRESIDENTE VENETO A ROMA,\u00a0 AUDIZIONE IN COMMISSIONE PARLAMENTARE PER LE QUESTIONI REGIONALI SU FEDERALISMO DIFFERENZIATO.<\/h3>\n<p><strong>VENEZIA\u00a0<\/strong> Il Presidente della Regione del Veneto sar\u00e0 oggi a Roma in audizione presso la Commissione Parlamentare per le Questioni Regionali. L\u2019appuntamento, alle ore 9.15, si svolge nell\u2019ambito dell\u2019indagine conoscitiva sul processo di attuazione del federalismo differenziato ai sensi dell\u2019articolo 116 terzo comma della Costituzione e verr\u00e0 trasmesso in diretta webtv al link: https:\/\/webtv.camera.it\/homepage<\/p>\n<p>&nbsp;<\/p>\n<p>&nbsp;<\/p>\n<p>&nbsp;<\/p>\n<p>&nbsp;<\/p>\n<h3>DOMANI\u00a0 \u2018WELFARE-DAY\u2019 IN TUTTO IL VENETO PER PROMUOVERE PREVIDENZA E ASSISTENZA SANITARIA INTEGRATIVE<\/h3>\n<p><strong>VENEZIA<\/strong>\u00a0 Un convegno allo Iuav di Venezia, 30 incontri nel territorio regionale, 50 camper itineranti in movimento e 200 Infopoint presso aziende, sindacati, associazioni di categoria, centri di formazione, scuole, camere di commercio, banche e assicurazioni: gioved\u00ec 11 aprile in tutto il Veneto \u00e8 la Giornata del Welfare, evento di conoscenza e di promozione tra i lavoratori della previdenza complementare integrativa e dell\u2019assistenza sanitaria integrativa. L\u2019iniziativa \u00e8 della Regione Veneto, che attraverso Veneto Welfare e Veneto Lavoro, ha avviato una campagna di sensibilizzazione e di formazione per convincere lavoratori dipendenti e lavoratori autonomi a crearsi, su base volontaria, la \u2018seconda gamba\u2019 del proprio futuro previdenziale e assicurativo, integrando la copertura pubblica.<\/p>\n<h2>LA RIFLESSIONE &#8220;WELFARE DIRITTO DI TUTTI&#8221;<\/h2>\n<p><strong>di Franco Piacentini<\/strong><\/p>\n<blockquote><p>In questi giorni, qui in Veneto, con eccessivo clamore, hanno ripreso voce alcune istituzioni regionali per rilanciare e per sostenere, modelli di welfare collegati alla previdenza complementare, alla contrattazione aziendale nelle medio-grandi aziende e alla negoziazione territoriale nell&#8217;artigianato e nel terziario. Un&#8217;opportunit\u00e0 di welfare limitata a chi, fortunatamente, \u00e8 (o sar\u00e0) un\/a dipendente a tempo indeterminato e soprattutto con orario a \u00a0full time. Non ci sarebbe nulla da eccepire su queste particolari opportunit\u00e0 di welfare, se nel nostro Paese il &#8220;welfare pubblico generativo&#8221; fosse accessibile a tutti gli aventi diritto, indipendentemente se occupati o disoccupati. Concreta \u00e8 la preoccupazione che il &#8220;welfare contrattato&#8221;, quindi circoscritto ad una specifica realt\u00e0 aziendale e\/o categoriale, sostituisca &#8220;i Livelli Essenziali delle prestazioni concernenti i diritti civili e sociali che devono essere garantiti su tutto il territorio nazionale&#8221; (art. 117 lettera m della Costituzione). La politica, le confederazioni Cgil Cisl Uil, le associazioni imprenditoriali e le amministrazioni locali, dovrebbero fare &#8220;massa critica&#8221; per esigere, anche con la mobilitazione, dal Governo e dal Parlamento, la definizione e l&#8217;esigibilit\u00e0 dei Livelli Essenziali di Assistenza Sociale (Liveas) e l&#8217;aggiornamento dei LEA sanitari.<\/p><\/blockquote>\n<p>&nbsp;<\/p>\n<p>&nbsp;<\/p>\n<p>&nbsp;<\/p>\n<p>&nbsp;<\/p>\n<h3><a class=\"dt-pswp-item\" href=\"http:\/\/www.radiopiu.net\/wordpress\/wp-content\/uploads\/2019\/03\/DE-CARLO.jpg\" data-dt-img-description=\"\" data-large_image_width=\"471\" data-large_image_height=\"471\"><img loading=\"lazy\" decoding=\"async\" class=\"wp-image-78825 alignleft\" src=\"http:\/\/www.radiopiu.net\/wordpress\/wp-content\/uploads\/2019\/03\/DE-CARLO-300x300.jpg\" alt=\"\" width=\"115\" height=\"115\" srcset=\"https:\/\/www.radiopiu.net\/wordpress\/wp-content\/uploads\/2019\/03\/DE-CARLO-300x300.jpg 300w, https:\/\/www.radiopiu.net\/wordpress\/wp-content\/uploads\/2019\/03\/DE-CARLO-150x150.jpg 150w, https:\/\/www.radiopiu.net\/wordpress\/wp-content\/uploads\/2019\/03\/DE-CARLO.jpg 471w\" sizes=\"auto, (max-width: 115px) 100vw, 115px\" \/><\/a>SCUOLA, DE CARLO (FDI): NAZIONE COME LA NOSTRA NON DEVE PERMETTERE DISCRIMINAZIONE VERGOGNOSA<\/h3>\n<blockquote><p><em>Lo scrive su Facebook Luca De Carlo deputato di Fratelli d&#8217;Italia e sindaco di Calalzo di Cadore\u00a0<\/em><\/p><\/blockquote>\n<p>dalla rassegna stampa delle 8.05<\/p>\n<audio class=\"wp-audio-shortcode\" id=\"audio-82135-8\" preload=\"none\" style=\"width: 100%;\" controls=\"controls\"><source type=\"audio\/mpeg\" src=\"http:\/\/www.radiopiu.net\/wordpress\/wp-content\/uploads\/2019\/04\/CARLO.mp3?_=8\" \/><a href=\"http:\/\/www.radiopiu.net\/wordpress\/wp-content\/uploads\/2019\/04\/CARLO.mp3\">http:\/\/www.radiopiu.net\/wordpress\/wp-content\/uploads\/2019\/04\/CARLO.mp3<\/a><\/audio>\n<p>&#8220;Vergognoso &#8211; scrive De Carlo &#8211;\u00a0 quello che \u00e8 accaduto nella mensa della scuola di Minerbe, in provincia di Verona, dove una bimba e\u2019 stata gravemente discriminata perch\u00e9 i genitori non pagavano la retta. Lo dico da sindaco che conosce le problematiche legate alla difficolt\u00e0 di far quadrare i bilanci, ma che mai ha fatto pagare ai figli le colpe, se ci sono, dei padri. Una Nazione civile come la nostra non deve permettere che una bimba venga discriminata per le condizioni economiche della famiglia. Se la famiglia ha dei problemi economici va aiutata, se la famiglia invece ha delle colpe, i genitori dovranno pagarne le conseguenze: ma la bimba no, mai&#8221;.<\/p>\n<p>&nbsp;<\/p>\n<p>&nbsp;<\/p>\n<p>&nbsp;<\/p>\n<p>&nbsp;<\/p>\n<h2>COME SCALDARSI CON LA LEGNA: MATERIA D&#8217;INCONTRO<\/h2>\n<p><strong>BELLUNO <\/strong>Si terr\u00e0 venerd\u00ec 12 aprile il primo incontro con la popolazione, annunciato in occasione delle firme degli accordi con le associazioni di categoria, sul tema del corretto uso della legna e degli impianti di riscaldamento a biomasse. \u201cCome scaldare con la legna riducendo l\u2019inquinamento atmosferico ed evitando il rischio di incendio\u201d: questo il titolo dell&#8217;incontro che si terr\u00e0 in Sala Bianchi venerd\u00ec dalle 17. Dopo i saluti introduttivi dell&#8217;assessore alle politiche ambientali, Stefania Ganz, toccher\u00e0 a Massimo Simionato, del Servizio Monitoraggio e Valutazioni del Dipartimento ARPAV di Belluno analizzare \u201cSituazione dell&#8217;inquinamento in provincia di Belluno. Trend negli anni e in particolare nell&#8217;ultima stagione invernale. Inquinanti critici e loro provenienza\u201d. Spazio poi all&#8217;Ulss 1 Dolomiti con il Direttore del Dipartimento Prevenzione, Fabio Soppelsa, che affronter\u00e0 gli \u201cEffetti dell&#8217;inquinamento atmosferico sulla salute\u201d. Si parler\u00e0 di sicurezza con Fabio Jerman, Direttore del Comando Provinciale dei Vigili del Fuoco di Belluno, e il suo intervento \u201cImpianti a biomassa, stufe e canne fumarie: cosa devono insegnarci i casi d&#8217;incendio in provincia di Belluno. Infine, la parola ai tecnici<\/p>\n<blockquote><p><em>\u00abAbbiamo scelto di proporre ora, al termine della stagione fredda, in vista del periodo migliore per le manutenzioni e la pulizia degli impianti, questa occasione di riflessione e informazione sul tema del corretto utilizzo e manutenzione degli impianti a biomassa, le \u201cstufe\u201d. &#8211; spiega l&#8217;assessore Ganz \u2013 Vogliamo analizzare la questione da molti punti di vista, da quello dell\u2019inquinamento atmosferico fino alla problematica degli incendi causati da errate installazioni o manutenzione degli impianti. Imparare ad accendere correttamente la stufa o svolgere periodicamente le manutenzioni sono azioni che fanno bene all&#8217;ambiente, ma migliorano anche la nostra sicurezza e qualit\u00e0 della vita: un impianto mal funzionante, infatti, porta a una bassa qualit\u00e0 dell&#8217;aria dentro l&#8217;abitazione, oltre a costi pi\u00f9 alti di gestione e una minor vita dell&#8217;impianto\u00bb.<\/em><\/p><\/blockquote>\n<p>&nbsp;<\/p>\n<p>&nbsp;<\/p>\n<p>&nbsp;<\/p>\n<p>&nbsp;<\/p>\n<p>&nbsp;<\/p>\n<h2>DUE GIORNATE DI FORMAZIONE SU CARCERE E LEGALIT\u00c0 CON L\u2019ASSOCIAZIONE JABAR DI BELLUNO<\/h2>\n<p><strong><a class=\"dt-pswp-item\" href=\"http:\/\/www.radiopiu.net\/wordpress\/wp-content\/uploads\/2018\/07\/Progetto-teatro-carcere-Belluno-Rebibbia-associazione-Jabar-3.jpg\" data-dt-img-description=\"\" data-large_image_width=\"1000\" data-large_image_height=\"627\"><img loading=\"lazy\" decoding=\"async\" class=\" wp-image-54205 alignleft\" src=\"http:\/\/www.radiopiu.net\/wordpress\/wp-content\/uploads\/2018\/07\/Progetto-teatro-carcere-Belluno-Rebibbia-associazione-Jabar-3-300x188.jpg\" alt=\"\" width=\"199\" height=\"125\" srcset=\"https:\/\/www.radiopiu.net\/wordpress\/wp-content\/uploads\/2018\/07\/Progetto-teatro-carcere-Belluno-Rebibbia-associazione-Jabar-3-300x188.jpg 300w, https:\/\/www.radiopiu.net\/wordpress\/wp-content\/uploads\/2018\/07\/Progetto-teatro-carcere-Belluno-Rebibbia-associazione-Jabar-3-768x482.jpg 768w, https:\/\/www.radiopiu.net\/wordpress\/wp-content\/uploads\/2018\/07\/Progetto-teatro-carcere-Belluno-Rebibbia-associazione-Jabar-3.jpg 1000w\" sizes=\"auto, (max-width: 199px) 100vw, 199px\" \/><\/a>BELLUNO<\/strong> Venerd\u00ec 12 e sabato 13 aprile doppio appuntamento con l\u2019associazione Jabar per celebrare i 5 anni dalla sua costituzione. Venerd\u00ec alle 18.30 nella sala riunioni al secondo piano della Casa del Volontariato di Belluno (via del Piave, 5). Interverranno soci e volontari dell\u2019associazione per illustrare l\u2019impegno dentro e fuori il carcere (casa circondariale) di Belluno, nella convinzione che anche l\u2019apporto del volontariato possa contribuire alla funzione rieducativa \u2013 imprescindibile &#8211; della pena inflitta. Sabato dalle 9 alle 13 in sala Bianchi a Belluno si terr\u00e0 un incontro aperto a tutti, con posti riservati alla formazione continua specifica di avvocati, giornalisti e assistenti sociali, dal titolo \u201cSistema penale e misure alternative\u201d. Dopo una breve introduzione dell\u2019associazione Jabar e il saluto del Garante dei diritti dei detenuti a Belluno Emilio Guerra, spazio alle assistenti sociali Margherita Benazzato (dal 2002 al servizio dell\u2019Ufficio esecuzione penale esterna di Venezia-Treviso-Belluno), Paola Mastrosimone (ex Uepe), Gino Sperandio (avvocato bellunese) e Chiara Da Ros (cooperativa Societ\u00e0 Nuova). La partecipazione \u00e8 gratuita e libera, fino a esaurimento posti.<\/p>\n<p>&nbsp;<\/p>\n<p>&nbsp;<\/p>\n<p>&nbsp;<\/p>\n<p>&nbsp;<\/p>\n<h3>VENTIMILA CHILOMETRI IN UN ANNO PERCORSI DAI VOLONTARI DELL&#8217;AUSER &#8220;IL SOLE&#8221;<\/h3>\n<p align=\"JUSTIFY\"><strong>MEL<\/strong> Nella recente assemblea tenutasi a Villa di Villa, il Circolo Auser \u201cIl Sole\u201d di Mel ha \u201cdato i numeri\u201d. E non pu\u00f2 essere altrimenti se si considerano i 284 trasporti di persone disagiate per un totale di 20.000 chilometri percorsi in un anno per visite ospedaliere o altri motivi socio sanitari come il Centro sollievo di Trichiana tutti i gioved\u00ec mattina, o come per il Banco alimentare in collaborazione con la Caritas che segue ben 28 famiglie per un totale di 87 persone sui l&#8217;Auser consegna a casa i pacchi; o i 17 volontari che effettuano servizio di accompagnamento mattina e pomeriggio sugli scuolabus delle materne delle frazioni di Carve e di Villa di Villa; o i 7 volontari \u201cnonni vigili\u201d al suono della campanella in entrata e uscita dalla scuola di Carve; o ancora, gli 8 volontari nell&#8217;ufficio turistico di Mel; o i 17 che mattina e pomeriggio per 6 giorni alla settimana si alternano al bar della casa di riposo per la mescita ma anche per quattro chiacchere con gli ospiti e loro familiari. Questo solo per citare alcune delle multiformi attivit\u00e0 del Circolo che ha raggiunto la considerevole quota di 600 soci, pari a pi\u00f9 del 30% della popolazione over 60, e che mobilit\u00e0 nei vari impegni e servizi 100 volontari attivi. Trascuriamo pure le iniziative pi\u00f9 \u201cinterne\u201d al Circolo, come le gite o le feste dei compleanni, le lotterie o i soggiorni termali, i corsi di lavoro a maglia o quello di yoga, realizzabili solo con le risorse del volontariato. Ma non \u00e8 che attivit\u00e0 in collaborazione come il \u201csummer job\u201d &#8211; lavoro estivo con i ragazzi affidati dal Comune per una quarantina di ore complessive \u2013 o la vendita per l&#8217;AISM di fiori e mele; o seguire assieme ai servizi sociali il progetto regionale per l&#8217;integrazione di persone disagiate o problematiche, non sia necessario il supporto dei volontari. Anzi! Insomma, un Circolo Auser in salute che guarda con interesse alle novit\u00e0 amministrative prossime e pronto a dare la sua collaborazione al nuovo Comune Borgo Val Belluna.<\/p>\n<p>&nbsp;<\/p>\n<p>&nbsp;<\/p>\n<p>&nbsp;<\/p>\n<p>&nbsp;<\/p>\n<h2 align=\"JUSTIFY\">CANAPICOLTURA OPPORTUNITA\u2019 PER IL BELLUNESE<\/h2>\n<p align=\"JUSTIFY\"><strong><a class=\"dt-pswp-item\" href=\"http:\/\/www.radiopiu.net\/wordpress\/wp-content\/uploads\/2019\/04\/Cannabis-sativa-Santhica-27-Canapa.jpg\" data-dt-img-description=\"\" data-large_image_width=\"534\" data-large_image_height=\"534\"><img loading=\"lazy\" decoding=\"async\" class=\" wp-image-82154 alignleft\" src=\"http:\/\/www.radiopiu.net\/wordpress\/wp-content\/uploads\/2019\/04\/Cannabis-sativa-Santhica-27-Canapa-300x300.jpg\" alt=\"\" width=\"172\" height=\"172\" srcset=\"https:\/\/www.radiopiu.net\/wordpress\/wp-content\/uploads\/2019\/04\/Cannabis-sativa-Santhica-27-Canapa-300x300.jpg 300w, https:\/\/www.radiopiu.net\/wordpress\/wp-content\/uploads\/2019\/04\/Cannabis-sativa-Santhica-27-Canapa-150x150.jpg 150w, https:\/\/www.radiopiu.net\/wordpress\/wp-content\/uploads\/2019\/04\/Cannabis-sativa-Santhica-27-Canapa.jpg 534w\" sizes=\"auto, (max-width: 172px) 100vw, 172px\" \/><\/a>BELLUNO<\/strong> L\u2019Universit\u00e0 Ca\u2019 Foscari Venezia in collaborazione con il Comune di Ponte nelle Alpi e la Provincia di Belluno organizzano un incontro pubblico sulla canapicoltura. L\u2019evento, dal titolo \u201cFare innovazione con la tradizione Un\u2019opportunit\u00e0 di sviluppo per il Bellunese\u201d si svolger\u00e0 venerd\u00ec 12 aprile dalle 15 nella sede della Provincia, Palazzo Piloni (Sala Affreschi). Saranno presentati i risultati di una ricerca svolta dal Dipartimento di Scienze Ambientali Informatica e Statistica e dal Dipartimento di Scienze Molecolari e Nanosistemi dell&#8217;Universit\u00e0 Ca\u2019 Foscari Venezia, con la partecipazione di IUAV. Gabriella Buffa, professoressa di Botanica all\u2019Universit\u00e0 Ca\u2019 Foscari Venezia, introdurr\u00e0 il progetto finanziato dal Fondo Sociale Europeo che ha consentito le analisi di alcuni casi di studio proprio nel Bellunese. Seguiranno le presentazioni delle ricercatrici Manuela Pierobon (Canapa: quale variet\u00e0 per le terre marginali), Elisa Scalabrin (Canapa: una risorsa per la nutraceutica) e Alessandra Zuin (Costruire con lo scarto \u2013 quando l\u2019edilizia \u00e8 davvero \u00abbio\u00bb) e le testimonianze di Matteo Gracis di Canapa Industriale (La canapa in Italia), Marco Dalla Rosa di Canapalpino (La canapa in provincia di Belluno) e Flavio Kaisermann di Fondazione E. Mach (La canapa in provincia di Trento).<\/p>\n<blockquote>\n<p align=\"JUSTIFY\">\n<\/blockquote>\n<h2 align=\"JUSTIFY\"><\/h2>\n<h2 align=\"JUSTIFY\"><\/h2>\n<blockquote>\n<h2 align=\"JUSTIFY\"><\/h2>\n<\/blockquote>\n<h2 align=\"JUSTIFY\">LA MONTAGNA CHE R-ESISTE<\/h2>\n<blockquote><p><em>L&#8217;Associazione Bellunesi nel Mondo, in collaborazione con Isbrec (Istituto Storico Bellunese della Resistenza e dell&#8217;Et\u00e0 Contemporanea), Liceo \u201cDal Piaz\u201d di Feltre e Comuni di Pedavena, Belluno e Agordo, organizza il convegno \u201cLa Montagna che r-Esiste\u201d\u00a0 per parlare delle difficolt\u00e0 di vivere in montagna.\u00a0<\/em><\/p><\/blockquote>\n<p><b>Tre appuntamenti: 11 aprile a Pedavena (sala Guarnieri), 12 aprile a Belluno (Istituto Catullo) e 15 aprile ad Agordo (sala don Tamis).<\/b><\/p>\n<p align=\"JUSTIFY\">Diego Cason traccer\u00e0 il quadro socio demografico del bellunese, l&#8217;Associazione Bellunesi nel Mondo interverr\u00e0 su &#8220;I dati aire 2018 sulla popolazione bellunese&#8221;. Di Simone Tormen &#8220;Una ricerca sul modello delle malghe in montagna&#8221;. Sono previste due testimonianze &#8220;Prospettive future: investire sul lavoro in montagna o emigrare?&#8221;, infine presentazione del progetto visioni fuori luogo a cura del laboratorio cinematografico del liceo Dal Piaz di Feltre. Ingresso libero,\u00a0 l\u2019iniziativa rientra nel progetto Visioni Fuori-Luogo realizzato nell\u2019ambito del Piano Nazionale Cinema per la scuola, promosso da Miur e Mibac.<\/p>\n<blockquote>\n<p align=\"JUSTIFY\">\n<\/blockquote>\n<p align=\"JUSTIFY\"><span style=\"font-size: medium;\">\u00a0<\/span><\/p>\n<h2 align=\"JUSTIFY\"><span style=\"font-size: medium;\">DONATORI MIDOLLO OSSEO ALL&#8217;ASSEMBLEA ANNUALE<\/span><\/h2>\n<p><strong>BELLUNO\u00a0 <\/strong>Sabato alle 15.30 \u00a0presso la sala riunioni dell&#8217;ospedale S. Martino di Belluno, si svolger\u00e0 l&#8217;assemblea ordinaria annuale dell&#8217;Associazione dei Donatori di Midollo Osseo, ADMO Belluno.Il presidente Benvenuto Pol esporr\u00e0 la relazione morale, la relazione finanziaria e sar\u00e0 discusso e approvato il bilancio consuntivo 2018 e il bilancio preventivo 2019. I nuovi donatori effettivi racconteranno brevemente la loro esperienza e ai quali sar\u00e0 consegnata una targa ricordo.\u00a0 Saranno esposti i risultati della campagna &#8220;Una colomba per la vita&#8221;. Verr\u00e0 descritta l&#8217;attivit\u00e0 svolta e quella ancora da intraprendere, i punti di forza e le problematiche da affrontare e risolvere.<\/p>\n<p>&nbsp;<\/p>\n<p>&nbsp;<\/p>\n<p>&nbsp;<\/p>\n<p>&nbsp;<\/p>\n<h2>AI GIOVEDI DELLA SALUTE INCONTRO SUL GIOCO D&#8217;AZZARDO<\/h2>\n<p><strong><a class=\"dt-pswp-item\" href=\"http:\/\/www.radiopiu.net\/wordpress\/wp-content\/uploads\/2018\/04\/AZZARDOD.jpg\" data-dt-img-description=\"\" data-large_image_width=\"558\" data-large_image_height=\"480\"><img loading=\"lazy\" decoding=\"async\" class=\" wp-image-46268 alignleft\" src=\"http:\/\/www.radiopiu.net\/wordpress\/wp-content\/uploads\/2018\/04\/AZZARDOD-300x258.jpg\" alt=\"\" width=\"192\" height=\"165\" srcset=\"https:\/\/www.radiopiu.net\/wordpress\/wp-content\/uploads\/2018\/04\/AZZARDOD-300x258.jpg 300w, https:\/\/www.radiopiu.net\/wordpress\/wp-content\/uploads\/2018\/04\/AZZARDOD.jpg 558w\" sizes=\"auto, (max-width: 192px) 100vw, 192px\" \/><\/a>BELLUNO<\/strong> Domani\u00a0 alle 18 nella sala riunioni dell\u2019ospedale San Martino di Belluno, il Direttore del Dipartimento per le dipendenze, Alfio De Sandre, e lo psicologo del SerD di Feltre, Luigi Turco, parleranno di gioco d\u2019azzardo. Titolo dell\u2019 incontro: Gioco d\u2019azzardo. \u00c8 ancora possibile chiamarlo gioco? L\u2019infelicit\u00e0 di vincere facile. Nel bellunese il gioco d\u2019azzardo \u00e8 molto diffuso. Le persone seguite dal servizio dipendenze dell\u2019Ulss 1 Dolomiti con una diagnosi di dipendenza da gioco sono 69. Nei distretti di Belluno e di Feltre, \u00e8 presente anche un gruppo AMA di supporto oltre agli altri servizi erogati dal SerD. Il Dipartimento per le Dipendenze, inoltre, in collaborazione con gli enti e i Comuni della Provincia di Belluno, sta portando avanti un\u2019 attivit\u00e0 di prevenzione e contrasto delle dipendenze da gioco d\u2019azzardo sul territorio per interventi tesi a definire orari di utilizzo dei punti gioco e loro dislocazione sul territorio (nello specifico le distanze dai luoghi sensibili) che rappresentano tangibili segni di cambiamento culturale. Il territorio, negli ultimi anni, \u00e8 stato gravemente colpito da queste problematiche. Dal 2012, infatti, gli utenti in carico ai servizi delle Dipendenze sono passati da 7 a 69 casi nel 2017 con una distribuzione pressoch\u00e9 simile, nel rapporto con la popolazione residente, nei distretti di Belluno e di Feltre. Il volume totale delle giocate ammonta per il 2017 in 260.322.000 euro con una media pro capite di 1258 euro all\u2019anno. Nessun comune della nostra Provincia \u00e8 immune da questo fenomeno e la giocata media pro capite, seppur di poco, supera quella veneta e nazionale. L\u2019et\u00e0 media di 58,8 anni per le donne e di 51,1 per gli uomini, fa comprendere come questa problematica si inserisca in un percorso di vita avviato e nel pieno del suo sviluppo, relazionale, famigliare e lavorativo. Questi problemi infatti colpiscono non solo il singolo ma tutta la societ\u00e0 e in primo luogo il sistema familiare.<\/p>\n<p>&nbsp;<\/p>\n<p>&nbsp;<\/p>\n<p>&nbsp;<\/p>\n<p>&nbsp;<\/p>\n<p>&nbsp;<\/p>\n<h2>IL PICCOLO PRINCIPE NEL MONDO LADINO EL PRINZIPIN<\/h2>\n<p><a class=\"dt-pswp-item\" href=\"http:\/\/www.radiopiu.net\/wordpress\/wp-content\/uploads\/2019\/04\/El-Prinzipin.jpg\" data-dt-img-description=\"\" data-large_image_width=\"3179\" data-large_image_height=\"4575\"><img loading=\"lazy\" decoding=\"async\" class=\"wp-image-82137 alignleft\" src=\"http:\/\/www.radiopiu.net\/wordpress\/wp-content\/uploads\/2019\/04\/El-Prinzipin-208x300.jpg\" alt=\"\" width=\"112\" height=\"162\" srcset=\"https:\/\/www.radiopiu.net\/wordpress\/wp-content\/uploads\/2019\/04\/El-Prinzipin-208x300.jpg 208w, https:\/\/www.radiopiu.net\/wordpress\/wp-content\/uploads\/2019\/04\/El-Prinzipin-768x1105.jpg 768w, https:\/\/www.radiopiu.net\/wordpress\/wp-content\/uploads\/2019\/04\/El-Prinzipin-712x1024.jpg 712w\" sizes=\"auto, (max-width: 112px) 100vw, 112px\" \/><\/a><strong>BORCA DI CADORE<\/strong> L&#8217;Istituto Ladin de la Dolomites \u00e8 lieto d&#8217;informare che la Tipografia Ghedina di Cortina ha dato alle stampe, per ora in edizione limitatissima, \u201cEl Prinzipin\u201d, traduzione in ampezzano de \u201cIl Piccolo Principe\u201d curata da Ernesto Majoni e impaginata da Aldo Calabria. Il volume, 67 pagine in formato A4 con disegni in bianco e nero, \u00e8 disponibile, previa prenotazione delle copie, direttamente presso l&#8217;Istituto, all&#8217;indirizzo e-mail info@istitutoladino.it All&#8217;eventuale raggiungimento di un numero sufficiente di copie, si provveder\u00e0 alla ristampa, a un costo da definire<\/p>\n<p>&nbsp;<\/p>\n<p>&nbsp;<\/p>\n<p>&nbsp;<\/p>\n<p>&nbsp;<\/p>\n<h3>A 25 ANNI DALLA COSTITUZIONE ONDABLU FESTEGGIA CON LA CARTA ETICA DELLO SPORT VENETO<\/h3>\n<p>Ondablu, la Societ\u00e0 Cooperativa Sportiva Dilettantistica, che gestisce le piscine di Agordo, Pedavena e Santa Giustina ha fatto richiesta di adesione alla Carta etica dello sport veneto approvata dal Consiglio regionale del Veneto \u201criconosce lo sport e l\u2019attivit\u00e0 motoria come gioco, divertimento e agonismo capaci di migliorare il benessere psicofisico, di sviluppare integrazione e relazione sociale e come componente fondamentale del processo di formazione e crescita della persona.\u201d Questi valori sono stati gli elementi fondativi della societ\u00e0 Ondablu; da 25 anni (8 febbraio 1994), essa opera infatti nel mondo dello sport e del tempo libero, con attivit\u00e0 ludiche, sportivo-dilettantistiche, comprese l&#8217;attivit\u00e0 didattica e culturale offerte come servizio ad una base sociale quanto pi\u00f9 ampia possibile. Il presidente Angelo Paganin, ritenendo quindi che la societ\u00e0 avesse i requisiti per aderire alla Carta etica, ha presentato la proposta di adesione, \u00a0ora la\u00a0risposta positiva\u00a0della Regione. Ci\u00f2 permetter\u00e0 di avviare una serie di incontri con i propri tecnici ed operatori, gli atleti e i loro genitori per illustrare e promuovere la Carta e i principi in essa contenuti. Infatti, aderire alla Carta etica dello sport significa impegnare non solo la societ\u00e0 ad avvalersi di educatori, allenatori, dirigenti, personale e tecnici adeguatamente preparati dal punto di vista professionale, tecnico, educativo, formativo e moral, ma coinvolge la stessa sfera dirigenziale, i tecnici vari, il personale ed i collaboratori ad adottarla nell\u2019esercizio delle loro funzioni.<\/p>\n<p>&nbsp;<\/p>\n<p>&nbsp;<\/p>\n<p>&nbsp;<\/p>\n<p>&nbsp;<\/p>\n<blockquote><p>&nbsp;<\/p><\/blockquote>\n<h2>DEDICAZIONE DELLA CHIESA DELL\u2019ADDOLORATA A TAIBON di RENATO BONA<\/h2>\n<p><a class=\"dt-pswp-item\" href=\"http:\/\/www.radiopiu.net\/wordpress\/wp-content\/uploads\/2019\/04\/56470371_2100334740265404_3147185510036799488_n.jpg\" data-dt-img-description=\"\" data-large_image_width=\"640\" data-large_image_height=\"360\"><img loading=\"lazy\" decoding=\"async\" class=\"size-medium wp-image-82149 alignleft\" src=\"http:\/\/www.radiopiu.net\/wordpress\/wp-content\/uploads\/2019\/04\/56470371_2100334740265404_3147185510036799488_n-300x169.jpg\" alt=\"\" width=\"300\" height=\"169\" srcset=\"https:\/\/www.radiopiu.net\/wordpress\/wp-content\/uploads\/2019\/04\/56470371_2100334740265404_3147185510036799488_n-300x169.jpg 300w, https:\/\/www.radiopiu.net\/wordpress\/wp-content\/uploads\/2019\/04\/56470371_2100334740265404_3147185510036799488_n.jpg 640w\" sizes=\"auto, (max-width: 300px) 100vw, 300px\" \/><\/a>Il libro \u201cStoria breve dell\u2019Agordino\u201d stampato nel marzo del 1989 dalla \u201cPiave\u201d di Belluno, don Ferdinando Tamis, nel capitolo intitolato \u201cLenta evoluzione\u201d scrive a proposito di Taibon che \u201cLe due chiese di San Lucano e di San Cipriano vanno comprese fra le cappelle del sotto Chiusa di cui fa cenno la Bolla del pontefice Lucio III nel 1185\u201d. Ricordato che la chiesa di San Cipriano ebbe sacerdote nel 1676 e fu parrocchia il 22 settembre 1876, l\u2019insigne storico agordino aggiunge: \u201cLa nuova chiesa dedicata alla Beata Vergine Addolorata fu consacrata l\u201911 aprile 1946\u201d. In proposito osserviamo che la data non coincide con quella riportata da \u201cDomenica\u201d, il settimanale della Diocesi di Belluno-Feltre diretto dal vescovo emerito mons. Giuseppe Andrich, che nell\u2019ultimo numero annuncia per venerd\u00ec 12 aprile, giorno di S. Zeno, la \u201cdedicazione della chiesa di Taibon\u201d. La ricerca su Internet di informazioni su questo edificio sacro non \u00e8 stata prodiga di risultati ed il sito infodolomiti.it se la cava scrivendo: \u201cIn piazza Papa Giovanni Paolo I si trova la moderna Chiesa della Beata Vergine Addolorata, parrocchiale di Taibon e consacrata nel 1946\u201d. Aggiungendo: \u201cPoco distante da <a class=\"dt-pswp-item\" href=\"http:\/\/www.radiopiu.net\/wordpress\/wp-content\/uploads\/2019\/04\/56466261_595869267555414_1508702112777764864_n.jpg\" data-dt-img-description=\"\" data-large_image_width=\"640\" data-large_image_height=\"427\"><img loading=\"lazy\" decoding=\"async\" class=\"size-medium wp-image-82148 alignright\" src=\"http:\/\/www.radiopiu.net\/wordpress\/wp-content\/uploads\/2019\/04\/56466261_595869267555414_1508702112777764864_n-300x200.jpg\" alt=\"\" width=\"300\" height=\"200\" srcset=\"https:\/\/www.radiopiu.net\/wordpress\/wp-content\/uploads\/2019\/04\/56466261_595869267555414_1508702112777764864_n-300x200.jpg 300w, https:\/\/www.radiopiu.net\/wordpress\/wp-content\/uploads\/2019\/04\/56466261_595869267555414_1508702112777764864_n.jpg 640w\" sizes=\"auto, (max-width: 300px) 100vw, 300px\" \/><\/a>Taibon, in localit\u00e0 Listolade, si trovano la chiesa del Redentore e la Chiesa della Madonna di Caravaggio a Val; interessante anche la Chiesa dei Santi Cornelio e Cipriano, situata poco distante dal centro di Taibon in Piazza Cipriano\u201d. Wikipedia a sua volta evidenzia che \u201cA Taibon sono presenti cinque chiese: le due pi\u00f9 antiche, risalenti al medioevo, sono quelle dedicate a San Lucano e a San Cipriano; la prima sorge sul luogo dove si racconta sia morto il Santo che nella valle aveva vissuto da eremita, mentre la seconda chiesa fu costruita sulla strada che da Agordo conduce a Cencenighe, la attuale Via Paris Bordone; quest&#8217;ultima conserva notevoli opere artistiche, fra le quali una &#8220;sacra conversazione&#8221; e un'&#8221;Ultima cena&#8221; dipinti entrambi da Paris Bordone, allievo di Tiziano Vecellio. A Listolade esiste una chiesetta dedicata al Redentore risalente al XVII secolo, mentre nella borgata di Val il luogo di culto \u00e8 dedicato alla Madonna di Caravaggio. La chiesa parrocchiale fu consacrata nel 1946. Fino al 1966 sul &#8220;C\u00f2l de la M\u00f2la&#8221; si ergeva un&#8217;altra chiesetta dedicata a San Rocco, ma venne abbattuta in seguito all&#8217;alluvione: \u00e8 oggi ricordata dalla presenza di una piccola cappella che ne riprende le forme. Nel villaggio di Pr\u00e0 esisteva un&#8217;altra cappella anche se non ancora consacrata, rimasta sepolta dalla frana del 1908. In tutto il territorio di Taibon sono inoltre presenti innumerevoli capitelli (atri\u00f3i), crocifissi ed antichi affreschi sacri sulle abitazioni storiche\u201d. Concludiamo questa carrellata con il sito listolade.it che a sua volta precisa: \u201cLa chiesa parrocchiale di Taibon \u00e8 dedicata alla Beata Vergine dell\u2019Addolorata, venne consacrata nel 1946, ha uno stile certamente moderno-semplice, venne presa a modello dalla lontana Comunit\u00e0 Agordina e dai costruttori della chiesa di Kosseir in Egitto\u2026\u201d. <a class=\"dt-pswp-item\" href=\"http:\/\/www.radiopiu.net\/wordpress\/wp-content\/uploads\/2019\/04\/57104248_320203528684068_7841939911115538432_n.jpg\" data-dt-img-description=\"\" data-large_image_width=\"300\" data-large_image_height=\"168\"><img loading=\"lazy\" decoding=\"async\" class=\"size-medium wp-image-82147 alignleft\" src=\"http:\/\/www.radiopiu.net\/wordpress\/wp-content\/uploads\/2019\/04\/57104248_320203528684068_7841939911115538432_n-300x168.jpg\" alt=\"\" width=\"300\" height=\"168\" \/><\/a>Un\u2019annotazione tutta particolare \u00e8 quella che Gianni Santomaso ha pubblicato il 28 settembre del 2016 su Il Corriere delle Alpi di Belluno riferendo dell\u2019 \u201cabbraccio caldo carico di affetto, stima e riconoscenza per il pastore buono che ha fatto il bene. \u00c8 quello che ieri sera ha stretto don Mario Zanon, parroco di Taibon, nel giorno del suo 80. compleanno. La sala consigliare del municipio, dove l&#8217;amministrazione guidata dal sindaco Silvia Tormen, ha insignito il sacerdote della cittadinanza benemerita, era infatti gremita di cuori e menti che hanno espresso a don Mario la gratitudine per quello che ha fatto nei 24 anni a Taibon sia come prete che come uomo. Quasi un quarto di secolo in cui &#8211; cos\u00ec recita la motivazione impressa sulla targa &#8211; si \u00e8 preso cura \u2018indistintamente di ciascuno di noi, garantendo sempre la sua preziosa e insostituibile partecipazione ad ogni occasione che scandisce la vita del nostro paese, con il quale ha saputo instaurare un legame intimo di natura familiare\u2019\u201d. NELLE FOTO (Agordino Dolomiti e Corriere delle Alpi): la chiesa di Taibon Agordino; una bella panoramica invernale del paese; concelebrazione per lo \u201cstorico\u201d parroco, don Mario Zanon.<\/p>\n<p>&nbsp;<\/p>\n<p>&nbsp;<\/p>\n<blockquote class=\"wp-embedded-content\" data-secret=\"TsKkYNaOhB\"><p><a href=\"https:\/\/www.radiopiu.net\/wordpress\/yuri-e-laura-al-mese-del-libro-per-lambiente\/\">YURI E LAURA AL MESE DEL LIBRO PER L&#8217;AMBIENTE<\/a><\/p><\/blockquote>\n<p><iframe loading=\"lazy\" class=\"wp-embedded-content\" sandbox=\"allow-scripts\" security=\"restricted\" style=\"position: absolute; clip: rect(1px, 1px, 1px, 1px);\" src=\"https:\/\/www.radiopiu.net\/wordpress\/yuri-e-laura-al-mese-del-libro-per-lambiente\/embed\/#?secret=TsKkYNaOhB\" data-secret=\"TsKkYNaOhB\" width=\"600\" height=\"338\" title=\"&#8220;YURI E LAURA AL MESE DEL LIBRO PER L&#8217;AMBIENTE&#8221; &#8212; Radio Pi\u00f9\" frameborder=\"0\" marginwidth=\"0\" marginheight=\"0\" scrolling=\"no\"><\/iframe><\/p>\n<p>&nbsp;<\/p>\n<blockquote class=\"wp-embedded-content\" data-secret=\"UM2QkVuNW3\"><p><a href=\"https:\/\/www.radiopiu.net\/wordpress\/impresa-eccezionale-moreno-e-gianluigi-ce-lhanno-fatta\/\">IMPRESA ECCEZIONALE MORENO E GIANLUIGI CE L&#8217;HANNO FATTA<\/a><\/p><\/blockquote>\n<p><iframe loading=\"lazy\" class=\"wp-embedded-content\" sandbox=\"allow-scripts\" security=\"restricted\" style=\"position: absolute; clip: rect(1px, 1px, 1px, 1px);\" src=\"https:\/\/www.radiopiu.net\/wordpress\/impresa-eccezionale-moreno-e-gianluigi-ce-lhanno-fatta\/embed\/#?secret=UM2QkVuNW3\" data-secret=\"UM2QkVuNW3\" width=\"600\" height=\"338\" title=\"&#8220;IMPRESA ECCEZIONALE MORENO E GIANLUIGI CE L&#8217;HANNO FATTA&#8221; &#8212; Radio Pi\u00f9\" frameborder=\"0\" marginwidth=\"0\" marginheight=\"0\" scrolling=\"no\"><\/iframe><\/p>\n<p>&nbsp;<\/p>\n<p>&nbsp;<\/p>\n<blockquote class=\"wp-embedded-content\" data-secret=\"Wga0r7tWi5\"><p><a href=\"http:\/\/www.radiopiu.net\/wordpress\/dopo-belgio-e-germania-litalia-ha-il-cuneo-fiscale-piu-alto-tra-i-paesi-ocse\/\">DOPO BELGIO E GERMANIA, L\u2019ITALIA HA IL CUNEO FISCALE PIU\u2019 ALTO TRA I PAESI OCSE<\/a><\/p><\/blockquote>\n<p><iframe loading=\"lazy\" class=\"wp-embedded-content\" sandbox=\"allow-scripts\" security=\"restricted\" style=\"position: absolute; clip: rect(1px, 1px, 1px, 1px);\" src=\"http:\/\/www.radiopiu.net\/wordpress\/dopo-belgio-e-germania-litalia-ha-il-cuneo-fiscale-piu-alto-tra-i-paesi-ocse\/embed\/#?secret=Wga0r7tWi5\" data-secret=\"Wga0r7tWi5\" width=\"600\" height=\"338\" title=\"&#8220;DOPO BELGIO E GERMANIA, L\u2019ITALIA HA IL CUNEO FISCALE PIU\u2019 ALTO TRA I PAESI OCSE&#8221; &#8212; Radio Pi\u00f9\" frameborder=\"0\" marginwidth=\"0\" marginheight=\"0\" scrolling=\"no\"><\/iframe><\/p>\n<p>&nbsp;<\/p>\n<p>&nbsp;<\/p>\n<blockquote class=\"wp-embedded-content\" data-secret=\"heFwOL0xJp\"><p><a href=\"https:\/\/www.radiopiu.net\/wordpress\/parliamo-di-parolacce-senza-dire-parolacce-il-libro\/\">PARLIAMO DI PAROLACCE SENZA DIRE PAROLACCE, il libro.<\/a><\/p><\/blockquote>\n<p><iframe loading=\"lazy\" class=\"wp-embedded-content\" sandbox=\"allow-scripts\" security=\"restricted\" style=\"position: absolute; clip: rect(1px, 1px, 1px, 1px);\" src=\"https:\/\/www.radiopiu.net\/wordpress\/parliamo-di-parolacce-senza-dire-parolacce-il-libro\/embed\/#?secret=heFwOL0xJp\" data-secret=\"heFwOL0xJp\" width=\"600\" height=\"338\" title=\"&#8220;PARLIAMO DI PAROLACCE SENZA DIRE PAROLACCE, il libro.&#8221; &#8212; Radio Pi\u00f9\" frameborder=\"0\" marginwidth=\"0\" marginheight=\"0\" scrolling=\"no\"><\/iframe><\/p>\n<p>&nbsp;<\/p>\n<p>&nbsp;<\/p>\n<p>&nbsp;<\/p>\n<blockquote class=\"wp-embedded-content\" data-secret=\"JiZNN1Cpq3\"><p><a href=\"https:\/\/www.radiopiu.net\/wordpress\/yuri-e-laura-al-mese-del-libro-per-lambiente\/\">YURI E LAURA AL MESE DEL LIBRO PER L&#8217;AMBIENTE<\/a><\/p><\/blockquote>\n<p><iframe loading=\"lazy\" class=\"wp-embedded-content\" sandbox=\"allow-scripts\" security=\"restricted\" style=\"position: absolute; clip: rect(1px, 1px, 1px, 1px);\" src=\"https:\/\/www.radiopiu.net\/wordpress\/yuri-e-laura-al-mese-del-libro-per-lambiente\/embed\/#?secret=JiZNN1Cpq3\" data-secret=\"JiZNN1Cpq3\" width=\"600\" height=\"338\" title=\"&#8220;YURI E LAURA AL MESE DEL LIBRO PER L&#8217;AMBIENTE&#8221; &#8212; Radio Pi\u00f9\" frameborder=\"0\" marginwidth=\"0\" marginheight=\"0\" scrolling=\"no\"><\/iframe><\/p>\n<p>&nbsp;<\/p>\n<blockquote class=\"wp-embedded-content\" data-secret=\"yMW1PIgt1C\"><p><a href=\"https:\/\/www.radiopiu.net\/wordpress\/impresa-eccezionale-moreno-e-gianluigi-ce-lhanno-fatta\/\">IMPRESA ECCEZIONALE MORENO E GIANLUIGI CE L&#8217;HANNO FATTA<\/a><\/p><\/blockquote>\n<p><iframe loading=\"lazy\" class=\"wp-embedded-content\" sandbox=\"allow-scripts\" security=\"restricted\" style=\"position: absolute; clip: rect(1px, 1px, 1px, 1px);\" src=\"https:\/\/www.radiopiu.net\/wordpress\/impresa-eccezionale-moreno-e-gianluigi-ce-lhanno-fatta\/embed\/#?secret=yMW1PIgt1C\" data-secret=\"yMW1PIgt1C\" width=\"600\" height=\"338\" title=\"&#8220;IMPRESA ECCEZIONALE MORENO E GIANLUIGI CE L&#8217;HANNO FATTA&#8221; &#8212; Radio Pi\u00f9\" frameborder=\"0\" marginwidth=\"0\" marginheight=\"0\" scrolling=\"no\"><\/iframe><\/p>\n<p>&nbsp;<\/p>\n<p>&nbsp;<\/p>\n<h2><a class=\"dt-pswp-item\" href=\"http:\/\/www.radiopiu.net\/wordpress\/wp-content\/uploads\/2018\/09\/appuntamenti.jpeg\" data-dt-img-description=\"\" data-large_image_width=\"800\" data-large_image_height=\"100\"><img loading=\"lazy\" decoding=\"async\" class=\"alignnone wp-image-61958 size-full\" src=\"http:\/\/www.radiopiu.net\/wordpress\/wp-content\/uploads\/2018\/09\/appuntamenti.jpeg\" alt=\"\" width=\"800\" height=\"100\" srcset=\"https:\/\/www.radiopiu.net\/wordpress\/wp-content\/uploads\/2018\/09\/appuntamenti.jpeg 800w, https:\/\/www.radiopiu.net\/wordpress\/wp-content\/uploads\/2018\/09\/appuntamenti-300x38.jpeg 300w, https:\/\/www.radiopiu.net\/wordpress\/wp-content\/uploads\/2018\/09\/appuntamenti-768x96.jpeg 768w\" sizes=\"auto, (max-width: 800px) 100vw, 800px\" \/><\/a><\/h2>\n<h1>SIMONI E I GRANDI DEL CALCIO A FALCADE<\/h1>\n<blockquote>\n<h5><em><strong>GIGI SIMONI<\/strong> EX CALCIATORE E ALLENATORE INTER FINE ANNI \u201990 ANCHE CON IL &#8220;FENOMENO&#8221; RONALDO <strong>LUCA TRONCHETTI<\/strong> AUTORE, GIORNALISTA DEL TIRRENO <strong>LUCA CARMIGNANI<\/strong> AUTORE.\u00a0<\/em><\/h5>\n<h1><span style=\"color: #ff0000;\">PRESENTAZIONE DEL LIBRO ALLE 19.30<\/span><\/h1>\n<\/blockquote>\n<h3><span style=\"color: #0000ff;\">Oggi alle 15.10 e 21.10 l&#8217;intervista all&#8217;autore Luca Carmignani, di Mirko Mezzacasa<\/span><\/h3>\n<h2><a class=\"dt-pswp-item\" href=\"http:\/\/www.radiopiu.net\/wordpress\/wp-content\/uploads\/2019\/03\/53794372_2301282659930909_534976573724426240_n.jpg\" data-dt-img-description=\"\" data-large_image_width=\"686\" data-large_image_height=\"960\"><img loading=\"lazy\" decoding=\"async\" class=\"wp-image-78829 alignleft\" src=\"http:\/\/www.radiopiu.net\/wordpress\/wp-content\/uploads\/2019\/03\/53794372_2301282659930909_534976573724426240_n.jpg\" alt=\"\" width=\"200\" height=\"280\" srcset=\"https:\/\/www.radiopiu.net\/wordpress\/wp-content\/uploads\/2019\/03\/53794372_2301282659930909_534976573724426240_n.jpg 686w, https:\/\/www.radiopiu.net\/wordpress\/wp-content\/uploads\/2019\/03\/53794372_2301282659930909_534976573724426240_n-214x300.jpg 214w\" sizes=\"auto, (max-width: 200px) 100vw, 200px\" \/><\/a><\/h2>\n<h2><\/h2>\n<p><strong>FALCADE<\/strong> Sar\u00e0 Gigi Simoni l&#8217;ospite alla cena sociale dell&#8217;InterClub Giacinto Facchetti sabato allo Sport Hotel Cristal di Falcade. Presenter\u00e0 la sua biografia dal titolo &#8220;Simoni si nasce. Tre vite per il calcio&#8221;, raccontata da Luca Camignani, Luca Tronchetti e Rudi Ghedini.\u00a0<em> La cena, dalle 20.30 \u00e8 aperta a soci, familiari, amici, simpatizzanti, prenotazioni entro l&#8217;11aprile.\u00a0 <\/em>L&#8217;Interclub ha comunicato che a Falcade saranno presenti con Gigi Simoni altri quattro calciatori che hanno scritto importanti pagine di storia del calcio italiano: <strong>Gianfranco Zigoni<\/strong> 265 presenze in seria A con la maglia della Juventus, Roma e Verona. <strong>Dino Galparoli<\/strong>: 250 presenze in seria A, per 10 stagioni all\u2019Udinese. <strong>Fabio Rossitto<\/strong>: 230 presenze in serie\u00a0 A con la\u00a0 Fiorentina, Napoli e Udinese. <strong>Angelo Trevisan<\/strong>: 200 presenze in serie B con Genoa, Campobasso, Empoli .<\/p>\n<p>&nbsp;<\/p>\n<p>&nbsp;<\/p>\n<p><strong>FELTRE<\/strong> Nell\u2019ambito del ciclo dei Mercoled\u00ec della salute, oggi alle 18 nella sala convegni dell\u2019ospedale di Feltre, si parler\u00e0 degli stili di vita utili a prevenire tumori e cardiopatie con il direttore della cardiologia di Feltre Davide Pastorelli e il\u00a0 cardiologo di Belluno Luigi Tarantini.<\/p>\n<p>&nbsp;<\/p>\n<p><strong>AGORDO <\/strong>Oggi alle 18.45 consiglio comunale. All&#8217;ordine del giorno c&#8217;\u00e8 il bilancio, le convenzioni, i lavori all&#8217;ex deposito dei carri bombolai, la banda ultra larga ed anche l&#8217;azienda speciale Agordo Servizi.<\/p>\n<p>&nbsp;<\/p>\n<p><strong>ALLEGHE<\/strong> Oggi alle 18.30 in Municipio consiglio comunale. All&#8217;ordine del giorno l&#8217;assegnazione contributo, il bilancio di previsione e il piano di valorizzazione del patrimonio immobiliare.<\/p>\n<p>&nbsp;<\/p>\n<p><strong>BELLUNO<\/strong> Oggi al Giovanni 23esimo, domani a Feltre e venerdi 12 aprile a Cortina. Dalle 11 lo spettacolo Mister Jackpot di Tom Corradini, l<span style=\"font-family: Calibri, sans-serif;\"><span style=\"font-size: medium;\">\u2019ultima replica, serale, sar\u00e0 rivolta alla popolazione generale venerd\u00ec 12 aprile alle ore 21.00 presso la sala teatro Giovanni XXIII a Belluno.<\/span><\/span><\/p>\n<p>&nbsp;<\/p>\n<p><strong>FELTRE<\/strong> In occasione della settimana della donna indetta dal network degli ospedali con bollini rosa ONDA, l&#8217;ospedale di Feltre propone una serie di iniziative rivolte alle donne, nelle varie fasi della loro vita. Il primo appuntamento \u00e8 per domani\u00a0 dalle 16 alle 17 in sala convegni con il gastroenterologo Flavio Valiante e la dietista Ester Lovat che parleranno di \u201cDonne e intolleranze alimentari\u201d. L\u2019incontro \u00e8 aperto a un piccolo gruppo per assicurare una scambio attivo con le partecipanti.<\/p>\n<p>&nbsp;<\/p>\n<p><strong>FALCADE<\/strong> Domani alle 20 alla casa della giovent\u00f9 di Caviola incontro promosso dal Comune di Falcade sul nuovo &#8220;piano degli interventi&#8221;.<\/p>\n<p>&nbsp;<\/p>\n<p><strong>AGORDO<\/strong> Domani\u00a0 alle 21 all&#8217;Auditorium Vincenzo Savio incontro rivolto a ragazzi ed adulti promosso da Istituto Comprensivo di Agordo, Istituto Superiore &#8220;Follador&#8221; e Parrocchia di Agordo. Interverr\u00e0 Don Giovanni Fasoli, psicologo clinico e dell&#8217;educazione, docente di psicologia e pedagogia della realt\u00e0 virtuale all&#8217;Universit\u00e0 di Venezia. Interverr\u00e0 su &#8220;Giochi on line e relazioni in gioco&#8221;<\/p>\n<p>&nbsp;<\/p>\n<p><strong>BELLUNO<\/strong> Venerdi 12 aprile alle 15 a\u00a0 Palazzo Piloni in sala affreschi la Provincia propone un incontro sulla canapicoltura, fare innovazione con la tradizione, un&#8217;opportunit\u00e0 di sviluppo per il bellunese. Interventi di Gabriella Buffa, Manuela Pierobon, Elisa Scalabrin, Alessandra Zuin. Testimonianze di Matteo Gracis, Marco Della Rosa e Flavio Kaiserman<\/p>\n<p>&nbsp;<\/p>\n<p>&nbsp;<\/p>\n<p><strong>BELLUNO<\/strong> Sabato\u00a0 alle 15\u00a0 nella saletta del Centro Culturale Piero Rossi\u00a0 di Piazza Piloni si terr\u00e0\u00a0 l\u2019assemblea ordinaria dei soci dell\u2019Unione Italiana dei Ciechi e degli Ipovedenti ONLUS APS di Belluno. All&#8217;ordine del giorno\u00a0 la relazione morale e il bilancio consuntivo 2018.<\/p>\n<p>&nbsp;<\/p>\n<p>&nbsp;<\/p>\n<p><strong>FELTRE <\/strong>Sabato due appuntamenti con la make-up artist Serena Zatta per una prova pratica nell&#8217;atrio dell&#8217;ospedale in due turni: uno alle 14.30 dedicato a mamme e figlie adolescenti, come momento da vivere insieme, e uno alle 17.00 per le donne in menopausa. Il titolo \u00e8 &#8220;Ricomincio da me. Riscoprirsi belle per tornare a piacersi&#8221;. Alle partecipanti sar\u00e0 insegnato a prendersi cura di s\u00e9 anche con piccoli trucchi per sentirsi meglio.<\/p>\n<p>&nbsp;<\/p>\n<p>&nbsp;<\/p>\n<p><strong>BELLUNO<\/strong> La Commissione Escursionismo del CAI Belluno organizza per domenica 14 aprile una nuova uscita del Gruppo Straki, la cui meta sar\u00e0 la Via di Schener tra Feltrino e Primiero. Si tratta di una facile e piacevole escursione con dislivello e tempi di percorrenza ridotti, che si snoder\u00e0 nella Gola di Schener tra Zorzoi e Roe, alla riscoperta di quella che, un tempo e fino all&#8217;ottocento, era l&#8217;unica via di comunicazione tra le due vallate. Il programma completo \u00e8 disponibile sul sito sezionale (www.caibelluno.it), le iscrizioni (aperte ai soli soci CAI) si ricevono al Negozio Mazzonetto di Belluno fino alle\u00a0 12 di sabato 13 aprile od online tramite il link sul sito istituzionale.<\/p>\n<p>&nbsp;<\/p>\n<p>&nbsp;<\/p>\n<p>&nbsp;<\/p>\n<h3><a class=\"dt-pswp-item\" href=\"http:\/\/www.radiopiu.net\/wordpress\/wp-content\/uploads\/2019\/03\/spettacoli.jpg\" data-dt-img-description=\"\" data-large_image_width=\"800\" data-large_image_height=\"100\"><img loading=\"lazy\" decoding=\"async\" class=\"wp-image-79254 size-full aligncenter\" src=\"http:\/\/www.radiopiu.net\/wordpress\/wp-content\/uploads\/2019\/03\/spettacoli.jpg\" alt=\"\" width=\"800\" height=\"100\" srcset=\"https:\/\/www.radiopiu.net\/wordpress\/wp-content\/uploads\/2019\/03\/spettacoli.jpg 800w, https:\/\/www.radiopiu.net\/wordpress\/wp-content\/uploads\/2019\/03\/spettacoli-300x38.jpg 300w, https:\/\/www.radiopiu.net\/wordpress\/wp-content\/uploads\/2019\/03\/spettacoli-768x96.jpg 768w\" sizes=\"auto, (max-width: 800px) 100vw, 800px\" \/><\/a><\/h3>\n<h2>LA SAGRA DE PASCA&#8230; ALZA LA VOCE<\/h2>\n<p>DI GIANNI SANTOMASO<\/p>\n<audio class=\"wp-audio-shortcode\" id=\"audio-82135-9\" preload=\"none\" style=\"width: 100%;\" controls=\"controls\"><source type=\"audio\/mpeg\" src=\"http:\/\/www.radiopiu.net\/wordpress\/wp-content\/uploads\/2019\/04\/GIANNI-PASQUA-OK.mp3?_=9\" \/><a href=\"http:\/\/www.radiopiu.net\/wordpress\/wp-content\/uploads\/2019\/04\/GIANNI-PASQUA-OK.mp3\">http:\/\/www.radiopiu.net\/wordpress\/wp-content\/uploads\/2019\/04\/GIANNI-PASQUA-OK.mp3<\/a><\/audio>\n<p>&nbsp;<\/p>\n<p><strong>TAIBON<\/strong><\/p>\n<blockquote><p><strong><a class=\"dt-pswp-item\" href=\"http:\/\/www.radiopiu.net\/wordpress\/wp-content\/uploads\/2019\/04\/WhatsApp-Image-2019-04-05-at-15.26.16.jpeg\" data-dt-img-description=\"\" data-large_image_width=\"1132\" data-large_image_height=\"1600\"><img loading=\"lazy\" decoding=\"async\" class=\"wp-image-81807 alignleft\" src=\"http:\/\/www.radiopiu.net\/wordpress\/wp-content\/uploads\/2019\/04\/WhatsApp-Image-2019-04-05-at-15.26.16-724x1024.jpeg\" alt=\"\" width=\"164\" height=\"232\" srcset=\"https:\/\/www.radiopiu.net\/wordpress\/wp-content\/uploads\/2019\/04\/WhatsApp-Image-2019-04-05-at-15.26.16-724x1024.jpeg 724w, https:\/\/www.radiopiu.net\/wordpress\/wp-content\/uploads\/2019\/04\/WhatsApp-Image-2019-04-05-at-15.26.16-212x300.jpeg 212w, https:\/\/www.radiopiu.net\/wordpress\/wp-content\/uploads\/2019\/04\/WhatsApp-Image-2019-04-05-at-15.26.16-768x1086.jpeg 768w, https:\/\/www.radiopiu.net\/wordpress\/wp-content\/uploads\/2019\/04\/WhatsApp-Image-2019-04-05-at-15.26.16.jpeg 1132w\" sizes=\"auto, (max-width: 164px) 100vw, 164px\" \/><\/a>PROGRAMMA<\/strong>: 19 cena pro-pompieri, prezzo 10 euro piatto unico. 20.30 Presentazione del torneo agordino di calcio e sorteggio per la preparazione del calendario, saranno svelate le sedi dei quarti, semifinali e finali.\u00a0 Dalle 21.30 riconoscimento ai vigili del fuoco di Belluno-Agordo e al Soccorso Alpino per l&#8217;eroico salvataggio di Michel e Andrea sulle Pale si San Lucano nel giorno del pauroso incendio di fine ottobre. Riconoscimento all&#8217;Air center di Cortina, intervenuta con l&#8217;elicottero<\/p>\n<p>&nbsp;<\/p>\n<p>A seguire premiazione delle ragazze dell&#8217;Alleghe Hockey Girls fresche campionesse d&#8217;Italia della massima serie. Dalle 22 gli artisti bellunesi in concerto.<\/p><\/blockquote>\n<p>&nbsp;<\/p>\n<p>&nbsp;<\/p>\n<p>&nbsp;<\/p>\n<p>&nbsp;<\/p>\n<h2>DAL 15 APRILE NOVITA&#8217; . . .\u00a0 ALLA RADIO PIU&#8217;<\/h2>\n<p><strong><a class=\"dt-pswp-item\" href=\"http:\/\/www.radiopiu.net\/wordpress\/wp-content\/uploads\/2017\/04\/MyRadioPiu_miaidea.png\" data-dt-img-description=\"\" data-large_image_width=\"483\" data-large_image_height=\"374\"><img loading=\"lazy\" decoding=\"async\" class=\"wp-image-30709 alignleft\" src=\"http:\/\/www.radiopiu.net\/wordpress\/wp-content\/uploads\/2017\/04\/MyRadioPiu_miaidea.png\" alt=\"\" width=\"96\" height=\"74\" \/><\/a>TAIBON<\/strong> Da lunedi 15 aprile il palinsesto di RADIOPIU si arricchisce di due nuovi programmi.\u00a0 Tutti i giorni fino all&#8217;11 maggio alle 9 del mattino e alle 20.30 &#8220;I misteri di Alleghe&#8221; un format radiofonico nuovo con l&#8217;attore ROBERTO FAORO. Il lunedi e il venerdi alle 14.00 e 20.30 il ritorno della storica voce femminile degli anni Ottanta PAOLA LANCIATO con un programma dedicato ai viaggi.<\/p>\n<blockquote><p>&nbsp;<\/p>\n<p><strong><a class=\"dt-pswp-item\" href=\"http:\/\/www.radiopiu.net\/wordpress\/wp-content\/uploads\/2019\/04\/WhatsApp-Image-2019-04-05-at-11.30.01.jpeg\" data-dt-img-description=\"\" data-large_image_width=\"725\" data-large_image_height=\"1024\"><img loading=\"lazy\" decoding=\"async\" class=\"wp-image-81695 alignleft\" src=\"http:\/\/www.radiopiu.net\/wordpress\/wp-content\/uploads\/2019\/04\/WhatsApp-Image-2019-04-05-at-11.30.01-725x1024.jpeg\" alt=\"\" width=\"81\" height=\"114\" srcset=\"https:\/\/www.radiopiu.net\/wordpress\/wp-content\/uploads\/2019\/04\/WhatsApp-Image-2019-04-05-at-11.30.01.jpeg 725w, https:\/\/www.radiopiu.net\/wordpress\/wp-content\/uploads\/2019\/04\/WhatsApp-Image-2019-04-05-at-11.30.01-212x300.jpeg 212w\" sizes=\"auto, (max-width: 81px) 100vw, 81px\" \/><\/a>ROBERTO FAORO<\/strong>: &#8220;Ho giocato a carte con l&#8217;assassino&#8221; \u00e8 tra l&#8217;altro uno spettacolo con la regia di Francesco Bortolini, l&#8217;attore Roberto Faoro da un&#8217;idea di Antonio Fiabane. Spettacolo che molti anni fa aveva ottenuto un clamoroso successo ad Agordo, sabato 27 aprile alle 21 e domenica 28 aprile alle 18 sar\u00e0 replicato alla Casa della Gioventu&#8217; di Caviola. Da lunedi radio piu&#8217; trasmette 27 puntate radiofoniche, ogni giorno alle 9 e alle 20.30<\/p><\/blockquote>\n<p>LA SIGLA&#8230;<\/p>\n<audio class=\"wp-audio-shortcode\" id=\"audio-82135-10\" preload=\"none\" style=\"width: 100%;\" controls=\"controls\"><source type=\"audio\/mpeg\" src=\"http:\/\/www.radiopiu.net\/wordpress\/wp-content\/uploads\/2019\/04\/SIGLA-MISTERI-ALLEGHE.mp3?_=10\" \/><a href=\"http:\/\/www.radiopiu.net\/wordpress\/wp-content\/uploads\/2019\/04\/SIGLA-MISTERI-ALLEGHE.mp3\">http:\/\/www.radiopiu.net\/wordpress\/wp-content\/uploads\/2019\/04\/SIGLA-MISTERI-ALLEGHE.mp3<\/a><\/audio>\n<blockquote><p>&nbsp;<\/p>\n<p><strong><a class=\"dt-pswp-item\" href=\"http:\/\/www.radiopiu.net\/wordpress\/wp-content\/uploads\/2019\/04\/55692774_277427973175299_3767213736280981504_n.jpg\" data-dt-img-description=\"\" data-large_image_width=\"960\" data-large_image_height=\"956\"><img loading=\"lazy\" decoding=\"async\" class=\"wp-image-81698 alignleft\" src=\"http:\/\/www.radiopiu.net\/wordpress\/wp-content\/uploads\/2019\/04\/55692774_277427973175299_3767213736280981504_n.jpg\" alt=\"\" width=\"87\" height=\"87\" srcset=\"https:\/\/www.radiopiu.net\/wordpress\/wp-content\/uploads\/2019\/04\/55692774_277427973175299_3767213736280981504_n.jpg 960w, https:\/\/www.radiopiu.net\/wordpress\/wp-content\/uploads\/2019\/04\/55692774_277427973175299_3767213736280981504_n-150x150.jpg 150w, https:\/\/www.radiopiu.net\/wordpress\/wp-content\/uploads\/2019\/04\/55692774_277427973175299_3767213736280981504_n-300x300.jpg 300w, https:\/\/www.radiopiu.net\/wordpress\/wp-content\/uploads\/2019\/04\/55692774_277427973175299_3767213736280981504_n-768x765.jpg 768w\" sizes=\"auto, (max-width: 87px) 100vw, 87px\" \/><\/a><\/strong><\/p>\n<p><strong>PAOLA LANCIATO<\/strong> &#8220;Zaino da viaggio al femminile&#8221; \u00e8 un viaggio tra luoghi incantevoli del nostro Paese&#8221;. Idee spunti e appunti curiosando tra borghi e natura, storia e leggenda in giro per l&#8217;italia.<\/p><\/blockquote>\n<p>LA SIGLA&#8230;<\/p>\n<audio class=\"wp-audio-shortcode\" id=\"audio-82135-11\" preload=\"none\" style=\"width: 100%;\" controls=\"controls\"><source type=\"audio\/mpeg\" src=\"http:\/\/www.radiopiu.net\/wordpress\/wp-content\/uploads\/2019\/04\/SIGLA-PAOLA.mp3?_=11\" \/><a href=\"http:\/\/www.radiopiu.net\/wordpress\/wp-content\/uploads\/2019\/04\/SIGLA-PAOLA.mp3\">http:\/\/www.radiopiu.net\/wordpress\/wp-content\/uploads\/2019\/04\/SIGLA-PAOLA.mp3<\/a><\/audio>\n<p>&nbsp;<\/p>\n<p>&nbsp;<\/p>\n<h2><\/h2>\n<p>&nbsp;<\/p>\n<p><a class=\"dt-pswp-item\" href=\"http:\/\/www.radiopiu.net\/wordpress\/wp-content\/uploads\/2018\/09\/viabilita.jpeg\" data-dt-img-description=\"\" data-large_image_width=\"800\" data-large_image_height=\"100\"><img loading=\"lazy\" decoding=\"async\" class=\"alignnone size-full wp-image-61954\" src=\"http:\/\/www.radiopiu.net\/wordpress\/wp-content\/uploads\/2018\/09\/viabilita.jpeg\" alt=\"\" width=\"800\" height=\"100\" srcset=\"https:\/\/www.radiopiu.net\/wordpress\/wp-content\/uploads\/2018\/09\/viabilita.jpeg 800w, https:\/\/www.radiopiu.net\/wordpress\/wp-content\/uploads\/2018\/09\/viabilita-300x38.jpeg 300w, https:\/\/www.radiopiu.net\/wordpress\/wp-content\/uploads\/2018\/09\/viabilita-768x96.jpeg 768w\" sizes=\"auto, (max-width: 800px) 100vw, 800px\" \/><\/a><\/p>\n<p>&nbsp;<\/p>\n<p><strong>PROVINCIALE 2 VALLE DEL MIS<\/strong> Dal 6 al 12 aprile senso unico alternato con semaforo tra Pian Falcina e Pascoli.<\/p>\n<p><strong>REGIONALE 203 AGORDINA<\/strong> Dall&#8217;8 al 10 aprile, dalle 20 della sera alle 6 del mattino in galleria a Listolade senso unico alternato regolato da semaforo<\/p>\n<p><strong>\u00a0PROVINCIALE 347 DEL DURAN <\/strong>\u00a0Fino al 19 aprile tra CIbiana e Venas divieto di transito ai mezzi di massa superiore a 3,5 tonellate. Inoltre INTERDIZIONE TOTALE DELLA TRANSITABILITA&#8217; STRADALE NEI GIORNI LAVORATIVI (ESCLUSO SABATO E DOMENICA): DALLE 7.45 alle 9.45, dalle 10.15 alle 12.15, dalle 14 alle 15.30, dalle 16 alle 17.30<\/p>\n<p><strong>REGIONALE 203 AGORDINA\u00a0 <\/strong>Fino al 12 APRILE dalle 8 alle 17 senso unico alternato\u00a0 a monte del&#8217;abitato di Caprile<\/p>\n<p>&nbsp;<\/p>\n<p>&nbsp;<\/p>\n<p>&nbsp;<\/p>\n<h2><a class=\"dt-pswp-item\" href=\"http:\/\/www.radiopiu.net\/wordpress\/wp-content\/uploads\/2018\/09\/sport.jpg\" data-dt-img-description=\"\" data-large_image_width=\"800\" data-large_image_height=\"100\"><img loading=\"lazy\" decoding=\"async\" class=\"alignnone size-full wp-image-60761\" src=\"http:\/\/www.radiopiu.net\/wordpress\/wp-content\/uploads\/2018\/09\/sport.jpg\" alt=\"\" width=\"800\" height=\"100\" srcset=\"https:\/\/www.radiopiu.net\/wordpress\/wp-content\/uploads\/2018\/09\/sport.jpg 800w, https:\/\/www.radiopiu.net\/wordpress\/wp-content\/uploads\/2018\/09\/sport-300x38.jpg 300w, https:\/\/www.radiopiu.net\/wordpress\/wp-content\/uploads\/2018\/09\/sport-768x96.jpg 768w\" sizes=\"auto, (max-width: 800px) 100vw, 800px\" \/><\/a><\/h2>\n<h1><\/h1>\n<blockquote class=\"wp-embedded-content\" data-secret=\"HDC5JBhIL5\"><p><a href=\"http:\/\/www.radiopiu.net\/wordpress\/risultati-soddisfacenti-dai-piloti-bellunesi-di-roberto-bona\/\">RISULTATI SODDISFACENTI DAI PILOTI BELLUNESI, DI ROBERTO BONA<\/a><\/p><\/blockquote>\n<p><iframe loading=\"lazy\" class=\"wp-embedded-content\" sandbox=\"allow-scripts\" security=\"restricted\" style=\"position: absolute; clip: rect(1px, 1px, 1px, 1px);\" src=\"http:\/\/www.radiopiu.net\/wordpress\/risultati-soddisfacenti-dai-piloti-bellunesi-di-roberto-bona\/embed\/#?secret=HDC5JBhIL5\" data-secret=\"HDC5JBhIL5\" width=\"600\" height=\"338\" title=\"&#8220;RISULTATI SODDISFACENTI DAI PILOTI BELLUNESI, DI ROBERTO BONA&#8221; &#8212; Radio Pi\u00f9\" frameborder=\"0\" marginwidth=\"0\" marginheight=\"0\" scrolling=\"no\"><\/iframe><\/p>\n<p>&nbsp;<\/p>\n<h1><a class=\"dt-pswp-item\" href=\"http:\/\/www.radiopiu.net\/wordpress\/wp-content\/uploads\/2019\/04\/2da24124-f05a-40f7-a3c5-eb657ef34a35.jpg\" data-dt-img-description=\"\" data-large_image_width=\"1600\" data-large_image_height=\"900\"><img loading=\"lazy\" decoding=\"async\" class=\"wp-image-82178 alignleft\" src=\"http:\/\/www.radiopiu.net\/wordpress\/wp-content\/uploads\/2019\/04\/2da24124-f05a-40f7-a3c5-eb657ef34a35-300x169.jpg\" alt=\"\" width=\"220\" height=\"124\" srcset=\"https:\/\/www.radiopiu.net\/wordpress\/wp-content\/uploads\/2019\/04\/2da24124-f05a-40f7-a3c5-eb657ef34a35-300x169.jpg 300w, https:\/\/www.radiopiu.net\/wordpress\/wp-content\/uploads\/2019\/04\/2da24124-f05a-40f7-a3c5-eb657ef34a35-768x432.jpg 768w, https:\/\/www.radiopiu.net\/wordpress\/wp-content\/uploads\/2019\/04\/2da24124-f05a-40f7-a3c5-eb657ef34a35-1024x576.jpg 1024w, https:\/\/www.radiopiu.net\/wordpress\/wp-content\/uploads\/2019\/04\/2da24124-f05a-40f7-a3c5-eb657ef34a35.jpg 1600w\" sizes=\"auto, (max-width: 220px) 100vw, 220px\" \/><\/a>NAZIONALE FEMMINILE DI HOCKEY SU GHIACCIO, IL PUNTO CON MANUELA FRIZ<\/h1>\n<p><strong>DI MARCO GAZ<\/strong><\/p>\n<audio class=\"wp-audio-shortcode\" id=\"audio-82135-12\" preload=\"none\" style=\"width: 100%;\" controls=\"controls\"><source type=\"audio\/mpeg\" src=\"http:\/\/www.radiopiu.net\/wordpress\/wp-content\/uploads\/2019\/04\/gr-10-sport-manuela-friz-nazionale-hockey.mp3?_=12\" \/><a href=\"http:\/\/www.radiopiu.net\/wordpress\/wp-content\/uploads\/2019\/04\/gr-10-sport-manuela-friz-nazionale-hockey.mp3\">http:\/\/www.radiopiu.net\/wordpress\/wp-content\/uploads\/2019\/04\/gr-10-sport-manuela-friz-nazionale-hockey.mp3<\/a><\/audio>\n<p>&nbsp;<\/p>\n<p>&nbsp;<\/p>\n<p>&nbsp;<\/p>\n<p>&nbsp;<\/p>\n<p><center><b><a class=\"dt-pswp-item\" href=\"http:\/\/www.radiopiu.net\/wordpress\/wp-content\/uploads\/2018\/09\/WhatsApp-Image-2018-09-20-at-16.04.06.jpeg\" data-dt-img-description=\"\" data-large_image_width=\"800\" data-large_image_height=\"100\"><img loading=\"lazy\" decoding=\"async\" class=\"alignnone wp-image-61378 size-full\" src=\"http:\/\/www.radiopiu.net\/wordpress\/wp-content\/uploads\/2018\/09\/WhatsApp-Image-2018-09-20-at-16.04.06.jpeg\" alt=\"\" width=\"800\" height=\"100\" srcset=\"https:\/\/www.radiopiu.net\/wordpress\/wp-content\/uploads\/2018\/09\/WhatsApp-Image-2018-09-20-at-16.04.06.jpeg 800w, https:\/\/www.radiopiu.net\/wordpress\/wp-content\/uploads\/2018\/09\/WhatsApp-Image-2018-09-20-at-16.04.06-300x38.jpeg 300w, https:\/\/www.radiopiu.net\/wordpress\/wp-content\/uploads\/2018\/09\/WhatsApp-Image-2018-09-20-at-16.04.06-768x96.jpeg 768w\" sizes=\"auto, (max-width: 800px) 100vw, 800px\" \/><\/a>Mercoledi 10<\/b><\/center><\/p>\n<p align=\"JUSTIFY\"><span style=\"font-size: medium;\"><b>Tempo atteso: <\/b>Tempo debolmente o moderatamente perturbato nella notte e in parte al mattino, con cielo molto nuvoloso o coperto e fenomeni diffusi; nelle ore centrali possibile parziale attenuazione dei fenomeni, sempre con cielo perlopi\u00f9 molto nuvoloso, prima di una ripresa dei fenomeni stessi verso sera. Clima fresco e uggioso.<br \/>\n<b>Precipitazioni: <\/b>Nella notte e al primo mattino diffuse, perlopi\u00f9 deboli, moderate in caso di rovesci (70\/90%); nelle ore centrali deboli sparse (50\/60%); al pomeriggio e alla sera in nuova ripresa fino a deboli diffuse, localmente a carattere di rovescio (70\/80%), specie su Prealpi. Limite della neve in calo da 1600\/1900 m al mattino a 1500\/1700 m alla sera, specie nelle valli dolomitiche, dove nella notte potrebbe scendere a quote anche leggermente inferiori.<br \/>\n<b>Temperature: <\/b>Minime senza notevoli variazioni, massime in lieve calo. Su Prealpi a 1500 m min 1\u00b0C max 4\u00b0C, a 2000 m min -1\u00b0C max 1\u00b0C. Su Dolomiti a 2000 m min -1\u00b0C max 1\u00b0C, a 3000 m min -6\u00b0C max -5\u00b0C.<br \/>\n<b>Venti: <\/b>Nelle valli perlopi\u00f9 deboli di direzione variabile; in quota deboli\/moderati sud-orientali, a 10-20 km\/h a 2000 m, 15-30 km\/h a 3000 m.<br \/>\n<\/span><\/p>\n<hr \/>\n<p><center><b>Giovedi 11<\/b><\/center><\/p>\n<p align=\"JUSTIFY\"><span style=\"font-size: medium;\"><b>Tempo atteso: <\/b>Tempo debolmente perturbato con cielo molto nuvoloso o coperto, associato a fenomeni a tratti diffusi; tendenza ad attenuazione dei fenomeni verso sera a partire da Nord. Clima pi\u00f9 fresco.<br \/>\n<b>Precipitazioni: <\/b>Fino al primo pomeriggio perlopi\u00f9 deboli diffuse, a tratti moderate (60\/80%) sui settori esposti alle correnti orientali. Al pomeriggio\/sera attenuazione dei fenomeni a partire dalle Dolomiti, mentre potranno risultare pi\u00f9 insistenti sulle Prealpi specie centro-occidentali. Limite della neve tra 1400 e 1700 m in funzione dell&#8217;intensit\u00e0, a quote leggermente inferiori solo in caso di rovesci intensi.<br \/>\n<b>Temperature: <\/b>Nelle valli minime stazionarie e massime in lieve calo; in quota minime in lieve calo registrate alla sera, massime stazionarie. Su Prealpi a 1500 m min 0\u00b0C max 4\u00b0C, a 2000 m min -1\u00b0C max 0\u00b0C. Su Dolomiti a 2000 m min -2\u00b0C max 0\u00b0C, a 3000 m min -7\u00b0C max -5\u00b0C.<br \/>\n<b>Venti: <\/b>Nelle valli perlopi\u00f9 deboli di direzione variabile; in quota deboli\/moderati nord-orientali, a 10-20 km\/h a 2000 m, 10-30 km\/h a 3000 m.<br \/>\n<\/span><\/p>\n<hr \/>\n<p><center><b>Venerdi 12<\/b><\/center><\/p>\n<p align=\"JUSTIFY\"><span style=\"font-size: medium;\">Tempo da variabile, con nuvolosit\u00e0 irregolare spesso estesa, ad instabile per formazione di cumuli a moderato sviluppo, specie sulle Prealpi al pomeriggio, con possibilit\u00e0 di rovesci sparsi, eventualmente nevosi a 1000\/1300 m. Clima pi\u00f9 fresco, eccetto in caso di qualche schiarita pi\u00f9 ampia. Venti nord-orientali in quota.<\/span><\/p>\n<hr \/>\n<p><center><b>Sabato 13<\/b><\/center><\/p>\n<p align=\"JUSTIFY\"><span style=\"font-size: medium;\">Giornata ancora in parte nuvolosa e fresca, con possibili locali rovesci durante le ore centrali e pomeridiane, specie su Prealpi, eventualmente nevosi a 900\/1200 ma con accumuli di poco conto. Clima fresco, anche se con massime in possibile rialzo in funzione delle schiarite. Venti deboli nord-orientali. Previsore: G.M. <\/span><\/p>\n","protected":false},"excerpt":{"rendered":"<p>Un altro sasso finisce in strada, altra tragedia sfiorata a Falcade al bivio per i passi Valles e San Pellegrino lungo la provinciale 346. Da oggi via al monitoraggio interessata la Provincia e il consigliere Massimo Bortoluzzi. Episodio simile a quello di Bries ad Agordo anche se il grosso masso si \u00e8 staccato da un&#8217;altezza&hellip;<\/p>\n","protected":false},"author":1,"featured_media":0,"comment_status":"closed","ping_status":"closed","sticky":false,"template":"","format":"standard","meta":{"_monsterinsights_skip_tracking":false,"_monsterinsights_sitenote_active":false,"_monsterinsights_sitenote_note":"","_monsterinsights_sitenote_category":0,"footnotes":""},"categories":[86],"tags":[],"class_list":["post-82135","post","type-post","status-publish","format-standard","hentry","category-gr","category-86","description-off"],"img_url":false,"_links":{"self":[{"href":"https:\/\/www.radiopiu.net\/wordpress\/wp-json\/wp\/v2\/posts\/82135","targetHints":{"allow":["GET"]}}],"collection":[{"href":"https:\/\/www.radiopiu.net\/wordpress\/wp-json\/wp\/v2\/posts"}],"about":[{"href":"https:\/\/www.radiopiu.net\/wordpress\/wp-json\/wp\/v2\/types\/post"}],"author":[{"embeddable":true,"href":"https:\/\/www.radiopiu.net\/wordpress\/wp-json\/wp\/v2\/users\/1"}],"replies":[{"embeddable":true,"href":"https:\/\/www.radiopiu.net\/wordpress\/wp-json\/wp\/v2\/comments?post=82135"}],"version-history":[{"count":0,"href":"https:\/\/www.radiopiu.net\/wordpress\/wp-json\/wp\/v2\/posts\/82135\/revisions"}],"wp:attachment":[{"href":"https:\/\/www.radiopiu.net\/wordpress\/wp-json\/wp\/v2\/media?parent=82135"}],"wp:term":[{"taxonomy":"category","embeddable":true,"href":"https:\/\/www.radiopiu.net\/wordpress\/wp-json\/wp\/v2\/categories?post=82135"},{"taxonomy":"post_tag","embeddable":true,"href":"https:\/\/www.radiopiu.net\/wordpress\/wp-json\/wp\/v2\/tags?post=82135"}],"curies":[{"name":"wp","href":"https:\/\/api.w.org\/{rel}","templated":true}]}}