{"id":82230,"date":"2019-04-11T06:05:20","date_gmt":"2019-04-11T04:05:20","guid":{"rendered":"http:\/\/www.radiopiu.net\/wordpress\/?p=82230"},"modified":"2019-04-11T17:10:01","modified_gmt":"2019-04-11T15:10:01","slug":"giornale-radiopiu-11-aprile-2019-direttore-mirko-mezzacasa","status":"publish","type":"post","link":"https:\/\/www.radiopiu.net\/wordpress\/giornale-radiopiu-11-aprile-2019-direttore-mirko-mezzacasa\/","title":{"rendered":"GIORNALE RADIOPIU 11 APRILE 2019 DIRETTORE MIRKO MEZZACASA"},"content":{"rendered":"<blockquote><p><span style=\"color: #ff0000;\"><strong>DAL CONSIGLIO COMUNALE DI AGORDO DI IERI SERA<\/strong><\/span><\/p>\n<p><strong><em>Luciana Nervo (prima moglie di Leonardo Del Vecchio) ha donato al Comune di Agordo gli appartamenti del condominio Arcadia (via 5 maggio vicino ex Istituto Minerario) gestiti dal Csv e destinati a soggetti con disabilit\u00e0. L&#8217;amministrazione ringraziando la signora Luciana ha accettato la donazione con l&#8217;impegno che gli appartamenti restino per l&#8217;uso sociale, in seguito saranno definite le modalit\u00e0 di accesso agli utenti.<\/em><\/strong><\/p>\n<p>Agordo e Sedico hanno stretto un accordo (1 anno) con le aziende speciali, l&#8217;accordo permetter\u00e0 di risolvere il problema emerso con le dimissioni di Stefano Costa, l&#8217;accordo consente di sostituire il direttore dimissionario con l&#8217;attuale di Sedico. Prevista la collaborazione nei servizi e nella condivisione delle figure professionali per nuove economie di scala negli appalti e servizi<\/p>\n<p>&nbsp;<\/p><\/blockquote>\n<p>Da Lunedi cantieri aperti lungo la strada della <strong>Val Fiorentina<\/strong>, obiettivo la riapertura entro l&#8217;estate, oggi a Radio Piu&#8217; ne parliamo con il sindaco di Selva di Cadore Silvia Cestaro.\u00a0 <strong>Lattebusche<\/strong> chiude l&#8217;anno con un pi\u00f9 108 milioni, a tanto ammonta l&#8217;aumento di fatturato nell&#8217;anno in cui i soci allevatori hanno vissuto in sofferenza per il crollo del prezzo del latte: 45,52 centesimi per litro di latte ovvero il 4 per cento in meno rispetto all&#8217;anno prima. Vaia ha ucciso il <strong>95% dei pesci<\/strong> dei torrenti, emerge da un&#8217;inchiesta di Irene Aliprandi sul Corriere delle Alpi mettendo in evidenza i pochi dati resi noti, i danni sottovalutati, le cause e non ultimi i danni al turismo. Da 35 a 21 euro al giorno, \u00e8 la diminuzione del rimborso per migrante previsto dal Governo, <strong>le cooperative<\/strong> operanti sul territorio potrebbero tagliare il personale e ridurre i servizi. Sconfitta del <strong>Comune di Belluno<\/strong>, al Tar vincono i gestori della nuova sala giochi alla Veneggia: \u00e8 stata autorizzata. Aumentano i furti in casa ma nel complesso i reati sono in picchiata verso il basso, \u00e8 emerso ieri nel giorno della <strong>festa della Polizia<\/strong> per il 167 anniversario. Radio Pi\u00f9 dedica due speciali, il primo all&#8217;attivit\u00e0 della Polizia nell&#8217;ultimo anno, il secondo ai premiati. Alcuni numeri: 15 poliziotti coraggio premiati che si sono distinti, oltre 15 mila chiamate al 113 in un anno, 1404 le denunce per furto (pi\u00f9 200) aumentano i furti in casa diminuiscono i reati dell&#8217;1%. <strong>Nelle terre alte<\/strong> del Comune capolugo c&#8217;\u00e8 chi si da da fare per evitare lo spopolamento, ma non le compagnie telefoniche che hanno lasciato la popolazione al &#8220;buio&#8221; da una settimana. I telefoni non funzionano a Piandelmonte, Tassei e Ronce. La linea fissa \u00e8 ko i cellulari funzionano quando funzionano. Ottanta famiglie nel disagio. In un&#8217;operazione antidroga <strong>due feltrini <\/strong>sono stati trovati in possesso di sostanze stupefacenti, saranno interrogati dal giudice, nei guai un ragazzo e una ragazza. Dopo il blitz dell&#8217;altro ieri dei Carabinieri Forestali in un&#8217;azienda agricola di Santa Giustina dove operavano tre addetti in nero <strong>ecco la sanzione:<\/strong> 27 mila euro che l&#8217;azienda di Trebaseleghe dovr\u00e0 pagare. Nemmeno O.B. albanese,titolare dell&#8217;azienda, \u00e8 risultato in regola. I due pseudo dipendenti sono A.C. classe 1993 e A.S. del 1996, entrambi cittadini albanesi trovati privi di permesso di soggiorno e con visto scaduto. A Falcade al bivio\u00a0 per il\u00a0 Passo San Pellegrino e Passo Valles il grande masso caduto l&#8217;altro ieri \u00e8 stato spostato e l&#8217;area ripulita, si temono altri distacchi non solo in Valle del Biois ma nell&#8217;intero territorio spazzato da Vaia.<\/p>\n<blockquote><p><strong><span style=\"color: #ff0000;\">APPUNTAMENTI IMPORTANTI<\/span><\/strong><\/p>\n<p><em>Oggi alle<strong> 20.30 in sala Taulac<\/strong> di Livinallongo incontro con i proprietari di aree boschive schiantate da Vaia, Sabato alle<strong> 14.30 a Selva di Cadore<\/strong> museo Cazzetta incontro dibattito sulla coltivazione delle erbe officinali in aree montane. Questa sera all&#8217;Auditorium di <strong>Agordo alle 21<\/strong> Giochi on line e relazioni di gioco, incontro per ragazzi e genitori organizzato dall&#8217;Istituto Follador.<\/em><\/p><\/blockquote>\n<p>DI GIANNI SANTOMASO<\/p>\n<audio class=\"wp-audio-shortcode\" id=\"audio-82230-1\" preload=\"none\" style=\"width: 100%;\" controls=\"controls\"><source type=\"audio\/mpeg\" src=\"http:\/\/www.radiopiu.net\/wordpress\/wp-content\/uploads\/2019\/04\/RELAZIONI-IN-GIOCO-AD-AGORDO.mp3?_=1\" \/><a href=\"http:\/\/www.radiopiu.net\/wordpress\/wp-content\/uploads\/2019\/04\/RELAZIONI-IN-GIOCO-AD-AGORDO.mp3\">http:\/\/www.radiopiu.net\/wordpress\/wp-content\/uploads\/2019\/04\/RELAZIONI-IN-GIOCO-AD-AGORDO.mp3<\/a><\/audio>\n<p>&nbsp;<\/p>\n<p>&nbsp;<\/p>\n<p><em><span style=\"font-family: Arial, sans-serif;\"><a class=\"dt-pswp-item\" href=\"http:\/\/www.radiopiu.net\/wordpress\/wp-content\/uploads\/2018\/08\/ACQUA.jpeg\" data-dt-img-description=\"\" data-large_image_width=\"1280\" data-large_image_height=\"768\"><img loading=\"lazy\" decoding=\"async\" class=\"wp-image-57052 alignleft\" src=\"http:\/\/www.radiopiu.net\/wordpress\/wp-content\/uploads\/2018\/08\/ACQUA.jpeg\" alt=\"\" width=\"125\" height=\"75\" srcset=\"https:\/\/www.radiopiu.net\/wordpress\/wp-content\/uploads\/2018\/08\/ACQUA.jpeg 1280w, https:\/\/www.radiopiu.net\/wordpress\/wp-content\/uploads\/2018\/08\/ACQUA-300x180.jpeg 300w, https:\/\/www.radiopiu.net\/wordpress\/wp-content\/uploads\/2018\/08\/ACQUA-768x461.jpeg 768w, https:\/\/www.radiopiu.net\/wordpress\/wp-content\/uploads\/2018\/08\/ACQUA-1024x614.jpeg 1024w\" sizes=\"auto, (max-width: 125px) 100vw, 125px\" \/><\/a><\/span><\/em>Gestione Servizi Pubblici informa che a LIVINALLONGO DEL COL DI LANA in LOCALITA&#8217; LIVINE&#8217; l&#8217;acqua erogata dall&#8217;acquedotto \u00e8 di nuovo potabile e pu\u00f2 essere usata, quindi, per scopi alimentari<\/p>\n<p>&nbsp;<\/p>\n<p>&nbsp;<\/p>\n<p>&nbsp;<\/p>\n<p>&nbsp;<\/p>\n<p><strong><a class=\"dt-pswp-item\" href=\"http:\/\/www.radiopiu.net\/wordpress\/wp-content\/uploads\/2019\/04\/VAL.jpg\" data-dt-img-description=\"\" data-large_image_width=\"960\" data-large_image_height=\"540\"><img loading=\"lazy\" decoding=\"async\" class=\" wp-image-82314 alignleft\" src=\"http:\/\/www.radiopiu.net\/wordpress\/wp-content\/uploads\/2019\/04\/VAL-300x169.jpg\" alt=\"\" width=\"229\" height=\"129\" srcset=\"https:\/\/www.radiopiu.net\/wordpress\/wp-content\/uploads\/2019\/04\/VAL-300x169.jpg 300w, https:\/\/www.radiopiu.net\/wordpress\/wp-content\/uploads\/2019\/04\/VAL-768x432.jpg 768w, https:\/\/www.radiopiu.net\/wordpress\/wp-content\/uploads\/2019\/04\/VAL.jpg 960w\" sizes=\"auto, (max-width: 229px) 100vw, 229px\" \/><\/a>SELVA DI CADORE<\/strong> Da lunedi inizieranno i lavori lungo la strada dalla Val Fiorentina chiusa pochi giorni dopo l&#8217;uragano Vaia. Non mancano le autorizzazioni come evidenziato nella riunione di ieri pomeriggio. L&#8217;obiettivo aprire la strada per la stagione estiva, per la 251 saranno necessari interventi per la messa in sicurezza.<\/p>\n<p><strong>AI MICROFONI DI RADIO PIU IL SINDACO DI SELVA DI CADORE SILVIA CESTARO\u00a0<\/strong><\/p>\n<audio class=\"wp-audio-shortcode\" id=\"audio-82230-2\" preload=\"none\" style=\"width: 100%;\" controls=\"controls\"><source type=\"audio\/mpeg\" src=\"http:\/\/www.radiopiu.net\/wordpress\/wp-content\/uploads\/2019\/04\/SILVIA.mp3?_=2\" \/><a href=\"http:\/\/www.radiopiu.net\/wordpress\/wp-content\/uploads\/2019\/04\/SILVIA.mp3\">http:\/\/www.radiopiu.net\/wordpress\/wp-content\/uploads\/2019\/04\/SILVIA.mp3<\/a><\/audio>\n<p>&nbsp;<\/p>\n<p>&nbsp;<\/p>\n<p>&nbsp;<\/p>\n<h2>VARIAZIONI AL BILANCIO PER 80 MILA EURO NEL CONSIGLIO COMUNALE DI AGORDO, INTERESSE PER L&#8217;AUTOVELOX<\/h2>\n<blockquote><p><em><strong>AGORDO.<\/strong> \u00c8 una variazione da 79 mila euro quella che \u00e8 stata approvata nel corso del consiglio comunale di ieri sera. Sono stati integrati alcuni capitoli di spesa sia per quanto riguarda le spese correnti sia per quanto riguarda quelle in conto capitale.<\/em><\/p><\/blockquote>\n<p><strong><a class=\"dt-pswp-item\" href=\"http:\/\/www.radiopiu.net\/wordpress\/wp-content\/uploads\/2019\/04\/WhatsApp-Image-2019-04-10-at-18.57.15.jpeg\" data-dt-img-description=\"\" data-large_image_width=\"1599\" data-large_image_height=\"1200\"><img loading=\"lazy\" decoding=\"async\" class=\" wp-image-82283 alignleft\" src=\"http:\/\/www.radiopiu.net\/wordpress\/wp-content\/uploads\/2019\/04\/WhatsApp-Image-2019-04-10-at-18.57.15-300x225.jpeg\" alt=\"\" width=\"373\" height=\"280\" srcset=\"https:\/\/www.radiopiu.net\/wordpress\/wp-content\/uploads\/2019\/04\/WhatsApp-Image-2019-04-10-at-18.57.15-300x225.jpeg 300w, https:\/\/www.radiopiu.net\/wordpress\/wp-content\/uploads\/2019\/04\/WhatsApp-Image-2019-04-10-at-18.57.15-768x576.jpeg 768w, https:\/\/www.radiopiu.net\/wordpress\/wp-content\/uploads\/2019\/04\/WhatsApp-Image-2019-04-10-at-18.57.15-1024x768.jpeg 1024w, https:\/\/www.radiopiu.net\/wordpress\/wp-content\/uploads\/2019\/04\/WhatsApp-Image-2019-04-10-at-18.57.15.jpeg 1599w\" sizes=\"auto, (max-width: 373px) 100vw, 373px\" \/><\/a><\/strong> Due nuovi autovelox per Agordo, di nuova generazione non pi\u00f9 nei cassoni laterali alla strada, ma su pali come a Morbiach e Candaten, ma essendo in centro abitato sar\u00e0 sempre necessaria la presenza del vigile urbano che attiver\u00e0 l&#8217;impianto con un semplice tablet. Il Comune di Agordo la previsione di spesa l&#8217;ha fatta, decider\u00e0 la nuova amministrazione se concretizzare il progetto o lasciare tutto come oggi con 3 autovelox di vecchia generazione. <em>&#8220;Ne vorremmo cambiare 2 su 3 &#8211; ha detto il sindaco Da Roit &#8211; a Pragrande e Bries, risparmiamo sul terzo di Veran&#8221;.<\/em><\/p>\n<p><strong>IL DIBATTITO SUL TEMA, INTERVENTI DI PAOLO SELVA MORETTI SISTO DA ROIT E ROBERTO CHISSALE&#8217;<\/strong><\/p>\n<audio class=\"wp-audio-shortcode\" id=\"audio-82230-3\" preload=\"none\" style=\"width: 100%;\" controls=\"controls\"><source type=\"audio\/mpeg\" src=\"http:\/\/www.radiopiu.net\/wordpress\/wp-content\/uploads\/2019\/04\/autovelox.mp3?_=3\" \/><a href=\"http:\/\/www.radiopiu.net\/wordpress\/wp-content\/uploads\/2019\/04\/autovelox.mp3\">http:\/\/www.radiopiu.net\/wordpress\/wp-content\/uploads\/2019\/04\/autovelox.mp3<\/a><\/audio>\n<p>&nbsp;<\/p>\n<p>di GIANNI SANTOMASO, CORRIEREALPI<\/p>\n<audio class=\"wp-audio-shortcode\" id=\"audio-82230-4\" preload=\"none\" style=\"width: 100%;\" controls=\"controls\"><source type=\"audio\/mpeg\" src=\"http:\/\/www.radiopiu.net\/wordpress\/wp-content\/uploads\/2019\/04\/GIANNI-CONSIGLIO-COMUNALE.mp3?_=4\" \/><a href=\"http:\/\/www.radiopiu.net\/wordpress\/wp-content\/uploads\/2019\/04\/GIANNI-CONSIGLIO-COMUNALE.mp3\">http:\/\/www.radiopiu.net\/wordpress\/wp-content\/uploads\/2019\/04\/GIANNI-CONSIGLIO-COMUNALE.mp3<\/a><\/audio>\n<p>&nbsp;<\/p>\n<p><strong>INTEGRAZIONE CAPITOLI DI SPESA, RIEPILOGO SPESE CORRENTI<\/strong> <span style=\"color: #ff0000;\">30 mila euro noleggio autovelox<\/span>, 8.000 Fondo crediti\u00a0 7.600 ai privati a sostegno delle spese per ripristino dei danni alluvionali, 4.000\u00a0 trasferimento a Valpe\u00a0 per la\u00a0 tassa dei rifiuti nelle scuole, 3.000 pulizia e lo spurgo dei tombini, 2.000 per compensi commissione carburanti, 300 integrazione al contributo per l\u2019Istituto comprensivo. <strong>RIEPILOGO SPESE IN CONTO CAPITALE<\/strong> 8.300 acquisto giochi e attrezzature per il parco, 5.800 sistemazione arredo\/parete divisoria dell\u2019ufficio urbanistica, 3.375 a favore dei vigili del fuoco volontari, 1.650 ripristino della telecamera di videosorveglianza nei pressi della biblioteca danneggiata dai vandali. <strong>MAGGIORI ENTRATE<\/strong>\u00a0<span style=\"color: #ff0000;\">38.022 proventi dell\u2019autovelox,<\/span>\u00a022.225 euro assicurazione recupero danni, 12.300 contributi di privati\/associazioni per il post-alluvione, 2.000 proventi per verifiche impianti carburante, 4.500 da alienazione di patrimonio comunale.<\/p>\n<p>&nbsp;<\/p>\n<p>&nbsp;<\/p>\n<p>&nbsp;<\/p>\n<h2>167 ANNIVERSARIO FONDAZIONE POLIZIA DI STATO. IERI A PALAZZO FULCIS LE PREMIAZIONI<\/h2>\n<blockquote class=\"wp-embedded-content\" data-secret=\"ldheKolvvP\"><p><a href=\"http:\/\/www.radiopiu.net\/wordpress\/167-anniversario-di-fondazione-della-polizia-di-stato-i-premiati\/\">167\u00b0 ANNIVERSARIO DI FONDAZIONE DELLA POLIZIA DI STATO. I PREMIATI<\/a><\/p><\/blockquote>\n<p><iframe loading=\"lazy\" class=\"wp-embedded-content\" sandbox=\"allow-scripts\" security=\"restricted\" style=\"position: absolute; clip: rect(1px, 1px, 1px, 1px);\" src=\"http:\/\/www.radiopiu.net\/wordpress\/167-anniversario-di-fondazione-della-polizia-di-stato-i-premiati\/embed\/#?secret=ldheKolvvP\" data-secret=\"ldheKolvvP\" width=\"600\" height=\"338\" title=\"&#8220;167\u00b0 ANNIVERSARIO DI FONDAZIONE DELLA POLIZIA DI STATO. I PREMIATI&#8221; &#8212; Radio Pi\u00f9\" frameborder=\"0\" marginwidth=\"0\" marginheight=\"0\" scrolling=\"no\"><\/iframe><\/p>\n<p>&nbsp;<\/p>\n<p>&nbsp;<\/p>\n<h2>L&#8217;ATTIVITA&#8217; DELLA POLIZIA DI STATO<\/h2>\n<blockquote class=\"wp-embedded-content\" data-secret=\"Fyfq4cJWZe\"><p><a href=\"http:\/\/www.radiopiu.net\/wordpress\/un-anno-con-la-polizia-di-stato-nel-giorno-del-167-anniversario-di-fondazione\/\">UN ANNO CON LA POLIZIA DI STATO, NEL GIORNO DEL 167 ANNIVERSARIO DI FONDAZIONE<\/a><\/p><\/blockquote>\n<p><iframe loading=\"lazy\" class=\"wp-embedded-content\" sandbox=\"allow-scripts\" security=\"restricted\" style=\"position: absolute; clip: rect(1px, 1px, 1px, 1px);\" src=\"http:\/\/www.radiopiu.net\/wordpress\/un-anno-con-la-polizia-di-stato-nel-giorno-del-167-anniversario-di-fondazione\/embed\/#?secret=Fyfq4cJWZe\" data-secret=\"Fyfq4cJWZe\" width=\"600\" height=\"338\" title=\"&#8220;UN ANNO CON LA POLIZIA DI STATO, NEL GIORNO DEL 167 ANNIVERSARIO DI FONDAZIONE&#8221; &#8212; Radio Pi\u00f9\" frameborder=\"0\" marginwidth=\"0\" marginheight=\"0\" scrolling=\"no\"><\/iframe><\/p>\n<p>&nbsp;<\/p>\n<p>&nbsp;<\/p>\n<p>&nbsp;<\/p>\n<blockquote>\n<h2>LAGO DI ALLEGHE, CONCORSO BARCHE ILLUMINATE A RISCHIO<\/h2>\n<h2>DI GIANNI SANTOMASO<\/h2>\n<\/blockquote>\n<audio class=\"wp-audio-shortcode\" id=\"audio-82230-5\" preload=\"none\" style=\"width: 100%;\" controls=\"controls\"><source type=\"audio\/mpeg\" src=\"http:\/\/www.radiopiu.net\/wordpress\/wp-content\/uploads\/2019\/04\/GIANNI-BARCHE.mp3?_=5\" \/><a href=\"http:\/\/www.radiopiu.net\/wordpress\/wp-content\/uploads\/2019\/04\/GIANNI-BARCHE.mp3\">http:\/\/www.radiopiu.net\/wordpress\/wp-content\/uploads\/2019\/04\/GIANNI-BARCHE.mp3<\/a><\/audio>\n<h2><\/h2>\n<h2><\/h2>\n<p>&nbsp;<\/p>\n<h2>LA PAURA CHE IL VENETO SI OCCUPI DELLE PROPRIE MATERIE<\/h2>\n<p>RIFLESSIONE DA AUTONOMIA, DI DARIO BOND IL DEPUTATO CHE NELL&#8217;AUTONOMIA VEDE UNA GRANDE OPPORTUNITA&#8217; &#8220;NON IMPOVERIAMO NESSUNO&#8221; COME DICE ZAIA.<\/p>\n<audio class=\"wp-audio-shortcode\" id=\"audio-82230-6\" preload=\"none\" style=\"width: 100%;\" controls=\"controls\"><source type=\"audio\/mpeg\" src=\"http:\/\/www.radiopiu.net\/wordpress\/wp-content\/uploads\/2019\/04\/BOND.mp3?_=6\" \/><a href=\"http:\/\/www.radiopiu.net\/wordpress\/wp-content\/uploads\/2019\/04\/BOND.mp3\">http:\/\/www.radiopiu.net\/wordpress\/wp-content\/uploads\/2019\/04\/BOND.mp3<\/a><\/audio>\n<p>&nbsp;<\/p>\n<p>&nbsp;<\/p>\n<p>&nbsp;<\/p>\n<p>&nbsp;<\/p>\n<h2>13 MILIONI NEL VENETO PER L&#8217;EDILIZIA SCOLASTICA<\/h2>\n<p>FEDERICO D&#8217;INCA, DALLA RASSEGNA STAMPA DELLE 8 05<\/p>\n<audio class=\"wp-audio-shortcode\" id=\"audio-82230-7\" preload=\"none\" style=\"width: 100%;\" controls=\"controls\"><source type=\"audio\/mpeg\" src=\"http:\/\/www.radiopiu.net\/wordpress\/wp-content\/uploads\/2019\/04\/FEDERICO.mp3?_=7\" \/><a href=\"http:\/\/www.radiopiu.net\/wordpress\/wp-content\/uploads\/2019\/04\/FEDERICO.mp3\">http:\/\/www.radiopiu.net\/wordpress\/wp-content\/uploads\/2019\/04\/FEDERICO.mp3<\/a><\/audio>\n<p>&nbsp;<\/p>\n<p><a class=\"dt-pswp-item\" href=\"http:\/\/www.radiopiu.net\/wordpress\/wp-content\/uploads\/2018\/09\/scuole-in-rete-europa.jpg\" data-dt-img-description=\"\" data-large_image_width=\"1598\" data-large_image_height=\"1199\"><img loading=\"lazy\" decoding=\"async\" class=\"size-medium wp-image-60041 alignleft\" src=\"http:\/\/www.radiopiu.net\/wordpress\/wp-content\/uploads\/2018\/09\/scuole-in-rete-europa-300x225.jpg\" alt=\"\" width=\"300\" height=\"225\" srcset=\"https:\/\/www.radiopiu.net\/wordpress\/wp-content\/uploads\/2018\/09\/scuole-in-rete-europa-300x225.jpg 300w, https:\/\/www.radiopiu.net\/wordpress\/wp-content\/uploads\/2018\/09\/scuole-in-rete-europa-768x576.jpg 768w, https:\/\/www.radiopiu.net\/wordpress\/wp-content\/uploads\/2018\/09\/scuole-in-rete-europa-1024x768.jpg 1024w, https:\/\/www.radiopiu.net\/wordpress\/wp-content\/uploads\/2018\/09\/scuole-in-rete-europa.jpg 1598w\" sizes=\"auto, (max-width: 300px) 100vw, 300px\" \/><\/a>Circa 13 milioni di euro per la messa in sicurezza delle scuole del Veneto. \u00c8 l\u2019effetto del decreto del Ministero dell&#8217;Universit\u00e0 e della ricerca del 3 gennaio 2019, n.2, recante &#8220;Finanziamento di interventi di messa in sicurezza di edifici scolastici a valere sulle economie dei mutui BEI 2015&#8221; e pubblicato in Gazzetta Ufficiale. <em>\u201cIl provvedimento \u2013<strong> afferma il deputato del Movimento 5 Stelle Federico D\u2019Inc\u00e0<\/strong> &#8211; prevede oltre 172 milioni di euro a disposizione degli enti locali con la finalit\u00e0 di rendere pi\u00f9 sicuri gli edifici scolastici della Penisola: in questo modo gli enti autorizzati possono dare il via o completare interventi di messa in sicurezza provvedendo alla proposta di aggiudicazione degli stessi interventi entro e non oltre l&#8217;1 ottobre 2019. I lavori si dovranno completare e rendicontare entro il 15 ottobre del 2020\u201d. <\/em>Le risorse sono prese dal volume delle economie complessive accertate con riferimento all&#8217;autorizzazione alla stipula dei mutui BEI di cui al decreto del MIUR n. 640\/2015. <em>\u201cNel Veneto \u2013 osserva il deputato \u2013 gli enti che beneficeranno dei fondi sono 20 e riguardano le province di Belluno, Rovigo, Venezia, Vicenza, Verona, Treviso e Padova. Si tratta di lavori di ristrutturazione, ampliamento, manutenzione straordinaria e, in due casi, di nuova costruzione\u201d. <\/em><em>\u201cSono molto soddisfatto \u2013 conclude D\u2019Inc\u00e0 \u2013 perch\u00e9 diamo una risposta concreta alla prevenzione del rischio. Le ristrutturazioni degli edifici scolastici non potevano essere ulteriormente rinviate: si tratta, quindi, di una misura estremamente importante per la sicurezza dei nostri ragazzi. Anche in questa occasione il governo si \u00e8 fatto trovare pronto\u201d.<\/em><\/p>\n<p>&nbsp;<\/p>\n<p>&nbsp;<\/p>\n<p>&nbsp;<\/p>\n<p>&nbsp;<\/p>\n<h2>IL PD A DIFESA DI RADIO RADICALE &#8220;IL GOVERNO RINNOVI LA CONVENZIONE&#8221;<\/h2>\n<p><em><a class=\"dt-pswp-item\" href=\"http:\/\/www.radiopiu.net\/wordpress\/wp-content\/uploads\/2019\/04\/Schermata-09-2456919-alle-11.15.02.png\" data-dt-img-description=\"\" data-large_image_width=\"610\" data-large_image_height=\"280\"><img loading=\"lazy\" decoding=\"async\" class=\"size-medium wp-image-82276 alignleft\" src=\"http:\/\/www.radiopiu.net\/wordpress\/wp-content\/uploads\/2019\/04\/Schermata-09-2456919-alle-11.15.02-300x138.png\" alt=\"\" width=\"300\" height=\"138\" srcset=\"https:\/\/www.radiopiu.net\/wordpress\/wp-content\/uploads\/2019\/04\/Schermata-09-2456919-alle-11.15.02-300x138.png 300w, https:\/\/www.radiopiu.net\/wordpress\/wp-content\/uploads\/2019\/04\/Schermata-09-2456919-alle-11.15.02.png 610w\" sizes=\"auto, (max-width: 300px) 100vw, 300px\" \/><\/a>\u201cRadio Radicale svolge un servizio pubblico a tutti gli effetti, perci\u00f2 il Governo rinnovi la convenzione evitando la chiusura. E anche la Regione intervenga nei confronti del ministero per lo Sviluppo economico affinch\u00e9 sia garantito il finanziamento previsto dalla legge 230\/1990\u201d.<\/em> \u00c8 quanto chiedeuna mozione trasversale depositata nei giorni scorsi dal Pd. \u201cIl fatto che il sostegno arrivi da pi\u00f9 partiti \u00e8 la conferma di come la questione sia sentita. Se non ci saranno novit\u00e0, a fine giugno \u00e8 assai probabile che le trasmissioni cessino. L\u2019ultima legge di bilancio, infatti, ha prorogato solo per sei mesi la convenzione con lo Stato per trasmettere tutte le sedute del Parlamento senza la presenza di pubblicit\u00e0, dimezzando il contributo da dieci a cinque milioni. Inoltre Radio Radicale riceve altri quattro milioni in base alla legge 230\/1990 che per\u00f2 verr\u00e0 abrogata dal primo gennaio. Il dado, insomma, sembrerebbe tratto. &#8220;<em>\u00c8 un\u2019ipotesi che va scongiurata &#8211; sottolinea il consigliere democratico &#8211; Da oltre 40 anni Radio Radicale svolge un ruolo fondamentale, garantendo un\u2019ampia, e unica nel suo genere, copertura informativa sulle attivit\u00e0 istituzionali e politiche. Sarebbe una perdita gravissima, l\u2019ennesima per un settore che gi\u00e0 adesso in Italia vive un momento delicato. Il Governo ha delle responsabilit\u00e0 precise e non pu\u00f2 lavarsene le mani come Ponzio Pilato. A meno che Lega e Cinque Stelle non desiderino un futuro \u2018a reti unificate\u2019 dove le uniche notizie sono quelle che appaiono sul blog di Grillo o nelle dirette Facebook di Salvini\u201d.\u00a0<\/em><\/p>\n<p>&nbsp;<\/p>\n<p>&nbsp;<\/p>\n<p>&nbsp;<\/p>\n<h3>WELFARE DELLA PROVINCIA DI BELLUNO PER I DANNI DELLA TEMPESTA VAIA, ECCO LO SPORTELLO PER LA CONSULENZA<\/h3>\n<p><strong><a class=\"dt-pswp-item\" href=\"http:\/\/www.radiopiu.net\/wordpress\/wp-content\/uploads\/2018\/05\/Feltre_Piazza_Maggiore_1.jpg\" data-dt-img-description=\"\" data-large_image_width=\"310\" data-large_image_height=\"186\"><img loading=\"lazy\" decoding=\"async\" class=\"size-medium wp-image-48325 alignleft\" src=\"http:\/\/www.radiopiu.net\/wordpress\/wp-content\/uploads\/2018\/05\/Feltre_Piazza_Maggiore_1-300x180.jpg\" alt=\"\" width=\"300\" height=\"180\" srcset=\"https:\/\/www.radiopiu.net\/wordpress\/wp-content\/uploads\/2018\/05\/Feltre_Piazza_Maggiore_1-300x180.jpg 300w, https:\/\/www.radiopiu.net\/wordpress\/wp-content\/uploads\/2018\/05\/Feltre_Piazza_Maggiore_1.jpg 310w\" sizes=\"auto, (max-width: 300px) 100vw, 300px\" \/><\/a>FELTRE\u00a0<\/strong> Il Comune di Feltre ha deciso di attivare uno sportello di informazione e assistenza per i cittadini che hanno subito gravi danni alla propria casa di abitazione a seguito della tempesta Vaia e intendono richiedere ora un contributo al Fondo Welfare e Identit\u00e0 territoriale istituito dalla Provincia di Belluno. Va ricordato che il contributo del Fondo Welfare \u00e8 AGGIUNTIVO (e non sostitutivo) a quello eventualmente richiesto nei mesi scorsi a valere sul bando regionale.\u00a0 Per l\u2019erogazione di risorse a favore di chi ha gi\u00e0 fatto richiesta di contributo regionale, il Fondo Welfare prender\u00e0 in esame i danni superiori ai 5.000 euro riportati sulla prima casa, oltre alle eventuali spese per la permanenza fuori l\u2019abitazione.\u00a0 Negli altri casi (ovvero per chi NON ha presentato in precedenza domanda di contributo regionale) il Fondo prender\u00e0 in esame i danni riportati sulla pima casa senza limite minimo di importo. Per dare priorit\u00e0 alle situazioni di maggior disagio, i richiedenti di contributo al Fondo Welfare devono fornire il proprio ISEE e lo stato famiglia (per la valorizzazione della presenza di anziani o minori e l\u2019eventuale presenza nel nucleo famigliare di persone riconosciute invalide). I Sindacati CGIL e CISL e UIL si sono resi disponibili al calcolo dell\u2019ISEE per quanti non l\u2019avessero gi\u00e0 e potranno quindi contare sulla loro rete di uffici. Per ogni richiesta di informazioni e assistenza, i cittadini del Comune di Feltre possono rivolgersi presso i Magazzini Comunali in via Vignigole, 21 con i seguenti orari: &#8211; luned\u00ec e mercoled\u00ec con orario dalle 8 alle 12,30 e dalle 14 alle18; &#8211; marted\u00ec e gioved\u00ec dalle 8 alle 12,30 e dalle 14 alle 17; &#8211; venerd\u00ec dalle 8 alle 12.30. Qui i cittadini troveranno anche tutti i moduli necessari alla richiesta di contributo, reperibili altres\u00ec anche sul sito internet del Comune. Le domande di contributo vanno presentate allo sportello del Comune di Feltre presso i Magazzini Comunali entro LUNEDI\u2019 29 APRILE.<\/p>\n<p>&nbsp;<\/p>\n<p>&nbsp;<\/p>\n<p>&nbsp;<\/p>\n<h2>SALA SLOT ALLA VENEGGIA, LA SENTENZA<\/h2>\n<blockquote><p><em>\u00abSportelli bancomat \u201cnon luoghi sensibili\u201d. La Regione intervenga\u00bb<\/em><\/p><\/blockquote>\n<p>Jacopo Massaro, dalla rassegna stampa delle 8.03<\/p>\n<audio class=\"wp-audio-shortcode\" id=\"audio-82230-8\" preload=\"none\" style=\"width: 100%;\" controls=\"controls\"><source type=\"audio\/mpeg\" src=\"http:\/\/www.radiopiu.net\/wordpress\/wp-content\/uploads\/2019\/04\/Massaro-Sentenza-TAR-Sala-slot.mp3?_=8\" \/><a href=\"http:\/\/www.radiopiu.net\/wordpress\/wp-content\/uploads\/2019\/04\/Massaro-Sentenza-TAR-Sala-slot.mp3\">http:\/\/www.radiopiu.net\/wordpress\/wp-content\/uploads\/2019\/04\/Massaro-Sentenza-TAR-Sala-slot.mp3<\/a><\/audio>\n<p><strong>BELLUNO<\/strong> Gli sportelli bancomat non figurano tra i \u201cluoghi sensibili\u201d inseriti nella legge regionale, e per questo i Comuni non possono vietare l&#8217;apertura di sale slot nelle loro vicinanze: questa, in sintesi, la motivazione della sentenza del Tar Veneto che ha consentito l&#8217;apertura della sala slot alla Veneggia, nonostante il regolamento comunale. <em>\u00abSecondo questa sentenza, &#8211; spiega il Sindaco di Belluno, Jacopo Massaro \u2013 il Comune non pu\u00f2 allargare il bacino dei \u201cluoghi sensibili\u201d, nonostante il Servizio Dipendenze della ULSS 1 Dolomiti indichi anche nella vicinanza tra sportelli bancomat e sale da gioco un potenziale rischio. Chiediamo quindi che la Regione Veneto porti al pi\u00f9 presto in consiglio regionale una modifica alla legge, introducendo anche queste strutture tra i luoghi sensibili, insieme alle scuole, chiese, strutture sanitarie e altri luoghi di aggregazione. Il Tar, con questa sentenza, indica una lacuna normativa che deve essere sanata al pi\u00f9 presto. Ricordo che qui non si parla delle modalit\u00e0 di pagamento, possibili anche tramite POS all&#8217;interno delle sale, ma della possibilit\u00e0 per le persone deboli di \u201ccadere in tentazione\u201d, allontanandosi dallo sportello con i contanti in mano e potendo vedere nelle vicinanze una sala da gioco: \u00e8 purtroppo un fatto frequente, segnalatoci anche dall&#8217;azienda sanitaria\u00bb. <\/em><em>\u00abDal canto nostro, &#8211; aggiunge Massaro \u2013 nei prossimi giorni leggeremo con attenzione la sentenza e valuteremo se presentare ricorso al Consiglio di Stato, evenienza estremamente probabile. Inoltre, gi\u00e0 nella prossima riunione di giunta studieremo quali azioni intraprendere per tutelare la salute pubblica, visto che questa sentenza indebolisce quella difesa della salute pubblica che il consiglio comunale aveva voluto tutelare all&#8217;unanimit\u00e0 nel marzo 2017\u00bb<\/em>.<\/p>\n<p>&nbsp;<\/p>\n<p>&nbsp;<\/p>\n<p>&nbsp;<\/p>\n<h2>SANIT\u00c0 &#8220;PAGARE MEGLIO MEDICI E INFERMIERI&#8221;<\/h2>\n<p><em>De Menech incalza il ministro della salute Grillo: \u00abNecessario specializzare ospedali montagna per renderli attrattivi\u00bb<\/em><\/p>\n<p>DALLA RASSEGNA STAMPA DELLE 8.05<\/p>\n<audio class=\"wp-audio-shortcode\" id=\"audio-82230-9\" preload=\"none\" style=\"width: 100%;\" controls=\"controls\"><source type=\"audio\/mpeg\" src=\"http:\/\/www.radiopiu.net\/wordpress\/wp-content\/uploads\/2019\/04\/roger-1.mp3?_=9\" \/><a href=\"http:\/\/www.radiopiu.net\/wordpress\/wp-content\/uploads\/2019\/04\/roger-1.mp3\">http:\/\/www.radiopiu.net\/wordpress\/wp-content\/uploads\/2019\/04\/roger-1.mp3<\/a><\/audio>\n<p>&nbsp;<\/p>\n<p><a class=\"dt-pswp-item\" href=\"http:\/\/www.radiopiu.net\/wordpress\/wp-content\/uploads\/2018\/01\/CroppedImage720439-MEDICI.jpg\" data-dt-img-description=\"\" data-large_image_width=\"720\" data-large_image_height=\"439\"><img loading=\"lazy\" decoding=\"async\" class=\"size-medium wp-image-42392 alignleft\" src=\"http:\/\/www.radiopiu.net\/wordpress\/wp-content\/uploads\/2018\/01\/CroppedImage720439-MEDICI-300x183.jpg\" alt=\"\" width=\"300\" height=\"183\" srcset=\"https:\/\/www.radiopiu.net\/wordpress\/wp-content\/uploads\/2018\/01\/CroppedImage720439-MEDICI-300x183.jpg 300w, https:\/\/www.radiopiu.net\/wordpress\/wp-content\/uploads\/2018\/01\/CroppedImage720439-MEDICI.jpg 720w\" sizes=\"auto, (max-width: 300px) 100vw, 300px\" \/><\/a>\u00abLa mancanza di medici e infermieri e l\u2019assenza di servizi adeguati sui territori periferici per una popolazione in progressivo invecchiamento sono le principali minacce che il servizio socio sanitario nazionale sta affrontando\u00bb. Lo ha ricordato questa mattina il deputato veneto Roger De Menech nel corso dell\u2019audizione del ministro della Salute, Giulia Grillo, in commissione bicamerale sul Federalismo fiscale. \u00abDobbiamo lavorare su due aspetti distinti\u00bb, ha affermato De Menech: \u00abintrodurre criteri di differenziazione stipendiale, in pratica pagare di pi\u00f9 i medici e gli infermieri che decidono di trasferirsi in zone periferiche e montane; e soprattutto rendere attrattive le nostre strutture sanitarie, con centri di alta specializzazione. Il personale medico potr\u00e0 indirizzarsi e scegliere di lavorare in un ospedale del Bellunese o di altre zone remote solo se lo considera una tappa significativa della propria carriera, non certo se ne intravede un ostacolo\u00bb. Da questo punto di vista, purtroppo, non aiuta la programmazione regionale. \u00abLe nuove schede ospedaliere stanno depauperando la sanit\u00e0 pubblica a tutto vantaggio dei privati. Rispetto al 2013, negli ospedali pubblici bellunesi sono stati tagliati 123 posti letto (da 901 a 778), solo minimamente recuperati nel privato, con 16 posti in pi\u00f9, da 70 a 86. I primariati sono diminuiti, uno in meno. Inoltre, la mortificazione ed emarginazione dei sindaci nel ruolo di proposta, controllo e verifica dei risultati delle politiche sanitarie aziendali e regionali priva il sistema sanitario regionale del prezioso feed-back che \u00e8 alla base dell\u2019efficienza di tutti i modelli organizzativi in ambito privato e pubblico. Non mi sembra la politica pi\u00f9 adatta per rendere attrattivo la nostra sanit\u00e0\u00bb.<\/p>\n<p>&nbsp;<\/p>\n<p>&nbsp;<\/p>\n<p>&nbsp;<\/p>\n<h3>LA RISPOSTA DELLA ULSS1 ALLE CRITICHE DAL CADORE<\/h3>\n<blockquote><p><em>A seguito della questione sollevata dal Sindaco di Santo Stefano di Cadore, Alessandra Buzzo, riguardante i servizi psichiatrici dell\u2019ULSS 1 in Cadore la Ulss1 precisa.<\/em><\/p><\/blockquote>\n<p><strong>BELLUNO<\/strong> La situazione dei dirigenti medici di psichiatria presso l\u2019ULSS 1 vede attualmente una carenza di 3 unit\u00e0 che salir\u00e0 a 5 con i prossimi pensionamenti. I due concorsi che si sono svolti, rispettivamente, all\u2019inizio dell\u2019anno 2018 e di quest\u2019anno, non hanno portato a nessuna assunzione, in quanto i medici in graduatoria non hanno accettato l\u2019incarico. Per garantire comunque una risposta adeguata alle necessit\u00e0 del Cadore l\u201911 marzo 2019 si \u00e8 tenuto un incontro con i Sindaci del Cadore per la presentazione, del piano di riorganizzazione dell\u2019Unit\u00e0 Operativa di Psichiatria di Pieve di Cadore, finalizzato alla valorizzazione ed al potenziamento dell\u2019attivit\u00e0 territoriale nell\u2019ambito cadorino nelle sue varie articolazioni, volto alla continuit\u00e0 delle cure e all\u2019assistenza dell\u2019utenza, nonch\u00e9 all\u2019incremento dell\u2019integrazione socio-sanitaria in materia di salute mentale. Il progetto di riorganizzazione ha ottenuto la condivisione da parte delle Amministrazioni Locali dei Comuni territorialmente afferenti alla sede sub-distrettuale del Cadore. Per quanto attiene all\u2019 impegno dei dirigenti medici psichiatri presso l\u2019Unit\u00e0 Operativa di Psichiatria di Belluno, si richiama come il Servizio Psichiatrico di Diagnosi e Cura &#8211; SPDC &#8211; di Belluno, sia il reparto ospedaliero destinato ad accogliere i pazienti provenienti dal territorio del Cadore per gestire i ricoveri ordinari, sia volontari che in trattamento sanitario obbigatorio.<\/p>\n<p>&nbsp;<\/p>\n<p>&nbsp;<\/p>\n<p>&nbsp;<\/p>\n<h2>LA FANFARA DELLA BRIGATA CADORE SUONA LA MARCIA DELLA SOLIDARIETA&#8217;<\/h2>\n<p>di GIANNI SANTOMASO, CORRIEREALPI<\/p>\n<audio class=\"wp-audio-shortcode\" id=\"audio-82230-10\" preload=\"none\" style=\"width: 100%;\" controls=\"controls\"><source type=\"audio\/mpeg\" src=\"http:\/\/www.radiopiu.net\/wordpress\/wp-content\/uploads\/2019\/04\/GIANNI-FANFARA.mp3?_=10\" \/><a href=\"http:\/\/www.radiopiu.net\/wordpress\/wp-content\/uploads\/2019\/04\/GIANNI-FANFARA.mp3\">http:\/\/www.radiopiu.net\/wordpress\/wp-content\/uploads\/2019\/04\/GIANNI-FANFARA.mp3<\/a><\/audio>\n<p><strong>TAIBON<\/strong> Oltre 10 mila euro \u00e8 quanto raccolto con la serata organizzata al Palaluxottica con i congedati dalla Fanfara Brigata Alpina Cadore. Un successo per gli alpini di Agordo che sono orgogliosi di donare tre asseni da 3500 euro cadauno a: Pompieri Volontari di Agordo, Soccorso Alpino di Agordo e\u00a0 Don Fabiano parroco del Poi per la ristrutturazione della chiesa di Tiser. La cerimonia di consegna \u00e8 prevista per domani alle 18 nella sala Don Vincenzo Savio del centro\u00a0 parrocchiale di Agordo, sono stati invitati i responsabili delle associazioni di volontariato, i sindaci, Luxottica e i principali sponsor della serata.<\/p>\n<p>&nbsp;<\/p>\n<p>&nbsp;<\/p>\n<h2>BRETELLE LASCHE NEL RICORDO DI MIRCO GAIO<\/h2>\n<p><strong>BELLUNO<\/strong> The show must go on \u00e8 il titolo dello spettacolo &#8220;Il sorriso dietro la scena&#8221;\u00a0 che la compagnia teatrale Bretelle Lasche metter\u00e0 in scena sabato 27 aprile al Teatro Comunale di Belluno con la regia di Chiara Becchimanzi, per ricordare Mirco Gaio, il sorriso dietro la scena, il compianto amico e scenografo della compagnia. L&#8217;incasso sar\u00e0 devoluto in beneficienza per le spese di una terapia riabilitativa di un bimbo residente a Belluno, affetto da una grave deficit del neuro-sviluppo. Info www.bretellelasche.it<\/p>\n<p>&nbsp;<\/p>\n<p>&nbsp;<\/p>\n<h2>ADOTTA UN NONNO, LA SECONDA FASE<\/h2>\n<p><strong>CANALE D&#8217;AGORDO<\/strong> Il progetto \u201cADOTTA UN NONNO\u201d, dopo la prima fase di sensibilizzazione rivolta ai ragazzi per saggiarne la disponibilit\u00e0, passa ora al momento di informazione e coinvolgimento dei nonni, giovani o anziani che siano. Per illustrare il progetto L\u2019Amministrazione Comunale di Canale d\u2019Agordo invita pertanto i nonni stessi ad un incontro mercoled\u00ec 17 aprile alle ore 17 nella sala Conferenze ex Cavallino.<br \/>\nE\u2019 auspicabile la presenza anche dei loro familiari e della popolazione tutta. Per la riuscita ottimale del progetto infatti la Comunit\u00e0 dovrebbe sentirsi coinvolta e partecipe nel supportare l\u2019iniziativa i cui obiettivi, verso i quali orientare le attivit\u00e0, sono:\u00a0 ristabilire e rinforzare il legame tra generazioni, costruire un clima di attenzione, ascolto, rispetto tra generazioni, ottimizzare le risorse di ciascuno in uno scambio di esperienze, competenze, aspirazioni, salvaguardare ed incrementare le capacit\u00e0 residue della terza et\u00e0 approfondire e rinforzare il legame col proprio territorio e la propria storia.<\/p>\n<p>&nbsp;<\/p>\n<p>&nbsp;<\/p>\n<p>&nbsp;<\/p>\n<h2>IL CORSO NAZIONALE UCIIM FA TAPPA A FELTRE: LA DEONTOLOGIA AL CENTRO<\/h2>\n<p><strong><a class=\"dt-pswp-item\" href=\"http:\/\/www.radiopiu.net\/wordpress\/wp-content\/uploads\/2019\/04\/2019_4_6_rec-lw-nl-4_1196060_878b6178d70e94d6bc89658a9529f901_recording_Feltre5.jpg\" data-dt-img-description=\"\" data-large_image_width=\"880\" data-large_image_height=\"495\"><img loading=\"lazy\" decoding=\"async\" class=\"size-medium wp-image-82233 alignleft\" src=\"http:\/\/www.radiopiu.net\/wordpress\/wp-content\/uploads\/2019\/04\/2019_4_6_rec-lw-nl-4_1196060_878b6178d70e94d6bc89658a9529f901_recording_Feltre5-300x169.jpg\" alt=\"\" width=\"300\" height=\"169\" srcset=\"https:\/\/www.radiopiu.net\/wordpress\/wp-content\/uploads\/2019\/04\/2019_4_6_rec-lw-nl-4_1196060_878b6178d70e94d6bc89658a9529f901_recording_Feltre5-300x169.jpg 300w, https:\/\/www.radiopiu.net\/wordpress\/wp-content\/uploads\/2019\/04\/2019_4_6_rec-lw-nl-4_1196060_878b6178d70e94d6bc89658a9529f901_recording_Feltre5-768x432.jpg 768w, https:\/\/www.radiopiu.net\/wordpress\/wp-content\/uploads\/2019\/04\/2019_4_6_rec-lw-nl-4_1196060_878b6178d70e94d6bc89658a9529f901_recording_Feltre5.jpg 880w\" sizes=\"auto, (max-width: 300px) 100vw, 300px\" \/><\/a>FELTRE<\/strong> Si \u00e8 svolto all\u2019Istituto Canossiano\u00a0 il terzo appuntamento del corso nazionale promosso dall\u2019UCIIM (Unione Cattolica Italiana Insegnanti Medi), sezione di Pedavena, con la collaborazione delle sezioni di Genova, Marostica, Misterbianco e Tremestieri Etneo. L\u2019iniziativa, grazie a una piattaforma digitale, si svolge in collegamento diretto dalle varie sedi e l\u2019evento di Feltre \u00e8 stato dunque seguito anche dalla Sicilia e dalla Liguria. A portare il loro saluto il dirigente dell\u2019Ufficio Scolastico Provinciale Gianni De Bastiani e il vescovo di Belluno-Feltre Renato Marangoni. Da parte di entrambi \u00e8 arrivato l\u2019apprezzamento per il tema scelto, quello della deontologia dell\u2019insegnante: metterla al centro dell\u2019azione educativa e didattica \u00e8 imprescindibile per orientare le relazioni tra studenti e insegnanti, tra colleghi, tra insegnanti e genitori, specie in un momento in cui il ruolo stesso degli insegnanti viene costantemente messo in discussione. Il valore aggiunto del corso, come ha sottolineato Matteo Carrera, presidente dell\u2019UCIIM sez. di Pedavena e \u201cmotore\u201d dell\u2019iniziativa, risiede oltre che nei contenuti anche nella modalit\u00e0 di svolgimento che consente di unire, nello spirito dell\u2019associazione, esperienze didattiche, culturali e sociali diverse, ma accomunate dalla volont\u00e0 di porre al centro dell\u2019azione educativa la persona, con il suo arcipelago di relazioni. Il focus della giornata di studi svoltasi a Feltre \u00e8 stato quello delle buone pratiche e delle sinergie tra genitori e insegnanti per la maturazione integrale dell\u2019alunno: sono intervenuti i docenti e formatori UCIIM la prof.ssa Laura Cornero, presidente dei probiviri dell\u2019UCIIM, e il prof. Giacomo Timpanaro, consigliere nazionale emerito dell\u2019associazione. Vari gli interventi tra cui quello del DS dell\u2019ambito territoriale dott. Ezio Busetto. Nell\u2019ultimo incontro, previsto a Misterbianco (Catania), verr\u00e0 affrontato il tema della deontologia in relazione all\u2019utilizzo dei social network e relazioner\u00e0 anche il presidente della sez. di Pedavena, nonch\u00e9 consigliere nazionale, Matteo Carrera. In vista c\u2019\u00e8 gi\u00e0 per\u00f2 un nuovo appuntamento organizzato dall\u2019UCIIM sez. di Pedavena a Feltre: marted\u00ec 16 aprile dalle 15.00 alle 19.00 al Liceo Dal Piaz si svolger\u00e0 il seminario di formazione organizzato in collaborazione con \u201cLa Scuola Academy\u201d, le \u201cScuole in Rete\u201d e con l\u2019associazione \u201cAmici delle Scuole in Rete\u201d e dedicato a \u201cCittadinanza e Costituzione nel nuovo Esame di Stato\u201d. Come noto, infatti, l\u2019insegnamento da quest\u2019anno dovr\u00e0 essere oggetto della prova orale. Dopo i saluti dei dirigenti degli Uffici Scolastici provinciale e regionale e della presidente dell\u2019UCIIM Veneto, interverranno il prof. Luciano Corradini, gi\u00e0 sottosegretario all\u2019Istruzione, e il prof. Mario Falanga, docente di Diritto Pubblico alla Libera Universit\u00e0 di Bolzano; non mancheranno poi le indicazioni pratiche da parte dell\u2019Ufficio Scolastico Regionale e la voce degli Studenti della Consulta Provinciale.<\/p>\n<p><strong>FOTO<\/strong><\/p>\n\n\t\t\t<style type='text\/css'>\n\t\t\t\t#gallery-1 {\n\t\t\t\t\tmargin: auto;\n\t\t\t\t}\n\t\t\t\t#gallery-1 .gallery-item {\n\t\t\t\t\tfloat: left;\n\t\t\t\t\tmargin-top: 10px;\n\t\t\t\t\ttext-align: center;\n\t\t\t\t\twidth: 33%;\n\t\t\t\t}\n\t\t\t\t#gallery-1 img {\n\t\t\t\t\tborder: 2px solid #cfcfcf;\n\t\t\t\t}\n\t\t\t\t#gallery-1 .gallery-caption {\n\t\t\t\t\tmargin-left: 0;\n\t\t\t\t}\n\t\t\t\t\/* see gallery_shortcode() in wp-includes\/media.php *\/\n\t\t\t<\/style>\n\t\t<div id='gallery-1' class='dt-gallery-container gallery galleryid-82230 gallery-columns-3 gallery-size-thumbnail'><dl class='gallery-item'>\n\t\t\t\t<dt class='gallery-icon landscape'>\n\t\t\t\t\t<a class=\"rollover\" href='https:\/\/www.radiopiu.net\/wordpress\/giornale-radiopiu-11-aprile-2019-direttore-mirko-mezzacasa\/whatsapp-image-2019-04-07-at-13-28-242\/'><img loading=\"lazy\" decoding=\"async\" width=\"150\" height=\"150\" src=\"https:\/\/www.radiopiu.net\/wordpress\/wp-content\/uploads\/2019\/04\/WhatsApp-Image-2019-04-07-at-13.28.242-150x150.jpeg\" class=\"attachment-thumbnail size-thumbnail\" alt=\"\" \/><\/a>\n\t\t\t\t<\/dt><\/dl><dl class='gallery-item'>\n\t\t\t\t<dt class='gallery-icon landscape'>\n\t\t\t\t\t<a class=\"rollover\" href='https:\/\/www.radiopiu.net\/wordpress\/giornale-radiopiu-11-aprile-2019-direttore-mirko-mezzacasa\/_2019_4_6_rec-lw-nl-4_1196060_878b6178d70e94d6bc89658a9529f901_recording_feltre1\/'><img loading=\"lazy\" decoding=\"async\" width=\"150\" height=\"150\" src=\"https:\/\/www.radiopiu.net\/wordpress\/wp-content\/uploads\/2019\/04\/2019_4_6_rec-lw-nl-4_1196060_878b6178d70e94d6bc89658a9529f901_recording_Feltre1-150x150.jpg\" class=\"attachment-thumbnail size-thumbnail\" alt=\"\" \/><\/a>\n\t\t\t\t<\/dt><\/dl><dl class='gallery-item'>\n\t\t\t\t<dt class='gallery-icon landscape'>\n\t\t\t\t\t<a class=\"rollover\" href='https:\/\/www.radiopiu.net\/wordpress\/giornale-radiopiu-11-aprile-2019-direttore-mirko-mezzacasa\/_2019_4_6_rec-lw-nl-4_1196060_878b6178d70e94d6bc89658a9529f901_recording_feltre3\/'><img loading=\"lazy\" decoding=\"async\" width=\"150\" height=\"150\" src=\"https:\/\/www.radiopiu.net\/wordpress\/wp-content\/uploads\/2019\/04\/2019_4_6_rec-lw-nl-4_1196060_878b6178d70e94d6bc89658a9529f901_recording_Feltre3-150x150.jpg\" class=\"attachment-thumbnail size-thumbnail\" alt=\"\" \/><\/a>\n\t\t\t\t<\/dt><\/dl><br style=\"clear: both\" \/><dl class='gallery-item'>\n\t\t\t\t<dt class='gallery-icon landscape'>\n\t\t\t\t\t<a class=\"rollover\" href='https:\/\/www.radiopiu.net\/wordpress\/giornale-radiopiu-11-aprile-2019-direttore-mirko-mezzacasa\/_2019_4_6_rec-lw-nl-4_1196060_878b6178d70e94d6bc89658a9529f901_recording_feltre4\/'><img loading=\"lazy\" decoding=\"async\" width=\"150\" height=\"150\" src=\"https:\/\/www.radiopiu.net\/wordpress\/wp-content\/uploads\/2019\/04\/2019_4_6_rec-lw-nl-4_1196060_878b6178d70e94d6bc89658a9529f901_recording_Feltre4-150x150.jpg\" class=\"attachment-thumbnail size-thumbnail\" alt=\"\" \/><\/a>\n\t\t\t\t<\/dt><\/dl><dl class='gallery-item'>\n\t\t\t\t<dt class='gallery-icon landscape'>\n\t\t\t\t\t<a class=\"rollover\" href='https:\/\/www.radiopiu.net\/wordpress\/giornale-radiopiu-11-aprile-2019-direttore-mirko-mezzacasa\/_2019_4_6_rec-lw-nl-4_1196060_878b6178d70e94d6bc89658a9529f901_recording_feltre6\/'><img loading=\"lazy\" decoding=\"async\" width=\"150\" height=\"150\" src=\"https:\/\/www.radiopiu.net\/wordpress\/wp-content\/uploads\/2019\/04\/2019_4_6_rec-lw-nl-4_1196060_878b6178d70e94d6bc89658a9529f901_recording_Feltre6-150x150.jpg\" class=\"attachment-thumbnail size-thumbnail\" alt=\"\" \/><\/a>\n\t\t\t\t<\/dt><\/dl><dl class='gallery-item'>\n\t\t\t\t<dt class='gallery-icon landscape'>\n\t\t\t\t\t<a class=\"rollover\" href='https:\/\/www.radiopiu.net\/wordpress\/giornale-radiopiu-11-aprile-2019-direttore-mirko-mezzacasa\/whatsapp-image-2019-04-07-at-13-28-241\/'><img loading=\"lazy\" decoding=\"async\" width=\"150\" height=\"150\" src=\"https:\/\/www.radiopiu.net\/wordpress\/wp-content\/uploads\/2019\/04\/WhatsApp-Image-2019-04-07-at-13.28.241-150x150.jpeg\" class=\"attachment-thumbnail size-thumbnail\" alt=\"\" \/><\/a>\n\t\t\t\t<\/dt><\/dl><br style=\"clear: both\" \/>\n\t\t\t<\/div>\n\n<p>&nbsp;<\/p>\n<p>&nbsp;<\/p>\n<p>&nbsp;<\/p>\n<h2>VENETO WELFARE DAY, OGGI APRE L&#8217;INFO POINT A BELLUNO E TREVISO<\/h2>\n<p><strong>BELLUNO<\/strong> La Cisl Belluno Treviso aderisce al Veneto Welfare Day, la giornata di oggi interamente dedicata a sostenere la cultura e la promozione del welfare e della previdenza complementare e che vedr\u00e0 il coinvolgimento di diversi soggetti su tutto il territorio regionale. Molte le iniziative a livello territoriale che prevedono la partecipazione di Ebav, Saninveneto e del Fondo Pensione Solidariet\u00e0 Veneto. In particolare, la Cisl partecipa all\u2019iniziativa attraverso l\u2019accreditamento ad info point degli sportelli Ebav (9 in provincia di Treviso e 6 nel Bellunese), con l\u2019obiettivo di fornire informazioni su previdenza, sanit\u00e0, bilateralit\u00e0, welfare territoriale e aziendale. Oltre agli sportelli Ebav, a partire dalle 15.00 di oggi saranno attivi nelle principali sedi Cisl delle due province ulteriori punti informativi su previdenza complementare, sanit\u00e0 integrativa e contrattazione di secondo livello.<\/p>\n<p>&nbsp;<\/p>\n<p>&nbsp;<\/p>\n<p>&nbsp;<\/p>\n<h2>NAVIGATOR IL NUOVO CENTRALISMO IN GIALLO<\/h2>\n<blockquote><p><em>Per la selezione dei circa 3.000 assunti a termine, Di Maio si danna per trovare un luogo idoneo per selezionare i circa 100.000 candidati attesi. Ma non sarebbe pi\u00f9 semplice effettuare le selezioni a livello regionale?<\/em><\/p><\/blockquote>\n<p>DARIO BOND DALLA RASSEGNA STAMPA DELLE 8.05<\/p>\n<audio class=\"wp-audio-shortcode\" id=\"audio-82230-11\" preload=\"none\" style=\"width: 100%;\" controls=\"controls\"><source type=\"audio\/mpeg\" src=\"http:\/\/www.radiopiu.net\/wordpress\/wp-content\/uploads\/2019\/04\/BOND-CENTRALISMO-GIALLO.mp3?_=11\" \/><a href=\"http:\/\/www.radiopiu.net\/wordpress\/wp-content\/uploads\/2019\/04\/BOND-CENTRALISMO-GIALLO.mp3\">http:\/\/www.radiopiu.net\/wordpress\/wp-content\/uploads\/2019\/04\/BOND-CENTRALISMO-GIALLO.mp3<\/a><\/audio>\n<p>Ancora un esempio di \u201cgoverno del cambiamento\u201d che non cambia un bel nulla. Questa volta, in ballo c\u2019\u00e8 il mega concorsone per il reclutamento di circa 3.000 \u201cnavigator\u201d, gli assistenti che il ministro allo Sviluppo economico Luigi Di Maio vorrebbe assumere per assistere ed accompagnare i percettori del famigerato reddito di cittadinanza a trovare un lavoro che spesso non esiste, condannandoli cos\u00ec a rimanere senza fine sulle spalle dello Stato e dei pochi contribuenti che pagano le tasse. Per la selezione, Di Maio sta affannosamente cercando un luogo dove potere selezionare le circa 100.000 candidature attese. Un maxi, iper concorsone che si dovrebbe svolgere nella capitale all\u2019insegna del migliore centralismo, con tutto quel che ne consegue. A Di Maio offro un semplice e concreto consiglio: perch\u00e9 non effettuare la selezione dei \u201cnavigator\u201d su base regionale, riducendo cos\u00ec grandemente le spese sia per la selezione che per gli aspiranti, oltre ad avere una semplificazione generale della valutazione delle prove, con pi\u00f9 commissioni impegnate nella valutazione dei risultati che impiegherebbero sicuramente meno tempo di un\u2019unica commissione centrale?<\/p>\n<p>&nbsp;<\/p>\n<p>&nbsp;<\/p>\n<p>&nbsp;<\/p>\n<h2>CONFCOMMERCIO AD AURONZO PER DEFINIRE LA STRATEGIA TURISTICA<\/h2>\n<p><a class=\"dt-pswp-item\" href=\"http:\/\/www.radiopiu.net\/wordpress\/wp-content\/uploads\/2019\/04\/Foto-incontro-Auronzo.jpg\" data-dt-img-description=\"\" data-large_image_width=\"3264\" data-large_image_height=\"2448\"><img loading=\"lazy\" decoding=\"async\" class=\"size-medium wp-image-82265 alignleft\" src=\"http:\/\/www.radiopiu.net\/wordpress\/wp-content\/uploads\/2019\/04\/Foto-incontro-Auronzo-300x225.jpg\" alt=\"\" width=\"300\" height=\"225\" srcset=\"https:\/\/www.radiopiu.net\/wordpress\/wp-content\/uploads\/2019\/04\/Foto-incontro-Auronzo-300x225.jpg 300w, https:\/\/www.radiopiu.net\/wordpress\/wp-content\/uploads\/2019\/04\/Foto-incontro-Auronzo-768x576.jpg 768w, https:\/\/www.radiopiu.net\/wordpress\/wp-content\/uploads\/2019\/04\/Foto-incontro-Auronzo-1024x768.jpg 1024w\" sizes=\"auto, (max-width: 300px) 100vw, 300px\" \/><\/a>Sala gremita per l&#8217;incontro organizzato da Confcommercio tra Amministrazione Comunale di Auronzo e imprenditori turistici marted\u00ec sera in municipio ad Auronzo sul tema della promozione turistica. A moderare il dibattito Paolo Doglioni, presidente provinciale dell&#8217;Associazione, coadiuvato dalla delegata locale Letizia Frigo Samprogna. Obiettivo era la ricerca di un percorso condiviso per un rilancio dell&#8217;attivit\u00e0 di valorizzazione del patrimonio ambientale, sportivo, culturale e strutturale della localit\u00e0 in modo tale da dare nuovo impulso all&#8217;economia turistica dell&#8217;intero comprensorio. Il sindaco Tatiana Pais Becher e l&#8217;assessore al turismo Camilla Larese hanno illustrato le attivit\u00e0 finora svolte e il programma degli eventi per l&#8217;anno in corso. Gli imprenditori presenti, a loro volta, hanno evidenziato con chiarezza la necessit\u00e0 di ricreare in Auronzo un sistema di promozione dotato di adeguate professionalit\u00e0 e di risorse tali da poter partecipare alle attivit\u00e0 coordinate a livello provinciale dalla DMO, presente al tavolo con il direttore Giuliano Vantaggi. \u00abSono convinto che l&#8217;incontro abbia avuto l&#8217;effetto positivo di mettere in luce gli aspetti sui quali si deve lavorare per consentire agli operatori turistici di svolgere al meglio il proprio lavoro\u00bb, commenta Doglioni. \u00abQuesto per\u00f2 deve essere il primo passo per ridefinire ruoli e competenze propri di ciascun soggetto della situazione, senza sovrapposizioni o incomprensioni. Un dialogo franco ed efficace deve essere la strada maestra per una strategia vincente per l&#8217;intero territorio. Mi attendo quindi che si prosegua su questa strada, impegnandomi personalmente a seguirne l\u2019evoluzione\u00bb.<\/p>\n<p>&nbsp;<\/p>\n<p>&nbsp;<\/p>\n<p>&nbsp;<\/p>\n<p>&nbsp;<\/p>\n<h2>BANDA ULTRA LARGA. AL VIA NUOVI CANTIERI IN 17 COMUNI.<\/h2>\n<p><strong>VENEZIA<\/strong>\u00a0 Sono diciassette i Comuni veneti nei quali, tra aprile e maggio, \u00e8 prevista l\u2019apertura di cantieri per portare l\u2019infrastruttura che permette la connessione con banda ultra larga. Cantieri che si aggiungono agli ottantotto gi\u00e0 avviati. \u201cNoi qui in Veneto \u2013 sottolinea l\u2019assessore regionale allo sviluppo economico &#8211; stiamo facendo l\u2019impossibile per dare risposte al territorio, per dare infrastrutturazione digitale alle nostre aziende e alle nostre abitazioni. Confido nell\u2019interessamento del Ministero dello Sviluppo Economico perch\u00e9 risolva le questioni che stanno drammaticamente rallentando la realizzazione di questo grande progetto\u201d. In tre Comuni Badia Polesine (Rovigo) Sovizzo (VI) e Torreglia (PD) i lavori sono gi\u00e0 stati avviati nei giorni scorsi, a breve partiranno a Salizzole (VR), Casalserugo (PD), Comelico Superiore (BL) e Rovolon (PD). A maggio \u00e8 previsto l\u2019avvio dei lavori in dieci Comuni. Si tratta di Asigliano Veneto (VR), Bagnolo di Po (RO), Roncade (TV) e Santa Giustina (BL); Carceri, Montagnana, e Ospedaletto Euganeo in provincia di Padova; ed infine, ad Arcugnano, Mossano e Villaverla in provincia di Vicenza. \u201cCi\u00f2 dimostra concretamente \u2013 precisa l\u2019assessore &#8211; che il nostro impegno per estendere la banda ultra larga in tutto il territorio veneto \u00e8 massimo. Estendere le infrastrutture digitali significa dare alle imprese e ai cittadini strumenti essenziali alle attivit\u00e0 di ciascuno di noi\u201d. Il piano di sviluppo della Banda Ultra Larga in Veneto riguarda tutti i Comuni del territorio regionale e prevede la realizzazione di un\u2019infrastruttura pubblica abilitante l\u2019offerta di servizi a 30 e a 100 Mbps in tutte le cosiddette \u201caree bianche\u201d, vale a dire quelle aree a fallimento di mercato che, al momento, sono sprovviste della connessione adeguata.<\/p>\n<p>&nbsp;<\/p>\n<p>&nbsp;<\/p>\n<p>&nbsp;<\/p>\n<h2><\/h2>\n<h1>SIMONI E I GRANDI DEL CALCIO A FALCADE<\/h1>\n<blockquote>\n<h5><em><strong>GIGI SIMONI<\/strong> EX CALCIATORE E ALLENATORE INTER FINE ANNI \u201990 ANCHE CON IL &#8220;FENOMENO&#8221; RONALDO <strong>LUCA TRONCHETTI<\/strong> AUTORE, GIORNALISTA DEL TIRRENO <strong>LUCA CARMIGNANI<\/strong> AUTORE.\u00a0<\/em><\/h5>\n<h1><span style=\"color: #ff0000;\">PRESENTAZIONE DEL LIBRO ALLE 19.30<\/span><\/h1>\n<\/blockquote>\n<h3><\/h3>\n<h2><a class=\"dt-pswp-item\" href=\"http:\/\/www.radiopiu.net\/wordpress\/wp-content\/uploads\/2019\/03\/53794372_2301282659930909_534976573724426240_n.jpg\" data-dt-img-description=\"\" data-large_image_width=\"686\" data-large_image_height=\"960\"><img loading=\"lazy\" decoding=\"async\" class=\"wp-image-78829 alignleft\" src=\"http:\/\/www.radiopiu.net\/wordpress\/wp-content\/uploads\/2019\/03\/53794372_2301282659930909_534976573724426240_n.jpg\" alt=\"\" width=\"166\" height=\"232\" srcset=\"https:\/\/www.radiopiu.net\/wordpress\/wp-content\/uploads\/2019\/03\/53794372_2301282659930909_534976573724426240_n.jpg 686w, https:\/\/www.radiopiu.net\/wordpress\/wp-content\/uploads\/2019\/03\/53794372_2301282659930909_534976573724426240_n-214x300.jpg 214w\" sizes=\"auto, (max-width: 166px) 100vw, 166px\" \/><\/a><\/h2>\n<p><strong>FALCADE<\/strong> Sar\u00e0 Gigi Simoni l&#8217;ospite alla cena sociale dell&#8217;InterClub Giacinto Facchetti sabato allo Sport Hotel Cristal di Falcade. Presenter\u00e0 la sua biografia dal titolo &#8220;Simoni si nasce. Tre vite per il calcio&#8221;, raccontata da Luca Camignani, Luca Tronchetti e Rudi Ghedini.\u00a0<em> La cena, dalle 20.30 \u00e8 aperta a soci, familiari, amici, simpatizzanti, prenotazioni entro l&#8217;11aprile.\u00a0 <\/em>L&#8217;Interclub ha comunicato che a Falcade saranno presenti con Gigi Simoni altri quattro calciatori che hanno scritto importanti pagine di storia del calcio italiano: <strong>Gianfranco Zigoni<\/strong> 265 presenze in seria A con la maglia della Juventus, Roma e Verona. <strong>Dino Galparoli<\/strong>: 250 presenze in seria A, per 10 stagioni all\u2019Udinese. <strong>Fabio Rossitto<\/strong>: 230 presenze in serie\u00a0 A con la\u00a0 Fiorentina, Napoli e Udinese. <strong>Angelo Trevisan<\/strong>: 200 presenze in serie B con Genoa, Campobasso, Empoli .<\/p>\n<p><strong>INTERVISTA AD UNO DEI TRE AUTORI, LUCA CARMIGNANI. di Mirko Mezzacasa<\/strong><\/p>\n<audio class=\"wp-audio-shortcode\" id=\"audio-82230-12\" preload=\"none\" style=\"width: 100%;\" controls=\"controls\"><source type=\"audio\/mpeg\" src=\"http:\/\/www.radiopiu.net\/wordpress\/wp-content\/uploads\/2019\/04\/LUCA-CARMIGNANI.mp3?_=12\" \/><a href=\"http:\/\/www.radiopiu.net\/wordpress\/wp-content\/uploads\/2019\/04\/LUCA-CARMIGNANI.mp3\">http:\/\/www.radiopiu.net\/wordpress\/wp-content\/uploads\/2019\/04\/LUCA-CARMIGNANI.mp3<\/a><\/audio>\n<p>&nbsp;<\/p>\n<p>&nbsp;<\/p>\n<p>&nbsp;<\/p>\n<h2>OGGI AI GIOVEDI DELLA SALUTE INCONTRO SUL GIOCO D&#8217;AZZARDO<\/h2>\n<p><strong><a class=\"dt-pswp-item\" href=\"http:\/\/www.radiopiu.net\/wordpress\/wp-content\/uploads\/2018\/04\/AZZARDOD.jpg\" data-dt-img-description=\"\" data-large_image_width=\"558\" data-large_image_height=\"480\"><img loading=\"lazy\" decoding=\"async\" class=\" wp-image-46268 alignleft\" src=\"http:\/\/www.radiopiu.net\/wordpress\/wp-content\/uploads\/2018\/04\/AZZARDOD-300x258.jpg\" alt=\"\" width=\"192\" height=\"165\" srcset=\"https:\/\/www.radiopiu.net\/wordpress\/wp-content\/uploads\/2018\/04\/AZZARDOD-300x258.jpg 300w, https:\/\/www.radiopiu.net\/wordpress\/wp-content\/uploads\/2018\/04\/AZZARDOD.jpg 558w\" sizes=\"auto, (max-width: 192px) 100vw, 192px\" \/><\/a>BELLUNO\u00a0 <\/strong>alle 18 nella sala riunioni dell\u2019ospedale San Martino di Belluno, il Direttore del Dipartimento per le dipendenze, Alfio De Sandre, e lo psicologo del SerD di Feltre, Luigi Turco, parleranno di gioco d\u2019azzardo. Titolo dell\u2019 incontro: Gioco d\u2019azzardo. \u00c8 ancora possibile chiamarlo gioco? L\u2019infelicit\u00e0 di vincere facile. Nel bellunese il gioco d\u2019azzardo \u00e8 molto diffuso. Le persone seguite dal servizio dipendenze dell\u2019Ulss 1 Dolomiti con una diagnosi di dipendenza da gioco sono 69. Nei distretti di Belluno e di Feltre, \u00e8 presente anche un gruppo AMA di supporto oltre agli altri servizi erogati dal SerD. Il Dipartimento per le Dipendenze, inoltre, in collaborazione con gli enti e i Comuni della Provincia di Belluno, sta portando avanti un\u2019 attivit\u00e0 di prevenzione e contrasto delle dipendenze da gioco d\u2019azzardo sul territorio per interventi tesi a definire orari di utilizzo dei punti gioco e loro dislocazione sul territorio (nello specifico le distanze dai luoghi sensibili) che rappresentano tangibili segni di cambiamento culturale. Il territorio, negli ultimi anni, \u00e8 stato gravemente colpito da queste problematiche. Dal 2012, infatti, gli utenti in carico ai servizi delle Dipendenze sono passati da 7 a 69 casi nel 2017 con una distribuzione pressoch\u00e9 simile, nel rapporto con la popolazione residente, nei distretti di Belluno e di Feltre. Il volume totale delle giocate ammonta per il 2017 in 260.322.000 euro con una media pro capite di 1258 euro all\u2019anno. Nessun comune della nostra Provincia \u00e8 immune da questo fenomeno e la giocata media pro capite, seppur di poco, supera quella veneta e nazionale. L\u2019et\u00e0 media di 58,8 anni per le donne e di 51,1 per gli uomini, fa comprendere come questa problematica si inserisca in un percorso di vita avviato e nel pieno del suo sviluppo, relazionale, famigliare e lavorativo. Questi problemi infatti colpiscono non solo il singolo ma tutta la societ\u00e0 e in primo luogo il sistema familiare.<\/p>\n<p>&nbsp;<\/p>\n<p>&nbsp;<\/p>\n<p>&nbsp;<\/p>\n<p>&nbsp;<\/p>\n<p>&nbsp;<\/p>\n<h2 align=\"JUSTIFY\">DOMANI: CANAPICOLTURA OPPORTUNITA\u2019 PER IL BELLUNESE<\/h2>\n<p align=\"JUSTIFY\"><strong><a class=\"dt-pswp-item\" href=\"http:\/\/www.radiopiu.net\/wordpress\/wp-content\/uploads\/2019\/04\/Cannabis-sativa-Santhica-27-Canapa.jpg\" data-dt-img-description=\"\" data-large_image_width=\"534\" data-large_image_height=\"534\"><img loading=\"lazy\" decoding=\"async\" class=\" wp-image-82154 alignleft\" src=\"http:\/\/www.radiopiu.net\/wordpress\/wp-content\/uploads\/2019\/04\/Cannabis-sativa-Santhica-27-Canapa-300x300.jpg\" alt=\"\" width=\"172\" height=\"172\" srcset=\"https:\/\/www.radiopiu.net\/wordpress\/wp-content\/uploads\/2019\/04\/Cannabis-sativa-Santhica-27-Canapa-300x300.jpg 300w, https:\/\/www.radiopiu.net\/wordpress\/wp-content\/uploads\/2019\/04\/Cannabis-sativa-Santhica-27-Canapa-150x150.jpg 150w, https:\/\/www.radiopiu.net\/wordpress\/wp-content\/uploads\/2019\/04\/Cannabis-sativa-Santhica-27-Canapa.jpg 534w\" sizes=\"auto, (max-width: 172px) 100vw, 172px\" \/><\/a>BELLUNO<\/strong> L\u2019Universit\u00e0 Ca\u2019 Foscari Venezia in collaborazione con il Comune di Ponte nelle Alpi e la Provincia di Belluno organizzano un incontro pubblico sulla canapicoltura. L\u2019evento, dal titolo \u201cFare innovazione con la tradizione Un\u2019opportunit\u00e0 di sviluppo per il Bellunese\u201d si svolger\u00e0 domani\u00a0 dalle 15 nella sede della Provincia, Palazzo Piloni (Sala Affreschi). Saranno presentati i risultati di una ricerca svolta dal Dipartimento di Scienze Ambientali Informatica e Statistica e dal Dipartimento di Scienze Molecolari e Nanosistemi dell&#8217;Universit\u00e0 Ca\u2019 Foscari Venezia, con la partecipazione di IUAV. Gabriella Buffa, professoressa di Botanica all\u2019Universit\u00e0 Ca\u2019 Foscari Venezia, introdurr\u00e0 il progetto finanziato dal Fondo Sociale Europeo che ha consentito le analisi di alcuni casi di studio proprio nel Bellunese. Seguiranno le presentazioni delle ricercatrici Manuela Pierobon (Canapa: quale variet\u00e0 per le terre marginali), Elisa Scalabrin (Canapa: una risorsa per la nutraceutica) e Alessandra Zuin (Costruire con lo scarto \u2013 quando l\u2019edilizia \u00e8 davvero \u00abbio\u00bb) e le testimonianze di Matteo Gracis di Canapa Industriale (La canapa in Italia), Marco Dalla Rosa di Canapalpino (La canapa in provincia di Belluno) e Flavio Kaisermann di Fondazione E. Mach (La canapa in provincia di Trento).<\/p>\n<blockquote>\n<p align=\"JUSTIFY\">\n<\/blockquote>\n<h2 align=\"JUSTIFY\"><\/h2>\n<h2 align=\"JUSTIFY\"><\/h2>\n<h2 align=\"JUSTIFY\"><\/h2>\n<h2 align=\"JUSTIFY\">DA OGGI: LA MONTAGNA CHE R-ESISTE<\/h2>\n<blockquote><p><em>L&#8217;Associazione Bellunesi nel Mondo, in collaborazione con Isbrec (Istituto Storico Bellunese della Resistenza e dell&#8217;Et\u00e0 Contemporanea), Liceo \u201cDal Piaz\u201d di Feltre e Comuni di Pedavena, Belluno e Agordo, organizza il convegno \u201cLa Montagna che r-Esiste\u201d\u00a0 per parlare delle difficolt\u00e0 di vivere in montagna.\u00a0<\/em><\/p><\/blockquote>\n<p><b>Tre appuntamenti: oggi a Pedavena (sala Guarnieri), domani\u00a0 a Belluno (Istituto Catullo) e lunedi ad Agordo (sala don Tamis).<\/b><\/p>\n<p align=\"JUSTIFY\">Diego Cason traccer\u00e0 il quadro socio demografico del bellunese, l&#8217;Associazione Bellunesi nel Mondo interverr\u00e0 su &#8220;I dati aire 2018 sulla popolazione bellunese&#8221;. Di Simone Tormen &#8220;Una ricerca sul modello delle malghe in montagna&#8221;. Sono previste due testimonianze &#8220;Prospettive future: investire sul lavoro in montagna o emigrare?&#8221;, infine presentazione del progetto visioni fuori luogo a cura del laboratorio cinematografico del liceo Dal Piaz di Feltre. Ingresso libero,\u00a0 l\u2019iniziativa rientra nel progetto Visioni Fuori-Luogo realizzato nell\u2019ambito del Piano Nazionale Cinema per la scuola, promosso da Miur e Mibac.<\/p>\n<blockquote>\n<p align=\"JUSTIFY\">\n<\/blockquote>\n<p align=\"JUSTIFY\"><span style=\"font-size: medium;\">\u00a0<\/span><\/p>\n<h2 align=\"JUSTIFY\"><span style=\"font-size: medium;\">DONATORI MIDOLLO OSSEO ALL&#8217;ASSEMBLEA ANNUALE<\/span><\/h2>\n<p><strong>BELLUNO\u00a0 <\/strong>Sabato alle 15.30 \u00a0presso la sala riunioni dell&#8217;ospedale S. Martino di Belluno, si svolger\u00e0 l&#8217;assemblea ordinaria annuale dell&#8217;Associazione dei Donatori di Midollo Osseo, ADMO Belluno.Il presidente Benvenuto Pol esporr\u00e0 la relazione morale, la relazione finanziaria e sar\u00e0 discusso e approvato il bilancio consuntivo 2018 e il bilancio preventivo 2019. I nuovi donatori effettivi racconteranno brevemente la loro esperienza e ai quali sar\u00e0 consegnata una targa ricordo.\u00a0 Saranno esposti i risultati della campagna &#8220;Una colomba per la vita&#8221;. Verr\u00e0 descritta l&#8217;attivit\u00e0 svolta e quella ancora da intraprendere, i punti di forza e le problematiche da affrontare e risolvere.<\/p>\n<p>&nbsp;<\/p>\n<p>&nbsp;<\/p>\n<h2><a class=\"dt-pswp-item\" href=\"http:\/\/www.radiopiu.net\/wordpress\/wp-content\/uploads\/2018\/09\/appuntamenti.jpeg\" data-dt-img-description=\"\" data-large_image_width=\"800\" data-large_image_height=\"100\"><img loading=\"lazy\" decoding=\"async\" class=\"alignnone wp-image-61958 size-full\" src=\"http:\/\/www.radiopiu.net\/wordpress\/wp-content\/uploads\/2018\/09\/appuntamenti.jpeg\" alt=\"\" width=\"800\" height=\"100\" srcset=\"https:\/\/www.radiopiu.net\/wordpress\/wp-content\/uploads\/2018\/09\/appuntamenti.jpeg 800w, https:\/\/www.radiopiu.net\/wordpress\/wp-content\/uploads\/2018\/09\/appuntamenti-300x38.jpeg 300w, https:\/\/www.radiopiu.net\/wordpress\/wp-content\/uploads\/2018\/09\/appuntamenti-768x96.jpeg 768w\" sizes=\"auto, (max-width: 800px) 100vw, 800px\" \/><\/a><\/h2>\n<p>&nbsp;<\/p>\n<p><strong>FELTRE<\/strong> In occasione della settimana della donna indetta dal network degli ospedali con bollini rosa ONDA, l&#8217;ospedale di Feltre propone una serie di iniziative rivolte alle donne, nelle varie fasi della loro vita. Il primo appuntamento \u00e8 per oggi\u00a0 \u00a0dalle 16 alle 17 in sala convegni con il gastroenterologo Flavio Valiante e la dietista Ester Lovat che parleranno di \u201cDonne e intolleranze alimentari\u201d. L\u2019incontro \u00e8 aperto a un piccolo gruppo per assicurare una scambio attivo con le partecipanti.<\/p>\n<p>&nbsp;<\/p>\n<p><strong>FALCADE<\/strong> Oggi i alle 20 alla casa della giovent\u00f9 di Caviola incontro promosso dal Comune di Falcade sul nuovo &#8220;piano degli interventi&#8221;.<\/p>\n<p>&nbsp;<\/p>\n<p><strong>AGORDO<\/strong> Oggi alle 21 all&#8217;Auditorium Vincenzo Savio incontro rivolto a ragazzi ed adulti promosso da Istituto Comprensivo di Agordo, Istituto Superiore &#8220;Follador&#8221; e Parrocchia di Agordo. Interverr\u00e0 Don Giovanni Fasoli, psicologo clinico e dell&#8217;educazione, docente di psicologia e pedagogia della realt\u00e0 virtuale all&#8217;Universit\u00e0 di Venezia. Interverr\u00e0 su &#8220;Giochi on line e relazioni in gioco&#8221;<\/p>\n<p>&nbsp;<\/p>\n<p><strong>BELLUNO<\/strong>Domani alle 15 a\u00a0 Palazzo Piloni in sala affreschi la Provincia propone un incontro sulla canapicoltura, fare innovazione con la tradizione, un&#8217;opportunit\u00e0 di sviluppo per il bellunese. Interventi di Gabriella Buffa, Manuela Pierobon, Elisa Scalabrin, Alessandra Zuin. Testimonianze di Matteo Gracis, Marco Della Rosa e Flavio Kaiserman<\/p>\n<p>&nbsp;<\/p>\n<p><strong>FELTRE<\/strong> Venerd\u00ec\u00a0 alle 21, al Teatro de la Sena, Giorgio Fornasier, storica figura della canzone d&#8217;autore veneta e tenore lirico, presenter\u00e0 la sua autobiografia &#8220;Una vita scritta sul pentagramma&#8221;. Fornasier accompagner\u00e0 la presentazione del libro sul palco con alcune esecuzioni che lo hanno reso celebre e molto amato dal pubblico nella sua lunga carriera. L&#8217;ingresso \u00e8 a offerta libera; il ricavato sar\u00e0 devoluto al fondo &#8220;Amico Mio&#8221;, a sostegno di persone con disabilit\u00e0 psico-fisica in situazioni di disagio economico. Per partecipare \u00e8 necessaria la prenotazione su www.visitfeltre.info\/eventi. Per informazioni: Ufficio Musei &#8211; tel. 0439 885242-234 &#8211;<\/p>\n<p>&nbsp;<\/p>\n<p><strong>BELLUNO<\/strong> Sabato\u00a0 alle 15\u00a0 nella saletta del Centro Culturale Piero Rossi\u00a0 di Piazza Piloni si terr\u00e0\u00a0 l\u2019assemblea ordinaria dei soci dell\u2019Unione Italiana dei Ciechi e degli Ipovedenti ONLUS APS di Belluno. All&#8217;ordine del giorno\u00a0 la relazione morale e il bilancio consuntivo 2018.<\/p>\n<p>&nbsp;<\/p>\n<p><strong>FELTRE <\/strong>Sabato due appuntamenti con la make-up artist Serena Zatta per una prova pratica nell&#8217;atrio dell&#8217;ospedale in due turni: uno alle 14.30 dedicato a mamme e figlie adolescenti, come momento da vivere insieme, e uno alle 17.00 per le donne in menopausa. Il titolo \u00e8 &#8220;Ricomincio da me. Riscoprirsi belle per tornare a piacersi&#8221;. Alle partecipanti sar\u00e0 insegnato a prendersi cura di s\u00e9 anche con piccoli trucchi per sentirsi meglio.<\/p>\n<p>&nbsp;<\/p>\n<p><strong>BELLUNO<\/strong> La Commissione Escursionismo del CAI Belluno organizza per domenica 14 aprile una nuova uscita del Gruppo Straki, la cui meta sar\u00e0 la Via di Schener tra Feltrino e Primiero. Si tratta di una facile e piacevole escursione con dislivello e tempi di percorrenza ridotti, che si snoder\u00e0 nella Gola di Schener tra Zorzoi e Roe, alla riscoperta di quella che, un tempo e fino all&#8217;ottocento, era l&#8217;unica via di comunicazione tra le due vallate. Il programma completo \u00e8 disponibile sul sito sezionale (www.caibelluno.it), le iscrizioni (aperte ai soli soci CAI) si ricevono al Negozio Mazzonetto di Belluno fino alle\u00a0 12 di sabato 13 aprile od online tramite il link sul sito istituzionale.<\/p>\n<p>&nbsp;<\/p>\n<p>&nbsp;<\/p>\n<p>&nbsp;<\/p>\n<h3><a class=\"dt-pswp-item\" href=\"http:\/\/www.radiopiu.net\/wordpress\/wp-content\/uploads\/2019\/03\/spettacoli.jpg\" data-dt-img-description=\"\" data-large_image_width=\"800\" data-large_image_height=\"100\"><img loading=\"lazy\" decoding=\"async\" class=\"wp-image-79254 size-full aligncenter\" src=\"http:\/\/www.radiopiu.net\/wordpress\/wp-content\/uploads\/2019\/03\/spettacoli.jpg\" alt=\"\" width=\"800\" height=\"100\" srcset=\"https:\/\/www.radiopiu.net\/wordpress\/wp-content\/uploads\/2019\/03\/spettacoli.jpg 800w, https:\/\/www.radiopiu.net\/wordpress\/wp-content\/uploads\/2019\/03\/spettacoli-300x38.jpg 300w, https:\/\/www.radiopiu.net\/wordpress\/wp-content\/uploads\/2019\/03\/spettacoli-768x96.jpg 768w\" sizes=\"auto, (max-width: 800px) 100vw, 800px\" \/><\/a><\/h3>\n<p>&nbsp;<\/p>\n<h2>LA SAGRA DE PASCA&#8230; ALZA LA VOCE<\/h2>\n<p>DI GIANNI SANTOMASO<\/p>\n<audio class=\"wp-audio-shortcode\" id=\"audio-82230-13\" preload=\"none\" style=\"width: 100%;\" controls=\"controls\"><source type=\"audio\/mpeg\" src=\"http:\/\/www.radiopiu.net\/wordpress\/wp-content\/uploads\/2019\/04\/GIANNI-PASQUA-OK.mp3?_=13\" \/><a href=\"http:\/\/www.radiopiu.net\/wordpress\/wp-content\/uploads\/2019\/04\/GIANNI-PASQUA-OK.mp3\">http:\/\/www.radiopiu.net\/wordpress\/wp-content\/uploads\/2019\/04\/GIANNI-PASQUA-OK.mp3<\/a><\/audio>\n<p>&nbsp;<\/p>\n<p><strong>TAIBON<\/strong><\/p>\n<blockquote><p><strong><a class=\"dt-pswp-item\" href=\"http:\/\/www.radiopiu.net\/wordpress\/wp-content\/uploads\/2019\/04\/WhatsApp-Image-2019-04-05-at-15.26.16.jpeg\" data-dt-img-description=\"\" data-large_image_width=\"1132\" data-large_image_height=\"1600\"><img loading=\"lazy\" decoding=\"async\" class=\"wp-image-81807 alignleft\" src=\"http:\/\/www.radiopiu.net\/wordpress\/wp-content\/uploads\/2019\/04\/WhatsApp-Image-2019-04-05-at-15.26.16-724x1024.jpeg\" alt=\"\" width=\"164\" height=\"232\" srcset=\"https:\/\/www.radiopiu.net\/wordpress\/wp-content\/uploads\/2019\/04\/WhatsApp-Image-2019-04-05-at-15.26.16-724x1024.jpeg 724w, https:\/\/www.radiopiu.net\/wordpress\/wp-content\/uploads\/2019\/04\/WhatsApp-Image-2019-04-05-at-15.26.16-212x300.jpeg 212w, https:\/\/www.radiopiu.net\/wordpress\/wp-content\/uploads\/2019\/04\/WhatsApp-Image-2019-04-05-at-15.26.16-768x1086.jpeg 768w, https:\/\/www.radiopiu.net\/wordpress\/wp-content\/uploads\/2019\/04\/WhatsApp-Image-2019-04-05-at-15.26.16.jpeg 1132w\" sizes=\"auto, (max-width: 164px) 100vw, 164px\" \/><\/a>PROGRAMMA<\/strong>: 19 cena pro-pompieri, prezzo 10 euro piatto unico. 20.30 Presentazione del torneo agordino di calcio e sorteggio per la preparazione del calendario, saranno svelate le sedi dei quarti, semifinali e finali.\u00a0 Dalle 21.30 riconoscimento ai vigili del fuoco di Belluno-Agordo e al Soccorso Alpino per l&#8217;eroico salvataggio di Michel e Andrea sulle Pale si San Lucano nel giorno del pauroso incendio di fine ottobre. Riconoscimento all&#8217;Air center di Cortina, intervenuta con l&#8217;elicottero<\/p>\n<p>&nbsp;<\/p>\n<p>A seguire premiazione delle ragazze dell&#8217;Alleghe Hockey Girls fresche campionesse d&#8217;Italia della massima serie. Dalle 22 gli artisti bellunesi in concerto.<\/p><\/blockquote>\n<p>&nbsp;<\/p>\n<p>&nbsp;<\/p>\n<p>&nbsp;<\/p>\n<p>&nbsp;<\/p>\n<h2>DAL 15 APRILE NOVITA&#8217; . . .\u00a0 ALLA RADIO PIU&#8217;<\/h2>\n<p><strong><a class=\"dt-pswp-item\" href=\"http:\/\/www.radiopiu.net\/wordpress\/wp-content\/uploads\/2017\/04\/MyRadioPiu_miaidea.png\" data-dt-img-description=\"\" data-large_image_width=\"483\" data-large_image_height=\"374\"><img loading=\"lazy\" decoding=\"async\" class=\"wp-image-30709 alignleft\" src=\"http:\/\/www.radiopiu.net\/wordpress\/wp-content\/uploads\/2017\/04\/MyRadioPiu_miaidea.png\" alt=\"\" width=\"96\" height=\"74\" \/><\/a>TAIBON<\/strong> Da lunedi 15 aprile il palinsesto di RADIOPIU si arricchisce di due nuovi programmi.\u00a0 Tutti i giorni fino all&#8217;11 maggio alle 9 del mattino e alle 20.30 &#8220;I misteri di Alleghe&#8221; un format radiofonico nuovo con l&#8217;attore ROBERTO FAORO. Il lunedi e il venerdi alle 14.00 e 20.30 il ritorno della storica voce femminile degli anni Ottanta PAOLA LANCIATO con un programma dedicato ai viaggi.<\/p>\n<blockquote><p>&nbsp;<\/p>\n<p><strong><a class=\"dt-pswp-item\" href=\"http:\/\/www.radiopiu.net\/wordpress\/wp-content\/uploads\/2019\/04\/WhatsApp-Image-2019-04-05-at-11.30.01.jpeg\" data-dt-img-description=\"\" data-large_image_width=\"725\" data-large_image_height=\"1024\"><img loading=\"lazy\" decoding=\"async\" class=\"wp-image-81695 alignleft\" src=\"http:\/\/www.radiopiu.net\/wordpress\/wp-content\/uploads\/2019\/04\/WhatsApp-Image-2019-04-05-at-11.30.01-725x1024.jpeg\" alt=\"\" width=\"81\" height=\"114\" srcset=\"https:\/\/www.radiopiu.net\/wordpress\/wp-content\/uploads\/2019\/04\/WhatsApp-Image-2019-04-05-at-11.30.01.jpeg 725w, https:\/\/www.radiopiu.net\/wordpress\/wp-content\/uploads\/2019\/04\/WhatsApp-Image-2019-04-05-at-11.30.01-212x300.jpeg 212w\" sizes=\"auto, (max-width: 81px) 100vw, 81px\" \/><\/a>ROBERTO FAORO<\/strong>: &#8220;Ho giocato a carte con l&#8217;assassino&#8221; \u00e8 tra l&#8217;altro uno spettacolo con la regia di Francesco Bortolini, l&#8217;attore Roberto Faoro da un&#8217;idea di Antonio Fiabane. Spettacolo che molti anni fa aveva ottenuto un clamoroso successo ad Agordo, sabato 27 aprile alle 21 e domenica 28 aprile alle 18 sar\u00e0 replicato alla Casa della Gioventu&#8217; di Caviola. Da lunedi radio piu&#8217; trasmette 27 puntate radiofoniche, ogni giorno alle 9 e alle 20.30<\/p><\/blockquote>\n<p>LA SIGLA&#8230;<\/p>\n<audio class=\"wp-audio-shortcode\" id=\"audio-82230-14\" preload=\"none\" style=\"width: 100%;\" controls=\"controls\"><source type=\"audio\/mpeg\" src=\"http:\/\/www.radiopiu.net\/wordpress\/wp-content\/uploads\/2019\/04\/SIGLA-MISTERI-ALLEGHE.mp3?_=14\" \/><a href=\"http:\/\/www.radiopiu.net\/wordpress\/wp-content\/uploads\/2019\/04\/SIGLA-MISTERI-ALLEGHE.mp3\">http:\/\/www.radiopiu.net\/wordpress\/wp-content\/uploads\/2019\/04\/SIGLA-MISTERI-ALLEGHE.mp3<\/a><\/audio>\n<blockquote><p>&nbsp;<\/p>\n<p><strong><a class=\"dt-pswp-item\" href=\"http:\/\/www.radiopiu.net\/wordpress\/wp-content\/uploads\/2019\/04\/55692774_277427973175299_3767213736280981504_n.jpg\" data-dt-img-description=\"\" data-large_image_width=\"960\" data-large_image_height=\"956\"><img loading=\"lazy\" decoding=\"async\" class=\"wp-image-81698 alignleft\" src=\"http:\/\/www.radiopiu.net\/wordpress\/wp-content\/uploads\/2019\/04\/55692774_277427973175299_3767213736280981504_n.jpg\" alt=\"\" width=\"87\" height=\"87\" srcset=\"https:\/\/www.radiopiu.net\/wordpress\/wp-content\/uploads\/2019\/04\/55692774_277427973175299_3767213736280981504_n.jpg 960w, https:\/\/www.radiopiu.net\/wordpress\/wp-content\/uploads\/2019\/04\/55692774_277427973175299_3767213736280981504_n-150x150.jpg 150w, https:\/\/www.radiopiu.net\/wordpress\/wp-content\/uploads\/2019\/04\/55692774_277427973175299_3767213736280981504_n-300x300.jpg 300w, https:\/\/www.radiopiu.net\/wordpress\/wp-content\/uploads\/2019\/04\/55692774_277427973175299_3767213736280981504_n-768x765.jpg 768w\" sizes=\"auto, (max-width: 87px) 100vw, 87px\" \/><\/a><\/strong><\/p>\n<p><strong>PAOLA LANCIATO<\/strong> &#8220;Zaino da viaggio al femminile&#8221; \u00e8 un viaggio tra luoghi incantevoli del nostro Paese&#8221;. Idee spunti e appunti curiosando tra borghi e natura, storia e leggenda in giro per l&#8217;italia.<\/p><\/blockquote>\n<p>LA SIGLA&#8230;<\/p>\n<audio class=\"wp-audio-shortcode\" id=\"audio-82230-15\" preload=\"none\" style=\"width: 100%;\" controls=\"controls\"><source type=\"audio\/mpeg\" src=\"http:\/\/www.radiopiu.net\/wordpress\/wp-content\/uploads\/2019\/04\/SIGLA-PAOLA.mp3?_=15\" \/><a href=\"http:\/\/www.radiopiu.net\/wordpress\/wp-content\/uploads\/2019\/04\/SIGLA-PAOLA.mp3\">http:\/\/www.radiopiu.net\/wordpress\/wp-content\/uploads\/2019\/04\/SIGLA-PAOLA.mp3<\/a><\/audio>\n<p>&nbsp;<\/p>\n<p>&nbsp;<\/p>\n<h2><\/h2>\n<p>&nbsp;<\/p>\n<p><a class=\"dt-pswp-item\" href=\"http:\/\/www.radiopiu.net\/wordpress\/wp-content\/uploads\/2018\/09\/viabilita.jpeg\" data-dt-img-description=\"\" data-large_image_width=\"800\" data-large_image_height=\"100\"><img loading=\"lazy\" decoding=\"async\" class=\"alignnone size-full wp-image-61954\" src=\"http:\/\/www.radiopiu.net\/wordpress\/wp-content\/uploads\/2018\/09\/viabilita.jpeg\" alt=\"\" width=\"800\" height=\"100\" srcset=\"https:\/\/www.radiopiu.net\/wordpress\/wp-content\/uploads\/2018\/09\/viabilita.jpeg 800w, https:\/\/www.radiopiu.net\/wordpress\/wp-content\/uploads\/2018\/09\/viabilita-300x38.jpeg 300w, https:\/\/www.radiopiu.net\/wordpress\/wp-content\/uploads\/2018\/09\/viabilita-768x96.jpeg 768w\" sizes=\"auto, (max-width: 800px) 100vw, 800px\" \/><\/a><\/p>\n<p>&nbsp;<\/p>\n<p><strong>PROVINCIALE 2 VALLE DEL MIS<\/strong> Dal 6 al 12 aprile senso unico alternato con semaforo tra Pian Falcina e Pascoli.<\/p>\n<p><strong>\u00a0PROVINCIALE 347 DEL DURAN <\/strong>\u00a0Fino al 19 aprile tra CIbiana e Venas divieto di transito ai mezzi di massa superiore a 3,5 tonellate. Inoltre INTERDIZIONE TOTALE DELLA TRANSITABILITA&#8217; STRADALE NEI GIORNI LAVORATIVI (ESCLUSO SABATO E DOMENICA): DALLE 7.45 alle 9.45, dalle 10.15 alle 12.15, dalle 14 alle 15.30, dalle 16 alle 17.30<\/p>\n<p><strong>REGIONALE 203 AGORDINA\u00a0 <\/strong>Fino al 12 APRILE dalle 8 alle 17 senso unico alternato\u00a0 a monte del&#8217;abitato di Caprile<\/p>\n<p>&nbsp;<\/p>\n<p>&nbsp;<\/p>\n<h2><a class=\"dt-pswp-item\" href=\"http:\/\/www.radiopiu.net\/wordpress\/wp-content\/uploads\/2018\/09\/sport.jpg\" data-dt-img-description=\"\" data-large_image_width=\"800\" data-large_image_height=\"100\"><img loading=\"lazy\" decoding=\"async\" class=\"alignnone size-full wp-image-60761\" src=\"http:\/\/www.radiopiu.net\/wordpress\/wp-content\/uploads\/2018\/09\/sport.jpg\" alt=\"\" width=\"800\" height=\"100\" srcset=\"https:\/\/www.radiopiu.net\/wordpress\/wp-content\/uploads\/2018\/09\/sport.jpg 800w, https:\/\/www.radiopiu.net\/wordpress\/wp-content\/uploads\/2018\/09\/sport-300x38.jpg 300w, https:\/\/www.radiopiu.net\/wordpress\/wp-content\/uploads\/2018\/09\/sport-768x96.jpg 768w\" sizes=\"auto, (max-width: 800px) 100vw, 800px\" \/><\/a><\/h2>\n<h2>SCONFITTA A TESTA ALTA PER L&#8217;ITALIA FEMMINILE DI HOCKEY SU GHIACCIO<\/h2>\n<h3>ITALIA \u2013 NORVEGIA 0-2 PARZIALI: 0-1, 0-0, 0-1<\/h3>\n<p>Sconfitta a testa alta per l\u2019Italia femminile di hockey su ghiaccio. Le ragazze di Liberatore subiscono solo 2 gol dalla Norvegia dopo una partita giocata alla pari nei primi 30\u2032 di gara. Terza sconfitta consecutiva per le azzurre che rimangono in fondo alla classifica del torneo. Prima frazione di gioco giocata alla pari dalle azzurre che riescono a mettere in difficolt\u00e0 le novegesi in pi\u00f9 occasioni. Non mancano i botta e risposta e a fine tempo le scandinave passano in vantaggio. Nel drittel centrale l\u2019Italia continua a difendersi bene ma la Norvegia approfitta di un calo di concentrazione delle azzurre per provare a chiudere il match ma senza riuscirci. Ultimo tempo con le ragazze allenate da Liberatore che arrancano e subiscono le incursioni novegesi e la seconda marcatura del match. La nazionale ritorner\u00e0 in campo venerd\u00ec prossimo alle 17 quando si scontrer\u00e0 con l\u2019Ungheria allenata da Pat Cortina.<\/p>\n<p>&nbsp;<\/p>\n<p>&nbsp;<\/p>\n<p>&nbsp;<\/p>\n<h2><a class=\"dt-pswp-item\" href=\"http:\/\/www.radiopiu.net\/wordpress\/wp-content\/uploads\/2019\/03\/busin-passo-coe.jpeg\" data-dt-img-description=\"\" data-large_image_width=\"1600\" data-large_image_height=\"1200\"><img loading=\"lazy\" decoding=\"async\" class=\"wp-image-79347 alignleft\" src=\"http:\/\/www.radiopiu.net\/wordpress\/wp-content\/uploads\/2019\/03\/busin-passo-coe-300x225.jpeg\" alt=\"\" width=\"171\" height=\"128\" srcset=\"https:\/\/www.radiopiu.net\/wordpress\/wp-content\/uploads\/2019\/03\/busin-passo-coe-300x225.jpeg 300w, https:\/\/www.radiopiu.net\/wordpress\/wp-content\/uploads\/2019\/03\/busin-passo-coe-768x576.jpeg 768w, https:\/\/www.radiopiu.net\/wordpress\/wp-content\/uploads\/2019\/03\/busin-passo-coe-1024x768.jpeg 1024w, https:\/\/www.radiopiu.net\/wordpress\/wp-content\/uploads\/2019\/03\/busin-passo-coe.jpeg 1600w\" sizes=\"auto, (max-width: 171px) 100vw, 171px\" \/><\/a>UNA STAGIONE DA&#8230; LORENZO BUSIN<\/h2>\n<p><strong>di Marco Gaz<\/strong><\/p>\n<audio class=\"wp-audio-shortcode\" id=\"audio-82230-16\" preload=\"none\" style=\"width: 100%;\" controls=\"controls\"><source type=\"audio\/mpeg\" src=\"http:\/\/www.radiopiu.net\/wordpress\/wp-content\/uploads\/2019\/04\/gr-11-sport-lorenzo-busin-no-sigla.mp3?_=16\" \/><a href=\"http:\/\/www.radiopiu.net\/wordpress\/wp-content\/uploads\/2019\/04\/gr-11-sport-lorenzo-busin-no-sigla.mp3\">http:\/\/www.radiopiu.net\/wordpress\/wp-content\/uploads\/2019\/04\/gr-11-sport-lorenzo-busin-no-sigla.mp3<\/a><\/audio>\n<h2><\/h2>\n<h2><\/h2>\n<h2><\/h2>\n<h2><\/h2>\n<h2><\/h2>\n<h2>RISULTATI SODDISFACENTI DAI PILOTI BELLUNESI, DI ROBERTO BONA<\/h2>\n<p>Fine settimana a Monza con Andrea Fontana su Bmw al terzo posto. Castellano vince una gara e poi \u00e8 costretto al ritiro. Debutto di Denis Mezzacasa su mono posto, si conferma pilota dal grande stile<\/p>\n<audio class=\"wp-audio-shortcode\" id=\"audio-82230-17\" preload=\"none\" style=\"width: 100%;\" controls=\"controls\"><source type=\"audio\/mpeg\" src=\"http:\/\/www.radiopiu.net\/wordpress\/wp-content\/uploads\/2019\/04\/ROBERTO-BONA.mp3?_=17\" \/><a href=\"http:\/\/www.radiopiu.net\/wordpress\/wp-content\/uploads\/2019\/04\/ROBERTO-BONA.mp3\">http:\/\/www.radiopiu.net\/wordpress\/wp-content\/uploads\/2019\/04\/ROBERTO-BONA.mp3<\/a><\/audio>\n\n\t\t\t<style type='text\/css'>\n\t\t\t\t#gallery-2 {\n\t\t\t\t\tmargin: auto;\n\t\t\t\t}\n\t\t\t\t#gallery-2 .gallery-item {\n\t\t\t\t\tfloat: left;\n\t\t\t\t\tmargin-top: 10px;\n\t\t\t\t\ttext-align: center;\n\t\t\t\t\twidth: 33%;\n\t\t\t\t}\n\t\t\t\t#gallery-2 img {\n\t\t\t\t\tborder: 2px solid #cfcfcf;\n\t\t\t\t}\n\t\t\t\t#gallery-2 .gallery-caption {\n\t\t\t\t\tmargin-left: 0;\n\t\t\t\t}\n\t\t\t\t\/* see gallery_shortcode() in wp-includes\/media.php *\/\n\t\t\t<\/style>\n\t\t<div id='gallery-2' class='dt-gallery-container gallery galleryid-82230 gallery-columns-3 gallery-size-thumbnail'><dl class='gallery-item'>\n\t\t\t\t<dt class='gallery-icon landscape'>\n\t\t\t\t\t<a class=\"rollover\" href='https:\/\/www.radiopiu.net\/wordpress\/risultati-soddisfacenti-dai-piloti-bellunesi-di-roberto-bona\/56485646_10205524804477517_8226358523697561600_o\/'><img loading=\"lazy\" decoding=\"async\" width=\"150\" height=\"150\" src=\"https:\/\/www.radiopiu.net\/wordpress\/wp-content\/uploads\/2019\/04\/56485646_10205524804477517_8226358523697561600_o-150x150.jpg\" class=\"attachment-thumbnail size-thumbnail\" alt=\"\" \/><\/a>\n\t\t\t\t<\/dt><\/dl><dl class='gallery-item'>\n\t\t\t\t<dt class='gallery-icon landscape'>\n\t\t\t\t\t<a class=\"rollover\" href='https:\/\/www.radiopiu.net\/wordpress\/risultati-soddisfacenti-dai-piloti-bellunesi-di-roberto-bona\/56757440_324293048260220_4972382560265961472_o\/'><img loading=\"lazy\" decoding=\"async\" width=\"150\" height=\"150\" src=\"https:\/\/www.radiopiu.net\/wordpress\/wp-content\/uploads\/2019\/04\/56757440_324293048260220_4972382560265961472_o-150x150.jpg\" class=\"attachment-thumbnail size-thumbnail\" alt=\"\" \/><\/a>\n\t\t\t\t<\/dt><\/dl><dl class='gallery-item'>\n\t\t\t\t<dt class='gallery-icon landscape'>\n\t\t\t\t\t<a class=\"rollover\" href='https:\/\/www.radiopiu.net\/wordpress\/risultati-soddisfacenti-dai-piloti-bellunesi-di-roberto-bona\/56963212_10213909704273313_8891661181324886016_o\/'><img loading=\"lazy\" decoding=\"async\" width=\"150\" height=\"150\" src=\"https:\/\/www.radiopiu.net\/wordpress\/wp-content\/uploads\/2019\/04\/56963212_10213909704273313_8891661181324886016_o-150x150.jpg\" class=\"attachment-thumbnail size-thumbnail\" alt=\"\" \/><\/a>\n\t\t\t\t<\/dt><\/dl><br style=\"clear: both\" \/>\n\t\t\t<\/div>\n\n<p>&nbsp;<\/p>\n<p>&nbsp;<\/p>\n<p><b><a class=\"dt-pswp-item\" href=\"http:\/\/www.radiopiu.net\/wordpress\/wp-content\/uploads\/2018\/09\/WhatsApp-Image-2018-09-20-at-16.04.06.jpeg\" data-dt-img-description=\"\" data-large_image_width=\"800\" data-large_image_height=\"100\"><img loading=\"lazy\" decoding=\"async\" class=\"alignnone wp-image-61378 size-full\" src=\"http:\/\/www.radiopiu.net\/wordpress\/wp-content\/uploads\/2018\/09\/WhatsApp-Image-2018-09-20-at-16.04.06.jpeg\" alt=\"\" width=\"800\" height=\"100\" srcset=\"https:\/\/www.radiopiu.net\/wordpress\/wp-content\/uploads\/2018\/09\/WhatsApp-Image-2018-09-20-at-16.04.06.jpeg 800w, https:\/\/www.radiopiu.net\/wordpress\/wp-content\/uploads\/2018\/09\/WhatsApp-Image-2018-09-20-at-16.04.06-300x38.jpeg 300w, https:\/\/www.radiopiu.net\/wordpress\/wp-content\/uploads\/2018\/09\/WhatsApp-Image-2018-09-20-at-16.04.06-768x96.jpeg 768w\" sizes=\"auto, (max-width: 800px) 100vw, 800px\" \/><\/a><\/b><\/p>\n<p><b>Giovedi 11<\/b> <b>Tempo atteso: <\/b>Nella notte e al mattino tempo debolmente perturbato con cielo molto nuvoloso o coperto, associato a fenomeni diffusi; tendenza ad attenuazione dei fenomeni al pomeriggio\/sera a partire da Nord. Clima un po&#8217; pi\u00f9 fresco.<br \/>\n<b>Precipitazioni: <\/b>Fino al primo pomeriggio perlopi\u00f9 deboli diffuse, a tratti moderate (60\/80%) specie sui settori prealpini esposti alle correnti orientali. Al pomeriggio\/sera attenuazione dei fenomeni a partire dalle Dolomiti, mentre potranno risultare pi\u00f9 insistenti sulle Prealpi specie centro-occidentali. Limite della neve tra 1400 e 1700 m in funzione dell&#8217;intensit\u00e0 nella notte, in calo entro sera a 1300\/1500 m in caso di persistenza dei fenomeni. In 24 ore saranno possibili da 5\/10 mm sui settori dolomitici pi\u00f9 settentrionali a 20\/30 mm su alcuni settori prealpini, localmente fino a 30\/40 mm su quelli esposti a Est; oltre i 1800\/2000 m saranno possibili 5\/20 cm di neve fresca sulle Dolomiti, fino a 20\/30 cm sui settori prealpini pi\u00f9 elevati.<br \/>\n<b>Temperature: <\/b>Nelle valli minime stazionarie e massime in lieve calo; in quota in lieve calo con minime alla sera. Su Prealpi a 1500 m min 0\u00b0C max 3\u00b0C, a 2000 m min -1\u00b0C max 1\u00b0C. Su Dolomiti a 2000 m min -1\u00b0C max 1\u00b0C, a 3000 m min -7\u00b0C max -5\u00b0C.<br \/>\n<b>Venti: <\/b>Nelle valli perlopi\u00f9 deboli di direzione variabile; in quota da deboli a moderati, a tratti tesi, nord-orientali, a 10-25 km\/h a 2000 m, 15-40 km\/h a 3000 m.<\/p>\n<hr \/>\n<p><b>Venerdi 12<\/b> <b>Tempo atteso: <\/b>Tempo da variabile, con nuvolosit\u00e0 irregolare spesso estesa e schiarite solo sporadiche, a debolmente instabile per formazione di cumuli a moderato sviluppo, specie sulle Prealpi al pomeriggio, con possibilit\u00e0 di fenomeni locali. Clima pi\u00f9 fresco, eccetto in caso di qualche schiarita pi\u00f9 ampia.<br \/>\n<b>Precipitazioni: <\/b>Al mattino assenti o limitate a qualche sporadico locale rovescio (20\/30%); al pomeriggio\/sera possibili rovesci sparsi (40\/60%), pi\u00f9 probabili sulle Prealpi, eventualmente nevosi a 1400\/1600 m, con limite in calo anche a 1100\/1300 m in caso di rovesci intensi.<br \/>\n<b>Temperature: <\/b>In ulteriore lieve calo, eccetto le massime in qualche valle, in lieve aumento in funzione di qualche possibile schiarita. Su Prealpi a 1500 m min 0\u00b0C max 4\u00b0C, a 2000 m min -2\u00b0C max 1\u00b0C. Su Dolomiti a 2000 m min -2\u00b0C max 1\u00b0C, a 3000 m min -8\u00b0C max -6\u00b0C.<br \/>\n<b>Venti: <\/b>Nelle valli perlopi\u00f9 deboli di direzione variabile; in quota deboli orientali, a 5-15 km\/h a 2000 m, 10-20 km\/h a 3000 m.<\/p>\n<hr \/>\n<p><b>Sabato 13<\/b>Giornata ancora perlopi\u00f9 nuvolosa e fresca, con possibile nuova intensificazione della nuvolosit\u00e0 al pomeriggio\/sera, quando saranno possibili deboli rovesci sparsi, eventualmente nevosi a 1000\/1300 m. Clima fresco, anche se con massime in possibile rialzo in funzione delle schiarite. Venti deboli nord-orientali.<\/p>\n<hr \/>\n<p><b>Domenica 14<\/b>Giornata ancora nuvolosa con rischio di residue precipitazioni, nevose a 900\/1200 m nella notte poi in lieve rialzo. Tendenza ad attenuazione della nuvolosit\u00e0 verso sera a partire da Nord. Clima fresco per il periodo. Previsore: G.M.<\/p>\n<p>&nbsp;<\/p>\n<p>&nbsp;<\/p>\n<audio class=\"wp-audio-shortcode\" id=\"audio-82230-18\" preload=\"none\" style=\"width: 100%;\" controls=\"controls\"><source type=\"audio\/mpeg\" src=\"http:\/\/www.radiopiu.net\/wordpress\/wp-content\/uploads\/2019\/04\/SILVIA.mp3?_=18\" \/><a href=\"http:\/\/www.radiopiu.net\/wordpress\/wp-content\/uploads\/2019\/04\/SILVIA.mp3\">http:\/\/www.radiopiu.net\/wordpress\/wp-content\/uploads\/2019\/04\/SILVIA.mp3<\/a><\/audio>\n","protected":false},"excerpt":{"rendered":"<p>DAL CONSIGLIO COMUNALE DI AGORDO DI IERI SERA Luciana Nervo (prima moglie di Leonardo Del Vecchio) ha donato al Comune di Agordo gli appartamenti del condominio Arcadia (via 5 maggio vicino ex Istituto Minerario) gestiti dal Csv e destinati a soggetti con disabilit\u00e0. L&#8217;amministrazione ringraziando la signora Luciana ha accettato la donazione con l&#8217;impegno che&hellip;<\/p>\n","protected":false},"author":1,"featured_media":82258,"comment_status":"closed","ping_status":"closed","sticky":false,"template":"","format":"standard","meta":{"_monsterinsights_skip_tracking":false,"_monsterinsights_sitenote_active":false,"_monsterinsights_sitenote_note":"","_monsterinsights_sitenote_category":0,"footnotes":""},"categories":[86],"tags":[],"class_list":["post-82230","post","type-post","status-publish","format-standard","has-post-thumbnail","hentry","category-gr","category-86","description-off"],"img_url":"https:\/\/www.radiopiu.net\/wordpress\/wp-content\/uploads\/2019\/04\/WhatsApp-Image-2019-04-10-at-13.09.30.jpeg","_links":{"self":[{"href":"https:\/\/www.radiopiu.net\/wordpress\/wp-json\/wp\/v2\/posts\/82230","targetHints":{"allow":["GET"]}}],"collection":[{"href":"https:\/\/www.radiopiu.net\/wordpress\/wp-json\/wp\/v2\/posts"}],"about":[{"href":"https:\/\/www.radiopiu.net\/wordpress\/wp-json\/wp\/v2\/types\/post"}],"author":[{"embeddable":true,"href":"https:\/\/www.radiopiu.net\/wordpress\/wp-json\/wp\/v2\/users\/1"}],"replies":[{"embeddable":true,"href":"https:\/\/www.radiopiu.net\/wordpress\/wp-json\/wp\/v2\/comments?post=82230"}],"version-history":[{"count":0,"href":"https:\/\/www.radiopiu.net\/wordpress\/wp-json\/wp\/v2\/posts\/82230\/revisions"}],"wp:featuredmedia":[{"embeddable":true,"href":"https:\/\/www.radiopiu.net\/wordpress\/wp-json\/wp\/v2\/media\/82258"}],"wp:attachment":[{"href":"https:\/\/www.radiopiu.net\/wordpress\/wp-json\/wp\/v2\/media?parent=82230"}],"wp:term":[{"taxonomy":"category","embeddable":true,"href":"https:\/\/www.radiopiu.net\/wordpress\/wp-json\/wp\/v2\/categories?post=82230"},{"taxonomy":"post_tag","embeddable":true,"href":"https:\/\/www.radiopiu.net\/wordpress\/wp-json\/wp\/v2\/tags?post=82230"}],"curies":[{"name":"wp","href":"https:\/\/api.w.org\/{rel}","templated":true}]}}