{"id":82287,"date":"2019-04-11T05:31:32","date_gmt":"2019-04-11T03:31:32","guid":{"rendered":"http:\/\/www.radiopiu.net\/wordpress\/?p=82287"},"modified":"2019-04-12T12:53:07","modified_gmt":"2019-04-12T10:53:07","slug":"variazioni-al-bilancio-per-80-mila-euro-nel-consiglio-comunale-di-agordo-interesse-per-lautovelox","status":"publish","type":"post","link":"https:\/\/www.radiopiu.net\/wordpress\/variazioni-al-bilancio-per-80-mila-euro-nel-consiglio-comunale-di-agordo-interesse-per-lautovelox\/","title":{"rendered":"VARIAZIONI AL BILANCIO PER 80 MILA EURO NEL CONSIGLIO COMUNALE DI AGORDO, INTERESSE PER L&#8217;AUTOVELOX"},"content":{"rendered":"<h2><\/h2>\n<blockquote><p><em><strong>AGORDO.<\/strong> \u00c8 una variazione da 79 mila euro quella che \u00e8 stata approvata nel corso del consiglio comunale di ieri sera. Sono stati integrati alcuni capitoli di spesa sia per quanta riguarda le spese correnti sia per quanto riguarda quelle in conto capitale.<\/em><\/p><\/blockquote>\n<p><strong><a class=\"dt-pswp-item\" href=\"http:\/\/www.radiopiu.net\/wordpress\/wp-content\/uploads\/2019\/04\/WhatsApp-Image-2019-04-10-at-18.57.15.jpeg\" data-dt-img-description=\"\" data-large_image_width=\"1599\" data-large_image_height=\"1200\"><img loading=\"lazy\" decoding=\"async\" class=\" wp-image-82283 alignleft\" src=\"http:\/\/www.radiopiu.net\/wordpress\/wp-content\/uploads\/2019\/04\/WhatsApp-Image-2019-04-10-at-18.57.15-300x225.jpeg\" alt=\"\" width=\"373\" height=\"280\" srcset=\"https:\/\/www.radiopiu.net\/wordpress\/wp-content\/uploads\/2019\/04\/WhatsApp-Image-2019-04-10-at-18.57.15-300x225.jpeg 300w, https:\/\/www.radiopiu.net\/wordpress\/wp-content\/uploads\/2019\/04\/WhatsApp-Image-2019-04-10-at-18.57.15-768x576.jpeg 768w, https:\/\/www.radiopiu.net\/wordpress\/wp-content\/uploads\/2019\/04\/WhatsApp-Image-2019-04-10-at-18.57.15-1024x768.jpeg 1024w, https:\/\/www.radiopiu.net\/wordpress\/wp-content\/uploads\/2019\/04\/WhatsApp-Image-2019-04-10-at-18.57.15.jpeg 1599w\" sizes=\"auto, (max-width: 373px) 100vw, 373px\" \/><\/a><\/strong> Due nuovi autovelox per Agordo, di nuova generazione non pi\u00f9 nei cassoni laterali alla strada, ma su pali come a Morbiach e Candaten, ma essendo in centro abitato sar\u00e0 sempre necessaria la presenza del vigile urbano che attiver\u00e0 l&#8217;impianto con un semplice tablet. Il Comune di Agordo la previsione di spesa l&#8217;ha fatta, decider\u00e0 la nuova amministrazione se concretizzare il progetto o lasciare tutto come oggi con 3 autovelox di vecchia generazione. &#8220;Ne vorremmo cambiare 2 su 3 &#8211; ha detto il sindaco Da Roit &#8211; a Pragrande e Bries, risparmiamo sul terzo di Veran&#8221;.<\/p>\n<p><strong>IL DIBATTITO SUL TEMA, INTERVENTI DI PAOLO SELVA MORETTI SISTO DA ROIT E ROBERTO CHISSALE&#8217;<\/strong><\/p>\n<audio class=\"wp-audio-shortcode\" id=\"audio-82287-1\" preload=\"none\" style=\"width: 100%;\" controls=\"controls\"><source type=\"audio\/mpeg\" src=\"http:\/\/www.radiopiu.net\/wordpress\/wp-content\/uploads\/2019\/04\/autovelox.mp3?_=1\" \/><a href=\"http:\/\/www.radiopiu.net\/wordpress\/wp-content\/uploads\/2019\/04\/autovelox.mp3\">http:\/\/www.radiopiu.net\/wordpress\/wp-content\/uploads\/2019\/04\/autovelox.mp3<\/a><\/audio>\n<p>&nbsp;<\/p>\n","protected":false},"excerpt":{"rendered":"<p>AGORDO. \u00c8 una variazione da 79 mila euro quella che \u00e8 stata approvata nel corso del consiglio comunale di ieri sera. Sono stati integrati alcuni capitoli di spesa sia per quanta riguarda le spese correnti sia per quanto riguarda quelle in conto capitale. Due nuovi autovelox per Agordo, di nuova generazione non pi\u00f9 nei cassoni&hellip;<\/p>\n","protected":false},"author":1,"featured_media":82283,"comment_status":"closed","ping_status":"closed","sticky":false,"template":"","format":"standard","meta":{"_monsterinsights_skip_tracking":false,"_monsterinsights_sitenote_active":false,"_monsterinsights_sitenote_note":"","_monsterinsights_sitenote_category":0,"footnotes":""},"categories":[51,49],"tags":[],"class_list":["post-82287","post","type-post","status-publish","format-standard","has-post-thumbnail","hentry","category-evidenza-top","category-news-18","category-51","category-49","description-off"],"img_url":"https:\/\/www.radiopiu.net\/wordpress\/wp-content\/uploads\/2019\/04\/WhatsApp-Image-2019-04-10-at-18.57.15.jpeg","_links":{"self":[{"href":"https:\/\/www.radiopiu.net\/wordpress\/wp-json\/wp\/v2\/posts\/82287","targetHints":{"allow":["GET"]}}],"collection":[{"href":"https:\/\/www.radiopiu.net\/wordpress\/wp-json\/wp\/v2\/posts"}],"about":[{"href":"https:\/\/www.radiopiu.net\/wordpress\/wp-json\/wp\/v2\/types\/post"}],"author":[{"embeddable":true,"href":"https:\/\/www.radiopiu.net\/wordpress\/wp-json\/wp\/v2\/users\/1"}],"replies":[{"embeddable":true,"href":"https:\/\/www.radiopiu.net\/wordpress\/wp-json\/wp\/v2\/comments?post=82287"}],"version-history":[{"count":0,"href":"https:\/\/www.radiopiu.net\/wordpress\/wp-json\/wp\/v2\/posts\/82287\/revisions"}],"wp:featuredmedia":[{"embeddable":true,"href":"https:\/\/www.radiopiu.net\/wordpress\/wp-json\/wp\/v2\/media\/82283"}],"wp:attachment":[{"href":"https:\/\/www.radiopiu.net\/wordpress\/wp-json\/wp\/v2\/media?parent=82287"}],"wp:term":[{"taxonomy":"category","embeddable":true,"href":"https:\/\/www.radiopiu.net\/wordpress\/wp-json\/wp\/v2\/categories?post=82287"},{"taxonomy":"post_tag","embeddable":true,"href":"https:\/\/www.radiopiu.net\/wordpress\/wp-json\/wp\/v2\/tags?post=82287"}],"curies":[{"name":"wp","href":"https:\/\/api.w.org\/{rel}","templated":true}]}}