{"id":82441,"date":"2019-04-12T12:44:01","date_gmt":"2019-04-12T10:44:01","guid":{"rendered":"http:\/\/www.radiopiu.net\/wordpress\/?p=82441"},"modified":"2019-04-23T06:57:24","modified_gmt":"2019-04-23T04:57:24","slug":"bries-lavori-terminati-tutti-possono-tornare-a-casa-ma-la-strada-rimane-chiusa","status":"publish","type":"post","link":"https:\/\/www.radiopiu.net\/wordpress\/bries-lavori-terminati-tutti-possono-tornare-a-casa-ma-la-strada-rimane-chiusa\/","title":{"rendered":"BRIES: LAVORI TERMINATI TUTTI POSSONO TORNARE A CASA MA LA STRADA RIMANE CHIUSA."},"content":{"rendered":"<p><strong>AGORDO<\/strong> In meno di 40 giorni lavorativi la Provincia da il nulla osta e il sindaco firma l&#8217;ordinanza con cui tutte le famiglie possono ritornare nelle loro abitazioni. Come da programma e se non pioveva per una settimana i lavori terminavano ancora prima. Non sono mancati i complimenti alla Dolomiti Rocce per come ha saputo svolgere bene e nei tempi i lavori per la realizzazione del vallo che garantir\u00e0 sicurezza a chi vive nella frazione. Ben 3000 lanci simulati confermano che il vallo funziona.<\/p>\n<p><a class=\"dt-pswp-item\" href=\"http:\/\/www.radiopiu.net\/wordpress\/wp-content\/uploads\/2019\/04\/WhatsApp-Image-2019-04-12-at-11.21.03.jpeg\" data-dt-img-description=\"\" data-large_image_width=\"1600\" data-large_image_height=\"900\"><img loading=\"lazy\" decoding=\"async\" class=\"alignnone wp-image-82459 size-full\" src=\"http:\/\/www.radiopiu.net\/wordpress\/wp-content\/uploads\/2019\/04\/WhatsApp-Image-2019-04-12-at-11.21.03.jpeg\" alt=\"\" width=\"1600\" height=\"900\" srcset=\"https:\/\/www.radiopiu.net\/wordpress\/wp-content\/uploads\/2019\/04\/WhatsApp-Image-2019-04-12-at-11.21.03.jpeg 1600w, https:\/\/www.radiopiu.net\/wordpress\/wp-content\/uploads\/2019\/04\/WhatsApp-Image-2019-04-12-at-11.21.03-300x169.jpeg 300w, https:\/\/www.radiopiu.net\/wordpress\/wp-content\/uploads\/2019\/04\/WhatsApp-Image-2019-04-12-at-11.21.03-768x432.jpeg 768w, https:\/\/www.radiopiu.net\/wordpress\/wp-content\/uploads\/2019\/04\/WhatsApp-Image-2019-04-12-at-11.21.03-1024x576.jpeg 1024w\" sizes=\"auto, (max-width: 1600px) 100vw, 1600px\" \/><\/a><\/p>\n<p><strong>LA STRADA SEMPRE CHIUSA<\/strong> La regionale 203 agordina tra Taibon e Toccol rimane chiusa,\u00a0 chi deve intervenire sulle reti tecnologiche, scarichi e acquedotti danneggiati non ha ancora iniziato. La giustificazione<em> &#8220;Era pericoloso lavorare sotto al cantiere&#8221;<\/em>, ma per le maestranze che hanno realizzato il vallo non esistevano forse gli stessi problemi? Di certo la strada \u00e8 chiusa da pi\u00f9 di due mesi (dal 1 febbraio) ma solo perch\u00e9 c&#8217;\u00e8 una tangenziale che evita l&#8217;isolamento con l&#8217;Alto Agordino. Le attivit\u00e0 produttive di Toccol segnano invece bilanci in rosso perch\u00e9 su quel tratto di strada c&#8217;\u00e8 passata e ci passa ben poca gente. I lavori alla rete fognaria e alla strada inizieranno lunedi.<\/p>\n<p><a class=\"dt-pswp-item\" href=\"http:\/\/www.radiopiu.net\/wordpress\/wp-content\/uploads\/2019\/04\/WhatsApp-Image-2019-04-12-at-10.43.28.jpeg\" data-dt-img-description=\"\" data-large_image_width=\"1600\" data-large_image_height=\"900\"><img loading=\"lazy\" decoding=\"async\" class=\"size-medium wp-image-82456 alignleft\" src=\"http:\/\/www.radiopiu.net\/wordpress\/wp-content\/uploads\/2019\/04\/WhatsApp-Image-2019-04-12-at-10.43.28-300x169.jpeg\" alt=\"\" width=\"300\" height=\"169\" srcset=\"https:\/\/www.radiopiu.net\/wordpress\/wp-content\/uploads\/2019\/04\/WhatsApp-Image-2019-04-12-at-10.43.28-300x169.jpeg 300w, https:\/\/www.radiopiu.net\/wordpress\/wp-content\/uploads\/2019\/04\/WhatsApp-Image-2019-04-12-at-10.43.28-768x432.jpeg 768w, https:\/\/www.radiopiu.net\/wordpress\/wp-content\/uploads\/2019\/04\/WhatsApp-Image-2019-04-12-at-10.43.28-1024x576.jpeg 1024w, https:\/\/www.radiopiu.net\/wordpress\/wp-content\/uploads\/2019\/04\/WhatsApp-Image-2019-04-12-at-10.43.28.jpeg 1600w\" sizes=\"auto, (max-width: 300px) 100vw, 300px\" \/><\/a><\/p>\n<p>&nbsp;<\/p>\n<p>&nbsp;<\/p>\n<p><strong>GLI INTERVENTI, IL SINDACO DI AGORDO SISTO DA ROIT, IL CONSIGLIERE PROVINCIALE MASSIMO BORTOLUZZI E PIERANTONIO ZANCHETTA DEI SERVIZI FORESTALI PROVINCIALI<\/strong><\/p>\n<audio class=\"wp-audio-shortcode\" id=\"audio-82441-1\" preload=\"none\" style=\"width: 100%;\" controls=\"controls\"><source type=\"audio\/mpeg\" src=\"http:\/\/www.radiopiu.net\/wordpress\/wp-content\/uploads\/2019\/04\/DA-ROIT-BORTOLUZZI-ZANCHETTA.mp3?_=1\" \/><a href=\"http:\/\/www.radiopiu.net\/wordpress\/wp-content\/uploads\/2019\/04\/DA-ROIT-BORTOLUZZI-ZANCHETTA.mp3\">http:\/\/www.radiopiu.net\/wordpress\/wp-content\/uploads\/2019\/04\/DA-ROIT-BORTOLUZZI-ZANCHETTA.mp3<\/a><\/audio>\n<p>&nbsp;<\/p>\n<p><strong>I TECNICI GEOLOGO NICOLO&#8217; DOGLIONI E IL DIRETTORE LAVORI PAOLO DA ROLD \u00a0<\/strong><\/p>\n<p><strong><a class=\"dt-pswp-item\" href=\"http:\/\/www.radiopiu.net\/wordpress\/wp-content\/uploads\/2019\/04\/WhatsApp-Image-2019-04-12-at-10.53.24.jpeg\" data-dt-img-description=\"\" data-large_image_width=\"1600\" data-large_image_height=\"900\"><img loading=\"lazy\" decoding=\"async\" class=\"size-medium wp-image-82457 alignleft\" src=\"http:\/\/www.radiopiu.net\/wordpress\/wp-content\/uploads\/2019\/04\/WhatsApp-Image-2019-04-12-at-10.53.24-300x169.jpeg\" alt=\"\" width=\"300\" height=\"169\" srcset=\"https:\/\/www.radiopiu.net\/wordpress\/wp-content\/uploads\/2019\/04\/WhatsApp-Image-2019-04-12-at-10.53.24-300x169.jpeg 300w, https:\/\/www.radiopiu.net\/wordpress\/wp-content\/uploads\/2019\/04\/WhatsApp-Image-2019-04-12-at-10.53.24-768x432.jpeg 768w, https:\/\/www.radiopiu.net\/wordpress\/wp-content\/uploads\/2019\/04\/WhatsApp-Image-2019-04-12-at-10.53.24-1024x576.jpeg 1024w, https:\/\/www.radiopiu.net\/wordpress\/wp-content\/uploads\/2019\/04\/WhatsApp-Image-2019-04-12-at-10.53.24.jpeg 1600w\" sizes=\"auto, (max-width: 300px) 100vw, 300px\" \/><\/a><a class=\"dt-pswp-item\" href=\"http:\/\/www.radiopiu.net\/wordpress\/wp-content\/uploads\/2019\/04\/WhatsApp-Image-2019-04-12-at-10.59.44.jpeg\" data-dt-img-description=\"\" data-large_image_width=\"1600\" data-large_image_height=\"900\"><img loading=\"lazy\" decoding=\"async\" class=\"wp-image-82458 alignleft\" src=\"http:\/\/www.radiopiu.net\/wordpress\/wp-content\/uploads\/2019\/04\/WhatsApp-Image-2019-04-12-at-10.59.44-300x169.jpeg\" alt=\"\" width=\"300\" height=\"169\" srcset=\"https:\/\/www.radiopiu.net\/wordpress\/wp-content\/uploads\/2019\/04\/WhatsApp-Image-2019-04-12-at-10.59.44-300x169.jpeg 300w, https:\/\/www.radiopiu.net\/wordpress\/wp-content\/uploads\/2019\/04\/WhatsApp-Image-2019-04-12-at-10.59.44-768x432.jpeg 768w, https:\/\/www.radiopiu.net\/wordpress\/wp-content\/uploads\/2019\/04\/WhatsApp-Image-2019-04-12-at-10.59.44-1024x576.jpeg 1024w, https:\/\/www.radiopiu.net\/wordpress\/wp-content\/uploads\/2019\/04\/WhatsApp-Image-2019-04-12-at-10.59.44.jpeg 1600w\" sizes=\"auto, (max-width: 300px) 100vw, 300px\" \/><\/a><\/strong><\/p>\n<audio class=\"wp-audio-shortcode\" id=\"audio-82441-2\" preload=\"none\" style=\"width: 100%;\" controls=\"controls\"><source type=\"audio\/mpeg\" src=\"http:\/\/www.radiopiu.net\/wordpress\/wp-content\/uploads\/2019\/04\/DOGLIONI-DA-ROLD.mp3?_=2\" \/><a href=\"http:\/\/www.radiopiu.net\/wordpress\/wp-content\/uploads\/2019\/04\/DOGLIONI-DA-ROLD.mp3\">http:\/\/www.radiopiu.net\/wordpress\/wp-content\/uploads\/2019\/04\/DOGLIONI-DA-ROLD.mp3<\/a><\/audio>\n<p>&nbsp;<\/p>\n<p>&nbsp;<\/p>\n<p><strong><a class=\"dt-pswp-item\" href=\"http:\/\/www.radiopiu.net\/wordpress\/wp-content\/uploads\/2019\/04\/WhatsApp-Image-2019-04-12-at-10.40.02.jpeg\" data-dt-img-description=\"\" data-large_image_width=\"1600\" data-large_image_height=\"900\"><img loading=\"lazy\" decoding=\"async\" class=\"size-medium wp-image-82455 alignleft\" src=\"http:\/\/www.radiopiu.net\/wordpress\/wp-content\/uploads\/2019\/04\/WhatsApp-Image-2019-04-12-at-10.40.02-300x169.jpeg\" alt=\"\" width=\"300\" height=\"169\" srcset=\"https:\/\/www.radiopiu.net\/wordpress\/wp-content\/uploads\/2019\/04\/WhatsApp-Image-2019-04-12-at-10.40.02-300x169.jpeg 300w, https:\/\/www.radiopiu.net\/wordpress\/wp-content\/uploads\/2019\/04\/WhatsApp-Image-2019-04-12-at-10.40.02-768x432.jpeg 768w, https:\/\/www.radiopiu.net\/wordpress\/wp-content\/uploads\/2019\/04\/WhatsApp-Image-2019-04-12-at-10.40.02-1024x576.jpeg 1024w, https:\/\/www.radiopiu.net\/wordpress\/wp-content\/uploads\/2019\/04\/WhatsApp-Image-2019-04-12-at-10.40.02.jpeg 1600w\" sizes=\"auto, (max-width: 300px) 100vw, 300px\" \/><\/a> <\/strong><\/p>\n<p>&nbsp;<\/p>\n<p>&nbsp;<\/p>\n<p>&nbsp;<\/p>\n<p><strong>LA CHIUSURA DELLA REGIONALE 203 AGORDINA, TEMPI LUNGHI PER LA RIAPERTURA<\/strong><\/p>\n<audio class=\"wp-audio-shortcode\" id=\"audio-82441-3\" preload=\"none\" style=\"width: 100%;\" controls=\"controls\"><source type=\"audio\/mpeg\" src=\"http:\/\/www.radiopiu.net\/wordpress\/wp-content\/uploads\/2019\/04\/STRADA.mp3?_=3\" \/><a href=\"http:\/\/www.radiopiu.net\/wordpress\/wp-content\/uploads\/2019\/04\/STRADA.mp3\">http:\/\/www.radiopiu.net\/wordpress\/wp-content\/uploads\/2019\/04\/STRADA.mp3<\/a><\/audio>\n<p>&nbsp;<\/p>\n","protected":false},"excerpt":{"rendered":"<p>AGORDO In meno di 40 giorni lavorativi la Provincia da il nulla osta e il sindaco firma l&#8217;ordinanza con cui tutte le famiglie possono ritornare nelle loro abitazioni. Come da programma e se non pioveva per una settimana i lavori terminavano ancora prima. Non sono mancati i complimenti alla Dolomiti Rocce per come ha saputo&hellip;<\/p>\n","protected":false},"author":1,"featured_media":82455,"comment_status":"closed","ping_status":"closed","sticky":false,"template":"","format":"standard","meta":{"_monsterinsights_skip_tracking":false,"_monsterinsights_sitenote_active":false,"_monsterinsights_sitenote_note":"","_monsterinsights_sitenote_category":0,"footnotes":""},"categories":[51,103,49],"tags":[],"class_list":["post-82441","post","type-post","status-publish","format-standard","has-post-thumbnail","hentry","category-evidenza-top","category-evidenza_2","category-news-18","category-51","category-103","category-49","description-off"],"img_url":"https:\/\/www.radiopiu.net\/wordpress\/wp-content\/uploads\/2019\/04\/WhatsApp-Image-2019-04-12-at-10.40.02.jpeg","_links":{"self":[{"href":"https:\/\/www.radiopiu.net\/wordpress\/wp-json\/wp\/v2\/posts\/82441","targetHints":{"allow":["GET"]}}],"collection":[{"href":"https:\/\/www.radiopiu.net\/wordpress\/wp-json\/wp\/v2\/posts"}],"about":[{"href":"https:\/\/www.radiopiu.net\/wordpress\/wp-json\/wp\/v2\/types\/post"}],"author":[{"embeddable":true,"href":"https:\/\/www.radiopiu.net\/wordpress\/wp-json\/wp\/v2\/users\/1"}],"replies":[{"embeddable":true,"href":"https:\/\/www.radiopiu.net\/wordpress\/wp-json\/wp\/v2\/comments?post=82441"}],"version-history":[{"count":0,"href":"https:\/\/www.radiopiu.net\/wordpress\/wp-json\/wp\/v2\/posts\/82441\/revisions"}],"wp:featuredmedia":[{"embeddable":true,"href":"https:\/\/www.radiopiu.net\/wordpress\/wp-json\/wp\/v2\/media\/82455"}],"wp:attachment":[{"href":"https:\/\/www.radiopiu.net\/wordpress\/wp-json\/wp\/v2\/media?parent=82441"}],"wp:term":[{"taxonomy":"category","embeddable":true,"href":"https:\/\/www.radiopiu.net\/wordpress\/wp-json\/wp\/v2\/categories?post=82441"},{"taxonomy":"post_tag","embeddable":true,"href":"https:\/\/www.radiopiu.net\/wordpress\/wp-json\/wp\/v2\/tags?post=82441"}],"curies":[{"name":"wp","href":"https:\/\/api.w.org\/{rel}","templated":true}]}}