{"id":82477,"date":"2019-04-12T15:25:45","date_gmt":"2019-04-12T13:25:45","guid":{"rendered":"http:\/\/www.radiopiu.net\/wordpress\/?p=82477"},"modified":"2019-04-12T15:28:13","modified_gmt":"2019-04-12T13:28:13","slug":"riconfermato-fabio-giudice-alla-direzione-artistica-del-palio-di-feltre","status":"publish","type":"post","link":"https:\/\/www.radiopiu.net\/wordpress\/riconfermato-fabio-giudice-alla-direzione-artistica-del-palio-di-feltre\/","title":{"rendered":"RICONFERMATO FABIO GIUDICE ALLA DIREZIONE ARTISTICA DEL PALIO DI FELTRE"},"content":{"rendered":"<blockquote>\n<p lang=\"it-IT\"><em> In fatto di cavalli al Palio non si sbaglia un colpo e se il cavallo \u00e8 vincente il consiglio migliore \u00e8 quello di non cambiarlo.<\/em><\/p>\n<\/blockquote>\n<p lang=\"it-IT\" style=\"text-align: left;\"><span style=\"color: #000000;\"><span style=\"font-family: Calibri, sans-serif;\"><span style=\"font-size: small;\"><span style=\"font-family: Arial, sans-serif;\"><span style=\"font-size: medium;\"><a class=\"dt-pswp-item\" href=\"http:\/\/www.radiopiu.net\/wordpress\/wp-content\/uploads\/2019\/04\/Fabio-Giudice.jpg\" data-dt-img-description=\"\" data-large_image_width=\"880\" data-large_image_height=\"1600\"><img loading=\"lazy\" decoding=\"async\" class=\"size-medium wp-image-82478 alignleft\" src=\"http:\/\/www.radiopiu.net\/wordpress\/wp-content\/uploads\/2019\/04\/Fabio-Giudice-165x300.jpg\" alt=\"\" width=\"165\" height=\"300\" srcset=\"https:\/\/www.radiopiu.net\/wordpress\/wp-content\/uploads\/2019\/04\/Fabio-Giudice-165x300.jpg 165w, https:\/\/www.radiopiu.net\/wordpress\/wp-content\/uploads\/2019\/04\/Fabio-Giudice-768x1396.jpg 768w, https:\/\/www.radiopiu.net\/wordpress\/wp-content\/uploads\/2019\/04\/Fabio-Giudice-563x1024.jpg 563w, https:\/\/www.radiopiu.net\/wordpress\/wp-content\/uploads\/2019\/04\/Fabio-Giudice.jpg 880w\" sizes=\"auto, (max-width: 165px) 100vw, 165px\" \/><\/a><strong>FELTRE <\/strong>Fabio Giudice \u00e8 riconfermato direttore artistico del Palio di Feltre. Laureato all&#8217;Accademia di belle arti di Genova, seguendo gli studi di pittura, di incisione e di scenografia, nel 1997 si \u00e8 trasferito a Feltre, citt\u00e0 natale della madre e dei nonni, dedicandosi all&#8217;attivit\u00e0 di illustratore di opuscoli e di libri. Si ricorda in particolare il logo che nel duemila ha disegnato per il Giro d&#8217;Italia che attraversava la citt\u00e0. Nel corso degli anni (poco meno di una ventina) Fabio Giudice ha decisamente caratterizzato l&#8217;aspetto estetico della rievocazione storica, definendolo sempre pi\u00f9 come contenitore di cultura, in linea con il suo essere anche un artista, produttore di pittura, scultura e varie altre forme espressive. &#8220;Proprio per la specificit\u00e0, ha affermato, che ogni anno il Palio ospita un artista per disegnare il drappo e organizza una mostra delle sue opere, per il fatto, poi, che si parla di storia, di costume ma anche di artigianato, non dobbiamo ignorare che l&#8217;evento agostano \u00e8 soprattutto motore che veicola i vari aspetti della cultura locale. \u00c8 necessario, sottolinea Fabio Giudice, considerare questa manifestazione non solo come un insieme di gare sportive, finalizzate alla conquista del drappo ma anche come il racconto di una storia che dica a turisti e a concittadini quanto questa iniziativa sia qualificante per la citt\u00e0. E in questa prospettiva si collocano le mie scelte che guardano non alla quantit\u00e0 ma alla qualit\u00e0 dell&#8217;offerta. Credo nella condivisione dello staff del 2019, un gruppo rinnovato e certamente fautore di entusiasmo nelle eventuali nuove proposte, nonostante le difficolt\u00e0 di ordine burocratico o legate alla sicurezza che rendono sempre pi\u00f9 complessa l&#8217;organizzazione delle varie fasi della manifestazione&#8221;.<\/span><\/span><\/span><\/span><\/span><\/p>\n<blockquote>\n<p lang=\"it-IT\"><em><span style=\"color: #000000;\"><span style=\"color: #222222;\">\u201c<span style=\"font-family: Calibri, sans-serif;\"><span style=\"font-size: small;\"><span style=\"font-family: Arial, sans-serif;\"><span style=\"font-size: medium;\">Desidero esprimere grande soddisfazione per la conferma di Fabio Giudice, storica colonna della manifestazione, ha dichiarato Eugenio Tamburrino, presidente del Palio.<\/span><\/span><\/span><\/span><\/span><\/span><span style=\"color: #000000;\"><span style=\"font-family: Calibri, sans-serif;\"><span style=\"font-size: small;\"><span style=\"color: #222222;\"><span style=\"font-family: Arial, sans-serif;\"><span style=\"font-size: medium;\">Fabio \u00e8 un professionista di abilit\u00e0 riconosciuta sia in ambito feltrino sia in contesti pi\u00f9 ampi e grazie alla profonda conoscenza e al suo amore nei confronti della citt\u00e0, siamo sicuri che sia la scelta migliore e che sapr\u00e0 interpretare al meglio la connotazione cittadina di questa edizione 2019\u201d.<\/span><\/span><\/span><\/span><\/span><\/span><\/em><\/p>\n<\/blockquote>\n","protected":false},"excerpt":{"rendered":"<p>In fatto di cavalli al Palio non si sbaglia un colpo e se il cavallo \u00e8 vincente il consiglio migliore \u00e8 quello di non cambiarlo. FELTRE Fabio Giudice \u00e8 riconfermato direttore artistico del Palio di Feltre. Laureato all&#8217;Accademia di belle arti di Genova, seguendo gli studi di pittura, di incisione e di scenografia, nel 1997&hellip;<\/p>\n","protected":false},"author":1,"featured_media":82478,"comment_status":"closed","ping_status":"closed","sticky":false,"template":"","format":"standard","meta":{"_monsterinsights_skip_tracking":false,"_monsterinsights_sitenote_active":false,"_monsterinsights_sitenote_note":"","_monsterinsights_sitenote_category":0,"footnotes":""},"categories":[49],"tags":[],"class_list":["post-82477","post","type-post","status-publish","format-standard","has-post-thumbnail","hentry","category-news-18","category-49","description-off"],"img_url":"https:\/\/www.radiopiu.net\/wordpress\/wp-content\/uploads\/2019\/04\/Fabio-Giudice.jpg","_links":{"self":[{"href":"https:\/\/www.radiopiu.net\/wordpress\/wp-json\/wp\/v2\/posts\/82477","targetHints":{"allow":["GET"]}}],"collection":[{"href":"https:\/\/www.radiopiu.net\/wordpress\/wp-json\/wp\/v2\/posts"}],"about":[{"href":"https:\/\/www.radiopiu.net\/wordpress\/wp-json\/wp\/v2\/types\/post"}],"author":[{"embeddable":true,"href":"https:\/\/www.radiopiu.net\/wordpress\/wp-json\/wp\/v2\/users\/1"}],"replies":[{"embeddable":true,"href":"https:\/\/www.radiopiu.net\/wordpress\/wp-json\/wp\/v2\/comments?post=82477"}],"version-history":[{"count":0,"href":"https:\/\/www.radiopiu.net\/wordpress\/wp-json\/wp\/v2\/posts\/82477\/revisions"}],"wp:featuredmedia":[{"embeddable":true,"href":"https:\/\/www.radiopiu.net\/wordpress\/wp-json\/wp\/v2\/media\/82478"}],"wp:attachment":[{"href":"https:\/\/www.radiopiu.net\/wordpress\/wp-json\/wp\/v2\/media?parent=82477"}],"wp:term":[{"taxonomy":"category","embeddable":true,"href":"https:\/\/www.radiopiu.net\/wordpress\/wp-json\/wp\/v2\/categories?post=82477"},{"taxonomy":"post_tag","embeddable":true,"href":"https:\/\/www.radiopiu.net\/wordpress\/wp-json\/wp\/v2\/tags?post=82477"}],"curies":[{"name":"wp","href":"https:\/\/api.w.org\/{rel}","templated":true}]}}