{"id":82686,"date":"2019-04-14T19:25:48","date_gmt":"2019-04-14T17:25:48","guid":{"rendered":"http:\/\/www.radiopiu.net\/wordpress\/?p=82686"},"modified":"2019-04-15T05:41:15","modified_gmt":"2019-04-15T03:41:15","slug":"william-da-roit-alla-vertical-run","status":"publish","type":"post","link":"https:\/\/www.radiopiu.net\/wordpress\/william-da-roit-alla-vertical-run\/","title":{"rendered":"WILLIAM DA ROIT ALLA VERTICAL RUN"},"content":{"rendered":"<p><a class=\"dt-pswp-item\" href=\"http:\/\/www.radiopiu.net\/wordpress\/wp-content\/uploads\/2019\/04\/VERTICAL-RUN-GRATTACIELO.jpeg\" data-dt-img-description=\"\" data-large_image_width=\"1000\" data-large_image_height=\"1500\"><img loading=\"lazy\" decoding=\"async\" class=\"aligncenter wp-image-82688 size-large\" src=\"http:\/\/www.radiopiu.net\/wordpress\/wp-content\/uploads\/2019\/04\/VERTICAL-RUN-GRATTACIELO-683x1024.jpeg\" alt=\"\" width=\"683\" height=\"1024\" srcset=\"https:\/\/www.radiopiu.net\/wordpress\/wp-content\/uploads\/2019\/04\/VERTICAL-RUN-GRATTACIELO-683x1024.jpeg 683w, https:\/\/www.radiopiu.net\/wordpress\/wp-content\/uploads\/2019\/04\/VERTICAL-RUN-GRATTACIELO-200x300.jpeg 200w, https:\/\/www.radiopiu.net\/wordpress\/wp-content\/uploads\/2019\/04\/VERTICAL-RUN-GRATTACIELO-768x1152.jpeg 768w, https:\/\/www.radiopiu.net\/wordpress\/wp-content\/uploads\/2019\/04\/VERTICAL-RUN-GRATTACIELO.jpeg 1000w\" sizes=\"auto, (max-width: 683px) 100vw, 683px\" \/><\/a><\/p>\n<p>49 piani, 1027 scalini, \u00e8 il grattacielo Allianz di Milano dove si \u00e8 corsa la Vertical Run. Tra i partecipanti anche William Da Roit che, dopo aver vinto un contest, si \u00e8 lanciato per correre sulla scala del grattacielo pi\u00f9 alto di Milano.<\/p>\n<p><a class=\"dt-pswp-item\" href=\"http:\/\/www.radiopiu.net\/wordpress\/wp-content\/uploads\/2019\/04\/VERTICAL-RUN-WILLIAM-OK.jpg\" data-dt-img-description=\"\" data-large_image_width=\"736\" data-large_image_height=\"738\"><img loading=\"lazy\" decoding=\"async\" class=\"aligncenter wp-image-82687 size-full\" src=\"http:\/\/www.radiopiu.net\/wordpress\/wp-content\/uploads\/2019\/04\/VERTICAL-RUN-WILLIAM-OK.jpg\" alt=\"\" width=\"736\" height=\"738\" srcset=\"https:\/\/www.radiopiu.net\/wordpress\/wp-content\/uploads\/2019\/04\/VERTICAL-RUN-WILLIAM-OK.jpg 736w, https:\/\/www.radiopiu.net\/wordpress\/wp-content\/uploads\/2019\/04\/VERTICAL-RUN-WILLIAM-OK-150x150.jpg 150w, https:\/\/www.radiopiu.net\/wordpress\/wp-content\/uploads\/2019\/04\/VERTICAL-RUN-WILLIAM-OK-300x300.jpg 300w\" sizes=\"auto, (max-width: 736px) 100vw, 736px\" \/><\/a><\/p>\n<p><strong>QUESTE LE PAROLE DI WILLIAM AL TERMINE DELLA GARA<\/strong><\/p>\n<audio class=\"wp-audio-shortcode\" id=\"audio-82686-1\" preload=\"none\" style=\"width: 100%;\" controls=\"controls\"><source type=\"audio\/mpeg\" src=\"http:\/\/www.radiopiu.net\/wordpress\/wp-content\/uploads\/2019\/04\/WILLIAM-VERTICAL-RUN-MILANO-OK.mp3?_=1\" \/><a href=\"http:\/\/www.radiopiu.net\/wordpress\/wp-content\/uploads\/2019\/04\/WILLIAM-VERTICAL-RUN-MILANO-OK.mp3\">http:\/\/www.radiopiu.net\/wordpress\/wp-content\/uploads\/2019\/04\/WILLIAM-VERTICAL-RUN-MILANO-OK.mp3<\/a><\/audio>\n<p><a class=\"dt-pswp-item\" href=\"http:\/\/www.radiopiu.net\/wordpress\/wp-content\/uploads\/2019\/04\/VERTICAL-RUN-MEDAGLIA.jpeg\" data-dt-img-description=\"\" data-large_image_width=\"1200\" data-large_image_height=\"1600\"><img loading=\"lazy\" decoding=\"async\" class=\"aligncenter wp-image-82690 size-large\" src=\"http:\/\/www.radiopiu.net\/wordpress\/wp-content\/uploads\/2019\/04\/VERTICAL-RUN-MEDAGLIA-768x1024.jpeg\" alt=\"\" width=\"768\" height=\"1024\" srcset=\"https:\/\/www.radiopiu.net\/wordpress\/wp-content\/uploads\/2019\/04\/VERTICAL-RUN-MEDAGLIA-768x1024.jpeg 768w, https:\/\/www.radiopiu.net\/wordpress\/wp-content\/uploads\/2019\/04\/VERTICAL-RUN-MEDAGLIA-225x300.jpeg 225w, https:\/\/www.radiopiu.net\/wordpress\/wp-content\/uploads\/2019\/04\/VERTICAL-RUN-MEDAGLIA.jpeg 1200w\" sizes=\"auto, (max-width: 768px) 100vw, 768px\" \/><\/a><\/p>\n","protected":false},"excerpt":{"rendered":"<p>49 piani, 1027 scalini, \u00e8 il grattacielo Allianz di Milano dove si \u00e8 corsa la Vertical Run. Tra i partecipanti anche William Da Roit che, dopo aver vinto un contest, si \u00e8 lanciato per correre sulla scala del grattacielo pi\u00f9 alto di Milano. QUESTE LE PAROLE DI WILLIAM AL TERMINE DELLA GARA<\/p>\n","protected":false},"author":4,"featured_media":82687,"comment_status":"closed","ping_status":"closed","sticky":false,"template":"","format":"standard","meta":{"_monsterinsights_skip_tracking":false,"_monsterinsights_sitenote_active":false,"_monsterinsights_sitenote_note":"","_monsterinsights_sitenote_category":0,"footnotes":""},"categories":[51,49,72],"tags":[],"class_list":["post-82686","post","type-post","status-publish","format-standard","has-post-thumbnail","hentry","category-evidenza-top","category-news-18","category-sport","category-51","category-49","category-72","description-off"],"img_url":"https:\/\/www.radiopiu.net\/wordpress\/wp-content\/uploads\/2019\/04\/VERTICAL-RUN-WILLIAM-OK.jpg","_links":{"self":[{"href":"https:\/\/www.radiopiu.net\/wordpress\/wp-json\/wp\/v2\/posts\/82686","targetHints":{"allow":["GET"]}}],"collection":[{"href":"https:\/\/www.radiopiu.net\/wordpress\/wp-json\/wp\/v2\/posts"}],"about":[{"href":"https:\/\/www.radiopiu.net\/wordpress\/wp-json\/wp\/v2\/types\/post"}],"author":[{"embeddable":true,"href":"https:\/\/www.radiopiu.net\/wordpress\/wp-json\/wp\/v2\/users\/4"}],"replies":[{"embeddable":true,"href":"https:\/\/www.radiopiu.net\/wordpress\/wp-json\/wp\/v2\/comments?post=82686"}],"version-history":[{"count":0,"href":"https:\/\/www.radiopiu.net\/wordpress\/wp-json\/wp\/v2\/posts\/82686\/revisions"}],"wp:featuredmedia":[{"embeddable":true,"href":"https:\/\/www.radiopiu.net\/wordpress\/wp-json\/wp\/v2\/media\/82687"}],"wp:attachment":[{"href":"https:\/\/www.radiopiu.net\/wordpress\/wp-json\/wp\/v2\/media?parent=82686"}],"wp:term":[{"taxonomy":"category","embeddable":true,"href":"https:\/\/www.radiopiu.net\/wordpress\/wp-json\/wp\/v2\/categories?post=82686"},{"taxonomy":"post_tag","embeddable":true,"href":"https:\/\/www.radiopiu.net\/wordpress\/wp-json\/wp\/v2\/tags?post=82686"}],"curies":[{"name":"wp","href":"https:\/\/api.w.org\/{rel}","templated":true}]}}