{"id":82719,"date":"2019-04-15T05:33:31","date_gmt":"2019-04-15T03:33:31","guid":{"rendered":"http:\/\/www.radiopiu.net\/wordpress\/?p=82719"},"modified":"2019-04-16T06:23:08","modified_gmt":"2019-04-16T04:23:08","slug":"plastica-nel-cordevole-da-caprile-a-saviner","status":"publish","type":"post","link":"https:\/\/www.radiopiu.net\/wordpress\/plastica-nel-cordevole-da-caprile-a-saviner\/","title":{"rendered":"PLASTICA NEL CORDEVOLE DA CAPRILE A SAVINER."},"content":{"rendered":"<h2><\/h2>\n<p><a class=\"dt-pswp-item\" href=\"http:\/\/www.radiopiu.net\/wordpress\/wp-content\/uploads\/2019\/04\/20190406_145323.jpg\" data-dt-img-description=\"\" data-large_image_width=\"4608\" data-large_image_height=\"3456\"><img loading=\"lazy\" decoding=\"async\" class=\"wp-image-82698  alignleft\" src=\"http:\/\/www.radiopiu.net\/wordpress\/wp-content\/uploads\/2019\/04\/20190406_145323-1024x768.jpg\" alt=\"\" width=\"271\" height=\"203\" srcset=\"https:\/\/www.radiopiu.net\/wordpress\/wp-content\/uploads\/2019\/04\/20190406_145323-1024x768.jpg 1024w, https:\/\/www.radiopiu.net\/wordpress\/wp-content\/uploads\/2019\/04\/20190406_145323-300x225.jpg 300w, https:\/\/www.radiopiu.net\/wordpress\/wp-content\/uploads\/2019\/04\/20190406_145323-768x576.jpg 768w\" sizes=\"auto, (max-width: 271px) 100vw, 271px\" \/><\/a><\/p>\n<blockquote>\n<div><em>Riflessione. Di Christian Carlin<\/em><\/div>\n<div><\/div>\n<div>Chi segue i telegiornali sente spesso parlare della plastica che sta soffocando mari e corsi d&#8217;acqua. In Agordino sappiamo di avere un buon servizio di raccolta differenziata dei rifiuti, probabilmente ci sentiamo fieri di non contribuire al soffocamento delle risorse idriche del pianeta conferendo con attenzione, ma a quanto pare non \u00e8 cos\u00ec. Nel &#8220;Dopo Vaia&#8221; chi si trova a passeggiare lungo le sponde del Cordevole, nel tratto che dal lago di Alleghe porta a Caprile e Saviner,\u00a0 non pu\u00f2 non notare le abbondanti distese di rifiuti plastici che punteggiano e colorano il greto. Esaminando da vicino tali materiali, ci si rende conto che non sono tanto antichi da risalire agli anni in cui non era ancora attivo un organico servizio di raccolta differenziata dei rifiuti solidi urbani. Evidentemente, anche in anni recenti, parecchie persone hanno ritenuto pi\u00f9 comodo disfarsi dei rifiuti in altro modo. A pi\u00f9 di cinque mesi da quei concitati momenti, stiamo ancora rimirando questo indecoroso spettacolo, certamente non un buon biglietto da visita per un territorio a vocazione turistica. Ora che \u00e8 stata superata la fase emergenziale in cui le priorit\u00e0 erano altre, chi di competenza si sta muovendo per porvi rimedio? Toccher\u00e0 ancora una volta ai cittadini di buona volont\u00e0, coadiuvati da qualche associazione di volontariato, provvedere ad una bonifica superficiale del torrente? Con la speranza che quanto scritto sia di stimolo a qualche iniziativa volta alla rimozione dei rifiuti.<\/div>\n<\/blockquote>\n<div><\/div>\n<div><\/div>\n<div><\/div>\n","protected":false},"excerpt":{"rendered":"<p>Riflessione. Di Christian Carlin Chi segue i telegiornali sente spesso parlare della plastica che sta soffocando mari e corsi d&#8217;acqua. In Agordino sappiamo di avere un buon servizio di raccolta differenziata dei rifiuti, probabilmente ci sentiamo fieri di non contribuire al soffocamento delle risorse idriche del pianeta conferendo con attenzione, ma a quanto pare non&hellip;<\/p>\n","protected":false},"author":1,"featured_media":82698,"comment_status":"closed","ping_status":"closed","sticky":false,"template":"","format":"standard","meta":{"_monsterinsights_skip_tracking":false,"_monsterinsights_sitenote_active":false,"_monsterinsights_sitenote_note":"","_monsterinsights_sitenote_category":0,"footnotes":""},"categories":[51,49],"tags":[],"class_list":["post-82719","post","type-post","status-publish","format-standard","has-post-thumbnail","hentry","category-evidenza-top","category-news-18","category-51","category-49","description-off"],"img_url":"https:\/\/www.radiopiu.net\/wordpress\/wp-content\/uploads\/2019\/04\/20190406_145323.jpg","_links":{"self":[{"href":"https:\/\/www.radiopiu.net\/wordpress\/wp-json\/wp\/v2\/posts\/82719","targetHints":{"allow":["GET"]}}],"collection":[{"href":"https:\/\/www.radiopiu.net\/wordpress\/wp-json\/wp\/v2\/posts"}],"about":[{"href":"https:\/\/www.radiopiu.net\/wordpress\/wp-json\/wp\/v2\/types\/post"}],"author":[{"embeddable":true,"href":"https:\/\/www.radiopiu.net\/wordpress\/wp-json\/wp\/v2\/users\/1"}],"replies":[{"embeddable":true,"href":"https:\/\/www.radiopiu.net\/wordpress\/wp-json\/wp\/v2\/comments?post=82719"}],"version-history":[{"count":0,"href":"https:\/\/www.radiopiu.net\/wordpress\/wp-json\/wp\/v2\/posts\/82719\/revisions"}],"wp:featuredmedia":[{"embeddable":true,"href":"https:\/\/www.radiopiu.net\/wordpress\/wp-json\/wp\/v2\/media\/82698"}],"wp:attachment":[{"href":"https:\/\/www.radiopiu.net\/wordpress\/wp-json\/wp\/v2\/media?parent=82719"}],"wp:term":[{"taxonomy":"category","embeddable":true,"href":"https:\/\/www.radiopiu.net\/wordpress\/wp-json\/wp\/v2\/categories?post=82719"},{"taxonomy":"post_tag","embeddable":true,"href":"https:\/\/www.radiopiu.net\/wordpress\/wp-json\/wp\/v2\/tags?post=82719"}],"curies":[{"name":"wp","href":"https:\/\/api.w.org\/{rel}","templated":true}]}}