{"id":82779,"date":"2019-04-16T05:54:59","date_gmt":"2019-04-16T03:54:59","guid":{"rendered":"http:\/\/www.radiopiu.net\/wordpress\/?p=82779"},"modified":"2019-04-16T09:30:43","modified_gmt":"2019-04-16T07:30:43","slug":"giornale-radiopiu-16-aprile-2019-direttore-mirko-mezzacasa","status":"publish","type":"post","link":"https:\/\/www.radiopiu.net\/wordpress\/giornale-radiopiu-16-aprile-2019-direttore-mirko-mezzacasa\/","title":{"rendered":"GIORNALE RADIOPIU 16 APRILE 2019 DIRETTORE MIRKO MEZZACASA"},"content":{"rendered":"<p>Deborah Straga&#8217;, 29 anni sfida Roberto Padrin, \u00e8 candidata a sindaco <strong>a Longarone<\/strong>, sar\u00e0 a capo della lista Longarone: una comunit\u00e0. <strong>Sanit\u00e0 di montagna,<\/strong> i sindaci ieri si sono ritrovati allo stesso tavolo per formulare critiche e proposte alle nuove schede regionali. Stamane i sindaci Massaro e Perenzin scendono a Venezia per portare la voce della montagna, sopratutto e come sempre per chiedere attenzione per le terre alte. Verso le <strong>elezioni 2019<\/strong>: Zuanel e Crose a La Valle, Luchetta a Vallada, a <strong>San Pietro di Cadore<\/strong> il consigliere comunale Silvano Pontil Scala \u00e8 costretto alle dimissioni per effetto della legge Severino che prevede la decadenza dalle cariche elettive per chi ha riportato condanne penali definitive, in questo caso per abuso d&#8217;ufficio per una strada comunale.\u00a0 All&#8217;<strong>ospedale di Agordo<\/strong> apre un ambulatorio per pazienti oncologici, ne da notizia il Corriere delle Alpi, il via appena arriver\u00e0 il sesto medico promesso da Venezia, per i residenti terapie e visite. <strong>Feltre<\/strong> sempre pi\u00f9 citt\u00e0 ciclabile, anche un riconoscimento della Fiab che sar\u00e0 consegnato venerdi a Verona. Con la serata di giovedi presentata da Radio Pi\u00f9 inizia la sagra de Pasca a <strong>Taibon,<\/strong> Marco Gaz presenta il torneo agordino di calcio, le associazioni locali premiano i volontari, l&#8217;hockey femminile alleghese e porta sul palco i ragazzi di Belluno alza la voce, oggi lo speciale alla radio alle 15.10 e 21.10.<strong> Canale d&#8217;Agordo<\/strong> ricorda Don Sirio Da Corte Zandantina, la parrocchia ha organizzato una serata per venerdi in sala ex emigranti di via Lotta, a Don Sirio di deve tra l&#8217;altro la realizzazione della via Crucis Cavallera dedicata a Papa Luciani.<\/p>\n<p>&nbsp;<\/p>\n<p>&nbsp;<\/p>\n<p>&nbsp;<\/p>\n<h3>LUCI E OMBRE SULLE SCHEDE OSPEDALIERE MA I SINDACI NON ESPRIMONO UN GIUDIZIO NEGATIVO, DA RIPRENDERE LE ISTANZE DEGLI OSPEDALI DI AGORDO E PERIFERICI<\/h3>\n<p><strong>BELLUNO<\/strong> Conferenza dei sindaci ieri pomeriggio a Belluno, oggi in Quinta Commissione l&#8217;elenco puntuale delle richieste alla Regione. <em>&#8220;Siamo ottimisti e non chiediamo la luna&#8221;<\/em> dice il sindaco Jacopo Massaro che con il sindaco di Feltre Paolo Perenzin oggi sar\u00e0 a Venezia.<\/p>\n<p><strong>Audio<\/strong><\/p>\n<audio class=\"wp-audio-shortcode\" id=\"audio-82779-1\" preload=\"none\" style=\"width: 100%;\" controls=\"controls\"><source type=\"audio\/mpeg\" src=\"http:\/\/www.radiopiu.net\/wordpress\/wp-content\/uploads\/2019\/04\/massaro-1.mp3?_=1\" \/><a href=\"http:\/\/www.radiopiu.net\/wordpress\/wp-content\/uploads\/2019\/04\/massaro-1.mp3\">http:\/\/www.radiopiu.net\/wordpress\/wp-content\/uploads\/2019\/04\/massaro-1.mp3<\/a><\/audio>\n<p>,<\/p>\n<p>&nbsp;<\/p>\n<p>&nbsp;<\/p>\n<p>&nbsp;<\/p>\n<h2><span style=\"color: #3366ff;\">UNA BELLA STORIA CON GLI AGENTI DELLA QUESTURA<\/span><\/h2>\n<p><strong><a class=\"dt-pswp-item\" href=\"http:\/\/www.radiopiu.net\/wordpress\/wp-content\/uploads\/2019\/04\/56764697_2032068833753821_7779080346024280064_n.jpg\" data-dt-img-description=\"\" data-large_image_width=\"960\" data-large_image_height=\"720\"><img loading=\"lazy\" decoding=\"async\" class=\"wp-image-82837 alignleft\" src=\"http:\/\/www.radiopiu.net\/wordpress\/wp-content\/uploads\/2019\/04\/56764697_2032068833753821_7779080346024280064_n-300x225.jpg\" alt=\"\" width=\"244\" height=\"183\" srcset=\"https:\/\/www.radiopiu.net\/wordpress\/wp-content\/uploads\/2019\/04\/56764697_2032068833753821_7779080346024280064_n-300x225.jpg 300w, https:\/\/www.radiopiu.net\/wordpress\/wp-content\/uploads\/2019\/04\/56764697_2032068833753821_7779080346024280064_n-768x576.jpg 768w, https:\/\/www.radiopiu.net\/wordpress\/wp-content\/uploads\/2019\/04\/56764697_2032068833753821_7779080346024280064_n.jpg 960w\" sizes=\"auto, (max-width: 244px) 100vw, 244px\" \/><\/a>BELLUNO<\/strong> Sulla pagina facebook Questura Belluno \u00e8 comparsa una bella storia davvero. Una nonna di 94 anni chiama il 113 per &#8220;parlare con qualcuno&#8221;, i due poliziotti della volante la raggiungono e si premurano di andare a fargli la spesa. Nella foto una sorridente nonna Maria confortata dagli amici in divisa blu&#8230;<\/p>\n<blockquote><p><span style=\"color: #3366ff;\"><strong>dalla pagina della Questura<\/strong><\/span><br \/>\nAlle volte basta poco per rassicurare una persona in difficolt\u00e0, come nel caso di Maria, 94 anni che, impossibilitata a muoversi, aveva bisogno di qualcuno che le facesse la spesa ed ha chiamato il 113. Gli agenti Elvis e Gimmi, in pattuglia quella mattina, sono andati da lei, l&#8217;hanno conosciuta e hanno poi contattato una persona che ha provveduto a recarsi al vicino supermercato per acquistare quanto necessario. Anche questo \u00e8 essere al servizio della gente.<\/p><\/blockquote>\n<p>&nbsp;<\/p>\n<p>&nbsp;<\/p>\n<p>&nbsp;<\/p>\n<p>&nbsp;<\/p>\n<p><em><span style=\"font-family: Arial, sans-serif;\"><a class=\"dt-pswp-item\" href=\"http:\/\/www.radiopiu.net\/wordpress\/wp-content\/uploads\/2018\/08\/ACQUA.jpeg\" data-dt-img-description=\"\" data-large_image_width=\"1280\" data-large_image_height=\"768\"><img loading=\"lazy\" decoding=\"async\" class=\"wp-image-57052 alignleft\" src=\"http:\/\/www.radiopiu.net\/wordpress\/wp-content\/uploads\/2018\/08\/ACQUA.jpeg\" alt=\"\" width=\"125\" height=\"75\" srcset=\"https:\/\/www.radiopiu.net\/wordpress\/wp-content\/uploads\/2018\/08\/ACQUA.jpeg 1280w, https:\/\/www.radiopiu.net\/wordpress\/wp-content\/uploads\/2018\/08\/ACQUA-300x180.jpeg 300w, https:\/\/www.radiopiu.net\/wordpress\/wp-content\/uploads\/2018\/08\/ACQUA-768x461.jpeg 768w, https:\/\/www.radiopiu.net\/wordpress\/wp-content\/uploads\/2018\/08\/ACQUA-1024x614.jpeg 1024w\" sizes=\"auto, (max-width: 125px) 100vw, 125px\" \/><\/a><\/span><\/em><\/p>\n<p lang=\"it-IT\"><strong>Feltre<\/strong> nelle vie Col Fiorito, Casonetto, Pont, Nemeggio, Villapaiera, Celarda, Anzu&#8217;, Canal e Sanzan l&#8217;acqua erogata dall&#8217;acquedotto non \u00e8 potabile e pu\u00f2 essere usata per scopi alimentari solo previa bollitura.<\/p>\n<p lang=\"it-IT\">Per lavori alla rete idrica comunale OGGI\u00a0 dalle 9\u00a0 a fine lavori verr\u00e0 sospesa l\u2019erogazione dell\u2019acqua ad <strong>AGORDO<\/strong> in VIA ALIGHIERI e FRAZ. VERAN<\/p>\n<p>&nbsp;<\/p>\n<p>&nbsp;<\/p>\n<p>&nbsp;<\/p>\n<p>&nbsp;<\/p>\n<h2>PREVENZIONE E REPRESSIONE DELLA SQUADRA VOLANTE<\/h2>\n<p><strong>SEDICO<\/strong> Due giovani feltrini\u00a0 di 22 e 23 anni\u00a0 in via a Feltre a Sedico a bordo di una vettura sospetta, sono stati fermati dalla Squadra Volanti della Polizia e trovati in possesso di cocaina e 7 grammi di hashish confezionati nel cellophane. Alle prime domande degli agenti non hanno nascosto il <a class=\"dt-pswp-item\" href=\"http:\/\/www.radiopiu.net\/wordpress\/wp-content\/uploads\/2018\/10\/IMG_5363.jpeg\" data-dt-img-description=\"\" data-large_image_width=\"339\" data-large_image_height=\"245\"><img loading=\"lazy\" decoding=\"async\" class=\"wp-image-63764 alignleft\" src=\"http:\/\/www.radiopiu.net\/wordpress\/wp-content\/uploads\/2018\/10\/IMG_5363-300x217.jpeg\" alt=\"\" width=\"212\" height=\"153\" srcset=\"https:\/\/www.radiopiu.net\/wordpress\/wp-content\/uploads\/2018\/10\/IMG_5363-300x217.jpeg 300w, https:\/\/www.radiopiu.net\/wordpress\/wp-content\/uploads\/2018\/10\/IMG_5363.jpeg 339w\" sizes=\"auto, (max-width: 212px) 100vw, 212px\" \/><\/a>nervosismo e poi spontaneamente hanno consegnato lo stupefacente. I ragazzi, accompagnati in Questura per gli accertamenti del caso, hanno dichiarato di aver acquistato la sostanza a Bolzano, e sono stati segnalati alla Prefettura e la patente del conducente \u00e8 stata trattenuta in via cautelativa.<\/p>\n<p><strong>PONTE NELLE ALPI<\/strong> In viale Stazione a Ponte nelle Alpi la Polizia ha fermato per un controllo due giovani della provincia di Belluno, gi\u00e0 noti alla Questura in quanto gi\u00e0 segnalati per consumo di droghe; i ragazzi in presenza dei poliziotti dopo qualche esitazione hanno estratto dai pantaloni due involucri contenenti circa un grammo di hashish. Accompagnati in Questura dove sono stati deferiti in Prefettura.<\/p>\n<p>&nbsp;<\/p>\n<p>&nbsp;<\/p>\n<p>&nbsp;<\/p>\n<p>&nbsp;<\/p>\n<h2>SPECIALE ELEZIONI AMMINISTRATIVE<\/h2>\n<p><a class=\"dt-pswp-item\" href=\"http:\/\/www.radiopiu.net\/wordpress\/wp-content\/uploads\/2017\/10\/11201175_546893842116298_4188043545427527597_n.jpg\" data-dt-img-description=\"\" data-large_image_width=\"309\" data-large_image_height=\"206\"><img loading=\"lazy\" decoding=\"async\" class=\"wp-image-37146 alignleft\" src=\"http:\/\/www.radiopiu.net\/wordpress\/wp-content\/uploads\/2017\/10\/11201175_546893842116298_4188043545427527597_n-300x200.jpg\" alt=\"\" width=\"243\" height=\"162\" \/><\/a>Si vota in 9 Comuni dell&#8217;Agordino, a La Valle certa la candidatura di Ezio Zuanel pi\u00f9 probabile contro Domenico Crose che contro il quorum che invece \u00e8 il vero problema di Vallada dove l&#8217;effetto Aire (elettori residenti all&#8217;estero che sono oltre il 40 per cento) potrebbe fare la differenza, Fabio Luchetta \u00e8 pronto per il terzo mandato.<\/p>\n<p><strong>di GIANNI SANTOMASO<\/strong><\/p>\n<p>&nbsp;<\/p>\n<audio class=\"wp-audio-shortcode\" id=\"audio-82779-2\" preload=\"none\" style=\"width: 100%;\" controls=\"controls\"><source type=\"audio\/mpeg\" src=\"http:\/\/www.radiopiu.net\/wordpress\/wp-content\/uploads\/2019\/04\/VALLDA-GIANNI.mp3?_=2\" \/><a href=\"http:\/\/www.radiopiu.net\/wordpress\/wp-content\/uploads\/2019\/04\/VALLDA-GIANNI.mp3\">http:\/\/www.radiopiu.net\/wordpress\/wp-content\/uploads\/2019\/04\/VALLDA-GIANNI.mp3<\/a><\/audio>\n<p>&nbsp;<\/p>\n<p>&nbsp;<\/p>\n<p>&nbsp;<\/p>\n<p>&nbsp;<\/p>\n<h2>QUALE FUTURO DOPO LA TEMPESTA?<\/h2>\n<p><strong>VENEZIA<\/strong> Oggi a Marghera nella sede di Confindustria,\u00a0\u00a0 Solidariet\u00e0 Veneto Fondo Pensione riunisce i soggetti territoriali e gli attori sociali nell\u2019ambito del Convegno QUALE FUTURO DOPO LA TEMPESTA?\u00a0 SOLIDARIET\u00c0 VENETO PROPONE UN PATTO PER IL RISPARMIO PREVIDENZIALE CONTRO I CAMBIAMENTI CLIMATICI<br \/>\nIl fondo pensione territoriale Solidariet\u00e0 Veneto dopo le devastazioni della tempesta Vaia lancia un patto per il risparmio previdenziale in grado di contrastare i cambiamenti climatici.\u00a0 Tra i partecipanti:\u00a0 Andrea De Bernardin, SINDACO DI ROCCA PIETORE; Tatiana Pais Becher, SINDACO DI AURONZO DI CADORE; Francesco Bicciato, SEGRETARIO GENERALE DEL FORUM PER LA FINANZA SOSTENIBILE; Rodolfo Fracassi, CO-FOUNDER &amp; MANAGING DIRECTOR MAINSTREET PARTNERS<\/p>\n<p>&nbsp;<\/p>\n<p>&nbsp;<\/p>\n<p>&nbsp;<\/p>\n<p>&nbsp;<\/p>\n<h2>LA LETTERA<\/h2>\n<p><strong>di Franco Piacentini<\/strong><\/p>\n<blockquote><p><em><strong>FELTRE<\/strong> Non c&#8217;\u00e8 un territorio ULSS\u00a0 in Veneto, da quando sono state valutate,\u00a0 che abbia espresso soddisfazione per le nuove schede ospedaliere della Giunta regionale, in questi giorni oggetto di aspro confronto in Quinta Commissione consiliare. Sindaci, organizzazioni sindacali, comitati di cittadini, forze politiche, sociali ed economiche, manifestano, giustamente, forte preoccupazione per i possibili penalizzanti contraccolpi sulle prestazioni sociosanitarie, se la rete pubblica ospedaliera, con il suo personale e con le proprie articolazioni distrettuali e ambulatoriali, dovesse subire tagli strutturali e riduzione degli operatori sanitari.\u00a0 Effettivamente, dalla lettura delle nuove schede, non concordate, emerge un quadro per nulla tranquillo per i cittadini e per il personale del sociosanitario.\u00a0 Se la contrariet\u00e0 alle scelte della Giunta regionale \u00e8 condivisa dai soggetti istituzionali locali, dalle organizzazioni sindacali e dalle rappresentanze professionali, bisogna andare oltre la protesta di singolo territorio. Va promossa e realizzata urgentemente, con cabina organizzativa CGIL CISL UIL, una grande mobilitazione regionale, non escludendo alcune ore di sciopero, con manifestazione di protesta e di proposta a Venezia, per i diritti di: prevenzione,\u00a0 cura e riabilitazione, con strutture ospedaliere efficienti e con adeguate dotazioni organiche sociosanitarie, in tutte le realt\u00e0 territoriali del Veneto.<\/em><\/p><\/blockquote>\n<p>&nbsp;<\/p>\n<p>&nbsp;<\/p>\n<p>&nbsp;<\/p>\n<p>&nbsp;<\/p>\n<blockquote><p>&nbsp;<\/p><\/blockquote>\n<h2>LIBRO PARLATO DI FELTRE, IL NUOVO DIRETTIVO: RICONFERMATA A PRESIDENTE LUISA ALCHINI<\/h2>\n<blockquote>\n<h3><em>elette Due donne e un giovanissimo <\/em><\/h3>\n<p><em><a class=\"dt-pswp-item\" href=\"http:\/\/www.radiopiu.net\/wordpress\/wp-content\/uploads\/2019\/04\/WhatsApp-Image-2019-04-15-at-11.39.20.jpeg\" data-dt-img-description=\"\" data-large_image_width=\"1599\" data-large_image_height=\"1200\"><img loading=\"lazy\" decoding=\"async\" class=\"alignnone wp-image-82802 size-large\" src=\"http:\/\/www.radiopiu.net\/wordpress\/wp-content\/uploads\/2019\/04\/WhatsApp-Image-2019-04-15-at-11.39.20-1024x768.jpeg\" alt=\"\" width=\"1024\" height=\"768\" srcset=\"https:\/\/www.radiopiu.net\/wordpress\/wp-content\/uploads\/2019\/04\/WhatsApp-Image-2019-04-15-at-11.39.20-1024x768.jpeg 1024w, https:\/\/www.radiopiu.net\/wordpress\/wp-content\/uploads\/2019\/04\/WhatsApp-Image-2019-04-15-at-11.39.20-300x225.jpeg 300w, https:\/\/www.radiopiu.net\/wordpress\/wp-content\/uploads\/2019\/04\/WhatsApp-Image-2019-04-15-at-11.39.20-768x576.jpeg 768w, https:\/\/www.radiopiu.net\/wordpress\/wp-content\/uploads\/2019\/04\/WhatsApp-Image-2019-04-15-at-11.39.20.jpeg 1599w\" sizes=\"auto, (max-width: 1024px) 100vw, 1024px\" \/><\/a><\/em><\/p><\/blockquote>\n<p><strong>FELTRE<\/strong> Nella consueta assemblea dei soci\u00a0 oltre all&#8217;approvazione del bilancio anche le votazioni per il rinnovo del consiglio direttivo e del collegio dei revisori dei conti mentre il collegio probiviri sar\u00e0 rinnovato fra due anni. Al Consiglio direttivo riconfermati per il secondo mandato tutti i tre candidati Luisa Alchini (presidente), Mauro Viani (vice) ed Eros Zecchin, completano il collegio Loredana Borghetto gi\u00e0 coordinatrice Cilp, e Filippo Santi classe 1998 di Feltre, il pi\u00f9 giovane consigliere della storia del Cilp.<\/p>\n<p><strong>CANDIDATI AL COLLEGIO DEI REVISORI DEI CONTI 2019 \u2013 2023<\/strong>\u00a0 Andrea Bortolamiol, Alfio Dalla Gasperina, Paolo Pat, \u00a0professionisti di comprovata esperienza, tutti e tre entrati di diritto in quanto votati.<\/p>\n<p><span style=\"color: #ff0000;\">Due domande alla radio alla presidente<\/span><\/p>\n<p>LUISA ALCHINI PRONTA PER UN NUOVO MANDATO?<\/p>\n<audio class=\"wp-audio-shortcode\" id=\"audio-82779-3\" preload=\"none\" style=\"width: 100%;\" controls=\"controls\"><source type=\"audio\/mpeg\" src=\"http:\/\/www.radiopiu.net\/wordpress\/wp-content\/uploads\/2019\/04\/luisa1.mp3?_=3\" \/><a href=\"http:\/\/www.radiopiu.net\/wordpress\/wp-content\/uploads\/2019\/04\/luisa1.mp3\">http:\/\/www.radiopiu.net\/wordpress\/wp-content\/uploads\/2019\/04\/luisa1.mp3<\/a><\/audio>\n<p>QUINDI NEL SEGNO DELLA CONTINUITA&#8217; DIRETTIVO GIA&#8217; AL LAVORO&#8217;<\/p>\n<audio class=\"wp-audio-shortcode\" id=\"audio-82779-4\" preload=\"none\" style=\"width: 100%;\" controls=\"controls\"><source type=\"audio\/mpeg\" src=\"http:\/\/www.radiopiu.net\/wordpress\/wp-content\/uploads\/2019\/04\/luisa2.mp3?_=4\" \/><a href=\"http:\/\/www.radiopiu.net\/wordpress\/wp-content\/uploads\/2019\/04\/luisa2.mp3\">http:\/\/www.radiopiu.net\/wordpress\/wp-content\/uploads\/2019\/04\/luisa2.mp3<\/a><\/audio>\n<p>&nbsp;<\/p>\n<p>&nbsp;<\/p>\n<p>&nbsp;<\/p>\n<p>&nbsp;<\/p>\n<p>&nbsp;<\/p>\n<h2>NUOVA INTERROGAZIONE SUL PARCO, E&#8217; DI DARIO BOND<\/h2>\n<h4><em><strong>Quali iniziative urgenti si intendano adottare al fine di garantire finalmente la nomina del Presidente?<\/strong><\/em><\/h4>\n<blockquote><p>Il Parco Nazionale Dolomiti Bellunesi \u00e8 stato istituito con Decreto Ministeriale del 20 aprile 1990, e nasce per tutelare un territorio di straordinaria valenza. Il Parco si trova al limite meridionale dell&#8217;area dolomitica e rappresenta un settore delle Alpi Sud-orientali di notevolissimo e riconosciuto interesse ambientale, con un elevato grado di naturalit\u00e0 e un&#8217;ottima conservazione degli ecosistemi.<\/p>\n<p>L&#8217;INTERROGAZIONE<\/p><\/blockquote>\n<audio class=\"wp-audio-shortcode\" id=\"audio-82779-5\" preload=\"none\" style=\"width: 100%;\" controls=\"controls\"><source type=\"audio\/mpeg\" src=\"http:\/\/www.radiopiu.net\/wordpress\/wp-content\/uploads\/2019\/04\/BOND-PARCO.mp3?_=5\" \/><a href=\"http:\/\/www.radiopiu.net\/wordpress\/wp-content\/uploads\/2019\/04\/BOND-PARCO.mp3\">http:\/\/www.radiopiu.net\/wordpress\/wp-content\/uploads\/2019\/04\/BOND-PARCO.mp3<\/a><\/audio>\n<p>&nbsp;<\/p>\n<p>&nbsp;<\/p>\n<p>&nbsp;<\/p>\n<p>&nbsp;<\/p>\n<p>&nbsp;<\/p>\n<h2>AFFIDO FAMILIARE DAL 9 MAGGIO VIA AI CORSI<\/h2>\n<p><strong>BELLUNO\u00a0<\/strong> Anche quest&#8217;anno i Centri per l&#8217;Affido e la Solidariet\u00e0 Familiare organizzano un corso informativo e formativo sul tema dell&#8217;affido familiare, che si terr\u00e0 a Belluno a partire dal prossimo 9 maggio. Il corso \u00e8 rivolto a famiglie, coppie e persone singole che desiderano conoscere la realt\u00e0 dell&#8217;affido familiare. \u00c8 importante parlare di affidamento familiare perch\u00e9 anche nel territorio bellunese vi \u00e8 sempre la necessit\u00e0 di avere famiglie disponibili ad accogliere nella propria casa un bambino che, per vari motivi, si trovi temporaneamente privo di un ambiente familiare in grado di garantire quelle attenzioni e cure di cui avrebbe bisogno per la sua crescita. L&#8217;accoglienza pu\u00f2 avere forme e durata diverse; si va dalle poche ore al giorno all&#8217;accoglienza residenziale, in cui il bambino pu\u00f2 trascorrere qualche giorno o l&#8217;intera settimana presso la famiglia affidataria, mantenendo i contatti con i propri genitori attraverso visite o rientri regolari in famiglia. Nel 2018 sono stati 54 i bambini\/adolescenti accolti in affido familiare nel territorio provinciale.\u00a0 La partecipazione \u00e8 gratuita. Per informazioni e iscrizioni contattare , entro venerd\u00ec 3 maggio 2019: CASF DI BELLUNO Tel. 0437\/514975 \u2013 Email: centroaffido.bl@aulss1.veneto.it CASF DI FELTRE Tel. 0439\/883170 \u2013 Email: centroaffido.fe@aulss1.veneto.it<\/p>\n<p>&nbsp;<\/p>\n<p>&nbsp;<\/p>\n<p>&nbsp;<\/p>\n<p>&nbsp;<\/p>\n<p>&nbsp;<\/p>\n<h2>GIOVANI E AZIENDE LE STRADE PER UNA INSERIMENTO LAVORATIVO<\/h2>\n<p><strong>BELLUNO<\/strong> Confartigianato mette insieme due mondi: dell&#8217;istruzione e del lavoro. Oggi alle 17.30 il convegno per spiegare alle aziende le nuove opportunit\u00e0 anche per i contributi che non sono pochi.<\/p>\n<p>di DAMIANO TORMEN<\/p>\n<audio class=\"wp-audio-shortcode\" id=\"audio-82779-6\" preload=\"none\" style=\"width: 100%;\" controls=\"controls\"><source type=\"audio\/mpeg\" src=\"http:\/\/www.radiopiu.net\/wordpress\/wp-content\/uploads\/2019\/04\/DAMIANO-CONF.mp3?_=6\" \/><a href=\"http:\/\/www.radiopiu.net\/wordpress\/wp-content\/uploads\/2019\/04\/DAMIANO-CONF.mp3\">http:\/\/www.radiopiu.net\/wordpress\/wp-content\/uploads\/2019\/04\/DAMIANO-CONF.mp3<\/a><\/audio>\n<h3><\/h3>\n<h3><\/h3>\n<p>&nbsp;<\/p>\n<p>&nbsp;<\/p>\n<h2>FALCADE PROGRAMMA L&#8217;ESTATE E GUARDA AL CENTRO BENESSERE<\/h2>\n<p><strong>DI Claudio Fontanive<\/strong><\/p>\n<p><strong><a class=\"dt-pswp-item\" href=\"http:\/\/www.radiopiu.net\/wordpress\/wp-content\/uploads\/2016\/03\/falcade_alto_gallery.jpg\" data-dt-img-description=\"\" data-large_image_width=\"800\" data-large_image_height=\"600\"><img loading=\"lazy\" decoding=\"async\" class=\"wp-image-17193 alignleft\" src=\"http:\/\/www.radiopiu.net\/wordpress\/wp-content\/uploads\/2016\/03\/falcade_alto_gallery-300x225.jpg\" alt=\"\" width=\"133\" height=\"100\" \/><\/a>FALCADE<\/strong> Albergatori, ristoratori e rifugisti tutti attorno allo stesso tavolo per programmare l&#8217;estate 2019. Due novit\u00e0 essenziali: collegamenti e manifestazioni.<\/p>\n<blockquote><p><em>AI MICROFONI DI RADIO PIU DAL DIRETTIVO DELL&#8217;ASSOCIAZIONE DELLA VALLE DEL BIOIS <\/em><em>LUIGI DE TOFFOL\u00a0<\/em><\/p><\/blockquote>\n<audio class=\"wp-audio-shortcode\" id=\"audio-82779-7\" preload=\"none\" style=\"width: 100%;\" controls=\"controls\"><source type=\"audio\/mpeg\" src=\"http:\/\/www.radiopiu.net\/wordpress\/wp-content\/uploads\/2019\/04\/luigi-de-toffol.mp3?_=7\" \/><a href=\"http:\/\/www.radiopiu.net\/wordpress\/wp-content\/uploads\/2019\/04\/luigi-de-toffol.mp3\">http:\/\/www.radiopiu.net\/wordpress\/wp-content\/uploads\/2019\/04\/luigi-de-toffol.mp3<\/a><\/audio>\n<p>&nbsp;<\/p>\n<p>&nbsp;<\/p>\n<p>&nbsp;<\/p>\n<p>&nbsp;<\/p>\n<p>&nbsp;<\/p>\n<h3>SPISAL A CONVEGNO, 580 AZIENDE CONTROLLATE NELL&#8217;ULTIMO ANNO, NEL 15% DEI CASI RISCONTRATE VIOLAZIONI<\/h3>\n<p><strong>BELLUNO<\/strong> Domani dalle 9 in sala riunione dell&#8217;ospedale San Martino convegno sui Progetti di promozione della cultura della salute e la sicurezza sul lavoro a sostegno di imprese e lavoratori, in programma il seminario \u201cI progetti di promozione della cultura della salute e sicurezza sul lavoro a sostegno di imprese e di lavoratori\u201d. L\u2019 incontro \u00e8 finalizzato ad informare il mondo del lavoro locale, imprenditori e lavoratori, delle iniziative, attuate con finanziamenti regionali, svolte a beneficio di tutta la comunit\u00e0 del lavoro, infatti gli introiti derivanti dalle sanzioni in materia di sicurezza del lavoro erogate dagli ispettori dello SPISAL devono essere reinvestiti nel territorio per progetti formativi e di promozione della cultura della salute e della sicurezza nei luoghi di lavoro.<\/p>\n<blockquote><p>Nel corso del 2018 l\u2019attivit\u00e0 di assistenza dello SPISAL dell\u2019ULSS 1 Dolomiti si \u00e8 concretizzata, fornendo risposte alle richieste di informazioni da parte di Tecnici, Progettisti, Consulenti aziendali, RSPP e funzionari di Associazioni con 169 prestazioni dello sportello informativo, 4 incontri con ditte, associazioni e scuole, 132 pareri preventivi\/autorizzativi e 50 ore di formazione diretta su argomenti di competenza.L\u2019attivit\u00e0 di vigilanza, pianificata secondo i criteri di priorit\u00e0 del rischio, si \u00e8 svolta nei comparti delle costruzioni, dell\u2019agricoltura e nelle aziende con indice infortunistico elevato. Nel corso del 2018 si sono controllate 580 aziende e si sono ispezionati 192 cantieri, effettuando oltre 683 sopralluoghi. Nel 15% delle ditte controllate sono state riscontrate delle violazioni alle norme sulla sicurezza sul lavoro e nel 6% sono state fornite indicazioni migliorative (verbali disposizione), mentre il restante 80% non ha presentato evidenti condizioni di rischio per la salute e sicurezza sul lavoro.Lo sforzo congiunto realizzato nel corso di questi anni dai datori di lavoro, lavoratori e Istituzioni ed Enti di vigilanza per migliorare la salute e il benessere delle persone nei luoghi di lavoro ha comportato una diminuzione nel trend dell\u2019incidenza percentuale degli infortuni nel periodo 2012-2017, passando da un tasso di incidenza per \u201cIndustria e Servizi\u201ddel 4,5 nel 2012 al 3,8 nel 2017.Anche l\u2019andamento delle malattie professionali presenta un calo costante dal 2000, con 280 casi segnalati agli SPISAL ai 120 casi del 2018.<\/p><\/blockquote>\n<p>&nbsp;<\/p>\n<p>&nbsp;<\/p>\n<p>&nbsp;<\/p>\n<p>&nbsp;<\/p>\n<p>&nbsp;<\/p>\n<h2>I GRAFFITI A SAN VINCENZO<\/h2>\n<p><strong>AGORDO<\/strong> Due giorni con arte e tradizione, decima edizione di Agordo Paese del graffito, sabato s&#8217;inaugurano le nuove opere a casa Dorigo e Brait e con queste sono 22.<\/p>\n<p><strong>di gianni SANTOMASO<\/strong><\/p>\n<audio class=\"wp-audio-shortcode\" id=\"audio-82779-8\" preload=\"none\" style=\"width: 100%;\" controls=\"controls\"><source type=\"audio\/mpeg\" src=\"http:\/\/www.radiopiu.net\/wordpress\/wp-content\/uploads\/2019\/04\/GIANNI-VINCENZO.mp3?_=8\" \/><a href=\"http:\/\/www.radiopiu.net\/wordpress\/wp-content\/uploads\/2019\/04\/GIANNI-VINCENZO.mp3\">http:\/\/www.radiopiu.net\/wordpress\/wp-content\/uploads\/2019\/04\/GIANNI-VINCENZO.mp3<\/a><\/audio>\n<p><a class=\"dt-pswp-item\" href=\"http:\/\/www.radiopiu.net\/wordpress\/wp-content\/uploads\/2019\/04\/WhatsApp-Image-2019-04-15-at-20.47.28.jpeg\" data-dt-img-description=\"\" data-large_image_width=\"716\" data-large_image_height=\"1023\"><img loading=\"lazy\" decoding=\"async\" class=\"alignnone size-medium wp-image-82828\" src=\"http:\/\/www.radiopiu.net\/wordpress\/wp-content\/uploads\/2019\/04\/WhatsApp-Image-2019-04-15-at-20.47.28-210x300.jpeg\" alt=\"\" width=\"210\" height=\"300\" srcset=\"https:\/\/www.radiopiu.net\/wordpress\/wp-content\/uploads\/2019\/04\/WhatsApp-Image-2019-04-15-at-20.47.28-210x300.jpeg 210w, https:\/\/www.radiopiu.net\/wordpress\/wp-content\/uploads\/2019\/04\/WhatsApp-Image-2019-04-15-at-20.47.28.jpeg 716w\" sizes=\"auto, (max-width: 210px) 100vw, 210px\" \/><\/a><a class=\"dt-pswp-item\" href=\"http:\/\/www.radiopiu.net\/wordpress\/wp-content\/uploads\/2019\/04\/WhatsApp-Image-2019-04-15-at-21.52.13.jpeg\" data-dt-img-description=\"\" data-large_image_width=\"718\" data-large_image_height=\"1030\"><img loading=\"lazy\" decoding=\"async\" class=\"alignnone size-medium wp-image-82827\" src=\"http:\/\/www.radiopiu.net\/wordpress\/wp-content\/uploads\/2019\/04\/WhatsApp-Image-2019-04-15-at-21.52.13-209x300.jpeg\" alt=\"\" width=\"209\" height=\"300\" srcset=\"https:\/\/www.radiopiu.net\/wordpress\/wp-content\/uploads\/2019\/04\/WhatsApp-Image-2019-04-15-at-21.52.13-209x300.jpeg 209w, https:\/\/www.radiopiu.net\/wordpress\/wp-content\/uploads\/2019\/04\/WhatsApp-Image-2019-04-15-at-21.52.13-714x1024.jpeg 714w, https:\/\/www.radiopiu.net\/wordpress\/wp-content\/uploads\/2019\/04\/WhatsApp-Image-2019-04-15-at-21.52.13.jpeg 718w\" sizes=\"auto, (max-width: 209px) 100vw, 209px\" \/><\/a><a class=\"dt-pswp-item\" href=\"http:\/\/www.radiopiu.net\/wordpress\/wp-content\/uploads\/2019\/04\/WhatsApp-Image-2019-04-15-at-20.49.03.jpeg\" data-dt-img-description=\"\" data-large_image_width=\"720\" data-large_image_height=\"1080\"><img loading=\"lazy\" decoding=\"async\" class=\"alignnone size-medium wp-image-82826\" src=\"http:\/\/www.radiopiu.net\/wordpress\/wp-content\/uploads\/2019\/04\/WhatsApp-Image-2019-04-15-at-20.49.03-200x300.jpeg\" alt=\"\" width=\"200\" height=\"300\" srcset=\"https:\/\/www.radiopiu.net\/wordpress\/wp-content\/uploads\/2019\/04\/WhatsApp-Image-2019-04-15-at-20.49.03-200x300.jpeg 200w, https:\/\/www.radiopiu.net\/wordpress\/wp-content\/uploads\/2019\/04\/WhatsApp-Image-2019-04-15-at-20.49.03-683x1024.jpeg 683w, https:\/\/www.radiopiu.net\/wordpress\/wp-content\/uploads\/2019\/04\/WhatsApp-Image-2019-04-15-at-20.49.03.jpeg 720w\" sizes=\"auto, (max-width: 200px) 100vw, 200px\" \/><\/a><\/p>\n<p><a class=\"dt-pswp-item\" href=\"http:\/\/www.radiopiu.net\/wordpress\/wp-content\/uploads\/2019\/04\/WhatsApp-Image-2019-04-15-at-20.48.39-1.jpeg\" data-dt-img-description=\"\" data-large_image_width=\"1600\" data-large_image_height=\"1388\"><img loading=\"lazy\" decoding=\"async\" class=\"alignnone wp-image-82829\" src=\"http:\/\/www.radiopiu.net\/wordpress\/wp-content\/uploads\/2019\/04\/WhatsApp-Image-2019-04-15-at-20.48.39-1-300x260.jpeg\" alt=\"\" width=\"271\" height=\"235\" srcset=\"https:\/\/www.radiopiu.net\/wordpress\/wp-content\/uploads\/2019\/04\/WhatsApp-Image-2019-04-15-at-20.48.39-1-300x260.jpeg 300w, https:\/\/www.radiopiu.net\/wordpress\/wp-content\/uploads\/2019\/04\/WhatsApp-Image-2019-04-15-at-20.48.39-1-768x666.jpeg 768w, https:\/\/www.radiopiu.net\/wordpress\/wp-content\/uploads\/2019\/04\/WhatsApp-Image-2019-04-15-at-20.48.39-1-1024x888.jpeg 1024w, https:\/\/www.radiopiu.net\/wordpress\/wp-content\/uploads\/2019\/04\/WhatsApp-Image-2019-04-15-at-20.48.39-1.jpeg 1600w\" sizes=\"auto, (max-width: 271px) 100vw, 271px\" \/><\/a><a class=\"dt-pswp-item\" href=\"http:\/\/www.radiopiu.net\/wordpress\/wp-content\/uploads\/2019\/04\/WhatsApp-Image-2019-04-15-at-20.48.40.jpeg\" data-dt-img-description=\"\" data-large_image_width=\"1487\" data-large_image_height=\"1083\"><img loading=\"lazy\" decoding=\"async\" class=\"alignnone wp-image-82825\" src=\"http:\/\/www.radiopiu.net\/wordpress\/wp-content\/uploads\/2019\/04\/WhatsApp-Image-2019-04-15-at-20.48.40-300x218.jpeg\" alt=\"\" width=\"324\" height=\"235\" srcset=\"https:\/\/www.radiopiu.net\/wordpress\/wp-content\/uploads\/2019\/04\/WhatsApp-Image-2019-04-15-at-20.48.40-300x218.jpeg 300w, https:\/\/www.radiopiu.net\/wordpress\/wp-content\/uploads\/2019\/04\/WhatsApp-Image-2019-04-15-at-20.48.40-768x559.jpeg 768w, https:\/\/www.radiopiu.net\/wordpress\/wp-content\/uploads\/2019\/04\/WhatsApp-Image-2019-04-15-at-20.48.40-1024x746.jpeg 1024w, https:\/\/www.radiopiu.net\/wordpress\/wp-content\/uploads\/2019\/04\/WhatsApp-Image-2019-04-15-at-20.48.40.jpeg 1487w\" sizes=\"auto, (max-width: 324px) 100vw, 324px\" \/><\/a><\/p>\n<p><a class=\"dt-pswp-item\" href=\"http:\/\/www.radiopiu.net\/wordpress\/wp-content\/uploads\/2019\/04\/WhatsApp-Image-2019-04-15-at-20.48.39-2.jpeg\" data-dt-img-description=\"\" data-large_image_width=\"1371\" data-large_image_height=\"1600\"><img loading=\"lazy\" decoding=\"async\" class=\"alignnone wp-image-82830\" src=\"http:\/\/www.radiopiu.net\/wordpress\/wp-content\/uploads\/2019\/04\/WhatsApp-Image-2019-04-15-at-20.48.39-2-257x300.jpeg\" alt=\"\" width=\"257\" height=\"300\" srcset=\"https:\/\/www.radiopiu.net\/wordpress\/wp-content\/uploads\/2019\/04\/WhatsApp-Image-2019-04-15-at-20.48.39-2-257x300.jpeg 257w, https:\/\/www.radiopiu.net\/wordpress\/wp-content\/uploads\/2019\/04\/WhatsApp-Image-2019-04-15-at-20.48.39-2-768x896.jpeg 768w, https:\/\/www.radiopiu.net\/wordpress\/wp-content\/uploads\/2019\/04\/WhatsApp-Image-2019-04-15-at-20.48.39-2-877x1024.jpeg 877w, https:\/\/www.radiopiu.net\/wordpress\/wp-content\/uploads\/2019\/04\/WhatsApp-Image-2019-04-15-at-20.48.39-2.jpeg 1371w\" sizes=\"auto, (max-width: 257px) 100vw, 257px\" \/><\/a><a class=\"dt-pswp-item\" href=\"http:\/\/www.radiopiu.net\/wordpress\/wp-content\/uploads\/2019\/04\/WhatsApp-Image-2019-04-15-at-20.48.39.jpeg\" data-dt-img-description=\"\" data-large_image_width=\"1258\" data-large_image_height=\"1600\"><img loading=\"lazy\" decoding=\"async\" class=\"alignnone size-medium wp-image-82824\" src=\"http:\/\/www.radiopiu.net\/wordpress\/wp-content\/uploads\/2019\/04\/WhatsApp-Image-2019-04-15-at-20.48.39-236x300.jpeg\" alt=\"\" width=\"236\" height=\"300\" srcset=\"https:\/\/www.radiopiu.net\/wordpress\/wp-content\/uploads\/2019\/04\/WhatsApp-Image-2019-04-15-at-20.48.39-236x300.jpeg 236w, https:\/\/www.radiopiu.net\/wordpress\/wp-content\/uploads\/2019\/04\/WhatsApp-Image-2019-04-15-at-20.48.39-768x977.jpeg 768w, https:\/\/www.radiopiu.net\/wordpress\/wp-content\/uploads\/2019\/04\/WhatsApp-Image-2019-04-15-at-20.48.39-805x1024.jpeg 805w, https:\/\/www.radiopiu.net\/wordpress\/wp-content\/uploads\/2019\/04\/WhatsApp-Image-2019-04-15-at-20.48.39.jpeg 1258w\" sizes=\"auto, (max-width: 236px) 100vw, 236px\" \/><\/a><\/p>\n<p>&nbsp;<\/p>\n<p>&nbsp;<\/p>\n<p>&nbsp;<\/p>\n<p>&nbsp;<\/p>\n<p>&nbsp;<\/p>\n<h2>PER I 30 ANNI DI GEMELLAGGIO AGORDO-ZUGLIANO IL LIBRO &#8220;IL FILO DELLA SETA TRA AGORDO E ZUGLIANO&#8221;.<\/h2>\n<p><strong>il racconto della presentazione di Claudia Cattadori.<\/strong><\/p>\n<p><a class=\"dt-pswp-item\" href=\"http:\/\/www.radiopiu.net\/wordpress\/wp-content\/uploads\/2019\/04\/20190413_Sindaco-AgordoESindaciZugliano.jpg\" data-dt-img-description=\"\" data-large_image_width=\"1280\" data-large_image_height=\"768\"><img loading=\"lazy\" decoding=\"async\" class=\"size-medium wp-image-82822 alignleft\" src=\"http:\/\/www.radiopiu.net\/wordpress\/wp-content\/uploads\/2019\/04\/20190413_Sindaco-AgordoESindaciZugliano-300x180.jpg\" alt=\"\" width=\"300\" height=\"180\" srcset=\"https:\/\/www.radiopiu.net\/wordpress\/wp-content\/uploads\/2019\/04\/20190413_Sindaco-AgordoESindaciZugliano-300x180.jpg 300w, https:\/\/www.radiopiu.net\/wordpress\/wp-content\/uploads\/2019\/04\/20190413_Sindaco-AgordoESindaciZugliano-768x461.jpg 768w, https:\/\/www.radiopiu.net\/wordpress\/wp-content\/uploads\/2019\/04\/20190413_Sindaco-AgordoESindaciZugliano-1024x614.jpg 1024w, https:\/\/www.radiopiu.net\/wordpress\/wp-content\/uploads\/2019\/04\/20190413_Sindaco-AgordoESindaciZugliano.jpg 1280w\" sizes=\"auto, (max-width: 300px) 100vw, 300px\" \/><\/a>Sabato 13 aprile il Sindaco di Agordo Sisto Da Roit, i rappresentanti del Circolo Culturale Agordino e del Comitato di Gemellaggio sono stati accolti dalla Comunit\u00e0 di Zugliano per celebrare i 30 anni dell&#8217;unione tra i due paesi. Con l&#8217;occasione \u00e8 stato presentato il libro, fresco di stampa, &#8220;Il filo di seta tra Agordo e Zugliano&#8221; che ripercorre la storia di questo importante legame. La delegazione Agordina \u00e8 stata accompagnata, dal titolare Pietro Zanin, in una visita guidata molto interessante all&#8217;omonima distilleria di Zugliano. Oggi questa realt\u00e0 ha reso celebre il Comune Vicentino in Italia e nel mondo dove vengono esportate grappe e distillati di alta qualit\u00e0. L&#8217;edificio, che \u00e8 stato oggetto di un consistente restauro, ha ospitato fino al 2004 il cascamificio per la filatura della seta dove, nella seconda met\u00e0 dell&#8217;Ottocento, avevano lavorato molte donne Agordine. Proprio la significativa presenza di lavoratrici della nostra Valle \u00e8 stato il motivo che ha \u00a0fatto nascere un legame profondo tra le due Comunit\u00e0, suggellato il 2 luglio 1989 con la stipula del patto di gemellaggio fra gli allora Sindaci Armando &#8220;Tama&#8221; Da Roit e Antonio Dal Bianco. Nella sala conferenze della prestigiosa distilleria Zanin \u00e8 stato presentato il libro che racconta l&#8217;origine e lo sviluppo del legame tra Agordo e Zugliano. Alcuni componenti della banda locale di Breganze ha accompagnato il numeroso pubblico presente con canti locali sull&#8217;emigrazione e la dura vita di fine Ottocento. I tre autori dell&#8217;opera, Patrizio De Ventura del Circolo Culturale Agordino, Giulio Della Ricca e Arianna Brazzale del Gruppo di Ricerca Storica di Zugliano, hanno presentato e argomentato con impegno e bravura le ricerche compiute per la stesura del testo. All&#8217;evento erano presenti anche i Sindaci di Zugliano che in questi 30 anni hanno seguito il gemellaggio con Agordo: Antonio Dal Bianco, Valentino Dalla Riva, Valentino Cunico, Romano Leonardi e Sandro Maculan attualmente in carica. Moderatore della manifestazione \u00e8 stato l&#8217;Assessore alla Cultura del Comune di Zugliano Sig. Antonio Cipriano. L&#8217;Ex Sindaco di Zugliano, Antonio Dal Bianco, ha ricordato quel 2 luglio del 1989 che lo ha visto protagonista assieme al collega Armando Da Roit della \u00a0firma del patto di gemellaggio. Don Danilo Povolo (scomparso di recente) aveva fatto una ricerca molto approfondita sul fenomeno dell&#8217;emigrazione Agordina nel piccolo paesino Vicentino. Dal Bianco ha sottolineato nel suo intervento le difficolt\u00e0 che le lavoratrici Agordine avevano dovuto affrontare a met\u00e0 Ottocento ma evidenzia anche come esse abbiano trovato nella Comunit\u00e0 di Zugliano una nuova casa e una nuova famiglia. La loro emigrazione, che le aveva costrette a lasciare la comunit\u00e0 e le tradizioni di origine, pur con difficolt\u00e0 e fatica si \u00e8 trasformata in una vita nuova ricca di speranza. Il Sindaco di Agordo Sisto Da Roit riprende proprio questo tema sottolineando come la nostra comunit\u00e0 Agordina sarebbe oggi molto diversa se i nostri emigranti di fine Ottocento non avessero trovato accoglienza nei luoghi in cui dovevano lavorare.\u00a0 Sandro Maculan, attuale Primo Cittadino di Zugliano, ha posto l&#8217;accento su come in questi 30 anni sia cresciuta l&#8217;amicizia e la concordia tra le due comunit\u00e0. Ci\u00f2 \u00e8 stato reso possibile grazie all&#8217;impegno delle Associazioni e delle singole persone che hanno costruito una solida rete di legami stabili e duraturi nel tempo. A loro il compito di far s\u00ec che il filo di seta che unisce Agordo e Zugliano non si spezzi mai. Il libro verr\u00e0 presentato anche ad Agordo in estate.<\/p>\n<p>&nbsp;<\/p>\n<p>&nbsp;<\/p>\n<p>&nbsp;<\/p>\n<p>&nbsp;<\/p>\n<h3>FELTRE E&#8217; COMUNE CICLABILE, A VERONA IL RICONOSCIMENTO DELLA F.I.A.B.<\/h3>\n<p><strong><a class=\"dt-pswp-item\" href=\"http:\/\/www.radiopiu.net\/wordpress\/wp-content\/uploads\/2019\/04\/download-1.jpg\" data-dt-img-description=\"\" data-large_image_width=\"300\" data-large_image_height=\"168\"><img loading=\"lazy\" decoding=\"async\" class=\"alignnone wp-image-82792 \" src=\"http:\/\/www.radiopiu.net\/wordpress\/wp-content\/uploads\/2019\/04\/download-1.jpg\" alt=\"\" width=\"444\" height=\"249\" \/><\/a><\/strong><\/p>\n<p><strong>FELTRE<\/strong> Importante riconoscimento per il Comune di Feltre: venerd\u00ec a Verona la F.I.A.B. ha infatti assegnato gli attestati relativi ai 35 nuovi \u201cComuniCiclabili\u201d d\u2019Italia, saliti ora \u2013 complessivamente \u2013 a 117. Tra questi, vi \u00e8, appunto, la citt\u00e0 di Feltre, che ha ottenuto ben 3 bike smile (su un massimo previsto di 5). La FIAB onlus \u2013 Federazione Italiana Amici della Bicicletta \u2013 \u00e8 la pi\u00f9 grande associazione cicloambientalista italiana, con una storia trentennale, che ad oggi conta oltre 160 associazioni aderenti su tutto il territorio nazionale, grazie all\u2019impegno dei quasi 20.000 soci attivisti. La FIAB, come noto, promuove l\u2019uso della bicicletta per la mobilit\u00e0 urbana e il turismo sostenibile, con azioni di sensibilizzazione e proposte rivolte a cittadini e istituzioni a livello locale, nazionale ed europeo, come aderente alla ECF (European Cyclists&#8217; Federation).\u00a0 L\u2019associazione si \u00e8 attivata dallo scorso anno per offrire a tutte le amministrazioni comunali italiane la possibilit\u00e0 di aderire alla rete \u201cComuniCiclabili\u201d, che permette di \u201cmisurare\u201d e attestare con criteri oggettivi il grado di \u201cciclabilit\u00e0\u201d del proprio territorio, attraverso la valutazione di una serie di parametri che riguardano la Mobilit\u00e0, il Cicloturismo, la Governance e la Comunicazione e Promozione. Per quanto riguarda, nello specifico, la citt\u00e0 di Feltre, la F.I.A.B. ha riconosciuto particolari meriti nell\u2019ambito della pedonalizzazione e della ciclabilit\u00e0 del centro, la vasta area caratterizzata dalla velocit\u00e0 moderata a 30 km\/h e la progettualit\u00e0 inerente nuove ciclabili. A ritirare il riconoscimento, una sorta di \u201cbandiera\u201d della ciclabilit\u00e0, per il Comune di Feltre era presente a Verona l\u2019assessore alla Mobilit\u00e0 e all\u2019Ambiente Valter Bonan che cos\u00ec commenta: \u201cSi tratta di un attestato che ci rende particolarmente felici, perch\u00e9 sottolinea la bont\u00e0 e l\u2019importanza delle politiche che stiamo perseguendo in merito allo sviluppo della ciclabilit\u00e0 cittadina non solo in termini turistici, ma anche per gli spostamenti casa-scuola e casa-lavoro. Il riconoscimento della FIAB avr\u00e0 inoltre un sicuro impatto di natura turistica, attraverso la \u201cGuida ai ComuniCiclabili d\u2019Italia\u201d, promossa dalla stessa associazione. Investire in infrastrutture per la mobilit\u00e0 ciclabile, ma soprattutto in una cultura del \u201cmuoversi responsabilmente\u201d \u2013 conclude Bonan \u2013 \u00e8 una scelta di maturit\u00e0 sotto molti punti di vista, primi fra tutti la tutela della salute dei cittadini e dell\u2019ambiente in cui viviamo, che non pu\u00f2 pi\u00f9 essere rinviata.\u201d<em> (FOTO corrieredellealpi).<\/em><\/p>\n<p>&nbsp;<\/p>\n<p>&nbsp;<\/p>\n<p>&nbsp;<\/p>\n<p>&nbsp;<\/p>\n<h2>UN NUOVO FLYER INFORMATIVO PER IL MUSEO LUCIANI DA UN&#8217;IDEA DI DANIEL SMANIOTTO<\/h2>\n<p><strong>CANALE D&#8217;AGORDO <\/strong>Un nuovo flyer informativo per il Museo Albino Luciani di Canale d&#8217;Agordo, realizzato dalla classe 5LG (indirizzo grafico) del Liceo Artistico Tomaso Catullo di Belluno. Il progetto \u00e8 stato inserito nell\u2019ambito delle ore di discipline grafiche, in collaborazione con la docente Eleonora Sarasin. I 21 studenti hanno elaborato altrettanti progetti, caratterizzati da nuove proposte, tutte diverse tra loro, dopo aver approfondito la conoscenza della figura di Luciani, avvenuta anche grazie all&#8217;incontro in aula con Don Alex &#8211; coordinatore degli insegnanti di religione di Belluno. L&#8217;unit\u00e0 didattica ha avuto una durata di circa 2 settimane nel mese di febbraio. Delle varie proposte, una ha avuto successo, ed \u00e8 stata selezionata per diventare il nuovo flyer di presentazione del museo. L&#8217;alunno vincitore \u00e8 <strong>Daniel Smaniotto<\/strong> con un\u2019interpretazione innovativa che mette in risalto le caratteristiche principali.<\/p>\n<blockquote><p><em>\u201cHo usato come base il bianco, per indicare il colore dei Papa e la purezza di Luciani &#8211;\u00a0 spiega Daniel Smaniotto &#8211;\u00a0 la foto inserita dell&#8217;allora neo eletto Papa Giovanni Paolo I, ricalcata con i colori della pace, trasmette la sua gioia\u201d<\/em>.<\/p><\/blockquote>\n<p>&nbsp;<\/p>\n<p><a class=\"dt-pswp-item\" href=\"http:\/\/www.radiopiu.net\/wordpress\/wp-content\/uploads\/2019\/04\/flyer_informativo_museo_1.jpg\" data-dt-img-description=\"\" data-large_image_width=\"2481\" data-large_image_height=\"3508\"><img loading=\"lazy\" decoding=\"async\" class=\"alignnone size-medium wp-image-82812\" src=\"http:\/\/www.radiopiu.net\/wordpress\/wp-content\/uploads\/2019\/04\/flyer_informativo_museo_1-212x300.jpg\" alt=\"\" width=\"212\" height=\"300\" srcset=\"https:\/\/www.radiopiu.net\/wordpress\/wp-content\/uploads\/2019\/04\/flyer_informativo_museo_1-212x300.jpg 212w, https:\/\/www.radiopiu.net\/wordpress\/wp-content\/uploads\/2019\/04\/flyer_informativo_museo_1-768x1086.jpg 768w, https:\/\/www.radiopiu.net\/wordpress\/wp-content\/uploads\/2019\/04\/flyer_informativo_museo_1-724x1024.jpg 724w\" sizes=\"auto, (max-width: 212px) 100vw, 212px\" \/><\/a><a class=\"dt-pswp-item\" href=\"http:\/\/www.radiopiu.net\/wordpress\/wp-content\/uploads\/2019\/04\/flyer_informativo_museo_2.jpg\" data-dt-img-description=\"\" data-large_image_width=\"2481\" data-large_image_height=\"3508\"><img loading=\"lazy\" decoding=\"async\" class=\"alignnone size-medium wp-image-82811\" src=\"http:\/\/www.radiopiu.net\/wordpress\/wp-content\/uploads\/2019\/04\/flyer_informativo_museo_2-212x300.jpg\" alt=\"\" width=\"212\" height=\"300\" srcset=\"https:\/\/www.radiopiu.net\/wordpress\/wp-content\/uploads\/2019\/04\/flyer_informativo_museo_2-212x300.jpg 212w, https:\/\/www.radiopiu.net\/wordpress\/wp-content\/uploads\/2019\/04\/flyer_informativo_museo_2-768x1086.jpg 768w, https:\/\/www.radiopiu.net\/wordpress\/wp-content\/uploads\/2019\/04\/flyer_informativo_museo_2-724x1024.jpg 724w\" sizes=\"auto, (max-width: 212px) 100vw, 212px\" \/><\/a><\/p>\n<p>&nbsp;<\/p>\n<p>&nbsp;<\/p>\n<p>&nbsp;<\/p>\n<p>&nbsp;<\/p>\n<p>&nbsp;<\/p>\n<h2>UOVA DI PASQUA PER SUPPORTARE L&#8217;AIDO<\/h2>\n<p><strong><a class=\"dt-pswp-item\" href=\"http:\/\/www.radiopiu.net\/wordpress\/wp-content\/uploads\/2019\/04\/uova.jpg\" data-dt-img-description=\"\" data-large_image_width=\"587\" data-large_image_height=\"960\"><img loading=\"lazy\" decoding=\"async\" class=\"size-medium wp-image-82823 alignleft\" src=\"http:\/\/www.radiopiu.net\/wordpress\/wp-content\/uploads\/2019\/04\/uova-183x300.jpg\" alt=\"\" width=\"183\" height=\"300\" srcset=\"https:\/\/www.radiopiu.net\/wordpress\/wp-content\/uploads\/2019\/04\/uova-183x300.jpg 183w, https:\/\/www.radiopiu.net\/wordpress\/wp-content\/uploads\/2019\/04\/uova.jpg 587w\" sizes=\"auto, (max-width: 183px) 100vw, 183px\" \/><\/a>BELLUNO<\/strong> In vendita nei supermercati Eurospar e Interspar di Belluno e Calalzo le uova pasquali per supportare l&#8217;attivit\u00e0 dell&#8217;Associazione Italiana per la Donazione di Organi. Le Uova di Pasqua pro A.I.D.O. (disponibili nelle versioni cioccolato al latte e cioccolato fondente) saranno in vendita nei supermercati Eurospar e Interspar, gestiti direttamente da Aspiag Service in Veneto, il prezzo a scaffale sar\u00e0 di 9,90 euro, e tutto il ricavato sar\u00e0 devoluto all\u2019Associazione. Secondo i dati del Centro Nazionale Trapianti nel 2018, in Italia, sono stati effettuati 3.718 trapianti d\u2019organo. A fine dicembre, tuttavia, ben 8.713 persone erano ancora in lista d\u2019attesa per ricevere un organo. Le statistiche testimoniano che l\u201980% delle persone che hanno subito un trapianto, a cinque anni di distanza dall\u2019intervento, sono in grado di condurre una vita quasi normale, mentre le speranze di sopravvivenza per chi attende un trapianto di cuore, fegato, pancreas o polmone diminuiscono drammaticamente con il passare del tempo, e non superano i 16 mesi. La nostra provincia si annovera tra le pi\u00f9 generose con un tasso di dichiarazioni positive alla donazione dell&#8217;80% su 15.000 persone che hanno scelto di dichiarare la propria volont\u00e0, ma possiamo fare ancora di pi\u00f9, coinvolgendo il resto della popolazione con campagne di informazione sulla donazione di organi. L\u2019Associazione Italiana per la Donazione di Organi, Tessuti e Cellule (A.I.D.O.) a Belluno opera da oltre quarantacinque anni per promuovere la cultura della donazione e della solidariet\u00e0, e garantire cos\u00ec a tante persone non soltanto la possibilit\u00e0 di sopravvivere, ma anche quella di condurre un\u2019esistenza normale. E questa \u00e8 solo una delle azioni che la sezione provinciale sta promuovendo tra aprile e maggio, mesi dedicati alla promozione non solo della cultura della donazione degli organi, ma anche della prevenzione alle malattie con incontri mirati sul territorio con incontri informativi dal titolo &#8220;PREVENZIONE PER TUTTI E OVUNQUE&#8221;. Tale progetto \u00e8 stato presentato all&#8217;annuale Assemblea ed \u00e8 volto ad informare su come prevenire le malattie che potrebbero compromettere la salute dell&#8217;individuo fino alla necessit\u00e0 di un trapianto o essere ostative il giorno in cui ci possa essere la donazione degli organi. Presenteremo quindi i corretti stili vita per il benessere della persona, con una ricca e articolata azione di prevenzione verso le patologie cardio \u2013 respiratorie, renali e polmonari, spesso acuite dalla messa in atto di comportamenti non sempre corretti passando anche alla lotta contro il tabagismo e l&#8217;alcolismo. Sono gi\u00e0 in accordo delle serate a Canale d&#8217;Agordo il 3 Maggio e ad Alano di Piave il 23 maggio, mentre a Limana saremo per i Martedi della Salute a fine mese di Maggio.<\/p>\n<p>&nbsp;<\/p>\n<p>&nbsp;<\/p>\n<p>&nbsp;<\/p>\n<p>&nbsp;<\/p>\n<h1>SCUOLE IN RETE, SUCCESSO E PARTECIPAZIONE AL MUSICAL<\/h1>\n\n\t\t\t<style type='text\/css'>\n\t\t\t\t#gallery-1 {\n\t\t\t\t\tmargin: auto;\n\t\t\t\t}\n\t\t\t\t#gallery-1 .gallery-item {\n\t\t\t\t\tfloat: left;\n\t\t\t\t\tmargin-top: 10px;\n\t\t\t\t\ttext-align: center;\n\t\t\t\t\twidth: 33%;\n\t\t\t\t}\n\t\t\t\t#gallery-1 img {\n\t\t\t\t\tborder: 2px solid #cfcfcf;\n\t\t\t\t}\n\t\t\t\t#gallery-1 .gallery-caption {\n\t\t\t\t\tmargin-left: 0;\n\t\t\t\t}\n\t\t\t\t\/* see gallery_shortcode() in wp-includes\/media.php *\/\n\t\t\t<\/style>\n\t\t<div id='gallery-1' class='dt-gallery-container gallery galleryid-82779 gallery-columns-3 gallery-size-thumbnail'><dl class='gallery-item'>\n\t\t\t\t<dt class='gallery-icon landscape'>\n\t\t\t\t\t<a class=\"rollover\" href='https:\/\/www.radiopiu.net\/wordpress\/giornale-radiopiu-16-aprile-2019-direttore-mirko-mezzacasa\/57049180_2538147276196620_2137882991639134208_o\/'><img loading=\"lazy\" decoding=\"async\" width=\"150\" height=\"150\" src=\"https:\/\/www.radiopiu.net\/wordpress\/wp-content\/uploads\/2019\/04\/57049180_2538147276196620_2137882991639134208_o-150x150.jpg\" class=\"attachment-thumbnail size-thumbnail\" alt=\"\" \/><\/a>\n\t\t\t\t<\/dt><\/dl><dl class='gallery-item'>\n\t\t\t\t<dt class='gallery-icon landscape'>\n\t\t\t\t\t<a class=\"rollover\" href='https:\/\/www.radiopiu.net\/wordpress\/giornale-radiopiu-16-aprile-2019-direttore-mirko-mezzacasa\/50985942_2300682013284753_4493360833358725120_n\/'><img loading=\"lazy\" decoding=\"async\" width=\"150\" height=\"150\" src=\"https:\/\/www.radiopiu.net\/wordpress\/wp-content\/uploads\/2019\/04\/50985942_2300682013284753_4493360833358725120_n-150x150.jpg\" class=\"attachment-thumbnail size-thumbnail\" alt=\"\" \/><\/a>\n\t\t\t\t<\/dt><\/dl><dl class='gallery-item'>\n\t\t\t\t<dt class='gallery-icon landscape'>\n\t\t\t\t\t<a class=\"rollover\" href='https:\/\/www.radiopiu.net\/wordpress\/giornale-radiopiu-16-aprile-2019-direttore-mirko-mezzacasa\/86-dsc_4059\/'><img loading=\"lazy\" decoding=\"async\" width=\"150\" height=\"150\" src=\"https:\/\/www.radiopiu.net\/wordpress\/wp-content\/uploads\/2019\/04\/86-dsc_4059-150x150.jpg\" class=\"attachment-thumbnail size-thumbnail\" alt=\"\" \/><\/a>\n\t\t\t\t<\/dt><\/dl><br style=\"clear: both\" \/><dl class='gallery-item'>\n\t\t\t\t<dt class='gallery-icon landscape'>\n\t\t\t\t\t<a class=\"rollover\" href='https:\/\/www.radiopiu.net\/wordpress\/giornale-radiopiu-16-aprile-2019-direttore-mirko-mezzacasa\/50-dsc_4426\/'><img loading=\"lazy\" decoding=\"async\" width=\"150\" height=\"150\" src=\"https:\/\/www.radiopiu.net\/wordpress\/wp-content\/uploads\/2019\/04\/50-dsc_4426-150x150.jpg\" class=\"attachment-thumbnail size-thumbnail\" alt=\"\" \/><\/a>\n\t\t\t\t<\/dt><\/dl><dl class='gallery-item'>\n\t\t\t\t<dt class='gallery-icon landscape'>\n\t\t\t\t\t<a class=\"rollover\" href='https:\/\/www.radiopiu.net\/wordpress\/giornale-radiopiu-16-aprile-2019-direttore-mirko-mezzacasa\/56786105_2538146626196685_2815895136100155392_o\/'><img loading=\"lazy\" decoding=\"async\" width=\"150\" height=\"150\" src=\"https:\/\/www.radiopiu.net\/wordpress\/wp-content\/uploads\/2019\/04\/56786105_2538146626196685_2815895136100155392_o-150x150.jpg\" class=\"attachment-thumbnail size-thumbnail\" alt=\"\" \/><\/a>\n\t\t\t\t<\/dt><\/dl><dl class='gallery-item'>\n\t\t\t\t<dt class='gallery-icon landscape'>\n\t\t\t\t\t<a class=\"rollover\" href='https:\/\/www.radiopiu.net\/wordpress\/giornale-radiopiu-16-aprile-2019-direttore-mirko-mezzacasa\/56907871_2538147242863290_3223583610908966912_o\/'><img loading=\"lazy\" decoding=\"async\" width=\"150\" height=\"150\" src=\"https:\/\/www.radiopiu.net\/wordpress\/wp-content\/uploads\/2019\/04\/56907871_2538147242863290_3223583610908966912_o-150x150.jpg\" class=\"attachment-thumbnail size-thumbnail\" alt=\"\" \/><\/a>\n\t\t\t\t<\/dt><\/dl><br style=\"clear: both\" \/><dl class='gallery-item'>\n\t\t\t\t<dt class='gallery-icon landscape'>\n\t\t\t\t\t<a class=\"rollover\" href='https:\/\/www.radiopiu.net\/wordpress\/giornale-radiopiu-16-aprile-2019-direttore-mirko-mezzacasa\/37-dsc_4399\/'><img loading=\"lazy\" decoding=\"async\" width=\"150\" height=\"150\" src=\"https:\/\/www.radiopiu.net\/wordpress\/wp-content\/uploads\/2019\/04\/37-dsc_4399-150x150.jpg\" class=\"attachment-thumbnail size-thumbnail\" alt=\"\" \/><\/a>\n\t\t\t\t<\/dt><\/dl><dl class='gallery-item'>\n\t\t\t\t<dt class='gallery-icon landscape'>\n\t\t\t\t\t<a class=\"rollover\" href='https:\/\/www.radiopiu.net\/wordpress\/giornale-radiopiu-16-aprile-2019-direttore-mirko-mezzacasa\/63-dsc_3997\/'><img loading=\"lazy\" decoding=\"async\" width=\"150\" height=\"150\" src=\"https:\/\/www.radiopiu.net\/wordpress\/wp-content\/uploads\/2019\/04\/63-dsc_3997-150x150.jpg\" class=\"attachment-thumbnail size-thumbnail\" alt=\"\" \/><\/a>\n\t\t\t\t<\/dt><\/dl><dl class='gallery-item'>\n\t\t\t\t<dt class='gallery-icon landscape'>\n\t\t\t\t\t<a class=\"rollover\" href='https:\/\/www.radiopiu.net\/wordpress\/giornale-radiopiu-16-aprile-2019-direttore-mirko-mezzacasa\/113-dsc_4168\/'><img loading=\"lazy\" decoding=\"async\" width=\"150\" height=\"150\" src=\"https:\/\/www.radiopiu.net\/wordpress\/wp-content\/uploads\/2019\/04\/113-dsc_4168-150x150.jpg\" class=\"attachment-thumbnail size-thumbnail\" alt=\"\" \/><\/a>\n\t\t\t\t<\/dt><\/dl><br style=\"clear: both\" \/>\n\t\t\t<\/div>\n\n<p>Tre repliche e per tre volte il tutto esaurito al teatro Comunale di Belluno per il musical &#8220;Una sorpresa inaspettata&#8221;: un pubblico di pi\u00f9 di 1350 persone, tra studenti ed adulti. Un grande successo frutto della passione degli studenti delle Scuole in Rete per un Mondo di Solidariet\u00e0 e Pace provenienti da tutta la provincia, che\u00a0 hanno lavorato sotto la direzione di Massimo Ferigutti in un progetto che ha visto come promotore principale l&#8217;AICS di Belluno, la collaborazione del Comune di Belluno, di Formarte, Danza oltre, oltre alle Scuole in Rete e all&#8217;Associazione Amici delle Scuole in rete. Un progetto ambizioso quello\u00a0 del musical, che coinvolge praticamente tutte le arti che ruotano attorno al palcoscenico e che, in questo caso, aveva anche uno scopo benefico: raccogliere fondi per il recupero del parco di Lambioi devastato dall&#8217;esondazione del Piave durante la tempesta Vaia: al momento sono stati raccolti 455 euro dagli studenti del Catullo che si sono autotassati e 1157 euro dal pubblico degli adulti. Visto il successo e l&#8217;entusiasmo scaturito dall&#8217;iniziativa, gli organizzatori stanno pensando ad alcune repliche, per non disperdere questo patrimonio di sudore, disciplina, collaborazione, responsabilit\u00e0, creativit\u00e0, abilit\u00e0 e solidariet\u00e0 dimostrato dagli studenti bellunesi. Due scuole di danza si confrontano, una gara proposta da suor Clarissa, nel tentativo di evitare la chiusura della scuola di danza pubblica, che tanti giovani ha tolto dalla strada. Un pareggio non basterebbe ad evitare la chiusura fortemente voluta dalla malapolitica, che, corrotta,\u00a0 sostiene il privilegio e l&#8217;interesse personale in un ambito, quello educativo che deve essere considerato di interesse collettivo. Alla fine l&#8217;ostinazione della suora,\u00a0\u00a0 l&#8217;arte della danza,\u00a0 la passione, l&#8217;impegno\u00a0 e\u00a0 l&#8217;energia dei giovani\u00a0 permettono la riconciliazione tra politica e bene comune, nessuna scuola chiude, i due gruppi si riconciliano, il politico corrotto si converte. &#8220;Ovviamente nessun riferimento alle Scuole paritarie italiane e bellunesi in particolare, che svolgono servizio pubblico all&#8217;interno del sistema dell&#8217;istruzione e che devono rispettare vincoli e parametri definiti dal Ministero&#8221;, ci tiene a precisare il prof. Ferigutti, autore dei testi e regista della performance, &#8220;si tratta di un pretesto narrativo per contrapporre il bene comune, l&#8217;inclusione, l&#8217;interesse educativo e il merito alla corruzione e all&#8217;interesse privato in atto pubblico. Penso che nessun bellunese si debba sentire coinvolto in quest&#8217;ultima categoria&#8221;. Ottanta gli studenti coinvolti nel casting provinciale e 55 gli studenti coinvolti direttamente come parte attiva nello spettacolo nei vari ruoli di danzatore, cantanti, attori, personale tecnico, grafico, videografico, ecc. Ma si tratta di un musical e quindi eccezionali quegli studenti che hanno dimostrato di saper interpretare perfettamente e in contemporanea l&#8217;arte del teatro, della danza e del canto. Chapeau! Alla performance hanno collaborato anche Elena Posocco per le coreografie, Orlando Cazzato per le scenografie, Jessica Da Re come vocal coach, e Giorgia Polloni come training attori. Queste le scuole pi\u00f9 rappresentate tra gli studenti protagonisti della rappresentazione, nell&#8217;ordine: Ist. Catullo, Galilei-Tiziano, Renier, Calvi, Ist. Follador di Agordo, Liceo Lollino, ITI Segato-Brustolon, Comprensivo di Limana. http:\/\/www.studentibelluno.it\/le-scuole-in-rete\/617-musical-una-sorpresa-inaspettata-12-aprile<\/p>\n<p>&nbsp;<\/p>\n<p>&nbsp;<\/p>\n<p>&nbsp;<\/p>\n<p>&nbsp;<\/p>\n<p>&nbsp;<\/p>\n<p align=\"CENTER\"><span style=\"font-family: Arial Unicode MS, sans-serif;\"><span style=\"color: #454545;\"><span style=\"font-family: Tahoma, sans-serif;\"><span style=\"font-size: x-large;\"><b>Donne, cuore e ciclismo<\/b><\/span><\/span><\/span><\/span><\/p>\n<p align=\"CENTER\"><span style=\"font-family: Arial Unicode MS, sans-serif;\"><span style=\"color: #454545;\"><span style=\"font-family: Tahoma, sans-serif;\"><span style=\"font-size: large;\"><b>Appuntamento domani alle 18.00 <\/b><\/span><\/span><\/span><\/span><\/p>\n<p align=\"JUSTIFY\"><span style=\"font-family: Arial Unicode MS, sans-serif;\"><span style=\"color: #454545;\"><span style=\"font-family: Tahoma, sans-serif;\"><b>FELTRE <\/b><\/span><\/span><span style=\"color: #454545;\"><span style=\"font-family: Tahoma, sans-serif;\">\u00a0<\/span><\/span><span style=\"color: #454545;\"><span style=\"font-family: Tahoma, sans-serif;\">Continuano gli appuntamenti organizzati i<\/span><\/span><span style=\"color: #454545;\"><span style=\"font-family: Tahoma, sans-serif;\">n occasione della <\/span><\/span><span style=\"color: #454545;\"><span style=\"font-family: Tahoma, sans-serif;\">\u201c<\/span><\/span><span style=\"color: #454545;\"><span style=\"font-family: Tahoma, sans-serif;\">settimana della donna<\/span><\/span><span style=\"color: #454545;\"><span style=\"font-family: Tahoma, sans-serif;\">\u201d<\/span><\/span><span style=\"color: #454545;\"><span style=\"font-family: Tahoma, sans-serif;\"> indetta dal network degli ospedali con bollini rosa ONDA. <\/span><\/span><\/span><span style=\"font-family: Arial Unicode MS, sans-serif;\"><span style=\"color: #454545;\"><span style=\"font-family: Tahoma, sans-serif;\">Il Mercoled\u00ec della salute, in programma <\/span><\/span><span style=\"color: #454545;\"><span style=\"font-family: Tahoma, sans-serif;\"><b>mercoled\u00ec 1<\/b><\/span><\/span><span style=\"color: #454545;\"><span style=\"font-family: Tahoma, sans-serif;\"><b>7<\/b><\/span><\/span><span style=\"color: #454545;\"><span style=\"font-family: Tahoma, sans-serif;\"><b> aprile alle 18.00<\/b><\/span><\/span><span style=\"color: #454545;\"><span style=\"font-family: Tahoma, sans-serif;\"> nella sala convegni dell&#8217;ospedale di Feltre, <\/span><\/span><span style=\"color: #454545;\"><span style=\"font-family: Tahoma, sans-serif;\">per celebrare il passaggio del Giro d\u2019Italia nel feltrino, <\/span><\/span><span style=\"color: #454545;\"><span style=\"font-family: Tahoma, sans-serif;\">sar\u00e0 dedicato <\/span><\/span><span style=\"color: #454545;\"><span style=\"font-family: Tahoma, sans-serif;\">a \u201c<\/span><\/span><span style=\"color: #454545;\"><span style=\"font-family: Tahoma, sans-serif;\"><b>Donna, ciclismo e cuore\u201d<\/b><\/span><\/span><span style=\"color: #454545;\"><span style=\"font-family: Tahoma, sans-serif;\"> ed \u00e8 realizzato in collaborazione con il Comitato di tappa di Feltre. Interverranno il direttore della cardiologia di Feltre, Aldo Bonso, il responsabile della Cardiologia riabilitativa e dello sport, Christian Piergentili, la ciclista professionista Lara Vieceli moderati da Anna Valerio del Comitato di tappa e addetta stampa della Sportful Dolomiti race. Saranno affrontati temi legati alla fisiologia, all\u2019allenamento e alle peculiarit\u00e0 del ciclismo al femminile. Lara Vieceli, inoltre, porter\u00e0 la sua esperienza di ciclista professionista. L\u2019incontro si concluder\u00e0 con un\u2019informazione su come il feltrino si sta preparando al passaggio del Giro D\u2019Italia. <\/span><\/span><\/span><span style=\"font-family: Arial Unicode MS, sans-serif;\"><span style=\"color: #454545;\"><span style=\"font-family: Tahoma, sans-serif;\">Gioved\u00ec <\/span><\/span><span style=\"color: #454545;\"><span style=\"font-family: Tahoma, sans-serif;\"><b>18 aprile<\/b><\/span><\/span><span style=\"color: #454545;\"><span style=\"font-family: Tahoma, sans-serif;\"> alle 10.00 in sala convegni sar\u00e0 proiettato uno spezzone del film <\/span><\/span><span style=\"color: #454545;\"><span style=\"font-family: Tahoma, sans-serif;\"><b>\u201cTully<\/b><\/span><\/span><span style=\"color: #454545;\"><span style=\"font-family: Tahoma, sans-serif;\">\u201d sul delicato momento del ritorno a casa dopo il parto, e se ne discuter\u00e0 con l\u2019\u00e9quipe del Consultorio familiare di Feltre. <\/span><\/span><\/span><span style=\"font-family: Arial Unicode MS, sans-serif;\"><span style=\"color: #454545;\"><span style=\"font-family: Tahoma, sans-serif;\"><b>Dall\u201911 al 30 aprile, <\/b><\/span><\/span><span style=\"color: #454545;\"><span style=\"font-family: Tahoma, sans-serif;\">inoltre, nell\u2019atrio dell\u2019ospedale di Feltre sar\u00e0 visitabile la mostra <\/span><\/span><span style=\"color: #454545;\"><span style=\"font-family: Tahoma, sans-serif;\"><b>\u201cFaR\/Ammenda\u201d,<\/b><\/span><\/span><span style=\"color: #454545;\"><span style=\"font-family: Tahoma, sans-serif;\"> abiti per sensibilizzare sulla violenza di genere realizzata dalle studentesse dell\u2019IPSIA Brustolon sezione Moda in collaborazione con l\u2019Associazione Belluno- Donna. <\/span><\/span><\/span><span style=\"font-family: Arial Unicode MS, sans-serif;\"><span style=\"color: #454545;\"><span style=\"font-family: Tahoma, sans-serif;\">Hanno riscosso molto interesse gli appuntamenti dell\u201911 aprile con il gastroenterologo Flavio Valiante e la dietista Ester Lovat, che hanno parlato di \u201cDonne e intolleranze alimentari\u201d, e del 13 aprile<\/span><\/span><span style=\"color: #454545;\"><span style=\"font-family: Tahoma, sans-serif;\"> con la make-up artist Serena Zatta per <\/span><\/span><span style=\"color: #454545;\"><span style=\"font-family: Tahoma, sans-serif;\">un pomeriggio dedicata alla cura di s\u00e9. <\/span><\/span><\/span><\/p>\n<p>&nbsp;<\/p>\n<p>&nbsp;<\/p>\n<p>&nbsp;<\/p>\n<p>&nbsp;<\/p>\n<p><a class=\"dt-pswp-item\" href=\"http:\/\/www.radiopiu.net\/wordpress\/wp-content\/uploads\/2019\/04\/solidarieta.jpg\" data-dt-img-description=\"\" data-large_image_width=\"800\" data-large_image_height=\"100\"><img loading=\"lazy\" decoding=\"async\" class=\"alignnone wp-image-82378 size-full\" src=\"http:\/\/www.radiopiu.net\/wordpress\/wp-content\/uploads\/2019\/04\/solidarieta.jpg\" alt=\"\" width=\"800\" height=\"100\" srcset=\"https:\/\/www.radiopiu.net\/wordpress\/wp-content\/uploads\/2019\/04\/solidarieta.jpg 800w, https:\/\/www.radiopiu.net\/wordpress\/wp-content\/uploads\/2019\/04\/solidarieta-300x38.jpg 300w, https:\/\/www.radiopiu.net\/wordpress\/wp-content\/uploads\/2019\/04\/solidarieta-768x96.jpg 768w\" sizes=\"auto, (max-width: 800px) 100vw, 800px\" \/><\/a><\/p>\n<h2>ADOTTA UN NONNO, LA SECONDA FASE<\/h2>\n<p><strong>CANALE D&#8217;AGORDO<\/strong> Il progetto \u201cADOTTA UN NONNO\u201d, dopo la prima fase di sensibilizzazione rivolta ai ragazzi per saggiarne la disponibilit\u00e0, passa ora al momento di informazione e coinvolgimento dei nonni, giovani o anziani che siano. Per illustrare il progetto L\u2019Amministrazione Comunale di Canale d\u2019Agordo invita pertanto i nonni stessi ad un incontro domani 17 nella sala Conferenze ex Cavallino. E\u2019 auspicabile la presenza anche dei loro familiari e della popolazione tutta. Per la riuscita ottimale del progetto infatti la Comunit\u00e0 dovrebbe sentirsi coinvolta e partecipe nel supportare l\u2019iniziativa i cui obiettivi, verso i quali orientare le attivit\u00e0, sono:\u00a0 ristabilire e rinforzare il legame tra generazioni, costruire un clima di attenzione, ascolto, rispetto tra generazioni, ottimizzare le risorse di ciascuno in uno scambio di esperienze, competenze, aspirazioni, salvaguardare ed incrementare le capacit\u00e0 residue della terza et\u00e0 approfondire e rinforzare il legame col proprio territorio e la propria storia.<\/p>\n<p>&nbsp;<\/p>\n<p>&nbsp;<\/p>\n<p>&nbsp;<\/p>\n<p>&nbsp;<\/p>\n<h2><a class=\"dt-pswp-item\" href=\"http:\/\/www.radiopiu.net\/wordpress\/wp-content\/uploads\/2018\/09\/appuntamenti.jpeg\" data-dt-img-description=\"\" data-large_image_width=\"800\" data-large_image_height=\"100\"><img loading=\"lazy\" decoding=\"async\" class=\"alignnone wp-image-61958 size-full\" src=\"http:\/\/www.radiopiu.net\/wordpress\/wp-content\/uploads\/2018\/09\/appuntamenti.jpeg\" alt=\"\" width=\"800\" height=\"100\" srcset=\"https:\/\/www.radiopiu.net\/wordpress\/wp-content\/uploads\/2018\/09\/appuntamenti.jpeg 800w, https:\/\/www.radiopiu.net\/wordpress\/wp-content\/uploads\/2018\/09\/appuntamenti-300x38.jpeg 300w, https:\/\/www.radiopiu.net\/wordpress\/wp-content\/uploads\/2018\/09\/appuntamenti-768x96.jpeg 768w\" sizes=\"auto, (max-width: 800px) 100vw, 800px\" \/><\/a><\/h2>\n<p>&nbsp;<\/p>\n<h2>OGGI SEMINARIO A FELTRE CON L&#8217;UNIONE CATTOLICA ITALIANA INSEGNANTI, DIRIGENTI, EDUCATORI, FORMATORI.<\/h2>\n<p><strong>PEDAVENA<\/strong> UCIIM Sezione di Pedavena organizza un\u00a0 SEMINARIO DI FORMAZIONE\u00a0 CITTADINANZA E COSTITUZIONE NEL NUOVO ESAME DI STATO, oggi dalle 15 al liceo G. Dal Piaz. Parteciperanno il direttore Gianni De Bastiani, il prof. Mario Falanga e il Prof. Luciano Corradini (gi\u00e0 sottosegretario all&#8217;istruzione). <strong>PROGRAMMA<\/strong>\u00a0 15 Apertura lavori Prof. Matteo A.G. Carrera Presidente UCIIM Pedavena\u00a0 Indirizzi di saluto &#8211; Dott. Gianni De Bastiani Dirigente UAT BELLUNO USR VENETO &#8211; DS Maria Chiara Bazan Presidente UCIIM VENETO. Interventi relatori \u00a0Prof. Luciano Corradini Gi\u00e0 sottosegretario alla P.I. Prof. Mario Falanga Docente di Istituzioni di diritto pubblico, Libera Universit\u00e0 di Bolzano. &#8211; Ds Ezio Busetto IIS A. Della Lucia &#8211; Scuola polo Ambito 11 \u201cIndicazioni esame di stato\u201d &#8211; rappresentante consulta provinciale degli studenti.\u00a0 Coordina prof. Franco Chemello Docente utilizzato presso UAT n.IV e coordinatore delle Scuole in Rete Ore 18.30 Question Time Conclusione lavori.<\/p>\n<p>&nbsp;<\/p>\n<p>&nbsp;<\/p>\n<p>&nbsp;<\/p>\n<p><strong>AGORDO<\/strong> Sabato\u00a0 alle 20.30 nell&#8217;Auditorium Favretti presso L&#8217;Istituto Minerario &#8220;Follador&#8221; sar\u00e0 presentato il libro Carne da Miniera, storie e stragi degli italiani invisibili nelle miniere del Belgio dal 1946 al 1973. Il patto Italia-Belgio e la storia di centinaia di italiani morti nelle miniere di carbone del Belgio. Sar\u00e0 presente l&#8217;autore Walter Basso.<\/p>\n<p>&nbsp;<\/p>\n<p>&nbsp;<\/p>\n<p>&nbsp;<\/p>\n<h2>LA SAGRA DE PASCA&#8230; ALZA LA VOCE<\/h2>\n<p><strong>TAIBON Giovedi la prima serata, sport, solidariet\u00e0 e musica&#8230;\u00a0<\/strong><\/p>\n<blockquote><p><strong><a class=\"dt-pswp-item\" href=\"http:\/\/www.radiopiu.net\/wordpress\/wp-content\/uploads\/2019\/04\/WhatsApp-Image-2019-04-05-at-15.26.16.jpeg\" data-dt-img-description=\"\" data-large_image_width=\"1132\" data-large_image_height=\"1600\"><img loading=\"lazy\" decoding=\"async\" class=\"wp-image-81807 alignleft\" src=\"http:\/\/www.radiopiu.net\/wordpress\/wp-content\/uploads\/2019\/04\/WhatsApp-Image-2019-04-05-at-15.26.16-724x1024.jpeg\" alt=\"\" width=\"99\" height=\"140\" srcset=\"https:\/\/www.radiopiu.net\/wordpress\/wp-content\/uploads\/2019\/04\/WhatsApp-Image-2019-04-05-at-15.26.16-724x1024.jpeg 724w, https:\/\/www.radiopiu.net\/wordpress\/wp-content\/uploads\/2019\/04\/WhatsApp-Image-2019-04-05-at-15.26.16-212x300.jpeg 212w, https:\/\/www.radiopiu.net\/wordpress\/wp-content\/uploads\/2019\/04\/WhatsApp-Image-2019-04-05-at-15.26.16-768x1086.jpeg 768w, https:\/\/www.radiopiu.net\/wordpress\/wp-content\/uploads\/2019\/04\/WhatsApp-Image-2019-04-05-at-15.26.16.jpeg 1132w\" sizes=\"auto, (max-width: 99px) 100vw, 99px\" \/><\/a>PROGRAMMA<\/strong>: 19 cena pro-pompieri, prezzo 10 euro piatto unico. 20.30 Presentazione del torneo agordino di calcio e sorteggio per la preparazione del calendario, saranno svelate le sedi dei quarti, semifinali e finali.\u00a0 Dalle 21.30 riconoscimento ai vigili del fuoco di Belluno-Agordo e al Soccorso Alpino per l&#8217;eroico salvataggio di Michel e Andrea sulle Pale si San Lucano nel giorno del pauroso incendio di fine ottobre. Riconoscimento all&#8217;Air center di Cortina, intervenuta con l&#8217;elicottero<\/p>\n<p>A seguire premiazione delle ragazze dell&#8217;Alleghe Hockey Girls fresche campionesse d&#8217;Italia della massima serie. Dalle 22 gli artisti bellunesi in concerto.<\/p><\/blockquote>\n<p>&nbsp;<\/p>\n<p>&nbsp;<\/p>\n<p>&nbsp;<\/p>\n<p><a class=\"dt-pswp-item\" href=\"http:\/\/www.radiopiu.net\/wordpress\/wp-content\/uploads\/2019\/04\/WhatsApp-Image-2019-04-15-at-23.06.42.jpeg\" data-dt-img-description=\"\" data-large_image_width=\"1130\" data-large_image_height=\"1600\"><img loading=\"lazy\" decoding=\"async\" class=\"wp-image-82834 aligncenter\" src=\"http:\/\/www.radiopiu.net\/wordpress\/wp-content\/uploads\/2019\/04\/WhatsApp-Image-2019-04-15-at-23.06.42.jpeg\" alt=\"\" width=\"299\" height=\"424\" srcset=\"https:\/\/www.radiopiu.net\/wordpress\/wp-content\/uploads\/2019\/04\/WhatsApp-Image-2019-04-15-at-23.06.42.jpeg 1130w, https:\/\/www.radiopiu.net\/wordpress\/wp-content\/uploads\/2019\/04\/WhatsApp-Image-2019-04-15-at-23.06.42-212x300.jpeg 212w, https:\/\/www.radiopiu.net\/wordpress\/wp-content\/uploads\/2019\/04\/WhatsApp-Image-2019-04-15-at-23.06.42-768x1087.jpeg 768w, https:\/\/www.radiopiu.net\/wordpress\/wp-content\/uploads\/2019\/04\/WhatsApp-Image-2019-04-15-at-23.06.42-723x1024.jpeg 723w\" sizes=\"auto, (max-width: 299px) 100vw, 299px\" \/><\/a><\/p>\n<p>&nbsp;<\/p>\n<p>&nbsp;<\/p>\n<p>&nbsp;<\/p>\n<p>&nbsp;<\/p>\n<p>&nbsp;<\/p>\n<p><a class=\"dt-pswp-item\" href=\"http:\/\/www.radiopiu.net\/wordpress\/wp-content\/uploads\/2018\/09\/viabilita.jpeg\" data-dt-img-description=\"\" data-large_image_width=\"800\" data-large_image_height=\"100\"><img loading=\"lazy\" decoding=\"async\" class=\"alignnone size-full wp-image-61954\" src=\"http:\/\/www.radiopiu.net\/wordpress\/wp-content\/uploads\/2018\/09\/viabilita.jpeg\" alt=\"\" width=\"800\" height=\"100\" srcset=\"https:\/\/www.radiopiu.net\/wordpress\/wp-content\/uploads\/2018\/09\/viabilita.jpeg 800w, https:\/\/www.radiopiu.net\/wordpress\/wp-content\/uploads\/2018\/09\/viabilita-300x38.jpeg 300w, https:\/\/www.radiopiu.net\/wordpress\/wp-content\/uploads\/2018\/09\/viabilita-768x96.jpeg 768w\" sizes=\"auto, (max-width: 800px) 100vw, 800px\" \/><\/a><\/p>\n<p>&nbsp;<\/p>\n<p><strong>\u00a0PROVINCIALE 347 DEL DURAN <\/strong>\u00a0Fino al 19 aprile tra CIbiana e Venas divieto di transito ai mezzi di massa superiore a 3,5 tonellate. Inoltre INTERDIZIONE TOTALE DELLA TRANSITABILITA&#8217; STRADALE NEI GIORNI LAVORATIVI (ESCLUSO SABATO E DOMENICA): DALLE 7.45 alle 9.45, dalle 10.15 alle 12.15, dalle 14 alle 15.30, dalle 16 alle 17.30<\/p>\n<blockquote><p>&nbsp;<\/p><\/blockquote>\n<p>&nbsp;<\/p>\n<p>&nbsp;<\/p>\n<h2><a class=\"dt-pswp-item\" href=\"http:\/\/www.radiopiu.net\/wordpress\/wp-content\/uploads\/2018\/09\/sport.jpg\" data-dt-img-description=\"\" data-large_image_width=\"800\" data-large_image_height=\"100\"><img loading=\"lazy\" decoding=\"async\" class=\"alignnone size-full wp-image-60761\" src=\"http:\/\/www.radiopiu.net\/wordpress\/wp-content\/uploads\/2018\/09\/sport.jpg\" alt=\"\" width=\"800\" height=\"100\" srcset=\"https:\/\/www.radiopiu.net\/wordpress\/wp-content\/uploads\/2018\/09\/sport.jpg 800w, https:\/\/www.radiopiu.net\/wordpress\/wp-content\/uploads\/2018\/09\/sport-300x38.jpg 300w, https:\/\/www.radiopiu.net\/wordpress\/wp-content\/uploads\/2018\/09\/sport-768x96.jpg 768w\" sizes=\"auto, (max-width: 800px) 100vw, 800px\" \/><\/a><\/h2>\n<h2><\/h2>\n<h2>NUOTO, MASTER ONDA BLU A SPRESIANO<\/h2>\n<p>Domenica la Ondablu si \u00e8 presentata\u00a0 con 14\u00a0 atleti\u00a0 alla piscina di Lovadina di Spresiano ed al ritorno ha brindato alle medaglie.\u00a0 Mara Grelloni la coach atlelta ha guidato la pattuglia nelle gare. I medagliati: Giulia Abatangelo nella categoria master 70, arriva subito sul primo gradino nella gara regina i 100 stile libero, facendo doppietta nella seconda gara\u00a0 nei 50 stile libero. Primi posti per\u00a0 Emanuela Bittante nella categoria M. 55 , nei 200 dorso e\u00a0 nei 200 misti e conclude\u00a0 il famigerato Iron-master da 18 discipline stagionali, la classifica finale agli italiani di fine giugno. Un altro oro, nella sezione femminile per Mara Grelloni\u00a0 nei 50 stile, seconda nei 50 rana cat.M. 40. L&#8217;ultimo oro \u00e8 per Francesco Torchiani con un bellissimo 100 dorso nella cat.M.45. Federico Zampiero si porta a casa un bell&#8217;argento nei 50 rana e un bronzo nei 200 misti cat.M.40. Nella rana altri due argenti con Katia Della Vedova nei 100, nella cat.M.45, e Il Presidente-atleta Angelo Paganin nei 50, cat.M.55. Appena gi\u00f9 dal podio\u00a0 Nicola Scoper nei 100 stile cat.M.25. Ottimi i risultati anche per Lara D&#8217;Alberto, Thomas Dal Piva, Michele Tonin, Fabio Zuglian,Federico Longo, Roberto Pasqualotto.Per l&#8217;Ondablu anche 5 staffette e ben quattro salgono sul podio. Sul primo gradino \u00e8 quella femminile 4&#215;50 stile con: Katia, Lara,Emanuela e Mara. Nel secondo gradino sono le staffette 4&#215;50 stile- miste con, nella cat.M.120, Nicola, Mara, Katia e Fabio, e nella cat. M.240 con Emanuela, Giulia, Roberto e Angelo. Sul terzo gradino \u00e8 la staffetta 4&#215;50 stile maschi nella cat.M.100, con Fabio, Federico L., Thomas e Nicola.\u00a0 La societ\u00e0 si qualifica 3\u00b0 nella fascia delle societ\u00e0 1-15, e 6\u00b0 in quella assoluta, con soli 14 atleti.<\/p>\n<p>&nbsp;<\/p>\n\n\t\t\t<style type='text\/css'>\n\t\t\t\t#gallery-2 {\n\t\t\t\t\tmargin: auto;\n\t\t\t\t}\n\t\t\t\t#gallery-2 .gallery-item {\n\t\t\t\t\tfloat: left;\n\t\t\t\t\tmargin-top: 10px;\n\t\t\t\t\ttext-align: center;\n\t\t\t\t\twidth: 33%;\n\t\t\t\t}\n\t\t\t\t#gallery-2 img {\n\t\t\t\t\tborder: 2px solid #cfcfcf;\n\t\t\t\t}\n\t\t\t\t#gallery-2 .gallery-caption {\n\t\t\t\t\tmargin-left: 0;\n\t\t\t\t}\n\t\t\t\t\/* see gallery_shortcode() in wp-includes\/media.php *\/\n\t\t\t<\/style>\n\t\t<div id='gallery-2' class='dt-gallery-container gallery galleryid-82779 gallery-columns-3 gallery-size-thumbnail'><dl class='gallery-item'>\n\t\t\t\t<dt class='gallery-icon landscape'>\n\t\t\t\t\t<a class=\"rollover\" href='https:\/\/www.radiopiu.net\/wordpress\/giornale-radiopiu-16-aprile-2019-direttore-mirko-mezzacasa\/staff-fabio-mara-katia-nicola\/'><img loading=\"lazy\" decoding=\"async\" width=\"150\" height=\"150\" src=\"https:\/\/www.radiopiu.net\/wordpress\/wp-content\/uploads\/2019\/04\/staff-fabio-mara-katia-nicola-150x150.jpg\" class=\"attachment-thumbnail size-thumbnail\" alt=\"\" aria-describedby=\"gallery-2-82788\" \/><\/a>\n\t\t\t\t<\/dt>\n\t\t\t\t\t<dd class='wp-caption-text gallery-caption' id='gallery-2-82788'>\n\t\t\t\t\tstaff fabio mara katia nicola\n\t\t\t\t\t<\/dd><\/dl><dl class='gallery-item'>\n\t\t\t\t<dt class='gallery-icon landscape'>\n\t\t\t\t\t<a class=\"rollover\" href='https:\/\/www.radiopiu.net\/wordpress\/giornale-radiopiu-16-aprile-2019-direttore-mirko-mezzacasa\/staffetta-femminile-manu-mara-katia-lara\/'><img loading=\"lazy\" decoding=\"async\" width=\"150\" height=\"150\" src=\"https:\/\/www.radiopiu.net\/wordpress\/wp-content\/uploads\/2019\/04\/staffetta-femminile-manu-mara-katia-lara-150x150.jpg\" class=\"attachment-thumbnail size-thumbnail\" alt=\"\" aria-describedby=\"gallery-2-82787\" \/><\/a>\n\t\t\t\t<\/dt>\n\t\t\t\t\t<dd class='wp-caption-text gallery-caption' id='gallery-2-82787'>\n\t\t\t\t\tstaffetta femminile manu mara katia lara\n\t\t\t\t\t<\/dd><\/dl><dl class='gallery-item'>\n\t\t\t\t<dt class='gallery-icon landscape'>\n\t\t\t\t\t<a class=\"rollover\" href='https:\/\/www.radiopiu.net\/wordpress\/giornale-radiopiu-16-aprile-2019-direttore-mirko-mezzacasa\/staff-cat-m-160-torchiani-tonin-paganin-zampiero\/'><img loading=\"lazy\" decoding=\"async\" width=\"150\" height=\"150\" src=\"https:\/\/www.radiopiu.net\/wordpress\/wp-content\/uploads\/2019\/04\/staff-cat.-m.-160-torchiani-tonin-paganin-zampiero-150x150.jpg\" class=\"attachment-thumbnail size-thumbnail\" alt=\"\" aria-describedby=\"gallery-2-82786\" \/><\/a>\n\t\t\t\t<\/dt>\n\t\t\t\t\t<dd class='wp-caption-text gallery-caption' id='gallery-2-82786'>\n\t\t\t\t\tstaff cat. m. 160 torchiani tonin paganin zampiero\n\t\t\t\t\t<\/dd><\/dl><br style=\"clear: both\" \/><dl class='gallery-item'>\n\t\t\t\t<dt class='gallery-icon landscape'>\n\t\t\t\t\t<a class=\"rollover\" href='https:\/\/www.radiopiu.net\/wordpress\/giornale-radiopiu-16-aprile-2019-direttore-mirko-mezzacasa\/staffetta-m240-manu-giulia-robi-anci\/'><img loading=\"lazy\" decoding=\"async\" width=\"150\" height=\"150\" src=\"https:\/\/www.radiopiu.net\/wordpress\/wp-content\/uploads\/2019\/04\/staffetta-M240-manu-giulia-robi-anci-150x150.jpg\" class=\"attachment-thumbnail size-thumbnail\" alt=\"\" aria-describedby=\"gallery-2-82785\" \/><\/a>\n\t\t\t\t<\/dt>\n\t\t\t\t\t<dd class='wp-caption-text gallery-caption' id='gallery-2-82785'>\n\t\t\t\t\tstaffetta M240 manu giulia robi anci\n\t\t\t\t\t<\/dd><\/dl><dl class='gallery-item'>\n\t\t\t\t<dt class='gallery-icon landscape'>\n\t\t\t\t\t<a class=\"rollover\" href='https:\/\/www.radiopiu.net\/wordpress\/giornale-radiopiu-16-aprile-2019-direttore-mirko-mezzacasa\/staff-zuglian-longo-dal-piva-scopel\/'><img loading=\"lazy\" decoding=\"async\" width=\"150\" height=\"150\" src=\"https:\/\/www.radiopiu.net\/wordpress\/wp-content\/uploads\/2019\/04\/staff-zuglian-longo-dal-piva-scopel-150x150.jpg\" class=\"attachment-thumbnail size-thumbnail\" alt=\"\" aria-describedby=\"gallery-2-82784\" \/><\/a>\n\t\t\t\t<\/dt>\n\t\t\t\t\t<dd class='wp-caption-text gallery-caption' id='gallery-2-82784'>\n\t\t\t\t\tstaff-zuglian-longo-dal-piva-scopel\n\t\t\t\t\t<\/dd><\/dl>\n\t\t\t\t<br style='clear: both' \/>\n\t\t\t<\/div>\n\n<p>&nbsp;<\/p>\n<p>&nbsp;<\/p>\n<p>&nbsp;<\/p>\n<p><b><a class=\"dt-pswp-item\" href=\"http:\/\/www.radiopiu.net\/wordpress\/wp-content\/uploads\/2018\/09\/WhatsApp-Image-2018-09-20-at-16.04.06.jpeg\" data-dt-img-description=\"\" data-large_image_width=\"800\" data-large_image_height=\"100\"><img loading=\"lazy\" decoding=\"async\" class=\"alignnone wp-image-61378 size-full\" src=\"http:\/\/www.radiopiu.net\/wordpress\/wp-content\/uploads\/2018\/09\/WhatsApp-Image-2018-09-20-at-16.04.06.jpeg\" alt=\"\" width=\"800\" height=\"100\" srcset=\"https:\/\/www.radiopiu.net\/wordpress\/wp-content\/uploads\/2018\/09\/WhatsApp-Image-2018-09-20-at-16.04.06.jpeg 800w, https:\/\/www.radiopiu.net\/wordpress\/wp-content\/uploads\/2018\/09\/WhatsApp-Image-2018-09-20-at-16.04.06-300x38.jpeg 300w, https:\/\/www.radiopiu.net\/wordpress\/wp-content\/uploads\/2018\/09\/WhatsApp-Image-2018-09-20-at-16.04.06-768x96.jpeg 768w\" sizes=\"auto, (max-width: 800px) 100vw, 800px\" \/><\/a><\/b><\/p>\n<p><center><b>Martedi 16<\/b><\/center><b>Tempo atteso: <\/b>Tempo soleggiato al primo mattino, prima dell&#8217;arrivo di nubi alte in grado di velare il cielo fino al primo pomeriggio. Poi ulteriore aumento della nuvolosit\u00e0 medio-alta, assieme a qualche addensamento ed a fine giornata non si potr\u00e0 escludere qualche isolato piovasco sulle Dolomiti. Clima ancora fresco per il periodo.<br \/>\n<b>Precipitazioni: <\/b>Assenti (0%) fino a met\u00e0 pomeriggio. Poi probabilit\u00e0 piuttosto bassa (20\/30%) di qualche sporadico piovasco nel tardo pomeriggio\/sera quasi limitatamente al settore dolomitico; limite del nevischio oltre 1800\/1900 m.<br \/>\n<b>Temperature: <\/b>In quota in generale lieve rialzo; nelle valli minime in calo con ritorno di brinate e gelate notturne fino sui 600\/800 m; massime pressoch\u00e9 stazionarie, con punte di 11\/12\u00b0C nelle conche prealpine ed di 8\/9\u00b0C a 1000\/1200 m. Su Prealpi a 1500 m min 1\u00b0C max 5\u00b0C, a 2000 m min -2\u00b0C max 1\u00b0C. Su Dolomiti a 2000 m min -3\u00b0C max 1\u00b0C, a 3000 m min -8\u00b0C max -6\u00b0C.<br \/>\n<b>Venti: <\/b>Nelle valli perlopi\u00f9 deboli di direzione variabile; in quota moderati da Ovest Sud-Ovest al mattino, deboli da Nord Nord-Est al pomeriggio\/sera, a 5-10 km\/h a 2000 m, 5-15 km\/h a 3000 m.<\/p>\n<hr \/>\n<p><center><b>Mercoledi 17<\/b><\/center><b>Tempo atteso: <\/b>Tratti di sole, pi\u00f9 frequenti sulle Prealpi, e nuvolosit\u00e0 media stratiforme irregolare, pi\u00f9 presente sulle Dolomiti. Clima sempre un po&#8217; fresco per il periodo, nonostante il complessivo rialzo termico a tutte le quote.<br \/>\n<b>Precipitazioni: <\/b>Generalmente assenti (10%), anche se qualche isolato piovasco non potr\u00e0 essere del tutto escluso, specie sulle Dolomiti (10\/20%). In tal caso un po&#8217; di nevischio potrebbe cade oltre i 1800\/1900 m.<br \/>\n<b>Temperature: <\/b>In generale lieve aumento, specie le minime nelle valli. In giornata le punte massime potranno raggiungere i 12\/14\u00b0C nelle conche prealpine ed i 9\/11\u00b0C a 1000\/1200 m. Su Prealpi a 1500 m min 2\u00b0C max 8\u00b0C, a 2000 m min 0\u00b0C max 4\u00b0C. Su Dolomiti a 2000 m min -1\u00b0C max 3\u00b0C, a 3000 m min -7\u00b0C max -5\u00b0C.<br \/>\n<b>Venti: <\/b>Nelle valli perlopi\u00f9 deboli di direzione variabile , con qualche rinforzo per brezze notturne; in quota deboli dai quadranti orientali, a 5-10 km\/h sia a 2000 m che a 3000 m.<\/p>\n<hr \/>\n<p><center><b>Giovedi 18<\/b><\/center>In prevalenza soleggiato con cielo sereno al mattino e poco nuvoloso al pomeriggio per la presenza di qualche cumulo o modesto addensamento a ridosso dei rilievi. Temperature in aumento, eccetto calo delle minime nelle valli. Venti deboli da Nord-Est in quota e brezze nelle valli.<\/p>\n<hr \/>\n<p><center><b>Venerdi 19<\/b><\/center>In parte soleggiato con cielo sereno al primo mattino, prima che sottili nubi alte velino il cielo per il resto della giornata, senza togliere l&#8217;impressione di tempo buono. Temperature in ulteriore lieve aumento. In quota venti deboli o molto deboli da Sud-Est al mattino e da Nord-Est al pomeriggio, brezze nelle valli. Previsore: R.L.Th.<\/p>\n","protected":false},"excerpt":{"rendered":"<p>Deborah Straga&#8217;, 29 anni sfida Roberto Padrin, \u00e8 candidata a sindaco a Longarone, sar\u00e0 a capo della lista Longarone: una comunit\u00e0. Sanit\u00e0 di montagna, i sindaci ieri si sono ritrovati allo stesso tavolo per formulare critiche e proposte alle nuove schede regionali. Stamane i sindaci Massaro e Perenzin scendono a Venezia per portare la voce&hellip;<\/p>\n","protected":false},"author":1,"featured_media":82837,"comment_status":"closed","ping_status":"closed","sticky":false,"template":"","format":"standard","meta":{"_monsterinsights_skip_tracking":false,"_monsterinsights_sitenote_active":false,"_monsterinsights_sitenote_note":"","_monsterinsights_sitenote_category":0,"footnotes":""},"categories":[86],"tags":[],"class_list":["post-82779","post","type-post","status-publish","format-standard","has-post-thumbnail","hentry","category-gr","category-86","description-off"],"img_url":"https:\/\/www.radiopiu.net\/wordpress\/wp-content\/uploads\/2019\/04\/56764697_2032068833753821_7779080346024280064_n.jpg","_links":{"self":[{"href":"https:\/\/www.radiopiu.net\/wordpress\/wp-json\/wp\/v2\/posts\/82779","targetHints":{"allow":["GET"]}}],"collection":[{"href":"https:\/\/www.radiopiu.net\/wordpress\/wp-json\/wp\/v2\/posts"}],"about":[{"href":"https:\/\/www.radiopiu.net\/wordpress\/wp-json\/wp\/v2\/types\/post"}],"author":[{"embeddable":true,"href":"https:\/\/www.radiopiu.net\/wordpress\/wp-json\/wp\/v2\/users\/1"}],"replies":[{"embeddable":true,"href":"https:\/\/www.radiopiu.net\/wordpress\/wp-json\/wp\/v2\/comments?post=82779"}],"version-history":[{"count":0,"href":"https:\/\/www.radiopiu.net\/wordpress\/wp-json\/wp\/v2\/posts\/82779\/revisions"}],"wp:featuredmedia":[{"embeddable":true,"href":"https:\/\/www.radiopiu.net\/wordpress\/wp-json\/wp\/v2\/media\/82837"}],"wp:attachment":[{"href":"https:\/\/www.radiopiu.net\/wordpress\/wp-json\/wp\/v2\/media?parent=82779"}],"wp:term":[{"taxonomy":"category","embeddable":true,"href":"https:\/\/www.radiopiu.net\/wordpress\/wp-json\/wp\/v2\/categories?post=82779"},{"taxonomy":"post_tag","embeddable":true,"href":"https:\/\/www.radiopiu.net\/wordpress\/wp-json\/wp\/v2\/tags?post=82779"}],"curies":[{"name":"wp","href":"https:\/\/api.w.org\/{rel}","templated":true}]}}