{"id":82877,"date":"2019-04-17T06:13:19","date_gmt":"2019-04-17T04:13:19","guid":{"rendered":"http:\/\/www.radiopiu.net\/wordpress\/?p=82877"},"modified":"2019-04-17T08:57:39","modified_gmt":"2019-04-17T06:57:39","slug":"giornale-radiopiu-17-aprile-2019-direttore-mirko-me","status":"publish","type":"post","link":"https:\/\/www.radiopiu.net\/wordpress\/giornale-radiopiu-17-aprile-2019-direttore-mirko-me\/","title":{"rendered":"GIORNALE RADIOPIU 17 APRILE 2019 direttore Mirko Mezzacasa"},"content":{"rendered":"<h2><\/h2>\n<blockquote><p>I sindaci <strong>Massaro e Perenzin<\/strong> sono scesi a Venezia per portare il grido della montagna: no ai tagli nella sanit\u00e0, posti letto e reparti non si toccano, le decisioni regionali preoccupano gli amministratori bellunesi. Buone notizie dalla <strong>Dolomitibus,<\/strong> bilanci in ordine societ\u00e0 risanata e utili oltre il milione di euro, aumentano i passeggeri studenti e turisti. L&#8217;ente <strong>Parco delle Dolomiti<\/strong> \u00e8 senza presidente da anni, il presidente della Provincia Roberto Padrin \u00e8 stato incaricato dai sindaci di contattare il Ministro, si va verso l&#8217;azione di forza. Venti studenti dell&#8217;<strong>Istituto Follador<\/strong> sono a Malta per un&#8217;esperienza alternanza scuola-lavoro iniziativa del circolo cultura e stampa bellunese, 6 alunni del liceo sportivo e 14 dagli indirizzi turismo. <strong>Lucia Farenzena<\/strong> \u00e8 la nuova presidente del Consorzio Operatori Turistici Rocca Pietore Marmolada, ieri eletto il direttivo.<\/p><\/blockquote>\n<p><strong>IL PRESIDENTE DELLA PROVINCIA ROBERTO PADRIN<\/strong><\/p>\n<audio class=\"wp-audio-shortcode\" id=\"audio-82877-1\" preload=\"none\" style=\"width: 100%;\" controls=\"controls\"><source type=\"audio\/mpeg\" src=\"http:\/\/www.radiopiu.net\/wordpress\/wp-content\/uploads\/2019\/04\/PADRIN.mp3?_=1\" \/><a href=\"http:\/\/www.radiopiu.net\/wordpress\/wp-content\/uploads\/2019\/04\/PADRIN.mp3\">http:\/\/www.radiopiu.net\/wordpress\/wp-content\/uploads\/2019\/04\/PADRIN.mp3<\/a><\/audio>\n<p>&nbsp;<\/p>\n<p>&nbsp;<\/p>\n<p>&nbsp;<\/p>\n<p>&nbsp;<\/p>\n<h2><a class=\"dt-pswp-item\" href=\"http:\/\/www.radiopiu.net\/wordpress\/wp-content\/uploads\/2018\/07\/Livinallongo-Commememorazione-caduti-Col-di-Lana.jpg\" data-dt-img-description=\"\" data-large_image_width=\"1280\" data-large_image_height=\"960\"><img loading=\"lazy\" decoding=\"async\" class=\"wp-image-56009 alignleft\" src=\"http:\/\/www.radiopiu.net\/wordpress\/wp-content\/uploads\/2018\/07\/Livinallongo-Commememorazione-caduti-Col-di-Lana-300x225.jpg\" alt=\"\" width=\"149\" height=\"112\" srcset=\"https:\/\/www.radiopiu.net\/wordpress\/wp-content\/uploads\/2018\/07\/Livinallongo-Commememorazione-caduti-Col-di-Lana-300x225.jpg 300w, https:\/\/www.radiopiu.net\/wordpress\/wp-content\/uploads\/2018\/07\/Livinallongo-Commememorazione-caduti-Col-di-Lana-768x576.jpg 768w, https:\/\/www.radiopiu.net\/wordpress\/wp-content\/uploads\/2018\/07\/Livinallongo-Commememorazione-caduti-Col-di-Lana-1024x768.jpg 1024w, https:\/\/www.radiopiu.net\/wordpress\/wp-content\/uploads\/2018\/07\/Livinallongo-Commememorazione-caduti-Col-di-Lana.jpg 1280w\" sizes=\"auto, (max-width: 149px) 100vw, 149px\" \/><\/a>LA REGIONE HA DIFFUSO DI DATI DI ARRIVI E PRESENZE 2018 A LIVINALLONGO<\/h2>\n<p><strong>LIVINALLONGO<\/strong> Dati positivi a Fodom 5% in pi\u00f9 di arrivi, da 77 mila presenze a 81 mila in un anno. Le notti nelle strutture a 365 mila, la clientela nazionale tira e rappresenta la principale fetta di mercato. L&#8217;analisi del sindaco di Livinallongo Leandro Grones.<\/p>\n<audio class=\"wp-audio-shortcode\" id=\"audio-82877-2\" preload=\"none\" style=\"width: 100%;\" controls=\"controls\"><source type=\"audio\/mpeg\" src=\"http:\/\/www.radiopiu.net\/wordpress\/wp-content\/uploads\/2019\/04\/LEANDRO-1.mp3?_=2\" \/><a href=\"http:\/\/www.radiopiu.net\/wordpress\/wp-content\/uploads\/2019\/04\/LEANDRO-1.mp3\">http:\/\/www.radiopiu.net\/wordpress\/wp-content\/uploads\/2019\/04\/LEANDRO-1.mp3<\/a><\/audio>\n<p>&nbsp;<\/p>\n<p>&nbsp;<\/p>\n<p>&nbsp;<\/p>\n<p><em><span style=\"font-family: Arial, sans-serif;\"><a class=\"dt-pswp-item\" href=\"http:\/\/www.radiopiu.net\/wordpress\/wp-content\/uploads\/2018\/08\/ACQUA.jpeg\" data-dt-img-description=\"\" data-large_image_width=\"1280\" data-large_image_height=\"768\"><img loading=\"lazy\" decoding=\"async\" class=\"wp-image-57052 alignleft\" src=\"http:\/\/www.radiopiu.net\/wordpress\/wp-content\/uploads\/2018\/08\/ACQUA.jpeg\" alt=\"\" width=\"125\" height=\"75\" srcset=\"https:\/\/www.radiopiu.net\/wordpress\/wp-content\/uploads\/2018\/08\/ACQUA.jpeg 1280w, https:\/\/www.radiopiu.net\/wordpress\/wp-content\/uploads\/2018\/08\/ACQUA-300x180.jpeg 300w, https:\/\/www.radiopiu.net\/wordpress\/wp-content\/uploads\/2018\/08\/ACQUA-768x461.jpeg 768w, https:\/\/www.radiopiu.net\/wordpress\/wp-content\/uploads\/2018\/08\/ACQUA-1024x614.jpeg 1024w\" sizes=\"auto, (max-width: 125px) 100vw, 125px\" \/><\/a><\/span><\/em><\/p>\n<p lang=\"it-IT\"><strong>Feltre<\/strong> nelle vie Col Fiorito, Casonetto, Pont, Nemeggio, Villapaiera, Celarda, Anzu&#8217;, Canal e Sanzan l&#8217;acqua erogata dall&#8217;acquedotto non \u00e8 potabile e pu\u00f2 essere usata per scopi alimentari solo previa bollitura.<\/p>\n<p>&nbsp;<\/p>\n<h2>LA FOTO DEL GIORNO\u00a0 di Barbara\u00a0 Benvegn\u00f9<\/h2>\n<blockquote><p>Dal Monte Celo sopra Agordo i danni di Vaia sul Col di Foglia, dall&#8217;alto pare che il colle tanto caro agli agordini abbia fatto da barriera al forte vento, quasi a difendere la citt\u00e0. &#8220;Chiss\u00e0 se non ci fosse stato cosa sarebbe di Agordo&#8221; \u00e8 il commento dall&#8217;alto di Barbara,<\/p><\/blockquote>\n<p><a class=\"dt-pswp-item\" href=\"http:\/\/www.radiopiu.net\/wordpress\/wp-content\/uploads\/2019\/04\/WhatsApp-Image-2019-04-16-at-14.19.54-1.jpeg\" data-dt-img-description=\"\" data-large_image_width=\"777\" data-large_image_height=\"1600\"><img loading=\"lazy\" decoding=\"async\" class=\"wp-image-82947 aligncenter\" src=\"http:\/\/www.radiopiu.net\/wordpress\/wp-content\/uploads\/2019\/04\/WhatsApp-Image-2019-04-16-at-14.19.54-1-497x1024.jpeg\" alt=\"\" width=\"311\" height=\"641\" srcset=\"https:\/\/www.radiopiu.net\/wordpress\/wp-content\/uploads\/2019\/04\/WhatsApp-Image-2019-04-16-at-14.19.54-1-497x1024.jpeg 497w, https:\/\/www.radiopiu.net\/wordpress\/wp-content\/uploads\/2019\/04\/WhatsApp-Image-2019-04-16-at-14.19.54-1-146x300.jpeg 146w, https:\/\/www.radiopiu.net\/wordpress\/wp-content\/uploads\/2019\/04\/WhatsApp-Image-2019-04-16-at-14.19.54-1-768x1581.jpeg 768w, https:\/\/www.radiopiu.net\/wordpress\/wp-content\/uploads\/2019\/04\/WhatsApp-Image-2019-04-16-at-14.19.54-1.jpeg 777w\" sizes=\"auto, (max-width: 311px) 100vw, 311px\" \/><\/a><\/p>\n<p>&nbsp;<\/p>\n<p>&nbsp;<\/p>\n<p>&nbsp;<\/p>\n<p>&nbsp;<\/p>\n<h2>FELTRINO AI DOMICILIARI PER SPACCIO<\/h2>\n<p style=\"text-align: left;\"><strong><a class=\"dt-pswp-item\" href=\"http:\/\/www.radiopiu.net\/wordpress\/wp-content\/uploads\/2019\/04\/WhatsApp-Image-2019-04-16-at-15.32.58.jpeg\" data-dt-img-description=\"\" data-large_image_width=\"1600\" data-large_image_height=\"777\"><img loading=\"lazy\" decoding=\"async\" class=\" wp-image-82895 alignleft\" src=\"http:\/\/www.radiopiu.net\/wordpress\/wp-content\/uploads\/2019\/04\/WhatsApp-Image-2019-04-16-at-15.32.58-300x146.jpeg\" alt=\"\" width=\"232\" height=\"113\" srcset=\"https:\/\/www.radiopiu.net\/wordpress\/wp-content\/uploads\/2019\/04\/WhatsApp-Image-2019-04-16-at-15.32.58-300x146.jpeg 300w, https:\/\/www.radiopiu.net\/wordpress\/wp-content\/uploads\/2019\/04\/WhatsApp-Image-2019-04-16-at-15.32.58-768x373.jpeg 768w, https:\/\/www.radiopiu.net\/wordpress\/wp-content\/uploads\/2019\/04\/WhatsApp-Image-2019-04-16-at-15.32.58-1024x497.jpeg 1024w, https:\/\/www.radiopiu.net\/wordpress\/wp-content\/uploads\/2019\/04\/WhatsApp-Image-2019-04-16-at-15.32.58.jpeg 1600w\" sizes=\"auto, (max-width: 232px) 100vw, 232px\" \/><\/a>FELTRE<\/strong> I Carabinieri della stazione di Feltre con il coordinamento del comandante Maresciallo maggiore Stefano Vagnozzi hanno arrestato F.U., 54 anni residente a Feltre per detenzione di stupefacenti ai fini di spaccio, importante operazione nell&#8217;ambito dell&#8217;attivit\u00e0 di contrasto allo spaccio di\u00a0 droghe messa in atto dal Comando provinciale di Belluno che gi\u00e0 nei giorni scorsi scorsi aveva portato all&#8217;arresto di due persone.\u00a0 L&#8217; operazione feltrina ha preso le mosse\u00a0 qualche settimana fa a seguito di frequenti voci cittadine che additavano l&#8217;uomo come\u00a0 fornitore di stupefacente a diversi feltrini di diversa et\u00e0. Gli accertamenti e i riscontri hanno\u00a0 convinto gli uomini dell&#8217;Arma\u00a0 ad intervenire nell&#8217;abitazione dell&#8217;uomo\u00a0 dove sono stati rinvenuti 50 grammi di cocaina e 100 grammi di hashis nonch\u00e9 tutto il materiale necessario per\u00a0 il confezionamento.\u00a0 L&#8217;operaio \u00e8 stato inizialmente arrestato e incarcerato a Baldenich,\u00a0 stamane nell&#8217;udienza di convalida davanti al giudice, l&#8217;uomo\u00a0 si \u00e9 avvalso della facolt\u00e0 di non rispondere e Il giudice ha disposto gli arresti domiciliari.<\/p>\n<p>&nbsp;<\/p>\n<p>&nbsp;<\/p>\n<p>&nbsp;<\/p>\n<p>&nbsp;<\/p>\n<h2>VIAGGIAVA DI NOTTE CON IL TACHIGRAFO ALTERATO<\/h2>\n<blockquote>\n<blockquote><p><em>Patente sospesa e sanzioni per un totale di 3600 euro.<\/em><\/p><\/blockquote>\n<p><a class=\"dt-pswp-item\" href=\"http:\/\/www.radiopiu.net\/wordpress\/wp-content\/uploads\/2018\/07\/stradale-belluno.jpg\" data-dt-img-description=\"\" data-large_image_width=\"800\" data-large_image_height=\"600\"><img loading=\"lazy\" decoding=\"async\" class=\"wp-image-55041 alignleft\" src=\"http:\/\/www.radiopiu.net\/wordpress\/wp-content\/uploads\/2018\/07\/stradale-belluno-300x225.jpg\" alt=\"\" width=\"228\" height=\"171\" srcset=\"https:\/\/www.radiopiu.net\/wordpress\/wp-content\/uploads\/2018\/07\/stradale-belluno-300x225.jpg 300w, https:\/\/www.radiopiu.net\/wordpress\/wp-content\/uploads\/2018\/07\/stradale-belluno-768x576.jpg 768w, https:\/\/www.radiopiu.net\/wordpress\/wp-content\/uploads\/2018\/07\/stradale-belluno.jpg 800w\" sizes=\"auto, (max-width: 228px) 100vw, 228px\" \/><\/a>La Polizia Stradale di Belluno venerd\u00ec notte ha fermato, lungo la statale 50\u00a0 un complesso veicolare di nazionalit\u00e0 slovena carico di rame diretto in Inghilterra con il tachigrafo digitale alterato,\u00a0 era partito nel trevigiano. Dalla lettura delle stampe e dall\u2019analisi dei dati scaricati, la pattuglia della Stradale ha accertato\u00a0 che, nonostante il conducente si trovasse alla guida, per il tachigrafo l\u2019autoarticolato risultava fermo e l\u2019autista di nazionalit\u00e0 serba in riposo da pi\u00f9 di cinque ore consecutive. I poliziotti della Stradale estrapolati ulteriori dati hanno rilevato\u00a0 altre incongruenze\u00a0 e un\u2019alterazione nella registrazione dei tempi di guida e di riposo. L\u2019autista e il camion\u00a0 sono stati scortati\u00a0 al Comando di Belluno e poi in un\u2019officina locale specializzata per le verifiche tecniche\u00a0 dell\u2019apparecchio:\u00a0 i dati di registrazione del conducente venivano in realt\u00e0 dallo stesso modificati a piacimento, in modo da eludere i controlli della Polizia a dispetto di tutte le regole e della sicurezza della circolazione stradale All\u2019autista, sanzione per 17 violazioni pari a 3600 euro e sospensione della patente di guida. Il veicolo \u00e8 stato sottoposto a fermo cautelare e l\u2019impresa di autotrasporto slovena sanzionata con un ulteriore verbale da 1000 euro.<\/p><\/blockquote>\n<p>&nbsp;<\/p>\n<p>&nbsp;<\/p>\n<p>&nbsp;<\/p>\n<h2><a class=\"dt-pswp-item\" href=\"http:\/\/www.radiopiu.net\/wordpress\/wp-content\/uploads\/2019\/02\/ospedale-di-feltre.jpeg\" data-dt-img-description=\"\" data-large_image_width=\"650\" data-large_image_height=\"463\"><img loading=\"lazy\" decoding=\"async\" class=\"wp-image-76822 alignleft\" src=\"http:\/\/www.radiopiu.net\/wordpress\/wp-content\/uploads\/2019\/02\/ospedale-di-feltre-300x214.jpeg\" alt=\"\" width=\"135\" height=\"96\" srcset=\"https:\/\/www.radiopiu.net\/wordpress\/wp-content\/uploads\/2019\/02\/ospedale-di-feltre-300x214.jpeg 300w, https:\/\/www.radiopiu.net\/wordpress\/wp-content\/uploads\/2019\/02\/ospedale-di-feltre.jpeg 650w\" sizes=\"auto, (max-width: 135px) 100vw, 135px\" \/><\/a>OSPEDALI: MASSARO E PERENZIN A VENEZIA CON LE RICHIESTE DELLA MONTAGNA<\/h2>\n<p><strong>BELLUNO<\/strong> I sindaci dell&#8217;Agordino e del Cadore chiedono attenzione per il territorio e salvaguardia degli ospedali. Loro portavoce i sindaci Jacopo Massaro e Paolo Perenzin scesi stamane a Venezia in\u00a0 Quinta commissione.<\/p>\n<audio class=\"wp-audio-shortcode\" id=\"audio-82877-3\" preload=\"none\" style=\"width: 100%;\" controls=\"controls\"><source type=\"audio\/mpeg\" src=\"http:\/\/www.radiopiu.net\/wordpress\/wp-content\/uploads\/2019\/04\/massaro-2.mp3?_=3\" \/><a href=\"http:\/\/www.radiopiu.net\/wordpress\/wp-content\/uploads\/2019\/04\/massaro-2.mp3\">http:\/\/www.radiopiu.net\/wordpress\/wp-content\/uploads\/2019\/04\/massaro-2.mp3<\/a><\/audio>\n<p>&nbsp;<\/p>\n<p>&nbsp;<\/p>\n<div class=\"page-title-breadcrumbs\"><\/div>\n<div><\/div>\n<p>&nbsp;<\/p>\n<h2>NOTRE-DAME: VENETO PRONTO A FORNIRE LEGNAME PER RICOSTRUZIONE<\/h2>\n<p><strong><a class=\"dt-pswp-item\" href=\"http:\/\/www.radiopiu.net\/wordpress\/wp-content\/uploads\/2019\/04\/download-4.jpg\" data-dt-img-description=\"\" data-large_image_width=\"275\" data-large_image_height=\"183\"><img loading=\"lazy\" decoding=\"async\" class=\" wp-image-82906 alignleft\" src=\"http:\/\/www.radiopiu.net\/wordpress\/wp-content\/uploads\/2019\/04\/download-4.jpg\" alt=\"\" width=\"143\" height=\"95\" \/><\/a><\/strong><\/p>\n<p><strong>ROMA<\/strong> La proposta arriva dal deputato Dario Bond per trarre la forza di voltare pagina da due imponenti &#8220;tragedie&#8221; per l&#8217;ambiente e la storia al di qua e al di l\u00e0 delle Alpi.\u00a0 Ecco la proposta decantata dallo stesso Bond (FOTO cisiamo.it)<\/p>\n<p>&nbsp;<\/p>\n<audio class=\"wp-audio-shortcode\" id=\"audio-82877-4\" preload=\"none\" style=\"width: 100%;\" controls=\"controls\"><source type=\"audio\/mpeg\" src=\"http:\/\/www.radiopiu.net\/wordpress\/wp-content\/uploads\/2019\/04\/bond\u00f9.mp3?_=4\" \/><a href=\"http:\/\/www.radiopiu.net\/wordpress\/wp-content\/uploads\/2019\/04\/bond\u00f9.mp3\">http:\/\/www.radiopiu.net\/wordpress\/wp-content\/uploads\/2019\/04\/bond\u00f9.mp3<\/a><\/audio>\n<p>&nbsp;<\/p>\n<p>&nbsp;<\/p>\n<p>&nbsp;<\/p>\n<p>&nbsp;<\/p>\n<h2>IL LAGO DI ALLEGHE? LA MADRE DI TUTTE LE BATTAGLIE, LO DICE ZAIA<\/h2>\n<p><strong><a class=\"dt-pswp-item\" href=\"http:\/\/www.radiopiu.net\/wordpress\/wp-content\/uploads\/2019\/04\/download-2.jpg\" data-dt-img-description=\"\" data-large_image_width=\"281\" data-large_image_height=\"179\"><img loading=\"lazy\" decoding=\"async\" class=\"wp-image-82903 alignleft\" src=\"http:\/\/www.radiopiu.net\/wordpress\/wp-content\/uploads\/2019\/04\/download-2.jpg\" alt=\"\" width=\"133\" height=\"85\" \/><\/a>ALLEGHE<\/strong> Le condizioni del lago di Alleghe sono note, un&#8217;immensit\u00e0 di metri cubi di materiale si \u00e8 riversato nel bacino, oltre a tanti tronchi e rifuti in discesa libera dall&#8217;alto Agordino. Ma il governatore Zaia dimostra di essere sul pezzo.<\/p>\n<blockquote><p><em>&#8220;Per asportare tutto il legname dalle zone colpite dal maltempo di fine ottobre, abbiamo gi\u00e0 indetto le gare e i lavori sono cominciati&#8221;<\/em> ha detto, ma sentiamo l&#8217;intero suo intervento<\/p><\/blockquote>\n<audio class=\"wp-audio-shortcode\" id=\"audio-82877-5\" preload=\"none\" style=\"width: 100%;\" controls=\"controls\"><source type=\"audio\/mpeg\" src=\"http:\/\/www.radiopiu.net\/wordpress\/wp-content\/uploads\/2019\/04\/Luca-Zaia.mp3?_=5\" \/><a href=\"http:\/\/www.radiopiu.net\/wordpress\/wp-content\/uploads\/2019\/04\/Luca-Zaia.mp3\">http:\/\/www.radiopiu.net\/wordpress\/wp-content\/uploads\/2019\/04\/Luca-Zaia.mp3<\/a><\/audio>\n<p>&nbsp;<\/p>\n<p>&nbsp;<\/p>\n<p>&nbsp;<\/p>\n<p>&nbsp;<\/p>\n<h2>LUXOTTICA: NAVETTE? PER QUATTRO GATTI. RICONFERME ASSUNZIONI? NON MALE. PREMIO DI PRODUZIONE? PARLIAMONE.<\/h2>\n<p><a class=\"dt-pswp-item\" href=\"http:\/\/www.radiopiu.net\/wordpress\/wp-content\/uploads\/2018\/01\/PAOLO-CHISSALE.jpg\" data-dt-img-description=\"\" data-large_image_width=\"275\" data-large_image_height=\"183\"><img loading=\"lazy\" decoding=\"async\" class=\" wp-image-41679 alignleft\" src=\"http:\/\/www.radiopiu.net\/wordpress\/wp-content\/uploads\/2018\/01\/PAOLO-CHISSALE.jpg\" alt=\"\" width=\"213\" height=\"142\" \/><\/a>&#8220;Quattro gatti nella navette gratuite che Luxottica ha messo a disposizione dei dipendenti per cercare di migliorare la situazione nei parcheggi dell&#8217;industria in localit\u00e0 Valcozzena&#8221;. Lo dice Paolo Chissal\u00e8 alle 10.30 e 1900 ospite di RADIO PIU nell&#8217;ambito del programma quindicinale CISL la voce dei lavoratori dove anche oggi si parler\u00e0 del premio di produzione in arrivo con l&#8217;inizio dell&#8217;estate. Spazio anche alla situazione di nuovi assunti e riconferme, anche se da un po&#8217; di tempo Luxottica preferisce che i dati non vengano divulgati dalla parole di Chissal\u00e8 c&#8217;\u00e8 spazio per l&#8217;ottimismo visto che le notizie non sono per niente pessime come sentiamo in uno stralcio del suo intervento alla radio.<\/p>\n<audio class=\"wp-audio-shortcode\" id=\"audio-82877-6\" preload=\"none\" style=\"width: 100%;\" controls=\"controls\"><source type=\"audio\/mpeg\" src=\"http:\/\/www.radiopiu.net\/wordpress\/wp-content\/uploads\/2019\/04\/PAOLO-1.mp3?_=6\" \/><a href=\"http:\/\/www.radiopiu.net\/wordpress\/wp-content\/uploads\/2019\/04\/PAOLO-1.mp3\">http:\/\/www.radiopiu.net\/wordpress\/wp-content\/uploads\/2019\/04\/PAOLO-1.mp3<\/a><\/audio>\n<p>&nbsp;<\/p>\n<p>&nbsp;<\/p>\n<p>&nbsp;<\/p>\n<p>&nbsp;<\/p>\n<h3><a class=\"dt-pswp-item\" href=\"http:\/\/www.radiopiu.net\/wordpress\/wp-content\/uploads\/2018\/09\/POLIFUNZIONALE.jpg\" data-dt-img-description=\"\" data-large_image_width=\"216\" data-large_image_height=\"234\"><img loading=\"lazy\" decoding=\"async\" class=\" wp-image-61889 alignleft\" src=\"http:\/\/www.radiopiu.net\/wordpress\/wp-content\/uploads\/2018\/09\/POLIFUNZIONALE.jpg\" alt=\"\" width=\"119\" height=\"129\" \/><\/a>ASCA, BILANCIO 2018 APPROVATO CON I COMPLIMENTI PER IL LAVORO SVOLTO ALL&#8217;AMMINISTRATORE UNICO MARIACHIARA SANTIN E AL DIRETTORE ARRIGO BOITO UNA SCELTA CHE SI RIVELA IDEALE<\/h3>\n<p><strong>AGORDO<\/strong> Attorno ai 4 milioni il bilancio dell&#8217;Azienda Sanitaria Consortile Agordina, ma oltre ai soldi c&#8217;\u00e8 di pi\u00f9: obiettivi raggiunti, personale e sindacati soddisfatti e welfare comunque invidiabile. Ne abbiamo parlato con il presidente dell&#8217;Unione montana Agordina Fabio Luchetta.<\/p>\n<audio class=\"wp-audio-shortcode\" id=\"audio-82877-7\" preload=\"none\" style=\"width: 100%;\" controls=\"controls\"><source type=\"audio\/mpeg\" src=\"http:\/\/www.radiopiu.net\/wordpress\/wp-content\/uploads\/2019\/04\/ASCA.mp3?_=7\" \/><a href=\"http:\/\/www.radiopiu.net\/wordpress\/wp-content\/uploads\/2019\/04\/ASCA.mp3\">http:\/\/www.radiopiu.net\/wordpress\/wp-content\/uploads\/2019\/04\/ASCA.mp3<\/a><\/audio>\n<p>&nbsp;<\/p>\n<p>&nbsp;<\/p>\n<p>&nbsp;<\/p>\n<p>&nbsp;<\/p>\n<p>&nbsp;<\/p>\n<h3>QUALE FUTURO DOPO LA TEMPESTA? SOLIDARIET\u00c0 VENETO PROPONE UN PATTO PER IL RISPARMIO PREVIDENZIALE CONTRO I CAMBIAMENTI CLIMATICI<\/h3>\n<blockquote><p><em>Il fondo pensione territoriale Solidariet\u00e0 Veneto dopo le devastazioni della tempesta Vaia lancia un patto per il risparmio previdenziale in grado di contrastare i cambiamenti climatici. Lo scorso ottobre il Veneto \u00e8 stato colpito duramente dalla tempesta Vaia. Da allora la riflessione sul clima e sulla sostenibilit\u00e0 dell\u2019attivit\u00e0 economica si \u00e8 sviluppata con crescente intensit\u00e0. Oggi ci si interroga: succeder\u00e0 ancora? Cosa possiamo fare? Qual \u00e8 il ruolo della finanza\u2026 e del Fondo pensione?\u00a0 Il fondo pensione territoriale Solidariet\u00e0 Veneto accetta la sfida e rilancia con un evento organizzato il giorno 16 aprile 2019 presso Confindustria Venezia.<\/em><\/p><\/blockquote>\n<h3>\u201cSiamo sull\u2019orlo di una crisi climatica mondiale, per scongiurare la quale occorrono misure concordate a livello globale\u201d.<\/h3>\n<p><a class=\"dt-pswp-item\" href=\"http:\/\/www.radiopiu.net\/wordpress\/wp-content\/uploads\/2019\/04\/download-5.jpg\" data-dt-img-description=\"\" data-large_image_width=\"259\" data-large_image_height=\"194\"><img loading=\"lazy\" decoding=\"async\" class=\"size-full wp-image-82929 alignleft\" src=\"http:\/\/www.radiopiu.net\/wordpress\/wp-content\/uploads\/2019\/04\/download-5.jpg\" alt=\"\" width=\"259\" height=\"194\" \/><\/a>Sono le parole pronunciate dal Presidente della Repubblica Sergio Mattarella, giunto a Belluno lo scorso 12 marzo per visitare i luoghi del Vajont e del disastro ambientale dello scorso autunno. La Tempesta \u201cVaia\u201d, che ha cos\u00ec duramente colpito la montagna veneta, ha spiazzato tutta la comunit\u00e0, imponendo una riflessione sul nostro futuro, dal punto di vista ambientale ed economico. Solidariet\u00e0 Veneto, fondo pensione territoriale pi\u00f9 diffuso in regione, nato e cresciuto grazie ai lavoratori ed alle aziende del Veneto, reclama il suo ruolo in questa importante partita. Solidariet\u00e0 Veneto ufficializza l\u2019avvio di un nuovo percorso \u201csostenibile\u201d con un convegno nel quale si sono condivise le esperienze e gli eventi che hanno contribuito a risvegliare negli ultimi mesi molte coscienze sopite.\u00a0 Dalle testimonianze dei sindaci di Rocca Pietore (Severino Andrea De Bernardin) ed Auronzo di Cadore (Tatiana Pais Becher), che con estrema lucidit\u00e0 hanno descritto i terribili momenti vissuti durante la violenta tempesta dello scorso ottobre, alle tematiche di pi\u00f9 stretta attualit\u00e0 legate all\u2019impatto ambientale, ma anche a principi Onu, Unione Europea, energie rinnovabili e strategie di investimento.\u00a0 L\u2019obiettivo del fondo territoriale \u00e8 guardare oltre alla tempesta, per costruire il patto per un nuovo risparmio previdenziale che abbracci nella loro interezza i cosiddetti criteri \u201cESG\u201d: \u201cE\u201d, ovvero l\u2019impatto ambientale (Environmental), \u201cS\u201d, ossia le prospettive di sviluppo sociale (Social) e infine \u201cG\u201d, cio\u00e8 la qualit\u00e0 dei principi, delle regole e delle procedure che riguardano la gestione e il governo (Governance). Un diverso approccio che, pragmaticamente, tende a privilegiare i modelli di business sostenibili nel tempo e, dunque, pi\u00f9 efficaci rispetto all\u2019obiettivo della redditivit\u00e0 nel lungo periodo. \u00c8 il modello che Solidariet\u00e0 Veneto da qualche anno gi\u00e0 adotta con riferimento al comparto Prudente e la cui estensione appare irrinunciabile. L\u2019azione di chi gestisce il risparmio generato dall\u2019attivit\u00e0 economica non pu\u00f2 restare sorda davanti a tutto ci\u00f2. Occorre agire. Subito.<\/p>\n<p>&nbsp;<\/p>\n<p>&nbsp;<\/p>\n<p>&nbsp;<\/p>\n<p>&nbsp;<\/p>\n<h2>LUCIA FARENZENA ALLA GUIDA DEL CONSORZIO TURISTICO ROCCA_MARMOLADA<\/h2>\n<p><strong><a class=\"dt-pswp-item\" href=\"http:\/\/www.radiopiu.net\/wordpress\/wp-content\/uploads\/2019\/04\/28058648_10156179286339494_8864533983317713878_n.jpg\" data-dt-img-description=\"\" data-large_image_width=\"750\" data-large_image_height=\"750\"><img loading=\"lazy\" decoding=\"async\" class=\"wp-image-82933 alignleft\" src=\"http:\/\/www.radiopiu.net\/wordpress\/wp-content\/uploads\/2019\/04\/28058648_10156179286339494_8864533983317713878_n-300x300.jpg\" alt=\"\" width=\"186\" height=\"186\" srcset=\"https:\/\/www.radiopiu.net\/wordpress\/wp-content\/uploads\/2019\/04\/28058648_10156179286339494_8864533983317713878_n-300x300.jpg 300w, https:\/\/www.radiopiu.net\/wordpress\/wp-content\/uploads\/2019\/04\/28058648_10156179286339494_8864533983317713878_n-150x150.jpg 150w, https:\/\/www.radiopiu.net\/wordpress\/wp-content\/uploads\/2019\/04\/28058648_10156179286339494_8864533983317713878_n.jpg 750w\" sizes=\"auto, (max-width: 186px) 100vw, 186px\" \/><\/a>ROCCA PIETORE<\/strong> E&#8217; Lucia Farenzena la nuova presidente del Consorzio Operatori Turistici Rocca Pietore-Marmolada, \u00e8 stata eletta al termine di un consiglio che ha scelto i principali collaboratori della Farenzena: Matteo Nesello (vice presidente), Mario De Cassan (economo e gi\u00e0 presente nel precedente direttivo) Monika De Biasio, Francesco De Cassan e Roberto Fontanive (consiglieri). &#8220;Siamo un gruppo bellissimo&#8221;, la prima dichiarazione\u00a0 di Lucia Farenzena che \u00e8 anche consigliere comunale con il sindaco Andrea De Bernardin e lo sar\u00e0 ma solo fino a maggio, a naturale scadenza di mandato. Infatti Lucia Farenzena seguir\u00e0 con attenzione e a &#8220;tempo pieno&#8221; le dinamiche del Consorzio Turistico.<\/p>\n<p><strong>L&#8217;INTERVISTA:<\/strong><\/p>\n<audio class=\"wp-audio-shortcode\" id=\"audio-82877-8\" preload=\"none\" style=\"width: 100%;\" controls=\"controls\"><source type=\"audio\/mpeg\" src=\"http:\/\/www.radiopiu.net\/wordpress\/wp-content\/uploads\/2019\/04\/LUCIA.mp3?_=8\" \/><a href=\"http:\/\/www.radiopiu.net\/wordpress\/wp-content\/uploads\/2019\/04\/LUCIA.mp3\">http:\/\/www.radiopiu.net\/wordpress\/wp-content\/uploads\/2019\/04\/LUCIA.mp3<\/a><\/audio>\n<p>&nbsp;<\/p>\n<p>&nbsp;<\/p>\n<p>&nbsp;<\/p>\n<p>&nbsp;<\/p>\n<blockquote><p>&nbsp;<\/p><\/blockquote>\n<h2><a class=\"dt-pswp-item\" href=\"http:\/\/www.radiopiu.net\/wordpress\/wp-content\/uploads\/2016\/07\/Malga-Prend\u00e8ra-e-dintorni-dal-Col-della-Puina.jpg\" data-dt-img-description=\"\" data-large_image_width=\"3157\" data-large_image_height=\"1774\"><img loading=\"lazy\" decoding=\"async\" class=\" wp-image-21544 alignleft\" src=\"http:\/\/www.radiopiu.net\/wordpress\/wp-content\/uploads\/2016\/07\/Malga-Prend\u00e8ra-e-dintorni-dal-Col-della-Puina-300x169.jpg\" alt=\"\" width=\"215\" height=\"121\" \/><\/a><\/h2>\n<h2>AREE INTERNE INCONTRO CON AGRICOLTORI E ALLEVATORI, 9 MILIONI DI EURO\u00a0 PER LE SINGOLE MISURE. DUE NUOVE STALLE A VOLTAGO E\u00a0 COLLE SANTA LUCIA, I FONDI GARANTISCONO IL 50% DELLA SPESA FINALE<\/h2>\n<p><strong>di GIANNI SANTOMASO\u00a0<\/strong><\/p>\n<audio class=\"wp-audio-shortcode\" id=\"audio-82877-9\" preload=\"none\" style=\"width: 100%;\" controls=\"controls\"><source type=\"audio\/mpeg\" src=\"http:\/\/www.radiopiu.net\/wordpress\/wp-content\/uploads\/2019\/04\/AREE-INTERNE-GIANNI.mp3?_=9\" \/><a href=\"http:\/\/www.radiopiu.net\/wordpress\/wp-content\/uploads\/2019\/04\/AREE-INTERNE-GIANNI.mp3\">http:\/\/www.radiopiu.net\/wordpress\/wp-content\/uploads\/2019\/04\/AREE-INTERNE-GIANNI.mp3<\/a><\/audio>\n<p><strong>IL PRESIDENTE DELL&#8217;UNIONE MONTANA FABIO LUCHETTA<\/strong><\/p>\n<audio class=\"wp-audio-shortcode\" id=\"audio-82877-10\" preload=\"none\" style=\"width: 100%;\" controls=\"controls\"><source type=\"audio\/mpeg\" src=\"http:\/\/www.radiopiu.net\/wordpress\/wp-content\/uploads\/2019\/04\/AREE-INTERNE.mp3?_=10\" \/><a href=\"http:\/\/www.radiopiu.net\/wordpress\/wp-content\/uploads\/2019\/04\/AREE-INTERNE.mp3\">http:\/\/www.radiopiu.net\/wordpress\/wp-content\/uploads\/2019\/04\/AREE-INTERNE.mp3<\/a><\/audio>\n<p>&nbsp;<\/p>\n<p>&nbsp;<\/p>\n<p>&nbsp;<\/p>\n<p>&nbsp;<\/p>\n<blockquote><p>&nbsp;<\/p><\/blockquote>\n<h2>FEDERICA TANCON SESTA ALLE OLIMPIADI DI ITALIANO<\/h2>\n<p><a class=\"dt-pswp-item\" href=\"http:\/\/www.radiopiu.net\/wordpress\/wp-content\/uploads\/2019\/04\/2017-05-17-17.25.12.jpg\" data-dt-img-description=\"\" data-large_image_width=\"959\" data-large_image_height=\"960\"><img loading=\"lazy\" decoding=\"async\" class=\"wp-image-82955 alignleft\" src=\"http:\/\/www.radiopiu.net\/wordpress\/wp-content\/uploads\/2019\/04\/2017-05-17-17.25.12-300x300.jpg\" alt=\"\" width=\"164\" height=\"164\" srcset=\"https:\/\/www.radiopiu.net\/wordpress\/wp-content\/uploads\/2019\/04\/2017-05-17-17.25.12-300x300.jpg 300w, https:\/\/www.radiopiu.net\/wordpress\/wp-content\/uploads\/2019\/04\/2017-05-17-17.25.12-150x150.jpg 150w, https:\/\/www.radiopiu.net\/wordpress\/wp-content\/uploads\/2019\/04\/2017-05-17-17.25.12-768x769.jpg 768w, https:\/\/www.radiopiu.net\/wordpress\/wp-content\/uploads\/2019\/04\/2017-05-17-17.25.12.jpg 959w\" sizes=\"auto, (max-width: 164px) 100vw, 164px\" \/><\/a><\/p>\n<p>&nbsp;<\/p>\n<p>&nbsp;<\/p>\n<p>&nbsp;<\/p>\n<p>&nbsp;<\/p>\n<p>di DAMIANO TORMEN<\/p>\n<audio class=\"wp-audio-shortcode\" id=\"audio-82877-11\" preload=\"none\" style=\"width: 100%;\" controls=\"controls\"><source type=\"audio\/mpeg\" src=\"http:\/\/www.radiopiu.net\/wordpress\/wp-content\/uploads\/2019\/04\/DAMIANO-FEDERICA.mp3?_=11\" \/><a href=\"http:\/\/www.radiopiu.net\/wordpress\/wp-content\/uploads\/2019\/04\/DAMIANO-FEDERICA.mp3\">http:\/\/www.radiopiu.net\/wordpress\/wp-content\/uploads\/2019\/04\/DAMIANO-FEDERICA.mp3<\/a><\/audio>\n<h3><\/h3>\n<p>&nbsp;<\/p>\n<h3><\/h3>\n<p>&nbsp;<\/p>\n<blockquote><p>&nbsp;<\/p><\/blockquote>\n<h3>I COLORI DEL MONDO, DALLA SCUOLA PRIMARIA DI FALCADE ATTRAVERSO 5 CONTINENTI TRA DIVERSITA&#8217; ED UNICITA&#8217; DI POPOLI E CULTURE. PROGETTO FINANZIATO CON IL LASCITO DI FIORELLA GANZ SCOMPARSA NEL NOVEMBRE DEL 2017<\/h3>\n<p>DI GIANNI SANTOMASO<\/p>\n<audio class=\"wp-audio-shortcode\" id=\"audio-82877-12\" preload=\"none\" style=\"width: 100%;\" controls=\"controls\"><source type=\"audio\/mpeg\" src=\"http:\/\/www.radiopiu.net\/wordpress\/wp-content\/uploads\/2019\/04\/GIANNI-DANZA.mp3?_=12\" \/><a href=\"http:\/\/www.radiopiu.net\/wordpress\/wp-content\/uploads\/2019\/04\/GIANNI-DANZA.mp3\">http:\/\/www.radiopiu.net\/wordpress\/wp-content\/uploads\/2019\/04\/GIANNI-DANZA.mp3<\/a><\/audio>\n<p><a class=\"dt-pswp-item\" href=\"http:\/\/www.radiopiu.net\/wordpress\/wp-content\/uploads\/2019\/04\/WhatsApp-Image-2019-04-16-at-19.53.35-2-1.jpeg\" data-dt-img-description=\"\" data-large_image_width=\"1600\" data-large_image_height=\"1200\"><img loading=\"lazy\" decoding=\"async\" class=\"alignnone size-medium wp-image-82946\" src=\"http:\/\/www.radiopiu.net\/wordpress\/wp-content\/uploads\/2019\/04\/WhatsApp-Image-2019-04-16-at-19.53.35-2-1-300x225.jpeg\" alt=\"\" width=\"300\" height=\"225\" srcset=\"https:\/\/www.radiopiu.net\/wordpress\/wp-content\/uploads\/2019\/04\/WhatsApp-Image-2019-04-16-at-19.53.35-2-1-300x225.jpeg 300w, https:\/\/www.radiopiu.net\/wordpress\/wp-content\/uploads\/2019\/04\/WhatsApp-Image-2019-04-16-at-19.53.35-2-1-768x576.jpeg 768w, https:\/\/www.radiopiu.net\/wordpress\/wp-content\/uploads\/2019\/04\/WhatsApp-Image-2019-04-16-at-19.53.35-2-1-1024x768.jpeg 1024w, https:\/\/www.radiopiu.net\/wordpress\/wp-content\/uploads\/2019\/04\/WhatsApp-Image-2019-04-16-at-19.53.35-2-1.jpeg 1600w\" sizes=\"auto, (max-width: 300px) 100vw, 300px\" \/><\/a><a class=\"dt-pswp-item\" href=\"http:\/\/www.radiopiu.net\/wordpress\/wp-content\/uploads\/2019\/04\/WhatsApp-Image-2019-04-16-at-20.17.16.jpeg\" data-dt-img-description=\"\" data-large_image_width=\"1600\" data-large_image_height=\"1200\"><img loading=\"lazy\" decoding=\"async\" class=\"alignnone size-medium wp-image-82945\" src=\"http:\/\/www.radiopiu.net\/wordpress\/wp-content\/uploads\/2019\/04\/WhatsApp-Image-2019-04-16-at-20.17.16-300x225.jpeg\" alt=\"\" width=\"300\" height=\"225\" srcset=\"https:\/\/www.radiopiu.net\/wordpress\/wp-content\/uploads\/2019\/04\/WhatsApp-Image-2019-04-16-at-20.17.16-300x225.jpeg 300w, https:\/\/www.radiopiu.net\/wordpress\/wp-content\/uploads\/2019\/04\/WhatsApp-Image-2019-04-16-at-20.17.16-768x576.jpeg 768w, https:\/\/www.radiopiu.net\/wordpress\/wp-content\/uploads\/2019\/04\/WhatsApp-Image-2019-04-16-at-20.17.16-1024x768.jpeg 1024w, https:\/\/www.radiopiu.net\/wordpress\/wp-content\/uploads\/2019\/04\/WhatsApp-Image-2019-04-16-at-20.17.16.jpeg 1600w\" sizes=\"auto, (max-width: 300px) 100vw, 300px\" \/><\/a><\/p>\n<h3><\/h3>\n<h3><\/h3>\n<p>&nbsp;<\/p>\n<p>&nbsp;<\/p>\n<blockquote><p>&nbsp;<\/p><\/blockquote>\n<div class=\"page-title-head hgroup\">\n<h1 class=\"entry-title\">TASER: DA GIUGNO IN DOTAZIONE A TUTTE LE FORZE DI POLIZIA<\/h1>\n<\/div>\n<div class=\"page-title-breadcrumbs\"><\/div>\n<blockquote class=\"wp-embedded-content\" data-secret=\"hrrPEsskIr\"><p><a href=\"http:\/\/www.radiopiu.net\/wordpress\/taser-da-giugno-in-dotazione-a-tutte-le-forze-di-polizia\/\">TASER: DA GIUGNO IN DOTAZIONE A TUTTE LE FORZE DI POLIZIA<\/a><\/p><\/blockquote>\n<p><iframe loading=\"lazy\" class=\"wp-embedded-content\" sandbox=\"allow-scripts\" security=\"restricted\" style=\"position: absolute; clip: rect(1px, 1px, 1px, 1px);\" src=\"http:\/\/www.radiopiu.net\/wordpress\/taser-da-giugno-in-dotazione-a-tutte-le-forze-di-polizia\/embed\/#?secret=hrrPEsskIr\" data-secret=\"hrrPEsskIr\" width=\"600\" height=\"338\" title=\"&#8220;TASER: DA GIUGNO IN DOTAZIONE A TUTTE LE FORZE DI POLIZIA&#8221; &#8212; Radio Pi\u00f9\" frameborder=\"0\" marginwidth=\"0\" marginheight=\"0\" scrolling=\"no\"><\/iframe><\/p>\n<p>&nbsp;<\/p>\n<p>&nbsp;<\/p>\n<p>&nbsp;<\/p>\n<p>&nbsp;<\/p>\n<h3>SBOCCO A NORD E MOBILITA\u2019 \u2013 IL TAVOLO DELLE INFRASTRUTTURE CONSEGNA UNA LETTERA UNITARIA A ZAIA: \u00abCHIEDIAMO STRADA A SCORRIMENTO VELOCE E OPERE STRATEGICHE\u00bb<\/h3>\n<p><strong><a class=\"dt-pswp-item\" href=\"http:\/\/www.radiopiu.net\/wordpress\/wp-content\/uploads\/2015\/09\/confindustria-500.jpg\" data-dt-img-description=\"\" data-large_image_width=\"500\" data-large_image_height=\"360\"><img loading=\"lazy\" decoding=\"async\" class=\"size-medium wp-image-10966 alignleft\" src=\"http:\/\/www.radiopiu.net\/wordpress\/wp-content\/uploads\/2015\/09\/confindustria-500-300x216.jpg\" alt=\"\" width=\"300\" height=\"216\" \/><\/a>BELLUNO\u00a0<\/strong> Il Tavolo delle Infrastrutture della provincia di Belluno sostiene il progetto di una strada a scorrimento veloce verso Nord e lo ha ribadito in una lettera unitaria che ieri sera il presidente di Confindustria Belluno Dolomiti Lorraine Berton, a nome di tutte le categorie presenti al Tavolo, ha consegnato al Governatore del Veneto Luca Zaia. L\u2019incontro si \u00e8 tenuto ieri sera (luned\u00ec 15 aprile) a san Vendemiano.\u00a0 Il Tavolo delle infrastrutture, coordinato dal delegato Domenico Limana, \u00e8 composto da tutte le principali categorie economiche e sigle sindacali della provincia: Confindustria, Appia CNA, Confartigianato, Confcommercio, Coldiretti, Cia, Confagricoltura, Cgil, Cisl e Uil. Nella lettera si ricorda lo scopo del Tavolo, nato per promuovere progettualit\u00e0 condivise e finalizzate a potenziare le infrastrutture del territorio, \u00abinfrastrutture \u2013 si legge \u2013 attualmente inadeguate al tessuto economico e produttivo di una provincia a forte vocazione industriale, con un enorme potenziale turistico e sede di eventi sportivi di rilevanza nazionale\u00bb. Per il Tavolo \u00abalcuni interventi urgenti sono ormai improcrastinabili\u00bb come \u00abla diffusione della banda larga e la soluzione di alcuni punti neri della viabilit\u00e0 interna (da Feltre a Longarone), nonch\u00e9 la messa in sicurezza del territorio, la cui fragilit\u00e0 \u00e8 stata recentemente evidenziata dai gravi effetti della Tempesta Vaia\u00bb. Su questo fronte, il Tavolo delle infrastrutture, riconosce il lavoro svolto anche da Venezia: \u00ab\u00c8 stato un evento estremo rispetto al quale l\u2019impegno della Regione e di tutti i soggetti preposti sta dando risultati straordinari. Di questo Le siamo grati\u00bb, le parole rivolte a Zaia. Ma un conto \u00e8 l\u2019emergenza, un altro la programmazione. Da qui la premessa del Tavolo: \u00abIl nostro sguardo, oltre che all\u2019immediato, vuole tuttavia puntare a progetti strategici che possano garantire a queste terre una giusta crescita e siano al contempo funzionali alla spinta produttiva dell\u2019economia di pianura: per tutto ci\u00f2 servono adeguati collegamenti ferroviari e soprattutto stradali\u00bb. Ed \u00e8 qui che arriva la richiesta principale: \u00abIn quest\u2019ottica, le categorie economiche e le organizzazioni sindacali sono concordi nel sostenere la realizzazione di nuove vie di comunicazione, in primis sostenendo il progetto di una strada a scorrimento veloce, quale naturale completamento del percorso autostradale, verso Nord. E\u2019 un progetto tanto ambizioso quanto funzionale alla regione e all\u2019intero Paese: un\u2019opera strategica per essere competitivi e crescere nel mercato globale, nonch\u00e9 la risposta ai fabbisogni di accessibilit\u00e0 e mobilit\u00e0 regionali di merci e persone\u00bb. Su questo fronte, le stesse categorie vogliono giocare la loro partita: \u00abNoi ci muoveremo con determinazione anche per costruire un sostegno diffuso da parte della societ\u00e0 civile e di quanti credono nella crescita e nella valorizzazione di queste terre\u00bb. La lettera si conclude auspicando una proficua collaborazione con la Regione del Veneto.<\/p>\n<p>&nbsp;<\/p>\n<p>&nbsp;<\/p>\n<p>&nbsp;<\/p>\n<p>&nbsp;<\/p>\n<p>&nbsp;<\/p>\n<h2>POSTE LANCIA IL SITO DEDICATO AI SERVIZI PER I PICCOLI COMUNI. BUSSONE (UNCEM): &#8220;DOPO IL 26 NOVEMBRE, IL PERCORSO CONTINUA CON RISULTATI POSITIVI. IL PATTO FUNZIONA&#8221;<\/h2>\n<p><a class=\"dt-pswp-item\" href=\"http:\/\/www.radiopiu.net\/wordpress\/wp-content\/uploads\/2019\/04\/Poste_intervento_Bussone.jpg\" data-dt-img-description=\"\" data-large_image_width=\"1599\" data-large_image_height=\"899\"><img loading=\"lazy\" decoding=\"async\" class=\"alignnone wp-image-82993 size-large\" src=\"http:\/\/www.radiopiu.net\/wordpress\/wp-content\/uploads\/2019\/04\/Poste_intervento_Bussone-1024x576.jpg\" alt=\"\" width=\"1024\" height=\"576\" srcset=\"https:\/\/www.radiopiu.net\/wordpress\/wp-content\/uploads\/2019\/04\/Poste_intervento_Bussone-1024x576.jpg 1024w, https:\/\/www.radiopiu.net\/wordpress\/wp-content\/uploads\/2019\/04\/Poste_intervento_Bussone-300x169.jpg 300w, https:\/\/www.radiopiu.net\/wordpress\/wp-content\/uploads\/2019\/04\/Poste_intervento_Bussone-768x432.jpg 768w, https:\/\/www.radiopiu.net\/wordpress\/wp-content\/uploads\/2019\/04\/Poste_intervento_Bussone.jpg 1599w\" sizes=\"auto, (max-width: 1024px) 100vw, 1024px\" \/><\/a><\/p>\n<div>\u00c8 Consultabile da oggi il\u00a0<strong>nuovo portale web di Poste Italiane che aggiorna in tempo reale gli obiettivi del programma di Poste Italiane per i Comuni con meno di 5.000 abitanti<\/strong>. Il programma fa seguito all&#8217;incontro dell&#8217;Amministratore delegato Matteo Del Fante con i &#8220;Sindaci d\u2019Italia&#8221; del 26 novembre scorso, in collaborazione con Uncem. Il nuovo sito lanciato da Poste ha quest&#8217;indirizzo:\u00a0<a href=\"http:\/\/admin12.antherica.com\/newsletter\/\/tk\/get.html?1=1&amp;ui=%3C!--USERID--%3E&amp;cid=407&amp;ag=am&amp;newsid=499&amp;exid=440&amp;ui=33486&amp;cid=407&amp;linkid=1604\">https:\/\/<strong>www.posteitaliane.it\/piccoli-comuni<\/strong><\/a>. Poste evidenzia sul portale numeri, obiettivi, impegni, notizie. Tutte le necessit\u00e0 degli Enti locali, anche tramite Uncem, confluiscono da sei mesi nell&#8217;Ufficio centrale dedicato\u00a0a supporto dei piccoli Comuni (contattabile tramite\u00a0e-mail:\u00a0<a href=\"mailto:piccolicomuni@posteitaliane.it\">piccolicomuni@posteitaliane.it<\/a>). Sul sito, i dati dei primi nuovi servizi attivati all&#8217;interno del nuovo patto sancito con i Sindaci: 1.304 spot Wi-Fi installati in 1.211 Comuni, 1.817 nuove cassette postali presenti in 1.278 Comuni, 102 nuovi Postamat (finora) installati in 102 Comuni, 157 barriere architettoniche eliminate in 151 Comuni, 938 impianti di videosorveglianza installati in 477 Comuni. <em>&#8220;Il patto del 26 novembre 2018 alla Nuvola prende forma &#8211; commenta Marco Bussone, Presidente Uncem &#8211; Questo portale lanciato oggi di fatto rende noti e consultabili a tutti, Amministratori locali e cittadini, gli impegni presi dall&#8217;azienda nei confronti dei piccoli Comuni e delle realt\u00e0 montane e interne del Paese,\u00a0<strong>dando piena attuazione a quanto scritto rispetto al servizio postale universale nella legge sui piccoli Comuni, la 158 del 2017<\/strong>. Si dimostra cos\u00ec che le buone politiche, in accordo con le imprese, piccole e grandi come Poste, possono sostenere i territori nella transizione digitale, nel colmare gap forti di competitivit\u00e0 sociale ed economica, nel garantire efficaci livelli di servizi alla comunit\u00e0. Poste, dopo anni nei quali non c&#8217;eravamo capiti e spesso scontrati, ha\u00a0<strong>aperto con Uncem un nuovo percorso<\/strong>, che apprezziamo con l&#8217;intera Giunta e il Consiglio nazionale, che richiede oggi investimenti preziosi, gi\u00e0 in fase di realizzazione nei paesi delle Alpi e degli Appennini. Mi auguro che altre grandi imprese, in particolare del settore dell&#8217;energia e delle telecomunicazioni, possano replicare il modello di impegno e dialogo costante avviato da Poste&#8221;.\u00a0<\/em><\/div>\n<p>&nbsp;<\/p>\n<p>&nbsp;<\/p>\n<p>&nbsp;<\/p>\n<blockquote><p><strong>COLLE SANTA LUCIA<\/strong> Giovedi 25 aprile consiglio comunale a Colle Santa Lucia, alle 8 di mattina nonostante il giorno di festa nel ricordo della Liberazione. All&#8217;ordine del giorno la terza variazione al bilancio, l&#8217;approvazione di alcune convenzioni, il contributo per la messa in sicurezza di scuole, strade, edifici pubblici e patrimonio comunale. In chiusura del comunicazioni del sindaco Paolo Frena.<\/p><\/blockquote>\n<p>&nbsp;<\/p>\n<p>&nbsp;<\/p>\n<p>&nbsp;<\/p>\n<h3>LETTERA A ZAIA SULLE INFRASTRUTTURE \u2013 BERTON (CONFINDUSTRIA BELLUNO DOLOMITI): \u00abAVANTI TUTTA, IL FRONTE \u00c8 COMPATTO: NON CI SONO PIU\u2019 ALIBI.<\/h3>\n<p><strong><a class=\"dt-pswp-item\" href=\"http:\/\/www.radiopiu.net\/wordpress\/wp-content\/uploads\/2019\/04\/images.jpg\" data-dt-img-description=\"\" data-large_image_width=\"275\" data-large_image_height=\"183\"><img loading=\"lazy\" decoding=\"async\" class=\" wp-image-82882 alignleft\" src=\"http:\/\/www.radiopiu.net\/wordpress\/wp-content\/uploads\/2019\/04\/images.jpg\" alt=\"\" width=\"216\" height=\"144\" \/><\/a>BELLUNO<\/strong> <em>\u00abIl tema delle infrastrutture \u00e8 strategico per il nostro territorio, oggi pi\u00f9 che mai. Con la lettera consegnata al Governatore Zaia abbiamo dimostrato che il fronte \u00e8 compatto e che le categorie economiche e sociali sono pronte a fare la loro parte per far ripartire questo territorio, risollevarsi dal dopo-Vaia e cogliere tutte le opportunit\u00e0 derivanti dai grandi eventi, a partire da Cortina 2021, senza dimenticare l\u2019altra grande scommessa: il collegamento sciistico tra Comelico e Pusteria. Adesso non ci sono pi\u00f9 alibi: \u00e8 il momento dell\u2019operativit\u00e0 senza se e senza ma. Zaia ha compreso la nostra istanza e lo ringrazio per la disponibilit\u00e0. L\u2019ho invitato a Belluno, terminato il periodo di campagna elettorale, per un confronto allargato\u00bb. <\/em>Questo il commento della Presidente di Confindustria Lorraine Berton, a nome di tutte le categorie presenti nel Tavolo delle Infrastrutture, ha consegnato una lettera unitaria al governatore del Veneto Luca Zaia dove si chiede di andare avanti con il progetto di una strada a scorrimento veloce verso nord e nella realizzazione concreta delle opere di miglioramento sul fronte della viabilit\u00e0 interna, della difesa idrogeologica e della banda larga. <em>\u00abLa provincia di Belluno continua a soffrire un divario infrastrutturale cronico, cui si sommano un andamento demografico drammatico e una logistica sempre pi\u00f9 difficile per le imprese: intervenire ora e non domani \u00e8 un imperativo categorico per continuare a vivere e lavorare in queste terre.\u00a0<\/em> <em>Al Governatore Zaia ho detto che siamo pronti a prenderci le nostre responsabilit\u00e0 e portare avanti tutte quelle iniziative che possono essere utili al territorio: lo stesso sbocco a nord \u00e8 un progetto da perseguire alla luce di quello che sta accadendo sul Brennero e della necessit\u00e0 di mettere in contatto il territorio veneto, in particolare l\u2019Asse del Piave, con l\u2019Europa centrale. \u00abDobbiamo fare uno scatto di orgoglio: progettare il nostro futuro all\u2019insegna delle migliori tecnologie e della sostenibilit\u00e0. Per questo, dobbiamo essere noi, abitanti e operatori della montagna, e non altri a dettare la linea ed essere fautori del nostro futuro\u00bb,<\/em> prosegue Berton. Altra partita da seguire con attenzione, a detta della presidente degli industriali, \u00e8 anche quella del collegamento sciistisco tra Comelico e Pusteria: <em>\u00abAnche qui ho ribadito a Zaia la necessit\u00e0 di andare avanti spediti e compatti; solo in questo modo riusciremo a portare a casa un risultato atteso dalla stragrande maggioranza dei cittadini e operatori di un intero territorio. I comeliani chiedono un\u2019opportunit\u00e0 per rimanere e lavorare nella loro terra e noi con loro\u00bb<\/em>, la conclusione di Berton. (foto, twitter.com)<\/p>\n<p>&nbsp;<\/p>\n<p>&nbsp;<\/p>\n<p>&nbsp;<\/p>\n<blockquote><p>&nbsp;<\/p><\/blockquote>\n<h2>LA VAL CHE URLA: IL FILM DI LUCIA ZANETTIN<\/h2>\n<p>La regista del film girato in parte anche negli studi di RADIO PIU&#8217; presenta il video musicale della canzone di Fiammetta Nena, Il brano\u00a0 <b class=\"\">Your tears don\u2019t make a sound, <\/b>\u00a0\u00e8\u00a0 scritto e cantato da Fiammetta stessa. Il brano far\u00e0 parte della colonna sonora del film La Val che Urla , e per questo, il video musicale comprende molte immagini , per dare un primo assaggio di quello che sar\u00e0 il film.<\/p>\n<p><iframe loading=\"lazy\" title=\"Your tears don&#039;t make a sound - Anteprima &quot;La Val che Urla&quot;\" width=\"1200\" height=\"675\" src=\"https:\/\/www.youtube.com\/embed\/UOUOLrfZIVs?feature=oembed\" frameborder=\"0\" allow=\"accelerometer; autoplay; encrypted-media; gyroscope; picture-in-picture\" allowfullscreen><\/iframe><\/p>\n<div class=\"\"><\/div>\n<div><\/div>\n<div><\/div>\n<div><\/div>\n<div><\/div>\n<blockquote>\n<div><\/div>\n<\/blockquote>\n<h2>LO SPORT CHE EDUCA, SARA SIMEONI AL COMPRENSIVO DI MEL E TRICHIANA<\/h2>\n<p><strong>BORGO VALBELLUNA<\/strong> Si \u00e8 tenuto\u00a0 luned\u00ec l&#8217;incontro con i genitori dei comprensivi di Mel e Trichiana nell&#8217;ambito del percorso, che si rinnova da alcuni anni &#8220;SIAMO TUTTI GENITORI&#8221;, che ha visto nel tempo la collaborazione degli IC di Mel e Trichiana e delle amministrazioni di Lentiai, Mel, Trichiana e Limana. Marted\u00ec Sara Simeoni ha incontrato gli alunni della secondaria di Trichiana e di Limana.<br \/>\nLa Simeoni\u00a0 semplice, ma molto efficace e chiara ha raccontato la sua esperienza di atleta, le sue fatiche, il suo desiderio di stare con gli amici e divertirsi facendo sport, la scoperta del mondo attraverso le gare prima in regione, poi fuori regione, in Italia e fuori d&#8217;Italia, per conoscere il mondo. Sport esperienza di vita a tutto tondo per mettere alla prova soprattutto se stessi, per lavorare sul proprio equilibrio psico-fisico, sulla consapevolezza del proprio corpo e dei risultati che si possono ottenere, non puntare al successo, ma alla crescita personale.\u00a0 Era presente la Dirigente scolastica del comprensivo di Trichiana Maria Chiara Nicolini.<\/p>\n<p><a class=\"dt-pswp-item\" href=\"http:\/\/www.radiopiu.net\/wordpress\/wp-content\/uploads\/2019\/04\/simeoni2.jpg\" data-dt-img-description=\"\" data-large_image_width=\"796\" data-large_image_height=\"1416\"><img loading=\"lazy\" decoding=\"async\" class=\"alignnone size-medium wp-image-82966\" src=\"http:\/\/www.radiopiu.net\/wordpress\/wp-content\/uploads\/2019\/04\/simeoni2-169x300.jpg\" alt=\"\" width=\"169\" height=\"300\" srcset=\"https:\/\/www.radiopiu.net\/wordpress\/wp-content\/uploads\/2019\/04\/simeoni2-169x300.jpg 169w, https:\/\/www.radiopiu.net\/wordpress\/wp-content\/uploads\/2019\/04\/simeoni2-768x1366.jpg 768w, https:\/\/www.radiopiu.net\/wordpress\/wp-content\/uploads\/2019\/04\/simeoni2-576x1024.jpg 576w, https:\/\/www.radiopiu.net\/wordpress\/wp-content\/uploads\/2019\/04\/simeoni2.jpg 796w\" sizes=\"auto, (max-width: 169px) 100vw, 169px\" \/><\/a><a class=\"dt-pswp-item\" href=\"http:\/\/www.radiopiu.net\/wordpress\/wp-content\/uploads\/2019\/04\/Simeoni1-1.jpg\" data-dt-img-description=\"\" data-large_image_width=\"1600\" data-large_image_height=\"1200\"><img loading=\"lazy\" decoding=\"async\" class=\"alignnone wp-image-82968\" src=\"http:\/\/www.radiopiu.net\/wordpress\/wp-content\/uploads\/2019\/04\/Simeoni1-1-300x225.jpg\" alt=\"\" width=\"397\" height=\"297\" srcset=\"https:\/\/www.radiopiu.net\/wordpress\/wp-content\/uploads\/2019\/04\/Simeoni1-1-300x225.jpg 300w, https:\/\/www.radiopiu.net\/wordpress\/wp-content\/uploads\/2019\/04\/Simeoni1-1-768x576.jpg 768w, https:\/\/www.radiopiu.net\/wordpress\/wp-content\/uploads\/2019\/04\/Simeoni1-1-1024x768.jpg 1024w, https:\/\/www.radiopiu.net\/wordpress\/wp-content\/uploads\/2019\/04\/Simeoni1-1.jpg 1600w\" sizes=\"auto, (max-width: 397px) 100vw, 397px\" \/><\/a><\/p>\n<p>&nbsp;<\/p>\n<p>&nbsp;<\/p>\n<p>&nbsp;<\/p>\n<p>&nbsp;<\/p>\n<p>&nbsp;<\/p>\n<h2>CONFERENZA DI RIZZI ALLA RIZZARDA<\/h2>\n<p><em>Conferenza di Alberto Rizzi A causa dei Giacobini o degli stessi Veneziani? In margine ai leoni marciani feltrini e alle relative distruzioni lapidee nella Galleria d&#8217;arte moderna \u201cCarlo Rizzarda\u201d<\/em><\/p>\n<p><strong><a class=\"dt-pswp-item\" href=\"http:\/\/www.radiopiu.net\/wordpress\/wp-content\/uploads\/2019\/04\/20aprile.jpg\" data-dt-img-description=\"\" data-large_image_width=\"1649\" data-large_image_height=\"1455\"><img loading=\"lazy\" decoding=\"async\" class=\"wp-image-82883 alignleft\" src=\"http:\/\/www.radiopiu.net\/wordpress\/wp-content\/uploads\/2019\/04\/20aprile-300x265.jpg\" alt=\"\" width=\"188\" height=\"166\" srcset=\"https:\/\/www.radiopiu.net\/wordpress\/wp-content\/uploads\/2019\/04\/20aprile-300x265.jpg 300w, https:\/\/www.radiopiu.net\/wordpress\/wp-content\/uploads\/2019\/04\/20aprile-768x678.jpg 768w, https:\/\/www.radiopiu.net\/wordpress\/wp-content\/uploads\/2019\/04\/20aprile-1024x904.jpg 1024w, https:\/\/www.radiopiu.net\/wordpress\/wp-content\/uploads\/2019\/04\/20aprile.jpg 1649w\" sizes=\"auto, (max-width: 188px) 100vw, 188px\" \/><\/a>FELTRE<\/strong> Dopo l&#8217;apprezzato intervento del dott. Nadir Stringa il ciclo di appuntamenti Conversazioni in Museo 2019 prosegue con la conferenza di Alberto Rizzi A causa dei Giacobini o degli stessi Veneziani? In margine ai leoni marciani feltrini e alle relative distruzioni lapidee che si terr\u00e0 nella Galleria d&#8217;arte moderna Carlo Rizzarda venerd\u00ec 19 aprile prossimo alle 17. Autore dei volumi Leoni di Montagna. L&#8217;emblema veneto nei territori di Belluno, Feltre e Cadore,\u00a0 e I leoni dolomitici. Il simbolo della Repubblica Veneta nelle \u00abprovincie\u00bb del Bellunese, Feltrino e Cadore, l&#8217;esperto, oltre alla tematica degli emblemi veneti sul territorio feltrino, prender\u00e0 in esame una dibattuta questione che ha spesso originato spiegazioni imprecise: quella delle lapide scalpellate nel centro storico di Feltre.<\/p>\n<p>&nbsp;<\/p>\n<p>&nbsp;<\/p>\n<h2><\/h2>\n<p>&nbsp;<\/p>\n<h2>COMPRENSIVO DI FELTRE, FUORI CLASSE IN OSPEDALE<\/h2>\n<p><strong><a class=\"dt-pswp-item\" href=\"http:\/\/www.radiopiu.net\/wordpress\/wp-content\/uploads\/2019\/04\/IC-FELTRE-Fuoriclasse-Ospedale-4.jpg\" data-dt-img-description=\"\" data-large_image_width=\"3264\" data-large_image_height=\"2448\"><img loading=\"lazy\" decoding=\"async\" class=\" wp-image-82886 alignleft\" src=\"http:\/\/www.radiopiu.net\/wordpress\/wp-content\/uploads\/2019\/04\/IC-FELTRE-Fuoriclasse-Ospedale-4-300x225.jpg\" alt=\"\" width=\"220\" height=\"165\" srcset=\"https:\/\/www.radiopiu.net\/wordpress\/wp-content\/uploads\/2019\/04\/IC-FELTRE-Fuoriclasse-Ospedale-4-300x225.jpg 300w, https:\/\/www.radiopiu.net\/wordpress\/wp-content\/uploads\/2019\/04\/IC-FELTRE-Fuoriclasse-Ospedale-4-768x576.jpg 768w, https:\/\/www.radiopiu.net\/wordpress\/wp-content\/uploads\/2019\/04\/IC-FELTRE-Fuoriclasse-Ospedale-4-1024x768.jpg 1024w\" sizes=\"auto, (max-width: 220px) 100vw, 220px\" \/><\/a>FELTRE\u00a0 <\/strong>Fogli di giornale per fare musica. Le classi seconde, A e B, della primaria \u201cVittorino da Feltre\u201d dell&#8217;IC di Feltre, hanno partecipato al progetto \u201cFuori classe\u201d diventando protagoniste di un laboratorio di educazione musicale all&#8217;ospedale cittadino. Attraverso l&#8217;utilizzo di semplici fogli di giornale mossi in modo creativo e del tutto personale nel produrre il suono, sorta di \u201cmusica concrerta\u201d di stampo naif, a evocare in qualche modo i compositori sperimentali dei primi del Novecento, i bambini hanno creato ambienti sonori avventurosi e lontani, richiamati alla mente grazie alle loro caratteristiche \u201crumorose\u201d. E cos\u00ec, sulle ali della fantasia, si sono ritrovati chi in riva al mare, cullato dal frangersi delle onde prima di un improvviso temporale, chi esploratore immerso nel bosco in una ventosa giornata d&#8217;autunno. \u201cE&#8217; un progetto che portiamo avanti gi\u00e0 da alcuni anni \u2013 spiega la docente Tiziana Zaetta \u2013 ed \u00e8 finalizzato ad avvicinare i ragazzi delle scuole al reparto di pediatria. Una vera e propria lezione fuori sede, che vuole presentare l&#8217;ospedale anche come luogo dove si pu\u00f2 fare attivit\u00e0 didattica e ludica, dando la possibilit\u00e0 ai bambini che si trovano in stato di degenza, per un motivo o per un altro, di inserirsi insieme agli altri nell&#8217;iniziativa\u201d.<\/p>\n<p>&nbsp;<\/p>\n<p>&nbsp;<\/p>\n<p>&nbsp;<\/p>\n<p align=\"CENTER\"><span style=\"font-family: Arial Unicode MS, sans-serif;\"><span style=\"color: #454545;\"><span style=\"font-family: Tahoma, sans-serif;\"><span style=\"font-size: x-large;\"><b>Donne, cuore e ciclismo<\/b><\/span><\/span><\/span><\/span><\/p>\n<p align=\"CENTER\"><span style=\"font-family: Arial Unicode MS, sans-serif;\"><span style=\"color: #454545;\"><span style=\"font-family: Tahoma, sans-serif;\"><span style=\"font-size: large;\"><b>Appuntamento\u00a0 alle 18.00 <\/b><\/span><\/span><\/span><\/span><\/p>\n<p align=\"JUSTIFY\"><span style=\"font-family: Arial Unicode MS, sans-serif;\"><span style=\"color: #454545;\"><span style=\"font-family: Tahoma, sans-serif;\"><b>FELTRE <\/b><\/span><\/span><span style=\"color: #454545;\"><span style=\"font-family: Tahoma, sans-serif;\">\u00a0<\/span><\/span><span style=\"color: #454545;\"><span style=\"font-family: Tahoma, sans-serif;\">Continuano gli appuntamenti organizzati i<\/span><\/span><span style=\"color: #454545;\"><span style=\"font-family: Tahoma, sans-serif;\">n occasione della <\/span><\/span><span style=\"color: #454545;\"><span style=\"font-family: Tahoma, sans-serif;\">\u201c<\/span><\/span><span style=\"color: #454545;\"><span style=\"font-family: Tahoma, sans-serif;\">settimana della donna<\/span><\/span><span style=\"color: #454545;\"><span style=\"font-family: Tahoma, sans-serif;\">\u201d<\/span><\/span><span style=\"color: #454545;\"><span style=\"font-family: Tahoma, sans-serif;\"> indetta dal network degli ospedali con bollini rosa ONDA. <\/span><\/span><\/span><span style=\"font-family: Arial Unicode MS, sans-serif;\"><span style=\"color: #454545;\"><span style=\"font-family: Tahoma, sans-serif;\">Il Mercoled\u00ec della salute, in programma <b>OGGI<\/b><\/span><\/span><span style=\"color: #454545;\"><span style=\"font-family: Tahoma, sans-serif;\">\u00a0nella sala convegni dell&#8217;ospedale di Feltre, <\/span><\/span><span style=\"color: #454545;\"><span style=\"font-family: Tahoma, sans-serif;\">per celebrare il passaggio del Giro d\u2019Italia nel feltrino, <\/span><\/span><span style=\"color: #454545;\"><span style=\"font-family: Tahoma, sans-serif;\">sar\u00e0 dedicato <\/span><\/span><span style=\"color: #454545;\"><span style=\"font-family: Tahoma, sans-serif;\">a \u201c<\/span><\/span><span style=\"color: #454545;\"><span style=\"font-family: Tahoma, sans-serif;\"><b>Donna, ciclismo e cuore\u201d<\/b><\/span><\/span><span style=\"color: #454545;\"><span style=\"font-family: Tahoma, sans-serif;\"> ed \u00e8 realizzato in collaborazione con il Comitato di tappa di Feltre. Interverranno il direttore della cardiologia di Feltre, Aldo Bonso, il responsabile della Cardiologia riabilitativa e dello sport, Christian Piergentili, la ciclista professionista Lara Vieceli moderati da Anna Valerio del Comitato di tappa e addetta stampa della Sportful Dolomiti race. Saranno affrontati temi legati alla fisiologia, all\u2019allenamento e alle peculiarit\u00e0 del ciclismo al femminile. Lara Vieceli, inoltre, porter\u00e0 la sua esperienza di ciclista professionista. L\u2019incontro si concluder\u00e0 con un\u2019informazione su come il feltrino si sta preparando al passaggio del Giro D\u2019Italia. <\/span><\/span><\/span><span style=\"font-family: Arial Unicode MS, sans-serif;\"><span style=\"color: #454545;\"><span style=\"font-family: Tahoma, sans-serif;\">Gioved\u00ec <\/span><\/span><span style=\"color: #454545;\"><span style=\"font-family: Tahoma, sans-serif;\"><b>18 aprile<\/b><\/span><\/span><span style=\"color: #454545;\"><span style=\"font-family: Tahoma, sans-serif;\"> alle 10.00 in sala convegni sar\u00e0 proiettato uno spezzone del film <\/span><\/span><span style=\"color: #454545;\"><span style=\"font-family: Tahoma, sans-serif;\"><b>\u201cTully<\/b><\/span><\/span><span style=\"color: #454545;\"><span style=\"font-family: Tahoma, sans-serif;\">\u201d sul delicato momento del ritorno a casa dopo il parto, e se ne discuter\u00e0 con l\u2019\u00e9quipe del Consultorio familiare di Feltre. <\/span><\/span><\/span><span style=\"font-family: Arial Unicode MS, sans-serif;\"><span style=\"color: #454545;\"><span style=\"font-family: Tahoma, sans-serif;\"><b>Dall\u201911 al 30 aprile, <\/b><\/span><\/span><span style=\"color: #454545;\"><span style=\"font-family: Tahoma, sans-serif;\">inoltre, nell\u2019atrio dell\u2019ospedale di Feltre sar\u00e0 visitabile la mostra <\/span><\/span><span style=\"color: #454545;\"><span style=\"font-family: Tahoma, sans-serif;\"><b>\u201cFaR\/Ammenda\u201d,<\/b><\/span><\/span><span style=\"color: #454545;\"><span style=\"font-family: Tahoma, sans-serif;\"> abiti per sensibilizzare sulla violenza di genere realizzata dalle studentesse dell\u2019IPSIA Brustolon sezione Moda in collaborazione con l\u2019Associazione Belluno- Donna. <\/span><\/span><\/span><span style=\"font-family: Arial Unicode MS, sans-serif;\"><span style=\"color: #454545;\"><span style=\"font-family: Tahoma, sans-serif;\">Hanno riscosso molto interesse gli appuntamenti dell\u201911 aprile con il gastroenterologo Flavio Valiante e la dietista Ester Lovat, che hanno parlato di \u201cDonne e intolleranze alimentari\u201d, e del 13 aprile<\/span><\/span><span style=\"color: #454545;\"><span style=\"font-family: Tahoma, sans-serif;\"> con la make-up artist Serena Zatta per <\/span><\/span><span style=\"color: #454545;\"><span style=\"font-family: Tahoma, sans-serif;\">un pomeriggio dedicata alla cura di s\u00e9.<\/span><\/span><\/span><\/p>\n<blockquote>\n<p align=\"JUSTIFY\">\n<\/blockquote>\n<blockquote>\n<p align=\"JUSTIFY\">\n<\/blockquote>\n<p><a class=\"dt-pswp-item\" href=\"http:\/\/www.radiopiu.net\/wordpress\/wp-content\/uploads\/2019\/04\/solidarieta.jpg\" data-dt-img-description=\"\" data-large_image_width=\"800\" data-large_image_height=\"100\"><img loading=\"lazy\" decoding=\"async\" class=\"alignnone wp-image-82378 size-full\" src=\"http:\/\/www.radiopiu.net\/wordpress\/wp-content\/uploads\/2019\/04\/solidarieta.jpg\" alt=\"\" width=\"800\" height=\"100\" srcset=\"https:\/\/www.radiopiu.net\/wordpress\/wp-content\/uploads\/2019\/04\/solidarieta.jpg 800w, https:\/\/www.radiopiu.net\/wordpress\/wp-content\/uploads\/2019\/04\/solidarieta-300x38.jpg 300w, https:\/\/www.radiopiu.net\/wordpress\/wp-content\/uploads\/2019\/04\/solidarieta-768x96.jpg 768w\" sizes=\"auto, (max-width: 800px) 100vw, 800px\" \/><\/a><\/p>\n<h2>OGGI, ADOTTA UN NONNO, LA SECONDA FASE<\/h2>\n<p><strong>CANALE D&#8217;AGORDO<\/strong> Il progetto \u201cADOTTA UN NONNO\u201d, dopo la prima fase di sensibilizzazione rivolta ai ragazzi per saggiarne la disponibilit\u00e0, passa ora al momento di informazione e coinvolgimento dei nonni, giovani o anziani che siano. Per illustrare il progetto L\u2019Amministrazione Comunale di Canale d\u2019Agordo invita pertanto i nonni stessi ad un incontro oggi alle 17 nella sala Conferenze ex Cavallino. E\u2019 auspicabile la presenza anche dei loro familiari e della popolazione tutta. Per la riuscita ottimale del progetto infatti la Comunit\u00e0 dovrebbe sentirsi coinvolta e partecipe nel supportare l\u2019iniziativa i cui obiettivi, verso i quali orientare le attivit\u00e0, sono:\u00a0 ristabilire e rinforzare il legame tra generazioni, costruire un clima di attenzione, ascolto, rispetto tra generazioni, ottimizzare le risorse di ciascuno in uno scambio di esperienze, competenze, aspirazioni, salvaguardare ed incrementare le capacit\u00e0 residue della terza et\u00e0 approfondire e rinforzare il legame col proprio territorio e la propria storia.<\/p>\n<p>&nbsp;<\/p>\n<p>&nbsp;<\/p>\n<p>&nbsp;<\/p>\n<p>&nbsp;<\/p>\n<h2><a class=\"dt-pswp-item\" href=\"http:\/\/www.radiopiu.net\/wordpress\/wp-content\/uploads\/2018\/09\/appuntamenti.jpeg\" data-dt-img-description=\"\" data-large_image_width=\"800\" data-large_image_height=\"100\"><img loading=\"lazy\" decoding=\"async\" class=\"alignnone wp-image-61958 size-full\" src=\"http:\/\/www.radiopiu.net\/wordpress\/wp-content\/uploads\/2018\/09\/appuntamenti.jpeg\" alt=\"\" width=\"800\" height=\"100\" srcset=\"https:\/\/www.radiopiu.net\/wordpress\/wp-content\/uploads\/2018\/09\/appuntamenti.jpeg 800w, https:\/\/www.radiopiu.net\/wordpress\/wp-content\/uploads\/2018\/09\/appuntamenti-300x38.jpeg 300w, https:\/\/www.radiopiu.net\/wordpress\/wp-content\/uploads\/2018\/09\/appuntamenti-768x96.jpeg 768w\" sizes=\"auto, (max-width: 800px) 100vw, 800px\" \/><\/a><\/h2>\n<h2>LA SAGRA DE PASCA&#8230; ALZA LA VOCE<\/h2>\n<p><strong>TAIBON DOMANI\u00a0 la prima serata, sport, solidariet\u00e0 e musica&#8230;\u00a0<\/strong><\/p>\n<blockquote><p><strong><a class=\"dt-pswp-item\" href=\"http:\/\/www.radiopiu.net\/wordpress\/wp-content\/uploads\/2019\/04\/WhatsApp-Image-2019-04-05-at-15.26.16.jpeg\" data-dt-img-description=\"\" data-large_image_width=\"1132\" data-large_image_height=\"1600\"><img loading=\"lazy\" decoding=\"async\" class=\"wp-image-81807 alignleft\" src=\"http:\/\/www.radiopiu.net\/wordpress\/wp-content\/uploads\/2019\/04\/WhatsApp-Image-2019-04-05-at-15.26.16-724x1024.jpeg\" alt=\"\" width=\"99\" height=\"140\" srcset=\"https:\/\/www.radiopiu.net\/wordpress\/wp-content\/uploads\/2019\/04\/WhatsApp-Image-2019-04-05-at-15.26.16-724x1024.jpeg 724w, https:\/\/www.radiopiu.net\/wordpress\/wp-content\/uploads\/2019\/04\/WhatsApp-Image-2019-04-05-at-15.26.16-212x300.jpeg 212w, https:\/\/www.radiopiu.net\/wordpress\/wp-content\/uploads\/2019\/04\/WhatsApp-Image-2019-04-05-at-15.26.16-768x1086.jpeg 768w, https:\/\/www.radiopiu.net\/wordpress\/wp-content\/uploads\/2019\/04\/WhatsApp-Image-2019-04-05-at-15.26.16.jpeg 1132w\" sizes=\"auto, (max-width: 99px) 100vw, 99px\" \/><\/a>PROGRAMMA<\/strong>: 19 cena pro-pompieri, prezzo 10 euro piatto unico. 20.30 Presentazione del torneo agordino di calcio e sorteggio per la preparazione del calendario, saranno svelate le sedi dei quarti, semifinali e finali.\u00a0 Dalle 21.30 riconoscimento ai vigili del fuoco di Belluno-Agordo e al Soccorso Alpino per l&#8217;eroico salvataggio di Michel e Andrea sulle Pale si San Lucano nel giorno del pauroso incendio di fine ottobre. Riconoscimento all&#8217;Air center di Cortina, intervenuta con l&#8217;elicottero<\/p>\n<p>A seguire premiazione delle ragazze dell&#8217;Alleghe Hockey Girls fresche campionesse d&#8217;Italia della massima serie. Dalle 22 gli artisti bellunesi in concerto.<\/p><\/blockquote>\n<p>&nbsp;<\/p>\n<p>&nbsp;<\/p>\n<p>&nbsp;<\/p>\n<h2>SAN VINCENZO E AGORDO PAESE DEL GRAFFITO, SABATO L&#8217;INAUGURAZIONE DEGLI ULTIMI 2 LAVORI SULLE CASE DI TOCCOL, PARECH E PROMPICAI.<\/h2>\n<blockquote>\n<h4><em>Da un&#8217;idea di Dunio Piccolin, direttore artistico<\/em><\/h4>\n<\/blockquote>\n<p><a class=\"dt-pswp-item\" href=\"http:\/\/www.radiopiu.net\/wordpress\/wp-content\/uploads\/2019\/04\/WhatsApp-Image-2019-04-15-at-20.47.28.jpeg\" data-dt-img-description=\"\" data-large_image_width=\"716\" data-large_image_height=\"1023\"><img loading=\"lazy\" decoding=\"async\" class=\"size-medium wp-image-82828 alignleft\" src=\"http:\/\/www.radiopiu.net\/wordpress\/wp-content\/uploads\/2019\/04\/WhatsApp-Image-2019-04-15-at-20.47.28-210x300.jpeg\" alt=\"\" width=\"210\" height=\"300\" srcset=\"https:\/\/www.radiopiu.net\/wordpress\/wp-content\/uploads\/2019\/04\/WhatsApp-Image-2019-04-15-at-20.47.28-210x300.jpeg 210w, https:\/\/www.radiopiu.net\/wordpress\/wp-content\/uploads\/2019\/04\/WhatsApp-Image-2019-04-15-at-20.47.28.jpeg 716w\" sizes=\"auto, (max-width: 210px) 100vw, 210px\" \/><\/a>Decima edizione per Agordo, paese del graffito Decima edizione per l\u2019iniziativa di \u201cAgordo Paese del Graffito\u201d partita da un\u2019idea nata nel 2010 dall\u2019artista Dunio Piccolin, il Gruppo Sportivo Le Ville e l\u2019Istituto Comprensivo della scuola Primaria di Agordo. Agordo, considerato sempre pi\u00f9 un paese caratterizzato dalle sue opere con la tecnica graffito, o \u201csgraffito\u201d, conter\u00e0 con l\u2019edizione di quest\u2019anno 22 opere per oltre 200 m.\u00b2 di superfici decorate negli incantevoli luoghi della zona di \u201cLe Vile\u201d di Agordo attraverso un percorso di notevole interesse paesaggistico e naturalistico tra le viuzze di Toccol, Parech, Prompicai e d\u2019intorni. Quest\u2019anno nel periodo pre-pasquale verranno alla luce due nuove opere, la prima a casa Brait a Parech, realizzata da Dunio dal titolo \u201cAndar per boschi\u201d, e la seconda a casa Dorigo a Toccol e<br \/>\nverr\u00e0 realizzata dall\u2019artista lombarda Manuela Sabatini, dal titolo \u201cLaoret e ciacole\u201d; l\u2019artista lombarda, nata a Milano, ma residente a Introbio (Lecco) \u00e8 gi\u00e0 presente con una sua opera ad Agordo, \u201cel Kaselo\u201d, sulla ex latteria sociale di Toccol realizzata nel 2014. Tra le novit\u00e0 di questa particolare iniziativa \u00e8 la nuova pagina Facebook \u201cAgordo Paese del Graffito\u201d creata da Ylenia Vassere, in collaborazione con <a class=\"dt-pswp-item\" href=\"http:\/\/www.radiopiu.net\/wordpress\/wp-content\/uploads\/2019\/04\/WhatsApp-Image-2019-04-15-at-20.48.39-2.jpeg\" data-dt-img-description=\"\" data-large_image_width=\"1371\" data-large_image_height=\"1600\"><img loading=\"lazy\" decoding=\"async\" class=\"wp-image-82830 alignright\" src=\"http:\/\/www.radiopiu.net\/wordpress\/wp-content\/uploads\/2019\/04\/WhatsApp-Image-2019-04-15-at-20.48.39-2-257x300.jpeg\" alt=\"\" width=\"202\" height=\"236\" srcset=\"https:\/\/www.radiopiu.net\/wordpress\/wp-content\/uploads\/2019\/04\/WhatsApp-Image-2019-04-15-at-20.48.39-2-257x300.jpeg 257w, https:\/\/www.radiopiu.net\/wordpress\/wp-content\/uploads\/2019\/04\/WhatsApp-Image-2019-04-15-at-20.48.39-2-768x896.jpeg 768w, https:\/\/www.radiopiu.net\/wordpress\/wp-content\/uploads\/2019\/04\/WhatsApp-Image-2019-04-15-at-20.48.39-2-877x1024.jpeg 877w, https:\/\/www.radiopiu.net\/wordpress\/wp-content\/uploads\/2019\/04\/WhatsApp-Image-2019-04-15-at-20.48.39-2.jpeg 1371w\" sizes=\"auto, (max-width: 202px) 100vw, 202px\" \/><\/a>Dunio, dove sono sintetizzate tutte le dieci edizioni passate con notizie e immagini, inoltre la stessa pagina sta diventando un contenitore per far conoscere la tecnica dello \u201csgraffito\u201d nelle sue varie espressioni in Italia e all\u2019estero; per ora la pagina ha omaggiato con i suoi post \u201ci luoghi del graffito\u201d, come \u201cSgraffiti a Casoli\u201d, frazione di Camaiore (Lucca), gemellato culturalmente con Agordo e i \u201cMaestri del graffito\u201d che sintetizza l\u2019attivit\u00e0 dell\u2019artista padre Ugolino da Belluno (1919-2002), considerato tra i maggiori interpreti della tecnica del graffito. Anche per questa edizione, come ogni anno, collegato all\u2019evento dei graffiti vi sar\u00e0 il concorso di disegno dedicato allo scultore Tita Zasso (1943-2003) che ha coinvolto i 33 bambini del catechismo parrocchiale di Agordo, su interessamento delle loro insegnanti e <a class=\"dt-pswp-item\" href=\"http:\/\/www.radiopiu.net\/wordpress\/wp-content\/uploads\/2019\/04\/WhatsApp-Image-2019-04-15-at-20.48.39-1.jpeg\" data-dt-img-description=\"\" data-large_image_width=\"1600\" data-large_image_height=\"1388\"><img loading=\"lazy\" decoding=\"async\" class=\"size-medium wp-image-82829 alignleft\" src=\"http:\/\/www.radiopiu.net\/wordpress\/wp-content\/uploads\/2019\/04\/WhatsApp-Image-2019-04-15-at-20.48.39-1-300x260.jpeg\" alt=\"\" width=\"300\" height=\"260\" srcset=\"https:\/\/www.radiopiu.net\/wordpress\/wp-content\/uploads\/2019\/04\/WhatsApp-Image-2019-04-15-at-20.48.39-1-300x260.jpeg 300w, https:\/\/www.radiopiu.net\/wordpress\/wp-content\/uploads\/2019\/04\/WhatsApp-Image-2019-04-15-at-20.48.39-1-768x666.jpeg 768w, https:\/\/www.radiopiu.net\/wordpress\/wp-content\/uploads\/2019\/04\/WhatsApp-Image-2019-04-15-at-20.48.39-1-1024x888.jpeg 1024w, https:\/\/www.radiopiu.net\/wordpress\/wp-content\/uploads\/2019\/04\/WhatsApp-Image-2019-04-15-at-20.48.39-1.jpeg 1600w\" sizes=\"auto, (max-width: 300px) 100vw, 300px\" \/><\/a>dell\u2019arcidiacono Giorgio Lise; il tema proposto agli alunni \u00e8 quello di omaggiare e valorizzare con i loro disegni la decima edizione di \u201cAgordo Paese del Graffito\u201d realizzando delle opere ispirandosi direttamente ai 20 graffiti resenti ad Agordo nella zona di \u201cLe Vile\u201d. Gli eventi collegati alla manifestazione culmineranno con la giornata di sabato 20 aprile, alle ore 16.30, con partenza da casa Dorigo a Toccol per lo scoprimento dell\u2019opera di Manuela Sabatini, poi ci si dirige a Parech a casa Brait per la visione dell\u2019opera di Dunio ed infine nella piazzetta di Prompicai per la premiazione del \u201cConcorso Tita Zasso\u201d e per il rinfresco conviviale offerto dai nuovi proprietari dei graffiti con la collaborazione del gruppo sportivo Le Ville e della Pro Loco di Agordo. Altro importante appuntamento, collegato al \u201cpercorso dei graffiti\u201d, \u00e8 la storica festa del fanciullo di san Vincenzo\u201d che si terr\u00e0 il giorno di pasquetta, luned\u00ec 22 aprile, con un ricco programma, per bambini e non, a partire dal mattino con la messa solenne e benedizione dei bambini nell\u2019Oratorio di San Vincenzo a Prompicai, per poi dirigersi ad ammirare i \u201cPop\u201d (fantocci di pezza), partecipare ai vari \u201cgiochi dei boce\u201d, soffermarsi ai vari mercatini solidali, rifocillarsi allo stand enogastronomico ed infine partecipare al ballo serale e all\u2019atteso sorteggio della ricca lotteria di San Vincenzo.<\/p>\n<p>&nbsp;<\/p>\n<p>&nbsp;<\/p>\n<p>&nbsp;<\/p>\n<p><strong>AGORDO<\/strong> Sabato\u00a0 alle 20.30 nell&#8217;Auditorium Favretti presso L&#8217;Istituto Minerario &#8220;Follador&#8221; sar\u00e0 presentato il libro Carne da Miniera, storie e stragi degli italiani invisibili nelle miniere del Belgio dal 1946 al 1973. Il patto Italia-Belgio e la storia di centinaia di italiani morti nelle miniere di carbone del Belgio. Sar\u00e0 presente l&#8217;autore Walter Basso.<\/p>\n<p>&nbsp;<\/p>\n<p>&nbsp;<\/p>\n<p><a class=\"dt-pswp-item\" href=\"http:\/\/www.radiopiu.net\/wordpress\/wp-content\/uploads\/2019\/04\/WhatsApp-Image-2019-04-15-at-23.06.42.jpeg\" data-dt-img-description=\"\" data-large_image_width=\"1130\" data-large_image_height=\"1600\"><img loading=\"lazy\" decoding=\"async\" class=\"wp-image-82834 aligncenter\" src=\"http:\/\/www.radiopiu.net\/wordpress\/wp-content\/uploads\/2019\/04\/WhatsApp-Image-2019-04-15-at-23.06.42.jpeg\" alt=\"\" width=\"299\" height=\"424\" srcset=\"https:\/\/www.radiopiu.net\/wordpress\/wp-content\/uploads\/2019\/04\/WhatsApp-Image-2019-04-15-at-23.06.42.jpeg 1130w, https:\/\/www.radiopiu.net\/wordpress\/wp-content\/uploads\/2019\/04\/WhatsApp-Image-2019-04-15-at-23.06.42-212x300.jpeg 212w, https:\/\/www.radiopiu.net\/wordpress\/wp-content\/uploads\/2019\/04\/WhatsApp-Image-2019-04-15-at-23.06.42-768x1087.jpeg 768w, https:\/\/www.radiopiu.net\/wordpress\/wp-content\/uploads\/2019\/04\/WhatsApp-Image-2019-04-15-at-23.06.42-723x1024.jpeg 723w\" sizes=\"auto, (max-width: 299px) 100vw, 299px\" \/><\/a><\/p>\n<p>&nbsp;<\/p>\n<p>&nbsp;<\/p>\n<p>&nbsp;<\/p>\n<p>&nbsp;<\/p>\n<p><a class=\"dt-pswp-item\" href=\"http:\/\/www.radiopiu.net\/wordpress\/wp-content\/uploads\/2018\/09\/viabilita.jpeg\" data-dt-img-description=\"\" data-large_image_width=\"800\" data-large_image_height=\"100\"><img loading=\"lazy\" decoding=\"async\" class=\"alignnone size-full wp-image-61954\" src=\"http:\/\/www.radiopiu.net\/wordpress\/wp-content\/uploads\/2018\/09\/viabilita.jpeg\" alt=\"\" width=\"800\" height=\"100\" srcset=\"https:\/\/www.radiopiu.net\/wordpress\/wp-content\/uploads\/2018\/09\/viabilita.jpeg 800w, https:\/\/www.radiopiu.net\/wordpress\/wp-content\/uploads\/2018\/09\/viabilita-300x38.jpeg 300w, https:\/\/www.radiopiu.net\/wordpress\/wp-content\/uploads\/2018\/09\/viabilita-768x96.jpeg 768w\" sizes=\"auto, (max-width: 800px) 100vw, 800px\" \/><\/a><\/p>\n<p>&nbsp;<\/p>\n<p><strong>REGIONALE 203 AGORDINA<\/strong> Fino al 6 maggio (esclusi festivi e prefestivi) senso unico alternato regolato da semaforo in localit\u00e0 Rucav\u00e0 (Alleghe) per lavori di messa in sicurezza ciglio stradale<\/p>\n<p><strong>REGIONALE 203 AGORDINA<\/strong> Fino al 3 maggio (esclusi sabato, domenica e festivi infrasettimanali) senso unico alternato regolato da semaforo a monte dell&#8217;abitato di Caprile per lavori di manutenzione del cimitero.<\/p>\n<p><strong>PROVINCIALE 347 DURAN E CEREDA RIPRISTINATA LA CIRCOLAZIONE TRA VENAS E CIBIANA<\/strong><\/p>\n<p>&nbsp;<\/p>\n<p>&nbsp;<\/p>\n<p>&nbsp;<\/p>\n<h2><a class=\"dt-pswp-item\" href=\"http:\/\/www.radiopiu.net\/wordpress\/wp-content\/uploads\/2018\/09\/sport.jpg\" data-dt-img-description=\"\" data-large_image_width=\"800\" data-large_image_height=\"100\"><img loading=\"lazy\" decoding=\"async\" class=\"alignnone size-full wp-image-60761\" src=\"http:\/\/www.radiopiu.net\/wordpress\/wp-content\/uploads\/2018\/09\/sport.jpg\" alt=\"\" width=\"800\" height=\"100\" srcset=\"https:\/\/www.radiopiu.net\/wordpress\/wp-content\/uploads\/2018\/09\/sport.jpg 800w, https:\/\/www.radiopiu.net\/wordpress\/wp-content\/uploads\/2018\/09\/sport-300x38.jpg 300w, https:\/\/www.radiopiu.net\/wordpress\/wp-content\/uploads\/2018\/09\/sport-768x96.jpg 768w\" sizes=\"auto, (max-width: 800px) 100vw, 800px\" \/><\/a><\/h2>\n<p>&nbsp;<\/p>\n<h2>UN VOTO PER MARCO MARTINI<\/h2>\n<p><em>Si apre ufficialmente la votazione per nominare l\u2019atleta Master preferito dei Gruppi A, B, C e D. La premiazione il 25 maggio a Forte dei Marmi alla \u201cCapannina\u201d nel corso della \u201cNight Stars Master\u201d, in gara diversi bellunesi, anche un agordino di Agordo, Marco Martini che si potr\u00e0 votare nel gruppo A.<\/em><\/p>\n<blockquote class=\"wp-embedded-content\" data-secret=\"f9DMxfX1Db\"><p><a href=\"https:\/\/www.sciaremag.it\/vota-il-master-dellanno\/\">Vota il master dell\u2019anno<\/a><\/p><\/blockquote>\n<p><iframe loading=\"lazy\" class=\"wp-embedded-content\" sandbox=\"allow-scripts\" security=\"restricted\" style=\"position: absolute; clip: rect(1px, 1px, 1px, 1px);\" src=\"https:\/\/www.sciaremag.it\/vota-il-master-dellanno\/embed\/#?secret=f9DMxfX1Db\" data-secret=\"f9DMxfX1Db\" width=\"600\" height=\"338\" title=\"&#8220;Vota il master dell\u2019anno&#8221; &#8212; Sciare Magazine\" frameborder=\"0\" marginwidth=\"0\" marginheight=\"0\" scrolling=\"no\"><\/iframe><\/p>\n<p>&nbsp;<\/p>\n<p>&nbsp;<\/p>\n<p>&nbsp;<\/p>\n<p>&nbsp;<\/p>\n<h2>ORO PER LA SPORTIVAMENTE BELLUNO<\/h2>\n<p><a class=\"dt-pswp-item\" href=\"http:\/\/www.radiopiu.net\/wordpress\/wp-content\/uploads\/2019\/04\/Staffetta_oro.jpg\" data-dt-img-description=\"\" data-large_image_width=\"1207\" data-large_image_height=\"905\"><img loading=\"lazy\" decoding=\"async\" class=\"alignnone wp-image-82879 size-large\" src=\"http:\/\/www.radiopiu.net\/wordpress\/wp-content\/uploads\/2019\/04\/Staffetta_oro-1024x768.jpg\" alt=\"\" width=\"1024\" height=\"768\" srcset=\"https:\/\/www.radiopiu.net\/wordpress\/wp-content\/uploads\/2019\/04\/Staffetta_oro-1024x768.jpg 1024w, https:\/\/www.radiopiu.net\/wordpress\/wp-content\/uploads\/2019\/04\/Staffetta_oro-300x225.jpg 300w, https:\/\/www.radiopiu.net\/wordpress\/wp-content\/uploads\/2019\/04\/Staffetta_oro-768x576.jpg 768w, https:\/\/www.radiopiu.net\/wordpress\/wp-content\/uploads\/2019\/04\/Staffetta_oro.jpg 1207w\" sizes=\"auto, (max-width: 1024px) 100vw, 1024px\" \/><\/a><\/p>\n<p>Sportivamente Belluno sugli scudi a Vittorio Veneto, dove si \u00e8 svolta la sesta giornata di attivit\u00e0 Esordienti. Ai blocchi di partenza, uno squadrone agguerrito e competitivo, composto da 18 atleti di fascia B e 20 di fascia A.<br \/>\n<strong>I pi\u00f9 piccoli: <\/strong>oltre a buoni piazzamenti, tanti tempi personali e super impegno nell\u2019affrontare gare molto dure, come per esempio i 200 stile. In pi\u00f9, non sono mancate le medaglie a scaldare l\u2019animo del gruppo. Tra gli <strong>Esordienti B<\/strong> si \u00e8 distinto Francesco Ceolin, secondo nei 200 stile (tempo: 2\u201935\u201d4) e primo nei 50 dorso (in 36\u201d9), mentre Anna Simon \u00e8 seconda nei 50 dorso (43\u201d0). Ma la soddisfazione pi\u00f9 grande arriva dalla staffetta femminile 4&#215;50 stile libero, composta da Anna Simon, Emma Bortoluzzi, Alice De Cassan e Carlotta Brida. E capace di conquistare la medaglia d\u2019oro con l\u2019ottimo tempo di 2\u201930\u201d00. Gruppo in crescita pure fra gli <strong>Esordienti A<\/strong>, in cui si distinguono Tommaso Brida (terzo nei 50 stile in<br \/>\n28\u201d6, e terzo nei 200 rana in 2\u201954\u201d1), Davide Zambito Marsala (secondo nei 100 dorso in 1\u201914\u201d0) e Luca Odolo (quinto, sempre nei 100 dorso in 1\u201916\u201d9). Di rilievo poi le prestazioni di Ivan Somacal (primo nei 200 rana, in 3\u201916\u201d2, E terzo per anno di nascita nei 400 misti: 6\u201906\u201d8) e di Elisa Petten\u00f2 (seconda del suo anno nei 200 rana: 3\u201918\u201d5). Bilancio, quindi, pi\u00f9 che positivo, a conferma del buon lavoro portato avanti dalla societ\u00e0 e dai tecnici Maria Elena Canova ed Enrico Bogo.<\/p>\n<blockquote><p>La squadra ora si sta preparando per il prossimo attesissimo appuntamento, che la vedr\u00e0 al completo con pi\u00f9 di settanta atleti al campionato nazionale Aics: a Riccione dal 28 aprile al 1. maggio.<\/p><\/blockquote>\n<p>&nbsp;<\/p>\n<p>&nbsp;<\/p>\n<p>&nbsp;<\/p>\n<p>&nbsp;<\/p>\n<p><b><a class=\"dt-pswp-item\" href=\"http:\/\/www.radiopiu.net\/wordpress\/wp-content\/uploads\/2018\/09\/WhatsApp-Image-2018-09-20-at-16.04.06.jpeg\" data-dt-img-description=\"\" data-large_image_width=\"800\" data-large_image_height=\"100\"><img loading=\"lazy\" decoding=\"async\" class=\"alignnone wp-image-61378 size-full\" src=\"http:\/\/www.radiopiu.net\/wordpress\/wp-content\/uploads\/2018\/09\/WhatsApp-Image-2018-09-20-at-16.04.06.jpeg\" alt=\"\" width=\"800\" height=\"100\" srcset=\"https:\/\/www.radiopiu.net\/wordpress\/wp-content\/uploads\/2018\/09\/WhatsApp-Image-2018-09-20-at-16.04.06.jpeg 800w, https:\/\/www.radiopiu.net\/wordpress\/wp-content\/uploads\/2018\/09\/WhatsApp-Image-2018-09-20-at-16.04.06-300x38.jpeg 300w, https:\/\/www.radiopiu.net\/wordpress\/wp-content\/uploads\/2018\/09\/WhatsApp-Image-2018-09-20-at-16.04.06-768x96.jpeg 768w\" sizes=\"auto, (max-width: 800px) 100vw, 800px\" \/><\/a><\/b><\/p>\n<p><center><b>Mercoledi 17<\/b><\/center><b>Tempo atteso: <\/b>Brevi tratti di sole, pi\u00f9 frequenti sulle Prealpi, e nuvolosit\u00e0 media stratiforme irregolare, spesso estesa sulle Dolomiti. Clima sempre un po&#8217; fresco per il periodo, nonostante il complessivo lieve rialzo termico.<br \/>\n<b>Precipitazioni: <\/b>Generalmente assenti (10%), anche se qualche isolato piovasco non potr\u00e0 essere del tutto escluso, specie sulle Dolomiti (20\/30%). In tal caso un po&#8217; di nevischio potrebbe cadere oltre i 1800\/1900 m.<br \/>\n<b>Temperature: <\/b>In generale lieve aumento, specie le minime nelle valli. In giornata le punte massime potranno raggiungere i 16\/18\u00b0C nelle conche prealpine e gli 11\/13\u00b0C a 1000\/1200 m. Su Prealpi a 1500 m min 2\u00b0C max 8\u00b0C, a 2000 m min 0\u00b0C max 4\u00b0C. Su Dolomiti a 2000 m min -1\u00b0C max 3\u00b0C, a 3000 m min -7\u00b0C max -5\u00b0C.<br \/>\n<b>Venti: <\/b>Nelle valli perlopi\u00f9 deboli di direzione variabile, con qualche rinforzo per brezze notturne; in quota moderati da Nord al mattino e deboli da Nord-Est al pomeriggio, a 5-10 km\/h a 2000 m, a 5-15 km a 3000 m.<\/p>\n<hr \/>\n<p><center><b>Giovedi 18<\/b><\/center><b>Tempo atteso: <\/b>Nubi basse, pi\u00f9 presenti al mattino, e tratti soleggiati pi\u00f9 frequenti al pomeriggio. Clima ancora un po&#8217; fresco per il periodo, anche se la maggiore presenza del sole potrebbe avere qualche effetto nelle valli pi\u00f9 esposte.<br \/>\n<b>Precipitazioni: <\/b>Assenti (0%).<br \/>\n<b>Temperature: <\/b>In quota pressoch\u00e9 stazionarie; nelle valli minime in aumento e massime perlopi\u00f9 in leggera flessione, nonostante il maggiore soleggiamento. Sono previsti massimi di 15\/17\u00b0C nelle conche prealpine e di 11\/12\u00b0C a 1000\/1200 m. Su Prealpi a 1500 m min 8\u00b0C max 9\u00b0C, a 2000 m min 1\u00b0C max 4\u00b0C. Su Dolomiti a 2000 m min 0\u00b0C max 4\u00b0C, a 3000 m min -5\u00b0C max -4\u00b0C.<br \/>\n<b>Venti: <\/b>Nelle valli perlopi\u00f9 deboli di direzione variabile, con qualche rinforzo per brezze notturne; in quota deboli da Est Sud-Est, a 5-10 km\/h sia a 2000 m che a 3000 m.<\/p>\n<hr \/>\n<p><center><b>Venerdi 19<\/b><\/center>Tempo ben soleggiato con cielo sereno. Aria tersa ed ottima visibilit\u00e0. Temperature in generale ripresa, eccetto calo delle minime nelle valli. In quota venti deboli\/molto deboli da Sud-Est al mattino, da Sud-Est e moderati al pomeriggio; a regime di brezza nelle valli.<\/p>\n<hr \/>\n<p><center><b>Sabato 20<\/b><\/center>In parte soleggiato con cielo sereno al primo mattino, prima che sottili nubi alte velino il cielo per il resto della giornata a partire da Sud, senza togliere l&#8217;impressione di tempo buono, specie sulle Dolomiti. Temperature pressoch\u00e9 stazionarie. In quota venti deboli\/moderati da Sud-Est, brezze nelle valli. Previsore: R.L.Th.<\/p>\n","protected":false},"excerpt":{"rendered":"<p>I sindaci Massaro e Perenzin sono scesi a Venezia per portare il grido della montagna: no ai tagli nella sanit\u00e0, posti letto e reparti non si toccano, le decisioni regionali preoccupano gli amministratori bellunesi. Buone notizie dalla Dolomitibus, bilanci in ordine societ\u00e0 risanata e utili oltre il milione di euro, aumentano i passeggeri studenti e&hellip;<\/p>\n","protected":false},"author":1,"featured_media":82947,"comment_status":"closed","ping_status":"closed","sticky":false,"template":"","format":"standard","meta":{"_monsterinsights_skip_tracking":false,"_monsterinsights_sitenote_active":false,"_monsterinsights_sitenote_note":"","_monsterinsights_sitenote_category":0,"footnotes":""},"categories":[86],"tags":[],"class_list":["post-82877","post","type-post","status-publish","format-standard","has-post-thumbnail","hentry","category-gr","category-86","description-off"],"img_url":"https:\/\/www.radiopiu.net\/wordpress\/wp-content\/uploads\/2019\/04\/WhatsApp-Image-2019-04-16-at-14.19.54-1.jpeg","_links":{"self":[{"href":"https:\/\/www.radiopiu.net\/wordpress\/wp-json\/wp\/v2\/posts\/82877","targetHints":{"allow":["GET"]}}],"collection":[{"href":"https:\/\/www.radiopiu.net\/wordpress\/wp-json\/wp\/v2\/posts"}],"about":[{"href":"https:\/\/www.radiopiu.net\/wordpress\/wp-json\/wp\/v2\/types\/post"}],"author":[{"embeddable":true,"href":"https:\/\/www.radiopiu.net\/wordpress\/wp-json\/wp\/v2\/users\/1"}],"replies":[{"embeddable":true,"href":"https:\/\/www.radiopiu.net\/wordpress\/wp-json\/wp\/v2\/comments?post=82877"}],"version-history":[{"count":0,"href":"https:\/\/www.radiopiu.net\/wordpress\/wp-json\/wp\/v2\/posts\/82877\/revisions"}],"wp:featuredmedia":[{"embeddable":true,"href":"https:\/\/www.radiopiu.net\/wordpress\/wp-json\/wp\/v2\/media\/82947"}],"wp:attachment":[{"href":"https:\/\/www.radiopiu.net\/wordpress\/wp-json\/wp\/v2\/media?parent=82877"}],"wp:term":[{"taxonomy":"category","embeddable":true,"href":"https:\/\/www.radiopiu.net\/wordpress\/wp-json\/wp\/v2\/categories?post=82877"},{"taxonomy":"post_tag","embeddable":true,"href":"https:\/\/www.radiopiu.net\/wordpress\/wp-json\/wp\/v2\/tags?post=82877"}],"curies":[{"name":"wp","href":"https:\/\/api.w.org\/{rel}","templated":true}]}}