{"id":82932,"date":"2019-04-16T20:00:18","date_gmt":"2019-04-16T18:00:18","guid":{"rendered":"http:\/\/www.radiopiu.net\/wordpress\/?p=82932"},"modified":"2019-04-17T10:04:54","modified_gmt":"2019-04-17T08:04:54","slug":"lucia-farenzena-alla-guida-del-consorzio-turistico-rocca_marmolada","status":"publish","type":"post","link":"https:\/\/www.radiopiu.net\/wordpress\/lucia-farenzena-alla-guida-del-consorzio-turistico-rocca_marmolada\/","title":{"rendered":"LUCIA FARENZENA ALLA GUIDA DEL CONSORZIO TURISTICO ROCCA_MARMOLADA"},"content":{"rendered":"<p><strong><a class=\"dt-pswp-item\" href=\"http:\/\/www.radiopiu.net\/wordpress\/wp-content\/uploads\/2019\/04\/28058648_10156179286339494_8864533983317713878_n.jpg\" data-dt-img-description=\"\" data-large_image_width=\"750\" data-large_image_height=\"750\"><img loading=\"lazy\" decoding=\"async\" class=\"wp-image-82933 alignleft\" src=\"http:\/\/www.radiopiu.net\/wordpress\/wp-content\/uploads\/2019\/04\/28058648_10156179286339494_8864533983317713878_n-300x300.jpg\" alt=\"\" width=\"144\" height=\"144\" srcset=\"https:\/\/www.radiopiu.net\/wordpress\/wp-content\/uploads\/2019\/04\/28058648_10156179286339494_8864533983317713878_n-300x300.jpg 300w, https:\/\/www.radiopiu.net\/wordpress\/wp-content\/uploads\/2019\/04\/28058648_10156179286339494_8864533983317713878_n-150x150.jpg 150w, https:\/\/www.radiopiu.net\/wordpress\/wp-content\/uploads\/2019\/04\/28058648_10156179286339494_8864533983317713878_n.jpg 750w\" sizes=\"auto, (max-width: 144px) 100vw, 144px\" \/><\/a>ROCCA PIETORE E&#8217; Lucia Farenzena la nuova presidente del Consorzio Operatori Turistici Rocca Pietore-Marmolada, \u00e8 stata eletta al termine di un consiglio che ha scelto i principali collaboratori della Farenzena: Matteo Nesello (vice presidente), Mario De Cassan (economo e gi\u00e0 presente nel precedente direttivo) Monika De Biasio, Francesco De Cassan e Roberto Fontanive (consiglieri). &#8220;Siamo un gruppo bellissimo&#8221;, la prima dichiarazione\u00a0 di Lucia Farenzena che \u00e8 anche consigliere comunale con il sindaco Andrea De Bernardin e lo sar\u00e0 ma solo fino a maggio, a naturale scadenza di mandato. Infatti Lucia Farenzena seguir\u00e0 con attenzione e a &#8220;tempo pieno&#8221; le dinamiche del Consorzio Turistico.<br \/>\n<\/strong><\/p>\n<p><strong>L&#8217;INTERVISTA:<\/strong><\/p>\n<audio class=\"wp-audio-shortcode\" id=\"audio-82932-1\" preload=\"none\" style=\"width: 100%;\" controls=\"controls\"><source type=\"audio\/mpeg\" src=\"http:\/\/www.radiopiu.net\/wordpress\/wp-content\/uploads\/2019\/04\/LUCIA.mp3?_=1\" \/><a href=\"http:\/\/www.radiopiu.net\/wordpress\/wp-content\/uploads\/2019\/04\/LUCIA.mp3\">http:\/\/www.radiopiu.net\/wordpress\/wp-content\/uploads\/2019\/04\/LUCIA.mp3<\/a><\/audio>\n<p>&nbsp;<\/p>\n<p>&nbsp;<\/p>\n","protected":false},"excerpt":{"rendered":"<p>ROCCA PIETORE E&#8217; Lucia Farenzena la nuova presidente del Consorzio Operatori Turistici Rocca Pietore-Marmolada, \u00e8 stata eletta al termine di un consiglio che ha scelto i principali collaboratori della Farenzena: Matteo Nesello (vice presidente), Mario De Cassan (economo e gi\u00e0 presente nel precedente direttivo) Monika De Biasio, Francesco De Cassan e Roberto Fontanive (consiglieri). &#8220;Siamo&hellip;<\/p>\n","protected":false},"author":1,"featured_media":82933,"comment_status":"closed","ping_status":"closed","sticky":false,"template":"","format":"standard","meta":{"_monsterinsights_skip_tracking":false,"_monsterinsights_sitenote_active":false,"_monsterinsights_sitenote_note":"","_monsterinsights_sitenote_category":0,"footnotes":""},"categories":[51,49],"tags":[],"class_list":["post-82932","post","type-post","status-publish","format-standard","has-post-thumbnail","hentry","category-evidenza-top","category-news-18","category-51","category-49","description-off"],"img_url":"https:\/\/www.radiopiu.net\/wordpress\/wp-content\/uploads\/2019\/04\/28058648_10156179286339494_8864533983317713878_n.jpg","_links":{"self":[{"href":"https:\/\/www.radiopiu.net\/wordpress\/wp-json\/wp\/v2\/posts\/82932","targetHints":{"allow":["GET"]}}],"collection":[{"href":"https:\/\/www.radiopiu.net\/wordpress\/wp-json\/wp\/v2\/posts"}],"about":[{"href":"https:\/\/www.radiopiu.net\/wordpress\/wp-json\/wp\/v2\/types\/post"}],"author":[{"embeddable":true,"href":"https:\/\/www.radiopiu.net\/wordpress\/wp-json\/wp\/v2\/users\/1"}],"replies":[{"embeddable":true,"href":"https:\/\/www.radiopiu.net\/wordpress\/wp-json\/wp\/v2\/comments?post=82932"}],"version-history":[{"count":0,"href":"https:\/\/www.radiopiu.net\/wordpress\/wp-json\/wp\/v2\/posts\/82932\/revisions"}],"wp:featuredmedia":[{"embeddable":true,"href":"https:\/\/www.radiopiu.net\/wordpress\/wp-json\/wp\/v2\/media\/82933"}],"wp:attachment":[{"href":"https:\/\/www.radiopiu.net\/wordpress\/wp-json\/wp\/v2\/media?parent=82932"}],"wp:term":[{"taxonomy":"category","embeddable":true,"href":"https:\/\/www.radiopiu.net\/wordpress\/wp-json\/wp\/v2\/categories?post=82932"},{"taxonomy":"post_tag","embeddable":true,"href":"https:\/\/www.radiopiu.net\/wordpress\/wp-json\/wp\/v2\/tags?post=82932"}],"curies":[{"name":"wp","href":"https:\/\/api.w.org\/{rel}","templated":true}]}}