{"id":83035,"date":"2019-04-17T15:20:21","date_gmt":"2019-04-17T13:20:21","guid":{"rendered":"http:\/\/www.radiopiu.net\/wordpress\/?p=83035"},"modified":"2019-04-17T15:20:21","modified_gmt":"2019-04-17T13:20:21","slug":"andrea-barp-il-capitano-del-palio","status":"publish","type":"post","link":"https:\/\/www.radiopiu.net\/wordpress\/andrea-barp-il-capitano-del-palio\/","title":{"rendered":"ANDREA BARP IL CAPITANO DEL PALIO"},"content":{"rendered":"<p><span style=\"color: #000000;\"><span style=\"font-size: large;\"><a class=\"dt-pswp-item\" href=\"http:\/\/www.radiopiu.net\/wordpress\/wp-content\/uploads\/2019\/04\/capitano-Barp.jpg\" data-dt-img-description=\"\" data-large_image_width=\"1080\" data-large_image_height=\"720\"><img loading=\"lazy\" decoding=\"async\" class=\"alignnone wp-image-83034 size-large\" src=\"http:\/\/www.radiopiu.net\/wordpress\/wp-content\/uploads\/2019\/04\/capitano-Barp-1024x683.jpg\" alt=\"\" width=\"1024\" height=\"683\" srcset=\"https:\/\/www.radiopiu.net\/wordpress\/wp-content\/uploads\/2019\/04\/capitano-Barp-1024x683.jpg 1024w, https:\/\/www.radiopiu.net\/wordpress\/wp-content\/uploads\/2019\/04\/capitano-Barp-300x200.jpg 300w, https:\/\/www.radiopiu.net\/wordpress\/wp-content\/uploads\/2019\/04\/capitano-Barp-768x512.jpg 768w, https:\/\/www.radiopiu.net\/wordpress\/wp-content\/uploads\/2019\/04\/capitano-Barp.jpg 1080w\" sizes=\"auto, (max-width: 1024px) 100vw, 1024px\" \/><\/a><strong>FELTRE<\/strong> Andrea Barp \u00e8 ancora il capitano come lo \u00e8 dal 2016, puntuale la riconferma a Capitano del Palio. A lui spetter\u00e0 non solo decretare le varie classifiche sulla base dei risultati conseguiti dai Quartieri nelle quattro gare ma anche l&#8217;elevazione delle multe in caso di scorrettezze e l&#8217;analisi di eventuali reclami. Il Capitano \u00e8 chiamato anche a decisioni logistiche come lo spostamento di sede e di orario delle competizioni, qualora le condizioni metereologiche o ambientali non ne consentano lo svolgimento secondo quanto era stato previsto dal programma.\u00a0<\/span><\/span><\/p>\n<blockquote><p><span style=\"color: #000000;\"><span style=\"font-size: large;\"><br \/>\n<em>Andrea Barp \u00e8 feltrino di nascita. Diplomato Isef, attualmente insegna all&#8217;Istituto agrario. Nel corso degli anni ha svolto anche attivit\u00e0 di preparatore e di allenatore di atletica leggera e di rugby, di calcio giovanili e prima squadra e nel comitato regionale FISI di sci alpino. All&#8217;interno del Palio ha preso parte alla staffetta dal 1987 al 1996, ed \u00e8 stato tamburino dal 1988 al 1996. Per due edizioni anche aiuto del Capitano Nicola Gabrielli.\u00a0<\/em><br \/>\n<em>&#8220;Da parte nostra, ha dichiarato il presidente Eugenio Tamburrino, non possiamo che esprimere grande soddisfazione per la conferma di Andrea Barp e piena fiducia nel suo operato, certi che con la sua esperienza, la sua equanimit\u00e0 e la sua fermezza sapr\u00e0 regalare alla Citt\u00e0 e ai Quartieri un Palio rigoroso e rispettoso del regolamento&#8221;.<\/em><\/span><\/span><\/p><\/blockquote>\n<p><span style=\"color: #222222;\"><span style=\"font-family: Arial, sans-serif;\"><span style=\"font-size: medium;\">(Andrea Barp, al centro, e i suoi aiutanti Robin Toigo, alla sua destra e Stefano Maniscalchi alla sua sinistra \u2013 Foto di Giuseppe D\u2019Alia)<\/span><\/span><\/span><\/p>\n","protected":false},"excerpt":{"rendered":"<p>FELTRE Andrea Barp \u00e8 ancora il capitano come lo \u00e8 dal 2016, puntuale la riconferma a Capitano del Palio. A lui spetter\u00e0 non solo decretare le varie classifiche sulla base dei risultati conseguiti dai Quartieri nelle quattro gare ma anche l&#8217;elevazione delle multe in caso di scorrettezze e l&#8217;analisi di eventuali reclami. Il Capitano \u00e8&hellip;<\/p>\n","protected":false},"author":1,"featured_media":83034,"comment_status":"closed","ping_status":"closed","sticky":false,"template":"","format":"standard","meta":{"_monsterinsights_skip_tracking":false,"_monsterinsights_sitenote_active":false,"_monsterinsights_sitenote_note":"","_monsterinsights_sitenote_category":0,"footnotes":""},"categories":[49],"tags":[],"class_list":["post-83035","post","type-post","status-publish","format-standard","has-post-thumbnail","hentry","category-news-18","category-49","description-off"],"img_url":"https:\/\/www.radiopiu.net\/wordpress\/wp-content\/uploads\/2019\/04\/capitano-Barp.jpg","_links":{"self":[{"href":"https:\/\/www.radiopiu.net\/wordpress\/wp-json\/wp\/v2\/posts\/83035","targetHints":{"allow":["GET"]}}],"collection":[{"href":"https:\/\/www.radiopiu.net\/wordpress\/wp-json\/wp\/v2\/posts"}],"about":[{"href":"https:\/\/www.radiopiu.net\/wordpress\/wp-json\/wp\/v2\/types\/post"}],"author":[{"embeddable":true,"href":"https:\/\/www.radiopiu.net\/wordpress\/wp-json\/wp\/v2\/users\/1"}],"replies":[{"embeddable":true,"href":"https:\/\/www.radiopiu.net\/wordpress\/wp-json\/wp\/v2\/comments?post=83035"}],"version-history":[{"count":0,"href":"https:\/\/www.radiopiu.net\/wordpress\/wp-json\/wp\/v2\/posts\/83035\/revisions"}],"wp:featuredmedia":[{"embeddable":true,"href":"https:\/\/www.radiopiu.net\/wordpress\/wp-json\/wp\/v2\/media\/83034"}],"wp:attachment":[{"href":"https:\/\/www.radiopiu.net\/wordpress\/wp-json\/wp\/v2\/media?parent=83035"}],"wp:term":[{"taxonomy":"category","embeddable":true,"href":"https:\/\/www.radiopiu.net\/wordpress\/wp-json\/wp\/v2\/categories?post=83035"},{"taxonomy":"post_tag","embeddable":true,"href":"https:\/\/www.radiopiu.net\/wordpress\/wp-json\/wp\/v2\/tags?post=83035"}],"curies":[{"name":"wp","href":"https:\/\/api.w.org\/{rel}","templated":true}]}}