{"id":83040,"date":"2019-04-17T16:26:14","date_gmt":"2019-04-17T14:26:14","guid":{"rendered":"http:\/\/www.radiopiu.net\/wordpress\/?p=83040"},"modified":"2019-04-18T15:35:43","modified_gmt":"2019-04-18T13:35:43","slug":"elezioni-ad-agordo-paolo-selva-moretti-presenta-la-squadra","status":"publish","type":"post","link":"https:\/\/www.radiopiu.net\/wordpress\/elezioni-ad-agordo-paolo-selva-moretti-presenta-la-squadra\/","title":{"rendered":"ELEZIONI AD AGORDO: PAOLO SELVA MORETTI PRESENTA LA SQUADRA"},"content":{"rendered":"<p>&nbsp;<\/p>\n<p><a class=\"dt-pswp-item\" href=\"http:\/\/www.radiopiu.net\/wordpress\/wp-content\/uploads\/2019\/04\/WhatsApp-Image-2019-04-17-at-15.57.30.jpeg\" data-dt-img-description=\"\" data-large_image_width=\"1024\" data-large_image_height=\"484\"><img loading=\"lazy\" decoding=\"async\" class=\"alignnone wp-image-83041 size-large\" src=\"http:\/\/www.radiopiu.net\/wordpress\/wp-content\/uploads\/2019\/04\/WhatsApp-Image-2019-04-17-at-15.57.30-1024x484.jpeg\" alt=\"\" width=\"1024\" height=\"484\" srcset=\"https:\/\/www.radiopiu.net\/wordpress\/wp-content\/uploads\/2019\/04\/WhatsApp-Image-2019-04-17-at-15.57.30.jpeg 1024w, https:\/\/www.radiopiu.net\/wordpress\/wp-content\/uploads\/2019\/04\/WhatsApp-Image-2019-04-17-at-15.57.30-300x142.jpeg 300w, https:\/\/www.radiopiu.net\/wordpress\/wp-content\/uploads\/2019\/04\/WhatsApp-Image-2019-04-17-at-15.57.30-768x363.jpeg 768w\" sizes=\"auto, (max-width: 1024px) 100vw, 1024px\" \/><\/a><\/p>\n<p><strong>AGORDO<\/strong> Il candidato a sindaco Paolo Selva Moretti presenta la sua squadra &#8220;Agordo Cambia&#8221; per le amministrative di maggio. Saranno quindi due (salvo sorprese) i candidati a primo cittadino, entrambi consigliere comunali d&#8217;opposizione nell&#8217;attuale legislatura. Un gruppo eterogeneo con Sergio De Riva che vanta un passato amministrativo e di recente ha presieduto l&#8217;azienda municipalizzato Agordo Servizi e Silvano Savio gi\u00e0 consigliere comunale a Falcade.<\/p>\n<p><em>Ho voluto al mio fianco &#8211; dice il candidato a sindaco Paolo Selva Moretti &#8211; collaboratori liberi da interessi personali e col necessario bagaglio di competenze professionali; creando, cos\u00ec, una squadra completa e coesa&#8221;<\/em><\/p>\n<blockquote><p>Questi i candidati a consigliere comunale <strong>Mara Case<\/strong> (14\/08\/1948) Direttore della Casa di Riposo\u00a0 Villa San Giuseppe di Livinallongo; <strong>Elisa Cont<\/strong> (27\/07\/1979) Collaboratrice nell&#8217;impresa familiare &#8211; Impiegata; <strong>Emiliano Costa<\/strong> (15\/11\/1970) Falegname;\u00a0<strong> Lisa De Luca<\/strong> (07\/10\/1974) Libero Professionista &#8211; Consulente; <strong>Sergio De Riva<\/strong> (05\/12\/1945) Funzionario Enel, in pensione; <strong>Fabio Folli<\/strong> (21\/07\/1969) Impiegato Amministratvo &#8211; Contabile <strong>Alberto Fontanive<\/strong> (10\/09\/1985) Agente di commercio;\u00a0<strong> Mauro Ipsa<\/strong> (03\/10\/1961) Dipendente Luxottica <strong>Silvano Savio<\/strong> (25\/09\/1959) Ispettore del Corpo Forestale, in pensione <strong>Roberto Soramae\u2019<\/strong> (06\/02\/1964) Impiegato presso il centro di telecontrollo Enel di Polpet; <strong>Romano Tomaselli<\/strong> (07\/08\/1965) Gestore stazione di servizio ENI Agordo. <strong>Gherardo Zaltron<\/strong> (22\/09\/1975) Responsabile Servizio Ingegneria Industriale presso Unifarco<\/p><\/blockquote>\n<p><em><a class=\"dt-pswp-item\" href=\"http:\/\/www.radiopiu.net\/wordpress\/wp-content\/uploads\/2019\/04\/WhatsApp-Image-2019-04-13-at-20.42.58.jpeg\" data-dt-img-description=\"\" data-large_image_width=\"1024\" data-large_image_height=\"951\"><img loading=\"lazy\" decoding=\"async\" class=\"wp-image-82627 alignleft\" src=\"http:\/\/www.radiopiu.net\/wordpress\/wp-content\/uploads\/2019\/04\/WhatsApp-Image-2019-04-13-at-20.42.58-300x279.jpeg\" alt=\"\" width=\"125\" height=\"116\" srcset=\"https:\/\/www.radiopiu.net\/wordpress\/wp-content\/uploads\/2019\/04\/WhatsApp-Image-2019-04-13-at-20.42.58-300x279.jpeg 300w, https:\/\/www.radiopiu.net\/wordpress\/wp-content\/uploads\/2019\/04\/WhatsApp-Image-2019-04-13-at-20.42.58-768x713.jpeg 768w, https:\/\/www.radiopiu.net\/wordpress\/wp-content\/uploads\/2019\/04\/WhatsApp-Image-2019-04-13-at-20.42.58.jpeg 1024w\" sizes=\"auto, (max-width: 125px) 100vw, 125px\" \/><\/a>&#8220;Le persone della squadra Agordo Cambia\u00a0 &#8211; dice Selva Moretti &#8211; partono da idee condivise che mettono al centro la tutela del patrimonio naturale, la difesa e lo sviluppo dei servizi, la valorizzazione delle potenzialit\u00e0 culturali e il sostegno a commercio, turismo, sport e agricoltura&#8221;.<\/em><\/p>\n<p>L&#8217;evento calamitoso di fine ottobre non lascia indifferenti sindaco e candidati a consigliere e infatti l&#8217;argomento \u00e8 segnalato tra le priorit\u00e0 programmatiche come lo spopolamento, la cura del paese con il rispetto di storia e tradizione.<\/p>\n<p><em>&#8220;Oggi\u00a0 &#8211; conclude Paolo Selva Moretti &#8211; la complessit\u00e0 delle attivit\u00e0 svolte da un Comune rende impensabile amministrare la cosa pubblica senza un adeguato livello di preparazione, noi interpretiamo questa necessit\u00e0 <\/em><em>con il nuovo criterio di scelta dei componenti, non pi\u00f9 individuati sulla base dei potenziali voti, bens\u00ec sulle loro capacit\u00e0, competenze e disponibilit\u00e0 di tempo&#8221;<\/em><\/p>\n","protected":false},"excerpt":{"rendered":"<p>&nbsp; AGORDO Il candidato a sindaco Paolo Selva Moretti presenta la sua squadra &#8220;Agordo Cambia&#8221; per le amministrative di maggio. Saranno quindi due (salvo sorprese) i candidati a primo cittadino, entrambi consigliere comunali d&#8217;opposizione nell&#8217;attuale legislatura. Un gruppo eterogeneo con Sergio De Riva che vanta un passato amministrativo e di recente ha presieduto l&#8217;azienda municipalizzato&hellip;<\/p>\n","protected":false},"author":1,"featured_media":82645,"comment_status":"closed","ping_status":"closed","sticky":false,"template":"","format":"standard","meta":{"_monsterinsights_skip_tracking":false,"_monsterinsights_sitenote_active":false,"_monsterinsights_sitenote_note":"","_monsterinsights_sitenote_category":0,"footnotes":""},"categories":[51,49],"tags":[],"class_list":["post-83040","post","type-post","status-publish","format-standard","has-post-thumbnail","hentry","category-evidenza-top","category-news-18","category-51","category-49","description-off"],"img_url":"https:\/\/www.radiopiu.net\/wordpress\/wp-content\/uploads\/2019\/04\/agordo-cambia_page-0001.jpg","_links":{"self":[{"href":"https:\/\/www.radiopiu.net\/wordpress\/wp-json\/wp\/v2\/posts\/83040","targetHints":{"allow":["GET"]}}],"collection":[{"href":"https:\/\/www.radiopiu.net\/wordpress\/wp-json\/wp\/v2\/posts"}],"about":[{"href":"https:\/\/www.radiopiu.net\/wordpress\/wp-json\/wp\/v2\/types\/post"}],"author":[{"embeddable":true,"href":"https:\/\/www.radiopiu.net\/wordpress\/wp-json\/wp\/v2\/users\/1"}],"replies":[{"embeddable":true,"href":"https:\/\/www.radiopiu.net\/wordpress\/wp-json\/wp\/v2\/comments?post=83040"}],"version-history":[{"count":0,"href":"https:\/\/www.radiopiu.net\/wordpress\/wp-json\/wp\/v2\/posts\/83040\/revisions"}],"wp:featuredmedia":[{"embeddable":true,"href":"https:\/\/www.radiopiu.net\/wordpress\/wp-json\/wp\/v2\/media\/82645"}],"wp:attachment":[{"href":"https:\/\/www.radiopiu.net\/wordpress\/wp-json\/wp\/v2\/media?parent=83040"}],"wp:term":[{"taxonomy":"category","embeddable":true,"href":"https:\/\/www.radiopiu.net\/wordpress\/wp-json\/wp\/v2\/categories?post=83040"},{"taxonomy":"post_tag","embeddable":true,"href":"https:\/\/www.radiopiu.net\/wordpress\/wp-json\/wp\/v2\/tags?post=83040"}],"curies":[{"name":"wp","href":"https:\/\/api.w.org\/{rel}","templated":true}]}}