{"id":83069,"date":"2019-04-17T17:46:20","date_gmt":"2019-04-17T15:46:20","guid":{"rendered":"http:\/\/www.radiopiu.net\/wordpress\/?p=83069"},"modified":"2019-04-17T17:46:20","modified_gmt":"2019-04-17T15:46:20","slug":"no-allo-scambio-piu-iva-meno-irpef","status":"publish","type":"post","link":"https:\/\/www.radiopiu.net\/wordpress\/no-allo-scambio-piu-iva-meno-irpef\/","title":{"rendered":"NO ALLO SCAMBIO PIU\u2019 IVA MENO IRPEF"},"content":{"rendered":"<p><a class=\"dt-pswp-item\" href=\"http:\/\/www.radiopiu.net\/wordpress\/wp-content\/uploads\/2019\/04\/Schermata-2019-04-17-alle-17.45.04.png\" data-dt-img-description=\"\" data-large_image_width=\"968\" data-large_image_height=\"918\"><img loading=\"lazy\" decoding=\"async\" class=\"alignleft size-medium wp-image-83071\" src=\"http:\/\/www.radiopiu.net\/wordpress\/wp-content\/uploads\/2019\/04\/Schermata-2019-04-17-alle-17.45.04-300x285.png\" alt=\"\" width=\"300\" height=\"285\" srcset=\"https:\/\/www.radiopiu.net\/wordpress\/wp-content\/uploads\/2019\/04\/Schermata-2019-04-17-alle-17.45.04-300x285.png 300w, https:\/\/www.radiopiu.net\/wordpress\/wp-content\/uploads\/2019\/04\/Schermata-2019-04-17-alle-17.45.04-768x728.png 768w, https:\/\/www.radiopiu.net\/wordpress\/wp-content\/uploads\/2019\/04\/Schermata-2019-04-17-alle-17.45.04.png 968w\" sizes=\"auto, (max-width: 300px) 100vw, 300px\" \/><\/a>No all\u2019aumento dell\u2019Iva, anche se in forma selettiva, in cambio di meno Irpef, grazie all\u2019introduzione della flat tax. A dirlo \u00e8 la CGIA che esprime la sua netta contrariet\u00e0 a questa ipotesi che sembra trovare il favore di molti, in particolar modo tra gli industriali.<\/p>\n<p>\u201cSe aumentasse l\u2019Iva &#8211; dichiara il coordinatore dell\u2019Ufficio studi Paolo Zabeo &#8211; favoriremmo le esportazioni, ma penalizzeremmo i consumi interni. A pagare il conto sarebbero le famiglie, ma anche gli artigiani, i piccoli commercianti e i lavoratori autonomi che vivono quasi esclusivamente di domanda interna\u201d.<\/p>\n<p>Gli artigiani mestrini ricordano che, nell\u2019ipotesi peggiore, se non verranno recuperati entro la fine di quest\u2019anno 23,1 miliardi di euro, l\u2019aliquota ordinaria passer\u00e0 dal 22 al 25,2 per cento, mentre quella ridotta dal 10 salir\u00e0 al 13 per cento.<\/p>\n<p>Prosegue il coordinatore dell\u2019Ufficio studi della CGIA, Paolo Zabeo:<\/p>\n<p>\u201cBisogna assolutamente evitare l\u2019aumento dell\u2019Iva, anche in forma selettiva. E non \u00e8 nemmeno accettabile il baratto meno Iva pi\u00f9 Irpef. Ricordo che da un eventuale scambio di questo genere, la gran parte dei 10 milioni di contribuenti Irpef che rientrano nella no tax area, che sono costituiti in particolar modo da pensionati al minimo, non avrebbe alcun vantaggio. Cos\u00ec come i disoccupati e le persone in gravi difficolt\u00e0 economiche. Non pagando l\u2019Irpef, non beneficerebbero di alcuna riduzione di imposta. Per contro, invece, si ritroverebbero pagare pi\u00f9 Iva\u201d.<\/p>\n<p>Non solo. Se non verr\u00e0 disinnescato l\u2019aumento, dal 2020 l\u2019Italia sar\u00e0 il Paese con l\u2019aliquota Iva ordinaria pi\u00f9 elevata dell\u2019area dell\u2019Euro. Dall\u2019attuale 22 per cento, infatti, si passer\u00e0 al 25,2 per cento. Questo balzo ci consentirebbe di scavalcare tutti e di posizionarci in testa alla classifica dei pi\u00f9 tartassati dall\u2019Iva (vedi Tab. 1).<\/p>\n<p>\u201cSe \u00e8 vero che in questi 45 anni \u2013 dichiara il Segretario della CGIA Renato Mason \u2013 abbiamo subito l\u2019incremento d\u2019aliquota pi\u00f9 significativo, \u00e8 altres\u00ec vero che nel 1973 quella applicata in Italia era, ad esclusione della Germania, la pi\u00f9 contenuta. Tuttavia, se l\u2019aumento previsto non sar\u00e0 evitato, dal 2020 i consumatori italiani saranno sottoposti all\u2019aliquota Iva ordinaria pi\u00f9 elevata tra tutti i Paesi dell\u2019area dell\u2019euro, con un serio rischio che l\u2019economia sommersa assuma dimensioni ancor pi\u00f9 preoccupanti\u201d.<\/p>\n<p>Dalla sua apparizione ad oggi, infatti, sono trascorsi 46 anni. L\u2019aliquota ordinaria dell\u2019Iva \u00e8 stata introdotta per la prima volta nel 1973 e fino a quest\u2019anno \u00e8 aumentata 9 volte (vedi Tab. 2). Tra i principali Paesi della zona euro siamo quello in cui \u00e8 cresciuta di pi\u00f9: ben 10 punti, un record, ovviamente, che nessuno ci invidia.<\/p>\n<p>Se nel 1973 l\u2019aliquota era al 12 per cento, ora si attesta al 22 per cento, con un aumento, come dicevamo pi\u00f9 sopra, di ben 10 punti. Seguono la Germania, con una variazione di +8 punti (era all\u201911 adesso si attesta al 19 per cento), l\u2019Olanda, con un aumento di 5 punti (era al 16 oggi \u00e8 al 21 per cento), l\u2019Austria e il Belgio, con degli aumenti registrati nel periodo preso in esame rispettivamente del +4% e del +3%. La Francia \u00e8 l\u2019unico Paese presente in questa comparazione che non ha registrato alcun incremento (vedi Tab. 3). La CGIA, infine, ha elencato i principali beni e servizi che potrebbero essere interessati dall\u2019eventuale aumento dell\u2019aliquota IVA dal 10 al 13 per cento.<\/p>\n<p>Essi sono:<br \/>\n\uf0b7\u00a0\u00a0\u00a0\u00a0\u00a0\u00a0\u00a0\u00a0carni, pesce, spezie, cacao, prodotti della pasticceria e biscotteria, cioccolato, salse, condimenti composti, preparati per zuppe e minestroni, acqua minerale, aceto;<br \/>\n\uf0b7\u00a0\u00a0\u00a0\u00a0\u00a0\u00a0\u00a0\u00a0legna da ardere in tondelli, ceppi, etc.;<br \/>\n\uf0b7\u00a0\u00a0\u00a0\u00a0\u00a0\u00a0\u00a0\u00a0energia elettrica per uso domestico;<br \/>\n\uf0b7\u00a0\u00a0\u00a0\u00a0\u00a0\u00a0\u00a0\u00a0gas metano uso domestico (limitatamente al consumo dei primi 480 metri cubi annui);<br \/>\n\uf0b7\u00a0\u00a0\u00a0\u00a0\u00a0\u00a0\u00a0\u00a0prestazioni alberghiere;<br \/>\n\uf0b7\u00a0\u00a0\u00a0\u00a0\u00a0\u00a0\u00a0\u00a0ristrutturazioni edilizie;<br \/>\n\uf0b7\u00a0\u00a0\u00a0\u00a0\u00a0\u00a0\u00a0\u00a0acquisto o costruzione abitazione non di lusso (che non sia utilizzata come prima casa);<br \/>\n\uf0b7\u00a0\u00a0\u00a0\u00a0\u00a0\u00a0\u00a0\u00a0spettacoli teatrali, attivit\u00e0 circensi;<br \/>\n\uf0b7\u00a0\u00a0\u00a0\u00a0\u00a0\u00a0\u00a0\u00a0somministrazione alimenti e bevande;<br \/>\n\uf0b7\u00a0\u00a0\u00a0\u00a0\u00a0\u00a0\u00a0\u00a0piante e fiori.<\/p>\n<p>E quelli che, eventualmente, potrebbero salire dal 22 al 25,2 per cento:<br \/>\n\uf0b7\u00a0\u00a0\u00a0\u00a0\u00a0\u00a0\u00a0\u00a0vino;<br \/>\n\uf0b7\u00a0\u00a0\u00a0\u00a0\u00a0\u00a0\u00a0\u00a0abbigliamento;<br \/>\n\uf0b7\u00a0\u00a0\u00a0\u00a0\u00a0\u00a0\u00a0\u00a0calzature;<br \/>\n\uf0b7\u00a0\u00a0\u00a0\u00a0\u00a0\u00a0\u00a0\u00a0riparazione di abbigliamento e calzature;<br \/>\n\uf0b7\u00a0\u00a0\u00a0\u00a0\u00a0\u00a0\u00a0\u00a0elettrodomestici;<br \/>\n\uf0b7\u00a0\u00a0\u00a0\u00a0\u00a0\u00a0\u00a0\u00a0mobili;<br \/>\n\uf0b7\u00a0\u00a0\u00a0\u00a0\u00a0\u00a0\u00a0\u00a0articoli di arredamento;<br \/>\n\uf0b7\u00a0\u00a0\u00a0\u00a0\u00a0\u00a0\u00a0\u00a0biancheria per la casa;<br \/>\n\uf0b7\u00a0\u00a0\u00a0\u00a0\u00a0\u00a0\u00a0\u00a0servizi domestici;<br \/>\n\uf0b7\u00a0\u00a0\u00a0\u00a0\u00a0\u00a0\u00a0\u00a0riparazione di mobili, elettrodomestici e biancheria;<br \/>\n\uf0b7\u00a0\u00a0\u00a0\u00a0\u00a0\u00a0\u00a0\u00a0detersivi;<br \/>\n\uf0b7\u00a0\u00a0\u00a0\u00a0\u00a0\u00a0\u00a0\u00a0pentole, posate e stoviglie;<br \/>\n\uf0b7\u00a0\u00a0\u00a0\u00a0\u00a0\u00a0\u00a0\u00a0tovaglioli e piatti di carte e contenitori di alluminio;<br \/>\n\uf0b7\u00a0\u00a0\u00a0\u00a0\u00a0\u00a0\u00a0\u00a0lavanderia e tintoria;<br \/>\n\uf0b7\u00a0\u00a0\u00a0\u00a0\u00a0\u00a0\u00a0\u00a0auto e mezzi di trasporto;<br \/>\n\uf0b7\u00a0\u00a0\u00a0\u00a0\u00a0\u00a0\u00a0\u00a0pezzi di ricambio, olio e lubrificanti;<br \/>\n\uf0b7\u00a0\u00a0\u00a0\u00a0\u00a0\u00a0\u00a0\u00a0manutenzioni e riparazioni;<br \/>\n\uf0b7\u00a0\u00a0\u00a0\u00a0\u00a0\u00a0\u00a0\u00a0giochi e giocattoli;<br \/>\n\uf0b7\u00a0\u00a0\u00a0\u00a0\u00a0\u00a0\u00a0\u00a0radio, televisori, hi-fi, video-registratori, etc.;<br \/>\n\uf0b7\u00a0\u00a0\u00a0\u00a0\u00a0\u00a0\u00a0\u00a0computer, macchine da scrivere e calcolatrici;<br \/>\n\uf0b7\u00a0\u00a0\u00a0\u00a0\u00a0\u00a0\u00a0\u00a0cancelleria;<br \/>\n\uf0b7\u00a0\u00a0\u00a0\u00a0\u00a0\u00a0\u00a0\u00a0prodotti per cura personale;<br \/>\n\uf0b7\u00a0\u00a0\u00a0\u00a0\u00a0\u00a0\u00a0\u00a0barbiere, parrucchiere, istituti di bellezza;<br \/>\n\uf0b7\u00a0\u00a0\u00a0\u00a0\u00a0\u00a0\u00a0\u00a0argenteria, gioielleria, bigiotteria e orologi;<br \/>\n\uf0b7\u00a0\u00a0\u00a0\u00a0\u00a0\u00a0\u00a0\u00a0borse, valige ed altri effetti personali;<br \/>\n\uf0b7\u00a0\u00a0\u00a0\u00a0\u00a0\u00a0\u00a0\u00a0onorari liberi professionisti.<\/p>\n","protected":false},"excerpt":{"rendered":"<p>No all\u2019aumento dell\u2019Iva, anche se in forma selettiva, in cambio di meno Irpef, grazie all\u2019introduzione della flat tax. A dirlo \u00e8 la CGIA che esprime la sua netta contrariet\u00e0 a questa ipotesi che sembra trovare il favore di molti, in particolar modo tra gli industriali. \u201cSe aumentasse l\u2019Iva &#8211; dichiara il coordinatore dell\u2019Ufficio studi Paolo&hellip;<\/p>\n","protected":false},"author":1,"featured_media":56727,"comment_status":"closed","ping_status":"closed","sticky":false,"template":"","format":"standard","meta":{"_monsterinsights_skip_tracking":false,"_monsterinsights_sitenote_active":false,"_monsterinsights_sitenote_note":"","_monsterinsights_sitenote_category":0,"footnotes":""},"categories":[49],"tags":[],"class_list":["post-83069","post","type-post","status-publish","format-standard","has-post-thumbnail","hentry","category-news-18","category-49","description-off"],"img_url":"https:\/\/www.radiopiu.net\/wordpress\/wp-content\/uploads\/2018\/08\/tasse.jpg","_links":{"self":[{"href":"https:\/\/www.radiopiu.net\/wordpress\/wp-json\/wp\/v2\/posts\/83069","targetHints":{"allow":["GET"]}}],"collection":[{"href":"https:\/\/www.radiopiu.net\/wordpress\/wp-json\/wp\/v2\/posts"}],"about":[{"href":"https:\/\/www.radiopiu.net\/wordpress\/wp-json\/wp\/v2\/types\/post"}],"author":[{"embeddable":true,"href":"https:\/\/www.radiopiu.net\/wordpress\/wp-json\/wp\/v2\/users\/1"}],"replies":[{"embeddable":true,"href":"https:\/\/www.radiopiu.net\/wordpress\/wp-json\/wp\/v2\/comments?post=83069"}],"version-history":[{"count":0,"href":"https:\/\/www.radiopiu.net\/wordpress\/wp-json\/wp\/v2\/posts\/83069\/revisions"}],"wp:featuredmedia":[{"embeddable":true,"href":"https:\/\/www.radiopiu.net\/wordpress\/wp-json\/wp\/v2\/media\/56727"}],"wp:attachment":[{"href":"https:\/\/www.radiopiu.net\/wordpress\/wp-json\/wp\/v2\/media?parent=83069"}],"wp:term":[{"taxonomy":"category","embeddable":true,"href":"https:\/\/www.radiopiu.net\/wordpress\/wp-json\/wp\/v2\/categories?post=83069"},{"taxonomy":"post_tag","embeddable":true,"href":"https:\/\/www.radiopiu.net\/wordpress\/wp-json\/wp\/v2\/tags?post=83069"}],"curies":[{"name":"wp","href":"https:\/\/api.w.org\/{rel}","templated":true}]}}