{"id":83070,"date":"2019-04-17T17:47:15","date_gmt":"2019-04-17T15:47:15","guid":{"rendered":"http:\/\/www.radiopiu.net\/wordpress\/?p=83070"},"modified":"2019-04-17T18:21:26","modified_gmt":"2019-04-17T16:21:26","slug":"in-campo-per-ripartire-il-18-maggio-al-polisportivo-il-calcio-solidale","status":"publish","type":"post","link":"https:\/\/www.radiopiu.net\/wordpress\/in-campo-per-ripartire-il-18-maggio-al-polisportivo-il-calcio-solidale\/","title":{"rendered":"IN CAMPO PER RIPARTIRE il 18 MAGGIO AL POLISPORTIVO IL CALCIO SOLIDALE"},"content":{"rendered":"<div dir=\"auto\">\n<h2 style=\"text-align: center;\"><em style=\"font-size: 14px; font-weight: normal;\">Sabato 18 Maggio ore 14.45 Stadio Polisportivo di Belluno\u00a0 Nazionale Italiana Cantanti &#8211;\u00a0 Nazionale Poste Italiane &#8211; Nazionale Sindaci a favore \u00a0del Fondo Welfare e Identit\u00e0 Territoriale della Provincia di Belluno per la ricostruzione post uragano Vaia.<\/em><\/h2>\n<p>Sabato 18 Maggio alle ore 15.30, allo Stadio Polisportivo di Belluno, si svolger\u00e0 l\u2019evento \u201cIN CAMPO PER RIPARTIRE\u201d, un pomeriggio speciale che vedr\u00e0 sfidarsi n campo non due squadre, ma ben tre, per un torneo triangolare a favore del Fondo Welfare e Identit\u00e0 Territoriale della Provincia di Belluno per la ricostruzione post uragano Vaia. Sull&#8217;erba del Polisportivo scenderanno la Nazionale Cantanti, la Nazionale Italiana Sindaci e la Nazionale Poste Italiane. L&#8217;evento \u00e8 organizzato dal Comitato Gocce di Sole Onlus, in collaborazione con Provincia di Belluno, Comune di Belluno e Sportivamente Belluno, con il patrocinio della Provincia di Padova, Anci, Siae e FIGC. L&#8217;intero incasso della manifestazione sar\u00e0 devoluto dal Comitato Gocce di Sole Onlus al Fondo Welfare e Identit\u00e0 Territoriale della Provincia di Belluno per la ricostruzione post uragano Vaia.<\/p>\n<blockquote><p><em>\u00abSiamo onorati della fiducia riconosciuta anche questa volta al Comitato, &#8211; commenta la presidente Manuela Selvestrel \u2013 e ringraziamo il Presidente della Provincia e Sindaco di Longarone, Roberto Padrin, promotore di questo evento, per aver pensato a noi. Un particolare grazie va anche al Comune di Belluno, alla Sportivamente Belluno, a tutti gli sponsor, alle associazioni e ai numerosi volontari che contribuiranno a rendere magnifico questo evento\u00bb.<\/em><\/p><\/blockquote>\n<p><em>\u00abSiamo onorati di ospitare nel nostro stadio un evento cos\u00ec importante. &#8211; sottolinea l&#8217;assessore allo sport del Comune di Belluno, Marco Bogo \u2013 Fin da subito abbiamo accolto la proposta e dato la nostra disponibilit\u00e0, anche attraverso la nostra societ\u00e0 Sportivamente Belluno che ringrazio personalmente. Per la ricostruzione del dopo alluvione, c&#8217;\u00e8 ancora molto da fare e dobbiamo mantenere alta l&#8217;attenzione di tutti sul nostro territorio. Non ci resta che confidare in una bella giornata di sole per riempire il Polisportivo\u00bb.<\/em><\/p>\n<p><strong>Le squadre <\/strong>A volere fortemente questa partita, come anticipato, il Sindaco di Longarone, Roberto Padrin, \u201cbomber\u201d della nazionale azzurra dei sindaci con 125 gol all&#8217;attivo: \u00abQuando ho proposto un evento che potesse sostenere le nostre popolazioni colpite dall&#8217;alluvione, la disponibilit\u00e0 della Nazionale Italiana Sindaci e della Nazionale Cantanti \u00e8 stata immediata. &#8211; ricorda Padrin \u2013 Sar\u00e0 un&#8217;occasione di sport e di festa, come tutte quelle che vedono coinvolte queste due selezioni, alle quali questa volta si aggiunge anche la Nazionale Poste Italiane\u00bb. La Nazionale Italiana Sindaci, oggi presieduta dal Sindaco di Campodarsego Mirko Patron, \u00e8 nata nel 2002 con scopi sociali per iniziative di solidariet\u00e0 e in questi anni ha raccolto oltre 500mila euro; i sindaci azzurri tornano a calcare i campi bellunesi dopo la recente vittoria in Alpen Cup dello scorso settembre a Longarone, contro i colleghi della Germani, Austria, Slovenia e Sud Tirol. \u00abLa forza dell\u2019impegno di un progetto di solidariet\u00e0 a lungo termine, come quello della Nazionale Cantanti, &#8211; dichiara Gianluca Pecchini, Direttore Generale della Nazionale Italiana Cantanti &#8211; ci permette di aiutare le persone che non si sono fatte fermare dalle difficolt\u00e0. Esserci, dunque, \u00e8 importante e noi vi aspettiamo\u00bb.<\/p>\n<p><strong>L&#8217;evento <\/strong>Il fischio di inizio sar\u00e0 preceduto dalle 14.45 dalle esibizioni degli artisti di Danza Oltre e dei ragazzi di Belluno Alza la Voce, che saranno impegnati anche la sera del 18 aprile a Montegrotto Terme nello spettacolo \u201cIl dono, meditare per gli alberi\u201d organizzato dalla Pro Loco di Abano Terme e dal Comune di Montegrotto Terme; sul palco con loro anche il promotore dell&#8217;iniziativa, il giornalista e cantante Leandro Barsotti, Paolo Vallesi, Mauro Corona e altri artisti. Parte del ricavato della serata sar\u00e0 devoluto al Comitato Gocce di Sole Onlus, sempre per la medesima finalit\u00e0.<\/p>\n<p><strong>Il costo<\/strong> dei biglietti del triangolare andr\u00e0 dai 10 ai 15 euro e l&#8217;ingresso sar\u00e0 gratuito per i bambini sotto i 10 anni. Tutte le informazioni sulla prevendita e sulla distribuzione saranno ufficializzate nelle prossime settimane.<\/p>\n<\/div>\n<div dir=\"auto\"><\/div>\n<div dir=\"auto\"><\/div>\n","protected":false},"excerpt":{"rendered":"<p>Sabato 18 Maggio ore 14.45 Stadio Polisportivo di Belluno\u00a0 Nazionale Italiana Cantanti &#8211;\u00a0 Nazionale Poste Italiane &#8211; Nazionale Sindaci a favore \u00a0del Fondo Welfare e Identit\u00e0 Territoriale della Provincia di Belluno per la ricostruzione post uragano Vaia. Sabato 18 Maggio alle ore 15.30, allo Stadio Polisportivo di Belluno, si svolger\u00e0 l\u2019evento \u201cIN CAMPO PER RIPARTIRE\u201d,&hellip;<\/p>\n","protected":false},"author":1,"featured_media":83079,"comment_status":"closed","ping_status":"closed","sticky":false,"template":"","format":"standard","meta":{"_monsterinsights_skip_tracking":false,"_monsterinsights_sitenote_active":false,"_monsterinsights_sitenote_note":"","_monsterinsights_sitenote_category":0,"footnotes":""},"categories":[49],"tags":[],"class_list":["post-83070","post","type-post","status-publish","format-standard","has-post-thumbnail","hentry","category-news-18","category-49","description-off"],"img_url":"https:\/\/www.radiopiu.net\/wordpress\/wp-content\/uploads\/2019\/04\/Nazionale-Italiana-Cantanti-2.jpeg","_links":{"self":[{"href":"https:\/\/www.radiopiu.net\/wordpress\/wp-json\/wp\/v2\/posts\/83070","targetHints":{"allow":["GET"]}}],"collection":[{"href":"https:\/\/www.radiopiu.net\/wordpress\/wp-json\/wp\/v2\/posts"}],"about":[{"href":"https:\/\/www.radiopiu.net\/wordpress\/wp-json\/wp\/v2\/types\/post"}],"author":[{"embeddable":true,"href":"https:\/\/www.radiopiu.net\/wordpress\/wp-json\/wp\/v2\/users\/1"}],"replies":[{"embeddable":true,"href":"https:\/\/www.radiopiu.net\/wordpress\/wp-json\/wp\/v2\/comments?post=83070"}],"version-history":[{"count":0,"href":"https:\/\/www.radiopiu.net\/wordpress\/wp-json\/wp\/v2\/posts\/83070\/revisions"}],"wp:featuredmedia":[{"embeddable":true,"href":"https:\/\/www.radiopiu.net\/wordpress\/wp-json\/wp\/v2\/media\/83079"}],"wp:attachment":[{"href":"https:\/\/www.radiopiu.net\/wordpress\/wp-json\/wp\/v2\/media?parent=83070"}],"wp:term":[{"taxonomy":"category","embeddable":true,"href":"https:\/\/www.radiopiu.net\/wordpress\/wp-json\/wp\/v2\/categories?post=83070"},{"taxonomy":"post_tag","embeddable":true,"href":"https:\/\/www.radiopiu.net\/wordpress\/wp-json\/wp\/v2\/tags?post=83070"}],"curies":[{"name":"wp","href":"https:\/\/api.w.org\/{rel}","templated":true}]}}