{"id":83098,"date":"2019-04-18T05:25:13","date_gmt":"2019-04-18T03:25:13","guid":{"rendered":"http:\/\/www.radiopiu.net\/wordpress\/?p=83098"},"modified":"2019-04-19T06:46:58","modified_gmt":"2019-04-19T04:46:58","slug":"essilor-luxottica-avvia-la-ricerca-del-futuro-amministratore-delegato","status":"publish","type":"post","link":"https:\/\/www.radiopiu.net\/wordpress\/essilor-luxottica-avvia-la-ricerca-del-futuro-amministratore-delegato\/","title":{"rendered":"ESSILOR LUXOTTICA AVVIA LA RICERCA DEL FUTURO AMMINISTRATORE DELEGATO"},"content":{"rendered":"<h2><\/h2>\n<p><strong><a class=\"dt-pswp-item\" href=\"http:\/\/www.radiopiu.net\/wordpress\/wp-content\/uploads\/2019\/03\/WhatsApp-Image-2019-03-24-at-18.11.14.jpeg\" data-dt-img-description=\"\" data-large_image_width=\"1599\" data-large_image_height=\"799\"><img loading=\"lazy\" decoding=\"async\" class=\"alignleft size-medium wp-image-80220\" src=\"http:\/\/www.radiopiu.net\/wordpress\/wp-content\/uploads\/2019\/03\/WhatsApp-Image-2019-03-24-at-18.11.14-300x150.jpeg\" alt=\"\" width=\"300\" height=\"150\" srcset=\"https:\/\/www.radiopiu.net\/wordpress\/wp-content\/uploads\/2019\/03\/WhatsApp-Image-2019-03-24-at-18.11.14-300x150.jpeg 300w, https:\/\/www.radiopiu.net\/wordpress\/wp-content\/uploads\/2019\/03\/WhatsApp-Image-2019-03-24-at-18.11.14-768x384.jpeg 768w, https:\/\/www.radiopiu.net\/wordpress\/wp-content\/uploads\/2019\/03\/WhatsApp-Image-2019-03-24-at-18.11.14-1024x512.jpeg 1024w, https:\/\/www.radiopiu.net\/wordpress\/wp-content\/uploads\/2019\/03\/WhatsApp-Image-2019-03-24-at-18.11.14.jpeg 1599w\" sizes=\"auto, (max-width: 300px) 100vw, 300px\" \/><\/a>Charenton-le-Pont <\/strong>EssilorLuxottica ha dato incarico a due agenzie di executive search di supportare la ricerca di candidati per il ruolo di Amministratore Delegato da nominare entro la fine del 2020, secondo il principio del &#8220;miglior profilo per la posizione&#8221;. In base agli accordi, il futuro CEO sar\u00e0 proposto al Consiglio di Amministrazione su proposta congiunta del Presidente Esecutivo e del Vice Presidente Esecutivo e con raccomandazione del Comitato Nomine e Remunerazione. Il candidato selezionato sar\u00e0 inizialmente nominato come &#8220;Directeur G\u00e9n\u00e9ral D\u00e9l\u00e9gu\u00e9&#8221; e avr\u00e0 il compito di coordinare le attivit\u00e0 di EssilorLuxottica come pura holding e di assistere il Presidente Esecutivo e il Vice Presidente Esecutivo nei loro obiettivi di facilitare l&#8217;integrazione tra Essilor e Luxottica. I suoi poteri saranno definiti dal Consiglio di Amministrazione sulla base di una raccomandazione congiunta del Presidente Esecutivo e del Vice Presidente Esecutivo. Nel frattempo, le societ\u00e0 operative, Luxottica e Essilor, rimarranno entit\u00e0 giuridiche separate con pieni poteri di condurre le loro attivit\u00e0 autonomamente sotto le rispettive leadership e i loro CEO, con alcune eccezioni. Il mandato \u00e8 stato assegnato a Russell Reynolds Associates e a Eric Salmon &amp; Partners e include valutazioni di candidati interni ed esterni. Russell Reynolds Associates coordiner\u00e0 il processo.<\/p>\n<h2 dir=\"auto\">OGGI SUL CORRIERE DELLA SERA-NAZIONALE<\/h2>\n<h2 dir=\"auto\"><a class=\"dt-pswp-item\" href=\"http:\/\/www.radiopiu.net\/wordpress\/wp-content\/uploads\/2019\/04\/WhatsApp-Image-2019-04-18-at-07.57.53.jpeg\" data-dt-img-description=\"\" data-large_image_width=\"1600\" data-large_image_height=\"1200\"><img loading=\"lazy\" decoding=\"async\" class=\"alignnone wp-image-83119 size-large\" src=\"http:\/\/www.radiopiu.net\/wordpress\/wp-content\/uploads\/2019\/04\/WhatsApp-Image-2019-04-18-at-07.57.53-1024x768.jpeg\" alt=\"\" width=\"1024\" height=\"768\" srcset=\"https:\/\/www.radiopiu.net\/wordpress\/wp-content\/uploads\/2019\/04\/WhatsApp-Image-2019-04-18-at-07.57.53-1024x768.jpeg 1024w, https:\/\/www.radiopiu.net\/wordpress\/wp-content\/uploads\/2019\/04\/WhatsApp-Image-2019-04-18-at-07.57.53-300x225.jpeg 300w, https:\/\/www.radiopiu.net\/wordpress\/wp-content\/uploads\/2019\/04\/WhatsApp-Image-2019-04-18-at-07.57.53-768x576.jpeg 768w, https:\/\/www.radiopiu.net\/wordpress\/wp-content\/uploads\/2019\/04\/WhatsApp-Image-2019-04-18-at-07.57.53.jpeg 1600w\" sizes=\"auto, (max-width: 1024px) 100vw, 1024px\" \/><\/a><\/h2>\n","protected":false},"excerpt":{"rendered":"<p>Charenton-le-Pont EssilorLuxottica ha dato incarico a due agenzie di executive search di supportare la ricerca di candidati per il ruolo di Amministratore Delegato da nominare entro la fine del 2020, secondo il principio del &#8220;miglior profilo per la posizione&#8221;. In base agli accordi, il futuro CEO sar\u00e0 proposto al Consiglio di Amministrazione su proposta congiunta&hellip;<\/p>\n","protected":false},"author":1,"featured_media":80220,"comment_status":"closed","ping_status":"closed","sticky":false,"template":"","format":"standard","meta":{"_monsterinsights_skip_tracking":false,"_monsterinsights_sitenote_active":false,"_monsterinsights_sitenote_note":"","_monsterinsights_sitenote_category":0,"footnotes":""},"categories":[51,49],"tags":[],"class_list":["post-83098","post","type-post","status-publish","format-standard","has-post-thumbnail","hentry","category-evidenza-top","category-news-18","category-51","category-49","description-off"],"img_url":"https:\/\/www.radiopiu.net\/wordpress\/wp-content\/uploads\/2019\/03\/WhatsApp-Image-2019-03-24-at-18.11.14.jpeg","_links":{"self":[{"href":"https:\/\/www.radiopiu.net\/wordpress\/wp-json\/wp\/v2\/posts\/83098","targetHints":{"allow":["GET"]}}],"collection":[{"href":"https:\/\/www.radiopiu.net\/wordpress\/wp-json\/wp\/v2\/posts"}],"about":[{"href":"https:\/\/www.radiopiu.net\/wordpress\/wp-json\/wp\/v2\/types\/post"}],"author":[{"embeddable":true,"href":"https:\/\/www.radiopiu.net\/wordpress\/wp-json\/wp\/v2\/users\/1"}],"replies":[{"embeddable":true,"href":"https:\/\/www.radiopiu.net\/wordpress\/wp-json\/wp\/v2\/comments?post=83098"}],"version-history":[{"count":0,"href":"https:\/\/www.radiopiu.net\/wordpress\/wp-json\/wp\/v2\/posts\/83098\/revisions"}],"wp:featuredmedia":[{"embeddable":true,"href":"https:\/\/www.radiopiu.net\/wordpress\/wp-json\/wp\/v2\/media\/80220"}],"wp:attachment":[{"href":"https:\/\/www.radiopiu.net\/wordpress\/wp-json\/wp\/v2\/media?parent=83098"}],"wp:term":[{"taxonomy":"category","embeddable":true,"href":"https:\/\/www.radiopiu.net\/wordpress\/wp-json\/wp\/v2\/categories?post=83098"},{"taxonomy":"post_tag","embeddable":true,"href":"https:\/\/www.radiopiu.net\/wordpress\/wp-json\/wp\/v2\/tags?post=83098"}],"curies":[{"name":"wp","href":"https:\/\/api.w.org\/{rel}","templated":true}]}}