{"id":83141,"date":"2019-04-19T05:53:55","date_gmt":"2019-04-19T03:53:55","guid":{"rendered":"http:\/\/www.radiopiu.net\/wordpress\/?p=83141"},"modified":"2019-04-19T12:21:02","modified_gmt":"2019-04-19T10:21:02","slug":"giornale-radiopiu-19-aprile-2019-direttore-mirko-mezzacasa","status":"publish","type":"post","link":"https:\/\/www.radiopiu.net\/wordpress\/giornale-radiopiu-19-aprile-2019-direttore-mirko-mezzacasa\/","title":{"rendered":"GIORNALE RADIOPIU 19 APRILE 2019 DIRETTORE MIRKO MEZZACASA"},"content":{"rendered":"<p>&nbsp;<\/p>\n<h1>Riapertura della S.R. 355 \u201cdi Val Degano\u201d, precedentemente chiusa per incendio.<\/h1>\n<p>&nbsp;<\/p>\n<p><strong>Fiat Chrysler<\/strong> al Nevegal ha preferito San Martino di Castrozza\u00a0 e quindi il Jeep Camp 2019 sar\u00e0 organizzato in Trentino con al seguito almeno 3000 persone e 200 giornalisti, per Vivaio Dolomiti una grande occasione persa per Franco Roccon della minoranza le responsabilit\u00e0 vanno addebitate al sindaco e ne chiede le dimissioni, delusione degli operatori del colle secondi quali il tentennamento delle istituzioni avrebbe spostato l&#8217;ago della bilancia verso il trentino. <strong>Un&#8217;ottantina<\/strong> di persone hanno sfilato e testimoniato al Comando Provinciale dei Carabinieri nell&#8217;ambito dell&#8217;operazione Bed&amp;Sex, a Belluno Fiammoi denunciato un 62enne per sfruttamento della prostituzione, metteva a disposizione l&#8217;appartamento e non solo, anche 16 clienti al giorno e le escort pagavano 50 euro di affitto al giorno.<strong> Il centro Enel di Polpet<\/strong> va difeso gli amministratori con in testa la Provincia scendono in campo decisi a non mollare perch\u00e9 per il territorio \u00e8 un avamposto di monitoraggio dei bacini idro elettrici. <strong>Singolare ordinanza<\/strong> a Ponte nelle Alpi, il divieto di lasciare resti di cibo in giro per il paese di Cadola perch\u00e9 alimentano ratti, topi e pantegane: multe fino a 500 euro.<\/p>\n<p>&nbsp;<\/p>\n<p>&nbsp;<\/p>\n<p>&nbsp;<\/p>\n<h2 style=\"text-align: center;\">LA FOTO DEL GIORNO<\/h2>\n<h2 style=\"text-align: center;\">grazie a Fiorendo Dalla Ca&#8217;<\/h2>\n<p style=\"text-align: center;\"><strong><em>Ecco i pi\u00f9 grandi tifosi della &#8220;Ciclinvalle per l&#8217;Unicef&#8221;. Pedaliamo per loro il prossimo 25 agosto ad Agordo!<\/em><\/strong><\/p>\n<p><a class=\"dt-pswp-item\" href=\"http:\/\/www.radiopiu.net\/wordpress\/wp-content\/uploads\/2019\/04\/58378157_2044380429021157_3964958450110169088_n.jpg\" data-dt-img-description=\"\" data-large_image_width=\"539\" data-large_image_height=\"960\"><img loading=\"lazy\" decoding=\"async\" class=\"aligncenter wp-image-83147 \" src=\"http:\/\/www.radiopiu.net\/wordpress\/wp-content\/uploads\/2019\/04\/58378157_2044380429021157_3964958450110169088_n.jpg\" alt=\"\" width=\"373\" height=\"664\" srcset=\"https:\/\/www.radiopiu.net\/wordpress\/wp-content\/uploads\/2019\/04\/58378157_2044380429021157_3964958450110169088_n.jpg 539w, https:\/\/www.radiopiu.net\/wordpress\/wp-content\/uploads\/2019\/04\/58378157_2044380429021157_3964958450110169088_n-168x300.jpg 168w\" sizes=\"auto, (max-width: 373px) 100vw, 373px\" \/><\/a><\/p>\n<p>&nbsp;<\/p>\n<h2><\/h2>\n<p><em><span style=\"font-family: Arial, sans-serif;\"><a class=\"dt-pswp-item\" href=\"http:\/\/www.radiopiu.net\/wordpress\/wp-content\/uploads\/2018\/08\/ACQUA.jpeg\" data-dt-img-description=\"\" data-large_image_width=\"1280\" data-large_image_height=\"768\"><img loading=\"lazy\" decoding=\"async\" class=\"wp-image-57052 alignleft\" src=\"http:\/\/www.radiopiu.net\/wordpress\/wp-content\/uploads\/2018\/08\/ACQUA.jpeg\" alt=\"\" width=\"125\" height=\"75\" srcset=\"https:\/\/www.radiopiu.net\/wordpress\/wp-content\/uploads\/2018\/08\/ACQUA.jpeg 1280w, https:\/\/www.radiopiu.net\/wordpress\/wp-content\/uploads\/2018\/08\/ACQUA-300x180.jpeg 300w, https:\/\/www.radiopiu.net\/wordpress\/wp-content\/uploads\/2018\/08\/ACQUA-768x461.jpeg 768w, https:\/\/www.radiopiu.net\/wordpress\/wp-content\/uploads\/2018\/08\/ACQUA-1024x614.jpeg 1024w\" sizes=\"auto, (max-width: 125px) 100vw, 125px\" \/><\/a><\/span><\/em><\/p>\n<p align=\"JUSTIFY\"><span style=\"font-family: Arial, sans-serif;\"><strong>CIBIANA<\/strong> in tutto il comune\u00a0 l&#8217;acqua erogata dall&#8217;acquedotto non \u00e8 potabile e pu\u00f2 essere usata per scopi alimentari solo previa bollitura.<\/span><\/p>\n<p lang=\"it-IT\"><strong>Feltre<\/strong> nelle vie Col Fiorito, Casonetto, Pont, Nemeggio, Villapaiera, Celarda, Anzu&#8217;, Canal e Sanzan l&#8217;acqua erogata dall&#8217;acquedotto non \u00e8 potabile e pu\u00f2 essere usata per scopi alimentari solo previa bollitura.<\/p>\n<p>&nbsp;<\/p>\n<h3>BRIES: Da ieri\u00a0 mattina alle 8 la strada regionale 203 agordina \u00e8 regolarmente aperta tra Toccol di Agordo e Taibon, sono infatti terminati i lavori dopo il sasso caduto nei primi giorni di febbraio.<\/h3>\n<p>&nbsp;<\/p>\n<p>&nbsp;<\/p>\n<p>&nbsp;<\/p>\n<h2>SESSO AL B&amp;b E SCATTA LA DENUNCIA PER FAVOREGGIAMENTO DELLA PROSTITUZIONE.<\/h2>\n<p><strong>BELLUNO<\/strong> M.C. classe 1957 residente a Belluno, affittuario di un appartamento sotto copertura di bed &amp; breakfast in localit\u00e0 Fiammoi, \u00e8 stato rinviato a giudizio per favoreggiamento alla prostituzione a seguito dell\u2019indagine condotta dai carabinieri grazie ad alcune segnalazioni. L\u2019uomo contattava numerose \u201cescort\u201d e metteva loro a disposizione l\u2019appartamento completamente arredato, completo di biancheria e quanto necessario, anche per brevi periodi al prezzo di 50 euro giornalieri tutto compreso, senza alcuna registrazione. Le ragazze fornivano le loro prestazioni a un prezzo variabile tra i 70 e i 150 euro. Poich\u00e9 il complesso residenziale di Fiammoi \u00e8 costituito da appartamenti simili, l\u2019uomo aveva fatto installare una luce verde per agevolare i clienti. Inoltre si occupava di andare alla stazione ferroviaria di Belluno a ricevere le ragazze che si prostituivano per portarle nell\u2019appartamento, oltre ad occuparsi di piccole commissioni e garantire loro un contesto di sicurezza, qualora si fossero presentati dei problemi con i clienti.<\/p>\n<div style=\"width: 640px;\" class=\"wp-video\"><video class=\"wp-video-shortcode\" id=\"video-83141-1\" width=\"640\" height=\"360\" preload=\"metadata\" controls=\"controls\"><source type=\"video\/mp4\" src=\"http:\/\/www.radiopiu.net\/wordpress\/wp-content\/uploads\/2019\/04\/t_video5893161228552897921.mp4?_=1\" \/><a href=\"http:\/\/www.radiopiu.net\/wordpress\/wp-content\/uploads\/2019\/04\/t_video5893161228552897921.mp4\">http:\/\/www.radiopiu.net\/wordpress\/wp-content\/uploads\/2019\/04\/t_video5893161228552897921.mp4<\/a><\/video><\/div>\n<p>&nbsp;<\/p>\n<p>&nbsp;<\/p>\n<p>&nbsp;<\/p>\n<p>&nbsp;<\/p>\n<p>&nbsp;<\/p>\n<h2><a class=\"dt-pswp-item\" href=\"http:\/\/www.radiopiu.net\/wordpress\/wp-content\/uploads\/2019\/04\/WhatsApp-Image-2019-04-18-at-17.28.45-1.jpeg\" data-dt-img-description=\"\" data-large_image_width=\"1600\" data-large_image_height=\"1200\"><img loading=\"lazy\" decoding=\"async\" class=\"size-medium wp-image-83176 alignleft\" src=\"http:\/\/www.radiopiu.net\/wordpress\/wp-content\/uploads\/2019\/04\/WhatsApp-Image-2019-04-18-at-17.28.45-1-300x225.jpeg\" alt=\"\" width=\"300\" height=\"225\" srcset=\"https:\/\/www.radiopiu.net\/wordpress\/wp-content\/uploads\/2019\/04\/WhatsApp-Image-2019-04-18-at-17.28.45-1-300x225.jpeg 300w, https:\/\/www.radiopiu.net\/wordpress\/wp-content\/uploads\/2019\/04\/WhatsApp-Image-2019-04-18-at-17.28.45-1-768x576.jpeg 768w, https:\/\/www.radiopiu.net\/wordpress\/wp-content\/uploads\/2019\/04\/WhatsApp-Image-2019-04-18-at-17.28.45-1-1024x768.jpeg 1024w, https:\/\/www.radiopiu.net\/wordpress\/wp-content\/uploads\/2019\/04\/WhatsApp-Image-2019-04-18-at-17.28.45-1.jpeg 1600w\" sizes=\"auto, (max-width: 300px) 100vw, 300px\" \/><\/a><\/h2>\n<h2><\/h2>\n<h2>INCENDIO IN CADORE<\/h2>\n<p><strong>SANTO STEFANO\u00a0 DI CADORE<\/strong> Incendio boschivo in localit\u00e0 Rio Bianco in prossimit\u00e0 di un cantiere per i lavori di disgaggio a lato della strada regionale 355 della Val Degano. Sul posto sono intervenuti i vigili del fuoco di Santo Stefano e Tolmezzo con i Carabinieri di Santo Stefano. Sono inoltre intervenuti gli elicotteri del servizio regionale Friuli Venezia Giulia e si \u00e8 resa necessaria interdire la viabilit\u00e0 in via precauzionale. Le fiamme potrebbero essere state originate dal cantiere, fortunatamente nessuno \u00e8 rimasto ferito. Nel pomeriggio di ieri oltre agli elicotteri sono intervenuti i Canadair.<\/p>\n<p>&nbsp;<\/p>\n<p>&nbsp;<\/p>\n<p>&nbsp;<\/p>\n<p>&nbsp;<\/p>\n<blockquote><p>&nbsp;<\/p><\/blockquote>\n<h2>AL VIA I LAVORI A LOZZO DI CADORE<\/h2>\n<p><strong><a class=\"dt-pswp-item\" href=\"http:\/\/www.radiopiu.net\/wordpress\/wp-content\/uploads\/2019\/04\/WhatsApp-Image-2019-04-18-at-20.01.16.jpeg\" data-dt-img-description=\"\" data-large_image_width=\"1600\" data-large_image_height=\"900\"><img loading=\"lazy\" decoding=\"async\" class=\"alignleft size-medium wp-image-83178\" src=\"http:\/\/www.radiopiu.net\/wordpress\/wp-content\/uploads\/2019\/04\/WhatsApp-Image-2019-04-18-at-20.01.16-300x169.jpeg\" alt=\"\" width=\"300\" height=\"169\" srcset=\"https:\/\/www.radiopiu.net\/wordpress\/wp-content\/uploads\/2019\/04\/WhatsApp-Image-2019-04-18-at-20.01.16-300x169.jpeg 300w, https:\/\/www.radiopiu.net\/wordpress\/wp-content\/uploads\/2019\/04\/WhatsApp-Image-2019-04-18-at-20.01.16-768x432.jpeg 768w, https:\/\/www.radiopiu.net\/wordpress\/wp-content\/uploads\/2019\/04\/WhatsApp-Image-2019-04-18-at-20.01.16-1024x576.jpeg 1024w, https:\/\/www.radiopiu.net\/wordpress\/wp-content\/uploads\/2019\/04\/WhatsApp-Image-2019-04-18-at-20.01.16.jpeg 1600w\" sizes=\"auto, (max-width: 300px) 100vw, 300px\" \/><\/a>LOZZO DI CADORE<\/strong> La somma urgenza attivata a seguito dei crolli che hanno interessato la parete del monte Revis in destra orografica del rio Rin, ha avuto inizio ieri, dopo dieci giorni dedicati alla delicata fase organizzativa. Supportata dal dottor geologo Ennio Chiesurin e dall&#8217;impresaTonet alla quale \u00e8 stato affidato l&#8217;intervento la Provincia di Belluno si \u00e8 subito attivata con il suo consigliere provinciale con delega Massimo Bortoluzzi e il Servizio Difesa del Suolo per dare un&#8217;adeguata risposta a quanto accaduto sabato 6 aprile scorso. La demolizione sta interessando circa 700 mc di roccia che saranno asportati dall&#8217;alveo del Rio Rin ad operazioni portate a buon fine. Ai microfoni di Radio Pi\u00f9 Pierantonio Zanchetta, dirigente Servizio Difesa del suolo e Protezione Civile della Provincia di Belluno<\/p>\n<audio class=\"wp-audio-shortcode\" id=\"audio-83141-1\" preload=\"none\" style=\"width: 100%;\" controls=\"controls\"><source type=\"audio\/mpeg\" src=\"http:\/\/www.radiopiu.net\/wordpress\/wp-content\/uploads\/2019\/04\/pier.mp3?_=1\" \/><a href=\"http:\/\/www.radiopiu.net\/wordpress\/wp-content\/uploads\/2019\/04\/pier.mp3\">http:\/\/www.radiopiu.net\/wordpress\/wp-content\/uploads\/2019\/04\/pier.mp3<\/a><\/audio>\n<h2><\/h2>\n<p>&nbsp;<\/p>\n<p>&nbsp;<\/p>\n<p>&nbsp;<\/p>\n<p>&nbsp;<\/p>\n<blockquote><p>&nbsp;<\/p><\/blockquote>\n<h2>AREE INTERNE PENSANDO AL TURISMO E AD UN MARCHIO D&#8217;AREA<\/h2>\n<p><strong><a class=\"dt-pswp-item\" href=\"http:\/\/www.radiopiu.net\/wordpress\/wp-content\/uploads\/2018\/04\/La-VolatA.jpg\" data-dt-img-description=\"\" data-large_image_width=\"1500\" data-large_image_height=\"1000\"><img loading=\"lazy\" decoding=\"async\" class=\"size-medium wp-image-46027 alignleft\" src=\"http:\/\/www.radiopiu.net\/wordpress\/wp-content\/uploads\/2018\/04\/La-VolatA-300x200.jpg\" alt=\"\" width=\"300\" height=\"200\" srcset=\"https:\/\/www.radiopiu.net\/wordpress\/wp-content\/uploads\/2018\/04\/La-VolatA-300x200.jpg 300w, https:\/\/www.radiopiu.net\/wordpress\/wp-content\/uploads\/2018\/04\/La-VolatA-768x512.jpg 768w, https:\/\/www.radiopiu.net\/wordpress\/wp-content\/uploads\/2018\/04\/La-VolatA-1024x683.jpg 1024w, https:\/\/www.radiopiu.net\/wordpress\/wp-content\/uploads\/2018\/04\/La-VolatA.jpg 1500w\" sizes=\"auto, (max-width: 300px) 100vw, 300px\" \/><\/a><\/strong><\/p>\n<p>&nbsp;<\/p>\n<p>&nbsp;<\/p>\n<p>&nbsp;<\/p>\n<p><strong>di GIANNI SANTOMASO<\/strong><\/p>\n<p><strong>AGORDO<\/strong> I soldi ci sono, servono le idee per il rilancio del turismo con una cabina di regia tutta agordina con pubblico e privato <em>&#8220;un momento storico&#8221;<\/em> ha dettto Renzo Minella nel recente incontro di marted\u00ec ad Agordo in Unione Montana.<\/p>\n<audio class=\"wp-audio-shortcode\" id=\"audio-83141-2\" preload=\"none\" style=\"width: 100%;\" controls=\"controls\"><source type=\"audio\/mpeg\" src=\"http:\/\/www.radiopiu.net\/wordpress\/wp-content\/uploads\/2019\/04\/GIANNI-TURISMO.mp3?_=2\" \/><a href=\"http:\/\/www.radiopiu.net\/wordpress\/wp-content\/uploads\/2019\/04\/GIANNI-TURISMO.mp3\">http:\/\/www.radiopiu.net\/wordpress\/wp-content\/uploads\/2019\/04\/GIANNI-TURISMO.mp3<\/a><\/audio>\n<h2>DALLA RASSEGNA STAMPA 805 RENZO MINELLA<\/h2>\n<audio class=\"wp-audio-shortcode\" id=\"audio-83141-3\" preload=\"none\" style=\"width: 100%;\" controls=\"controls\"><source type=\"audio\/mpeg\" src=\"http:\/\/www.radiopiu.net\/wordpress\/wp-content\/uploads\/2019\/04\/MINELLA.mp3?_=3\" \/><a href=\"http:\/\/www.radiopiu.net\/wordpress\/wp-content\/uploads\/2019\/04\/MINELLA.mp3\">http:\/\/www.radiopiu.net\/wordpress\/wp-content\/uploads\/2019\/04\/MINELLA.mp3<\/a><\/audio>\n<h2>SCHEDE PROGETTUALI E PROSSIME SCADENZE, DAL PRESIDENTE LUCHETTA<\/h2>\n<audio class=\"wp-audio-shortcode\" id=\"audio-83141-4\" preload=\"none\" style=\"width: 100%;\" controls=\"controls\"><source type=\"audio\/mpeg\" src=\"http:\/\/www.radiopiu.net\/wordpress\/wp-content\/uploads\/2019\/04\/GIANNI-SCADENZE.mp3?_=4\" \/><a href=\"http:\/\/www.radiopiu.net\/wordpress\/wp-content\/uploads\/2019\/04\/GIANNI-SCADENZE.mp3\">http:\/\/www.radiopiu.net\/wordpress\/wp-content\/uploads\/2019\/04\/GIANNI-SCADENZE.mp3<\/a><\/audio>\n<p>&nbsp;<\/p>\n<p>&nbsp;<\/p>\n<p>&nbsp;<\/p>\n<h2>COLLEGAMENTO COMELICO-PUSTERIA, &#8220;BASTA CON LE SORPRESE&#8221; DICE DE CARLO<\/h2>\n<p>DALLA RASSEGNA STAMPA DELLE 8.05 LUCA DE CARLO<\/p>\n<audio class=\"wp-audio-shortcode\" id=\"audio-83141-5\" preload=\"none\" style=\"width: 100%;\" controls=\"controls\"><source type=\"audio\/mpeg\" src=\"http:\/\/www.radiopiu.net\/wordpress\/wp-content\/uploads\/2019\/04\/DE-CARLO-SCI.mp3?_=5\" \/><a href=\"http:\/\/www.radiopiu.net\/wordpress\/wp-content\/uploads\/2019\/04\/DE-CARLO-SCI.mp3\">http:\/\/www.radiopiu.net\/wordpress\/wp-content\/uploads\/2019\/04\/DE-CARLO-SCI.mp3<\/a><\/audio>\n<p>&nbsp;<\/p>\n<p>Vertice sul collegamento Comelico-Pusteria. De Carlo: \u201cBasta con le sorprese e nuovi vincoli. La soluzione \u00e8 la conferenza dei servizi\u201d \u201cNell&#8217;uovo di Pasqua, il Comelico ha trovato la sorpresa pi\u00f9 sgradita: l&#8217;annuncio di nuovi vincoli da parte della Direzione Generale Archeologia e Belle Arti del Ministero per i beni e le attivit\u00e0 culturali, che rischiano di diventare la pietra tombale sul collegamento sciistico con la Pusteria. Lo ribadisco: la soluzione ora \u00e8 solo quella della conferenza dei servizi\u201d: l&#8217;onorevole cadorino e commissario veneto di Fratelli d&#8217;Italia, Luca De Carlo, commenta cos\u00ec a mente fredda l&#8217;esito dell&#8217;incontro avuto mercoled\u00ec a Roma.<\/p>\n<blockquote><p><em>\u201cSo che \u00e8 un percorso lungo, costoso, e impegnativo, ma, come gi\u00e0 detto con il Sindaco di Comelico Superiore, la conferenza dei servizi \u00e8 l&#8217;unico strumento che permette a tutte le realt\u00e0 coinvolte di mettere le carte sul tavolo per arrivare a una decisione\u201d, sottolinea De Carlo. \u201cCi siamo dati appuntamento con il MIBAC per il 15 maggio, ma \u00e8 necessario nel frattempo avviare l&#8217;iter della conferenza dei servizi. Per quanto possibile, mi metto a completa disposizione di tutti, nel pieno rispetto dei ruoli\u201d.<\/em><\/p><\/blockquote>\n<p>&nbsp;<\/p>\n<p>&nbsp;<\/p>\n<p>&nbsp;<\/p>\n<h2>NO ALLA CHIUSURA DEL CENTRO DI CONTROLLO ENEL DI POLPET<\/h2>\n<p><strong>RUDI ROFFARE&#8217; DALLA RASSEGNA STAMPA E DAL NOTIZIARIO PRINCIPALE DELLE 12.30<\/strong><\/p>\n<audio class=\"wp-audio-shortcode\" id=\"audio-83141-6\" preload=\"none\" style=\"width: 100%;\" controls=\"controls\"><source type=\"audio\/mpeg\" src=\"http:\/\/www.radiopiu.net\/wordpress\/wp-content\/uploads\/2019\/04\/RUDI-ROFFARE.mp3?_=6\" \/><a href=\"http:\/\/www.radiopiu.net\/wordpress\/wp-content\/uploads\/2019\/04\/RUDI-ROFFARE.mp3\">http:\/\/www.radiopiu.net\/wordpress\/wp-content\/uploads\/2019\/04\/RUDI-ROFFARE.mp3<\/a><\/audio>\n<p>&nbsp;<\/p>\n<div align=\"left\"><strong>BELLUNO<\/strong> La Cisl Belluno-Treviso contesta con fermezza le intenzioni di chiudere il centro di controllo Enel di Polpet e in una nota afferma che far\u00e0 il<span style=\"color: #000000; font-family: Helvetica;\"> possibile per impedire una scelta\u00a0 definita miope e poco lungimirante. Questo accade mentre il mercato sposta produzione e vendita dell\u2019energia a competitori privati. Le stesse centrali idroelettriche del bellunese sono passate ad altre aziende. No dunque\u00a0 della Cisl, attraverso le parole del segretario generale aggiunto Rudy Roffar\u00e8, alla chiusura del centro di Polpet, decisione appresa dalla Cisl nel corso dell\u2019incontro svoltosi mercoled\u00ec a Roma fra organizzazioni sindacali di categoria e la direzione Enel.<\/span><\/div>\n<blockquote>\n<div align=\"left\"><em><span style=\"color: #000000; font-family: Helvetica;\"><a class=\"dt-pswp-item\" href=\"http:\/\/www.radiopiu.net\/wordpress\/wp-content\/uploads\/2018\/05\/roffare.jpg\" data-dt-img-description=\"\" data-large_image_width=\"960\" data-large_image_height=\"959\"><img loading=\"lazy\" decoding=\"async\" class=\"alignleft wp-image-48457\" src=\"http:\/\/www.radiopiu.net\/wordpress\/wp-content\/uploads\/2018\/05\/roffare-300x300.jpg\" alt=\"\" width=\"212\" height=\"212\" srcset=\"https:\/\/www.radiopiu.net\/wordpress\/wp-content\/uploads\/2018\/05\/roffare-300x300.jpg 300w, https:\/\/www.radiopiu.net\/wordpress\/wp-content\/uploads\/2018\/05\/roffare-150x150.jpg 150w, https:\/\/www.radiopiu.net\/wordpress\/wp-content\/uploads\/2018\/05\/roffare-768x767.jpg 768w, https:\/\/www.radiopiu.net\/wordpress\/wp-content\/uploads\/2018\/05\/roffare.jpg 960w\" sizes=\"auto, (max-width: 212px) 100vw, 212px\" \/><\/a>\u201cTra Auronzo e Treviso ci sono oltre 60 centrali elettriche medio-grandi, tutte controllate dal centro di Polpet &#8211; spiega Roffar\u00e8 &#8211; e chiuderlo, a favore di un controllo a distanza di migliaia di chilometri, \u00e8 sbagliato perch\u00e9 verranno a mancare il coordinamento e il monitoraggio fisico. Inoltre, va sottolineato che, in cambio di limitate economie di scala aziendali che poco incidono sui risultati operativi di bilancio, si rischia di compromettere la presenza sul territorio di tecnici qualificati e professionali, custodi di conoscenze che vanno oltre gli aspetti tecnici: conoscono tutte le vallate e i loro torrenti, riescono a controllare l\u2019intero complesso sistema di dighe, i canali artificiali, molti dei quali attraversano le montagne in gallerie. <\/span><span style=\"color: #000000; font-family: Helvetica;\">Il sistema Bellunese &#8211; prosegue Roffar\u00e8 &#8211; \u00e8 una grande struttura di vasi comunicanti e in caso di alluvioni eccezionali, come quella di ottobre, \u00e8 proprio la presenza sul territorio di persone preparate a garantire la sicurezza dei cittadini e limitare i danni a valle, lungo il corso del Piave: non bastano i sensori. Il nostro territorio ha gi\u00e0 pagato in termini di vite e paga ancora lo sfruttamento idrico. I cambiamenti climatici c\u2019impongono di ripensare il modo di consumare e di produrre l\u2019energia, quindi non siamo contrari all\u2019energia pulita come l\u2019idroelettrico. Ma tutto ci\u00f2 va valutato con attenzione. <\/span><span style=\"color: #000000; font-family: Helvetica;\">Invitiamo tutto il territorio a fare squadra su questo tema &#8211; conclude Roffar\u00e8 -, perch\u00e9 come per altre situazioni (sanit\u00e0, collegamenti sciistici, servizi pubblici e privati, trasporto pubblico, infrastrutture ferroviarie e stradali e universit\u00e0), le scelte non possono essere solo di mera convenienza economica, ma devono avere una regia politica e territoriale\u201d.<\/span><\/em><\/div>\n<\/blockquote>\n<p>&nbsp;<\/p>\n<h2>CHIUSURA DEL CENTRO DI POLPET, IL PARERE DI DARIO BOND<\/h2>\n<audio class=\"wp-audio-shortcode\" id=\"audio-83141-7\" preload=\"none\" style=\"width: 100%;\" controls=\"controls\"><source type=\"audio\/mpeg\" src=\"http:\/\/www.radiopiu.net\/wordpress\/wp-content\/uploads\/2019\/04\/bond-1.mp3?_=7\" \/><a href=\"http:\/\/www.radiopiu.net\/wordpress\/wp-content\/uploads\/2019\/04\/bond-1.mp3\">http:\/\/www.radiopiu.net\/wordpress\/wp-content\/uploads\/2019\/04\/bond-1.mp3<\/a><\/audio>\n<p>&nbsp;<\/p>\n<p>&nbsp;<\/p>\n<p>&nbsp;<\/p>\n<p>&nbsp;<\/p>\n<h3>\u00a0SETTORE AGRICOLO IN CRISI DA RILANCIARE DE CARLO FA APPROVARE UN PROVVEDIMENTO<\/h3>\n<p>DAL NOTIZIARIO PRINCIPALE LUCA DE CARLO<\/p>\n<audio class=\"wp-audio-shortcode\" id=\"audio-83141-8\" preload=\"none\" style=\"width: 100%;\" controls=\"controls\"><source type=\"audio\/mpeg\" src=\"http:\/\/www.radiopiu.net\/wordpress\/wp-content\/uploads\/2019\/04\/DE-CARO-KIWI.mp3?_=8\" \/><a href=\"http:\/\/www.radiopiu.net\/wordpress\/wp-content\/uploads\/2019\/04\/DE-CARO-KIWI.mp3\">http:\/\/www.radiopiu.net\/wordpress\/wp-content\/uploads\/2019\/04\/DE-CARO-KIWI.mp3<\/a><\/audio>\n<p>&nbsp;<\/p>\n<p><strong>ROMA<\/strong> \u201cIl Governo ha approvato un decreto legge rivolto al settore agricolo colpito da eventi calamitosi, in origine l\u2019intero provvedimento era particolarmente sbilanciato al Sud Italia, nello specifico si intendeva intervenire in sostegno del settore olivicolo pugliese e al comparto del latte ovino della regione Sardegna. \u00a0&#8220;<em>Sebbene le intenzioni del Governo &#8211; dice Luca De Carlo di Fratelli D&#8217;Italia &#8211;\u00a0 fossero concentrate su dei settori in emergenza conclamata, l\u2019agricoltura necessita di interventi strutturali, la montagna poi di interventi mirati, quindi ho presentato un ordine del giorno, affinch\u00e9 il Governo si impegni ad implementare una serie di iniziative volte alla tutela dell\u2019agricoltura di montagna, scongiurandone cos\u00ec l\u2019abbandono delle terre coltivate e favorendone il sostegno e il mantenimento delle attivit\u00e0 che ad oggi, con difficolt\u00e0, operano in zone montane. L\u2019Ordine del giorno \u00e8 stato accolto favorevolmente ed un altro passo in avanti in difesa del settore primario \u00e8 stato fatto\u201d.<\/em><\/p>\n<p>&nbsp;<\/p>\n<p>&nbsp;<\/p>\n<p>&nbsp;<\/p>\n<h3>JEEP CAMP IN TRENTINO, PER VIVAIO DOLOMITI OCCASIONE PERSA PER IL NEVEGAL<\/h3>\n<blockquote>\n<h3><em>Treni passati e mai presi.<\/em><\/h3>\n<\/blockquote>\n<p><strong>BELLUNO<\/strong> Altra opportunit\u00e0. persa:Il gruppo FCA (Fiat Chrysler Automobile) ha scelto come sede per il suo Jeep Camp San Martino di Castrozza (Trento). Malgrado il Nevegal avesse dalla sua moltissimi punti di forza, fra i quali l&#8217;accessibilit\u00e0 per la vicinanza degli aeroporti e delle assi viarie e un paesaggio ineguagliabile per bellezza, la scelta \u00e8 caduta sulla localit\u00e0 trentina.<\/p>\n<blockquote><p><em><a class=\"dt-pswp-item\" href=\"http:\/\/www.radiopiu.net\/wordpress\/wp-content\/uploads\/2018\/04\/vivaio-dolomiti.jpg\" data-dt-img-description=\"\" data-large_image_width=\"180\" data-large_image_height=\"142\"><img loading=\"lazy\" decoding=\"async\" class=\" wp-image-47082 alignleft\" src=\"http:\/\/www.radiopiu.net\/wordpress\/wp-content\/uploads\/2018\/04\/vivaio-dolomiti.jpg\" alt=\"\" width=\"136\" height=\"107\" \/><\/a>&#8220;La titubanza delle istituzioni bellunesi &#8211; afferma Vivaio Bellunese &#8211;\u00a0 ha fatto la differenza. Gli operatori del Nevegal erano tutti entusiasti e si erano resi disponibili a dare il loro supporto, per quanto di competenza, all\u2019organizzazione, ma nelle altre localit\u00e0 che erano in lizza per ospitare il Jeep Camp le amministrazioni hanno steso i tappeti rossi al colosso automobilistico, mentre da noi si \u00e8 cominciato a ragionare sull\u2019impatto ambientale, sul problema degli alberi caduti da rimuovere. Per tre giorni? I treni passano, o si prendono o si rimane in stazione e qui ormai sono anni che siamo fermi, perch\u00e9 manca una regia. Peccato, c&#8217;era estremo bisogno per l&#8217;economia e la promozione del territorio di un evento di questa portata, ma ancora una volta ci siamo persi per strada&#8221;.<\/em><\/p><\/blockquote>\n<p>Vivaio Dolomiti, consapevole della sua importanza e dell\u2019indotto che avrebbe portato all\u2019intero territorio, comunale e provinciale, ha cercato di promuovere questa iniziativa, che altrimenti sarebbe passata sotto traccia come chiss\u00e0 quante altre.<\/p>\n<p>&nbsp;<\/p>\n<p>&nbsp;<\/p>\n<p>&nbsp;<\/p>\n<p>&nbsp;<\/p>\n<h3>TURISMO SOSTENIBILE, EMOZIONALE E TEMATICO CON IL PROGETTO FUTOURIST<\/h3>\n<blockquote><p><em>Il piano di promozione del patrimonio naturale e culturale alpino con percorsi e prodotti turistici CO2 free ed eco-sostenibil<\/em>i<\/p><\/blockquote>\n<p><strong>BELLUNO<\/strong>\u00a0Sono 40 gli itinerari e le azioni tematiche d\u2019 interesse naturale e culturale che verranno valorizzate attraverso attivit\u00e0 progettuali all&#8217;interno di 7 aree selezionate, 3 in provincia di Belluno, 1 ad Asiago e 3 in Tirolo. Parliamo di turismo sostenibile emozionale e tematico, attento e volto alla conservazione dei preziosi patrimoni della natura, attraverso percorsi di educazione ambientale, su cui sta investendo la Camera di Commercio di Treviso \u2013 Belluno.\u00a0 Nel territorio bellunese sono state organizzate significative giornate di coaching, il 21 marzo 2019 a Trichiana in localit\u00e0 Pranolz\u00a0 dove Alessandra Magagnin, amministratore unico della DMO Dolomiti ha presentato il progetto Fouturist e ha guidato i partecipanti in un escursione lungo il percorso \u201cAnello delle Melere\u201d A questo incontro ha partecipato anche il Segretario Generale della Camera di Commercio di Treviso \u2013 Belluno Romano Tiozzo che ha affermato: <em>\u201cLa Camera di Commercio, incaricata dal Governo, della nuova competenza sul turismo e sulla promozione dei territori, sta investendo competenze e risorse per portare avanti con successo le progettualit\u00e0 di un turismo inclusivo e sostenibile, capace di promuovere i territori e di favorire le imprese della ricettivit\u00e0 creando una rete in cui l\u2019ospite venga guidato e accompagnato a scoprire i luoghi incontaminati delle mete montane. Il progetto Fouturist ha il pregio, infatti, di promuovere il territorio attraverso la valorizzazione di percorsi e prodotti turistici \u201cCO2 free\u201d ed eco-sostenibili&#8221;. <\/em>Gli appuntamenti del mese di marzo si sono conclusi con la seconda giornata di coaching presso la Camera di Commercio CCIAA di Treviso-Belluno. L&#8217;incontro del 25 marzo 2019, &#8220;Le reti di impresa: opportunit\u00e0 per lo sviluppo del turismo sostenibile&#8221;.<\/p>\n<p>&nbsp;<\/p>\n<p>&nbsp;<\/p>\n<p>&nbsp;<\/p>\n<div class=\"page-title-head hgroup\">\n<h1 class=\"entry-title\">I RICONOSCIMENTI SOTTO AL TENDONE DELLA SAGRA DE PASCA<\/h1>\n<p>dal NOTIZIARIO PRINCIPALE DI MARCO GAZ<\/p>\n<\/div>\n<div class=\"page-title-breadcrumbs\">\n<audio class=\"wp-audio-shortcode\" id=\"audio-83141-9\" preload=\"none\" style=\"width: 100%;\" controls=\"controls\"><source type=\"audio\/mpeg\" src=\"http:\/\/www.radiopiu.net\/wordpress\/wp-content\/uploads\/2019\/04\/gr-19-sagra-de-pasca-riconoscimenti-.mp3?_=9\" \/><a href=\"http:\/\/www.radiopiu.net\/wordpress\/wp-content\/uploads\/2019\/04\/gr-19-sagra-de-pasca-riconoscimenti-.mp3\">http:\/\/www.radiopiu.net\/wordpress\/wp-content\/uploads\/2019\/04\/gr-19-sagra-de-pasca-riconoscimenti-.mp3<\/a><\/audio>\n<\/div>\n<blockquote class=\"wp-embedded-content\" data-secret=\"Niz8QLSzc5\"><p><a href=\"http:\/\/www.radiopiu.net\/wordpress\/i-riconoscimenti-sotto-al-tendone-della-sagra-de-pasca\/\">I RICONOSCIMENTI SOTTO AL TENDONE DELLA SAGRA DE PASCA<\/a><\/p><\/blockquote>\n<p><iframe loading=\"lazy\" class=\"wp-embedded-content\" sandbox=\"allow-scripts\" security=\"restricted\" style=\"position: absolute; clip: rect(1px, 1px, 1px, 1px);\" src=\"http:\/\/www.radiopiu.net\/wordpress\/i-riconoscimenti-sotto-al-tendone-della-sagra-de-pasca\/embed\/#?secret=Niz8QLSzc5\" data-secret=\"Niz8QLSzc5\" width=\"600\" height=\"338\" title=\"&#8220;I RICONOSCIMENTI SOTTO AL TENDONE DELLA SAGRA DE PASCA&#8221; &#8212; Radio Pi\u00f9\" frameborder=\"0\" marginwidth=\"0\" marginheight=\"0\" scrolling=\"no\"><\/iframe><\/p>\n<p>&nbsp;<\/p>\n<p>&nbsp;<\/p>\n<p>&nbsp;<\/p>\n<h2>1000 EURO PER I VOLONTARI DI CANALE D&#8217;AGORDO DALLO SCI CLUB COLFOSCO<\/h2>\n<p><strong><a class=\"dt-pswp-item\" href=\"http:\/\/www.radiopiu.net\/wordpress\/wp-content\/uploads\/2016\/02\/vigili-del-fuoco-in-forze-a-correzzana-per-una-canna-fumaria-in-fiamme_a49aa786-9e8a-11e5-90de-ad40dacfc2e9_998_397_big_story_detail.jpg\" data-dt-img-description=\"\" data-large_image_width=\"998\" data-large_image_height=\"397\"><img loading=\"lazy\" decoding=\"async\" class=\"size-medium wp-image-17137 alignleft\" src=\"http:\/\/www.radiopiu.net\/wordpress\/wp-content\/uploads\/2016\/02\/vigili-del-fuoco-in-forze-a-correzzana-per-una-canna-fumaria-in-fiamme_a49aa786-9e8a-11e5-90de-ad40dacfc2e9_998_397_big_story_detail-300x119.jpg\" alt=\"\" width=\"300\" height=\"119\" \/><\/a>SUSEGANA<\/strong> Lo Sci Club Colfosco ai vigili del fuoco di Canale d&#8217;Agordo ha consegnato un assegno da 1000 euro, un aiuto dopo li giorni dell&#8217;uragano Vaia di fine ottobre.\u00a0 La consegna nella serata della cena sociale \u00a0alla presenza dell\u2019assessore allo sport di Susegana <strong>Matteo Bardin<\/strong>, <strong>Mirco Secchi<\/strong>\u00a0e\u00a0<strong>Paolo De Rocco<\/strong>, vicepresidente e presidente dei Vigili del fuoco, insieme al presidente dello Sci Club Colfosco <strong>Adriano Roccon<\/strong>\u00a0e al vicepresidente\u00a0<strong>Gabriele Pini<\/strong>.<\/p>\n<p><strong>ARTICOLO COMPLETO SU Qdpnews.it CLICCA<span style=\"color: #0000ff;\"> <a style=\"color: #0000ff;\" href=\"https:\/\/www.qdpnews.it\/sport-susegana\/27670-sci-club-colfosco-consegnati-i-1-000-euro-raccolti-in-favore-dei-pompieri-volontari-di-canale-d-agordo?fbclid=IwAR3yo9DZbw1fg2rjGqiv0V9s-Gl9awlhSLq3FmkW7J2b43j4u-d8wyfzYaU\">QUI\u00a0<\/a><\/span><\/strong><\/p>\n<p>&nbsp;<\/p>\n<p>&nbsp;<\/p>\n<p>&nbsp;<\/p>\n<h2>IL PREMIO SIMPATIA PER IL COCKTAIL ALLA VANIGLIA<\/h2>\n<p><strong>LONGARONE <\/strong>Si \u00e8 tenuto venerd\u00ec 12 aprile scorso, presso l&#8217;Auditorium della Provincia di Treviso, il Concorso Nazionale Cocktail 2019 &#8211; XVII Concorso \u201cMeno alcol\u2026 pi\u00f9 spirito\u201d, organizzato dall&#8217;IPSSAR &#8220;Massimo Alberini&#8221; di Lancenigo di Villorba \u2013 TV. Ad aggiudicarsi il Premio Barman Simpatia con 78,5 di punteggio \u00e8 stata Chiara Dapoz, alunna del quarto anno dell\u2019IPSSAR &#8220;D. Dolomieu&#8221; di Longarone \u2013 BL, seguita dal prof. Salvatore Grosso, che nel segno della Citt\u00e0 del Gelato e delle splendide montagne che la circondano, ha proposto un cocktail a base di gelato dal nome Enrosadira, ispirato alle Dolomiti. La ricetta del cocktail ENROSADIRA\u2026 Long drink \u201cenergizzante\u201d: 15 ml Grappa suite n.5 (Castagner)\u00a0 50 g Gelato alla Vaniglia\u00a0 60 ml Latte Busche (fresco alta qualit\u00e0)\u00a0 30 ml Sciroppo di Fragola\u00a0 4\/5 Cubetti di ghiaccio. Accompagna la presentazione del cocktail anche una bellissima poesia dedicata alle Dolomiti: Enrosadira\u2026 \u201cmagia delle Dolomiti al tramontar del sole\u201d.<\/p>\n<p>Alzar lo sguardo viaggiator<\/p>\n<p>verso le maestose cime delle Dolomiti null\u2019altro vedrebbe se<\/p>\n<p>non roccia e neve\u2026<\/p>\n<p>Riempir gli occhi di tristezza<\/p>\n<p>all\u2019avventurier disperso,<\/p>\n<p>al calar del sole tra il d\u00ec<\/p>\n<p>e la notte fonda\u2026<\/p>\n<p>Alzar gli occhi verso<\/p>\n<p>le medesime montagne al<\/p>\n<p>tramontar: un bagliore<\/p>\n<p>di color rosa tenue vedrebbe<\/p>\n<p>affascinar i suoi occhi e<\/p>\n<p>riempire in cuor suo gioia<\/p>\n<p>a piena lacrima\u2026<\/p>\n<p>Scivolare ad accarezzar il volto dello<\/p>\n<p>splendore del Tramontar\u2026<\/p>\n<p>&nbsp;<\/p>\n<p>&nbsp;<\/p>\n<p>&nbsp;<\/p>\n<h2>OUTDOOR FEST, THE ADVENTURE IS COMING<\/h2>\n<p><strong><em><a class=\"dt-pswp-item\" href=\"http:\/\/www.radiopiu.net\/wordpress\/wp-content\/uploads\/2019\/04\/57555399_1022400811483055_9101634934061137920_o.jpg\" data-dt-img-description=\"\" data-large_image_width=\"2048\" data-large_image_height=\"1386\"><img loading=\"lazy\" decoding=\"async\" class=\"alignleft wp-image-83148\" src=\"http:\/\/www.radiopiu.net\/wordpress\/wp-content\/uploads\/2019\/04\/57555399_1022400811483055_9101634934061137920_o-300x203.jpg\" alt=\"\" width=\"176\" height=\"119\" srcset=\"https:\/\/www.radiopiu.net\/wordpress\/wp-content\/uploads\/2019\/04\/57555399_1022400811483055_9101634934061137920_o-300x203.jpg 300w, https:\/\/www.radiopiu.net\/wordpress\/wp-content\/uploads\/2019\/04\/57555399_1022400811483055_9101634934061137920_o-768x520.jpg 768w, https:\/\/www.radiopiu.net\/wordpress\/wp-content\/uploads\/2019\/04\/57555399_1022400811483055_9101634934061137920_o-1024x693.jpg 1024w, https:\/\/www.radiopiu.net\/wordpress\/wp-content\/uploads\/2019\/04\/57555399_1022400811483055_9101634934061137920_o.jpg 2048w\" sizes=\"auto, (max-width: 176px) 100vw, 176px\" \/><\/a>in collaborazione Dolomites Madness<\/em><\/strong><\/p>\n<p>Da San Candido a Rocca Pietore. Il team organizzativo di Fabio Cavallari \u00e8 arrivato in Agordino, con tutto il suo carico di entusiasmo ed esperienza. Ad accoglierli operatori turistici e amministratori e tutto lo staff di Dolomites Maadness, capitanato da Emma Taveri, per una ricca anticipazione della settima edizione di Adventure Outdoor Fest, che porter\u00e0 dal 25 al 28 luglio\u00a0 sul territorio i migliori atleti e sportivi da tutta Italia. Quattro giornate di trekking, running, arrampicate, bicicletta, orientiring e passeggiate in alta quota, per tutti i gusti e tutti i fisici. E poi spettacoli, concerti, benessere e meditazione; campi di sopravvivenza per grandi e piccini con un solo grande obiettivo: superare stress e antiche paure. L\u2019organizzazione \u00e8 aperta alla partecipazione e ai contributi di ristoratori, albergatori e imprenditori del turismo locale.<\/p>\n<p><strong>Ai microfoni di Radio Pi\u00f9 Fabio Cavallari, responsabile marketing di adventures outdoor festival. <\/strong><\/p>\n<audio class=\"wp-audio-shortcode\" id=\"audio-83141-10\" preload=\"none\" style=\"width: 100%;\" controls=\"controls\"><source type=\"audio\/mpeg\" src=\"http:\/\/www.radiopiu.net\/wordpress\/wp-content\/uploads\/2019\/04\/fabio-cavalarti.mp3?_=10\" \/><a href=\"http:\/\/www.radiopiu.net\/wordpress\/wp-content\/uploads\/2019\/04\/fabio-cavalarti.mp3\">http:\/\/www.radiopiu.net\/wordpress\/wp-content\/uploads\/2019\/04\/fabio-cavalarti.mp3<\/a><\/audio>\n<p>&nbsp;<\/p>\n<p>&nbsp;<\/p>\n<p>&nbsp;<\/p>\n<h2>AUGURI DE ROSSI! IN MEZZO SECOLO \u201cSFORNATI\u201d PROFESSIONISTI\/E CHE SI SONO FATTI ONORE<\/h2>\n<p><strong>FALCADE<\/strong>\u00a0L\u2019Istituto d\u2019Istruzione Superiore Follador De Rossi di Agordo e Falcade (scuola e convitto) si prepara a festeggiare i 50 anni dell\u2019alberghiero di Falcade, la festa il prossimo 3 maggio alle 10.30 al palazzetto Dolomiti (vino alla scuola). Una mattinata per ricordare un\u2019importante storia iniziata nel 1969.<\/p>\n<h2><\/h2>\n<p>&nbsp;<\/p>\n<p>&nbsp;<\/p>\n<h2>L&#8217;OMAGGIO ALLA CAMPIONESSE D&#8217;ITALIA<\/h2>\n<p><strong>ALLEGHE <\/strong>Mercoledi alle 18.30 il consiglio comunale di Alleghe consegner\u00e0 alla squadra femminile di hockey su ghiaccio una targa per la vittoria del campionato nazionale di serie A. La cerimonia nella sala consigliare del Municipio.<\/p>\n<h3><\/h3>\n<h3><\/h3>\n<h3>IL CONSIGLIO COMUNALE VARA IL REGOLAMENTO PER LA VIDEO SORVEGLIANZA<\/h3>\n<p><strong>RIVAMONTE<\/strong> Tre soli punti all&#8217;ordine del giorno del consiglio comunale convocato per mercoledi alle 19, in primo piano l&#8217;approvazione del rendiconto della gestione 2018, variazioni al bilancio di previsione e l&#8217;approvazione del regolamento sulla video sorveglianza.<\/p>\n<div dir=\"auto\"><\/div>\n<div dir=\"auto\"><\/div>\n<blockquote>\n<div dir=\"auto\"><\/div>\n<\/blockquote>\n<h3 dir=\"auto\">FESTA DELLA LIBERAZIONE IN MUNICIPIO<\/h3>\n<div dir=\"auto\"><strong>COLLE SANTA LUCIA<\/strong> Giovedi 25 aprile consiglio comunale a Colle Santa Lucia, alle 8 di mattina nonostante il giorno di festa nel ricordo della Liberazione. All&#8217;ordine del giorno la terza variazione al bilancio, l&#8217;approvazione di alcune convenzioni, il contributo per la messa in sicurezza di scuole, strade, edifici pubblici e patrimonio comunale. In chiusura del comunicazioni del sindaco Paolo Frena.<\/div>\n<div dir=\"auto\"><\/div>\n<div dir=\"auto\"><\/div>\n<div dir=\"auto\"><\/div>\n<div dir=\"auto\"><\/div>\n<div dir=\"auto\"><\/div>\n<h2 dir=\"auto\">SELEZIONE PERSONALE CON L&#8217;AZIENDA SPECIALE CONSORTILE AGORDINA<\/h2>\n<div dir=\"auto\"><strong>AGORDO\u00a0<\/strong> ASCA ha indetto una nuova selezione pubblica finalizzata alla formulazione di una graduatoria cui attingere per l\u2019assunzione a tempo determinato e indeterminato di OPERATORE SOCIO -SANITARIO.<\/div>\n<div dir=\"auto\">\n<p>Le modalit\u00e0 di presentazione della domanda si trovano sul sito aziendale www.servizisocialiasca.it. Il termine perentorio previsto per la presentazione della candidatura \u00e8 fissato per marted\u00ec 14 maggio 2019 entro le ore 12.00, mentre le selezioni verranno effettuate a partire dal giorno 23 maggio 2019.<\/p>\n<\/div>\n<p>&nbsp;<\/p>\n<p>&nbsp;<\/p>\n<h3><\/h3>\n<h3>PER I 30 ANNI DI GEMELLAGGIO AGORDO-ZUGLIANO IL LIBRO &#8220;IL FILO DELLA SETA TRA AGORDO E ZUGLIANO&#8221;.<\/h3>\n<p><a class=\"dt-pswp-item\" href=\"http:\/\/www.radiopiu.net\/wordpress\/wp-content\/uploads\/2019\/04\/20190413_Sindaco-AgordoESindaciZugliano-300x180-1.jpg\" data-dt-img-description=\"\" data-large_image_width=\"300\" data-large_image_height=\"180\"><img loading=\"lazy\" decoding=\"async\" class=\"alignleft size-medium wp-image-83146\" src=\"http:\/\/www.radiopiu.net\/wordpress\/wp-content\/uploads\/2019\/04\/20190413_Sindaco-AgordoESindaciZugliano-300x180-1-300x180.jpg\" alt=\"\" width=\"300\" height=\"180\" \/><\/a><\/p>\n<blockquote>\n<h3><em>il racconto della presentazione di Claudia Cattadori.<\/em><\/h3>\n<\/blockquote>\n<p>Sabato 13 aprile il Sindaco di Agordo Sisto Da Roit, i rappresentanti del Circolo Culturale Agordino e del Comitato di Gemellaggio sono stati accolti dalla Comunit\u00e0 di Zugliano per celebrare i 30 anni dell&#8217;unione tra i due paesi. Con l&#8217;occasione \u00e8 stato presentato il libro, fresco di stampa, &#8220;Il filo di seta tra Agordo e Zugliano&#8221;<\/p>\n<p>audio DAL GIORNALE RADIO PRINCIPALE<\/p>\n<audio class=\"wp-audio-shortcode\" id=\"audio-83141-11\" preload=\"none\" style=\"width: 100%;\" controls=\"controls\"><source type=\"audio\/mpeg\" src=\"http:\/\/www.radiopiu.net\/wordpress\/wp-content\/uploads\/2019\/04\/CLAUDIA.mp3?_=11\" \/><a href=\"http:\/\/www.radiopiu.net\/wordpress\/wp-content\/uploads\/2019\/04\/CLAUDIA.mp3\">http:\/\/www.radiopiu.net\/wordpress\/wp-content\/uploads\/2019\/04\/CLAUDIA.mp3<\/a><\/audio>\n<p>&nbsp;<\/p>\n<p>&nbsp;<\/p>\n<p>&nbsp;<\/p>\n<p>&nbsp;<\/p>\n<p>&nbsp;<\/p>\n<h2>UN ANNO DI VOLONTARIATO E SCAMBI CON IL COMITATO D&#8217;INTESA<\/h2>\n<p><strong><a class=\"dt-pswp-item\" href=\"http:\/\/www.radiopiu.net\/wordpress\/wp-content\/uploads\/2019\/04\/Ragazze-volontarie-del-Comitato-dIntesa-con-amici-e-colleghi-alla-mostra-Storie-di-inclusione.jpg\" data-dt-img-description=\"\" data-large_image_width=\"1600\" data-large_image_height=\"1200\"><img loading=\"lazy\" decoding=\"async\" class=\"alignleft size-medium wp-image-83142\" src=\"http:\/\/www.radiopiu.net\/wordpress\/wp-content\/uploads\/2019\/04\/Ragazze-volontarie-del-Comitato-dIntesa-con-amici-e-colleghi-alla-mostra-Storie-di-inclusione-300x225.jpg\" alt=\"\" width=\"300\" height=\"225\" srcset=\"https:\/\/www.radiopiu.net\/wordpress\/wp-content\/uploads\/2019\/04\/Ragazze-volontarie-del-Comitato-dIntesa-con-amici-e-colleghi-alla-mostra-Storie-di-inclusione-300x225.jpg 300w, https:\/\/www.radiopiu.net\/wordpress\/wp-content\/uploads\/2019\/04\/Ragazze-volontarie-del-Comitato-dIntesa-con-amici-e-colleghi-alla-mostra-Storie-di-inclusione-768x576.jpg 768w, https:\/\/www.radiopiu.net\/wordpress\/wp-content\/uploads\/2019\/04\/Ragazze-volontarie-del-Comitato-dIntesa-con-amici-e-colleghi-alla-mostra-Storie-di-inclusione-1024x768.jpg 1024w, https:\/\/www.radiopiu.net\/wordpress\/wp-content\/uploads\/2019\/04\/Ragazze-volontarie-del-Comitato-dIntesa-con-amici-e-colleghi-alla-mostra-Storie-di-inclusione.jpg 1600w\" sizes=\"auto, (max-width: 300px) 100vw, 300px\" \/><\/a>BELLUNO <\/strong>\u00a0Un intero anno di scambi, nel segno del volontariato, quello tra il Comitato d&#8217;Intesa di Belluno e due ragazze provenienti da Turchia e Albania. Hanno appena lasciato la terra bellunese, infatti, Beril Kaya, 24 anni di Istanbul, e Anisa Zeqja, 30 anni di Durazzo. Sono rimaste in Italia dall&#8217;aprile 2018 fino ad oggi, prendendo parte al secondo progetto SVE long-term (servizio volontario europeo) del Comitato d\u2019Intesa; quest&#8217;ultimo ricade all&#8217;interno di un progetto finanziato dal programma Erasmus+ chiamato \u201cEVS Radio Network\u201d. Un anno fa, al loro arrivo, le ragazze hanno incontrato il direttore di Abm Bellunesi nel Mondo, Marco Crepaz, che ha presentato loro l&#8217;associazione e mostrato gli studi della web radio, dove Beril e Anisa hanno prestato principalmente il loro servizio. Qui hanno potuto realizzare due programmi radio settimanali (\u201cStories of Beril\u201d di Beril e \u201cCambiare Idee\u201d di Anisa). I temi trattati sono stati scelti liberamente dalla volontarie, spaziando dalla diversit\u00e0 culturale alla problematica delle droghe fino alle culture dei rispettivi paesi. In parallelo, in collaborazione con diverse associazioni locali e con alcune scuole del capoluogo, le ragazze hanno realizzato, presso il Liceo \u201cDal Piaz\u201d di Feltre, l\u2019Istituto \u201cCatullo\u201d e i Licei \u201cRenier\u201d di Belluno, una serie di workshop in lingua inglese; l\u2019obiettivo \u00e8 stato presentare il programma Erasmus+, ma anche affrontare altri temi, come la diversit\u00e0 culturale e gli stereotipi. Questi workshop sono stati realizzati all\u2019interno di un percorso di alternanza scuola-lavoro. Ad ottobre hanno collaborato all\u2019allestimento di una mostra e ad eventi in occasione degli \u201cErasmus days\u201d (12 e 13 ottobre), due giornate europee per raccontare ai giovani di oltre 20 Paesi cos&#8217;\u00e8 il programma Erasmus+ e quali sono le opportunit\u00e0 offerte. Infine hanno collaborato alla presentazione del libro \u201cTales of inclusion\u201d (storie di inclusione). Il testo contiene 30 poesie scritte dai partecipanti (italiani, slovacchi, bulgari, ungheresi e rumeni) nelle rispettive lingue, costruite partendo da acrostici nati dall&#8217;osservazione di opere d&#8217;arte e testi letterari. In parallelo, \u00e8 stata realizzata anche una mostra con alcuni designi contenuti nel libro<\/p>\n<p>&nbsp;<\/p>\n<p>&nbsp;<\/p>\n<p>&nbsp;<\/p>\n<p>&nbsp;<\/p>\n<p>&nbsp;<\/p>\n<h2>CANAZEI NON VUOLE I CICLISTI IN PEDATA LIBERA? L&#8217;AGORDINO FA SPALLUCCE E SI GODE IL DOLOMITES BIKE DAY<\/h2>\n<blockquote><p><em>DOLOMITES BIKE DAY 2019: SI RITORNA AL TRACCIATO ORIGINALE<\/em><\/p><\/blockquote>\n<p><strong><a class=\"dt-pswp-item\" href=\"http:\/\/www.radiopiu.net\/wordpress\/wp-content\/uploads\/2019\/04\/logo-dolomites-bike-day.jpg\" data-dt-img-description=\"\" data-large_image_width=\"580\" data-large_image_height=\"623\"><img loading=\"lazy\" decoding=\"async\" class=\"alignleft wp-image-83139\" src=\"http:\/\/www.radiopiu.net\/wordpress\/wp-content\/uploads\/2019\/04\/logo-dolomites-bike-day-279x300.jpg\" alt=\"\" width=\"217\" height=\"233\" srcset=\"https:\/\/www.radiopiu.net\/wordpress\/wp-content\/uploads\/2019\/04\/logo-dolomites-bike-day-279x300.jpg 279w, https:\/\/www.radiopiu.net\/wordpress\/wp-content\/uploads\/2019\/04\/logo-dolomites-bike-day.jpg 580w\" sizes=\"auto, (max-width: 217px) 100vw, 217px\" \/><\/a>ROCCA PIETORE<\/strong> Lanciato come il \u201cbike day\u201d pi\u00f9 grande d\u2019Europa, gli organizzatori del tanto atteso Dolomites Bike Day, in agenda domenica 16 giugno 2019, devono fare dietro front a seguito del parere negativo espresso dal Comune trentino di Canazei.<br \/>\nInfatti, dopo averlo annunciato con la chiusura dei Passi di Campolongo, Falzarego e Valparola e la grande novit\u00e0 dell\u2019estensione del blocco stradale dei valichi Fedaia e Pordoi, il comitato promotore di Dolomites Bike Day prende atto della decisione dell\u2019amministrazione comunale di Canazei, che in data 10 aprile comunica di non autorizzare la chiusura dalle strade interessate dal passaggio dei ciclisti, bloccando cos\u00ec l\u2019iniziativa sul territorio trentino.<\/p>\n<blockquote><p><em>\u00abSiamo profondamente dispiaciuti per la decisione assunta dall\u2019amministrazione comunale di Canazei che arresta cos\u00ec l\u2019estensione di un progetto che avrebbe consentito a centinaia di ciclisti di poter pedalare liberi dal traffico veicolare sui passi Fedaia e Pordoi \u2013 commenta il Comitato Organizzatore &#8211; ma prendiamo atto della decisione, restando sempre aperti a future collaborazioni, che vedano gli attori del turismo e della accoglienza sulle Dolomiti fare squadra e lavorare insieme per progetti di interesse comune\u00bb.<\/em><\/p><\/blockquote>\n<p>Con il Dolomites Bike Day si torner\u00e0 dunque, domenica 16 giugno 2019, a percorrere il tradizionale anello che unisce tre passi, due province e tre valli ladine, attraverso i valichi di Campolongo, Falzarego e Valparola. Un percorso di 51 chilometri con un dislivello complessivo di 1.290 metri, immerso nella natura che si snoda per le strade pi\u00f9 panoramiche e rinomate delle Dolomiti, per l\u2019occasione chiuse al traffico dalle ore 09:00 alle 15:00.<\/p>\n<p><a class=\"dt-pswp-item\" href=\"http:\/\/www.radiopiu.net\/wordpress\/wp-content\/uploads\/2019\/04\/dolomites-bike-day-2018_-freddy-planinschek-_9_.jpg\" data-dt-img-description=\"\" data-large_image_width=\"1024\" data-large_image_height=\"683\"><img loading=\"lazy\" decoding=\"async\" class=\"size-medium wp-image-83137 alignright\" src=\"http:\/\/www.radiopiu.net\/wordpress\/wp-content\/uploads\/2019\/04\/dolomites-bike-day-2018_-freddy-planinschek-_9_-300x200.jpg\" alt=\"\" width=\"300\" height=\"200\" srcset=\"https:\/\/www.radiopiu.net\/wordpress\/wp-content\/uploads\/2019\/04\/dolomites-bike-day-2018_-freddy-planinschek-_9_-300x200.jpg 300w, https:\/\/www.radiopiu.net\/wordpress\/wp-content\/uploads\/2019\/04\/dolomites-bike-day-2018_-freddy-planinschek-_9_-768x512.jpg 768w, https:\/\/www.radiopiu.net\/wordpress\/wp-content\/uploads\/2019\/04\/dolomites-bike-day-2018_-freddy-planinschek-_9_.jpg 1024w\" sizes=\"auto, (max-width: 300px) 100vw, 300px\" \/><\/a>Con la decisione del comune di Canazei il comitato che era composto da Consorzio Turistico Marmolada Rocca Pietore Dolomiti, APT Val di Fassa, Associazioni Turistiche Alta Badia e Arabba Fodom Turismo ritorna ad avere solo due voci, quelle di Arabba-Fodom e Alta Badia.<\/p>\n<blockquote><p><em>\u00abIl nostro bike day, seppur ridimensionato, sar\u00e0 un evento tutto made in Dolomiti per festeggiare i 10 anni delle Dolomiti UNESCO \u2013 commentano il presidente di Arabba Fodom Turismo, Manuel Roncat e il presidente delle associazioni turistiche Alta Badia, Oscar Alfreider \u2013 e sarebbe stata un\u2019ulteriore occasione di visibilit\u00e0 e attenzione per gli amici dell\u2019area di Rocca Pietore duramente colpita dagli eventi atmosferici dello scorso anno\u00bb.<\/em><\/p><\/blockquote>\n<p>Dolomites Bike Day nasce senza alcun carattere competitivo ed \u00e8 pensato per gli amanti della bicicletta, in ogni sua forma, dalla bici da corsa, alla mountain bike, all\u2019e-bike, per vivere una giornata immersi nella quiete e negli scenari unici delle Dolomiti. Ogni partecipante potr\u00e0 decidere in totale libert\u00e0 da dove partire e come comporre il percorso che pi\u00f9 si addice alla propria preparazione. Il senso di marcia consigliato \u00e8 quello antiorario, quindi se si decidesse di iniziare a pedalare da Arabba, si raggiungerebbe Pieve di Livinallongo e la valle di Fodom, per poi salire verso il Passo Falzarego. Superando il Passo Valparola, si scenderebbe in Val Badia con il passaggio per i centri di San Cassiano, La Villa e Corvara, e una volta risalito dolcemente Passo Campolongo, lasciato come ultimo valico, si chiuderebbe l\u2019anello rientrando ad Arabba. Naturalmente il giro potr\u00e0 essere affrontato da qualsiasi punto.<\/p>\n<p>&nbsp;<\/p>\n<p>&nbsp;<\/p>\n<p>&nbsp;<\/p>\n<p>&nbsp;<\/p>\n<div dir=\"auto\">\n<h2><a class=\"dt-pswp-item\" href=\"http:\/\/www.radiopiu.net\/wordpress\/wp-content\/uploads\/2018\/09\/appuntamenti.jpeg\" data-dt-img-description=\"\" data-large_image_width=\"800\" data-large_image_height=\"100\"><img loading=\"lazy\" decoding=\"async\" class=\"alignnone wp-image-61958 size-full\" src=\"http:\/\/www.radiopiu.net\/wordpress\/wp-content\/uploads\/2018\/09\/appuntamenti.jpeg\" alt=\"\" width=\"800\" height=\"100\" srcset=\"https:\/\/www.radiopiu.net\/wordpress\/wp-content\/uploads\/2018\/09\/appuntamenti.jpeg 800w, https:\/\/www.radiopiu.net\/wordpress\/wp-content\/uploads\/2018\/09\/appuntamenti-300x38.jpeg 300w, https:\/\/www.radiopiu.net\/wordpress\/wp-content\/uploads\/2018\/09\/appuntamenti-768x96.jpeg 768w\" sizes=\"auto, (max-width: 800px) 100vw, 800px\" \/><\/a><\/h2>\n<\/div>\n<p>&nbsp;<\/p>\n<p><strong>MEL<\/strong> Da domani al 19 maggio Livio Ceschin espone le sue opere su carta al Palazzo delle Contesse. La vernice sabato alle 18, la mostra apre il sabato, la domenica ed i festivi dalle 9 alle 13 e dalle 15 alle 19. Con il patrocinio del Comune Borgo Valbelluna.<\/p>\n<p>&nbsp;<\/p>\n<p>&nbsp;<\/p>\n<p><strong>AGORDO<\/strong> Domani\u00a0 alle 20.30 nell&#8217;Auditorium Favretti presso L&#8217;Istituto Minerario &#8220;Follador&#8221; sar\u00e0 presentato il libro Carne da Miniera, storie e stragi degli italiani invisibili nelle miniere del Belgio dal 1946 al 1973. Il patto Italia-Belgio e la storia di centinaia di italiani morti nelle miniere di carbone del Belgio. Sar\u00e0 presente l&#8217;autore Walter Basso.<\/p>\n<p>&nbsp;<\/p>\n<p>&nbsp;<\/p>\n<h3 dir=\"auto\">UNA CAMMINATA DI SENSIBILIZZAZIONE PER LA FIBROMIALGIA<\/h3>\n<div dir=\"auto\"><a class=\"dt-pswp-item\" href=\"http:\/\/www.radiopiu.net\/wordpress\/wp-content\/uploads\/2019\/04\/Immagine-cammino-1.jpg\" data-dt-img-description=\"\" data-large_image_width=\"1200\" data-large_image_height=\"628\"><img loading=\"lazy\" decoding=\"async\" class=\" wp-image-83039 alignleft\" src=\"http:\/\/www.radiopiu.net\/wordpress\/wp-content\/uploads\/2019\/04\/Immagine-cammino-1-300x157.jpg\" alt=\"\" width=\"214\" height=\"112\" srcset=\"https:\/\/www.radiopiu.net\/wordpress\/wp-content\/uploads\/2019\/04\/Immagine-cammino-1-300x157.jpg 300w, https:\/\/www.radiopiu.net\/wordpress\/wp-content\/uploads\/2019\/04\/Immagine-cammino-1-768x402.jpg 768w, https:\/\/www.radiopiu.net\/wordpress\/wp-content\/uploads\/2019\/04\/Immagine-cammino-1-1024x536.jpg 1024w, https:\/\/www.radiopiu.net\/wordpress\/wp-content\/uploads\/2019\/04\/Immagine-cammino-1.jpg 1200w\" sizes=\"auto, (max-width: 214px) 100vw, 214px\" \/><\/a>In cammino sull Magna Vai Francigena con partenza il 27 aprile da Palermo e l&#8217;arrivo ad Agrigento il 5 maggio \u00e8 un cammino proposto per sensibilizzare nei confronti dei malati di fibromialgia, la sindrome che consiste in una forma comune di dolore muscolo-scheletrico diffuso e di affaticamento (astenia) che colpisce approssimativamente 1.5 \u2013 2 milioni di Italiani. La referente Aisf della provincia di Belluno Carla Dalla Stella ha fatto sapere che la sezione di Belluno sosterr\u00e0 e sar\u00e0 virtualmente a fianco dei camminatori.<\/div>\n<p>&nbsp;<\/p>\n<p><a class=\"dt-pswp-item\" href=\"http:\/\/www.radiopiu.net\/wordpress\/wp-content\/uploads\/2019\/04\/WhatsApp-Image-2019-04-15-at-23.06.42.jpeg\" data-dt-img-description=\"\" data-large_image_width=\"1130\" data-large_image_height=\"1600\"><img loading=\"lazy\" decoding=\"async\" class=\"wp-image-82834 aligncenter\" src=\"http:\/\/www.radiopiu.net\/wordpress\/wp-content\/uploads\/2019\/04\/WhatsApp-Image-2019-04-15-at-23.06.42.jpeg\" alt=\"\" width=\"299\" height=\"424\" srcset=\"https:\/\/www.radiopiu.net\/wordpress\/wp-content\/uploads\/2019\/04\/WhatsApp-Image-2019-04-15-at-23.06.42.jpeg 1130w, https:\/\/www.radiopiu.net\/wordpress\/wp-content\/uploads\/2019\/04\/WhatsApp-Image-2019-04-15-at-23.06.42-212x300.jpeg 212w, https:\/\/www.radiopiu.net\/wordpress\/wp-content\/uploads\/2019\/04\/WhatsApp-Image-2019-04-15-at-23.06.42-768x1087.jpeg 768w, https:\/\/www.radiopiu.net\/wordpress\/wp-content\/uploads\/2019\/04\/WhatsApp-Image-2019-04-15-at-23.06.42-723x1024.jpeg 723w\" sizes=\"auto, (max-width: 299px) 100vw, 299px\" \/><\/a><\/p>\n<p>&nbsp;<\/p>\n<p>&nbsp;<\/p>\n<p>&nbsp;<\/p>\n<p>&nbsp;<\/p>\n<div dir=\"auto\">\n<p><a class=\"dt-pswp-item\" href=\"http:\/\/www.radiopiu.net\/wordpress\/wp-content\/uploads\/2018\/09\/viabilita.jpeg\" data-dt-img-description=\"\" data-large_image_width=\"800\" data-large_image_height=\"100\"><img loading=\"lazy\" decoding=\"async\" class=\"alignnone size-full wp-image-61954\" src=\"http:\/\/www.radiopiu.net\/wordpress\/wp-content\/uploads\/2018\/09\/viabilita.jpeg\" alt=\"\" width=\"800\" height=\"100\" srcset=\"https:\/\/www.radiopiu.net\/wordpress\/wp-content\/uploads\/2018\/09\/viabilita.jpeg 800w, https:\/\/www.radiopiu.net\/wordpress\/wp-content\/uploads\/2018\/09\/viabilita-300x38.jpeg 300w, https:\/\/www.radiopiu.net\/wordpress\/wp-content\/uploads\/2018\/09\/viabilita-768x96.jpeg 768w\" sizes=\"auto, (max-width: 800px) 100vw, 800px\" \/><\/a><\/p>\n<p>&nbsp;<\/p>\n<p><strong>REGIONALE 203 AGORDINA<\/strong> Fino al 6 maggio (esclusi festivi e prefestivi) senso unico alternato regolato da semaforo in localit\u00e0 Rucav\u00e0 (Alleghe) per lavori di messa in sicurezza ciglio stradale<\/p>\n<p><strong>REGIONALE 203 AGORDINA<\/strong> Fino al 3 maggio (esclusi sabato, domenica e festivi infrasettimanali) senso unico alternato regolato da semaforo a monte dell&#8217;abitato di Caprile per lavori di manutenzione del cimitero.<\/p>\n<p><strong>PROVINCIALE 347 DURAN E CEREDA RIPRISTINATA LA CIRCOLAZIONE TRA VENAS E CIBIANA<\/strong><\/p>\n<\/div>\n<p>&nbsp;<\/p>\n<p>&nbsp;<\/p>\n<h2><a class=\"dt-pswp-item\" href=\"http:\/\/www.radiopiu.net\/wordpress\/wp-content\/uploads\/2018\/09\/sport.jpg\" data-dt-img-description=\"\" data-large_image_width=\"800\" data-large_image_height=\"100\"><img loading=\"lazy\" decoding=\"async\" class=\"alignleft wp-image-60761 size-full\" src=\"http:\/\/www.radiopiu.net\/wordpress\/wp-content\/uploads\/2018\/09\/sport.jpg\" alt=\"\" width=\"800\" height=\"100\" srcset=\"https:\/\/www.radiopiu.net\/wordpress\/wp-content\/uploads\/2018\/09\/sport.jpg 800w, https:\/\/www.radiopiu.net\/wordpress\/wp-content\/uploads\/2018\/09\/sport-300x38.jpg 300w, https:\/\/www.radiopiu.net\/wordpress\/wp-content\/uploads\/2018\/09\/sport-768x96.jpg 768w\" sizes=\"auto, (max-width: 800px) 100vw, 800px\" \/><\/a><\/h2>\n<p>&nbsp;<\/p>\n<p>&nbsp;<\/p>\n<p>&nbsp;<\/p>\n<p>&nbsp;<\/p>\n<blockquote>\n<h1><span style=\"color: #ff0000;\">LE FINALI DEL CAMPIONATO AGORDINO AD AGORDO, IERI SERA ESTRATTE I GIRONI: PRONTO IL CALENDARIO<\/span><\/h1>\n<p>DAL GIORNALE RADIO PRINCIPALE DI MARCO GAZ<\/p><\/blockquote>\n<audio class=\"wp-audio-shortcode\" id=\"audio-83141-12\" preload=\"none\" style=\"width: 100%;\" controls=\"controls\"><source type=\"audio\/mpeg\" src=\"http:\/\/www.radiopiu.net\/wordpress\/wp-content\/uploads\/2019\/04\/gr-19-sport-estrazione-campionato-agordino-calcip.mp3?_=12\" \/><a href=\"http:\/\/www.radiopiu.net\/wordpress\/wp-content\/uploads\/2019\/04\/gr-19-sport-estrazione-campionato-agordino-calcip.mp3\">http:\/\/www.radiopiu.net\/wordpress\/wp-content\/uploads\/2019\/04\/gr-19-sport-estrazione-campionato-agordino-calcip.mp3<\/a><\/audio>\n<p>&nbsp;<\/p>\n<blockquote class=\"wp-embedded-content\" data-secret=\"qnqqmCWPWb\"><p><a href=\"http:\/\/www.radiopiu.net\/wordpress\/estratti-i-gironi-del-campionato-agordino-di-calcio\/\">ESTRATTI I GIRONI DEL CAMPIONATO AGORDINO DI CALCIO<\/a><\/p><\/blockquote>\n<p><iframe loading=\"lazy\" class=\"wp-embedded-content\" sandbox=\"allow-scripts\" security=\"restricted\" style=\"position: absolute; clip: rect(1px, 1px, 1px, 1px);\" src=\"http:\/\/www.radiopiu.net\/wordpress\/estratti-i-gironi-del-campionato-agordino-di-calcio\/embed\/#?secret=qnqqmCWPWb\" data-secret=\"qnqqmCWPWb\" width=\"600\" height=\"338\" title=\"&#8220;ESTRATTI I GIRONI DEL CAMPIONATO AGORDINO DI CALCIO&#8221; &#8212; Radio Pi\u00f9\" frameborder=\"0\" marginwidth=\"0\" marginheight=\"0\" scrolling=\"no\"><\/iframe><\/p>\n<h3><\/h3>\n<h3><\/h3>\n<h3><\/h3>\n<h3><\/h3>\n<blockquote>\n<h3>HOCKEY GHIACCIO. AMICHEVOLI PRE-MONDIALI: DOPPIA SFIDA\u00a0A COVENTRY CONTRO GRAN BRETAGNA ED UNGHERIA<\/h3>\n<\/blockquote>\n<p>L&#8217;Italia si appresta a disputare le prime due amichevoli pre-mondiali sul ghiaccio di Coventry contro Inghilterra ed Ungheria\u00a0 Con la disputa venerd\u00ec di Gran Bretagna \u2013 Italia sul ghiaccio della Sky Dome Arena di Coventry inizia in maniera ufficiale il cammino di avvicinamento della Nazionale Senior al grande appuntamento dei Mondiali di Top Division di Bratislava e Kosice (10-26 maggio). Concluso il raduno di Egna, l\u2019Italia \u00e8 pronta per la doppia sfida internazionale a Coventry dove il team azzurro, in pieno periodo pasquale, sfider\u00e0, come detto, i padroni di casa (19 aprile) e poi subito dopo l\u2019Ungheria (20 aprile). L\u2019Italia, quindi, sar\u00e0 sul ghiaccio di quella Gran Bretagna che lo scorso anno ha vinto i Mondiali IIHF 2018 di Divisione I \u2013 Gruppo A a Budapest con un sorprendente ma meritato primo posto proprio davanti all\u2019Italia ed all&#8217;Ungheria. Nella capitale magiara, lo scorso anno, lo scontro diretto \u00e8 finito per 4:3 per la formazione d\u2019oltremanica ma non ha compromesso le chance dell\u2019Italia di ritornare nella massima divisione mondiale dell\u2019hockey poi conquistata al termine di una memorabile ultima giornata. Un Inghilterra, quindi, che in due soli anni ha vinto due medaglie d&#8217;oro ed \u00e8 passata dalla Divisione I &#8211; Gruppo B all&#8217;Elite Mondiale. Non meno importante sar\u00e0 la sfida contro l\u2019Ungheria, storico avversario dell\u2019Italia e gi\u00e0 in buona forma visto che i Mondiali di Divisione I \u2013 Gruppo A sono gi\u00e0 alle porte, come da tradizione, e si terranno in Kazakistan dal 29 aprile. In questo senso la nazionale ungherese sar\u00e0 alla sua quinta partita di preparazione dopo quelle contro Svezia (sconfitta 3-4), Polonia (2:1 SO), Polonia (4:2) e Slovenia (7:4).<\/p>\n<p>&nbsp;<\/p>\n<p>&nbsp;<\/p>\n<p>&nbsp;<\/p>\n<h3>ONDABLU A MONASTIER PER IL ROSA BLU<\/h3>\n<p>A Monastier, domenica 14 aprile, hanno preso parte alla quarta edizione del trofeo Rosa Blu, raggiungendo un ottimo decimo posto di squadra, frutto dei punti guadagnati dai 23 nuotatori delle diverse categorie che hanno gareggiato nell\u2019arco dell\u2019intera giornata. Ancora una volta \u00e8 Giada Della Dora a trascinare l\u2019Ondablu, con due medaglie d\u2019oro nei 50 e nei 100 rana, gara in cui ha gi\u00e0 ottenuto il tempo limite per partecipare ai campionati italiani estivi di categoria che si terranno a Roma la prima settimana di agosto. Tempo limite solo sfiorato da Anna De Boni nei 100 dorso, gara in cui ha vinto l\u2019argento, prima di ottenere l\u2019oro nei 50 metri della stessa specialit\u00e0. A completare il medagliere della squadra si aggiunge il bronzo nei 100 dorso categoria juniores di Lisa De Polo. Molto positive anche le prestazioni degli altri atleti, quasi tutti in grado di abbassare i propri personali in vasca lunga.<\/p>\n\n\t\t\t<style type='text\/css'>\n\t\t\t\t#gallery-1 {\n\t\t\t\t\tmargin: auto;\n\t\t\t\t}\n\t\t\t\t#gallery-1 .gallery-item {\n\t\t\t\t\tfloat: left;\n\t\t\t\t\tmargin-top: 10px;\n\t\t\t\t\ttext-align: center;\n\t\t\t\t\twidth: 33%;\n\t\t\t\t}\n\t\t\t\t#gallery-1 img {\n\t\t\t\t\tborder: 2px solid #cfcfcf;\n\t\t\t\t}\n\t\t\t\t#gallery-1 .gallery-caption {\n\t\t\t\t\tmargin-left: 0;\n\t\t\t\t}\n\t\t\t\t\/* see gallery_shortcode() in wp-includes\/media.php *\/\n\t\t\t<\/style>\n\t\t<div id='gallery-1' class='dt-gallery-container gallery galleryid-83141 gallery-columns-3 gallery-size-thumbnail'><dl class='gallery-item'>\n\t\t\t\t<dt class='gallery-icon portrait'>\n\t\t\t\t\t<a class=\"rollover\" href='https:\/\/www.radiopiu.net\/wordpress\/giornale-radiopiu-19-aprile-2019-direttore-mirko-mezzacasa\/de-polo-lisa\/'><img loading=\"lazy\" decoding=\"async\" width=\"150\" height=\"150\" src=\"https:\/\/www.radiopiu.net\/wordpress\/wp-content\/uploads\/2019\/04\/de-polo-lisa-150x150.jpg\" class=\"attachment-thumbnail size-thumbnail\" alt=\"\" aria-describedby=\"gallery-1-83201\" \/><\/a>\n\t\t\t\t<\/dt>\n\t\t\t\t\t<dd class='wp-caption-text gallery-caption' id='gallery-1-83201'>\n\t\t\t\t\tde polo lisa\n\t\t\t\t\t<\/dd><\/dl><dl class='gallery-item'>\n\t\t\t\t<dt class='gallery-icon portrait'>\n\t\t\t\t\t<a class=\"rollover\" href='https:\/\/www.radiopiu.net\/wordpress\/giornale-radiopiu-19-aprile-2019-direttore-mirko-mezzacasa\/de-boni-anna-3\/'><img loading=\"lazy\" decoding=\"async\" width=\"150\" height=\"150\" src=\"https:\/\/www.radiopiu.net\/wordpress\/wp-content\/uploads\/2019\/04\/de-boni-anna-150x150.jpg\" class=\"attachment-thumbnail size-thumbnail\" alt=\"\" aria-describedby=\"gallery-1-83202\" \/><\/a>\n\t\t\t\t<\/dt>\n\t\t\t\t\t<dd class='wp-caption-text gallery-caption' id='gallery-1-83202'>\n\t\t\t\t\tde boni anna\n\t\t\t\t\t<\/dd><\/dl><dl class='gallery-item'>\n\t\t\t\t<dt class='gallery-icon portrait'>\n\t\t\t\t\t<a class=\"rollover\" href='https:\/\/www.radiopiu.net\/wordpress\/giornale-radiopiu-19-aprile-2019-direttore-mirko-mezzacasa\/della-dora-giada-3\/'><img loading=\"lazy\" decoding=\"async\" width=\"150\" height=\"150\" src=\"https:\/\/www.radiopiu.net\/wordpress\/wp-content\/uploads\/2019\/04\/della-dora-giada-150x150.jpg\" class=\"attachment-thumbnail size-thumbnail\" alt=\"\" aria-describedby=\"gallery-1-83203\" \/><\/a>\n\t\t\t\t<\/dt>\n\t\t\t\t\t<dd class='wp-caption-text gallery-caption' id='gallery-1-83203'>\n\t\t\t\t\tdella dora giada\n\t\t\t\t\t<\/dd><\/dl><br style=\"clear: both\" \/>\n\t\t\t<\/div>\n\n<p>Prossimo appuntamento per i categoria domenica 28 aprile, ancora nella piscina di Monastier, per la prima giornata della fase eliminatoria primaverile.<\/p>\n<p>&nbsp;<\/p>\n<p><center><\/center><center><\/center><center><\/center><center><\/center><center><\/center><center><\/center><center><\/center><center><b><a class=\"dt-pswp-item\" href=\"http:\/\/www.radiopiu.net\/wordpress\/wp-content\/uploads\/2018\/09\/WhatsApp-Image-2018-09-20-at-16.04.06.jpeg\" data-dt-img-description=\"\" data-large_image_width=\"800\" data-large_image_height=\"100\"><img loading=\"lazy\" decoding=\"async\" class=\"wp-image-61378 size-full alignleft\" src=\"http:\/\/www.radiopiu.net\/wordpress\/wp-content\/uploads\/2018\/09\/WhatsApp-Image-2018-09-20-at-16.04.06.jpeg\" alt=\"\" width=\"800\" height=\"100\" srcset=\"https:\/\/www.radiopiu.net\/wordpress\/wp-content\/uploads\/2018\/09\/WhatsApp-Image-2018-09-20-at-16.04.06.jpeg 800w, https:\/\/www.radiopiu.net\/wordpress\/wp-content\/uploads\/2018\/09\/WhatsApp-Image-2018-09-20-at-16.04.06-300x38.jpeg 300w, https:\/\/www.radiopiu.net\/wordpress\/wp-content\/uploads\/2018\/09\/WhatsApp-Image-2018-09-20-at-16.04.06-768x96.jpeg 768w\" sizes=\"auto, (max-width: 800px) 100vw, 800px\" \/><\/a><\/b><\/center><center><\/center><center><\/center><center><\/center><center><\/center><center><\/center><center><\/center><center><\/center><center><\/center><center><\/center><center><\/center><center><\/center><center><\/center><center><\/center><center><\/center><center><\/center><center><\/center><center><\/center><center><\/center><center><\/center><center><\/center><center><\/center><center><\/center><center><b>Venerdi 19<\/b><\/center><b>Tempo atteso: <\/b>Tempo ben soleggiato con cielo sereno, aria tersa ed ottima visibilit\u00e0. Qualche foschia mattutina sar\u00e0 possibile in alcuni fondovalle prealpini. Clima mattutino fresco nelle valli, mite di giorno per il prolungato soleggiamento, con forte escursione termica diurna nelle valli.<br \/>\n<b>Precipitazioni: <\/b>Assenti (0%).<br \/>\n<b>Temperature: <\/b>Minime stazionarie in quota e in calo nelle valli; massime in generale aumento. In giornata le punte massime potranno raggiungere i 20\/21\u00b0C nelle conche prealpine e i 15\/17\u00b0C a 1000\/1200 m. Su Prealpi a 1500 m min 2\u00b0C max 10\u00b0C, a 2000 m min -1\u00b0C max 4\u00b0C. Su Dolomiti a 2000 m min -2\u00b0C max 5\u00b0C, a 3000 m min -7\u00b0C max -3\u00b0C.<br \/>\n<b>Venti: <\/b>Nelle valli perlopi\u00f9 deboli di direzione variabile, con qualche rinforzo per brezze; in quota deboli da Est Sud-Est, a 5-10 km\/h a 2000 m, 5-15 km\/h a 3000 m.<\/p>\n<hr \/>\n<p><center><b>Sabato 20<\/b><\/center><b>Tempo atteso: <\/b>Ancora tempo ben soleggiato con cielo perlopi\u00f9 sereno, aria tersa ed ottima visibilit\u00e0, eccetto possibili foschie mattutine nelle valli. Clima mattutino sempre fresco nelle valli, pi\u00f9 mite di giorno.<br \/>\n<b>Precipitazioni: <\/b>Assenti (0%).<br \/>\n<b>Temperature: <\/b>Minime stazionarie nelle valli, in lieve aumento in quota; massime in lieve aumento. Su Prealpi a 1500 m min 5\u00b0C max 11\u00b0C, a 2000 m min 0\u00b0C max 6\u00b0C. Su Dolomiti a 2000 m min 0\u00b0C max 6\u00b0C, a 3000 m min -4\u00b0C max -2\u00b0C.<br \/>\n<b>Venti: <\/b>Nelle valli perlopi\u00f9 deboli di direzione variabile, con qualche rinforzo per brezze; in quota deboli da Sud-Est, a 5-10 km\/h a 2000 m, 5-20 km\/h a 3000 m.<\/p>\n<hr \/>\n<p><center><b>Domenica 21<\/b><\/center>Tempo perlopi\u00f9 soleggiato con cielo sereno al primo mattino, prima che sottili nubi alte velino il cielo per il resto della giornata a partire da Sud-Ovest, senza togliere l&#8217;impressione di tempo buono, assieme a qualche modesto cumulo diurno. Temperature pressoch\u00e9 stazionarie. In quota venti perlopi\u00f9 deboli sud-orientali.<\/p>\n<hr \/>\n<p><center><b>Lunedi 22<\/b><\/center>Tendenza a progressivo aumento della nuvolosit\u00e0 fino a cielo molto nuvoloso al pomeriggio\/sera, dapprima per nubi alte, poi anche per cumuli e nubi medio-basse, ma con rischio molto contenuto di fenomeni. Temperature diurne in calo, specie nelle valli per il ridotto soleggiamento. Venti sud-orientali in quota in intensificazione fino a moderati. Previsore: G.M.<\/p>\n<p>&nbsp;<\/p>\n","protected":false},"excerpt":{"rendered":"<p>&nbsp; Riapertura della S.R. 355 \u201cdi Val Degano\u201d, precedentemente chiusa per incendio. &nbsp; Fiat Chrysler al Nevegal ha preferito San Martino di Castrozza\u00a0 e quindi il Jeep Camp 2019 sar\u00e0 organizzato in Trentino con al seguito almeno 3000 persone e 200 giornalisti, per Vivaio Dolomiti una grande occasione persa per Franco Roccon della minoranza le&hellip;<\/p>\n","protected":false},"author":1,"featured_media":83147,"comment_status":"closed","ping_status":"closed","sticky":false,"template":"","format":"standard","meta":{"_monsterinsights_skip_tracking":false,"_monsterinsights_sitenote_active":false,"_monsterinsights_sitenote_note":"","_monsterinsights_sitenote_category":0,"footnotes":""},"categories":[86],"tags":[],"class_list":["post-83141","post","type-post","status-publish","format-standard","has-post-thumbnail","hentry","category-gr","category-86","description-off"],"img_url":"https:\/\/www.radiopiu.net\/wordpress\/wp-content\/uploads\/2019\/04\/58378157_2044380429021157_3964958450110169088_n.jpg","_links":{"self":[{"href":"https:\/\/www.radiopiu.net\/wordpress\/wp-json\/wp\/v2\/posts\/83141","targetHints":{"allow":["GET"]}}],"collection":[{"href":"https:\/\/www.radiopiu.net\/wordpress\/wp-json\/wp\/v2\/posts"}],"about":[{"href":"https:\/\/www.radiopiu.net\/wordpress\/wp-json\/wp\/v2\/types\/post"}],"author":[{"embeddable":true,"href":"https:\/\/www.radiopiu.net\/wordpress\/wp-json\/wp\/v2\/users\/1"}],"replies":[{"embeddable":true,"href":"https:\/\/www.radiopiu.net\/wordpress\/wp-json\/wp\/v2\/comments?post=83141"}],"version-history":[{"count":0,"href":"https:\/\/www.radiopiu.net\/wordpress\/wp-json\/wp\/v2\/posts\/83141\/revisions"}],"wp:featuredmedia":[{"embeddable":true,"href":"https:\/\/www.radiopiu.net\/wordpress\/wp-json\/wp\/v2\/media\/83147"}],"wp:attachment":[{"href":"https:\/\/www.radiopiu.net\/wordpress\/wp-json\/wp\/v2\/media?parent=83141"}],"wp:term":[{"taxonomy":"category","embeddable":true,"href":"https:\/\/www.radiopiu.net\/wordpress\/wp-json\/wp\/v2\/categories?post=83141"},{"taxonomy":"post_tag","embeddable":true,"href":"https:\/\/www.radiopiu.net\/wordpress\/wp-json\/wp\/v2\/tags?post=83141"}],"curies":[{"name":"wp","href":"https:\/\/api.w.org\/{rel}","templated":true}]}}