{"id":83264,"date":"2019-04-20T05:57:56","date_gmt":"2019-04-20T03:57:56","guid":{"rendered":"http:\/\/www.radiopiu.net\/wordpress\/?p=83264"},"modified":"2019-04-20T17:30:49","modified_gmt":"2019-04-20T15:30:49","slug":"giornale-radiopiu-20-aprile-2019-direttore-mirko-mezzacasa","status":"publish","type":"post","link":"https:\/\/www.radiopiu.net\/wordpress\/giornale-radiopiu-20-aprile-2019-direttore-mirko-mezzacasa\/","title":{"rendered":"GIORNALE RADIOPIU 20 APRILE 2019 DIRETTORE MIRKO MEZZACASA"},"content":{"rendered":"<p><strong>La Procura<\/strong> ha aperto un&#8217;inchiesta per incendio colposo, indaga sul rogo che ha distrutto il bosco in Comelico, anche ieri giornata impegnativa con elicotteri e canadair, ieri sera sembrava spento. <strong>A Lozzo<\/strong> di Cadore sono iniziati i lavori urgenti di messa in sicurezza della parete del monte Revis. <strong>Gli arrestati<\/strong> di Lambioi parlano facendo i nomi dei fornitori. <strong>Dai Carabinieri <\/strong>sono sfilati i testimoni del giro di prostituzione a Fiammoi, 75 tra i 27 e i 72 anni di estrazione sociale diversa. <strong>Da Livinallongo<\/strong> una singolare offerta, il Comune ha messo a disposizione il bosco schiantato (valore di circa 30 mila euro) per le associzioni del territorio ma anche per lo sviluppo delle frazioni.\u00a0 Le aree d&#8217;esbosco verso Passo Falzarego. <strong>Ospedale di Agordo<\/strong> senza il primario di anestesia, con il medico Enrico Bosco\u00a0 ormai prossimo alla pensione la Ulss vara il bando per la sua sostituzione.<\/p>\n<p>&nbsp;<\/p>\n<p>&nbsp;<\/p>\n<p>&nbsp;<\/p>\n<p>&nbsp;<\/p>\n<blockquote>\n<h2>PASQUA CON IL SOLE, PEGGIORAMENTO DA MARTEDI<\/h2>\n<p>Sulla regione per il fine settimana di Pasqua sono attese condizioni di bel tempo con temperature miti e leggermente superiori alla media. Luned\u00ec di Pasquetta \u00e8 prevista una maggiore variabilit\u00e0 con crescenti annuvolamenti e delle precipitazioni dalla sera. Un peggioramento del tempo pi\u00f9\u00a0 Significativo \u00e8 atteso invece per la giornata di marted\u00ec 23 per il transito di una perturbazione attivata da un sistema depressionario sul Mediterraneo occidentale. Nelle successive giornate di mercoled\u00ec 24 e gioved\u00ec 25 al momento sembra probabile un miglioramento con tempo, che dovrebbe comunque risultare variabile, con temperature in graduale ripresa. Si tratta comunque di una indicazione di massima che andr\u00e0 verificata nei prossimi giorni.<\/p><\/blockquote>\n<p>&nbsp;<\/p>\n<p>&nbsp;<\/p>\n<h2>LE TESTIMONIANZE CHE INCASTRANO LOCATORIO, INQUILINI E OSPITI.<\/h2>\n<p><strong>BELLUNO<\/strong> Settantacinque clienti da escort sono stati sentiti dai Carabinieri, hanno frequentato l&#8217;appartamento in localit\u00e0 Fiammoi di propriet\u00e0 di M.C. (lo affittava alle prostitute per 50 euro al giorno) denunciato dai Carabinieri di Belluno per sfruttamento della prostituzione. I clienti: uomini dai 27 ai 72 anni di diversa estrazione sociale perlopi\u00f9 bellunesi e paesi confinanti, diversi dall&#8217;Agordino e alcuni dal Cadore, coniugati, celibi o conviventi.<\/p>\n<div style=\"width: 640px;\" class=\"wp-video\"><video class=\"wp-video-shortcode\" id=\"video-83264-1\" width=\"640\" height=\"360\" preload=\"metadata\" controls=\"controls\"><source type=\"video\/mp4\" src=\"http:\/\/www.radiopiu.net\/wordpress\/wp-content\/uploads\/2019\/04\/t_video5893161228552897921.mp4?_=1\" \/><a href=\"http:\/\/www.radiopiu.net\/wordpress\/wp-content\/uploads\/2019\/04\/t_video5893161228552897921.mp4\">http:\/\/www.radiopiu.net\/wordpress\/wp-content\/uploads\/2019\/04\/t_video5893161228552897921.mp4<\/a><\/video><\/div>\n<p>&nbsp;<\/p>\n<p>&nbsp;<\/p>\n<p>&nbsp;<\/p>\n<p>&nbsp;<\/p>\n<p>&nbsp;<\/p>\n<p>&nbsp;<\/p>\n<p>&nbsp;<\/p>\n<p align=\"JUSTIFY\"><strong><a class=\"dt-pswp-item\" href=\"http:\/\/www.radiopiu.net\/wordpress\/wp-content\/uploads\/2015\/12\/acqua-pubblica_74691.jpg\" data-dt-img-description=\"\" data-large_image_width=\"600\" data-large_image_height=\"300\"><img loading=\"lazy\" decoding=\"async\" class=\"size-medium wp-image-14375 alignleft\" src=\"http:\/\/www.radiopiu.net\/wordpress\/wp-content\/uploads\/2015\/12\/acqua-pubblica_74691-300x150.jpg\" alt=\"\" width=\"300\" height=\"150\" \/><\/a>SAN TOMASO<\/strong> In tutto il comune di Vodo di Cadore e a San Tomaso Agordino nelle localit\u00e0 Avoscan, Roi, La Costa e Sot Colar\u00f9 l&#8217;acqua erogata dall&#8217;acquedotto \u00e8 di nuovo potabile e pu\u00f2 essere, quindi, usata per scopi alimentari.<\/p>\n<p align=\"JUSTIFY\"><span style=\"font-family: Arial, sans-serif;\"><strong>CIBIANA<\/strong> In tutto il comune\u00a0 l&#8217;acqua erogata dall&#8217;acquedotto non \u00e8 potabile e pu\u00f2 essere usata per scopi alimentari solo previa bollitura.<\/span><\/p>\n<p lang=\"it-IT\"><strong>Feltre<\/strong> nelle vie Col Fiorito, Casonetto, Pont, Nemeggio, Villapaiera, Celarda, Anzu&#8217;, Canal e Sanzan l&#8217;acqua erogata dall&#8217;acquedotto non \u00e8 potabile e pu\u00f2 essere usata per scopi alimentari solo previa bollitura.<\/p>\n<p>&nbsp;<\/p>\n<p>&nbsp;<\/p>\n<p>&nbsp;<\/p>\n<p>&nbsp;<\/p>\n<h2>SPENTO INCENDIO IN COMELICO<\/h2>\n<p>DALLA RASSEGNA STAMPA L&#8217;ASSESSORE GIANPAOLO BOTTACIN<\/p>\n<audio class=\"wp-audio-shortcode\" id=\"audio-83264-1\" preload=\"none\" style=\"width: 100%;\" controls=\"controls\"><source type=\"audio\/mpeg\" src=\"http:\/\/www.radiopiu.net\/wordpress\/wp-content\/uploads\/2019\/04\/BOTTACIN.mp3?_=1\" \/><a href=\"http:\/\/www.radiopiu.net\/wordpress\/wp-content\/uploads\/2019\/04\/BOTTACIN.mp3\">http:\/\/www.radiopiu.net\/wordpress\/wp-content\/uploads\/2019\/04\/BOTTACIN.mp3<\/a><\/audio>\n<p>&nbsp;<\/p>\n<p><strong><a class=\"dt-pswp-item\" href=\"http:\/\/www.radiopiu.net\/wordpress\/wp-content\/uploads\/2019\/04\/WhatsApp-Image-2019-04-18-at-17.14.56.jpeg\" data-dt-img-description=\"\" data-large_image_width=\"1600\" data-large_image_height=\"1200\"><img loading=\"lazy\" decoding=\"async\" class=\"alignleft size-medium wp-image-83161\" src=\"http:\/\/www.radiopiu.net\/wordpress\/wp-content\/uploads\/2019\/04\/WhatsApp-Image-2019-04-18-at-17.14.56-300x225.jpeg\" alt=\"\" width=\"300\" height=\"225\" srcset=\"https:\/\/www.radiopiu.net\/wordpress\/wp-content\/uploads\/2019\/04\/WhatsApp-Image-2019-04-18-at-17.14.56-300x225.jpeg 300w, https:\/\/www.radiopiu.net\/wordpress\/wp-content\/uploads\/2019\/04\/WhatsApp-Image-2019-04-18-at-17.14.56-768x576.jpeg 768w, https:\/\/www.radiopiu.net\/wordpress\/wp-content\/uploads\/2019\/04\/WhatsApp-Image-2019-04-18-at-17.14.56-1024x768.jpeg 1024w, https:\/\/www.radiopiu.net\/wordpress\/wp-content\/uploads\/2019\/04\/WhatsApp-Image-2019-04-18-at-17.14.56.jpeg 1600w\" sizes=\"auto, (max-width: 300px) 100vw, 300px\" \/><\/a>VENEZIA\u00a0<\/strong> <em>\u201cAvrebbe potuto avere conseguenze molto pi\u00f9 spaventose, ma grazie ad un\u2019eccellente azione di spegnimento siamo riusciti a circoscrivere l&#8217;incendio in breve tempo. Per questo sento il dovere di ringraziare tutte le forze che hanno collaborato&#8221;. Lo afferma l\u2019Assessore regionale alla Protezione Civile Gianpaolo Bottacin, annunciando la chiusura delle operazioni antincendio in Comune di Santo Stefano di Cadore in Comelico.<\/em><\/p>\n<p>Non ci sono pi\u00f9 focolai. Se non vi saranno nuove riprese e se non si alzer\u00e0 il vento, oggi \u00e8 prevista solamente la sorveglianza dell&#8217;area da parte dei volontari.<\/p>\n<p><em>\u201cNelle fasi iniziali il fronte fiamma aveva preso una fortissima accelerazione &#8211; spiega l&#8217;assessore &#8211; i tecnici della Protezione Civile e dei Servizi Forestali regionali si sono resi conto immediatamente della situazione e hanno coordinato egregiamente lo spegnimento, facendo intervenire i due elicotteri regionali e due Canadair. Grazie a questa prontezza e a tutte le operazioni conseguenti \u00e8 stato evitato che il propagarsi delle fiamme potesse avere effetti devastanti come quelli riscontrati a Taibon in Agordino lo scorso autunno.\u201d<\/em><\/p>\n<blockquote><p><em>\u201cIn questo magistrale lavoro di squadra \u2013 prosegue l\u2019assessore &#8211; davvero preziose e altrettanto efficaci anche le operazioni a terra, grazie all&#8217;intervento dei Vigili del fuoco e dei volontari di Protezione Civile e antincendio boschivo dei gruppi di Auronzo e Antelao, sia nella zona dell&#8217;incendio che nella zona di carico dei Canadair per il presidio del lago.\u00a0 Non da meno la tempestivit\u00e0 e l\u2019efficacia delle forze dell&#8217;ordine, del personale di Veneto Strade e di tutti quelli che, a diverso titolo, hanno contribuito alla perfetta riuscita dell&#8217;intervento. Ancora una volta &#8211; conclude l&#8217;assessore &#8211; la macchina della Protezione Civile del Veneto ha dato dimostrazione di eccellenza. Grazie a tutti.\u201d<\/em><\/p><\/blockquote>\n<p>&nbsp;<\/p>\n<p>&nbsp;<\/p>\n<p>&nbsp;<\/p>\n<p>&nbsp;<\/p>\n<h1>PROVINCIA AL LAVORO A LOZZO<\/h1>\n<div style=\"width: 640px;\" class=\"wp-video\"><video class=\"wp-video-shortcode\" id=\"video-83264-2\" width=\"640\" height=\"352\" preload=\"metadata\" controls=\"controls\"><source type=\"video\/mp4\" src=\"http:\/\/www.radiopiu.net\/wordpress\/wp-content\/uploads\/2019\/04\/WhatsApp-Video-2019-04-19-at-16.39.35.mp4?_=2\" \/><a href=\"http:\/\/www.radiopiu.net\/wordpress\/wp-content\/uploads\/2019\/04\/WhatsApp-Video-2019-04-19-at-16.39.35.mp4\">http:\/\/www.radiopiu.net\/wordpress\/wp-content\/uploads\/2019\/04\/WhatsApp-Video-2019-04-19-at-16.39.35.mp4<\/a><\/video><\/div>\n\n\t\t\t<style type='text\/css'>\n\t\t\t\t#gallery-1 {\n\t\t\t\t\tmargin: auto;\n\t\t\t\t}\n\t\t\t\t#gallery-1 .gallery-item {\n\t\t\t\t\tfloat: left;\n\t\t\t\t\tmargin-top: 10px;\n\t\t\t\t\ttext-align: center;\n\t\t\t\t\twidth: 33%;\n\t\t\t\t}\n\t\t\t\t#gallery-1 img {\n\t\t\t\t\tborder: 2px solid #cfcfcf;\n\t\t\t\t}\n\t\t\t\t#gallery-1 .gallery-caption {\n\t\t\t\t\tmargin-left: 0;\n\t\t\t\t}\n\t\t\t\t\/* see gallery_shortcode() in wp-includes\/media.php *\/\n\t\t\t<\/style>\n\t\t<div id='gallery-1' class='dt-gallery-container gallery galleryid-83264 gallery-columns-3 gallery-size-thumbnail'><dl class='gallery-item'>\n\t\t\t\t<dt class='gallery-icon landscape'>\n\t\t\t\t\t<a class=\"rollover\" href='https:\/\/www.radiopiu.net\/wordpress\/giornale-radiopiu-20-aprile-2019-direttore-mirko-mezzacasa\/whatsapp-image-2019-04-19-at-12-24-52\/'><img loading=\"lazy\" decoding=\"async\" width=\"150\" height=\"150\" src=\"https:\/\/www.radiopiu.net\/wordpress\/wp-content\/uploads\/2019\/04\/WhatsApp-Image-2019-04-19-at-12.24.52-150x150.jpeg\" class=\"attachment-thumbnail size-thumbnail\" alt=\"\" \/><\/a>\n\t\t\t\t<\/dt><\/dl><dl class='gallery-item'>\n\t\t\t\t<dt class='gallery-icon landscape'>\n\t\t\t\t\t<a class=\"rollover\" href='https:\/\/www.radiopiu.net\/wordpress\/giornale-radiopiu-20-aprile-2019-direttore-mirko-mezzacasa\/whatsapp-image-2019-04-19-at-11-38-08\/'><img loading=\"lazy\" decoding=\"async\" width=\"150\" height=\"150\" src=\"https:\/\/www.radiopiu.net\/wordpress\/wp-content\/uploads\/2019\/04\/WhatsApp-Image-2019-04-19-at-11.38.08-150x150.jpeg\" class=\"attachment-thumbnail size-thumbnail\" alt=\"\" \/><\/a>\n\t\t\t\t<\/dt><\/dl><dl class='gallery-item'>\n\t\t\t\t<dt class='gallery-icon landscape'>\n\t\t\t\t\t<a class=\"rollover\" href='https:\/\/www.radiopiu.net\/wordpress\/giornale-radiopiu-20-aprile-2019-direttore-mirko-mezzacasa\/whatsapp-image-2019-04-19-at-11-38-09\/'><img loading=\"lazy\" decoding=\"async\" width=\"150\" height=\"150\" src=\"https:\/\/www.radiopiu.net\/wordpress\/wp-content\/uploads\/2019\/04\/WhatsApp-Image-2019-04-19-at-11.38.09-150x150.jpeg\" class=\"attachment-thumbnail size-thumbnail\" alt=\"\" \/><\/a>\n\t\t\t\t<\/dt><\/dl><br style=\"clear: both\" \/>\n\t\t\t<\/div>\n\n<p><strong>LOZZO DI CADORE<\/strong> La Provincia \u00e8 al lavoro sulla recente frana, ieri il dettaglio dei lavori previsti: 700 i metri cubi di materiale da asportare, 400 oggetto di demolizione, gi\u00e0 in fase di completamento e l&#8217;ultimazione \u00e8 prevista\u00a0 per mercoled\u00ec, il che significa che dal punto di vista della sicurezza, non ci saranno problemi, l&#8217;asportazione del materiale di demolizione\u00a0 pu\u00f2 essere ragionevolmente ultimato entro la prima decade di maggio. Lo ha comunicato Pierantonio Zanchetta dirigente del servizio difesa del suolo e protezione civile in Provincia<\/p>\n<p>&nbsp;<\/p>\n<p>&nbsp;<\/p>\n<p>&nbsp;<\/p>\n<h3>KATIA VENERI MANTOVANA DI MOGLIA CANDIDATO A SINDACO<\/h3>\n<p><strong><a class=\"dt-pswp-item\" href=\"http:\/\/www.radiopiu.net\/wordpress\/wp-content\/uploads\/2019\/04\/ad741f6d-816c-49bb-ab4a-50ecfd3560e3.jpg\" data-dt-img-description=\"\" data-large_image_width=\"1064\" data-large_image_height=\"1600\"><img loading=\"lazy\" decoding=\"async\" class=\"alignleft wp-image-83299\" src=\"http:\/\/www.radiopiu.net\/wordpress\/wp-content\/uploads\/2019\/04\/ad741f6d-816c-49bb-ab4a-50ecfd3560e3-200x300.jpg\" alt=\"\" width=\"135\" height=\"203\" srcset=\"https:\/\/www.radiopiu.net\/wordpress\/wp-content\/uploads\/2019\/04\/ad741f6d-816c-49bb-ab4a-50ecfd3560e3-200x300.jpg 200w, https:\/\/www.radiopiu.net\/wordpress\/wp-content\/uploads\/2019\/04\/ad741f6d-816c-49bb-ab4a-50ecfd3560e3-768x1155.jpg 768w, https:\/\/www.radiopiu.net\/wordpress\/wp-content\/uploads\/2019\/04\/ad741f6d-816c-49bb-ab4a-50ecfd3560e3-681x1024.jpg 681w, https:\/\/www.radiopiu.net\/wordpress\/wp-content\/uploads\/2019\/04\/ad741f6d-816c-49bb-ab4a-50ecfd3560e3.jpg 1064w\" sizes=\"auto, (max-width: 135px) 100vw, 135px\" \/><\/a>SAN TOMASO<\/strong> Una lista che eviter\u00e0 lo scontro con il quorum. La Veneri con Forza Italia \u00e8 gi\u00e0 consigliere di maggioranza. A San Tomaso ha una seconda casa a Canacede.<\/p>\n<p>di GIANNI SANTOMASO<\/p>\n<audio class=\"wp-audio-shortcode\" id=\"audio-83264-2\" preload=\"none\" style=\"width: 100%;\" controls=\"controls\"><source type=\"audio\/mpeg\" src=\"http:\/\/www.radiopiu.net\/wordpress\/wp-content\/uploads\/2019\/04\/gianni.mp3?_=2\" \/><a href=\"http:\/\/www.radiopiu.net\/wordpress\/wp-content\/uploads\/2019\/04\/gianni.mp3\">http:\/\/www.radiopiu.net\/wordpress\/wp-content\/uploads\/2019\/04\/gianni.mp3<\/a><\/audio>\n<p>&nbsp;<\/p>\n<p>&nbsp;<\/p>\n<p>&nbsp;<\/p>\n<h3>PER CORRERE AD AGORDO SILVANO SAVIO RASSEGNA LE DIMISSIONI DAL CONSIGLIO COMUNALE DI FALCADE<\/h3>\n<p><strong><a class=\"dt-pswp-item\" href=\"http:\/\/www.radiopiu.net\/wordpress\/wp-content\/uploads\/2019\/04\/download-8.jpg\" data-dt-img-description=\"\" data-large_image_width=\"200\" data-large_image_height=\"235\"><img loading=\"lazy\" decoding=\"async\" class=\"alignleft wp-image-83303\" src=\"http:\/\/www.radiopiu.net\/wordpress\/wp-content\/uploads\/2019\/04\/download-8.jpg\" alt=\"\" width=\"87\" height=\"102\" \/><\/a>AGORDO\u00a0<\/strong>Silvano Savio si \u00e8 dimesso da consigliere comunale di Falcade. \u00abSilvano Savio &#8211; dice Flavio Murer capogruppo di minoranza &#8211;\u00a0 ha dato le dimissioni\u00a0 e colgo l&#8217;occasione per ringraziarlo a nome mio e di tutta la lista, per i contributi dati soprattutto nell&#8217;ambito sociale e turistico &#8211; ambientale&#8221;. Savio sar\u00e0 sostituito nel consiglio falcadino da Mauro Salvaterra.<\/p>\n<p>&nbsp;<\/p>\n<p>&nbsp;<\/p>\n<p>&nbsp;<\/p>\n<p>&nbsp;<\/p>\n<blockquote><p>&nbsp;<\/p><\/blockquote>\n<p>&nbsp;<\/p>\n<h2><a class=\"dt-pswp-item\" href=\"http:\/\/www.radiopiu.net\/wordpress\/wp-content\/uploads\/2019\/04\/WhatsApp-Image-2019-04-20-at-07.59.23.jpeg\" data-dt-img-description=\"\" data-large_image_width=\"552\" data-large_image_height=\"1024\"><img loading=\"lazy\" decoding=\"async\" class=\"size-medium wp-image-83337 alignleft\" src=\"http:\/\/www.radiopiu.net\/wordpress\/wp-content\/uploads\/2019\/04\/WhatsApp-Image-2019-04-20-at-07.59.23-162x300.jpeg\" alt=\"\" width=\"162\" height=\"300\" srcset=\"https:\/\/www.radiopiu.net\/wordpress\/wp-content\/uploads\/2019\/04\/WhatsApp-Image-2019-04-20-at-07.59.23-162x300.jpeg 162w, https:\/\/www.radiopiu.net\/wordpress\/wp-content\/uploads\/2019\/04\/WhatsApp-Image-2019-04-20-at-07.59.23.jpeg 552w\" sizes=\"auto, (max-width: 162px) 100vw, 162px\" \/><\/a><\/h2>\n<h2>30 MILA EURO IN LEGNAME PER LE ASSOCIAZIONI<\/h2>\n<p><strong>LIVINALLONGO<\/strong>\u00a0 una singolare offerta, il Comune ha messo a disposizione il bosco schiantato (valore di circa 30 mila euro) per le associzioni del territorio ma anche per lo sviluppo delle frazioni.\u00a0 Le aree d&#8217;esbosco verso Passo Falzarego.<\/p>\n<p>IL SINDACO LEANDRO GRONES<\/p>\n<audio class=\"wp-audio-shortcode\" id=\"audio-83264-3\" preload=\"none\" style=\"width: 100%;\" controls=\"controls\"><source type=\"audio\/mpeg\" src=\"http:\/\/www.radiopiu.net\/wordpress\/wp-content\/uploads\/2019\/04\/leandro-1.mp3?_=3\" \/><a href=\"http:\/\/www.radiopiu.net\/wordpress\/wp-content\/uploads\/2019\/04\/leandro-1.mp3\">http:\/\/www.radiopiu.net\/wordpress\/wp-content\/uploads\/2019\/04\/leandro-1.mp3<\/a><\/audio>\n<p>&nbsp;<\/p>\n<p>&nbsp;<\/p>\n<p>&nbsp;<\/p>\n<h2>ARRESTI A BELLUNO, LA LEGA ATTACCA MASSARO<\/h2>\n<p><strong>BELLUNO<\/strong> Dopo la recente operazione di Polizia che ha portato all&#8217;arresto dei tre profughi che spacciavano a Lamboi\u00a0 anche la Lega Nord si fa sentire con Paolo Luciani segretario provinciale, Luciano Dal Pian, Maria Filippin e Andrea Stella (consigliere comunali): <em>&#8220;Come Lega di Belluno non possiamo evitare di congratularci con le nostre forze dell&#8217;ordine per la brillante operazione svoltasi nelle scorse settimane nell&#8217;area fluviale di Lambioi, conclusasi con l&#8217;arresto di un nucleo di spaccio di droghe. Spiace per\u00f2 sentir dire al primo cittadino Jacopo Massaro che ancora una volta sarebbe colpa del Decreto Sicurezza, e quindi di Matteo Salvini, se questi soggetti non siano riusciti ad integrarsi a dovere nella comunit\u00e0 ed abbiano dovuto ricorrere all&#8217;illegalit\u00e0 per impegnare il proprio tempo&#8221;<\/em>.\u00a0 Per la Lega ancora una volta si dimostra efficace l&#8217;azione vigile degli organi di polizia e la pochezza delle proposte politiche locali del Sindaco e della Giunta &#8220;Forse &#8211; continuanio- troppo impegnati a non dare risposte sulle importati partite che il Comune poteva giocarsi, vedasi il Jeep Camp in Neveg\u00e0l, ma piuttosto pensando solamente alla partita della rigenerazione urbana facendone un mantra per l&#8217;intera comunit\u00e0.&#8221;<\/p>\n<p>&nbsp;<\/p>\n<p>&nbsp;<\/p>\n<p>&nbsp;<\/p>\n<h3>20 MAGGIO LA PROSSIMA SCADENZA PER LE DOMANDE DI RIMBORSO POST VAIA<\/h3>\n<p><strong>BELLUNO<\/strong> E&#8217; stata prorogata al 20 maggio la scadenza per presentare le domande di rimborso, il posticipo dal 1 maggio a causa dei numerosi adempimenti che gli sportelli CAF della Cgil, Cisl e Uil sono tenuti a garantire in questo periodo. I CAF garantiscono entro quella data la compilazione del modello ISEE. Si ricorda inoltre che alla pagina della provincia www.provincia.belluno.it \u00e8 possibile trovare le FAQ rispetto alle domande pi\u00f9 frequenti pervenute da cittadini e uffici comunali.<\/p>\n<p>&nbsp;<\/p>\n<p>&nbsp;<\/p>\n<p>&nbsp;<\/p>\n<h3>COLLEGAMENTO COMELICO-VAL PUSTERIA \u2013 CONFINDUSTRIA BELLUNO DOLOMITI PARTECIPA ALLA MOBILITAZIONE DELLA COMUNIT\u00c0 E INTERESSA I LIVELLI NAZIONALI DELL\u2019ASSOCIAZIONE<\/h3>\n<p><em>\u00abNon accetto da chi non ha mai vissuto un giorno in montagna lezioni o diktat&#8221; lo dice la presidente Berton.<\/em><\/p>\n<p><strong>BELLUNO<\/strong>\u00a0 <em>\u00a0\u00abBasta vincoli assurdi. Il Comelico deve poter vivere e crescere. Lo dico da presidente di Confindustria Belluno ma soprattutto da comeliana. Ho trascorso molto del mio tempo a Candide, i miei affetti sono l\u00ec e conosco l\u2019orgoglio e la dignit\u00e0 di quella terra. Sono i comeliani i primi difensori della loro montagna. Confindustria Belluno sta con i cittadini e i sindaci della zona, con gli operatori economici e con le Istituzioni locali. Nei prossimi giorni coinvolger\u00f2 l\u2019Associazione a livello nazionale e la stessa Confindustria di Bolzano. Qui si sta giocando con il futuro di un\u2019intera comunit\u00e0. Anche gli industriali bellunesi sono pronti alla mobilitazione\u00bb. <\/em>Queste le parole della Presidente di Confindustria Belluno Dolomiti Lorraine Berton che cos\u00ec interviene sull\u2019ennesimo capitolo della vicenda del collegamento sciistico Pusteria-Sesto con l\u2019annuncio di nuovi vincoli da parte del MIBAC. <em>\u00abNon \u00e8 accettabile che si perda forse l\u2019ultima occasione di rilancio per un intero territorio di fronte a risorse pubbliche e private gi\u00e0 disponibili. Come operatori economici non lo possiamo accettare\u00bb, afferma Berton. \u00abPer questo voglio coinvolgere tutti i livelli di Confindustria. \u00c8 importante creare alleanze e fare massa critica, anche tra le diverse sigle del territorio, come fatto nei giorni scorsi in occasione della lettera consegnata a Zaia sullo sbocco a nord e l\u2019esigenza di infrastrutture sostenibili ed efficienti. Stavolta dobbiamo farci sentire a Roma\u00bb.<\/em><\/p>\n<p>&nbsp;<\/p>\n<p>&nbsp;<\/p>\n<p>&nbsp;<\/p>\n<p>&nbsp;<\/p>\n<h3>SVILUPPO ECONOMICO. 400 DOMANDE PRESENTATE PER IL BANDO SULL\u2019IMPRENDITORIA FEMMINILE.<\/h3>\n<p><strong>VENEZIA<\/strong>\u00a0 \u201cUna straordinaria partecipazione \u2013 commenta l\u2019Assessore regionale allo Sviluppo Economico \u2013 a dimostrazione che abbiamo colto nel segno rispetto a quanto ci hanno chiesto le associazioni di categoria. Lo scorso anno era stato un successo con oltre 300 domande, ma quest\u2019anno siamo stupiti e molto soddisfatti del riscontro. Soprattutto abbiamo la dimostrazione che il bando offre risposta ad una esigenza concreta delle imprenditrici venete. Questo \u00e8 davvero il nostro 8 marzo nei fatti.\u201d La fase di presentazione delle domande relative al bando rivolto alle donne imprenditrici e alle imprese a prevalente partecipazione femminile approvato dalla Giunta regionale con deliberazione n. 235 dell\u20198 marzo 2019, su proposta dell\u2019Assessore allo Sviluppo Economico della Regione del Veneto, si \u00e8 chiusa il 18 aprile. Il bando, che prevede uno stanziamento di oltre tre milioni di euro nel 2019, ha registrato pi\u00f9 di 400 domande da parte delle imprenditrici venete. \u201cSi tratta di un segnale importante &#8211; sottolinea l&#8217;Assessore &#8211; espressione della vitalit\u00e0 e della voglia di innovarsi dell\u2019imprenditoria femminile veneta, considerato che l\u2019investimento minimo richiesto dal bando \u00e8 di 30mila euro.\u201d L\u2019iniziativa vuole rafforzare e arricchire il tessuto imprenditoriale della Regione nei settori dell\u2019artigianato, dell\u2019industria, del commercio e dei servizi e offre un sostegno concreto e sostanzioso alla capacit\u00e0 imprenditoriale delle donne in Veneto, aiutandole a fare impresa.<\/p>\n<p>&nbsp;<\/p>\n<p>&nbsp;<\/p>\n<p>&nbsp;<\/p>\n<p>&nbsp;<\/p>\n<p style=\"text-align: left;\" align=\"CENTER\"><span style=\"font-size: x-large;\"><b>Parcheggi di via Marconi: estesa la convenzione con la Polizia Locale per la gestione<\/b><\/span><\/p>\n<p align=\"JUSTIFY\"><span style=\"font-size: medium;\"><strong>FELTRE\u00a0 <\/strong><\/span>L\u2019Ulss Dolomiti ha esteso la convenzione col Comune di Feltre per l\u2019uso pubblico e il controllo delle aree esterne dell\u2019Ospedale Santa Maria del Prato inserendo anche gli spazi del nuovo accesso e relative aree di sosta site in via Bagnols sur Ceze n. 3 e i posteggi dell&#8217;area antistante l&#8217;ex Casa di Cura Bellati. La riorganizzazione dei parcheggi dell\u2019ospedale con il disco orario (3 ore accesso sud e 4 ore accesso nord) e la stipula della convenzione per il controllo con il Comune di Feltre era stata pensata per facilitare gli utenti del Santa Maria del Prato nel trovare un parcheggio libero vicino all\u2019entrata, considerato che molto spesso i posti venivano utilizzati impropriamente da coloro che lasciavano la macchina tutto il giorno nel parcheggio principale per prendere gli autobus alla fermata di fronte all\u2019ospedale o per usufruite di altri servizi non collegati all\u2019Ulss, in particolare nei giorni di mercato. Considerato che anche nella sede di via Marconi \u00e8 stato registrato un uso improprio dei parcheggi che dovrebbero essere per gli utenti dei servizi socio sanitari, la convezione col Comune \u00e8 stata estesa anche a quelle aree.<\/p>\n<p>&nbsp;<\/p>\n<p>&nbsp;<\/p>\n<p>&nbsp;<\/p>\n<h2>CERCASI ANESTESISTA PER L&#8217;OSPEDALE DI AGORDO<\/h2>\n<blockquote><p><strong>Indetto avviso pubblico per il conferimento dell\u2019incarico di direzione dell&#8217; Anestesia e Rianimazione \u00a0dell\u2019Ospedale di Agordo.<\/strong><\/p><\/blockquote>\n<p><strong><a class=\"dt-pswp-item\" href=\"http:\/\/www.radiopiu.net\/wordpress\/wp-content\/uploads\/2015\/10\/Entrata-Agordo-300x225.jpg\" data-dt-img-description=\"\" data-large_image_width=\"300\" data-large_image_height=\"225\"><img loading=\"lazy\" decoding=\"async\" class=\"alignleft wp-image-11952\" src=\"http:\/\/www.radiopiu.net\/wordpress\/wp-content\/uploads\/2015\/10\/Entrata-Agordo-300x225-300x225.jpg\" alt=\"\" width=\"189\" height=\"142\" \/><\/a>\u00a0AGORDO <\/strong>Il prossimo 1\u00b0 giugno cesser\u00e0 dal servizio, per quiescenza, il Direttore dell\u2019Anestesia e Rianimazione di Agordo\u00a0 \u00a0(apicalit\u00e0 attualmente condivisa con l\u2019Ospedale di Pieve di Cadore).\u00a0 L\u2019ULSS 1 \u00a0Dolomiti si \u00e8 tempestivamente attivata indicendo avviso pubblico per il \u00a0conferimento dell\u2019incarico di direzione della struttura. L\u2019avviso verr\u00e0 pubblicato sul sito dell\u2019ULSS 1 <a href=\"http:\/\/www.aulss1.veneto.it\/\">www.aulss1.veneto.it<\/a> . Gli uffici aziendali preposti daranno inoltre la massima priorit\u00e0 all\u2019espletamento delle procedure selettive.<\/p>\n<p>&nbsp;<\/p>\n<p>&nbsp;<\/p>\n<p>&nbsp;<\/p>\n<p>&nbsp;<\/p>\n<p style=\"text-align: left;\" align=\"CENTER\"><span style=\"font-size: x-large;\"><b>Ospedale di Lamon: affidata la progettazione<\/b><\/span><\/p>\n<p><strong><a class=\"dt-pswp-item\" href=\"http:\/\/www.radiopiu.net\/wordpress\/wp-content\/uploads\/2019\/04\/download-7.jpg\" data-dt-img-description=\"\" data-large_image_width=\"188\" data-large_image_height=\"268\"><img loading=\"lazy\" decoding=\"async\" class=\"alignleft size-full wp-image-83298\" src=\"http:\/\/www.radiopiu.net\/wordpress\/wp-content\/uploads\/2019\/04\/download-7.jpg\" alt=\"\" width=\"188\" height=\"268\" \/><\/a>FELTRE.<\/strong> E\u2019 stato affidato l\u2019incarico di progettazione, direzione lavori e coordinamento della sicurezza per la ristrutturazione e la riorganizzazione funzionale dell\u2019Ospedale di Lamon. A vincere la procedura aperta per l\u2019affidamento del servizio tecnico \u00e8 stata una rete di imprese con a capo la Societ\u00e0 Mythos di Aosta che si \u00e8 aggiudicata la progettazione, la direzione lavori e il coordinamento della sicurezza per oltre 397 mila euro. Entro l\u2019estate la rete di imprese dovr\u00e0 depositare il progetto definitivo. Una volta approvato il progetto, l\u2019Ulss dar\u00e0 l\u2019autorizzazione alla redazione del progetto esecutivo che\u00a0 la rete d\u2019imprese dovr\u00e0 presentare entro 40 giorni. Dopo l\u2019approvazione del progetto esecutivo, sar\u00e0 indetta la procedura aperta per aggiudicazione lavori e, di seguito, l\u2019esecuzione lavori. La fine prevista dell\u2019opera che dar\u00e0 un nuovo volta e nuova funzionalit\u00e0 e sicurezza all\u2019ospedale di Lamon, come da cronoprogramma inviato alla Provincia, \u00e8 per dicembre 2023.<\/p>\n<p>&nbsp;<\/p>\n<p>&nbsp;<\/p>\n<p>&nbsp;<\/p>\n<p>&nbsp;<\/p>\n<p>&nbsp;<\/p>\n<blockquote><p>&nbsp;<\/p><\/blockquote>\n<p style=\"text-align: left;\" align=\"CENTER\"><span style=\"font-size: x-large;\"><b>Indetto l\u2019avviso per il primariato di pneumologia di Feltre<\/b><\/span><\/p>\n<p><strong><a class=\"dt-pswp-item\" href=\"http:\/\/www.radiopiu.net\/wordpress\/wp-content\/uploads\/2019\/02\/ospedale-di-feltre.jpeg\" data-dt-img-description=\"\" data-large_image_width=\"650\" data-large_image_height=\"463\"><img loading=\"lazy\" decoding=\"async\" class=\"alignleft wp-image-76822\" src=\"http:\/\/www.radiopiu.net\/wordpress\/wp-content\/uploads\/2019\/02\/ospedale-di-feltre-300x214.jpeg\" alt=\"\" width=\"181\" height=\"129\" srcset=\"https:\/\/www.radiopiu.net\/wordpress\/wp-content\/uploads\/2019\/02\/ospedale-di-feltre-300x214.jpeg 300w, https:\/\/www.radiopiu.net\/wordpress\/wp-content\/uploads\/2019\/02\/ospedale-di-feltre.jpeg 650w\" sizes=\"auto, (max-width: 181px) 100vw, 181px\" \/><\/a>FELTRE.<\/strong> Indetto l\u2019avviso per il primariato di pneumologia dell\u2019ospedale di Feltre. Dopo il pensionamento del dott. Franco Maria Zambotto a fine marzo, l\u2019Ulss Dolomiti ha avviato rapidamente la procedura per la copertura del posto di direttore della Pneumologia di Feltre. Il profilo ricercato un professionista con esperienza clinica nell\u2019ambito delle principali malattie respiratorie acute e croniche, in particolare: insufficienza respiratoria (acuta, cronica e acuta su cronica), asma bronchiale, BPCO, tumore del polmone, versamenti pleurici e interstiziopatie, nonch\u00e9 delle loro comorbidit\u00e0; infezioni polmonari ed ipertensione polmonare. L\u2019Avviso dovr\u00e0 essere ora pubblicato sul BUR e in gazzetta ufficiale. Da quel momento scatteranno i termini per la presentazione delle domande.<\/p>\n<p>&nbsp;<\/p>\n<p>&nbsp;<\/p>\n<p>&nbsp;<\/p>\n<h3>RIEVOCAZIONE STORICA NEL CONTESTO DELLA SAGRA DE PASCA<\/h3>\n<p><a class=\"dt-pswp-item\" href=\"http:\/\/www.radiopiu.net\/wordpress\/wp-content\/uploads\/2019\/04\/images-2.jpg\" data-dt-img-description=\"\" data-large_image_width=\"300\" data-large_image_height=\"168\"><img loading=\"lazy\" decoding=\"async\" class=\"alignleft wp-image-83261\" src=\"http:\/\/www.radiopiu.net\/wordpress\/wp-content\/uploads\/2019\/04\/images-2-300x168.jpg\" alt=\"\" width=\"150\" height=\"84\" \/><\/a><strong>TAIBON<\/strong> Il Gruppo Rocciatori &#8220;Gir&#8221; di Agordo con il Gruppo Sportivo, la Proloco e L&#8217;Abvs Taibon propone un evento\u00a0 di rievocazione storico-alpinistica in sala San Rocco (Municipio Vecchio in centro al paese). Oggi alle 17 verr\u00e0 proiettato un breve ma significativo filmato storico sull&#8217;attivit\u00e0 alpinistica invernale effettuata nell&#8217;indimenticabile stagione 1977-78, su alcune salite in Moiazza, Agner e sulle Pale di San Lucano. Autori delle imprese rievocate gli alpinisti del gruppo Gir Agordo e Gruppo Rocciatore Val Biois.<\/p>\n<p>&nbsp;<\/p>\n<p>&nbsp;<\/p>\n<p>&nbsp;<\/p>\n<h2>AUGURI DE ROSSI! IN MEZZO SECOLO \u201cSFORNATI\u201d PROFESSIONISTI\/E CHE SI SONO FATTI ONORE<\/h2>\n<p><strong>FALCADE<\/strong>\u00a0L\u2019Istituto d\u2019Istruzione Superiore Follador De Rossi di Agordo e Falcade (scuola e convitto) si prepara a festeggiare i 50 anni dell\u2019alberghiero di Falcade, la festa il prossimo 3 maggio alle 10.30 al palazzetto Dolomiti (vino alla scuola). Una mattinata per ricordare un\u2019importante storia iniziata nel 1969.<\/p>\n<p>&nbsp;<\/p>\n<p>&nbsp;<\/p>\n<p>&nbsp;<\/p>\n<h2>AL CATULLO IL PRIMO PREMIO DEL PROGETTO PACE<\/h2>\n<p><a class=\"dt-pswp-item\" href=\"http:\/\/www.radiopiu.net\/wordpress\/wp-content\/uploads\/2019\/04\/WhatsApp-Image-2019-04-17-at-22.33.05.jpeg\" data-dt-img-description=\"\" data-large_image_width=\"1600\" data-large_image_height=\"748\"><img loading=\"lazy\" decoding=\"async\" class=\"wp-image-83270 alignleft\" src=\"http:\/\/www.radiopiu.net\/wordpress\/wp-content\/uploads\/2019\/04\/WhatsApp-Image-2019-04-17-at-22.33.05-1024x479.jpeg\" alt=\"\" width=\"274\" height=\"128\" srcset=\"https:\/\/www.radiopiu.net\/wordpress\/wp-content\/uploads\/2019\/04\/WhatsApp-Image-2019-04-17-at-22.33.05-1024x479.jpeg 1024w, https:\/\/www.radiopiu.net\/wordpress\/wp-content\/uploads\/2019\/04\/WhatsApp-Image-2019-04-17-at-22.33.05-300x140.jpeg 300w, https:\/\/www.radiopiu.net\/wordpress\/wp-content\/uploads\/2019\/04\/WhatsApp-Image-2019-04-17-at-22.33.05-768x359.jpeg 768w, https:\/\/www.radiopiu.net\/wordpress\/wp-content\/uploads\/2019\/04\/WhatsApp-Image-2019-04-17-at-22.33.05.jpeg 1600w\" sizes=\"auto, (max-width: 274px) 100vw, 274px\" \/><\/a><\/p>\n<p><strong>BELLUNO<\/strong> La classe 2BL del Liceo Catullo di Belluno ha conquistato il primo posto nella categoria performance triennio dello Stage-Meeting internazionale 2019 della Nuova Rete Progetto Pace di Treviso, che si \u00e8 tenuto il 16 aprile al &#8220;Palamazzalovo&#8221; di Montebelluna. La Rete Progetto Pace di Treviso ormai dall&#8217;inizio degli anni Novanta organizza un confronto internazionale tra le scuole per riflettere attraverso l&#8217;arte su alcuni temi importanti per i giovani e la comunit\u00e0. Il titolo dell&#8217;evento di quest&#8217;anno, &#8220;STARE BENE CON SE STESSI E CON GLI ALTRI&#8221;, era dedicato a prevenire e a combattere le dipendenze. 27 le performance rappresentate. Al primo posto la performance &#8220;L&#8217;oscurit\u00e0 e la luce&#8221; della scuola bellunese, che racconta il tunnel della dipendenza e la possibilit\u00e0 di seguire la luce per uscirne. Al secondo posto la performance Choise di un Liceo di Skopje.<\/p>\n<blockquote><p><em>\u00a0Il Catullo quest&#8217;anno era l&#8217;unica scuola a rappresentare le Scuole in Rete di Belluno, che hanno sempre raccolto numerosi allori piazzandosi sempre ai primissimi posti nelle edizioni precedenti, specialmente con il Follador di Agordo, asso pigliatutto delle prime edizioni grazie ai ragazzi del Progetto Pace del professor Piergiorgio De Bastiani, e ultimamente con il Catullo, che per la quinta volta consecutiva ottiene il primo posto.<\/em><\/p><\/blockquote>\n<p>A guidare la delegazione bellunese Massimo Ferigutti, che, dopo il successo del Musical &#8220;Una sorpresa inaspettata&#8221; rappresentato nella settimana scorsa al Comunale di Belluno, ottiene, con la collaborazione di Laura Portunato, un&#8217;ennesimo riconoscimento. Un&#8217;ulteriore certificazione delle energie creative della scuola bellunese, una tradizione che le Scuole in Rete hanno saputo sempre sostenere e implementare in questi anni.<\/p>\n<p>&nbsp;<\/p>\n<p>&nbsp;<\/p>\n<p>&nbsp;<\/p>\n<p>&nbsp;<\/p>\n<h2>STAGISTA DI TALENTO TRA I LADINI<\/h2>\n<p><strong><a class=\"dt-pswp-item\" href=\"http:\/\/www.radiopiu.net\/wordpress\/wp-content\/uploads\/2019\/04\/Cartello-Benvenuti-Istituto-Borca-1_page-0001.jpg\" data-dt-img-description=\"\" data-large_image_width=\"1241\" data-large_image_height=\"1754\"><img loading=\"lazy\" decoding=\"async\" class=\"alignleft wp-image-83276\" src=\"http:\/\/www.radiopiu.net\/wordpress\/wp-content\/uploads\/2019\/04\/Cartello-Benvenuti-Istituto-Borca-1_page-0001-212x300.jpg\" alt=\"\" width=\"126\" height=\"178\" srcset=\"https:\/\/www.radiopiu.net\/wordpress\/wp-content\/uploads\/2019\/04\/Cartello-Benvenuti-Istituto-Borca-1_page-0001-212x300.jpg 212w, https:\/\/www.radiopiu.net\/wordpress\/wp-content\/uploads\/2019\/04\/Cartello-Benvenuti-Istituto-Borca-1_page-0001-768x1085.jpg 768w, https:\/\/www.radiopiu.net\/wordpress\/wp-content\/uploads\/2019\/04\/Cartello-Benvenuti-Istituto-Borca-1_page-0001-725x1024.jpg 725w, https:\/\/www.radiopiu.net\/wordpress\/wp-content\/uploads\/2019\/04\/Cartello-Benvenuti-Istituto-Borca-1_page-0001.jpg 1241w\" sizes=\"auto, (max-width: 126px) 100vw, 126px\" \/><\/a>BORCA DI CADORE\u00a0<\/strong> il giovane Aldo di Venas di Cadore, studente presso l&#8217;Istituto Leonardo da Vinci a Belluno, ha concluso il proprio stage professionalizzazione in Istituto, iniziato nel mese di febbraio. Nel periodo, in sinergia con lo stagista sono state realizzate le seguenti attivit\u00e0: layout grafico di \u201cEl Prinzipin\u201d, traduzione in ladino di \u201cIl Piccolo Principe\u201d inserita nel sito web dell&#8217;Istituto, e poi prodotta in edizione limitata; realizzazione di un cartello \u201cBenvenuti\u201d in pi\u00f9 varianti ladine, per l&#8217;ingresso agli uffici dell&#8217;Istituto; layout grafico dell&#8217;atto teatrale \u201cEl reibo mincion\u00e0\u201d, traduzione dal friulano di \u201cL&#8217;avaro gabbato\u201d inserita nel sito web dell&#8217;Istituto; layout grafico del Catalogo delle pubblicazioni 2004-19 dell&#8217;Istituto, inserito nel sito web dell&#8217;Istituto; layout grafico della Bio-bibliografia 1977-2017 del dialettologo prof. Enzo Croatto, di cui \u00e8 prevista l&#8217;edizione cartacea; nuovo layout grafico della rivista scientifico-culturale dell&#8217;Istituto \u201cLadin!\u201d, da completare per l&#8217;inserimento nel sito web. Tutte le attivit\u00e0 sono state portate a termine con piena soddisfazione dell&#8217;Istituto.<\/p>\n<p>&nbsp;<\/p>\n<h2><\/h2>\n<p>&nbsp;<\/p>\n<blockquote><p>&nbsp;<\/p><\/blockquote>\n<h2>L&#8217;ARTE DI DUE AGORDINI A CIVIDALE IN FRIULI<\/h2>\n<p>Due artisti agordini espongono le loro opere a Cividale del Friuli, il pittore Lucio Groja e lo scultore Albino Mezzacasa. La rassegna, presentata da Raffaella Ferrari, direttrice artistica della Fondazione e critica d&#8217;arte, rimarr\u00e0 aperta fino al 26 aprile<\/p>\n<p>&nbsp;<\/p>\n<p>&nbsp;<\/p>\n<h2>L&#8217;OMAGGIO ALLE CAMPIONESSE D&#8217;ITALIA<\/h2>\n<p><strong>ALLEGHE <\/strong>Mercoledi alle 18.30 il consiglio comunale di Alleghe consegner\u00e0 alla squadra femminile di hockey su ghiaccio una targa per la vittoria del campionato nazionale di serie A. La cerimonia nella sala consigliare del Municipio.<\/p>\n<h3><\/h3>\n<h3><\/h3>\n<p>&nbsp;<\/p>\n<blockquote><p>&nbsp;<\/p><\/blockquote>\n<h3>IL CONSIGLIO COMUNALE VARA IL REGOLAMENTO PER LA VIDEO SORVEGLIANZA<\/h3>\n<p><strong>RIVAMONTE<\/strong> Tre soli punti all&#8217;ordine del giorno del consiglio comunale convocato per mercoledi alle 19, in primo piano l&#8217;approvazione del rendiconto della gestione 2018, variazioni al bilancio di previsione e l&#8217;approvazione del regolamento sulla video sorveglianza.<\/p>\n<div dir=\"auto\"><\/div>\n<blockquote>\n<div dir=\"auto\"><\/div>\n<\/blockquote>\n<div dir=\"auto\"><\/div>\n<blockquote>\n<div dir=\"auto\"><\/div>\n<\/blockquote>\n<h3 dir=\"auto\">FESTA DELLA LIBERAZIONE IN MUNICIPIO<\/h3>\n<div dir=\"auto\"><strong>COLLE SANTA LUCIA<\/strong> Giovedi 25 aprile consiglio comunale a Colle Santa Lucia, alle 8 di mattina nonostante il giorno di festa nel ricordo della Liberazione. All&#8217;ordine del giorno la terza variazione al bilancio, l&#8217;approvazione di alcune convenzioni, il contributo per la messa in sicurezza di scuole, strade, edifici pubblici e patrimonio comunale. In chiusura del comunicazioni del sindaco Paolo Frena.<\/div>\n<div dir=\"auto\"><\/div>\n<div dir=\"auto\"><\/div>\n<div dir=\"auto\"><\/div>\n<div dir=\"auto\"><\/div>\n<div dir=\"auto\"><\/div>\n<div dir=\"auto\"><\/div>\n<blockquote>\n<div dir=\"auto\"><\/div>\n<\/blockquote>\n<h2 dir=\"auto\">SELEZIONE PERSONALE CON L&#8217;AZIENDA SPECIALE CONSORTILE AGORDINA<\/h2>\n<div dir=\"auto\"><strong>AGORDO\u00a0<\/strong> ASCA ha indetto una nuova selezione pubblica finalizzata alla formulazione di una graduatoria cui attingere per l\u2019assunzione a tempo determinato e indeterminato di OPERATORE SOCIO -SANITARIO.<\/div>\n<div dir=\"auto\">\n<p>Le modalit\u00e0 di presentazione della domanda si trovano sul sito aziendale www.servizisocialiasca.it. Il termine perentorio previsto per la presentazione della candidatura \u00e8 fissato per marted\u00ec 14 maggio 2019 entro le ore 12.00, mentre le selezioni verranno effettuate a partire dal giorno 23 maggio 2019.<\/p>\n<\/div>\n<p>&nbsp;<\/p>\n<p>&nbsp;<\/p>\n<p>&nbsp;<\/p>\n<p>&nbsp;<\/p>\n<div dir=\"auto\">\n<h2><a class=\"dt-pswp-item\" href=\"http:\/\/www.radiopiu.net\/wordpress\/wp-content\/uploads\/2018\/09\/appuntamenti.jpeg\" data-dt-img-description=\"\" data-large_image_width=\"800\" data-large_image_height=\"100\"><img loading=\"lazy\" decoding=\"async\" class=\"alignnone wp-image-61958 size-full\" src=\"http:\/\/www.radiopiu.net\/wordpress\/wp-content\/uploads\/2018\/09\/appuntamenti.jpeg\" alt=\"\" width=\"800\" height=\"100\" srcset=\"https:\/\/www.radiopiu.net\/wordpress\/wp-content\/uploads\/2018\/09\/appuntamenti.jpeg 800w, https:\/\/www.radiopiu.net\/wordpress\/wp-content\/uploads\/2018\/09\/appuntamenti-300x38.jpeg 300w, https:\/\/www.radiopiu.net\/wordpress\/wp-content\/uploads\/2018\/09\/appuntamenti-768x96.jpeg 768w\" sizes=\"auto, (max-width: 800px) 100vw, 800px\" \/><\/a><\/h2>\n<\/div>\n<p>&nbsp;<\/p>\n<h2>OGGI AD AGORDO I GRAFFITI DALLA SCUOLA DI DUNIO<\/h2>\n<blockquote class=\"wp-embedded-content\" data-secret=\"1NXglLLAaz\"><p><a href=\"http:\/\/www.radiopiu.net\/wordpress\/san-vincenzo-e-agordo-paese-del-graffito-sabato-linaugurazione-degli-ultimi-2-lavori-sulle-case-di-toccol-parech-e-prompicai\/\">SAN VINCENZO E AGORDO PAESE DEL GRAFFITO, SABATO L&#8217;INAUGURAZIONE DEGLI ULTIMI 2 LAVORI SULLE CASE DI TOCCOL, PARECH E PROMPICAI.<\/a><\/p><\/blockquote>\n<p><iframe loading=\"lazy\" class=\"wp-embedded-content\" sandbox=\"allow-scripts\" security=\"restricted\" style=\"position: absolute; clip: rect(1px, 1px, 1px, 1px);\" src=\"http:\/\/www.radiopiu.net\/wordpress\/san-vincenzo-e-agordo-paese-del-graffito-sabato-linaugurazione-degli-ultimi-2-lavori-sulle-case-di-toccol-parech-e-prompicai\/embed\/#?secret=1NXglLLAaz\" data-secret=\"1NXglLLAaz\" width=\"600\" height=\"338\" title=\"&#8220;SAN VINCENZO E AGORDO PAESE DEL GRAFFITO, SABATO L&#8217;INAUGURAZIONE DEGLI ULTIMI 2 LAVORI SULLE CASE DI TOCCOL, PARECH E PROMPICAI.&#8221; &#8212; Radio Pi\u00f9\" frameborder=\"0\" marginwidth=\"0\" marginheight=\"0\" scrolling=\"no\"><\/iframe><\/p>\n<p>&nbsp;<\/p>\n<p>&nbsp;<\/p>\n<p><strong>MEL<\/strong> Da oggi\u00a0 al 19 maggio Livio Ceschin espone le sue opere su carta al Palazzo delle Contesse. La vernice sabato alle 18, la mostra apre il sabato, la domenica ed i festivi dalle 9 alle 13 e dalle 15 alle 19. Con il patrocinio del Comune Borgo Valbelluna.<\/p>\n<p>&nbsp;<\/p>\n<p>&nbsp;<\/p>\n<p><strong>AGORDO<\/strong> Sabato 27 aprile alle 20.30 nell&#8217;Auditorium Favretti presso L&#8217;Istituto Minerario &#8220;Follador&#8221; sar\u00e0 presentato il libro Carne da Miniera, storie e stragi degli italiani invisibili nelle miniere del Belgio dal 1946 al 1973. Il patto Italia-Belgio e la storia di centinaia di italiani morti nelle miniere di carbone del Belgio. Sar\u00e0 presente l&#8217;autore Walter Basso.<\/p>\n<p>&nbsp;<\/p>\n<p>&nbsp;<\/p>\n<h3 dir=\"auto\">UNA CAMMINATA DI SENSIBILIZZAZIONE PER LA FIBROMIALGIA<\/h3>\n<div dir=\"auto\"><a class=\"dt-pswp-item\" href=\"http:\/\/www.radiopiu.net\/wordpress\/wp-content\/uploads\/2019\/04\/Immagine-cammino-1.jpg\" data-dt-img-description=\"\" data-large_image_width=\"1200\" data-large_image_height=\"628\"><img loading=\"lazy\" decoding=\"async\" class=\" wp-image-83039 alignleft\" src=\"http:\/\/www.radiopiu.net\/wordpress\/wp-content\/uploads\/2019\/04\/Immagine-cammino-1-300x157.jpg\" alt=\"\" width=\"214\" height=\"112\" srcset=\"https:\/\/www.radiopiu.net\/wordpress\/wp-content\/uploads\/2019\/04\/Immagine-cammino-1-300x157.jpg 300w, https:\/\/www.radiopiu.net\/wordpress\/wp-content\/uploads\/2019\/04\/Immagine-cammino-1-768x402.jpg 768w, https:\/\/www.radiopiu.net\/wordpress\/wp-content\/uploads\/2019\/04\/Immagine-cammino-1-1024x536.jpg 1024w, https:\/\/www.radiopiu.net\/wordpress\/wp-content\/uploads\/2019\/04\/Immagine-cammino-1.jpg 1200w\" sizes=\"auto, (max-width: 214px) 100vw, 214px\" \/><\/a>In cammino sull Magna Vai Francigena con partenza il 27 aprile da Palermo e l&#8217;arrivo ad Agrigento il 5 maggio \u00e8 un cammino proposto per sensibilizzare nei confronti dei malati di fibromialgia, la sindrome che consiste in una forma comune di dolore muscolo-scheletrico diffuso e di affaticamento (astenia) che colpisce approssimativamente 1.5 \u2013 2 milioni di Italiani. La referente Aisf della provincia di Belluno Carla Dalla Stella ha fatto sapere che la sezione di Belluno sosterr\u00e0 e sar\u00e0 virtualmente a fianco dei camminatori.<\/div>\n<div dir=\"auto\"><\/div>\n<div dir=\"auto\"><\/div>\n<div dir=\"auto\"><\/div>\n<blockquote>\n<div dir=\"auto\"><\/div>\n<\/blockquote>\n<div dir=\"auto\"><\/div>\n<div dir=\"auto\"><\/div>\n<div dir=\"auto\"><\/div>\n<blockquote>\n<div dir=\"auto\"><\/div>\n<\/blockquote>\n<h2 dir=\"auto\">RENZO &#8220;BENCI&#8221; MIOLA ESPONE<\/h2>\n<p>SEDICO Colori, sapori e profumi di primavera, \u00e8 il titolo della mostra dell&#8217;agordino Renzo Miola organizzata nella sede del centro anziani di Mas-Peron e dintorni. La mostra viene inaugurata sabato alle 17 e rimarr\u00e0 aperta fino al 12 maggio, nei giorni festivi dalle 10 alle 12 e dalle 15 alle 19, il sabato dalle 15 alle 19. Ingresso libero.<\/p>\n<p>&nbsp;<\/p>\n<p><a class=\"dt-pswp-item\" href=\"http:\/\/www.radiopiu.net\/wordpress\/wp-content\/uploads\/2019\/04\/WhatsApp-Image-2019-04-15-at-23.06.42.jpeg\" data-dt-img-description=\"\" data-large_image_width=\"1130\" data-large_image_height=\"1600\"><img loading=\"lazy\" decoding=\"async\" class=\"wp-image-82834 aligncenter\" src=\"http:\/\/www.radiopiu.net\/wordpress\/wp-content\/uploads\/2019\/04\/WhatsApp-Image-2019-04-15-at-23.06.42.jpeg\" alt=\"\" width=\"299\" height=\"424\" srcset=\"https:\/\/www.radiopiu.net\/wordpress\/wp-content\/uploads\/2019\/04\/WhatsApp-Image-2019-04-15-at-23.06.42.jpeg 1130w, https:\/\/www.radiopiu.net\/wordpress\/wp-content\/uploads\/2019\/04\/WhatsApp-Image-2019-04-15-at-23.06.42-212x300.jpeg 212w, https:\/\/www.radiopiu.net\/wordpress\/wp-content\/uploads\/2019\/04\/WhatsApp-Image-2019-04-15-at-23.06.42-768x1087.jpeg 768w, https:\/\/www.radiopiu.net\/wordpress\/wp-content\/uploads\/2019\/04\/WhatsApp-Image-2019-04-15-at-23.06.42-723x1024.jpeg 723w\" sizes=\"auto, (max-width: 299px) 100vw, 299px\" \/><\/a><\/p>\n<p>&nbsp;<\/p>\n<p>&nbsp;<\/p>\n<p>&nbsp;<\/p>\n<h1 class=\"entry-title\"><a class=\"dt-pswp-item\" href=\"http:\/\/www.radiopiu.net\/wordpress\/wp-content\/uploads\/2018\/09\/banner-speciali.png\" data-dt-img-description=\"\" data-large_image_width=\"250\" data-large_image_height=\"175\"><img loading=\"lazy\" decoding=\"async\" class=\"alignleft wp-image-59738\" src=\"http:\/\/www.radiopiu.net\/wordpress\/wp-content\/uploads\/2018\/09\/banner-speciali.png\" alt=\"\" width=\"84\" height=\"59\" \/><\/a>I BAMBINI DI CENCENIGHE IN \u201cARMONIA DELLE MANI\u201d DOPO IL VENTO E LA DISTRUZIONE.<\/h1>\n<blockquote class=\"wp-embedded-content\" data-secret=\"a5z1YCIPqK\"><p><a href=\"http:\/\/www.radiopiu.net\/wordpress\/i-bambini-di-cencenighe-in-armonia-delle-mani-dopo-il-vento-e-la-distruzione\/\">I bambini di Cencenighe in &#8220;Armonia delle mani&#8221; dopo il vento e la distruzione.<\/a><\/p><\/blockquote>\n<p><iframe loading=\"lazy\" class=\"wp-embedded-content\" sandbox=\"allow-scripts\" security=\"restricted\" style=\"position: absolute; clip: rect(1px, 1px, 1px, 1px);\" src=\"http:\/\/www.radiopiu.net\/wordpress\/i-bambini-di-cencenighe-in-armonia-delle-mani-dopo-il-vento-e-la-distruzione\/embed\/#?secret=a5z1YCIPqK\" data-secret=\"a5z1YCIPqK\" width=\"600\" height=\"338\" title=\"&#8220;I bambini di Cencenighe in &#8220;Armonia delle mani&#8221; dopo il vento e la distruzione.&#8221; &#8212; Radio Pi\u00f9\" frameborder=\"0\" marginwidth=\"0\" marginheight=\"0\" scrolling=\"no\"><\/iframe><\/p>\n<p>&nbsp;<\/p>\n<p>&nbsp;<\/p>\n<h2>SPECIALE RADIO PIU. DI RENATO BONA<\/h2>\n<blockquote class=\"wp-embedded-content\" data-secret=\"VZfsb4g6e8\"><p><a href=\"http:\/\/www.radiopiu.net\/wordpress\/attivita-in-terra-di-missione-esaltata-da-papa-francesco-di-renato-bona\/\">ATTIVITA\u2019 IN TERRA DI MISSIONE ESALTATA DA PAPA FRANCESCO  di RENATO BONA<\/a><\/p><\/blockquote>\n<p><iframe loading=\"lazy\" class=\"wp-embedded-content\" sandbox=\"allow-scripts\" security=\"restricted\" style=\"position: absolute; clip: rect(1px, 1px, 1px, 1px);\" src=\"http:\/\/www.radiopiu.net\/wordpress\/attivita-in-terra-di-missione-esaltata-da-papa-francesco-di-renato-bona\/embed\/#?secret=VZfsb4g6e8\" data-secret=\"VZfsb4g6e8\" width=\"600\" height=\"338\" title=\"&#8220;ATTIVITA\u2019 IN TERRA DI MISSIONE ESALTATA DA PAPA FRANCESCO  di RENATO BONA&#8221; &#8212; Radio Pi\u00f9\" frameborder=\"0\" marginwidth=\"0\" marginheight=\"0\" scrolling=\"no\"><\/iframe><\/p>\n<p>&nbsp;<\/p>\n<p>&nbsp;<\/p>\n<p>&nbsp;<\/p>\n<div dir=\"auto\">\n<p><a class=\"dt-pswp-item\" href=\"http:\/\/www.radiopiu.net\/wordpress\/wp-content\/uploads\/2018\/09\/viabilita.jpeg\" data-dt-img-description=\"\" data-large_image_width=\"800\" data-large_image_height=\"100\"><img loading=\"lazy\" decoding=\"async\" class=\"alignnone size-full wp-image-61954\" src=\"http:\/\/www.radiopiu.net\/wordpress\/wp-content\/uploads\/2018\/09\/viabilita.jpeg\" alt=\"\" width=\"800\" height=\"100\" srcset=\"https:\/\/www.radiopiu.net\/wordpress\/wp-content\/uploads\/2018\/09\/viabilita.jpeg 800w, https:\/\/www.radiopiu.net\/wordpress\/wp-content\/uploads\/2018\/09\/viabilita-300x38.jpeg 300w, https:\/\/www.radiopiu.net\/wordpress\/wp-content\/uploads\/2018\/09\/viabilita-768x96.jpeg 768w\" sizes=\"auto, (max-width: 800px) 100vw, 800px\" \/><\/a><\/p>\n<p><strong>PROVINCIALE 563 DI SALESEI<\/strong> Dal 6 maggio AL 14 giugno\u00a0 In localit\u00e0 Sopracordevole in Comune di Rocca Pietore senso unico alternato con semaforo o movieri e divieto di transito ai mezzi con massa superiore a 7,5 tonellate.<\/p>\n<p><strong>REGIONALE 203 AGORDINA<\/strong> Fino al 6 maggio (esclusi festivi e prefestivi) senso unico alternato regolato da semaforo in localit\u00e0 Rucav\u00e0 (Alleghe) per lavori di messa in sicurezza ciglio stradale<\/p>\n<p><strong>REGIONALE 203 AGORDINA<\/strong> Fino al 3 maggio (esclusi sabato, domenica e festivi infrasettimanali) senso unico alternato regolato da semaforo a monte dell&#8217;abitato di Caprile per lavori di manutenzione del cimitero.<\/p>\n<p><strong>PROVINCIALE 347 DURAN E CEREDA RIPRISTINATA LA CIRCOLAZIONE TRA VENAS E CIBIANA<\/strong><\/p>\n<\/div>\n<p>&nbsp;<\/p>\n<h2><a class=\"dt-pswp-item\" href=\"http:\/\/www.radiopiu.net\/wordpress\/wp-content\/uploads\/2018\/09\/sport.jpg\" data-dt-img-description=\"\" data-large_image_width=\"800\" data-large_image_height=\"100\"><img loading=\"lazy\" decoding=\"async\" class=\"alignleft wp-image-60761 size-full\" src=\"http:\/\/www.radiopiu.net\/wordpress\/wp-content\/uploads\/2018\/09\/sport.jpg\" alt=\"\" width=\"800\" height=\"100\" srcset=\"https:\/\/www.radiopiu.net\/wordpress\/wp-content\/uploads\/2018\/09\/sport.jpg 800w, https:\/\/www.radiopiu.net\/wordpress\/wp-content\/uploads\/2018\/09\/sport-300x38.jpg 300w, https:\/\/www.radiopiu.net\/wordpress\/wp-content\/uploads\/2018\/09\/sport-768x96.jpg 768w\" sizes=\"auto, (max-width: 800px) 100vw, 800px\" \/><\/a><\/h2>\n<p>&nbsp;<\/p>\n<p>&nbsp;<\/p>\n<p>&nbsp;<\/p>\n<h3><\/h3>\n<h3>NELLA PRIMA USCITA PRE-MONDIALE, UNA BUONA ITALIA SUPERA PER 5:2\u00a0LA GRAN BRETAGNA A COVENTRY<\/h3>\n<p>Con tre goal negli ultimi minuti di gioco, l&#8217;Italia piega la Gran Bretagna per 5:2 sul ghiaccio di Coventry Inizia nel migliore dei modi la preparazione dell\u2019Italia per i prossimi Mondiali Top Division in Slovacchia. La Nazionale supera a domicilio la Gran Bretagna sul ghiaccio di Coventry per 5:2 grazie ad un buon finale di gara con tre reti &#8211; a partire dal 53\u2019 &#8211; ed una superlativo match di Gianluca Vallini in porta. In rete per gli Azzurri Diego Kostner, Bardaro, Goi, Tauferer e Giovanni Morini (a porta vuota). Sabato, l\u2019Italia di nuovo in pista contro l\u2019Ungheria, alle ore 20:00, sempre sul ghiaccio di Coventry.<\/p>\n<p>&nbsp;<\/p>\n<p>&nbsp;<\/p>\n<h3>ONDABLU A MONASTIER PER IL ROSA BLU<\/h3>\n<p>A Monastier, domenica 14 aprile, hanno preso parte alla quarta edizione del trofeo Rosa Blu, raggiungendo un ottimo decimo posto di squadra, frutto dei punti guadagnati dai 23 nuotatori delle diverse categorie che hanno gareggiato nell\u2019arco dell\u2019intera giornata. Ancora una volta \u00e8 Giada Della Dora a trascinare l\u2019Ondablu, con due medaglie d\u2019oro nei 50 e nei 100 rana, gara in cui ha gi\u00e0 ottenuto il tempo limite per partecipare ai campionati italiani estivi di categoria che si terranno a Roma la prima settimana di agosto. Tempo limite solo sfiorato da Anna De Boni nei 100 dorso, gara in cui ha vinto l\u2019argento, prima di ottenere l\u2019oro nei 50 metri della stessa specialit\u00e0. A completare il medagliere della squadra si aggiunge il bronzo nei 100 dorso categoria juniores di Lisa De Polo. Molto positive anche le prestazioni degli altri atleti, quasi tutti in grado di abbassare i propri personali in vasca lunga.<\/p>\n\n\t\t\t<style type='text\/css'>\n\t\t\t\t#gallery-2 {\n\t\t\t\t\tmargin: auto;\n\t\t\t\t}\n\t\t\t\t#gallery-2 .gallery-item {\n\t\t\t\t\tfloat: left;\n\t\t\t\t\tmargin-top: 10px;\n\t\t\t\t\ttext-align: center;\n\t\t\t\t\twidth: 33%;\n\t\t\t\t}\n\t\t\t\t#gallery-2 img {\n\t\t\t\t\tborder: 2px solid #cfcfcf;\n\t\t\t\t}\n\t\t\t\t#gallery-2 .gallery-caption {\n\t\t\t\t\tmargin-left: 0;\n\t\t\t\t}\n\t\t\t\t\/* see gallery_shortcode() in wp-includes\/media.php *\/\n\t\t\t<\/style>\n\t\t<div id='gallery-2' class='dt-gallery-container gallery galleryid-83264 gallery-columns-3 gallery-size-thumbnail'><dl class='gallery-item'>\n\t\t\t\t<dt class='gallery-icon portrait'>\n\t\t\t\t\t<a class=\"rollover\" href='https:\/\/www.radiopiu.net\/wordpress\/giornale-radiopiu-19-aprile-2019-direttore-mirko-mezzacasa\/de-polo-lisa\/'><img loading=\"lazy\" decoding=\"async\" width=\"150\" height=\"150\" src=\"https:\/\/www.radiopiu.net\/wordpress\/wp-content\/uploads\/2019\/04\/de-polo-lisa-150x150.jpg\" class=\"attachment-thumbnail size-thumbnail\" alt=\"\" aria-describedby=\"gallery-2-83201\" \/><\/a>\n\t\t\t\t<\/dt>\n\t\t\t\t\t<dd class='wp-caption-text gallery-caption' id='gallery-2-83201'>\n\t\t\t\t\tde polo lisa\n\t\t\t\t\t<\/dd><\/dl><dl class='gallery-item'>\n\t\t\t\t<dt class='gallery-icon portrait'>\n\t\t\t\t\t<a class=\"rollover\" href='https:\/\/www.radiopiu.net\/wordpress\/giornale-radiopiu-19-aprile-2019-direttore-mirko-mezzacasa\/de-boni-anna-3\/'><img loading=\"lazy\" decoding=\"async\" width=\"150\" height=\"150\" src=\"https:\/\/www.radiopiu.net\/wordpress\/wp-content\/uploads\/2019\/04\/de-boni-anna-150x150.jpg\" class=\"attachment-thumbnail size-thumbnail\" alt=\"\" aria-describedby=\"gallery-2-83202\" \/><\/a>\n\t\t\t\t<\/dt>\n\t\t\t\t\t<dd class='wp-caption-text gallery-caption' id='gallery-2-83202'>\n\t\t\t\t\tde boni anna\n\t\t\t\t\t<\/dd><\/dl><dl class='gallery-item'>\n\t\t\t\t<dt class='gallery-icon portrait'>\n\t\t\t\t\t<a class=\"rollover\" href='https:\/\/www.radiopiu.net\/wordpress\/giornale-radiopiu-19-aprile-2019-direttore-mirko-mezzacasa\/della-dora-giada-3\/'><img loading=\"lazy\" decoding=\"async\" width=\"150\" height=\"150\" src=\"https:\/\/www.radiopiu.net\/wordpress\/wp-content\/uploads\/2019\/04\/della-dora-giada-150x150.jpg\" class=\"attachment-thumbnail size-thumbnail\" alt=\"\" aria-describedby=\"gallery-2-83203\" \/><\/a>\n\t\t\t\t<\/dt>\n\t\t\t\t\t<dd class='wp-caption-text gallery-caption' id='gallery-2-83203'>\n\t\t\t\t\tdella dora giada\n\t\t\t\t\t<\/dd><\/dl><br style=\"clear: both\" \/>\n\t\t\t<\/div>\n\n<p>Prossimo appuntamento per i categoria domenica 28 aprile, ancora nella piscina di Monastier, per la prima giornata della fase eliminatoria primaverile.<\/p>\n<p>&nbsp;<\/p>\n<p>&nbsp;<\/p>\n<p>&nbsp;<\/p>\n<p><b><a class=\"dt-pswp-item\" href=\"http:\/\/www.radiopiu.net\/wordpress\/wp-content\/uploads\/2018\/09\/WhatsApp-Image-2018-09-20-at-16.04.06.jpeg\" data-dt-img-description=\"\" data-large_image_width=\"800\" data-large_image_height=\"100\"><img loading=\"lazy\" decoding=\"async\" class=\"wp-image-61378 size-full alignleft\" src=\"http:\/\/www.radiopiu.net\/wordpress\/wp-content\/uploads\/2018\/09\/WhatsApp-Image-2018-09-20-at-16.04.06.jpeg\" alt=\"\" width=\"800\" height=\"100\" srcset=\"https:\/\/www.radiopiu.net\/wordpress\/wp-content\/uploads\/2018\/09\/WhatsApp-Image-2018-09-20-at-16.04.06.jpeg 800w, https:\/\/www.radiopiu.net\/wordpress\/wp-content\/uploads\/2018\/09\/WhatsApp-Image-2018-09-20-at-16.04.06-300x38.jpeg 300w, https:\/\/www.radiopiu.net\/wordpress\/wp-content\/uploads\/2018\/09\/WhatsApp-Image-2018-09-20-at-16.04.06-768x96.jpeg 768w\" sizes=\"auto, (max-width: 800px) 100vw, 800px\" \/><\/a><\/b><\/p>\n<p><center><b>Sabato 20<\/b><\/center><b>Tempo atteso: <\/b>Tempo ben soleggiato con cielo perlopi\u00f9 sereno, aria tersa ed ottima visibilit\u00e0, eccetto possibili foschie mattutine nelle valli. Clima mattutino sempre fresco nelle valli, pi\u00f9 mite di giorno.<br \/>\n<b>Precipitazioni: <\/b>Assenti (0%).<br \/>\n<b>Temperature: <\/b>Minime stazionarie nelle valli, in lieve aumento in quota; massime in lieve aumento. Su Prealpi a 1500 m min 4\u00b0C max 11\u00b0C, a 2000 m min 1\u00b0C max 7\u00b0C. Su Dolomiti a 2000 m min 0\u00b0C max 7\u00b0C, a 3000 m min -5\u00b0C max -2\u00b0C.<br \/>\n<b>Venti: <\/b>Nelle valli perlopi\u00f9 deboli di direzione variabile, con qualche rinforzo per brezze; in quota deboli da Est Sud-Est, a 5-10 km\/h a 2000 m, 5-20 km\/h a 3000 m.<\/p>\n<hr \/>\n<p><center><b>Domenica 21<\/b><\/center><b>Tempo atteso: <\/b>Tempo perlopi\u00f9 soleggiato con cielo da sereno al primo mattino, a poco nuvoloso per nubi alte che veleranno il cielo per il resto della giornata a partire da Sud-Ovest, senza togliere l&#8217;impressione di tempo buono, assieme a qualche modesto cumulo diurno. Clima diurno mite, specie in quota.<br \/>\n<b>Precipitazioni: <\/b>Assenti (0%).<br \/>\n<b>Temperature: <\/b>Senza variazioni di rilievo nelle valli, in ulteriore lieve aumento in quota. Su Prealpi a 1500 m min 5\u00b0C max 12\u00b0C, a 2000 m min 3\u00b0C max 8\u00b0C. Su Dolomiti a 2000 m min 1\u00b0C max 8\u00b0C, a 3000 m min -2\u00b0C max 0\u00b0C.<br \/>\n<b>Venti: <\/b>Nelle valli perlopi\u00f9 deboli di direzione variabile, con qualche rinforzo per brezze; in quota deboli meridionali, a 5-10 km\/h a 2000 m, 5-15 km\/h a 3000 m.<\/p>\n<hr \/>\n<p><center><b>Lunedi 22<\/b><\/center>Dopo le residue schiarite, anche ampie, del mattino, progressivo aumento della nuvolosit\u00e0 fino a cielo molto nuvoloso al pomeriggio\/sera, dapprima per nubi alte, poi anche per cumuli e nubi medio-basse; in serata possibili prime precipitazioni a partire dalle Prealpi occidentali, eventualmente nevose a 1800\/2000 m nella notte. Temperature diurne in calo, specie nelle valli per il ridotto soleggiamento. Venti meridionali in quota in intensificazione fino a moderati.<\/p>\n<hr \/>\n<p><center><b>Martedi 23<\/b><\/center>Tempo perturbato con cielo molto nuvoloso\/coperto per tutto il giorno e precipitazioni diffuse, moderate o a tratti forti sulle Prealpi, specie centro-orientali, e in parte sulle Dolomiti meridionali, deboli sulle Dolomiti settentrionali, in attenuazione in serata. Quota neve in rialzo da 1400\/1700 m nella notte a 1700\/2000 m in giornata. Venti moderati meridionali in quota. Clima diurno fresco con ridotta escursione termica giornaliera. Previsore: G.M<\/p>\n<p>&nbsp;<\/p>\n<p>&nbsp;<\/p>\n","protected":false},"excerpt":{"rendered":"<p>La Procura ha aperto un&#8217;inchiesta per incendio colposo, indaga sul rogo che ha distrutto il bosco in Comelico, anche ieri giornata impegnativa con elicotteri e canadair, ieri sera sembrava spento. A Lozzo di Cadore sono iniziati i lavori urgenti di messa in sicurezza della parete del monte Revis. Gli arrestati di Lambioi parlano facendo i&hellip;<\/p>\n","protected":false},"author":1,"featured_media":83266,"comment_status":"closed","ping_status":"closed","sticky":false,"template":"","format":"standard","meta":{"_monsterinsights_skip_tracking":false,"_monsterinsights_sitenote_active":false,"_monsterinsights_sitenote_note":"","_monsterinsights_sitenote_category":0,"footnotes":""},"categories":[86],"tags":[],"class_list":["post-83264","post","type-post","status-publish","format-standard","has-post-thumbnail","hentry","category-gr","category-86","description-off"],"img_url":"https:\/\/www.radiopiu.net\/wordpress\/wp-content\/uploads\/2019\/04\/WhatsApp-Image-2019-04-19-at-11.38.08.jpeg","_links":{"self":[{"href":"https:\/\/www.radiopiu.net\/wordpress\/wp-json\/wp\/v2\/posts\/83264","targetHints":{"allow":["GET"]}}],"collection":[{"href":"https:\/\/www.radiopiu.net\/wordpress\/wp-json\/wp\/v2\/posts"}],"about":[{"href":"https:\/\/www.radiopiu.net\/wordpress\/wp-json\/wp\/v2\/types\/post"}],"author":[{"embeddable":true,"href":"https:\/\/www.radiopiu.net\/wordpress\/wp-json\/wp\/v2\/users\/1"}],"replies":[{"embeddable":true,"href":"https:\/\/www.radiopiu.net\/wordpress\/wp-json\/wp\/v2\/comments?post=83264"}],"version-history":[{"count":0,"href":"https:\/\/www.radiopiu.net\/wordpress\/wp-json\/wp\/v2\/posts\/83264\/revisions"}],"wp:featuredmedia":[{"embeddable":true,"href":"https:\/\/www.radiopiu.net\/wordpress\/wp-json\/wp\/v2\/media\/83266"}],"wp:attachment":[{"href":"https:\/\/www.radiopiu.net\/wordpress\/wp-json\/wp\/v2\/media?parent=83264"}],"wp:term":[{"taxonomy":"category","embeddable":true,"href":"https:\/\/www.radiopiu.net\/wordpress\/wp-json\/wp\/v2\/categories?post=83264"},{"taxonomy":"post_tag","embeddable":true,"href":"https:\/\/www.radiopiu.net\/wordpress\/wp-json\/wp\/v2\/tags?post=83264"}],"curies":[{"name":"wp","href":"https:\/\/api.w.org\/{rel}","templated":true}]}}