{"id":83300,"date":"2019-04-20T05:38:19","date_gmt":"2019-04-20T03:38:19","guid":{"rendered":"http:\/\/www.radiopiu.net\/wordpress\/?p=83300"},"modified":"2019-04-23T06:20:32","modified_gmt":"2019-04-23T04:20:32","slug":"katia-veneri-mantovana-di-moglia-candidato-a-sindaco","status":"publish","type":"post","link":"https:\/\/www.radiopiu.net\/wordpress\/katia-veneri-mantovana-di-moglia-candidato-a-sindaco\/","title":{"rendered":"KATIA VENERI MANTOVANA DI MOGLIA CANDIDATO A SINDACO"},"content":{"rendered":"<h3><\/h3>\n<p><strong><a class=\"dt-pswp-item\" href=\"http:\/\/www.radiopiu.net\/wordpress\/wp-content\/uploads\/2019\/04\/ad741f6d-816c-49bb-ab4a-50ecfd3560e3.jpg\" data-dt-img-description=\"\" data-large_image_width=\"1064\" data-large_image_height=\"1600\"><img loading=\"lazy\" decoding=\"async\" class=\"alignleft wp-image-83299\" src=\"http:\/\/www.radiopiu.net\/wordpress\/wp-content\/uploads\/2019\/04\/ad741f6d-816c-49bb-ab4a-50ecfd3560e3-200x300.jpg\" alt=\"\" width=\"135\" height=\"203\" srcset=\"https:\/\/www.radiopiu.net\/wordpress\/wp-content\/uploads\/2019\/04\/ad741f6d-816c-49bb-ab4a-50ecfd3560e3-200x300.jpg 200w, https:\/\/www.radiopiu.net\/wordpress\/wp-content\/uploads\/2019\/04\/ad741f6d-816c-49bb-ab4a-50ecfd3560e3-768x1155.jpg 768w, https:\/\/www.radiopiu.net\/wordpress\/wp-content\/uploads\/2019\/04\/ad741f6d-816c-49bb-ab4a-50ecfd3560e3-681x1024.jpg 681w, https:\/\/www.radiopiu.net\/wordpress\/wp-content\/uploads\/2019\/04\/ad741f6d-816c-49bb-ab4a-50ecfd3560e3.jpg 1064w\" sizes=\"auto, (max-width: 135px) 100vw, 135px\" \/><\/a>SAN TOMASO<\/strong> Una lista che eviter\u00e0 lo scontro con il quorum. La Veneri con Forza Italia \u00e8 gi\u00e0 consigliere di maggioranza nel mantovano. A San Tomaso ha una seconda casa a Canacede.<\/p>\n<p>di GIANNI SANTOMASO<\/p>\n<audio class=\"wp-audio-shortcode\" id=\"audio-83300-1\" preload=\"none\" style=\"width: 100%;\" controls=\"controls\"><source type=\"audio\/mpeg\" src=\"http:\/\/www.radiopiu.net\/wordpress\/wp-content\/uploads\/2019\/04\/gianni.mp3?_=1\" \/><a href=\"http:\/\/www.radiopiu.net\/wordpress\/wp-content\/uploads\/2019\/04\/gianni.mp3\">http:\/\/www.radiopiu.net\/wordpress\/wp-content\/uploads\/2019\/04\/gianni.mp3<\/a><\/audio>\n<p>&nbsp;<\/p>\n<p>&nbsp;<\/p>\n","protected":false},"excerpt":{"rendered":"<p>SAN TOMASO Una lista che eviter\u00e0 lo scontro con il quorum. La Veneri con Forza Italia \u00e8 gi\u00e0 consigliere di maggioranza nel mantovano. A San Tomaso ha una seconda casa a Canacede. di GIANNI SANTOMASO &nbsp; &nbsp;<\/p>\n","protected":false},"author":1,"featured_media":83299,"comment_status":"closed","ping_status":"closed","sticky":false,"template":"","format":"standard","meta":{"_monsterinsights_skip_tracking":false,"_monsterinsights_sitenote_active":false,"_monsterinsights_sitenote_note":"","_monsterinsights_sitenote_category":0,"footnotes":""},"categories":[51,49],"tags":[],"class_list":["post-83300","post","type-post","status-publish","format-standard","has-post-thumbnail","hentry","category-evidenza-top","category-news-18","category-51","category-49","description-off"],"img_url":"https:\/\/www.radiopiu.net\/wordpress\/wp-content\/uploads\/2019\/04\/ad741f6d-816c-49bb-ab4a-50ecfd3560e3.jpg","_links":{"self":[{"href":"https:\/\/www.radiopiu.net\/wordpress\/wp-json\/wp\/v2\/posts\/83300","targetHints":{"allow":["GET"]}}],"collection":[{"href":"https:\/\/www.radiopiu.net\/wordpress\/wp-json\/wp\/v2\/posts"}],"about":[{"href":"https:\/\/www.radiopiu.net\/wordpress\/wp-json\/wp\/v2\/types\/post"}],"author":[{"embeddable":true,"href":"https:\/\/www.radiopiu.net\/wordpress\/wp-json\/wp\/v2\/users\/1"}],"replies":[{"embeddable":true,"href":"https:\/\/www.radiopiu.net\/wordpress\/wp-json\/wp\/v2\/comments?post=83300"}],"version-history":[{"count":0,"href":"https:\/\/www.radiopiu.net\/wordpress\/wp-json\/wp\/v2\/posts\/83300\/revisions"}],"wp:featuredmedia":[{"embeddable":true,"href":"https:\/\/www.radiopiu.net\/wordpress\/wp-json\/wp\/v2\/media\/83299"}],"wp:attachment":[{"href":"https:\/\/www.radiopiu.net\/wordpress\/wp-json\/wp\/v2\/media?parent=83300"}],"wp:term":[{"taxonomy":"category","embeddable":true,"href":"https:\/\/www.radiopiu.net\/wordpress\/wp-json\/wp\/v2\/categories?post=83300"},{"taxonomy":"post_tag","embeddable":true,"href":"https:\/\/www.radiopiu.net\/wordpress\/wp-json\/wp\/v2\/tags?post=83300"}],"curies":[{"name":"wp","href":"https:\/\/api.w.org\/{rel}","templated":true}]}}