{"id":83311,"date":"2019-04-20T06:08:02","date_gmt":"2019-04-20T04:08:02","guid":{"rendered":"http:\/\/www.radiopiu.net\/wordpress\/?p=83311"},"modified":"2019-04-20T06:08:02","modified_gmt":"2019-04-20T04:08:02","slug":"attivita-in-terra-di-missione-esaltata-da-papa-francesco-di-renato-bona","status":"publish","type":"post","link":"https:\/\/www.radiopiu.net\/wordpress\/attivita-in-terra-di-missione-esaltata-da-papa-francesco-di-renato-bona\/","title":{"rendered":"ATTIVITA\u2019 IN TERRA DI MISSIONE ESALTATA DA PAPA FRANCESCO  di RENATO BONA"},"content":{"rendered":"<p>Nel Venerd\u00ec di Passione, il Pontefice ha opportunamente dato spazio all\u2019opera preziosa, insostituibile, di quanti operano in terra di missione. Papa Francesco ci ha cos\u00ec offerto il destro per ricordare, sinteticamente \u2013 attraverso testi ed immagini tratti dal libretto \u201cDalle nostre Sorgenti\u201d, edito dal Centro missionario di Belluno-Feltr e diretto da don Luigi Canal &#8211; la figura di 5 bellunesi impegnati, con i fatti e con l\u2019esempio, proprio a favore dei meno fortunati, che non sono davvero pochi. Tra l\u2019altro, in questo mese di aprile 2019 che si sta consumando, hanno festeggiato (per quanto possibile) o si apprestano a farlo, il compleanno. missionaria delle Suore Pastorelle, \u00e8 nata a Tiser di Gosaldo, alto Agordino in provincia di Belluno, il 6 aprile 1928. Missionaria in Australia dal 1950, a servizio dei migranti italiani. Ha avuto modo di dire: \u201c\u2026 qui posso essere utile in comunit\u00e0 e anche nella parrocchia, sono ormai troppi anni che manco dall\u2019Italia e mi fa piacere ricevere notizie dal Centro missionario e anche dal bollettino parrocchiale di Tiser e Rivamonte..\u201d. E di ricordare. \u201cNel 1963 il nostro fondatore don Giacomo Alberione \u00e8 venuto in Australia e quello stesso anno ricorreva il mio cinquantesimo anniversario di professione religiosa\u2026\u201d. TODESCO PADRE GIULIANO, della diocesi di Jales in Brasile, \u00e8 nato a Lamon il 6 aprile 1932 ed \u00e8 missionario dal 1966. Dal 1970 era stato parroco per due anni a Venezia quindi la congregazione canossiana lo autorizz\u00f2 a lavorare in terra brasiliana dove ha prestato servizio in diverse parrocchie e dove risiede ad Asp\u00e0sia. Ha ricordato fra l\u2019altro: \u201cIn tutte le parrocchie per le quali sono passato, il Signore mi ha messo in situazioni cos\u00ec disagevoli che ho avuto la certezza di una seconda mia missione da affrontare: costruire chiese, centri pastorali, saloni per eventi a favore delle comunit\u00e0\u2026 Per la carit\u00e0 spicciola, quella fatta in base alle necessit\u00e0 quotidiane , con cesti di viveri, costruzione di casette, aiuti negli studi, \u00e8 sempre arrivato l\u2019aiuto italiano di parenti, amici e conoscenti ed in particolare di alcune entit\u00e0 dedite alla costruzione di un mondo pi\u00f9 giusto e migliore\u201d. SLONGO SUOR ROSA, missionaria salesiana, \u00e8 nata a Pez di Cesiomaggiore il 9 aprile 1924. In Cile dal 1969, ha lavorato molto nelle scuole salesiane e nella formazione spirituale ed umana delle persone, creando anche piccoli laboratori. Ora \u00e8 in casa di riposo a Santiago. Di lei \u00e8 stato scritto fra l\u2019altro. \u201cCinquant\u2019anni e pi\u00f9 di vita missionaria in Cile, il suo Cile. Generazioni di allievi hanno ricevuto il suo amorevole insegnamento e chiss\u00e0 quanta doverosa e merita ta gratitudine avr\u00e0 ricevuto suor Rosa. Grazie per le bellissime emozioni che ci dona e che ricorderemo nel tempo\u201d. ZANDONELLA CALLEGHERE DON SAVINO, missionario salesiano, \u00e8 nato a Dosoledo di Cadore il 16 aprile 1942. Partito nel 1958, a 16 anni, ancora chierico, \u00e8 approdato in Argentina ed ha operato a Neuqu\u00e9n, Luis Beltran, Trelew, Rawson, Zapala, Bahia Blanca, Bariloche (la \u201cCortina d\u2019argentina\u201d fondata dal bellunese Primo Capraro, di Castion), Patagones. Risiede a Viedma capitale della provincia di Rio Negro e spesso vive in mezzo ai pi\u00f9 poveri, lontano da casa. Don Savino ha avuto modo di dire: \u201cSe non facciamo qualcosa per cambiare questo mondo, la nostra religione sar\u00e0 solo platonismo, alienazione e i n chiesa i nostri canti sulla fraternit\u00e0 ci suoneranno come stonature. Non m i sento un eroe, ma solo uno che sa di non aver sbagliato nella scelta mettendosi al servizio dei pi\u00f9 bisognosi\u201d. DE BORTOLI DON VALENTINO, missionario incardinato a La Paz, \u00e8 nato a Feltre il 23 aprile 1962. Perito agrario, verso il 1987 cominci\u00f2 a frequentare i gruppi Mato Grosso d\u2019impegno missionario, animati dai padri salesiani, E\u2019 stato ordinato diacono nell\u2019autunno del 1998 e sacerdote l\u2019anno successivo. Vive in Bolivia a circa seimila metri di altitudine; \u00e8 missionario al servizio della diocesi di El Alto nel dipartimento di La Paz, e parroco di Amban\u00e0. Ha avuto modo di affermare: \u201cNella parrocchia abbiamo trenta comunit\u00e0 che seguiamo con attivit\u00e0 pastorali, specialmente rivolte ai ragazzi. C\u2019\u00e8 l\u2019internato maschile, con la scuola di falegnameria, abbiamo inoltre organizzato cooperative, attivit\u00e0 di doposcuola ed assistenza agli anziani e agli ammalati\u201d.<\/p>\n<p><strong>NELLE FOTO<\/strong> (Riproduzioni dal libro \u201cDalle nostre sorgenti\u201d del Centro missionario di Belluno-Feltre): suor Maria Letizia Selle; padre Giuliano Todesco; suor Rosa Slongo; don Savino Zandonella Callegher; don Valentino De Bortoli; il direttore del Centro missionario della Diocesi di Belluno-Feltre, don Luigi Canal, con suor Rosa Slongo, in occasione di una visita missionaria.<\/p>\n\n\t\t\t<style type='text\/css'>\n\t\t\t\t#gallery-1 {\n\t\t\t\t\tmargin: auto;\n\t\t\t\t}\n\t\t\t\t#gallery-1 .gallery-item {\n\t\t\t\t\tfloat: left;\n\t\t\t\t\tmargin-top: 10px;\n\t\t\t\t\ttext-align: center;\n\t\t\t\t\twidth: 33%;\n\t\t\t\t}\n\t\t\t\t#gallery-1 img {\n\t\t\t\t\tborder: 2px solid #cfcfcf;\n\t\t\t\t}\n\t\t\t\t#gallery-1 .gallery-caption {\n\t\t\t\t\tmargin-left: 0;\n\t\t\t\t}\n\t\t\t\t\/* see gallery_shortcode() in wp-includes\/media.php *\/\n\t\t\t<\/style>\n\t\t<div id='gallery-1' class='dt-gallery-container gallery galleryid-83311 gallery-columns-3 gallery-size-thumbnail'><dl class='gallery-item'>\n\t\t\t\t<dt class='gallery-icon portrait'>\n\t\t\t\t\t<a class=\"rollover\" href='https:\/\/www.radiopiu.net\/wordpress\/attivita-in-terra-di-missione-esaltata-da-papa-francesco-di-renato-bona\/58374334_655516518240111_8242312476071297024_n\/'><img loading=\"lazy\" decoding=\"async\" width=\"150\" height=\"150\" src=\"https:\/\/www.radiopiu.net\/wordpress\/wp-content\/uploads\/2019\/04\/58374334_655516518240111_8242312476071297024_n-150x150.jpg\" class=\"attachment-thumbnail size-thumbnail\" alt=\"\" \/><\/a>\n\t\t\t\t<\/dt><\/dl><dl class='gallery-item'>\n\t\t\t\t<dt class='gallery-icon portrait'>\n\t\t\t\t\t<a class=\"rollover\" href='https:\/\/www.radiopiu.net\/wordpress\/attivita-in-terra-di-missione-esaltata-da-papa-francesco-di-renato-bona\/58377402_367231110578247_2910429565308370944_n\/'><img loading=\"lazy\" decoding=\"async\" width=\"150\" height=\"150\" src=\"https:\/\/www.radiopiu.net\/wordpress\/wp-content\/uploads\/2019\/04\/58377402_367231110578247_2910429565308370944_n-150x150.jpg\" class=\"attachment-thumbnail size-thumbnail\" alt=\"\" \/><\/a>\n\t\t\t\t<\/dt><\/dl><dl class='gallery-item'>\n\t\t\t\t<dt class='gallery-icon portrait'>\n\t\t\t\t\t<a class=\"rollover\" href='https:\/\/www.radiopiu.net\/wordpress\/attivita-in-terra-di-missione-esaltata-da-papa-francesco-di-renato-bona\/57331315_391666388344086_2675157278377639936_n\/'><img loading=\"lazy\" decoding=\"async\" width=\"150\" height=\"150\" src=\"https:\/\/www.radiopiu.net\/wordpress\/wp-content\/uploads\/2019\/04\/57331315_391666388344086_2675157278377639936_n-150x150.jpg\" class=\"attachment-thumbnail size-thumbnail\" alt=\"\" \/><\/a>\n\t\t\t\t<\/dt><\/dl><br style=\"clear: both\" \/><dl class='gallery-item'>\n\t\t\t\t<dt class='gallery-icon portrait'>\n\t\t\t\t\t<a class=\"rollover\" href='https:\/\/www.radiopiu.net\/wordpress\/attivita-in-terra-di-missione-esaltata-da-papa-francesco-di-renato-bona\/57303289_345520539502859_2395642387301924864_n\/'><img loading=\"lazy\" decoding=\"async\" width=\"150\" height=\"150\" src=\"https:\/\/www.radiopiu.net\/wordpress\/wp-content\/uploads\/2019\/04\/57303289_345520539502859_2395642387301924864_n-150x150.jpg\" class=\"attachment-thumbnail size-thumbnail\" alt=\"\" \/><\/a>\n\t\t\t\t<\/dt><\/dl><dl class='gallery-item'>\n\t\t\t\t<dt class='gallery-icon portrait'>\n\t\t\t\t\t<a class=\"rollover\" href='https:\/\/www.radiopiu.net\/wordpress\/attivita-in-terra-di-missione-esaltata-da-papa-francesco-di-renato-bona\/57538057_2270913889893994_179641564115501056_n\/'><img loading=\"lazy\" decoding=\"async\" width=\"150\" height=\"150\" src=\"https:\/\/www.radiopiu.net\/wordpress\/wp-content\/uploads\/2019\/04\/57538057_2270913889893994_179641564115501056_n-150x150.jpg\" class=\"attachment-thumbnail size-thumbnail\" alt=\"\" \/><\/a>\n\t\t\t\t<\/dt><\/dl><dl class='gallery-item'>\n\t\t\t\t<dt class='gallery-icon portrait'>\n\t\t\t\t\t<a class=\"rollover\" href='https:\/\/www.radiopiu.net\/wordpress\/attivita-in-terra-di-missione-esaltata-da-papa-francesco-di-renato-bona\/58373006_459268818176339_6047149653089058816_n\/'><img loading=\"lazy\" decoding=\"async\" width=\"150\" height=\"150\" src=\"https:\/\/www.radiopiu.net\/wordpress\/wp-content\/uploads\/2019\/04\/58373006_459268818176339_6047149653089058816_n-150x150.jpg\" class=\"attachment-thumbnail size-thumbnail\" alt=\"\" \/><\/a>\n\t\t\t\t<\/dt><\/dl><br style=\"clear: both\" \/>\n\t\t\t<\/div>\n\n<p>&nbsp;<\/p>\n<p>&nbsp;<\/p>\n","protected":false},"excerpt":{"rendered":"<p>Nel Venerd\u00ec di Passione, il Pontefice ha opportunamente dato spazio all\u2019opera preziosa, insostituibile, di quanti operano in terra di missione. Papa Francesco ci ha cos\u00ec offerto il destro per ricordare, sinteticamente \u2013 attraverso testi ed immagini tratti dal libretto \u201cDalle nostre Sorgenti\u201d, edito dal Centro missionario di Belluno-Feltr e diretto da don Luigi Canal &#8211;&hellip;<\/p>\n","protected":false},"author":1,"featured_media":83314,"comment_status":"closed","ping_status":"closed","sticky":false,"template":"","format":"standard","meta":{"_monsterinsights_skip_tracking":false,"_monsterinsights_sitenote_active":false,"_monsterinsights_sitenote_note":"","_monsterinsights_sitenote_category":0,"footnotes":""},"categories":[49,84],"tags":[],"class_list":["post-83311","post","type-post","status-publish","format-standard","has-post-thumbnail","hentry","category-news-18","category-speciali","category-49","category-84","description-off"],"img_url":"https:\/\/www.radiopiu.net\/wordpress\/wp-content\/uploads\/2019\/04\/58373006_459268818176339_6047149653089058816_n.jpg","_links":{"self":[{"href":"https:\/\/www.radiopiu.net\/wordpress\/wp-json\/wp\/v2\/posts\/83311","targetHints":{"allow":["GET"]}}],"collection":[{"href":"https:\/\/www.radiopiu.net\/wordpress\/wp-json\/wp\/v2\/posts"}],"about":[{"href":"https:\/\/www.radiopiu.net\/wordpress\/wp-json\/wp\/v2\/types\/post"}],"author":[{"embeddable":true,"href":"https:\/\/www.radiopiu.net\/wordpress\/wp-json\/wp\/v2\/users\/1"}],"replies":[{"embeddable":true,"href":"https:\/\/www.radiopiu.net\/wordpress\/wp-json\/wp\/v2\/comments?post=83311"}],"version-history":[{"count":0,"href":"https:\/\/www.radiopiu.net\/wordpress\/wp-json\/wp\/v2\/posts\/83311\/revisions"}],"wp:featuredmedia":[{"embeddable":true,"href":"https:\/\/www.radiopiu.net\/wordpress\/wp-json\/wp\/v2\/media\/83314"}],"wp:attachment":[{"href":"https:\/\/www.radiopiu.net\/wordpress\/wp-json\/wp\/v2\/media?parent=83311"}],"wp:term":[{"taxonomy":"category","embeddable":true,"href":"https:\/\/www.radiopiu.net\/wordpress\/wp-json\/wp\/v2\/categories?post=83311"},{"taxonomy":"post_tag","embeddable":true,"href":"https:\/\/www.radiopiu.net\/wordpress\/wp-json\/wp\/v2\/tags?post=83311"}],"curies":[{"name":"wp","href":"https:\/\/api.w.org\/{rel}","templated":true}]}}