{"id":83448,"date":"2019-04-23T06:00:27","date_gmt":"2019-04-23T04:00:27","guid":{"rendered":"http:\/\/www.radiopiu.net\/wordpress\/?p=83448"},"modified":"2019-04-23T15:57:24","modified_gmt":"2019-04-23T13:57:24","slug":"giornale-radiopiu-23-aprile-2019-direttore-mirko-mezzacasa","status":"publish","type":"post","link":"https:\/\/www.radiopiu.net\/wordpress\/giornale-radiopiu-23-aprile-2019-direttore-mirko-mezzacasa\/","title":{"rendered":"GIORNALE RADIOPIU 23 APRILE 2019 DIRETTORE MIRKO MEZZACASA"},"content":{"rendered":"<p>ULTIM&#8217;ORA<strong> INTERVENTO NELLA NOTTE IN CADORE, SALVI 3 ESCURSIONISTI<\/strong><\/p>\n<p><a class=\"dt-pswp-item\" href=\"http:\/\/www.radiopiu.net\/wordpress\/wp-content\/uploads\/2019\/04\/IMG-20190423-WA0000.jpg\" data-dt-img-description=\"\" data-large_image_width=\"1600\" data-large_image_height=\"1200\"><img loading=\"lazy\" decoding=\"async\" class=\"alignleft size-medium wp-image-83543\" src=\"http:\/\/www.radiopiu.net\/wordpress\/wp-content\/uploads\/2019\/04\/IMG-20190423-WA0000-300x225.jpg\" alt=\"\" width=\"300\" height=\"225\" srcset=\"https:\/\/www.radiopiu.net\/wordpress\/wp-content\/uploads\/2019\/04\/IMG-20190423-WA0000-300x225.jpg 300w, https:\/\/www.radiopiu.net\/wordpress\/wp-content\/uploads\/2019\/04\/IMG-20190423-WA0000-768x576.jpg 768w, https:\/\/www.radiopiu.net\/wordpress\/wp-content\/uploads\/2019\/04\/IMG-20190423-WA0000-1024x768.jpg 1024w, https:\/\/www.radiopiu.net\/wordpress\/wp-content\/uploads\/2019\/04\/IMG-20190423-WA0000.jpg 1600w\" sizes=\"auto, (max-width: 300px) 100vw, 300px\" \/><\/a>Ieri sera attorno alle 21 il Soccorso alpino del Centro Cadore \u00e8 stato allertato per tre giovani escursionisti in difficolt\u00e0. I tre, due ragazzi e una ragazza diciassettenni di Schio (VI), erano partiti dal campeggio ad Auronzo di Cadore, dove stanno passando le vacanze con i genitori, per percorrere la Val da Rin e recarsi al Rifugio Chiggiato dove avrebbero pernottato. Lungo la strada, che stavano affrontando con le ciaspe, dopo il Rifugio Baion avevano sbagliato sentiero. Dopo aver chiamato il gestore del Chiaggiato, che aveva dato loro le indicazioni corrette, i ragazzi erano tornati sui loro passi per riprendere la giusta direzione e superare anche un piccolo tratto attrezzato. A causa del ritardo acquisito per\u00f2, i giovani alle 19.30 erano ancora lontani dal Rifugio e avevano nuovamente contattato il gestore per avvertirlo che avevano avuto dei problemi e non sarebbero pi\u00f9 arrivati. A questo punto, ormai prossimo il buio e perch\u00e9 non rischiassero di perdersi o farsi male, il gestore aveva consigliato loro di allertare i soccorsi. Una decina di soccorrirori ha quindi raggiunto il Rifugio Baion e, in parte a piedi e in parte con gli sci d&#8217;alpinismo, \u00e8 arrivata fino dai ragazzi, alle 22.30 circa, riaccompagnandoli indietro. Una volta a Pian dei Buoi i soccorrirori li hanno ristorati con bevande calde, per poi riaccompagnarli ad Auronzo in campeggio. L&#8217;intervento si \u00e8 concluso alle 2<\/p>\n<p>&nbsp;<\/p>\n<p>&nbsp;<\/p>\n<p>&nbsp;<\/p>\n<p><strong>Piu&#8217; di 1000 imprese perse,<\/strong> Cadore e Agordino in crisi, ne da oggi notizia il Corriere delle Alpi nell&#8217;inchiesta di Raffaele Scottini, il 2018 si chiude con 14.039 imprese in provincia rispetto alle 15.298 del 2009 con un meno 8.2 per cento, 13.1 nel settore artigiano. La peggio per le piccole imprese con meno di 5 dipendenti. <strong>Ad Agordo<\/strong> ora scattano le denunce in seguito al pitbulla\u00f9 ammazzato nel parcheggio del SuperW. Amine Bendaoud \u00e8 finito all&#8217;ospedale di Agordo per i morsi del suo cane Kaos. I medici l&#8217;hanno giudicato guaribile in 15 giorni, prima di dimetterlo. Il giovane marocchino trapiantato ad Agordo con la famiglia ha affidato al profilo social la sua ricostruzione dei fatti di venerdi\u00a0 sera al Super W, versione che dar\u00e0 anche ai carabinieri impegnati nelle indagini sul caso. <strong>Schianto in galleria<\/strong> tra due moto al tunnel di Poiatte, a Farra, accanto al lago di Santa Croce. Ad avere la peggio un motociclista vicentino di Zan\u00e9, F.D.S., di 50anni, per il quale ci sono voluti i soccorsi e l&#8217;intervento dei vigili del fuoco. Verso le 15, altro incidente di moto <strong>a Spert: <\/strong>un&#8217;uscita autonoma, che \u00e8 costata traumi a due uomini: A. B. di 38 anni e V. P. di 25 sono stati trasportati a loro volta al San Martino di Belluno. <strong>Seren del Grappa<\/strong>: Cade da solo in moto mentre percorreva la strada che dal Monte Roncon porta nella zona del Forcelletto, sul Monte Grappa, lesioni molto gravi al diciottenne vicentino M.M. per\u00a0 il forte trauma toracico trasportato all&#8217;ospedale di Treviso\u00a0 in prognosi riservata.\u00a0 <strong>Tre donne intossicate <\/strong>\u00a0a seguito dell&#8217;incendio alla lavastoviglie.L&#8217;elettrodomestico era spento quando le proprietarie sono uscite, la lavastoviglie alloggiata in cucina si \u00e8 incendiata e ha prodotto un fumo denso e acre,\u00a0 ad avere la peggio \u00e8 stato il gatto che era all&#8217;interno .Nel tardo pomeriggio, le donne sono rientrate e, al momento di aprire la porta sono state a loro volta investite dal fumo. Niente di grave,\u00a0 il veterinario, ha verificato anche le condizioni del gatto. <strong>In Cadore<\/strong> arriva la pioggia a spegnere l&#8217;incendio di Santo Stefano che sembrava spento ma nel fine settimana il vento ha riattivato il fuoco costringendo di nuovo gli elicotteri ad alzarsi in volo.<\/p>\n<p>&nbsp;<\/p>\n<blockquote><p>&nbsp;<\/p><\/blockquote>\n<p>&nbsp;<\/p>\n<h2><\/h2>\n<p align=\"JUSTIFY\"><strong><a class=\"dt-pswp-item\" href=\"http:\/\/www.radiopiu.net\/wordpress\/wp-content\/uploads\/2015\/12\/acqua-pubblica_74691.jpg\" data-dt-img-description=\"\" data-large_image_width=\"600\" data-large_image_height=\"300\"><img loading=\"lazy\" decoding=\"async\" class=\"size-medium wp-image-14375 alignleft\" src=\"http:\/\/www.radiopiu.net\/wordpress\/wp-content\/uploads\/2015\/12\/acqua-pubblica_74691-300x150.jpg\" alt=\"\" width=\"300\" height=\"150\" \/><\/a>SAN TOMASO<\/strong> In tutto il comune di Vodo di Cadore e a San Tomaso Agordino nelle localit\u00e0 Avoscan, Roi, La Costa e Sot Colar\u00f9 l&#8217;acqua erogata dall&#8217;acquedotto \u00e8 di nuovo potabile e pu\u00f2 essere, quindi, usata per scopi alimentari.<\/p>\n<p align=\"JUSTIFY\"><span style=\"font-family: Arial, sans-serif;\"><strong>CIBIANA<\/strong> In tutto il comune\u00a0 l&#8217;acqua erogata dall&#8217;acquedotto non \u00e8 potabile e pu\u00f2 essere usata per scopi alimentari solo previa bollitura.<\/span><\/p>\n<p lang=\"it-IT\"><strong>Feltre<\/strong> nelle vie Col Fiorito, Casonetto, Pont, Nemeggio, Villapaiera, Celarda, Anzu&#8217;, Canal e Sanzan l&#8217;acqua erogata dall&#8217;acquedotto non \u00e8 potabile e pu\u00f2 essere usata per scopi alimentari solo previa bollitura.<\/p>\n<p>&nbsp;<\/p>\n<p>&nbsp;<\/p>\n<blockquote><p>&nbsp;<\/p><\/blockquote>\n<p>&nbsp;<\/p>\n<div class=\"\" data-block=\"true\" data-editor=\"fkflh\" data-offset-key=\"bqhsc-0-0\">\n<h2 class=\"_1mf _1mj\" data-offset-key=\"bqhsc-0-0\"><span data-offset-key=\"bqhsc-0-0\">\u00a0STATO DI ATTENZIONE PER POSSIBILI TEMPORALI INTENSI IN ALCUNE AREE DEL VENETO<\/span><\/h2>\n<\/div>\n<div class=\"\" data-block=\"true\" data-editor=\"fkflh\" data-offset-key=\"7k0aa-0-0\">\n<div class=\"_1mf _1mj\" data-offset-key=\"7k0aa-0-0\"><strong>VENEZIA<\/strong> In riferimento alla situazione meteorologica attesa sul territorio regionale, come da Avviso di condizioni meteo avverse emesso ieri, il Centro Funzionale Decentrato della Regione del Veneto, al fine di garantire un monitoraggio costante della situazione e la massima prontezza operativa del Sistema di Protezione Civile, ha dichiarato fino alle\u00a0 8 di mercoled\u00ec 24 aprile, per eventuali situazioni di criticit\u00e0 idrogeologica dovute al possibile verificarsi di rovesci o temporali localmente anche intensi. Questa la situazione prevista: OGGI<span data-offset-key=\"brg30-0-0\"> tempo perturbato con precipitazioni estese, moderate o a tratti anche forti, con rovesci e qualche locale temporale. Quantitativi complessivi anche consistenti specie su zone centro-settentrionali con possibili locali massimi di 70-100 mm su zone prealpine. Limite della neve in rialzo fino a 1900-2100 m circa.<\/span><\/div>\n<\/div>\n<div data-offset-key=\"7k0aa-0-0\"><\/div>\n<div data-offset-key=\"7k0aa-0-0\"><\/div>\n<blockquote>\n<div data-offset-key=\"7k0aa-0-0\"><\/div>\n<\/blockquote>\n<div data-offset-key=\"7k0aa-0-0\"><\/div>\n<div data-offset-key=\"7k0aa-0-0\"><\/div>\n<h3 data-offset-key=\"7k0aa-0-0\">LA PASQUA DEL SOCCORSO ALPINO<\/h3>\n<div data-offset-key=\"7k0aa-0-0\"><strong><a class=\"dt-pswp-item\" href=\"http:\/\/www.radiopiu.net\/wordpress\/wp-content\/uploads\/2019\/04\/IMG-20190420-WA0015.jpg\" data-dt-img-description=\"\" data-large_image_width=\"1600\" data-large_image_height=\"900\"><img loading=\"lazy\" decoding=\"async\" class=\"alignleft size-medium wp-image-83386\" src=\"http:\/\/www.radiopiu.net\/wordpress\/wp-content\/uploads\/2019\/04\/IMG-20190420-WA0015-300x169.jpg\" alt=\"\" width=\"300\" height=\"169\" srcset=\"https:\/\/www.radiopiu.net\/wordpress\/wp-content\/uploads\/2019\/04\/IMG-20190420-WA0015-300x169.jpg 300w, https:\/\/www.radiopiu.net\/wordpress\/wp-content\/uploads\/2019\/04\/IMG-20190420-WA0015-768x432.jpg 768w, https:\/\/www.radiopiu.net\/wordpress\/wp-content\/uploads\/2019\/04\/IMG-20190420-WA0015-1024x576.jpg 1024w, https:\/\/www.radiopiu.net\/wordpress\/wp-content\/uploads\/2019\/04\/IMG-20190420-WA0015.jpg 1600w\" sizes=\"auto, (max-width: 300px) 100vw, 300px\" \/><\/a>UNDICENNE SCIVOLA E BATTE LA TESTA, TRICHIANA\u00a0<\/strong>Mentre stava giocando lungo il sentiero che porta al ponte del Brent de l&#8217;Art, un undicenne tedesco \u00e8 scivolato in una scarpata e ha sbattuto la testa. Scattato l&#8217;allarme attorno alle 10.20 su richiesta degli amici dei genitori con cui si trovava il ragazzino, l&#8217;elicottero del Suem di Pieve di Cadore \u00e8 subito decollato in direzione del luogo, segnalato dalle coordinate Gps. Una volta sul posto l&#8217;eliambulanza ha sbarcato in hovering medico, infermiere e tecnico del Soccorso alpino dell&#8217;equipaggio, per poi atterrare nelle vicinanze. Prestate le prime cure all&#8217;infortunato, che aveva riportato un probabile lieve trauma cranico, l&#8217;undicenne \u00e8 stato imbarellato, caricato a bordo e trasportato all&#8217;ospedale di Feltre.<\/div>\n<div data-offset-key=\"7k0aa-0-0\"><strong>INTERVENTO PER GRUPPO IN DIFFICOLT\u00c0 SANTO STEFANO DI CADORE\u00a0<\/strong> Verso le 19.30 l&#8217;elicottero del Suem di Pieve di Cadore \u00e8 intervenuto in Val Visdende, dove un gruppo di persone era in difficolt\u00e0. I sei, adulti e bambini, avevano fatto una lunga camminata, ma si erano attardati e non erano pi\u00f9 in grado di proseguire a causa della neve e degli schianti degli alberi. I sei escursionisti, tra i quali due bambini, sono stati recuperati in due rotazioni dall&#8217;elicottero che aveva prima imbarcato un tecnico del Soccorso alpino della Val Comelico in supporto alle operazioni e per individuare velocemente il luogo, mentre altri soccorritori erano pronti a intervenire in caso di necessit\u00e0. Il gruppo si trovava nei pressi di Malga Chiastelin, dove l&#8217;eliambulanza ha potuto posare i pattini a terra.<\/div>\n<div data-offset-key=\"7k0aa-0-0\"><strong>DUE INTERVENTI IN ALPAGO<\/strong> Ieri mattina attorno alle 9 l\u2019elicottero del Suem di Pieve di Cadore \u00e8 intervenuto a Forcella Federola, tra i monti Antander e Venal, nel comune di Chies d\u2019Alpago (BL), dove un uomo era ruzzolato infortunandosi, nel tentativo di recuperare il proprio cane finito in un dirupo. Dopo una ricognizione, l\u2019eliambulanza ha individuato S.P., 44 anni, di Alpago, e il tecnico di elisoccorso lo ha recuperato con un verricello per trasportarlo all\u2019ospedale di Belluno con un probabile trauma alla caviglia e al costato. Purtroppo il cane \u00e8 poi stato ritrovato senza vita da un amico dell\u2019uomo. Verso le 15, invece, la Centrale del 118 ha allertato il Soccorso alpino dell\u2019Alpago in supporto ai Vigili del fuoco per un incidente stradale, poich\u00e9 l\u2019elicottero era impegnato in un\u2019altra missione, cos\u00ec come gli altri mezzi a terra. Un motociclista era infatti caduto dopo uno scontro e aveva riportato un possibile politrauma. Sopraggiunta nel frattempo, l\u2019eliambulanza ha poi sbarcato con un verricello medico e tecnico di elisoccorso, per atterrare in seguito nelle vicinanze. Prestate le prime cure, l\u2019uomo, F.D.S., 50 anni, di Zan\u00e8 (VI), \u00e8 stato imbarellato e trasportato fino all\u2019elicottero decollato poi in direzione dell\u2019ospedale di Belluno.<\/div>\n<div data-offset-key=\"7k0aa-0-0\"><strong>SOCCORSA ESCURSIONISTA SUL BOSCONERO LONGARONE <\/strong>Verso le 17 di ieri\u00a0 l&#8217;elicottero del Suem di Pieve di Cadore \u00e8 volato nel Gruppo del Bosconero dove, poco sotto il Bivacco Tovanella, un&#8217;escursionista si era fatta male mentre scendeva con le ciaspe, procurandosi un sospetto trauma al ginocchio. L&#8217;allarme era stato lanciato dal compagno che si trovava con lei e si era dovuto abbassare di quota per trovare un punto con copertura telefonica. Una volta individuata, la donna, M.B., 51 anni, di Domegge di Cadore (BL), \u00e8 stata recuperata con un verricello di una decina di metri dal tecnico del Soccorso alpino dell&#8217;equipaggio, per essere poi trasportata all&#8217;ospedale di Belluno.<\/div>\n<div data-offset-key=\"7k0aa-0-0\"><\/div>\n<div data-offset-key=\"7k0aa-0-0\"><\/div>\n<div data-offset-key=\"7k0aa-0-0\"><\/div>\n<div data-offset-key=\"7k0aa-0-0\"><\/div>\n<blockquote>\n<div data-offset-key=\"7k0aa-0-0\"><\/div>\n<\/blockquote>\n<div data-offset-key=\"7k0aa-0-0\"><\/div>\n<div data-offset-key=\"7k0aa-0-0\"><\/div>\n<div data-offset-key=\"7k0aa-0-0\"><\/div>\n<h2 data-offset-key=\"7k0aa-0-0\">LA MORTE DEL PITBULL AD AGORDO, LE DOMANDE DI CRISTIANO FANT<\/h2>\n<p><a class=\"dt-pswp-item\" href=\"http:\/\/www.radiopiu.net\/wordpress\/wp-content\/uploads\/2019\/04\/facebook_1555909646549.png\" data-dt-img-description=\"\" data-large_image_width=\"1515\" data-large_image_height=\"1536\"><img loading=\"lazy\" decoding=\"async\" class=\"alignleft wp-image-83477\" src=\"http:\/\/www.radiopiu.net\/wordpress\/wp-content\/uploads\/2019\/04\/facebook_1555909646549-296x300.png\" alt=\"\" width=\"190\" height=\"193\" srcset=\"https:\/\/www.radiopiu.net\/wordpress\/wp-content\/uploads\/2019\/04\/facebook_1555909646549-296x300.png 296w, https:\/\/www.radiopiu.net\/wordpress\/wp-content\/uploads\/2019\/04\/facebook_1555909646549-768x779.png 768w, https:\/\/www.radiopiu.net\/wordpress\/wp-content\/uploads\/2019\/04\/facebook_1555909646549-1010x1024.png 1010w, https:\/\/www.radiopiu.net\/wordpress\/wp-content\/uploads\/2019\/04\/facebook_1555909646549.png 1515w\" sizes=\"auto, (max-width: 190px) 100vw, 190px\" \/><\/a>Verso le 19 del 19 Aprile nel parcheggio del supermercato SuperW di Agordo, in via Sommariva, un gruppo di persone gi\u00e0 note alle forze dell\u2019ordine e alla popolazione durante un bisticcio, hanno provocato la morte di un cane.\u00a0 Il pitbull nero, di propriet\u00e0 di uno di loro, eccitato dalla situazione nella quale si \u00e8 venuto a trovare, nella quale vi erano persone che correvano, urlavano e vedendo un altro pitbull che girava libero, ha aggredito il detentore momentaneo, presunto proprietario dell&#8217;animale che lo stava strattonando con il guinzaglio. La reazione del cane \u00e8 stata\u00a0 \u00a0filmata da un passante, dimostra come il cane abbia lasciato e ripreso la presa in pi\u00f9 occasioni a dimostrazione che lo stato di alterazione del cane si poteva gestire. Gli intervenuti anzich\u00e8 legare il cane ancora provvisto di guinzaglio, per metterlo in sicurezza si sono avventati su di lui, atterrandolo, sedendocisi sopra e soffocandolo fino a farlo morire. Il tutto \u00e8 avvenuto in quella che \u00e8 una laterale del centro di Agordo, molto frequentata, dove abitualmente queste persone si aggirano; nella zona, negozi e scuole. L&#8217;evento \u00e8 cominciato alla COOP di Agordo sotto gli occhi di molte persone che hanno dichiarato uno stato di alterazione del cane dovuto alle grida e gli strattoni dei detentori degli animali, evidentemente alterati.<\/p>\n<p><strong>LE DOMANDE CHE PONE CRISTIANO FANT Siamo Tutti Animali \u2013 Movimento Antispecista Bellunese<\/strong><\/p>\n<blockquote><p><em>&#8220;Un evento che era solo in lista d&#8217;attesa e che, come previsto \u00e8 accaduto, sfociando in tragedia. Poco dopo sono intervenuti i Carabinieri per i rilievi del caso e, molto pi\u00f9 tardi un veterinario. La vicenda presenta molti interrogativi e alcune possibili lacune in tema di intervento della p.g..\u00a0 Sar\u00e0 compito della magistratura indagare per appurare i fatti ma molte domande non possiamo non porle gi\u00e0 adesso. Il cane, risulta che fosse stato messo in classe di pericolosit\u00e0 dal servizio veterinario pubblico; il proprietario risulta persona &#8220;nota alle Forze dell&#8217;Ordine&#8221; e conosciuto dai cittadini agordini che in molte occasioni si sono lamentati del comportamento dell&#8217;individuo e dei suoi compagni. Come pu\u00f2, questo tipo di persone, possedere animali di razze considerate sino a qualche anno fa pericolose? Come \u00e8 possibile che queste persone non possano essere messe in condizioni di non nuocere a se stesse e agli altri? Cos&#8217;altro dobbiamo aspettarci? Venerd\u00ec \u00e8 morto un cane, un essere innocente, colpevole solamente di essere finito nelle mani sbagliate. Su chi ricade la colpa di questa morte? E su chi ricadr\u00e0 la prossima morte? Soprattutto, chi morir\u00e0? Un altro cane? Un bimbo? Una famiglia intera? Perch\u00e8 ne sono certo, fatti del genere capiteranno ancora se non verr\u00e0 fatto qualcosa.\u00a0 La popolazione agordina ma non solo, la popolazione dell&#8217;intera provincia bellunese ha paura.\u00a0 Non \u00e8 infatti questo il primo episodio di violenza nel territorio, causato da questo genere di persone a danno di privati cittadini. Persone picchiate, furti nei negozi, atti intimidatori verso le Forze dell&#8217;Ordine, usando i cani come arma. \u00c8 tipico di queste persone avvalersi di molossoidi come cani da difesa personale che, aizzati contro le persone si pongono in violazione della normativa vigente. La provincia bellunese sta affrontando una situazione nuova e la popolazione non pu\u00f2 affrontarla da sola. Le Forze dell&#8217;Ordine e gli organi preposti alla sicurezza e alla prevenzione nonch\u00e8 alla repressione dei reati devono agire in fretta afinch\u00e8 episodi spaventosi come questo non accadano pi\u00f9. Va detto che la normativa presenta serie lacune in tema di tutela animale, lacune che devono essere colmate in fretta. Siamo Tutti Animali \u2013 Movimento Antispecista Bellunese aspetta delle risposte concrete da parte degli organi preposti ai controlli perch\u00e8 non \u00e8 accettabile che eventi come quello accaduto venerd\u00ec sera ad Agordo, si ripetano ancora&#8221;.<\/em><\/p><\/blockquote>\n<div data-offset-key=\"7k0aa-0-0\"><\/div>\n<div data-offset-key=\"7k0aa-0-0\"><\/div>\n<div data-offset-key=\"7k0aa-0-0\"><\/div>\n<blockquote>\n<div data-offset-key=\"7k0aa-0-0\"><\/div>\n<\/blockquote>\n<div data-offset-key=\"7k0aa-0-0\"><\/div>\n<div data-offset-key=\"7k0aa-0-0\"><\/div>\n<div data-offset-key=\"7k0aa-0-0\"><\/div>\n<div data-offset-key=\"7k0aa-0-0\">\n<h3>20 MAGGIO LA PROSSIMA SCADENZA PER LE DOMANDE DI RIMBORSO POST VAIA<\/h3>\n<p><strong>BELLUNO<\/strong> E&#8217; stata prorogata al 20 maggio la scadenza per presentare le domande di rimborso, il posticipo dal 1 maggio a causa dei numerosi adempimenti che gli sportelli CAF della Cgil, Cisl e Uil sono tenuti a garantire in questo periodo. I CAF garantiscono entro quella data la compilazione del modello ISEE. Si ricorda inoltre che alla pagina della provincia www.provincia.belluno.it \u00e8 possibile trovare le FAQ rispetto alle domande pi\u00f9 frequenti pervenute da cittadini e uffici comunali.<\/p>\n<h4><strong><a class=\"dt-pswp-item\" href=\"http:\/\/www.radiopiu.net\/wordpress\/wp-content\/uploads\/2019\/04\/BIASI.jpg\" data-dt-img-description=\"\" data-large_image_width=\"640\" data-large_image_height=\"640\"><img loading=\"lazy\" decoding=\"async\" class=\"alignleft wp-image-83471\" src=\"http:\/\/www.radiopiu.net\/wordpress\/wp-content\/uploads\/2019\/04\/BIASI-300x300.jpg\" alt=\"\" width=\"99\" height=\"99\" srcset=\"https:\/\/www.radiopiu.net\/wordpress\/wp-content\/uploads\/2019\/04\/BIASI-300x300.jpg 300w, https:\/\/www.radiopiu.net\/wordpress\/wp-content\/uploads\/2019\/04\/BIASI-150x150.jpg 150w, https:\/\/www.radiopiu.net\/wordpress\/wp-content\/uploads\/2019\/04\/BIASI.jpg 640w\" sizes=\"auto, (max-width: 99px) 100vw, 99px\" \/><\/a><\/strong><\/h4>\n<h4><\/h4>\n<h4><strong>DA BELLUNO LA PRESIDENTE DEL FONDO WELFARE PROVINCIALE, FRANCESCA DE BIASI\u00a0<\/strong><\/h4>\n<\/div>\n<div data-offset-key=\"7k0aa-0-0\">\n<audio class=\"wp-audio-shortcode\" id=\"audio-83448-1\" preload=\"none\" style=\"width: 100%;\" controls=\"controls\"><source type=\"audio\/mpeg\" src=\"http:\/\/www.radiopiu.net\/wordpress\/wp-content\/uploads\/2019\/04\/FRANCESCA-DE-BIASI.mp3?_=1\" \/><a href=\"http:\/\/www.radiopiu.net\/wordpress\/wp-content\/uploads\/2019\/04\/FRANCESCA-DE-BIASI.mp3\">http:\/\/www.radiopiu.net\/wordpress\/wp-content\/uploads\/2019\/04\/FRANCESCA-DE-BIASI.mp3<\/a><\/audio>\n<\/div>\n<div class=\"\" data-block=\"true\" data-editor=\"fkflh\" data-offset-key=\"8ed0i-0-0\"><\/div>\n<div data-block=\"true\" data-editor=\"fkflh\" data-offset-key=\"8ed0i-0-0\"><\/div>\n<div data-block=\"true\" data-editor=\"fkflh\" data-offset-key=\"8ed0i-0-0\"><\/div>\n<div data-block=\"true\" data-editor=\"fkflh\" data-offset-key=\"8ed0i-0-0\"><\/div>\n<div data-block=\"true\" data-editor=\"fkflh\" data-offset-key=\"8ed0i-0-0\"><\/div>\n<blockquote>\n<div data-block=\"true\" data-editor=\"fkflh\" data-offset-key=\"8ed0i-0-0\"><\/div>\n<\/blockquote>\n<h2><\/h2>\n<h2>LA PASQUA NELLA CONCA AGORDINA<\/h2>\n<p>Un fine settimana intenso e mai partecipato come quest&#8217;anno, perch\u00e9 il meteo ha aiutato, per i nomi chiamati sul palco delle feste, per l&#8217;esperienza degli organizzatori ormai garanzia di successo e divertimento. Quattro giorni di musica e solidariet\u00e0 a Taibon con la Sagra de Pasca, domenica sera prima dell&#8217;estrazione della lotteria \u00e8 stato consegnato l&#8217;assegno da oltre 2000 euro ai vigili del fuoco volontari di Agordo, ricavato della pastasciutta all&#8217;amatriciana solidale di giovedi sera. Ecco il video della consegna\u00a0 di ringraziamenti.<\/p>\n<p><a href=\"https:\/\/www.facebook.com\/marcobaghy\/videos\/10218780052916453\/\">CLICCA QUI PER VEDERE IL VIDEO<\/a><\/p>\n<p>Il bIglietto numero 8014 ha vinto il primo premio della lotteria, fantastico viaggio per due persone di una settimana una una localit\u00e0 a scelta. Oltre 12 mila biglietti venduti che \u00e8 un record, ecco l&#8217;elenco dei tagliandi vincenti pubblicato ieri.<\/p>\n<p><strong>CLICCA PER INGRANDIRE\u00a0<\/strong><\/p>\n<p><a class=\"dt-pswp-item\" href=\"http:\/\/www.radiopiu.net\/wordpress\/wp-content\/uploads\/2019\/04\/ESTRAZIONE-FINALE.jpg\" data-dt-img-description=\"\" data-large_image_width=\"1240\" data-large_image_height=\"1753\"><img loading=\"lazy\" decoding=\"async\" class=\"alignleft size-medium wp-image-83411\" src=\"http:\/\/www.radiopiu.net\/wordpress\/wp-content\/uploads\/2019\/04\/ESTRAZIONE-FINALE-212x300.jpg\" alt=\"\" width=\"212\" height=\"300\" srcset=\"https:\/\/www.radiopiu.net\/wordpress\/wp-content\/uploads\/2019\/04\/ESTRAZIONE-FINALE-212x300.jpg 212w, https:\/\/www.radiopiu.net\/wordpress\/wp-content\/uploads\/2019\/04\/ESTRAZIONE-FINALE-768x1086.jpg 768w, https:\/\/www.radiopiu.net\/wordpress\/wp-content\/uploads\/2019\/04\/ESTRAZIONE-FINALE-724x1024.jpg 724w, https:\/\/www.radiopiu.net\/wordpress\/wp-content\/uploads\/2019\/04\/ESTRAZIONE-FINALE.jpg 1240w\" sizes=\"auto, (max-width: 212px) 100vw, 212px\" \/><\/a><\/p>\n<p>&nbsp;<\/p>\n<h2><\/h2>\n<h2><\/h2>\n<h2><\/h2>\n<h2><\/h2>\n<h2><\/h2>\n<h2><\/h2>\n<h2><\/h2>\n<p>&nbsp;<\/p>\n<p>Nelle Ville di Agordo grande festa del Fanciullo, spettacolari come sempre i pop realizzati da Renato Bien e collaboratori. Dai giochi dei bambini all&#8217;emergenza Vaia in quella Val di Frela duramente colpita a fine ottobre con l&#8217;esondazione del torrente Campregana, a ricordarlo la mostra di video e foto. Nei pop lavori e tradizioni di un tempo, nulla di scontato, nulla di banale e ripetitivo che mette in risalto la grande passione e fantasia dei promotori. La festa a marchio Us Le Ville ha portato ad Agordo migliaia di persone favorite dal tiepido clima, simbolo della festa quest&#8217;anno &#8220;el siegono del Cepo&#8221; e come sempre ricavato in beneficenza.\u00a0 Radio Pi\u00f9 ha documentato il percorso dei pop.<\/p>\n<p>DI GIANNI SANTOMASO<\/p>\n<audio class=\"wp-audio-shortcode\" id=\"audio-83448-2\" preload=\"none\" style=\"width: 100%;\" controls=\"controls\"><source type=\"audio\/mpeg\" src=\"http:\/\/www.radiopiu.net\/wordpress\/wp-content\/uploads\/2019\/04\/gianni-graffiti.mp3?_=2\" \/><a href=\"http:\/\/www.radiopiu.net\/wordpress\/wp-content\/uploads\/2019\/04\/gianni-graffiti.mp3\">http:\/\/www.radiopiu.net\/wordpress\/wp-content\/uploads\/2019\/04\/gianni-graffiti.mp3<\/a><\/audio>\n<p>I BIGLIETTI VINCENTI DELLA LOTTERIA DI SAN VINCENZO<\/p>\n<p><a class=\"dt-pswp-item\" href=\"http:\/\/www.radiopiu.net\/wordpress\/wp-content\/uploads\/2019\/04\/58580604_2315088328513258_2196539853921845248_n.jpg\" data-dt-img-description=\"\" data-large_image_width=\"649\" data-large_image_height=\"960\"><img loading=\"lazy\" decoding=\"async\" class=\"alignleft size-medium wp-image-83494\" src=\"http:\/\/www.radiopiu.net\/wordpress\/wp-content\/uploads\/2019\/04\/58580604_2315088328513258_2196539853921845248_n-203x300.jpg\" alt=\"\" width=\"203\" height=\"300\" srcset=\"https:\/\/www.radiopiu.net\/wordpress\/wp-content\/uploads\/2019\/04\/58580604_2315088328513258_2196539853921845248_n-203x300.jpg 203w, https:\/\/www.radiopiu.net\/wordpress\/wp-content\/uploads\/2019\/04\/58580604_2315088328513258_2196539853921845248_n.jpg 649w\" sizes=\"auto, (max-width: 203px) 100vw, 203px\" \/><\/a><\/p>\n<div id=\"fb-root\"><\/div>\n<p><script async=\"1\" defer=\"1\" crossorigin=\"anonymous\" src=\"https:\/\/connect.facebook.net\/it_IT\/sdk.js#xfbml=1&amp;version=v6.0\"><\/script><\/p>\n<div class=\"fb-video\" data-href=\"https:\/\/www.facebook.com\/mirko.mezzacasa\/videos\/10219528076059366\/\" data-width=\"1200\">\n<blockquote cite=\"https:\/\/www.facebook.com\/mirko.mezzacasa\/videos\/10219528076059366\/\" class=\"fb-xfbml-parse-ignore\"><p><a href=\"https:\/\/www.facebook.com\/mirko.mezzacasa\/videos\/10219528076059366\/\"><\/a><\/p>\n<p>Pubblicato da <a href=\"https:\/\/www.facebook.com\/mirko.mezzacasa\">Mirko Mezzacasa<\/a> su Luned\u00ec 22 aprile 2019<\/p><\/blockquote>\n<\/div>\n<h2><\/h2>\n<h2><\/h2>\n<h2>DAL SITO INTERNET DI RADIO PIU&#8217; ANCHE IL SERVIZIO FOTOGRAFICO DI BRUNELLA MORO<\/h2>\n<blockquote class=\"wp-embedded-content\" data-secret=\"MOYWg9aWSR\"><p><a href=\"http:\/\/www.radiopiu.net\/wordpress\/san-vincnzo-2019\/\">San Vincenzo 2019<\/a><\/p><\/blockquote>\n<p><iframe loading=\"lazy\" class=\"wp-embedded-content\" sandbox=\"allow-scripts\" security=\"restricted\" style=\"position: absolute; clip: rect(1px, 1px, 1px, 1px);\" src=\"http:\/\/www.radiopiu.net\/wordpress\/san-vincnzo-2019\/embed\/#?secret=MOYWg9aWSR\" data-secret=\"MOYWg9aWSR\" width=\"600\" height=\"338\" title=\"&#8220;San Vincenzo 2019&#8221; &#8212; Radio Pi\u00f9\" frameborder=\"0\" marginwidth=\"0\" marginheight=\"0\" scrolling=\"no\"><\/iframe><\/p>\n<h2><\/h2>\n<p>&nbsp;<\/p>\n<p>&nbsp;<\/p>\n<p>&nbsp;<\/p>\n<blockquote><p>&nbsp;<\/p><\/blockquote>\n<h2>L&#8217;OPINIONE<\/h2>\n<blockquote>\n<h3><em>di Claudio Pra, da La Montagna nel Cuore 360 gradi di passione ad alta quota<\/em><\/h3>\n<\/blockquote>\n<p><strong>SCHIANTI COME SI FA?<\/strong>\u00a0 Ottobre 2018, la Tempesta Vaia si abbatte su ampie zone delle Alpi Orientali con inaudita violenza schiantando milioni di alberi. Il Bellunese \u00e8 tra le zone pi\u00f9 colpite e l\u2019alto Agordino il pi\u00f9 devastato. L\u2019 evento, \u00e8 facile da capire, \u00e8 di quelli epocali, che stravolgono un territorio. Nei giorni seguenti, quelli dell\u2019emergenza, l\u2019Agordino si rimette in fretta in piedi grazie alla grandissima reazione dei residenti e all\u2019aiuto massiccio di tanti volonta<span class=\"text_exposed_show\">ri coordinati impeccabilmente. Seguono i giorni delle dichiarazioni e dei proclami su come si dovr\u00e0 intervenire sugli schianti, in cui si promette un intervento massiccio con risorse e mezzi straordinari, anche per evitare la diffusione del Bostrico, che accentuerebbe i danni in un ambiente gi\u00e0 provato. C\u2019\u00e8 per\u00f2 di mezzo la cattiva stagione e tutto \u00e8 rimandato a primavera. <\/span>Lungi da me fare polemiche ma a sei mesi di distaza, nonostante un inverno e un inizio primavera favorevolissimi, l\u2019impressione \u00e8 che sia tutto fermo. Il lavoro \u00e8 immane, non c\u2019\u00e8 dubbio, ma i cantieri paiono davvero pochissimi rispetto a quanto servirebbe e al tempo occorrente. Sono soprattutto i privati e le Regole ad attivarsi in iniziative comunque sporadiche. Qualcosa non torna rispetto alle dichiarazioni del post emergenza e dei mesi seguenti. Colpa della burocrazia? Di valutazioni da fare? Di metodi di intervento da studiare? Qualche mese lo abbiamo avuto per prepararci, non \u00e8 bastato? Speriamo sia solo un impasse momentanea perch\u00e9 di questo passo ci ritroveremo a fine anno con lo stesso scenario di devastazione. Ed allora le cose sono due: o le promesse fatte, come quasi sempre succede, saranno disattese oppure l\u2019intervento \u00e8 talmente complicato e le risorse da mettere in campo talmente grandi che non si \u00e8 in grado di attuarlo in tempi brevi. Ma almeno si abbia il coraggio e l\u2019onest\u00e0 di dirlo perch\u00e9 tra i proclami e l\u2019attuale situazione c\u2019\u00e8 di mezzo il mare, anzi, una montagna.<\/p>\n\n\t\t\t<style type='text\/css'>\n\t\t\t\t#gallery-1 {\n\t\t\t\t\tmargin: auto;\n\t\t\t\t}\n\t\t\t\t#gallery-1 .gallery-item {\n\t\t\t\t\tfloat: left;\n\t\t\t\t\tmargin-top: 10px;\n\t\t\t\t\ttext-align: center;\n\t\t\t\t\twidth: 33%;\n\t\t\t\t}\n\t\t\t\t#gallery-1 img {\n\t\t\t\t\tborder: 2px solid #cfcfcf;\n\t\t\t\t}\n\t\t\t\t#gallery-1 .gallery-caption {\n\t\t\t\t\tmargin-left: 0;\n\t\t\t\t}\n\t\t\t\t\/* see gallery_shortcode() in wp-includes\/media.php *\/\n\t\t\t<\/style>\n\t\t<div id='gallery-1' class='dt-gallery-container gallery galleryid-83448 gallery-columns-3 gallery-size-thumbnail'><dl class='gallery-item'>\n\t\t\t\t<dt class='gallery-icon landscape'>\n\t\t\t\t\t<a class=\"rollover\" href='https:\/\/www.radiopiu.net\/wordpress\/giornale-radiopiu-23-aprile-2019-direttore-mirko-mezzacasa\/57694899_2304808603175945_511573571806429184_o\/'><img loading=\"lazy\" decoding=\"async\" width=\"150\" height=\"150\" src=\"https:\/\/www.radiopiu.net\/wordpress\/wp-content\/uploads\/2019\/04\/57694899_2304808603175945_511573571806429184_o-150x150.jpg\" class=\"attachment-thumbnail size-thumbnail\" alt=\"\" \/><\/a>\n\t\t\t\t<\/dt><\/dl><dl class='gallery-item'>\n\t\t\t\t<dt class='gallery-icon landscape'>\n\t\t\t\t\t<a class=\"rollover\" href='https:\/\/www.radiopiu.net\/wordpress\/giornale-radiopiu-23-aprile-2019-direttore-mirko-mezzacasa\/57963939_2304808649842607_509480359365181440_o\/'><img loading=\"lazy\" decoding=\"async\" width=\"150\" height=\"150\" src=\"https:\/\/www.radiopiu.net\/wordpress\/wp-content\/uploads\/2019\/04\/57963939_2304808649842607_509480359365181440_o-150x150.jpg\" class=\"attachment-thumbnail size-thumbnail\" alt=\"\" \/><\/a>\n\t\t\t\t<\/dt><\/dl><dl class='gallery-item'>\n\t\t\t\t<dt class='gallery-icon landscape'>\n\t\t\t\t\t<a class=\"rollover\" href='https:\/\/www.radiopiu.net\/wordpress\/giornale-radiopiu-23-aprile-2019-direttore-mirko-mezzacasa\/58377921_2304808689842603_8822075027433193472_o\/'><img loading=\"lazy\" decoding=\"async\" width=\"150\" height=\"150\" src=\"https:\/\/www.radiopiu.net\/wordpress\/wp-content\/uploads\/2019\/04\/58377921_2304808689842603_8822075027433193472_o-150x150.jpg\" class=\"attachment-thumbnail size-thumbnail\" alt=\"\" \/><\/a>\n\t\t\t\t<\/dt><\/dl><br style=\"clear: both\" \/><dl class='gallery-item'>\n\t\t\t\t<dt class='gallery-icon landscape'>\n\t\t\t\t\t<a class=\"rollover\" href='https:\/\/www.radiopiu.net\/wordpress\/giornale-radiopiu-23-aprile-2019-direttore-mirko-mezzacasa\/58543589_2304808559842616_3074270941174300672_o\/'><img loading=\"lazy\" decoding=\"async\" width=\"150\" height=\"150\" src=\"https:\/\/www.radiopiu.net\/wordpress\/wp-content\/uploads\/2019\/04\/58543589_2304808559842616_3074270941174300672_o-150x150.jpg\" class=\"attachment-thumbnail size-thumbnail\" alt=\"\" \/><\/a>\n\t\t\t\t<\/dt><\/dl><dl class='gallery-item'>\n\t\t\t\t<dt class='gallery-icon landscape'>\n\t\t\t\t\t<a class=\"rollover\" href='https:\/\/www.radiopiu.net\/wordpress\/giornale-radiopiu-23-aprile-2019-direttore-mirko-mezzacasa\/57606635_2304808496509289_5324084542938546176_n\/'><img loading=\"lazy\" decoding=\"async\" width=\"150\" height=\"150\" src=\"https:\/\/www.radiopiu.net\/wordpress\/wp-content\/uploads\/2019\/04\/57606635_2304808496509289_5324084542938546176_n-150x150.jpg\" class=\"attachment-thumbnail size-thumbnail\" alt=\"\" \/><\/a>\n\t\t\t\t<\/dt><\/dl>\n\t\t\t\t<br style='clear: both' \/>\n\t\t\t<\/div>\n\n<p>&nbsp;<\/p>\n<p>&nbsp;<\/p>\n<blockquote><p>&nbsp;<\/p><\/blockquote>\n<p>&nbsp;<\/p>\n<h2>IMPONENTI LAVORI IN CORSO LUNGO IL PIAVE E A LAMBIOI di RENATO BONA<\/h2>\n<p><strong>BELLUNO<\/strong> Proseguono a Belluno, nel parco fluviale di Lambioi lungo il corso del Piave, imponenti lavori di sistemazione del greto e degli argini del \u201cFiume sacro alla patria\u201d che ha subito serie conseguenze dalla devastazione provocata dall\u2019ondata di maltempo di fine ottobre scorso. E\u2019 prevista una spesa di 1,4 milioni di euro per tre interventi tra il Ponte della Vittoria ed il Bailey per il rifacimento della soglia trasversale abbattuta dalla piena; per la sistemazione della scogliera sulla sinistra orografica del Piave; per la sistemazione con consolidamento della base della fondazione del muro a sostegno della comunale a monte del Ponte della Vittoria. Altro intervento quello relativo al riempimento dell\u2019argine a ridosso del muro, che era stato svuotato dalle acque di piena. Per l\u2019Amico del Popolo, Martina Reolon ha parlato con il geologo feltrino Emiliano Oddone, ideatore e cofondatore di Dolomiti project srl che si occupa della valorizzazione della geodiversit\u00e0 e delle mappature del patrimonio geologico e paesaggistico e la sua conclusione, in estrema sintesi \u00e9 che \u201cserve pi\u00f9 consapevolezza del rischio\u201d. Quindi \u201cnon solo gestione dell\u2019emergenza, ma anche azioni concrete sul piano della coscienza collettiva\u201d. Ricordiamo infine che nei propositi del Comune di Belluno &#8211; lo ha affermato l\u2019assessore Marco Perale \u2013 vi \u00e8 quello, dopo l\u2019intervento per il ripiano del sito a cura del Genio civile, di riaprire Lambioi beach, possibilmente gi\u00e0 dalla prossima estate. Qui verranno riposizionate, nell\u2019identico luogo dove sono state recuperate all\u2019indomani della piena devastante, le pietre storiche, un centinaio di pezzi, che erano parte del Castello e delle mura medievali di Belluno, distrutte verso il 1804 in era napoleonica. Il tutto con l\u2019obiettivo di dar vita ad un percorso storico-archeologico che con il supporto di speciali tabelloni illustrer\u00e0 la storia antica di Belluno, del castello, delle mura, dell\u2019attenzione in et\u00e0 napoleonica alla sicurezza della citt\u00e0 e della prima scogliera sul Piave, sempre per dirla con parole di Perale.<\/p>\n\n\t\t\t<style type='text\/css'>\n\t\t\t\t#gallery-2 {\n\t\t\t\t\tmargin: auto;\n\t\t\t\t}\n\t\t\t\t#gallery-2 .gallery-item {\n\t\t\t\t\tfloat: left;\n\t\t\t\t\tmargin-top: 10px;\n\t\t\t\t\ttext-align: center;\n\t\t\t\t\twidth: 33%;\n\t\t\t\t}\n\t\t\t\t#gallery-2 img {\n\t\t\t\t\tborder: 2px solid #cfcfcf;\n\t\t\t\t}\n\t\t\t\t#gallery-2 .gallery-caption {\n\t\t\t\t\tmargin-left: 0;\n\t\t\t\t}\n\t\t\t\t\/* see gallery_shortcode() in wp-includes\/media.php *\/\n\t\t\t<\/style>\n\t\t<div id='gallery-2' class='dt-gallery-container gallery galleryid-83448 gallery-columns-3 gallery-size-thumbnail'><dl class='gallery-item'>\n\t\t\t\t<dt class='gallery-icon landscape'>\n\t\t\t\t\t<a class=\"rollover\" href='https:\/\/www.radiopiu.net\/wordpress\/giornale-radiopiu-23-aprile-2019-direttore-mirko-mezzacasa\/57453589_2594034677338155_2024335712874135552_n\/'><img loading=\"lazy\" decoding=\"async\" width=\"150\" height=\"150\" src=\"https:\/\/www.radiopiu.net\/wordpress\/wp-content\/uploads\/2019\/04\/57453589_2594034677338155_2024335712874135552_n-150x150.jpg\" class=\"attachment-thumbnail size-thumbnail\" alt=\"\" \/><\/a>\n\t\t\t\t<\/dt><\/dl><dl class='gallery-item'>\n\t\t\t\t<dt class='gallery-icon portrait'>\n\t\t\t\t\t<a class=\"rollover\" href='https:\/\/www.radiopiu.net\/wordpress\/giornale-radiopiu-23-aprile-2019-direttore-mirko-mezzacasa\/57611662_602483140265474_1601433952801783808_n\/'><img loading=\"lazy\" decoding=\"async\" width=\"150\" height=\"150\" src=\"https:\/\/www.radiopiu.net\/wordpress\/wp-content\/uploads\/2019\/04\/57611662_602483140265474_1601433952801783808_n-150x150.jpg\" class=\"attachment-thumbnail size-thumbnail\" alt=\"\" \/><\/a>\n\t\t\t\t<\/dt><\/dl><dl class='gallery-item'>\n\t\t\t\t<dt class='gallery-icon landscape'>\n\t\t\t\t\t<a class=\"rollover\" href='https:\/\/www.radiopiu.net\/wordpress\/giornale-radiopiu-23-aprile-2019-direttore-mirko-mezzacasa\/58755059_2184922804935204_612152085152006144_n\/'><img loading=\"lazy\" decoding=\"async\" width=\"150\" height=\"150\" src=\"https:\/\/www.radiopiu.net\/wordpress\/wp-content\/uploads\/2019\/04\/58755059_2184922804935204_612152085152006144_n-150x150.jpg\" class=\"attachment-thumbnail size-thumbnail\" alt=\"\" \/><\/a>\n\t\t\t\t<\/dt><\/dl><br style=\"clear: both\" \/>\n\t\t\t<\/div>\n\n<p>NELLE FOTO (Renato Bona): il corso del \u201cfiume sacro\u201d nella zona di Borgo Piave e Lambioi dove sono in corso imponenti lavori a cura del Genio civile.<\/p>\n<p>&nbsp;<\/p>\n<p>&nbsp;<\/p>\n<p>&nbsp;<\/p>\n<h2>IL CAPOLAVORO DI FEDERICO DOPO I VANDALI E L&#8217;URAGANO<\/h2>\n\n\t\t\t<style type='text\/css'>\n\t\t\t\t#gallery-3 {\n\t\t\t\t\tmargin: auto;\n\t\t\t\t}\n\t\t\t\t#gallery-3 .gallery-item {\n\t\t\t\t\tfloat: left;\n\t\t\t\t\tmargin-top: 10px;\n\t\t\t\t\ttext-align: center;\n\t\t\t\t\twidth: 33%;\n\t\t\t\t}\n\t\t\t\t#gallery-3 img {\n\t\t\t\t\tborder: 2px solid #cfcfcf;\n\t\t\t\t}\n\t\t\t\t#gallery-3 .gallery-caption {\n\t\t\t\t\tmargin-left: 0;\n\t\t\t\t}\n\t\t\t\t\/* see gallery_shortcode() in wp-includes\/media.php *\/\n\t\t\t<\/style>\n\t\t<div id='gallery-3' class='dt-gallery-container gallery galleryid-83448 gallery-columns-3 gallery-size-thumbnail'><dl class='gallery-item'>\n\t\t\t\t<dt class='gallery-icon portrait'>\n\t\t\t\t\t<a class=\"rollover\" href='https:\/\/www.radiopiu.net\/wordpress\/giornale-radiopiu-23-aprile-2019-direttore-mirko-mezzacasa\/whatsapp-image-2019-04-22-at-15-14-59\/'><img loading=\"lazy\" decoding=\"async\" width=\"150\" height=\"150\" src=\"https:\/\/www.radiopiu.net\/wordpress\/wp-content\/uploads\/2019\/04\/WhatsApp-Image-2019-04-22-at-15.14.59-150x150.jpeg\" class=\"attachment-thumbnail size-thumbnail\" alt=\"\" \/><\/a>\n\t\t\t\t<\/dt><\/dl><dl class='gallery-item'>\n\t\t\t\t<dt class='gallery-icon portrait'>\n\t\t\t\t\t<a class=\"rollover\" href='https:\/\/www.radiopiu.net\/wordpress\/giornale-radiopiu-23-aprile-2019-direttore-mirko-mezzacasa\/whatsapp-image-2019-04-22-at-15-14-58-1\/'><img loading=\"lazy\" decoding=\"async\" width=\"150\" height=\"150\" src=\"https:\/\/www.radiopiu.net\/wordpress\/wp-content\/uploads\/2019\/04\/WhatsApp-Image-2019-04-22-at-15.14.58-1-150x150.jpeg\" class=\"attachment-thumbnail size-thumbnail\" alt=\"\" \/><\/a>\n\t\t\t\t<\/dt><\/dl><dl class='gallery-item'>\n\t\t\t\t<dt class='gallery-icon portrait'>\n\t\t\t\t\t<a class=\"rollover\" href='https:\/\/www.radiopiu.net\/wordpress\/giornale-radiopiu-23-aprile-2019-direttore-mirko-mezzacasa\/whatsapp-image-2019-04-22-at-15-14-58\/'><img loading=\"lazy\" decoding=\"async\" width=\"150\" height=\"150\" src=\"https:\/\/www.radiopiu.net\/wordpress\/wp-content\/uploads\/2019\/04\/WhatsApp-Image-2019-04-22-at-15.14.58-150x150.jpeg\" class=\"attachment-thumbnail size-thumbnail\" alt=\"\" \/><\/a>\n\t\t\t\t<\/dt><\/dl><br style=\"clear: both\" \/>\n\t\t\t<\/div>\n\n<p><strong>TAIBON<\/strong> L&#8217;Uragano Vaia pur nella sua potenza ha fatto meno danno dei vandali di alcuni anni fa. Nel 2017 ignoti con un gesto vigliacco distrussero la bella chiesetta in miniatura in riva al Cordevole, pezzo dopo pezzo cos\u00ec per divertimento come riportiamo nel successivo articolo d&#8217;archivio. Federico Savio in via Strapont a Taibon non si \u00e8 perso d&#8217;animo e ha ricostruito una chiesetta in miniatura altrettanto bella, rifinita nei particolari con spaccati di storia. L&#8217;uragano Vaia in riva al Cordevole ha fatto danni sradicando gli abeti secolari, uno \u00e8 passato accanto alla chiesetta in miniatura, ma solo sfiorandola. Il documento nel video realizzato ieri a Taibon<\/p>\n<div id=\"fb-root\"><\/div>\n<p><script async=\"1\" defer=\"1\" crossorigin=\"anonymous\" src=\"https:\/\/connect.facebook.net\/it_IT\/sdk.js#xfbml=1&amp;version=v6.0\"><\/script><\/p>\n<div class=\"fb-video\" data-href=\"https:\/\/www.facebook.com\/mirko.mezzacasa\/videos\/10219529250768733\/\" data-width=\"1200\">\n<blockquote cite=\"https:\/\/www.facebook.com\/mirko.mezzacasa\/videos\/10219529250768733\/\" class=\"fb-xfbml-parse-ignore\"><p><a href=\"https:\/\/www.facebook.com\/mirko.mezzacasa\/videos\/10219529250768733\/\"><\/a><\/p>\n<p>IL CAPOLAVORO DI Federico Savio rifatto dopo l&#039;atto vandalico di due anni fa e il passaggio dell&#039;uragano Vaia. Collaborazione Leonardo Savio e interpretazione agreste con commento alla sessualit\u00e0 del gallo delle galline ovaiole di roberta conedera<\/p>\n<p>Pubblicato da <a href=\"https:\/\/www.facebook.com\/mirko.mezzacasa\">Mirko Mezzacasa<\/a> su Luned\u00ec 22 aprile 2019<\/p><\/blockquote>\n<\/div>\n<p><strong>ARCHIVIO RADIO PIU, 29 NOVEMBRE 2017<\/strong><\/p>\n<h1><strong>TAIBON ATTO VANDALICO, DISTRUTTO IL CAPITELLO &#8220;FATTO IN CASA<\/strong>&#8220;<\/h1>\n<p><img loading=\"lazy\" decoding=\"async\" class=\"alignleft wp-image-38821\" src=\"http:\/\/www.radiopiu.net\/wordpress\/wp-content\/uploads\/2017\/11\/prima-e-dopo-680x1024.jpg\" alt=\"prima-e-dopo\" width=\"197\" height=\"297\" \/>&#8220;Si sappia che gente c&#8217;\u00e8 in giro&#8230;&#8221;, lo sfogo detto da un giovane di 22 anni ha ancora pi\u00f9 effetto. Federico Savio di Taibon \u00e8 sconcertato perch\u00e9 una o pi\u00f9 persone hanno demolito un capitello nel bosco vicino al\u00a0 torrente Cordevole poco lontano dalla strada regionale 203 Agordina. Non un capitello storico, rievocativo, ma un&#8217;opera artistica con grande significati per Federico e i suoi amici, gli stessi che da bambini nel bosco vicino a casa, si sono costruti un parco giochi naturale, lontano dalla strada, piazza e pericoli. Propio qui Federico che oggi ha 22 anni,\u00a0 ha dato sfogo alla sua fantasia costruendo un capitello con tanto di chiesetta e tutto curato nei minimi particolari, negli esterni e negli interni. &#8220;Hanno distrutto tutto &#8211; dice Federico &#8211; in pochi istanti hanno demolito tutte le strutture, hanno sparato petardi per fare ancora pi\u00f9 danni e non contenti quel poco che era rimasto in piedi lo hanno buttato nel torrente Cordevole. Non ho idea di chi sia stato, \u00e8 un dispetto ma non mi spiego per quale motivo prendersela con un capitello&#8221;.<br \/>\nLe fondamenta di quella chiesetta in scala sono state messe pi\u00f9 di dieci anni fa. &#8220;Io con un mio amico &#8211; racconta Federico &#8211;\u00a0 avevamo voglia di provare a costruire qualcosa con sassi,\u00a0 legno e un po&#8217; di cemento. Andavamo spesso a giocare in quel bosco vicino a casa. Con il passare del tempo il capitello \u00e8 rimasto la, anni fa l&#8217;avevo un po&#8217; decorato col legno e i colori per passarmi il tempo.\u00a0 L&#8217;ho sempre lasciato in mezzo al verde perch\u00e9 ci tenevo, era un ricordo di quando ero pi\u00f9 piccolo, ma era anche un posto ideale per passeggiare, sedersi, riflettere&#8221;.<br \/>\nOggi davanti a quella struttura non si riflette pi\u00f9, di vedono solo macerie. &#8220;Il resto \u00e8 stato &#8220;smaltito&#8221; nel torrente, ho trovato carte di petardi ovunque, devono averlo distrutto la scorsa settimana, purtroppo nessuno pare si sia accorto di nulla, nessuno avrebbe visto o sentito il rumore dei botti. Peccato&#8221;. Quello che rammarica Federico\u00a0 \u00e8 soprattutto che chiunque ha agito con questo gesto vandalico lo ha fatto solo per il proprio divertimento. &#8220;Mi impressiona la insensatezza dell&#8217;atto,\u00a0 la mancanza di rispetto &#8211; continua Federico &#8211;\u00a0 la mancanza di rispetto verso qualcosa di\u00a0 religioso, ognuno\u00a0 pu\u00f2 avere o non avere la volont\u00e0 di credere in qualcosa, ma mi impressiona la mancanza di rispetto verso l&#8217;individuo, verso il privato, verso le cose altrui, verso il lavoro delle altre persone. Ancor di pi\u00f9 mi impressiona il fatto che per certa gente il divertimento equivalga a distruggere e rovinare, esempi in giro non mancano. Penso infine che se alla base di tutto se non c&#8217;\u00e8 il rispetto per l&#8217;altro rischia di mancare anche qualsiasi altro valore&#8221;.<br \/>\nA Taibon \u00e8 l&#8217;ennesimo gesto vandalico, ad inizio estate qualcuno ha distrutto tutti gli specchi stradali da Forno Val fino a Brugnach sfidando anche l&#8217;impianto di video sorveglianza che l&#8217;amministrazione comunale ha sempre presentato come fiore all&#8217;occhiello della sicurezza, peccato che da allora ad oggi nessuno abbia dato un nome ai responsabili di quell&#8217;atto vandalico e forse nessuno lo dar\u00e0 mai nemmeno a questo nuovo episodio perch\u00e9 se \u00e8 vero che le telecamere in via Strapont non mancano \u00e8 altrettanto certo che non sono puntate nei boschi e lungo il torrente Cordevole.<\/p>\n<p>&nbsp;<\/p>\n<p><span style=\"color: #0000ff;\">FOTO CLICCA PER INGRANDIRE, FRECCIA IN ALTO PER TORNARE IN PAGINA<\/span><\/p>\n\n<p>&nbsp;<\/p>\n<p>&nbsp;<\/p>\n<p>&nbsp;<\/p>\n<h2>IL PREMIO \u201cSAN VITTORE\u201d 2019 AL PROFESSOR CARLO BARBANTE.<\/h2>\n<p><strong><a class=\"dt-pswp-item\" href=\"http:\/\/www.radiopiu.net\/wordpress\/wp-content\/uploads\/2019\/04\/Carlo-Barbante-picture.jpg\" data-dt-img-description=\"\" data-large_image_width=\"2208\" data-large_image_height=\"2201\"><img loading=\"lazy\" decoding=\"async\" class=\"alignleft wp-image-83458\" src=\"http:\/\/www.radiopiu.net\/wordpress\/wp-content\/uploads\/2019\/04\/Carlo-Barbante-picture-300x300.jpg\" alt=\"\" width=\"219\" height=\"219\" srcset=\"https:\/\/www.radiopiu.net\/wordpress\/wp-content\/uploads\/2019\/04\/Carlo-Barbante-picture-300x300.jpg 300w, https:\/\/www.radiopiu.net\/wordpress\/wp-content\/uploads\/2019\/04\/Carlo-Barbante-picture-150x150.jpg 150w, https:\/\/www.radiopiu.net\/wordpress\/wp-content\/uploads\/2019\/04\/Carlo-Barbante-picture-768x766.jpg 768w, https:\/\/www.radiopiu.net\/wordpress\/wp-content\/uploads\/2019\/04\/Carlo-Barbante-picture-1024x1021.jpg 1024w\" sizes=\"auto, (max-width: 219px) 100vw, 219px\" \/><\/a>FELTRE\u00a0 <\/strong>Il Consiglio Direttivo di Famiglia Feltrina, riunitosi nei giorni scorsi, ha deciso all\u2019unanimit\u00e0 di assegnare il premio \u201cSanti Martiri Vittore e Corona\u201d 2019 a Carlo Barbante. Cinquantasei anni, feltrino \u201cdoc\u201d, Carlo Barbante \u00e8 Professore Ordinario all\u2019Universit\u00e0 di Venezia e ricercatore associato dell&#8217;Istituto per la Dinamica dei Processi Ambientali del CNR. Si occupa da anni di ricostruzioni climatiche ed ambientali e dello sviluppo di metodologie analitiche innovative in campo ambientale e biologico. Ha partecipato a numerose spedizioni e campagne di prelievo in aree polari e nelle Alpi ed \u00e8 coordinatore di progetti di ricerca nazionali ed internazionali, nonch\u00e9 autore di oltre 280 pubblicazioni in riviste scientifiche ad alto impatto. Docente di Earth\u2019s Climate alla Ca\u2019Foscari Harvard Summer School ha recentemente acquisito un prestigioso Advanced Grant dell\u2019European Research Council per lo studio dell\u2019impatto antropico sul clima in epoca pre-industriale. \u00c8 stato professore distaccato presso l\u2019Accademia Nazionale dei Lincei dal 2012 al 2014 ed \u00e8 membro eletto dell\u2019Accademia delle Scienze detta dei XL e dell\u2019Istituto Veneto di Scienze Lettere ed Arti. Durante la cerimonia di consegna, fissata per domenica 19 maggio a partire dalle 10 nella Sala degli Stemmi del municipio di Feltre, Famiglia Feltrina dedicher\u00e0 un momento di particolare ricordo a Bianca Simonato Zasio, figura molto nota e apprezzata in citt\u00e0 e in tutto il Feltrino per il suo lungo impegno nell\u2019ambito dell\u2019insegnamento e della ricerca storica, ambientale e naturalistica locale, recentemente scomparsa. La cerimonia di consegna del premio \u201cS. Vittore\u201d far\u00e0 seguito all\u2019assemblea di primavera di Famiglia Feltrina \u2013 convocata nella stessa mattinata a partire dalle 9 -che, tra i punti all\u2019ordine del giorno, prevede in questa occasione anche il rinnovo triennale delle cariche sociali. \u201cL\u2019appuntamento del prossimo 19 maggio, nella settimana \u2013 tra l\u2019altro \u2013 dei festeggiamenti per i santi patroni della citt\u00e0, si annuncia particolarmente importante per la nostra associazione, non soltanto per la consegna del premio al professor Carlo Barbante\u201d, sottolinea il presidente di Famiglia Feltrina Enrico Gaz. \u201cSiamo impegnati da tempo in una attivit\u00e0 di rinnovamento e potenziamento dell\u2019associazione che si sviluppa di pari passo con le iniziative culturali, editoriali e sociali che caratterizzano la nostra \u201cmission\u201d. Attendiamo in Sala degli Stemmi i nostri associati, ma anche tutti coloro che intendono avvicinarsi alla vita del nostro sodalizio, sempre aperto a forze, proposte e suggerimenti nuovi\u201d, conclude il presidente.<\/p>\n<p>&nbsp;<\/p>\n<p>&nbsp;<\/p>\n<p>&nbsp;<\/p>\n<h3>PASQUA AD AGORDO, ALLA MESSA NELL&#8217;ARCIDIACONALE L&#8217;OMELIA DI MONSIGNOR GIORGIO LISE<\/h3>\n<p>DI GIANNI SANTOMASO<\/p>\n<blockquote><p>&nbsp;<\/p>\n<audio class=\"wp-audio-shortcode\" id=\"audio-83448-3\" preload=\"none\" style=\"width: 100%;\" controls=\"controls\"><source type=\"audio\/mpeg\" src=\"http:\/\/www.radiopiu.net\/wordpress\/wp-content\/uploads\/2019\/04\/gianni-giorgio.mp3?_=3\" \/><a href=\"http:\/\/www.radiopiu.net\/wordpress\/wp-content\/uploads\/2019\/04\/gianni-giorgio.mp3\">http:\/\/www.radiopiu.net\/wordpress\/wp-content\/uploads\/2019\/04\/gianni-giorgio.mp3<\/a><\/audio>\n<p><em><strong><a class=\"dt-pswp-item\" href=\"http:\/\/www.radiopiu.net\/wordpress\/wp-content\/uploads\/2015\/09\/don_giorgio2.jpg\" data-dt-img-description=\"\" data-large_image_width=\"216\" data-large_image_height=\"137\"><img loading=\"lazy\" decoding=\"async\" class=\"alignleft wp-image-10391\" src=\"http:\/\/www.radiopiu.net\/wordpress\/wp-content\/uploads\/2015\/09\/don_giorgio2.jpg\" alt=\"\" width=\"262\" height=\"166\" \/><\/a>AGORDO<\/strong> Siamo qui per ascoltare una notizia che ormai conosciamo da lungo tempo, per averla sentita ripetere tante e tante volte: il rischio \u00e8 di non riuscire a percepire la forza sconvolgente di un messaggio che ancora una volta ha squarciato il buio della notte appena trascorsa; il rischio per chi l&#8217;ascolta \u00e8 di non arrivare a comunicare ad altri l&#8217;alta tensione dell&#8217;annuncio pi\u00f9 strabiliante di tutta la storia.- Ges\u00f9 di Naza\u00adret, il Crocifisso, \u00e8 risorto! Forse si saranno trovati nella nostra stessa situazione Paolo e Timoteo, quando, ad anni di distanza da quell&#8217;evento, l&#8217;apostolo scri\u00adveva nella sua seconda lettera al fedele discepolo: &#8220;Ricordati che Ges\u00f9 Cristo, della stirpe di Davide, \u00e8 risuscitato dai morti&#8221;&#8216; (2?m 2,8). Perch\u00e9 dunque quel richiamo cos\u00ec forte di Paolo apostolo a ricor\u00addare un evento tanto noto, sicuro? Perch\u00e9 una racco\u00admandazione tanto accalorata a non oscurare mai un dato talmente affermato dai credenti da risultare risaputo, e talmente risaputo da apparire ormai scontato? Ecco: proprio perch\u00e9 l&#8217;annuncio della risurrezio\u00adne di Cristo rischia di riuscire notizia ovvia e abbondantemente &#8220;pas\u00adsata&#8221;, perch\u00e9 non pi\u00f9 &#8220;nuova&#8221; e perci\u00f2 irrimediabilmente sorpassata. Oggi in Europa &#8211; notava Giovanni Paolo II &#8211; molta gente, anche tanti cristiani, vivono come se Cristo non fosse morto per noi, come se non fosse veramente risorto. \u00c8 la nostra situazione: noi rischiamo di tene\u00adre il fuoco della pi\u00f9 bella notizia di tutti i tempi sotto la cenere di una annoiata saziet\u00e0, sepolto sotto la pietra tombale di una indifferenza impassibile e incallita. II richiamo di Paolo non \u00e8 tanto una pia esortazione a ricordare una notizia importante o a rilanciare una informazione dovuta; \u00e8 un invito pressante a tener conto di un avvenimento, e a tenerne conto non intellettualisticamente, ma esistenzialmente: insomma s. Paolo ci mette in guardia dal ridurre questo evento, il nucleo centrale della nostra fede, ad un argomento pi\u00f9 o meno. La risurrezione di Cristo infatti fa davvero la differenza, Se Cristo non \u00e8 risorto, allora l&#8217;uomo \u00e8 un pacco postale, spedito dall&#8217;ostetricia all&#8217;obitorio; allora la vita \u00e8 un geroglifico indecifrabile e la storia un rebus incomprensibile; allora la fede \u00e8 una pia illusione, la speranza una utopia, la carit\u00e0 un&#8217;elemosina umiliante per chi la fa e per chi la riceve; allora la preghiera \u00e8 soliloquio, la liturgia \u00e8 archeologia, il sacramento cerimonia, la missione propaganda. Se invece Cristo \u00e8 risorto, allora l&#8217;uomo \u00e8 un figlio da sempre amato, candidato alla felicit\u00e0 eterna; allora la vita \u00e8 \u2013 sempre, comunque si presenti &#8211; un dono incalcolabile e la storia un cammino, per quanto tortuoso e faticoso, diretto alla casa del Padre; allora la fede si fonda su una roccia incrollabile, la speranza \u00e8 la grande leva che innalza il mondo, la carit\u00e0 \u00e8 la declinazione del\u00adl&#8217;amore stesso di Dio nel nostro quotidiano; allora la preghiera \u00e8 incontro, la liturgia esperienza, il sacramento azione dello Spirito, la missione sinergia con Cristo, che continua a camminare con noi, tutti i giorni, fino alla fine del mondo. <strong>Tra qualche settimana parteciperemo a una consultazione per la guida della cosa pubblica in Europa e nel nostro Comune. <\/strong><strong>Il cristiano non deve mai essere assente dalle responsabilit\u00e0 civili. <\/strong>Se vuole portare nella sua Comunit\u00e0, l\u2019autentico spirito del Risorto, che \u00e8 spirito di novit\u00e0 e di vita, vi si deve immettere con competenza da preparare e continua\u00admente da aggiornare; con coerenza con i suoi principi irri\u00adnunciabili; con perseveranza anche nelle difficolt\u00e0; con lo spirito del servizio e non del tornaconto; con un grande rispetto degli altri con cui dialogare. Tutto questo per collaborare nel possibile, per imparare, per difen\u00addere con fermezza e rispetto ci\u00f2 a cui non si pu\u00f2 e non si deve ri\u00adnunciare. Il cristiano elever\u00e0 verso traguardi sempre pi\u00f9 alti la societ\u00e0 in cui \u00e8 inserito non fuggendola, non stando alla finestra, non vantandosi di non esserci dentro, non lamentandosi di tutto e di tutti, ma partecipando, corresponsabilizzandosi, accettando anche incarichi, offrendo idee\u2026 Tutti vogliono un mondo pi\u00f9 pulito, pi\u00f9 buono: il cristiano, si impegna a renderlo sempre pi\u00f9 cos\u00ec. Perch\u00e9 il mondo non migliora da s\u00e9 stesso; il mondo cresce verso il cielo se chi ha la vocazione al cielo, con l&#8217;aiuto del Cielo, si impegna in prima per\u00adsona per renderlo sempre pi\u00f9 simile al cielo. Sia questo il nostro impegno quotidiano, pubblico o privato. Cos\u00ec saremo uomini e donne che rendono viva e concreta la Pasqua del Signore<\/em><\/p><\/blockquote>\n<p>&nbsp;<\/p>\n<p>&nbsp;<\/p>\n<p>&nbsp;<\/p>\n<p>&nbsp;<\/p>\n<h2>LA LETTERA, BOLLETTE GSP<\/h2>\n<p><strong>DA FALCADE, RODOLFO PELLEGRINON<\/strong><\/p>\n<blockquote><p>Neii giorni scorsi ho ricevuto la bolletta da parte del BIM \u2013 GSP. Sono rimasto sorpreso: una bolletta(allegata) composta da 8 (otto) pagine illeggibili e poco comprensibili. Pensavo tra di me: come far\u00e0 la gente comune a capire e decifrare quanto loro addebitato ? Poi un mio amico mi ha trasmesso la bolletta elettronica dallo stesso ricevuta sempre dal BIM-GSP. Una cosa inaudita 28 dico 28 (ventotto) pagine. Con la fatturazione elettronica doveva essere tutto semplificato&#8230;&#8230;se questo \u00e8 il risultato&#8230; mi arrendo !!!! Ho visto una bolletta emessa da un comune del Trentino 1 dico 1 (una) pagina avanti e retro, leggibile e comprensibile sui consumi e sul dovuto. Mi chiedo: \u00e8 mai possibile che anche nei nostri territori non si riesca ad emettere una bolletta ristretta che sia leggibile e comprensibile da tutti ? Sembra proprio che ci sia qualcuno che \u201cstudia\u201d il modo di non far capire nulla alla gente che alla fine deve pagare senza rendersi conto il perch\u00e9 e il per come.<\/p><\/blockquote>\n<p>&nbsp;<\/p>\n<p>&nbsp;<\/p>\n<h2>CERCASI ANESTESISTA PER L&#8217;OSPEDALE DI AGORDO<\/h2>\n<blockquote><p><strong>Indetto avviso pubblico per il conferimento dell\u2019incarico di direzione dell&#8217; Anestesia e Rianimazione \u00a0dell\u2019Ospedale di Agordo.<\/strong><\/p><\/blockquote>\n<p><strong><a class=\"dt-pswp-item\" href=\"http:\/\/www.radiopiu.net\/wordpress\/wp-content\/uploads\/2015\/10\/Entrata-Agordo-300x225.jpg\" data-dt-img-description=\"\" data-large_image_width=\"300\" data-large_image_height=\"225\"><img loading=\"lazy\" decoding=\"async\" class=\"alignleft wp-image-11952\" src=\"http:\/\/www.radiopiu.net\/wordpress\/wp-content\/uploads\/2015\/10\/Entrata-Agordo-300x225-300x225.jpg\" alt=\"\" width=\"189\" height=\"142\" \/><\/a>\u00a0AGORDO <\/strong>Il prossimo 1\u00b0 giugno cesser\u00e0 dal servizio, per quiescenza, il Direttore dell\u2019Anestesia e Rianimazione di Agordo\u00a0 \u00a0(apicalit\u00e0 attualmente condivisa con l\u2019Ospedale di Pieve di Cadore).\u00a0 L\u2019ULSS 1 \u00a0Dolomiti si \u00e8 tempestivamente attivata indicendo avviso pubblico per il \u00a0conferimento dell\u2019incarico di direzione della struttura. L\u2019avviso verr\u00e0 pubblicato sul sito dell\u2019ULSS 1 <a href=\"http:\/\/www.aulss1.veneto.it\/\">www.aulss1.veneto.it<\/a> . Gli uffici aziendali preposti daranno inoltre la massima priorit\u00e0 all\u2019espletamento delle procedure selettive.<\/p>\n<p>&nbsp;<\/p>\n<p>&nbsp;<\/p>\n<p>&nbsp;<\/p>\n<h2>25 APRILE A FELTRE<\/h2>\n<p>Gioved\u00ec 25 aprile 2019 si celebra il 74^ Anniversario della Liberazione. Il Comune di Feltre propone, come ogni anno, una sfilata per le vie della citt\u00e0 accompagnata dalla Banda \u201cCitt\u00e0 di Feltre\u201d, con partenza da Piazza Isola alle ore 10.15 (raduno alle ore 10.00) e arrivo al Monumento dei Caduti alle ore 10.30. Qui avranno luogo le celebrazioni ufficiali con l&#8217;alzabandiera e la deposizione della corona. Dopo il saluto delle autorit\u00e0, la cerimonia si concluder\u00e0 con un momento di preghiera. La manifestazione si terr\u00e0 anche in caso di maltempo Alle ore 11.15, nell&#8217;Aula Magna dell&#8217;Istituto Carenzoni, Giovanni Perenzin presenter\u00e0 il libro \u201cPartigiano! Alpino e emigrante\u201d di Gian Luigi Corso. Si segnala, come iniziativa correlata alla celebrazione dell&#8217;Anniversario della Liberazione, il racconto \u201cControvento \u2013 la vita interrotta di Guido Rossa\u201d, a cura dei lettori del gruppo teatrale \u201cI Fuori di Quinta\u201d, che si svolger\u00e0 mercoled\u00ec 24 aprile alle 20.30 al Casel di Celarda.<\/p>\n<p>&nbsp;<\/p>\n<p>&nbsp;<\/p>\n<p>&nbsp;<\/p>\n<h2>AUGURI DE ROSSI! IN MEZZO SECOLO \u201cSFORNATI\u201d PROFESSIONISTI\/E CHE SI SONO FATTI ONORE<\/h2>\n<p><strong>FALCADE<\/strong>\u00a0L\u2019Istituto d\u2019Istruzione Superiore Follador De Rossi di Agordo e Falcade (scuola e convitto) si prepara a festeggiare i 50 anni dell\u2019alberghiero di Falcade, la festa il prossimo 3 maggio alle 10.30 al palazzetto Dolomiti (vino alla scuola). Una mattinata per ricordare un\u2019importante storia iniziata nel 1969.<\/p>\n<h1><\/h1>\n<p>&nbsp;<\/p>\n<p>&nbsp;<\/p>\n<h2>L&#8217;OMAGGIO ALLE CAMPIONESSE D&#8217;ITALIA<\/h2>\n<p><strong>ALLEGHE <\/strong>Domani\u00a0 alle 18.30 il consiglio comunale di Alleghe consegner\u00e0 alla squadra femminile di hockey su ghiaccio una targa per la vittoria del campionato nazionale di serie A. La cerimonia nella sala consigliare del Municipio. IL SINDACO SIRO DE BIASIO<\/p>\n<audio class=\"wp-audio-shortcode\" id=\"audio-83448-4\" preload=\"none\" style=\"width: 100%;\" controls=\"controls\"><source type=\"audio\/mpeg\" src=\"http:\/\/www.radiopiu.net\/wordpress\/wp-content\/uploads\/2019\/04\/SIRO.mp3?_=4\" \/><a href=\"http:\/\/www.radiopiu.net\/wordpress\/wp-content\/uploads\/2019\/04\/SIRO.mp3\">http:\/\/www.radiopiu.net\/wordpress\/wp-content\/uploads\/2019\/04\/SIRO.mp3<\/a><\/audio>\n<p>&nbsp;<\/p>\n<p>&nbsp;<\/p>\n<h3>IL CONSIGLIO COMUNALE VARA IL REGOLAMENTO PER LA VIDEO SORVEGLIANZA<\/h3>\n<p><strong>RIVAMONTE<\/strong> Tre soli punti all&#8217;ordine del giorno del consiglio comunale convocato per\u00a0 domani\u00a0 alle 19, in primo piano l&#8217;approvazione del rendiconto della gestione 2018, variazioni al bilancio di previsione e l&#8217;approvazione del regolamento sulla video sorveglianza.<\/p>\n<div dir=\"auto\"><\/div>\n<blockquote>\n<div dir=\"auto\"><\/div>\n<\/blockquote>\n<h3 dir=\"auto\">FESTA DELLA LIBERAZIONE IN MUNICIPIO<\/h3>\n<div dir=\"auto\"><strong>COLLE SANTA LUCIA<\/strong> Giovedi 25 aprile consiglio comunale a Colle Santa Lucia, alle 8 di mattina nonostante il giorno di festa nel ricordo della Liberazione. All&#8217;ordine del giorno la terza variazione al bilancio, l&#8217;approvazione di alcune convenzioni, il contributo per la messa in sicurezza di scuole, strade, edifici pubblici e patrimonio comunale. In chiusura del comunicazioni del sindaco Paolo Frena.<\/div>\n<div dir=\"auto\"><\/div>\n<div dir=\"auto\"><\/div>\n<div dir=\"auto\"><\/div>\n<div dir=\"auto\">\n<h2 dir=\"auto\">SELEZIONE PERSONALE CON L&#8217;AZIENDA SPECIALE CONSORTILE AGORDINA<\/h2>\n<div dir=\"auto\"><strong>AGORDO\u00a0<\/strong> ASCA ha indetto una nuova selezione pubblica finalizzata alla formulazione di una graduatoria cui attingere per l\u2019assunzione a tempo determinato e indeterminato di OPERATORE SOCIO -SANITARIO.<\/div>\n<div dir=\"auto\">\n<p>Le modalit\u00e0 di presentazione della domanda si trovano sul sito aziendale www.servizisocialiasca.it. Il termine perentorio previsto per la presentazione della candidatura \u00e8 fissato per marted\u00ec 14 maggio 2019 entro le ore 12.00, mentre le selezioni verranno effettuate a partire dal giorno 23 maggio 2019.<\/p>\n<\/div>\n<\/div>\n<p>&nbsp;<\/p>\n<div dir=\"auto\"><\/div>\n<div dir=\"auto\"><\/div>\n<div dir=\"auto\">\n<h2>BRETELLE LASCHE NEL RICORDO DI MIRCO GAIO<\/h2>\n<p><strong>BELLUNO<\/strong> The show must go on \u00e8 il titolo dello spettacolo &#8220;Il sorriso dietro la scena&#8221;\u00a0 che la compagnia teatrale Bretelle Lasche metter\u00e0 in scena sabato 27 aprile al Teatro Comunale di Belluno con la regia di Chiara Becchimanzi, per ricordare Mirco Gaio, il sorriso dietro la scena, il compianto amico e scenografo della compagnia. L&#8217;incasso sar\u00e0 devoluto in beneficienza per le spese di una terapia riabilitativa di un bimbo residente a Belluno, affetto da una grave deficit del neuro-sviluppo. Info www.bretellelasche.it<\/p>\n<\/div>\n<div style=\"width: 640px;\" class=\"wp-video\"><video class=\"wp-video-shortcode\" id=\"video-83448-1\" width=\"640\" height=\"360\" preload=\"metadata\" controls=\"controls\"><source type=\"video\/mp4\" src=\"http:\/\/www.radiopiu.net\/wordpress\/wp-content\/uploads\/2019\/04\/Auto.mp4?_=1\" \/><a href=\"http:\/\/www.radiopiu.net\/wordpress\/wp-content\/uploads\/2019\/04\/Auto.mp4\">http:\/\/www.radiopiu.net\/wordpress\/wp-content\/uploads\/2019\/04\/Auto.mp4<\/a><\/video><\/div>\n<p>&nbsp;<\/p>\n<div dir=\"auto\">\n<h2><a class=\"dt-pswp-item\" href=\"http:\/\/www.radiopiu.net\/wordpress\/wp-content\/uploads\/2018\/09\/appuntamenti.jpeg\" data-dt-img-description=\"\" data-large_image_width=\"800\" data-large_image_height=\"100\"><img loading=\"lazy\" decoding=\"async\" class=\"alignnone wp-image-61958 size-full\" src=\"http:\/\/www.radiopiu.net\/wordpress\/wp-content\/uploads\/2018\/09\/appuntamenti.jpeg\" alt=\"\" width=\"800\" height=\"100\" srcset=\"https:\/\/www.radiopiu.net\/wordpress\/wp-content\/uploads\/2018\/09\/appuntamenti.jpeg 800w, https:\/\/www.radiopiu.net\/wordpress\/wp-content\/uploads\/2018\/09\/appuntamenti-300x38.jpeg 300w, https:\/\/www.radiopiu.net\/wordpress\/wp-content\/uploads\/2018\/09\/appuntamenti-768x96.jpeg 768w\" sizes=\"auto, (max-width: 800px) 100vw, 800px\" \/><\/a><\/h2>\n<\/div>\n<div dir=\"auto\"><\/div>\n<div dir=\"auto\">\n<h2 dir=\"auto\">RENZO &#8220;BENCI&#8221; MIOLA ESPONE<\/h2>\n<p><strong>SEDICO<\/strong> Colori, sapori e profumi di primavera, \u00e8 il titolo della mostra dell&#8217;agordino Renzo Miola organizzata nella sede del centro anziani di Mas-Peron e dintorni. La mostra viene inaugurata sabato alle 17 e rimarr\u00e0 aperta fino al 12 maggio, nei giorni festivi dalle 10 alle 12 e dalle 15 alle 19, il sabato dalle 15 alle 19. Ingresso libero.<\/p>\n<\/div>\n<div dir=\"auto\"><\/div>\n<div dir=\"auto\">\n<p><strong>MEL<\/strong> Fino\u00a0 al 19 maggio Livio Ceschin espone le sue opere su carta al Palazzo delle Contesse. La vernice sabato alle 18, la mostra apre il sabato, la domenica ed i festivi dalle 9 alle 13 e dalle 15 alle 19. Con il patrocinio del Comune Borgo Valbelluna.<\/p>\n<p>&nbsp;<\/p>\n<p><strong>FRIULI<\/strong> Due artisti agordini espongono le loro opere a Cividale del Friuli, il pittore Lucio Groja e lo scultore Albino Mezzacasa. La rassegna, presentata da Raffaella Ferrari, direttrice artistica della Fondazione e critica d&#8217;arte, rimarr\u00e0 aperta fino al 26 aprile<\/p>\n<p>&nbsp;<\/p>\n<\/div>\n<div dir=\"auto\"><strong>AGORDO<\/strong> Sabato 27 aprile alle 20.30 nell&#8217;Auditorium Favretti presso L&#8217;Istituto Minerario &#8220;Follador&#8221; sar\u00e0 presentato il libro Carne da Miniera, storie e stragi degli italiani invisibili nelle miniere del Belgio dal 1946 al 1973. Il patto Italia-Belgio e la storia di centinaia di italiani morti nelle miniere di carbone del Belgio. Sar\u00e0 presente l&#8217;autore Walter Basso.<\/div>\n<div dir=\"auto\"><\/div>\n<div dir=\"auto\"><\/div>\n<div dir=\"auto\"><strong>FIBROMIALGIA <\/strong>In cammino sulla Magna Vai Francigena con partenza il 27 aprile da Palermo e l&#8217;arrivo ad Agrigento il 5 maggio \u00e8 un cammino proposto per sensibilizzare nei confronti dei malati di fibromialgia, la sindrome che consiste in una forma comune di dolore muscolo-scheletrico diffuso e di affaticamento (astenia) che colpisce approssimativamente 1.5 \u2013 2 milioni di Italiani. La referente Aisf della provincia di Belluno Carla Dalla Stella ha fatto sapere che la sezione di Belluno sosterr\u00e0 e sar\u00e0 virtualmente a fianco dei camminatori.<\/div>\n<div dir=\"auto\"><\/div>\n<div dir=\"auto\"><\/div>\n<div dir=\"auto\"><strong>LAMON<\/strong> Quinta rassegna corale voci bianche e giovanili, domenica dalle 9.15 laboratori corali all&#8217;ex asilo, informazioni 335 8292708. Organizzazione consulta Asac di Belluno, in collaborazione con il gruppo polifonico Numeri Atque Voces di Lamon. L&#8217;iniziativa ha lo scopo di promuovere la coralit\u00e0 giovanile e di offrire un momento di gioiosa condivisione.<\/div>\n<p>&nbsp;<\/p>\n<p>&nbsp;<\/p>\n<p>&nbsp;<\/p>\n<h2 style=\"text-align: center;\">1 MAGGIO A FELTRE CON GLI ABBA<\/h2>\n<p><a class=\"dt-pswp-item\" href=\"http:\/\/www.radiopiu.net\/wordpress\/wp-content\/uploads\/2019\/04\/2e4dfbaf-c708-4b14-bf2e-4170279f5708.jpg\" data-dt-img-description=\"\" data-large_image_width=\"423\" data-large_image_height=\"599\"><img loading=\"lazy\" decoding=\"async\" class=\"size-medium wp-image-83497 aligncenter\" src=\"http:\/\/www.radiopiu.net\/wordpress\/wp-content\/uploads\/2019\/04\/2e4dfbaf-c708-4b14-bf2e-4170279f5708-212x300.jpg\" alt=\"\" width=\"212\" height=\"300\" srcset=\"https:\/\/www.radiopiu.net\/wordpress\/wp-content\/uploads\/2019\/04\/2e4dfbaf-c708-4b14-bf2e-4170279f5708-212x300.jpg 212w, https:\/\/www.radiopiu.net\/wordpress\/wp-content\/uploads\/2019\/04\/2e4dfbaf-c708-4b14-bf2e-4170279f5708.jpg 423w\" sizes=\"auto, (max-width: 212px) 100vw, 212px\" \/><\/a><\/p>\n<p>&nbsp;<\/p>\n<p>&nbsp;<\/p>\n<p>&nbsp;<\/p>\n<p>&nbsp;<\/p>\n<p><a class=\"dt-pswp-item\" href=\"http:\/\/www.radiopiu.net\/wordpress\/wp-content\/uploads\/2018\/09\/viabilita.jpeg\" data-dt-img-description=\"\" data-large_image_width=\"800\" data-large_image_height=\"100\"><img loading=\"lazy\" decoding=\"async\" class=\"alignnone size-full wp-image-61954\" src=\"http:\/\/www.radiopiu.net\/wordpress\/wp-content\/uploads\/2018\/09\/viabilita.jpeg\" alt=\"\" width=\"800\" height=\"100\" srcset=\"https:\/\/www.radiopiu.net\/wordpress\/wp-content\/uploads\/2018\/09\/viabilita.jpeg 800w, https:\/\/www.radiopiu.net\/wordpress\/wp-content\/uploads\/2018\/09\/viabilita-300x38.jpeg 300w, https:\/\/www.radiopiu.net\/wordpress\/wp-content\/uploads\/2018\/09\/viabilita-768x96.jpeg 768w\" sizes=\"auto, (max-width: 800px) 100vw, 800px\" \/><\/a><\/p>\n<p><strong>PROVINCIALE 563 DI SALESEI<\/strong> Dal 6 maggio AL 14 giugno\u00a0 In localit\u00e0 Sopracordevole in Comune di Rocca Pietore senso unico alternato con semaforo o movieri e divieto di transito ai mezzi con massa superiore a 7,5 tonellate.<\/p>\n<p><strong>REGIONALE 203 AGORDINA<\/strong> Fino al 6 maggio (esclusi festivi e prefestivi) senso unico alternato regolato da semaforo in localit\u00e0 Rucav\u00e0 (Alleghe) per lavori di messa in sicurezza ciglio stradale<\/p>\n<p><strong>REGIONALE 203 AGORDINA<\/strong> Fino al 3 maggio (esclusi sabato, domenica e festivi infrasettimanali) senso unico alternato regolato da semaforo a monte dell&#8217;abitato di Caprile per lavori di manutenzione del cimitero.<\/p>\n<p><strong>PROVINCIALE 347 DURAN E CEREDA RIPRISTINATA LA CIRCOLAZIONE TRA VENAS E CIBIANA<\/strong><\/p>\n<h1><\/h1>\n<h1><\/h1>\n<h1><\/h1>\n<h2><a class=\"dt-pswp-item\" href=\"http:\/\/www.radiopiu.net\/wordpress\/wp-content\/uploads\/2018\/09\/sport.jpg\" data-dt-img-description=\"\" data-large_image_width=\"800\" data-large_image_height=\"100\"><img loading=\"lazy\" decoding=\"async\" class=\"alignleft wp-image-60761 size-full\" src=\"http:\/\/www.radiopiu.net\/wordpress\/wp-content\/uploads\/2018\/09\/sport.jpg\" alt=\"\" width=\"800\" height=\"100\" srcset=\"https:\/\/www.radiopiu.net\/wordpress\/wp-content\/uploads\/2018\/09\/sport.jpg 800w, https:\/\/www.radiopiu.net\/wordpress\/wp-content\/uploads\/2018\/09\/sport-300x38.jpg 300w, https:\/\/www.radiopiu.net\/wordpress\/wp-content\/uploads\/2018\/09\/sport-768x96.jpg 768w\" sizes=\"auto, (max-width: 800px) 100vw, 800px\" \/><\/a><\/h2>\n<h1>Il Lubiana espugna Brunico per 3:1 e si aggiudica la AHL<\/h1>\n<p><a class=\"dt-pswp-item\" href=\"http:\/\/www.radiopiu.net\/wordpress\/wp-content\/uploads\/2019\/04\/AHL_Champ_Teaser.jpg\" data-dt-img-description=\"\" data-large_image_width=\"600\" data-large_image_height=\"337\"><img loading=\"lazy\" decoding=\"async\" class=\"alignleft wp-image-83459 \" src=\"http:\/\/www.radiopiu.net\/wordpress\/wp-content\/uploads\/2019\/04\/AHL_Champ_Teaser.jpg\" alt=\"\" width=\"757\" height=\"425\" srcset=\"https:\/\/www.radiopiu.net\/wordpress\/wp-content\/uploads\/2019\/04\/AHL_Champ_Teaser.jpg 600w, https:\/\/www.radiopiu.net\/wordpress\/wp-content\/uploads\/2019\/04\/AHL_Champ_Teaser-300x169.jpg 300w\" sizes=\"auto, (max-width: 757px) 100vw, 757px\" \/><\/a><br \/>\nIl Lubiana vince il Titolo della Alps Hockey League, stagione 2018\/19, dopo aver conquistato l\u2019ultima e decisiva Gara 7 sul ghiaccio del Lungo Rienza e si aggiudica la serie di finale per 4:3. Il Val Pusteria non \u00e8 riuscito a sfruttare tre match-point mentre la squadra della capitale slovena, dopo la rocambolesca vittoria in Gara 5, non ha pi\u00f9 sbagliato un colpo. In Gara 7 i Lupi conservano a lungo il minimo vantaggio realizzato da Armin Hofer nel primo tempo. Poi dal 52\u2019 sale in cattedra il Lubiana che realizza due reti in rapida successione con Ziga Svete e Miha Zajc (in 105 secondi) e poi si conferma con il goal a porta vuota sempre di Zajc. Primo successo sloveno nella AHL dopo che le prime due edizioni erano state vinte da Renon ed Asiago.<\/p>\n<p>&nbsp;<\/p>\n<p>&nbsp;<\/p>\n<p>&nbsp;<\/p>\n<p>&nbsp;<\/p>\n<h2>GIOVEDI 25 A SAN FIOR S&#8217;ASSEGNA IL TROFEO DI ECCELLENZA FEMMINILE<\/h2>\n<p><a class=\"dt-pswp-item\" href=\"http:\/\/www.radiopiu.net\/wordpress\/wp-content\/uploads\/2019\/04\/WhatsApp-Image-2019-04-20-at-20.48.03.jpeg\" data-dt-img-description=\"\" data-large_image_width=\"1600\" data-large_image_height=\"900\"><img loading=\"lazy\" decoding=\"async\" class=\"alignleft wp-image-83449 size-large\" src=\"http:\/\/www.radiopiu.net\/wordpress\/wp-content\/uploads\/2019\/04\/WhatsApp-Image-2019-04-20-at-20.48.03-1024x576.jpeg\" alt=\"\" width=\"1024\" height=\"576\" srcset=\"https:\/\/www.radiopiu.net\/wordpress\/wp-content\/uploads\/2019\/04\/WhatsApp-Image-2019-04-20-at-20.48.03-1024x576.jpeg 1024w, https:\/\/www.radiopiu.net\/wordpress\/wp-content\/uploads\/2019\/04\/WhatsApp-Image-2019-04-20-at-20.48.03-300x169.jpeg 300w, https:\/\/www.radiopiu.net\/wordpress\/wp-content\/uploads\/2019\/04\/WhatsApp-Image-2019-04-20-at-20.48.03-768x432.jpeg 768w, https:\/\/www.radiopiu.net\/wordpress\/wp-content\/uploads\/2019\/04\/WhatsApp-Image-2019-04-20-at-20.48.03.jpeg 1600w\" sizes=\"auto, (max-width: 1024px) 100vw, 1024px\" \/><\/a><\/p>\n<p>Si avvicina l&#8217;appuntamento della finale di Coppa Veneto riservato alle formazioni che militano nel campionato di eccellenza di calcio femminile. Il 25 aprile nello stadio di San Fior (TV) si contenderanno il trofeo\u00a0 il Keralpen Belluno e la formazione trevigiana del Villanova. La squadra\u00a0 bellunese, allenata da Tony Scot, sta cercando di recuperare almeno alcune ragazze da un infermeria che negli ultimi mesi \u00e8 stata piuttosto affollata e che ha pesantemente condizionato la seconda parte del campionato delle bellunesi. Alla luce di quanto detto, i favori del pronostico guardano con maggiore attenzione alle trevigiane anche in considerazione dei due incontri fin&#8217;ora disputati in campionato tra le due squadre e\u00a0 nei quali il Villanova ha sempre fatto bottino pieno. Ma si sa le finali fanno storia a s\u00e9 e nello spogliatoio bellunese ci si sta caricando per tentare l&#8217;impresa. Appuntamento quindi a San Fior, Gioved\u00ec 25 aprile con inizio alle 15:30<\/p>\n<p>&nbsp;<\/p>\n<p>&nbsp;<\/p>\n<p>&nbsp;<\/p>\n<p>&nbsp;<\/p>\n<p><b><a class=\"dt-pswp-item\" href=\"http:\/\/www.radiopiu.net\/wordpress\/wp-content\/uploads\/2018\/09\/WhatsApp-Image-2018-09-20-at-16.04.06.jpeg\" data-dt-img-description=\"\" data-large_image_width=\"800\" data-large_image_height=\"100\"><img loading=\"lazy\" decoding=\"async\" class=\"wp-image-61378 size-full alignleft\" src=\"http:\/\/www.radiopiu.net\/wordpress\/wp-content\/uploads\/2018\/09\/WhatsApp-Image-2018-09-20-at-16.04.06.jpeg\" alt=\"\" width=\"800\" height=\"100\" srcset=\"https:\/\/www.radiopiu.net\/wordpress\/wp-content\/uploads\/2018\/09\/WhatsApp-Image-2018-09-20-at-16.04.06.jpeg 800w, https:\/\/www.radiopiu.net\/wordpress\/wp-content\/uploads\/2018\/09\/WhatsApp-Image-2018-09-20-at-16.04.06-300x38.jpeg 300w, https:\/\/www.radiopiu.net\/wordpress\/wp-content\/uploads\/2018\/09\/WhatsApp-Image-2018-09-20-at-16.04.06-768x96.jpeg 768w\" sizes=\"auto, (max-width: 800px) 100vw, 800px\" \/><\/a><\/b><\/p>\n<p><center><b>Martedi 23<\/b><\/center><b>Tempo atteso: <\/b>Coperto, con tempo perturbato e fenomeni persistenti, pi\u00f9 importanti sulle Prealpi e sulle Dolomiti meridionali.<br \/>\n<b>Precipitazioni: <\/b>Alta probabilit\u00e0 (75-100%) di precipitazioni persistenti di moderata, a tratti forte, intensit\u00e0 sulle Prealpi, dove gli apporti potranno essere saranno localmente abbondanti (oltre i 60 mm); fenomeni in prevalenza pi\u00f9 moderati sulle Dolomiti settentrionali. Limite delle nevicate in innalzamento da 1500-1800 m a 1900-2100 m. Nelle 24 ore sono previsti in media sulle Prealpi bellunesi e vicentine fra 40 e 60 mm, localmente 80\/90mm, sulle Dolomiti meridionali in media fra 30 e 50 mm, sulle Dolomiti settentrionali e Prealpi veronesi fra 20 e i 40 mm. A 2000 m sono attesi fra 20 e 40 cm di neve fresca.<br \/>\n<b>Temperature: <\/b>Minime in aumento soprattutto nei fondovalle, in contenuta diminuzione in quota; massime in temporanea marcata diminuzione, con ridotta escursione termica giornaliera. Su Prealpi a 1500 m min 2\u00b0C max 5\u00b0C, a 2000 m min 0\u00b0C max 1\u00b0C. Su Dolomiti a 2000 m min -1\u00b0C max 0\u00b0C, a 3000 m min -6\u00b0C max -4\u00b0C.<br \/>\n<b>Venti: <\/b>Nelle valli generalmente deboli; in quota moderati o tesi da sud sud-est, a tratti forti a 3000 m e sulle cime prealpine, a 40-60 km\/h a 2000 sulle Prealpi e a 3000 m su tutte le zone.<\/p>\n<hr \/>\n<p><center><b>Mercoledi 24<\/b><\/center><b>Tempo atteso: <\/b>Irregolarmente nuvoloso con parziali e brevi schiarite alternate a frequenti addensamenti associati a fenomeni meno significativi e intermittenti rispetto a quelli di marted\u00ec.<br \/>\n<b>Precipitazioni: <\/b>Probabilit\u00e0 medio-alta (75-100%) di precipitazioni in prevalenza moderate e intermittenti con locali rovesci, coplessivamente pi\u00f9 contenute rispetto a quelle di marted\u00ec con quantitativi compresi tra 10 e 30 mm. Limite delle nevicate oltre i 2000-2200 m.<br \/>\n<b>Temperature: <\/b>Minime stazionarie o in lieve calo, massime in aumento. Su Prealpi a 1500 m min 2\u00b0C max 8\u00b0C, a 2000 m min 0\u00b0C max 4\u00b0C. Su Dolomiti a 2000 m min 0\u00b0C max 4\u00b0C, a 3000 m min -7\u00b0C max -2\u00b0C.<br \/>\n<b>Venti: <\/b>Nelle valli deboli o moderati; in quota deboli o moderati dai quadranti meridionali, 20-30 km\/h a 2000 m, 35-50 km\/h a 3000 m.<\/p>\n<hr \/>\n<p><center><b>Giovedi 25<\/b><\/center>Tempo simile a quello di mercoled\u00ec, con cielo quindi irregolarmente nuvoloso e precipitazuioni diffuse e intermittenti anche a carattre di rovescio, nevose oltre i 200-2400 m. Temperature senza notevoli variazioni. Venti in quota tesi o forti da Sud-Ovest, anche molto forti a 3000 m.<\/p>\n<hr \/>\n<p><center><b>Venerdi 26<\/b><\/center>Irregolarmente nuvoloso con precipitazioni sparse e intermittenti anche a carattere di rovescio, nevose oltre i 2000-2200 m. Temperature in lieve o contenuta diminuzione. Venti ancora moderati\/tesi dai quadranti meridionali Previsore: M.Padoan<\/p>\n","protected":false},"excerpt":{"rendered":"<p>ULTIM&#8217;ORA INTERVENTO NELLA NOTTE IN CADORE, SALVI 3 ESCURSIONISTI Ieri sera attorno alle 21 il Soccorso alpino del Centro Cadore \u00e8 stato allertato per tre giovani escursionisti in difficolt\u00e0. I tre, due ragazzi e una ragazza diciassettenni di Schio (VI), erano partiti dal campeggio ad Auronzo di Cadore, dove stanno passando le vacanze con i&hellip;<\/p>\n","protected":false},"author":1,"featured_media":83464,"comment_status":"closed","ping_status":"closed","sticky":false,"template":"","format":"standard","meta":{"_monsterinsights_skip_tracking":false,"_monsterinsights_sitenote_active":false,"_monsterinsights_sitenote_note":"","_monsterinsights_sitenote_category":0,"footnotes":""},"categories":[86],"tags":[],"class_list":["post-83448","post","type-post","status-publish","format-standard","has-post-thumbnail","hentry","category-gr","category-86","description-off"],"img_url":"https:\/\/www.radiopiu.net\/wordpress\/wp-content\/uploads\/2019\/04\/57963939_2304808649842607_509480359365181440_o.jpg","_links":{"self":[{"href":"https:\/\/www.radiopiu.net\/wordpress\/wp-json\/wp\/v2\/posts\/83448","targetHints":{"allow":["GET"]}}],"collection":[{"href":"https:\/\/www.radiopiu.net\/wordpress\/wp-json\/wp\/v2\/posts"}],"about":[{"href":"https:\/\/www.radiopiu.net\/wordpress\/wp-json\/wp\/v2\/types\/post"}],"author":[{"embeddable":true,"href":"https:\/\/www.radiopiu.net\/wordpress\/wp-json\/wp\/v2\/users\/1"}],"replies":[{"embeddable":true,"href":"https:\/\/www.radiopiu.net\/wordpress\/wp-json\/wp\/v2\/comments?post=83448"}],"version-history":[{"count":0,"href":"https:\/\/www.radiopiu.net\/wordpress\/wp-json\/wp\/v2\/posts\/83448\/revisions"}],"wp:featuredmedia":[{"embeddable":true,"href":"https:\/\/www.radiopiu.net\/wordpress\/wp-json\/wp\/v2\/media\/83464"}],"wp:attachment":[{"href":"https:\/\/www.radiopiu.net\/wordpress\/wp-json\/wp\/v2\/media?parent=83448"}],"wp:term":[{"taxonomy":"category","embeddable":true,"href":"https:\/\/www.radiopiu.net\/wordpress\/wp-json\/wp\/v2\/categories?post=83448"},{"taxonomy":"post_tag","embeddable":true,"href":"https:\/\/www.radiopiu.net\/wordpress\/wp-json\/wp\/v2\/tags?post=83448"}],"curies":[{"name":"wp","href":"https:\/\/api.w.org\/{rel}","templated":true}]}}