{"id":83513,"date":"2019-04-25T09:55:48","date_gmt":"2019-04-25T07:55:48","guid":{"rendered":"http:\/\/www.radiopiu.net\/wordpress\/?p=83513"},"modified":"2019-04-26T06:11:45","modified_gmt":"2019-04-26T04:11:45","slug":"il-capolavoro-di-federico-dopo-i-vandali-e-luragano","status":"publish","type":"post","link":"https:\/\/www.radiopiu.net\/wordpress\/il-capolavoro-di-federico-dopo-i-vandali-e-luragano\/","title":{"rendered":"IL CAPOLAVORO DI FEDERICO DOPO I VANDALI E L&#8217;URAGANO"},"content":{"rendered":"<h2><\/h2>\n\n\t\t\t<style type='text\/css'>\n\t\t\t\t#gallery-1 {\n\t\t\t\t\tmargin: auto;\n\t\t\t\t}\n\t\t\t\t#gallery-1 .gallery-item {\n\t\t\t\t\tfloat: left;\n\t\t\t\t\tmargin-top: 10px;\n\t\t\t\t\ttext-align: center;\n\t\t\t\t\twidth: 33%;\n\t\t\t\t}\n\t\t\t\t#gallery-1 img {\n\t\t\t\t\tborder: 2px solid #cfcfcf;\n\t\t\t\t}\n\t\t\t\t#gallery-1 .gallery-caption {\n\t\t\t\t\tmargin-left: 0;\n\t\t\t\t}\n\t\t\t\t\/* see gallery_shortcode() in wp-includes\/media.php *\/\n\t\t\t<\/style>\n\t\t<div id='gallery-1' class='dt-gallery-container gallery galleryid-83513 gallery-columns-3 gallery-size-thumbnail'><dl class='gallery-item'>\n\t\t\t\t<dt class='gallery-icon portrait'>\n\t\t\t\t\t<a class=\"rollover\" href='https:\/\/www.radiopiu.net\/wordpress\/giornale-radiopiu-23-aprile-2019-direttore-mirko-mezzacasa\/whatsapp-image-2019-04-22-at-15-14-59\/'><img loading=\"lazy\" decoding=\"async\" width=\"150\" height=\"150\" src=\"https:\/\/www.radiopiu.net\/wordpress\/wp-content\/uploads\/2019\/04\/WhatsApp-Image-2019-04-22-at-15.14.59-150x150.jpeg\" class=\"attachment-thumbnail size-thumbnail\" alt=\"\" \/><\/a>\n\t\t\t\t<\/dt><\/dl><dl class='gallery-item'>\n\t\t\t\t<dt class='gallery-icon portrait'>\n\t\t\t\t\t<a class=\"rollover\" href='https:\/\/www.radiopiu.net\/wordpress\/giornale-radiopiu-23-aprile-2019-direttore-mirko-mezzacasa\/whatsapp-image-2019-04-22-at-15-14-58-1\/'><img loading=\"lazy\" decoding=\"async\" width=\"150\" height=\"150\" src=\"https:\/\/www.radiopiu.net\/wordpress\/wp-content\/uploads\/2019\/04\/WhatsApp-Image-2019-04-22-at-15.14.58-1-150x150.jpeg\" class=\"attachment-thumbnail size-thumbnail\" alt=\"\" \/><\/a>\n\t\t\t\t<\/dt><\/dl><dl class='gallery-item'>\n\t\t\t\t<dt class='gallery-icon portrait'>\n\t\t\t\t\t<a class=\"rollover\" href='https:\/\/www.radiopiu.net\/wordpress\/giornale-radiopiu-23-aprile-2019-direttore-mirko-mezzacasa\/whatsapp-image-2019-04-22-at-15-14-58\/'><img loading=\"lazy\" decoding=\"async\" width=\"150\" height=\"150\" src=\"https:\/\/www.radiopiu.net\/wordpress\/wp-content\/uploads\/2019\/04\/WhatsApp-Image-2019-04-22-at-15.14.58-150x150.jpeg\" class=\"attachment-thumbnail size-thumbnail\" alt=\"\" \/><\/a>\n\t\t\t\t<\/dt><\/dl><br style=\"clear: both\" \/>\n\t\t\t<\/div>\n\n<p><strong>TAIBON<\/strong> L&#8217;Uragano Vaia pur nella sua potenza ha fatto meno danno dei vandali di alcuni anni fa. Nel 2017 ignoti con un gesto vigliacco distrussero la bella chiesetta in miniatura in riva al Cordevole, pezzo dopo pezzo cos\u00ec per divertimento come riportiamo nel successivo articolo d&#8217;archivio. Federico Savio in via Strapont a Taibon non si \u00e8 perso d&#8217;animo e ha ricostruito una chiesetta in miniatura altrettanto bella, rifinita nei particolari con spaccati di storia. L&#8217;uragano Vaia in riva al Cordevole ha fatto danni sradicando gli abeti secolari, uno \u00e8 passato accanto alla chiesetta in miniatura, ma solo sfiorandola. Il documento nel video realizzato ieri a Taibon<\/p>\n<p>https:\/\/www.facebook.com\/mirko.mezzacasa\/videos\/10219529250768733\/<\/p>\n<p><strong>ARCHIVIO RADIO PIU, 29 NOVEMBRE 2017<\/strong><\/p>\n<h1><strong>TAIBON ATTO VANDALICO, DISTRUTTO IL CAPITELLO &#8220;FATTO IN CASA<\/strong>&#8220;<\/h1>\n<p><img loading=\"lazy\" decoding=\"async\" class=\"alignleft wp-image-38821\" src=\"http:\/\/www.radiopiu.net\/wordpress\/wp-content\/uploads\/2017\/11\/prima-e-dopo-680x1024.jpg\" alt=\"prima-e-dopo\" width=\"197\" height=\"297\" \/>&#8220;Si sappia che gente c&#8217;\u00e8 in giro&#8230;&#8221;, lo sfogo detto da un giovane di 22 anni ha ancora pi\u00f9 effetto. Federico Savio di Taibon \u00e8 sconcertato perch\u00e9 una o pi\u00f9 persone hanno demolito un capitello nel bosco vicino al\u00a0 torrente Cordevole poco lontano dalla strada regionale 203 Agordina. Non un capitello storico, rievocativo, ma un&#8217;opera artistica con grande significati per Federico e i suoi amici, gli stessi che da bambini nel bosco vicino a casa, si sono costruti un parco giochi naturale, lontano dalla strada, piazza e pericoli. Propio qui Federico che oggi ha 22 anni,\u00a0 ha dato sfogo alla sua fantasia costruendo un capitello con tanto di chiesetta e tutto curato nei minimi particolari, negli esterni e negli interni. &#8220;Hanno distrutto tutto &#8211; dice Federico &#8211; in pochi istanti hanno demolito tutte le strutture, hanno sparato petardi per fare ancora pi\u00f9 danni e non contenti quel poco che era rimasto in piedi lo hanno buttato nel torrente Cordevole. Non ho idea di chi sia stato, \u00e8 un dispetto ma non mi spiego per quale motivo prendersela con un capitello&#8221;.<br \/>\nLe fondamenta di quella chiesetta in scala sono state messe pi\u00f9 di dieci anni fa. &#8220;Io con un mio amico &#8211; racconta Federico &#8211;\u00a0 avevamo voglia di provare a costruire qualcosa con sassi,\u00a0 legno e un po&#8217; di cemento. Andavamo spesso a giocare in quel bosco vicino a casa. Con il passare del tempo il capitello \u00e8 rimasto la, anni fa l&#8217;avevo un po&#8217; decorato col legno e i colori per passarmi il tempo.\u00a0 L&#8217;ho sempre lasciato in mezzo al verde perch\u00e9 ci tenevo, era un ricordo di quando ero pi\u00f9 piccolo, ma era anche un posto ideale per passeggiare, sedersi, riflettere&#8221;.<br \/>\nOggi davanti a quella struttura non si riflette pi\u00f9, di vedono solo macerie. &#8220;Il resto \u00e8 stato &#8220;smaltito&#8221; nel torrente, ho trovato carte di petardi ovunque, devono averlo distrutto la scorsa settimana, purtroppo nessuno pare si sia accorto di nulla, nessuno avrebbe visto o sentito il rumore dei botti. Peccato&#8221;. Quello che rammarica Federico\u00a0 \u00e8 soprattutto che chiunque ha agito con questo gesto vandalico lo ha fatto solo per il proprio divertimento. &#8220;Mi impressiona la insensatezza dell&#8217;atto,\u00a0 la mancanza di rispetto &#8211; continua Federico &#8211;\u00a0 la mancanza di rispetto verso qualcosa di\u00a0 religioso, ognuno\u00a0 pu\u00f2 avere o non avere la volont\u00e0 di credere in qualcosa, ma mi impressiona la mancanza di rispetto verso l&#8217;individuo, verso il privato, verso le cose altrui, verso il lavoro delle altre persone. Ancor di pi\u00f9 mi impressiona il fatto che per certa gente il divertimento equivalga a distruggere e rovinare, esempi in giro non mancano. Penso infine che se alla base di tutto se non c&#8217;\u00e8 il rispetto per l&#8217;altro rischia di mancare anche qualsiasi altro valore&#8221;.<br \/>\nA Taibon \u00e8 l&#8217;ennesimo gesto vandalico, ad inizio estate qualcuno ha distrutto tutti gli specchi stradali da Forno Val fino a Brugnach sfidando anche l&#8217;impianto di video sorveglianza che l&#8217;amministrazione comunale ha sempre presentato come fiore all&#8217;occhiello della sicurezza, peccato che da allora ad oggi nessuno abbia dato un nome ai responsabili di quell&#8217;atto vandalico e forse nessuno lo dar\u00e0 mai nemmeno a questo nuovo episodio perch\u00e9 se \u00e8 vero che le telecamere in via Strapont non mancano \u00e8 altrettanto certo che non sono puntate nei boschi e lungo il torrente Cordevole.<\/p>\n<p>&nbsp;<\/p>\n<p><span style=\"color: #0000ff;\">FOTO CLICCA PER INGRANDIR<\/span><\/p>\n","protected":false},"excerpt":{"rendered":"<p>TAIBON L&#8217;Uragano Vaia pur nella sua potenza ha fatto meno danno dei vandali di alcuni anni fa. Nel 2017 ignoti con un gesto vigliacco distrussero la bella chiesetta in miniatura in riva al Cordevole, pezzo dopo pezzo cos\u00ec per divertimento come riportiamo nel successivo articolo d&#8217;archivio. Federico Savio in via Strapont a Taibon non si&hellip;<\/p>\n","protected":false},"author":1,"featured_media":83451,"comment_status":"closed","ping_status":"closed","sticky":false,"template":"","format":"standard","meta":{"_monsterinsights_skip_tracking":false,"_monsterinsights_sitenote_active":false,"_monsterinsights_sitenote_note":"","_monsterinsights_sitenote_category":0,"footnotes":""},"categories":[51,49],"tags":[],"class_list":["post-83513","post","type-post","status-publish","format-standard","has-post-thumbnail","hentry","category-evidenza-top","category-news-18","category-51","category-49","description-off"],"img_url":"https:\/\/www.radiopiu.net\/wordpress\/wp-content\/uploads\/2019\/04\/WhatsApp-Image-2019-04-22-at-15.14.58-1.jpeg","_links":{"self":[{"href":"https:\/\/www.radiopiu.net\/wordpress\/wp-json\/wp\/v2\/posts\/83513","targetHints":{"allow":["GET"]}}],"collection":[{"href":"https:\/\/www.radiopiu.net\/wordpress\/wp-json\/wp\/v2\/posts"}],"about":[{"href":"https:\/\/www.radiopiu.net\/wordpress\/wp-json\/wp\/v2\/types\/post"}],"author":[{"embeddable":true,"href":"https:\/\/www.radiopiu.net\/wordpress\/wp-json\/wp\/v2\/users\/1"}],"replies":[{"embeddable":true,"href":"https:\/\/www.radiopiu.net\/wordpress\/wp-json\/wp\/v2\/comments?post=83513"}],"version-history":[{"count":0,"href":"https:\/\/www.radiopiu.net\/wordpress\/wp-json\/wp\/v2\/posts\/83513\/revisions"}],"wp:featuredmedia":[{"embeddable":true,"href":"https:\/\/www.radiopiu.net\/wordpress\/wp-json\/wp\/v2\/media\/83451"}],"wp:attachment":[{"href":"https:\/\/www.radiopiu.net\/wordpress\/wp-json\/wp\/v2\/media?parent=83513"}],"wp:term":[{"taxonomy":"category","embeddable":true,"href":"https:\/\/www.radiopiu.net\/wordpress\/wp-json\/wp\/v2\/categories?post=83513"},{"taxonomy":"post_tag","embeddable":true,"href":"https:\/\/www.radiopiu.net\/wordpress\/wp-json\/wp\/v2\/tags?post=83513"}],"curies":[{"name":"wp","href":"https:\/\/api.w.org\/{rel}","templated":true}]}}