{"id":83515,"date":"2019-04-23T06:16:44","date_gmt":"2019-04-23T04:16:44","guid":{"rendered":"http:\/\/www.radiopiu.net\/wordpress\/?p=83515"},"modified":"2019-04-24T05:27:57","modified_gmt":"2019-04-24T03:27:57","slug":"pasqua-ad-agordo-alla-messa-nellarcidiaconale-lomelia-di-monsignor-giorgio-lise","status":"publish","type":"post","link":"https:\/\/www.radiopiu.net\/wordpress\/pasqua-ad-agordo-alla-messa-nellarcidiaconale-lomelia-di-monsignor-giorgio-lise\/","title":{"rendered":"PASQUA AD AGORDO, ALLA MESSA NELL&#8217;ARCIDIACONALE L&#8217;OMELIA DI MONSIGNOR GIORGIO LISE"},"content":{"rendered":"<h3><\/h3>\n<p>DI GIANNI SANTOMASO<\/p>\n<blockquote><p>&nbsp;<\/p>\n<audio class=\"wp-audio-shortcode\" id=\"audio-83515-1\" preload=\"none\" style=\"width: 100%;\" controls=\"controls\"><source type=\"audio\/mpeg\" src=\"http:\/\/www.radiopiu.net\/wordpress\/wp-content\/uploads\/2019\/04\/gianni-giorgio.mp3?_=1\" \/><a href=\"http:\/\/www.radiopiu.net\/wordpress\/wp-content\/uploads\/2019\/04\/gianni-giorgio.mp3\">http:\/\/www.radiopiu.net\/wordpress\/wp-content\/uploads\/2019\/04\/gianni-giorgio.mp3<\/a><\/audio>\n<p><em><strong><a class=\"dt-pswp-item\" href=\"http:\/\/www.radiopiu.net\/wordpress\/wp-content\/uploads\/2015\/09\/don_giorgio2.jpg\" data-dt-img-description=\"\" data-large_image_width=\"216\" data-large_image_height=\"137\"><img loading=\"lazy\" decoding=\"async\" class=\"alignleft wp-image-10391\" src=\"http:\/\/www.radiopiu.net\/wordpress\/wp-content\/uploads\/2015\/09\/don_giorgio2.jpg\" alt=\"\" width=\"262\" height=\"166\" \/><\/a>AGORDO<\/strong> Siamo qui per ascoltare una notizia che ormai conosciamo da lungo tempo, per averla sentita ripetere tante e tante volte: il rischio \u00e8 di non riuscire a percepire la forza sconvolgente di un messaggio che ancora una volta ha squarciato il buio della notte appena trascorsa; il rischio per chi l&#8217;ascolta \u00e8 di non arrivare a comunicare ad altri l&#8217;alta tensione dell&#8217;annuncio pi\u00f9 strabiliante di tutta la storia.- Ges\u00f9 di Naza\u00adret, il Crocifisso, \u00e8 risorto! Forse si saranno trovati nella nostra stessa situazione Paolo e Timoteo, quando, ad anni di distanza da quell&#8217;evento, l&#8217;apostolo scri\u00adveva nella sua seconda lettera al fedele discepolo: &#8220;Ricordati che Ges\u00f9 Cristo, della stirpe di Davide, \u00e8 risuscitato dai morti&#8221;&#8216; (2?m 2,8). Perch\u00e9 dunque quel richiamo cos\u00ec forte di Paolo apostolo a ricor\u00addare un evento tanto noto, sicuro? Perch\u00e9 una racco\u00admandazione tanto accalorata a non oscurare mai un dato talmente affermato dai credenti da risultare risaputo, e talmente risaputo da apparire ormai scontato? Ecco: proprio perch\u00e9 l&#8217;annuncio della risurrezio\u00adne di Cristo rischia di riuscire notizia ovvia e abbondantemente &#8220;pas\u00adsata&#8221;, perch\u00e9 non pi\u00f9 &#8220;nuova&#8221; e perci\u00f2 irrimediabilmente sorpassata. Oggi in Europa &#8211; notava Giovanni Paolo II &#8211; molta gente, anche tanti cristiani, vivono come se Cristo non fosse morto per noi, come se non fosse veramente risorto. \u00c8 la nostra situazione: noi rischiamo di tene\u00adre il fuoco della pi\u00f9 bella notizia di tutti i tempi sotto la cenere di una annoiata saziet\u00e0, sepolto sotto la pietra tombale di una indifferenza impassibile e incallita. II richiamo di Paolo non \u00e8 tanto una pia esortazione a ricordare una notizia importante o a rilanciare una informazione dovuta; \u00e8 un invito pressante a tener conto di un avvenimento, e a tenerne conto non intellettualisticamente, ma esistenzialmente: insomma s. Paolo ci mette in guardia dal ridurre questo evento, il nucleo centrale della nostra fede, ad un argomento pi\u00f9 o meno. La risurrezione di Cristo infatti fa davvero la differenza, Se Cristo non \u00e8 risorto, allora l&#8217;uomo \u00e8 un pacco postale, spedito dall&#8217;ostetricia all&#8217;obitorio; allora la vita \u00e8 un geroglifico indecifrabile e la storia un rebus incomprensibile; allora la fede \u00e8 una pia illusione, la speranza una utopia, la carit\u00e0 un&#8217;elemosina umiliante per chi la fa e per chi la riceve; allora la preghiera \u00e8 soliloquio, la liturgia \u00e8 archeologia, il sacramento cerimonia, la missione propaganda. Se invece Cristo \u00e8 risorto, allora l&#8217;uomo \u00e8 un figlio da sempre amato, candidato alla felicit\u00e0 eterna; allora la vita \u00e8 \u2013 sempre, comunque si presenti &#8211; un dono incalcolabile e la storia un cammino, per quanto tortuoso e faticoso, diretto alla casa del Padre; allora la fede si fonda su una roccia incrollabile, la speranza \u00e8 la grande leva che innalza il mondo, la carit\u00e0 \u00e8 la declinazione del\u00adl&#8217;amore stesso di Dio nel nostro quotidiano; allora la preghiera \u00e8 incontro, la liturgia esperienza, il sacramento azione dello Spirito, la missione sinergia con Cristo, che continua a camminare con noi, tutti i giorni, fino alla fine del mondo. <strong>Tra qualche settimana parteciperemo a una consultazione per la guida della cosa pubblica in Europa e nel nostro Comune. <\/strong><strong>Il cristiano non deve mai essere assente dalle responsabilit\u00e0 civili. <\/strong>Se vuole portare nella sua Comunit\u00e0, l\u2019autentico spirito del Risorto, che \u00e8 spirito di novit\u00e0 e di vita, vi si deve immettere con competenza da preparare e continua\u00admente da aggiornare; con coerenza con i suoi principi irri\u00adnunciabili; con perseveranza anche nelle difficolt\u00e0; con lo spirito del servizio e non del tornaconto; con un grande rispetto degli altri con cui dialogare. Tutto questo per collaborare nel possibile, per imparare, per difen\u00addere con fermezza e rispetto ci\u00f2 a cui non si pu\u00f2 e non si deve ri\u00adnunciare. Il cristiano elever\u00e0 verso traguardi sempre pi\u00f9 alti la societ\u00e0 in cui \u00e8 inserito non fuggendola, non stando alla finestra, non vantandosi di non esserci dentro, non lamentandosi di tutto e di tutti, ma partecipando, corresponsabilizzandosi, accettando anche incarichi, offrendo idee\u2026 Tutti vogliono un mondo pi\u00f9 pulito, pi\u00f9 buono: il cristiano, si impegna a renderlo sempre pi\u00f9 cos\u00ec. Perch\u00e9 il mondo non migliora da s\u00e9 stesso; il mondo cresce verso il cielo se chi ha la vocazione al cielo, con l&#8217;aiuto del Cielo, si impegna in prima per\u00adsona per renderlo sempre pi\u00f9 simile al cielo. Sia questo il nostro impegno quotidiano, pubblico o privato. Cos\u00ec saremo uomini e donne che rendono viva e concreta la Pasqua del Signore<\/em><\/p><\/blockquote>\n<p>&nbsp;<\/p>\n<p>&nbsp;<\/p>\n","protected":false},"excerpt":{"rendered":"<p>DI GIANNI SANTOMASO &nbsp; AGORDO Siamo qui per ascoltare una notizia che ormai conosciamo da lungo tempo, per averla sentita ripetere tante e tante volte: il rischio \u00e8 di non riuscire a percepire la forza sconvolgente di un messaggio che ancora una volta ha squarciato il buio della notte appena trascorsa; il rischio per chi&hellip;<\/p>\n","protected":false},"author":1,"featured_media":43008,"comment_status":"closed","ping_status":"closed","sticky":false,"template":"","format":"standard","meta":{"_monsterinsights_skip_tracking":false,"_monsterinsights_sitenote_active":false,"_monsterinsights_sitenote_note":"","_monsterinsights_sitenote_category":0,"footnotes":""},"categories":[104,49],"tags":[],"class_list":["post-83515","post","type-post","status-publish","format-standard","has-post-thumbnail","hentry","category-evidenza_3","category-news-18","category-104","category-49","description-off"],"img_url":"https:\/\/www.radiopiu.net\/wordpress\/wp-content\/uploads\/2018\/02\/CHIESA-AGORDO.jpg","_links":{"self":[{"href":"https:\/\/www.radiopiu.net\/wordpress\/wp-json\/wp\/v2\/posts\/83515","targetHints":{"allow":["GET"]}}],"collection":[{"href":"https:\/\/www.radiopiu.net\/wordpress\/wp-json\/wp\/v2\/posts"}],"about":[{"href":"https:\/\/www.radiopiu.net\/wordpress\/wp-json\/wp\/v2\/types\/post"}],"author":[{"embeddable":true,"href":"https:\/\/www.radiopiu.net\/wordpress\/wp-json\/wp\/v2\/users\/1"}],"replies":[{"embeddable":true,"href":"https:\/\/www.radiopiu.net\/wordpress\/wp-json\/wp\/v2\/comments?post=83515"}],"version-history":[{"count":0,"href":"https:\/\/www.radiopiu.net\/wordpress\/wp-json\/wp\/v2\/posts\/83515\/revisions"}],"wp:featuredmedia":[{"embeddable":true,"href":"https:\/\/www.radiopiu.net\/wordpress\/wp-json\/wp\/v2\/media\/43008"}],"wp:attachment":[{"href":"https:\/\/www.radiopiu.net\/wordpress\/wp-json\/wp\/v2\/media?parent=83515"}],"wp:term":[{"taxonomy":"category","embeddable":true,"href":"https:\/\/www.radiopiu.net\/wordpress\/wp-json\/wp\/v2\/categories?post=83515"},{"taxonomy":"post_tag","embeddable":true,"href":"https:\/\/www.radiopiu.net\/wordpress\/wp-json\/wp\/v2\/tags?post=83515"}],"curies":[{"name":"wp","href":"https:\/\/api.w.org\/{rel}","templated":true}]}}