{"id":83559,"date":"2019-04-24T06:03:39","date_gmt":"2019-04-24T04:03:39","guid":{"rendered":"http:\/\/www.radiopiu.net\/wordpress\/?p=83559"},"modified":"2019-04-24T09:32:43","modified_gmt":"2019-04-24T07:32:43","slug":"giornale-radiopiu-24-aprile-2019-direttore-mirko-mezzacasa","status":"publish","type":"post","link":"https:\/\/www.radiopiu.net\/wordpress\/giornale-radiopiu-24-aprile-2019-direttore-mirko-mezzacasa\/","title":{"rendered":"GIORNALE RADIOPIU 24 APRILE 2019 DIRETTORE MIRKO MEZZACASA"},"content":{"rendered":"<p><strong>E&#8217; ancora alta l&#8217;attenzione<\/strong> sul caso del pitbull ucciso ad Agordo, ieri Ivan Tormen di Agordo ha raccontato al Corriere delle Alpi che il cane Khaos aveva gi\u00e0 morso senza motivo, lo conferma il certificato medico rilasciato dall&#8217;ospedale di Agordo e da una denuncia presentata pochi giorni dopo. <strong>Dario Bond\u00a0 <\/strong>si \u00e8 rivolto al Prefetto affinch\u00e9 firmi un&#8217;ordinanza che vieti a persone in difficolt\u00e0 di detenere animali di razze pericolose, comunque superiore ai 15 chilogrammi con obbligo di museruola. <strong>La dichiarazione del sindaco di Agordo Sisto Da Roit<\/strong> <em>&#8220;Abbiamo fatto notare a Ulss e Carabinieri il caso chiedendo anche di togliere il cane ma nessuno si \u00e8 mosso&#8221;. <\/em>Affermazione che non pu\u00f2 passare inosservata alla luce di quanto accaduto e soprattutto dopo la denuncia di Ivan Tormen finito all&#8217;ospedale per quel cane senza museruola in una Agordo zona Coop sempre pi\u00f9 in degrado dove ben poco \u00e8 stato fatto per ridare dignit\u00e0 al centro della citt\u00e0. <strong>Domani 25 aprile <\/strong>\u00a0 \u00e8 festa della Liberazione, cerimonie in tutta la Provincia ad Agordo in Piazza della Libert\u00e0, il presidente della Repubblica Sergio Mattarella a pochi giorni dalla visita a Longarone e Belluno torna in Veneto, a Vittorio Veneto in particolare, \u00e8 atteso per domani mattina per rendere onore ai Caduti in guerra. <strong>Venerdi a Canale d&#8217;Agordo<\/strong> il ricordo di Don Sirio, nei notiziari\u00a0 e su questo\u00a0 sito lo speciale di Gianni Santomaso con Liana Cavallet e Loris Serafini. <strong>Il Soccorso Alpino<\/strong> \u00e8 dovuto intervenire in piena notte per togliere dai guai tre giovani escursionisti in difficolt\u00e0 verso il Rifugio Chiggiato, intervento lungo e difficile conclusosi solo alle 2 di notte. <strong>Oggi sul Corriere della Sera:\u00a0<\/strong>Essilor Luxottica, resa dei conti, la contromossa di Leonardo Del Vecchio, il gruppo italiano socio al 31%, le mire dei transalpini con il 4%. 37 pagine fitte per formalizzare che Sagnieres e Del Vecchio hanno gli stessi poteri nonostante i diversi pesi azionari.<\/p>\n<p>&nbsp;<\/p>\n<p>&nbsp;<\/p>\n<p><strong>VIDEO DEL GIORNO, SEGNALAZIONE DA ROCCA PIETORE, DESTRA LAGO DI ALLEGHE, STRADA PER LO CHALET. L&#8217;INSIDIA PER CHI VI TRANSITA TUTTI I GIORNI A PROPRIO RISCHIO E PERICOLO A 6 MESI DALL&#8217;URAGANO<\/strong><\/p>\n<div style=\"width: 640px;\" class=\"wp-video\"><video class=\"wp-video-shortcode\" id=\"video-83559-1\" width=\"640\" height=\"352\" preload=\"metadata\" controls=\"controls\"><source type=\"video\/mp4\" src=\"http:\/\/www.radiopiu.net\/wordpress\/wp-content\/uploads\/2019\/04\/WhatsApp-Video-2019-04-24-at-06.34.20.mp4?_=1\" \/><a href=\"http:\/\/www.radiopiu.net\/wordpress\/wp-content\/uploads\/2019\/04\/WhatsApp-Video-2019-04-24-at-06.34.20.mp4\">http:\/\/www.radiopiu.net\/wordpress\/wp-content\/uploads\/2019\/04\/WhatsApp-Video-2019-04-24-at-06.34.20.mp4<\/a><\/video><\/div>\n<p>&nbsp;<\/p>\n<p>&nbsp;<\/p>\n<p>&nbsp;<\/p>\n<p><strong><a class=\"dt-pswp-item\" href=\"http:\/\/www.radiopiu.net\/wordpress\/wp-content\/uploads\/2019\/04\/locandina.png\" data-dt-img-description=\"\" data-large_image_width=\"725\" data-large_image_height=\"1024\"><img loading=\"lazy\" decoding=\"async\" class=\"alignleft wp-image-82473\" src=\"http:\/\/www.radiopiu.net\/wordpress\/wp-content\/uploads\/2019\/04\/locandina-212x300.png\" alt=\"\" width=\"126\" height=\"178\" srcset=\"https:\/\/www.radiopiu.net\/wordpress\/wp-content\/uploads\/2019\/04\/locandina-212x300.png 212w, https:\/\/www.radiopiu.net\/wordpress\/wp-content\/uploads\/2019\/04\/locandina.png 725w\" sizes=\"auto, (max-width: 126px) 100vw, 126px\" \/><\/a>A CAVIOLA SABATO E DOMENICA I MISTERI DI ALLEGHE<\/strong>\u00a0 lo spettacolo sul racconto giornalistico di Sergio Saviane, interpretato da Roberto Faoro. Sabato alle 21 e domenica alle 18 sar\u00e0\u00a0 la Casa della Giovent\u00f9 di Caviola a vedere sulla scena il lavoro nato da un&#8217;idea di Antonio Fiabane con la regia di Francesco Bortolini. Tutto nasce nel 1964, quando Saviane pubblic\u00f2 I misteri di Alleghe.\u00a0 Faoro impersona, Saviane ricorda da cronista i vari personaggi, dalle vittime Emma e Carolina al marito di lei Aldo, macellaio e assassino. <em><strong>Prevendite aperte nella sede di RadioPi\u00f9 a Taibon, all&#8217;ufficio turistico di Falcade e all&#8217;ufficio turistico di Alleghe.<\/strong><\/em><\/p>\n<p>&nbsp;<\/p>\n<p>&nbsp;<\/p>\n<p>&nbsp;<\/p>\n<p>&nbsp;<\/p>\n<p>&nbsp;<\/p>\n<p align=\"JUSTIFY\"><span style=\"font-family: Arial, sans-serif;\"><strong><a class=\"dt-pswp-item\" href=\"http:\/\/www.radiopiu.net\/wordpress\/wp-content\/uploads\/2015\/06\/bimgsp.jpg\" data-dt-img-description=\"\" data-large_image_width=\"300\" data-large_image_height=\"168\"><img loading=\"lazy\" decoding=\"async\" class=\"alignleft wp-image-6703\" src=\"http:\/\/www.radiopiu.net\/wordpress\/wp-content\/uploads\/2015\/06\/bimgsp-300x168.jpg\" alt=\"\" width=\"145\" height=\"81\" \/><\/a>CIBIANA<\/strong> In tutto il comune\u00a0 l&#8217;acqua erogata dall&#8217;acquedotto non \u00e8 potabile e pu\u00f2 essere usata per scopi alimentari solo previa bollitura. <\/span><strong>Feltre<\/strong> nelle vie Col Fiorito, Casonetto, Pont, Nemeggio, Villapaiera, Celarda, Anzu&#8217;, Canal e Sanzan l&#8217;acqua erogata dall&#8217;acquedotto non \u00e8 potabile e pu\u00f2 essere usata per scopi alimentari solo previa bollitura.<\/p>\n<p>&nbsp;<\/p>\n<p>&nbsp;<\/p>\n<p>&nbsp;<\/p>\n<h2>INTERVENTO NELLA NOTTE IN CADORE, SALVI 3 ESCURSIONISTI<\/h2>\n<p><a class=\"dt-pswp-item\" href=\"http:\/\/www.radiopiu.net\/wordpress\/wp-content\/uploads\/2019\/04\/IMG-20190423-WA0000.jpg\" data-dt-img-description=\"\" data-large_image_width=\"1600\" data-large_image_height=\"1200\"><img loading=\"lazy\" decoding=\"async\" class=\"alignleft size-medium wp-image-83543\" src=\"http:\/\/www.radiopiu.net\/wordpress\/wp-content\/uploads\/2019\/04\/IMG-20190423-WA0000-300x225.jpg\" alt=\"\" width=\"300\" height=\"225\" srcset=\"https:\/\/www.radiopiu.net\/wordpress\/wp-content\/uploads\/2019\/04\/IMG-20190423-WA0000-300x225.jpg 300w, https:\/\/www.radiopiu.net\/wordpress\/wp-content\/uploads\/2019\/04\/IMG-20190423-WA0000-768x576.jpg 768w, https:\/\/www.radiopiu.net\/wordpress\/wp-content\/uploads\/2019\/04\/IMG-20190423-WA0000-1024x768.jpg 1024w, https:\/\/www.radiopiu.net\/wordpress\/wp-content\/uploads\/2019\/04\/IMG-20190423-WA0000.jpg 1600w\" sizes=\"auto, (max-width: 300px) 100vw, 300px\" \/><\/a>L&#8217;altra sera attorno alle 21 il Soccorso alpino del Centro Cadore \u00e8 stato allertato per tre giovani escursionisti in difficolt\u00e0. I tre, due ragazzi e una ragazza diciassettenni di Schio (VI), erano partiti dal campeggio ad Auronzo di Cadore, dove stanno passando le vacanze con i genitori, per percorrere la Val da Rin e recarsi al Rifugio Chiggiato dove avrebbero pernottato. Lungo la strada, che stavano affrontando con le ciaspe, dopo il Rifugio Baion avevano sbagliato sentiero. Dopo aver chiamato il gestore del Chiaggiato, che aveva dato loro le indicazioni corrette, i ragazzi erano tornati sui loro passi per riprendere la giusta direzione e superare anche un piccolo tratto attrezzato. A causa del ritardo acquisito per\u00f2, i giovani alle 19.30 erano ancora lontani dal Rifugio e avevano nuovamente contattato il gestore per avvertirlo che avevano avuto dei problemi e non sarebbero pi\u00f9 arrivati. A questo punto, ormai prossimo il buio e perch\u00e9 non rischiassero di perdersi o farsi male, il gestore aveva consigliato loro di allertare i soccorsi. Una decina di soccorrirori ha quindi raggiunto il Rifugio Baion e, in parte a piedi e in parte con gli sci d&#8217;alpinismo, \u00e8 arrivata fino dai ragazzi, alle 22.30 circa, riaccompagnandoli indietro. Una volta a Pian dei Buoi i soccorrirori li hanno ristorati con bevande calde, per poi riaccompagnarli ad Auronzo in campeggio. L&#8217;intervento si \u00e8 concluso alle 2.<\/p>\n<p>&nbsp;<\/p>\n<p>&nbsp;<\/p>\n<p>&nbsp;<\/p>\n<p><strong>SANITA\u2019. ASSESSORE REGIONE VENETO PRESENTA IN COMMISSIONE CONSIGLIO UNA BOZZA CON MODIFICHE ALLE SCHEDE OSPEDALIERE<\/strong><\/p>\n<p><strong>VENEZIA\u00a0 <\/strong>L\u2019Assessore alla Sanit\u00e0 della Regione Veneto, che era affiancata dal Direttore Generale Regionale Domenico Mantoan, ha presentato oggi alla Quinta Commissione del Consiglio regionale una bozza contenente alcune proposte di modifica delle schede ospedaliere, che verr\u00e0 formalizzata nel suo complesso nella giornata di domani. L\u2019Assessore ne ha illustrato i contenuti principali, tra i quali la classificazione come \u201cSpoke\u201d degli ospedali di Venezia, Chioggia (VE) e Villafranca (VR) e il ripristino come ospedale \u201cSpoke a due gambe\u201d dei nosocomi di Montebelluna e Castelfranco (TV). Per quanto riguarda il civile di Venezia, va avanti in parallelo anche la modifica legislativa gi\u00e0 approntata per corrispondere alle indicazioni del DM 70 Nazionale sulla classificazione degli ospedali e gi\u00e0 all\u2019attenzione della Commissione Consigliare. All\u2019ospedale di Castelfranco, inoltre, vengono inseriti 15 posti letto di chirurgia generale, collegati a Montebelluna. Confermata la scheda di transizione per il Sant\u2019Antonio di Padova, che contiene posti letto e primariati, che, come gi\u00e0 detto, va in capo all\u2019Azienda Ospedaliera Universitaria. Vengono infine ripristinate una decina di apicalit\u00e0 nelle varie Ulss.<\/p>\n<p>&nbsp;<\/p>\n<p>&nbsp;<\/p>\n<h3>BILANCIO. LA GIUNTA APPROVA LA PRIMA VARIAZIONE PER COMPLESSIVI 1.250.000 EURO<\/h3>\n<p><strong>VENEZIA\u00a0<\/strong> La Giunta Regionale ha approvato oggi il disegno di legge che apporta al bilancio di previsione 2019-20121 la prima variazione generale. La variazione degli stanziamenti \u00e8 stata ritenuta opportuna al fine di garantire tempestivamente 1.250.000 euro che andranno impiegati per dare una risposta immediata in diversi ambiti delle politiche regionali. Ne d\u00e0 notizia il vicepresidente della Regione e assessore al bilancio. <em>\u201cDopo l\u2019approvazione a dicembre del bilancio di previsione &#8211; sottolinea il vicepresidente \u2013 da subito abbiamo voluto approvare questa prima variazione. Un importante segnale perch\u00e9 rappresenta una risposta rapida, attenta e concreta ai fruitori, siano essi associazioni piuttosto che imprese, enti locali, beneficiari delle politiche sociali o il mondo della scuola\u201d. <\/em>Gli importi resi disponibili permetteranno di soddisfare esigenze: \u00a0100.000 in ambito sociale, per progetti contro la violenza sulle donne; \u00a0200.000 a beneficio delle infrastrutture e dei trasporti ed in particolare quelli legati alle vie d\u2019acqua;o 300.000 nell\u2019ambito legato alla cultura; 150.000 a beneficio di enti locali per la gestione associata di funzioni;<br \/>\n500.000 euro\u00a0 a sostegno del diritto allo studio con il Buono Scuola.<\/p>\n<p>&nbsp;<\/p>\n<p>&nbsp;<\/p>\n<p><strong>SCUOLA. APPROVATO IL CALENDARIO SCOLASTICO 2019-2020. ANCHE L\u2019ANNO PROSSIMO TRE GIORNATE DEDICATE AI VALORI EDUCATIVI DELLO SPORT<\/strong><\/p>\n<p><strong>\u00a0VENEZIA <\/strong>Inizier\u00e0 mercoled\u00ec 11 settembre, nel Veneto, l\u2019anno scolastico 2019-2020 per concludersi sabato 6 giugno. La Giunta regionale, infatti, ha approvato il calendario scolastico per le scuole di ogni ordine e grado della Regione, statali e paritarie. Fanno eccezione le scuole dell\u2019infanzia che apriranno le porte lo stesso giorno ma proseguiranno le lezioni fino al 30 giugno. Oltre alle consuete festivit\u00e0, il calendario del prossimo anno scolastico prevede la sospensione obbligatoria delle lezioni il 2 novembre per il ponte di Ognissanti, dal 23 dicembre al 6 gennaio per le vacanze natalizie, dal 24 al 26 febbraio per le quelle di Carnevale e dal 9 al 14 aprile per le ferie pasquali. Sono previsti, inoltre, il 2 maggio 2020 per il ponte della festa del Lavoro e il successivo 1 giugno per il ponte della festa nazionale della Repubblica. Alle scuole, a fronte di particolari esigenze o eventi, sono consentite ulteriori sospensioni delle lezioni o modifiche del calendario comunicandolo alla Regione, agli Enti erogatori dei servizi di supporto e alle famiglie, fermo restando l\u2019obbligo di garantire 200 giorni minimi di attivit\u00e0 scolastica. Anche in questo calendario, la Regione ha previsto le \u201cGiornate dello Sport\u201d che si terranno il 27, 28, 29 febbraio 2020, di seguito alle vacanze di Carnevale. In questa circostanza gli istituti potranno programmare iniziative finalizzate ad approfondire gli aspetti educativi dell\u2019attivit\u00e0 sportiva e diffondere la conoscenza delle varie discipline praticate nel territorio. Sono previste, inoltre, la Giornata della Legalit\u00e0 per il 20 marzo 2020 e quella della Musica per il precedente 4 marzo. \u201cLe giornate dedicate in calendario sono un contributo ed un\u2019opportunit\u00e0 per l\u2019offerta formativa d\u2019ogni istituto che potr\u00e0 organizzarle in autonomia &#8211; sottolinea l\u2019assessore alla Scuola -. Per quelle dello sport, come \u00e8 gi\u00e0 avvenuto con successo negli ultimi anni, tramite l\u2019Ufficio scolastico, la Regione stanzier\u00e0 risorse specifiche. Non si tratta di giorni dedicati al tempo libero in un\u2019ottica ricreativa, infatti, ma di veri e propri giorni di attivit\u00e0 educativa imperniati sui valori formativi dello sport. Analogamente non \u00e8 secondario l\u2019alto valore formativo che ha la giornata della musica sensibilizzando all\u2019attivit\u00e0 musicale e coreutica e quella della legalit\u00e0, occasione pensata per approfondire tematiche che favoriscono l\u2019educazione al rispetto della legalit\u00e0, appunto, e al senso civico\u201d<\/p>\n<p>&nbsp;<\/p>\n<p>&nbsp;<\/p>\n<p>&nbsp;<\/p>\n<h3>CONTRIBUTI ALLE SAGRE PER SMALTIMENTO RIFIUTI. UN SEGNO DI ATTENZIONE PER CHI PUNTA SULLA RACCOLTA DIFFERENZIATA<\/h3>\n<p><strong><a class=\"dt-pswp-item\" href=\"http:\/\/www.radiopiu.net\/wordpress\/wp-content\/uploads\/2019\/04\/IMG-20190419-WA0026.jpg\" data-dt-img-description=\"\" data-large_image_width=\"1288\" data-large_image_height=\"966\"><img loading=\"lazy\" decoding=\"async\" class=\"alignleft wp-image-83286\" src=\"http:\/\/www.radiopiu.net\/wordpress\/wp-content\/uploads\/2019\/04\/IMG-20190419-WA0026-300x225.jpg\" alt=\"\" width=\"241\" height=\"181\" srcset=\"https:\/\/www.radiopiu.net\/wordpress\/wp-content\/uploads\/2019\/04\/IMG-20190419-WA0026-300x225.jpg 300w, https:\/\/www.radiopiu.net\/wordpress\/wp-content\/uploads\/2019\/04\/IMG-20190419-WA0026-768x576.jpg 768w, https:\/\/www.radiopiu.net\/wordpress\/wp-content\/uploads\/2019\/04\/IMG-20190419-WA0026-1024x768.jpg 1024w, https:\/\/www.radiopiu.net\/wordpress\/wp-content\/uploads\/2019\/04\/IMG-20190419-WA0026.jpg 1288w\" sizes=\"auto, (max-width: 241px) 100vw, 241px\" \/><\/a>VENEZIA<\/strong>\u00a0 \u201cCon l\u2019obiettivo di coinvolgere i cittadini nelle buone pratiche di gestione dei rifiuti, abbiamo ritenuto opportuno avviare alcune iniziative dedicate all\u2019intera popolazione regionale, con particolare riguardo agli organizzatori di sagre, che nel nostro territorio costituiscono un\u2019importante luogo di aggregazione\u201d. Lo afferma l\u2019assessore all\u2019ambiente della Regione del Veneto, annunciando l\u2019approvazione di un bando, deliberato dalla Giunta su sua proposta, che prevede contributi per uno smaltimento accorto dei rifiuti.\u00a0 \u201cOltre che per la grande affluenza di pubblico \u2013 prosegue l\u2019assessore \u2013, eventi come le sagre sono infatti importanti anche per il numero di addetti all\u2019organizzazione e per il vario target di soggetti cui ci si rivolge nel medesimo luogo. Con questo bando abbiamo, pertanto, deciso di sostenere una cultura dell\u2019attenzione nello smaltimento dei rifiuti, prevedendo contributi fino a mille euro a favore degli organizzatori di sagre e feste aperte al pubblico, nella misura in cui contribuiranno alla riduzione della produzione di rifiuti solidi urbani, ma anche a favore di soggetti che svolgono attivit\u00e0 di ristorazione nelle mense di enti pubblici o privati, nelle mense scolastiche, negli ospedali e nei luoghi di cura\u201d. Potr\u00e0 accedere al contributo chi far\u00e0 utilizzo di stoviglie riutilizzabili, somministrazione di cibi e bevande sfusi e privi di imballaggio primario o distribuiti con vuoti a rendere e chi utilizzer\u00e0 stoviglie biodegradabili e compostabili qualora non sia possibile il ricorso a stoviglie riutilizzabili. Ovviamente la concessione dei contributi sar\u00e0 condizionata all\u2019effettuazione della raccolta differenziata dei rifiuti prodotti nella rispettiva attivit\u00e0 di ristorazione, secondo le modalit\u00e0 definite dal comune del territorio di competenza. Le domande di contributo dovranno essere trasmesse entro 30 giorni dalla data di pubblicazione nel Bollettino Ufficiale della Regione Veneto alla Direzione Ambiente, a cui ci si potr\u00e0 rivolgere anche per ulteriori informazioni in merito ai contenuti del bando (041.2792143 &#8211; ambiente@regione.veneto.it). \u201cIl Veneto \u00e8 gi\u00e0 leader nazionale a livello di raccolta differenziata, ma non ci basta \u2013 conclude l\u2019assessore \u2013: con iniziative come questa puntiamo a consolidare il primato e ad aumentare ulteriormente le percentuali di raccolta, gi\u00e0 peraltro\u00a0eccellenti e quasi 20 punti superiori alla media nazionale\u201d.<\/p>\n<p>&nbsp;<\/p>\n<p>&nbsp;<\/p>\n<p>&nbsp;<\/p>\n<p>&nbsp;<\/p>\n<h3>\u00c8 ON LINE IL NUOVO DOCU-FILM \u201cBELLUNO ALZA LA VOCE\u201d IL MAKING OF DELL&#8217;EVENTO AL TEATRO COMUNALE<\/h3>\n<p><a class=\"dt-pswp-item\" href=\"http:\/\/www.radiopiu.net\/wordpress\/wp-content\/uploads\/2019\/04\/Belluno-Alza-la-Voce.jpg\" data-dt-img-description=\"\" data-large_image_width=\"1920\" data-large_image_height=\"1080\"><img loading=\"lazy\" decoding=\"async\" class=\"alignleft wp-image-83556 size-full\" src=\"http:\/\/www.radiopiu.net\/wordpress\/wp-content\/uploads\/2019\/04\/Belluno-Alza-la-Voce.jpg\" alt=\"\" width=\"1920\" height=\"1080\" srcset=\"https:\/\/www.radiopiu.net\/wordpress\/wp-content\/uploads\/2019\/04\/Belluno-Alza-la-Voce.jpg 1920w, https:\/\/www.radiopiu.net\/wordpress\/wp-content\/uploads\/2019\/04\/Belluno-Alza-la-Voce-300x169.jpg 300w, https:\/\/www.radiopiu.net\/wordpress\/wp-content\/uploads\/2019\/04\/Belluno-Alza-la-Voce-768x432.jpg 768w, https:\/\/www.radiopiu.net\/wordpress\/wp-content\/uploads\/2019\/04\/Belluno-Alza-la-Voce-1024x576.jpg 1024w\" sizes=\"auto, (max-width: 1920px) 100vw, 1920px\" \/><\/a><\/p>\n<p><strong>BELLUNO\u00a0<\/strong> Belluno alza, ancora, la voce. Lo fa grazie al nuovo docu-film \u201cCSVlog\u201d, ultima realizzazione del laboratorio Inquadrati del Csv Belluno. Esso \u00e8 nato per valorizzare gli oltre 50 artisti del volontariato bellunese che hanno unito voci e strumenti con l&#8217;obiettivo comune di aiutare la loro citt\u00e0 a ripartire.<br \/>\n&#8220;Belluno alza la voce. Volontariato e musica per rinascere&#8221; \u00e8 il frutto delle riprese realizzate il 31 gennaio 2019 presso il Teatro Comunale di Belluno in occasione dell\u2019evento \u201cAlziamo la voce\u201d, in cui sono stati presentati ufficialmente il progetto e la canzone, nati a seguito della calamit\u00e0 di fine ottobre. I ricavati della serata sono stati interamente devoluti alla ricostruzione del Parco fluviale di Lambioi grazie al <a class=\"dt-pswp-item\" href=\"http:\/\/www.radiopiu.net\/wordpress\/wp-content\/uploads\/2019\/04\/Belluno-Alza-la-Voce-3.jpg\" data-dt-img-description=\"\" data-large_image_width=\"1920\" data-large_image_height=\"1080\"><img loading=\"lazy\" decoding=\"async\" class=\" wp-image-83557 alignright\" src=\"http:\/\/www.radiopiu.net\/wordpress\/wp-content\/uploads\/2019\/04\/Belluno-Alza-la-Voce-3-300x169.jpg\" alt=\"\" width=\"179\" height=\"100\" srcset=\"https:\/\/www.radiopiu.net\/wordpress\/wp-content\/uploads\/2019\/04\/Belluno-Alza-la-Voce-3-300x169.jpg 300w, https:\/\/www.radiopiu.net\/wordpress\/wp-content\/uploads\/2019\/04\/Belluno-Alza-la-Voce-3-768x432.jpg 768w, https:\/\/www.radiopiu.net\/wordpress\/wp-content\/uploads\/2019\/04\/Belluno-Alza-la-Voce-3-1024x576.jpg 1024w, https:\/\/www.radiopiu.net\/wordpress\/wp-content\/uploads\/2019\/04\/Belluno-Alza-la-Voce-3.jpg 1920w\" sizes=\"auto, (max-width: 179px) 100vw, 179px\" \/><\/a>supporto del Comitato Gocce di Sole Onlus, organizzatore dell\u2019evento, in collaborazione con il team di \u201cAlziamo la Voce\u201d, la Fondazione Teatri delle Dolomiti e con il patrocinio della Provincia di Belluno e del Comune di Belluno. Nel video, i messaggi degli ospiti del gruppo Elio e le storie tese: Rocco Tanica &#8211; sostenitore del grande \u201caccordo maggiore\u201d dei volontari in aiuto agli altri &#8211; e un appello di Elio che, col suo mood ironico, invita i giovani a entrare nel mondo del volontariato. Poi le interviste ad Alessandro Casol, Davide de Faveri , Giampaolo Rossi \u2013 tra le menti del progetto \u2013 e a monsignor Renato Marangoni, vescovo di Belluno. Le fotografie sono di Matteo Crema; regia, riprese e montaggio di Roberto Bristot, Lorenzo Giannone ed Emanuele Bunetto.<\/p>\n<p><iframe loading=\"lazy\" title=\"Belluno Alza la Voce - Volontariato e Musica per rinascere\" width=\"1200\" height=\"675\" src=\"https:\/\/www.youtube.com\/embed\/JC1k45ue-10?feature=oembed\" frameborder=\"0\" allow=\"accelerometer; autoplay; encrypted-media; gyroscope; picture-in-picture\" allowfullscreen><\/iframe><\/p>\n<blockquote><p><strong>BELLUNO<\/strong> Oggi, alle 11.30 in Sala Giunta di Palazzo Rosso si terr\u00e0 la conferenza stampa per la donazione dell&#8217;incasso della vendita online e &#8220;fisica&#8221; del brano &#8220;Alziamo la voce&#8221;. Saranno presenti il Sindaco, Jacopo Massaro; l&#8217;assessore Valentina Tomasi; Davide De Faveri, Alessandro Casol, Andrea Albano e altri artisti del gruppo Belluno Alza La Voce; Manuela Selvestrel, del Comitato Gocce di Sole.<\/p><\/blockquote>\n<p>&nbsp;<\/p>\n<p>&nbsp;<\/p>\n<p>&nbsp;<\/p>\n<h2>AL VIA I LAVORI LUNGO LE MURA RINASCIMENTALI<\/h2>\n<p><strong><a class=\"dt-pswp-item\" href=\"http:\/\/www.radiopiu.net\/wordpress\/wp-content\/uploads\/2018\/10\/Hackathon-Rurale-SIparte-Feltre-4-e-5-ottobre-2018-3.jpeg\" data-dt-img-description=\"\" data-large_image_width=\"1024\" data-large_image_height=\"477\"><img loading=\"lazy\" decoding=\"async\" class=\"alignleft wp-image-62965\" src=\"http:\/\/www.radiopiu.net\/wordpress\/wp-content\/uploads\/2018\/10\/Hackathon-Rurale-SIparte-Feltre-4-e-5-ottobre-2018-3-300x140.jpeg\" alt=\"\" width=\"242\" height=\"113\" srcset=\"https:\/\/www.radiopiu.net\/wordpress\/wp-content\/uploads\/2018\/10\/Hackathon-Rurale-SIparte-Feltre-4-e-5-ottobre-2018-3-300x140.jpeg 300w, https:\/\/www.radiopiu.net\/wordpress\/wp-content\/uploads\/2018\/10\/Hackathon-Rurale-SIparte-Feltre-4-e-5-ottobre-2018-3-768x358.jpeg 768w, https:\/\/www.radiopiu.net\/wordpress\/wp-content\/uploads\/2018\/10\/Hackathon-Rurale-SIparte-Feltre-4-e-5-ottobre-2018-3.jpeg 1024w\" sizes=\"auto, (max-width: 242px) 100vw, 242px\" \/><\/a>FELTRE\u00a0<\/strong> Parte oggi l\u2019annunciato intervento di contenimento e pulizia della vegetazione infestante presente sulle mura storiche, da Largo Castaldi fino a Via Crispi, del percorso della Sentinella e delle Scalette Nuove.\u00a0 L\u2019intervento sar\u00e0 realizzato da un\u2019azienda specializzata, leader nel settore, che utilizzer\u00e0 per il contenimento delle infestanti un prodotto tecnico speciale, denominato \u201cUrban Weed\u201d, a base di acido acetico 82% (complessato da pongamia, disaccaridi, idrolizzati proteici, polidrossiacidi e saponine naturali). Tale prodotto esplica un\u2019azione antitraspirante e di regolarizzazione della crescita della vegetazione erbacea indesiderata. Non \u00e8 un prodotto fitosanitario, di conseguenza non comporta l\u2019isolamento dell\u2019area trattata e non ha tempo di rientro. Tale trattamento ha inoltre i seguenti vantaggi -disseccamento della vegetazione trattata; -utilizzo puntiforme del prodotto impiegato, con conseguente riduzione del consumo e della dispersione dello stesso nell\u2019ambiente; -rimozione della vegetazione a seguito del completo disseccamento. Gli interventi saranno interrotti in occasione del mercato settimanale del marted\u00ec e del venerd\u00ec mattina, al fine di non intralciare il regolare svolgimento del mercato stesso. \u201cCome annunciato alcune settimane fa, abbiamo deciso di avviare celermente i lavori di ripulitura e manutenzione delle mura rinascimentali della citt\u00e0, resi possibili anche grazie ad un sostanzioso contributo ricevuto dal Consorzio Bim Piave pari a 60 mila euro ed integrato con fondi del Comune. Parallelamente a quanto detto nei giorni scorsi anche in merito al corretto smaltimento dei rifiuti domestici e di quelli derivanti dalla manutenzione delle aree verdi, siamo impegnati in un\u2019attivit\u00e0 complessiva per il decoro della nostra citt\u00e0 che riguarda, naturalmente, anche il suo straordinario patrimonio architettonico e urbanistico\u201d, commenta l\u2019assessore Adis Zatta. \u201cCoerenti con le scelte sull\u2019attivit\u00e0 di diserbo (che da tempo esclude l\u2019utilizzo di sostanze chimiche) abbiamo individuato per i lavori sulle varie parti della cinta muraria un\u2019azienda in grado di garantire un lavoro puntuale e rispettoso dell\u2019ambiente naturale. L\u2019intervento \u2013 conclude Zatta \u2013 durer\u00e0 per qualche tempo con alcune necessarie pause tecniche; al termine potremo ammirare la \u201ccornice\u201d della cittadella riportata al suo splendore.\u201d<\/p>\n<p>&nbsp;<\/p>\n<p>&nbsp;<\/p>\n<p>&nbsp;<\/p>\n<p>&nbsp;<\/p>\n<h2>MUSICISTI SULLA LUNA, APPLAUSI STELLARI<\/h2>\n<p><strong><a class=\"dt-pswp-item\" href=\"http:\/\/www.radiopiu.net\/wordpress\/wp-content\/uploads\/2019\/04\/DSC_9326.jpg\" data-dt-img-description=\"\" data-large_image_width=\"1800\" data-large_image_height=\"1204\"><img loading=\"lazy\" decoding=\"async\" class=\"alignleft wp-image-83563\" src=\"http:\/\/www.radiopiu.net\/wordpress\/wp-content\/uploads\/2019\/04\/DSC_9326-300x201.jpg\" alt=\"\" width=\"258\" height=\"173\" srcset=\"https:\/\/www.radiopiu.net\/wordpress\/wp-content\/uploads\/2019\/04\/DSC_9326-300x201.jpg 300w, https:\/\/www.radiopiu.net\/wordpress\/wp-content\/uploads\/2019\/04\/DSC_9326-768x514.jpg 768w, https:\/\/www.radiopiu.net\/wordpress\/wp-content\/uploads\/2019\/04\/DSC_9326-1024x685.jpg 1024w, https:\/\/www.radiopiu.net\/wordpress\/wp-content\/uploads\/2019\/04\/DSC_9326.jpg 1800w\" sizes=\"auto, (max-width: 258px) 100vw, 258px\" \/><\/a>FELTRE.-<\/strong> Applausi al saggio annuale che \u00e8 stato allestito e proposto dai ragazzi dell\u2019indirizzo musicale della Scuola media \u201cUgo Foscolo\u201d di Sedico: il numeroso pubblico che ha gremito, in ogni ordine di posti, il teatro delle Canossiane di Feltre, ha avuto la possibilit\u00e0 di passare una piacevolissima serata, apprezzando la coralit\u00e0 e l\u2019entusiasmo con cui i ragazzi, magistralmente accompagnati dai loro insegnanti, hanno messo in scena un vero e proprio spettacolo musicale. Tema della serata il cinquantesimo anniversario della missione che permise di mettere piede sulla Luna, con i giovani musicisti che hanno ragionato e scherzato sul tema del viaggio, della conquista, di cosa significhi essere degli alieni per loro oggi. Ad alternarsi sul palco sono state due orchestre, che hanno proposto diversi brani alternati da filmati, doppiati in molti casi dagli stessi alunni e dai loro professori. Tra i brani che sono stati proposti dai ragazzi celebri colonne sonore oltre a pezzi molti famosi. I ragazzi, che hanno suonato pianoforte, chitarre, clarinetti e percussioni, sono stati guidati dagli insegnanti dell\u2019indirizzo musicale Cristina Costan Zovi, Alberto Opalio, Stefano Funes, Giuseppina Sabatini e Fabio Reolon. Alcuni brani famosi hanno visto anche l\u2019interpretazione canora sia dei ragazzi dell\u2019indirizzo musicale che di ragazzi selezionati di altre classi della scuola media \u201cFoscolo\u201d; uno dei brani \u00e8 stato interpretato anche dal professor Stefano Schirosi.<\/p>\n<p>&nbsp;<\/p>\n<p>&nbsp;<\/p>\n<p>&nbsp;<\/p>\n<h2><a class=\"dt-pswp-item\" href=\"http:\/\/www.radiopiu.net\/wordpress\/wp-content\/uploads\/2019\/04\/download-9.jpg\" data-dt-img-description=\"\" data-large_image_width=\"264\" data-large_image_height=\"191\"><img loading=\"lazy\" decoding=\"async\" class=\"alignleft size-full wp-image-83587\" src=\"http:\/\/www.radiopiu.net\/wordpress\/wp-content\/uploads\/2019\/04\/download-9.jpg\" alt=\"\" width=\"264\" height=\"191\" \/><\/a>25 APRILE AD AGORDO<\/h2>\n<p><strong>DI GIANNI SANTOMASO<\/strong><\/p>\n<audio class=\"wp-audio-shortcode\" id=\"audio-83559-1\" preload=\"none\" style=\"width: 100%;\" controls=\"controls\"><source type=\"audio\/mpeg\" src=\"http:\/\/www.radiopiu.net\/wordpress\/wp-content\/uploads\/2019\/04\/GIANNI-3.mp3?_=1\" \/><a href=\"http:\/\/www.radiopiu.net\/wordpress\/wp-content\/uploads\/2019\/04\/GIANNI-3.mp3\">http:\/\/www.radiopiu.net\/wordpress\/wp-content\/uploads\/2019\/04\/GIANNI-3.mp3<\/a><\/audio>\n<p>&nbsp;<\/p>\n<p>&nbsp;<\/p>\n<p>&nbsp;<\/p>\n<p>&nbsp;<\/p>\n<h2>25 APRILE A FELTRE<\/h2>\n<p>Domani\u00a0 si celebra il 74^ Anniversario della Liberazione. Il Comune di Feltre propone, come ogni anno, una sfilata per le vie della citt\u00e0 accompagnata dalla Banda \u201cCitt\u00e0 di Feltre\u201d, con partenza da Piazza Isola alle ore 10.15 (raduno alle ore 10.00) e arrivo al Monumento dei Caduti alle ore 10.30. Qui avranno luogo le celebrazioni ufficiali con l&#8217;alzabandiera e la deposizione della corona. Dopo il saluto delle autorit\u00e0, la cerimonia si concluder\u00e0 con un momento di preghiera. La manifestazione si terr\u00e0 anche in caso di maltempo Alle ore 11.15, nell&#8217;Aula Magna dell&#8217;Istituto Carenzoni, Giovanni Perenzin presenter\u00e0 il libro \u201cPartigiano! Alpino e emigrante\u201d di Gian Luigi Corso. Si segnala, come iniziativa correlata alla celebrazione dell&#8217;Anniversario della Liberazione, il racconto \u201cControvento \u2013 la vita interrotta di Guido Rossa\u201d, a cura dei lettori del gruppo teatrale \u201cI Fuori di Quinta\u201d, che si svolger\u00e0 mercoled\u00ec 24 aprile alle 20.30 al Casel di Celarda.<\/p>\n<p>&nbsp;<\/p>\n<p>&nbsp;<\/p>\n<p>&nbsp;<\/p>\n<h3>AUGURI DE ROSSI! IN MEZZO SECOLO \u201cSFORNATI\u201d PROFESSIONISTI\/E CHE SI SONO FATTI ONORE<\/h3>\n<p><strong>FALCADE<\/strong>\u00a0L\u2019Istituto d\u2019Istruzione Superiore Follador De Rossi di Agordo e Falcade (scuola e convitto) si prepara a festeggiare i 50 anni dell\u2019alberghiero di Falcade, la festa il prossimo 3 maggio alle 10.30 al palazzetto Dolomiti (vino alla scuola). Una mattinata per ricordare un\u2019importante storia iniziata nel 1969.<\/p>\n<p>&nbsp;<\/p>\n<p>&nbsp;<\/p>\n<div class=\"articlePlainTitle\"><\/div>\n<h2>NEL RICORDO DI DON SIRIO<\/h2>\n<div class=\"articlePlainText\"><strong><a class=\"dt-pswp-item\" href=\"http:\/\/www.radiopiu.net\/wordpress\/wp-content\/uploads\/2019\/04\/download-10.jpg\" data-dt-img-description=\"\" data-large_image_width=\"241\" data-large_image_height=\"209\"><img loading=\"lazy\" decoding=\"async\" class=\"alignleft wp-image-83589\" src=\"http:\/\/www.radiopiu.net\/wordpress\/wp-content\/uploads\/2019\/04\/download-10.jpg\" alt=\"\" width=\"187\" height=\"162\" \/><\/a>CANALE D&#8217;AGORDO.<\/strong> Canale e Vallada non hanno dimenticato don Sirio Da Corte, l&#8217;amato pastore e guida spirituale delle due comunit\u00e0 dal 2000 al 2008. Nel terzo anniversario della sua prematura morte, avvenuta il 28 aprile 2016 al Nevegal dove era rettore del santuario, le due parrocchie, con la Pro loco di Canale e il Museo Luciani, invitano ad un incontro in sua memoria venerd\u00ec alle 20.30 nella sala ex emigranti di via Lotta. Interverranno il presidente della Pro loco, Vigilio Costa, don Bruno De Lazzer, parroco di Caviola, Liana Cavallet di Vallada, Loris Serafini direttore del Musal e i rappresentanti dei due Comuni.Sar\u00e0 un momento di ricordo improntato alla semplicit\u00e0 propria di don Sirio; verranno proiettati anche due filmati dei commenti al Vangelo che don Sirio faceva a Telebelluno.<\/div>\n<div>\n<div><strong>LO SPECIALE ALLA RADIO DI GIANNI SANTOMASO con Liana Cavallet e Loris Serafini<\/strong><\/div>\n<audio class=\"wp-audio-shortcode\" id=\"audio-83559-2\" preload=\"none\" style=\"width: 100%;\" controls=\"controls\"><source type=\"audio\/mpeg\" src=\"http:\/\/www.radiopiu.net\/wordpress\/wp-content\/uploads\/2019\/04\/02_Rassegna-Adp-19_04_19-Liana-Cavallet-e-Loris-Serafini.mp3?_=2\" \/><a href=\"http:\/\/www.radiopiu.net\/wordpress\/wp-content\/uploads\/2019\/04\/02_Rassegna-Adp-19_04_19-Liana-Cavallet-e-Loris-Serafini.mp3\">http:\/\/www.radiopiu.net\/wordpress\/wp-content\/uploads\/2019\/04\/02_Rassegna-Adp-19_04_19-Liana-Cavallet-e-Loris-Serafini.mp3<\/a><\/audio>\n<p>&nbsp;<\/p>\n<\/div>\n<p>&nbsp;<\/p>\n<h2><\/h2>\n<h2>L&#8217;OMAGGIO ALLE CAMPIONESSE D&#8217;ITALIA<\/h2>\n<p><strong>ALLEGHE <\/strong>Oggi\u00a0 alle 18.30 il consiglio comunale di Alleghe consegner\u00e0 alla squadra femminile di hockey su ghiaccio una targa per la vittoria del campionato nazionale di serie A. La cerimonia nella sala consigliare del Municipio. IL SINDACO SIRO DE BIASIO<\/p>\n<audio class=\"wp-audio-shortcode\" id=\"audio-83559-3\" preload=\"none\" style=\"width: 100%;\" controls=\"controls\"><source type=\"audio\/mpeg\" src=\"http:\/\/www.radiopiu.net\/wordpress\/wp-content\/uploads\/2019\/04\/SIRO.mp3?_=3\" \/><a href=\"http:\/\/www.radiopiu.net\/wordpress\/wp-content\/uploads\/2019\/04\/SIRO.mp3\">http:\/\/www.radiopiu.net\/wordpress\/wp-content\/uploads\/2019\/04\/SIRO.mp3<\/a><\/audio>\n<h3>IL CONSIGLIO COMUNALE VARA IL REGOLAMENTO PER LA VIDEO SORVEGLIANZA<\/h3>\n<p><strong>RIVAMONTE<\/strong> Tre soli punti all&#8217;ordine del giorno del consiglio comunale convocato per\u00a0 oggi\u00a0 \u00a0alle 19, in primo piano l&#8217;approvazione del rendiconto della gestione 2018, variazioni al bilancio di previsione e l&#8217;approvazione del regolamento sulla video sorveglianza.<\/p>\n<h3 dir=\"auto\">FESTA DELLA LIBERAZIONE IN MUNICIPIO<\/h3>\n<div dir=\"auto\"><strong>COLLE SANTA LUCIA<\/strong> Domani consiglio comunale a Colle Santa Lucia, alle 8 di mattina nonostante il giorno di festa nel ricordo della Liberazione. All&#8217;ordine del giorno la terza variazione al bilancio, l&#8217;approvazione di alcune convenzioni, il contributo per la messa in sicurezza di scuole, strade, edifici pubblici e patrimonio comunale. In chiusura del comunicazioni del sindaco Paolo Frena.<\/div>\n<div dir=\"auto\"><\/div>\n<div dir=\"auto\"><\/div>\n<div dir=\"auto\"><\/div>\n<div dir=\"auto\">\n<h2><strong>RUNNING PER TUTTE LE ETA\u2019<\/strong><\/h2>\n<blockquote><p><em><strong>Lezione allenamento e convegno con Endrizzi venerd\u00ec 26 aprile<\/strong><\/em><\/p><\/blockquote>\n<p><b>FELTRE <\/b>Venerd\u00ec 26 aprile il tecnico federale FIDAL Piero Endrizzi sar\u00e0 a Feltre per una lezione dimostrativa e un incontro sul running. L\u2019evento \u201cRunning per tutte le et\u00e0. Iniziare a correre per continuare a correre\u201d \u00e8 frutto della sinergia fra ANA ATLETICA FELTRE, ASSOCIAZIONE GIRO DELLE MURA\u00a0 e ULSS N. 1 Dolomiti. Per l&#8217;ANA ATL. FELTRE l&#8217;iniziativa \u00e8 una delle tante attivit\u00e0 che la societ\u00e0 sta mettendo in cantiere per sviluppare un progetto che riguarda il Running, un ambito dove l&#8217;ASSOCIAZIONE GIRO DELLE MURA da diversi decenni \u00e8 protagonista importante nell&#8217;organizzazione di eventi agonistici e promozionali. L&#8217;Ulss n. 1 Dolomiti, anche in questa occasione, \u00e8 partner molto attivo proponendosi istituzionalmente con un programma che riconosce alla attivit\u00e0 fisica e sportiva un ruolo fondamentale per la tutela della salute e del benessere psicofisico.\u00a0 Il programma prevede l\u2019accredito dei partecipanti alle 16.30 allo stadio Zugni Tauro. Alle 17.00 inizia la lezione dimostrativa sull\u2019allenamento delle capacit\u00e0 propriocettive, il controllo motorio e il rafforzamento muscolare in Zreparazione della corsa di endurance. In caso di maltempo la lezione si terr\u00e0 nell\u2019adiacente palestra. Alle 18.30 nella sala convegni dell\u2019ospedale di Feltre ci sar\u00e0 un incontro aperto a tutti con Endrizzi dal titolo \u201cAllenare: quello che \u00e8 utile e non quello che \u00e8 comodo\u201d.<\/p>\n<\/div>\n<p>&nbsp;<\/p>\n<p>&nbsp;<\/p>\n<p>&nbsp;<\/p>\n<h3>EDITORIA, LE PAROLE DI LISA<\/h3>\n<p><strong>AGORDO.<\/strong> Approda nella pubblicazione di un libro la positiva esperienza che la consulente filosofica Lisa De Luca sta proponendo ad Agordo attraverso corsi, laboratori, conferenze che hanno via via interessato e coinvolto un numero sempre maggiore di adulti e ultimamente anche di bambini, in un campo di studio impegnativo come quello della filosofia. S\u2019intitola \u00abParole\u00bb, il suo primo libro, edito da Effigi di Grosseto, che sar\u00e0 presentato venerd\u00ec alle 18, nella saletta della Biblioteca Civica di Agordo, con il patrocinio del Circolo Culturale Agordino. \u00abChe cos\u2019\u00e8, davvero e in fondo, la parola?\u00bb, si chiede l\u2019autrice, rispondendo che \u00abNelle parole \u00e8 \u201cnascosto un segreto\u201d e questo \u00e8 un viaggio alla scoperta delle potenzialit\u00e0 delle parole e del linguaggio come strumenti di conoscenza e cambiamento\u00bb.<\/p>\n<p>&nbsp;<\/p>\n<p>&nbsp;<\/p>\n<p>&nbsp;<\/p>\n<p>&nbsp;<\/p>\n<h2><a class=\"dt-pswp-item\" href=\"http:\/\/www.radiopiu.net\/wordpress\/wp-content\/uploads\/2018\/09\/appuntamenti.jpeg\" data-dt-img-description=\"\" data-large_image_width=\"800\" data-large_image_height=\"100\"><img loading=\"lazy\" decoding=\"async\" class=\"alignnone wp-image-61958 size-full\" src=\"http:\/\/www.radiopiu.net\/wordpress\/wp-content\/uploads\/2018\/09\/appuntamenti.jpeg\" alt=\"\" width=\"800\" height=\"100\" srcset=\"https:\/\/www.radiopiu.net\/wordpress\/wp-content\/uploads\/2018\/09\/appuntamenti.jpeg 800w, https:\/\/www.radiopiu.net\/wordpress\/wp-content\/uploads\/2018\/09\/appuntamenti-300x38.jpeg 300w, https:\/\/www.radiopiu.net\/wordpress\/wp-content\/uploads\/2018\/09\/appuntamenti-768x96.jpeg 768w\" sizes=\"auto, (max-width: 800px) 100vw, 800px\" \/><\/a><\/h2>\n<p>&nbsp;<\/p>\n<p>&nbsp;<\/p>\n<div dir=\"auto\">\n<h2>BRETELLE LASCHE NEL RICORDO DI MIRCO GAIO<\/h2>\n<p><strong>BELLUNO<\/strong> The show must go on \u00e8 il titolo dello spettacolo &#8220;Il sorriso dietro la scena&#8221;\u00a0 che la compagnia teatrale Bretelle Lasche metter\u00e0 in scena sabato 27 aprile al Teatro Comunale di Belluno con la regia di Chiara Becchimanzi, per ricordare Mirco Gaio, il sorriso dietro la scena, il compianto amico e scenografo della compagnia. L&#8217;incasso sar\u00e0 devoluto in beneficienza per le spese di una terapia riabilitativa di un bimbo residente a Belluno, affetto da una grave deficit del neuro-sviluppo. Info www.bretellelasche.it<\/p>\n<\/div>\n<div style=\"width: 640px;\" class=\"wp-video\"><video class=\"wp-video-shortcode\" id=\"video-83559-2\" width=\"640\" height=\"360\" preload=\"metadata\" controls=\"controls\"><source type=\"video\/mp4\" src=\"http:\/\/www.radiopiu.net\/wordpress\/wp-content\/uploads\/2019\/04\/Auto.mp4?_=2\" \/><a href=\"http:\/\/www.radiopiu.net\/wordpress\/wp-content\/uploads\/2019\/04\/Auto.mp4\">http:\/\/www.radiopiu.net\/wordpress\/wp-content\/uploads\/2019\/04\/Auto.mp4<\/a><\/video><\/div>\n<p>&nbsp;<\/p>\n<div dir=\"auto\">\n<p><strong>SEDICO<\/strong> Colori, sapori e profumi di primavera, \u00e8 il titolo della mostra dell&#8217;agordino Renzo Miola organizzata nella sede del centro anziani di Mas-Peron e dintorni. La mostra viene inaugurata sabato alle 17 e rimarr\u00e0 aperta fino al 12 maggio, nei giorni festivi dalle 10 alle 12 e dalle 15 alle 19, il sabato dalle 15 alle 19. Ingresso libero.<\/p>\n<\/div>\n<div dir=\"auto\"><\/div>\n<div dir=\"auto\"><strong>MEL<\/strong> Fino\u00a0 al 19 maggio Livio Ceschin espone le sue opere su carta al Palazzo delle Contesse. La vernice sabato alle 18, la mostra apre il sabato, la domenica ed i festivi dalle 9 alle 13 e dalle 15 alle 19. Con il patrocinio del Comune Borgo Valbelluna.<\/div>\n<div dir=\"auto\">\n<p>&nbsp;<\/p>\n<p><strong>FRIULI<\/strong> Due artisti agordini espongono le loro opere a Cividale del Friuli, il pittore Lucio Groja e lo scultore Albino Mezzacasa. La rassegna, presentata da Raffaella Ferrari, direttrice artistica della Fondazione e critica d&#8217;arte, rimarr\u00e0 aperta fino al 26 aprile<\/p>\n<p>&nbsp;<\/p>\n<p><strong>AGORDO<\/strong> Sabato 27 aprile alle 20.30 nell&#8217;Auditorium Favretti presso L&#8217;Istituto Minerario &#8220;Follador&#8221; sar\u00e0 presentato il libro Carne da Miniera, storie e stragi degli italiani invisibili nelle miniere del Belgio dal 1946 al 1973. Il patto Italia-Belgio e la storia di centinaia di italiani morti nelle miniere di carbone del Belgio. Sar\u00e0 presente l&#8217;autore Walter Basso.<\/p>\n<p>&nbsp;<\/p>\n<p><strong>BELLUNO<\/strong> Sabato alle 21 nell&#8217;aula magna dell&#8217;Istituto Leonardo Da Vinci il gruppo musicale di Costalta presenta &#8220;Insuda&#8221;, spettacolo di canzoni e poesia, presentazione delle raccolte poetiche Oton Ca da Nol e Nord Est di Claudio Michelazzi, con Dominik Mavric e Gabriele Kratter.<\/p>\n<\/div>\n<div dir=\"auto\"><\/div>\n<div dir=\"auto\"><strong>FIBROMIALGIA <\/strong>In cammino sulla Magna Vai Francigena con partenza il 27 aprile da Palermo e l&#8217;arrivo ad Agrigento il 5 maggio \u00e8 un cammino proposto per sensibilizzare nei confronti dei malati di fibromialgia, la sindrome che consiste in una forma comune di dolore muscolo-scheletrico diffuso e di affaticamento (astenia) che colpisce approssimativamente 1.5 \u2013 2 milioni di Italiani. La referente Aisf della provincia di Belluno Carla Dalla Stella ha fatto sapere che la sezione di Belluno sosterr\u00e0 e sar\u00e0 virtualmente a fianco dei camminatori.<\/div>\n<div dir=\"auto\"><\/div>\n<div dir=\"auto\"><strong>LAMON<\/strong> Quinta rassegna corale voci bianche e giovanili, domenica dalle 9.15 laboratori corali all&#8217;ex asilo, informazioni 335 8292708. Organizzazione consulta Asac di Belluno, in collaborazione con il gruppo polifonico Numeri Atque Voces di Lamon. L&#8217;iniziativa ha lo scopo di promuovere la coralit\u00e0 giovanile e di offrire un momento di gioiosa condivisione.<\/div>\n<div dir=\"auto\"><\/div>\n<div dir=\"auto\"><\/div>\n<h2 style=\"text-align: center;\">1 MAGGIO A FELTRE CON GLI ABBA<\/h2>\n<p><a class=\"dt-pswp-item\" href=\"http:\/\/www.radiopiu.net\/wordpress\/wp-content\/uploads\/2019\/04\/2e4dfbaf-c708-4b14-bf2e-4170279f5708.jpg\" data-dt-img-description=\"\" data-large_image_width=\"423\" data-large_image_height=\"599\"><img loading=\"lazy\" decoding=\"async\" class=\"size-medium wp-image-83497 aligncenter\" src=\"http:\/\/www.radiopiu.net\/wordpress\/wp-content\/uploads\/2019\/04\/2e4dfbaf-c708-4b14-bf2e-4170279f5708-212x300.jpg\" alt=\"\" width=\"212\" height=\"300\" srcset=\"https:\/\/www.radiopiu.net\/wordpress\/wp-content\/uploads\/2019\/04\/2e4dfbaf-c708-4b14-bf2e-4170279f5708-212x300.jpg 212w, https:\/\/www.radiopiu.net\/wordpress\/wp-content\/uploads\/2019\/04\/2e4dfbaf-c708-4b14-bf2e-4170279f5708.jpg 423w\" sizes=\"auto, (max-width: 212px) 100vw, 212px\" \/><\/a><\/p>\n<h2><\/h2>\n<p>&nbsp;<\/p>\n<p>&nbsp;<\/p>\n<p><a class=\"dt-pswp-item\" href=\"http:\/\/www.radiopiu.net\/wordpress\/wp-content\/uploads\/2018\/09\/viabilita.jpeg\" data-dt-img-description=\"\" data-large_image_width=\"800\" data-large_image_height=\"100\"><img loading=\"lazy\" decoding=\"async\" class=\"alignnone size-full wp-image-61954\" src=\"http:\/\/www.radiopiu.net\/wordpress\/wp-content\/uploads\/2018\/09\/viabilita.jpeg\" alt=\"\" width=\"800\" height=\"100\" srcset=\"https:\/\/www.radiopiu.net\/wordpress\/wp-content\/uploads\/2018\/09\/viabilita.jpeg 800w, https:\/\/www.radiopiu.net\/wordpress\/wp-content\/uploads\/2018\/09\/viabilita-300x38.jpeg 300w, https:\/\/www.radiopiu.net\/wordpress\/wp-content\/uploads\/2018\/09\/viabilita-768x96.jpeg 768w\" sizes=\"auto, (max-width: 800px) 100vw, 800px\" \/><\/a><\/p>\n<p><strong>PROVINCIALE 563 DI SALESEI<\/strong> Dal 6 maggio AL 14 giugno\u00a0 In localit\u00e0 Sopracordevole in Comune di Rocca Pietore senso unico alternato con semaforo o movieri e divieto di transito ai mezzi con massa superiore a 7,5 tonellate.<\/p>\n<p><strong>REGIONALE 203 AGORDINA<\/strong> Fino al 6 maggio (esclusi festivi e prefestivi) senso unico alternato regolato da semaforo in localit\u00e0 Rucav\u00e0 (Alleghe) per lavori di messa in sicurezza ciglio stradale<\/p>\n<p><strong>REGIONALE 203 AGORDINA<\/strong> Fino al 3 maggio (esclusi sabato, domenica e festivi infrasettimanali) senso unico alternato regolato da semaforo a monte dell&#8217;abitato di Caprile per lavori di manutenzione del cimitero.<\/p>\n<p><strong>PROVINCIALE 347 DURAN E CEREDA RIPRISTINATA LA CIRCOLAZIONE TRA VENAS E CIBIANA<\/strong><\/p>\n<h1><\/h1>\n<h1><\/h1>\n<h1><\/h1>\n<h2><a class=\"dt-pswp-item\" href=\"http:\/\/www.radiopiu.net\/wordpress\/wp-content\/uploads\/2018\/09\/sport.jpg\" data-dt-img-description=\"\" data-large_image_width=\"800\" data-large_image_height=\"100\"><img loading=\"lazy\" decoding=\"async\" class=\"alignleft wp-image-60761 size-full\" src=\"http:\/\/www.radiopiu.net\/wordpress\/wp-content\/uploads\/2018\/09\/sport.jpg\" alt=\"\" width=\"800\" height=\"100\" srcset=\"https:\/\/www.radiopiu.net\/wordpress\/wp-content\/uploads\/2018\/09\/sport.jpg 800w, https:\/\/www.radiopiu.net\/wordpress\/wp-content\/uploads\/2018\/09\/sport-300x38.jpg 300w, https:\/\/www.radiopiu.net\/wordpress\/wp-content\/uploads\/2018\/09\/sport-768x96.jpg 768w\" sizes=\"auto, (max-width: 800px) 100vw, 800px\" \/><\/a><\/h2>\n<p>&nbsp;<\/p>\n<h2><\/h2>\n<h2><\/h2>\n<h2><\/h2>\n<h2>SPECIALE CAMPIONATO AGORDINO DI CALCIO, DI MARCO GAZ<\/h2>\n<audio class=\"wp-audio-shortcode\" id=\"audio-83559-4\" preload=\"none\" style=\"width: 100%;\" controls=\"controls\"><source type=\"audio\/mpeg\" src=\"http:\/\/www.radiopiu.net\/wordpress\/wp-content\/uploads\/2019\/04\/gr-24-sport-campionato-agordino-calcio-no-sigla.mp3?_=4\" \/><a href=\"http:\/\/www.radiopiu.net\/wordpress\/wp-content\/uploads\/2019\/04\/gr-24-sport-campionato-agordino-calcio-no-sigla.mp3\">http:\/\/www.radiopiu.net\/wordpress\/wp-content\/uploads\/2019\/04\/gr-24-sport-campionato-agordino-calcio-no-sigla.mp3<\/a><\/audio>\n<p>&nbsp;<\/p>\n<h2>DOMANI LA PRIMA DEL CRITERIUM CADORINO<\/h2>\n<p><strong><a class=\"dt-pswp-item\" href=\"http:\/\/www.radiopiu.net\/wordpress\/wp-content\/uploads\/2019\/04\/csi-calalzo-criiterium-cadorino-2018.jpg\" data-dt-img-description=\"\" data-large_image_width=\"1500\" data-large_image_height=\"714\"><img loading=\"lazy\" decoding=\"async\" class=\"alignleft wp-image-83562\" src=\"http:\/\/www.radiopiu.net\/wordpress\/wp-content\/uploads\/2019\/04\/csi-calalzo-criiterium-cadorino-2018-300x143.jpg\" alt=\"\" width=\"273\" height=\"130\" srcset=\"https:\/\/www.radiopiu.net\/wordpress\/wp-content\/uploads\/2019\/04\/csi-calalzo-criiterium-cadorino-2018-300x143.jpg 300w, https:\/\/www.radiopiu.net\/wordpress\/wp-content\/uploads\/2019\/04\/csi-calalzo-criiterium-cadorino-2018-768x366.jpg 768w, https:\/\/www.radiopiu.net\/wordpress\/wp-content\/uploads\/2019\/04\/csi-calalzo-criiterium-cadorino-2018-1024x487.jpg 1024w, https:\/\/www.radiopiu.net\/wordpress\/wp-content\/uploads\/2019\/04\/csi-calalzo-criiterium-cadorino-2018.jpg 1500w\" sizes=\"auto, (max-width: 273px) 100vw, 273px\" \/><\/a>BELLUNO<\/strong> Prender\u00e0 il via\u00a0 domani\u00a0 da Calalzo la 24.ma edizione del Criterium Cadorino di atletica 2019, manifestazione promossa dal comitato di Belluno del Centro sportivo italiano in sinergia con le societ\u00e0 cadorine e valida per la 10.ma edizione del Trofeo Giovanile Riccardo De Martin \u2013 Claudio Del Favero e per la 9. edizione del Memorial Carletto Giacobbi. La gara di Calalzo, organizzata dal locale Gruppo Marciatori, sar\u00e0 su strada e sar\u00e0 valida quale prova unica del Campionato provinciale e prova unica di qualificazione per il Gran premio nazionale di ottobre e Palmanova. Il via \u00e8 previsto per le 9.30. Il 5 maggio poi si garegger\u00e0 a Sottocastello (corsa campestre), il 12 ad Auronzo (corsa in montagna)\u00a0e il 19 a Santo Stefano (campestre). La prova finale si svolger\u00e0 nel pomeriggio di sabato 25 maggio, in pista a Fiames di Cortina. Per approfondimenti si pu\u00f2 consultare il sito www.csibelluno.it.<\/p>\n<p>&nbsp;<\/p>\n<p>&nbsp;<\/p>\n<p>&nbsp;<\/p>\n<p><b><a class=\"dt-pswp-item\" href=\"http:\/\/www.radiopiu.net\/wordpress\/wp-content\/uploads\/2018\/09\/WhatsApp-Image-2018-09-20-at-16.04.06.jpeg\" data-dt-img-description=\"\" data-large_image_width=\"800\" data-large_image_height=\"100\"><img loading=\"lazy\" decoding=\"async\" class=\"wp-image-61378 size-full alignleft\" src=\"http:\/\/www.radiopiu.net\/wordpress\/wp-content\/uploads\/2018\/09\/WhatsApp-Image-2018-09-20-at-16.04.06.jpeg\" alt=\"\" width=\"800\" height=\"100\" srcset=\"https:\/\/www.radiopiu.net\/wordpress\/wp-content\/uploads\/2018\/09\/WhatsApp-Image-2018-09-20-at-16.04.06.jpeg 800w, https:\/\/www.radiopiu.net\/wordpress\/wp-content\/uploads\/2018\/09\/WhatsApp-Image-2018-09-20-at-16.04.06-300x38.jpeg 300w, https:\/\/www.radiopiu.net\/wordpress\/wp-content\/uploads\/2018\/09\/WhatsApp-Image-2018-09-20-at-16.04.06-768x96.jpeg 768w\" sizes=\"auto, (max-width: 800px) 100vw, 800px\" \/><\/a><\/b><\/p>\n<p><center><b>Mercoledi 24<\/b><\/center><b>Tempo atteso: <\/b>Nella notte perturbato. In giornata cielo irregolarmente nuvoloso, con parziali e brevi schiarite alternate a frequenti addensamenti associati a fenomeni meno significativi rispetto a quelli di marted\u00ec. Clima diurno pi\u00f9 mite per avvezione di aria pi\u00f9 calda in quota e per il maggiore contributo di sole.<br \/>\n<b>Precipitazioni: <\/b>Nella notte probabili fenomeni ancora piuttosto diffusi (60\/80%), in attenuazione; in giornata probabilit\u00e0 medio-alta (50\/70%) di rovesci sparsi pi\u00f9 probabili sulle Prealpi al pomeriggio\/sera, specie sui settori pi\u00f9 occidentali. Limite delle deboli nevicate a 2100\/2400 m, pi\u00f9 basso solo in caso di singoli rovesci pi\u00f9 duraturi. Nelle 24 ore sono attesi mediamente 10\/25 mm.<br \/>\n<b>Temperature: <\/b>Minime stazionarie nelle valli, in aumento in quota, massime in aumento. Su Prealpi a 1500 m min 5\u00b0C max 9\u00b0C, a 2000 m min 3\u00b0C max 5\u00b0C. Su Dolomiti a 2000 m min 2\u00b0C max 6\u00b0C, a 3000 m min -4\u00b0C max -2\u00b0C.<br \/>\n<b>Venti: <\/b>Nelle valli deboli meridionali; in quota moderati a tratti tesi dai quadranti meridionali, a 20-30 km\/h a 2000 m, 35-55 km\/h a 3000 m.<\/p>\n<hr \/>\n<p><center><b>Giovedi 25<\/b><\/center><b>Tempo atteso: <\/b>Tempo da variabile a debolmente instabile, con nuvolosit\u00e0 irregolare meno insistente rispetto a mercoled\u00ec, con schiarite pi\u00f9 ampie, alternate a cumuli a sviluppo diurno che potranno dar luogo a qualche fenomeno. Clima diurno mite.<br \/>\n<b>Precipitazioni: <\/b>Nella notte e al mattino possibili deboli e intermittenti, spesso del tutto assenti (20\/40%); al pomeriggio possibili rovesci sparsi (50\/70%), pi\u00f9 probabili sulle Prealpi. Limite delle eventuali deboli nevicate a 2300\/2400 m.<br \/>\n<b>Temperature: <\/b>Minime senza notevoli variazioni, massime in ulteriore contenuto aumento. Su Prealpi a 1500 m min 5\u00b0C max 10\u00b0C, a 2000 m min 3\u00b0C max 6\u00b0C. Su Dolomiti a 2000 m min 2\u00b0C max 7\u00b0C, a 3000 m min -4\u00b0C max -1\u00b0C.<br \/>\n<b>Venti: <\/b>Nelle valli deboli o moderati meridionali; in quota moderati a tratti tesi da Sud Sud-Ovest, a 15-30 km\/h a 2000 m, 40-50 km\/h a 3000 m.<\/p>\n<hr \/>\n<p><center><b>Venerdi 26<\/b><\/center>Da irregolarmente a molto nuvoloso con fenomeni sporadici possibili gi\u00e0 in mattinata, pi\u00f9 diffusi al pomeriggio\/sera, a prevalente carattere di rovescio, localmente intenso; limite della neve in calo da 2200\/2300 m in giornata a 1700\/2000 m alla sera. Temperature in contenuta diminuzione. Venti ancora moderati\/tesi dai quadranti meridionali, in rotazione a Nord alla sera.<\/p>\n<hr \/>\n<p><center><b>Sabato 27<\/b><\/center>Nella notte instabile con rovesci inizialmente diffusi, nevosi a 1600\/1900 m, in attenuazione in mattinata fino a divenire sporadici in giornata, quando si faranno strada schiarite anche ampie. Clima mattutino fresco, pi\u00f9 mite nelle valli di giorno in funzione del soleggiamento. Venti settentrionali anche sostenuti, con possibile Foehn. Previsore: G.M.<\/p>\n","protected":false},"excerpt":{"rendered":"<p>E&#8217; ancora alta l&#8217;attenzione sul caso del pitbull ucciso ad Agordo, ieri Ivan Tormen di Agordo ha raccontato al Corriere delle Alpi che il cane Khaos aveva gi\u00e0 morso senza motivo, lo conferma il certificato medico rilasciato dall&#8217;ospedale di Agordo e da una denuncia presentata pochi giorni dopo. Dario Bond\u00a0 si \u00e8 rivolto al Prefetto&hellip;<\/p>\n","protected":false},"author":1,"featured_media":83473,"comment_status":"closed","ping_status":"closed","sticky":false,"template":"","format":"standard","meta":{"_monsterinsights_skip_tracking":false,"_monsterinsights_sitenote_active":false,"_monsterinsights_sitenote_note":"","_monsterinsights_sitenote_category":0,"footnotes":""},"categories":[86],"tags":[],"class_list":["post-83559","post","type-post","status-publish","format-standard","has-post-thumbnail","hentry","category-gr","category-86","description-off"],"img_url":"https:\/\/www.radiopiu.net\/wordpress\/wp-content\/uploads\/2019\/04\/WhatsApp-Image-2019-04-12-at-22.56.11.jpeg","_links":{"self":[{"href":"https:\/\/www.radiopiu.net\/wordpress\/wp-json\/wp\/v2\/posts\/83559","targetHints":{"allow":["GET"]}}],"collection":[{"href":"https:\/\/www.radiopiu.net\/wordpress\/wp-json\/wp\/v2\/posts"}],"about":[{"href":"https:\/\/www.radiopiu.net\/wordpress\/wp-json\/wp\/v2\/types\/post"}],"author":[{"embeddable":true,"href":"https:\/\/www.radiopiu.net\/wordpress\/wp-json\/wp\/v2\/users\/1"}],"replies":[{"embeddable":true,"href":"https:\/\/www.radiopiu.net\/wordpress\/wp-json\/wp\/v2\/comments?post=83559"}],"version-history":[{"count":0,"href":"https:\/\/www.radiopiu.net\/wordpress\/wp-json\/wp\/v2\/posts\/83559\/revisions"}],"wp:featuredmedia":[{"embeddable":true,"href":"https:\/\/www.radiopiu.net\/wordpress\/wp-json\/wp\/v2\/media\/83473"}],"wp:attachment":[{"href":"https:\/\/www.radiopiu.net\/wordpress\/wp-json\/wp\/v2\/media?parent=83559"}],"wp:term":[{"taxonomy":"category","embeddable":true,"href":"https:\/\/www.radiopiu.net\/wordpress\/wp-json\/wp\/v2\/categories?post=83559"},{"taxonomy":"post_tag","embeddable":true,"href":"https:\/\/www.radiopiu.net\/wordpress\/wp-json\/wp\/v2\/tags?post=83559"}],"curies":[{"name":"wp","href":"https:\/\/api.w.org\/{rel}","templated":true}]}}