{"id":83620,"date":"2019-04-24T15:48:42","date_gmt":"2019-04-24T13:48:42","guid":{"rendered":"http:\/\/www.radiopiu.net\/wordpress\/?p=83620"},"modified":"2019-04-26T06:12:15","modified_gmt":"2019-04-26T04:12:15","slug":"riparte-il-programma-csv-volontario-anche-tu-per-i-giovani-possibilita-di-esperienze-in-vari-settori","status":"publish","type":"post","link":"https:\/\/www.radiopiu.net\/wordpress\/riparte-il-programma-csv-volontario-anche-tu-per-i-giovani-possibilita-di-esperienze-in-vari-settori\/","title":{"rendered":"RIPARTE IL PROGRAMMA \u201cCSV&#8230; VOLONTARIO ANCHE TU!!!\u201d Per i giovani possibilit\u00e0 di esperienze in vari settori"},"content":{"rendered":"<blockquote>\n<p class=\"western\"><em><span style=\"font-family: Corbel, sans-serif;\">\u00a0Undicesimo compleanno per il programma \u201c<\/span><span style=\"font-family: Corbel, sans-serif;\"><b>Csv.. volontario anche tu!!!<\/b><\/span><span style=\"font-family: Corbel, sans-serif;\">\u201d rivolto ai giovani della provincia.<\/span><\/em><\/p>\n<\/blockquote>\n<p class=\"western\"><span style=\"font-family: Corbel, sans-serif;\"><strong>BELLUNO<\/strong>\u00a0Una tappa importante per l&#8217;opportunit\u00e0 offerta dal <\/span><span style=\"font-family: Corbel, sans-serif;\"><b>Csv Belluno<\/b><\/span><span style=\"font-family: Corbel, sans-serif;\">, in collaborazione con <\/span><span style=\"font-family: Corbel, sans-serif;\"><b>l&#8217;Ufficio scolastico provinciale<\/b><\/span><span style=\"font-family: Corbel, sans-serif;\">. Un <\/span><span style=\"font-family: Corbel, sans-serif;\">insieme di tanti progetti settoriali e localizzati in provincia con un unico obiettivo: far scoprire e apprezzare il mondo del volontariato ai <\/span><span style=\"font-family: Corbel, sans-serif;\"><b>ragazzi tra 16 e 20 anni<\/b><\/span><span style=\"font-family: Corbel, sans-serif;\">, promuovendo in questo modo il ricambio generazionale e la cultura dell&#8217;associazionismo locale.<\/span><\/p>\n<p class=\"western\" align=\"JUSTIFY\"><span style=\"color: #000000;\"><span style=\"font-family: Corbel, sans-serif;\"><span style=\"font-size: medium;\"><a class=\"dt-pswp-item\" href=\"http:\/\/www.radiopiu.net\/wordpress\/wp-content\/uploads\/2019\/04\/Csv-volontario-anche-tu.jpg\" data-dt-img-description=\"\" data-large_image_width=\"3305\" data-large_image_height=\"2481\"><img loading=\"lazy\" decoding=\"async\" class=\"alignleft wp-image-83621 size-large\" src=\"http:\/\/www.radiopiu.net\/wordpress\/wp-content\/uploads\/2019\/04\/Csv-volontario-anche-tu-1024x769.jpg\" alt=\"\" width=\"1024\" height=\"769\" srcset=\"https:\/\/www.radiopiu.net\/wordpress\/wp-content\/uploads\/2019\/04\/Csv-volontario-anche-tu-1024x769.jpg 1024w, https:\/\/www.radiopiu.net\/wordpress\/wp-content\/uploads\/2019\/04\/Csv-volontario-anche-tu-300x225.jpg 300w, https:\/\/www.radiopiu.net\/wordpress\/wp-content\/uploads\/2019\/04\/Csv-volontario-anche-tu-768x577.jpg 768w\" sizes=\"auto, (max-width: 1024px) 100vw, 1024px\" \/><\/a>\u00abAnche quest&#8217;anno si <\/span><\/span><\/span><span style=\"font-family: Corbel, sans-serif;\">potr\u00e0 dare ampia visibilit\u00e0 alla differenza che il volontariato fa nella vita di tutti i giorni &#8211; <\/span><span style=\"color: #000000;\"><span style=\"font-family: Corbel, sans-serif;\"><span style=\"font-size: medium;\">spiega il referente del progetto <\/span><\/span><\/span><span style=\"color: #000000;\"><span style=\"font-family: Corbel, sans-serif;\"><span style=\"font-size: medium;\"><b>Paolo Capraro<\/b><\/span><\/span><\/span><span style=\"color: #000000;\"><span style=\"font-family: Corbel, sans-serif;\"><span style=\"font-size: medium;\"> &#8211; <\/span><\/span><\/span><span style=\"font-family: Corbel, sans-serif;\">per aiutare chi ha pi\u00f9 bisogno, per rendere questa societ\u00e0 migliore e pi\u00f9 solidale. Risulta di fondamentale importanza favorire il ricambio intergenerazionale all&#8217;interno delle associazioni e promuovere il volontariato giovanile<\/span><span style=\"color: #000000;\"><span style=\"font-family: Corbel, sans-serif;\"><span style=\"font-size: medium;\">\u00bb<\/span><\/span><\/span><span style=\"font-family: Corbel, sans-serif;\">. <\/span><span style=\"font-family: Corbel, sans-serif;\">Si riconferma dunque il programma di lungo periodo: non limitatamente al periodo estivo ma anche durante tutto il corso dell&#8217;anno, cio\u00e8 <\/span><span style=\"font-family: Corbel, sans-serif;\"><b>nell&#8217;anno solare 2019 e nell&#8217;anno scolastico 2019\/2020<\/b><\/span><span style=\"font-family: Corbel, sans-serif;\">. <\/span><span style=\"font-family: Corbel, sans-serif;\">I giovani volontari, dopo aver consegnato il modulo di adesione (reperibile presso le sedi del Csv e del Comitato d&#8217;Intesa, in alcune scuole della provincia, presso le sedi delle organizzazioni di volontariato aderenti) verranno messi in contatto con le associazioni di volontariato per dare inizio all&#8217;esperienza. <\/span><span style=\"font-family: Corbel, sans-serif;\">Ogni giovane esprimer\u00e0 l&#8217;ambito entro il quale svolgere l&#8217;attivit\u00e0 di volontariato (giovani, disabili, cultura, natura, bambini, anziani). <\/span><span style=\"font-family: Corbel, sans-serif;\">Ad ogni giovane volontario verr\u00e0 chiesto di svolgere un minimo di 60 ore di attivit\u00e0. <\/span><span style=\"font-family: Corbel, sans-serif;\">Al termine dell&#8217;esperienza, ogni volontario ricerver\u00e0 un attestato di partecipazione, convertibile in crediti formativi scolastici. <\/span><span style=\"font-family: Corbel, sans-serif;\">Sul sito www.csvbelluno.it (seguendo il percorso \u201cServizi\/ Promozione\/A scuola di volontariato\u201d) sono descritte le esperienze dei ragazzi dello scorso anno.<\/span><\/p>\n<p>FOTO ARCHIVIO, LO SCORSO ANNO AD AGORDO<\/p>\n","protected":false},"excerpt":{"rendered":"<p>\u00a0Undicesimo compleanno per il programma \u201cCsv.. volontario anche tu!!!\u201d rivolto ai giovani della provincia. BELLUNO\u00a0Una tappa importante per l&#8217;opportunit\u00e0 offerta dal Csv Belluno, in collaborazione con l&#8217;Ufficio scolastico provinciale. Un insieme di tanti progetti settoriali e localizzati in provincia con un unico obiettivo: far scoprire e apprezzare il mondo del volontariato ai ragazzi tra 16&hellip;<\/p>\n","protected":false},"author":1,"featured_media":83621,"comment_status":"closed","ping_status":"closed","sticky":false,"template":"","format":"standard","meta":{"_monsterinsights_skip_tracking":false,"_monsterinsights_sitenote_active":false,"_monsterinsights_sitenote_note":"","_monsterinsights_sitenote_category":0,"footnotes":""},"categories":[51,49],"tags":[],"class_list":["post-83620","post","type-post","status-publish","format-standard","has-post-thumbnail","hentry","category-evidenza-top","category-news-18","category-51","category-49","description-off"],"img_url":"https:\/\/www.radiopiu.net\/wordpress\/wp-content\/uploads\/2019\/04\/Csv-volontario-anche-tu.jpg","_links":{"self":[{"href":"https:\/\/www.radiopiu.net\/wordpress\/wp-json\/wp\/v2\/posts\/83620","targetHints":{"allow":["GET"]}}],"collection":[{"href":"https:\/\/www.radiopiu.net\/wordpress\/wp-json\/wp\/v2\/posts"}],"about":[{"href":"https:\/\/www.radiopiu.net\/wordpress\/wp-json\/wp\/v2\/types\/post"}],"author":[{"embeddable":true,"href":"https:\/\/www.radiopiu.net\/wordpress\/wp-json\/wp\/v2\/users\/1"}],"replies":[{"embeddable":true,"href":"https:\/\/www.radiopiu.net\/wordpress\/wp-json\/wp\/v2\/comments?post=83620"}],"version-history":[{"count":0,"href":"https:\/\/www.radiopiu.net\/wordpress\/wp-json\/wp\/v2\/posts\/83620\/revisions"}],"wp:featuredmedia":[{"embeddable":true,"href":"https:\/\/www.radiopiu.net\/wordpress\/wp-json\/wp\/v2\/media\/83621"}],"wp:attachment":[{"href":"https:\/\/www.radiopiu.net\/wordpress\/wp-json\/wp\/v2\/media?parent=83620"}],"wp:term":[{"taxonomy":"category","embeddable":true,"href":"https:\/\/www.radiopiu.net\/wordpress\/wp-json\/wp\/v2\/categories?post=83620"},{"taxonomy":"post_tag","embeddable":true,"href":"https:\/\/www.radiopiu.net\/wordpress\/wp-json\/wp\/v2\/tags?post=83620"}],"curies":[{"name":"wp","href":"https:\/\/api.w.org\/{rel}","templated":true}]}}