{"id":83645,"date":"2019-04-24T19:52:23","date_gmt":"2019-04-24T17:52:23","guid":{"rendered":"http:\/\/www.radiopiu.net\/wordpress\/?p=83645"},"modified":"2019-04-25T09:53:42","modified_gmt":"2019-04-25T07:53:42","slug":"andrea-de-bernardin-mi-ricandido-perche-il-sindaco-uscente-presenta-la-squadra","status":"publish","type":"post","link":"https:\/\/www.radiopiu.net\/wordpress\/andrea-de-bernardin-mi-ricandido-perche-il-sindaco-uscente-presenta-la-squadra\/","title":{"rendered":"ANDREA DE BERNARDIN &#8220;MI RICANDIDO PERCHE&#8217;&#8230;&#8221;, IL SINDACO USCENTE PRESENTA LA SQUADRA"},"content":{"rendered":"<p><strong>ROCCA PIETORE<\/strong> Il sindaco di Rocca Pietore si ricandida e spiega perch\u00e9 nella nota audio affidata a Radio Pi\u00f9.<\/p>\n<p><strong>&#8220;Una squadra forse pi\u00f9 forte della precedente&#8221;<\/strong><\/p>\n<p>Ecco la squadra che lo appogger\u00e0 alle elezioni del 26 maggio, Alessandro Darman, Danilo Fersuoch (da 10 anni con De Bernardin) Carlo Bernardi, Fabio De Cassan (da 5), non mancano i nomi nuovi, i pensionati che hanno del tempo importante da dedicare alla comunit\u00e0. Nell&#8217;audio del giornale radiopiu tutti i nomi.<\/p>\n<blockquote><p><strong><em>&#8220;Dire di no mi sembrava sleale nei confronti del territorio&#8221;<\/em><\/strong><\/p><\/blockquote>\n<audio class=\"wp-audio-shortcode\" id=\"audio-83645-1\" preload=\"none\" style=\"width: 100%;\" controls=\"controls\"><source type=\"audio\/mpeg\" src=\"http:\/\/www.radiopiu.net\/wordpress\/wp-content\/uploads\/2019\/04\/andrea-1.mp3?_=1\" \/><a href=\"http:\/\/www.radiopiu.net\/wordpress\/wp-content\/uploads\/2019\/04\/andrea-1.mp3\">http:\/\/www.radiopiu.net\/wordpress\/wp-content\/uploads\/2019\/04\/andrea-1.mp3<\/a><\/audio>\n<p>&nbsp;<\/p>\n","protected":false},"excerpt":{"rendered":"<p>ROCCA PIETORE Il sindaco di Rocca Pietore si ricandida e spiega perch\u00e9 nella nota audio affidata a Radio Pi\u00f9. &#8220;Una squadra forse pi\u00f9 forte della precedente&#8221; Ecco la squadra che lo appogger\u00e0 alle elezioni del 26 maggio, Alessandro Darman, Danilo Fersuoch (da 10 anni con De Bernardin) Carlo Bernardi, Fabio De Cassan (da 5), non&hellip;<\/p>\n","protected":false},"author":1,"featured_media":0,"comment_status":"closed","ping_status":"closed","sticky":false,"template":"","format":"standard","meta":{"_monsterinsights_skip_tracking":false,"_monsterinsights_sitenote_active":false,"_monsterinsights_sitenote_note":"","_monsterinsights_sitenote_category":0,"footnotes":""},"categories":[49],"tags":[],"class_list":["post-83645","post","type-post","status-publish","format-standard","hentry","category-news-18","category-49","description-off"],"img_url":false,"_links":{"self":[{"href":"https:\/\/www.radiopiu.net\/wordpress\/wp-json\/wp\/v2\/posts\/83645","targetHints":{"allow":["GET"]}}],"collection":[{"href":"https:\/\/www.radiopiu.net\/wordpress\/wp-json\/wp\/v2\/posts"}],"about":[{"href":"https:\/\/www.radiopiu.net\/wordpress\/wp-json\/wp\/v2\/types\/post"}],"author":[{"embeddable":true,"href":"https:\/\/www.radiopiu.net\/wordpress\/wp-json\/wp\/v2\/users\/1"}],"replies":[{"embeddable":true,"href":"https:\/\/www.radiopiu.net\/wordpress\/wp-json\/wp\/v2\/comments?post=83645"}],"version-history":[{"count":0,"href":"https:\/\/www.radiopiu.net\/wordpress\/wp-json\/wp\/v2\/posts\/83645\/revisions"}],"wp:attachment":[{"href":"https:\/\/www.radiopiu.net\/wordpress\/wp-json\/wp\/v2\/media?parent=83645"}],"wp:term":[{"taxonomy":"category","embeddable":true,"href":"https:\/\/www.radiopiu.net\/wordpress\/wp-json\/wp\/v2\/categories?post=83645"},{"taxonomy":"post_tag","embeddable":true,"href":"https:\/\/www.radiopiu.net\/wordpress\/wp-json\/wp\/v2\/tags?post=83645"}],"curies":[{"name":"wp","href":"https:\/\/api.w.org\/{rel}","templated":true}]}}