{"id":83701,"date":"2019-04-25T16:16:14","date_gmt":"2019-04-25T14:16:14","guid":{"rendered":"http:\/\/www.radiopiu.net\/wordpress\/?p=83701"},"modified":"2019-04-27T06:15:10","modified_gmt":"2019-04-27T04:15:10","slug":"taibon-per-la-continuita-ecco-la-squadra-di-silvia-tormen","status":"publish","type":"post","link":"https:\/\/www.radiopiu.net\/wordpress\/taibon-per-la-continuita-ecco-la-squadra-di-silvia-tormen\/","title":{"rendered":"TAIBON PER LA CONTINUITA&#8217;, ECCO LA SQUADRA DI SILVIA TORMEN"},"content":{"rendered":"<p><strong>TAIBON\u00a0<\/strong>A pochi giorni dalla scadenza il sindaco uscente Silvia Tormen rompe gli indugi e anticipa la composizione della squadra per le prossime amministrative. Al suo fianco <strong>Fernando Soccol<\/strong> che gi\u00e0 da ora, anticipa la Tormen, sar\u00e0 il vicesindaco. Da Ronc di Bos riconferma per<strong> Sabrina Dai Pra,<\/strong> e per la frazione pi\u00f9 a nord (Listolade) il nome nuovo \u00e8 quello di <strong>Tamara Costantini.\u00a0<\/strong> Dalla frazione Col di Pra <strong>Sisto Forcellini, <\/strong>dal centro, Coi,\u00a0 Soccol, Forno Val e Villanova gli altri candidati a consigliere comunale:\u00a0 <strong>Fiorangela Beltrame,\u00a0 \u00a0Fabio Tom\u00e9, Franco Soccol, Celeste Garavana, Mauro Savio, Andrea Ciet.\u00a0<\/strong><br \/>\nDa Bruno Bulf (capogruppo di minoranza nella vita amministrativa da 40 anni) ancora nessuna notizia.<\/p>\n","protected":false},"excerpt":{"rendered":"<p>TAIBON\u00a0A pochi giorni dalla scadenza il sindaco uscente Silvia Tormen rompe gli indugi e anticipa la composizione della squadra per le prossime amministrative. Al suo fianco Fernando Soccol che gi\u00e0 da ora, anticipa la Tormen, sar\u00e0 il vicesindaco. Da Ronc di Bos riconferma per Sabrina Dai Pra, e per la frazione pi\u00f9 a nord (Listolade)&hellip;<\/p>\n","protected":false},"author":1,"featured_media":58055,"comment_status":"closed","ping_status":"closed","sticky":false,"template":"","format":"standard","meta":{"_monsterinsights_skip_tracking":false,"_monsterinsights_sitenote_active":false,"_monsterinsights_sitenote_note":"","_monsterinsights_sitenote_category":0,"footnotes":""},"categories":[51,49],"tags":[],"class_list":["post-83701","post","type-post","status-publish","format-standard","has-post-thumbnail","hentry","category-evidenza-top","category-news-18","category-51","category-49","description-off"],"img_url":"https:\/\/www.radiopiu.net\/wordpress\/wp-content\/uploads\/2018\/08\/silvia-tormen.jpg","_links":{"self":[{"href":"https:\/\/www.radiopiu.net\/wordpress\/wp-json\/wp\/v2\/posts\/83701","targetHints":{"allow":["GET"]}}],"collection":[{"href":"https:\/\/www.radiopiu.net\/wordpress\/wp-json\/wp\/v2\/posts"}],"about":[{"href":"https:\/\/www.radiopiu.net\/wordpress\/wp-json\/wp\/v2\/types\/post"}],"author":[{"embeddable":true,"href":"https:\/\/www.radiopiu.net\/wordpress\/wp-json\/wp\/v2\/users\/1"}],"replies":[{"embeddable":true,"href":"https:\/\/www.radiopiu.net\/wordpress\/wp-json\/wp\/v2\/comments?post=83701"}],"version-history":[{"count":0,"href":"https:\/\/www.radiopiu.net\/wordpress\/wp-json\/wp\/v2\/posts\/83701\/revisions"}],"wp:featuredmedia":[{"embeddable":true,"href":"https:\/\/www.radiopiu.net\/wordpress\/wp-json\/wp\/v2\/media\/58055"}],"wp:attachment":[{"href":"https:\/\/www.radiopiu.net\/wordpress\/wp-json\/wp\/v2\/media?parent=83701"}],"wp:term":[{"taxonomy":"category","embeddable":true,"href":"https:\/\/www.radiopiu.net\/wordpress\/wp-json\/wp\/v2\/categories?post=83701"},{"taxonomy":"post_tag","embeddable":true,"href":"https:\/\/www.radiopiu.net\/wordpress\/wp-json\/wp\/v2\/tags?post=83701"}],"curies":[{"name":"wp","href":"https:\/\/api.w.org\/{rel}","templated":true}]}}