{"id":83820,"date":"2019-04-27T05:31:57","date_gmt":"2019-04-27T03:31:57","guid":{"rendered":"http:\/\/www.radiopiu.net\/wordpress\/?p=83820"},"modified":"2019-04-29T06:17:41","modified_gmt":"2019-04-29T04:17:41","slug":"no-alla-raccolta-fondi-per-il-cane-pitbull-ucciso-ad-agordo-lenpa-attiva-lufficio-legale","status":"publish","type":"post","link":"https:\/\/www.radiopiu.net\/wordpress\/no-alla-raccolta-fondi-per-il-cane-pitbull-ucciso-ad-agordo-lenpa-attiva-lufficio-legale\/","title":{"rendered":"NO ALLA RACCOLTA FONDI PER IL CANE PITBULL UCCISO AD AGORDO. L&#8217;ENPA ATTIVA L&#8217;UFFICIO LEGALE"},"content":{"rendered":"<p><a class=\"dt-pswp-item\" href=\"http:\/\/www.radiopiu.net\/wordpress\/wp-content\/uploads\/2019\/04\/download-1-1.jpg\" data-dt-img-description=\"\" data-large_image_width=\"219\" data-large_image_height=\"230\"><img loading=\"lazy\" decoding=\"async\" class=\"alignleft size-thumbnail wp-image-83821\" src=\"http:\/\/www.radiopiu.net\/wordpress\/wp-content\/uploads\/2019\/04\/download-1-1-150x150.jpg\" alt=\"\" width=\"150\" height=\"150\" \/><\/a>\u00a0L&#8217;Ente Nazionale Protezione Animali ha dato mandato al proprio ufficio legale di assumere ogni opportuna iniziativa in merito alla triste vicenda del cane\u00a0 ucciso ad Agordo\u00a0 in circostanze\u00a0 che chiarir\u00e0 chi di competenza. .<\/p>\n<p><em>\u00abL&#8217;unico dato certo al momento \u00e8 la morte del cane. A prescindere da come si siano realmente svolti i fatti &#8211; spiega Enpa &#8211; \u00e8 inaccettabile pensare che l&#8217;unico modo per risolvere la situazione fosse quello di uccidere il pitbull. Confidiamo nel lavoro degli inquirenti e siamo convinti che faranno luce sulla dinamica di questa vicenda.Naturalmente, qualora dovessero emergere responsabilit\u00e0 penali, siamo pronti ad agire in giudizio\u00bb.<\/em><\/p>\n<p>Intanto, l&#8217;Ente Nazionale Protezione Animali chiede al proprietario del cane Kaos di sospendere ogni raccolta fondi da lui promossa a favore dell&#8217;associazione. <em>\u00abSi tratta di una iniziativa strettamente personale\u00a0 mai\u00a0 condivisa con noi. Per evidenti ragioni di opportunit\u00e0 &#8211; aggiunge Enpa &#8211; chiediamo al promotore di fermarla. Tanto pi\u00f9 che ancora non sono state acclarate le responsabilit\u00e0 nei fatti che hanno portato alla morte del pitbull. Non vogliamo donazioni, ma solo verit\u00e0 e giustizia per Kaos\u00bb.<\/em><\/p>\n","protected":false},"excerpt":{"rendered":"<p>\u00a0L&#8217;Ente Nazionale Protezione Animali ha dato mandato al proprio ufficio legale di assumere ogni opportuna iniziativa in merito alla triste vicenda del cane\u00a0 ucciso ad Agordo\u00a0 in circostanze\u00a0 che chiarir\u00e0 chi di competenza. . \u00abL&#8217;unico dato certo al momento \u00e8 la morte del cane. A prescindere da come si siano realmente svolti i fatti &#8211;&hellip;<\/p>\n","protected":false},"author":1,"featured_media":83821,"comment_status":"closed","ping_status":"closed","sticky":false,"template":"","format":"standard","meta":{"_monsterinsights_skip_tracking":false,"_monsterinsights_sitenote_active":false,"_monsterinsights_sitenote_note":"","_monsterinsights_sitenote_category":0,"footnotes":""},"categories":[49],"tags":[],"class_list":["post-83820","post","type-post","status-publish","format-standard","has-post-thumbnail","hentry","category-news-18","category-49","description-off"],"img_url":"https:\/\/www.radiopiu.net\/wordpress\/wp-content\/uploads\/2019\/04\/download-1-1.jpg","_links":{"self":[{"href":"https:\/\/www.radiopiu.net\/wordpress\/wp-json\/wp\/v2\/posts\/83820","targetHints":{"allow":["GET"]}}],"collection":[{"href":"https:\/\/www.radiopiu.net\/wordpress\/wp-json\/wp\/v2\/posts"}],"about":[{"href":"https:\/\/www.radiopiu.net\/wordpress\/wp-json\/wp\/v2\/types\/post"}],"author":[{"embeddable":true,"href":"https:\/\/www.radiopiu.net\/wordpress\/wp-json\/wp\/v2\/users\/1"}],"replies":[{"embeddable":true,"href":"https:\/\/www.radiopiu.net\/wordpress\/wp-json\/wp\/v2\/comments?post=83820"}],"version-history":[{"count":0,"href":"https:\/\/www.radiopiu.net\/wordpress\/wp-json\/wp\/v2\/posts\/83820\/revisions"}],"wp:featuredmedia":[{"embeddable":true,"href":"https:\/\/www.radiopiu.net\/wordpress\/wp-json\/wp\/v2\/media\/83821"}],"wp:attachment":[{"href":"https:\/\/www.radiopiu.net\/wordpress\/wp-json\/wp\/v2\/media?parent=83820"}],"wp:term":[{"taxonomy":"category","embeddable":true,"href":"https:\/\/www.radiopiu.net\/wordpress\/wp-json\/wp\/v2\/categories?post=83820"},{"taxonomy":"post_tag","embeddable":true,"href":"https:\/\/www.radiopiu.net\/wordpress\/wp-json\/wp\/v2\/tags?post=83820"}],"curies":[{"name":"wp","href":"https:\/\/api.w.org\/{rel}","templated":true}]}}