{"id":83944,"date":"2019-04-29T05:42:21","date_gmt":"2019-04-29T03:42:21","guid":{"rendered":"http:\/\/www.radiopiu.net\/wordpress\/?p=83944"},"modified":"2019-04-30T19:03:55","modified_gmt":"2019-04-30T17:03:55","slug":"sette-dedicazioni-di-chiese-di-renato-bona","status":"publish","type":"post","link":"https:\/\/www.radiopiu.net\/wordpress\/sette-dedicazioni-di-chiese-di-renato-bona\/","title":{"rendered":"SETTE DEDICAZIONI DI CHIESE di RENATO BONA"},"content":{"rendered":"<blockquote>\n<h3>\n<em>E la decisione di Papa Gregorio XVI di accordare alla diocesi\u00a0 <\/em><em>di Belluno venti parrocchie del Cadore che erano con Udine<\/em><\/h3>\n<\/blockquote>\n<p>In questo mese di aprile 2019 che si avvia a conclusione e nella prima settimana di maggio, ricorre l\u2019anniversario di dedicazione di ben sette chiese di Belluno-Feltre. Lo ricorda l\u2019ultimo numero del settimanale \u201cDomenica\u201d, edito dalla Diocesi e diretto dal vescovo emerito monsignor Giuseppe Andrich.<br \/>\nSi parte luned\u00ec 29 con quello della Cattedrale di Belluno (in proposito va peraltro detto che secondo lo storico agordino prof. don Ferdinando Tamis la dedicazione avvenne il giorno 14 e l\u2019arciprete mons. Attilio Zandegiacono Jona ci ha precisato che le dedicazioni sono pi\u00f9 d\u2019una nel corso dei secoli, sempre legate a ricostruzioni dell\u2019edificio sacro).Si prosegue mercoled\u00ec 1 maggio con la dedicazione della chiesa di Boscariz-Feltre (1987) e del Santuario mariano del Nevegal (1995); venerd\u00ec 3 sar\u00e0 la volta della chiesa di Cusighe (1514) e, a seguire: sabato 4 delle chiese di Bes (1614), Fortogna (1862) e Spert d\u2019Alpago (1892).<br \/>\nAlla data del 30 aprile \u2013 sempre secondo Ferdinando Tamis \u2013 \u00e8 legato un altro importante avvenimento per la Chiesa bellunese . Vediamo quale citando proprio lo scomparso storico, da \u201cI nostri Santi\u201d edito nel 1991: \u201cIl 30 aprile 1846 il pontefice Gregorio XVI accordava alla diocesi di Belluno le parrocchie del Cadore, ma per la sua morte, avvenuta il primo giugno, l\u2019unione rimase sospesa e si pot\u00e9 effettuare nel mese di gennaio1847\u201d. Annunciando che torneremo sull\u2019argomento, ci limitiamo in questa sede a trarre dal sito \u201c<a href=\"https:\/\/l.facebook.com\/l.php?u=http%3A%2F%2Fbaliatodaicoi.altervista.org%2Fwp...%2F09%2FMONTI-1896-Chiese-cadorine-1846-1896%3Ffbclid%3DIwAR2WmN4AtTSovhKCZqHfYi1pIQJUw08jmEPF9wEpup4mPGXcbpm8CLyJsyI&amp;h=AT1hCfz_vk2_cF3JnOvjiUhwAyA1i0SZl1Y6Mt1pjv3D_ZLehwMWnW1dq4ljnKyCAto5sCU4BIRQcZw_ocO0tUU842QyMXqqhELY_w4SXnzPyGhpOFLrLziE2fiuWFR48Q\" target=\"_blank\" rel=\"nofollow noopener noreferrer\" data-lynx-mode=\"hover\">baliatodaicoi.altervista.org\/wp&#8230;\/09\/MONTI-1896-Chiese-cadorine-1846-1896<\/a>\u201d: \u201c\u2026 quali erano le venti parrocchie nell\u2019Arcidiaconato del Cadore, al tempo dello smembramento da Udine a Belluno? Erano Pieve di Cadore, pievano Anastasio Doriguzzi arcidiacono del Cadore; Valle, pievano Valentino Da R\u00f9; San Vito, pievano Francesco Da Rin; Domegge, pievano Giandomenico Toffoli; Vigo, pievano Dionisio Da R\u00f9; Auronzo, pievano Giuseppe Genova; Santo Stefano, pievano Giambattista Zannantoni; Candide, pievano Gio. Antonio Zardus. Parrocchie e parroci: Selva, parroco Giambattista Tremonti; Pescul, parroco Giovanni De Lorenzo. Curazie e i curati: Ospitale, curato Giambattista Da Rin; Perarolo, curato Giacomo Talamini; Cibiana, curato Bartolomeo Belf\u00ec; Venas, curato Giambattista Zambelli; Vodo, curato Angelo Celotta; Vinigo, curato Angelo Marinello; Borca, curato Matteo Pampanini; Lozzo, curato Matteo Martini; Lorenzago, curato Olinto Da Val; San Nicol\u00f2, curato Valentino Martini. Gli abitanti erano 32 mila 930 e i sacerdoti 94.<\/p>\n<p><strong>NELLE FOTO<\/strong> (Renato Bona, Mapio.net, Wikipedia): la cattedrale di Belluno; il santuario mariano del Nevegal; la parrocchiale di Cusighe; il pontefice bellunese Gregorio XVI che decise l\u2019assegnazione delle parrocchie del Cadore alla Diocesi di Belluno.<\/p>\n<p><a class=\"dt-pswp-item\" href=\"http:\/\/www.radiopiu.net\/wordpress\/wp-content\/uploads\/2019\/04\/58551666_1858215784279071_7402999604993589248_n.jpg\" data-dt-img-description=\"\" data-large_image_width=\"720\" data-large_image_height=\"960\"><img loading=\"lazy\" decoding=\"async\" class=\"alignleft size-thumbnail wp-image-83945\" src=\"http:\/\/www.radiopiu.net\/wordpress\/wp-content\/uploads\/2019\/04\/58551666_1858215784279071_7402999604993589248_n-150x150.jpg\" alt=\"\" width=\"150\" height=\"150\" \/><\/a><a class=\"dt-pswp-item\" href=\"http:\/\/www.radiopiu.net\/wordpress\/wp-content\/uploads\/2019\/04\/58805548_2181825345234813_8435556450721333248_n.jpg\" data-dt-img-description=\"\" data-large_image_width=\"960\" data-large_image_height=\"720\"><img loading=\"lazy\" decoding=\"async\" class=\"alignleft size-thumbnail wp-image-83946\" src=\"http:\/\/www.radiopiu.net\/wordpress\/wp-content\/uploads\/2019\/04\/58805548_2181825345234813_8435556450721333248_n-150x150.jpg\" alt=\"\" width=\"150\" height=\"150\" \/><\/a><a class=\"dt-pswp-item\" href=\"http:\/\/www.radiopiu.net\/wordpress\/wp-content\/uploads\/2019\/04\/57325124_352744512110907_4641566251934547968_n.jpg\" data-dt-img-description=\"\" data-large_image_width=\"960\" data-large_image_height=\"720\"><img loading=\"lazy\" decoding=\"async\" class=\"alignleft size-thumbnail wp-image-83947\" src=\"http:\/\/www.radiopiu.net\/wordpress\/wp-content\/uploads\/2019\/04\/57325124_352744512110907_4641566251934547968_n-150x150.jpg\" alt=\"\" width=\"150\" height=\"150\" \/><\/a><a class=\"dt-pswp-item\" href=\"http:\/\/www.radiopiu.net\/wordpress\/wp-content\/uploads\/2019\/04\/59022605_601862046997596_5149343613817192448_n.jpg\" data-dt-img-description=\"\" data-large_image_width=\"240\" data-large_image_height=\"210\"><img loading=\"lazy\" decoding=\"async\" class=\"alignleft size-thumbnail wp-image-83950\" src=\"http:\/\/www.radiopiu.net\/wordpress\/wp-content\/uploads\/2019\/04\/59022605_601862046997596_5149343613817192448_n-150x150.jpg\" alt=\"\" width=\"150\" height=\"150\" \/><\/a><a class=\"dt-pswp-item\" href=\"http:\/\/www.radiopiu.net\/wordpress\/wp-content\/uploads\/2019\/04\/59422460_325392241497914_8827254543243804672_n.jpg\" data-dt-img-description=\"\" data-large_image_width=\"960\" data-large_image_height=\"720\"><img loading=\"lazy\" decoding=\"async\" class=\"alignleft size-thumbnail wp-image-83948\" src=\"http:\/\/www.radiopiu.net\/wordpress\/wp-content\/uploads\/2019\/04\/59422460_325392241497914_8827254543243804672_n-150x150.jpg\" alt=\"\" width=\"150\" height=\"150\" \/><\/a><a class=\"dt-pswp-item\" href=\"http:\/\/www.radiopiu.net\/wordpress\/wp-content\/uploads\/2019\/04\/58443580_521527868377002_1796990402268495872_n.jpg\" data-dt-img-description=\"\" data-large_image_width=\"187\" data-large_image_height=\"270\"><img loading=\"lazy\" decoding=\"async\" class=\"alignleft size-thumbnail wp-image-83949\" src=\"http:\/\/www.radiopiu.net\/wordpress\/wp-content\/uploads\/2019\/04\/58443580_521527868377002_1796990402268495872_n-150x150.jpg\" alt=\"\" width=\"150\" height=\"150\" \/><\/a><\/p>\n","protected":false},"excerpt":{"rendered":"<p>E la decisione di Papa Gregorio XVI di accordare alla diocesi\u00a0 di Belluno venti parrocchie del Cadore che erano con Udine In questo mese di aprile 2019 che si avvia a conclusione e nella prima settimana di maggio, ricorre l\u2019anniversario di dedicazione di ben sette chiese di Belluno-Feltre. Lo ricorda l\u2019ultimo numero del settimanale \u201cDomenica\u201d,&hellip;<\/p>\n","protected":false},"author":1,"featured_media":83946,"comment_status":"closed","ping_status":"closed","sticky":false,"template":"","format":"standard","meta":{"_monsterinsights_skip_tracking":false,"_monsterinsights_sitenote_active":false,"_monsterinsights_sitenote_note":"","_monsterinsights_sitenote_category":0,"footnotes":""},"categories":[104,49,84],"tags":[],"class_list":["post-83944","post","type-post","status-publish","format-standard","has-post-thumbnail","hentry","category-evidenza_3","category-news-18","category-speciali","category-104","category-49","category-84","description-off"],"img_url":"https:\/\/www.radiopiu.net\/wordpress\/wp-content\/uploads\/2019\/04\/58805548_2181825345234813_8435556450721333248_n.jpg","_links":{"self":[{"href":"https:\/\/www.radiopiu.net\/wordpress\/wp-json\/wp\/v2\/posts\/83944","targetHints":{"allow":["GET"]}}],"collection":[{"href":"https:\/\/www.radiopiu.net\/wordpress\/wp-json\/wp\/v2\/posts"}],"about":[{"href":"https:\/\/www.radiopiu.net\/wordpress\/wp-json\/wp\/v2\/types\/post"}],"author":[{"embeddable":true,"href":"https:\/\/www.radiopiu.net\/wordpress\/wp-json\/wp\/v2\/users\/1"}],"replies":[{"embeddable":true,"href":"https:\/\/www.radiopiu.net\/wordpress\/wp-json\/wp\/v2\/comments?post=83944"}],"version-history":[{"count":0,"href":"https:\/\/www.radiopiu.net\/wordpress\/wp-json\/wp\/v2\/posts\/83944\/revisions"}],"wp:featuredmedia":[{"embeddable":true,"href":"https:\/\/www.radiopiu.net\/wordpress\/wp-json\/wp\/v2\/media\/83946"}],"wp:attachment":[{"href":"https:\/\/www.radiopiu.net\/wordpress\/wp-json\/wp\/v2\/media?parent=83944"}],"wp:term":[{"taxonomy":"category","embeddable":true,"href":"https:\/\/www.radiopiu.net\/wordpress\/wp-json\/wp\/v2\/categories?post=83944"},{"taxonomy":"post_tag","embeddable":true,"href":"https:\/\/www.radiopiu.net\/wordpress\/wp-json\/wp\/v2\/tags?post=83944"}],"curies":[{"name":"wp","href":"https:\/\/api.w.org\/{rel}","templated":true}]}}