{"id":84006,"date":"2019-04-30T06:03:06","date_gmt":"2019-04-30T04:03:06","guid":{"rendered":"http:\/\/www.radiopiu.net\/wordpress\/?p=84006"},"modified":"2019-04-30T09:48:54","modified_gmt":"2019-04-30T07:48:54","slug":"giornale-radiopiu-30-aprile-2019-direttore-mirko-mezzacasa","status":"publish","type":"post","link":"https:\/\/www.radiopiu.net\/wordpress\/giornale-radiopiu-30-aprile-2019-direttore-mirko-mezzacasa\/","title":{"rendered":"GIORNALE RADIOPIU 30 APRILE 2019 DIRETTORE MIRKO MEZZACASA"},"content":{"rendered":"<p>&nbsp;<\/p>\n<p>Folla commossa ai funerali di <strong>Mario Tremonti<\/strong> da tutti ricordato come il sindaco buono scomparso a soli 64 anni. Era un uomo che aveva la passione per la politica e ha dedicato una vita al servizio degli altri.<\/p>\n<p><strong>\u00a0Ancora furti a Feltre\u00a0<\/strong>presa di mira la zona di Farra, almeno 7 gli appartamenti messi sotto sopra alla ricerca di preziosi e contante, rubata anche un&#8217;auto.<\/p>\n<p><strong>In Valle di San Lucano<\/strong> il tempo si \u00e8 fermato al 29 ottobre, alberi a terra e tanto disordine, in forse la festa di San Lucano, burocrazia, carte e previsioni da valanghe non permettono ai volontari di spostare nemmeno un ramo.<\/p>\n<p><strong>Domani 1 maggio<\/strong> giornata di festa a Rif di Agordo, nel fine settimana il ritrovo dei cacciatori ma non solo a <strong>San Tomaso.<\/strong><\/p>\n<p>&nbsp;<\/p>\n<p>&nbsp;<\/p>\n<blockquote class=\"wp-embedded-content\" data-secret=\"rAz642WK2k\"><p><a href=\"http:\/\/www.radiopiu.net\/wordpress\/maltempo-60-interventi-dei-vigili-del-fuoco\/\">MALTEMPO: 60 INTERVENTI DEI VIGILI DEL FUOCO<\/a><\/p><\/blockquote>\n<p><iframe loading=\"lazy\" class=\"wp-embedded-content\" sandbox=\"allow-scripts\" security=\"restricted\" style=\"position: absolute; clip: rect(1px, 1px, 1px, 1px);\" src=\"http:\/\/www.radiopiu.net\/wordpress\/maltempo-60-interventi-dei-vigili-del-fuoco\/embed\/#?secret=rAz642WK2k\" data-secret=\"rAz642WK2k\" width=\"600\" height=\"338\" title=\"&#8220;MALTEMPO: 60 INTERVENTI DEI VIGILI DEL FUOCO&#8221; &#8212; Radio Pi\u00f9\" frameborder=\"0\" marginwidth=\"0\" marginheight=\"0\" scrolling=\"no\"><\/iframe><\/p>\n<p>&nbsp;<\/p>\n<p>&nbsp;<\/p>\n<h3>ISOLATI DALLA NEVE, IL SOCCORSO ALPINO CONSEGNA MEDICINALI CON GLI SCI<\/h3>\n<p><strong>VODO DI CADORE<\/strong> Ieri mattina attorno alle 10 il Soccorso alpino di San Vito di Cadore \u00e8 stato allertato per portare alcuni medicinali a un uomo, rimasto isolato con la moglie nella propria casera a seguito della nevicata. Una squadra \u00e8 partita dall\u2019abitato di Vodo di Cadore con sci e pelli di foca, poich\u00e9 le piante abbattute e il consistente strato di neve non consentivano di proseguire con altri mezzi sulla strada, e ha raggiunto la casa sul Col Botei, poco sotto il Rifugio Talamini, dove ha consegnato i farmaci.<\/p>\n<p>&nbsp;<\/p>\n<p>&nbsp;<\/p>\n<p>&nbsp;<\/p>\n<h2>MALTEMPO IN NEVEGAL, IERI IL SINDACO MASSARO ORE 14.00<\/h2>\n<blockquote class=\"wp-embedded-content\" data-secret=\"xkRbZgBdx5\"><p><a href=\"http:\/\/www.radiopiu.net\/wordpress\/maltempo-in-nevegal-il-punto-con-il-sindaco-massaro\/\">MALTEMPO IN NEVEGAL, IL PUNTO CON IL SINDACO MASSARO<\/a><\/p><\/blockquote>\n<p><iframe loading=\"lazy\" class=\"wp-embedded-content\" sandbox=\"allow-scripts\" security=\"restricted\" style=\"position: absolute; clip: rect(1px, 1px, 1px, 1px);\" src=\"http:\/\/www.radiopiu.net\/wordpress\/maltempo-in-nevegal-il-punto-con-il-sindaco-massaro\/embed\/#?secret=xkRbZgBdx5\" data-secret=\"xkRbZgBdx5\" width=\"600\" height=\"338\" title=\"&#8220;MALTEMPO IN NEVEGAL, IL PUNTO CON IL SINDACO MASSARO&#8221; &#8212; Radio Pi\u00f9\" frameborder=\"0\" marginwidth=\"0\" marginheight=\"0\" scrolling=\"no\"><\/iframe><\/p>\n<p>&nbsp;<\/p>\n<p>&nbsp;<\/p>\n<p>&nbsp;<\/p>\n<p>&nbsp;<\/p>\n<h2>LE MOTOSEGHE NON GIRANO, FESTA DI SAN LUCANO IN FORSE<\/h2>\n<p><strong><a class=\"dt-pswp-item\" href=\"http:\/\/www.radiopiu.net\/wordpress\/wp-content\/uploads\/2019\/04\/LUCANO.jpg\" data-dt-img-description=\"\" data-large_image_width=\"239\" data-large_image_height=\"175\"><img loading=\"lazy\" decoding=\"async\" class=\"alignleft wp-image-84046\" src=\"http:\/\/www.radiopiu.net\/wordpress\/wp-content\/uploads\/2019\/04\/LUCANO-150x150.jpg\" alt=\"\" width=\"166\" height=\"166\" \/><\/a>TAIBON<\/strong> Da decenni in Valle di San Lucano attorno al 20 luglio la comunit\u00e0 si ritrova per la messa, i giochi sui prati, il pic nic con la Proloco, la musica, il ballo, la pesca di beneficienza. Quest&#8217;anno tutto potrebbe saltare, nel prato adibito a festa ci sono gli alberi, tanti e grandi e tutti rovesciati a terra. Un gruppo di volontari anche con l&#8217;ausilio di una ditta specializzata si era ripromesso di fare ordine, pulire il prato&#8230; non la montagna sovrastante. E&#8217; pero&#8217; arrivato il &#8220;no&#8221; consegnato dalla guarda comunale. Impossibile spostare anche un solo albero, perch\u00e8 il piano anti valanghe del dopo Vaia lo vieta. Quel segno di pennarello include anche il prato delle feste, una piccola superficie che a tutt&#8217;oggi e&#8217; irraggiungibile e impraticabile e il 20 luglio non \u00e8 poi cos\u00ec lontano<\/p>\n<p><strong>IL VIDEO REALIZZATO IN VALLE DI SAN LUCANO, CON COMMENTO AUDIO<\/strong><\/p>\n<div style=\"width: 320px;\" class=\"wp-video\"><video class=\"wp-video-shortcode\" id=\"video-84006-1\" width=\"320\" height=\"240\" preload=\"metadata\" controls=\"controls\"><source type=\"video\/mp4\" src=\"http:\/\/www.radiopiu.net\/wordpress\/wp-content\/uploads\/2019\/04\/Il-mio-filmato-32.mp4?_=1\" \/><a href=\"http:\/\/www.radiopiu.net\/wordpress\/wp-content\/uploads\/2019\/04\/Il-mio-filmato-32.mp4\">http:\/\/www.radiopiu.net\/wordpress\/wp-content\/uploads\/2019\/04\/Il-mio-filmato-32.mp4<\/a><\/video><\/div>\n<p>&nbsp;<\/p>\n<h2><\/h2>\n<p>&nbsp;<\/p>\n<h2>Sanit\u00e0, la preoccupazione delle Organizzazioni sindacali bellunesi: \u201cLa Regione ascolti il territorio\u201d<\/h2>\n<p><strong><a class=\"dt-pswp-item\" href=\"http:\/\/www.radiopiu.net\/wordpress\/wp-content\/uploads\/2018\/05\/roffare.jpg\" data-dt-img-description=\"\" data-large_image_width=\"960\" data-large_image_height=\"959\"><img loading=\"lazy\" decoding=\"async\" class=\"wp-image-48457 alignleft\" src=\"http:\/\/www.radiopiu.net\/wordpress\/wp-content\/uploads\/2018\/05\/roffare-150x150.jpg\" alt=\"\" width=\"65\" height=\"65\" srcset=\"https:\/\/www.radiopiu.net\/wordpress\/wp-content\/uploads\/2018\/05\/roffare-150x150.jpg 150w, https:\/\/www.radiopiu.net\/wordpress\/wp-content\/uploads\/2018\/05\/roffare-300x300.jpg 300w, https:\/\/www.radiopiu.net\/wordpress\/wp-content\/uploads\/2018\/05\/roffare-768x767.jpg 768w, https:\/\/www.radiopiu.net\/wordpress\/wp-content\/uploads\/2018\/05\/roffare.jpg 960w\" sizes=\"auto, (max-width: 65px) 100vw, 65px\" \/><\/a>DALLA RASSEGNA STAMPA DELLE 8 05 RUDI ROFFARE&#8217;<\/strong><\/p>\n<audio class=\"wp-audio-shortcode\" id=\"audio-84006-1\" preload=\"none\" style=\"width: 100%;\" controls=\"controls\"><source type=\"audio\/mpeg\" src=\"http:\/\/www.radiopiu.net\/wordpress\/wp-content\/uploads\/2019\/04\/RUFI.mp3?_=1\" \/><a href=\"http:\/\/www.radiopiu.net\/wordpress\/wp-content\/uploads\/2019\/04\/RUFI.mp3\">http:\/\/www.radiopiu.net\/wordpress\/wp-content\/uploads\/2019\/04\/RUFI.mp3<\/a><\/audio>\n<p><strong>BELLUNO<\/strong> Cgil, Cisl e Uil di Belluno esprimono preoccupazione per l\u2019insufficiente disponibilit\u00e0 della Commissione regionale per la sanit\u00e0 e le politiche sociali nel recepire in tutto o in parte le proposte che i sindaci hanno fatto nei giorni scorsi a nome di tutto il territorio. Osservazioni maturate anche da un confronto tra Conferenza dei sindaci e Organizzazioni sindacali, che nei mesi scorsi hanno lavorato per evidenziare opportunit\u00e0 e punti deboli del nuovo piano socio sanitario. \u201cAbbiamo sempre sostenuto &#8211; affermano in una nota congiunta il segretario generale aggiunto della Cisl Belluno Treviso Rudy Roffar\u00e8, il segretario generale della Uil Treviso Belluno Guglielmo Pisana, il segretario generale della Cgil Belluno Mauro De Carli e la responsabile dello Spi Cgil Belluno Rita Gentilin &#8211; che un conto sono le teorie del nuovo piano e un conto la loro messa in pratica. Per questo la prima cosa che preoccupa \u00e8 quella citazione \u2018compatibilmente con le risorse messe a disposizione\u2019: questo significa che se il territorio di Belluno, nei prossimi anni, non si vede assegnare le risorse adeguate, molte di quelle teorie rischiano di rimanere sulla carta\u201d. \u201cInoltre &#8211; proseguono i rappresentanti sindacali &#8211; \u00e8 importante che, a fronte di un\u2019organizzazione di eccellenza nella cosiddetta \u201crete veneta\u201d, in cui l\u2019Hub di Treviso e in parte quello di Belluno diventano decisivi, si difenda l\u2019insieme di presidi con posti letto e la presenza dei medici nel territorio, e purtroppo oggi in discussione c\u2019\u00e8 anche questo. Anzi, per un vero sistema sociosanitario di qualit\u00e0, dovrebbe essere potenziato. Invece stiamo assistendo alla fine della sperimentazione delle medicine di gruppo integrate, cos\u00ec come per gli ospedali di comunit\u00e0 non si \u00e8 spinto a sufficienza per una loro distribuzione consistente e plasmata sulla conformit\u00e0 del territorio\u201d. \u201cTuttora &#8211; spiegano &#8211; continuiamo ad interrogare la Regione Veneto su quale sia la vera risposta ai problemi della sanit\u00e0 in montagna e quale sia il vero metodo che la direzione regionale sanitaria intende porre in essere per spostare la cura e le attenzioni sui malati cronici e i non autosufficienti che abitano la periferia della montagna bellunese. Abbiamo la necessit\u00e0 di mantenere e potenziare la medicina specialistica nel Bellunese, nonostante la carenza di medici. Recarsi negli ospedali fuori provincia seppur per patologie meno impegnative, penalizza ulteriormente la scarsa attrattivit\u00e0 del nostro territorio consentendone di fatto lo spopolamento, proprio per la mancanza di questi servizi. Manteniamo forti dubbi anche sui posti letto riservati alla riabilitazione, cos\u00ec come quelli destinati alle lungodegenze che sembrano soppresse a favore degli ospedali di comunit\u00e0. Siamo dunque preoccupati perch\u00e9 non si sono aggiunte risorse, ma ci sono invece tagli come quello ai posti letto o ancora ai primariati che sono la dimostrazione di un indebolimento dell&#8217;area sanitaria\u201d. \u201cIn definitiva &#8211; concludono &#8211; facciamo nostra la preoccupazione della conferenza dei sindaci e auspichiamo che le proposte fatte (posti letto, specializzazioni, golden hour, neurochirurgia h24, 4cc.) siano per lo meno discusse dalla commissione. In discussione non c\u2019\u00e8 soltanto la sanit\u00e0, ma la capacit\u00e0 del territorio di arginare lo spopolamento quando dovremmo invece, cambiare rotta con politiche che siano anche attrattive, come dimostrano gli ottimi programmi per la montagna fatti da regioni come Lombardia, Friuli e Emilia Romagna per gli Appennini\u201d.<\/p>\n<p>&nbsp;<\/p>\n<p>&nbsp;<\/p>\n<p>&nbsp;<\/p>\n<h1>L&#8217;ULTIMO DI SISTO DA ROIT<\/h1>\n<h4>IN UN&#8217;ORA IL SINDACO DI AGORDO SISTO DA ROIT RIASSUME GLI ULTIMI 5 ANNI IN MUNICIPIO. IL PRIMO CITTADINO EVIDENZIA LE LACUNE DELLA SOCIETA&#8217; NEI CINQUE ANNI PEGGIORI DELLA STORIA DELLA REPUBBLICA. OBIETTIVI CENTRATI E NON, LA DELUSIONE DEL PROGETTO SMART CITY E LE MANCATE RISPOSTE DEL CNR. I MERITI DELL&#8217;AMMINISTRAZIONE. &#8220;SIAMO SEMPRE STATI PRESENTI ALLE RIUNIONE&#8221;<\/h4>\n<p><em>DI GIANNI SANTOMASO<\/em><\/p>\n<audio class=\"wp-audio-shortcode\" id=\"audio-84006-2\" preload=\"none\" style=\"width: 100%;\" controls=\"controls\"><source type=\"audio\/mpeg\" src=\"http:\/\/www.radiopiu.net\/wordpress\/wp-content\/uploads\/2019\/04\/GIANNI-CONSIGLIO-COMUNALE-1.mp3?_=2\" \/><a href=\"http:\/\/www.radiopiu.net\/wordpress\/wp-content\/uploads\/2019\/04\/GIANNI-CONSIGLIO-COMUNALE-1.mp3\">http:\/\/www.radiopiu.net\/wordpress\/wp-content\/uploads\/2019\/04\/GIANNI-CONSIGLIO-COMUNALE-1.mp3<\/a><\/audio>\n<p><strong>L&#8217;INTERO INTERVENTO DEL SINDACO SISTO DA ROIT<\/strong><\/p>\n<div id=\"fb-root\"><\/div>\n<p><script async=\"1\" defer=\"1\" crossorigin=\"anonymous\" src=\"https:\/\/connect.facebook.net\/it_IT\/sdk.js#xfbml=1&amp;version=v6.0\"><\/script><\/p>\n<div class=\"fb-video\" data-href=\"https:\/\/www.facebook.com\/mirko.mezzacasa\/videos\/10219586065429064\/\" data-width=\"1200\">\n<blockquote cite=\"https:\/\/www.facebook.com\/mirko.mezzacasa\/videos\/10219586065429064\/\" class=\"fb-xfbml-parse-ignore\"><p><a href=\"https:\/\/www.facebook.com\/mirko.mezzacasa\/videos\/10219586065429064\/\"><\/a><\/p>\n<p>L ultimo consiglio comunale del sindaco Sisto Da Roit. Municipio di Agordo. 29 aprile 2019<\/p>\n<p>Pubblicato da <a href=\"https:\/\/www.facebook.com\/mirko.mezzacasa\">Mirko Mezzacasa<\/a> su Luned\u00ec 29 aprile 2019<\/p><\/blockquote>\n<\/div>\n<p>&nbsp;<\/p>\n<p>&nbsp;<\/p>\n<p>&nbsp;<\/p>\n<p>&nbsp;<\/p>\n<h2>DEFINITO IL CALENDARIO FERIE LUXOTTICA<\/h2>\n<p><strong>di Marco Gaz<\/strong><\/p>\n<p><strong><a class=\"dt-pswp-item\" href=\"http:\/\/www.radiopiu.net\/wordpress\/wp-content\/uploads\/2018\/05\/luxottica.jpg\" data-dt-img-description=\"\" data-large_image_width=\"244\" data-large_image_height=\"207\"><img loading=\"lazy\" decoding=\"async\" class=\"alignleft size-thumbnail wp-image-48459\" src=\"http:\/\/www.radiopiu.net\/wordpress\/wp-content\/uploads\/2018\/05\/luxottica-150x150.jpg\" alt=\"\" width=\"150\" height=\"150\" \/><\/a>AGORDO <\/strong>Dopo l&#8217;esposizione in bacheca dell&#8217;accordo di flessibilit\u00e0 e straordinari incentivati per il mese di maggio, RSU e Luxottica si sono incontrati ieri per definire il calendario ferie di agosto. Come sempre sono 3 le settimane di riposo per le maestranze dello stabilimento di Agordo. Infatti l&#8217;accordo definisce che le ferie inizieranno il 5 agosto per terminare il 23. In tutto sono 15 i giorni di ferie che verranno utilizzati. L&#8217;attivit\u00e0 lavorativa terminer\u00e0 venerd\u00ec 2 agosto e riprender\u00e0 luned\u00ec 26.\u00a0 Intanto sabato prossimo ci sar\u00e0 la prima giornata di straordinario incentivato. Si lavorer\u00e0 solo al mattino con turno 6-12 per i turnisti e 7-13 per i lavoratori a giornata e part-time. Sabato 11 maggio lavoreranno solo i turnisti del mattino mentre il 18 maggio doppio turno lavorativo per l&#8217;unico giorno di flessibilit\u00e0 positiva del mese.<\/p>\n<p>&nbsp;<\/p>\n<p>&nbsp;<\/p>\n<p>&nbsp;<\/p>\n<h2><\/h2>\n<h2><\/h2>\n<h2><\/h2>\n<h2><\/h2>\n<h2>SBOCCO A NORD E PROPOSTA TAVOLO REGIONE-CATEGORIE<\/h2>\n<p><strong>BELLUNO\u00a0<\/strong><em> \u00ab\u00c8 da tempo che aspettiamo un tavolo sul progetto di uno sbocco a nord e sulla viabilit\u00e0 interna del Bellunese, ma sia chiaro che le categorie dovranno essere ascoltate e coinvolte con la massima trasparenza, tempestivit\u00e0 e operativit\u00e0. Non saremo semplici spettatori\u00bb.<\/em> A dirlo \u00e8 la presidente di Confindustria Belluno Dolomiti Lorraine Berton, che cos\u00ec commenta la proposta dell\u2019assessore regionale Elisa De Berti di costituire un Tavolo per affrontare la questione del collegamento Venezia-Monaco aperto a Istituzioni, enti locali e categorie. <em>\u00abSono contenta che l\u2019appello del Tavolo delle Infrastrutture rivolto due settimane fa al Governatore Zaia sia stato ascoltato e che abbia smosso la Regione. Penso per\u00f2 che, fino a oggi, si sia perso tempo prezioso, come nel caso dell\u2019ultimo bando che finanziava studi di fattibilit\u00e0\u00bb<\/em>, sottolinea Berton. <em>\u00abMa \u00e8 nostro dovere guardare avanti, superare eventuali polemiche tipiche della campagna elettorale, ed entrare nel vivo della questione, partendo da uno studio di fattibilit\u00e0 serio, che prenda in considerazione le migliori tecnologie, i materiali pi\u00f9 avanzati, ma anche il coinvolgimento attivo del territorio che va sensibilizzato in modo maturo, con dati oggettivi.<\/em><em>Pi\u00f9 in generale serve una p<\/em>olitica dei trasporti condivisa in tutto l\u2019arco Alpino\u00bb, prosegue Berton. <em>\u00abSu questo come Confindustria per la Montagna stiamo lavorando spronando le Istituzioni da tempo. Certo, di fronte a un Governo che sospende la Tav e blocca investimenti gi\u00e0 finanziati a livello nazionale, c\u2019\u00e8 poco da stare allegri. All\u2019assessore De Berti dico che Confindustria Belluno non solo accetta l\u2019invito ma chiede di convocare questo tavolo urgentemente, magari gi\u00e0 a fine maggio-inizio giugno, finita la campagna elettorale\u00bb, la conclusione di Berton. \u00abArriveremo preparati e propositivi per il bene di un territorio che ha un estremo bisogno di lottare contro lo spopolamento e di ridare competitivit\u00e0 e fiducia alle sue imprese\u00bb.<\/em><\/p>\n<p>&nbsp;<\/p>\n<p>&nbsp;<\/p>\n<p>&nbsp;<\/p>\n<p>&nbsp;<\/p>\n<h2>DOLOMITI EMERGENCY, L&#8217;ASSEMBLEA<\/h2>\n<p style=\"text-align: left;\"><strong><a class=\"dt-pswp-item\" href=\"http:\/\/www.radiopiu.net\/wordpress\/wp-content\/uploads\/2016\/05\/dolomiti-emergency1.jpg\" data-dt-img-description=\"\" data-large_image_width=\"611\" data-large_image_height=\"297\"><img loading=\"lazy\" decoding=\"async\" class=\"alignleft size-thumbnail wp-image-19271\" src=\"http:\/\/www.radiopiu.net\/wordpress\/wp-content\/uploads\/2016\/05\/dolomiti-emergency1-150x150.jpg\" alt=\"\" width=\"150\" height=\"150\" \/><\/a>BELLUNO<\/strong> Approvazione del bilancio 2018 e del previsionale 2019. Sono soltanto alcuni dei punti all\u2019ordine del giorno dell\u2019assemblea annuale di Dolomiti Emergency, che si svolger\u00e0\u00a0 nella sala riunioni dell\u2019Ospedale San Martino di Belluno. Un\u2019assemblea importante, in quanto verr\u00e0 nominato il nuovo consiglio direttivo, che rester\u00e0 in carica per il triennio 2019-2022. Si chiude quindi il mandato di Laura Menegus, tra l\u2019altro primo presidente donna nella storia dell\u2019associazione. <em>\u00abDevo ammettere che \u00e8 stata una bellissima esperienza e sono molto soddisfatta perch\u00e9 abbiamo ottenuto ottimi risultati\u00bb, commenta la presidente uscente. \u00abIl nostro percorso si \u00e8 concluso raggiungendo obiettivi ancora maggiori rispetto a quelli che ci eravamo prefissati. Ora rimetto il mio mandato nelle mani dell\u2019assemblea\u00bb.<\/em><br \/>\nA testimoniare l\u2019ottimo operato del consiglio direttivo dell\u2019ultimo triennio sono i numeri. Dolomiti Emergency sta crescendo sempre di pi\u00f9:<em> \u00abSiamo molto contenti in quanto solo negli ultimi mesi si sono iscritti pi\u00f9 di 1.800 nuovi utenti\u00bb, tiene a evidenziare la Menegus, \u00abe questo fa ben sperare per il numero finale, che ad oggi \u00e8 di circa 12.000 iscritti per l\u2019anno 2019. E siamo solo ad aprile. Il 2018 si \u00e8 chiuso con 14.000 iscritti e l\u2019andamento di questo 2019 mostra che potenzialmente potremmo arrivare a oltre 15.000. Considerando che siamo partiti tre anni fa con 9.000 soci ordinari, direi che \u00e8 un bel numero e un gran risultato\u00bb. <\/em><\/p>\n<p>&nbsp;<\/p>\n<p>&nbsp;<\/p>\n<p>&nbsp;<\/p>\n<p>&nbsp;<\/p>\n<p>&nbsp;<\/p>\n<h2>VOLONTARIATO E SPAZZACORROTTI LE MODIFICHE SONO STATE ACCOLTE<\/h2>\n<blockquote>\n<h5>Non ci sar\u00e0 pi\u00f9 l\u2019equiparazione tra associazionismo e partiti politici: \u201cA Terzo settore e Pro Loco possiamo solo dire grazie\u201d.<\/h5>\n<\/blockquote>\n<p>dalla rassegna stampa delle 8 05 FEDERICO D&#8217;INCA&#8217;<\/p>\n<audio class=\"wp-audio-shortcode\" id=\"audio-84006-3\" preload=\"none\" style=\"width: 100%;\" controls=\"controls\"><source type=\"audio\/mpeg\" src=\"http:\/\/www.radiopiu.net\/wordpress\/wp-content\/uploads\/2019\/04\/FEDERICO-1.mp3?_=3\" \/><a href=\"http:\/\/www.radiopiu.net\/wordpress\/wp-content\/uploads\/2019\/04\/FEDERICO-1.mp3\">http:\/\/www.radiopiu.net\/wordpress\/wp-content\/uploads\/2019\/04\/FEDERICO-1.mp3<\/a><\/audio>\n<p>&nbsp;<\/p>\n<p><strong><a class=\"dt-pswp-item\" href=\"http:\/\/www.radiopiu.net\/wordpress\/wp-content\/uploads\/2019\/04\/IMG-20190419-WA0031.jpg\" data-dt-img-description=\"\" data-large_image_width=\"1288\" data-large_image_height=\"966\"><img loading=\"lazy\" decoding=\"async\" class=\"alignleft wp-image-83288\" src=\"http:\/\/www.radiopiu.net\/wordpress\/wp-content\/uploads\/2019\/04\/IMG-20190419-WA0031-150x150.jpg\" alt=\"\" width=\"193\" height=\"193\" \/><\/a>ROMA<\/strong><em>&#8220;Le indicazioni da parte del Terzo settore e in particolare delle Pro Loco per modificare lo \u2018Spazzacorrotti\u2019 sono state accolte: non ci sar\u00e0 pi\u00f9, a livello normativo, l\u2019equiparazione tra volontariato e associazionismo con i partiti politici\u201d. <\/em>Lo afferma il deputato bellunese Federico D\u2019Inc\u00e0 (M5S), in merito all\u2019articolo 43 contenuto nel \u2018Decreto crescita\u2019 che pone rimedio, come gi\u00e0 annunciato le scorse settimane, agli adempimenti previsti dalla legge \u2018Spazzacorrotti\u2019 nei confronti delle associazioni di volontariato. Con la recente modifica, non saranno pi\u00f9 assimilati ai partiti politici tutti gli enti che rientreranno nel Registro unico del Terzo settore, n\u00e9 le fondazioni, le associazioni e i comitati appartenenti alle confessioni religiose con le quali lo Stato ha stipulato patti, accordi o intese. Per gli altri enti, gli obblighi vigenti scatteranno solo se un terzo del CdA ha avuto incarichi elettivi nei sei anni precedenti. <em>\u201cPur restando ferma la nostra battaglia alla corruzione \u2013 prosegue D\u2019Inc\u00e0 \u2013 vogliamo semplificare la vita delle tante associazioni di volontariato in Veneto e in Italia che svolgono un ruolo fondamentale nelle nostre comunit\u00e0. Sono un inesauribile luogo di formazione all\u2019aiuto e alla solidariet\u00e0 dei giovani che poi saranno perno delle amministrazioni locali future\u201d. <\/em>Il deputato-Questore della Camera dei Deputati esprime \u201cpiena vicinanza a chi lavora nelle pro loco e nel Terzo settore\u201d, aggiungendo che \u201c<em>a queste persone possiamo solo dire grazie: continueremo ad avere rapporti diretti per essere al servizio del grande volontariato italiano per migliorare il loro lavoro, togliendo carte e burocrazia che, di fatto, ne soffocano l\u2019opera\u201d.<\/em><\/p>\n<p>&nbsp;<\/p>\n<p>&nbsp;<\/p>\n<p>&nbsp;<\/p>\n<p>&nbsp;<\/p>\n<p>&nbsp;<\/p>\n<p>&nbsp;<\/p>\n<p>&nbsp;<\/p>\n<p>&nbsp;<\/p>\n<h2><a class=\"dt-pswp-item\" href=\"http:\/\/www.radiopiu.net\/wordpress\/wp-content\/uploads\/2017\/12\/Mariannina-Del-Din-Premio-Corpassa.jpg\" data-dt-img-description=\"\" data-large_image_width=\"1476\" data-large_image_height=\"1107\"><img loading=\"lazy\" decoding=\"async\" class=\"alignleft size-thumbnail wp-image-40446\" src=\"http:\/\/www.radiopiu.net\/wordpress\/wp-content\/uploads\/2017\/12\/Mariannina-Del-Din-Premio-Corpassa-150x150.jpg\" alt=\"\" width=\"150\" height=\"150\" \/><\/a><\/h2>\n<h2><\/h2>\n<h2>NEL RICORDO DI MARIA NINA DALL&#8217;ARMI IL PREMIO ALLA CULTURA<\/h2>\n<p><strong>DI GIANNI SANTOMASO<\/strong><\/p>\n<audio class=\"wp-audio-shortcode\" id=\"audio-84006-4\" preload=\"none\" style=\"width: 100%;\" controls=\"controls\"><source type=\"audio\/mpeg\" src=\"http:\/\/www.radiopiu.net\/wordpress\/wp-content\/uploads\/2019\/04\/MARIA-NINA.mp3?_=4\" \/><a href=\"http:\/\/www.radiopiu.net\/wordpress\/wp-content\/uploads\/2019\/04\/MARIA-NINA.mp3\">http:\/\/www.radiopiu.net\/wordpress\/wp-content\/uploads\/2019\/04\/MARIA-NINA.mp3<\/a><\/audio>\n<h2><\/h2>\n<p>&nbsp;<\/p>\n<p>&nbsp;<\/p>\n<p>&nbsp;<\/p>\n<h1>\u00a0MARATONA DI LETTURA 2019<\/h1>\n<h1>si parte!<\/h1>\n<p><a class=\"dt-pswp-item\" href=\"http:\/\/www.radiopiu.net\/wordpress\/wp-content\/uploads\/2019\/04\/WhatsApp-Image-2019-04-29-at-17.37.05.jpeg\" data-dt-img-description=\"\" data-large_image_width=\"1600\" data-large_image_height=\"900\"><img loading=\"lazy\" decoding=\"async\" class=\"alignleft wp-image-84100 size-large\" src=\"http:\/\/www.radiopiu.net\/wordpress\/wp-content\/uploads\/2019\/04\/WhatsApp-Image-2019-04-29-at-17.37.05-1024x576.jpeg\" alt=\"\" width=\"1024\" height=\"576\" srcset=\"https:\/\/www.radiopiu.net\/wordpress\/wp-content\/uploads\/2019\/04\/WhatsApp-Image-2019-04-29-at-17.37.05-1024x576.jpeg 1024w, https:\/\/www.radiopiu.net\/wordpress\/wp-content\/uploads\/2019\/04\/WhatsApp-Image-2019-04-29-at-17.37.05-300x169.jpeg 300w, https:\/\/www.radiopiu.net\/wordpress\/wp-content\/uploads\/2019\/04\/WhatsApp-Image-2019-04-29-at-17.37.05-768x432.jpeg 768w, https:\/\/www.radiopiu.net\/wordpress\/wp-content\/uploads\/2019\/04\/WhatsApp-Image-2019-04-29-at-17.37.05.jpeg 1600w\" sizes=\"auto, (max-width: 1024px) 100vw, 1024px\" \/><\/a><\/p>\n<p><strong>FELTRE<\/strong> Inizia questa sera\u00a0 con l&#8217;incontro in programma al Teatro de la Sena alle ore 21 (posti gi\u00e0 esauriti) &#8211; protagonisti Piero Ignazi e Pietro Del Sold\u00e0 &#8211; la MARATONA DI LETTURA 2019, dedicata ad ANTONIO SCURATI. Luned\u00ec l&#8217;incontro &#8220;d&#8217;avvio&#8221; con i gruppi di lettura e i lettori (oltre una trentina) che presteranno la loro voce e la loro interpretazione durante la lunga maratona di sabato&#8230;<\/p>\n<p><strong>l&#8217;assessore alla cultura Alessandro Del Bianco\u00a0<\/strong><\/p>\n<audio class=\"wp-audio-shortcode\" id=\"audio-84006-5\" preload=\"none\" style=\"width: 100%;\" controls=\"controls\"><source type=\"audio\/mpeg\" src=\"http:\/\/www.radiopiu.net\/wordpress\/wp-content\/uploads\/2019\/04\/FELTRE.mp3?_=5\" \/><a href=\"http:\/\/www.radiopiu.net\/wordpress\/wp-content\/uploads\/2019\/04\/FELTRE.mp3\">http:\/\/www.radiopiu.net\/wordpress\/wp-content\/uploads\/2019\/04\/FELTRE.mp3<\/a><\/audio>\n<h2><\/h2>\n<p>&nbsp;<\/p>\n<h2><\/h2>\n<p>&nbsp;<\/p>\n<p>&nbsp;<\/p>\n<p>&nbsp;<\/p>\n<p>&nbsp;<\/p>\n<h2><\/h2>\n<h2>200 MILA EURO PER PARRUCCHE A DONNE MALATE\u00a0(AVN) Venezia, 29 aprile 2019<\/h2>\n<p><strong>VENEZIA<\/strong> Si allarga, in Veneto, la platea di donne affette da alopecia che potranno accedere a un contributo della Regione per l\u2019acquisto di una parrucca. Lo ha deciso la Giunta regionale, su proposta dell\u2019Assessore alla Sanit\u00e0, stanziando per questo una somma complessiva di 200 mila euro.<em> \u201cTali contributi sono attivi gi\u00e0 dal 2016 \u2013 fa notare l\u2019Assessore \u2013 ma, facendo tesoro degli esiti del primo triennio di applicazione, abbiamo rivisto e allargato le modalit\u00e0 e i criteri di erogazione per rispondere di pi\u00f9 e meglio alle esigenze manifestate dalle donne o rilevate dai distretti Sanitari. E\u2019 una scelta di civilt\u00e0 \u2013 tiene a sottolineare l\u2019Assessore \u2013 perch\u00e9 la perdita dei capelli a causa di una patologia, o di cure oncologiche, \u00e8 un grande e grave elemento di fragilit\u00e0, non solo nell\u2019elaborazione personale della malattia, ma anche negli aspetti relazionali e interpersonali\u201d.<\/em><\/p>\n<p>&nbsp;<\/p>\n<p>&nbsp;<\/p>\n<p>&nbsp;<\/p>\n<p>&nbsp;<\/p>\n<p>&nbsp;<\/p>\n<h1 class=\"documentFirstHeading\"><span id=\"parent-fieldname-title\" class=\"\">Qualit\u00e0 dell\u2019aria: on line i risultati della campagna di monitoraggio nel comune di Alano di Piave (BL)<\/span><\/h1>\n<div id=\"category\" class=\"documentByLine\"><strong>PADOVA\u00a0<\/strong> Nel sito internet dell&#8217;Agenzia sono disponibili i risultati dei monitoraggi della qualit\u00e0 dell\u2019aria effettuati dal 9 novembre 2017 al 22 gennaio 2018 e dal 3 maggio al 25 luglio 2018. Il mezzo mobile utilizzato per le misure degli inquinanti atmosferici \u00e8 stato posizionato presso la scuola secondaria Italo Calvino. L&#8217;elaborazione dei dati acquisiti ha evidenziato, per il periodo invernale, la presenza di polveri PM10; i superamenti complessivi registrati sono risultati inferiori ai 35 annui previsti dalla normativa. Concentrazioni pi\u00f9 rilevanti sono state misurate per il benzo(a)pirene che, come media ponderata nei due periodi, supera l&#8217;obiettivo di qualit\u00e0 annuale (1 nano grammo\/m<sup>3<\/sup>).\u00a0 Nel periodo estivo si segnalano alcuni episodi sporadici di superamento della soglia di informazione alla popolazione per l\u2019ozono ma mai della soglia di allarme.<\/div>\n<div id=\"parent-fieldname-text\" class=\"plain\">\n<ul>\n<li><strong><a class=\"external-link\" title=\"il collegamento apre una nuova finestra\" href=\"http:\/\/www.arpa.veneto.it\/arpav\/chi-e-arpav\/file-e-allegati\/dap-belluno\/aria\/Qualita-dellaria-prov-bl\/comune-di-alano-di-piave\/Alano_conclusiva_2018.pdf\">scarica la relazione<\/a><\/strong><\/li>\n<\/ul>\n<\/div>\n<p>&nbsp;<\/p>\n<p>&nbsp;<\/p>\n<p>&nbsp;<\/p>\n<p>&nbsp;<\/p>\n<p>&nbsp;<\/p>\n<h2>TRA LEGGE E PENSIERO. IL DIRITTO DI SAPERE E DI SCEGLIERE<\/h2>\n<blockquote>\n<h3><em>Sabato 4 maggio il convegno aperto alla cittadinanza<\/em><\/h3>\n<\/blockquote>\n<p><strong><a class=\"dt-pswp-item\" href=\"http:\/\/www.radiopiu.net\/wordpress\/wp-content\/uploads\/2019\/04\/CSV-25-2019-Foto-corso-amministratori-di-sostegno-2019.jpg\" data-dt-img-description=\"\" data-large_image_width=\"1600\" data-large_image_height=\"1200\"><img loading=\"lazy\" decoding=\"async\" class=\"alignleft wp-image-84034\" src=\"http:\/\/www.radiopiu.net\/wordpress\/wp-content\/uploads\/2019\/04\/CSV-25-2019-Foto-corso-amministratori-di-sostegno-2019-150x150.jpg\" alt=\"\" width=\"192\" height=\"192\" \/><\/a>BELLUNO<\/strong>. \u201cTra legge e pensiero. ll diritto di sapere e di scegliere\u201d: questo il titolo del convegno promosso dal Comitato d&#8217;Intesa del Csv Belluno in collaborazione con Ulss 1 Dolomiti. Oggetto dell&#8217;incontro i trattamenti medico-sanitari, l&#8217;autodeterminazione e la tutela dopo la legge 219\/2017. Si terr\u00e0 sabato 4 maggio 2019 alle 15 presso la sala teatro &#8220;Giovanni XXIII&#8221; in Piazza Piloni 11. Ne discuteranno il professore e avvocato Marco Azzalini (Universit\u00e0 degli studi di Bergamo e Comitato etico per la pratica clinica dell&#8217;Azienda ospedaliera di Padova) e il dottor Diego Silvestri (referente del Gruppo di Vicenza dell&#8217;associazione &#8220;Luca Coscioni&#8221;). Moderano l&#8217;incontro Federico Brancaleone (Csv Belluno) e Alessia Munaro (Comitato d&#8217;Intesa). Il convegno \u00e8 la tappa finale del corso di formazione per amministratori di sostegno, decollato lo scorso marzo. L&#8217;incontro del 4 maggio \u00e8 l&#8217;ultimo appuntamento ed \u00e8 esteso con ingresso libero alla cittadinanza, proprio per la tematica di interesse comune; l&#8217;evento \u00e8 patrocinato dalla Regione del Veneto, Azienda Ulss 1 Dolomiti, Comitato sindaci Belluno-Feltre, Tribunale di Belluno.<\/p>\n<p>&nbsp;<\/p>\n<p>&nbsp;<\/p>\n<p>&nbsp;<\/p>\n<h2><\/h2>\n<h2><\/h2>\n<h2><\/h2>\n<h2><\/h2>\n<h2><\/h2>\n<h2>I CONSIGLI COMUNALI DELLA SETTIMANA TRA LASCITI, CITTADINANZA ONORARIA E SALUTI DI COMMIATO<\/h2>\n<p><strong>TAIBON<\/strong> Appuntamento questa sera alle 19 con la seduta del consiglio comunale di Taibon, convocata dal sindaco uscente Silvia Tormen. All&#8217;ordine del giorno il rendiconto finanziario 2018 e la variazione al bilancio di previsione 2019-2021. Sempre a proposito di conti, verranno discussi questa sera il bilancio di esercizio 2018 dell&#8217;azienda speciale multiservizi di Taibon e dell&#8217;azienda speciale consortile Asca. Ma si discuter\u00e0 anche di urbanistica, con l&#8217;approvazione della variante al regolamento edizlio <strong>CENCENIGHE<\/strong> Il sindaco Mauro Soppelsa ha convocato i consiglieri per oggii alle 20.30, in dicussione rendiconto, convenzioni ma anche un lascito ereditario. <strong>LIVINALLONGO<\/strong> Anche Leandro Grones ha scelto la giornata odierna (alle 17.30)\u00a0 per l&#8217;ultimo consiglio dell&#8217;attuale legislatura, all&#8217;ordine del giorno anche il prelievo dal fondo di riserva. <strong>ALLEGHE<\/strong> Siro De Biasio saluta la sala del consiglio con l&#8217;ultima riunione domani alle 18)\u00a0 che porter\u00e0 anche all&#8217;approvazione del bilancio Asca oltre che del bilancio pluriennale<strong><br \/>\n<\/strong><\/p>\n<h3><a class=\"dt-pswp-item\" href=\"http:\/\/www.radiopiu.net\/wordpress\/wp-content\/uploads\/2018\/05\/Mauro-Soppelsa-libero-professionista-perito-edile-56-anni.jpg\" data-dt-img-description=\"\" data-large_image_width=\"1852\" data-large_image_height=\"2218\"><img loading=\"lazy\" decoding=\"async\" class=\"alignleft wp-image-48070\" src=\"http:\/\/www.radiopiu.net\/wordpress\/wp-content\/uploads\/2018\/05\/Mauro-Soppelsa-libero-professionista-perito-edile-56-anni-150x150.jpg\" alt=\"\" width=\"78\" height=\"78\" \/><\/a><\/h3>\n<h3>IL LASCITO DI CENCENIGHE DI EMILIA ONGARO,<\/h3>\n<h3>IL SINDACO MAURO SOPPELSA<\/h3>\n<audio class=\"wp-audio-shortcode\" id=\"audio-84006-6\" preload=\"none\" style=\"width: 100%;\" controls=\"controls\"><source type=\"audio\/mpeg\" src=\"http:\/\/www.radiopiu.net\/wordpress\/wp-content\/uploads\/2019\/04\/mauro.mp3?_=6\" \/><a href=\"http:\/\/www.radiopiu.net\/wordpress\/wp-content\/uploads\/2019\/04\/mauro.mp3\">http:\/\/www.radiopiu.net\/wordpress\/wp-content\/uploads\/2019\/04\/mauro.mp3<\/a><\/audio>\n<h3><\/h3>\n<p>&nbsp;<\/p>\n<p>&nbsp;<\/p>\n<p>&nbsp;<\/p>\n<p>&nbsp;<\/p>\n<h1>TORNA CAMMINA CON ME, IL VIA DAL 3 MAGGIO.<\/h1>\n<p><strong>di DAMIANO TORMEN<\/strong><\/p>\n<audio class=\"wp-audio-shortcode\" id=\"audio-84006-7\" preload=\"none\" style=\"width: 100%;\" controls=\"controls\"><source type=\"audio\/mpeg\" src=\"http:\/\/www.radiopiu.net\/wordpress\/wp-content\/uploads\/2019\/04\/DAMIANO-TORMEN.mp3?_=7\" \/><a href=\"http:\/\/www.radiopiu.net\/wordpress\/wp-content\/uploads\/2019\/04\/DAMIANO-TORMEN.mp3\">http:\/\/www.radiopiu.net\/wordpress\/wp-content\/uploads\/2019\/04\/DAMIANO-TORMEN.mp3<\/a><\/audio>\n<p>&nbsp;<\/p>\n<p>&nbsp;<\/p>\n<p>&nbsp;<\/p>\n<p>&nbsp;<\/p>\n<h2>A TEATRO CON MAMMA E PAPA&#8217;<\/h2>\n<blockquote>\n<h3><em>A \u201cscuola\u201d di teatro con mamma e pap\u00e0 nell\u2019ambito del progetto \u201cLuoghi e Nonluoghi \u2013 i bambini abitano il territorio\u201d, un progetto selezionato da Con i Bambini nell\u2019ambito del Fondo per il contrasto della povert\u00e0 educativa minorile.<\/em><\/h3>\n<\/blockquote>\n<p><strong><a class=\"dt-pswp-item\" href=\"http:\/\/www.radiopiu.net\/wordpress\/wp-content\/uploads\/2019\/04\/image001-1.png\" data-dt-img-description=\"\" data-large_image_width=\"576\" data-large_image_height=\"815\"><img loading=\"lazy\" decoding=\"async\" class=\"alignleft wp-image-84036\" src=\"http:\/\/www.radiopiu.net\/wordpress\/wp-content\/uploads\/2019\/04\/image001-1-150x150.png\" alt=\"\" width=\"180\" height=\"180\" \/><\/a>FELTRE<\/strong>\u00a0 \u201cHai mai giocato al teatro con mamma e pap\u00e0?\u201d.\u00a0 \u00c8 questo il titolo dell\u2019iniziativa che rientra nell\u2019azione progettuale MyPark lanciata dal Comune di Feltre in collaborazione con Tib Teatro di Belluno, soggetto capofila del pi\u00f9 ampio progetto Luoghi e Nonluoghi \u2013 i bambini abitano il territorio, progetto selezionato da Con i Bambini nell\u2019ambito del Fondo per il contrasto della povert\u00e0 educativa minorile. Strutturato in 10 incontri, dal 24 maggio al 22 giugno prossimi, il corso di teatro per genitori e figli \u00e8 il primo di una serie di momenti formativi e di incontri rivolti a genitori-nonni e ragazzi, funzionali a promuovere la comunicazione e la relazione intergenerazionale che Tib Teatro organizzer\u00e0, in collaborazione con il Comune di Feltre, da maggio a dicembre. La prima proposta \u00e8 dunque quella di un percorso laboratoriale dedicato al teatro che si svolger\u00e0 nel quartiere del Boscariz, nelle sale messe a disposizione per l\u2019occasione dalla Parrocchia. Il corso, che prevede la partecipazione di un massimo di 20 persone, \u00e8 rivolto ai bambini nella fascia d\u2019et\u00e0 compresa tra i 7 e 10 anni. Per informazioni ed iscrizioni \u00e8 possibile contattare Tib Teatro di Belluno allo 0437 \u2013 950555. <em>\u201cL\u2019iniziativa, che rientra in un progetto molto pi\u00f9 ampio che vedr\u00e0 il Comune di Feltre in prima linea a fianco del Tib Teatro di Belluno, soggetto capofila, mira a sviluppare il dialogo intergenerazionale secondo dinamiche e linguaggi nuovi, come quello del teatro. La scelta di partire dal Boscariz, sottolinea l\u2019assessora alle politiche sociali e giovanili del Comune di Feltre Debora Nicoletto, non \u00e8 al riguardo casuale. Grazie anche alla sinergia con altri soggetti sul territorio, prima fra tutti la Parrocchia che mette a disposizione le sale per il corso, abbiamo infatti deciso di partire da uno dei quartieri su cui ci stiamo maggiormente impegnando in una serie di interventi di riqualificazione urbana e di sostegno sociale, come \u2013 non ultima \u2013 la presenza dell\u2019educatore di comunit\u00e0\u201d, conclude Nicoletto.<\/em><\/p>\n<p>&nbsp;<\/p>\n<p>&nbsp;<\/p>\n<p>&nbsp;<\/p>\n<p>&nbsp;<\/p>\n<p>&nbsp;<\/p>\n<blockquote><p><strong>BELLUNO<\/strong> Oggi alle\u00a0 12.15 presso la Libreria Tarantola in via Psaro conferenza stampa di presentazione della rassegna letteraria &#8220;Donne e scrittura. Rassegna letteraria per giovani scrittrici emergenti&#8221;. Saranno presenti Marco Perale, assessore alla Cultura; Giovanni Grazioli,\u00a0direttore della Biblioteca Civica; Piera Arrigoni, Presidente del Soroptimist club Belluno-Feltre; Alessandro Tarantola, titolare di Libreria Tarantola.<\/p><\/blockquote>\n<p>&nbsp;<\/p>\n<p>&nbsp;<\/p>\n<p>&nbsp;<\/p>\n<p>&nbsp;<\/p>\n<p>&nbsp;<\/p>\n<h2>ANCHE I MULI VANNO AVANTI, MORTO IROSO IL PIU&#8217; VECCHIO D&#8217;ITALIA<\/h2>\n<blockquote>\n<p class=\"western\"><em><strong>VENEZIA<\/strong>\u201cCome tutti i veri Alpini, anche il Generale Iroso non \u00e8 morto, \u00e8 semplicemente andato avanti, per restare comunque per sempre nei nostri cuori\u201d.<\/em><\/p>\n<\/blockquote>\n<p class=\"western\"><a class=\"dt-pswp-item\" href=\"http:\/\/www.radiopiu.net\/wordpress\/wp-content\/uploads\/2019\/04\/IROSO-1.png\" data-dt-img-description=\"\" data-large_image_width=\"1161\" data-large_image_height=\"595\"><img loading=\"lazy\" decoding=\"async\" class=\"alignleft size-thumbnail wp-image-84060\" src=\"http:\/\/www.radiopiu.net\/wordpress\/wp-content\/uploads\/2019\/04\/IROSO-1-150x150.png\" alt=\"\" width=\"150\" height=\"150\" \/><\/a> Con queste parole il Presidente della Regione del Veneto ricorda l\u2019epopea del mulo \u201cIroso\u201d, l\u2019ultimo mulo alpino rimasto in vita, con la matricola 212 ancora stampigliata sullo zoccolo, che oggi, a 40 anni, \u00e8 \u201candato avanti\u201d, come usano dire gli Alpini di un loro commilitone che non c\u2019\u00e8 pi\u00f9. \u201cTante volte ci siamo incontrati con Iroso \u2013 ricorda il Governatore \u2013 e ogni volta era come ritrovare un vecchio amico, non solo un animale di accarezzare e rispettare. Un amico degli alpini, di noi grandi come dei tanti bambini che se ne innamorarono incontrandolo, all\u2019adunata degli Alpini di Treviso 2017, come in occasione del suo compleanno che festeggiammo a Vittorio Veneto. In lui c\u2019\u00e8 stata una fierezza straordinaria, con la quale ha rappresentato tanti valori: l\u2019alpinit\u00e0, la storia del nostro territorio, l\u2019identit\u00e0 del Veneto e delle genti di montagna\u201d. \u201cUn grazie particolare in questo momento di profondo dispiacere \u2013 aggiunge il presidente della Regione \u2013 va a Toni de Luca, che salv\u00f2 lui e i suoi compagni reduci dalla chiusura del reparto salmerie dell\u2019esercito, alla moglie e alla famiglia di Toni e a tutti gli Alpini che in tanti anni, con tanto amore, lo hanno accudito, curato, seguito come meritava, perch\u00e9 il Generale Iroso ha meritato davvero tutte le attenzioni che ha ricevuto. Oggi \u2013 conclude \u2013 \u00e8 bello immaginarlo lass\u00f9, forte e vitale come un tempo, a sfidare di nuovo un sentiero impervio di montagna, perch\u00e9 Iroso non \u00e8 morto, \u00e8 andato avanti su quel sentiero\u201d.<\/p>\n<p>&nbsp;<\/p>\n<p>&nbsp;<\/p>\n<h3><\/h3>\n<p>&nbsp;<\/p>\n<p>&nbsp;<\/p>\n<p>&nbsp;<\/p>\n<h3><a class=\"dt-pswp-item\" href=\"http:\/\/www.radiopiu.net\/wordpress\/wp-content\/uploads\/2019\/04\/WhatsApp-Image-2019-04-26-at-21.37.55.jpeg\" data-dt-img-description=\"\" data-large_image_width=\"940\" data-large_image_height=\"788\"><img loading=\"lazy\" decoding=\"async\" class=\"alignleft size-thumbnail wp-image-83831\" src=\"http:\/\/www.radiopiu.net\/wordpress\/wp-content\/uploads\/2019\/04\/WhatsApp-Image-2019-04-26-at-21.37.55-150x150.jpeg\" alt=\"\" width=\"150\" height=\"150\" \/><\/a><\/h3>\n<h3><\/h3>\n<h3>CANI GUIDA E CANI SCIOLTI, E&#8217; UN PROBLEMA. UN PERICOLO PER GLI ALTRI MA ANCHE PER IL PADRONE STESSO.<\/h3>\n<p><strong>DI LUISA ALCHINI<\/strong><\/p>\n<audio class=\"wp-audio-shortcode\" id=\"audio-84006-8\" preload=\"none\" style=\"width: 100%;\" controls=\"controls\"><source type=\"audio\/mpeg\" src=\"http:\/\/www.radiopiu.net\/wordpress\/wp-content\/uploads\/2019\/04\/1tutelacaniguidaeanziani.mp3?_=8\" \/><a href=\"http:\/\/www.radiopiu.net\/wordpress\/wp-content\/uploads\/2019\/04\/1tutelacaniguidaeanziani.mp3\">http:\/\/www.radiopiu.net\/wordpress\/wp-content\/uploads\/2019\/04\/1tutelacaniguidaeanziani.mp3<\/a><\/audio>\n<p>&nbsp;<\/p>\n<p>&nbsp;<\/p>\n<p>&nbsp;<\/p>\n<h2>IL PRIMO MAGGIO 7 STELLE AL MERITO DAI MAESTRI DEL LAVORO<\/h2>\n<p><strong>Federazione Maestri del Lavoro d\u2019Italia Consolato provinciale di Belluno <\/strong>In occasione della consueta cerimonia annuale, che si tiene il 1\u00b0 maggio al Teatro Toniolo di Mestre, la Federazione dei Maestri del Lavoro di Belluno, presieduta dal console Giuseppe Colferai, vedr\u00e0 premiati sette nuovi colleghi che saranno insigniti della Stella al merito del lavoro.<\/p>\n<blockquote><p>I nuovi Maestri del lavoro bellunesi sono: <strong>Paolo De Biasi,<\/strong> Limana, quadro della BNL Spa &#8211; Gruppo BNP Paribas &#8211; Belluno <strong>Patrizia De Fina<\/strong>, Ponte nelle Alpi, impiegata (ora in pensione) dell\u2019Eliwell Controls Srl di Puos d\u2019Alpago <strong>Luisa Longo<\/strong>, Trichiana, quadro di Poste Italiane Spa &#8211; Mestre <strong>Serenella Moretti,<\/strong> Canale d\u2019Agordo, impiegata di Luxottica Srl &#8211; Agordo <strong>Giovanni Tiberio,<\/strong> Pieve di Cadore, impiegato di De Rigo Vision Spa &#8211; Longarone <strong>Orietta Zandomenego<\/strong>, Longarone, impiegata di De Rigo Vision Spa &#8211; Longarone <strong>Pietro Zasso<\/strong>, Trichiana, impiegato di Luxottica Srl &#8211; Agordo<\/p><\/blockquote>\n<p>&nbsp;<\/p>\n<p>&nbsp;<\/p>\n<p>&nbsp;<\/p>\n<h1><span style=\"color: #ff0000;\">GUIDA AL VOTO NEI 9 COMUNI DELL&#8217;AGORDINO\u00a0<\/span><\/h1>\n<p><a class=\"dt-pswp-item\" href=\"http:\/\/www.radiopiu.net\/wordpress\/wp-content\/uploads\/2015\/05\/Elezioni1.jpg\" data-dt-img-description=\"\" data-large_image_width=\"1600\" data-large_image_height=\"1200\"><img loading=\"lazy\" decoding=\"async\" class=\"alignleft size-thumbnail wp-image-5024\" src=\"http:\/\/www.radiopiu.net\/wordpress\/wp-content\/uploads\/2015\/05\/Elezioni1-150x150.jpg\" alt=\"\" width=\"150\" height=\"150\" \/><\/a>Ad Alleghe <strong>Danilo De Toni<\/strong>, La Valle <strong>Ezio Zuanel<\/strong>, \u00a0Voltago <strong>Alessandro Lazzarini<\/strong>, a Taibon seconda candidatura di <strong>Silvia Tormen<\/strong> mentre <strong>Bruno Bulf<\/strong> nonostante siano passati 44 anni dal primo giorno in poltrona non demorde e\u00a0 presenta la lista, anche a Livinallongo sfida a due tra<strong> Leandro Grones <\/strong>e<strong> Daniela Templari<\/strong>, cos\u00ec a Rocca Pietore tra A<strong>ndrea De Bernardin <\/strong>e<strong> Maurizio De Cassan,<\/strong> ad Agordo \u00e8 sfida tra <strong>Paolo Selva Moretti <\/strong>e<strong> Roberto Chissal\u00e8.<\/strong> Risolto il nodo di Vallada\u00a0 con\u00a0 la seconda lista\u00a0 per scongiurare il commissariamento\u00a0con la ricandidatura di<strong> Fabio Luchetta <\/strong>e<strong> Giovanni Tomaselli<\/strong> <strong>\u00a0. <\/strong><strong>\u00a0<\/strong>Come ricordato in questi giorni a San Tomaso <strong>Moreno De Val <\/strong>corre contro <strong>Katia Veneri.<\/strong><\/p>\n<p>&nbsp;<\/p>\n<p>&nbsp;<\/p>\n<p>&nbsp;<\/p>\n<p>&nbsp;<\/p>\n<p>&nbsp;<\/p>\n<p>&nbsp;<\/p>\n<p>&nbsp;<\/p>\n<p>&nbsp;<\/p>\n<h2>LEPANTO: UNA SVOLTA PER LA STORIA.<\/h2>\n<p><a class=\"dt-pswp-item\" href=\"http:\/\/www.radiopiu.net\/wordpress\/wp-content\/uploads\/2019\/04\/IMG-20190403-WA0010-1.jpg\" data-dt-img-description=\"\" data-large_image_width=\"1024\" data-large_image_height=\"768\"><img loading=\"lazy\" decoding=\"async\" class=\"alignleft wp-image-84047\" src=\"http:\/\/www.radiopiu.net\/wordpress\/wp-content\/uploads\/2019\/04\/IMG-20190403-WA0010-1-150x150.jpg\" alt=\"\" width=\"162\" height=\"162\" \/><\/a>La battaglia di Lepanto e le sue conseguenze. Argomento di grande interesse, quello affrontato nel corso dell\u2019ultimo incontro della Confraternita del Formaggio Piave dop. Un approfondimento, proposto da Stefano Calabro e Franco Zambotto, con due approcci solo apparentemente distanti tra loro.<br \/>\nCalabro ha raccontato il momento storico e gli attori principali dell\u2019evento; Zambotto, per parte sua, ha proposto una carrellata su alcuni dei cibi che rappresentavano la quotidianit\u00e0 per le genti venete dell\u2019epoca. Cibi che, poi, sono stati proposti nel tradizionale convivio finale. La battaglia di Lepanto (conosciuta anche come \u2018battaglia delle Echinadi o Curzolari\u2019), rappresent\u00f2 uno dei momenti focali della guerra di Cipro \u2013 e, pi\u00f9 in generale \u2013 dello scontro tra le flotte dell\u2019impero ottomano e quelle cristiane (una coalizione ad assetto variabile, per la verit\u00e0) della Lega Santa. Sullo sfondo, la contesa tra due figure di grande spessore: Carlo V e Solimano il magnifico. Nella foto, i relatori col presidente della Confraternita, Fabio Bona<\/p>\n<p>&nbsp;<\/p>\n<p>&nbsp;<\/p>\n<p>&nbsp;<\/p>\n<p>&nbsp;<\/p>\n<p>&nbsp;<\/p>\n<p>&nbsp;<\/p>\n<p>&nbsp;<\/p>\n<p>&nbsp;<\/p>\n<h2><a class=\"dt-pswp-item\" href=\"http:\/\/www.radiopiu.net\/wordpress\/wp-content\/uploads\/2018\/09\/appuntamenti.jpeg\" data-dt-img-description=\"\" data-large_image_width=\"800\" data-large_image_height=\"100\"><img loading=\"lazy\" decoding=\"async\" class=\"alignnone wp-image-61958 size-full\" src=\"http:\/\/www.radiopiu.net\/wordpress\/wp-content\/uploads\/2018\/09\/appuntamenti.jpeg\" alt=\"\" width=\"800\" height=\"100\" srcset=\"https:\/\/www.radiopiu.net\/wordpress\/wp-content\/uploads\/2018\/09\/appuntamenti.jpeg 800w, https:\/\/www.radiopiu.net\/wordpress\/wp-content\/uploads\/2018\/09\/appuntamenti-300x38.jpeg 300w, https:\/\/www.radiopiu.net\/wordpress\/wp-content\/uploads\/2018\/09\/appuntamenti-768x96.jpeg 768w\" sizes=\"auto, (max-width: 800px) 100vw, 800px\" \/><\/a><\/h2>\n<h2><\/h2>\n<h2 style=\"text-align: center;\">1 MAGGIO A FELTRE CON GLI ABBA<\/h2>\n<p><a class=\"dt-pswp-item\" href=\"http:\/\/www.radiopiu.net\/wordpress\/wp-content\/uploads\/2019\/04\/2e4dfbaf-c708-4b14-bf2e-4170279f5708.jpg\" data-dt-img-description=\"\" data-large_image_width=\"423\" data-large_image_height=\"599\"><img loading=\"lazy\" decoding=\"async\" class=\"size-medium wp-image-83497 aligncenter\" src=\"http:\/\/www.radiopiu.net\/wordpress\/wp-content\/uploads\/2019\/04\/2e4dfbaf-c708-4b14-bf2e-4170279f5708-212x300.jpg\" alt=\"\" width=\"212\" height=\"300\" srcset=\"https:\/\/www.radiopiu.net\/wordpress\/wp-content\/uploads\/2019\/04\/2e4dfbaf-c708-4b14-bf2e-4170279f5708-212x300.jpg 212w, https:\/\/www.radiopiu.net\/wordpress\/wp-content\/uploads\/2019\/04\/2e4dfbaf-c708-4b14-bf2e-4170279f5708.jpg 423w\" sizes=\"auto, (max-width: 212px) 100vw, 212px\" \/><\/a><\/p>\n<h2><\/h2>\n<p>&nbsp;<\/p>\n<h2>Associazione Italiana Donazione Organi<\/h2>\n<p><strong>CANALE D&#8217;AGORDO<\/strong> Venerdi 3 maggio alle 20.30 in sala conferenze Ex Cavallino serata di prevenzione sulle malattie renali. Relatori Mirko Dalle Mule dell&#8217;Aido provinciale, Linda De SIlvestro Nefrologo dell&#8217;ospedale San Martino di Bellluno.<\/p>\n<blockquote><p>Un italiano su 10 ne soffre, scopriamo quali azioni sono sufficienti per prevenire una delle malattie silenziose del nostro corpo. Con la lettura di storie di pazienti nefropatici in dialisi e trapiantati.<\/p><\/blockquote>\n<p>&nbsp;<\/p>\n<p>&nbsp;<\/p>\n<p>&nbsp;<\/p>\n<div class=\"\" data-block=\"true\" data-editor=\"7r489\" data-offset-key=\"d3s16-0-0\">\n<div class=\"_1mf _1mj\" data-offset-key=\"d3s16-0-0\"><span data-offset-key=\"d3s16-0-0\">http:\/\/www.radiopiu.net\/wordpress\/linaugurazione-nella-val-gallina-della-palestra-di-roccia-in-falesia\/<\/span><\/div>\n<\/div>\n<div class=\"_1mf _1mj\" data-offset-key=\"fphrr-0-0\"><\/div>\n<div data-offset-key=\"fphrr-0-0\"><\/div>\n<p>&nbsp;<\/p>\n<p>&nbsp;<\/p>\n<p><a class=\"dt-pswp-item\" href=\"http:\/\/www.radiopiu.net\/wordpress\/wp-content\/uploads\/2018\/09\/viabilita.jpeg\" data-dt-img-description=\"\" data-large_image_width=\"800\" data-large_image_height=\"100\"><img loading=\"lazy\" decoding=\"async\" class=\"alignnone size-full wp-image-61954\" src=\"http:\/\/www.radiopiu.net\/wordpress\/wp-content\/uploads\/2018\/09\/viabilita.jpeg\" alt=\"\" width=\"800\" height=\"100\" srcset=\"https:\/\/www.radiopiu.net\/wordpress\/wp-content\/uploads\/2018\/09\/viabilita.jpeg 800w, https:\/\/www.radiopiu.net\/wordpress\/wp-content\/uploads\/2018\/09\/viabilita-300x38.jpeg 300w, https:\/\/www.radiopiu.net\/wordpress\/wp-content\/uploads\/2018\/09\/viabilita-768x96.jpeg 768w\" sizes=\"auto, (max-width: 800px) 100vw, 800px\" \/><\/a><\/p>\n<p><strong>PROVINCIALE 8 DI SAN TOMASO<\/strong> Dal 29 aprile al 28 giugno (esclusi festivi e prefestivi) senso unico alternato tra Pian Molin e Roi<\/p>\n<p><strong>PROVINCIALE 563 DI SALESEI<\/strong> Dal 6 maggio AL 14 giugno\u00a0 In localit\u00e0 Sopracordevole in Comune di Rocca Pietore senso unico alternato con semaforo o movieri e divieto di transito ai mezzi con massa superiore a 7,5 tonellate.<\/p>\n<p><strong>REGIONALE 203 AGORDINA<\/strong> Fino al 6 maggio (esclusi festivi e prefestivi) senso unico alternato regolato da semaforo in localit\u00e0 Rucav\u00e0 (Alleghe) per lavori di messa in sicurezza ciglio stradale<\/p>\n<p><strong>REGIONALE 203 AGORDINA<\/strong> Fino al 3 maggio (esclusi sabato, domenica e festivi infrasettimanali) senso unico alternato regolato da semaforo a monte dell&#8217;abitato di Caprile per lavori di manutenzione del cimitero.<\/p>\n<p>&nbsp;<\/p>\n<p>&nbsp;<\/p>\n<h2><img loading=\"lazy\" decoding=\"async\" class=\"alignleft wp-image-60761 \" src=\"http:\/\/www.radiopiu.net\/wordpress\/wp-content\/uploads\/2018\/09\/sport.jpg\" alt=\"\" width=\"992\" height=\"124\" srcset=\"https:\/\/www.radiopiu.net\/wordpress\/wp-content\/uploads\/2018\/09\/sport.jpg 800w, https:\/\/www.radiopiu.net\/wordpress\/wp-content\/uploads\/2018\/09\/sport-300x38.jpg 300w, https:\/\/www.radiopiu.net\/wordpress\/wp-content\/uploads\/2018\/09\/sport-768x96.jpg 768w\" sizes=\"auto, (max-width: 992px) 100vw, 992px\" \/><\/h2>\n<h1><\/h1>\n<h2><\/h2>\n<h2><\/h2>\n<p>&nbsp;<\/p>\n<div dir=\"ltr\">\n<h2>IL LE VILLE AGGIUNGE 3 PUNTI IN CLASSIFICA NEL CAMPIONATO CSI<\/h2>\n<p><strong>LE VILLE BAR CARLIN \u2013 PLAVIS FOTO BELLUS 4-1 GOL LE VILLE: 3&#8242; Bogo, 10&#8242; Dall&#8217;Acqua, 50&#8242; Monferone, 60&#8242; Tavernaro<\/strong><\/p>\n<p>di Marco Gaz<\/p>\n<blockquote><p><em>Bella vittoria per il Le Ville nel recupero del campionato CSI Open. La squadra di Agordo incamera 3 punti importantissimi per la classifica e il morale. La salvezza si avvicina sempre di pi\u00f9 ma ancora la certezza matematica non c&#8217;\u00e8.<\/em><\/p><\/blockquote>\n<p>Bastano solo 3&#8242; al Le Ville per passare in vantaggio. Tutto nasce da un tiro di Renon diretto in porta. L&#8217;estremo difensore ospite non blocca la sfera e Bogo \u00e8 il pi\u00f9 lesto ed insacca. Pochi minuti dopo il raddoppio della squadra di Agordo. Monferone verticalizza per Dall&#8217;Acqua che con un diagonale chirurgico batte il portiere per il 2 a 0. Il match continua senza tante emozioni ma al 25&#8242; il direttore di gara concede un rigore alla Plavis ma Colle lo neutralizza e il primo tempo termina con il doppio vantaggio del Le Ville. Nella ripresa continua a premere la formazione di Toccol che al 50&#8242; mette a segno il terzo gol della serata. Lancio lungo di Riva per Monferone che a tu per tu con il portiere non sbaglia. La Plavis accorcia le distanze al 57&#8242; con un rigore discutibile ma il Le Ville chiude la partita poco dopo quando Tavernaro s&#8217;inventa un siluro dalla distanza che beffa l&#8217;estremo difensore.<\/p>\n<\/div>\n<p>&nbsp;<\/p>\n<p>&nbsp;<\/p>\n<p>&nbsp;<\/p>\n<h2>45 ALPE DEL NEVEGAL SEMPRE PIU&#8217; VICINA<\/h2>\n<p><strong><a class=\"dt-pswp-item\" href=\"http:\/\/www.radiopiu.net\/wordpress\/wp-content\/uploads\/2019\/04\/40.jpg\" data-dt-img-description=\"\" data-large_image_width=\"1620\" data-large_image_height=\"1080\"><img loading=\"lazy\" decoding=\"async\" class=\"alignnone size-medium wp-image-84127\" src=\"http:\/\/www.radiopiu.net\/wordpress\/wp-content\/uploads\/2019\/04\/40-300x200.jpg\" alt=\"\" width=\"300\" height=\"200\" srcset=\"https:\/\/www.radiopiu.net\/wordpress\/wp-content\/uploads\/2019\/04\/40-300x200.jpg 300w, https:\/\/www.radiopiu.net\/wordpress\/wp-content\/uploads\/2019\/04\/40-768x512.jpg 768w, https:\/\/www.radiopiu.net\/wordpress\/wp-content\/uploads\/2019\/04\/40-1024x683.jpg 1024w, https:\/\/www.radiopiu.net\/wordpress\/wp-content\/uploads\/2019\/04\/40.jpg 1620w\" sizes=\"auto, (max-width: 300px) 100vw, 300px\" \/><\/a><a class=\"dt-pswp-item\" href=\"http:\/\/www.radiopiu.net\/wordpress\/wp-content\/uploads\/2019\/04\/37.jpg\" data-dt-img-description=\"\" data-large_image_width=\"1620\" data-large_image_height=\"1080\"><img loading=\"lazy\" decoding=\"async\" class=\"alignnone size-medium wp-image-84126\" src=\"http:\/\/www.radiopiu.net\/wordpress\/wp-content\/uploads\/2019\/04\/37-300x200.jpg\" alt=\"\" width=\"300\" height=\"200\" srcset=\"https:\/\/www.radiopiu.net\/wordpress\/wp-content\/uploads\/2019\/04\/37-300x200.jpg 300w, https:\/\/www.radiopiu.net\/wordpress\/wp-content\/uploads\/2019\/04\/37-768x512.jpg 768w, https:\/\/www.radiopiu.net\/wordpress\/wp-content\/uploads\/2019\/04\/37-1024x683.jpg 1024w, https:\/\/www.radiopiu.net\/wordpress\/wp-content\/uploads\/2019\/04\/37.jpg 1620w\" sizes=\"auto, (max-width: 300px) 100vw, 300px\" \/><\/a><\/strong><\/p>\n<p><strong>DI ROBERTO BONA<\/strong><\/p>\n<p>&nbsp;<\/p>\n<audio class=\"wp-audio-shortcode\" id=\"audio-84006-9\" preload=\"none\" style=\"width: 100%;\" controls=\"controls\"><source type=\"audio\/mpeg\" src=\"http:\/\/www.radiopiu.net\/wordpress\/wp-content\/uploads\/2019\/04\/ROBERTO-BONA-2.mp3?_=9\" \/><a href=\"http:\/\/www.radiopiu.net\/wordpress\/wp-content\/uploads\/2019\/04\/ROBERTO-BONA-2.mp3\">http:\/\/www.radiopiu.net\/wordpress\/wp-content\/uploads\/2019\/04\/ROBERTO-BONA-2.mp3<\/a><\/audio>\n<p>&nbsp;<\/p>\n<p>&nbsp;<\/p>\n<p>&nbsp;<\/p>\n<p>&nbsp;<\/p>\n<p>&nbsp;<\/p>\n<ol>\n<li><\/li>\n<\/ol>\n<p>&nbsp;<\/p>\n<h1><a class=\"dt-pswp-item\" href=\"http:\/\/www.radiopiu.net\/wordpress\/wp-content\/uploads\/2019\/04\/28e8b47a-5d30-4150-aeaa-d0f981a444ac.jpg\" data-dt-img-description=\"\" data-large_image_width=\"1600\" data-large_image_height=\"1200\"><img loading=\"lazy\" decoding=\"async\" class=\"alignleft wp-image-84088\" src=\"http:\/\/www.radiopiu.net\/wordpress\/wp-content\/uploads\/2019\/04\/28e8b47a-5d30-4150-aeaa-d0f981a444ac-150x150.jpg\" alt=\"\" width=\"117\" height=\"117\" \/><\/a><\/h1>\n<h1><\/h1>\n<h1>WILLIAM DA ROIT CORRE IN MESSICO, cinque giorni di fatica tra oceano e deserto.<\/h1>\n<audio class=\"wp-audio-shortcode\" id=\"audio-84006-10\" preload=\"none\" style=\"width: 100%;\" controls=\"controls\"><source type=\"audio\/mpeg\" src=\"http:\/\/www.radiopiu.net\/wordpress\/wp-content\/uploads\/2019\/04\/WILLIAM-DA-ROIT.mp3?_=10\" \/><a href=\"http:\/\/www.radiopiu.net\/wordpress\/wp-content\/uploads\/2019\/04\/WILLIAM-DA-ROIT.mp3\">http:\/\/www.radiopiu.net\/wordpress\/wp-content\/uploads\/2019\/04\/WILLIAM-DA-ROIT.mp3<\/a><\/audio>\n<h2><\/h2>\n<h2><\/h2>\n<p>&nbsp;<\/p>\n<p>&nbsp;<\/p>\n<blockquote><p>&nbsp;<\/p><\/blockquote>\n<h2><\/h2>\n<h2>DA DOMANI LA TRANSPELMO APRE ALLE ISCRIZIONI<\/h2>\n<h4><em>La manifestazione quest&#8217;anno inserita nel circuito Golden Trail National Series by Salomon<\/em><\/h4>\n<p><strong><a class=\"dt-pswp-item\" href=\"http:\/\/www.radiopiu.net\/wordpress\/wp-content\/uploads\/2019\/04\/transpelmo-2018-luca-cagnati-seguito-da-alex-oberbacher.jpg\" data-dt-img-description=\"\" data-large_image_width=\"2000\" data-large_image_height=\"1333\"><img loading=\"lazy\" decoding=\"async\" class=\"alignleft wp-image-84037\" src=\"http:\/\/www.radiopiu.net\/wordpress\/wp-content\/uploads\/2019\/04\/transpelmo-2018-luca-cagnati-seguito-da-alex-oberbacher-150x150.jpg\" alt=\"\" width=\"200\" height=\"200\" \/><\/a>VAL DI ZOLDO<\/strong> Si apriranno domani le iscrizioni all&#8217;edizione 2019 della Transpelmo, il trail che si correr\u00e0, domenica 1 settembre. Le adesioni, possibili sul sito ufficiale della manifestazione, www.transpelmo.com,\u00a0 e riserveranno un prezzo speciale ai primi 100 iscritti: 29 euro. Esaurite le prime cento iscrizioni, fino al 7 luglio il costo di adesione \u00e8 fissato a 35 euro, per poi passare a 40 euro dall&#8217;8 luglio al 18 agosto. Dal 19 al 25 agosto \u00e8 prevista una tariffa \u201clast minute\u201d: 47 euro. Da sottolineare che quest&#8217;anno Transpelmo \u00e8 una delle tappe del circuito Golden Trail National Series by Salomon, selezione di 6 eventi fra i pi\u00f9 iconici a livello nazionale. Un motivo di interesse in pi\u00f9 per la manifestazione di fine estate sulle Dolomiti Bellunese, evento giunto all&#8217;edizione numero 12.<\/p>\n<p>&nbsp;<\/p>\n<p>&nbsp;<\/p>\n<p>&nbsp;<\/p>\n<p>&nbsp;<\/p>\n<p>&nbsp;<\/p>\n<p>&nbsp;<\/p>\n<p>&nbsp;<\/p>\n<p>&nbsp;<\/p>\n<p>&nbsp;<\/p>\n<p>&nbsp;<\/p>\n<p>&nbsp;<\/p>\n<p><b><a class=\"dt-pswp-item\" href=\"http:\/\/www.radiopiu.net\/wordpress\/wp-content\/uploads\/2018\/09\/WhatsApp-Image-2018-09-20-at-16.04.06.jpeg\" data-dt-img-description=\"\" data-large_image_width=\"800\" data-large_image_height=\"100\"><img loading=\"lazy\" decoding=\"async\" class=\"alignleft wp-image-61378 \" src=\"http:\/\/www.radiopiu.net\/wordpress\/wp-content\/uploads\/2018\/09\/WhatsApp-Image-2018-09-20-at-16.04.06.jpeg\" alt=\"\" width=\"1008\" height=\"126\" srcset=\"https:\/\/www.radiopiu.net\/wordpress\/wp-content\/uploads\/2018\/09\/WhatsApp-Image-2018-09-20-at-16.04.06.jpeg 800w, https:\/\/www.radiopiu.net\/wordpress\/wp-content\/uploads\/2018\/09\/WhatsApp-Image-2018-09-20-at-16.04.06-300x38.jpeg 300w, https:\/\/www.radiopiu.net\/wordpress\/wp-content\/uploads\/2018\/09\/WhatsApp-Image-2018-09-20-at-16.04.06-768x96.jpeg 768w\" sizes=\"auto, (max-width: 1008px) 100vw, 1008px\" \/><\/a><\/b><\/p>\n<p>&nbsp;<\/p>\n<p><center><\/center><center><\/center><center><\/center><center><\/center><center><\/center><center><\/center><center><\/center><center><\/center><center><\/center><center><\/center><center><\/center><center><b>Martedi 30<\/b><\/center><b>Tempo atteso: <\/b>Tempo in parte soleggiato per nuvolosit\u00e0 irregolare, sia medio-alta sulle Dolomiti, che cumuliforme sulle Prealpi, specie centro-orientali, perlopi\u00f9 asciutto, anche se qualche locale fenomeno non sar\u00e0 escluso del tutto. Clima mattutino fresco, un po&#8217; pi\u00f9 mite di giorno.<br \/>\n<b>Precipitazioni: <\/b>Generalmente assenti, o al pi\u00f9 limitate a qualche breve burrasca di neve oltre i 1800\/2000 m sulle Dolomiti al mattino o a qualche sporadico piovasco tra ore centrali e pomeriggio sulle Prealpi, specie centro-orientali (20%).<br \/>\n<b>Temperature: <\/b>Minime in aumento in quota, stazionarie o in lieve calo nelle valli; massime in aumento. Su Prealpi a 1500 m min 2\u00b0C max 9\u00b0C, a 2000 m min 0\u00b0C max 5\u00b0C. Su Dolomiti a 2000 m min -2\u00b0C max 4\u00b0C, a 3000 m min -6\u00b0C max -4\u00b0C.<br \/>\n<b>Venti: <\/b>Nelle valli deboli o moderati per residui rinforzi di Foehn; in quota moderati\/tesi da Nord Nord-Est, in attenuazione, a 15-30 km\/h a 2000 m, 30-55 km\/h a 3000 m.<\/p>\n<hr \/>\n<p><center><b>Mercoledi 1<\/b><\/center><b>Tempo atteso: <\/b>Tempo ben soleggiato, con ampi spazi di sereno al mattino e poco, al pi\u00f9 parzialmente nuvoloso, al pomeriggio per modesti cumuli. Clima mattutino ancora relativamente fresco, pi\u00f9 mite di giorno.<br \/>\n<b>Precipitazioni: <\/b>Generalmente assenti, o al pi\u00f9 limitate a qualche sporadico piovasco pomeridiano sulle Prealpi (20%).<br \/>\n<b>Temperature: <\/b>In generale lieve aumento. Su Prealpi a 1500 m min 5\u00b0C max 11\u00b0C, a 2000 m min 2\u00b0C max 6\u00b0C. Su Dolomiti a 2000 m min 0\u00b0C max 6\u00b0C, a 3000 m min -5\u00b0C max -3\u00b0C.<br \/>\n<b>Venti: <\/b>Nelle valli deboli o moderati a regime di brezza; in quota deboli da Nord Nord-Ovest, a 5-15 km\/h a 2000 m, 5-25 km\/h a 3000 m.<\/p>\n<hr \/>\n<p><center><b>Giovedi 2<\/b><\/center>Inizialmente piuttosto soleggiato, ma con aumento della nuvolosit\u00e0 tra le ore centrali e al pomeriggio\/sera da Ovest, con possibili rovesci sparsi, pi\u00f9 probabili sulle Prealpi, eventualmente nevosi a 2000\/2200 m, con limite in calo nella notte in caso di persistenza dei fenomeni. Clima diurno relativamente mite. Venti sud-occidentali deboli\/moderati.<\/p>\n<hr \/>\n<p><center><b>Venerdi 3<\/b><\/center>Tempo instabile o perturbato, con cielo molto nuvoloso o coperto e probabili precipitazioni a tratti diffuse, deboli o al pi\u00f9 moderate, nevose a 1600\/1800 m, con limite in calo in caso di maggiore intensit\u00e0. Clima diurno fresco per il periodo. Previsore: G.M.<\/p>\n","protected":false},"excerpt":{"rendered":"<p>&nbsp; Folla commossa ai funerali di Mario Tremonti da tutti ricordato come il sindaco buono scomparso a soli 64 anni. Era un uomo che aveva la passione per la politica e ha dedicato una vita al servizio degli altri. \u00a0Ancora furti a Feltre\u00a0presa di mira la zona di Farra, almeno 7 gli appartamenti messi sotto&hellip;<\/p>\n","protected":false},"author":1,"featured_media":84071,"comment_status":"closed","ping_status":"closed","sticky":false,"template":"","format":"standard","meta":{"_monsterinsights_skip_tracking":false,"_monsterinsights_sitenote_active":false,"_monsterinsights_sitenote_note":"","_monsterinsights_sitenote_category":0,"footnotes":""},"categories":[86],"tags":[],"class_list":["post-84006","post","type-post","status-publish","format-standard","has-post-thumbnail","hentry","category-gr","category-86","description-off"],"img_url":"https:\/\/www.radiopiu.net\/wordpress\/wp-content\/uploads\/2019\/04\/photo_2019-04-29_14-30-02.jpg","_links":{"self":[{"href":"https:\/\/www.radiopiu.net\/wordpress\/wp-json\/wp\/v2\/posts\/84006","targetHints":{"allow":["GET"]}}],"collection":[{"href":"https:\/\/www.radiopiu.net\/wordpress\/wp-json\/wp\/v2\/posts"}],"about":[{"href":"https:\/\/www.radiopiu.net\/wordpress\/wp-json\/wp\/v2\/types\/post"}],"author":[{"embeddable":true,"href":"https:\/\/www.radiopiu.net\/wordpress\/wp-json\/wp\/v2\/users\/1"}],"replies":[{"embeddable":true,"href":"https:\/\/www.radiopiu.net\/wordpress\/wp-json\/wp\/v2\/comments?post=84006"}],"version-history":[{"count":0,"href":"https:\/\/www.radiopiu.net\/wordpress\/wp-json\/wp\/v2\/posts\/84006\/revisions"}],"wp:featuredmedia":[{"embeddable":true,"href":"https:\/\/www.radiopiu.net\/wordpress\/wp-json\/wp\/v2\/media\/84071"}],"wp:attachment":[{"href":"https:\/\/www.radiopiu.net\/wordpress\/wp-json\/wp\/v2\/media?parent=84006"}],"wp:term":[{"taxonomy":"category","embeddable":true,"href":"https:\/\/www.radiopiu.net\/wordpress\/wp-json\/wp\/v2\/categories?post=84006"},{"taxonomy":"post_tag","embeddable":true,"href":"https:\/\/www.radiopiu.net\/wordpress\/wp-json\/wp\/v2\/tags?post=84006"}],"curies":[{"name":"wp","href":"https:\/\/api.w.org\/{rel}","templated":true}]}}