{"id":84108,"date":"2019-04-30T06:08:38","date_gmt":"2019-04-30T04:08:38","guid":{"rendered":"http:\/\/www.radiopiu.net\/wordpress\/?p=84108"},"modified":"2019-04-30T17:35:03","modified_gmt":"2019-04-30T15:35:03","slug":"linaugurazione-nella-val-gallina-della-palestra-di-roccia-in-falesia","status":"publish","type":"post","link":"https:\/\/www.radiopiu.net\/wordpress\/linaugurazione-nella-val-gallina-della-palestra-di-roccia-in-falesia\/","title":{"rendered":"L\u2019INAUGURAZIONE NELLA VAL GALLINA DELLA PALESTRA DI ROCCIA IN FALESIA"},"content":{"rendered":"<p><strong>di Renato Bona<\/strong><\/p>\n<p>Richiamando sulla locandina di presentazione un\u2019affermazione di Nicolas Helmbacher: \u201cLa montagna ci offre la cornice\u2026 tocca a noi inventare la storia che va con essa!\u201d, la sezione Cai di Longarone annuncia per venerd\u00ec 3 maggio a partire dalle 20,30, nella sala culturale del vicino comune di Soverzene, l\u2019avvio delle iniziative predisposte per l\u2019inaugurazione della Palestra naturale di roccia in falesia naturale della Val Gallina, con la serata dell\u2019alpinista locale Luca Vallata (che cos\u00ec si \u201cdescrive\u201d sul sito scarpa.net: \u201cSono nato nel 1990 e mi sono avvicinato al mondo dell&#8217;arrampicata e dell&#8217;alpinismo nei primi anni del liceo. Con gli amici di scuola o di scorribande varie ho subito iniziato a ripetere le famose \u2018classiche&#8221;\u2019 delle Dolomiti; di quel periodo ricordo soprattutto gli avventurosi rientri a casa in autostop. Le nostre salite erano all&#8217;inizio \u2019di frodo\u2019, i nostri genitori non dovevano saperne niente! In seguito, grazie anche al loro fondamentale aiuto e alla loro comprensione, la mia attivit\u00e0 ha potuto maturare, svilupparsi ed allargare i suoi orizzonti fino a permettermi di praticare tutte le discipline che a seconda della stagione la montagna offre, e di completare i corsi per ottenere il titolo di A. Guida alpina.Ho preso parte a numerose spedizioni extra-europee (Per\u00f9, Patagonia, Cina, India), sempre alla ricerca di obbiettivi remoti, pareti o cime mai salite. Anche in questo senso l&#8217;aiuto di \u2018Scarpa\u2019 \u00e8 ed \u00e8 stato per me molto prezioso. Ci\u00f2 nonostante, il mio terreno di avventura preferito restano le Dolomiti, un luogo pieno di storia che per\u00f2 \u00e8 disposto ad offrire ancora molto ai fantasiosi e a chi abbia voglia e tempo di cercare e di perdersi ogni tanto\u201d). L\u2019indomani, sabato 4, dalle 10, le manifestazioni &#8211; patrocinate dai Comuni di Soverzene e di Longarone nonch\u00e9 dall\u2019Unione montana Cadore Longaronese e Zoldo &#8211; proseguiranno nella stessa palestra (in un ambiente &#8211; viene giustamente evidenziato &#8211; suggestivo e carico di storia dove praticare l\u2019arrampicata sportiva, affrontare vie ferrate e rilassarsi nelle aree pic nic attrezzate e dove sono stati eseguiti a cura dei due Comuni e dell\u2019Unione montana lavori di riassetto dell\u2019area e di avvicinamento e di sistemazione delle vie di arrampicata con la sostituzione di tutti i chiodi di aggancio) con questo programma: alle 10 ritrovo, alle 10,15 saluti delle autorit\u00e0 ed esecuzioni del Coro Ana \u201cAdunata\u201d della Sezione alpini di Belluno; alle 11 benedizione cui far\u00e0 seguito una dimostrazione pratica sulle pareti con Soccorso Alpino, Cai Longarone e 7. Reggimento Alpini; dalle 13,30 momento conviviale negli impianti sportivi di Soverzene, in collaborazione con l\u2019Istituto professionale alberghiero \u201cDolomieu\u201d di Longarone. Collaborano per la migliore riuscita dell\u2019evento Climband Belluno e Circolo culturale Soverzene. Viene precisato che in caso di maltempo, l\u2019inaugurazione verr\u00e0 rinviata a sabato 11 maggio.<\/p>\n<p>NELLE FOTO (Google; Cai Longarone; Cai di Padova; Michele Toldo; scarpa.net): la locandina con l\u2019annuncio dell\u2019evento; l\u2019alpinista di Soverzene Luca Vallata Scarpa; la palestra di roccia di Val Gallina nel Bellunese.<\/p>\n<p><a class=\"dt-pswp-item\" href=\"http:\/\/www.radiopiu.net\/wordpress\/wp-content\/uploads\/2019\/04\/59450112_442093733002087_5752678238484692992_n.jpg\" data-dt-img-description=\"\" data-large_image_width=\"275\" data-large_image_height=\"183\"><img loading=\"lazy\" decoding=\"async\" class=\"alignleft size-thumbnail wp-image-84109\" src=\"http:\/\/www.radiopiu.net\/wordpress\/wp-content\/uploads\/2019\/04\/59450112_442093733002087_5752678238484692992_n-150x150.jpg\" alt=\"\" width=\"150\" height=\"150\" \/><\/a><a class=\"dt-pswp-item\" href=\"http:\/\/www.radiopiu.net\/wordpress\/wp-content\/uploads\/2019\/04\/59022612_1127415524127925_8876397503210061824_n.jpg\" data-dt-img-description=\"\" data-large_image_width=\"960\" data-large_image_height=\"677\"><img loading=\"lazy\" decoding=\"async\" class=\"alignleft size-thumbnail wp-image-84110\" src=\"http:\/\/www.radiopiu.net\/wordpress\/wp-content\/uploads\/2019\/04\/59022612_1127415524127925_8876397503210061824_n-150x150.jpg\" alt=\"\" width=\"150\" height=\"150\" \/><\/a><a class=\"dt-pswp-item\" href=\"http:\/\/www.radiopiu.net\/wordpress\/wp-content\/uploads\/2019\/04\/58463084_2402790919944773_6117917051836170240_n.jpg\" data-dt-img-description=\"\" data-large_image_width=\"168\" data-large_image_height=\"299\"><img loading=\"lazy\" decoding=\"async\" class=\"alignleft size-thumbnail wp-image-84111\" src=\"http:\/\/www.radiopiu.net\/wordpress\/wp-content\/uploads\/2019\/04\/58463084_2402790919944773_6117917051836170240_n-150x150.jpg\" alt=\"\" width=\"150\" height=\"150\" \/><\/a><a class=\"dt-pswp-item\" href=\"http:\/\/www.radiopiu.net\/wordpress\/wp-content\/uploads\/2019\/04\/58462799_350404149158988_3371769809506140160_n.jpg\" data-dt-img-description=\"\" data-large_image_width=\"360\" data-large_image_height=\"210\"><img loading=\"lazy\" decoding=\"async\" class=\"alignleft size-thumbnail wp-image-84112\" src=\"http:\/\/www.radiopiu.net\/wordpress\/wp-content\/uploads\/2019\/04\/58462799_350404149158988_3371769809506140160_n-150x150.jpg\" alt=\"\" width=\"150\" height=\"150\" \/><\/a><a class=\"dt-pswp-item\" href=\"http:\/\/www.radiopiu.net\/wordpress\/wp-content\/uploads\/2019\/04\/58772272_410353389744841_1233165594073759744_n.jpg\" data-dt-img-description=\"\" data-large_image_width=\"249\" data-large_image_height=\"176\"><img loading=\"lazy\" decoding=\"async\" class=\"alignleft size-thumbnail wp-image-84113\" src=\"http:\/\/www.radiopiu.net\/wordpress\/wp-content\/uploads\/2019\/04\/58772272_410353389744841_1233165594073759744_n-150x150.jpg\" alt=\"\" width=\"150\" height=\"150\" \/><\/a><\/p>\n","protected":false},"excerpt":{"rendered":"<p>di Renato Bona Richiamando sulla locandina di presentazione un\u2019affermazione di Nicolas Helmbacher: \u201cLa montagna ci offre la cornice\u2026 tocca a noi inventare la storia che va con essa!\u201d, la sezione Cai di Longarone annuncia per venerd\u00ec 3 maggio a partire dalle 20,30, nella sala culturale del vicino comune di Soverzene, l\u2019avvio delle iniziative predisposte per&hellip;<\/p>\n","protected":false},"author":1,"featured_media":84112,"comment_status":"closed","ping_status":"closed","sticky":false,"template":"","format":"standard","meta":{"_monsterinsights_skip_tracking":false,"_monsterinsights_sitenote_active":false,"_monsterinsights_sitenote_note":"","_monsterinsights_sitenote_category":0,"footnotes":""},"categories":[49,84],"tags":[],"class_list":["post-84108","post","type-post","status-publish","format-standard","has-post-thumbnail","hentry","category-news-18","category-speciali","category-49","category-84","description-off"],"img_url":"https:\/\/www.radiopiu.net\/wordpress\/wp-content\/uploads\/2019\/04\/58462799_350404149158988_3371769809506140160_n.jpg","_links":{"self":[{"href":"https:\/\/www.radiopiu.net\/wordpress\/wp-json\/wp\/v2\/posts\/84108","targetHints":{"allow":["GET"]}}],"collection":[{"href":"https:\/\/www.radiopiu.net\/wordpress\/wp-json\/wp\/v2\/posts"}],"about":[{"href":"https:\/\/www.radiopiu.net\/wordpress\/wp-json\/wp\/v2\/types\/post"}],"author":[{"embeddable":true,"href":"https:\/\/www.radiopiu.net\/wordpress\/wp-json\/wp\/v2\/users\/1"}],"replies":[{"embeddable":true,"href":"https:\/\/www.radiopiu.net\/wordpress\/wp-json\/wp\/v2\/comments?post=84108"}],"version-history":[{"count":0,"href":"https:\/\/www.radiopiu.net\/wordpress\/wp-json\/wp\/v2\/posts\/84108\/revisions"}],"wp:featuredmedia":[{"embeddable":true,"href":"https:\/\/www.radiopiu.net\/wordpress\/wp-json\/wp\/v2\/media\/84112"}],"wp:attachment":[{"href":"https:\/\/www.radiopiu.net\/wordpress\/wp-json\/wp\/v2\/media?parent=84108"}],"wp:term":[{"taxonomy":"category","embeddable":true,"href":"https:\/\/www.radiopiu.net\/wordpress\/wp-json\/wp\/v2\/categories?post=84108"},{"taxonomy":"post_tag","embeddable":true,"href":"https:\/\/www.radiopiu.net\/wordpress\/wp-json\/wp\/v2\/tags?post=84108"}],"curies":[{"name":"wp","href":"https:\/\/api.w.org\/{rel}","templated":true}]}}