{"id":84219,"date":"2019-05-02T05:54:53","date_gmt":"2019-05-02T03:54:53","guid":{"rendered":"http:\/\/www.radiopiu.net\/wordpress\/?p=84219"},"modified":"2019-05-02T15:01:30","modified_gmt":"2019-05-02T13:01:30","slug":"giornale-radiopiu-02-maggio-2019-direttore-mirko-mezzacasa","status":"publish","type":"post","link":"https:\/\/www.radiopiu.net\/wordpress\/giornale-radiopiu-02-maggio-2019-direttore-mirko-mezzacasa\/","title":{"rendered":"GIORNALE RADIOPIU 02 MAGGIO 2019 DIRETTORE MIRKO MEZZACASA"},"content":{"rendered":"<p>&nbsp;<\/p>\n<h2><\/h2>\n<div class=\"page-title title-left solid-bg breadcrumbs-mobile-off page-title-responsive-enabled\">\n<div class=\"wf-wrap\">\n<div class=\"page-title-head hgroup\">\n<h1 class=\"entry-title\">AUGURI DE ROSSI! IN MEZZO SECOLO \u201cSFORNATI\u201d PROFESSIONISTI\/E CHE SI SONO FATTI ONORE<\/h1>\n<\/div>\n<div class=\"page-title-breadcrumbs\">\n<p>&nbsp;<\/p>\n<\/div>\n<\/div>\n<\/div>\n<div id=\"main\" class=\"sidebar-right sidebar-divider-off\">\n<div class=\"wf-wrap\">\n<div class=\"wf-container-main\">\n<div id=\"content\" class=\"content\" role=\"main\">\n<article id=\"post-80837\" class=\"horizontal-fancy-style post-80837 post type-post status-publish format-standard has-post-thumbnail category-evidenza-top category-news-18 category-51 category-49 description-off\">\n<div class=\"entry-content\">\n<blockquote><p><em><strong>FALCADE<\/strong> L\u2019Istituto d\u2019Istruzione Superiore Follador De Rossi di Agordo e Falcade (scuola e convitto) si prepara a festeggiare i 50 anni dell\u2019alberghiero di Falcade, la festa domani alle 10.30 al palazzetto Dolomiti (vicino alla scuola). Una mattinata per ricordare un\u2019importante storia iniziata nel 1969.\u00a0<\/em><\/p><\/blockquote>\n<\/div>\n<\/article>\n<\/div>\n<\/div>\n<\/div>\n<\/div>\n<audio class=\"wp-audio-shortcode\" id=\"audio-84219-1\" preload=\"none\" style=\"width: 100%;\" controls=\"controls\"><source type=\"audio\/mpeg\" src=\"http:\/\/www.radiopiu.net\/wordpress\/wp-content\/uploads\/2019\/05\/50-anni-ist-alberghiero.mp3?_=1\" \/><a href=\"http:\/\/www.radiopiu.net\/wordpress\/wp-content\/uploads\/2019\/05\/50-anni-ist-alberghiero.mp3\">http:\/\/www.radiopiu.net\/wordpress\/wp-content\/uploads\/2019\/05\/50-anni-ist-alberghiero.mp3<\/a><\/audio>\n<p>&nbsp;<\/p>\n<p>&nbsp;<\/p>\n<h2>LUTTO IN COMELICO PER LA MORTE DEL PRESIDENTE RUGGERO<\/h2>\n<p><strong><a class=\"dt-pswp-item\" href=\"http:\/\/www.radiopiu.net\/wordpress\/wp-content\/uploads\/2019\/05\/WhatsApp-Image-2019-05-01-at-15.53.17.jpeg\" data-dt-img-description=\"\" data-large_image_width=\"799\" data-large_image_height=\"1599\"><img loading=\"lazy\" decoding=\"async\" class=\"alignleft size-thumbnail wp-image-84251\" src=\"http:\/\/www.radiopiu.net\/wordpress\/wp-content\/uploads\/2019\/05\/WhatsApp-Image-2019-05-01-at-15.53.17-150x150.jpeg\" alt=\"\" width=\"150\" height=\"150\" \/><\/a>COMELICO<\/strong> L&#8217;Associazione Amici del Museo di Costalta di Comelico ha dato il triste annuncio della morte del Presidente Ruggero Casanova Crepuz (nato il 10.02.1944), lascia la moglie Vilma e i figli Eric e Doriana. Sua oltre trent&#8217;anni fa l&#8217;idea di realizzare a Costalta con il contributo della Regola, della Regione e della Fondazione Cariverona, il Museo Etnografico. Tutto ha inizio con il restauro conservativo di una vecchia casa di legno di propriet\u00e0 della Regola &#8220;Angiul Sai&#8221; oggi meta di tanti turisti alla scoperta di tradizioni e identit\u00e0 del territorio. Fu fin da subito Presidente, grande appassionato di montagna e g\u00e0 consigliere comunale di San Pietro e della Comunit\u00e0 Montana.<\/p>\n<p>&nbsp;<\/p>\n<p>&nbsp;<\/p>\n<blockquote><p>&nbsp;<\/p><\/blockquote>\n<p><strong>Si comunica la riapertura del seguente tratto stradale:<\/strong><br \/>\n&#8211; S.P. 5 \u201cdi Lamosano\u201d dalla progressiva km 4+300 alla progressiva km 4+800 in loc. \u201cPalade\u201c Comune di Chies d\u2019Alpago per schianti che interessano la sede stradale;<br \/>\n<strong>Rimangono chiusi i seguenti tratti stradali:<\/strong><br \/>\n&#8211; S.P. 31 \u201cDel Nevegal\u201d dalla progressiva km 9+200 (loc. curva Bisinella) alla progressiva km <span class=\"text_exposed_show\">10+500 (loc. rotatoria del Nevegal) per schianti che interessano l\u2019intera sede stradale, provocati dalla<br \/>\nneve accumulata sui rami.<\/span><\/p>\n<p>&nbsp;<\/p>\n<p>&nbsp;<\/p>\n<p>&nbsp;<\/p>\n<h1>LOZZO DI CADORE, I LAVORI SUL RIO DIN<\/h1>\n<p>Stato dei lavori a Lozzo di Cadore sul Rio Rin, ecco la documentazione fotografica inviata dalla Provincia incaricata dei lavori.<\/p>\n<p><a class=\"dt-pswp-item\" href=\"http:\/\/www.radiopiu.net\/wordpress\/wp-content\/uploads\/2019\/05\/WhatsApp-Image-2019-04-30-at-18.52.31-1.jpeg\" data-dt-img-description=\"\" data-large_image_width=\"1600\" data-large_image_height=\"1200\"><img loading=\"lazy\" decoding=\"async\" class=\"alignleft size-thumbnail wp-image-84279\" src=\"http:\/\/www.radiopiu.net\/wordpress\/wp-content\/uploads\/2019\/05\/WhatsApp-Image-2019-04-30-at-18.52.31-1-150x150.jpeg\" alt=\"\" width=\"150\" height=\"150\" \/><\/a><a class=\"dt-pswp-item\" href=\"http:\/\/www.radiopiu.net\/wordpress\/wp-content\/uploads\/2019\/05\/WhatsApp-Image-2019-04-30-at-18.52.31-2.jpeg\" data-dt-img-description=\"\" data-large_image_width=\"1600\" data-large_image_height=\"1200\"><img loading=\"lazy\" decoding=\"async\" class=\"alignleft size-thumbnail wp-image-84280\" src=\"http:\/\/www.radiopiu.net\/wordpress\/wp-content\/uploads\/2019\/05\/WhatsApp-Image-2019-04-30-at-18.52.31-2-150x150.jpeg\" alt=\"\" width=\"150\" height=\"150\" \/><\/a><a class=\"dt-pswp-item\" href=\"http:\/\/www.radiopiu.net\/wordpress\/wp-content\/uploads\/2019\/05\/WhatsApp-Image-2019-04-30-at-18.52.31.jpeg\" data-dt-img-description=\"\" data-large_image_width=\"1600\" data-large_image_height=\"1200\"><img loading=\"lazy\" decoding=\"async\" class=\"alignleft size-thumbnail wp-image-84281\" src=\"http:\/\/www.radiopiu.net\/wordpress\/wp-content\/uploads\/2019\/05\/WhatsApp-Image-2019-04-30-at-18.52.31-150x150.jpeg\" alt=\"\" width=\"150\" height=\"150\" \/><\/a><\/p>\n<p>&nbsp;<\/p>\n<h2><\/h2>\n<h2><\/h2>\n<h2><\/h2>\n<h2><\/h2>\n<blockquote><p>&nbsp;<\/p><\/blockquote>\n<h2><\/h2>\n<h2><\/h2>\n<p>&nbsp;<\/p>\n<blockquote><p>&nbsp;<\/p><\/blockquote>\n<h2>AZIENDA AGORDO SERVIZI, FARMACIA E ASILO NIDO: BILANCIO IN POSITIVO<\/h2>\n<p><strong><a class=\"dt-pswp-item\" href=\"http:\/\/www.radiopiu.net\/wordpress\/wp-content\/uploads\/2019\/04\/ASILO.jpg\" data-dt-img-description=\"\" data-large_image_width=\"300\" data-large_image_height=\"168\"><img loading=\"lazy\" decoding=\"async\" class=\"alignleft wp-image-84143\" src=\"http:\/\/www.radiopiu.net\/wordpress\/wp-content\/uploads\/2019\/04\/ASILO-150x150.jpg\" alt=\"\" width=\"174\" height=\"174\" \/><\/a>AGORDO<\/strong> Agordo Servizi chiude il 2018 con un risultato operativo di circa 40 mila euro, il contributo Luxottica ha fatto la differenza, ma anche le economie di spese e le opportunit\u00e0 colte dal Cda hanno contribuito al risultato, ora l&#8217;azienda pagher\u00e0 le tasse (non succedeva da tempo, di solito tutto l&#8217;utile della farmacia serviva a sanare il bilancio per il passivo dell&#8217;asilo nido). Di fatto alla prossima amministrazione verr\u00e0 consegnato un assegno da 26 mila euro, un buon fondo di riserva.<\/p>\n<p><strong>DAL CORRIERE DELLE ALPI DI OGGI, GIANNI SANTOMASO<\/strong><\/p>\n<audio class=\"wp-audio-shortcode\" id=\"audio-84219-2\" preload=\"none\" style=\"width: 100%;\" controls=\"controls\"><source type=\"audio\/mpeg\" src=\"http:\/\/www.radiopiu.net\/wordpress\/wp-content\/uploads\/2019\/04\/AZIENDA-SPECIALE.mp3?_=2\" \/><a href=\"http:\/\/www.radiopiu.net\/wordpress\/wp-content\/uploads\/2019\/04\/AZIENDA-SPECIALE.mp3\">http:\/\/www.radiopiu.net\/wordpress\/wp-content\/uploads\/2019\/04\/AZIENDA-SPECIALE.mp3<\/a><\/audio>\n<blockquote>\n<h3><em>DAL CONSIGLIO COMUNALE LA REGISTRAZIONE DELL&#8217;INTERVENTO DI GIANPIERO GUADAGNINI <\/em><\/h3>\n<h3><em>E LA REPLICA DEL SINDACO SISTO DA ROIT.<\/em><\/h3>\n<\/blockquote>\n<audio class=\"wp-audio-shortcode\" id=\"audio-84219-3\" preload=\"none\" style=\"width: 100%;\" controls=\"controls\"><source type=\"audio\/mpeg\" src=\"http:\/\/www.radiopiu.net\/wordpress\/wp-content\/uploads\/2019\/04\/farmacia.mp3?_=3\" \/><a href=\"http:\/\/www.radiopiu.net\/wordpress\/wp-content\/uploads\/2019\/04\/farmacia.mp3\">http:\/\/www.radiopiu.net\/wordpress\/wp-content\/uploads\/2019\/04\/farmacia.mp3<\/a><\/audio>\n<p>&nbsp;<\/p>\n<p>&nbsp;<\/p>\n<p>&nbsp;<\/p>\n<p>&nbsp;<\/p>\n<h2>AREA DI SAN LUCANO IN DISORDINE, SAN LUCANO A RISCHIO.<\/h2>\n<blockquote>\n<h5><em>Il Comune non ha competenza, ma stima facendo il possibile perch\u00e9 il privato possa intervenire, il sindaco assicura che\u00a0 la sagra di San Lucano si far\u00e0, diversamente dalla sagra dei Zuker gi\u00e0 cancellata dagli eventi perch\u00e9 la zona delle feste in Val Corpassa \u00e8 stata danneggiata da Vaia.<\/em><\/h5>\n<\/blockquote>\n<p><strong><a class=\"dt-pswp-item\" href=\"http:\/\/www.radiopiu.net\/wordpress\/wp-content\/uploads\/2019\/05\/download.jpg\" data-dt-img-description=\"\" data-large_image_width=\"194\" data-large_image_height=\"260\"><img loading=\"lazy\" decoding=\"async\" class=\"alignleft size-thumbnail wp-image-84263\" src=\"http:\/\/www.radiopiu.net\/wordpress\/wp-content\/uploads\/2019\/05\/download-150x150.jpg\" alt=\"\" width=\"150\" height=\"150\" \/><\/a>TAIBON<\/strong> Sulla questione il sindaco Silvia Tormen si chiama fuori essendo un&#8217;area privata &#8220;Il Comune non c&#8217;entra nulla&#8221;\u00a0 dice il sindaco. La Regione e i servizi forestali hanno detto no all&#8217;intervento sulla scorta delle problematiche legate al sito valanghivo. L&#8217;impresa il 24 aprile ha chiesto l&#8217;intervento del Comune, &#8220;Il vigile immagino si\u00a0 \u00e8 limitato a dire che l&#8217;impresa non poteva operare&#8221;, dice ancora Silvia Tormen. Il Comune assicura il primo cittadino si sta muovendo per trovare le soluzioni da mettere in atto prima del 20 luglio giorno della Sagra di San Lucano.<br \/>\nChe non fosse competenza del Comune, comunque, \u00e8 chiaro ed \u00e8 stato ben chiarito nel primo servizio proposto da questo sito dove per &#8220;Palazzo&#8221; si intendevano gli uffici regionali, Arpav e chi di competenza ben sapendo che l&#8217;amministrazione comunale puo&#8217; fare ben poco, basta vedere quanti alberi sono stati rialzati in sei mesi tra Forno Val e Col di Pra: nessuno, ben pochi anche al laghetto delle Peschiere (dopo l&#8217;intervento dei volontari di Monza) al contrario, ripartono puntuali i lavori per la costruzione della contestata Arena.<\/p>\n<p><strong>SILVIA TORMEN<\/strong><\/p>\n<audio class=\"wp-audio-shortcode\" id=\"audio-84219-4\" preload=\"none\" style=\"width: 100%;\" controls=\"controls\"><source type=\"audio\/mpeg\" src=\"http:\/\/www.radiopiu.net\/wordpress\/wp-content\/uploads\/2019\/05\/SILVIA.mp3?_=4\" \/><a href=\"http:\/\/www.radiopiu.net\/wordpress\/wp-content\/uploads\/2019\/05\/SILVIA.mp3\">http:\/\/www.radiopiu.net\/wordpress\/wp-content\/uploads\/2019\/05\/SILVIA.mp3<\/a><\/audio>\n<p><strong>SERVIZIO PRECEDENTE, AUDIO-VIDEO 30 APRILE 2019\u00a0<\/strong><\/p>\n<blockquote class=\"wp-embedded-content\" data-secret=\"KrwiwWkgHn\"><p><a href=\"https:\/\/www.radiopiu.net\/wordpress\/le-motoseghe-non-girano-festa-di-san-lucano-in-forse\/\">LE MOTOSEGHE NON GIRANO,  FESTA DI SAN LUCANO IN FORSE<\/a><\/p><\/blockquote>\n<p><iframe loading=\"lazy\" class=\"wp-embedded-content\" sandbox=\"allow-scripts\" security=\"restricted\" style=\"position: absolute; clip: rect(1px, 1px, 1px, 1px);\" src=\"https:\/\/www.radiopiu.net\/wordpress\/le-motoseghe-non-girano-festa-di-san-lucano-in-forse\/embed\/#?secret=KrwiwWkgHn\" data-secret=\"KrwiwWkgHn\" width=\"600\" height=\"338\" title=\"&#8220;LE MOTOSEGHE NON GIRANO,  FESTA DI SAN LUCANO IN FORSE&#8221; &#8212; Radio Pi\u00f9\" frameborder=\"0\" marginwidth=\"0\" marginheight=\"0\" scrolling=\"no\"><\/iframe><\/p>\n<p>&nbsp;<\/p>\n<p>&nbsp;<\/p>\n<p>&nbsp;<\/p>\n<p>&nbsp;<\/p>\n<h2>\u00a0I FONDI PON APRONO\u00a0 ALL&#8217;OFFERTA EXTRACURRICOLARE ESTIVA<\/h2>\n<p><a class=\"dt-pswp-item\" href=\"http:\/\/www.radiopiu.net\/wordpress\/wp-content\/uploads\/2019\/05\/locandina-PON-Secondaria.png\" data-dt-img-description=\"\" data-large_image_width=\"1053\" data-large_image_height=\"1489\"><img loading=\"lazy\" decoding=\"async\" class=\"alignleft wp-image-84230\" src=\"http:\/\/www.radiopiu.net\/wordpress\/wp-content\/uploads\/2019\/05\/locandina-PON-Secondaria-150x150.png\" alt=\"\" width=\"155\" height=\"155\" \/><\/a><strong>BELLUNO<\/strong>\u00a0 L\u2019Istituto Comprensivo 1 di Belluno ha ottenuto l\u2019assegnazione di fondi PON per un progetto di \u201cPotenziamento delle competenze di cittadinanza\u201d, grazie ai quali potranno essere attivati due moduli che amplieranno l\u2019offerta di avvitit\u00e0 extracurricolari e servizi per le famiglie del Comprensivo.\u00a0<strong> Il modulo \u201cIo sono sostenibile<\/strong>: educazione motoria e sostenibilit\u00e0 ambientale\u201d, che sar\u00e0 avviato nei prossimi giorni, coinvolger\u00e0 una ventina di studenti delle classi prime della Secondaria \u201cRicci\u201d e approfondir\u00e0 attraverso la pratica motoria i concetti di sviluppo sostenibile e benessere della persona legato all\u2019adozione di stili di vita sani. Le attivit\u00e0 si svolgeranno in orario pomeridiano e favoriranno la socializzazione tra i ragazzi, con attivit\u00e0 in palestra ed escursioni sul territorio. Invece <strong>il modulo \u201cSiamo ci\u00f2 che mangiamo.<\/strong> Educazione alimentare e sostenibilit\u00e0 ambientale nella scuola primaria\u201d sar\u00e0 attivato con la formula del campo estivo, dal 13 al 28 giugno, presso la Scuola Primaria di Mussoi. I bambini avranno modo di approfondire, divertendosi con attivit\u00e0 pratiche e laboratori, i cicli stagionali delle piante, l\u2019agricoltura e l\u2019allevamento sostenibili legati al nostro territorio (biologico e km0), i principi di un\u2019alimentazione sana ed equilibrata. Le iscrizioni saranno aperte dal 3 maggio al 15 maggio: potranno aderire gli studenti di tutti i plessi dell\u2019Istituto Comprensivo (Mussoi, Bolzano Bellunese, Chiesurazza, Giamosa). Per consentire alle famiglie di chiedere ulteriori informazioni, la scuola ha organizzato un incontro con i genitori il 3 maggio alle 18.00 presso l\u2019aula magna della scuola \u201cS. Ricci\u201d.<\/p>\n<p>&nbsp;<\/p>\n<p>&nbsp;<\/p>\n<p>&nbsp;<\/p>\n<h1 class=\"entry-title\"><a class=\"dt-pswp-item\" href=\"http:\/\/www.radiopiu.net\/wordpress\/wp-content\/uploads\/2019\/05\/dal-film-265x300.jpg\" data-dt-img-description=\"\" data-large_image_width=\"265\" data-large_image_height=\"300\"><img loading=\"lazy\" decoding=\"async\" class=\"alignleft size-thumbnail wp-image-84223\" src=\"http:\/\/www.radiopiu.net\/wordpress\/wp-content\/uploads\/2019\/05\/dal-film-265x300-150x150.jpg\" alt=\"\" width=\"150\" height=\"150\" \/><\/a><\/h1>\n<h3><\/h3>\n<h3 class=\"entry-title\">LA TORRE TRIESTE AL TRENTO FILM FESTIVAL, STORIA DI ARRAMPICATORI AGORDINI PER LA REGIA DI MANRICO DELL\u2019AGNOLA<\/h3>\n<p><span style=\"color: #ff0000;\"><strong>L&#8217;INTERVISTA A SARA AVOSCAN, OMAR GENUIN, MANRICO DELL&#8217;AGNOLA<\/strong><\/span><\/p>\n<audio class=\"wp-audio-shortcode\" id=\"audio-84219-5\" preload=\"none\" style=\"width: 100%;\" controls=\"controls\"><source type=\"audio\/mpeg\" src=\"http:\/\/www.radiopiu.net\/wordpress\/wp-content\/uploads\/2019\/04\/PRINCIPALE-20.mp3?_=5\" \/><a href=\"http:\/\/www.radiopiu.net\/wordpress\/wp-content\/uploads\/2019\/04\/PRINCIPALE-20.mp3\">http:\/\/www.radiopiu.net\/wordpress\/wp-content\/uploads\/2019\/04\/PRINCIPALE-20.mp3<\/a><\/audio>\n<p><strong>DAL NOTIZIARIO DEL 20 APRILE 2019\u00a0<\/strong><\/p>\n<blockquote class=\"wp-embedded-content\" data-secret=\"ItJPC9fpVX\"><p><a href=\"http:\/\/www.radiopiu.net\/wordpress\/la-torre-trieste-al-trento-film-festival-storia-di-arrampicatori-agordini-per-la-regia-di-manrico-dellagnola\/\">LA TORRE TRIESTE AL TRENTO FILM FESTIVAL, STORIA DI ARRAMPICATORI AGORDINI PER LA REGIA DI MANRICO DELL&#8217;AGNOLA<\/a><\/p><\/blockquote>\n<p><iframe loading=\"lazy\" class=\"wp-embedded-content\" sandbox=\"allow-scripts\" security=\"restricted\" style=\"position: absolute; clip: rect(1px, 1px, 1px, 1px);\" src=\"http:\/\/www.radiopiu.net\/wordpress\/la-torre-trieste-al-trento-film-festival-storia-di-arrampicatori-agordini-per-la-regia-di-manrico-dellagnola\/embed\/#?secret=ItJPC9fpVX\" data-secret=\"ItJPC9fpVX\" width=\"600\" height=\"338\" title=\"&#8220;LA TORRE TRIESTE AL TRENTO FILM FESTIVAL, STORIA DI ARRAMPICATORI AGORDINI PER LA REGIA DI MANRICO DELL&#8217;AGNOLA&#8221; &#8212; Radio Pi\u00f9\" frameborder=\"0\" marginwidth=\"0\" marginheight=\"0\" scrolling=\"no\"><\/iframe><\/p>\n<p>&nbsp;<\/p>\n<p>&nbsp;<\/p>\n<p>&nbsp;<\/p>\n<h2><em>LA STORIA DEL 1 MAGGIO<\/em><\/h2>\n<h3>I VIGILI DEL FUOCO SALVANO TELL, MANCAVA DA PASQUA<\/h3>\n<p><a class=\"dt-pswp-item\" href=\"http:\/\/www.radiopiu.net\/wordpress\/wp-content\/uploads\/2019\/04\/canebellunotre.jpg\" data-dt-img-description=\"\" data-large_image_width=\"617\" data-large_image_height=\"833\"><img loading=\"lazy\" decoding=\"async\" class=\"alignleft size-thumbnail wp-image-84209\" src=\"http:\/\/www.radiopiu.net\/wordpress\/wp-content\/uploads\/2019\/04\/canebellunotre-150x150.jpg\" alt=\"\" width=\"150\" height=\"150\" \/><\/a><strong>CALALZO<\/strong> In salvo Tell, un cane setter inglese di due anni e mezzo smarrito \u00a0il giorno di Pasqua nei pressi del bar Alpino a Calalzo di Cadore, salvato oggi dai vigili del fuoco \u00a0in una zona impervia nei pressi sentiero CAI 261, lungo la Val \u00a0Vedesana. I proprietari di Aviano \u00a0dopo aver smarrito l\u2019animale \u00a0non hanno mai smesso di cercarlo, quando oggi nel pomeriggio hanno sentito i guaiti dell\u2019animale dando \u00a0l\u2019allarme. Il personale SAF dei vigili del fuoco \u00a0del distaccamento di Pieve di Cadore \u00a0con linea vita di 40 metri \u00a0e \u00a0una\u00a0 calata di 10 hanno raggiunto l&#8217;animale portandolo \u00a0in salvo e riconsegnandolo \u00a0ai felici proprietari.<\/p>\n<p>&nbsp;<\/p>\n<p>&nbsp;<\/p>\n<p>&nbsp;<\/p>\n<p>&nbsp;<\/p>\n<p>&nbsp;<\/p>\n<h2><a class=\"dt-pswp-item\" href=\"http:\/\/www.radiopiu.net\/wordpress\/wp-content\/uploads\/2018\/09\/appuntamenti.jpeg\" data-dt-img-description=\"\" data-large_image_width=\"800\" data-large_image_height=\"100\"><img loading=\"lazy\" decoding=\"async\" class=\"alignnone wp-image-61958 size-full\" src=\"http:\/\/www.radiopiu.net\/wordpress\/wp-content\/uploads\/2018\/09\/appuntamenti.jpeg\" alt=\"\" width=\"800\" height=\"100\" srcset=\"https:\/\/www.radiopiu.net\/wordpress\/wp-content\/uploads\/2018\/09\/appuntamenti.jpeg 800w, https:\/\/www.radiopiu.net\/wordpress\/wp-content\/uploads\/2018\/09\/appuntamenti-300x38.jpeg 300w, https:\/\/www.radiopiu.net\/wordpress\/wp-content\/uploads\/2018\/09\/appuntamenti-768x96.jpeg 768w\" sizes=\"auto, (max-width: 800px) 100vw, 800px\" \/><\/a><\/h2>\n<p>&nbsp;<\/p>\n<p>&nbsp;<\/p>\n<h2>Incontriamoci tra le note. Rassegna concertistica di giovani musicisti<\/h2>\n<p><strong>BELLUNO<\/strong> L&#8217;iniziativa musicale della Scuola secondaria di primo grado S. Ricci di Belluno propone per oggi alle 17 nella scuola di via Cavour 2 a Belluno,\u00a0 la rassegna concertistica dei giovani musicisti 2019 con ingresso libero e gratuito: Elena Marangon (pianoforte) Associazione culturale \u201cirisMusica\u201d, Casale sul Sile (TV), Chiara Oliana (chitarra) Scuola Secondaria \u201cM. e P. Balliana-I.Nievo\u201d, Sacile, Jacopo Zago (pianoforte) Associazione culturale \u201cirisMusica\u201d, Casale sul Sile (TV), Sara Stefani (chitarra) Associazione musicale \u201cVincenzo Ruffo\u201d, Sacile (PN). <em>In apertura del concerto ci sar\u00e0 un Benvenuto musicale della classe di flauto a cura della professoressa Giorgia Reolon<\/em><\/p>\n<p>&nbsp;<\/p>\n<p>&nbsp;<\/p>\n<p>&nbsp;<\/p>\n<h2><a class=\"dt-pswp-item\" href=\"http:\/\/www.radiopiu.net\/wordpress\/wp-content\/uploads\/2019\/05\/83c88477-a8f7-4b58-810b-57857e869d7c.jpg\" data-dt-img-description=\"\" data-large_image_width=\"720\" data-large_image_height=\"1280\"><img loading=\"lazy\" decoding=\"async\" class=\"alignleft size-thumbnail wp-image-84227\" src=\"http:\/\/www.radiopiu.net\/wordpress\/wp-content\/uploads\/2019\/05\/83c88477-a8f7-4b58-810b-57857e869d7c-150x150.jpg\" alt=\"\" width=\"150\" height=\"150\" \/><\/a>Maggio Agordino, con l&#8217;Associazione Periti Industriali Minerari di Agordo.<\/h2>\n<p><strong>AGORDO.<\/strong> Quattro appuntamenti in sala Don Tamis alle 20.30 con entrata libera. <strong>Domani:<\/strong> Ermanno Gaspari e Roberto Dall&#8217;Armi &#8220;L&#8217;Agordino e le alluvioni dal 1966 al 2018. <strong>Giovedi 9 maggio<\/strong> Gianni Marigo &#8220;Effetti dei cambiamenti climatici a scala locale. Analisi della tempesta Vaia, un esempio di estremizzazione del clima. <strong>Venerdi 24 maggio<\/strong> Giuseppe De Don\u00e0 &#8220;L&#8217;antica misura del tempo nelle valli alpine&#8221;. <strong>Venerdi 31 maggio<\/strong> Danilo Coppe &#8220;L&#8217;uso degli esplosivi nel civile&#8221;.<\/p>\n<p><strong>IL PRESIDENTE APIM LUCA LUCHETTA<\/strong><\/p>\n<audio class=\"wp-audio-shortcode\" id=\"audio-84219-6\" preload=\"none\" style=\"width: 100%;\" controls=\"controls\"><source type=\"audio\/mpeg\" src=\"http:\/\/www.radiopiu.net\/wordpress\/wp-content\/uploads\/2019\/05\/luca.mp3?_=6\" \/><a href=\"http:\/\/www.radiopiu.net\/wordpress\/wp-content\/uploads\/2019\/05\/luca.mp3\">http:\/\/www.radiopiu.net\/wordpress\/wp-content\/uploads\/2019\/05\/luca.mp3<\/a><\/audio>\n<p>&nbsp;<\/p>\n<p>&nbsp;<\/p>\n<p>&nbsp;<\/p>\n<h2>Associazione Italiana Donazione Organi<\/h2>\n<p><strong>CANALE D&#8217;AGORDO<\/strong> Domani alle 20.30 in sala conferenze Ex Cavallino serata di prevenzione sulle malattie renali. Relatori Mirko Dalle Mule dell&#8217;Aido provinciale, Linda De SIlvestro Nefrologo dell&#8217;ospedale San Martino di Bellluno. Un italiano su 10 ne soffre, informazioni su quali azioni sono sufficienti per prevenire una delle malattie silenziose del corpo. Con la lettura di storie di pazienti nefropatici in dialisi e trapiantati.<\/p>\n<p>&nbsp;<\/p>\n<p>&nbsp;<\/p>\n<h2>100 ANNI FA LA STRADA!<\/h2>\n<p><strong><a class=\"dt-pswp-item\" href=\"http:\/\/www.radiopiu.net\/wordpress\/wp-content\/uploads\/2019\/05\/Lavori-alla-strada.jpg\" data-dt-img-description=\"\" data-large_image_width=\"1500\" data-large_image_height=\"1975\"><img loading=\"lazy\" decoding=\"async\" class=\"alignleft size-thumbnail wp-image-84277\" src=\"http:\/\/www.radiopiu.net\/wordpress\/wp-content\/uploads\/2019\/05\/Lavori-alla-strada-150x150.jpg\" alt=\"\" width=\"150\" height=\"150\" \/><\/a>SOSPIROLO\u00a0<\/strong> Una ricorrenza speciale: un viaggio nel tempo, nei luoghi e nella storia della gente di Canal del Mis per i cent\u2019anni dalla costruzione della strada. L\u2019evento, dal titolo \u201c100 anni fa la strada!\u201d, si terr\u00e0 domenica 5 maggio; si tratta di un\u2019escursione animata con ricostruzioni storiche, personaggi del passato, letture, testimonianze: una giornata unica, che unisce cultura e spettacolo, un\u2019esperienza da vivere per molti locali ma anche per i visitatori. Il percorso a piedi \u00e8 di 8 km lungo strada asfaltata o sterrata, con dislivelli modesti. Il ritrovo \u00e8 alle 7.30 al ponte di Mis-Regolanova.\u00a0Arrivo alle 12.30 a Pattine di Gosaldo con pranzo rustico e balli d\u2019un tempo in compagnia del Gruppo Folk Ladin del P\u00f3i e visita guidata, a rotazione, al sito archeologico del Pian de le Loppe, a cura del Gruppo Archeologico Agordino.<\/p>\n<p>&nbsp;<\/p>\n<p>&nbsp;<\/p>\n<p>&nbsp;<\/p>\n<h1>TORNA CAMMINA CON ME, IL VIA DAL 3 MAGGIO.<\/h1>\n<p><strong>di DAMIANO TORMEN<\/strong><\/p>\n<audio class=\"wp-audio-shortcode\" id=\"audio-84219-7\" preload=\"none\" style=\"width: 100%;\" controls=\"controls\"><source type=\"audio\/mpeg\" src=\"http:\/\/www.radiopiu.net\/wordpress\/wp-content\/uploads\/2019\/04\/DAMIANO-TORMEN.mp3?_=7\" \/><a href=\"http:\/\/www.radiopiu.net\/wordpress\/wp-content\/uploads\/2019\/04\/DAMIANO-TORMEN.mp3\">http:\/\/www.radiopiu.net\/wordpress\/wp-content\/uploads\/2019\/04\/DAMIANO-TORMEN.mp3<\/a><\/audio>\n<p>&nbsp;<\/p>\n<p>&nbsp;<\/p>\n<p>&nbsp;<\/p>\n<h2>Un fine settimana ricco di eventi \u00e8 quello promosso dalla Biblioteca civica del Comune di Sospirolo.<\/h2>\n<p><a class=\"dt-pswp-item\" href=\"http:\/\/www.radiopiu.net\/wordpress\/wp-content\/uploads\/2019\/05\/Valdo.jpg\" data-dt-img-description=\"\" data-large_image_width=\"1754\" data-large_image_height=\"2480\"><img loading=\"lazy\" decoding=\"async\" class=\"alignleft size-thumbnail wp-image-84231\" src=\"http:\/\/www.radiopiu.net\/wordpress\/wp-content\/uploads\/2019\/05\/Valdo-150x150.jpg\" alt=\"\" width=\"150\" height=\"150\" \/><\/a><a class=\"dt-pswp-item\" href=\"http:\/\/www.radiopiu.net\/wordpress\/wp-content\/uploads\/2019\/05\/partire-abm.jpg\" data-dt-img-description=\"\" data-large_image_width=\"794\" data-large_image_height=\"1123\"><img loading=\"lazy\" decoding=\"async\" class=\"alignleft size-thumbnail wp-image-84232\" src=\"http:\/\/www.radiopiu.net\/wordpress\/wp-content\/uploads\/2019\/05\/partire-abm-150x150.jpg\" alt=\"\" width=\"150\" height=\"150\" \/><\/a><strong>SOSPIROLO<\/strong> Le iniziative in programma avranno inizio con la serata d<strong>i venerd\u00ec alle\u00a0 20.30<\/strong>, presso il Centro civico di Sospirolo con il secondo appuntamento della Rassegna &#8220;Partire, storie di emigrazione di ieri e di oggi\u201d. Ad animare l\u2019incontro, Simone Tormen e Marco Crepaz, che presenteranno al pubblico due recenti pubblicazioni dell\u2019Associazione Bellunesi nel Mondo di Belluno, sul tema dell\u2019emigrazione.\u00a0<strong>Sabato 4 maggio,<\/strong> alle 20.30, organizzata dal Centro Studi della Montagna Sospirolese in collaborazione con la biblioteca, serata incentrata sulle imprese alpinistiche e scialpinistiche di Adriana Valdo, prima donna Accademica del Club Alpino Italiano, e sul suo legame con i Monti del Sole. Serata al Centro civico di Sospirolo, introdotta da Elia Moro, vicepresidente del CSMS, con la sapiente conduzione di Emiliano Oddone, geologo di Dolomiti Project, che intervister\u00e0 proprio Adriana Valdo. Verr\u00e0 proiettato inoltre un documentario a lei dedicato, cui seguir\u00e0 un intervento di Marco Cassol sull\u2019alpinismo femminile nei Monti del Sole.<\/p>\n<p>&nbsp;<\/p>\n<p>&nbsp;<\/p>\n<h2><\/h2>\n<h2>DAL MESSICO&#8230;..con William Da Roit<\/h2>\n\n\t\t\t<style type='text\/css'>\n\t\t\t\t#gallery-1 {\n\t\t\t\t\tmargin: auto;\n\t\t\t\t}\n\t\t\t\t#gallery-1 .gallery-item {\n\t\t\t\t\tfloat: left;\n\t\t\t\t\tmargin-top: 10px;\n\t\t\t\t\ttext-align: center;\n\t\t\t\t\twidth: 33%;\n\t\t\t\t}\n\t\t\t\t#gallery-1 img {\n\t\t\t\t\tborder: 2px solid #cfcfcf;\n\t\t\t\t}\n\t\t\t\t#gallery-1 .gallery-caption {\n\t\t\t\t\tmargin-left: 0;\n\t\t\t\t}\n\t\t\t\t\/* see gallery_shortcode() in wp-includes\/media.php *\/\n\t\t\t<\/style>\n\t\t<div id='gallery-1' class='dt-gallery-container gallery galleryid-84219 gallery-columns-3 gallery-size-thumbnail'><dl class='gallery-item'>\n\t\t\t\t<dt class='gallery-icon landscape'>\n\t\t\t\t\t<a class=\"rollover\" href='https:\/\/www.radiopiu.net\/wordpress\/giornale-radiopiu-30-aprile-2019-direttore-mirko-mezzacasa\/28e8b47a-5d30-4150-aeaa-d0f981a444ac\/'><img loading=\"lazy\" decoding=\"async\" width=\"150\" height=\"150\" src=\"https:\/\/www.radiopiu.net\/wordpress\/wp-content\/uploads\/2019\/04\/28e8b47a-5d30-4150-aeaa-d0f981a444ac-150x150.jpg\" class=\"attachment-thumbnail size-thumbnail\" alt=\"\" \/><\/a>\n\t\t\t\t<\/dt><\/dl><dl class='gallery-item'>\n\t\t\t\t<dt class='gallery-icon landscape'>\n\t\t\t\t\t<a class=\"rollover\" href='https:\/\/www.radiopiu.net\/wordpress\/dal-messico-con-william-da-roit\/whatsapp-image-2019-05-01-at-00-03-21\/'><img loading=\"lazy\" decoding=\"async\" width=\"150\" height=\"150\" src=\"https:\/\/www.radiopiu.net\/wordpress\/wp-content\/uploads\/2019\/05\/WhatsApp-Image-2019-05-01-at-00.03.21-150x150.jpeg\" class=\"attachment-thumbnail size-thumbnail\" alt=\"\" \/><\/a>\n\t\t\t\t<\/dt><\/dl><dl class='gallery-item'>\n\t\t\t\t<dt class='gallery-icon landscape'>\n\t\t\t\t\t<a class=\"rollover\" href='https:\/\/www.radiopiu.net\/wordpress\/giornale-radiopiu-02-maggio-2019-direttore-mirko-mezzacasa\/whatsapp-image-2019-05-02-at-02-43-18-2\/'><img loading=\"lazy\" decoding=\"async\" width=\"150\" height=\"150\" src=\"https:\/\/www.radiopiu.net\/wordpress\/wp-content\/uploads\/2019\/05\/WhatsApp-Image-2019-05-02-at-02.43.18-2-150x150.jpeg\" class=\"attachment-thumbnail size-thumbnail\" alt=\"\" \/><\/a>\n\t\t\t\t<\/dt><\/dl><br style=\"clear: both\" \/>\n\t\t\t<\/div>\n\n<p><strong>AUDIO 03 MAGGIO 2019<\/strong><\/p>\n<audio class=\"wp-audio-shortcode\" id=\"audio-84219-8\" preload=\"none\" style=\"width: 100%;\" controls=\"controls\"><source type=\"audio\/mpeg\" src=\"http:\/\/www.radiopiu.net\/wordpress\/wp-content\/uploads\/2019\/05\/WILLIAM-1.mp3?_=8\" \/><a href=\"http:\/\/www.radiopiu.net\/wordpress\/wp-content\/uploads\/2019\/05\/WILLIAM-1.mp3\">http:\/\/www.radiopiu.net\/wordpress\/wp-content\/uploads\/2019\/05\/WILLIAM-1.mp3<\/a><\/audio>\n<p style=\"text-align: left;\"><strong>AUDIO 01 MAGGIO 2019<\/strong><\/p>\n<audio class=\"wp-audio-shortcode\" id=\"audio-84219-9\" preload=\"none\" style=\"width: 100%;\" controls=\"controls\"><source type=\"audio\/mpeg\" src=\"http:\/\/www.radiopiu.net\/wordpress\/wp-content\/uploads\/2019\/05\/WILLIAM.mp3?_=9\" \/><a href=\"http:\/\/www.radiopiu.net\/wordpress\/wp-content\/uploads\/2019\/05\/WILLIAM.mp3\">http:\/\/www.radiopiu.net\/wordpress\/wp-content\/uploads\/2019\/05\/WILLIAM.mp3<\/a><\/audio>\n<p><strong>PRECEDENTE 30 APRILE 2019<\/strong><\/p>\n<audio class=\"wp-audio-shortcode\" id=\"audio-84219-10\" preload=\"none\" style=\"width: 100%;\" controls=\"controls\"><source type=\"audio\/mpeg\" src=\"http:\/\/www.radiopiu.net\/wordpress\/wp-content\/uploads\/2019\/04\/WILLIAM-DA-ROIT.mp3?_=10\" \/><a href=\"http:\/\/www.radiopiu.net\/wordpress\/wp-content\/uploads\/2019\/04\/WILLIAM-DA-ROIT.mp3\">http:\/\/www.radiopiu.net\/wordpress\/wp-content\/uploads\/2019\/04\/WILLIAM-DA-ROIT.mp3<\/a><\/audio>\n<h2><\/h2>\n<p>&nbsp;<\/p>\n<p>&nbsp;<\/p>\n<h3>IERI A RIF DI AGORDO TRA RICORDI, ARTE E ARTIGIANATO, VIDEO DA FACEBOOK<\/h3>\n<div id=\"fb-root\"><\/div>\n<p><script async=\"1\" defer=\"1\" crossorigin=\"anonymous\" src=\"https:\/\/connect.facebook.net\/it_IT\/sdk.js#xfbml=1&amp;version=v6.0\"><\/script><\/p>\n<div class=\"fb-video\" data-href=\"https:\/\/www.facebook.com\/mirko.mezzacasa\/videos\/10219599321600460\/\" data-width=\"1200\">\n<blockquote cite=\"https:\/\/www.facebook.com\/mirko.mezzacasa\/videos\/10219599321600460\/\" class=\"fb-xfbml-parse-ignore\"><p><a href=\"https:\/\/www.facebook.com\/mirko.mezzacasa\/videos\/10219599321600460\/\"><\/a><\/p>\n<p>da RIF DI AGORDO CON I BOCE DA RIF&#8230;. PASSEGGIATA POMERIDIANA TRA RICORDI, ARTE E ARTIGIANATO<\/p>\n<p>Pubblicato da <a href=\"https:\/\/www.facebook.com\/mirko.mezzacasa\">Mirko Mezzacasa<\/a> su Mercoled\u00ec 1 maggio 2019<\/p><\/blockquote>\n<\/div>\n<p>&nbsp;<\/p>\n<p>&nbsp;<\/p>\n<p>&nbsp;<\/p>\n<blockquote class=\"wp-embedded-content\" data-secret=\"3l4AuTFxsp\"><p><a href=\"http:\/\/www.radiopiu.net\/wordpress\/compleanno-numero-32-per-la-chiesa-di-san-giuseppe-al-boscariz-di-feltre\/\">COMPLEANNO NUMERO 32 PER LA CHIESA DI SAN GIUSEPPE AL BOSCARIZ DI FELTRE<\/a><\/p><\/blockquote>\n<p><iframe loading=\"lazy\" class=\"wp-embedded-content\" sandbox=\"allow-scripts\" security=\"restricted\" style=\"position: absolute; clip: rect(1px, 1px, 1px, 1px);\" src=\"http:\/\/www.radiopiu.net\/wordpress\/compleanno-numero-32-per-la-chiesa-di-san-giuseppe-al-boscariz-di-feltre\/embed\/#?secret=3l4AuTFxsp\" data-secret=\"3l4AuTFxsp\" width=\"600\" height=\"338\" title=\"&#8220;COMPLEANNO NUMERO 32 PER LA CHIESA DI SAN GIUSEPPE AL BOSCARIZ DI FELTRE&#8221; &#8212; Radio Pi\u00f9\" frameborder=\"0\" marginwidth=\"0\" marginheight=\"0\" scrolling=\"no\"><\/iframe><\/p>\n<p>&nbsp;<\/p>\n<p>&nbsp;<\/p>\n<p><a class=\"dt-pswp-item\" href=\"http:\/\/www.radiopiu.net\/wordpress\/wp-content\/uploads\/2018\/09\/viabilita.jpeg\" data-dt-img-description=\"\" data-large_image_width=\"800\" data-large_image_height=\"100\"><img loading=\"lazy\" decoding=\"async\" class=\"alignnone size-full wp-image-61954\" src=\"http:\/\/www.radiopiu.net\/wordpress\/wp-content\/uploads\/2018\/09\/viabilita.jpeg\" alt=\"\" width=\"800\" height=\"100\" srcset=\"https:\/\/www.radiopiu.net\/wordpress\/wp-content\/uploads\/2018\/09\/viabilita.jpeg 800w, https:\/\/www.radiopiu.net\/wordpress\/wp-content\/uploads\/2018\/09\/viabilita-300x38.jpeg 300w, https:\/\/www.radiopiu.net\/wordpress\/wp-content\/uploads\/2018\/09\/viabilita-768x96.jpeg 768w\" sizes=\"auto, (max-width: 800px) 100vw, 800px\" \/><\/a><\/p>\n<p><strong>PROVINCIALE 8 DI SAN TOMASO<\/strong> Dal 29 aprile al 28 giugno (esclusi festivi e prefestivi) senso unico alternato tra Pian Molin e Roi<\/p>\n<p><strong>PROVINCIALE 563 DI SALESEI<\/strong> Dal 6 maggio AL 14 giugno\u00a0 In localit\u00e0 Sopracordevole in Comune di Rocca Pietore senso unico alternato con semaforo o movieri e divieto di transito ai mezzi con massa superiore a 7,5 tonellate.<\/p>\n<p><strong>REGIONALE 203 AGORDINA<\/strong> Fino al 6 maggio (esclusi festivi e prefestivi) senso unico alternato regolato da semaforo in localit\u00e0 Rucav\u00e0 (Alleghe) per lavori di messa in sicurezza ciglio stradale<\/p>\n<p><strong>REGIONALE 203 AGORDINA<\/strong> Fino al 3 maggio (esclusi sabato, domenica e festivi infrasettimanali) senso unico alternato regolato da semaforo a monte dell&#8217;abitato di Caprile per lavori di manutenzione del cimitero.<\/p>\n<h2><\/h2>\n<p>&nbsp;<\/p>\n<p>&nbsp;<\/p>\n<p>&nbsp;<\/p>\n<h2><img loading=\"lazy\" decoding=\"async\" class=\"alignleft wp-image-60761 \" src=\"http:\/\/www.radiopiu.net\/wordpress\/wp-content\/uploads\/2018\/09\/sport.jpg\" alt=\"\" width=\"992\" height=\"124\" srcset=\"https:\/\/www.radiopiu.net\/wordpress\/wp-content\/uploads\/2018\/09\/sport.jpg 800w, https:\/\/www.radiopiu.net\/wordpress\/wp-content\/uploads\/2018\/09\/sport-300x38.jpg 300w, https:\/\/www.radiopiu.net\/wordpress\/wp-content\/uploads\/2018\/09\/sport-768x96.jpg 768w\" sizes=\"auto, (max-width: 992px) 100vw, 992px\" \/><\/h2>\n<p>&nbsp;<\/p>\n<p>&nbsp;<\/p>\n<p>&nbsp;<\/p>\n<p>&nbsp;<\/p>\n<h1><\/h1>\n<div dir=\"ltr\">\n<h2>CAMPIONATO CSI OPEN A1: IL BAR DASSI RIFILA UN POKER AL LE VILLE<\/h2>\n<p><strong>di Marco Gaz<\/strong><\/p>\n<p>Termina con una sonora sconfitta la penultima giornata del campionato CSI Open girone A1 per il Le Ville. La squadra di Agordo perde per 4 a 1 contro la capolista e vede allontanarsi la possibilit\u00e0 di salvarsi. Infatti, la squadra di mister Valcozzena, dovr\u00e0 vincere sabato prossimo nell&#8217;ultima giornata della stagione. Un pareggio non assicurerebbe la rimanenza nel girone A1. Un&#8217;altra sconfitta per il Le Ville e la prossima stagione retrocederebbe in A2.<\/p>\n<audio class=\"wp-audio-shortcode\" id=\"audio-84219-11\" preload=\"none\" style=\"width: 100%;\" controls=\"controls\"><source type=\"audio\/mpeg\" src=\"http:\/\/www.radiopiu.net\/wordpress\/wp-content\/uploads\/2019\/05\/gr-02-sport-le-ville-csi-con-sigla.mp3?_=11\" \/><a href=\"http:\/\/www.radiopiu.net\/wordpress\/wp-content\/uploads\/2019\/05\/gr-02-sport-le-ville-csi-con-sigla.mp3\">http:\/\/www.radiopiu.net\/wordpress\/wp-content\/uploads\/2019\/05\/gr-02-sport-le-ville-csi-con-sigla.mp3<\/a><\/audio>\n<\/div>\n<p>&nbsp;<\/p>\n<p>&nbsp;<\/p>\n<h1>VERSO LA 45 ALPE DEL NEVEGAL<\/h1>\n<h1>di Roberto Bona<\/h1>\n<audio class=\"wp-audio-shortcode\" id=\"audio-84219-12\" preload=\"none\" style=\"width: 100%;\" controls=\"controls\"><source type=\"audio\/mpeg\" src=\"http:\/\/www.radiopiu.net\/wordpress\/wp-content\/uploads\/2019\/05\/alpe-del-nevegal.mp3?_=12\" \/><a href=\"http:\/\/www.radiopiu.net\/wordpress\/wp-content\/uploads\/2019\/05\/alpe-del-nevegal.mp3\">http:\/\/www.radiopiu.net\/wordpress\/wp-content\/uploads\/2019\/05\/alpe-del-nevegal.mp3<\/a><\/audio>\n<p>&nbsp;<\/p>\n<p><a class=\"dt-pswp-item\" href=\"http:\/\/www.radiopiu.net\/wordpress\/wp-content\/uploads\/2019\/05\/15.jpg\" data-dt-img-description=\"\" data-large_image_width=\"1620\" data-large_image_height=\"1080\"><img loading=\"lazy\" decoding=\"async\" class=\"alignleft wp-image-84260\" src=\"http:\/\/www.radiopiu.net\/wordpress\/wp-content\/uploads\/2019\/05\/15-150x150.jpg\" alt=\"\" width=\"285\" height=\"285\" \/><\/a><a class=\"dt-pswp-item\" href=\"http:\/\/www.radiopiu.net\/wordpress\/wp-content\/uploads\/2019\/05\/Alpe-del-Neveg\u00e0l-2018-1242-1.jpg\" data-dt-img-description=\"\" data-large_image_width=\"3888\" data-large_image_height=\"2592\"><img loading=\"lazy\" decoding=\"async\" class=\"alignleft wp-image-84259\" src=\"http:\/\/www.radiopiu.net\/wordpress\/wp-content\/uploads\/2019\/05\/Alpe-del-Neveg\u00e0l-2018-1242-1-150x150.jpg\" alt=\"\" width=\"282\" height=\"282\" \/><\/a><\/p>\n<p>&nbsp;<\/p>\n<p>&nbsp;<\/p>\n<p>&nbsp;<\/p>\n<p>&nbsp;<\/p>\n<h2><\/h2>\n<p>&nbsp;<\/p>\n<p>&nbsp;<\/p>\n<p>&nbsp;<\/p>\n<p>&nbsp;<\/p>\n<p>&nbsp;<\/p>\n<p>&nbsp;<\/p>\n<p>&nbsp;<\/p>\n<h1><\/h1>\n<h1><\/h1>\n<h1><\/h1>\n<h1><\/h1>\n<h1><\/h1>\n<h1><\/h1>\n<h1><\/h1>\n<h1><\/h1>\n<h1><\/h1>\n<h1>CAVARZANO BATTE LA CISONESE E VOLA IN PROMOZIONE<\/h1>\n<p><strong>DI DAMIANO TORMEN<\/strong><\/p>\n<audio class=\"wp-audio-shortcode\" id=\"audio-84219-13\" preload=\"none\" style=\"width: 100%;\" controls=\"controls\"><source type=\"audio\/mpeg\" src=\"http:\/\/www.radiopiu.net\/wordpress\/wp-content\/uploads\/2019\/05\/DAMIANO.mp3?_=13\" \/><a href=\"http:\/\/www.radiopiu.net\/wordpress\/wp-content\/uploads\/2019\/05\/DAMIANO.mp3\">http:\/\/www.radiopiu.net\/wordpress\/wp-content\/uploads\/2019\/05\/DAMIANO.mp3<\/a><\/audio>\n<p>&nbsp;<\/p>\n<p>&nbsp;<\/p>\n<p><b><a class=\"dt-pswp-item\" href=\"http:\/\/www.radiopiu.net\/wordpress\/wp-content\/uploads\/2018\/09\/WhatsApp-Image-2018-09-20-at-16.04.06.jpeg\" data-dt-img-description=\"\" data-large_image_width=\"800\" data-large_image_height=\"100\"><img loading=\"lazy\" decoding=\"async\" class=\"alignleft wp-image-61378 \" src=\"http:\/\/www.radiopiu.net\/wordpress\/wp-content\/uploads\/2018\/09\/WhatsApp-Image-2018-09-20-at-16.04.06.jpeg\" alt=\"\" width=\"1008\" height=\"126\" srcset=\"https:\/\/www.radiopiu.net\/wordpress\/wp-content\/uploads\/2018\/09\/WhatsApp-Image-2018-09-20-at-16.04.06.jpeg 800w, https:\/\/www.radiopiu.net\/wordpress\/wp-content\/uploads\/2018\/09\/WhatsApp-Image-2018-09-20-at-16.04.06-300x38.jpeg 300w, https:\/\/www.radiopiu.net\/wordpress\/wp-content\/uploads\/2018\/09\/WhatsApp-Image-2018-09-20-at-16.04.06-768x96.jpeg 768w\" sizes=\"auto, (max-width: 1008px) 100vw, 1008px\" \/><\/a><\/b><\/p>\n<p>&nbsp;<\/p>\n<p>&nbsp;<\/p>\n<p><center><\/center><center><\/center><center><\/center><center><\/center><center><\/center><center><\/center><center><\/center><center><\/center><center><b>Giovedi 2<\/b><\/center><b>Tempo atteso: <\/b>Inizialmente piuttosto soleggiato, con aumento della nuvolosit\u00e0 dalle ore centrali in poi, con addensamenti pomeridiani e serali, associati a rovesci sparsi, pi\u00f9 probabili sulle Prealpi. Clima diurno ancora relativamente mite, nonostante gli annuvolamenti.<br \/>\n<b>Precipitazioni: <\/b>Al mattino assenti (0%). Al pomeriggio probabilit\u00e0 media (50\/60%) per rovesci sparsi, nevosi oltre i 2200\/2300 m, con limite in lieve calo qualora i fenomeni perdurassero in serata. Sono previsti mediamente 2\/5 mm, localmente 5\/10 mm in caso di rovescio duraturo, con altrettanti cm di neve oltre i 2300\/2400 m.<br \/>\n<b>Temperature: <\/b>Minime in generale leggero aumento; massime senza notevoli variazioni in quota e in lieve calo nelle valli. Sono previste punte massime di 19\/20\u00b0C nelle conche prealpine e di 14\/16\u00b0C a 1000\/1200 m. Su Prealpi a 1500 m min 6\u00b0C max 10\u00b0C, a 2000 m min 3\u00b0C max 7\u00b0C. Su Dolomiti a 2000 m min 2\u00b0C max 7\u00b0C, a 3000 m min -5\u00b0C max -3\u00b0C.<br \/>\n<b>Venti: <\/b>Nelle valli deboli, a tratti e localmente moderati, a regime di brezza; in quota deboli\/moderati da Sud-Ovest, a 5-10 km\/h a 2000 m, 15-25 km\/h a 3000 m.<\/p>\n<hr \/>\n<p><center><b>Venerdi 3<\/b><\/center><b>Tempo atteso: <\/b>Tempo variabile\/instabile al mattino con tratti soleggiati e annuvolamenti irregolari. Al pomeriggio il tempo diverr\u00e0 instabile e la nuvolosit\u00e0 sar\u00e0 maggiore, spesso associata a rovesci sparsi. Clima diurno assai fresco per il periodo.<br \/>\n<b>Precipitazioni: <\/b>Probabilit\u00e0 media per rovesci al mattino (50\/60%) ed alta al pomeriggio (80\/90%) per rovesci pi\u00f9 frequenti e pi\u00f9 duraturi, eventualmente temporaleschi, specie sulle Prealpi. Limite neve in abbassamento da 1800\/1900 m fino sui 1600\/1700 m a fine giornata.<br \/>\n<b>Temperature: <\/b>In generale lieve calo, eccetto aumento delle minime nelle valli. Sono previste punte massime di 14\/15\u00b0C nelle conche prealpine e di 9\/11\u00b0C a 1000\/1200 m. Su Prealpi a 1500 m min 2\u00b0C max 5\u00b0C, a 2000 m min 0\u00b0C max 2\u00b0C. Su Dolomiti a 2000 m min 0\u00b0C max 1\u00b0C, a 3000 m min -6\u00b0C max -5\u00b0C.<br \/>\n<b>Venti: <\/b>Nelle valli deboli di direzione variabile, a tratti moderati, a regime di brezza; in quota deboli da Nord-Ovest, a 5-10 km\/h sia a 2000 m che a 3000 m.<\/p>\n<hr \/>\n<p><center><b>Sabato 4<\/b><\/center>Al mattino tempo variabile discreto con tratti soleggiati e annuvolamenti irregolari. Poi graduale peggioramento del tempo fino a risultare perturbato nel tardo pomeriggio\/sera con cielo coperto, associato a precipitazioni via via pi\u00f9 diffuse, anche di moderata intensit\u00e0. Inizialmente il limite neve sar\u00e0 oltre i 1700\/1800 m, prima di scendere sui 1000\/1200 m in tarda serata. Temperature massime in calo. Venti moderati da Sud-Ovest in quota, deboli di direzione variabile nelle valli.<\/p>\n<hr \/>\n<p><center><b>Domenica 5<\/b><\/center>Moderato maltempo tra la notte e le prime ore del giorno con precipitazioni diffuse, nevose oltre i 700\/900 m. Dalla tarda mattinata tendenza alla variabilit\u00e0 con esaurimento dei fenomeni, attenuazione della nuvolosit\u00e0 e rasserenamenti. Ulteriore calo termico con clima freddo per il periodo. Venti moderati dai quadranti orientali in quota. Previsore: R.L.Th.<\/p>\n","protected":false},"excerpt":{"rendered":"<p>&nbsp; AUGURI DE ROSSI! IN MEZZO SECOLO \u201cSFORNATI\u201d PROFESSIONISTI\/E CHE SI SONO FATTI ONORE &nbsp; FALCADE L\u2019Istituto d\u2019Istruzione Superiore Follador De Rossi di Agordo e Falcade (scuola e convitto) si prepara a festeggiare i 50 anni dell\u2019alberghiero di Falcade, la festa domani alle 10.30 al palazzetto Dolomiti (vicino alla scuola). Una mattinata per ricordare un\u2019importante&hellip;<\/p>\n","protected":false},"author":1,"featured_media":84276,"comment_status":"closed","ping_status":"closed","sticky":false,"template":"","format":"standard","meta":{"_monsterinsights_skip_tracking":false,"_monsterinsights_sitenote_active":false,"_monsterinsights_sitenote_note":"","_monsterinsights_sitenote_category":0,"footnotes":""},"categories":[86],"tags":[],"class_list":["post-84219","post","type-post","status-publish","format-standard","has-post-thumbnail","hentry","category-gr","category-86","description-off"],"img_url":"https:\/\/www.radiopiu.net\/wordpress\/wp-content\/uploads\/2019\/05\/100-strada-canal-del-mis-_foto-depoca.jpg","_links":{"self":[{"href":"https:\/\/www.radiopiu.net\/wordpress\/wp-json\/wp\/v2\/posts\/84219","targetHints":{"allow":["GET"]}}],"collection":[{"href":"https:\/\/www.radiopiu.net\/wordpress\/wp-json\/wp\/v2\/posts"}],"about":[{"href":"https:\/\/www.radiopiu.net\/wordpress\/wp-json\/wp\/v2\/types\/post"}],"author":[{"embeddable":true,"href":"https:\/\/www.radiopiu.net\/wordpress\/wp-json\/wp\/v2\/users\/1"}],"replies":[{"embeddable":true,"href":"https:\/\/www.radiopiu.net\/wordpress\/wp-json\/wp\/v2\/comments?post=84219"}],"version-history":[{"count":0,"href":"https:\/\/www.radiopiu.net\/wordpress\/wp-json\/wp\/v2\/posts\/84219\/revisions"}],"wp:featuredmedia":[{"embeddable":true,"href":"https:\/\/www.radiopiu.net\/wordpress\/wp-json\/wp\/v2\/media\/84276"}],"wp:attachment":[{"href":"https:\/\/www.radiopiu.net\/wordpress\/wp-json\/wp\/v2\/media?parent=84219"}],"wp:term":[{"taxonomy":"category","embeddable":true,"href":"https:\/\/www.radiopiu.net\/wordpress\/wp-json\/wp\/v2\/categories?post=84219"},{"taxonomy":"post_tag","embeddable":true,"href":"https:\/\/www.radiopiu.net\/wordpress\/wp-json\/wp\/v2\/tags?post=84219"}],"curies":[{"name":"wp","href":"https:\/\/api.w.org\/{rel}","templated":true}]}}