{"id":84310,"date":"2019-05-03T05:51:02","date_gmt":"2019-05-03T03:51:02","guid":{"rendered":"http:\/\/www.radiopiu.net\/wordpress\/?p=84310"},"modified":"2019-05-03T19:18:20","modified_gmt":"2019-05-03T17:18:20","slug":"giornale-radiopiu-03-maggio-2019-direttore-mirko-mezzacasa","status":"publish","type":"post","link":"https:\/\/www.radiopiu.net\/wordpress\/giornale-radiopiu-03-maggio-2019-direttore-mirko-mezzacasa\/","title":{"rendered":"GIORNALE RADIOPIU 03 MAGGIO 2019 DIRETTORE MIRKO MEZZACASA"},"content":{"rendered":"<p align=\"JUSTIFY\"><strong>Oggi alle 10.30<\/strong> all&#8217;Istituto Alberghiero e Convitto di Falcade &#8220;De Rossi&#8221; la festa per i 50 anni della scuola. <strong>Schede ospedaliere<\/strong> il dibattito continua, ieri l&#8217;intervento del sindaco di Belluno Jacopo Massaro, oggi assemblee sindacali negli ospedali di Belluno e Feltre per capirne di pi\u00f9. <strong>A Taibon<\/strong> la farmacia comunale chiude l&#8217;anno in attivo (29 mila euro di utile) e guarda al futuro con tante novit\u00e0.<strong> In Valle di San Lucano<\/strong> i volontari vogliono intervenire su un&#8217;area dove Arpav e Regione hanno posto vincoli: gli alberi non si toccano, le novit\u00e0 soprattutto le soluzioni potrebbero arrivare dagli esperti delle valanghe. <strong>Anche i cacciatori di Taibon<\/strong> sono scesi a Venezia dall&#8217;assessore Pan per chiedere sostegno negli interventi denunciando episodi che hanno danneggiato il lavoro dei volontari. <strong>Nella tempesta Vaia\u00a0<\/strong> Sandro Pompolani 49 anni fu travolto da un albero e mor\u00ec lungo la Culliada &#8220;Per la Procura tigli tagliati male&#8221; titola oggi il CorrieredelleAlpi. <strong>Ieri ha riaperto<\/strong> la provinciale di Lamosano ma rimane critica la situazione in Nevegal, chiusa la provinciale 31 tra Bisinella e Nevegal. <strong>Riaperto il sentiero<\/strong> per il rifugio Bianchet, dalla regionale 203 agordina, \u00e8 stato riaperto dal reparto Carabinieri biodiversit\u00e0 di Belluno.<strong>Per la morte del cane Kaos<\/strong> il primo esposto in Procura, ne da notizia il CorrieredelleAlpi ricordando l&#8217;iniziativa dell&#8217;associazione bellunese Siamo tutti animali. L&#8217;avvocato Marzia Ianese esporr\u00e0 i fatti come emergono dai video girati da agordini il 19 aprile, nel parcheggio del negozio Super W di Agordo<\/p>\n<blockquote>\n<p align=\"JUSTIFY\">\n<\/blockquote>\n<p align=\"JUSTIFY\"><strong><em>Gestione Servizi Pubblici informa che in tutto il comune di Cibiana di Cadore l&#8217;acqua erogata dall&#8217;acquedotto \u00e8 di nuovo potabile e pu\u00f2 essere usata, quindi, per scopi alimentari.<\/em><\/strong><\/p>\n<p align=\"JUSTIFY\"><strong>sp19 di Lamosano:<\/strong> dal 6 al 10 maggio, dalle 8 alle 12.30 e dalle 13.30 alle 19 INTERDIZIONE totale al transito per lavori di messa in sicurezza, in localit\u00e0 Zavena.<\/p>\n<hr \/>\n<hr \/>\n<blockquote>\n<p align=\"JUSTIFY\">\n<\/blockquote>\n<h2 align=\"JUSTIFY\"><span style=\"color: #0000ff;\">Auguri De Rossi!<\/span><\/h2>\n<p align=\"JUSTIFY\"><em style=\"text-align: left;\"><strong>FALCADE<\/strong> L\u2019Istituto d\u2019Istruzione Superiore Follador De Rossi di Agordo e Falcade (scuola e convitto) si prepara a festeggiare i 50 anni dell\u2019alberghiero di Falcade, la festa oggi alle 10.30 al palazzetto Dolomiti (vicino alla scuola). Una mattinata per ricordare un\u2019importante storia iniziata nel 1969.\u00a0<\/em><\/p>\n<div class=\"entry-content\">\n<h3><a class=\"dt-pswp-item\" href=\"http:\/\/www.radiopiu.net\/wordpress\/wp-content\/uploads\/2019\/05\/ANNULLO-FALCADE.jpg\" data-dt-img-description=\"\" data-large_image_width=\"755\" data-large_image_height=\"897\"><img loading=\"lazy\" decoding=\"async\" class=\"alignleft wp-image-84340\" src=\"http:\/\/www.radiopiu.net\/wordpress\/wp-content\/uploads\/2019\/05\/ANNULLO-FALCADE.jpg\" alt=\"\" width=\"75\" height=\"89\" srcset=\"https:\/\/www.radiopiu.net\/wordpress\/wp-content\/uploads\/2019\/05\/ANNULLO-FALCADE.jpg 755w, https:\/\/www.radiopiu.net\/wordpress\/wp-content\/uploads\/2019\/05\/ANNULLO-FALCADE-253x300.jpg 253w\" sizes=\"auto, (max-width: 75px) 100vw, 75px\" \/><\/a>POSTE ITALIANE, L\u2019ANNULLO FILATELICO DEDICATO ALL\u2019ISTITUTO ALBERGHIERO DI FALCADE<\/h3>\n<p>Poste Italiane metter\u00e0 a disposizione domani, venerd\u00ec 3 maggio, un annullo filatelico realizzato su iniziativa del circolo Filatelico Numismatico Agordino in occasione del cinquantesimo anniversario dell\u2019istituto alberghiero De Rossi. Il timbro dedicato potr\u00e0 essere richiesto nella sola giornata di oggidalle 10 alle 14 nella sede dell\u2019istituto, in via Trieste 25. Dopo l\u2019utilizzo Il timbro figurato sar\u00e0 depositato allo sportello filatelico dell\u2019ufficio postale Belluno Castello, per sessanta giorni successivi a disposizione dei collezionisti.<\/p>\n<\/div>\n<p>&nbsp;<\/p>\n<p>&nbsp;<\/p>\n<h2>GOSALDO, IL POST VAIA ECCO I PROBLEMI QUOTIDIANI<\/h2>\n<blockquote><p><strong>dal sindaco di GOSALDO, Giocondo Dalle Feste<\/strong><\/p><\/blockquote>\n<p>DALLA RASSEGNA STAMPA DELLE 805<\/p>\n<audio class=\"wp-audio-shortcode\" id=\"audio-84310-1\" preload=\"none\" style=\"width: 100%;\" controls=\"controls\"><source type=\"audio\/mpeg\" src=\"http:\/\/www.radiopiu.net\/wordpress\/wp-content\/uploads\/2019\/05\/GIOCONDO.mp3?_=1\" \/><a href=\"http:\/\/www.radiopiu.net\/wordpress\/wp-content\/uploads\/2019\/05\/GIOCONDO.mp3\">http:\/\/www.radiopiu.net\/wordpress\/wp-content\/uploads\/2019\/05\/GIOCONDO.mp3<\/a><\/audio>\n<p>&nbsp;<\/p>\n<blockquote>\n<blockquote><p><a class=\"dt-pswp-item\" href=\"http:\/\/www.radiopiu.net\/wordpress\/wp-content\/uploads\/2018\/11\/45347892_224660935124635_6719983497215213568_n.jpg\" data-dt-img-description=\"\" data-large_image_width=\"960\" data-large_image_height=\"720\"><img loading=\"lazy\" decoding=\"async\" class=\"alignleft wp-image-66928\" src=\"http:\/\/www.radiopiu.net\/wordpress\/wp-content\/uploads\/2018\/11\/45347892_224660935124635_6719983497215213568_n.jpg\" alt=\"\" width=\"183\" height=\"137\" srcset=\"https:\/\/www.radiopiu.net\/wordpress\/wp-content\/uploads\/2018\/11\/45347892_224660935124635_6719983497215213568_n.jpg 960w, https:\/\/www.radiopiu.net\/wordpress\/wp-content\/uploads\/2018\/11\/45347892_224660935124635_6719983497215213568_n-300x225.jpg 300w, https:\/\/www.radiopiu.net\/wordpress\/wp-content\/uploads\/2018\/11\/45347892_224660935124635_6719983497215213568_n-768x576.jpg 768w\" sizes=\"auto, (max-width: 183px) 100vw, 183px\" \/><\/a><strong>GOSALDO<\/strong> : Le magagne post Vaia stanno emergendo piano piano con il disgelo e le copiose precipitazioni degli ultimi giorni. In ogni angolo del comune di Gosaldo la viabilit\u00e0 \u00e8 ogni giorno pi\u00f9 compromessa. La provinciale n. 2 e N. 3 si abbassano in vari punti in quelli gi\u00e0 notoriamente conosciuti e in altri nuovi dopo ottobre.\u00a0 \u00c8 di ieri sera una nuova frana che ha imposto la chiusura della comunale di collegamento alla frazione di Turbai con isolamento delle persone ivi presenti. Gli operai comunali stanno lavorando per il provvisorio ripristino della transitabilit\u00e0 per dare modo a coloro che devono recarsi al lavoro di poter trasbordare con l&#8217;auto. interventi pi\u00f9 puntuali e definitivi dovranno essere effettuati per mettere in completa sicurezza la viabilit\u00e0<\/p><\/blockquote>\n<\/blockquote>\n<p>&nbsp;<\/p>\n<p>&nbsp;<\/p>\n<h3>LUPO: SEMPRE EMERGENZA<\/h3>\n<blockquote><p>Il Corriere del Veneto da oggi notizia di un altro capriolo sbranato dal lupo, \u00e8 successo a Trichiana lo scorso primo maggio in prossimit\u00e0 di Passo San Boldo. L&#8217;animale la cui carcassa \u00e8 stata ritrovata su un sentiero \u00e8 stato sbranato da uno o piu&#8217; lupi.<\/p><\/blockquote>\n<p>&nbsp;<\/p>\n<p>&nbsp;<\/p>\n<p><strong><a class=\"dt-pswp-item\" href=\"http:\/\/www.radiopiu.net\/wordpress\/wp-content\/uploads\/2019\/05\/WhatsApp-Image-2019-05-02-at-17.33.06.jpeg\" data-dt-img-description=\"\" data-large_image_width=\"604\" data-large_image_height=\"453\"><img loading=\"lazy\" decoding=\"async\" class=\"alignleft wp-image-84357\" src=\"http:\/\/www.radiopiu.net\/wordpress\/wp-content\/uploads\/2019\/05\/WhatsApp-Image-2019-05-02-at-17.33.06.jpeg\" alt=\"\" width=\"185\" height=\"138\" srcset=\"https:\/\/www.radiopiu.net\/wordpress\/wp-content\/uploads\/2019\/05\/WhatsApp-Image-2019-05-02-at-17.33.06.jpeg 604w, https:\/\/www.radiopiu.net\/wordpress\/wp-content\/uploads\/2019\/05\/WhatsApp-Image-2019-05-02-at-17.33.06-300x225.jpeg 300w\" sizes=\"auto, (max-width: 185px) 100vw, 185px\" \/><\/a>IL LUTTO<\/strong><\/p>\n<blockquote><p>Con Ferdinando molti di noi sono cresciuti insieme, ed \u00e8 un gran dolore. Un abbraccio a chi resta, una carezza sul cuore per la mamma Annamaria e per la sorella Virginia\u00a0 per\u00a0 la moglie Cristina e i figli Nike e Mike. Ora Ferdinando riposa con pap\u00e0 Rinaldo Andrich (stimato banchiere della allora Cassa di Risparmio di Verona Vicenza Belluno) nel cimitero di Agordo<\/p><\/blockquote>\n<p>&nbsp;<\/p>\n<p>&nbsp;<\/p>\n<p>&nbsp;<\/p>\n<p>&nbsp;<\/p>\n<h3 align=\"JUSTIFY\">L&#8217;ASSESSORE PAN VICINO AI CACCIATORI DI TAIBON PER IL RIPRISTINO DEI SENTIERI<\/h3>\n<p><strong>DI GIANNI SANTOMASO<\/strong><\/p>\n<audio class=\"wp-audio-shortcode\" id=\"audio-84310-2\" preload=\"none\" style=\"width: 100%;\" controls=\"controls\"><source type=\"audio\/mpeg\" src=\"http:\/\/www.radiopiu.net\/wordpress\/wp-content\/uploads\/2019\/05\/GIANNI-CACCIA.mp3?_=2\" \/><a href=\"http:\/\/www.radiopiu.net\/wordpress\/wp-content\/uploads\/2019\/05\/GIANNI-CACCIA.mp3\">http:\/\/www.radiopiu.net\/wordpress\/wp-content\/uploads\/2019\/05\/GIANNI-CACCIA.mp3<\/a><\/audio>\n<p><strong>TAIBON<\/strong> Con una lettera i cacciatori di Taibon hanno chiesto\u00a0 a Regione e Provincia se la loro attivit\u00e0 di volontariato nel territorio colpito dall&#8217;uragano Vaia lo scorso ottobre, pu\u00f2 essere portata avanti<em>, &#8220;Se \u00e8 giustificata ed approvata dagli enti alla pari di tutte le altre attivit\u00e0 di volontariato &#8211; hanno scritto i cacciatori &#8211;\u00a0 senza aver sempre la remora di non essere sempre nel lecito o che qualcuno contesti il nostro operato. Alcuni fatti avvenuti in passato impongono di chiedere alla istituzioni un cenno di sostegno e consenso, ma anche di condivisione&#8221;.<\/em><\/p>\n<p>Da Venezia l&#8217;assessore Pan ha risposto con l&#8217;invito a scendere al palazzo regioanle.\u00a0 Il Presidente del distretto venatorio dell&#8217;Agordino, Alberto Colleselli con il gruppo cacciatori di Taibon Agordino, in testa il Presidente della Riserva del paese Luca Lena, ha quindi incontrato\u00a0 l&#8217;assessore Giuseppe Pan e il massimo dirigente caccia della Regione dottor Fregolent. Ai cacciatori \u00e8 stata assicurata massima diponibilit\u00e0 per tutelare il prezioso volontariato dei cacciatori agordini. L&#8217;incontro \u00e8 stato richiesto con dettagliata lettera a firma del Presidente Lena ed inviata al presidente della Regione, della Provincia e al sindaco di Taibon.<\/p>\n<p><a class=\"dt-pswp-item\" href=\"http:\/\/www.radiopiu.net\/wordpress\/wp-content\/uploads\/2019\/05\/8432900d-a510-47ed-9bea-8dbfb8ad63a2.jpg\" data-dt-img-description=\"\" data-large_image_width=\"1600\" data-large_image_height=\"1200\"><img loading=\"lazy\" decoding=\"async\" class=\"alignleft size-large wp-image-84312\" src=\"http:\/\/www.radiopiu.net\/wordpress\/wp-content\/uploads\/2019\/05\/8432900d-a510-47ed-9bea-8dbfb8ad63a2-1024x768.jpg\" alt=\"\" width=\"1024\" height=\"768\" srcset=\"https:\/\/www.radiopiu.net\/wordpress\/wp-content\/uploads\/2019\/05\/8432900d-a510-47ed-9bea-8dbfb8ad63a2-1024x768.jpg 1024w, https:\/\/www.radiopiu.net\/wordpress\/wp-content\/uploads\/2019\/05\/8432900d-a510-47ed-9bea-8dbfb8ad63a2-300x225.jpg 300w, https:\/\/www.radiopiu.net\/wordpress\/wp-content\/uploads\/2019\/05\/8432900d-a510-47ed-9bea-8dbfb8ad63a2-768x576.jpg 768w, https:\/\/www.radiopiu.net\/wordpress\/wp-content\/uploads\/2019\/05\/8432900d-a510-47ed-9bea-8dbfb8ad63a2.jpg 1600w\" sizes=\"auto, (max-width: 1024px) 100vw, 1024px\" \/><\/a><\/p>\n<p><strong>La Lettera<\/strong><\/p>\n<blockquote><p><em>&#8220;Alcune azioni denigratorie del nostro operato provenienti non solo dal mondo ambientale antagonista ma anche dai cittadini ci ha messo in difficolt\u00e0, ostacolando anche con azioni legali il nostro operato&#8221;.<\/em><\/p><\/blockquote>\n<p>Siamo i cacciatori della riserva alpina di Taibon, Comune particolarmente colpito da un devastante incendio boschivo e poi dall&#8217;alluvione Vaia di fine ottobre, con ingenti danni al patrimonio boschivo e dissesti di natura idrogeologica. Nostra consuetudine e tradizione \u00e8 di intervenire nell&#8217;ambiente con il ripristino di sentieri, sfalcio di prati e quanto puo&#8217; servire a supporto delle istituzioni e delle associazioni locali. Dopo i fatti accaduti il nostro contributo volontario sar\u00e0 sicuramente utile al recupero dei sentieri e dei percorsi turistici, fondamentali per lo sviluppo turistico del territorio. Il nostro apporto nella manutenzione del territorio, mai ostentato o propagandato, ma ritenuto doveroso, non sempre \u00e8 stato condiviso e valorizzato, anzi spesso \u00e8 stato ritenuto non di interesse per la comunit\u00e0. Noi riteniamo che il ripristino e pulizia dei sentieri esistenti sia fondamentale per il mantenimento degli stessi e per la sicurezza di chi ne usufruisce. In un contesto in cui il volontariato \u00e8 valorizzato a livello locale e regionale e la Protezione Civile in tutti i suoi aspetti preventivi che di intervento di emergenza \u00e8 riconosciuta indispensabile ed efficiente, noi riteniamo di dover partecipare attivamente nella stessa direzione ed obiettivo, anche se spesso come gi\u00e0 accennato non siamo apprezzati in quanto cacciatori, ma siamo abitanti di Taibon e partecipiamo all&#8217;attivit\u00e0 di Protezione Civile e recupero dell&#8217;ambiente. Ribadiamo che noi siamo in un comprensorio alpino di caccia previsto dalla legge in cui pi\u00f9 volte viene richiamato il rispetto delle consuetudini e tradizioni locali tra le quali l&#8217;attivit\u00e0 volontaria, non solo nell&#8217;assistenza della fauna in difficolt\u00e0 ma anche manutenzione dell&#8217;ambiente, \u00e8 un nostro pregio e segno distintivo ben radicato nella nostra Riserva Alpina di Caccia senza la quale il legame cacciatore-territorio verrebbe meno.<\/p>\n<p>&nbsp;<\/p>\n<p>&nbsp;<\/p>\n<p>&nbsp;<\/p>\n<h3><a class=\"dt-pswp-item\" href=\"http:\/\/www.radiopiu.net\/wordpress\/wp-content\/uploads\/2019\/04\/Alberto-Colleselli.jpg\" data-dt-img-description=\"\" data-large_image_width=\"136\" data-large_image_height=\"190\"><img loading=\"lazy\" decoding=\"async\" class=\"alignleft wp-image-83966\" src=\"http:\/\/www.radiopiu.net\/wordpress\/wp-content\/uploads\/2019\/04\/Alberto-Colleselli.jpg\" alt=\"\" width=\"99\" height=\"138\" \/><\/a>CACCIA, NEL FINE SETTIMANA A SAN TOMASO LA FESTA DEI CACCIATORI, LA MOSTRA DEI TROFEI. CONSUETO APPUNTAMENTO CON IL DISTRETTO VENATORIO AGORDINO. RADIO PIU&#8217; NE HA PARLATO CON IL PRESIDENTE ALBERTO COLLESELLI<\/h3>\n<p><strong>DI CLAUDIO FONTANIVE<\/strong><\/p>\n<audio class=\"wp-audio-shortcode\" id=\"audio-84310-3\" preload=\"none\" style=\"width: 100%;\" controls=\"controls\"><source type=\"audio\/mpeg\" src=\"http:\/\/www.radiopiu.net\/wordpress\/wp-content\/uploads\/2019\/05\/alberto-coleselli-5-maggio.mp3?_=3\" \/><a href=\"http:\/\/www.radiopiu.net\/wordpress\/wp-content\/uploads\/2019\/05\/alberto-coleselli-5-maggio.mp3\">http:\/\/www.radiopiu.net\/wordpress\/wp-content\/uploads\/2019\/05\/alberto-coleselli-5-maggio.mp3<\/a><\/audio>\n<p>&nbsp;<\/p>\n<p>&nbsp;<\/p>\n<blockquote class=\"wp-embedded-content\" data-secret=\"DXhfAoR9vC\"><p><a href=\"http:\/\/www.radiopiu.net\/wordpress\/le-schede-ospedaliere-che-non-piacciono-a-jacopo-massaro-audio\/\">LE SCHEDE OSPEDALIERE CHE NON PIACCIONO A JACOPO MASSARO.  AUDIO .<\/a><\/p><\/blockquote>\n<p><iframe loading=\"lazy\" class=\"wp-embedded-content\" sandbox=\"allow-scripts\" security=\"restricted\" style=\"position: absolute; clip: rect(1px, 1px, 1px, 1px);\" src=\"http:\/\/www.radiopiu.net\/wordpress\/le-schede-ospedaliere-che-non-piacciono-a-jacopo-massaro-audio\/embed\/#?secret=DXhfAoR9vC\" data-secret=\"DXhfAoR9vC\" width=\"600\" height=\"338\" title=\"&#8220;LE SCHEDE OSPEDALIERE CHE NON PIACCIONO A JACOPO MASSARO.  AUDIO .&#8221; &#8212; Radio Pi\u00f9\" frameborder=\"0\" marginwidth=\"0\" marginheight=\"0\" scrolling=\"no\"><\/iframe><\/p>\n<p>&nbsp;<\/p>\n<p>&nbsp;<\/p>\n<h2>SAN LUCANO, LA PREOCCUPAZIONE DEI VOLONTARI.<\/h2>\n<p><strong>DI GIANNI SANTOMASO<\/strong><\/p>\n<audio class=\"wp-audio-shortcode\" id=\"audio-84310-4\" preload=\"none\" style=\"width: 100%;\" controls=\"controls\"><source type=\"audio\/mpeg\" src=\"http:\/\/www.radiopiu.net\/wordpress\/wp-content\/uploads\/2019\/05\/GIANNI-LUCANO.mp3?_=4\" \/><a href=\"http:\/\/www.radiopiu.net\/wordpress\/wp-content\/uploads\/2019\/05\/GIANNI-LUCANO.mp3\">http:\/\/www.radiopiu.net\/wordpress\/wp-content\/uploads\/2019\/05\/GIANNI-LUCANO.mp3<\/a><\/audio>\n<blockquote>\n<h2 align=\"JUSTIFY\">LA LETTERA<\/h2>\n<\/blockquote>\n<p align=\"JUSTIFY\"><strong>ALBERI IN VALLE DI SAN LUCANO<\/strong><\/p>\n<p align=\"JUSTIFY\"><strong>di Alessandro Savio, Taibon.<\/strong><\/p>\n<blockquote>\n<p align=\"JUSTIFY\"><a class=\"dt-pswp-item\" href=\"http:\/\/www.radiopiu.net\/wordpress\/wp-content\/uploads\/2019\/04\/MAGICO-VENETO.jpg\" data-dt-img-description=\"\" data-large_image_width=\"274\" data-large_image_height=\"184\"><img loading=\"lazy\" decoding=\"async\" class=\"alignleft wp-image-84045\" src=\"http:\/\/www.radiopiu.net\/wordpress\/wp-content\/uploads\/2019\/04\/MAGICO-VENETO.jpg\" alt=\"\" width=\"148\" height=\"99\" \/><\/a>In riferimento alla notizia sentita a Radio Pi\u00f9 in merito alle piante cadute a causa del vento dell\u2019autunno scorso in prossimit\u00e0 della Chiesa di San Lucano, ed in particolare al divieto di fare pulizia e raccoglier gli schianti, non mi permetto assolutamente di fare delle osservazioni strettamente tecniche nel tema di pericolosit\u00e0 o di eventuali vincoli riferiti alle valanghe del sito in oggetto, posso solo segnalare che effettivamente nel 1630 dal sovrastante \u201cboral di San Lugan\u201d scese una slavina che provoc\u00f2 dei seri danni alla chiesetta omonima, tanto che alla vista di tutti, a monte, in tempi antichi \u00e8 stato realizzato un manufatto triangolare in pietrame di grandi dimensione a protezione della Chiesa. Per i successivi quattrocento anni l\u2019evento non si \u00e8 pi\u00f9 verificato e credo che le piante cadute in prossimit\u00e0 della piana valliva ove si svolge la festa da tempo immemorabile nel contesto in cui si trovano non siano assolutamente propedeutiche alla mitigazione nel caso di una slavina anche perche la Sagra si svolge al 20 Luglio e poi perch\u00e9 gli eventuali ripari dovrebbero essere fatti molto pi\u00f9 a monte per fermare una ipotetica slavina. Pertanto inviterei chi di competenza a recarsi sul Passo Costalunga in Provincia di Bolzano per rendersi conto come si fa a raccogliere gli schianti (zero burocrazia ,tante piste forestali di penetrazione , buon senso e 90% di alberi gi\u00e0 raccolti) . In Valle di San Lucano zero alberi raccolti . Talvolta basterebbe copiare senza inventarsi niente<\/p>\n<\/blockquote>\n<p>&nbsp;<\/p>\n<p>&nbsp;<\/p>\n<p>&nbsp;<\/p>\n<p>&nbsp;<\/p>\n<p>&nbsp;<\/p>\n<h2>LUXOTTICA TRASPORTI, MODIFICA TEMPI DI PERCORRENZA.<\/h2>\n<blockquote><p><em><strong>\u00a0Da ieri sono stati modificati i tempi di percorrenza dei mezzi della Trentino Trasporti e questo permetter\u00e0 uan pi\u00f9 agevole entrata al lavoro<\/strong><\/em><\/p><\/blockquote>\n<p><strong> AGORDO <\/strong>Gi\u00e0 a febbraio la commissione trasporti della Rsu aveva ricevuto le segnalazioni di lavoratori riguardo agli orari dei collegamenti dal Primiero che prevedevano l&#8217;arrivo troppo a ridosso dell&#8217;inizio del turno di lavoro. La commissione ha riportato le segnalazioni alla Trentino Trasporti chiedendo un anticipo di 5 minuti sull&#8217;orario di arrivo<\/p>\n<h2 align=\"JUSTIFY\"><a class=\"dt-pswp-item\" href=\"http:\/\/www.radiopiu.net\/wordpress\/wp-content\/uploads\/2019\/05\/WhatsApp-Image-2019-05-02-at-12.00.10.jpeg\" data-dt-img-description=\"\" data-large_image_width=\"1196\" data-large_image_height=\"1600\"><img loading=\"lazy\" decoding=\"async\" class=\"wp-image-84343 aligncenter\" src=\"http:\/\/www.radiopiu.net\/wordpress\/wp-content\/uploads\/2019\/05\/WhatsApp-Image-2019-05-02-at-12.00.10-765x1024.jpeg\" alt=\"\" width=\"340\" height=\"455\" srcset=\"https:\/\/www.radiopiu.net\/wordpress\/wp-content\/uploads\/2019\/05\/WhatsApp-Image-2019-05-02-at-12.00.10-765x1024.jpeg 765w, https:\/\/www.radiopiu.net\/wordpress\/wp-content\/uploads\/2019\/05\/WhatsApp-Image-2019-05-02-at-12.00.10-224x300.jpeg 224w, https:\/\/www.radiopiu.net\/wordpress\/wp-content\/uploads\/2019\/05\/WhatsApp-Image-2019-05-02-at-12.00.10-768x1027.jpeg 768w, https:\/\/www.radiopiu.net\/wordpress\/wp-content\/uploads\/2019\/05\/WhatsApp-Image-2019-05-02-at-12.00.10.jpeg 1196w\" sizes=\"auto, (max-width: 340px) 100vw, 340px\" \/><\/a><\/h2>\n<p>&nbsp;<\/p>\n<h2 align=\"JUSTIFY\"><\/h2>\n<p>&nbsp;<\/p>\n<p>&nbsp;<\/p>\n<p>&nbsp;<\/p>\n<blockquote>\n<p align=\"JUSTIFY\">\n<\/blockquote>\n<p align=\"JUSTIFY\"><strong><a class=\"dt-pswp-item\" href=\"http:\/\/www.radiopiu.net\/wordpress\/wp-content\/uploads\/2018\/11\/Massaro-Soprallugo-Nevegal-8.jpg\" data-dt-img-description=\"\" data-large_image_width=\"5184\" data-large_image_height=\"3456\"><img loading=\"lazy\" decoding=\"async\" class=\"alignleft wp-image-66156\" src=\"http:\/\/www.radiopiu.net\/wordpress\/wp-content\/uploads\/2018\/11\/Massaro-Soprallugo-Nevegal-8-1024x683.jpg\" alt=\"\" width=\"224\" height=\"149\" srcset=\"https:\/\/www.radiopiu.net\/wordpress\/wp-content\/uploads\/2018\/11\/Massaro-Soprallugo-Nevegal-8-1024x683.jpg 1024w, https:\/\/www.radiopiu.net\/wordpress\/wp-content\/uploads\/2018\/11\/Massaro-Soprallugo-Nevegal-8-300x200.jpg 300w, https:\/\/www.radiopiu.net\/wordpress\/wp-content\/uploads\/2018\/11\/Massaro-Soprallugo-Nevegal-8-768x512.jpg 768w\" sizes=\"auto, (max-width: 224px) 100vw, 224px\" \/><\/a>NEVEGAL IN GINOCCHIO, PER L&#8217;ESTATE APRONO GLI IMPIANTI MA IL FUTURO NON E&#8217; ROSEO, PER L&#8217;INVERNO TANTE INCOGNITE NON SONO TANTE LE CHANCE DI SOPRAVVIVENZA DEL COLLE, PIANLONGHI GESTORE CERCASI ANCHE L&#8217;ULTIMO BANDO E&#8217; ANDATO DESERTO<\/strong><\/p>\n<p align=\"JUSTIFY\">DI DAMIANO TORMEN<\/p>\n<audio class=\"wp-audio-shortcode\" id=\"audio-84310-5\" preload=\"none\" style=\"width: 100%;\" controls=\"controls\"><source type=\"audio\/mpeg\" src=\"http:\/\/www.radiopiu.net\/wordpress\/wp-content\/uploads\/2019\/05\/DAMIANO-NEVE.mp3?_=5\" \/><a href=\"http:\/\/www.radiopiu.net\/wordpress\/wp-content\/uploads\/2019\/05\/DAMIANO-NEVE.mp3\">http:\/\/www.radiopiu.net\/wordpress\/wp-content\/uploads\/2019\/05\/DAMIANO-NEVE.mp3<\/a><\/audio>\n<p>&nbsp;<\/p>\n<p>&nbsp;<\/p>\n<p>&nbsp;<\/p>\n<p>&nbsp;<\/p>\n<h2>UN UTILE DI ESERCIZIO DI QUASI 40 MILA EURO PER LA FARMACIA COMUNALE<\/h2>\n<p><strong>DI GIANNI SANTOMASO, DAL CORRIERE DELLE ALPI<\/strong><\/p>\n<audio class=\"wp-audio-shortcode\" id=\"audio-84310-6\" preload=\"none\" style=\"width: 100%;\" controls=\"controls\"><source type=\"audio\/mpeg\" src=\"http:\/\/www.radiopiu.net\/wordpress\/wp-content\/uploads\/2019\/05\/GIANNI-FARMACIA.mp3?_=6\" \/><a href=\"http:\/\/www.radiopiu.net\/wordpress\/wp-content\/uploads\/2019\/05\/GIANNI-FARMACIA.mp3\">http:\/\/www.radiopiu.net\/wordpress\/wp-content\/uploads\/2019\/05\/GIANNI-FARMACIA.mp3<\/a><\/audio>\n<p>&nbsp;<\/p>\n<p><strong><a class=\"dt-pswp-item\" href=\"http:\/\/www.radiopiu.net\/wordpress\/wp-content\/uploads\/2019\/05\/download-1.jpg\" data-dt-img-description=\"\" data-large_image_width=\"259\" data-large_image_height=\"194\"><img loading=\"lazy\" decoding=\"async\" class=\"alignleft size-full wp-image-84368\" src=\"http:\/\/www.radiopiu.net\/wordpress\/wp-content\/uploads\/2019\/05\/download-1.jpg\" alt=\"\" width=\"259\" height=\"194\" \/><\/a>TAIBON<\/strong> Con giustificato orgoglio nel corso dell&#8217;ultimo consiglio comunale della legislatura, il presidente del Cda Claudio Paganin ha comunicato i dati di bilancio 2018 della Farmacia: l\u2019utile d\u2019esercizio netto, al netto delle imposte, e\u2019 stato di 29.645.39 euro. Alcuni dati: \u00a0ricavi delle vendite e prestazioni\u00a0 551.890,\u00a0 costi della produzione\u00a0 361.645, costi per servizi 28.803, costi per godimento di beni di terzi 13.261, costi per il personale\u00a0 103.608, ammortamenti\u00a0 1.642, oneri diversi di gestione \u20ac 4.178. TOTALE COSTI 513.817. Come da statuto dell\u2019azienda, l\u2019utile d\u2019esercizio 2018, verra\u2019 cosi\u2019 distribuito: 2.000 euro al fondo d\u2019incentivazione del personale; 8.894 euro al fondo di riserva statutaria dell\u2019azienda; 18.751 euro per le casse comunali del Comune di Taibon. Complessivamente il numero di ricette evase nel 2018 e\u2019 stato pari a 11.773, mentre nel 2017 era stato 11.389, con un\u00a0 incremento del 3,37%. Attualmente sono impiegati in farmacia due dipendenti: la direttrice assunta a tempo pieno e indeterminato, e una farmacista, assunta a tempo pieno e indeterminato. Con il primo agosto 2019, sara\u2019 modificato l\u2019orario di apertura al pubblico. Con l\u2019innesto di un nuovo farmacista part time, ci sara\u2019 l\u2019avvio di sperimentazione, per tutto il 2019 e i primi otto mesi del 2020, dell\u2019orario continuato. La farmacia sara\u2019 quindi aperta al pubblico dal lunedi al venerdi con orario continuato dalle ore 7.30 alle ore 19.30 quindi anche durante la pausa pranzo,\u00a0 e il sabato mattina. Durante l\u2019anno non ci sara\u2019 piu\u2019 la chiusura per ferie.<\/p>\n<blockquote><p><em>&#8220;Auspico conclude il presidente Claudio Paganin &#8211;\u00a0 che il progetto di sperimentazione dia gli esiti positivi sperati, anche per quanto riguarda i ricavi dell\u2019azienda con l\u2019effetto del prolungamento dell\u2019orario, siamo certi del buon servizio che la Farmacia dara\u2019 a tutta la popolazione di Taibon e non solo&#8221;.<\/em><\/p><\/blockquote>\n<p>&nbsp;<\/p>\n<p>&nbsp;<\/p>\n<p>&nbsp;<\/p>\n<p>&nbsp;<\/p>\n<h2>PROGETTO START, CONVENZIONE CON IL SOCCORSO ALPINO<\/h2>\n<p><strong><a class=\"dt-pswp-item\" href=\"http:\/\/www.radiopiu.net\/wordpress\/wp-content\/uploads\/2019\/05\/IMG-20190502-WA0017.jpg\" data-dt-img-description=\"\" data-large_image_width=\"1600\" data-large_image_height=\"1200\"><img loading=\"lazy\" decoding=\"async\" class=\"alignleft wp-image-84362\" src=\"http:\/\/www.radiopiu.net\/wordpress\/wp-content\/uploads\/2019\/05\/IMG-20190502-WA0017-1024x768.jpg\" alt=\"\" width=\"323\" height=\"242\" srcset=\"https:\/\/www.radiopiu.net\/wordpress\/wp-content\/uploads\/2019\/05\/IMG-20190502-WA0017-1024x768.jpg 1024w, https:\/\/www.radiopiu.net\/wordpress\/wp-content\/uploads\/2019\/05\/IMG-20190502-WA0017-300x225.jpg 300w, https:\/\/www.radiopiu.net\/wordpress\/wp-content\/uploads\/2019\/05\/IMG-20190502-WA0017-768x576.jpg 768w, https:\/\/www.radiopiu.net\/wordpress\/wp-content\/uploads\/2019\/05\/IMG-20190502-WA0017.jpg 1600w\" sizes=\"auto, (max-width: 323px) 100vw, 323px\" \/><\/a>BELLUNO\u00a0<\/strong> L\u2019Ulss Dolomiti ha siglato un convenzione con il Soccorso Alpino Dolomiti Bellunesi CNSAS per lo sviluppo del progetto europeo START (Smart Test for Alpine Rescue Technology). Il progetto START vede il coinvolgimento di 7 partner afferenti a 4 province alpine (Belluno, Bolzano, Tirolo, Carinzia) che stanno sviluppando, attraverso una stretta cooperazione transfrontaliera, una collaborazione per migliorare l\u2019operativit\u00e0 del soccorso alpino e la sperimentazione di nuove tecnologie di soccorso. In particolare si propone di armonizzare i programmi formativi e dei protocolli d&#8217;intervento; sperimentare nuove tecnologie nella regione alpina attraverso una collaborazione tecnica tra gli operatori di soccorso alpino partner ed esercitazioni comuni transfrontaliere (la prossima si terr\u00e0 il 17 e 18 maggio 2019 a Cortina). Il Lead partner \u00e8 la \u00f6sterreichische Bergrettung Land Tirol. I partner del progetto sono: Soccorso Alpino e Speleologico Alto Adige CNSAS, Soccorso Alpino dell&#8217;Alpenverein S\u00fcdtirol, Azienda ULSS 1 Dolomiti con il Soccorso Alpino Dolimiti Bellunesi CNSAS, IDM Sudtirol &#8211; Alto Adige, Universit\u00e4t Klagenfurt e Eurac Research. Il progetto \u00e8 partito a gennaio 2018 durer\u00e0 36 mesi ed \u00e8 un iniziativa finanziata dal Fondo Europeo di Sviluppo Regionale e programma Interreg Italia Austria 2014-2020. I gruppi di lavoro transfrontalieri del progetto START hanno gi\u00e0 prodotto delle proposte operative per l\u2019armonizzazione dei programmi formativi e dei metodi di intervento transfrontalieri con l\u2019introduzione e lo sviluppo di nuove tecnologie tra gli operatori del soccorso alpino delle 4 province. Inoltre, \u00e8 in fase di sperimentazione congiunta l\u2019uso di nuove tecnologie, sia hardware che software, da utilizzare in ambiente montano, con diverse condizioni meteo, in particolare per la ricerca di dispersi in ambiente ostile con geolocalizzazione e per l\u2019informatizzazione della scheda di soccorso. Nell\u2019incontro previsto a Cortina il prossimo 17 e 18 maggio \u00e8 in programma un update sullo stato di avanzamento dei lavori dei vari gruppi e un\u2019esercitazione pratica con le nuove tecnologie proposte per migliorare il soccorso alpino, facilitare la collaborazione tra squadre di soccorso nelle zone di confine. L\u2019Ulss Dolomiti e il Soccorso Alpino Dolomiti Bellunesi CNSAS sono impegnate con forte sinergia in questo progetto che sta consentendo la sperimentazione di innovazioni per ottimizzare la catena di soccorso nell\u2019ambiente alpino.<\/p>\n<p>&nbsp;<\/p>\n<p>&nbsp;<\/p>\n<p>&nbsp;<\/p>\n<h2 align=\"JUSTIFY\">VENETI NEL MONDO: REGIONE RILANCIA I GEMELLAGGI TRA COMUNI<\/h2>\n<p align=\"JUSTIFY\"><strong>VENEZIA<\/strong> Nuovi gemellaggi tra i Comuni veneti e comuni esteri che sono stati meta dell\u2019emigrazione veneta: \u00e8 la novit\u00e0 2019 nel pacchetto di iniziative che la Regione Veneto finanzia ogni anno per tener vivi i legami culturali tra i veneti nel mondo e la loro comunit\u00e0 di origine. La Giunta regionale del Veneto \u2013 su proposta dell\u2019assessore ai flussi migratori e ai veneti nel mondo \u2013 ha stanziato 10 mila euro per finanziare progetti di gemellaggio tra enti locali che \u201cfavoriscano il mantenimento delle tradizioni e degli usi veneti e il ritrovamento delle radici culturali venete\u201d. Si arricchisce cos\u00ec di una ulteriore iniziativa il programma rivolto ai veneti nel mondo, che culminer\u00e0 nella festa annuale degli emigranti veneti domenica 28 luglio nella Piana del Cansiglio e nella contestuale convocazione della Consulta dei veneti nel mondo e del meeting dei giovani veneti e oriundi veneti a Belluno (25-28 luglio). Il programma di iniziative approvato dalla Giunta per quest\u2019anno impegna 100 mila euro per sostenere progetti culturali e iniziative che valorizzino e conservino la cultura veneta all\u2019estero, 80 mila euro per contribuire alle spese di funzionamento dei 126 circoli e delle 13 federazioni di veneti nel mondo, 40 mila euro a parziale copertura delle spese di spedizione all\u2019estero delle riviste delle associazioni venete degli emigranti, 50 mila euro per la riunione annuale della Consulta dei veneti nel mondo e del Coordinamento dei giovani oriundi. Anche quest\u2019anno la Regione garantir\u00e0 un contributo fino a 5 mila euro per le spese di rientro per quegli emigranti che decidano di ritornare definitivamente in patria (con uno stanziamento complessivo di 50 mila euro) e destiner\u00e0 40 mila euro ad enti e associazioni che promuovano soggiorni culturali per emigrati ultrasessantacinquenni che non hanno sufficienti disponibilit\u00e0 economiche per permettersi un viaggio alla scoperta della loro terra d\u2019origine.<\/p>\n<h2>MINORANZE: REGIONE VENETO, 63 MILA EURO A LADINI E CIMBRI PER VALORIZZARE IDENTIT\u00c0 E LINGUA<\/h2>\n<p><strong>VENEZIA<\/strong>\u00a0 Sentieri tra storia e toponomastica, quaderni e materiali didattici per le scuole, dizionari, feste locali, rievocazioni in costume, riviste e pubblicazioni in lingua, recupero di archivi fotografici, laboratori teatrali e corsi di cultura e artigianato: sono alcune delle iniziative che la Regione Veneto finanzia nel 2019 per tutelare le minoranze linguistiche ladine e cimbre del proprio territorio. Ammonta a 63 mila euro il contributo regionale che quest\u2019anno la Giunta ha assegnato ai progetti culturali presentati dalle Unioni culturali dei ladini delle Dolomiti e dalle associazioni culturali dei cimbri dell\u2019Altopiano di Asiago, del Cansiglio e della Lessinia. <em>\u201cIl contributo, previsto dalla legge regionale 73 del 1994 dedicata alle minoranze storiche del Veneto \u2013 aiuta le \u2018isole\u2019 linguistiche a conservare identit\u00e0, cultura, patrimonio linguistico e storico, costumi e tradizioni. E\u2019 un piccolo investimento a difesa delle peculiarit\u00e0 culturali di comunit\u00e0 che hanno saputo conservare intatte le loro radici e a tramandare la propria lingua e quindi ad arricchire il grande patrimonio storico, etnico e culturale della nostra regione \u201d. <\/em>Quest\u2019anno al contributo regionale si aggiungeranno anche le iniziative e le risorse del progetto transnazionale italo-sloveno \u2018Primis\u2019 dedicato a valorizzare le minoranze linguistiche dell\u2019Alto Adriatico: un progetto che porter\u00e0 in dote 2,8 milioni di euro per promuovere la conservazione e la conoscenza del patrimonio culturale di ladini e cimbri, nonch\u00e9 delle comunit\u00e0 friulane del Portogruarese e delle minoranze linguistiche in Friuli e nelle contee istriane.<\/p>\n<p>&nbsp;<\/p>\n<p>&nbsp;<\/p>\n<p>&nbsp;<\/p>\n<p>&nbsp;<\/p>\n<h2>AUTONOMIA<\/h2>\n<blockquote><p><em>De Menech: \u00abDopo 30 anni di promesse, 4 governi, decine di ministri e quasi 200 parlamentari nell\u2019attuale maggioranza accusano un deputato di opposizione di bloccare tutto&#8221;.\u00a0<\/em><\/p><\/blockquote>\n<p>AUDIO DALLA RASSEGNA STAMPA<\/p>\n<audio class=\"wp-audio-shortcode\" id=\"audio-84310-7\" preload=\"none\" style=\"width: 100%;\" controls=\"controls\"><source type=\"audio\/mpeg\" src=\"http:\/\/www.radiopiu.net\/wordpress\/wp-content\/uploads\/2019\/05\/ROGER-AUTO.mp3?_=7\" \/><a href=\"http:\/\/www.radiopiu.net\/wordpress\/wp-content\/uploads\/2019\/05\/ROGER-AUTO.mp3\">http:\/\/www.radiopiu.net\/wordpress\/wp-content\/uploads\/2019\/05\/ROGER-AUTO.mp3<\/a><\/audio>\n<p>&nbsp;<\/p>\n<p><strong>BELLUNO <\/strong>\u00a0\u00abSono in Parlamento dal 1983, totalizzando oltre 740 tra deputati e senatori; hanno fatto parte del governo nazionale nel 1994, dal 2001 al 2006, dal 2008 al 2011, dal 2018 a oggi; governano la Regione Veneto ininterrottamente da 19 anni, promettendo prima la secessione, poi la devoluzione e quindi l\u2019autonomia. Hanno portato a casa zero risultati e ora la responsabilit\u00e0 della loro inconsistenza politica \u00e8 di un singolo deputato della minoranza? Ci sono 128 deputati e 58 senatori della Lega nell\u2019attuale parlamento e un solo deputato del Partito democratico riesce a bloccare l\u2019autonomia in una commissione bicamerale che ha un ruolo meramente consultivo? Chi vogliono prendere in giro?\u00bb. Il deputato veneto Roger De Menech risponde con i dati alle accuse di ostacolare il percorso dell\u2019autonomia regionale in commissione bicamerale per il federalismo fiscale. \u00abQueste accuse ridicole sono la cifra che siamo in alto mare e che dopo 30 anni di promesse mai mantenute la Lega e Luca Zaia in particolare sono disperati, perch\u00e9 non hanno idea di come spiegare ai cittadini i loro fallimenti\u00bb, afferma De Menech. L\u2019unico documento ufficiale sull\u2019autonomia delle regioni \u00e8 ad oggi quello siglato da Paolo Gentiloni alla fine della scorsa legislatura sulla base della riforma autonomista del 2001, anche quella approvata dal Centrosinistra. La Lega, ormai diventata partito nazionale, \u00ab\u00e8 in grande difficolt\u00e0. Il suo populismo non porta alcun beneficio sui territori e tanto meno in Veneto o nel Bellunese. Qui la Regione pu\u00f2 oggi trasferire gli uffici del Genio Civile e del Servizio Forestale. Costa nulla, basta la volont\u00e0 politica di farlo\u00bb. Anche nella gestione dei fondi di confine, ricorda De Menech, \u00abl\u2019impostazione che avevamo dato noi era tutta a favore di comuni, province e aree vaste, quindi autonomista. Temiamo invece che si vada verso un nuovo centralismo regionale a discapito dei territori\u00bb.<\/p>\n<p>&nbsp;<\/p>\n<p>&nbsp;<\/p>\n<p>&nbsp;<\/p>\n<p>&nbsp;<\/p>\n<h2 align=\"JUSTIFY\">CORSI GRATUITI ALLA &#8220;GAGGIA LANTE&#8221;<\/h2>\n<p align=\"JUSTIFY\"><strong>BELLUNO<\/strong> Partir\u00e0 luned\u00ec 13 maggio il corso di \u201cdigitalizzazione\u201d per over 65 \u201cAmbasc iatori Digitali\u201d, curato dall&#8217;associazione Informatici senza frontiere in collaborazione con l&#8217;Universit\u00e0 di Padova, per avvicinare gli anziani all&#8217;uso delle nuove tecnologie. Le attivit\u00e0, interamente finanziate dalla Regione del Veneto con un bando che punta all&#8217;invecchiamento attivo, saranno ospitate nella sede di Ser.S.A. a Villa Gaggia Lante, a Cavarzano. I primi due corsi si occuperanno dell&#8217;uso generico del pc e dell&#8217;utilizzo di smartphone e tablet; si terranno il luned\u00ec e mercoled\u00ec pomeriggio, dal 13 maggio al 24 giugno. I pc saranno disponibili nella struttura, mentre gli \u201cstudenti\u201d del corso per smartphone e tablet dovranno gi\u00e0 possedere uno di questi strumenti. Verso fine estate, inoltre, verr\u00e0 organizzato un ulteriore corso di \u201cdigital storytelling\u201d, per stimolare la creativit\u00e0 e la socialit\u00e0 dei corsisti, scattando fotografie e video, scrivendo racconti, registrando audio, per creare piccoli progetti digitali creativi e narrativi.\u00a0 Le lezioni, completamente gratuite per i partecipanti, prenderanno il via con un minimo di 8 iscritti per la sezione pc e 12 per smartphone e tablet. Per iscriversi, \u00e8 necessario contattare direttamente l&#8217;associazione Informatici senza frontiere al 346\/2269320 o via mail a info@informaticisenzafrontiere.org. \u00abQuesti corsi sono utilissimi per favorire l&#8217;inclusione sociale e abbattere gli stereotipi legati all&#8217;invecchiare. &#8211; spiega Paolo Santesso, amministratore unico di Ser.S.A. &#8211; Le nuove tecnologie, infatti, migliorano e aumentano la facilit\u00e0 di accesso a diritti e servizi degli over 65, offrendo loro nuove opportunit\u00e0\u00bb. \u00abQuesta \u00e8 un&#8217;attivit\u00e0 che si va ad aggiungere alle tante altre ospitate da Ser.S.A. che non la fanno essere una \u201csemplice\u201d casa di riposo, ma la rendono \u00a0un luogo di comunit\u00e0 e di incontro. &#8211; aggiunge l&#8217;Assessore alle politiche sociali del Comune di Belluno \u2013 Questo progetto \u00e8 una grande occasione di confronto tra la generazione dei \u201cnativi digitali\u201d, o di chi vive e lavora con le nuove tecnologie, e chi invece ci si avvicina per la prima volta, continuando il lavoro gi\u00e0 iniziato con il progetto Interreg E.CA.R.E., accorciando o addirittura annullando, grazie agli strumenti informatici, le distanze nel nostro territorio.\u00bb<\/p>\n<p>&nbsp;<\/p>\n<p>&nbsp;<\/p>\n<h2>IN GALLERIA RIZZARDA LA MOSTRA ARTISTI NEL VENTENNIO \u2013 IL NOVECENTO\u201d.<\/h2>\n\n\t\t\t<style type='text\/css'>\n\t\t\t\t#gallery-1 {\n\t\t\t\t\tmargin: auto;\n\t\t\t\t}\n\t\t\t\t#gallery-1 .gallery-item {\n\t\t\t\t\tfloat: left;\n\t\t\t\t\tmargin-top: 10px;\n\t\t\t\t\ttext-align: center;\n\t\t\t\t\twidth: 33%;\n\t\t\t\t}\n\t\t\t\t#gallery-1 img {\n\t\t\t\t\tborder: 2px solid #cfcfcf;\n\t\t\t\t}\n\t\t\t\t#gallery-1 .gallery-caption {\n\t\t\t\t\tmargin-left: 0;\n\t\t\t\t}\n\t\t\t\t\/* see gallery_shortcode() in wp-includes\/media.php *\/\n\t\t\t<\/style>\n\t\t<div id='gallery-1' class='dt-gallery-container gallery galleryid-84310 gallery-columns-3 gallery-size-thumbnail'><dl class='gallery-item'>\n\t\t\t\t<dt class='gallery-icon landscape'>\n\t\t\t\t\t<a class=\"rollover\" href='https:\/\/www.radiopiu.net\/wordpress\/giornale-radiopiu-03-maggio-2019-direttore-mirko-mezzacasa\/8333f7b6-5673-4938-a95c-53725caf9349\/'><img loading=\"lazy\" decoding=\"async\" width=\"150\" height=\"150\" src=\"https:\/\/www.radiopiu.net\/wordpress\/wp-content\/uploads\/2019\/05\/8333f7b6-5673-4938-a95c-53725caf9349-150x150.jpg\" class=\"attachment-thumbnail size-thumbnail\" alt=\"\" \/><\/a>\n\t\t\t\t<\/dt><\/dl><dl class='gallery-item'>\n\t\t\t\t<dt class='gallery-icon landscape'>\n\t\t\t\t\t<a class=\"rollover\" href='https:\/\/www.radiopiu.net\/wordpress\/giornale-radiopiu-03-maggio-2019-direttore-mirko-mezzacasa\/0d14282f-3a4a-40c0-a42b-fe71d48b0190\/'><img loading=\"lazy\" decoding=\"async\" width=\"150\" height=\"150\" src=\"https:\/\/www.radiopiu.net\/wordpress\/wp-content\/uploads\/2019\/05\/0d14282f-3a4a-40c0-a42b-fe71d48b0190-150x150.jpg\" class=\"attachment-thumbnail size-thumbnail\" alt=\"\" \/><\/a>\n\t\t\t\t<\/dt><\/dl><dl class='gallery-item'>\n\t\t\t\t<dt class='gallery-icon landscape'>\n\t\t\t\t\t<a class=\"rollover\" href='https:\/\/www.radiopiu.net\/wordpress\/giornale-radiopiu-03-maggio-2019-direttore-mirko-mezzacasa\/246914c5-8fe3-489c-8745-069362957d80\/'><img loading=\"lazy\" decoding=\"async\" width=\"150\" height=\"150\" src=\"https:\/\/www.radiopiu.net\/wordpress\/wp-content\/uploads\/2019\/05\/246914c5-8fe3-489c-8745-069362957d80-150x150.jpg\" class=\"attachment-thumbnail size-thumbnail\" alt=\"\" \/><\/a>\n\t\t\t\t<\/dt><\/dl><br style=\"clear: both\" \/>\n\t\t\t<\/div>\n\n<p><strong>FELTRE\u00a0 <\/strong>Aprire una finestra su uno spaccato artistico straordinariamente rilevante per la storia contemporanea del nostro Paese e, nel farlo, rinsaldare il legame tra quella temperie politica e sociale e la collezione presente nella Galleria d\u2019Arte Moderna \u201cCarlo Rizzarda\u201d, avviata dal noto maestro del ferro battuto, a cui \u00e8 intitolata. Con questo obiettivo primario \u00e8 stata inaugurata quest\u2019oggi a Feltre la mostra \u201cArtisti nel Ventennio \u2013 Il Novecento\u201d, una rassegna-evento che intende raccontare, attraverso alcune tra le realizzazioni iconografiche e plastiche pi\u00f9 rappresentative dell\u2019epoca, il clima culturale che accompagn\u00f2, soprattutto nella sua prima fase \u2013 quella della crescita dirompente-, l\u2019epopea fascista. La rassegna sar\u00e0 visitabile sino al prossimo 14 luglio. Quarantatr\u00e9 le opere che \u00e8 possibile ammirare nelle sale di via Paradiso; presenti tutti \u201cmagnifici sette\u201d del gruppo \u201cNovecento\u201d: Anselmo Bucci, Leonardo Dudreville, Achille Funi, Gian Emilio Malerba, Piero Marussig, Ubaldo Oppi, Mario Sironi, aggregati attorno alla scrittrice e critico d&#8217;arte Margherita Sarfatti, che con Carlo Rizzarda condivise alcune amicizie nelle vivaci serate milanesi dell\u2019epoca. La mostra allestita alla Galleria \u201cRizzarda\u201d ospita anche altri \u201cpezzi\u201d di assoluto interesse: da un autoritratto di De Chirico, proveniente da collezione privata e mai esposto sinora in pubblico, alcuni straordinari esempi di impresa decorativa, quali i bozzetti realizzati da Massimo Campigli e Arturo Martini per il Palazzo Liviano di Padova e alcune suggestive sculture di Adolfo Wildt. \u201cRaccontare il ventennio fascista non \u00e8 mai cosa banale. La mostra Artisti nel Ventennio, nata come estemporanea iniziativa collaterale alla Maratona di Lettura 2019, dedicata ad Antonio Scurati e al suo romanzo \u201cM. Il figlio del secolo\u201d, non ha certo la pretesa di raccontarlo integralmente, ma vuole offrire al visitatore uno spaccato importante di una temperie politica che vede nell\u2019arte il riflesso di dinamiche storiche che, all\u2019inizio del secolo, hanno letteralmente stravolto la storia mondiale\u201d, commenta il vicesindaco ed assessore alla Cultura del Comune di Feltre Alessandro Del Bianco. I contenuti della mostra \u201cArtisti nel Ventennio \u2013 Il Novecento\u201d sono curati dalla Conservatrice dei musei cittadini di Feltre Tiziana Casagrande; l\u2019allestimento \u00e8 invece realizzato sotto la direzione dell\u2019architetto Giuliana Zanella.<\/p>\n<p>&nbsp;<\/p>\n<p>&nbsp;<\/p>\n<p>&nbsp;<\/p>\n<h2>Cambio medico di medicina generale<\/h2>\n<p><strong>Turnava sostituisce Cassol<\/strong><\/p>\n<p><strong>FELTRE\u00a0<\/strong>Dal 13 maggio 2019 la dottoressa Leila Turnava, medico di medicina generale incaricato provvisoriamente in attesa che venga nominato un nuovo medico titolare prender\u00e0 servizio al posto della dottoressa Giulia Cassol nell\u2019ambulatorio di viale Piave 4\/A a Feltre. Le persone assistite dalla dottoressa Cassol possono scegliere uno dei medici operanti nell\u2019ambito territoriale di residenza con disponibilit\u00e0 di posti. Dal giorno 13 maggio, qualora non avessero effettuato la scelta di un nuovo medico, gli assistiti verranno assegnati d\u2019ufficio alla dottoressa Turnava e potranno utilizzare la tessera sanitaria attualmente in possesso senza doversi recare agli sportelli anagrafe dell\u2019ulss Dolomiti. Resta fermo il diritto ad effettuare una scelta diversa come sopra indicato. La dottoressa Turnava manterr\u00e0 l\u2019ambulatorio di Viale Piave 4\/A a Feltre e il telefono 0439\/80296. L\u2019ambulatorio avr\u00e0 i seguenti orari: luned\u00ec 15-17; marted\u00ec 9.30 \u2013 12.30 su appuntamento; mercoled\u00ec 15.00 \u2013 19.00 su appuntamento; gioved\u00ec 10.00 &#8211; 12.30; venerd\u00ec 9.00 \u2013 12.00.<\/p>\n<p>&nbsp;<\/p>\n<p>&nbsp;<\/p>\n<h2>A tu per tu con la reumatologa<\/h2>\n<p><strong>Iniziativa in occasione della festa della mamma<\/strong><\/p>\n<p><strong>FELTRE<\/strong> \u00a0L\u2019Ospedale di Feltre ha aderito all\u2019iniziativa indetta dal network degli ospedali con bollini rosa ONDA in occasione della festa della mamma offrendo degli incontri individuali gratuiti con la reumatologa Manuela Ciprian. Il tema di quest\u2019anno, infatti, sono le malattie reumatiche autoimmuni. La reumatologa sar\u00e0 a disposizione per informazioni con dei colloqui individuali il 10 maggio alle 8.30 alle 12.30 al Poliambulatorio in padiglione Guarnieri. Chi \u00e8 interessato pu\u00f2 prenotare il suo incontro via mail scrivendo a urp.fe@aulss1.veneto.it o telefonare allo 0439\/883570. L\u2019obiettivo dell\u2019iniziativa \u00e8 promuovere la corretta informazione, la prevenzione primaria e la diagnosi precoce e favorire l\u2019accesso ai percorsi specialistici diagnostico terapeutici nell\u2019ambito delle malattie reumatiche che colpiscono oltre 3,5 milioni di italiane con un significativo impatto sulla qualit\u00e0 di vita.<\/p>\n<p>&nbsp;<\/p>\n<p>&nbsp;<\/p>\n<p>&nbsp;<\/p>\n<h3>LE VOCI DEL PALIO DI FELTRE, IL NUOVO E&#8217; ALESSIA<\/h3>\n<p><strong><a class=\"dt-pswp-item\" href=\"http:\/\/www.radiopiu.net\/wordpress\/wp-content\/uploads\/2019\/05\/Alessia-dallO.jpg\" data-dt-img-description=\"\" data-large_image_width=\"1440\" data-large_image_height=\"1432\"><img loading=\"lazy\" decoding=\"async\" class=\"alignleft wp-image-84313\" src=\"http:\/\/www.radiopiu.net\/wordpress\/wp-content\/uploads\/2019\/05\/Alessia-dallO-1024x1018.jpg\" alt=\"\" width=\"145\" height=\"144\" srcset=\"https:\/\/www.radiopiu.net\/wordpress\/wp-content\/uploads\/2019\/05\/Alessia-dallO-1024x1018.jpg 1024w, https:\/\/www.radiopiu.net\/wordpress\/wp-content\/uploads\/2019\/05\/Alessia-dallO-150x150.jpg 150w, https:\/\/www.radiopiu.net\/wordpress\/wp-content\/uploads\/2019\/05\/Alessia-dallO-300x298.jpg 300w, https:\/\/www.radiopiu.net\/wordpress\/wp-content\/uploads\/2019\/05\/Alessia-dallO-768x764.jpg 768w, https:\/\/www.radiopiu.net\/wordpress\/wp-content\/uploads\/2019\/05\/Alessia-dallO.jpg 1440w\" sizes=\"auto, (max-width: 145px) 100vw, 145px\" \/><\/a>FELTRE<\/strong> Saranno Laura Pontin e Paolo Mutton i due speaker per l&#8217;edizione 2019 del Palio di Feltre.\u00a0 Laura Pontin, si occuper\u00e0 del commento storico relativo ai vari aspetti della manifestazione. Paolo Mutton invece sar\u00e0 la voce del commento sportivo delle quattro gare del tiro con l&#8217;arco, staffetta, tiro alla fune e della gara equestre. A loro si affiancher\u00e0 Alessia Dall&#8217;\u00d3, freelance e collaboratrice, nel contesto del Giro d&#8217;Italia 2019, del Consorzio Turistico Dolomiti Prealpi. A lei sar\u00e0 affidata la conduzione della sfida delle Cernide, tradizionale competizione tra i gruppi sbandieratori e musici dei quartieri, che si tiene in Piazza Maggiore il sabato precedente al Palio.<\/p>\n<blockquote><p>&#8220;Gli speaker della manifestazione, ha dichiarato il presidente Eugenio Tamburrino, sono il nostro biglietto da visita nei confronti del pubblico, e siamo certi di essere nelle migliori mani possibili, l&#8217;entusiasmo giovanile di Alessia Dall&#8217;\u00d3 aiuter\u00e0 a sviluppare un evento di particolare interesse nell&#8217;ottica del Palio, come la sfida delle Cernide.&#8221;<\/p><\/blockquote>\n<p>&nbsp;<\/p>\n<p>&nbsp;<\/p>\n<p>&nbsp;<\/p>\n<h2>FIBROSI CISTICA: UN AIUTO PER LA RICERCA<\/h2>\n<p><strong>AGORDO<\/strong> Con domani inizia la raccolta fondi a favore della ricerca per la fibrosi cistica<strong> SABATO 4 MAGGIO<\/strong> 2019 AL MATTINO ad \u00a0AGORDO davanti alla profumeria Wanda, FALCADE con gli Alpini, \u00a0S. TOMASO AGORDINO presso la signora Maria Teresa Fontanelle; SABATO 11 E <strong>DOMENICA 12 MAGGIO<\/strong> AL MATTINO a CAVIOLA presso la parrocchia, RIVAMONTE, TISER, GOSALDO E FRASSEN\u00c8 presso le parrocchie\u00a0 \u00a0 \u00a0 ROCCA PIETORE con gli Alpini.<\/p>\n<p>&nbsp;<\/p>\n<p>&nbsp;<\/p>\n<p>&nbsp;<\/p>\n<h2 align=\"JUSTIFY\">GALZERANO TRIO A CAVARZANO, 18 MAGGIO DA MUSICA LATINOAMERICANA<\/h2>\n<p><a class=\"dt-pswp-item\" href=\"http:\/\/www.radiopiu.net\/wordpress\/wp-content\/uploads\/2019\/05\/57674170_2675875542428896_3418759573517893632_n.jpg\" data-dt-img-description=\"\" data-large_image_width=\"678\" data-large_image_height=\"960\"><img loading=\"lazy\" decoding=\"async\" class=\"size-medium wp-image-84298 alignleft\" src=\"http:\/\/www.radiopiu.net\/wordpress\/wp-content\/uploads\/2019\/05\/57674170_2675875542428896_3418759573517893632_n-212x300.jpg\" alt=\"\" width=\"212\" height=\"300\" srcset=\"https:\/\/www.radiopiu.net\/wordpress\/wp-content\/uploads\/2019\/05\/57674170_2675875542428896_3418759573517893632_n-212x300.jpg 212w, https:\/\/www.radiopiu.net\/wordpress\/wp-content\/uploads\/2019\/05\/57674170_2675875542428896_3418759573517893632_n.jpg 678w\" sizes=\"auto, (max-width: 212px) 100vw, 212px\" \/><\/a><\/p>\n<p>&nbsp;<\/p>\n<p>Sabato 18 maggio Belluno ospita Angel Galzerano Trio in concerto &#8220;Un camino en el mar&#8221;. SABATO 18 MAGGIO alle 20.30 nel salone parrocchiale di Cavarzano di via Castellani. Info 328 0885987<\/p>\n<blockquote><p>La musica d&#8217;autore latinoamericana delle canzoni del cantautore italo uruguayo Angel Galzerano accompagnato dal polistrumentista Giorgio Guindani e le suggestioni delle Tabla indiane suonate da Maurizio Murdocca rivelano un nuovo territorio musicale dove i suoni dimenticano le frontiere.<\/p>\n<p>Angel Galzerano TRIO \u00e8 un ensemble formato da musicisti di diversi percorsi musicali con la passione comune per la musica delle diverse culture. Il loro nuovo progetto \u201cUn camino en el mar\u201d riunisce in un&#8217;unica melodia suoni dall&#8217;America Latina, dall&#8217;Europa e profumi dall\u2019Oriente, portando il pubblico in un viaggio dalle Ande al Rio de la Plata, e dall&#8217;Irlanda, passando per il Mar Mediterraneo incontra le suggestioni delle sonorit\u00e0 dell&#8217;India.<\/p><\/blockquote>\n<p>&nbsp;<\/p>\n<p>&nbsp;<\/p>\n<p>&nbsp;<\/p>\n<p>&nbsp;<\/p>\n<blockquote class=\"wp-embedded-content\" data-secret=\"Jm7UUxVd63\"><p><a href=\"http:\/\/www.radiopiu.net\/wordpress\/taglia-il-traguardo-dei-50-anni-la-chiesa-di-santaronne-a-cusighe\/\">TAGLIA IL TRAGUARDO DEI 50 ANNI LA CHIESA DI SANT\u2019ARONNE A CUSIGHE<\/a><\/p><\/blockquote>\n<p><iframe loading=\"lazy\" class=\"wp-embedded-content\" sandbox=\"allow-scripts\" security=\"restricted\" style=\"position: absolute; clip: rect(1px, 1px, 1px, 1px);\" src=\"http:\/\/www.radiopiu.net\/wordpress\/taglia-il-traguardo-dei-50-anni-la-chiesa-di-santaronne-a-cusighe\/embed\/#?secret=Jm7UUxVd63\" data-secret=\"Jm7UUxVd63\" width=\"600\" height=\"338\" title=\"&#8220;TAGLIA IL TRAGUARDO DEI 50 ANNI LA CHIESA DI SANT\u2019ARONNE A CUSIGHE&#8221; &#8212; Radio Pi\u00f9\" frameborder=\"0\" marginwidth=\"0\" marginheight=\"0\" scrolling=\"no\"><\/iframe><\/p>\n<p>&nbsp;<\/p>\n<p>&nbsp;<\/p>\n<p>&nbsp;<\/p>\n<p>&nbsp;<\/p>\n<p>&nbsp;<\/p>\n<h2><a class=\"dt-pswp-item\" href=\"http:\/\/www.radiopiu.net\/wordpress\/wp-content\/uploads\/2018\/09\/appuntamenti.jpeg\" data-dt-img-description=\"\" data-large_image_width=\"800\" data-large_image_height=\"100\"><img loading=\"lazy\" decoding=\"async\" class=\"alignnone wp-image-61958 size-full\" src=\"http:\/\/www.radiopiu.net\/wordpress\/wp-content\/uploads\/2018\/09\/appuntamenti.jpeg\" alt=\"\" width=\"800\" height=\"100\" srcset=\"https:\/\/www.radiopiu.net\/wordpress\/wp-content\/uploads\/2018\/09\/appuntamenti.jpeg 800w, https:\/\/www.radiopiu.net\/wordpress\/wp-content\/uploads\/2018\/09\/appuntamenti-300x38.jpeg 300w, https:\/\/www.radiopiu.net\/wordpress\/wp-content\/uploads\/2018\/09\/appuntamenti-768x96.jpeg 768w\" sizes=\"auto, (max-width: 800px) 100vw, 800px\" \/><\/a><\/h2>\n<p>&nbsp;<\/p>\n<h3><a class=\"dt-pswp-item\" href=\"http:\/\/www.radiopiu.net\/wordpress\/wp-content\/uploads\/2019\/05\/images.jpg\" data-dt-img-description=\"\" data-large_image_width=\"290\" data-large_image_height=\"174\"><img loading=\"lazy\" decoding=\"async\" class=\"alignleft wp-image-84346\" src=\"http:\/\/www.radiopiu.net\/wordpress\/wp-content\/uploads\/2019\/05\/images.jpg\" alt=\"\" width=\"70\" height=\"42\" \/><\/a>A BELLUNO, &#8220;PESCE E PROSECCO&#8221;, TUTTI I PARTICOLARI NELL&#8217;INTERVISTA A MAURIZIO TIOZZO<\/h3>\n<p><strong>DI CLAUDIO FONTANIVE<\/strong><\/p>\n<audio class=\"wp-audio-shortcode\" id=\"audio-84310-8\" preload=\"none\" style=\"width: 100%;\" controls=\"controls\"><source type=\"audio\/mpeg\" src=\"http:\/\/www.radiopiu.net\/wordpress\/wp-content\/uploads\/2019\/05\/maurizio-tiozzo-pesce-e-prosecco.mp3?_=8\" \/><a href=\"http:\/\/www.radiopiu.net\/wordpress\/wp-content\/uploads\/2019\/05\/maurizio-tiozzo-pesce-e-prosecco.mp3\">http:\/\/www.radiopiu.net\/wordpress\/wp-content\/uploads\/2019\/05\/maurizio-tiozzo-pesce-e-prosecco.mp3<\/a><\/audio>\n<p>&nbsp;<\/p>\n<p>&nbsp;<\/p>\n<p>&nbsp;<\/p>\n<h2><a class=\"dt-pswp-item\" href=\"http:\/\/www.radiopiu.net\/wordpress\/wp-content\/uploads\/2019\/05\/83c88477-a8f7-4b58-810b-57857e869d7c.jpg\" data-dt-img-description=\"\" data-large_image_width=\"720\" data-large_image_height=\"1280\"><img loading=\"lazy\" decoding=\"async\" class=\"alignleft size-thumbnail wp-image-84227\" src=\"http:\/\/www.radiopiu.net\/wordpress\/wp-content\/uploads\/2019\/05\/83c88477-a8f7-4b58-810b-57857e869d7c-150x150.jpg\" alt=\"\" width=\"150\" height=\"150\" \/><\/a>Maggio Agordino, con l&#8217;Associazione Periti Industriali Minerari di Agordo.<\/h2>\n<p><strong>AGORDO.<\/strong> Quattro appuntamenti in sala Don Tamis alle 20.30 con entrata libera. <strong>Oggi:<\/strong> Ermanno Gaspari e Roberto Dall&#8217;Armi &#8220;L&#8217;Agordino e le alluvioni dal 1966 al 2018. <strong>Giovedi 9 maggio<\/strong> Gianni Marigo &#8220;Effetti dei cambiamenti climatici a scala locale. Analisi della tempesta Vaia, un esempio di estremizzazione del clima. <strong>Venerdi 24 maggio<\/strong> Giuseppe De Don\u00e0 &#8220;L&#8217;antica misura del tempo nelle valli alpine&#8221;. <strong>Venerdi 31 maggio<\/strong> Danilo Coppe &#8220;L&#8217;uso degli esplosivi nel civile&#8221;.<\/p>\n<p><strong>IL PRESIDENTE APIM LUCA LUCHETTA<\/strong><\/p>\n<audio class=\"wp-audio-shortcode\" id=\"audio-84310-9\" preload=\"none\" style=\"width: 100%;\" controls=\"controls\"><source type=\"audio\/mpeg\" src=\"http:\/\/www.radiopiu.net\/wordpress\/wp-content\/uploads\/2019\/05\/luca.mp3?_=9\" \/><a href=\"http:\/\/www.radiopiu.net\/wordpress\/wp-content\/uploads\/2019\/05\/luca.mp3\">http:\/\/www.radiopiu.net\/wordpress\/wp-content\/uploads\/2019\/05\/luca.mp3<\/a><\/audio>\n<p>&nbsp;<\/p>\n<p>&nbsp;<\/p>\n<h2>Associazione Italiana Donazione Organi<\/h2>\n<p><strong>CANALE D&#8217;AGORDO<\/strong> Oggi alle 20.30 in sala conferenze Ex Cavallino serata di prevenzione sulle malattie renali. Relatori Mirko Dalle Mule dell&#8217;Aido provinciale, Linda De SIlvestro Nefrologo dell&#8217;ospedale San Martino di Bellluno. Un italiano su 10 ne soffre, informazioni su quali azioni sono sufficienti per prevenire una delle malattie silenziose del corpo. Con la lettura di storie di pazienti nefropatici in dialisi e trapiantati.<\/p>\n<h2><\/h2>\n<p>&nbsp;<\/p>\n<h2>100 ANNI FA LA STRADA<\/h2>\n<p><strong><a class=\"dt-pswp-item\" href=\"http:\/\/www.radiopiu.net\/wordpress\/wp-content\/uploads\/2019\/05\/Lavori-alla-strada.jpg\" data-dt-img-description=\"\" data-large_image_width=\"1500\" data-large_image_height=\"1975\"><img loading=\"lazy\" decoding=\"async\" class=\"alignleft size-thumbnail wp-image-84277\" src=\"http:\/\/www.radiopiu.net\/wordpress\/wp-content\/uploads\/2019\/05\/Lavori-alla-strada-150x150.jpg\" alt=\"\" width=\"150\" height=\"150\" \/><\/a>SOSPIROLO\u00a0<\/strong> Una ricorrenza speciale: un viaggio nel tempo, nei luoghi e nella storia della gente di Canal del Mis per i cent\u2019anni dalla costruzione della strada. L\u2019evento, dal titolo \u201c100 anni fa la strada!\u201d, si terr\u00e0 domenica 5 maggio; si tratta di un\u2019escursione animata con ricostruzioni storiche, personaggi del passato, letture, testimonianze: una giornata unica, che unisce cultura e spettacolo, un\u2019esperienza da vivere per molti locali ma anche per i visitatori<\/p>\n<p>&nbsp;<\/p>\n<p>&nbsp;<\/p>\n<p>&nbsp;<\/p>\n<h2>Un fine settimana ricco di eventi \u00e8 quello promosso dalla Biblioteca civica del Comune di Sospirolo.<\/h2>\n<p><strong>SOSPIROLO<\/strong> Le iniziative in programma avranno inizio con la serata d<strong>i oggi alle\u00a0 20.30<\/strong>, presso il Centro civico di Sospirolo con il secondo appuntamento della Rassegna &#8220;Partire, storie di emigrazione di ieri e di oggi\u201d.\u00a0 <strong>Domani<\/strong>\u00a0alle 20.30, organizzata dal Centro Studi della Montagna Sospirolese in collaborazione con la biblioteca, serata incentrata sulle imprese alpinistiche e scialpinistiche di Adriana Valdo, prima donna Accademica del Club Alpino Italiano<\/p>\n<p>&nbsp;<\/p>\n<p align=\"JUSTIFY\"><strong>BELLUNO<\/strong> L&#8217;assemblea del consorzio Bim Piave \u00e8 convocata per martedi 7 maggio alle 16 in sala affreschi della Provincia. Ordine del giorno: approvazione rendiconto di gestione 2018 e approvazione del regolamento per l&#8217;assegnazione dei contributi in conto investimento a favore delle associazioni Proloco operanti sul territorio.<\/p>\n<p align=\"JUSTIFY\"><strong>BELLUNO<\/strong> Giovedi 9 maggio alle 18.30 al centro Giovanni 23esimo in sala Muccin &#8220;La costruzione europea tra crisi e rilancio una sfida cruciale&#8221;, in occasione della Giornata dell\u2019Europa e a 40 anni dalla prima elezione a suffragio universale del Parlamento europeo (l\u2019unico Parlamento sovranazionale eletto direttamente dai cittadini). Organizza il Rotary Club Belluno, Fondazione Arnaldo Colleselli (deputato nazionale e amministratore locale fu parlamentare europeo nella prima legislatura a suffragio universale diretto dal 1979 al 1984.<\/p>\n<p align=\"JUSTIFY\"><strong>TAIBON<\/strong> Sabato 25 maggio alle 20.30 nella sala dell&#8217;ex Municipio di Taibon focus sulla Valle di San Lucano con l&#8217;Associazione Amici dei Minerari &#8220;Il paradiso pu\u00f2 attendere, per la rinascita e per il guinnes world record&#8221;.<\/p>\n<h3 align=\"JUSTIFY\"><a class=\"dt-pswp-item\" href=\"http:\/\/www.radiopiu.net\/wordpress\/wp-content\/uploads\/2018\/01\/SEDICO.jpg\" data-dt-img-description=\"\" data-large_image_width=\"259\" data-large_image_height=\"194\"><img loading=\"lazy\" decoding=\"async\" class=\"alignleft wp-image-42055\" src=\"http:\/\/www.radiopiu.net\/wordpress\/wp-content\/uploads\/2018\/01\/SEDICO.jpg\" alt=\"\" width=\"85\" height=\"64\" \/><\/a>SPECIALE FESTA DI PRIMAVERA A SEDICO, NOSTRA INTERVISTA CON IL PRESIDENTE DELLA PROLOCO CLAUDIO MEZZAVILLA, VOCE ORMAI NOTA SULLE FREQUENZE DI RADIO PIU.<\/h3>\n<p align=\"JUSTIFY\"><strong>DI CLAUDIO FONTANIVE<\/strong><\/p>\n<audio class=\"wp-audio-shortcode\" id=\"audio-84310-10\" preload=\"none\" style=\"width: 100%;\" controls=\"controls\"><source type=\"audio\/mpeg\" src=\"http:\/\/www.radiopiu.net\/wordpress\/wp-content\/uploads\/2019\/05\/claudio-mezzavilal-festa-sedico.mp3?_=10\" \/><a href=\"http:\/\/www.radiopiu.net\/wordpress\/wp-content\/uploads\/2019\/05\/claudio-mezzavilal-festa-sedico.mp3\">http:\/\/www.radiopiu.net\/wordpress\/wp-content\/uploads\/2019\/05\/claudio-mezzavilal-festa-sedico.mp3<\/a><\/audio>\n<h2><\/h2>\n<h2><\/h2>\n<h2><\/h2>\n<blockquote><p>&nbsp;<\/p><\/blockquote>\n<h2>DAL MESSICO&#8230;..con William Da Roit<\/h2>\n\n\t\t\t<style type='text\/css'>\n\t\t\t\t#gallery-2 {\n\t\t\t\t\tmargin: auto;\n\t\t\t\t}\n\t\t\t\t#gallery-2 .gallery-item {\n\t\t\t\t\tfloat: left;\n\t\t\t\t\tmargin-top: 10px;\n\t\t\t\t\ttext-align: center;\n\t\t\t\t\twidth: 33%;\n\t\t\t\t}\n\t\t\t\t#gallery-2 img {\n\t\t\t\t\tborder: 2px solid #cfcfcf;\n\t\t\t\t}\n\t\t\t\t#gallery-2 .gallery-caption {\n\t\t\t\t\tmargin-left: 0;\n\t\t\t\t}\n\t\t\t\t\/* see gallery_shortcode() in wp-includes\/media.php *\/\n\t\t\t<\/style>\n\t\t<div id='gallery-2' class='dt-gallery-container gallery galleryid-84310 gallery-columns-3 gallery-size-thumbnail'><dl class='gallery-item'>\n\t\t\t\t<dt class='gallery-icon landscape'>\n\t\t\t\t\t<a class=\"rollover\" href='https:\/\/www.radiopiu.net\/wordpress\/giornale-radiopiu-30-aprile-2019-direttore-mirko-mezzacasa\/28e8b47a-5d30-4150-aeaa-d0f981a444ac\/'><img loading=\"lazy\" decoding=\"async\" width=\"150\" height=\"150\" src=\"https:\/\/www.radiopiu.net\/wordpress\/wp-content\/uploads\/2019\/04\/28e8b47a-5d30-4150-aeaa-d0f981a444ac-150x150.jpg\" class=\"attachment-thumbnail size-thumbnail\" alt=\"\" \/><\/a>\n\t\t\t\t<\/dt><\/dl><dl class='gallery-item'>\n\t\t\t\t<dt class='gallery-icon landscape'>\n\t\t\t\t\t<a class=\"rollover\" href='https:\/\/www.radiopiu.net\/wordpress\/dal-messico-con-william-da-roit\/whatsapp-image-2019-05-01-at-00-03-21\/'><img loading=\"lazy\" decoding=\"async\" width=\"150\" height=\"150\" src=\"https:\/\/www.radiopiu.net\/wordpress\/wp-content\/uploads\/2019\/05\/WhatsApp-Image-2019-05-01-at-00.03.21-150x150.jpeg\" class=\"attachment-thumbnail size-thumbnail\" alt=\"\" \/><\/a>\n\t\t\t\t<\/dt><\/dl><dl class='gallery-item'>\n\t\t\t\t<dt class='gallery-icon landscape'>\n\t\t\t\t\t<a class=\"rollover\" href='https:\/\/www.radiopiu.net\/wordpress\/giornale-radiopiu-02-maggio-2019-direttore-mirko-mezzacasa\/whatsapp-image-2019-05-02-at-02-43-18-2\/'><img loading=\"lazy\" decoding=\"async\" width=\"150\" height=\"150\" src=\"https:\/\/www.radiopiu.net\/wordpress\/wp-content\/uploads\/2019\/05\/WhatsApp-Image-2019-05-02-at-02.43.18-2-150x150.jpeg\" class=\"attachment-thumbnail size-thumbnail\" alt=\"\" \/><\/a>\n\t\t\t\t<\/dt><\/dl><br style=\"clear: both\" \/><dl class='gallery-item'>\n\t\t\t\t<dt class='gallery-icon portrait'>\n\t\t\t\t\t<a class=\"rollover\" href='https:\/\/www.radiopiu.net\/wordpress\/giornale-radiopiu-03-maggio-2019-direttore-mirko-mezzacasa\/29899f9a-e342-4383-9910-da7afec9f2e6\/'><img loading=\"lazy\" decoding=\"async\" width=\"150\" height=\"150\" src=\"https:\/\/www.radiopiu.net\/wordpress\/wp-content\/uploads\/2019\/05\/29899f9a-e342-4383-9910-da7afec9f2e6-150x150.jpg\" class=\"attachment-thumbnail size-thumbnail\" alt=\"\" \/><\/a>\n\t\t\t\t<\/dt><\/dl>\n\t\t\t\t<br style='clear: both' \/>\n\t\t\t<\/div>\n\n<p><strong>AUDIO 04 MAGGIO 2019<\/strong><\/p>\n<audio class=\"wp-audio-shortcode\" id=\"audio-84310-11\" preload=\"none\" style=\"width: 100%;\" controls=\"controls\"><source type=\"audio\/mpeg\" src=\"http:\/\/www.radiopiu.net\/wordpress\/wp-content\/uploads\/2019\/05\/WILLIAM-2.mp3?_=11\" \/><a href=\"http:\/\/www.radiopiu.net\/wordpress\/wp-content\/uploads\/2019\/05\/WILLIAM-2.mp3\">http:\/\/www.radiopiu.net\/wordpress\/wp-content\/uploads\/2019\/05\/WILLIAM-2.mp3<\/a><\/audio>\n<p><strong>AUDIO 03 MAGGIO 2019<\/strong><\/p>\n<audio class=\"wp-audio-shortcode\" id=\"audio-84310-12\" preload=\"none\" style=\"width: 100%;\" controls=\"controls\"><source type=\"audio\/mpeg\" src=\"http:\/\/www.radiopiu.net\/wordpress\/wp-content\/uploads\/2019\/05\/WILLIAM-1.mp3?_=12\" \/><a href=\"http:\/\/www.radiopiu.net\/wordpress\/wp-content\/uploads\/2019\/05\/WILLIAM-1.mp3\">http:\/\/www.radiopiu.net\/wordpress\/wp-content\/uploads\/2019\/05\/WILLIAM-1.mp3<\/a><\/audio>\n<p style=\"text-align: left;\"><strong>AUDIO 01 MAGGIO 2019<\/strong><\/p>\n<audio class=\"wp-audio-shortcode\" id=\"audio-84310-13\" preload=\"none\" style=\"width: 100%;\" controls=\"controls\"><source type=\"audio\/mpeg\" src=\"http:\/\/www.radiopiu.net\/wordpress\/wp-content\/uploads\/2019\/05\/WILLIAM.mp3?_=13\" \/><a href=\"http:\/\/www.radiopiu.net\/wordpress\/wp-content\/uploads\/2019\/05\/WILLIAM.mp3\">http:\/\/www.radiopiu.net\/wordpress\/wp-content\/uploads\/2019\/05\/WILLIAM.mp3<\/a><\/audio>\n<p><strong>PRECEDENTE 30 APRILE 2019<\/strong><\/p>\n<audio class=\"wp-audio-shortcode\" id=\"audio-84310-14\" preload=\"none\" style=\"width: 100%;\" controls=\"controls\"><source type=\"audio\/mpeg\" src=\"http:\/\/www.radiopiu.net\/wordpress\/wp-content\/uploads\/2019\/04\/WILLIAM-DA-ROIT.mp3?_=14\" \/><a href=\"http:\/\/www.radiopiu.net\/wordpress\/wp-content\/uploads\/2019\/04\/WILLIAM-DA-ROIT.mp3\">http:\/\/www.radiopiu.net\/wordpress\/wp-content\/uploads\/2019\/04\/WILLIAM-DA-ROIT.mp3<\/a><\/audio>\n<h2><\/h2>\n<p>&nbsp;<\/p>\n<p>&nbsp;<\/p>\n<p><a class=\"dt-pswp-item\" href=\"http:\/\/www.radiopiu.net\/wordpress\/wp-content\/uploads\/2018\/09\/viabilita.jpeg\" data-dt-img-description=\"\" data-large_image_width=\"800\" data-large_image_height=\"100\"><img loading=\"lazy\" decoding=\"async\" class=\"alignnone size-full wp-image-61954\" src=\"http:\/\/www.radiopiu.net\/wordpress\/wp-content\/uploads\/2018\/09\/viabilita.jpeg\" alt=\"\" width=\"800\" height=\"100\" srcset=\"https:\/\/www.radiopiu.net\/wordpress\/wp-content\/uploads\/2018\/09\/viabilita.jpeg 800w, https:\/\/www.radiopiu.net\/wordpress\/wp-content\/uploads\/2018\/09\/viabilita-300x38.jpeg 300w, https:\/\/www.radiopiu.net\/wordpress\/wp-content\/uploads\/2018\/09\/viabilita-768x96.jpeg 768w\" sizes=\"auto, (max-width: 800px) 100vw, 800px\" \/><\/a><\/p>\n<p><strong>PROVINCIALE 8 DI SAN TOMASO<\/strong> Dal 29 aprile al 28 giugno (esclusi festivi e prefestivi) senso unico alternato tra Pian Molin e Roi<\/p>\n<p><strong>PROVINCIALE 563 DI SALESEI<\/strong> Dal 6 maggio AL 14 giugno\u00a0 In localit\u00e0 Sopracordevole in Comune di Rocca Pietore senso unico alternato con semaforo o movieri e divieto di transito ai mezzi con massa superiore a 7,5 tonellate.<\/p>\n<p><strong>REGIONALE 203 AGORDINA<\/strong> Fino al 6 maggio (esclusi festivi e prefestivi) senso unico alternato regolato da semaforo in localit\u00e0 Rucav\u00e0 (Alleghe) per lavori di messa in sicurezza ciglio stradale<\/p>\n<p><strong>REGIONALE 203 AGORDINA<\/strong> Fino al 3 maggio (esclusi sabato, domenica e festivi infrasettimanali) senso unico alternato regolato da semaforo a monte dell&#8217;abitato di Caprile per lavori di manutenzione del cimitero.<\/p>\n<h2><img loading=\"lazy\" decoding=\"async\" class=\"alignleft wp-image-60761 \" src=\"http:\/\/www.radiopiu.net\/wordpress\/wp-content\/uploads\/2018\/09\/sport.jpg\" alt=\"\" width=\"992\" height=\"124\" srcset=\"https:\/\/www.radiopiu.net\/wordpress\/wp-content\/uploads\/2018\/09\/sport.jpg 800w, https:\/\/www.radiopiu.net\/wordpress\/wp-content\/uploads\/2018\/09\/sport-300x38.jpg 300w, https:\/\/www.radiopiu.net\/wordpress\/wp-content\/uploads\/2018\/09\/sport-768x96.jpg 768w\" sizes=\"auto, (max-width: 992px) 100vw, 992px\" \/><\/h2>\n<h3><\/h3>\n<h3><\/h3>\n<h3><\/h3>\n<h3>FONTANA DEBUTTA NEL GT ITALIANO SPRINT COME PILOTA UFFICIALE AUDI SPORT ITALIA.<\/h3>\n<p><strong>AUDIO DAL NOTIZIARIO PRINCIPALE<\/strong><\/p>\n<audio class=\"wp-audio-shortcode\" id=\"audio-84310-15\" preload=\"none\" style=\"width: 100%;\" controls=\"controls\"><source type=\"audio\/mpeg\" src=\"http:\/\/www.radiopiu.net\/wordpress\/wp-content\/uploads\/2019\/05\/ANDREA-FONTANA.mp3?_=15\" \/><a href=\"http:\/\/www.radiopiu.net\/wordpress\/wp-content\/uploads\/2019\/05\/ANDREA-FONTANA.mp3\">http:\/\/www.radiopiu.net\/wordpress\/wp-content\/uploads\/2019\/05\/ANDREA-FONTANA.mp3<\/a><\/audio>\n<p>Sempre pi\u00f9 densa di impegni la stagione agonistica 2019 del driver bellunese Andrea Fontana. Dopo aver preso parte alla prestigiosa 12H del Mugello (24H Series) alla guida della Ferrari 488 GT3 e alla prima tappa del Campionato Italiano GT Endurance a Monza alla guida della BMW M4 GT4 del Team Ufficiale BMW Italia &#8211; Ceccato Motorsport, si appresta questo week end a tornare in pista sul tracciato Piero Taruffi di Vallelunga (RM) per la prima prova del Campionato Italiano GT Sprint in veste di pilota ufficiale del Team AUDI Sport Italia. Questo nuovo importante impegno rende la stagione del pilota veneto di assoluto rilievo, essendo il primo pilota a competere in due programmi ufficiali (BMW e Audi) nell\u2019ambito della serie tricolore GT. Ad affiancare il Fontana in questa importante avventura il pilota tedesco Pierre Kaffer, da anni nella lista dei piloti ufficiali Audi e vincitore di moltissime gare a livello internazionale tra le quali spicca quella alla 24h di Le Mans (2009). Proprio il driver tedesco sar\u00e0 la giusta guida per Fontana che godr\u00e0 di un perfetto compagno di squadra dal quale apprendere tutti i segreti della bellissima Audi R8 LMS GT3schierata dal team di Emilio Radaelli e Roberta Gremignani. A sfidare l\u2019equipaggio Audi moltissimi avversari di altrettanto prestigio tra i quali, per prestigio di carriera, spiccano Jacques Villeneuve (ex F1), Giancarlo Fisichella (ex F1) e Antonio Fuoco (ex GP2 e ora Formula E). Un parterre dunque di primissimo piano che da la perfetta misura dell\u2019importante step in carriera del pilota bellunese in questa stagione.<\/p>\n<blockquote><p><em>Andrea Fontana:\u00a0\u201cSono ovviamente molto orgoglioso di poter rappresentare un marchio glorioso e pluri vincente come Audi Sport nel Campionato Italiano GT. L\u2019idea poi di correre insieme ad un pilota veloce ed esperto come Kaffer \u00e8 davvero un grande stimolo in pi\u00f9. Nei primi test svolti settimana scorsa a Vallelunga siamo stati molto soddisfatti della vettura e delle prestazioni in generale. Ora dobbiamo attendere il primo confronto vero in pista con i nostri avversari e vedere nel corso della stagione quanto peso avr\u00e0 il BOP (Balance of Performance), noi puntiamo in alto!\u201d<\/em><\/p><\/blockquote>\n<p>Il programma dell\u2019evento di Vallelunga inizier\u00e0 Venerd\u00ec 03 con due turni di prove libere (11:15 e 16:05) per poi proseguire il giorno successivo, Sabato 04 Maggio, con il doppi turno di qualifica (08:30 e 09:05) e Gara 1 (13:50). Mentre Domenica 05\u00a0vedr\u00e0 invece lo start di Gara 2 alle 13:40 a conclusione del weekend. Ciascuna gara avr\u00e0 durata 50 min + 1 giro e entrambe le gare saranno trasmesse in diretta Tv su Raisport e in web streaming sul sito www.acisport.it\/CIGT e sulla pagina facebook del campionato www.facebook.com\/CIGranTurismo.<\/p>\n<p align=\"JUSTIFY\"><b><a class=\"dt-pswp-item\" href=\"http:\/\/www.radiopiu.net\/wordpress\/wp-content\/uploads\/2018\/09\/WhatsApp-Image-2018-09-20-at-16.04.06.jpeg\" data-dt-img-description=\"\" data-large_image_width=\"800\" data-large_image_height=\"100\"><img loading=\"lazy\" decoding=\"async\" class=\"alignleft wp-image-61378 \" src=\"http:\/\/www.radiopiu.net\/wordpress\/wp-content\/uploads\/2018\/09\/WhatsApp-Image-2018-09-20-at-16.04.06.jpeg\" alt=\"\" width=\"1008\" height=\"126\" srcset=\"https:\/\/www.radiopiu.net\/wordpress\/wp-content\/uploads\/2018\/09\/WhatsApp-Image-2018-09-20-at-16.04.06.jpeg 800w, https:\/\/www.radiopiu.net\/wordpress\/wp-content\/uploads\/2018\/09\/WhatsApp-Image-2018-09-20-at-16.04.06-300x38.jpeg 300w, https:\/\/www.radiopiu.net\/wordpress\/wp-content\/uploads\/2018\/09\/WhatsApp-Image-2018-09-20-at-16.04.06-768x96.jpeg 768w\" sizes=\"auto, (max-width: 1008px) 100vw, 1008px\" \/><\/a><\/b><\/p>\n<p><center><b>Venerdi 3<\/b><\/center><\/p>\n<p align=\"JUSTIFY\"><b>Tempo atteso: <\/b>Tempo variabile\/instabile con tratti soleggiati e frequenti annuvolamenti irregolari, a tratti intensi ed associati a rovesci sparsi. Non escluso una pausa dei fenomeni tra il mattino e parte del pomeriggio. Clima diurno piuttosto fresco per il periodo con ridotta escursione termica tra la notte ed il giorno.<br \/>\n<b>Precipitazioni: <\/b>Probabilit\u00e0 alta nella notte (80%), media per rovesci al mattino (30\/40%) e di nuovo alta tra il tardo pomeriggio e la sera (70\/80%) per altri rovesci, eventualmente temporaleschi, specie sulle Prealpi. Limite neve sui 1700\/1800 m al primo mattino, poi in rialzo fino sui 2000\/2100 m, prima di scendere leggermente alla sera. Tra gioved\u00ec e venerd\u00ec sono previsti mediamente 10\/15 mm, localmente 20\/30 mm sulle Prealpi, con altrettanti cm di neve oltre i 2200\/2400 m.<br \/>\n<b>Temperature: <\/b>Minime in aumento, anche se in alta quota potranno scendere ed essere osservate alla sera; massime in generale calo. Sono previste punte massime di 14\/15\u00b0C nelle conche prealpine e di 9\/12\u00b0C a 1000\/1200 m. Su Prealpi a 1500 m min 2\u00b0C max 6\u00b0C, a 2000 m min 0\u00b0C max 2\u00b0C. Su Dolomiti a 2000 m min 0\u00b0C max 2\u00b0C, a 3000 m min -6\u00b0C max -5\u00b0C.<br \/>\n<b>Venti: <\/b>Nelle valli deboli di direzione variabile; in quota moderati da Nord-Ovest al mattino, poi deboli da Sud-Ovest, a 5-10 km\/h a 2000 m, a 5\/20 km\/h a 3000 m.<\/p>\n<hr \/>\n<p><center><b>Sabato 4<\/b><\/center><\/p>\n<p align=\"JUSTIFY\"><b>Tempo atteso: <\/b>Al mattino tempo variabile con brevi schiarite e annuvolamenti irregolari, a tratti gi\u00e0 intensi. Poi graduale peggioramento del tempo fino a risultare perturbato nel tardo pomeriggio\/sera con cielo coperto, associato a precipitazioni pi\u00f9 sempre pi\u00f9 diffuse. Clima diurno un po&#8217; pi\u00f9 fresco con debole escursione termica diurna.<br \/>\n<b>Precipitazioni: <\/b>Probabilit\u00e0 di qualche piovasco tra la notte ed il primo pomeriggio, con limite neve oltre i 1500\/1700 m. In seguito la probabilit\u00e0 crescer\u00e0 fino a molto alta alla sera, assieme al calo del limite neve che giunger\u00e0 fino sui 1000\/1200 m entro la mezzanotte, anche sui 700\/900 m nelle ore successive.<br \/>\n<b>Temperature: <\/b>Le minime del mattino saranno senza notevoli variazioni rispetto a venerd\u00ec, mentre le minime reali saranno in calo ed osservate in tarda serata; massime in diminuzione, specie in quota. Sono previste punte massime di 10\/11\u00b0C nelle conche prealpine e di 5\/6\u00b0C a 1000\/1200 m. Su Prealpi a 1500 m min 1\u00b0C max 4\u00b0C, a 2000 m min -1\u00b0C max 1\u00b0C. Su Dolomiti a 2000 m min -2\u00b0C max 0\u00b0C, a 3000 m min -7\u00b0C max -6\u00b0C.<br \/>\n<b>Venti: <\/b>Nelle valli deboli di direzione variabile; in quota deboli da Sud-Ovest, a 5-10 km\/h sia a 2000 m che a 3000 m.<\/p>\n<hr \/>\n<p><center><b>Domenica 5<\/b><\/center><\/p>\n<p align=\"JUSTIFY\">Maltempo tra la notte e la mattina con precipitazioni diffuse, nevose oltre i 700\/900 m, con apporti di neve fresca abbondanti oltre i 1200\/1500 m. Dalla tarda mattinata tendenza alla variabilit\u00e0 con esaurimento dei fenomeni, attenuazione della nuvolosit\u00e0 e rasserenamenti. Ulteriore calo termico con clima freddo per il periodo. Venti moderati da Sud-Est al primo mattino, da Nord-Est in rinforzo fino a tesi\/forti nel pomeriggio\/sera su cime dolomitiche e creste prealpine.<\/p>\n<hr \/>\n<p><center><b>Lunedi 6<\/b><\/center><\/p>\n<p align=\"JUSTIFY\">Miglioramento del tempo con sole, cielo sereno, aria tersa ed ottima visibilit\u00e0. Al pomeriggio sole e modesta cumulificazione diurna, pi\u00f9 presente sulle Prealpi. Temperature minime in calo e massime in ripresa. Venti moderati dai quadranti settentrionali in quota. Previsore: R.L.Th<\/p>\n<p align=\"JUSTIFY\">\n","protected":false},"excerpt":{"rendered":"<p>Oggi alle 10.30 all&#8217;Istituto Alberghiero e Convitto di Falcade &#8220;De Rossi&#8221; la festa per i 50 anni della scuola. Schede ospedaliere il dibattito continua, ieri l&#8217;intervento del sindaco di Belluno Jacopo Massaro, oggi assemblee sindacali negli ospedali di Belluno e Feltre per capirne di pi\u00f9. A Taibon la farmacia comunale chiude l&#8217;anno in attivo (29&hellip;<\/p>\n","protected":false},"author":1,"featured_media":84340,"comment_status":"closed","ping_status":"closed","sticky":false,"template":"","format":"standard","meta":{"_monsterinsights_skip_tracking":false,"_monsterinsights_sitenote_active":false,"_monsterinsights_sitenote_note":"","_monsterinsights_sitenote_category":0,"footnotes":""},"categories":[86],"tags":[],"class_list":["post-84310","post","type-post","status-publish","format-standard","has-post-thumbnail","hentry","category-gr","category-86","description-off"],"img_url":"https:\/\/www.radiopiu.net\/wordpress\/wp-content\/uploads\/2019\/05\/ANNULLO-FALCADE.jpg","_links":{"self":[{"href":"https:\/\/www.radiopiu.net\/wordpress\/wp-json\/wp\/v2\/posts\/84310","targetHints":{"allow":["GET"]}}],"collection":[{"href":"https:\/\/www.radiopiu.net\/wordpress\/wp-json\/wp\/v2\/posts"}],"about":[{"href":"https:\/\/www.radiopiu.net\/wordpress\/wp-json\/wp\/v2\/types\/post"}],"author":[{"embeddable":true,"href":"https:\/\/www.radiopiu.net\/wordpress\/wp-json\/wp\/v2\/users\/1"}],"replies":[{"embeddable":true,"href":"https:\/\/www.radiopiu.net\/wordpress\/wp-json\/wp\/v2\/comments?post=84310"}],"version-history":[{"count":0,"href":"https:\/\/www.radiopiu.net\/wordpress\/wp-json\/wp\/v2\/posts\/84310\/revisions"}],"wp:featuredmedia":[{"embeddable":true,"href":"https:\/\/www.radiopiu.net\/wordpress\/wp-json\/wp\/v2\/media\/84340"}],"wp:attachment":[{"href":"https:\/\/www.radiopiu.net\/wordpress\/wp-json\/wp\/v2\/media?parent=84310"}],"wp:term":[{"taxonomy":"category","embeddable":true,"href":"https:\/\/www.radiopiu.net\/wordpress\/wp-json\/wp\/v2\/categories?post=84310"},{"taxonomy":"post_tag","embeddable":true,"href":"https:\/\/www.radiopiu.net\/wordpress\/wp-json\/wp\/v2\/tags?post=84310"}],"curies":[{"name":"wp","href":"https:\/\/api.w.org\/{rel}","templated":true}]}}