{"id":84331,"date":"2019-05-03T05:55:10","date_gmt":"2019-05-03T03:55:10","guid":{"rendered":"http:\/\/www.radiopiu.net\/wordpress\/?p=84331"},"modified":"2019-05-04T06:21:24","modified_gmt":"2019-05-04T04:21:24","slug":"lassessore-pan-vicino-ai-cacciatori-di-taibon-per-il-ripristino-dei-sentieri","status":"publish","type":"post","link":"https:\/\/www.radiopiu.net\/wordpress\/lassessore-pan-vicino-ai-cacciatori-di-taibon-per-il-ripristino-dei-sentieri\/","title":{"rendered":"L&#8217;ASSESSORE PAN  VICINO AI CACCIATORI DI TAIBON PER IL RIPRISTINO DEI SENTIERI"},"content":{"rendered":"<blockquote>\n<h3>I Cacciatori di Taibon chiedono aiuto alla Regione per poter operare sui sentieri danneggiati da Vaia, senza intralci, mnacce, denunce, richiesta danni<\/h3>\n<\/blockquote>\n<p><strong>DI GIANNI SANTOMASO<\/strong><\/p>\n<audio class=\"wp-audio-shortcode\" id=\"audio-84331-1\" preload=\"none\" style=\"width: 100%;\" controls=\"controls\"><source type=\"audio\/mpeg\" src=\"http:\/\/www.radiopiu.net\/wordpress\/wp-content\/uploads\/2019\/05\/GIANNI-CACCIA.mp3?_=1\" \/><a href=\"http:\/\/www.radiopiu.net\/wordpress\/wp-content\/uploads\/2019\/05\/GIANNI-CACCIA.mp3\">http:\/\/www.radiopiu.net\/wordpress\/wp-content\/uploads\/2019\/05\/GIANNI-CACCIA.mp3<\/a><\/audio>\n<p>&nbsp;<\/p>\n<p><strong>TAIBON<\/strong> Con una lettera i cacciatori di Taibon hanno chiesto\u00a0 a Regione e Provincia se la loro attivit\u00e0 di volontariato nel territorio colpito dall&#8217;uragano Vaia lo scorso ottobre, pu\u00f2 essere portata avanti<em>, &#8220;Se \u00e8 giustificata ed approvata dagli enti alla pari di tutte le altre attivit\u00e0 di volontariato &#8211; hanno scritto i cacciatori &#8211;\u00a0 senza aver sempre la remora di non essere sempre nel lecito o che qualcuno contesti il nostro operato. Alcuni fatti avvenuti in passato impongono di chiedere alla istituzioni un cenno di sostegno e consenso, ma anche di condivisione&#8221;.<\/em><\/p>\n<p>Da Venezia l&#8217;assessore Pan ha risposto con l&#8217;invito a scendere al palazzo regioanle.\u00a0 Il Presidente del distretto venatorio dell&#8217;Agordino, Alberto Colleselli con il gruppo cacciatori di Taibon Agordino, in testa il Presidente della Riserva del paese Luca Lena, ha quindi incontrato\u00a0 l&#8217;assessore Giuseppe Pan e il massimo dirigente caccia della Regione dottor Fregolent. Ai cacciatori \u00e8 stata assicurata massima diponibilit\u00e0 per tutelare il prezioso volontariato dei cacciatori agordini. L&#8217;incontro \u00e8 stato richiesto con dettagliata lettera a firma del Presidente Lena ed inviata al presidente della Regione, della Provincia e al sindaco di Taibon.<\/p>\n<p><a class=\"dt-pswp-item\" href=\"http:\/\/www.radiopiu.net\/wordpress\/wp-content\/uploads\/2019\/05\/8432900d-a510-47ed-9bea-8dbfb8ad63a2.jpg\" data-dt-img-description=\"\" data-large_image_width=\"1600\" data-large_image_height=\"1200\"><img loading=\"lazy\" decoding=\"async\" class=\"alignleft size-large wp-image-84312\" src=\"http:\/\/www.radiopiu.net\/wordpress\/wp-content\/uploads\/2019\/05\/8432900d-a510-47ed-9bea-8dbfb8ad63a2-1024x768.jpg\" alt=\"\" width=\"1024\" height=\"768\" srcset=\"https:\/\/www.radiopiu.net\/wordpress\/wp-content\/uploads\/2019\/05\/8432900d-a510-47ed-9bea-8dbfb8ad63a2-1024x768.jpg 1024w, https:\/\/www.radiopiu.net\/wordpress\/wp-content\/uploads\/2019\/05\/8432900d-a510-47ed-9bea-8dbfb8ad63a2-300x225.jpg 300w, https:\/\/www.radiopiu.net\/wordpress\/wp-content\/uploads\/2019\/05\/8432900d-a510-47ed-9bea-8dbfb8ad63a2-768x576.jpg 768w, https:\/\/www.radiopiu.net\/wordpress\/wp-content\/uploads\/2019\/05\/8432900d-a510-47ed-9bea-8dbfb8ad63a2.jpg 1600w\" sizes=\"auto, (max-width: 1024px) 100vw, 1024px\" \/><\/a><\/p>\n<p><strong>La Lettera<\/strong><\/p>\n<blockquote><p><em>&#8220;Alcune azioni denigratorie del nostro operato provenienti non solo dal mondo ambientale antagonista ma anche dai cittadini ci ha messo in difficolt\u00e0, ostacolando anche con azioni legali il nostro operato&#8221;.<\/em><\/p><\/blockquote>\n<p>Siamo i cacciatori della riserva alpina di Taibon, Comune particolarmente colpito da un devastante incendio boschivo e poi dall&#8217;alluvione Vaia di fine ottobre, con ingenti danni al patrimonio boschivo e dissesti di natura idrogeologica. Nostra consuetudine e tradizione \u00e8 di intervenire nell&#8217;ambiente con il ripristino di sentieri, sfalcio di prati e quanto puo&#8217; servire a supporto delle istituzioni e delle associazioni locali. Dopo i fatti accaduti il nostro contributo volontario sar\u00e0 sicuramente utile al recupero dei sentieri e dei percorsi turistici, fondamentali per lo sviluppo turistico del territorio. Il nostro apporto nella manutenzione del territorio, mai ostentato o propagandato, ma ritenuto doveroso, non sempre \u00e8 stato condiviso e valorizzato, anzi spesso \u00e8 stato ritenuto non di interesse per la comunit\u00e0. Noi riteniamo che il ripristino e pulizia dei sentieri esistenti sia fondamentale per il mantenimento degli stessi e per la sicurezza di chi ne usufruisce. In un contesto in cui il volontariato \u00e8 valorizzato a livello locale e regionale e la Protezione Civile in tutti i suoi aspetti preventivi che di intervento di emergenza \u00e8 riconosciuta indispensabile ed efficiente, noi riteniamo di dover partecipare attivamente nella stessa direzione ed obiettivo, anche se spesso come gi\u00e0 accennato non siamo apprezzati in quanto cacciatori, ma siamo abitanti di Taibon e partecipiamo all&#8217;attivit\u00e0 di Protezione Civile e recupero dell&#8217;ambiente. Ribadiamo che noi siamo in un comprensorio alpino di caccia previsto dalla legge in cui pi\u00f9 volte viene richiamato il rispetto delle consuetudini e tradizioni locali tra le quali l&#8217;attivit\u00e0 volontaria, non solo nell&#8217;assistenza della fauna in difficolt\u00e0 ma anche manutenzione dell&#8217;ambiente, \u00e8 un nostro pregio e segno distintivo ben radicato nella nostra Riserva Alpina di Caccia senza la quale il legame cacciatore-territorio verrebbe meno.<\/p>\n<p>&nbsp;<\/p>\n<h3><\/h3>\n<p>&nbsp;<\/p>\n","protected":false},"excerpt":{"rendered":"<p>I Cacciatori di Taibon chiedono aiuto alla Regione per poter operare sui sentieri danneggiati da Vaia, senza intralci, mnacce, denunce, richiesta danni DI GIANNI SANTOMASO &nbsp; TAIBON Con una lettera i cacciatori di Taibon hanno chiesto\u00a0 a Regione e Provincia se la loro attivit\u00e0 di volontariato nel territorio colpito dall&#8217;uragano Vaia lo scorso ottobre, pu\u00f2&hellip;<\/p>\n","protected":false},"author":1,"featured_media":84312,"comment_status":"closed","ping_status":"closed","sticky":false,"template":"","format":"standard","meta":{"_monsterinsights_skip_tracking":false,"_monsterinsights_sitenote_active":false,"_monsterinsights_sitenote_note":"","_monsterinsights_sitenote_category":0,"footnotes":""},"categories":[103,49],"tags":[],"class_list":["post-84331","post","type-post","status-publish","format-standard","has-post-thumbnail","hentry","category-evidenza_2","category-news-18","category-103","category-49","description-off"],"img_url":"https:\/\/www.radiopiu.net\/wordpress\/wp-content\/uploads\/2019\/05\/8432900d-a510-47ed-9bea-8dbfb8ad63a2.jpg","_links":{"self":[{"href":"https:\/\/www.radiopiu.net\/wordpress\/wp-json\/wp\/v2\/posts\/84331","targetHints":{"allow":["GET"]}}],"collection":[{"href":"https:\/\/www.radiopiu.net\/wordpress\/wp-json\/wp\/v2\/posts"}],"about":[{"href":"https:\/\/www.radiopiu.net\/wordpress\/wp-json\/wp\/v2\/types\/post"}],"author":[{"embeddable":true,"href":"https:\/\/www.radiopiu.net\/wordpress\/wp-json\/wp\/v2\/users\/1"}],"replies":[{"embeddable":true,"href":"https:\/\/www.radiopiu.net\/wordpress\/wp-json\/wp\/v2\/comments?post=84331"}],"version-history":[{"count":0,"href":"https:\/\/www.radiopiu.net\/wordpress\/wp-json\/wp\/v2\/posts\/84331\/revisions"}],"wp:featuredmedia":[{"embeddable":true,"href":"https:\/\/www.radiopiu.net\/wordpress\/wp-json\/wp\/v2\/media\/84312"}],"wp:attachment":[{"href":"https:\/\/www.radiopiu.net\/wordpress\/wp-json\/wp\/v2\/media?parent=84331"}],"wp:term":[{"taxonomy":"category","embeddable":true,"href":"https:\/\/www.radiopiu.net\/wordpress\/wp-json\/wp\/v2\/categories?post=84331"},{"taxonomy":"post_tag","embeddable":true,"href":"https:\/\/www.radiopiu.net\/wordpress\/wp-json\/wp\/v2\/tags?post=84331"}],"curies":[{"name":"wp","href":"https:\/\/api.w.org\/{rel}","templated":true}]}}