{"id":84498,"date":"2019-05-04T05:31:19","date_gmt":"2019-05-04T03:31:19","guid":{"rendered":"http:\/\/www.radiopiu.net\/wordpress\/?p=84498"},"modified":"2019-05-06T06:12:33","modified_gmt":"2019-05-06T04:12:33","slug":"maggio-1456-s-giovanni-battista-diventa-pieve-di-canale-dagordo","status":"publish","type":"post","link":"https:\/\/www.radiopiu.net\/wordpress\/maggio-1456-s-giovanni-battista-diventa-pieve-di-canale-dagordo\/","title":{"rendered":"4 MAGGIO 1456: S. GIOVANNI BATTISTA DIVENTA PIEVE DI CANALE D\u2019AGORDO"},"content":{"rendered":"<h3>DI RENATO BONA<\/h3>\n<blockquote>\n<h3><em>Il decreto di erezione fu firmato da Papa Callisto III<\/em><\/h3>\n<\/blockquote>\n<p style=\"text-align: center;\"><span style=\"color: #ff0000;\"><strong>4 MAGGIO 1456: S. GIOVANNI BATTISTA DIVENTA PIEVE DI CANALE D\u2019AGORDO<\/strong><\/span><\/p>\n<p><strong>CANALE D&#8217;AGORDO<\/strong> Che personaggio straordinario, lo storico agordino prof. don Ferdinando Tamis! Lo incontravo quando, ragazzino, ero tutti i giorni, festivi e non \u201cdrio \u2018l campan\u00ecl\u201d, sul sagrato tra il campanile e la cattedrale del Duomo di Belluno, per giocare a pallone, e lui era impegnato negli uffici della Curia vescovile dai quali scendeva per fumarsi un sigaro o leggere il breviario. Poi, da giornalista professionista, l\u2019ho conosciuto e stimato per la sua vasta produzione di testi storici ed ora che mi dedico per hobby alla scoperta e riscoperta di cose e persone bellunesi, apprezzo ancor pi\u00f9 la sua figura e la sua opera. L\u2019ultima \u201cchicca\u201d di Tamis in ordine di tempo, almeno per me, \u00e8 quella relativa alla Pieve di Canale d\u2019Agordo. Scriveva infatti il nostro in un libricino intitolato \u201cI nostri Santi\u201d, edito nel 1991quale \u201csussidio per il catechismo, l\u2019insegnamento della religione nella scuola e per il bollettino parrocchiale\u201d che il 4 maggio del 1456, qualcosa come cinquecentosessantatre anni fa, \u201cIl pontefice Callisto III firmava il decreto per l\u2019erezione della Pieve di Canale, l\u2019ultima pieve della diocesi di Belluno eretta con bolla pontificia secondo il diritto antico\u201d. E ricordava che \u201cle prime furono quelle del Duomo e di Agordo, poi vennero le pievi di Alpago e di Zoldo, Cadola, Sedico, Castion, Limana, San Gregorio, Sospirolo, Lavazzo\u201d mentre le altre parrocchie \u201csorsero per provvedimento vescovile\u201d. Il sito parrocchiacanaledagordo spiega che la parrocchia di San Giovanni Battista &#8211; arciprete \u00e8 il cadorino don Mariano Baldovin nato ad Auronzo il 23 luglio 1960 ed ordinato sacerdote il 16 maggio 1987 (il primo fu Antonio Fossa \u2020 di Belluno &#8211; 1\u00b0 Arciprete (dal 1731) 1711-1751) &#8211; fu fondata il 3 settembre 1458 e appartiene da sempre alla diocesi di Belluno-Feltre. \u00c8 sede del Vicariato Foraneo di Canale d\u2019Agordo dal 1703 al 29 giugno 2010 quando, insieme a quella di Rocca Pietore, \u00e8 stata conglobata nella Forania di Agordo. Wikipedia, a proposito della chiesa, scrive a sua volta: \u201cLa chiesa di San Giovanni Battista apparteneva alla pieve arcidiaconale di Agordo fino al 1458 quando fu eretta Pieve e in seguito arcipretura dal 1732. Opere di grande rilevanza sono l&#8217;altar maggiore di Andrea Brustolon (1696), l&#8217;organo di Gaetano Callido (1801) ed il rosone sulla facciata ad opera di Valentino Panciera Besarel\u201d . La stessa Enciclopedia libera precisa quindi: \u201cNon si conosce la data precisa della fondazione dell&#8217;antica cappella di San Giovanni. Il primo documento in cui \u00e8 nominata \u00e8 una pergamena del 1361 conservata presso l&#8217;Archivio parrocchiale di Cencenighe Agordino, in cui \u00e8 citata insieme alle cappelle del circuito del monte Celentone, ossia San Simon, San Tomaso e Sant&#8217;Antonio abate di Cencenighe. La cappella di Canale d&#8217;Agordo non compariva ancora nella bolla di papa Lucio III del 18 ottobre 1185, segno che probabilmente non era stata ancora edificata. La sua nascita si pu\u00f2 collocare tra il 1185 e il 1361, verosimilmente a cavallo tra il XIII secolo e il XIV secolo, quando anche le altre cappelle dell&#8217;Alto Agordino non menzionate nel documento pontificio \u2013 come ad esempio Rocca Pietore \u2013 cominciavano ad esercitare funzioni di succursali della Pieve di Agordo\u2026Possiamo tuttavia affermare con certezza che ben prima dell&#8217;erezione della Pieve (3 settembre 1458) nella cappella di San Giovanni si celebravano battesimi, matrimoni e funerali \u2013 forse fin dalla fine del Duecento o all&#8217;inizio del Trecento \u2013 e che nel sagrato della chiesa si cominciarono a seppellire i morti, in precedenza condotti a San Simon. D&#8217;altro canto la bolla di papa Callisto III, con cui il pontefice decretava l&#8217;istituzione della nuova pieve, dice espressamente che c&#8217;erano nello stesso territorio \u201cdue cappelle o chiese, una con il titolo di San Giovanni e l&#8217;altra con quello di San Simon (chiesa di San Simon), alle quali i capi famiglia e gli abitanti di entrambi i sessi del detto territorio (di Canale)\u201d si recavano \u201cad ascoltare la messa e gli altri divini uffici\u201d; inoltre essi erano soliti da molto tempo \u201cricevere i sacramenti e far battezzare i propri figli nella cappella di San Giovanni Battista\u201d come pure facevano allora, \u201cdal momento che la stessa pieve (di Agordo)\u201d costava \u201cdistare dalla loro zona sette miglia\u201d. Non \u00e8 noto l&#8217;anno della dedicazione della chiesa di San Giovanni, mentre si conosce il giorno, ossia il 10 agosto, festa di san Lorenzo martire, compatrono della pieve di Canale insieme a san Simone Apostolo. Di conseguenza le maggiori festivit\u00e0 celebrate erano tre: il 24 giugno, festa patronale di san Giovanni Battista, il 28 settembre, festa di san Simon e il 10 agosto festa di san Lorenzo martire\u201d. Non posso concludere questa rivisitazione della arcipretale di Canale d\u2019Agordo senza citare il collega ed amico \u201ccanalino\u201d Dario Fontanive, autore, fra tante pregevoli pubblicazioni, di un libretto intitolato \u201cLa Pieve di Canale d\u2019Agordo\u201d al quale ha collaborato Rizzieri Luciani, stampato da Edizioni turismo veneto nel giugno del 1994: una sessantina di pagine (copertina con panoramica della chiesa e \u201cmedaglione\u201d di Papa Luciani che era nato proprio a Canale d\u2019Agordo e qui fu battezzato) con oltre sessanta immagini per proporre una sintetica storia del paese, della comunit\u00e0, della sua chiesa, dei tesori della vicina Vallada, delle sue opere d\u2019arte, di Albino Luciani \u201cil papa bellunese del sorriso\u201d.<\/p>\n<p>NELLE FOTO (Wi kipedia, Dario Fontanive, Parrocchia di Canale d\u2019Agordo): la copertina della pubblicazione sulla Pieve; Papa Callisto III; il San Giovanni Battista che era sul fonte battesimale; interno dell\u2019edificio sacro: il tabernacolo del Brustolon; l\u2019organo Callido; la predica di San Giovanni Battista, opera del Longo; Via crucis del Rovisi; l\u2019altare di Dante Moro; il rosone del Besarel; lo storico agordino prof. don Ferdinando Tamis.<\/p>\n\n\t\t\t<style type='text\/css'>\n\t\t\t\t#gallery-1 {\n\t\t\t\t\tmargin: auto;\n\t\t\t\t}\n\t\t\t\t#gallery-1 .gallery-item {\n\t\t\t\t\tfloat: left;\n\t\t\t\t\tmargin-top: 10px;\n\t\t\t\t\ttext-align: center;\n\t\t\t\t\twidth: 33%;\n\t\t\t\t}\n\t\t\t\t#gallery-1 img {\n\t\t\t\t\tborder: 2px solid #cfcfcf;\n\t\t\t\t}\n\t\t\t\t#gallery-1 .gallery-caption {\n\t\t\t\t\tmargin-left: 0;\n\t\t\t\t}\n\t\t\t\t\/* see gallery_shortcode() in wp-includes\/media.php *\/\n\t\t\t<\/style>\n\t\t<div id='gallery-1' class='dt-gallery-container gallery galleryid-84498 gallery-columns-3 gallery-size-thumbnail'><dl class='gallery-item'>\n\t\t\t\t<dt class='gallery-icon landscape'>\n\t\t\t\t\t<a class=\"rollover\" href='https:\/\/www.radiopiu.net\/wordpress\/maggio-1456-s-giovanni-battista-diventa-pieve-di-canale-dagordo\/59861028_1050552811812677_5127344731197538304_n\/'><img loading=\"lazy\" decoding=\"async\" width=\"150\" height=\"150\" src=\"https:\/\/www.radiopiu.net\/wordpress\/wp-content\/uploads\/2019\/05\/59861028_1050552811812677_5127344731197538304_n-150x150.jpg\" class=\"attachment-thumbnail size-thumbnail\" alt=\"\" \/><\/a>\n\t\t\t\t<\/dt><\/dl><dl class='gallery-item'>\n\t\t\t\t<dt class='gallery-icon portrait'>\n\t\t\t\t\t<a class=\"rollover\" href='https:\/\/www.radiopiu.net\/wordpress\/maggio-1456-s-giovanni-battista-diventa-pieve-di-canale-dagordo\/58905970_1585320268277980_5181168818969378816_n\/'><img loading=\"lazy\" decoding=\"async\" width=\"150\" height=\"150\" src=\"https:\/\/www.radiopiu.net\/wordpress\/wp-content\/uploads\/2019\/05\/58905970_1585320268277980_5181168818969378816_n-150x150.jpg\" class=\"attachment-thumbnail size-thumbnail\" alt=\"\" \/><\/a>\n\t\t\t\t<\/dt><\/dl><dl class='gallery-item'>\n\t\t\t\t<dt class='gallery-icon portrait'>\n\t\t\t\t\t<a class=\"rollover\" href='https:\/\/www.radiopiu.net\/wordpress\/maggio-1456-s-giovanni-battista-diventa-pieve-di-canale-dagordo\/59701014_397175041132708_4954709405498081280_n\/'><img loading=\"lazy\" decoding=\"async\" width=\"150\" height=\"150\" src=\"https:\/\/www.radiopiu.net\/wordpress\/wp-content\/uploads\/2019\/05\/59701014_397175041132708_4954709405498081280_n-150x150.jpg\" class=\"attachment-thumbnail size-thumbnail\" alt=\"\" \/><\/a>\n\t\t\t\t<\/dt><\/dl><br style=\"clear: both\" \/><dl class='gallery-item'>\n\t\t\t\t<dt class='gallery-icon landscape'>\n\t\t\t\t\t<a class=\"rollover\" href='https:\/\/www.radiopiu.net\/wordpress\/maggio-1456-s-giovanni-battista-diventa-pieve-di-canale-dagordo\/59243988_392180181374141_2154472345769607168_n\/'><img loading=\"lazy\" decoding=\"async\" width=\"150\" height=\"150\" src=\"https:\/\/www.radiopiu.net\/wordpress\/wp-content\/uploads\/2019\/05\/59243988_392180181374141_2154472345769607168_n-150x150.jpg\" class=\"attachment-thumbnail size-thumbnail\" alt=\"\" \/><\/a>\n\t\t\t\t<\/dt><\/dl><dl class='gallery-item'>\n\t\t\t\t<dt class='gallery-icon portrait'>\n\t\t\t\t\t<a class=\"rollover\" href='https:\/\/www.radiopiu.net\/wordpress\/maggio-1456-s-giovanni-battista-diventa-pieve-di-canale-dagordo\/59534800_2273139036347353_1303878300707323904_n\/'><img loading=\"lazy\" decoding=\"async\" width=\"150\" height=\"150\" src=\"https:\/\/www.radiopiu.net\/wordpress\/wp-content\/uploads\/2019\/05\/59534800_2273139036347353_1303878300707323904_n-150x150.jpg\" class=\"attachment-thumbnail size-thumbnail\" alt=\"\" \/><\/a>\n\t\t\t\t<\/dt><\/dl><dl class='gallery-item'>\n\t\t\t\t<dt class='gallery-icon portrait'>\n\t\t\t\t\t<a class=\"rollover\" href='https:\/\/www.radiopiu.net\/wordpress\/maggio-1456-s-giovanni-battista-diventa-pieve-di-canale-dagordo\/59178050_881554045522959_6435035717323194368_n\/'><img loading=\"lazy\" decoding=\"async\" width=\"150\" height=\"150\" src=\"https:\/\/www.radiopiu.net\/wordpress\/wp-content\/uploads\/2019\/05\/59178050_881554045522959_6435035717323194368_n-150x150.jpg\" class=\"attachment-thumbnail size-thumbnail\" alt=\"\" \/><\/a>\n\t\t\t\t<\/dt><\/dl><br style=\"clear: both\" \/><dl class='gallery-item'>\n\t\t\t\t<dt class='gallery-icon landscape'>\n\t\t\t\t\t<a class=\"rollover\" href='https:\/\/www.radiopiu.net\/wordpress\/maggio-1456-s-giovanni-battista-diventa-pieve-di-canale-dagordo\/59361349_1261017770720991_6904509993924427776_n\/'><img loading=\"lazy\" decoding=\"async\" width=\"150\" height=\"150\" src=\"https:\/\/www.radiopiu.net\/wordpress\/wp-content\/uploads\/2019\/05\/59361349_1261017770720991_6904509993924427776_n-150x150.jpg\" class=\"attachment-thumbnail size-thumbnail\" alt=\"\" \/><\/a>\n\t\t\t\t<\/dt><\/dl><dl class='gallery-item'>\n\t\t\t\t<dt class='gallery-icon portrait'>\n\t\t\t\t\t<a class=\"rollover\" href='https:\/\/www.radiopiu.net\/wordpress\/maggio-1456-s-giovanni-battista-diventa-pieve-di-canale-dagordo\/59306044_297418484484567_2588561142733340672_n\/'><img loading=\"lazy\" decoding=\"async\" width=\"150\" height=\"150\" src=\"https:\/\/www.radiopiu.net\/wordpress\/wp-content\/uploads\/2019\/05\/59306044_297418484484567_2588561142733340672_n-150x150.jpg\" class=\"attachment-thumbnail size-thumbnail\" alt=\"\" \/><\/a>\n\t\t\t\t<\/dt><\/dl><dl class='gallery-item'>\n\t\t\t\t<dt class='gallery-icon portrait'>\n\t\t\t\t\t<a class=\"rollover\" href='https:\/\/www.radiopiu.net\/wordpress\/maggio-1456-s-giovanni-battista-diventa-pieve-di-canale-dagordo\/58842464_312654639631571_7342077800297267200_n\/'><img loading=\"lazy\" decoding=\"async\" width=\"150\" height=\"150\" src=\"https:\/\/www.radiopiu.net\/wordpress\/wp-content\/uploads\/2019\/05\/58842464_312654639631571_7342077800297267200_n-150x150.png\" class=\"attachment-thumbnail size-thumbnail\" alt=\"\" \/><\/a>\n\t\t\t\t<\/dt><\/dl><br style=\"clear: both\" \/><dl class='gallery-item'>\n\t\t\t\t<dt class='gallery-icon portrait'>\n\t\t\t\t\t<a class=\"rollover\" href='https:\/\/www.radiopiu.net\/wordpress\/maggio-1456-s-giovanni-battista-diventa-pieve-di-canale-dagordo\/59587030_1431920490281545_4910073335104143360_n\/'><img loading=\"lazy\" decoding=\"async\" width=\"150\" height=\"150\" src=\"https:\/\/www.radiopiu.net\/wordpress\/wp-content\/uploads\/2019\/05\/59587030_1431920490281545_4910073335104143360_n-150x150.jpg\" class=\"attachment-thumbnail size-thumbnail\" alt=\"\" \/><\/a>\n\t\t\t\t<\/dt><\/dl>\n\t\t\t\t<br style='clear: both' \/>\n\t\t\t<\/div>\n\n","protected":false},"excerpt":{"rendered":"<p>DI RENATO BONA Il decreto di erezione fu firmato da Papa Callisto III 4 MAGGIO 1456: S. GIOVANNI BATTISTA DIVENTA PIEVE DI CANALE D\u2019AGORDO CANALE D&#8217;AGORDO Che personaggio straordinario, lo storico agordino prof. don Ferdinando Tamis! Lo incontravo quando, ragazzino, ero tutti i giorni, festivi e non \u201cdrio \u2018l campan\u00ecl\u201d, sul sagrato tra il campanile&hellip;<\/p>\n","protected":false},"author":1,"featured_media":84502,"comment_status":"closed","ping_status":"closed","sticky":false,"template":"","format":"standard","meta":{"_monsterinsights_skip_tracking":false,"_monsterinsights_sitenote_active":false,"_monsterinsights_sitenote_note":"","_monsterinsights_sitenote_category":0,"footnotes":""},"categories":[103,49],"tags":[],"class_list":["post-84498","post","type-post","status-publish","format-standard","has-post-thumbnail","hentry","category-evidenza_2","category-news-18","category-103","category-49","description-off"],"img_url":"https:\/\/www.radiopiu.net\/wordpress\/wp-content\/uploads\/2019\/05\/59587030_1431920490281545_4910073335104143360_n.jpg","_links":{"self":[{"href":"https:\/\/www.radiopiu.net\/wordpress\/wp-json\/wp\/v2\/posts\/84498","targetHints":{"allow":["GET"]}}],"collection":[{"href":"https:\/\/www.radiopiu.net\/wordpress\/wp-json\/wp\/v2\/posts"}],"about":[{"href":"https:\/\/www.radiopiu.net\/wordpress\/wp-json\/wp\/v2\/types\/post"}],"author":[{"embeddable":true,"href":"https:\/\/www.radiopiu.net\/wordpress\/wp-json\/wp\/v2\/users\/1"}],"replies":[{"embeddable":true,"href":"https:\/\/www.radiopiu.net\/wordpress\/wp-json\/wp\/v2\/comments?post=84498"}],"version-history":[{"count":0,"href":"https:\/\/www.radiopiu.net\/wordpress\/wp-json\/wp\/v2\/posts\/84498\/revisions"}],"wp:featuredmedia":[{"embeddable":true,"href":"https:\/\/www.radiopiu.net\/wordpress\/wp-json\/wp\/v2\/media\/84502"}],"wp:attachment":[{"href":"https:\/\/www.radiopiu.net\/wordpress\/wp-json\/wp\/v2\/media?parent=84498"}],"wp:term":[{"taxonomy":"category","embeddable":true,"href":"https:\/\/www.radiopiu.net\/wordpress\/wp-json\/wp\/v2\/categories?post=84498"},{"taxonomy":"post_tag","embeddable":true,"href":"https:\/\/www.radiopiu.net\/wordpress\/wp-json\/wp\/v2\/tags?post=84498"}],"curies":[{"name":"wp","href":"https:\/\/api.w.org\/{rel}","templated":true}]}}