{"id":84514,"date":"2019-05-06T06:10:01","date_gmt":"2019-05-06T04:10:01","guid":{"rendered":"http:\/\/www.radiopiu.net\/wordpress\/?p=84514"},"modified":"2019-05-08T06:13:40","modified_gmt":"2019-05-08T04:13:40","slug":"marco-tormen-abbraccia-i-suoi-tifosi-a-voltago-nel-garage-di-casa","status":"publish","type":"post","link":"https:\/\/www.radiopiu.net\/wordpress\/marco-tormen-abbraccia-i-suoi-tifosi-a-voltago-nel-garage-di-casa\/","title":{"rendered":"MARCO TORMEN ABBRACCIA I SUOI TIFOSI, A VOLTAGO NEL GARAGE DI CASA"},"content":{"rendered":"<h2>Il pilota di kart Tormen<br \/>\nincontra i suoi tifosi<\/h2>\n<p><strong>di GIANNI SANTOMASO<\/strong><\/p>\n<p><strong><a class=\"dt-pswp-item\" href=\"http:\/\/www.radiopiu.net\/wordpress\/wp-content\/uploads\/2018\/12\/TORMEN-2.jpg\" data-dt-img-description=\"\" data-large_image_width=\"4000\" data-large_image_height=\"6016\"><img loading=\"lazy\" decoding=\"async\" class=\"alignleft size-thumbnail wp-image-68229\" src=\"http:\/\/www.radiopiu.net\/wordpress\/wp-content\/uploads\/2018\/12\/TORMEN-2-150x150.jpg\" alt=\"\" width=\"150\" height=\"150\" \/><\/a>VOLTAGO.<\/strong> Oggi dalle 14 nel suo garage di Voltago lungo la strada del Passo Cereda, Marco Tormen incontrer\u00e0 i tifosi prima di iniziare la stagione 2019 a bordo del suo kart. Una stagione importante per il pilota agordino che, dal 12 maggio prossimo, parteciper\u00e0 al campionato italiano karting KZ2, ma che si cimenter\u00e0 pure nel campionato europeo sul circuito internazionale di Napoli (Sarno, Sa) e in quello internazionale che, quest&#8217;anno, andr\u00e0 di scena sul circuito di Lonato del Garda, in provincia di Brescia. Oggi a Voltago ci sar\u00e0 in esposizione il mezzo per chi vorr\u00e0, ci sar\u00e0 la possibilit\u00e0 di provare il simulatore di guida di Formula 1, oltre che un ricco buffet. Ma soprattutto si potr\u00e0 chiacchierare con il pilota. Marco Tormen ha iniziato la carriera nel 2004, seguendo le orme del fratello Luca (gi\u00e0 nel settore dal 2009) e incentivato dal pap\u00e0 Massimo e dal meccanico Dino Pastro.\u00abLi seguivo su tutti i circuiti e mi sono appassionato\u00bb, racconta Marco, \u00abfinch\u00e9 mio pap\u00e0 decise di farmi provare il kart 50cc\u00bb. Da allora ha preso il via una carriera che ha riservato a Marco Tormen e a tutto il team agordino tante soddisfazioni. Per vari problemi il 2018 non \u00e8 stato un anno brillante, motivo per cui Tormen ha tutte le intenzioni di rifarsi, aiutato dalla bravura meccanica del fratello Luca, nel corso della nuova stagione, sin dal primo appuntamento del 12 maggio a Castelletto di Branduzzo in provincia di Pavia.<\/p>\n<p><strong>L&#8217;INTERVISTA ALLA RADIO<\/strong><\/p>\n<audio class=\"wp-audio-shortcode\" id=\"audio-84514-1\" preload=\"none\" style=\"width: 100%;\" controls=\"controls\"><source type=\"audio\/mpeg\" src=\"http:\/\/www.radiopiu.net\/wordpress\/wp-content\/uploads\/2019\/05\/MARCO-TORMEN.mp3?_=1\" \/><a href=\"http:\/\/www.radiopiu.net\/wordpress\/wp-content\/uploads\/2019\/05\/MARCO-TORMEN.mp3\">http:\/\/www.radiopiu.net\/wordpress\/wp-content\/uploads\/2019\/05\/MARCO-TORMEN.mp3<\/a><\/audio>\n<p>&nbsp;<\/p>\n<p>&nbsp;<\/p>\n","protected":false},"excerpt":{"rendered":"<p>Il pilota di kart Tormen incontra i suoi tifosi di GIANNI SANTOMASO VOLTAGO. Oggi dalle 14 nel suo garage di Voltago lungo la strada del Passo Cereda, Marco Tormen incontrer\u00e0 i tifosi prima di iniziare la stagione 2019 a bordo del suo kart. Una stagione importante per il pilota agordino che, dal 12 maggio prossimo,&hellip;<\/p>\n","protected":false},"author":1,"featured_media":0,"comment_status":"closed","ping_status":"closed","sticky":false,"template":"","format":"standard","meta":{"_monsterinsights_skip_tracking":false,"_monsterinsights_sitenote_active":false,"_monsterinsights_sitenote_note":"","_monsterinsights_sitenote_category":0,"footnotes":""},"categories":[1,103,49],"tags":[],"class_list":["post-84514","post","type-post","status-publish","format-standard","hentry","category-senza-categoria","category-evidenza_2","category-news-18","category-1","category-103","category-49","description-off"],"img_url":false,"_links":{"self":[{"href":"https:\/\/www.radiopiu.net\/wordpress\/wp-json\/wp\/v2\/posts\/84514","targetHints":{"allow":["GET"]}}],"collection":[{"href":"https:\/\/www.radiopiu.net\/wordpress\/wp-json\/wp\/v2\/posts"}],"about":[{"href":"https:\/\/www.radiopiu.net\/wordpress\/wp-json\/wp\/v2\/types\/post"}],"author":[{"embeddable":true,"href":"https:\/\/www.radiopiu.net\/wordpress\/wp-json\/wp\/v2\/users\/1"}],"replies":[{"embeddable":true,"href":"https:\/\/www.radiopiu.net\/wordpress\/wp-json\/wp\/v2\/comments?post=84514"}],"version-history":[{"count":0,"href":"https:\/\/www.radiopiu.net\/wordpress\/wp-json\/wp\/v2\/posts\/84514\/revisions"}],"wp:attachment":[{"href":"https:\/\/www.radiopiu.net\/wordpress\/wp-json\/wp\/v2\/media?parent=84514"}],"wp:term":[{"taxonomy":"category","embeddable":true,"href":"https:\/\/www.radiopiu.net\/wordpress\/wp-json\/wp\/v2\/categories?post=84514"},{"taxonomy":"post_tag","embeddable":true,"href":"https:\/\/www.radiopiu.net\/wordpress\/wp-json\/wp\/v2\/tags?post=84514"}],"curies":[{"name":"wp","href":"https:\/\/api.w.org\/{rel}","templated":true}]}}