{"id":84572,"date":"2019-05-06T06:06:06","date_gmt":"2019-05-06T04:06:06","guid":{"rendered":"http:\/\/www.radiopiu.net\/wordpress\/?p=84572"},"modified":"2019-05-06T12:00:36","modified_gmt":"2019-05-06T10:00:36","slug":"giornale-radiopiu-06-maggio-2019-direttore-mirko-mezzacasa","status":"publish","type":"post","link":"https:\/\/www.radiopiu.net\/wordpress\/giornale-radiopiu-06-maggio-2019-direttore-mirko-mezzacasa\/","title":{"rendered":"GIORNALE RADIOPIU 06 MAGGIO 2019 DIRETTORE MIRKO MEZZACASA"},"content":{"rendered":"<p>&nbsp;<\/p>\n<p><strong>Il fine settimana nella bufera<\/strong> \u00e8 trascorso tra black out, strade chiuse, alberi sui cavi delle linee elettriche, macchine prive di catene fermate a bordo strada e automobilisti multati, protezione civile al lavoro per monitorare frane e smottamenti sia sopra l&#8217;autostrada A 27 che a Borsoi. Particolarmente colpite le zone dell&#8217;Alpago e Nevegal. Ieri pomeriggio i vigili del fuoco avevano gi\u00e0 contato 20 uscite. Danni in tutto il Veneto, in attesa del censimento che i sindaci effettueranno, il Presidente del Veneto ha disposto che gli uffici regionali avviino l\u2019istruttoria per la dichiarazione dello stato di emergenza per i danni subiti dai Comuni colpiti dal maltempo. <strong>Alla Wanbaoo<\/strong> sono di nuovi brutti giorni, i sindacati non nascondono la preoccupazione dopo una mancata acquisizione che rischierebbe di aumentare il peso della concorrenza &#8220;rischiamo l&#8217;inesorabile declino&#8221; dicono i sindacalisti.<strong> Finalmente la risposta alla sfida<\/strong> Doglioni-Simoniato, oggi a Belluno si elegge il presidente Ascom, due i candidati, l&#8217;uscente Paolo Doglioni e il nuovo Massimo Simoniato che in queste settimane si sono dati battaglia senza risparmiasi colpi da scontro, oggi la resa dei conti.<strong> Grande Festa ieri a San Tomaso<\/strong> nel giorno dei cacciatori il resoconto dei danni di Vaia, risparmiati gli animali dei martoriati boschi, l&#8217;impegno del volontariato e la richiesta di allungare il prossimo calendario. <strong>L&#8217;assemblea Auser<\/strong> a Gosaldo, il presidente Valter Todesco ha presentato bilancio e programmi, associazione sana e soci in aumento.<strong> Marco Tormen<\/strong> il pilota di kart di Voltago ha incontrato i suoi fans in una festa tra trofei, simulatori, racconti e progetti.<strong> Ad Agordo<\/strong> in Unione montana altri 2700 euro portati dall&#8217;associazione di Carbonera e per la ricostruzione anche un escavatore <strong>per San Tomaso,<\/strong> consegnato ieri dagli amici di Caerano San Marco saliti in Agordino con un pullman per la consegna.<\/p>\n<p>foto copertina, auto travolta da alberi e neve a GOSALDO intervento dei vigili del fuoco di AGORDO<\/p>\n<p>&nbsp;<\/p>\n<p>&nbsp;<\/p>\n<h2>LA FOTO DEL GIORNO, IERI A LASTE DI ROCCA PIETORE<\/h2>\n<p><a class=\"dt-pswp-item\" href=\"http:\/\/www.radiopiu.net\/wordpress\/wp-content\/uploads\/2019\/05\/18cf18e7-41ac-42cb-a585-075d06e0a20e-1.jpg\" data-dt-img-description=\"\" data-large_image_width=\"1600\" data-large_image_height=\"1200\"><img loading=\"lazy\" decoding=\"async\" class=\"wp-image-84657 aligncenter\" src=\"http:\/\/www.radiopiu.net\/wordpress\/wp-content\/uploads\/2019\/05\/18cf18e7-41ac-42cb-a585-075d06e0a20e-1.jpg\" alt=\"\" width=\"478\" height=\"359\" srcset=\"https:\/\/www.radiopiu.net\/wordpress\/wp-content\/uploads\/2019\/05\/18cf18e7-41ac-42cb-a585-075d06e0a20e-1.jpg 1600w, https:\/\/www.radiopiu.net\/wordpress\/wp-content\/uploads\/2019\/05\/18cf18e7-41ac-42cb-a585-075d06e0a20e-1-300x225.jpg 300w, https:\/\/www.radiopiu.net\/wordpress\/wp-content\/uploads\/2019\/05\/18cf18e7-41ac-42cb-a585-075d06e0a20e-1-768x576.jpg 768w, https:\/\/www.radiopiu.net\/wordpress\/wp-content\/uploads\/2019\/05\/18cf18e7-41ac-42cb-a585-075d06e0a20e-1-1024x768.jpg 1024w\" sizes=\"auto, (max-width: 478px) 100vw, 478px\" \/><\/a><\/p>\n<p>&nbsp;<\/p>\n<h2><\/h2>\n<blockquote>\n<h2><\/h2>\n<\/blockquote>\n<h2><\/h2>\n<h2>CACCIATORI SOTTO LA NEVE, FESTA RIUSCITA<\/h2>\n<p><strong><a class=\"dt-pswp-item\" href=\"http:\/\/www.radiopiu.net\/wordpress\/wp-content\/uploads\/2019\/05\/WhatsApp-Image-2019-05-05-at-11.03.21.jpeg\" data-dt-img-description=\"\" data-large_image_width=\"1599\" data-large_image_height=\"799\"><img loading=\"lazy\" decoding=\"async\" class=\"alignleft size-thumbnail wp-image-84574\" src=\"http:\/\/www.radiopiu.net\/wordpress\/wp-content\/uploads\/2019\/05\/WhatsApp-Image-2019-05-05-at-11.03.21-150x150.jpeg\" alt=\"\" width=\"150\" height=\"150\" \/><\/a>SAN TOMASO<\/strong> La neve non ha fermato l&#8217;entusiasmo dei cacciatori dell&#8217;Agordino e non solo,\u00a0 e in tanti si sono ritrovati per l&#8217;annuale festa del Distretto Venatorio Agordino. Altra location, l&#8217;Arena 1082 in localit\u00e0 Pian di San Tomaso dopo le precedenti edizioni al Nof Fil\u00f2 di Cencenighe. Arrivare a San Tomaso imbiancato dalla neve non \u00e8 stato difficile per nessuno, nemmeno per un pullman in arrivo da Caerano San Marco con a bordo quel gruppo di volontari che ha raccolto del denaro per il paese alluvionato donando un escavatore, consegnato nell&#8217;ambito della festa. La festa al caldo, dentro L&#8217;arena ben addobbata e con un comitato d&#8217;accoglienza degno dell&#8217;evento con le ragazze avvolte nei costumi tipici. In esposizione i trofei dei cacciatori, la ricostruzione di un parco con la sua flora e fauna, delizia per i pi\u00f9 piccoli. Immancabili i corner con prodotti tipici, attrezzatura, giochi e poi le cucine e il bancone dove l&#8217;organizzazione ha calato l&#8217;asso del volontariato, quello genuino. Sul palco il sindaco Moreno De Val con i colleghi Michele Costa e Bruno Zanvit a fare gli onori di casa, sotto la frasca la sua avversaria alle elezioni Katia Veneri a spinare la birra. Gran cerimoniere il presidente del distretto Alberto Colleselli introdotto dal suono del corno. Nel suo intervento il presidente ha ringraziato Franco Bon in rappresentanza della Provincia e poi ha ricordato<\/p>\n<blockquote><p><em>&#8220;I giorni di Vaia e i conseguenti provvedimenti per i cacciatori che hanno vissuto una stagione limitata, ma nessuno si \u00e8 tirato indietro quan<\/em><em>do c&#8217;era da lavorare anche se c&#8217;\u00e8 gente che parla a vanvera. Siamo a disposizione per la ricostruzione come ha detto il parroco in chiesa vogliamo partecipare ad essere custodi dell&#8217;ambiente. Non siamo i soli ma ci siamo anche noi\u00a0 e andiamo rispettati non\u00a0 contrastrati o puniti da personaggi poco credibili&#8221;.<\/em><\/p><\/blockquote>\n<audio class=\"wp-audio-shortcode\" id=\"audio-84572-1\" preload=\"none\" style=\"width: 100%;\" controls=\"controls\"><source type=\"audio\/mpeg\" src=\"http:\/\/www.radiopiu.net\/wordpress\/wp-content\/uploads\/2019\/05\/COLLESELLI.mp3?_=1\" \/><a href=\"http:\/\/www.radiopiu.net\/wordpress\/wp-content\/uploads\/2019\/05\/COLLESELLI.mp3\">http:\/\/www.radiopiu.net\/wordpress\/wp-content\/uploads\/2019\/05\/COLLESELLI.mp3<\/a><\/audio>\n<p>&nbsp;<\/p>\n<blockquote><p><strong>Questi i cacciatori anziani premiati:\u00a0 65 anni di licenza: <\/strong>Vincenzo Ben, Ferruccio Gaz, Carlo Lodi. Per i 60 anni: Armando Don\u00e0, Ewald Lezuo, Giuseppe Malacrea. Per i 55 anni: Fulvio De Col, Celeste De Nardin, Renato Laveder, Remis Manfroi, Giovanni Martini, Mario Ren, Silvano Zasso. Per i 51 anni: Luciano Groppa, Elvio Manfroi. Per i 50 anni: Ermenegildo Lorenzini, Italo Dalmazio Soppelsa.<\/p><\/blockquote>\n<p>&nbsp;<\/p>\n<p><strong>VIDEO INTRODUZIONE DELLA GIORNATA\u00a0 (facebook)<\/strong><\/p>\n<div id=\"fb-root\"><\/div>\n<p><script async=\"1\" defer=\"1\" crossorigin=\"anonymous\" src=\"https:\/\/connect.facebook.net\/it_IT\/sdk.js#xfbml=1&amp;version=v6.0\"><\/script><\/p>\n<div class=\"fb-video\" data-href=\"https:\/\/www.facebook.com\/mirko.mezzacasa\/videos\/10219632197542338\/\" data-width=\"1200\">\n<blockquote cite=\"https:\/\/www.facebook.com\/mirko.mezzacasa\/videos\/10219632197542338\/\" class=\"fb-xfbml-parse-ignore\"><p><a href=\"https:\/\/www.facebook.com\/mirko.mezzacasa\/videos\/10219632197542338\/\"><\/a><\/p>\n<p>A San Tomaso sotto la neve Festa Cacciatori Distretto Venatorio Agordino<\/p>\n<p>Pubblicato da <a href=\"https:\/\/www.facebook.com\/mirko.mezzacasa\">Mirko Mezzacasa<\/a> su Domenica 5 maggio 2019<\/p><\/blockquote>\n<\/div>\n<p><strong>FOTO\u00a0<\/strong><\/p>\n<p><a class=\"dt-pswp-item\" href=\"http:\/\/www.radiopiu.net\/wordpress\/wp-content\/uploads\/2019\/05\/WhatsApp-Image-2019-05-05-at-11.03.14.jpeg\" data-dt-img-description=\"\" data-large_image_width=\"1599\" data-large_image_height=\"799\"><img loading=\"lazy\" decoding=\"async\" class=\"alignleft size-thumbnail wp-image-84573\" src=\"http:\/\/www.radiopiu.net\/wordpress\/wp-content\/uploads\/2019\/05\/WhatsApp-Image-2019-05-05-at-11.03.14-150x150.jpeg\" alt=\"\" width=\"150\" height=\"150\" \/><\/a><a class=\"dt-pswp-item\" href=\"http:\/\/www.radiopiu.net\/wordpress\/wp-content\/uploads\/2019\/05\/WhatsApp-Image-2019-05-05-at-11.03.21.jpeg\" data-dt-img-description=\"\" data-large_image_width=\"1599\" data-large_image_height=\"799\"><img loading=\"lazy\" decoding=\"async\" class=\"alignleft size-thumbnail wp-image-84574\" src=\"http:\/\/www.radiopiu.net\/wordpress\/wp-content\/uploads\/2019\/05\/WhatsApp-Image-2019-05-05-at-11.03.21-150x150.jpeg\" alt=\"\" width=\"150\" height=\"150\" \/><\/a><a class=\"dt-pswp-item\" href=\"http:\/\/www.radiopiu.net\/wordpress\/wp-content\/uploads\/2019\/05\/WhatsApp-Image-2019-05-05-at-11.03.29.jpeg\" data-dt-img-description=\"\" data-large_image_width=\"1599\" data-large_image_height=\"799\"><img loading=\"lazy\" decoding=\"async\" class=\"alignleft size-thumbnail wp-image-84575\" src=\"http:\/\/www.radiopiu.net\/wordpress\/wp-content\/uploads\/2019\/05\/WhatsApp-Image-2019-05-05-at-11.03.29-150x150.jpeg\" alt=\"\" width=\"150\" height=\"150\" \/><\/a><a class=\"dt-pswp-item\" href=\"http:\/\/www.radiopiu.net\/wordpress\/wp-content\/uploads\/2019\/05\/WhatsApp-Image-2019-05-05-at-11.03.48.jpeg\" data-dt-img-description=\"\" data-large_image_width=\"1599\" data-large_image_height=\"799\"><img loading=\"lazy\" decoding=\"async\" class=\"alignleft size-thumbnail wp-image-84576\" src=\"http:\/\/www.radiopiu.net\/wordpress\/wp-content\/uploads\/2019\/05\/WhatsApp-Image-2019-05-05-at-11.03.48-150x150.jpeg\" alt=\"\" width=\"150\" height=\"150\" \/><\/a><a class=\"dt-pswp-item\" href=\"http:\/\/www.radiopiu.net\/wordpress\/wp-content\/uploads\/2019\/05\/WhatsApp-Image-2019-05-05-at-11.04.20.jpeg\" data-dt-img-description=\"\" data-large_image_width=\"1599\" data-large_image_height=\"799\"><img loading=\"lazy\" decoding=\"async\" class=\"alignleft size-thumbnail wp-image-84578\" src=\"http:\/\/www.radiopiu.net\/wordpress\/wp-content\/uploads\/2019\/05\/WhatsApp-Image-2019-05-05-at-11.04.20-150x150.jpeg\" alt=\"\" width=\"150\" height=\"150\" \/><\/a><a class=\"dt-pswp-item\" href=\"http:\/\/www.radiopiu.net\/wordpress\/wp-content\/uploads\/2019\/05\/WhatsApp-Image-2019-05-05-at-11.04.28.jpeg\" data-dt-img-description=\"\" data-large_image_width=\"1599\" data-large_image_height=\"799\"><img loading=\"lazy\" decoding=\"async\" class=\"alignleft size-thumbnail wp-image-84579\" src=\"http:\/\/www.radiopiu.net\/wordpress\/wp-content\/uploads\/2019\/05\/WhatsApp-Image-2019-05-05-at-11.04.28-150x150.jpeg\" alt=\"\" width=\"150\" height=\"150\" \/><\/a><\/p>\n<p>&nbsp;<\/p>\n<div class=\"page-title-head hgroup\">\n<h1><\/h1>\n<h1><\/h1>\n<h1><\/h1>\n<\/div>\n<h1><\/h1>\n<p>&nbsp;<\/p>\n<p>&nbsp;<\/p>\n<p>&nbsp;<\/p>\n<p>&nbsp;<\/p>\n<p>&nbsp;<\/p>\n<blockquote><p><strong><em>IL SINDACO MORENO DE VAL<\/em><\/strong><\/p>\n<p><strong><em>&#8220;Ieri pro loco e gruppo alpini di Caerano S Marco e il sign.Poloniato titolare d&#8217;impresa di Autogru quello che ha montato il viadotto in tangenziale ci han regalato questo escavatore del valore di oltre 40 mila euro evento post vaia&#8221;<\/em><\/strong><\/p><\/blockquote>\n<p><a class=\"dt-pswp-item\" href=\"http:\/\/www.radiopiu.net\/wordpress\/wp-content\/uploads\/2019\/05\/WhatsApp-Image-2019-05-06-at-07.13.40.jpeg\" data-dt-img-description=\"\" data-large_image_width=\"1600\" data-large_image_height=\"1200\"><img loading=\"lazy\" decoding=\"async\" class=\"alignleft wp-image-84680 size-medium\" src=\"http:\/\/www.radiopiu.net\/wordpress\/wp-content\/uploads\/2019\/05\/WhatsApp-Image-2019-05-06-at-07.13.40-300x225.jpeg\" alt=\"\" width=\"300\" height=\"225\" srcset=\"https:\/\/www.radiopiu.net\/wordpress\/wp-content\/uploads\/2019\/05\/WhatsApp-Image-2019-05-06-at-07.13.40-300x225.jpeg 300w, https:\/\/www.radiopiu.net\/wordpress\/wp-content\/uploads\/2019\/05\/WhatsApp-Image-2019-05-06-at-07.13.40-768x576.jpeg 768w, https:\/\/www.radiopiu.net\/wordpress\/wp-content\/uploads\/2019\/05\/WhatsApp-Image-2019-05-06-at-07.13.40-1024x768.jpeg 1024w, https:\/\/www.radiopiu.net\/wordpress\/wp-content\/uploads\/2019\/05\/WhatsApp-Image-2019-05-06-at-07.13.40.jpeg 1600w\" sizes=\"auto, (max-width: 300px) 100vw, 300px\" \/><\/a><a class=\"dt-pswp-item\" href=\"http:\/\/www.radiopiu.net\/wordpress\/wp-content\/uploads\/2019\/05\/WhatsApp-Image-2019-05-06-at-07.13.41.jpeg\" data-dt-img-description=\"\" data-large_image_width=\"1600\" data-large_image_height=\"1200\"><img loading=\"lazy\" decoding=\"async\" class=\"alignleft wp-image-84681 size-medium\" src=\"http:\/\/www.radiopiu.net\/wordpress\/wp-content\/uploads\/2019\/05\/WhatsApp-Image-2019-05-06-at-07.13.41-300x225.jpeg\" alt=\"\" width=\"300\" height=\"225\" srcset=\"https:\/\/www.radiopiu.net\/wordpress\/wp-content\/uploads\/2019\/05\/WhatsApp-Image-2019-05-06-at-07.13.41-300x225.jpeg 300w, https:\/\/www.radiopiu.net\/wordpress\/wp-content\/uploads\/2019\/05\/WhatsApp-Image-2019-05-06-at-07.13.41-768x576.jpeg 768w, https:\/\/www.radiopiu.net\/wordpress\/wp-content\/uploads\/2019\/05\/WhatsApp-Image-2019-05-06-at-07.13.41-1024x768.jpeg 1024w, https:\/\/www.radiopiu.net\/wordpress\/wp-content\/uploads\/2019\/05\/WhatsApp-Image-2019-05-06-at-07.13.41.jpeg 1600w\" sizes=\"auto, (max-width: 300px) 100vw, 300px\" \/><\/a><\/p>\n<div class=\"page-title-head hgroup\">\n<div class=\"page-title-head hgroup\">\n<h1><\/h1>\n<h1><\/h1>\n<h1><\/h1>\n<h1><\/h1>\n<h1><\/h1>\n<h1><\/h1>\n<h1><\/h1>\n<h3 style=\"text-align: center;\">\u00a0 \u00a0 \u00a0 \u00a0 \u00a0 \u00a0 \u00a0 \u00a0 \u00a0 \u00a0 \u00a0 \u00a0 \u00a0 \u00a0 \u00a0 \u00a0 \u00a0 \u00a0 \u00a0 \u00a0 \u00a0 \u00a0 \u00a0 \u00a0 \u00a0 \u00a0 \u00a0 \u00a0 \u00a0 \u00a0 \u00a0 \u00a0 \u00a0 \u00a0 \u00a0 \u00a0 \u00a0 \u00a0 \u00a0 \u00a0 \u00a0 \u00a0 \u00a0 \u00a0 \u00a0 \u00a0 \u00a0 \u00a0 \u00a0 \u00a0 \u00a0 \u00a0 \u00a0 \u00a0 \u00a0 \u00a0 \u00a0 \u00a0 \u00a0 \u00a0 \u00a0 \u00a0 \u00a0 \u00a0 \u00a0 \u00a0 \u00a0 \u00a0 \u00a0 \u00a0 \u00a0 \u00a0 \u00a0 \u00a0 \u00a0 \u00a0 \u00a0 \u00a0 \u00a0 \u00a0 \u00a0 \u00a0 \u00a0 \u00a0 \u00a0 \u00a0 \u00a0 \u00a0 \u00a0 \u00a0 \u00a0 \u00a0 \u00a0 \u00a0 \u00a0 \u00a0 \u00a0 \u00a0 \u00a0 \u00a0 \u00a0 \u00a0 \u00a0 \u00a0 \u00a0 \u00a0 \u00a0 \u00a0 \u00a0 \u00a0 \u00a0 \u00a0 \u00a0 \u00a0 \u00a0 \u00a0 \u00a0 \u00a0 \u00a0 \u00a0 \u00a0 \u00a0 \u00a0 \u00a0 \u00a0 \u00a0 \u00a0 \u00a0 \u00a0 \u00a0 \u00a0 \u00a0 \u00a0 \u00a0 \u00a0 \u00a0 \u00a0 \u00a0 \u00a0 \u00a0 \u00a0 \u00a0 \u00a0 \u00a0 \u00a0 \u00a0 \u00a0 \u00a0 \u00a0 \u00a0 \u00a0 \u00a0 \u00a0 \u00a0 \u00a0 \u00a0 \u00a0 \u00a0 \u00a0 \u00a0 \u00a0 \u00a0 \u00a0 \u00a0 \u00a0 \u00a0 \u00a0 \u00a0 \u00a0 \u00a0 \u00a0 \u00a0 \u00a0 \u00a0 \u00a0 \u00a0 \u00a0 \u00a0 \u00a0 \u00a0 \u00a0 \u00a0 \u00a0 \u00a0 \u00a0 \u00a0 \u00a0 \u00a0 \u00a0 \u00a0 \u00a0 \u00a0 \u00a0 \u00a0 \u00a0 \u00a0 \u00a0 \u00a0 \u00a0 \u00a0 \u00a0 \u00a0 \u00a0 \u00a0 \u00a0 \u00a0 \u00a0 \u00a0 \u00a0 \u00a0 \u00a0 \u00a0 \u00a0 \u00a0 \u00a0 \u00a0 \u00a0 \u00a0 \u00a0 \u00a0 \u00a0 \u00a0 \u00a0 \u00a0 \u00a0 \u00a0 \u00a0 \u00a0 \u00a0 LOTTERIA CACCIATORI BIGLIETTI VINCENTI<\/h3>\n<h1><a class=\"dt-pswp-item\" href=\"http:\/\/www.radiopiu.net\/wordpress\/wp-content\/uploads\/2019\/05\/a80633e7-267d-45ff-8f22-9fabf07f0f68.jpg\" data-dt-img-description=\"\" data-large_image_width=\"768\" data-large_image_height=\"1024\"><img loading=\"lazy\" decoding=\"async\" class=\"wp-image-84697  aligncenter\" src=\"http:\/\/www.radiopiu.net\/wordpress\/wp-content\/uploads\/2019\/05\/a80633e7-267d-45ff-8f22-9fabf07f0f68-225x300.jpg\" alt=\"\" width=\"253\" height=\"337\" srcset=\"https:\/\/www.radiopiu.net\/wordpress\/wp-content\/uploads\/2019\/05\/a80633e7-267d-45ff-8f22-9fabf07f0f68-225x300.jpg 225w, https:\/\/www.radiopiu.net\/wordpress\/wp-content\/uploads\/2019\/05\/a80633e7-267d-45ff-8f22-9fabf07f0f68.jpg 768w\" sizes=\"auto, (max-width: 253px) 100vw, 253px\" \/><\/a><\/h1>\n<h1><\/h1>\n<\/div>\n<\/div>\n<p>&nbsp;<\/p>\n<p>&nbsp;<\/p>\n<h1><\/h1>\n<h1><\/h1>\n<h1><\/h1>\n<h1><\/h1>\n<h1><\/h1>\n<h1><\/h1>\n<h1><\/h1>\n<h1><\/h1>\n<h1><\/h1>\n<h1><\/h1>\n<div class=\"page-title-head hgroup\">\n<div class=\"page-title-head hgroup\">\n<h1><\/h1>\n<h1>______________________________________________<\/h1>\n<h1><\/h1>\n<h1>DA CARBONERA 2700 EURO PER LA RICOSTRUZIONE<\/h1>\n<\/div>\n<\/div>\n<p><strong>AGORDO<\/strong> Il presidente dell&#8217;Unione Montana Agordina ha ricevuto un assegno di 2700 euro dai Fabio Fumagalli, Nisio Lenzini, e Mario Bortoletto in rappresentanza dell&#8217;associazione Carbonera 2019 che raggruppa le associazioni del paese. Radio Pi\u00f9 ha documentato in audio e video la consegna del denaro per la ricostruzione dopo l&#8217;uragano Vaia, il ringraziamento del presidente Fabio Luchetta e l&#8217;intervento del presidente dell&#8217;associazione Nisio Lenzini.<\/p>\n<p><strong>IL PRESIDENTE DELL&#8217;ASS. CARBONERA 2010 NISIO LENZINI<\/strong><\/p>\n<audio class=\"wp-audio-shortcode\" id=\"audio-84572-2\" preload=\"none\" style=\"width: 100%;\" controls=\"controls\"><source type=\"audio\/mpeg\" src=\"http:\/\/www.radiopiu.net\/wordpress\/wp-content\/uploads\/2019\/05\/CARBONERA.mp3?_=2\" \/><a href=\"http:\/\/www.radiopiu.net\/wordpress\/wp-content\/uploads\/2019\/05\/CARBONERA.mp3\">http:\/\/www.radiopiu.net\/wordpress\/wp-content\/uploads\/2019\/05\/CARBONERA.mp3<\/a><\/audio>\n<p><strong>IL PRESIDENTE DELL&#8217;UNIONE MONTANA FABIO LUCHETTA<\/strong><\/p>\n<audio class=\"wp-audio-shortcode\" id=\"audio-84572-3\" preload=\"none\" style=\"width: 100%;\" controls=\"controls\"><source type=\"audio\/mpeg\" src=\"http:\/\/www.radiopiu.net\/wordpress\/wp-content\/uploads\/2019\/05\/FABIO.mp3?_=3\" \/><a href=\"http:\/\/www.radiopiu.net\/wordpress\/wp-content\/uploads\/2019\/05\/FABIO.mp3\">http:\/\/www.radiopiu.net\/wordpress\/wp-content\/uploads\/2019\/05\/FABIO.mp3<\/a><\/audio>\n<p><strong>DIRETTA FACEBOOK<\/strong><\/p>\n<div id=\"fb-root\"><\/div>\n<p><script async=\"1\" defer=\"1\" crossorigin=\"anonymous\" src=\"https:\/\/connect.facebook.net\/it_IT\/sdk.js#xfbml=1&amp;version=v6.0\"><\/script><\/p>\n<div class=\"fb-video\" data-href=\"https:\/\/www.facebook.com\/mirko.mezzacasa\/videos\/10219621806402566\/\" data-width=\"1200\">\n<blockquote cite=\"https:\/\/www.facebook.com\/mirko.mezzacasa\/videos\/10219621806402566\/\" class=\"fb-xfbml-parse-ignore\"><p><a href=\"https:\/\/www.facebook.com\/mirko.mezzacasa\/videos\/10219621806402566\/\"><\/a><\/p>\n<p>Da Carbonera 2750 euro per la ricostruzione.        UNIONE MONTANA. Bortoletto Mario Nisio Lenzini Fabio Luchetta<\/p>\n<p>Pubblicato da <a href=\"https:\/\/www.facebook.com\/mirko.mezzacasa\">Mirko Mezzacasa<\/a> su Sabato 4 maggio 2019<\/p><\/blockquote>\n<\/div>\n<div class=\"page-title-head hgroup\">\n<h1><\/h1>\n<\/div>\n<h1><\/h1>\n<p>&nbsp;<\/p>\n<div class=\"page-title-head hgroup\">\n<h1><\/h1>\n<\/div>\n<blockquote>\n<h1><\/h1>\n<\/blockquote>\n<div class=\"page-title-head hgroup\">\n<h1 class=\"entry-title\">ULTIME DALLA CGIA DI MESTRE<\/h1>\n<\/div>\n<blockquote class=\"wp-embedded-content\" data-secret=\"4PUHD3RvAj\"><p><a href=\"http:\/\/www.radiopiu.net\/wordpress\/i-bonus-fiscali-ci-costano-137-miliardi\/\">I BONUS FISCALI CI COSTANO 137 MILIARDI<\/a><\/p><\/blockquote>\n<p><iframe loading=\"lazy\" class=\"wp-embedded-content\" sandbox=\"allow-scripts\" security=\"restricted\" style=\"position: absolute; clip: rect(1px, 1px, 1px, 1px);\" src=\"http:\/\/www.radiopiu.net\/wordpress\/i-bonus-fiscali-ci-costano-137-miliardi\/embed\/#?secret=4PUHD3RvAj\" data-secret=\"4PUHD3RvAj\" width=\"600\" height=\"338\" title=\"&#8220;I BONUS FISCALI CI COSTANO 137 MILIARDI&#8221; &#8212; Radio Pi\u00f9\" frameborder=\"0\" marginwidth=\"0\" marginheight=\"0\" scrolling=\"no\"><\/iframe><\/p>\n<p>&nbsp;<\/p>\n<p>&nbsp;<\/p>\n<h1><\/h1>\n<h1>AUSER COL BEL TISER, ASSOCIAZIONE SANA<\/h1>\n<p><strong> <a class=\"dt-pswp-item\" href=\"http:\/\/www.radiopiu.net\/wordpress\/wp-content\/uploads\/2019\/05\/WhatsApp-Image-2019-04-29-at-20.28.17.jpeg\" data-dt-img-description=\"\" data-large_image_width=\"1600\" data-large_image_height=\"1200\"><img loading=\"lazy\" decoding=\"async\" class=\"alignleft size-thumbnail wp-image-84596\" src=\"http:\/\/www.radiopiu.net\/wordpress\/wp-content\/uploads\/2019\/05\/WhatsApp-Image-2019-04-29-at-20.28.17-150x150.jpeg\" alt=\"\" width=\"150\" height=\"150\" \/><\/a>GOSALDO<\/strong> Erano almeno 60 i soci saliti fino alla sede del circolo Auser di Tiser per ascoltare le parole del presidente Dario Todesco che ha presentato bilancio e programmi.\u00a0 Ai lavori ha presenziato il presidente \u00a0provinciale Auser di Belluno\u00a0 Verena Dall&#8217;Omo, il presidente del Circolo Auser &#8220;El Broi&#8221;\u00a0 Alfio Peratoner, il presidente del Circolo Auser di Pedavena\u00a0 Olivo Zanella, una rappresentanza dell&#8217; Auser Val del Bios di Canale d&#8217;Agordo,\u00a0 Domenico Del Din\u00a0 in rappresentanza del Gav di Agordo\u00a0 e il parroco del Poi Don Fabiano Del Favero .<\/p>\n<p>&nbsp;<\/p>\n<p>di GIANNI SANTOMASO<\/p>\n<audio class=\"wp-audio-shortcode\" id=\"audio-84572-4\" preload=\"none\" style=\"width: 100%;\" controls=\"controls\"><source type=\"audio\/mpeg\" src=\"http:\/\/www.radiopiu.net\/wordpress\/wp-content\/uploads\/2019\/05\/gianni.mp3?_=4\" \/><a href=\"http:\/\/www.radiopiu.net\/wordpress\/wp-content\/uploads\/2019\/05\/gianni.mp3\">http:\/\/www.radiopiu.net\/wordpress\/wp-content\/uploads\/2019\/05\/gianni.mp3<\/a><\/audio>\n<blockquote>\n<h4><em>Alcuni dati del bilancio consuntivo 2018: totale entrate 44.425,81, totale uscite 38.276,68 cosi suddivise\u00a0 uscite per attivit\u00e0 7.180,35 uscite per servizi 31.096,33 e rimanenza cassa al 31-12-2018\u00a0 6.149,13<\/em><\/h4>\n<\/blockquote>\n<p>&nbsp;<\/p>\n<p><strong>LA RELAZIONE DEL PRESIDENTE VALTER TODESCO\u00a0<\/strong><\/p>\n<p><a class=\"dt-pswp-item\" href=\"http:\/\/www.radiopiu.net\/wordpress\/wp-content\/uploads\/2016\/03\/foto_Valter_Dario_Todesco.jpg\" data-dt-img-description=\"\" data-large_image_width=\"200\" data-large_image_height=\"134\"><img loading=\"lazy\" decoding=\"async\" class=\"alignleft wp-image-17191\" src=\"http:\/\/www.radiopiu.net\/wordpress\/wp-content\/uploads\/2016\/03\/foto_Valter_Dario_Todesco-150x134.jpg\" alt=\"\" width=\"182\" height=\"163\" \/><\/a>L\u2019attivit\u00e0 del Circolo \u00e8 svolta principalmente in favore dei nostri associati essendo un Circolo Auser APS (attivit\u00e0 promozione sociale) ma siamo anche chiamati a prestare la nostra disponibilit\u00e0 per quanti possono avere una necessit\u00e0 di aiuto o bisogno, ed in stretta collaborazione con il Circolo \u201cEl Broi\u201d di Agordo effettuiamo degli accompagnamenti, presso le strutture USL, per quelle persone che non hanno la possibilit\u00e0 di farlo in autonomia. Nel 2018, per servizi di volontariato, abbiamo effettuato \u00a0i seguenti accompagnamenti: 47 giornate\/interventi,\u00a0 5 persone assistite 1 uomo e 4 donne,\u00a0 Percorso Km. 2.310,\u00a0 Tempo medio per intervento circa 2,30\/ 3,30 ore per un totale di 136,30 ore,\u00a0 2 volontari impegnati: una donna ed un uomo. Le 47 giornate sono cos\u00ec suddivise: 5 per visite ad Agordo, n. 15 visite a Belluno, n. 1 per visita a Feltre, n. 26 per terapia ad Agordo. Da quanto sopra esposto si pu\u00f2 costatare che per le visite si fa riferimento all\u2019ospedale di Belluno con un aggravio di tempo per il viaggio sia per la persona bisognosa della visita sia per il volontario accompagnatore. Nel mese di giugno, in accordo con ASCA di Agordo ed il Circolo \u201cEl Broi\u201d, \u00e8 stato aperto il Centro Sollievo a Gosaldo presso i locali della canonica messi a disposizione dal Parroco\u00a0 Don Fabiano e gestito per un pomeriggio alla settimana dalla Dott.ssa Stefania Troian con il supporto a turno\u00a0 da 4 nostri volontari . Per quanto riguarda l\u2019attivit\u00e0 sociale del\u00a0 nostro Circolo di seguito vengono elencati i principali eventi effettuati: La prima domenica di gennaio, nei locali del Circolo, \u00e8 stato ospitato il Gruppo Alpini di Tiser per la loro assemblea annuale; Nei primi giorni di febbraio sono stati prodotti i consueti insaccati (salami e cotechini) sfidando le avverse condizioni atmosferiche (nevicata di oltre 40\/ 50 cm.) e per questo v\u00e0 un doveroso ringraziamento a quanti hanno dato il loro contributo lavorativo; nel mese di marzo abbiamo partecipato alla Festa della Donna organizzata a Pedavena dai Circoli Auser di Pedavena, Feltre, Mel e dal nostro; in luglio siamo stati presenti a Sitran <a class=\"dt-pswp-item\" href=\"http:\/\/www.radiopiu.net\/wordpress\/wp-content\/uploads\/2019\/05\/IMG_20190427_151126_resized_20190429_044943222.jpg\" data-dt-img-description=\"\" data-large_image_width=\"1040\" data-large_image_height=\"780\"><img loading=\"lazy\" decoding=\"async\" class=\"size-thumbnail wp-image-84594 alignright\" src=\"http:\/\/www.radiopiu.net\/wordpress\/wp-content\/uploads\/2019\/05\/IMG_20190427_151126_resized_20190429_044943222-150x150.jpg\" alt=\"\" width=\"150\" height=\"150\" \/><\/a>D\u2019Alpago alla festa dell\u2019Auser provinciale portando un nostro contributo gastronomico; in collaborazione con l\u2019Amministrazione Comunale di Gosaldo ci siamo occupati di predisporre e servire un rinfresco in occasione della presentazione della nuova area camper in localit\u00e0 Lambroi di Tiser ( 120\/140 presenti);\u00a0 nel mese di agosto, come da consuetudine, con il sostegno del Comune di Gosaldo abbiamo organizzato e offerto agli ultra settantenni della vallata di Tiser (54 partecipanti) una giornata conviviale con pranzo e musica; con il Gruppo Alpini di Tiser e con tanti altri volontari \u00e8 stata effettuata la festa patronale di San Rocco e ospitato, come ogni anno, l\u2019asta delle anime; il 24 dicembre alla fine della messa natalizia, presso la sede del Circolo, \u00e8 stato offerto del vin brul\u00e8 e panettone; nei giorni antecedenti il Natale abbiamo fatto visita alle persone ospiti della Casa di Soggiorno di Taibon e del polifunzionale di Agordo portando gli auguri del Circolo e lasciando un piccolo dono. Inoltre si \u00e8 provveduto a far visita agli ultra ottantenni residenti nella vallata di Tiser augurando loro buone feste e omaggiandoli di un piccolo pensiero; durante l\u2019anno sono state effettuate diverse cene ben frequentate da nostri Soci. Le attivit\u00e0 di bar aperto pressoche\u2019 tutto l\u2019anno, delle cene, della produzione dei salami e della festa di San Rocco, oltre che creare dei momenti di convivialit\u00e0 e di aggregazione, ci permettono di avere quelle risorse economiche utili per poter continuare a mantenere vivo il nostro Circolo. Nel 2018 abbiamo registrato n. 298 soci ad oggi ci sono gi\u00e0 207 iscritti. Un pensiero va ai nostri soci mancati nel corso del 2018 e nei primi mesi di quest\u2019anno.\u00a0 A voi presenti e a tutti gli altri associati va il mio ringraziamento ed un ringraziamento particolare a tutti quei volontari che offrono il loro tempo per le varie attivit\u00e0. Un doveroso ringraziamento al Comune di Gosaldo per l\u2019utilizzo dei locali in uso al nostro Circolo, all\u2019Auser Provinciale di Belluno nella persona del presidente Verena dall\u2019Omo e dei suoi collaboratori e al Circolo \u201cEl Broi\u201d per la fattiva collaborazione e per l\u2019amicizia che ci lega. E per finire un grazie al Consiglio Direttivo per l\u2019appoggio e la fiducia che sempre mi dimostrano.<\/p>\n<p>&nbsp;<\/p>\n<p>&nbsp;<\/p>\n<p>&nbsp;<\/p>\n<h2>SPECIALE GEMELLAGGIO AGORDO-DOLOMIEU, LA FESTA AD AGORDO<\/h2>\n<blockquote><p><strong>con la collaborazione di Claudia Cattadori<\/strong><\/p><\/blockquote>\n<p>AUDIO<\/p>\n<audio class=\"wp-audio-shortcode\" id=\"audio-84572-5\" preload=\"none\" style=\"width: 100%;\" controls=\"controls\"><source type=\"audio\/mpeg\" src=\"http:\/\/www.radiopiu.net\/wordpress\/wp-content\/uploads\/2019\/05\/claudia.mp3?_=5\" \/><a href=\"http:\/\/www.radiopiu.net\/wordpress\/wp-content\/uploads\/2019\/05\/claudia.mp3\">http:\/\/www.radiopiu.net\/wordpress\/wp-content\/uploads\/2019\/05\/claudia.mp3<\/a><\/audio>\n<p>&nbsp;<\/p>\n<p><strong><a class=\"dt-pswp-item\" href=\"http:\/\/www.radiopiu.net\/wordpress\/wp-content\/uploads\/2019\/05\/Sindaci.jpg\" data-dt-img-description=\"\" data-large_image_width=\"1280\" data-large_image_height=\"768\"><img loading=\"lazy\" decoding=\"async\" class=\"alignleft wp-image-84641\" src=\"http:\/\/www.radiopiu.net\/wordpress\/wp-content\/uploads\/2019\/05\/Sindaci-150x150.jpg\" alt=\"\" width=\"212\" height=\"212\" \/><\/a>AGORDO<\/strong> Dal 3 al 5 maggio 2019, 35 persone di Dolomieu sono venute ad Agordo in visita. Le due Comunit\u00e0, gemellate ormai dal 2005, circa ogni due anni si incontrano per condividere assieme esperienze e amicizia. Il venerd\u00ec mattina, dopo un&#8217;ottima colazione , offerta dal Circolo AUSER El Broi\u00a0 con la collaborazione di famiglie agordine, gli ospiti francesi hanno trovato accoglienza nelle case Agordine e nei luoghi di alloggio. Ci sono stati i saluti ufficiali in municipio alla presenza dei due Sindaci e di una rappresentanza del Consiglio Comunale di Agordo. Successivamente il gruppo si \u00e8 trasferito alla piazzetta di Prompicai dove la Cooperativa Agordino Latteria di Vallata ha allestito un ricco rinfresco a base di prodotti locali.Monsignor Giorgio Lise ha concesso la visita, per l&#8217;occasione , dell&#8217;oratorio di San Vincenzo, antica perla artistica della comunit\u00e0 Cristiana Agordina. Grande successo ha riscosso la visita guidata ai graffiti che costellano le frazioni di Parech e Toccol.\u00a0 L&#8217;artista Dunio Piccolin che ha accompagnato il gruppo, ha fornito particolari interessanti sulla realizzazione delle opere. Il fatto che i graffiti siano stati realizzati con la partecipazione attiva dei bimbi delle Scuole Elementari ha colpito molto favorevolmente gli ospiti. Con il prezioso aiuto di Antonia Bortot dell&#8217;Union Ladin de Agort la comitiva ha percorso le stradine di Parech e <a class=\"dt-pswp-item\" href=\"http:\/\/www.radiopiu.net\/wordpress\/wp-content\/uploads\/2019\/05\/VisitaGraffiti.jpg\" data-dt-img-description=\"\" data-large_image_width=\"1280\" data-large_image_height=\"768\"><img loading=\"lazy\" decoding=\"async\" class=\"wp-image-84642 size-medium alignright\" src=\"http:\/\/www.radiopiu.net\/wordpress\/wp-content\/uploads\/2019\/05\/VisitaGraffiti-300x180.jpg\" alt=\"\" width=\"300\" height=\"180\" srcset=\"https:\/\/www.radiopiu.net\/wordpress\/wp-content\/uploads\/2019\/05\/VisitaGraffiti-300x180.jpg 300w, https:\/\/www.radiopiu.net\/wordpress\/wp-content\/uploads\/2019\/05\/VisitaGraffiti-768x461.jpg 768w, https:\/\/www.radiopiu.net\/wordpress\/wp-content\/uploads\/2019\/05\/VisitaGraffiti-1024x614.jpg 1024w, https:\/\/www.radiopiu.net\/wordpress\/wp-content\/uploads\/2019\/05\/VisitaGraffiti.jpg 1280w\" sizes=\"auto, (max-width: 300px) 100vw, 300px\" \/><\/a>Prompicai alla scoperta delle tradizioni e dei &#8220;mestieri&#8221; di un tempo ammirando i caratteristici &#8220;pop&#8221; realizzati per la Sagra del Fanciullo svoltasi nel giorno di Pasquetta. I francesi hanno ricevuto come omaggio dei depliant informativi su Agordo gentilmente messi a disposizione dall&#8217;Ufficio Turistico e dalla Pro Loco di Agordo. Nel pomeriggio c&#8217;\u00e8 stato del tempo libero che ha permesso agli ospiti di visitare la piazza e i negozi addobbati a festa per l&#8217;occasione con le decorazioni realizzate dai bimbi del Doposcuola di Agordo e dai ragazzi del CEOD. Il giorno successivo il gruppo si \u00e8 spostato a Belluno per seguire le visite guidate del museo Fulcis e della mostra <em>Sebastiano Ricci.Rivali ed eredi : grande <\/em><em>\u00e8<\/em><em> stata l&#8217;ammirazione e il fascino suscitato dalle opere ivi esposte.\u00a0 <\/em>Come da programma,\u00a0 dopo il pranzo, la comitiva ha visitato il birrificio di Pedavena ricco di tradizione ma anche di moderne tecnologie per la produzione dell&#8217;ottima birra locale famosa in tutto il mondo. Alle giornate ha partecipato anche l&#8217;ex sindaco di Agordo, Renzo Gavaz, che nel <a class=\"dt-pswp-item\" href=\"http:\/\/www.radiopiu.net\/wordpress\/wp-content\/uploads\/2019\/05\/VisitaBirrificio.jpg\" data-dt-img-description=\"\" data-large_image_width=\"1280\" data-large_image_height=\"768\"><img loading=\"lazy\" decoding=\"async\" class=\"alignleft size-thumbnail wp-image-84643\" src=\"http:\/\/www.radiopiu.net\/wordpress\/wp-content\/uploads\/2019\/05\/VisitaBirrificio-150x150.jpg\" alt=\"\" width=\"150\" height=\"150\" \/><\/a>2005 ha firmato il patto di gemellaggio tra Agordo e Dolomieu. Con la sua presenza ha testimoniato l&#8217;affetto personale e l&#8217;amicizia verso il paese natale dello scienziato che ha scoperto la dolomia da cui hanno preso il nome le nostre Dolomiti. Domenica 5 maggio, dopo un commovente &#8220;arrivederci&#8221; gli amici francesi sono ripartiti per Dolomieu con la promessa di ritrovarsi presto. Il Comitato di Gemellaggio di Agordo vorrebbe ringraziare: il Comune di Agordo e il Consorzio Bim Piave di Belluno per il contributo; le famiglie ospitanti; i bimbi del Doposcuola di Agordo e i ragazzi del CEOD per aver realizzato le decorazioni che hanno abbellito il paese; i commercianti, i ristoratori e gli operatori turistici di Agordo per la collaborazione; l&#8217;Associazione AUSER El Broi; gli amici del Comitato di Gemellaggio di Canale d\u2019Agordo; la cooperativa Agordino Latteria di Vallata; l&#8217;artista Dunio Piccolin e Antonia Bortot dell&#8217;Union Ladin de Agort; la Parrocchia di Agordo e l&#8217;Arcidiacono Mons. Giorgio Lise; tutte le persone, gli Enti e le associazioni locali che hanno collaborato alla riuscita delle iniziative<\/p>\n<p>&nbsp;<\/p>\n<p>&nbsp;<\/p>\n<p>&nbsp;<\/p>\n<h2>IL COMITATO D&#8217;INTESA SI CONFRONTA CON LA RIFORMA DEL TERZO SETTORE<\/h2>\n<p><strong>BELLUNO<\/strong> Il Csv di Belluno potrebbe essere accorpato a quello di Treviso, decisione calata dall&#8217;alto e non certo voluta dai bellunesi, anzi.<\/p>\n<p><strong>Ecco Il pensiero del Csv sull\u2019accorpamento<\/strong><\/p>\n<p>La decisione dell\u2019ottobre scorso dell\u2019Onc di aggregare i Csv di Belluno e Treviso \u00e8 risultata inaspettata in quanto l\u2019articolo 61 del decreto 117\/2017 prevedeva espressamente che l\u2019Onc accreditasse un Csv per ogni citt\u00e0 metropolitana e per ogni provincia con territorio interamente montano e confinante con Paesi stranieri ai sensi della Legge Del Rio (56\/2014). \u00abLa Provincia di Belluno ricade espressamente nel secondo caso, dunque riteniamo che lo spirito della Riforma del terzo settore nonch\u00e9 i principi di\u00a0 sussidiariet\u00e0, di differenziazione e di adeguatezza valorizzati dalla Legge Del Rio, siano stati disattesi dalla decisione\u00bb, spiega Corsetti. \u00abIl volontariato bellunese, lo scorso 27 ottobre, ha assegnato un preciso mandato al direttivo: cercare di far ragionare sull\u2019inadeguatezza delle fusione, convinti infatti che l\u2019aggregazione non porterebbe alcun contenimento dei costi di gestione. Al contrario vi sarebbero gravi disagi per tutto il terzo settore ma soprattutto per i loro volontari, stante un territorio molto frammentato diviso in decine di vallate, con un paventato aumento di costi. Nelle interlocuzioni avvenute con l\u2019Onc \u00e8 stato dunque chiesto di rivedere la decisione, dandoci l\u2019opportunit\u00e0 di lavorare per il nostro territorio con un modello di Csv scelto dal territorio\u00bb. Nella recente emergenza Vaia, grazie alle capacit\u00e0 di organizzarsi in rete ma anche di operare in autonomia, le associazioni volontaristiche bellunesi hanno ulteriormente testimoniato il loro radicamento territorialenonch\u00e9 la qualit\u00e0 del loro intervenire prima durante e dopo l\u2019emergenza, come hanno certificato sia Prefetto di Belluno che tutti gli organi di stampa locali e nazionali.<\/p>\n<p>&nbsp;<\/p>\n<p>&nbsp;<\/p>\n<p>&nbsp;<\/p>\n<h2>RICONFERMA PER LAURA MENEGUS A DOLOMITI EMERGENCY<\/h2>\n<p><strong><a class=\"dt-pswp-item\" href=\"http:\/\/www.radiopiu.net\/wordpress\/wp-content\/uploads\/2016\/05\/dolomiti-emergency1.jpg\" data-dt-img-description=\"\" data-large_image_width=\"611\" data-large_image_height=\"297\"><img loading=\"lazy\" decoding=\"async\" class=\"alignleft size-thumbnail wp-image-19271\" src=\"http:\/\/www.radiopiu.net\/wordpress\/wp-content\/uploads\/2016\/05\/dolomiti-emergency1-150x150.jpg\" alt=\"\" width=\"150\" height=\"150\" \/><\/a>BELLUNO<\/strong> Ancora presidenza \u201cin rosa\u201d per Dolomiti Emergency. Laura Menegus \u00e8 stata infatti riconfermata alla guida della Onlus bellunese che si occupa di sostenere e migliorare il modello di soccorso e intervento di emergenza in territorio montano.\u00a0 L\u2019assemblea annuale si \u00e8 svolta il 30 aprile. Ad affiancare la Menegus nel prossimo triennio 2019-2022 sar\u00e0 un\u2019altra donna, Alessandra Da Col, nel ruolo di vice. I consiglieri del nuovo direttivo sono Elisabetta Bastianon, Paolo Conz, Augusto D\u2019Alberto, Lucia Del Favero, Moris Martini, Monica Mazzoccoli, Alice Prete. Il collegio dei revisori dei conti sar\u00e0 composto da Federico Michielli (presidente), Simone Bristot e Valeria Viel. Quello dei probiviri da Andrea Fiori (presidente), Marianna Hofer e Marco Spazzini.\u00a0 \u00abSono soddisfatta di questo gruppo e ringrazio tutti per la rinnovata fiducia e per la disponibilit\u00e0\u00bb, mette in risalto Menegus, che \u00e8 una \u201cfiglia d\u2019arte\u201d. Suo padre era infatti il compianto Natalino Menegus, fondatore di Elidolomiti e tra i padri dell\u2019elisoccorso bellunese. \u00abAnche per i prossimi tre anni andiamo a lavorare con un insieme di persone provenienti da diverse zone della provincia che sapr\u00e0 operare in maniera efficace per far crescere l&#8217;associazione e il territorio tutto, continuando nel percorso intrapreso nel triennio appena concluso\u00bb. Tanti, infatti, i progetti realizzati: il mandato della Menegus terminato da poco ha visto il raggiungimento di obiettivi persino maggiori rispetto a quelli prefissati. A testimoniarlo sono i numeri: \u00abIl 2018 si \u00e8 chiuso con 14.000 iscritti e l\u2019andamento di questo 2019 mostra che potenzialmente potremmo arrivare a oltre 15.000\u00bb, ha ricordato Menegus durante l\u2019assemblea. \u00abConsiderando che siamo partiti\u00a0tre anni fa con 9.000 soci ordinari, direi che \u00e8 un bel numero e un gran risultato\u00bb. \u00abTra le tante attivit\u00e0\u00bb, ha aggiunto, \u00abquella che mi rende pi\u00f9 orgogliosa \u00e8 stata l\u2019organizzazione del convegno presso la Camera dei Deputati a Roma, lo scorso 29 novembre, sugli ostacoli al volo, alla presenza di tutti gli schieramenti politici. L\u2019obiettivo \u00e8 quello di trovare un accordo, a prescindere dal colore politico, sull\u2019emanazione della normativa nazionale in merito\u00bb.<\/p>\n<p>&nbsp;<\/p>\n<p>&nbsp;<\/p>\n<p>&nbsp;<\/p>\n<h2><strong>RFI: BOND (FI), RIENTRO IN CONTABILITA\u2019 STATO AUMENTA DEBITO PUBBLICO<\/strong><\/h2>\n<p>&#8220;La notizia del rientro nel perimetro della contabilit\u00e0 pubblica statale di Rete Ferroviaria Italiana (RFI), unitamente ad altre societ\u00e0 possedute dal pubblico come Invitalia e Acquirente unico, crea non pochi problemi al bilancio dello Stato Italia che si vede nuovamente appesantito dei debiti in pancia alla societ\u00e0. Di fatto, la stessa operazione fatta solo pochi mesi fa di fondere Anas con RFI al fine di fare uscire il gestore delle strade dal perimetro della contabilit\u00e0 pubblica viene ora vanificato\u201d. Cos\u00ec, in una nota, il deputato di Forza Italia Dario Bond. \u201cCosa succeder\u00e0 &#8211; aggiunge &#8211; se la fusione tra RFI e Alitalia andr\u00e0 in porto? Di sicuro per il bilancio dello Stato, gi\u00e0 ampiamente massacrato dall\u2019anno di governo gialloverde, non migliorer\u00e0, in quanto Alitalia porta in dote una notevole dose di zavorra debitoria. Zavorra che finir\u00e0 inevitabilmente col gravare sulle spalle di cittadini ed imprese. E se per l\u2019immediato post elezioni europee si parla gi\u00e0 di una manovra estiva di 27 miliardi di euro per l\u2019Iva cui s\u2019aggiungeranno altri 5 miliardi per il rientro dei conti pubblici all\u2019interno dei parametri finanziari concordati con l\u2019Ue per il 2019, c\u2019\u00e8 il rischio che questa cifra debba essere ritoccata verso l\u2019alto con l\u2019incorporazione nel perimetro della contabilit\u00e0 pubblica delle societ\u00e0 e dei relativi debiti. Pi\u00f9 che mettere assieme due soggetti economicamente zoppicanti, con il rischio di trasformarli in un morto che cammina, meglio individuare altre soluzioni improntate effettivamente ad una logica trasparente di mercato\u201d.<\/p>\n<p>&nbsp;<\/p>\n<p>&nbsp;<\/p>\n<h2>I BAMBINI E IL MONDO DELLE REGOLE, QUELLE CHIARE<\/h2>\n<p><a class=\"dt-pswp-item\" href=\"http:\/\/www.radiopiu.net\/wordpress\/wp-content\/uploads\/2019\/05\/IC-FELTRE-I-Bambini-e-le-regole-05-5-19.jpg\" data-dt-img-description=\"\" data-large_image_width=\"1600\" data-large_image_height=\"1200\"><img loading=\"lazy\" decoding=\"async\" class=\"alignleft wp-image-84606 \" src=\"http:\/\/www.radiopiu.net\/wordpress\/wp-content\/uploads\/2019\/05\/IC-FELTRE-I-Bambini-e-le-regole-05-5-19.jpg\" alt=\"\" width=\"335\" height=\"251\" srcset=\"https:\/\/www.radiopiu.net\/wordpress\/wp-content\/uploads\/2019\/05\/IC-FELTRE-I-Bambini-e-le-regole-05-5-19.jpg 1600w, https:\/\/www.radiopiu.net\/wordpress\/wp-content\/uploads\/2019\/05\/IC-FELTRE-I-Bambini-e-le-regole-05-5-19-300x225.jpg 300w, https:\/\/www.radiopiu.net\/wordpress\/wp-content\/uploads\/2019\/05\/IC-FELTRE-I-Bambini-e-le-regole-05-5-19-768x576.jpg 768w, https:\/\/www.radiopiu.net\/wordpress\/wp-content\/uploads\/2019\/05\/IC-FELTRE-I-Bambini-e-le-regole-05-5-19-1024x768.jpg 1024w\" sizes=\"auto, (max-width: 335px) 100vw, 335px\" \/><\/a><\/p>\n<p><strong>FELTRE<\/strong> \u201cI bambini e il mondo delle regole\u201d: che devono essere chiare e motivate. Lo dice la psicologa Cristina Gazzi che, alla primaria di Foen dell&#8217;Istituto Compresivo, ha tenuto un incontro aperto al pubblico alla presenza di numerosi genitori. Rivedere i patti educativi e dialogare con i propri figli. Sono i consigli della psicologa Cristina Gazzi che, gioved\u00ec scorso (02.05.2019), ha tenuto un incontro alla scuola primaria di Foen, dell&#8217;IC di Feltre, sul tema: \u201cI bambini e il mondo delle regole\u201d. Presenti molti genitori, anche di altri istituti scolastici. La regola, sostiene Gazzi, non \u00e8 sinonimo di no, o necessariamente di divieto. Non va interpretata come qualcosa di negativo, ma comprende parole chiave, come: educazione, diritto, dovere, responsabilit\u00e0, ascolto e comunicazione. \u201cBisogna trovare il tempo per parlare con i nostri figli, anche se sono piccoli\u201d, spiega Gazzi, che poi sottolinea come in questo particolare momento storico vanno rivisti i patti educativi. \u201cLe regole per essere efficaci, vanno motivate, devono avere un senso per i bambini. E\u2019 importante essere sempre molto chiari. Il no deve essere chiaro, cos\u00ec come il s\u00ec. L\u2019ambiguit\u00e0 crea danno. D&#8217;altro canto i bambini acquistano fiducia se fanno; devono poter sperimentare. Il fare da solo d\u00e0 loro grande soddisfazione\u201d. \u201cE&#8217; stato un incontro molto interessante \u2013 dice alla fine la maestra Mara Perotto \u2013 \u00c8 un tema che, abbiamo potuto notare, desta curiosit\u00e0 sui giovani genitori. Tanto \u00e8 vero che ci sono stati diversi interventi durante la serata. E credo che oggi pi\u00f9 che mai incontri come questo possano essere utili per meglio affrontare le problematiche dei bambini e degli adolescenti lavorando innanzi tutto sulle motivazioni\u201d. L&#8217;incontro chiude il progetto \u201cIo e le istituzioni\u201d della Primaria di Foen, avviato lo scorso anno.<\/p>\n<p>&nbsp;<\/p>\n<p>&nbsp;<\/p>\n<h2>DAL WEB A PLATONE. INCONTRO CON PAOLO MORO AL \u201cLOLLINO\u201d<\/h2>\n<p>di RENATO BONA<\/p>\n<p><a class=\"dt-pswp-item\" href=\"http:\/\/www.radiopiu.net\/wordpress\/wp-content\/uploads\/2019\/05\/59813437_321414738541446_5246148517356896256_n.jpg\" data-dt-img-description=\"\" data-large_image_width=\"678\" data-large_image_height=\"960\"><img loading=\"lazy\" decoding=\"async\" class=\"alignleft size-thumbnail wp-image-84669\" src=\"http:\/\/www.radiopiu.net\/wordpress\/wp-content\/uploads\/2019\/05\/59813437_321414738541446_5246148517356896256_n-150x150.jpg\" alt=\"\" width=\"150\" height=\"150\" \/><\/a>Nuova prestigiosa iniziativa culturale dell\u2019Associazione amici del liceo Lollino che a Belluno \u00e8 presieduta da Benedetta Salerno. E\u2019 annunciato infatti per gioved\u00ec 9 maggio, a partire dalle 20,30, nell\u2019aula magna della scuola di via San Pietro 19, l\u2019incontro &#8211; aperto a tutti &#8211; con il prof. Paolo Moro, docente di filosofia del diritto e informatica giuridica dell\u2019Universit\u00e0 di Padova, il quale svilupper\u00e0 il tema: \u201cDal Web a Platone. La vitalit\u00e0 della cultura classica nelle frontiere del digitale\u201d. Paolo Moro, che ha tradotto nel 2018 dal greco \u201cL\u2019apologia di Socrate\u201d in una versione molto attenta agli aspetti giuridici della condanna subita dal filosofo ateniese nel 399 a.C., sostiene che \u201cil tema della comunicazione, della posterit\u00e0, delle fake news ha ricche chiavi interpretative nei testi di chi fu di Socrate il discepolo principale: Platone\u201d. NELLE FOTO (Renato Bona, Google, riproduzione della locandina): l\u2019annuncio dell\u2019incontro; il prof. Paolo Moro; la sede del liceo Lollino.<\/p>\n\n\t\t\t<style type='text\/css'>\n\t\t\t\t#gallery-1 {\n\t\t\t\t\tmargin: auto;\n\t\t\t\t}\n\t\t\t\t#gallery-1 .gallery-item {\n\t\t\t\t\tfloat: left;\n\t\t\t\t\tmargin-top: 10px;\n\t\t\t\t\ttext-align: center;\n\t\t\t\t\twidth: 33%;\n\t\t\t\t}\n\t\t\t\t#gallery-1 img {\n\t\t\t\t\tborder: 2px solid #cfcfcf;\n\t\t\t\t}\n\t\t\t\t#gallery-1 .gallery-caption {\n\t\t\t\t\tmargin-left: 0;\n\t\t\t\t}\n\t\t\t\t\/* see gallery_shortcode() in wp-includes\/media.php *\/\n\t\t\t<\/style>\n\t\t<div id='gallery-1' class='dt-gallery-container gallery galleryid-84572 gallery-columns-3 gallery-size-thumbnail'><dl class='gallery-item'>\n\t\t\t\t<dt class='gallery-icon portrait'>\n\t\t\t\t\t<a class=\"rollover\" href='https:\/\/www.radiopiu.net\/wordpress\/giornale-radiopiu-06-maggio-2019-direttore-mirko-mezzacasa\/59813437_321414738541446_5246148517356896256_n\/'><img loading=\"lazy\" decoding=\"async\" width=\"150\" height=\"150\" src=\"https:\/\/www.radiopiu.net\/wordpress\/wp-content\/uploads\/2019\/05\/59813437_321414738541446_5246148517356896256_n-150x150.jpg\" class=\"attachment-thumbnail size-thumbnail\" alt=\"\" \/><\/a>\n\t\t\t\t<\/dt><\/dl><dl class='gallery-item'>\n\t\t\t\t<dt class='gallery-icon portrait'>\n\t\t\t\t\t<a class=\"rollover\" href='https:\/\/www.radiopiu.net\/wordpress\/giornale-radiopiu-06-maggio-2019-direttore-mirko-mezzacasa\/59295979_2278614892387079_1109498122523901952_n\/'><img loading=\"lazy\" decoding=\"async\" width=\"150\" height=\"150\" src=\"https:\/\/www.radiopiu.net\/wordpress\/wp-content\/uploads\/2019\/05\/59295979_2278614892387079_1109498122523901952_n-150x150.jpg\" class=\"attachment-thumbnail size-thumbnail\" alt=\"\" \/><\/a>\n\t\t\t\t<\/dt><\/dl><dl class='gallery-item'>\n\t\t\t\t<dt class='gallery-icon landscape'>\n\t\t\t\t\t<a class=\"rollover\" href='https:\/\/www.radiopiu.net\/wordpress\/giornale-radiopiu-06-maggio-2019-direttore-mirko-mezzacasa\/59632845_322906011707936_1472702590255890432_n\/'><img loading=\"lazy\" decoding=\"async\" width=\"150\" height=\"150\" src=\"https:\/\/www.radiopiu.net\/wordpress\/wp-content\/uploads\/2019\/05\/59632845_322906011707936_1472702590255890432_n-150x150.jpg\" class=\"attachment-thumbnail size-thumbnail\" alt=\"\" srcset=\"https:\/\/www.radiopiu.net\/wordpress\/wp-content\/uploads\/2019\/05\/59632845_322906011707936_1472702590255890432_n-150x150.jpg 150w, https:\/\/www.radiopiu.net\/wordpress\/wp-content\/uploads\/2019\/05\/59632845_322906011707936_1472702590255890432_n.jpg 200w\" sizes=\"auto, (max-width: 150px) 100vw, 150px\" \/><\/a>\n\t\t\t\t<\/dt><\/dl><br style=\"clear: both\" \/>\n\t\t\t<\/div>\n\n<p>&nbsp;<\/p>\n<p>&nbsp;<\/p>\n<p>&nbsp;<\/p>\n<p>&nbsp;<\/p>\n<h2>FIBROSI CISTICA: UN AIUTO PER LA RICERCA<\/h2>\n<p><strong>AGORDO<\/strong> Raccolta fondi a favore della ricerca per la fibrosi cistica <strong>SABATO 11 E DOMENICA 12 MAGGIO<\/strong> AL MATTINO a CAVIOLA presso la parrocchia, RIVAMONTE, TISER, GOSALDO E FRASSEN\u00c8 presso le parrocchie\u00a0 \u00a0 \u00a0 ROCCA PIETORE con gli Alpini.<\/p>\n<p>&nbsp;<\/p>\n<p>&nbsp;<\/p>\n<p>&nbsp;<\/p>\n<p>&nbsp;<\/p>\n<h2>IERI LA BENEDIZIONE DEI TRATTORI<\/h2>\n<p><strong>DARIO BOND<\/strong><\/p>\n<audio class=\"wp-audio-shortcode\" id=\"audio-84572-6\" preload=\"none\" style=\"width: 100%;\" controls=\"controls\"><source type=\"audio\/mpeg\" src=\"http:\/\/www.radiopiu.net\/wordpress\/wp-content\/uploads\/2019\/05\/nave.mp3?_=6\" \/><a href=\"http:\/\/www.radiopiu.net\/wordpress\/wp-content\/uploads\/2019\/05\/nave.mp3\">http:\/\/www.radiopiu.net\/wordpress\/wp-content\/uploads\/2019\/05\/nave.mp3<\/a><\/audio>\n<p>&nbsp;<\/p>\n<p>&nbsp;<\/p>\n<p>&nbsp;<\/p>\n<p>&nbsp;<\/p>\n<h2>GLI INCONTRI DEL BARD<\/h2>\n<p><a class=\"dt-pswp-item\" href=\"http:\/\/www.radiopiu.net\/wordpress\/wp-content\/uploads\/2019\/05\/20190507BELLUNESE.jpg\" data-dt-img-description=\"\" data-large_image_width=\"1653\" data-large_image_height=\"2338\"><img loading=\"lazy\" decoding=\"async\" class=\"alignleft wp-image-84654\" src=\"http:\/\/www.radiopiu.net\/wordpress\/wp-content\/uploads\/2019\/05\/20190507BELLUNESE-150x150.jpg\" alt=\"\" width=\"111\" height=\"111\" \/><\/a>Continuano gli appuntamenti del Movimento Bard con i cittadini Bellunesi. Sono state convocate le seguenti Assemblee di Vallata con ODG trasmesso ai sostenitori: BELLUNESE MARTEDI&#8217; 7 MAGGIO 2019 ORE 20,30 BAR PIZZERIA &#8220;DOLOMIE&#8221; VIA IGINO D&#8217;INCA&#8217; 3 &#8211; ZONA CASONI &#8211; BELLUNO<br \/>\nFELTRINA MERCOLEDI&#8217; 8 MAGGIO 2019 ORE 20,30 SALETTA BIRRERIA PEDAVENA VIALE VITTORIO VENETO 76 &#8211; PEDAVENA CADORE ZOLDO MERCOLEDI&#8217; 15 MAGGIO 2019 ORE 20,30 SALA COLETTI PZ.LE DOLOMITI N. 1 TAI DI PIEVE DI CADORE.Incontri aperti a tutti.&#8221;<\/p>\n<p>&nbsp;<\/p>\n<p>&nbsp;<\/p>\n<h2><a class=\"dt-pswp-item\" href=\"http:\/\/www.radiopiu.net\/wordpress\/wp-content\/uploads\/2018\/09\/appuntamenti.jpeg\" data-dt-img-description=\"\" data-large_image_width=\"800\" data-large_image_height=\"100\"><img loading=\"lazy\" decoding=\"async\" class=\"alignnone wp-image-61958 size-full\" src=\"http:\/\/www.radiopiu.net\/wordpress\/wp-content\/uploads\/2018\/09\/appuntamenti.jpeg\" alt=\"\" width=\"800\" height=\"100\" srcset=\"https:\/\/www.radiopiu.net\/wordpress\/wp-content\/uploads\/2018\/09\/appuntamenti.jpeg 800w, https:\/\/www.radiopiu.net\/wordpress\/wp-content\/uploads\/2018\/09\/appuntamenti-300x38.jpeg 300w, https:\/\/www.radiopiu.net\/wordpress\/wp-content\/uploads\/2018\/09\/appuntamenti-768x96.jpeg 768w\" sizes=\"auto, (max-width: 800px) 100vw, 800px\" \/><\/a><\/h2>\n<h2><\/h2>\n<p align=\"JUSTIFY\"><strong>BELLUNO<\/strong> L&#8217;assemblea del consorzio Bim Piave \u00e8 convocata per martedi 7 maggio alle 16 in sala affreschi della Provincia. Ordine del giorno: approvazione rendiconto di gestione 2018 e approvazione del regolamento per l&#8217;assegnazione dei contributi in conto investimento a favore delle associazioni Proloco operanti sul territorio.<\/p>\n<p align=\"JUSTIFY\"><strong>BELLUNO<\/strong> Giovedi 9 maggio alle 18.30 al centro Giovanni 23esimo in sala Muccin &#8220;La costruzione europea tra crisi e rilancio una sfida cruciale&#8221;, in occasione della Giornata dell\u2019Europa e a 40 anni dalla prima elezione a suffragio universale del Parlamento europeo (l\u2019unico Parlamento sovranazionale eletto direttamente dai cittadini). Organizza il Rotary Club Belluno, Fondazione Arnaldo Colleselli (deputato nazionale e amministratore locale fu parlamentare europeo nella prima legislatura a suffragio universale diretto dal 1979 al 1984.<\/p>\n<p>&nbsp;<\/p>\n<p>&nbsp;<\/p>\n<h2>LE PIETRE RACCONTANO: LETTURE E MUSICA TRA I CIPPI DELL&#8217;AUDITORIUM<\/h2>\n<blockquote>\n<h3><em>Spettacolo di presentazione del lavoro di documentazione degli studenti del Liceo Lollino di Belluno sui cippi esposti all&#8217;ingresso del Palazzo dell&#8217;Auditorium<\/em><\/h3>\n<\/blockquote>\n<p>La Filarmonica di Belluno e il Liceo Lollino hanno unito le forze dando vita a un progetto che ha coinvolto per oltre sei mesi i ragazzi della classe quinta. Sotto la giuda attenta del dottor Marco Perale e dei loro insegnanti, infatti, gli alunni hanno potuto approfondire lo studio dei cippi collocati nell&#8217;androne del Palazzo dell&#8217;Auditorium di Belluno, proprio davanti all&#8217;entrata della sede della Filarmonica. L&#8217;intento &#8211; in un&#8217;ottica di valorizzazione del patrimonio collettivo &#8211; era quello di produrre delle sintetiche didascalie che illustrino al pubblico alcune informazioni relative ai cippi per capirne la storia e interpretare le iscrizioni. Alle ore 17 di sabato 11 maggio davanti al Palazzo dell&#8217;Auditorium in Piazza Duomo a Belluno, la Filarmonica &#8211; diretta dal maestro Andrea Gasperin &#8211; si esibir\u00e0 in un concerto intervallato dalle letture dei giovani ricercatori che esporranno al pubblico i risultati del loro lavoro. Lo spettacolo sar\u00e0 introdotto da un intervento del dottor Marco Perale. Il pomeriggio sar\u00e0 ulteriormente impreziosito dal contributo del FAI Giovani Belluno che &#8211; dalle ore 15 alle 16:45 &#8211; \u00a0curer\u00e0 le visite guidate alla Torre Civica di Belluno aperta straordinariamente per l&#8217;occasione.<\/p>\n<p>&nbsp;<\/p>\n<p>&nbsp;<\/p>\n<p>&nbsp;<\/p>\n<h2>FONDAZIONE BANCA DEGLI OCCHI RINGRAZIA BELLUNO PER LA DONAZIONE DI CORNEE:<\/h2>\n<blockquote>\n<h4><em>DOMENICA 12 MAGGIO CONCERTO GRATUITO D\u2019ECCEZIONE CON I VOCAL SKYLINE<\/em><\/h4>\n<\/blockquote>\n<p><strong><a class=\"dt-pswp-item\" href=\"http:\/\/www.radiopiu.net\/wordpress\/wp-content\/uploads\/2019\/05\/Vocal-Skyline.jpg\" data-dt-img-description=\"\" data-large_image_width=\"1449\" data-large_image_height=\"868\"><img loading=\"lazy\" decoding=\"async\" class=\"alignleft wp-image-84444\" src=\"http:\/\/www.radiopiu.net\/wordpress\/wp-content\/uploads\/2019\/05\/Vocal-Skyline-1024x613.jpg\" alt=\"\" width=\"190\" height=\"114\" srcset=\"https:\/\/www.radiopiu.net\/wordpress\/wp-content\/uploads\/2019\/05\/Vocal-Skyline-1024x613.jpg 1024w, https:\/\/www.radiopiu.net\/wordpress\/wp-content\/uploads\/2019\/05\/Vocal-Skyline-300x180.jpg 300w, https:\/\/www.radiopiu.net\/wordpress\/wp-content\/uploads\/2019\/05\/Vocal-Skyline-768x460.jpg 768w, https:\/\/www.radiopiu.net\/wordpress\/wp-content\/uploads\/2019\/05\/Vocal-Skyline.jpg 1449w\" sizes=\"auto, (max-width: 190px) 100vw, 190px\" \/><\/a>BELLUNO <\/strong>Domenica 12 maggio Fondazione Banca degli Occhi del Veneto Onlus invita la cittadinanza di Belluno ad un pomeriggio sorprendente di musica e spettacolo con il noto gruppo veneto dei Vocal Skyline, per sensibilizzare al dono delle cornee e per ringraziare il territorio del Bellunese. Dalla Fondazione, centro di riferimento regionale per i trapianti di cornea e centro di ricerca sulle malattie oculari, il grazie ai cittadini della provincia di Belluno: \u201cQuesto evento sar\u00e0 un modo per essere presenti nel territorio del bellunese, cos\u00ec colpito nei mesi scorsi dalla tempesta Vaia di fine ottobre 2018 e provato dalle sue conseguenze, per riconoscerne la vocazione solidale tangibile anche nel campo della donazione\u201d afferma Diego Ponzin, Direttore Medico della Fondazione, \u201ccon questo evento desideriamo esprimere la nostra riconoscenza alle famiglie che hanno donato le cornee di un loro caro, ai medici e a tutti gli operatori sanitari che nel territorio del bellunese operano per la donazione e il trapianto, alle associazioni numerose che lavorano per il dono.<\/p>\n<p>&nbsp;<\/p>\n<p>&nbsp;<\/p>\n<p>&nbsp;<\/p>\n<h2 align=\"JUSTIFY\">GALZERANO TRIO A CAVARZANO, 18 MAGGIO DA MUSICA LATINOAMERICANA<\/h2>\n<p><a class=\"dt-pswp-item\" href=\"http:\/\/www.radiopiu.net\/wordpress\/wp-content\/uploads\/2019\/05\/57674170_2675875542428896_3418759573517893632_n.jpg\" data-dt-img-description=\"\" data-large_image_width=\"678\" data-large_image_height=\"960\"><img loading=\"lazy\" decoding=\"async\" class=\"size-medium wp-image-84298 alignleft\" src=\"http:\/\/www.radiopiu.net\/wordpress\/wp-content\/uploads\/2019\/05\/57674170_2675875542428896_3418759573517893632_n-212x300.jpg\" alt=\"\" width=\"212\" height=\"300\" srcset=\"https:\/\/www.radiopiu.net\/wordpress\/wp-content\/uploads\/2019\/05\/57674170_2675875542428896_3418759573517893632_n-212x300.jpg 212w, https:\/\/www.radiopiu.net\/wordpress\/wp-content\/uploads\/2019\/05\/57674170_2675875542428896_3418759573517893632_n.jpg 678w\" sizes=\"auto, (max-width: 212px) 100vw, 212px\" \/><\/a><\/p>\n<p>&nbsp;<\/p>\n<p>Sabato 18 maggio Belluno ospita Angel Galzerano Trio in concerto &#8220;Un camino en el mar&#8221;. SABATO 18 MAGGIO alle 20.30 nel salone parrocchiale di Cavarzano di via Castellani. Info 328 0885987<\/p>\n<blockquote><p>La musica d&#8217;autore latinoamericana delle canzoni del cantautore italo uruguayo Angel Galzerano accompagnato dal polistrumentista Giorgio Guindani e le suggestioni delle Tabla indiane suonate da Maurizio Murdocca rivelano un nuovo territorio musicale dove i suoni dimenticano le frontiere.<\/p><\/blockquote>\n<p>&nbsp;<\/p>\n<p>&nbsp;<\/p>\n<p>&nbsp;<\/p>\n<h2><\/h2>\n<p>&nbsp;<\/p>\n<p>&nbsp;<\/p>\n<h2>100 ANNI FA LA STRADA RINVIATA PER MALTEMPO AL 19 MAGGIO<\/h2>\n<p><strong><a class=\"dt-pswp-item\" href=\"http:\/\/www.radiopiu.net\/wordpress\/wp-content\/uploads\/2019\/05\/Lavori-alla-strada.jpg\" data-dt-img-description=\"\" data-large_image_width=\"1500\" data-large_image_height=\"1975\"><img loading=\"lazy\" decoding=\"async\" class=\"alignleft size-thumbnail wp-image-84277\" src=\"http:\/\/www.radiopiu.net\/wordpress\/wp-content\/uploads\/2019\/05\/Lavori-alla-strada-150x150.jpg\" alt=\"\" width=\"150\" height=\"150\" \/><\/a>SOSPIROLO\u00a0<\/strong> Una ricorrenza speciale: un viaggio nel tempo, nei luoghi e nella storia della gente di Canal del Mis per i cent\u2019anni dalla costruzione della strada. L\u2019evento, dal titolo \u201c100 anni fa la strada!\u201d<strong>, si terr\u00e0 il 19 maggio e non domani <\/strong>si tratta di un\u2019escursione animata con ricostruzioni storiche, personaggi del passato, letture, testimonianze: una giornata unica, che unisce cultura e spettacolo, un\u2019esperienza da vivere per molti locali ma anche per i visitatori<\/p>\n<p>&nbsp;<\/p>\n<h2><\/h2>\n<h2><\/h2>\n<p>&nbsp;<\/p>\n<p>&nbsp;<\/p>\n<p>&nbsp;<\/p>\n<h2>CONFERMATO IL DUATHLON DEL NEVEGAL<\/h2>\n<p><strong>BELLUNO<\/strong> &#8211; Il 12 maggio torna l\u2019appuntamento con il Duallika, il duathlon organizzato dall\u2019associazione Nevegallika. Giunto alla terza edizione, anche per il 2019 il ritrovo \u00e8 previsto domenica mattina davanti al bar Amici da Rudy a Castion, dove prender\u00e0 il via la prima frazione in bicicletta alle ore 10. Subito una salita emozionante lungo la celebre Strada Provinciale del Nevegal che nel 2011 ha visto lo spagnolo Alberto Contador dominare la cronoscalata del Giro d\u2019Italia. L\u2019arrivo in zona cambio per i ciclisti verr\u00e0 installato nel piazzale, davanti alla casetta in legno del Nevegallika, dove prender\u00e0 il via la seconda frazione di corsa. <strong>Ma Vaia, la perturbazione di fine ottobre 2018, non ha risparmiato i sentieri del Nevegal, danneggiati nuovamente dall\u2019ultima nevicata della scorsa settimana. <\/strong><em>\u00abStiamo lavorando ininterrottamente per tracciare un percorso corsa-trail degno del Vallavia, che a causa degli schianti e della neve della scorsa settimana non \u00e8 praticabile e metterlo in sicurezza implica non meno di 5 giorni di lavoro\u00bb, commenta Gianpaolo Garaboni del Nevegallika. \u00abMa a noi ci piace la salita positiva e la prima la incontriamo nella frazione bike Castion &#8211; Nevegal, quindi adesso stiamo definendo un tracciato, probabilmente ad anello da effettuare due volte, che faccia lavorare bene le gambe, il fiato e che permetta di scaricare watt a terra<\/em>. Le iscrizioni sono possibili online all\u2019indirizzo web\u00a0www.traildelnevegal.it\/duallika2019oppure il giorno della gara. Info e aggiornamenti \u201clive\u201d alla pagina Facebook\u00a0www.facebook.com\/TrailDelNevegal\/<\/p>\n<p>&nbsp;<\/p>\n<p>&nbsp;<\/p>\n<p>&nbsp;<\/p>\n<p><strong>TAIBON<\/strong> Sabato 25 maggio alle 20.30 nella sala dell&#8217;ex Municipio di Taibon focus sulla Valle di San Lucano con l&#8217;Associazione Amici dei Minerari &#8220;Il paradiso pu\u00f2 attendere, per la rinascita e per il guinnes world record&#8221;.<\/p>\n<p>&nbsp;<\/p>\n<p>&nbsp;<\/p>\n<h2>IN MESSICO CON WILLIAM DA ROIT&#8230;OVVIAMENTE DI CORSA<\/h2>\n\n\t\t\t<style type='text\/css'>\n\t\t\t\t#gallery-2 {\n\t\t\t\t\tmargin: auto;\n\t\t\t\t}\n\t\t\t\t#gallery-2 .gallery-item {\n\t\t\t\t\tfloat: left;\n\t\t\t\t\tmargin-top: 10px;\n\t\t\t\t\ttext-align: center;\n\t\t\t\t\twidth: 33%;\n\t\t\t\t}\n\t\t\t\t#gallery-2 img {\n\t\t\t\t\tborder: 2px solid #cfcfcf;\n\t\t\t\t}\n\t\t\t\t#gallery-2 .gallery-caption {\n\t\t\t\t\tmargin-left: 0;\n\t\t\t\t}\n\t\t\t\t\/* see gallery_shortcode() in wp-includes\/media.php *\/\n\t\t\t<\/style>\n\t\t<div id='gallery-2' class='dt-gallery-container gallery galleryid-84572 gallery-columns-3 gallery-size-thumbnail'><dl class='gallery-item'>\n\t\t\t\t<dt class='gallery-icon landscape'>\n\t\t\t\t\t<a class=\"rollover\" href='https:\/\/www.radiopiu.net\/wordpress\/giornale-radiopiu-06-maggio-2019-direttore-mirko-mezzacasa\/a52817cd-da08-43a8-b052-61cac6863fd0\/'><img loading=\"lazy\" decoding=\"async\" width=\"150\" height=\"150\" src=\"https:\/\/www.radiopiu.net\/wordpress\/wp-content\/uploads\/2019\/05\/a52817cd-da08-43a8-b052-61cac6863fd0-150x150.jpg\" class=\"attachment-thumbnail size-thumbnail\" alt=\"\" \/><\/a>\n\t\t\t\t<\/dt><\/dl><dl class='gallery-item'>\n\t\t\t\t<dt class='gallery-icon landscape'>\n\t\t\t\t\t<a class=\"rollover\" href='https:\/\/www.radiopiu.net\/wordpress\/giornale-radiopiu-30-aprile-2019-direttore-mirko-mezzacasa\/28e8b47a-5d30-4150-aeaa-d0f981a444ac\/'><img loading=\"lazy\" decoding=\"async\" width=\"150\" height=\"150\" src=\"https:\/\/www.radiopiu.net\/wordpress\/wp-content\/uploads\/2019\/04\/28e8b47a-5d30-4150-aeaa-d0f981a444ac-150x150.jpg\" class=\"attachment-thumbnail size-thumbnail\" alt=\"\" \/><\/a>\n\t\t\t\t<\/dt><\/dl><dl class='gallery-item'>\n\t\t\t\t<dt class='gallery-icon landscape'>\n\t\t\t\t\t<a class=\"rollover\" href='https:\/\/www.radiopiu.net\/wordpress\/dal-messico-con-william-da-roit\/whatsapp-image-2019-05-01-at-00-03-21\/'><img loading=\"lazy\" decoding=\"async\" width=\"150\" height=\"150\" src=\"https:\/\/www.radiopiu.net\/wordpress\/wp-content\/uploads\/2019\/05\/WhatsApp-Image-2019-05-01-at-00.03.21-150x150.jpeg\" class=\"attachment-thumbnail size-thumbnail\" alt=\"\" \/><\/a>\n\t\t\t\t<\/dt><\/dl><br style=\"clear: both\" \/><dl class='gallery-item'>\n\t\t\t\t<dt class='gallery-icon landscape'>\n\t\t\t\t\t<a class=\"rollover\" href='https:\/\/www.radiopiu.net\/wordpress\/giornale-radiopiu-02-maggio-2019-direttore-mirko-mezzacasa\/whatsapp-image-2019-05-02-at-02-43-18-2\/'><img loading=\"lazy\" decoding=\"async\" width=\"150\" height=\"150\" src=\"https:\/\/www.radiopiu.net\/wordpress\/wp-content\/uploads\/2019\/05\/WhatsApp-Image-2019-05-02-at-02.43.18-2-150x150.jpeg\" class=\"attachment-thumbnail size-thumbnail\" alt=\"\" \/><\/a>\n\t\t\t\t<\/dt><\/dl><dl class='gallery-item'>\n\t\t\t\t<dt class='gallery-icon portrait'>\n\t\t\t\t\t<a class=\"rollover\" href='https:\/\/www.radiopiu.net\/wordpress\/giornale-radiopiu-03-maggio-2019-direttore-mirko-mezzacasa\/29899f9a-e342-4383-9910-da7afec9f2e6\/'><img loading=\"lazy\" decoding=\"async\" width=\"150\" height=\"150\" src=\"https:\/\/www.radiopiu.net\/wordpress\/wp-content\/uploads\/2019\/05\/29899f9a-e342-4383-9910-da7afec9f2e6-150x150.jpg\" class=\"attachment-thumbnail size-thumbnail\" alt=\"\" \/><\/a>\n\t\t\t\t<\/dt><\/dl><dl class='gallery-item'>\n\t\t\t\t<dt class='gallery-icon landscape'>\n\t\t\t\t\t<a class=\"rollover\" href='https:\/\/www.radiopiu.net\/wordpress\/whatsapp-image-2019-05-03-at-21-53-26\/'><img loading=\"lazy\" decoding=\"async\" width=\"150\" height=\"150\" src=\"https:\/\/www.radiopiu.net\/wordpress\/wp-content\/uploads\/2019\/05\/WhatsApp-Image-2019-05-03-at-21.53.26-150x150.jpeg\" class=\"attachment-thumbnail size-thumbnail\" alt=\"\" \/><\/a>\n\t\t\t\t<\/dt><\/dl><br style=\"clear: both\" \/><dl class='gallery-item'>\n\t\t\t\t<dt class='gallery-icon landscape'>\n\t\t\t\t\t<a class=\"rollover\" href='https:\/\/www.radiopiu.net\/wordpress\/whatsapp-image-2019-05-03-at-23-37-11\/'><img loading=\"lazy\" decoding=\"async\" width=\"150\" height=\"150\" src=\"https:\/\/www.radiopiu.net\/wordpress\/wp-content\/uploads\/2019\/05\/WhatsApp-Image-2019-05-03-at-23.37.11-150x150.jpeg\" class=\"attachment-thumbnail size-thumbnail\" alt=\"\" \/><\/a>\n\t\t\t\t<\/dt><\/dl><dl class='gallery-item'>\n\t\t\t\t<dt class='gallery-icon portrait'>\n\t\t\t\t\t<a class=\"rollover\" href='https:\/\/www.radiopiu.net\/wordpress\/in-messico-con-william-da-roit-ovviamente-di-corsa\/whatsapp-image-2019-05-04-at-18-51-35\/'><img loading=\"lazy\" decoding=\"async\" width=\"150\" height=\"150\" src=\"https:\/\/www.radiopiu.net\/wordpress\/wp-content\/uploads\/2019\/05\/WhatsApp-Image-2019-05-04-at-18.51.35-150x150.jpeg\" class=\"attachment-thumbnail size-thumbnail\" alt=\"\" \/><\/a>\n\t\t\t\t<\/dt><\/dl>\n\t\t\t\t<br style='clear: both' \/>\n\t\t\t<\/div>\n\n<p><strong>AUDIO 06 4 MAGGIO 2019<\/strong><\/p>\n<audio class=\"wp-audio-shortcode\" id=\"audio-84572-7\" preload=\"none\" style=\"width: 100%;\" controls=\"controls\"><source type=\"audio\/mpeg\" src=\"http:\/\/www.radiopiu.net\/wordpress\/wp-content\/uploads\/2019\/05\/WILLIAM-4.mp3?_=7\" \/><a href=\"http:\/\/www.radiopiu.net\/wordpress\/wp-content\/uploads\/2019\/05\/WILLIAM-4.mp3\">http:\/\/www.radiopiu.net\/wordpress\/wp-content\/uploads\/2019\/05\/WILLIAM-4.mp3<\/a><\/audio>\n<p><strong>AUDIO 05 3 MAGGIO 2019<\/strong><\/p>\n<audio class=\"wp-audio-shortcode\" id=\"audio-84572-8\" preload=\"none\" style=\"width: 100%;\" controls=\"controls\"><source type=\"audio\/mpeg\" src=\"http:\/\/www.radiopiu.net\/wordpress\/wp-content\/uploads\/2019\/05\/WILLIAM-3.mp3?_=8\" \/><a href=\"http:\/\/www.radiopiu.net\/wordpress\/wp-content\/uploads\/2019\/05\/WILLIAM-3.mp3\">http:\/\/www.radiopiu.net\/wordpress\/wp-content\/uploads\/2019\/05\/WILLIAM-3.mp3<\/a><\/audio>\n<p><strong>AUDIO 04 2 MAGGIO 2019<\/strong><\/p>\n<audio class=\"wp-audio-shortcode\" id=\"audio-84572-9\" preload=\"none\" style=\"width: 100%;\" controls=\"controls\"><source type=\"audio\/mpeg\" src=\"http:\/\/www.radiopiu.net\/wordpress\/wp-content\/uploads\/2019\/05\/WILLIAM-2.mp3?_=9\" \/><a href=\"http:\/\/www.radiopiu.net\/wordpress\/wp-content\/uploads\/2019\/05\/WILLIAM-2.mp3\">http:\/\/www.radiopiu.net\/wordpress\/wp-content\/uploads\/2019\/05\/WILLIAM-2.mp3<\/a><\/audio>\n<p><strong>AUDIO 03 1 MAGGIO 2019<\/strong><\/p>\n<audio class=\"wp-audio-shortcode\" id=\"audio-84572-10\" preload=\"none\" style=\"width: 100%;\" controls=\"controls\"><source type=\"audio\/mpeg\" src=\"http:\/\/www.radiopiu.net\/wordpress\/wp-content\/uploads\/2019\/05\/WILLIAM-1.mp3?_=10\" \/><a href=\"http:\/\/www.radiopiu.net\/wordpress\/wp-content\/uploads\/2019\/05\/WILLIAM-1.mp3\">http:\/\/www.radiopiu.net\/wordpress\/wp-content\/uploads\/2019\/05\/WILLIAM-1.mp3<\/a><\/audio>\n<p style=\"text-align: left;\"><strong>AUDIO 01 MAGGIO 2019<\/strong><\/p>\n<audio class=\"wp-audio-shortcode\" id=\"audio-84572-11\" preload=\"none\" style=\"width: 100%;\" controls=\"controls\"><source type=\"audio\/mpeg\" src=\"http:\/\/www.radiopiu.net\/wordpress\/wp-content\/uploads\/2019\/05\/WILLIAM.mp3?_=11\" \/><a href=\"http:\/\/www.radiopiu.net\/wordpress\/wp-content\/uploads\/2019\/05\/WILLIAM.mp3\">http:\/\/www.radiopiu.net\/wordpress\/wp-content\/uploads\/2019\/05\/WILLIAM.mp3<\/a><\/audio>\n<p><strong>PRECEDENTE 30 APRILE 2019<\/strong><\/p>\n<audio class=\"wp-audio-shortcode\" id=\"audio-84572-12\" preload=\"none\" style=\"width: 100%;\" controls=\"controls\"><source type=\"audio\/mpeg\" src=\"http:\/\/www.radiopiu.net\/wordpress\/wp-content\/uploads\/2019\/04\/WILLIAM-DA-ROIT.mp3?_=12\" \/><a href=\"http:\/\/www.radiopiu.net\/wordpress\/wp-content\/uploads\/2019\/04\/WILLIAM-DA-ROIT.mp3\">http:\/\/www.radiopiu.net\/wordpress\/wp-content\/uploads\/2019\/04\/WILLIAM-DA-ROIT.mp3<\/a><\/audio>\n<h2><\/h2>\n<p>&nbsp;<\/p>\n<p>&nbsp;<\/p>\n<p><a class=\"dt-pswp-item\" href=\"http:\/\/www.radiopiu.net\/wordpress\/wp-content\/uploads\/2018\/09\/viabilita.jpeg\" data-dt-img-description=\"\" data-large_image_width=\"800\" data-large_image_height=\"100\"><img loading=\"lazy\" decoding=\"async\" class=\"alignnone size-full wp-image-61954\" src=\"http:\/\/www.radiopiu.net\/wordpress\/wp-content\/uploads\/2018\/09\/viabilita.jpeg\" alt=\"\" width=\"800\" height=\"100\" srcset=\"https:\/\/www.radiopiu.net\/wordpress\/wp-content\/uploads\/2018\/09\/viabilita.jpeg 800w, https:\/\/www.radiopiu.net\/wordpress\/wp-content\/uploads\/2018\/09\/viabilita-300x38.jpeg 300w, https:\/\/www.radiopiu.net\/wordpress\/wp-content\/uploads\/2018\/09\/viabilita-768x96.jpeg 768w\" sizes=\"auto, (max-width: 800px) 100vw, 800px\" \/><\/a><\/p>\n<p><strong>REGIONALE 203 AGORDINA<\/strong> Dal 6 al 31 maggio esclusi festivi e prefestivi, senso unico alternato in localit\u00e0 Rucava, possibili brevi interruzioni fino a 15 minuti.<\/p>\n<p><strong>PROVINCIALE 8 DI SAN TOMASO<\/strong> Dal 29 aprile al 28 giugno (esclusi festivi e prefestivi) senso unico alternato tra Pian Molin e Roi<\/p>\n<p><strong>PROVINCIALE 563 DI SALESEI<\/strong> Dal 6 maggio AL 14 giugno\u00a0 In localit\u00e0 Sopracordevole in Comune di Rocca Pietore senso unico alternato con semaforo o movieri e divieto di transito ai mezzi con massa superiore a 7,5 tonellate.<\/p>\n<p><strong>REGIONALE 203 AGORDINA<\/strong> Fino al 6 maggio (esclusi festivi e prefestivi) senso unico alternato regolato da semaforo in localit\u00e0 Rucav\u00e0 (Alleghe) per lavori di messa in sicurezza ciglio stradale<\/p>\n<p>&nbsp;<\/p>\n<p>&nbsp;<\/p>\n<h2><img loading=\"lazy\" decoding=\"async\" class=\"alignleft wp-image-60761 \" src=\"http:\/\/www.radiopiu.net\/wordpress\/wp-content\/uploads\/2018\/09\/sport.jpg\" alt=\"\" width=\"992\" height=\"124\" srcset=\"https:\/\/www.radiopiu.net\/wordpress\/wp-content\/uploads\/2018\/09\/sport.jpg 800w, https:\/\/www.radiopiu.net\/wordpress\/wp-content\/uploads\/2018\/09\/sport-300x38.jpg 300w, https:\/\/www.radiopiu.net\/wordpress\/wp-content\/uploads\/2018\/09\/sport-768x96.jpg 768w\" sizes=\"auto, (max-width: 992px) 100vw, 992px\" \/><\/h2>\n<p>&nbsp;<\/p>\n<h2><\/h2>\n<h2><\/h2>\n<p>&nbsp;<\/p>\n<blockquote class=\"wp-embedded-content\" data-secret=\"EfxhrzNhaB\"><p><a href=\"https:\/\/www.radiopiu.net\/wordpress\/sport-calcio-e-volley-seguiti-da-radio-piu\/\">SPORT: CALCIO E VOLLEY SEGUITI DA RADIO PIU&#8217;<\/a><\/p><\/blockquote>\n<p><iframe loading=\"lazy\" class=\"wp-embedded-content\" sandbox=\"allow-scripts\" security=\"restricted\" style=\"position: absolute; clip: rect(1px, 1px, 1px, 1px);\" src=\"https:\/\/www.radiopiu.net\/wordpress\/sport-calcio-e-volley-seguiti-da-radio-piu\/embed\/#?secret=EfxhrzNhaB\" data-secret=\"EfxhrzNhaB\" width=\"600\" height=\"338\" title=\"&#8220;SPORT: CALCIO E VOLLEY SEGUITI DA RADIO PIU&#8217;&#8221; &#8212; Radio Pi\u00f9\" frameborder=\"0\" marginwidth=\"0\" marginheight=\"0\" scrolling=\"no\"><\/iframe><\/p>\n<p>&nbsp;<\/p>\n<p>&nbsp;<\/p>\n<h2><a class=\"dt-pswp-item\" href=\"http:\/\/www.radiopiu.net\/wordpress\/wp-content\/uploads\/2019\/05\/FontanaKaffer-AudiR8LMS-Vallelunga.jpg\" data-dt-img-description=\"\" data-large_image_width=\"4896\" data-large_image_height=\"3264\"><img loading=\"lazy\" decoding=\"async\" class=\"alignleft wp-image-84626\" src=\"http:\/\/www.radiopiu.net\/wordpress\/wp-content\/uploads\/2019\/05\/FontanaKaffer-AudiR8LMS-Vallelunga-300x200.jpg\" alt=\"\" width=\"162\" height=\"108\" srcset=\"https:\/\/www.radiopiu.net\/wordpress\/wp-content\/uploads\/2019\/05\/FontanaKaffer-AudiR8LMS-Vallelunga-300x200.jpg 300w, https:\/\/www.radiopiu.net\/wordpress\/wp-content\/uploads\/2019\/05\/FontanaKaffer-AudiR8LMS-Vallelunga-768x512.jpg 768w, https:\/\/www.radiopiu.net\/wordpress\/wp-content\/uploads\/2019\/05\/FontanaKaffer-AudiR8LMS-Vallelunga-1024x683.jpg 1024w\" sizes=\"auto, (max-width: 162px) 100vw, 162px\" \/><\/a><\/h2>\n<h2>A VALLELUNGA FONTANA PORTA L&#8217;AUDI SUL PODIO DELLA GRAN TURISMO SPRINT<\/h2>\n<p><strong>DI ROBERTO BONA\u00a0<\/strong><\/p>\n<audio class=\"wp-audio-shortcode\" id=\"audio-84572-13\" preload=\"none\" style=\"width: 100%;\" controls=\"controls\"><source type=\"audio\/mpeg\" src=\"http:\/\/www.radiopiu.net\/wordpress\/wp-content\/uploads\/2019\/05\/FONTANA.mp3?_=13\" \/><a href=\"http:\/\/www.radiopiu.net\/wordpress\/wp-content\/uploads\/2019\/05\/FONTANA.mp3\">http:\/\/www.radiopiu.net\/wordpress\/wp-content\/uploads\/2019\/05\/FONTANA.mp3<\/a><\/audio>\n<p>&nbsp;<\/p>\n<p>&nbsp;<\/p>\n<p>&nbsp;<\/p>\n<h2>FESTA IN FAMIGLIA IN CASA DEL CAMPIONE<\/h2>\n<p><strong>VOLTAGO<\/strong> Marco Tormen ha salutato i suoi fans presentando la stagione in corso. Va sempre pi\u00f9\u00a0 forte il pilota di go kart di Voltago sempre spalleggiato e supportato dal tecnico meccanico di casa, il fratello Luca e dal manager, cuciniere, autista, factotum, amico e soprattutto pap\u00e0 Massimo. Ad accogliere gli amici di Marco e Luca l&#8217;intera famiglia mamma Elisabetta compresa. Per Marco strette di mani, ricordi davanti ai tanti trofei ma anche al primo casco o al primo artigianale telaio di go kart. Emozioni tra fotografie, berrettini magliette e quella vecchia foto di pap\u00e0 Massimo davanti alla Lancia Montecarlo per quella dei motori tra i maschi di famiglia \u00e8 passione incarnata. Marco ha pure spiegato come si allena quando \u00e8 lontano dai circuiti, sul suo simulatore e ha fatto provare l&#8217;ebbrezza delle guida ad alta velocit\u00e0 anche agli ospiti. Alla festa anche Andrea Selle che da piccolo ha provato a premere il piede in pista, ma ha poi preferito il calcio e oggi \u00e8 una delle promesse del calcio agordino. Tutti i particolari nel video realizzato a Voltago<\/p>\n<p><strong>MARCO TORMEN<\/strong><\/p>\n<audio class=\"wp-audio-shortcode\" id=\"audio-84572-14\" preload=\"none\" style=\"width: 100%;\" controls=\"controls\"><source type=\"audio\/mpeg\" src=\"http:\/\/www.radiopiu.net\/wordpress\/wp-content\/uploads\/2019\/05\/LUCA.mp3?_=14\" \/><a href=\"http:\/\/www.radiopiu.net\/wordpress\/wp-content\/uploads\/2019\/05\/LUCA.mp3\">http:\/\/www.radiopiu.net\/wordpress\/wp-content\/uploads\/2019\/05\/LUCA.mp3<\/a><\/audio>\n<p>&nbsp;<\/p>\n<p>DIRETTA FACEBOOK<\/p>\n<div id=\"fb-root\"><\/div>\n<p><script async=\"1\" defer=\"1\" crossorigin=\"anonymous\" src=\"https:\/\/connect.facebook.net\/it_IT\/sdk.js#xfbml=1&amp;version=v6.0\"><\/script><\/p>\n<div class=\"fb-video\" data-href=\"https:\/\/www.facebook.com\/mirko.mezzacasa\/videos\/10219625408572618\/\" data-width=\"1200\">\n<blockquote cite=\"https:\/\/www.facebook.com\/mirko.mezzacasa\/videos\/10219625408572618\/\" class=\"fb-xfbml-parse-ignore\"><p><a href=\"https:\/\/www.facebook.com\/mirko.mezzacasa\/videos\/10219625408572618\/\"><\/a><\/p>\n<p>MARCO TORMEN, CAMPIONE AGORDINOKART FEST A VOLTAGO&#8230;.. IN CASA TORMEN&#8230;.<\/p>\n<p>Pubblicato da <a href=\"https:\/\/www.facebook.com\/mirko.mezzacasa\">Mirko Mezzacasa<\/a> su Sabato 4 maggio 2019<\/p><\/blockquote>\n<\/div>\n<p>&nbsp;<\/p>\n<p>&nbsp;<\/p>\n<p>&nbsp;<\/p>\n<h2 style=\"text-align: left;\"><a class=\"dt-pswp-item\" href=\"http:\/\/www.radiopiu.net\/wordpress\/wp-content\/uploads\/2019\/05\/StiwMarcon.jpg\" data-dt-img-description=\"StiwMarcon\" data-large_image_width=\"1106\" data-large_image_height=\"649\"><img loading=\"lazy\" decoding=\"async\" class=\"wp-image-84621 alignleft\" src=\"http:\/\/www.radiopiu.net\/wordpress\/wp-content\/uploads\/2019\/05\/StiwMarcon-150x150.jpg\" alt=\"\" width=\"108\" height=\"108\" \/><\/a><\/h2>\n<h2 style=\"text-align: left;\">ALPE DEL NEVEGAL, TRA UNA SETTIMANA LA PRESENTAZIONE<\/h2>\n<p>di ROBERTO BONA<\/p>\n<p>foto Stiw Marcon<\/p>\n<audio class=\"wp-audio-shortcode\" id=\"audio-84572-15\" preload=\"none\" style=\"width: 100%;\" controls=\"controls\"><source type=\"audio\/mpeg\" src=\"http:\/\/www.radiopiu.net\/wordpress\/wp-content\/uploads\/2019\/05\/ALPE-DEL-NEVEGAL.mp3?_=15\" \/><a href=\"http:\/\/www.radiopiu.net\/wordpress\/wp-content\/uploads\/2019\/05\/ALPE-DEL-NEVEGAL.mp3\">http:\/\/www.radiopiu.net\/wordpress\/wp-content\/uploads\/2019\/05\/ALPE-DEL-NEVEGAL.mp3<\/a><\/audio>\n<p>&nbsp;<\/p>\n<div id=\"attachment_84624\" style=\"width: 1825px\" class=\"wp-caption alignleft\"><a class=\"dt-pswp-item\" href=\"http:\/\/www.radiopiu.net\/wordpress\/wp-content\/uploads\/2019\/05\/DenisMezzacasa.jpg\" data-dt-img-description=\"DenisMezzacasa\" data-large_image_width=\"1815\" data-large_image_height=\"1210\"><img loading=\"lazy\" decoding=\"async\" aria-describedby=\"caption-attachment-84624\" class=\" wp-image-84624\" src=\"http:\/\/www.radiopiu.net\/wordpress\/wp-content\/uploads\/2019\/05\/DenisMezzacasa-300x200.jpg\" alt=\"\" width=\"178\" height=\"119\" srcset=\"https:\/\/www.radiopiu.net\/wordpress\/wp-content\/uploads\/2019\/05\/DenisMezzacasa-300x200.jpg 300w, https:\/\/www.radiopiu.net\/wordpress\/wp-content\/uploads\/2019\/05\/DenisMezzacasa-768x512.jpg 768w, https:\/\/www.radiopiu.net\/wordpress\/wp-content\/uploads\/2019\/05\/DenisMezzacasa-1024x683.jpg 1024w, https:\/\/www.radiopiu.net\/wordpress\/wp-content\/uploads\/2019\/05\/DenisMezzacasa.jpg 1815w\" sizes=\"auto, (max-width: 178px) 100vw, 178px\" \/><\/a><p id=\"caption-attachment-84624\" class=\"wp-caption-text\"><strong>DenisMezzacasa<\/strong><\/p><\/div>\n<div id=\"attachment_84623\" style=\"width: 1630px\" class=\"wp-caption alignleft\"><a class=\"dt-pswp-item\" href=\"http:\/\/www.radiopiu.net\/wordpress\/wp-content\/uploads\/2019\/05\/OmarMagliona.jpg\" data-dt-img-description=\"OmarMagliona\" data-large_image_width=\"1620\" data-large_image_height=\"1080\"><img loading=\"lazy\" decoding=\"async\" aria-describedby=\"caption-attachment-84623\" class=\" wp-image-84623\" src=\"http:\/\/www.radiopiu.net\/wordpress\/wp-content\/uploads\/2019\/05\/OmarMagliona-300x200.jpg\" alt=\"\" width=\"175\" height=\"116\" srcset=\"https:\/\/www.radiopiu.net\/wordpress\/wp-content\/uploads\/2019\/05\/OmarMagliona-300x200.jpg 300w, https:\/\/www.radiopiu.net\/wordpress\/wp-content\/uploads\/2019\/05\/OmarMagliona-768x512.jpg 768w, https:\/\/www.radiopiu.net\/wordpress\/wp-content\/uploads\/2019\/05\/OmarMagliona-1024x683.jpg 1024w, https:\/\/www.radiopiu.net\/wordpress\/wp-content\/uploads\/2019\/05\/OmarMagliona.jpg 1620w\" sizes=\"auto, (max-width: 175px) 100vw, 175px\" \/><\/a><p id=\"caption-attachment-84623\" class=\"wp-caption-text\"><strong>OmarMagliona<\/strong><\/p><\/div>\n<div id=\"attachment_84622\" style=\"width: 3466px\" class=\"wp-caption alignleft\"><a class=\"dt-pswp-item\" href=\"http:\/\/www.radiopiu.net\/wordpress\/wp-content\/uploads\/2019\/05\/RudyBicciato.jpg\" data-dt-img-description=\"RudyBicciato\" data-large_image_width=\"3456\" data-large_image_height=\"2304\"><img loading=\"lazy\" decoding=\"async\" aria-describedby=\"caption-attachment-84622\" class=\" wp-image-84622\" src=\"http:\/\/www.radiopiu.net\/wordpress\/wp-content\/uploads\/2019\/05\/RudyBicciato-300x200.jpg\" alt=\"\" width=\"180\" height=\"120\" srcset=\"https:\/\/www.radiopiu.net\/wordpress\/wp-content\/uploads\/2019\/05\/RudyBicciato-300x200.jpg 300w, https:\/\/www.radiopiu.net\/wordpress\/wp-content\/uploads\/2019\/05\/RudyBicciato-768x512.jpg 768w, https:\/\/www.radiopiu.net\/wordpress\/wp-content\/uploads\/2019\/05\/RudyBicciato-1024x683.jpg 1024w\" sizes=\"auto, (max-width: 180px) 100vw, 180px\" \/><\/a><p id=\"caption-attachment-84622\" class=\"wp-caption-text\"><strong>RudyBicciato<\/strong><\/p><\/div>\n<p>&nbsp;<\/p>\n<p>&nbsp;<\/p>\n<h2><\/h2>\n<h2><\/h2>\n<h2><\/h2>\n<h2><\/h2>\n<h2><\/h2>\n<h2>LA NUOVA STAGIONE DEL TENNIS AD AGORDO<\/h2>\n<blockquote><p><strong><em><a class=\"dt-pswp-item\" href=\"http:\/\/www.radiopiu.net\/wordpress\/wp-content\/uploads\/2017\/02\/tennis.jpg\" data-dt-img-description=\"\" data-large_image_width=\"259\" data-large_image_height=\"194\"><img loading=\"lazy\" decoding=\"async\" class=\"alignleft size-thumbnail wp-image-28046\" src=\"http:\/\/www.radiopiu.net\/wordpress\/wp-content\/uploads\/2017\/02\/tennis-150x150.jpg\" alt=\"\" width=\"150\" height=\"150\" \/><\/a><\/em><\/strong><\/p>\n<p><b><i>SPECIALE TENNIS AGORDO, LA NUOVA STAGIONE<\/i><\/b><\/p>\n<h3>Matteo Reolon, Flavio Coleselli e Loris Dalle Vedove ci parlano della nuova stagione del Tennis Club Agordo<\/h3>\n<\/blockquote>\n<audio class=\"wp-audio-shortcode\" id=\"audio-84572-16\" preload=\"none\" style=\"width: 100%;\" controls=\"controls\"><source type=\"audio\/mpeg\" src=\"http:\/\/www.radiopiu.net\/wordpress\/wp-content\/uploads\/2019\/05\/tennis.mp3?_=16\" \/><a href=\"http:\/\/www.radiopiu.net\/wordpress\/wp-content\/uploads\/2019\/05\/tennis.mp3\">http:\/\/www.radiopiu.net\/wordpress\/wp-content\/uploads\/2019\/05\/tennis.mp3<\/a><\/audio>\n<p>&nbsp;<\/p>\n<p>&nbsp;<\/p>\n<p>&nbsp;<\/p>\n<p><b><span style=\"font-size: large;\">LO SCI DI FONDO REGIONALE IN PASSERELLA DA SPORTFUL<\/span><\/b><\/p>\n<p><b>Sabato 4 maggio le premiazioni della Coppa Veneto 2018-2019<\/b><\/p>\n<p><a class=\"dt-pswp-item\" href=\"http:\/\/www.radiopiu.net\/wordpress\/wp-content\/uploads\/2019\/05\/coppa-veneto-trofeo-sportful-2018-2019-I-leader-premiati-a-Fonzaso-Manifattura-Valcismon-1.jpg\" data-dt-img-description=\"\" data-large_image_width=\"1500\" data-large_image_height=\"1000\"><img loading=\"lazy\" decoding=\"async\" class=\"alignleft wp-image-84639 size-full\" src=\"http:\/\/www.radiopiu.net\/wordpress\/wp-content\/uploads\/2019\/05\/coppa-veneto-trofeo-sportful-2018-2019-I-leader-premiati-a-Fonzaso-Manifattura-Valcismon-1.jpg\" alt=\"\" width=\"1500\" height=\"1000\" srcset=\"https:\/\/www.radiopiu.net\/wordpress\/wp-content\/uploads\/2019\/05\/coppa-veneto-trofeo-sportful-2018-2019-I-leader-premiati-a-Fonzaso-Manifattura-Valcismon-1.jpg 1500w, https:\/\/www.radiopiu.net\/wordpress\/wp-content\/uploads\/2019\/05\/coppa-veneto-trofeo-sportful-2018-2019-I-leader-premiati-a-Fonzaso-Manifattura-Valcismon-1-300x200.jpg 300w, https:\/\/www.radiopiu.net\/wordpress\/wp-content\/uploads\/2019\/05\/coppa-veneto-trofeo-sportful-2018-2019-I-leader-premiati-a-Fonzaso-Manifattura-Valcismon-1-768x512.jpg 768w, https:\/\/www.radiopiu.net\/wordpress\/wp-content\/uploads\/2019\/05\/coppa-veneto-trofeo-sportful-2018-2019-I-leader-premiati-a-Fonzaso-Manifattura-Valcismon-1-1024x683.jpg 1024w\" sizes=\"auto, (max-width: 1500px) 100vw, 1500px\" \/><\/a><\/p>\n<p><span style=\"color: #000000; font-family: verdana, sans-serif;\">\u00a0Sabato 4 maggio si sono svolte le premiazioni della Coppa Veneto \u2013 Trofeo Sportful, il circuito della Fisi regionale dello sci di fondo la cui classifica ha tenuto conto dei punteggi ottenuti nelle cinque prove di campionato regionale, disputatesi tra Padola, Falcade, Conca dei Parpari e Asiago. Un\u2019iniziativa che la commissione fondo ha proposto nell\u2019inverno 2018-2019 con il supporto di Sportful e che proprio nella sede di Sportful, a\u00a0 Fonzaso (Belluno) ha celebrato l\u2019atto finale, le premiazioni.\u00a0 \u00abGrazie a Sportful che, ancora una volta, \u00e8 al nostro fianco: avere il supporto di aziende come quella di Fonzaso \u00e8 fondamentale per la nostra attivit\u00e0, cos\u00ec come \u00e8 fondamentale il supporto degli sci club e dei genitori che con passione seguono i ragazzi\u00bb ha affermato il presidente del comitato regionale Fisi Veneto, Roberto Bortoluzzi.<br \/>\n\u00abQuesta Coppa Veneto si \u00e8 rivelata un\u2019idea vincente e la grande partecipazione alle premiazioni lo dimostra\u00bb cos\u00ec Elvezio Antoniol, responsabile tecnico dello sci di fondo regionale. \u00abSiamo partiti con il piede giusto e vogliamo crescere. Mi piace poi sottolineare come per noi la scorsa stagione sia stata ottima anche a livello nazionale: ci siamo classificati al secondo posto nella graduatoria italiana per comitati, conquistando diversi podi e diversi titoli ai campionati italiani. La speranza \u00e8 quella di poter ripetere questi risultati nell\u2019inverno 2019-2020\u00bb. \u00abSportful \u00e8 da sempre vicina alla base perch\u00e9 \u00e8 la base, sono i ragazzi, la vera forza del movimento\u00bb ha sottolineato Alessio Cremonese, amministratore delegato di Sportful, intervenuto alle premiazioni insieme al padre Giordano. \u00abIl nostro supporto alla Coppa Veneto vuole essere un modo per aiutare i ragazzi a crescere, attraverso un sano agonismo. Con la speranza che un giorno posso nascere un campione, capace di vincere medaglie mondiali e olimpiche\u00bb.<\/span><\/p>\n<p><strong><span style=\"color: #000000; font-family: verdana, sans-serif;\">Le graduatorie. <\/span><\/strong><span style=\"color: #000000; font-family: verdana, sans-serif;\">Ragazze (under 14): 1. Giorgia Dal Ben (Bosco); 2. Vanessa Dallago (Cortina); 3. Kristel Frigo (Asiago); 4. Giorgia Grossule (Bosco); 5. Giulia Erbisti (Rover\u00e8).\u00a0 Ragazzi (under 14): 1. Simone Scandolara (Bosco); 2. Marco Pomar\u00e8 (Valpadola); 3. Enrico Barp (Castionese); 4. Matteo Alver\u00e0 (Cortina); 5. Riccardo Benedetti (Bosco). Allieve (under 16): 1. Iris De Martin Pinter (Valpadola); 2. Maria Sole Cona (Bosco); 3. Matilde Pante (Sovramonte); 4. Roberta Cenci (Enego Lisser); 5. Jessica Pavan (Cortina). Allievi (under 16): 1. Andrea Zorzi (Ski College Veneto Falcade); 2. Alex Massella (Bosco); 3. Giacomo Schivo (Gallio); 4. Leonardo Busin (Val Biois); 5. Alex Serafini (Val Biois).\u00a0 Aspiranti femminile (under 18): 1. Antonella Dallago (Cortina); 2. Lucia De Lorenzo Tobolo (Valpadola); 3. Maria Stella Pellegrino (Val Biois); 4. Gioia VAgretti (Ski College Falcade); 5. Piera De Candido (Castionese). Aspiranti maschile (under 18): 1. Elia Barp (Ski College Veneto Falcade); 2. Riccardo Lorenzo Masiero (Montebelluna); 3. Pietro Pomari (Bosco); 4. Filippo Sartori (Gallio); 5. Luca Brancaleone (Val Biois) e Andrea Bompard (Ski College Veneto Falcade). Juniores femminile (under 20): 1. Giulia Facen (Sovramonte); 2. Giorgia Rigoni (Asiago); 3. Verena De Grandi (Sci nordico Marmolada); 4. Kristin Moretti (Cortina); 5. Eleonora Busin (Cortina). Juniores maschile (under 20): 1. Stefano Dal Magro (Val Biois); 2. Augusto Celon (Carabinieri); 3. Mattia Simonetto (Val Biois); 4. Nicol\u00f2 Rossi (Val Biois); 5. Andrea Francesco Osta (Valpadola). Seniores femminile: 1. Anna Bolzan (Orsago); 2. Francesca Comarella (Cus Parma); 3. Lisa Bolzan (Orsago); 4. Alessandra Da Ros (Vasabroke Poiana); 5. Vania Zanatta (Sci fondo Treviso).<br \/>\nSeniores maschile: 1. Marcello De Martin Bianco (Valpadola); 2. Mauro Zorzi (Fiemme); 3. Valentino De Martin Bianco (Valpadola); 4. Nicola Celon (Bosco); 5. Eudio De Col (La Valle Agordina).<\/span><\/p>\n<p>&nbsp;<\/p>\n<p>&nbsp;<\/p>\n<p>&nbsp;<\/p>\n<p><b><a class=\"dt-pswp-item\" href=\"http:\/\/www.radiopiu.net\/wordpress\/wp-content\/uploads\/2018\/09\/WhatsApp-Image-2018-09-20-at-16.04.06.jpeg\" data-dt-img-description=\"\" data-large_image_width=\"800\" data-large_image_height=\"100\"><img loading=\"lazy\" decoding=\"async\" class=\"alignleft wp-image-61378 \" src=\"http:\/\/www.radiopiu.net\/wordpress\/wp-content\/uploads\/2018\/09\/WhatsApp-Image-2018-09-20-at-16.04.06.jpeg\" alt=\"\" width=\"1008\" height=\"126\" srcset=\"https:\/\/www.radiopiu.net\/wordpress\/wp-content\/uploads\/2018\/09\/WhatsApp-Image-2018-09-20-at-16.04.06.jpeg 800w, https:\/\/www.radiopiu.net\/wordpress\/wp-content\/uploads\/2018\/09\/WhatsApp-Image-2018-09-20-at-16.04.06-300x38.jpeg 300w, https:\/\/www.radiopiu.net\/wordpress\/wp-content\/uploads\/2018\/09\/WhatsApp-Image-2018-09-20-at-16.04.06-768x96.jpeg 768w\" sizes=\"auto, (max-width: 1008px) 100vw, 1008px\" \/><\/a><\/b><\/p>\n<p>&nbsp;<\/p>\n<p>&nbsp;<\/p>\n<p>&nbsp;<\/p>\n<p><center><\/center><center><\/center><center><b>Lunedi 6<\/b><\/center><b>Tempo atteso: <\/b>Nella notte ed al primo mattino nuvolosit\u00e0 media stratiforme in graduale diradamento con primi rasserenamenti a partire da Ovest, in estensione a tutta la montagna veneta nel corso della mattinata. Al pomeriggio sole e cielo sereno, salvo qualche modesto cumulo, pi\u00f9 presente a ridosso delle vette prealpine. Clima particolarmente fresco per la stagione, ancora assai freddo in alta quota.<br \/>\n<b>Precipitazioni: <\/b>Assenti (0%).<br \/>\n<b>Temperature: <\/b>Minime in diminuzione nelle valli e alle quote medie, pressoch\u00e9 stazionarie o in lieve aumento sulle cime pi\u00f9 alte; massime in generale ripresa, specie nei posti pi\u00f9 assolati. Si prevedono punte di 12\/13\u00b0C nei fondovalle prealpini e di 7\/9\u00b0C a 1000\/1200 m. Su Prealpi a 1500 m min -3\u00b0C max 1\u00b0C, a 2000 m min -6\u00b0C max -2\u00b0C. Su Dolomiti a 2000 m min -7\u00b0C max -3\u00b0C, a 3000 m min -12\u00b0C max -9\u00b0C.<br \/>\n<b>Venti: <\/b>Nelle valli deboli\/moderati di direzione variabile per brezze; in quota moderati\/tesi da Nord-Est al mattino, in attenuazione al pomeriggio, a 15-30 km\/h a 2000 m, a 30-45 km\/h a 3000 m.<\/p>\n<hr \/>\n<p><center><b>Martedi 7<\/b><\/center><b>Tempo atteso: <\/b>Tempo ben soleggiato al mattino, poi cielo sempre pi\u00f9 velato o mascherato per sopraggiungere di nubi alte e medio-alte, anche estese. Aria tersa ed ottima visibilit\u00e0 al primo mattino. Clima freddo all&#8217;alba e ancora un po&#8217; fresco per la stagione.<br \/>\n<b>Precipitazioni: <\/b>Assenti (0%)<br \/>\n<b>Temperature: <\/b>In generale ripresa, eccetto le minime nelle valli che saranno in ulteriore diminuzione. Si prevedono punte di 13\/14\u00b0C nei fondovalle prealpini e di 9\/10\u00b0C a 1000\/1200 m. Su Prealpi a 1500 m min -1\u00b0C max 4\u00b0C, a 2000 m min -3\u00b0C max 0\u00b0C. Su Dolomiti a 2000 m min -4\u00b0C max 1\u00b0C, a 3000 m min -7\u00b0C max -4\u00b0C.<br \/>\n<b>Venti: <\/b>Nelle valli deboli\/moderati di direzione variabile, con qualche rinforzo per brezze notturne; in quota deboli\/moderati da Nord-Ovest al mattino e da Ovest al pomeriggio, a 5-10 km\/h a 2000 m, a 15-20 km\/h a 3000 m.<\/p>\n<hr \/>\n<p><center><b>Mercoledi 8<\/b><\/center>Tempo variabile al mattino, con qualche schiarita e molte nubi. Al pomeriggio graduale peggioramento, conintensificazione della nuvolosit\u00e0 e prime deboli precipitazioni sparse a patire dalle Prealpi occidentali, in estensione a tutta la montagna veneta entro la sera. Il limite neve sar\u00e0 attorno ai 1700\/1900 m. Temperature minime in aumento e massime in lieve diminuzione. Venti deboli\/moderati da Sud-Ovest in quota, in rinforzo al pomeriggio; deboli di direzione variabile nelle valli.<\/p>\n<hr \/>\n<p><center><b>Giovedi 9<\/b><\/center>Tempo perturbato tra la notte e parte del mattino,con cielo molto nuvoloso o coperto, associato a precipitazioni deboli\/moderate, anche diffuse, nevose oltre i 1400\/1600 m. In seguito esaurimento dei fenomeni, attenuazione della nuvolosit\u00e0 e rasserenamenti pomeridiani. Temperature minime in leggera diminuzione e massime in rialzo. Venti in quota moderati\/tesi da Sud-Ovest al mattino, moderati da Nord-Ovest al pomeriggio. Previsore: R.L.Th.<\/p>\n","protected":false},"excerpt":{"rendered":"<p>&nbsp; Il fine settimana nella bufera \u00e8 trascorso tra black out, strade chiuse, alberi sui cavi delle linee elettriche, macchine prive di catene fermate a bordo strada e automobilisti multati, protezione civile al lavoro per monitorare frane e smottamenti sia sopra l&#8217;autostrada A 27 che a Borsoi. Particolarmente colpite le zone dell&#8217;Alpago e Nevegal. Ieri&hellip;<\/p>\n","protected":false},"author":1,"featured_media":84663,"comment_status":"closed","ping_status":"closed","sticky":false,"template":"","format":"standard","meta":{"_monsterinsights_skip_tracking":false,"_monsterinsights_sitenote_active":false,"_monsterinsights_sitenote_note":"","_monsterinsights_sitenote_category":0,"footnotes":""},"categories":[86],"tags":[],"class_list":["post-84572","post","type-post","status-publish","format-standard","has-post-thumbnail","hentry","category-gr","category-86","description-off"],"img_url":"https:\/\/www.radiopiu.net\/wordpress\/wp-content\/uploads\/2019\/05\/59379738_10219634648083600_2839299821645332480_n.jpg","_links":{"self":[{"href":"https:\/\/www.radiopiu.net\/wordpress\/wp-json\/wp\/v2\/posts\/84572","targetHints":{"allow":["GET"]}}],"collection":[{"href":"https:\/\/www.radiopiu.net\/wordpress\/wp-json\/wp\/v2\/posts"}],"about":[{"href":"https:\/\/www.radiopiu.net\/wordpress\/wp-json\/wp\/v2\/types\/post"}],"author":[{"embeddable":true,"href":"https:\/\/www.radiopiu.net\/wordpress\/wp-json\/wp\/v2\/users\/1"}],"replies":[{"embeddable":true,"href":"https:\/\/www.radiopiu.net\/wordpress\/wp-json\/wp\/v2\/comments?post=84572"}],"version-history":[{"count":0,"href":"https:\/\/www.radiopiu.net\/wordpress\/wp-json\/wp\/v2\/posts\/84572\/revisions"}],"wp:featuredmedia":[{"embeddable":true,"href":"https:\/\/www.radiopiu.net\/wordpress\/wp-json\/wp\/v2\/media\/84663"}],"wp:attachment":[{"href":"https:\/\/www.radiopiu.net\/wordpress\/wp-json\/wp\/v2\/media?parent=84572"}],"wp:term":[{"taxonomy":"category","embeddable":true,"href":"https:\/\/www.radiopiu.net\/wordpress\/wp-json\/wp\/v2\/categories?post=84572"},{"taxonomy":"post_tag","embeddable":true,"href":"https:\/\/www.radiopiu.net\/wordpress\/wp-json\/wp\/v2\/tags?post=84572"}],"curies":[{"name":"wp","href":"https:\/\/api.w.org\/{rel}","templated":true}]}}