{"id":84650,"date":"2019-05-06T05:19:50","date_gmt":"2019-05-06T03:19:50","guid":{"rendered":"http:\/\/www.radiopiu.net\/wordpress\/?p=84650"},"modified":"2019-05-08T06:10:59","modified_gmt":"2019-05-08T04:10:59","slug":"auser-col-bel-tiser-associazione-sana","status":"publish","type":"post","link":"https:\/\/www.radiopiu.net\/wordpress\/auser-col-bel-tiser-associazione-sana\/","title":{"rendered":"AUSER COL BEL TISER, ASSOCIAZIONE SANA"},"content":{"rendered":"<h1><\/h1>\n<p><strong> <a class=\"dt-pswp-item\" href=\"http:\/\/www.radiopiu.net\/wordpress\/wp-content\/uploads\/2019\/05\/WhatsApp-Image-2019-04-29-at-20.28.17.jpeg\" data-dt-img-description=\"\" data-large_image_width=\"1600\" data-large_image_height=\"1200\"><img loading=\"lazy\" decoding=\"async\" class=\"alignleft size-thumbnail wp-image-84596\" src=\"http:\/\/www.radiopiu.net\/wordpress\/wp-content\/uploads\/2019\/05\/WhatsApp-Image-2019-04-29-at-20.28.17-150x150.jpeg\" alt=\"\" width=\"150\" height=\"150\" \/><\/a>GOSALDO<\/strong> Erano almeno 60 i soci saliti fino alla sede del circolo Auser di Tiser per ascoltare le parole del presidente Dario Todesco che ha presentato bilancio e programmi.\u00a0 Ai lavori ha presenziato il presidente \u00a0provinciale Auser di Belluno\u00a0 Verena Dall&#8217;Omo, il presidente del Circolo Auser &#8220;El Broi&#8221;\u00a0 Alfio Peratoner, il presidente del Circolo Auser di Pedavena\u00a0 Olivo Zanella, una rappresentanza dell&#8217; Auser Val del Bios di Canale d&#8217;Agordo,\u00a0 Domenico Del Din\u00a0 in rappresentanza del Gav di Agordo\u00a0 e il parroco del Poi Don Fabiano Del Favero .<\/p>\n<p>&nbsp;<\/p>\n<p>di GIANNI SANTOMASO<\/p>\n<audio class=\"wp-audio-shortcode\" id=\"audio-84650-1\" preload=\"none\" style=\"width: 100%;\" controls=\"controls\"><source type=\"audio\/mpeg\" src=\"http:\/\/www.radiopiu.net\/wordpress\/wp-content\/uploads\/2019\/05\/gianni.mp3?_=1\" \/><a href=\"http:\/\/www.radiopiu.net\/wordpress\/wp-content\/uploads\/2019\/05\/gianni.mp3\">http:\/\/www.radiopiu.net\/wordpress\/wp-content\/uploads\/2019\/05\/gianni.mp3<\/a><\/audio>\n<blockquote>\n<h4><em>Alcuni dati del bilancio consuntivo 2018: totale entrate 44.425,81, totale uscite 38.276,68 cosi suddivise\u00a0 uscite per attivit\u00e0 7.180,35 uscite per servizi 31.096,33 e rimanenza cassa al 31-12-2018\u00a0 6.149,13<\/em><\/h4>\n<\/blockquote>\n<p>&nbsp;<\/p>\n<p><strong>LA RELAZIONE DEL PRESIDENTE VALTER TODESCO\u00a0<\/strong><\/p>\n<p><a class=\"dt-pswp-item\" href=\"http:\/\/www.radiopiu.net\/wordpress\/wp-content\/uploads\/2016\/03\/foto_Valter_Dario_Todesco.jpg\" data-dt-img-description=\"\" data-large_image_width=\"200\" data-large_image_height=\"134\"><img loading=\"lazy\" decoding=\"async\" class=\"alignleft wp-image-17191\" src=\"http:\/\/www.radiopiu.net\/wordpress\/wp-content\/uploads\/2016\/03\/foto_Valter_Dario_Todesco-150x134.jpg\" alt=\"\" width=\"182\" height=\"163\" \/><\/a>L\u2019attivit\u00e0 del Circolo \u00e8 svolta principalmente in favore dei nostri associati essendo un Circolo Auser APS (attivit\u00e0 promozione sociale) ma siamo anche chiamati a prestare la nostra disponibilit\u00e0 per quanti possono avere una necessit\u00e0 di aiuto o bisogno, ed in stretta collaborazione con il Circolo \u201cEl Broi\u201d di Agordo effettuiamo degli accompagnamenti, presso le strutture USL, per quelle persone che non hanno la possibilit\u00e0 di farlo in autonomia. Nel 2018, per servizi di volontariato, abbiamo effettuato \u00a0i seguenti accompagnamenti: 47 giornate\/interventi,\u00a0 5 persone assistite 1 uomo e 4 donne,\u00a0 Percorso Km. 2.310,\u00a0 Tempo medio per intervento circa 2,30\/ 3,30 ore per un totale di 136,30 ore,\u00a0 2 volontari impegnati: una donna ed un uomo. Le 47 giornate sono cos\u00ec suddivise: 5 per visite ad Agordo, n. 15 visite a Belluno, n. 1 per visita a Feltre, n. 26 per terapia ad Agordo. Da quanto sopra esposto si pu\u00f2 costatare che per le visite si fa riferimento all\u2019ospedale di Belluno con un aggravio di tempo per il viaggio sia per la persona bisognosa della visita sia per il volontario accompagnatore. Nel mese di giugno, in accordo con ASCA di Agordo ed il Circolo \u201cEl Broi\u201d, \u00e8 stato aperto il Centro Sollievo a Gosaldo presso i locali della canonica messi a disposizione dal Parroco\u00a0 Don Fabiano e gestito per un pomeriggio alla settimana dalla Dott.ssa Stefania Troian con il supporto a turno\u00a0 da 4 nostri volontari . Per quanto riguarda l\u2019attivit\u00e0 sociale del\u00a0 nostro Circolo di seguito vengono elencati i principali eventi effettuati: La prima domenica di gennaio, nei locali del Circolo, \u00e8 stato ospitato il Gruppo Alpini di Tiser per la loro assemblea annuale; Nei primi giorni di febbraio sono stati prodotti i consueti insaccati (salami e cotechini) sfidando le avverse condizioni atmosferiche (nevicata di oltre 40\/ 50 cm.) e per questo v\u00e0 un doveroso ringraziamento a quanti hanno dato il loro contributo lavorativo; nel mese di marzo abbiamo partecipato alla Festa della Donna organizzata a Pedavena dai Circoli Auser di Pedavena, Feltre, Mel e dal nostro; in luglio siamo stati presenti a Sitran <a class=\"dt-pswp-item\" href=\"http:\/\/www.radiopiu.net\/wordpress\/wp-content\/uploads\/2019\/05\/IMG_20190427_151126_resized_20190429_044943222.jpg\" data-dt-img-description=\"\" data-large_image_width=\"1040\" data-large_image_height=\"780\"><img loading=\"lazy\" decoding=\"async\" class=\"size-thumbnail wp-image-84594 alignright\" src=\"http:\/\/www.radiopiu.net\/wordpress\/wp-content\/uploads\/2019\/05\/IMG_20190427_151126_resized_20190429_044943222-150x150.jpg\" alt=\"\" width=\"150\" height=\"150\" \/><\/a>D\u2019Alpago alla festa dell\u2019Auser provinciale portando un nostro contributo gastronomico; in collaborazione con l\u2019Amministrazione Comunale di Gosaldo ci siamo occupati di predisporre e servire un rinfresco in occasione della presentazione della nuova area camper in localit\u00e0 Lambroi di Tiser ( 120\/140 presenti);\u00a0 nel mese di agosto, come da consuetudine, con il sostegno del Comune di Gosaldo abbiamo organizzato e offerto agli ultra settantenni della vallata di Tiser (54 partecipanti) una giornata conviviale con pranzo e musica; con il Gruppo Alpini di Tiser e con tanti altri volontari \u00e8 stata effettuata la festa patronale di San Rocco e ospitato, come ogni anno, l\u2019asta delle anime; il 24 dicembre alla fine della messa natalizia, presso la sede del Circolo, \u00e8 stato offerto del vin brul\u00e8 e panettone; nei giorni antecedenti il Natale abbiamo fatto visita alle persone ospiti della Casa di Soggiorno di Taibon e del polifunzionale di Agordo portando gli auguri del Circolo e lasciando un piccolo dono. Inoltre si \u00e8 provveduto a far visita agli ultra ottantenni residenti nella vallata di Tiser augurando loro buone feste e omaggiandoli di un piccolo pensiero; durante l\u2019anno sono state effettuate diverse cene ben frequentate da nostri Soci. Le attivit\u00e0 di bar aperto pressoche\u2019 tutto l\u2019anno, delle cene, della produzione dei salami e della festa di San Rocco, oltre che creare dei momenti di convivialit\u00e0 e di aggregazione, ci permettono di avere quelle risorse economiche utili per poter continuare a mantenere vivo il nostro Circolo. Nel 2018 abbiamo registrato n. 298 soci ad oggi ci sono gi\u00e0 207 iscritti. Un pensiero va ai nostri soci mancati nel corso del 2018 e nei primi mesi di quest\u2019anno.\u00a0 A voi presenti e a tutti gli altri associati va il mio ringraziamento ed un ringraziamento particolare a tutti quei volontari che offrono il loro tempo per le varie attivit\u00e0. Un doveroso ringraziamento al Comune di Gosaldo per l\u2019utilizzo dei locali in uso al nostro Circolo, all\u2019Auser Provinciale di Belluno nella persona del presidente Verena dall\u2019Omo e dei suoi collaboratori e al Circolo \u201cEl Broi\u201d per la fattiva collaborazione e per l\u2019amicizia che ci lega. E per finire un grazie al Consiglio Direttivo per l\u2019appoggio e la fiducia che sempre mi dimostrano.<\/p>\n","protected":false},"excerpt":{"rendered":"<p>GOSALDO Erano almeno 60 i soci saliti fino alla sede del circolo Auser di Tiser per ascoltare le parole del presidente Dario Todesco che ha presentato bilancio e programmi.\u00a0 Ai lavori ha presenziato il presidente \u00a0provinciale Auser di Belluno\u00a0 Verena Dall&#8217;Omo, il presidente del Circolo Auser &#8220;El Broi&#8221;\u00a0 Alfio Peratoner, il presidente del Circolo Auser&hellip;<\/p>\n","protected":false},"author":1,"featured_media":84595,"comment_status":"closed","ping_status":"closed","sticky":false,"template":"","format":"standard","meta":{"_monsterinsights_skip_tracking":false,"_monsterinsights_sitenote_active":false,"_monsterinsights_sitenote_note":"","_monsterinsights_sitenote_category":0,"footnotes":""},"categories":[51,49],"tags":[],"class_list":["post-84650","post","type-post","status-publish","format-standard","has-post-thumbnail","hentry","category-evidenza-top","category-news-18","category-51","category-49","description-off"],"img_url":"https:\/\/www.radiopiu.net\/wordpress\/wp-content\/uploads\/2019\/05\/IMG_20190427_151141_resized_20190429_044943582.jpg","_links":{"self":[{"href":"https:\/\/www.radiopiu.net\/wordpress\/wp-json\/wp\/v2\/posts\/84650","targetHints":{"allow":["GET"]}}],"collection":[{"href":"https:\/\/www.radiopiu.net\/wordpress\/wp-json\/wp\/v2\/posts"}],"about":[{"href":"https:\/\/www.radiopiu.net\/wordpress\/wp-json\/wp\/v2\/types\/post"}],"author":[{"embeddable":true,"href":"https:\/\/www.radiopiu.net\/wordpress\/wp-json\/wp\/v2\/users\/1"}],"replies":[{"embeddable":true,"href":"https:\/\/www.radiopiu.net\/wordpress\/wp-json\/wp\/v2\/comments?post=84650"}],"version-history":[{"count":0,"href":"https:\/\/www.radiopiu.net\/wordpress\/wp-json\/wp\/v2\/posts\/84650\/revisions"}],"wp:featuredmedia":[{"embeddable":true,"href":"https:\/\/www.radiopiu.net\/wordpress\/wp-json\/wp\/v2\/media\/84595"}],"wp:attachment":[{"href":"https:\/\/www.radiopiu.net\/wordpress\/wp-json\/wp\/v2\/media?parent=84650"}],"wp:term":[{"taxonomy":"category","embeddable":true,"href":"https:\/\/www.radiopiu.net\/wordpress\/wp-json\/wp\/v2\/categories?post=84650"},{"taxonomy":"post_tag","embeddable":true,"href":"https:\/\/www.radiopiu.net\/wordpress\/wp-json\/wp\/v2\/tags?post=84650"}],"curies":[{"name":"wp","href":"https:\/\/api.w.org\/{rel}","templated":true}]}}