{"id":84723,"date":"2019-05-07T05:19:46","date_gmt":"2019-05-07T03:19:46","guid":{"rendered":"http:\/\/www.radiopiu.net\/wordpress\/?p=84723"},"modified":"2019-05-07T09:54:21","modified_gmt":"2019-05-07T07:54:21","slug":"84723-2","status":"publish","type":"post","link":"https:\/\/www.radiopiu.net\/wordpress\/84723-2\/","title":{"rendered":"GIORNALE RADIOPIU 07 MAGGIO 2019 DIRETTORE MIRKO MEZZACASA"},"content":{"rendered":"<blockquote><p><strong>Lutto a Belluno<\/strong> per la morte di Mario Fabbri, il giudice del Vajont, aveva 30 anni quando inizi\u00f2 a studiare il caso della frana del monte Toc che caus\u00f2 la morte di quasi 2000 persone. E&#8217; spirato dopo una lunga malattia all\u2019ospedale di Belluno dove era ricoverato. <strong>In provincia di Belluno<\/strong> mancano 153 medici, ne da oggi notizia il Corriere delle Alpi segnalando l&#8217;impegno della Ulss1 nella ricerca, difficolt\u00e0 soprattutto nell&#8217;area emergenza, pediatria ed anestesia. <strong>Oggi l&#8217;assemblea GSP<\/strong> il debito \u00e8 sceso a due anni dall&#8217;inizio del mandato di Giuseppe Vignato, 40 milioni di investimenti in 6 anni, debito di 37 milioni rispetto agli 89 del 2011. <strong>A Borca di Cadore<\/strong> due Serbi sono stati denunciati per furto di termosifoni in un cantiere edile, la denuncia del dipendente comunale. <strong>A Bolago di Sedico<\/strong> \u00e8 stata segnalata e fotografata un&#8217;auto Seat grigia (cos\u00ec come gi\u00e0 successo a Pedavena) dopo i 5 furti del fine settimana, una donna ieri si \u00e8 ritrovata di fronte\u00a0 i ladri, l&#8217;uomo aveva scavalcato il muretto e la donna faceva il palo, la notizia comunicata anche via facebook, ladri in fuga e forze dell&#8217;ordine sulle loro tracce. <strong>Confcommercio non si cambia<\/strong> Paolo Doglioni alla fine l&#8217;ha spuntata, rimane alla guida dell&#8217;Ascom avendo ricevuto 63 dei 70\u00a0 voti , niente da fare\u00a0 per l&#8217;avversario Simionato. <strong>Dopo le nevicate record<\/strong> temperatura a parte tutto sta ritornando nella normalit\u00e0, ieri sono stati riaperti i passi dolomitici anche il vento non soffia pi\u00f9 dopo aver raggiunto anche i 90 chilometri orari, <strong>continua invece<\/strong> il monitoraggio\u00a0 della frana che minaccia l&#8217;autostrada A27 dopo la galleria Fadalto nei pressi dell&#8217;abitato di Santa Croce. <strong>Complimenti a Luca Cagnati l&#8217;atleta di Canale d&#8217;Agordo <\/strong>si \u00e8 imposto nella gara a staffetta del\u00a0 trofeo Valli Bergamasche\u00a0con il terzetto composto da Cagnati (secondo tempo di frazione), Alessandro Rambaldini e Xavier Chevrier.<\/p><\/blockquote>\n<p>&nbsp;<\/p>\n<p>&nbsp;<\/p>\n<p>&nbsp;<\/p>\n<p>&nbsp;<\/p>\n<h2>MORTE DI MARIO FABBRI, IL CORDOGLIO DEL SINDACO DI BELLUNO JACOPO MASSARO<\/h2>\n<p><a class=\"dt-pswp-item\" href=\"http:\/\/www.radiopiu.net\/wordpress\/wp-content\/uploads\/2019\/05\/download-2.jpg\" data-dt-img-description=\"\" data-large_image_width=\"225\" data-large_image_height=\"225\"><img loading=\"lazy\" decoding=\"async\" class=\"alignleft size-thumbnail wp-image-84731\" src=\"http:\/\/www.radiopiu.net\/wordpress\/wp-content\/uploads\/2019\/05\/download-2-150x150.jpg\" alt=\"\" width=\"150\" height=\"150\" srcset=\"https:\/\/www.radiopiu.net\/wordpress\/wp-content\/uploads\/2019\/05\/download-2-150x150.jpg 150w, https:\/\/www.radiopiu.net\/wordpress\/wp-content\/uploads\/2019\/05\/download-2.jpg 225w\" sizes=\"auto, (max-width: 150px) 100vw, 150px\" \/><\/a>\u00abCon Mario Fabbri, se ne va una persona molto illustre della nostra comunit\u00e0, un uomo che ricorderemo per il suo lavoro a difesa della nostra terra\u00bb: il Sindaco di Belluno esprime il suo cordoglio per la scomparsa di Mario Fabbri, storico giudice della tragedia del Vajont. La notizia della morte di Fabbri \u00e8 arrivata in mattinata: \u00abSapevo da tempo delle sue precarie condizioni di salute, ma la scomparsa di persone del genere segna sempre. Il suo lavoro sul caso del Vajont ha ricostruito lo stretto nesso di responsabilit\u00e0 tra la tragedia e la mano dell&#8217;uomo, una lezione che ancora oggi dobbiamo ricordare\u00bb. \u00abCi lascia oggi una persona importante per la nostra citt\u00e0 e una figura chiave per la nostra storia. &#8211; conclude il Sindaco \u2013 Sono vicino ai familiari, ai quali mi lega da tempo un legame di profonda amicizia\u00bb. (foto ABM Belluno).<\/p>\n<p>&nbsp;<\/p>\n<p>&nbsp;<\/p>\n<p>&nbsp;<\/p>\n<p>&nbsp;<\/p>\n<p>&nbsp;<\/p>\n<h1>METEO E CLIMA. A INIZIO MAGGIO IN VENETO E\u2019 TORNATO L\u2019INVERNO, COSA POSSIAMO ASPETTARCI?<\/h1>\n<p>In Veneto lo scorso weekend \u00e8 ritornato l\u2019inverno come gi\u00e0 accaduto a fine aprile. La spiegazione \u00e8 la discesa verso il Mediterraneo centrale di una perturbazione con aria di origine artica che ha portato precipitazioni estese, un brusco e marcato calo delle temperature e nevicate fuori stagione fino a quote relativamente basse nella giornata di domenica. A questo si sono aggiunti, sempre domenica, venti forti o a tratti molto forti da nord-nordest. A distanza di una settimana si sono dunque verificati due episodi di maltempo particolarmente anomali per il periodo.\u00a0 Nevicate fuori stagione Sabato il limite delle nevicate \u00e8 stato intorno a 1800-1900 m, localmente fino a 1600 in corrispondenza dei rovesci pi\u00f9 intensi e in serata si \u00e8 abbassato facendo scendere la neve fino a 700-800 m nella mattinata di domenica, localmente anche pi\u00f9 in basso ma senza accumuli apprezzabili. Qualche fiocco si \u00e8 avuto anche sul Feltrino. Gli accumuli di neve fresca nelle due giornate sono stati assai significativi per la stagione: sulle Dolomiti ad esempio sono caduti circa 40-65 cm intorno a 2000 m, 48 cm ad Arabba a 1600 m, 20 cm a Falcade a 1200 m. Venti forti Dalle prime ore di domenica si \u00e8 avuta una marcata intensificazione dei venti dai quadranti settentrionali, non solo in quota ma anche a tratti nelle valli, sulle zone pedemontane, sulla pianura e sulla costa. I venti si sono poi in genere attenuati nel pomeriggio-sera di domenica.<\/p>\n<blockquote><p><em>Cosa succede nei prossimi giorni? Fino alla prima parte di mercoled\u00ec 8 il tempo sar\u00e0 in prevalenza stabile con cielo sereno o poco nuvoloso. Le temperature massime saranno in aumento anche marcato luned\u00ec, pi\u00f9 contenuto marted\u00ec, ma risulteranno comunque ancora inferiori alla media del periodo. Le temperature minime saranno in diminuzione nella notte tra luned\u00ec e marted\u00ec, con valori molto inferiori alla media, per poi aumentare nella notte successiva. Dal pomeriggio di mercoled\u00ec \u00e8 previsto un nuovo moderato peggioramento, per l\u2019approfondimento sulla Francia di una depressione che apporter\u00e0 correnti umide in quota da Sud-Ovest con conseguente aumento della probabilit\u00e0 di precipitazioni. Tuttavia l\u2019entit\u00e0 dei fenomeni sar\u00e0 assai meno significativa rispetto all\u2019ultimo fine settimana e anche il limite delle nevicate sar\u00e0 pi\u00f9 alto (intorno a 1500-1800 m), trattandosi di una perturbazione di origine atlantica con correnti meno fredde.<\/em><\/p><\/blockquote>\n<p>&nbsp;<\/p>\n<p>&nbsp;<\/p>\n<p>&nbsp;<\/p>\n<p>&nbsp;<\/p>\n<p>&nbsp;<\/p>\n<h2>DUE SERBI DENUNCIATI PER FURTO E POSSESSO DI STRUMENTI DA SCASSO, FONDAMENTALE L&#8217;ISTINTO DEL DIPENDENTE COMUNALE<\/h2>\n<p><strong>BORCA DI CADORE<\/strong> Un dipendente del Comune di Borca di Cadore ha messo gli uomini della Polizia sulla pista giusta per risolvere un caso di furto, due persone sono state denunciate a piede libero per\u00a0 furto aggravato e\u00a0 possesso di strumenti atti a scardinare o forzare serrature. .<\/p>\n<blockquote><p><em><a class=\"dt-pswp-item\" href=\"http:\/\/www.radiopiu.net\/wordpress\/wp-content\/uploads\/2019\/05\/IMG_20190426_093759-1.jpg\" data-dt-img-description=\"\" data-large_image_width=\"3120\" data-large_image_height=\"3120\"><img loading=\"lazy\" decoding=\"async\" class=\"alignleft size-thumbnail wp-image-84714\" src=\"http:\/\/www.radiopiu.net\/wordpress\/wp-content\/uploads\/2019\/05\/IMG_20190426_093759-1-150x150.jpg\" alt=\"\" width=\"150\" height=\"150\" srcset=\"https:\/\/www.radiopiu.net\/wordpress\/wp-content\/uploads\/2019\/05\/IMG_20190426_093759-1-150x150.jpg 150w, https:\/\/www.radiopiu.net\/wordpress\/wp-content\/uploads\/2019\/05\/IMG_20190426_093759-1-300x300.jpg 300w, https:\/\/www.radiopiu.net\/wordpress\/wp-content\/uploads\/2019\/05\/IMG_20190426_093759-1-768x768.jpg 768w, https:\/\/www.radiopiu.net\/wordpress\/wp-content\/uploads\/2019\/05\/IMG_20190426_093759-1-1024x1024.jpg 1024w\" sizes=\"auto, (max-width: 150px) 100vw, 150px\" \/><\/a>L&#8217;uomo lo scorso aprile mentre si stava recando al deposito comunale, si accorgeva che in un cantiere edile adiacente due uomini stavano caricando del materiale su un furgone Mercedes. Essendo a conoscenza che all\u2019interno di quel cantiere erano stati segnalati dei furti di caldaie a gas,\u00a0 contattava\u00a0 il titolare della ditta appaltatrice dei lavori che a sua volta allertava il direttore dei lavori. Ques&#8217;ultimo giunto sul posto constatava che erano stati asportati dalle pareti del cantiere alcuni radiatori, tolti dai tubi dell\u2019impianto con un netto taglio. <\/em><\/p><\/blockquote>\n<p><a class=\"dt-pswp-item\" href=\"http:\/\/www.radiopiu.net\/wordpress\/wp-content\/uploads\/2019\/05\/IMG_20190502_113219-1.jpg\" data-dt-img-description=\"\" data-large_image_width=\"3120\" data-large_image_height=\"3120\"><img loading=\"lazy\" decoding=\"async\" class=\"alignleft size-thumbnail wp-image-84715\" src=\"http:\/\/www.radiopiu.net\/wordpress\/wp-content\/uploads\/2019\/05\/IMG_20190502_113219-1-150x150.jpg\" alt=\"\" width=\"150\" height=\"150\" srcset=\"https:\/\/www.radiopiu.net\/wordpress\/wp-content\/uploads\/2019\/05\/IMG_20190502_113219-1-150x150.jpg 150w, https:\/\/www.radiopiu.net\/wordpress\/wp-content\/uploads\/2019\/05\/IMG_20190502_113219-1-300x300.jpg 300w, https:\/\/www.radiopiu.net\/wordpress\/wp-content\/uploads\/2019\/05\/IMG_20190502_113219-1-768x768.jpg 768w, https:\/\/www.radiopiu.net\/wordpress\/wp-content\/uploads\/2019\/05\/IMG_20190502_113219-1-1024x1024.jpg 1024w\" sizes=\"auto, (max-width: 150px) 100vw, 150px\" \/><\/a>Dopo essere stata diramata la nota di ricerca del furgone Mercedes, una pattuglia del Distaccamento Polizia Stradale di Valle di Cadore ne intercettava e fermava uno nei pressi dell\u2019area di servizio \u201cPian di Vedoia\u201d della A27, con a bordo due uomini serbi con precedenti di polizia, i poliziotti rinvenivano all&#8217;interno del veicolo il materiale rubato nel cantiere edile di Borca, ovvero 8 termosifoni da muro alle cesoie probabilmente utilizzate per tranciare i tubi che li collegavano all&#8217;impianto termoidraulico.<\/p>\n<p>&nbsp;<\/p>\n<p>&nbsp;<\/p>\n<p>&nbsp;<\/p>\n<h2>OCCHIALERIA: OGGI A VENEZIA FIRMA INTESA TRA REGIONE VENETO E ANFAO PER INVESTIRE IN FORMAZIONE E NUOVE PROFESSIONALIT\u00c0<\/h2>\n<p><strong>VENEZIA<\/strong> Regione Veneto e Anfao (Associazione nazionale fabbricanti articoli ottici) rinnovano il patto triennale per interventi formativi per gli occupati del settore e per i giovani che vogliono inserirsi nelle imprese dell\u2019occhialeria. La nuova intesa fa seguito al primo protocollo, siglato nel 2016, che ha consentito- grazie ai fondi FSE messi a disposizione dalla Regione Veneto \u2013 la realizzazione di oltre 3800 ore di attivit\u00e0 di formazione e consulenza e percorsi di tirocinio per una novantina di giovani, coinvolgendo un centinaio di imprese del settore. Il distretto veneto dell\u2019occhialeria rappresenta l\u201980 per cento della produzione italiana e conta oltre 400 aziende per un totale di circa 12mila occupati. Il continuo sviluppo tecnologico e imprenditoriale sta richiedendo importanti e continui investimenti in ricerca, innovazione, aggiornamento e formazione di nuove professionalit\u00e0. Contenuti e ambiti di l\u2019applicazione del nuovo protocollo di intesa, nonch\u00e8 gli esiti del precedente patto formativo tra Regione e associazione confindustriale dell\u2019occhialeria, saranno presentati nella conferenza stampa di questa mattina a Venezia, palazzo Mocenigo.<\/p>\n<p>&nbsp;<\/p>\n<p>&nbsp;<\/p>\n<p>&nbsp;<\/p>\n<p>&nbsp;<\/p>\n<h2>BIM GSP: SI CHIUDE IL SECONDO MANDATO DI VIGNATO.<\/h2>\n<p><strong>BELLUNO<\/strong> Un\u2019altra annata record il 2018 per BIM GSP che oggi, alle 16.30 nella Sala degli affreschi della Provincia, andr\u00e0 in approvazione con il bilancio di esercizio 2018, bilancio che va a chiudere il secondo mandato di Giuseppe Vignato, amministratore della societ\u00e0 dal 2013. Risultanti positivi, quelli che saranno illustrati all\u2019assemblea dei Sindaci: ricavi per 30 milioni di euro, utile netto di 3,9 milioni, patrimonio societario di oltre 35 milioni (+ 23 milioni nei sei anni di gestione Vignato), cassa generata per 13 milioni, destinata per 10 milioni in opere nel servizio idrico provinciale e per 3 milioni alla riduzione dei debiti, oggi scesi a 37 milioni (-52 milioni dal massimo del 2011).<br \/>\n<strong>Consumi d\u2019acqua e bollettato<\/strong><br \/>\nStabili, e in linea con la media storica, i prelievi d\u2019acqua fatturati, pari a 14 milioni di metri annui per il 2018. \u201cI consumi oscillano tra cali invernali e picchi estivi \u2013 spiega Giuseppe Vignato \u2013 in linea con l\u2019andamento delle presenze legate ai flussi turistici e ai rientri nelle seconde case. Vi \u00e8, in generale, da parte dell\u2019utenza una maggior consapevolezza del valore economico ed ambientale della risorsa acqua, e per questo ne limitano il consumo\u201d. L\u2019importo totale delle bollette emesse nel 2018 ha superato i 30 milioni di euro, di cui 3 milioni sono relativi all\u2019addizionale per i mancati aumenti tariffari 2004-2011 ormai recuperati per il 60%.<br \/>\n<strong>Risparmi e innovazione tecnologica<\/strong><br \/>\nNonostante i molti danni subiti con la tempesta Vaia del 29 ottobre scorso, nel 2018 le spese correnti sono state contenute di quasi 600 mila euro (4,6 milioni in sei anni). Significativi i risparmi nei costi di gestione e manutenzione degli impianti, grazie ad operazione di efficientamento ed al ritorno degli investimenti degli anni precedenti. \u201cObiettivi strategici permangono la riduzione delle perdite e l\u2019interconnessione tra le reti acquedottistiche \u2013 spiega Vignato \u2013 cos\u00ec da proseguire nella linea virtuosa del risparmio e della maggior stabilit\u00e0 nell\u2019erogazione idrica agli utenti. Proseguiremo, anche nel 2019, con progetti di innovazione tecnologica: parliamo di digitalizzazione delle reti per il monitoraggio delle perdite, di maggior automazione del telecontrollo su acquedotti e depuratori, di mappatura delle reti fognarie e acquedottistiche su piattaforma G.I.S., di avvio di un progetto pilota per la telelettura dei contatori d\u2019utenza utilizzando le pi\u00f9 recenti strumentazioni presenti sul mercato\u201d.<br \/>\n<strong>Piano degli investimenti 2019<\/strong><br \/>\nPer il 2019 BIM GSP ha aumentato gli interventi previsti nel Piano degli Investimenti. Dagli 8 milioni programmati ed approvati dall\u2019assemblea dei Sindaci in Consiglio di Bacino, oggi se ne contano ben 11 milioni. A fare la differenza, la calamit\u00e0 Vaia, che ha portato ingenti danni in vari impianti del sistema idrico provinciale e reso necessaria una pianificazione dei lavori pi\u00f9 corposa.<br \/>\nIn via prioritaria sono previsti il nuovo acquedotto della Valle del Biois, con collegamento delle reti idriche di Canale d\u2019Agordo e Cencenighe, la sistemazione delle sorgenti di Cencenighe, la costruzione del nuovo serbatoio a Rocca Pietore-Malga Ciapela, la sistemazione della condotta di Santo Stefano-Campolongo, l\u2019avvio dei lavori per collegare i serbatoi di Col Coltron a Ponte nelle Alpi e Fiammoi a Belluno e il completamento del collegamento tra i serbatoi di Col Coltron e Piaia, la costruzione di due serbatoi di accumulo a Cortina, la messa in esercizio del nuovo acquedotto di Lonie a Rivamonte Agordino.<br \/>\nNel settore della depurazione, verr\u00e0 conclusa la progettazione del nuovo depuratore di Borca di Cadore e dato avvio alla procedura di gara per l\u2019avvio dei lavori, avviato l\u2019ammodernamento dell\u2019impianto di Lentiai e la sistemazione delle vasche imhoff di Colle Santa Lucia, Rocca Pietore, Selva di Cadore, Taibon e Tambre.<br \/>\nPer quanto riguarda il potenziamento delle reti fognarie, \u00e8 in corso la posa di nuove tratte a Belluno (da via Montegrappa al depuratore di Marisiga), a Sedico (Oselete), a Le Campe di La Valle Agordina per collettare i reflui di Agordo; \u00e8 prevista inoltre la sistemazione di tratte ad Alleghe, Auronzo, Sedico (Peron), Belluno (Lambioi) e Feltre (Culliada-Mugnai e Cellarda-Villapaiera). \u201cSono tutti investimenti strategici pianificati con i Sindaci\u201d spiega Vignato \u201cin modo organico e coerente con le risorse finanziarie disponibili: met\u00e0 saranno destinate in acquedotti, per sistemare i danni subiti dalla calamit\u00e0 e ridurre le perdite lungo le tubazioni pi\u00f9 obsolete, met\u00e0 nel settore ambientale grazie a moderni depuratori e al tempestivo ripristino delle fognature danneggiate\u201d.<\/p>\n<p>&nbsp;<\/p>\n<p>&nbsp;<\/p>\n<h2 class=\"articlePlainTitle\">OGGI L&#8217;UMA E VENERDI CONSIGLIO COMUNALE DI FALCADE<\/h2>\n<div class=\"addthis_sharing_toolbox\" data-url=\"https:\/\/sfoglio.corrierealpi.gelocal.it\/share_article.php?article_id=5023800\" data-title=\"Si riuniscono l'Umae il consiglio di Falcade\">di GIANNI SANTOMASO<\/div>\n<div class=\"articlePlainText\"><strong>AGORDO<\/strong>. Questa sera si riunisce il consiglio dell&#8217;Unione montana agordina, venerd\u00ec il consiglio comunale di Falcade. Oggi alle 20 in sala don Tamis ad Agordo, il presidente dell&#8217;Uma, Fabio Luchetta, ha messo all&#8217;ordine del giorno il programma annuale d&#8217;intervento per il 2019, l&#8217;approvazione del rendiconto 2018 e un provvedimento di variazione al bilancio. Venerd\u00ec alle 20 a Falcade, il sindaco Michele Costa ha invece inserito fra i punti in discussione la surroga del consigliere dimissionario Silvano Savio con Diego Salvaterra. La minoranza nominer\u00e0 anche il consigliere che sostituir\u00e0 Savio nel consiglio dell&#8217;Unione montana. Verr\u00e0 data comunicazione dell&#8217;attribuzione ai Comuni fino a 20 mila abitanti di contributi per la realizzazione di investimenti per la messa in sicurezza di scuole, strade, edifici pubblici e patrimonio comunale. Quindi si approver\u00e0 il rendiconto 2018 e si parler\u00e0 della revisione del piano di accertamento e riordino delle terre di uso civico.<\/div>\n<p>&nbsp;<\/p>\n<p>&nbsp;<\/p>\n<p>&nbsp;<\/p>\n<h2>\u00a0\u201cFreelance, tutto quello che devi sapere\u201d: domani\u00a0 al Distretto Creativo di Belluno approfondimento su lavoro autonomo con \u201cCisl Partita Iva\u201d. Liberi professionisti: sportelli a Belluno e Feltre per le oltre 10mila partite Iva attive in provincia<\/h2>\n<p>In un mondo del lavoro sempre pi\u00f9 frammentario e precario, la Cisl Belluno Treviso potenzia il servizio dedicato ai lavoratori in Partita Iva con due sportelli interamente dedicati ai liberi professionisti e un evento informativo gratuito per i freelance del territorio. L\u2019appuntamento \u00e8 domani\u00a0 alle 18.30 nella sede del Distretto Creativo di via Mezzaterra 83, a Belluno. Hristo Todorov, responsabile del servizio \u201cCisl Partita Iva\u201d, approfondir\u00e0 tutti gli aspetti che riguardano il mondo dei lavoratori autonomi e dei freelance, dal regime fiscale alla gestione della contabilit\u00e0, dalla previdenza alle prestazioni occasionali. Sar\u00e0 inoltre a disposizione dei partecipanti per rispondere a domande e chiarire dubbi sulla libera professione. Gli autonomi rappresentano il 23% della forza-lavoro in Italia e secondo l\u2019Istat guadagnano mediamente 783 euro netti al mese. In Veneto gli imprenditori individuali, i liberi professionisti e i lavoratori autonomi sono complessivamente pi\u00f9 di 263 mila, di cui 10.591 in provincia di Belluno. Non solo e non pi\u00f9 artigiani e commercianti, ma architetti, grafici, designer, infermieri, biologi, fisioterapisti, personal trainer, estetiste, operatori olistici e consulenti aziendali, per lo pi\u00f9 giovani e neo-laureati. Un universo molto articolato di professioni in cui spesso si nascondono anche le false partite Iva (lavoratori formalmente alle dipendenze di un\u2019azienda, ma inquadrati come collaboratori esterni), ex dipendenti che avviano un\u2019attivit\u00e0 in proprio, giovani obbligati ad aprire una partita Iva per lavorare, ma anche tanti lavoratori, spesso non iscritti ad ordini professionali, che necessitano di rappresentanza, tutele, servizi. \u201cIl progetto della Cisl dedicato alle partite Iva &#8211; spiega il segretario generale aggiunto della Cisl Belluno Treviso Rudy Roffar\u00e8 &#8211; non solo offre risposte alle domande contrattuali, previdenziali, fiscali e legali di chi lavora in proprio, ma mette a disposizione dei freelance l\u2019esperienza sindacale per far crescere consapevolezza nel mondo del nuovo lavoro autonomo, un universo disorganico che oggi pi\u00f9 che mai necessita di nuove forme di rappresentanza e di nuove tutele\u201d. \u201cOffriamo &#8211; spiega il responsabile del progetto Hristo Todorov &#8211; un insieme di servizi integrati e momenti di incontro, condivisione e rappresentanza, sosteniamo i giovani nell\u2019apertura, nella gestione della partita Iva e nell\u2019avvio del percorso professionale, li aiutiamo a scegliere il regime fiscale pi\u00f9 adatto, li seguiamo negli adempimenti fiscali e nei percorsi previdenziali. Il consiglio che ci sentiamo di dare ai giovani intenzionati ad aprire una partita Iva \u00e8 quello di rivolgersi prima ad uno dei nostri sportelli per avere tutte le informazioni necessarie per valutare se e come avviare la libera professione con consapevolezza adeguata\u201d. La Cisl offre ai liberi professionisti assistenza contabile e fiscale, gestione della contabilit\u00e0 e compilazione della dichiarazione dei redditi, verifica dei contributi maturati per la pensione, consulenze sulla previdenza integrativa, avviamento delle pratiche per il recupero dei crediti, la gestione del contenzioso, la valutazione e l\u2019assistenza relativa alle tipologie contrattuali. Il servizio \u00e8 attivo nelle sedi Cisl di Belluno e Feltre su appuntamento al numero 0437 212811<\/p>\n<p>&nbsp;<\/p>\n<p>&nbsp;<\/p>\n<p>&nbsp;<\/p>\n<p>&nbsp;<\/p>\n<h2>UN CUORE PER LA MONTAGNA, SABATO PER TUTTO IL GIORNO<\/h2>\n<p><strong>SELVA DI CADORE<\/strong> Sabato al Museo Cazzetta di Selva di Cadore l&#8217;Associazione Amici del Cuore Terraferma Veneziana in segno di solidariet\u00e0 con la popolazione colpita dall&#8217;uragano Vaia ha organizzato una giornata di prevenzione delle malattie cardiovascolari offrendo il controllo della pressioni arteriosa, peso, colesterolo, glicemia, trigliceridi, si potr\u00e0 eseguire anche l&#8217;elettrocardiogramma e ricevere consiglio cardiologici. A tutti sar\u00e0 consegnato l&#8217;esito degli esami tracciati su supporto elettronico. Si consiglia la pre iscrizione negli ambulatori di Selva di Cadore.<\/p>\n<p>&nbsp;<\/p>\n<p>&nbsp;<\/p>\n<p>&nbsp;<\/p>\n<p>&nbsp;<\/p>\n<h2>LA SAGRA DE PASCA CONSEGNA IL PRIMO PREMIO DELLA LOTTERIA&#8230;CON LA GRANDE SORPRESA<\/h2>\n<p>E\u2019 stato ritirato qu<a class=\"dt-pswp-item\" href=\"http:\/\/www.radiopiu.net\/wordpress\/wp-content\/uploads\/2019\/05\/La-consegna-del-biglietto-vincente.jpg\" data-dt-img-description=\"\" data-large_image_width=\"1200\" data-large_image_height=\"1600\"><img loading=\"lazy\" decoding=\"async\" class=\"alignleft wp-image-84725 \" src=\"http:\/\/www.radiopiu.net\/wordpress\/wp-content\/uploads\/2019\/05\/La-consegna-del-biglietto-vincente-768x1024.jpg\" alt=\"\" width=\"215\" height=\"286\" srcset=\"https:\/\/www.radiopiu.net\/wordpress\/wp-content\/uploads\/2019\/05\/La-consegna-del-biglietto-vincente-768x1024.jpg 768w, https:\/\/www.radiopiu.net\/wordpress\/wp-content\/uploads\/2019\/05\/La-consegna-del-biglietto-vincente-225x300.jpg 225w, https:\/\/www.radiopiu.net\/wordpress\/wp-content\/uploads\/2019\/05\/La-consegna-del-biglietto-vincente.jpg 1200w\" sizes=\"auto, (max-width: 215px) 100vw, 215px\" \/><\/a>alche giorno fa il 1\u00b0 premio della Lotteria de Pasca 2019 vinto dalla Signora Del Favero Fausta di Valle di Cadore. La Signora dopo aver consegnato, per le verifiche necessarie, il biglietto vincente (nr.8014) ha annunciato la decisione di rinunciare al ritiro del premio e di donare il valore dello stesso agli organizzatori della Sagra.<\/p>\n<blockquote><p><em><strong>So &#8211; ha detto la Signora -quanto impegno e lavoro c\u2019\u00e8 dietro all\u2019organizzazione di una Sagra come quella di Taibon. Sono particolarmente legata, fin dall\u2019infanzia, a questo paese e non sono mai mancata alla Sagra che sa coniugare sempre il divertimento alla solidariet\u00e0. Questo mia decisione \u00e8 il mio personale grazie alle associazioni organizzatrici della Sagra de Pasca (Gruppo Sportivo, Pro Loco e ABVS di Taibon) e ai tantissimi volontari che collaborano alla riuscita della Sagra certa che del contributo ne sapranno fare buon uso<\/strong>.<\/em><\/p>\n<p>I Presidenti delle Associazioni e il Responsabile del Comitato Sagra de Pasca non hanno potuto che ringraziare di cuore a nome di tutti per il nobile gesto .<\/p><\/blockquote>\n<p>&nbsp;<\/p>\n<p>&nbsp;<\/p>\n<p>&nbsp;<\/p>\n<h2><\/h2>\n<h2>Tempesta Vaia e solidariet\u00e0 tra territori: dal paese veronese di Vestenanova una donazione di 3 mila euro alla Pro Loco di Zoldo Alto e alla Transpelmo<\/h2>\n<p><strong>VAL DI ZOLDO<\/strong> \u00a0Dalla comunit\u00e0 di Vestenanova (Verona) una donazione di 3 mila euro alla Pro Loco Zoldo Alto. Bel gesto di solidariet\u00e0 da parte dell&#8217;amministrazione comunale e di diverse realt\u00e0 del centro veronese nei confronti di un territorio, quello della Val di Zoldo, colpito lo scorso autunno dalla tempesta Vaia.<br \/>\n\u00abDomenica 5 maggio gli amici di Vestenanova, conosciuti grazie alla collaborazione passata con due atleti veronesi, Elisa e Federico Presa, ci hanno consegnato la bella cifra di 3 mila euro, destinata alla cura del territorio e, in particolare, al ripristino de sentieri, anche in vista della disputa della Transpelmo, il prossimo 1 settembre\u00bb spiega Eris Costa, presidente della Pro Loco Zoldo Alto, realt\u00e0 che cura l&#8217;organizzazione del trail attorno attorno al Monte Pelmo, con partenza e arrivo a Palafavera. \u00abLa cifra \u00e8 stata raccolta attraverso la proposta di due spettacoli teatrali, realizzati da &#8220;I teatranti de Vestena&#8221; e &#8220;La purga de Bolca&#8221;, e grazie al contributo della Cassa rurale di Vestena e con la collaborazione di Pro Loco e Gruppo Alpini di Vestenanova. Domenica 5 maggio gli amici veronesi, con in testa l&#8217;amministrazione comunale e il sindaco Edo Dalla Verde, sono saliti in Zoldo e ci hanno consegnato questo contributo che per noi rappresenta davvero tantissimo\u00bb.<\/p>\n<blockquote><p><em>\u00abL&#8217;idea era di fare una giornata di manutenzione dei sentieri ma le condizioni meteo, davvero proibitive con vento e neve, ce lo hanno impedito\u00bb dice ancora Costa. \u00ab\u00c8 stata ugualmente una giornata intensa: abbiamo partecipato alla Santa Messa, nel giorno del patrono di Zoldo, San Floriano, e abbiamo visitato il Museo del Chiodo. Poi c&#8217;\u00e8 stato il pranzo e l&#8217;incontro tra associazioni veronesi e zoldane: una giornata di amicizia vera.Grazie agli amici veronesi: il loro sostegno e la loro vicinanza sono per noi motivo di grande riconoscenza\u00bb.<\/em><\/p><\/blockquote>\n<p>&nbsp;<\/p>\n<p>&nbsp;<\/p>\n<p>&nbsp;<\/p>\n<h2>DALL&#8217;ABM OLTRE 40 MILA EURO PER I COMUNI<\/h2>\n<p><strong>BELLUNO<\/strong> L&#8217;Associazione Bellunesi nel Mondo\u00a0 \u00a0consegna i fondi raccolti a favore dei territori colpiti dalla tempesta Vaia di fine ottobre 2018, oggi alle 17 nella sede dell&#8217;Abm. La somma totale che verr\u00e0 destinata a 22 comuni bellunesi, alla presenza dei rispettivi sindaci, \u00e8 di 40.600 euro. , in Via Cavour, 3 a Belluno.<\/p>\n<p>&nbsp;<\/p>\n<p>&nbsp;<\/p>\n<p>&nbsp;<\/p>\n<h2>DUE GIORNATE DI FORMAZIONE SU CARCERE E LEGALITA&#8217;, CON JABAR<\/h2>\n<p><strong>BELLUNO<\/strong> In continuit\u00e0 con le iniziative organizzate nel mese di aprile per inaugurare il periodo di festeggiamenti per i suoi 5 anni di attivit\u00e0, l&#8217;Associazione Jabar invita a partecipare a un momento di confronto e di formazione sul tema del carcere e delle marginalit\u00e0 dal titolo &#8220;CITTADINI DENTRO E FUORI&#8221;, un\u2019occasione di ritrovo per parlare delle attivit\u00e0 in essere nel carcere di Belluno, per apprendere buone pratiche da associazioni vicine a noi che operano in altre carceri, per ascoltare le parole di un nostro amico che ha vissuto da vicino la realt\u00e0 del carcere. L\u2019appuntamento \u00e8 sabato 11 maggio dalle 9 alle 13 in sala Ocri a Feltre. Interverranno alcuni volontari dell\u2019associazione con la moderazione dei soci Lino Di Sano e Flavia Monego, il direttore di APAS Trento (attiva sulla Casa circondariale di Trento) Aaron Giazzon, l\u2019amico dell\u2019associazione Mario Z.. L&#8217;invito \u00e8 allargato e la partecipazione \u00e8 libera. Sar\u00e0 un&#8217;occasione importante per parlare di un argomento controverso, non sempre apprezzato ma spesso sulla bocca di molti. L&#8217;appuntamento \u00e8 sostenuto da Civitates Feltre che lo ha inserito quale appuntamento nel suo percorso di formazione sull&#8217;inclusione. L\u2019incontro si inserisce tra le iniziative finanziate dal Csv Belluno con il bando ci Coprogettazione 2017. Per altre informazioni chiamare il 351 8377769.<\/p>\n<p>&nbsp;<\/p>\n<p>&nbsp;<\/p>\n<p>&nbsp;<\/p>\n<h2>FIBROSI CISTICA: UN AIUTO PER LA RICERCA<\/h2>\n<p><strong>AGORDO<\/strong> Raccolta fondi a favore della ricerca per la fibrosi cistica <strong>SABATO 11 E DOMENICA 12 MAGGIO<\/strong> AL MATTINO a CAVIOLA presso la parrocchia, RIVAMONTE, TISER, GOSALDO E FRASSEN\u00c8 presso le parrocchie\u00a0 \u00a0 \u00a0 ROCCA PIETORE con gli Alpini.<\/p>\n<p>&nbsp;<\/p>\n<p>&nbsp;<\/p>\n<p>&nbsp;<\/p>\n<h2>GLI INCONTRI DEL BARD<\/h2>\n<p><a class=\"dt-pswp-item\" href=\"http:\/\/www.radiopiu.net\/wordpress\/wp-content\/uploads\/2019\/05\/20190507BELLUNESE.jpg\" data-dt-img-description=\"\" data-large_image_width=\"1653\" data-large_image_height=\"2338\"><img loading=\"lazy\" decoding=\"async\" class=\"alignleft wp-image-84654\" src=\"http:\/\/www.radiopiu.net\/wordpress\/wp-content\/uploads\/2019\/05\/20190507BELLUNESE-150x150.jpg\" alt=\"\" width=\"111\" height=\"111\" \/><\/a>Continuano gli appuntamenti del Movimento Bard con i cittadini Bellunesi. Sono state convocate le seguenti Assemblee di Vallata con ODG trasmesso ai sostenitori: oggi alle 20,30 BAR PIZZERIA &#8220;DOLOMIE&#8221; VIA IGINO D&#8217;INCA&#8217; 3 &#8211; ZONA CASONI &#8211; BELLUNO<br \/>\nFELTRINA domani alle SALETTA BIRRERIA PEDAVENA VIALE VITTORIO VENETO 76 &#8211; PEDAVENA CADORE ZOLDO mercoledi 15\u00a0 a PIEVE DI CADORE.<\/p>\n<p>&nbsp;<\/p>\n<p>&nbsp;<\/p>\n<h2>3000 PASSI IN TRENT&#8217;ANNI, LE PEDALATE DI FRANCO<\/h2>\n<p>Oggi sul Mont Ventoux Franco Furgler di Arabba ha raggiunto i 3000 passi, tuti pedalati di gran lena dal ragazzo Fodom . Il bello di questa storia \u00e8 che Franco ha scritto tutte le sue scalate dal 1989 ad oggi<\/p>\n<p>WIKIPEDIA Il <b>Mont Ventoux<\/b>\u00a0\u00e8 un\u00a0<a class=\"mw-redirect\" title=\"Massiccio montuoso\" href=\"https:\/\/it.wikipedia.org\/wiki\/Massiccio_montuoso\">massiccio montuoso<\/a>\u00a0della\u00a0<a title=\"Provenza\" href=\"https:\/\/it.wikipedia.org\/wiki\/Provenza\">Provenza<\/a>, la cui cima raggiunge i 1.912 metri\u00a0<a class=\"mw-redirect\" title=\"S.l.m.\" href=\"https:\/\/it.wikipedia.org\/wiki\/S.l.m.\">s.l.m.<\/a>. Soprannominato dai\u00a0<a title=\"Francia\" href=\"https:\/\/it.wikipedia.org\/wiki\/Francia\">francesi<\/a>\u00a0il &#8220;<i>Gigante della Provenza<\/i>&#8221; o anche il &#8220;<i>Monte Calvo<\/i>&#8220;, \u00e8 situato a 20\u00a0km in linea d&#8217;aria a nord-est di\u00a0<a title=\"Carpentras\" href=\"https:\/\/it.wikipedia.org\/wiki\/Carpentras\">Carpentras<\/a>, ed \u00e8 abbastanza lontano e isolato dalle altre cime della regione. \u00c8 stato classificato\u00a0<a title=\"Riserva della biosfera\" href=\"https:\/\/it.wikipedia.org\/wiki\/Riserva_della_biosfera\">Riserva della biosfera<\/a>\u00a0dall&#8217;<a class=\"mw-redirect\" title=\"UNESCO\" href=\"https:\/\/it.wikipedia.org\/wiki\/UNESCO\">UNESCO<\/a>, nell&#8217;ambito del progetto &#8220;MAB&#8221; (<i>Man and Biosphere<\/i>), presentando una\u00a0<a title=\"Geologia\" href=\"https:\/\/it.wikipedia.org\/wiki\/Geologia\">geologia<\/a>\u00a0e una\u00a0<a title=\"Flora\" href=\"https:\/\/it.wikipedia.org\/wiki\/Flora\">flora<\/a>\u00a0particolari, nonch\u00e9 una\u00a0<a title=\"Fauna\" href=\"https:\/\/it.wikipedia.org\/wiki\/Fauna\">fauna<\/a>\u00a0assai ricca. Fanno parte della Riserva anche le limitrofe\u00a0<a title=\"Prealpi di Vaucluse\" href=\"https:\/\/it.wikipedia.org\/wiki\/Prealpi_di_Vaucluse\">prealpi di Vaucluse<\/a>, il\u00a0<a title=\"Plateau d'Albion\" href=\"https:\/\/it.wikipedia.org\/wiki\/Plateau_d%27Albion\">Plateau d&#8217;Albion<\/a>\u00a0e le caratteristiche\u00a0<a title=\"Gorges de la Nesque\" href=\"https:\/\/it.wikipedia.org\/wiki\/Gorges_de_la_Nesque\">Gorges de la Nesque<\/a>, profonda incisione fluviale in\u00a0<a title=\"Roccia\" href=\"https:\/\/it.wikipedia.org\/wiki\/Roccia\">roccia<\/a>\u00a0<a title=\"Carsismo\" href=\"https:\/\/it.wikipedia.org\/wiki\/Carsismo\">carsica<\/a>.<\/p>\n<p><a class=\"dt-pswp-item\" href=\"http:\/\/www.radiopiu.net\/wordpress\/wp-content\/uploads\/2019\/05\/WhatsApp-Image-2019-05-07-at-06.25.21.jpeg\" data-dt-img-description=\"\" data-large_image_width=\"1200\" data-large_image_height=\"1599\"><img loading=\"lazy\" decoding=\"async\" class=\"alignleft wp-image-84748 size-medium\" src=\"http:\/\/www.radiopiu.net\/wordpress\/wp-content\/uploads\/2019\/05\/WhatsApp-Image-2019-05-07-at-06.25.21-225x300.jpeg\" alt=\"\" width=\"225\" height=\"300\" srcset=\"https:\/\/www.radiopiu.net\/wordpress\/wp-content\/uploads\/2019\/05\/WhatsApp-Image-2019-05-07-at-06.25.21-225x300.jpeg 225w, https:\/\/www.radiopiu.net\/wordpress\/wp-content\/uploads\/2019\/05\/WhatsApp-Image-2019-05-07-at-06.25.21-768x1024.jpeg 768w, https:\/\/www.radiopiu.net\/wordpress\/wp-content\/uploads\/2019\/05\/WhatsApp-Image-2019-05-07-at-06.25.21.jpeg 1200w\" sizes=\"auto, (max-width: 225px) 100vw, 225px\" \/><\/a><a class=\"dt-pswp-item\" href=\"http:\/\/www.radiopiu.net\/wordpress\/wp-content\/uploads\/2019\/05\/WhatsApp-Image-2019-05-07-at-06.26.04.jpeg\" data-dt-img-description=\"\" data-large_image_width=\"1200\" data-large_image_height=\"1599\"><img loading=\"lazy\" decoding=\"async\" class=\"alignleft wp-image-84749 size-medium\" src=\"http:\/\/www.radiopiu.net\/wordpress\/wp-content\/uploads\/2019\/05\/WhatsApp-Image-2019-05-07-at-06.26.04-225x300.jpeg\" alt=\"\" width=\"225\" height=\"300\" srcset=\"https:\/\/www.radiopiu.net\/wordpress\/wp-content\/uploads\/2019\/05\/WhatsApp-Image-2019-05-07-at-06.26.04-225x300.jpeg 225w, https:\/\/www.radiopiu.net\/wordpress\/wp-content\/uploads\/2019\/05\/WhatsApp-Image-2019-05-07-at-06.26.04-768x1024.jpeg 768w, https:\/\/www.radiopiu.net\/wordpress\/wp-content\/uploads\/2019\/05\/WhatsApp-Image-2019-05-07-at-06.26.04.jpeg 1200w\" sizes=\"auto, (max-width: 225px) 100vw, 225px\" \/><\/a><\/p>\n<p>&nbsp;<\/p>\n<p>&nbsp;<\/p>\n<h2><a class=\"dt-pswp-item\" href=\"http:\/\/www.radiopiu.net\/wordpress\/wp-content\/uploads\/2018\/09\/appuntamenti.jpeg\" data-dt-img-description=\"\" data-large_image_width=\"800\" data-large_image_height=\"100\"><img loading=\"lazy\" decoding=\"async\" class=\"alignnone wp-image-61958 size-full\" src=\"http:\/\/www.radiopiu.net\/wordpress\/wp-content\/uploads\/2018\/09\/appuntamenti.jpeg\" alt=\"\" width=\"800\" height=\"100\" srcset=\"https:\/\/www.radiopiu.net\/wordpress\/wp-content\/uploads\/2018\/09\/appuntamenti.jpeg 800w, https:\/\/www.radiopiu.net\/wordpress\/wp-content\/uploads\/2018\/09\/appuntamenti-300x38.jpeg 300w, https:\/\/www.radiopiu.net\/wordpress\/wp-content\/uploads\/2018\/09\/appuntamenti-768x96.jpeg 768w\" sizes=\"auto, (max-width: 800px) 100vw, 800px\" \/><\/a><\/h2>\n<p align=\"JUSTIFY\"><strong>BELLUNO<\/strong> L&#8217;assemblea del consorzio Bim Piave \u00e8 convocata per oggi alle 16 in sala affreschi della Provincia. Ordine del giorno: approvazione rendiconto di gestione 2018 e approvazione del regolamento per l&#8217;assegnazione dei contributi in conto investimento a favore delle associazioni Proloco operanti sul territorio.<\/p>\n<p align=\"JUSTIFY\"><strong>BELLUNO<\/strong> Giovedi 9 maggio alle 18.30 al centro Giovanni 23esimo in sala Muccin &#8220;La costruzione europea tra crisi e rilancio una sfida cruciale&#8221;, in occasione della Giornata dell\u2019Europa e a 40 anni dalla prima elezione a suffragio universale del Parlamento europeo (l\u2019unico Parlamento sovranazionale eletto direttamente dai cittadini). Organizza il Rotary Club Belluno, Fondazione Arnaldo Colleselli (deputato nazionale e amministratore locale fu parlamentare europeo nella prima legislatura a suffragio universale diretto dal 1979 al 1984.<\/p>\n<h2><\/h2>\n<p>&nbsp;<\/p>\n<h2>LE PIETRE RACCONTANO: LETTURE E MUSICA TRA I CIPPI DELL&#8217;AUDITORIUM<\/h2>\n<blockquote>\n<h3><em>Spettacolo di presentazione del lavoro di documentazione degli studenti del Liceo Lollino di Belluno sui cippi esposti all&#8217;ingresso del Palazzo dell&#8217;Auditorium<\/em><\/h3>\n<\/blockquote>\n<p>La Filarmonica di Belluno e il Liceo Lollino hanno unito le forze dando vita a un progetto che ha coinvolto per oltre sei mesi i ragazzi della classe quinta. Sotto la giuda attenta del dottor Marco Perale e dei loro insegnanti, infatti, gli alunni hanno potuto approfondire lo studio dei cippi collocati nell&#8217;androne del Palazzo dell&#8217;Auditorium di Belluno, proprio davanti all&#8217;entrata della sede della Filarmonica. L&#8217;intento &#8211; in un&#8217;ottica di valorizzazione del patrimonio collettivo &#8211; era quello di produrre delle sintetiche didascalie che illustrino al pubblico alcune informazioni relative ai cippi per capirne la storia e interpretare le iscrizioni. Alle ore 17 di sabato 11 maggio davanti al Palazzo dell&#8217;Auditorium in Piazza Duomo a Belluno, la Filarmonica &#8211; diretta dal maestro Andrea Gasperin &#8211; si esibir\u00e0 in un concerto intervallato dalle letture dei giovani ricercatori che esporranno al pubblico i risultati del loro lavoro. Lo spettacolo sar\u00e0 introdotto da un intervento del dottor Marco Perale. Il pomeriggio sar\u00e0 ulteriormente impreziosito dal contributo del FAI Giovani Belluno che &#8211; dalle ore 15 alle 16:45 &#8211; \u00a0curer\u00e0 le visite guidate alla Torre Civica di Belluno aperta straordinariamente per l&#8217;occasione.<\/p>\n<p>&nbsp;<\/p>\n<p>&nbsp;<\/p>\n<p>&nbsp;<\/p>\n<h2>FONDAZIONE BANCA DEGLI OCCHI RINGRAZIA BELLUNO PER LA DONAZIONE DI CORNEE:<\/h2>\n<blockquote>\n<h4><em>DOMENICA 12 MAGGIO CONCERTO GRATUITO D\u2019ECCEZIONE CON I VOCAL SKYLINE<\/em><\/h4>\n<\/blockquote>\n<p><strong><a class=\"dt-pswp-item\" href=\"http:\/\/www.radiopiu.net\/wordpress\/wp-content\/uploads\/2019\/05\/Vocal-Skyline.jpg\" data-dt-img-description=\"\" data-large_image_width=\"1449\" data-large_image_height=\"868\"><img loading=\"lazy\" decoding=\"async\" class=\"alignleft wp-image-84444\" src=\"http:\/\/www.radiopiu.net\/wordpress\/wp-content\/uploads\/2019\/05\/Vocal-Skyline-1024x613.jpg\" alt=\"\" width=\"190\" height=\"114\" srcset=\"https:\/\/www.radiopiu.net\/wordpress\/wp-content\/uploads\/2019\/05\/Vocal-Skyline-1024x613.jpg 1024w, https:\/\/www.radiopiu.net\/wordpress\/wp-content\/uploads\/2019\/05\/Vocal-Skyline-300x180.jpg 300w, https:\/\/www.radiopiu.net\/wordpress\/wp-content\/uploads\/2019\/05\/Vocal-Skyline-768x460.jpg 768w, https:\/\/www.radiopiu.net\/wordpress\/wp-content\/uploads\/2019\/05\/Vocal-Skyline.jpg 1449w\" sizes=\"auto, (max-width: 190px) 100vw, 190px\" \/><\/a>BELLUNO <\/strong>Domenica 12 maggio Fondazione Banca degli Occhi del Veneto Onlus invita la cittadinanza di Belluno ad un pomeriggio sorprendente di musica e spettacolo con il noto gruppo veneto dei Vocal Skyline, per sensibilizzare al dono delle cornee e per ringraziare il territorio del Bellunese. Dalla Fondazione, centro di riferimento regionale per i trapianti di cornea e centro di ricerca sulle malattie oculari, il grazie ai cittadini della provincia di Belluno: \u201cQuesto evento sar\u00e0 un modo per essere presenti nel territorio del bellunese, cos\u00ec colpito nei mesi scorsi dalla tempesta Vaia di fine ottobre 2018 e provato dalle sue conseguenze, per riconoscerne la vocazione solidale tangibile anche nel campo della donazione\u201d afferma Diego Ponzin, Direttore Medico della Fondazione, \u201ccon questo evento desideriamo esprimere la nostra riconoscenza alle famiglie che hanno donato le cornee di un loro caro, ai medici e a tutti gli operatori sanitari che nel territorio del bellunese operano per la donazione e il trapianto, alle associazioni numerose che lavorano per il dono.<\/p>\n<p>&nbsp;<\/p>\n<p>&nbsp;<\/p>\n<p><strong>BELLUNO<\/strong> Gioved\u00ec 16 maggio alle\u00a0 18.30 sar\u00e0 ospitato presso la libreria degli Eddini di via Mezzaterra,\u00a0 lo scrittore Andrea Molesini, gi\u00e0 vincitore del Premio Campiello 2011 con \u201cNon tutti i bastardi sono di Vienna\u201d, presenter\u00e0 il suo ultimo lavoro uscito per i tipi di Sellerio dal titolo \u201cDove un\u2019ombra sconsolata mi cerca\u201d. Introdurr\u00e0 Michela Fregona.<\/p>\n<p>&nbsp;<\/p>\n<p>&nbsp;<\/p>\n<h2 align=\"JUSTIFY\">GALZERANO TRIO A CAVARZANO, 18 MAGGIO DA MUSICA LATINOAMERICANA<\/h2>\n<p><a class=\"dt-pswp-item\" href=\"http:\/\/www.radiopiu.net\/wordpress\/wp-content\/uploads\/2019\/05\/57674170_2675875542428896_3418759573517893632_n.jpg\" data-dt-img-description=\"\" data-large_image_width=\"678\" data-large_image_height=\"960\"><img loading=\"lazy\" decoding=\"async\" class=\"size-medium wp-image-84298 alignleft\" src=\"http:\/\/www.radiopiu.net\/wordpress\/wp-content\/uploads\/2019\/05\/57674170_2675875542428896_3418759573517893632_n-212x300.jpg\" alt=\"\" width=\"212\" height=\"300\" srcset=\"https:\/\/www.radiopiu.net\/wordpress\/wp-content\/uploads\/2019\/05\/57674170_2675875542428896_3418759573517893632_n-212x300.jpg 212w, https:\/\/www.radiopiu.net\/wordpress\/wp-content\/uploads\/2019\/05\/57674170_2675875542428896_3418759573517893632_n.jpg 678w\" sizes=\"auto, (max-width: 212px) 100vw, 212px\" \/><\/a><\/p>\n<p>&nbsp;<\/p>\n<p>Sabato 18 maggio Belluno ospita Angel Galzerano Trio in concerto &#8220;Un camino en el mar&#8221;. SABATO 18 MAGGIO alle 20.30 nel salone parrocchiale di Cavarzano di via Castellani. Info 328 0885987<\/p>\n<blockquote><p>La musica d&#8217;autore latinoamericana delle canzoni del cantautore italo uruguayo Angel Galzerano accompagnato dal polistrumentista Giorgio Guindani e le suggestioni delle Tabla indiane suonate da Maurizio Murdocca rivelano un nuovo territorio musicale dove i suoni dimenticano le frontiere.<\/p><\/blockquote>\n<p>&nbsp;<\/p>\n<p>&nbsp;<\/p>\n<p>&nbsp;<\/p>\n<p>&nbsp;<\/p>\n<p>&nbsp;<\/p>\n<p><strong>TAIBON<\/strong> Sabato 25 maggio alle 20.30 nella sala dell&#8217;ex Municipio di Taibon focus sulla Valle di San Lucano con l&#8217;Associazione Amici dei Minerari &#8220;Il paradiso pu\u00f2 attendere, per la rinascita e per il guinnes world record&#8221;.<\/p>\n<p>&nbsp;<\/p>\n<p>&nbsp;<\/p>\n<p>&nbsp;<\/p>\n<p><a class=\"dt-pswp-item\" href=\"http:\/\/www.radiopiu.net\/wordpress\/wp-content\/uploads\/2018\/09\/viabilita.jpeg\" data-dt-img-description=\"\" data-large_image_width=\"800\" data-large_image_height=\"100\"><img loading=\"lazy\" decoding=\"async\" class=\"alignnone size-full wp-image-61954\" src=\"http:\/\/www.radiopiu.net\/wordpress\/wp-content\/uploads\/2018\/09\/viabilita.jpeg\" alt=\"\" width=\"800\" height=\"100\" srcset=\"https:\/\/www.radiopiu.net\/wordpress\/wp-content\/uploads\/2018\/09\/viabilita.jpeg 800w, https:\/\/www.radiopiu.net\/wordpress\/wp-content\/uploads\/2018\/09\/viabilita-300x38.jpeg 300w, https:\/\/www.radiopiu.net\/wordpress\/wp-content\/uploads\/2018\/09\/viabilita-768x96.jpeg 768w\" sizes=\"auto, (max-width: 800px) 100vw, 800px\" \/><\/a><\/p>\n<p><strong>PROVINCIALE 347 DEL DURAN <\/strong>Fino al 31 maggio in localit\u00e0 Fornesighe senso unico alternato regolato da semaforo o movieri, possibili temporanee interdizioni totali al traffico fino a un masssimo di 20 minuti<\/p>\n<p>&nbsp;<\/p>\n<p><strong>REGIONALE 203 AGORDINA<\/strong> Dal 6 al 31 maggio esclusi festivi e prefestivi, senso unico alternato in localit\u00e0 Rucava, possibili brevi interruzioni fino a 15 minuti.<\/p>\n<p><strong>PROVINCIALE 8 DI SAN TOMASO<\/strong> Dal 29 aprile al 28 giugno (esclusi festivi e prefestivi) senso unico alternato tra Pian Molin e Roi<\/p>\n<p><strong>PROVINCIALE 563 DI SALESEI<\/strong> Dal 6 maggio AL 14 giugno\u00a0 In localit\u00e0 Sopracordevole in Comune di Rocca Pietore senso unico alternato con semaforo o movieri e divieto di transito ai mezzi con massa superiore a 7,5 tonellate.<\/p>\n<p>&nbsp;<\/p>\n<p>&nbsp;<\/p>\n<p>&nbsp;<\/p>\n<h2><img loading=\"lazy\" decoding=\"async\" class=\"alignleft wp-image-60761 \" src=\"http:\/\/www.radiopiu.net\/wordpress\/wp-content\/uploads\/2018\/09\/sport.jpg\" alt=\"\" width=\"992\" height=\"124\" srcset=\"https:\/\/www.radiopiu.net\/wordpress\/wp-content\/uploads\/2018\/09\/sport.jpg 800w, https:\/\/www.radiopiu.net\/wordpress\/wp-content\/uploads\/2018\/09\/sport-300x38.jpg 300w, https:\/\/www.radiopiu.net\/wordpress\/wp-content\/uploads\/2018\/09\/sport-768x96.jpg 768w\" sizes=\"auto, (max-width: 992px) 100vw, 992px\" \/><\/h2>\n<p>&nbsp;<\/p>\n<h2><\/h2>\n<h2><\/h2>\n<h2><\/h2>\n<h2>DOMENICA PROSSIMA LA GARA DI ANDATA DEI PLAYOUT PER L&#8217;AGORDINA<\/h2>\n<p>di Marco Gaz<\/p>\n<p>Una settimana di riposo per rigenerare la mente e il fisico in vista dell&#8217;ultimo impegno della stagione. L&#8217;Agordina di Marco Lorenzi si sta preparando per l&#8217;ultimo impegno, quello pi\u00f9 importante, i playout contro la Fulgor Farra. Nella stagione regolare la squadra di Agordo non \u00e8 riuscita a vincere nemmeno uno dei due scontri diretti contro gli alpagotti. All&#8217;andata era terminata 1 a 1 mentre il ritorno, ad Agordo, gli agordini avevano perso di misura. L&#8217;Agordina sulla carta sembra sfavorita dopo aver chiuso la stagione con 24 punti (5 vittorie, 9 pareggi e 16 sconfitte). Diverso il tabellino di marcia per la Fulgor che, pur chiudendo con 5 punti in pi\u00f9 rispetto agli agordini, ha pareggiato pi\u00f9 partite ed ha racimolato meno sconfitte (5 vittorie, 14 pareggi e 11 sconfitte).\u00a0 Domenica pomeriggio il primo atto dei playout si giocher\u00e0 all&#8217;Ivano Dorigo di Agordo. Ultima spiaggia per un&#8217;Agordina che vuole rimanere in Seconda Categoria e dimenticare in fretta una stagione difficile su tanti punti di vista.<\/p>\n<p>&nbsp;<\/p>\n<p>&nbsp;<\/p>\n<p>&nbsp;<\/p>\n<h3 style=\"text-align: center;\">LOTTERIA CACCIATORI BIGLIETTI VINCENTI<\/h3>\n<h1><a class=\"dt-pswp-item\" href=\"http:\/\/www.radiopiu.net\/wordpress\/wp-content\/uploads\/2019\/05\/a80633e7-267d-45ff-8f22-9fabf07f0f68.jpg\" data-dt-img-description=\"\" data-large_image_width=\"768\" data-large_image_height=\"1024\"><img loading=\"lazy\" decoding=\"async\" class=\"wp-image-84697 aligncenter\" src=\"http:\/\/www.radiopiu.net\/wordpress\/wp-content\/uploads\/2019\/05\/a80633e7-267d-45ff-8f22-9fabf07f0f68-225x300.jpg\" alt=\"\" width=\"253\" height=\"337\" srcset=\"https:\/\/www.radiopiu.net\/wordpress\/wp-content\/uploads\/2019\/05\/a80633e7-267d-45ff-8f22-9fabf07f0f68-225x300.jpg 225w, https:\/\/www.radiopiu.net\/wordpress\/wp-content\/uploads\/2019\/05\/a80633e7-267d-45ff-8f22-9fabf07f0f68.jpg 768w\" sizes=\"auto, (max-width: 253px) 100vw, 253px\" \/><\/a><\/h1>\n<p>&nbsp;<\/p>\n<p>&nbsp;<\/p>\n<p>&nbsp;<\/p>\n<p>&nbsp;<\/p>\n<p>&nbsp;<\/p>\n<p><b><a class=\"dt-pswp-item\" href=\"http:\/\/www.radiopiu.net\/wordpress\/wp-content\/uploads\/2018\/09\/WhatsApp-Image-2018-09-20-at-16.04.06.jpeg\" data-dt-img-description=\"\" data-large_image_width=\"800\" data-large_image_height=\"100\"><img loading=\"lazy\" decoding=\"async\" class=\"alignleft wp-image-61378 \" src=\"http:\/\/www.radiopiu.net\/wordpress\/wp-content\/uploads\/2018\/09\/WhatsApp-Image-2018-09-20-at-16.04.06.jpeg\" alt=\"\" width=\"1008\" height=\"126\" srcset=\"https:\/\/www.radiopiu.net\/wordpress\/wp-content\/uploads\/2018\/09\/WhatsApp-Image-2018-09-20-at-16.04.06.jpeg 800w, https:\/\/www.radiopiu.net\/wordpress\/wp-content\/uploads\/2018\/09\/WhatsApp-Image-2018-09-20-at-16.04.06-300x38.jpeg 300w, https:\/\/www.radiopiu.net\/wordpress\/wp-content\/uploads\/2018\/09\/WhatsApp-Image-2018-09-20-at-16.04.06-768x96.jpeg 768w\" sizes=\"auto, (max-width: 1008px) 100vw, 1008px\" \/><\/a><\/b><\/p>\n<p>&nbsp;<\/p>\n<p>&nbsp;<\/p>\n<p>&nbsp;<\/p>\n<p><center><\/center><center><\/center><center><\/center><center><b>Martedi 7<\/b><\/center><center><\/center><b>Tempo atteso: <\/b>Tempo ben soleggiato al mattino, poi cielo sempre pi\u00f9 velato o mascherato per sopraggiungere di nubi alte e medio-alte, anche estese. Aria tersa ed ottima visibilit\u00e0 al primo mattino. Clima freddo all&#8217;alba, con diffuse gelate in montagna e locali brinate a bassa quota (posti pi\u00f9 freddi della Valbelluna), in giornata ancora un po&#8217; fresco per la stagione.<br \/>\n<b>Precipitazioni: <\/b>Assenti (0%)<br \/>\n<b>Temperature: <\/b>In generale ripresa, eccetto le minime nelle valli che saranno in ulteriore diminuzione (gelate fino a -4\/-2\u00b0C nelle valli ancora innevate). Maggiore mitezza diurna con punte di 16\/17\u00b0C nei fondovalle prealpini e di 11\/13\u00b0C a 1000\/1200 m. Su Prealpi a 1500 m min 0\u00b0C max 4\u00b0C, a 2000 m min -2\u00b0C max 1\u00b0C. Su Dolomiti a 2000 m min -4\u00b0C max 1\u00b0C, a 3000 m min -7\u00b0C max -4\u00b0C.<br \/>\n<b>Venti: <\/b>Nelle valli deboli\/moderati di direzione variabile, con qualche rinforzo per brezze notturne; in quota deboli\/moderati da Nord-Ovest al mattino e da Ovest al pomeriggio, a 5-10 km\/h a 2000 m, a 15-20 km\/h a 3000 m.<\/p>\n<hr \/>\n<p><center><b>Mercoledi 8<\/b><\/center><b>Tempo atteso: <\/b>Tempo variabile al mattino, con qualche schiarita e molte nubi. Al pomeriggio graduale peggioramento, con intensificazione della nuvolosit\u00e0 e prime deboli precipitazioni sparse a patire dalle Prealpi occidentali, in estensione a tutta la montagna veneta entro il tardo pomeriggio\/sera. Clima notturno meno freddo, mentre sar\u00e0 ancora un po&#8217; fresco in giornata.<br \/>\n<b>Precipitazioni: <\/b>Al mattino assenti (0%); al pomeriggio prime deboli o debolissime precipitazioni (40\/60%), pi\u00f9 probabili e diffuse alla sera (60\/80%). Il limite neve sar\u00e0 sui 1700\/1900 m nel pomeriggio e 1600\/1800 m in tarda serata. Si prevedono mediamente 2-5 mm, localmente 5-10 mm con altrettanti cm di neve oltre i 2000 m.<br \/>\n<b>Temperature: <\/b>Minime in generale ripresa; massime senza notevoli variazioni o in leggera flessione per minore soleggiamento rispetto a marted\u00ec. Si prevedono punte di 15\/16\u00b0C nei fondovalle prealpini e di 10\/11\u00b0C a 1000\/1200 m. Su Prealpi a 1500 m min 0\u00b0C max 4\u00b0C, a 2000 m min -2\u00b0C max 1\u00b0C. Su Dolomiti a 2000 m min -2\u00b0C max 1\u00b0C, a 3000 m min -5\u00b0C max -4\u00b0C.<br \/>\n<b>Venti: <\/b>Nelle valli deboli\/moderati di direzione variabile; in quota moderati da Sud-Ovest al mattino, in rinforzo fino a tesi al pomeriggio, sempre da Sud-Ovest, a 10-25 km\/h a 2000 m, a 25-45 km\/h a 3000 m.<\/p>\n<hr \/>\n<p><center><b>Giovedi 9<\/b><\/center>Tempo perturbato tra la notte e il mattino,con cielo molto nuvoloso o coperto, associato a precipitazioni perlopi\u00f9 deboli, a tratti diffuse, nevose oltre i 1500\/1700 m al primo mattino, poi in rialzo. Al pomeriggio esaurimento dei fenomeni, attenuazione della nuvolosit\u00e0 e primi rasserenamenti. Temperature minime in leggera diminuzione e massime in rialzo. Venti in quota moderati\/tesi da Sud-Ovest tra la notte e il primo mattino, moderati da Nord-Ovest in giornata.<\/p>\n<hr \/>\n<p><center><b>Venerdi 10<\/b><\/center>Miglioramento del tempo con sole e cielo perlopi\u00f9 sereno al mattino e cumulificazione al pomeriggio, pi\u00f9 intensa sulle Prealpi. Non si potr\u00e0 escludere del tutto isolati piovaschi a fine pomeriggio. Clima un po&#8217; pi\u00f9 mite a tutte le quote, con livelli termici leggermente inferiori alla media del periodo. Venti deboli\/moderati dai quadranti occidentali in quota e brezze nelle valli. Previsore: R.L.Th. WEB A PLATONE. AL LOLLINO INTERVIENE IL PROF. PAOLO MORO<\/p>\n<p>Web, fake news e \u201cpost-verit\u00e0\u201d. La cultura classica e le frontiere del digitale<\/p>\n<p>Dal web a Platone. Il collegamento, ardito ma non impossibile, sar\u00e0 proposto gioved\u00ec 9 maggio alle ore 20.30 nell\u2019aula magna del Lollino, in via S. Pietro 19, dal prof. Paolo Moro, docente di metodologia e informatica giuridica all\u2019universit\u00e0 di Padova. Paolo Moro, che ha tradotto nel 2018 dal greco \u201cL\u2019apologia di Socrate\u201d in una versione molto attenta agli aspetti giuridici della condanna subita dal filosofo ateniese nel 399 a.C., sostiene che il tema della comunicazione, della postverit\u00e0, delle fake news ha ricche chiavi interpretative nei testi di chi fu di Socrate il discepolo principale: Platone. \u00c8 stata l\u2019associazione \u201cAmici del Lollino\u201d a invitare il prof. Moro, in occasione dell\u2019assemblea annuale dei soci. L\u2019incontro delle 20.30 \u00e8 aperto a tutti.<\/p>\n<p>&nbsp;<\/p>\n<p>&nbsp;<\/p>\n<p>&nbsp;<\/p>\n","protected":false},"excerpt":{"rendered":"<p>Lutto a Belluno per la morte di Mario Fabbri, il giudice del Vajont, aveva 30 anni quando inizi\u00f2 a studiare il caso della frana del monte Toc che caus\u00f2 la morte di quasi 2000 persone. E&#8217; spirato dopo una lunga malattia all\u2019ospedale di Belluno dove era ricoverato. In provincia di Belluno mancano 153 medici, ne&hellip;<\/p>\n","protected":false},"author":1,"featured_media":84731,"comment_status":"closed","ping_status":"closed","sticky":false,"template":"","format":"standard","meta":{"_monsterinsights_skip_tracking":false,"_monsterinsights_sitenote_active":false,"_monsterinsights_sitenote_note":"","_monsterinsights_sitenote_category":0,"footnotes":""},"categories":[1,86],"tags":[],"class_list":["post-84723","post","type-post","status-publish","format-standard","has-post-thumbnail","hentry","category-senza-categoria","category-gr","category-1","category-86","description-off"],"img_url":"https:\/\/www.radiopiu.net\/wordpress\/wp-content\/uploads\/2019\/05\/download-2.jpg","_links":{"self":[{"href":"https:\/\/www.radiopiu.net\/wordpress\/wp-json\/wp\/v2\/posts\/84723","targetHints":{"allow":["GET"]}}],"collection":[{"href":"https:\/\/www.radiopiu.net\/wordpress\/wp-json\/wp\/v2\/posts"}],"about":[{"href":"https:\/\/www.radiopiu.net\/wordpress\/wp-json\/wp\/v2\/types\/post"}],"author":[{"embeddable":true,"href":"https:\/\/www.radiopiu.net\/wordpress\/wp-json\/wp\/v2\/users\/1"}],"replies":[{"embeddable":true,"href":"https:\/\/www.radiopiu.net\/wordpress\/wp-json\/wp\/v2\/comments?post=84723"}],"version-history":[{"count":0,"href":"https:\/\/www.radiopiu.net\/wordpress\/wp-json\/wp\/v2\/posts\/84723\/revisions"}],"wp:featuredmedia":[{"embeddable":true,"href":"https:\/\/www.radiopiu.net\/wordpress\/wp-json\/wp\/v2\/media\/84731"}],"wp:attachment":[{"href":"https:\/\/www.radiopiu.net\/wordpress\/wp-json\/wp\/v2\/media?parent=84723"}],"wp:term":[{"taxonomy":"category","embeddable":true,"href":"https:\/\/www.radiopiu.net\/wordpress\/wp-json\/wp\/v2\/categories?post=84723"},{"taxonomy":"post_tag","embeddable":true,"href":"https:\/\/www.radiopiu.net\/wordpress\/wp-json\/wp\/v2\/tags?post=84723"}],"curies":[{"name":"wp","href":"https:\/\/api.w.org\/{rel}","templated":true}]}}