{"id":84808,"date":"2019-05-07T16:46:43","date_gmt":"2019-05-07T14:46:43","guid":{"rendered":"http:\/\/www.radiopiu.net\/wordpress\/?p=84808"},"modified":"2019-05-08T06:10:14","modified_gmt":"2019-05-08T04:10:14","slug":"due-interventi-sulla-neve","status":"publish","type":"post","link":"https:\/\/www.radiopiu.net\/wordpress\/due-interventi-sulla-neve\/","title":{"rendered":"DUE INTERVENTI SULLA NEVE"},"content":{"rendered":"<h2><\/h2>\n<p>Scialpinisti nei guai e soccorritori in allarme per ben due volte. Passato mezzogiorno l&#8217;elicottero del Suem di Pieve di Cadore \u00e8 decollato in direzione dello Spiz Mondeval, nel comune di San Vito di Cadore, dove una scialpinista che stava scendendo con altre 4 persone, messo male un piede, si \u00e8 procurata un probabile trauma alla caviglia. L&#8217;infortunata, D.D.L., 55 anni, di Trent \u00e8 stata accompagnata all&#8217;ospedale di Cortina. Alle 13.30 invece l&#8217;eliambulanza \u00e8 volata sotto le Tre Cime di Lavaredo, lungo la strada che porta al Rifugio Auronzo. Un escursionista tedesco, M.A., di 36 anni, che si trovava con un gruppo di amici, ha perso l&#8217;equilibrio infortunandosi a una caviglia. Caricato a bordo in hovering, l&#8217;uomo \u00e8 stato trasportato al Codivilla.<\/p>\n","protected":false},"excerpt":{"rendered":"<p>Scialpinisti nei guai e soccorritori in allarme per ben due volte. Passato mezzogiorno l&#8217;elicottero del Suem di Pieve di Cadore \u00e8 decollato in direzione dello Spiz Mondeval, nel comune di San Vito di Cadore, dove una scialpinista che stava scendendo con altre 4 persone, messo male un piede, si \u00e8 procurata un probabile trauma alla&hellip;<\/p>\n","protected":false},"author":1,"featured_media":74740,"comment_status":"closed","ping_status":"closed","sticky":false,"template":"","format":"standard","meta":{"_monsterinsights_skip_tracking":false,"_monsterinsights_sitenote_active":false,"_monsterinsights_sitenote_note":"","_monsterinsights_sitenote_category":0,"footnotes":""},"categories":[49],"tags":[],"class_list":["post-84808","post","type-post","status-publish","format-standard","has-post-thumbnail","hentry","category-news-18","category-49","description-off"],"img_url":"https:\/\/www.radiopiu.net\/wordpress\/wp-content\/uploads\/2019\/01\/IMG-20190104-WA0015.jpg","_links":{"self":[{"href":"https:\/\/www.radiopiu.net\/wordpress\/wp-json\/wp\/v2\/posts\/84808","targetHints":{"allow":["GET"]}}],"collection":[{"href":"https:\/\/www.radiopiu.net\/wordpress\/wp-json\/wp\/v2\/posts"}],"about":[{"href":"https:\/\/www.radiopiu.net\/wordpress\/wp-json\/wp\/v2\/types\/post"}],"author":[{"embeddable":true,"href":"https:\/\/www.radiopiu.net\/wordpress\/wp-json\/wp\/v2\/users\/1"}],"replies":[{"embeddable":true,"href":"https:\/\/www.radiopiu.net\/wordpress\/wp-json\/wp\/v2\/comments?post=84808"}],"version-history":[{"count":0,"href":"https:\/\/www.radiopiu.net\/wordpress\/wp-json\/wp\/v2\/posts\/84808\/revisions"}],"wp:featuredmedia":[{"embeddable":true,"href":"https:\/\/www.radiopiu.net\/wordpress\/wp-json\/wp\/v2\/media\/74740"}],"wp:attachment":[{"href":"https:\/\/www.radiopiu.net\/wordpress\/wp-json\/wp\/v2\/media?parent=84808"}],"wp:term":[{"taxonomy":"category","embeddable":true,"href":"https:\/\/www.radiopiu.net\/wordpress\/wp-json\/wp\/v2\/categories?post=84808"},{"taxonomy":"post_tag","embeddable":true,"href":"https:\/\/www.radiopiu.net\/wordpress\/wp-json\/wp\/v2\/tags?post=84808"}],"curies":[{"name":"wp","href":"https:\/\/api.w.org\/{rel}","templated":true}]}}